{"id":51536,"date":"2020-01-31T10:44:44","date_gmt":"2020-01-31T12:44:44","guid":{"rendered":"https:\/\/www.suno.com.br\/noticias\/?p=51536"},"modified":"2020-01-31T10:44:44","modified_gmt":"2020-01-31T12:44:44","slug":"dolar-coronavirus-brexit-desemprego-31012020","status":"publish","type":"post","link":"https:\/\/www.suno.com.br\/noticias\/dolar-coronavirus-brexit-desemprego-31012020\/","title":{"rendered":"D\u00f3lar abre est\u00e1vel de olho no coronav\u00edrus e no Brexit"},"content":{"rendered":"<p>O <strong><a href=\"https:\/\/www.suno.com.br\/artigos\/alta-do-dolar\/\">d\u00f3lar<\/a> <\/strong>abre em leve queda nesta sexta-feira (31) ap\u00f3s atingir sua m\u00e1xima hist\u00f3rica nominal na \u00faltima quinta-feira (30).<\/p>\t<div class=\"wrapper-featured-image\">\n\t\t<figure class=\"spotlightImg\">\n\n\t\t\t<picture>\n\t\t\t\t<source media=\"(max-width: 768px)\" srcset=\"https:\/\/files.sunoresearch.com.br\/n\/uploads\/2019\/03\/de905e16-d\u00f3lar-400x200.webp\">\n\t\t\t\t<img loading=\"lazy\" decoding=\"async\" class=\"newsContent__article__imgCapa lazyloadDisabled newsContent__article__imgCapa--noCaption\" src=\"https:\/\/files.sunoresearch.com.br\/n\/uploads\/2019\/03\/de905e16-d\u00f3lar-800x450.webp\" width=\"800\" height=\"450\" alt=\"D\u00f3lar abre est\u00e1vel de olho no coronav\u00edrus e no Brexit\" fetchpriority=high \/>\n\t\t\t<\/picture>\n\n\t\t\t<figcaption class=\"wp-caption-text wp-caption-text--hide\">O d\u00f3lar hoje teve um dia de forte volatilidade, respercutindo a vit\u00f3ria de Biden e as not\u00edcias sobre a vacina da Pfizer<\/figcaption>\n\t\t<\/figure>\n\t<\/div>\n\n\n\n<p>Por volta das 9h20, o d\u00f3lar variava negativamente a 0,005% sendo negociado a R$ 4,2569. Os investidores seguem atentos aos desdobramentos do <strong>v\u00edrus chin\u00eas<\/strong> que invadiu quase 20 pa\u00edses.<\/p>\n<p>Ademais, segue no radar dos mercados a conclus\u00e3o do <strong>Brexit<\/strong>. Ap\u00f3s mais de tr\u00eas anos de discuss\u00f5es, o Reino Unido sair\u00e1 definitivamente da UE nesta sexta-feira.<\/p>\n<h2>Coronav\u00edrus<\/h2>\n<p>A Organiza\u00e7\u00e3o Mundial da Sa\u00fade (OMS) declarou na \u00faltima quinta-feira (30) que o <strong>coronav\u00edrus<\/strong> como emerg\u00eancia internacional de sa\u00fade. A informa\u00e7\u00e3o foi divulgada durante uma coletiva de imprensa em Genebra, na Su\u00ed\u00e7a, na sede da entidade internacional.<\/p>\n\t<p>\n\t\t<a href=\"https:\/\/lp2.suno.com.br\/lm\/minicurso-construindo-um-portfolio-milionario?utm_campaign=_SNCEBB048DA_sc.mcpm26&#038;utm_source=suno.com.br&#038;utm_medium=banner.noticias\" target=\"_blank\" data-element=\"shortcode-suno-banner\" title=\"Banner SUNO, clique e saiba mais\">\n\t\t\t<picture>\n\t\t\t\t<source media=\"(max-width: 500px)\" srcset=\"https:\/\/files.sunoresearch.com.br\/n\/uploads\/2026\/01\/MB-PS-HOME-DE-ARTIGOS-400x300-ID_01_x1-jpg.webp\">\n\t\t\t\t<img class=\"newsContent__article__imgCapa newsContent__article__imgCapa--banner\"\n\t\t\t\t\tsrc=\"https:\/\/files.sunoresearch.com.br\/n\/uploads\/2026\/01\/DT-PS-HOME-DE-ARTIGOS-1420x240-ID_01_x1-jpg.webp\"\n\t\t\t\t\tdata-promo-id=\"638432\"\t\t\t\t\t\t\t\t\t\twidth='1420' height='240'\t\t\t\t\talt=\"https:\/\/files.sunoresearch.com.br\/n\/uploads\/2026\/01\/DT-PS-HOME-DE-ARTIGOS-1420x240-ID_01_x1-jpg.webp\"\n\t\t\t\t>\n\t\t\t<\/picture>\n\t\t<\/a>\n\t<\/p>\n\n\n<p>Durante a coletiva, a <strong>OMS<\/strong> tamb\u00e9m informou o nome oficial da epidemia de coronav\u00edrus: &#8220;Doen\u00e7a Respirat\u00f3ria de 2019-nCoV&#8221;. Atualmente h\u00e1 7.818 casos confirmados de infec\u00e7\u00e3o, dos quais 7.736 na China (99% do total), onde foram contabilizadas 170 mortes por causa da doen\u00e7a.<\/p>\n<p>Tedros Adhanom, diretor-geral da OMS, explicou que essa decis\u00e3o da entidade tem como objetivo evitar a expans\u00e3o da doen\u00e7a<strong>.<\/strong> Especialmente em pa\u00edses com menos condi\u00e7\u00f5es para conter o <strong>v\u00edrus<\/strong>.<\/p>\n<p>O governo da China informou que o n\u00famero de pessoas infectadas pelo coronav\u00edrus passou de 9.600, com 217 mortes.<\/p>\n<h2>Brexit<\/h2>\n<p>Ap\u00f3s mais de tr\u00eas anos do referendo do <strong>Brexit<\/strong>, realizado em junho de 2016, o Reino Unido sair\u00e1 oficialmente da <strong><a href=\"https:\/\/www.suno.com.br\/artigos\/uniao-europeia\/\">Uni\u00e3o Europeia (UE)<\/a><\/strong> \u00e0s 23 horas (20 horas de Bras\u00edlia) desta sexta-feira (31).<\/p>\n<p>No entanto, at\u00e9 dezembro deste ano ocorrer\u00e1 um per\u00edodo de transi\u00e7\u00e3o sobre detalhes que ainda est\u00e3o em discuss\u00e3o sobre o Brexit. A data prevista para o encerramento deste processo \u00e9 31 de dezembro de 2020.<\/p>\n<p><a href=\"https:\/\/www.suno.com.br\/noticias\/fmi-impacto-coronavirus-economia-china\/\">Confira: FMI: \u00e9 cedo para medir impacto do coronav\u00edrus na economia da China<\/a><\/p>\n<p>Um dos principais pontos ainda em discuss\u00e3o \u00e9 em rela\u00e7\u00e3o ao com\u00e9rcio. As rela\u00e7\u00f5es comerciais com a UE representaram 49% de todos os neg\u00f3cios do Reino Unido no ano passado.<\/p>\n<p>Em um documento oficial divulgado em setembro do ano passado, o governo brit\u00e2nico relatou poss\u00edveis cen\u00e1rios ap\u00f3s a conclus\u00e3o do Brexit. De acordo com as autoridades, uma sa\u00edda sem acordo poderia causar uma escassez de combust\u00edvel e medicamentos, longos congestionamentos em portos e alta dos pre\u00e7os dos alimentos.<\/p>\n<p>As bolsas europeias operam em leve queda nesta sexta-feira.<\/p>\n<h2>Desemprego<\/h2>\n<p>A Taxa de Desemprego no trimestre de outubro a dezembro do ano passado encerrou em 11%. O resultado mostra uma queda de 0,8 ponto percentual (p.p) em rela\u00e7\u00e3o ao terceiro trimestre de 2019 que estava em 11,6%. A informa\u00e7\u00e3o foi divulgada nesta quinta-feira (31) pelo Instituto Brasileiro de Geografia e Estat\u00edstica (IBGE).<\/p>\n<p><a href=\"https:\/\/www.suno.com.br\/noticias\/reforma-administrativa-enviada-2-semanas-guedes\/\">Saiba mais: Reforma administrativa ser\u00e1 enviada em at\u00e9 2 semanas, diz Guedes<\/a><\/p>\n<p>Na compara\u00e7\u00e3o com o mesmo per\u00edodo do ano anterior, a taxa do desemprego teve uma queda de 0,6 p.p. Por sua vez, a taxa m\u00e9dia anual teve recuou de 12,3 p.p no ano retrasado para 11,9% em 2019.<\/p>\n<p>A expectativa de especialistas, segundo a ag\u00eancia de not\u00edcias &#8220;Bloomberg&#8221;, estimavam que o desemprego atingisse 11%.<\/p>\n<h2>\u00daltima cota\u00e7\u00e3o do d\u00f3lar<\/h2>\n<p>Na \u00faltima sess\u00e3o, quinta-feira, o <strong>d\u00f3lar<\/strong> encerrou em alta de 0,946%, cotado em R$ 4,2589.<\/p>\n\n","protected":false},"excerpt":{"rendered":"<p>O d\u00f3lar abre em leve queda nesta sexta-feira (31) ap\u00f3s atingir sua m\u00e1xima hist\u00f3rica nominal na \u00faltima quinta-feira (30). O d\u00f3lar hoje teve um dia de forte volatilidade, respercutindo a vit\u00f3ria de Biden e as not\u00edcias sobre a vacina da Pfizer Por volta das 9h20, o d\u00f3lar variava negativamente a 0,005% sendo negociado a R$ [&hellip;]<\/p>\n","protected":false},"author":24,"featured_media":19509,"comment_status":"closed","ping_status":"closed","sticky":false,"template":"","format":"standard","meta":[],"categories":[60],"tags":[753,2487,1296,326],"suno_strategy":[],"class_list":["post-51536","post","type-post","status-publish","format-standard","has-post-thumbnail","hentry","category-mercado","tag-brexit","tag-coronavirus","tag-desemprego","tag-dolar"],"yoast_head":"<!-- This site is optimized with the Yoast SEO plugin v24.4 - https:\/\/yoast.com\/wordpress\/plugins\/seo\/ -->\n<title>D\u00f3lar abre est\u00e1vel de olho no coronav\u00edrus e no Brexit<\/title>\n<meta name=\"description\" content=\"O d\u00f3lar abre em leve queda nesta sexta-feira (31) ap\u00f3s atingir sua m\u00e1xima hist\u00f3rica nominal na \u00faltima quinta-feira (30). Saiba mais.\" \/>\n<meta name=\"robots\" content=\"index, follow, max-snippet:-1, max-image-preview:large, max-video-preview:-1\" \/>\n<link rel=\"canonical\" href=\"https:\/\/www.suno.com.br\/noticias\/dolar-coronavirus-brexit-desemprego-31012020\/\" \/>\n<meta property=\"og:locale\" content=\"pt_BR\" \/>\n<meta property=\"og:type\" content=\"article\" \/>\n<meta property=\"og:title\" content=\"D\u00f3lar abre est\u00e1vel de olho no coronav\u00edrus e no Brexit\" \/>\n<meta property=\"og:description\" content=\"O d\u00f3lar abre em leve queda nesta sexta-feira (31) ap\u00f3s atingir sua m\u00e1xima hist\u00f3rica nominal na \u00faltima quinta-feira (30). Saiba mais.\" \/>\n<meta property=\"og:url\" content=\"https:\/\/www.suno.com.br\/noticias\/dolar-coronavirus-brexit-desemprego-31012020\/\" \/>\n<meta property=\"og:site_name\" content=\"Suno Not\u00edcias\" \/>\n<meta property=\"article:publisher\" content=\"https:\/\/facebook.com\/sunoresearch\" \/>\n<meta property=\"og:image\" content=\"https:\/\/files.sunoresearch.com.br\/n\/uploads\/2019\/03\/de905e16-d\u00f3lar.jpg\" \/>\n\t<meta property=\"og:image:width\" content=\"960\" \/>\n\t<meta property=\"og:image:height\" content=\"617\" \/>\n\t<meta property=\"og:image:type\" content=\"image\/jpeg\" \/>\n<meta name=\"author\" content=\"Jader Lazarini\" \/>\n<meta name=\"twitter:card\" content=\"summary_large_image\" \/>\n<meta name=\"twitter:creator\" content=\"@sunoresearch\" \/>\n<meta name=\"twitter:site\" content=\"@sunoresearch\" \/>\n<meta name=\"twitter:label1\" content=\"Escrito por\" \/>\n\t<meta name=\"twitter:data1\" content=\"Jader Lazarini\" \/>\n\t<meta name=\"twitter:label2\" content=\"Est. tempo de leitura\" \/>\n\t<meta name=\"twitter:data2\" content=\"3 minutos\" \/>\n<script type=\"application\/ld+json\" class=\"yoast-schema-graph\">{\"@context\":\"https:\/\/schema.org\",\"@graph\":[{\"@type\":\"NewsArticle\",\"@id\":\"https:\/\/www.suno.com.br\/noticias\/dolar-coronavirus-brexit-desemprego-31012020\/#article\",\"isPartOf\":{\"@id\":\"https:\/\/www.suno.com.br\/noticias\/dolar-coronavirus-brexit-desemprego-31012020\/\"},\"author\":{\"name\":\"Jader Lazarini\",\"@id\":\"https:\/\/www.suno.com.br\/noticias\/#\/schema\/person\/918d79de1f0281f01599b93f9ea6e23f\"},\"headline\":\"D\u00f3lar abre est\u00e1vel de olho no coronav\u00edrus e no Brexit\",\"datePublished\":\"2020-01-31T12:44:44+00:00\",\"mainEntityOfPage\":{\"@id\":\"https:\/\/www.suno.com.br\/noticias\/dolar-coronavirus-brexit-desemprego-31012020\/\"},\"wordCount\":569,\"publisher\":{\"@id\":\"https:\/\/www.suno.com.br\/noticias\/#organization\"},\"image\":{\"@id\":\"https:\/\/www.suno.com.br\/noticias\/dolar-coronavirus-brexit-desemprego-31012020\/#primaryimage\"},\"thumbnailUrl\":\"https:\/\/files.sunoresearch.com.br\/n\/uploads\/2019\/03\/de905e16-d\u00f3lar-jpg.webp\",\"keywords\":[\"Brexit\",\"coronav\u00edrus\",\"Desemprego\",\"d\u00f3lar\"],\"articleSection\":[\"Mercado\"],\"inLanguage\":\"pt-BR\"},{\"@type\":\"WebPage\",\"@id\":\"https:\/\/www.suno.com.br\/noticias\/dolar-coronavirus-brexit-desemprego-31012020\/\",\"url\":\"https:\/\/www.suno.com.br\/noticias\/dolar-coronavirus-brexit-desemprego-31012020\/\",\"name\":\"D\u00f3lar abre est\u00e1vel de olho no coronav\u00edrus e no Brexit\",\"isPartOf\":{\"@id\":\"https:\/\/www.suno.com.br\/noticias\/#website\"},\"primaryImageOfPage\":{\"@id\":\"https:\/\/www.suno.com.br\/noticias\/dolar-coronavirus-brexit-desemprego-31012020\/#primaryimage\"},\"image\":{\"@id\":\"https:\/\/www.suno.com.br\/noticias\/dolar-coronavirus-brexit-desemprego-31012020\/#primaryimage\"},\"thumbnailUrl\":\"https:\/\/files.sunoresearch.com.br\/n\/uploads\/2019\/03\/de905e16-d\u00f3lar-jpg.webp\",\"datePublished\":\"2020-01-31T12:44:44+00:00\",\"description\":\"O d\u00f3lar abre em leve queda nesta sexta-feira (31) ap\u00f3s atingir sua m\u00e1xima hist\u00f3rica nominal na \u00faltima quinta-feira (30). Saiba mais.\",\"breadcrumb\":{\"@id\":\"https:\/\/www.suno.com.br\/noticias\/dolar-coronavirus-brexit-desemprego-31012020\/#breadcrumb\"},\"inLanguage\":\"pt-BR\",\"potentialAction\":[{\"@type\":\"ReadAction\",\"target\":[\"https:\/\/www.suno.com.br\/noticias\/dolar-coronavirus-brexit-desemprego-31012020\/\"]}]},{\"@type\":\"ImageObject\",\"inLanguage\":\"pt-BR\",\"@id\":\"https:\/\/www.suno.com.br\/noticias\/dolar-coronavirus-brexit-desemprego-31012020\/#primaryimage\",\"url\":\"https:\/\/files.sunoresearch.com.br\/n\/uploads\/2019\/03\/de905e16-d\u00f3lar-jpg.webp\",\"contentUrl\":\"https:\/\/files.sunoresearch.com.br\/n\/uploads\/2019\/03\/de905e16-d\u00f3lar-jpg.webp\",\"width\":960,\"height\":617,\"caption\":\"O d\u00f3lar hoje teve um dia de forte volatilidade, respercutindo a vit\u00f3ria de Biden e as not\u00edcias sobre a vacina da Pfizer\"},{\"@type\":\"BreadcrumbList\",\"@id\":\"https:\/\/www.suno.com.br\/noticias\/dolar-coronavirus-brexit-desemprego-31012020\/#breadcrumb\",\"itemListElement\":[{\"@type\":\"ListItem\",\"position\":1,\"name\":\"Not\u00edcias\",\"item\":\"https:\/\/www.suno.com.br\/noticias\/\"},{\"@type\":\"ListItem\",\"position\":2,\"name\":\"Mercado\",\"item\":\"https:\/\/www.suno.com.br\/noticias\/mercado\/\"},{\"@type\":\"ListItem\",\"position\":3,\"name\":\"D\u00f3lar abre est\u00e1vel de olho no coronav\u00edrus e no Brexit\"}]},{\"@type\":\"WebSite\",\"@id\":\"https:\/\/www.suno.com.br\/noticias\/#website\",\"url\":\"https:\/\/www.suno.com.br\/noticias\/\",\"name\":\"Suno Not\u00edcias\",\"description\":\"Seu portal de informa\u00e7\u00e3o sobre o mundo dos investimentos\",\"publisher\":{\"@id\":\"https:\/\/www.suno.com.br\/noticias\/#organization\"},\"potentialAction\":[{\"@type\":\"SearchAction\",\"target\":{\"@type\":\"EntryPoint\",\"urlTemplate\":\"https:\/\/www.suno.com.br\/noticias\/?s={search_term_string}\"},\"query-input\":{\"@type\":\"PropertyValueSpecification\",\"valueRequired\":true,\"valueName\":\"search_term_string\"}}],\"inLanguage\":\"pt-BR\"},{\"@type\":\"Organization\",\"@id\":\"https:\/\/www.suno.com.br\/noticias\/#organization\",\"name\":\"Suno Not\u00edcias\",\"url\":\"https:\/\/www.suno.com.br\/noticias\/\",\"logo\":{\"@type\":\"ImageObject\",\"inLanguage\":\"pt-BR\",\"@id\":\"https:\/\/www.suno.com.br\/noticias\/#\/schema\/logo\/image\/\",\"url\":\"https:\/\/files.sunoresearch.com.br\/n\/uploads\/2021\/09\/suno-logo.png\",\"contentUrl\":\"https:\/\/files.sunoresearch.com.br\/n\/uploads\/2021\/09\/suno-logo.png\",\"width\":180,\"height\":180,\"caption\":\"Suno Not\u00edcias\"},\"image\":{\"@id\":\"https:\/\/www.suno.com.br\/noticias\/#\/schema\/logo\/image\/\"},\"sameAs\":[\"https:\/\/facebook.com\/sunoresearch\",\"https:\/\/x.com\/sunoresearch\",\"https:\/\/www.instagram.com\/suno\",\"https:\/\/www.linkedin.com\/company\/suno-research\/\",\"https:\/\/www.youtube.com\/c\/sunoresearch\"]},{\"@type\":\"Person\",\"@id\":\"https:\/\/www.suno.com.br\/noticias\/#\/schema\/person\/918d79de1f0281f01599b93f9ea6e23f\",\"name\":\"Jader Lazarini\",\"image\":{\"@type\":\"ImageObject\",\"inLanguage\":\"pt-BR\",\"@id\":\"https:\/\/www.suno.com.br\/noticias\/#\/schema\/person\/image\/\",\"url\":\"https:\/\/secure.gravatar.com\/avatar\/3c1ad8caa51589841baeb923fcddea97?s=96&r=g\",\"contentUrl\":\"https:\/\/secure.gravatar.com\/avatar\/3c1ad8caa51589841baeb923fcddea97?s=96&r=g\",\"caption\":\"Jader Lazarini\"},\"description\":\"Jader Lazarini escreve sobre investimentos, finan\u00e7as, economia e neg\u00f3cios. \u00c9 bacharel em Rela\u00e7\u00f5es Internacionais e analista CNPI (2619).\",\"url\":\"https:\/\/www.suno.com.br\/noticias\/author\/jader-lazarini\/\"}]}<\/script>\n<!-- \/ Yoast SEO plugin. -->","yoast_head_json":{"title":"D\u00f3lar abre est\u00e1vel de olho no coronav\u00edrus e no Brexit","description":"O d\u00f3lar abre em leve queda nesta sexta-feira (31) ap\u00f3s atingir sua m\u00e1xima hist\u00f3rica nominal na \u00faltima quinta-feira (30). Saiba mais.","robots":{"index":"index","follow":"follow","max-snippet":"max-snippet:-1","max-image-preview":"max-image-preview:large","max-video-preview":"max-video-preview:-1"},"canonical":"https:\/\/www.suno.com.br\/noticias\/dolar-coronavirus-brexit-desemprego-31012020\/","og_locale":"pt_BR","og_type":"article","og_title":"D\u00f3lar abre est\u00e1vel de olho no coronav\u00edrus e no Brexit","og_description":"O d\u00f3lar abre em leve queda nesta sexta-feira (31) ap\u00f3s atingir sua m\u00e1xima hist\u00f3rica nominal na \u00faltima quinta-feira (30). Saiba mais.","og_url":"https:\/\/www.suno.com.br\/noticias\/dolar-coronavirus-brexit-desemprego-31012020\/","og_site_name":"Suno Not\u00edcias","article_publisher":"https:\/\/facebook.com\/sunoresearch","og_image":[{"width":960,"height":617,"url":"https:\/\/files.sunoresearch.com.br\/n\/uploads\/2019\/03\/de905e16-d\u00f3lar.jpg","type":"image\/jpeg"}],"author":"Jader Lazarini","twitter_card":"summary_large_image","twitter_creator":"@sunoresearch","twitter_site":"@sunoresearch","twitter_misc":{"Escrito por":"Jader Lazarini","Est. tempo de leitura":"3 minutos"},"schema":{"@context":"https:\/\/schema.org","@graph":[{"@type":"NewsArticle","@id":"https:\/\/www.suno.com.br\/noticias\/dolar-coronavirus-brexit-desemprego-31012020\/#article","isPartOf":{"@id":"https:\/\/www.suno.com.br\/noticias\/dolar-coronavirus-brexit-desemprego-31012020\/"},"author":{"name":"Jader Lazarini","@id":"https:\/\/www.suno.com.br\/noticias\/#\/schema\/person\/918d79de1f0281f01599b93f9ea6e23f"},"headline":"D\u00f3lar abre est\u00e1vel de olho no coronav\u00edrus e no Brexit","datePublished":"2020-01-31T12:44:44+00:00","mainEntityOfPage":{"@id":"https:\/\/www.suno.com.br\/noticias\/dolar-coronavirus-brexit-desemprego-31012020\/"},"wordCount":569,"publisher":{"@id":"https:\/\/www.suno.com.br\/noticias\/#organization"},"image":{"@id":"https:\/\/www.suno.com.br\/noticias\/dolar-coronavirus-brexit-desemprego-31012020\/#primaryimage"},"thumbnailUrl":"https:\/\/files.sunoresearch.com.br\/n\/uploads\/2019\/03\/de905e16-d\u00f3lar-jpg.webp","keywords":["Brexit","coronav\u00edrus","Desemprego","d\u00f3lar"],"articleSection":["Mercado"],"inLanguage":"pt-BR"},{"@type":"WebPage","@id":"https:\/\/www.suno.com.br\/noticias\/dolar-coronavirus-brexit-desemprego-31012020\/","url":"https:\/\/www.suno.com.br\/noticias\/dolar-coronavirus-brexit-desemprego-31012020\/","name":"D\u00f3lar abre est\u00e1vel de olho no coronav\u00edrus e no Brexit","isPartOf":{"@id":"https:\/\/www.suno.com.br\/noticias\/#website"},"primaryImageOfPage":{"@id":"https:\/\/www.suno.com.br\/noticias\/dolar-coronavirus-brexit-desemprego-31012020\/#primaryimage"},"image":{"@id":"https:\/\/www.suno.com.br\/noticias\/dolar-coronavirus-brexit-desemprego-31012020\/#primaryimage"},"thumbnailUrl":"https:\/\/files.sunoresearch.com.br\/n\/uploads\/2019\/03\/de905e16-d\u00f3lar-jpg.webp","datePublished":"2020-01-31T12:44:44+00:00","description":"O d\u00f3lar abre em leve queda nesta sexta-feira (31) ap\u00f3s atingir sua m\u00e1xima hist\u00f3rica nominal na \u00faltima quinta-feira (30). Saiba mais.","breadcrumb":{"@id":"https:\/\/www.suno.com.br\/noticias\/dolar-coronavirus-brexit-desemprego-31012020\/#breadcrumb"},"inLanguage":"pt-BR","potentialAction":[{"@type":"ReadAction","target":["https:\/\/www.suno.com.br\/noticias\/dolar-coronavirus-brexit-desemprego-31012020\/"]}]},{"@type":"ImageObject","inLanguage":"pt-BR","@id":"https:\/\/www.suno.com.br\/noticias\/dolar-coronavirus-brexit-desemprego-31012020\/#primaryimage","url":"https:\/\/files.sunoresearch.com.br\/n\/uploads\/2019\/03\/de905e16-d\u00f3lar-jpg.webp","contentUrl":"https:\/\/files.sunoresearch.com.br\/n\/uploads\/2019\/03\/de905e16-d\u00f3lar-jpg.webp","width":960,"height":617,"caption":"O d\u00f3lar hoje teve um dia de forte volatilidade, respercutindo a vit\u00f3ria de Biden e as not\u00edcias sobre a vacina da Pfizer"},{"@type":"BreadcrumbList","@id":"https:\/\/www.suno.com.br\/noticias\/dolar-coronavirus-brexit-desemprego-31012020\/#breadcrumb","itemListElement":[{"@type":"ListItem","position":1,"name":"Not\u00edcias","item":"https:\/\/www.suno.com.br\/noticias\/"},{"@type":"ListItem","position":2,"name":"Mercado","item":"https:\/\/www.suno.com.br\/noticias\/mercado\/"},{"@type":"ListItem","position":3,"name":"D\u00f3lar abre est\u00e1vel de olho no coronav\u00edrus e no Brexit"}]},{"@type":"WebSite","@id":"https:\/\/www.suno.com.br\/noticias\/#website","url":"https:\/\/www.suno.com.br\/noticias\/","name":"Suno Not\u00edcias","description":"Seu portal de informa\u00e7\u00e3o sobre o mundo dos investimentos","publisher":{"@id":"https:\/\/www.suno.com.br\/noticias\/#organization"},"potentialAction":[{"@type":"SearchAction","target":{"@type":"EntryPoint","urlTemplate":"https:\/\/www.suno.com.br\/noticias\/?s={search_term_string}"},"query-input":{"@type":"PropertyValueSpecification","valueRequired":true,"valueName":"search_term_string"}}],"inLanguage":"pt-BR"},{"@type":"Organization","@id":"https:\/\/www.suno.com.br\/noticias\/#organization","name":"Suno Not\u00edcias","url":"https:\/\/www.suno.com.br\/noticias\/","logo":{"@type":"ImageObject","inLanguage":"pt-BR","@id":"https:\/\/www.suno.com.br\/noticias\/#\/schema\/logo\/image\/","url":"https:\/\/files.sunoresearch.com.br\/n\/uploads\/2021\/09\/suno-logo.png","contentUrl":"https:\/\/files.sunoresearch.com.br\/n\/uploads\/2021\/09\/suno-logo.png","width":180,"height":180,"caption":"Suno Not\u00edcias"},"image":{"@id":"https:\/\/www.suno.com.br\/noticias\/#\/schema\/logo\/image\/"},"sameAs":["https:\/\/facebook.com\/sunoresearch","https:\/\/x.com\/sunoresearch","https:\/\/www.instagram.com\/suno","https:\/\/www.linkedin.com\/company\/suno-research\/","https:\/\/www.youtube.com\/c\/sunoresearch"]},{"@type":"Person","@id":"https:\/\/www.suno.com.br\/noticias\/#\/schema\/person\/918d79de1f0281f01599b93f9ea6e23f","name":"Jader Lazarini","image":{"@type":"ImageObject","inLanguage":"pt-BR","@id":"https:\/\/www.suno.com.br\/noticias\/#\/schema\/person\/image\/","url":"https:\/\/secure.gravatar.com\/avatar\/3c1ad8caa51589841baeb923fcddea97?s=96&r=g","contentUrl":"https:\/\/secure.gravatar.com\/avatar\/3c1ad8caa51589841baeb923fcddea97?s=96&r=g","caption":"Jader Lazarini"},"description":"Jader Lazarini escreve sobre investimentos, finan\u00e7as, economia e neg\u00f3cios. \u00c9 bacharel em Rela\u00e7\u00f5es Internacionais e analista CNPI (2619).","url":"https:\/\/www.suno.com.br\/noticias\/author\/jader-lazarini\/"}]}},"default_loop_html":"<div class=\"cardsPage__listCard__boxs\"><div class=\"cardsPage__listCard__boxs__img\"><a href=\"https:\/\/www.suno.com.br\/noticias\/dolar-coronavirus-brexit-desemprego-31012020\/\"><img class=\"mask\" src=\"https:\/\/www.suno.com.br\/noticias\/wp-content\/themes\/suno\/resources\/images\/spotlight\/spotlight1img\/bg-mask.png\" alt=\"Image Mask\"\/><img src=\"https:\/\/files.sunoresearch.com.br\/n\/uploads\/2019\/03\/de905e16-d\u00f3lar-400x200.webp\" alt=\"D\u00f3lar abre est\u00e1vel de olho no coronav\u00edrus e no Brexit\"\/><\/a><span class=\"spotlightCategory\"><a href=\"https:\/\/www.suno.com.br\/noticias\/mercado\/\">Mercado<\/a><\/span><\/div><div class=\"cardsPage__listCard__boxs__content\"><a href=\"https:\/\/www.suno.com.br\/noticias\/dolar-coronavirus-brexit-desemprego-31012020\/\"><h2 class=\"content__title\">D\u00f3lar abre est\u00e1vel de olho no coronav\u00edrus e no Brexit<\/h2><\/a><div class=\"newsContent__article__meta\"><div class=\"newsContent__article__meta__authorBox\"><a href=\"https:\/\/www.suno.com.br\/noticias\/author\/jader-lazarini\/\" class=\"authorBox__avatar noMobi\"><img src=\"https:\/\/files.sunoresearch.com.br\/n\/uploads\/2021\/01\/178e6598-foto-perfil-2-150x150.jpg\" alt=\"Jader Lazarini\"><\/a><div class=\"authorBox__name\"><span>por\n\t\t\t<a href=\"https:\/\/www.suno.com.br\/noticias\/author\/jader-lazarini\/\"><span itemprop=\"author\">Jader Lazarini<\/span><\/a><\/span><time datetime=\"2020-01-31T10:44:44-03:00\" itemprop=\"datePublished\">31\/01\/2020 10:44<\/time><\/div><\/div><\/div><\/div><\/div>","single_layout":"posts","amp_enabled":true,"_links":{"self":[{"href":"https:\/\/www.suno.com.br\/noticias\/wp-json\/wp\/v2\/posts\/51536"}],"collection":[{"href":"https:\/\/www.suno.com.br\/noticias\/wp-json\/wp\/v2\/posts"}],"about":[{"href":"https:\/\/www.suno.com.br\/noticias\/wp-json\/wp\/v2\/types\/post"}],"author":[{"embeddable":true,"href":"https:\/\/www.suno.com.br\/noticias\/wp-json\/wp\/v2\/users\/24"}],"replies":[{"embeddable":true,"href":"https:\/\/www.suno.com.br\/noticias\/wp-json\/wp\/v2\/comments?post=51536"}],"version-history":[{"count":0,"href":"https:\/\/www.suno.com.br\/noticias\/wp-json\/wp\/v2\/posts\/51536\/revisions"}],"wp:featuredmedia":[{"embeddable":true,"href":"https:\/\/www.suno.com.br\/noticias\/wp-json\/wp\/v2\/media\/19509"}],"wp:attachment":[{"href":"https:\/\/www.suno.com.br\/noticias\/wp-json\/wp\/v2\/media?parent=51536"}],"wp:term":[{"taxonomy":"category","embeddable":true,"href":"https:\/\/www.suno.com.br\/noticias\/wp-json\/wp\/v2\/categories?post=51536"},{"taxonomy":"post_tag","embeddable":true,"href":"https:\/\/www.suno.com.br\/noticias\/wp-json\/wp\/v2\/tags?post=51536"},{"taxonomy":"suno_strategy","embeddable":true,"href":"https:\/\/www.suno.com.br\/noticias\/wp-json\/wp\/v2\/suno_strategy?post=51536"}],"curies":[{"name":"wp","href":"https:\/\/api.w.org\/{rel}","templated":true}]}}