{"id":515302,"date":"2024-01-24T16:53:11","date_gmt":"2024-01-24T19:53:11","guid":{"rendered":"https:\/\/www.suno.com.br\/noticias\/?p=515302"},"modified":"2024-01-24T16:53:21","modified_gmt":"2024-01-24T19:53:21","slug":"weg-wege3-beneficiada-programa-industrial-lula-va","status":"publish","type":"post","link":"https:\/\/www.suno.com.br\/noticias\/weg-wege3-beneficiada-programa-industrial-lula-va\/","title":{"rendered":"Weg (WEGE3) deve ser principal beneficiada de programa industrial de Lula, diz XP"},"content":{"rendered":"<p>O governo lan\u00e7ou nesta semana um plano para a ind\u00fastria brasileira que prev\u00ea R$ 300 bilh\u00f5es em financiamentos e subs\u00eddios ao setor at\u00e9 2026. Para a XP Investimentos, a <strong>Weg <\/strong>(WEGE3) deve ser a grande beneficiada pelo programa.&nbsp;<\/p>\t<div class=\"wrapper-featured-image\">\n\t\t<figure class=\"spotlightImg\">\n\n\t\t\t<picture>\n\t\t\t\t<source media=\"(max-width: 768px)\" srcset=\"https:\/\/files.sunoresearch.com.br\/n\/uploads\/2022\/12\/Weg-wege3-400x200.jpg\">\n\t\t\t\t<img loading=\"lazy\" decoding=\"async\" class=\"newsContent__article__imgCapa lazyloadDisabled \" src=\"https:\/\/files.sunoresearch.com.br\/n\/uploads\/2022\/12\/Weg-wege3-800x450.jpg\" width=\"800\" height=\"450\" alt=\"Weg (WEGE3) deve ser principal beneficiada de programa industrial de Lula, diz XP\" fetchpriority=high \/>\n\t\t\t<\/picture>\n\n\t\t\t<figcaption class=\"wp-caption-text wp-caption-text--show\">Weg (WEGE3) - Foto: Divulga\u00e7\u00e3o\n<\/figcaption>\n\t\t<\/figure>\n\t<\/div>\n\n\n\n\n\n\t<p>\n\t\t<a href=\"https:\/\/lp.suno.com.br\/planilha-da-vida-financeira\/\" target=\"_blank\" data-element=\"shortcode-suno-banner\" title=\"Banner SUNO, clique e saiba mais\">\n\t\t\t<picture>\n\t\t\t\t<source media=\"(max-width: 500px)\" srcset=\"https:\/\/files.sunoresearch.com.br\/n\/uploads\/2023\/04\/400x300-Planilha-vida-financeira-true.png\">\n\t\t\t\t<img class=\"newsContent__article__imgCapa newsContent__article__imgCapa--banner\"\n\t\t\t\t\tsrc=\"https:\/\/files.sunoresearch.com.br\/n\/uploads\/2023\/04\/1420x240-Planilha-vida-financeira-true.png\"\n\t\t\t\t\tdata-promo-id=\"106682\"\t\t\t\t\t\t\t\t\t\twidth='1420' height='240'\t\t\t\t\talt=\"https:\/\/files.sunoresearch.com.br\/n\/uploads\/2023\/04\/1420x240-Planilha-vida-financeira-true.png\"\n\t\t\t\t>\n\t\t\t<\/picture>\n\t\t<\/a>\n\t<\/p>\n\n\n\n\n\n<p>\u201cVemos o <strong>plano do governo para a ind\u00fastria<\/strong> seguindo tend\u00eancias do setor, como digitaliza\u00e7\u00e3o, descarboniza\u00e7\u00e3o e mobilidade limpa, com objetivos espec\u00edficos de promover conte\u00fado nacional em cadeias produtivas, como \u00f4nibus el\u00e9tricos e energias renov\u00e1veis\u201d, diz a XP.\u00a0<\/p>\n\n\n\n<p>Com isso, os analistas afirmam que a <a class=\"suno-keyword\" target=\"_blank\" data-force=\"yes\" data-priority=\"2\" href=\"https:\/\/www.suno.com.br\/acoes\/WEGE3\/\" rel=\"noopener\">WEG (WEGE3)<\/a> deve ser a mais impactada, se beneficiando de v\u00e1rias iniciativas (\u00f4nibus el\u00e9tricos, automa\u00e7\u00e3o industrial, energia limpa).&nbsp;<\/p>\n\n\n\n<p>A XP destaca as metas do governo em aumentar em +25p.p. a participa\u00e7\u00e3o da <strong>ind\u00fastria brasileira<\/strong> na cadeia de \u00f4nibus el\u00e9tricos; o objetivo de transformar digitalmente 90% das empresas industriais brasileiras, bem como os recursos \u201cn\u00e3o reembols\u00e1veis\u201d para gera\u00e7\u00e3o de energia renov\u00e1vel.<\/p>\n\n\n\n<p>&#8220;Notamos implica\u00e7\u00f5es positivas (diretas ou indiretas) para as empresas da nossa coberturas. Para a Weg, vemos a empresa potencialmente se beneficiando de m\u00faltiplas iniciativas (\u00f4nibus el\u00e9tricos, automa\u00e7\u00e3o industrial, energia limpa)&#8221;, observa o relat\u00f3rio.<\/p>\n\n\n\n<p>Fora a Weg, a corretora ainda aponta que empresas de Autope\u00e7as como <a class=\"suno-keyword\" data-force=\"yes\" data-priority=\"2\" href=\"https:\/\/www.suno.com.br\/acoes\/POMO3\/\" target=\"_blank\" rel=\"noopener\">Marcopolo (POMO3)<\/a>, <a class=\"suno-keyword\" data-force=\"yes\" data-priority=\"2\" href=\"https:\/\/www.suno.com.br\/acoes\/RAPT4\/\" target=\"_blank\" rel=\"noopener\">Randon (RAPT4)<\/a> e <a class=\"suno-keyword\" data-force=\"yes\" data-priority=\"2\" href=\"https:\/\/www.suno.com.br\/acoes\/TUPY3\/\" target=\"_blank\" rel=\"noopener\">Tupy (TUPY3)<\/a> e <a class=\"suno-keyword\" data-force=\"yes\" data-priority=\"2\" href=\"https:\/\/www.suno.com.br\/acoes\/AERI3\/\" target=\"_blank\" rel=\"noopener\">Aeris (AERI3)<\/a> tamb\u00e9m devem ser favorecidas.<\/p>\n\n\n\n<h2 class=\"wp-block-heading\">Plano para a ind\u00fastria: R$ 300 bi acentuam receio com fiscal<\/h2>\n\n\n\n<p>O governo lan\u00e7ou nesta segunda-feira, 22, um plano para a&nbsp;<strong>ind\u00fastria<\/strong>&nbsp;brasileira, marcado pela defesa e incentivo, por parte da ala mais desenvolvimentista, do poder de indu\u00e7\u00e3o do Estado na economia \u2013 sobretudo em \u00e1reas estrat\u00e9gicas, como a agenda verde.<\/p>\n\n\n\n<p>Batizado de&nbsp;<strong>Nova Ind\u00fastria Brasil<\/strong>, o pacote reedita pol\u00edticas de antigas gest\u00f5es petistas ao prever R$ 300 bilh\u00f5es em financiamentos e subs\u00eddios ao setor at\u00e9 2026, al\u00e9m de uma pol\u00edtica de obras e compras p\u00fablicas com incentivo ao conte\u00fado local (exig\u00eancia de compra de fornecedores brasileiros).<\/p>\n\n\n\n<p>Economistas s\u00e3o cr\u00edticos ao formato do plano, e apontam para a volta da pol\u00edtica de est\u00edmulo \u00e0 industrializa\u00e7\u00e3o iniciado no segundo mandato do presidente Luiz In\u00e1cio Lula da Silva, que priorizou empresas de setores espec\u00edficos na chamada pol\u00edtica de \u201ccampe\u00e3s nacionais\u201d. O an\u00fancio teve tamb\u00e9m impacto no mercado, contribuindo para a&nbsp;<a href=\"https:\/\/www.suno.com.br\/noticias\/ibovespa-hoje-mglu3-vale3-itub4-queda-jvj\/\">queda de 0,81% do Ibovespa<\/a>, principal \u00edndice da Bolsa, e a alta&nbsp;<a href=\"https:\/\/www.suno.com.br\/noticias\/dolar-sobe-maior-valor-desde-outubro-politica-industrial\/\">de 1,23% do d\u00f3lar<\/a>&nbsp;(a R$ 4,98). Analistas falaram em risco de&nbsp;<strong>agravamento do quadro fiscal<\/strong>, no momento em que a meta da equipe econ\u00f4mica de fechar as contas deste ano com d\u00e9ficit zero j\u00e1 \u00e9 vista com desconfian\u00e7a.<\/p>\n\n\n\n<p>O&nbsp;<strong>presidente do BNDES<\/strong>, Aloizio Mercadante, rebateu as cr\u00edticas e defendeu a volta do investimento estatal, alegando que outros pa\u00edses tamb\u00e9m est\u00e3o nessa trilha, enquanto o ministro da Casa Civil, Rui Costa, citou uma \u201ccriminaliza\u00e7\u00e3o\u201d ao apoio do governo para o desenvolvimento industrial. \u201cQual na\u00e7\u00e3o desenvolvida n\u00e3o est\u00e1 fazendo isso hoje em dia?\u201d, questionou.<\/p>\n\n\n\n<p>Duas aus\u00eancias chamaram quase tanta aten\u00e7\u00e3o quanto as cifras bilion\u00e1rias:<strong>&nbsp;Fernando Haddad<\/strong>, da Fazenda, e Simone Tebet, do Planejamento. Os dois ministros, de perfil mais fiscalista, ficaram debru\u00e7ados sobre os n\u00fameros do Or\u00e7amento de 2024 \u2013 sancionado por Lula ontem, no \u00faltimo dia do prazo. Uma reuni\u00e3o com o ministra do Planejamento fez com que Lula e Costa chegassem quase uma hora atrasados ao evento. Ao fim, o presidente afirmou que eles tiveram \u201cuma discuss\u00e3o ruim sobre coisas boas\u201d. Lula afirmou que os R$ 300 bilh\u00f5es s\u00e3o um \u201calento\u201d para a ind\u00fastria \u201cdar um salto de qualidade\u201d. \u201cO nosso problema era dinheiro. Se dinheiro n\u00e3o \u00e9 problema, ent\u00e3o, n\u00f3s temos de resolver as coisas com muito mais facilidade\u201d, disse Lula, ao cobrar os ministros para que apresentem resultados.<\/p>\n\n\n\n<h2 class=\"wp-block-heading\">Como \u00e9 o plano que prev\u00ea R$ 300 bi em financiamento e subs\u00eddios \u00e0 ind\u00fastria<\/h2>\n\n\n\n<p>O&nbsp;<strong>governo do presidente Luiz In\u00e1cio Lula da Silva<\/strong>&nbsp;lan\u00e7ou nesta segunda-feira, 22, um plano de est\u00edmulo \u00e0&nbsp;<strong>ind\u00fastria brasileira<\/strong>, que enfrenta um quadro cr\u00f4nico de estagna\u00e7\u00e3o e perda de competitividade. Batizado de Nova Ind\u00fastria Brasil, o pacote reedita pol\u00edticas de antigas gest\u00f5es petistas ao prever R$ 300 bilh\u00f5es em financiamentos e subs\u00eddios ao setor, at\u00e9 2026, al\u00e9m de uma pol\u00edtica de obras e compras p\u00fablicas, com incentivo ao conte\u00fado local (exig\u00eancia de compra de fornecedores brasileiros).<\/p>\n\n\n\n<p>O Banco Nacional de&nbsp;<a target=\"_blank\" href=\"https:\/\/www.suno.com.br\/artigos\/desenvolvimento-economico\/\" rel=\"noreferrer noopener\">Desenvolvimento Econ\u00f4mico<\/a>&nbsp;e Social (<strong>BNDES<\/strong>) lidera a iniciativa, mobilizando R$ 250 bilh\u00f5es dos R$ 300 bilh\u00f5es previstos em cr\u00e9ditos ao setor produtivo. Desse total, R$ 77,5 bilh\u00f5es j\u00e1 foram aprovados em 2023, sendo R$ 67 bilh\u00f5es do banco de fomento e R$ 10,5 bilh\u00f5es da Financiadora de Estudos e Projetos (Finep), que administra o Fundo Nacional de Desenvolvimento Cient\u00edfico e Tecnol\u00f3gico (FNDCT).<\/p>\n\n\n\n<p>Uma das linhas j\u00e1 dispon\u00edveis \u00e9 o Programa Mais Inova\u00e7\u00e3o, que concede cr\u00e9dito cobrando a varia\u00e7\u00e3o da Taxa Referencial mais um adicional de 2%. Segundo o<strong>&nbsp;Pal\u00e1cio do Planalto<\/strong>, trata-se dos \u201cmenores juros j\u00e1 aplicados para financiamento \u00e0 inova\u00e7\u00e3o no Pa\u00eds\u201d. Outros R$ 20 bilh\u00f5es ser\u00e3o concedidos exclusivamente pelo Finep, por meio de recursos n\u00e3o-reembols\u00e1veis, ou seja, que n\u00e3o precisam ser devolvidos e que ser\u00e3o distribu\u00eddos via chamadas p\u00fablicas e editais.<\/p>\n\n\n\t<p>\n\t\t<a href=\"https:\/\/lp.suno.com.br\/ebook-como-analisar-uma-acao\/\" target=\"_blank\" data-element=\"shortcode-suno-banner\" title=\"Banner SUNO, clique e saiba mais\">\n\t\t\t<picture>\n\t\t\t\t<source media=\"(max-width: 500px)\" srcset=\"https:\/\/files.sunoresearch.com.br\/n\/uploads\/2023\/03\/Ebook-Acoes-Mobile.jpg\">\n\t\t\t\t<img class=\"newsContent__article__imgCapa newsContent__article__imgCapa--banner\"\n\t\t\t\t\tsrc=\"https:\/\/files.sunoresearch.com.br\/n\/uploads\/2023\/03\/Ebook-Acoes-Desktop.jpg\"\n\t\t\t\t\tdata-promo-id=\"378302\"\t\t\t\t\t\t\t\t\t\twidth='1420' height='286'\t\t\t\t\talt=\"https:\/\/files.sunoresearch.com.br\/n\/uploads\/2023\/03\/Ebook-Acoes-Desktop.jpg\"\n\t\t\t\t>\n\t\t\t<\/picture>\n\t\t<\/a>\n\t<\/p>\n\n\n\n\n\n<p>No evento,&nbsp;<strong>Lula<\/strong>&nbsp;afirmou que os R$ 300 bilh\u00f5es s\u00e3o um \u201calento\u201d para a ind\u00fastria \u201cdar um salto de qualidade\u201d. \u201c\u00c9 muito importante para o Brasil que a gente volte a ter uma pol\u00edtica industrial inovadora, totalmente digitalizada, como o mundo exige hoje, e que a gente possa superar de uma vez por todas esse problema de o Brasil nunca ser um pa\u00eds definitivamente grande e desenvolvido\u201d, afirmou o presidente.<\/p>\n\n\n\n<p>\u201cO nosso problema era dinheiro. Se dinheiro n\u00e3o \u00e9 problema, ent\u00e3o n\u00f3s temos que resolver as coisas com muito mais facilidade\u201d, disse Lula, ao cobrar os ministros para que apresentem resultados pelo novo programa. A fala do presidente chama a aten\u00e7\u00e3o num contexto de grande incerteza em rela\u00e7\u00e3o ao cumprimento da&nbsp;<strong>meta de d\u00e9ficit zero<\/strong>&nbsp;neste ano, com a equipe econ\u00f4mica debru\u00e7ada sobre o Or\u00e7amento, que precisa ser sancionado at\u00e9 esta segunda-feira, 22.<\/p>\n\n\n\n<p>\u201cMuitas vezes, para que o Brasil se torne competitivo, tem que financiar algumas das coisas que ele quer exportar. A gente n\u00e3o pode agir como a gente sempre agiu, achando que todo mundo \u00e9 obrigado a gostar do Brasil e que todo mundo vai comprar no Brasil sem que a gente cumpra com as nossas obriga\u00e7\u00f5es. O debate a n\u00edvel de mercado internacional \u00e9 muito competitivo, \u00e9 uma guerra\u201d, disse Lula.<\/p>\n\n\n\n<p>\u201cMuita gente fala em&nbsp;<a target=\"_blank\" href=\"https:\/\/www.suno.com.br\/artigos\/livre-mercado\/\" rel=\"noreferrer noopener\">livre mercado<\/a>&nbsp;quando \u00e9 para vender, mas, quando \u00e9 para comprar, protege o seu mercado como ningu\u00e9m\u201d, complementou o presidente.<\/p>\n\n\n\n<p>Economistas, por\u00e9m, s\u00e3o cr\u00edticos ao formato do novo plano e veem um \u201cvale a pena ver de novo\u201d. Em entrevista ao Estad\u00e3o, o economista-chefe da MB Associados, S\u00e9rgio Vale, afirmou que a pol\u00edtica \u00e9 uma \u201cvelha roupagem de coisas que a gente j\u00e1 conhece: uma velha pol\u00edtica industrial baseada em usar recursos\u201d p\u00fablicos.<\/p>\n\n\n\n<p>Vale se refere \u00e0 pol\u00edtica de est\u00edmulo \u00e0 industrializa\u00e7\u00e3o iniciado no segundo mandato de Lula, que elegeu empresas de setores espec\u00edficos na chamada pol\u00edtica de campe\u00e3s nacionais. Al\u00e9m disso, concedeu cr\u00e9dito subsidiado, via BNDES, para compra de m\u00e1quinas e caminh\u00f5es e exigiu conte\u00fado local nas contrata\u00e7\u00f5es feitas pela&nbsp;<a href=\"https:\/\/www.suno.com.br\/acoes\/PETR4\/\" target=\"_blank\" rel=\"noreferrer noopener\">Petrobras (PETR4)<\/a>.<\/p>\n\n\n\n\t<div data-element=\"shortcode-read-more\" class=\"readToo\">\n\t\t\t\t<span class=\"readToo__title\">Leia mais<\/span>\n\t\t\t\t<ul class=\"readToo__list\">\n\t\t\t<li><a href=\"https:\/\/www.suno.com.br\/noticias\/lula-isencao-imposto-de-renda-dificuldade-evm\/\">Lula reafirma promessa de isen\u00e7\u00e3o no Imposto de Renda, mas &#8216;reconhece dificuldade&#8217;<\/a><\/li><li><a href=\"https:\/\/www.suno.com.br\/noticias\/weg-wege3-analistas-veem-segmento-impulsionador-2024-va\/\">Weg (WEGE3): analistas veem valoriza\u00e7\u00e3o das a\u00e7\u00f5es, mas divergem sobre o lucro da empresa em 2024<\/a><\/li>\t\t<\/ul>\n\t<\/div>\n\n\n\n\n<h2 class=\"wp-block-heading\">Weg est\u00e1 sendo negociada com pr\u00eamio de 60% <\/h2>\n\n\n\n<p>Em novo relat\u00f3rio sobre a&nbsp;<a href=\"https:\/\/www.suno.com.br\/acoes\/WEGE3\/\" target=\"_blank\" rel=\"noreferrer noopener\"><strong>Weg<\/strong>&nbsp;(WEGE3)<\/a>, analistas do Ita\u00fa BBA destacaram que, no valuation atual, a companhia est\u00e1 sendo negociada em um patamar de pre\u00e7o substancialmente menor do que seus pares globais.<\/p>\n\n\n\n<p>Os especialistas destacam que desde meados de outubro de 2023, as&nbsp;<strong>a\u00e7\u00f5es da Weg<\/strong>&nbsp;s\u00f3 ficam \u00e0 frente da Nidec, ao passo que outros pares globais como ABB e Siemens possuem uma disparidade relevante.<\/p>\n\n\n\n<p>\u201cA queda das taxas no&nbsp;<a href=\"https:\/\/www.suno.com.br\/artigos\/mercado-externo\/\" target=\"_blank\" rel=\"noreferrer noopener\">mercado externo<\/a>&nbsp;desencadearam o desempenho positivo para Weg, ABB e Siemens a partir do final de outubro\u201d, diz o&nbsp;<a href=\"https:\/\/www.suno.com.br\/noticias\/itau-unibanco-itub4-divide-bba-financeiro-cpf\/\" target=\"_blank\" rel=\"noreferrer noopener\">BBA<\/a>.<\/p>\n\n\n\n<p>\u201cEnquanto isso, o consenso final de 2024 para a Weg n\u00e3o mudou no \u00faltimo m\u00eas (continua 11% acima da nossa estimativa), apesar dos sinais de desacelera\u00e7\u00e3o do crescimento futuro acompanhado de margens em queda, taxas de imposto mais elevadas e a consolida\u00e7\u00e3o da Regal Rexnord que ocorrer\u00e1 no 2T24\u201d, completa.<\/p>\n\n\n\n<p>Com isso, as a\u00e7\u00f5es&nbsp;<strong><a href=\"https:\/\/statusinvest.com.br\/acoes\/wege3?__hstc=189907700.fe3a2f0940087f898e0a67e1ea5ed120.1701081224661.1706117993856.1706120264219.220&amp;__hssc=189907700.2.1706120264219&amp;__hsfp=2131422129\" target=\"_blank\" rel=\"noreferrer noopener\">WEGE3<\/a><\/strong>&nbsp;negociam com um pr\u00eamio substancial de 60% em rela\u00e7\u00e3o aos pares globais e 50% em rela\u00e7\u00e3o aos \u201cnomes locais de alta qualidade\u201d, ressaltam os analistas.<\/p>\n\n\n\n\n\n<h2 class=\"wp-block-heading\">Desempenho anual das a\u00e7\u00f5es da WEG<\/h2>\n\n\n\n<div class=\"pluginQuotation\">\n  <p class=\"ticker\">\n    Cota\u00e7\u00e3o <span>WEGE3<\/span>\n  <\/p>\n  <div class=\"info\">\n    <div class=\"leftSide\">\n      Gr\u00e1fico gerado em: 24\/01\/2024    <\/div>\n\t\t\t\t\t<div class=\"rightSide\">\n\t\t\t\t\t<span class=\"period\">\n\t\t\t\t\t\t1 Ano\t\t\t\t\t<\/span>\n\t\t\t<\/div>\n\t\t  <\/div>\n\n  <div id=\"chart-6c11e9761c6fda5f49e4910e5d16071e\" data-block-hash=\"6c11e9761c6fda5f49e4910e5d16071e\"  class=\"chart\" style=\"width:100%;height:400px;\"><\/div>\n\n  <div class=\"pluginQuotation__footer\">\n    <div class=\"dataChart\">\n\n      <div class=\"dataChart__div1 variation\">\n        <div class=\"value-negative\">\n          -8,52 (-3,14%)        <\/div>\n        <div class=\"text\">\n          Varia\u00e7\u00e3o do per\u00edodo\n        <\/div>\n      <\/div>\n\n      <div class=\"dataChart__div2 minMax\">\n        <div class=\"value\">\n          R$\u00a031,42        <\/div>\n        <div class=\"text\">\n          M\u00ednima\n        <\/div>\n      <\/div>\n\n      <div class=\"dataChart__div3 minMax\">\n        <div class=\"value\">\n          R$\u00a041,50        <\/div>\n        <div class=\"text\">\n          M\u00e1xima\n        <\/div>\n      <\/div>\n\n\t\t\t<div class=\"dataChart__div4 rightSide\">\n\t\t\t\t<div class=\"analiticaSource\">\n\t\t\t\t\t<span>\n\t\t\t\t\t\tFonte:\n\t\t\t\t\t<\/span>\n\t\t\t\t\t<img decoding=\"async\" class=\"analiticaLogo\" src=\"https:\/\/www.suno.com.br\/noticias\/wp-content\/plugins\/suno-block-ticker-quotation\/src\/suno-analitica-logo.png\" alt=\"Logo Suno Anal\u00edtica\" \/>\n\t\t\t\t<\/div>\n\n\t\t\t\t<a href=\"https:\/\/www.suno.com.br\/analitica\/acoes\/WEGE3\" target=\"_blank\">\n\t\t\t\t\t<span>\n\t\t\t\t\t\tVer mais cota\u00e7\u00f5es\n\t\t\t\t\t<\/span>\n\t\t\t\t\t<svg xmlns=\"http:\/\/www.w3.org\/2000\/svg\" width=\"9\" height=\"8\" viewBox=\"0 0 9 8\" fill=\"none\">\n\t\t\t\t\t\t<path d=\"M4.20996 0L3.50496 0.705L6.29496 3.5H0.209961V4.5H6.29496L3.50496 7.295L4.20996 8L8.20996 4L4.20996 0Z\" fill=\"#D42126\" \/>\n\t\t\t\t\t<\/svg>\n\t\t\t\t<\/a>\n    <\/div>\n\n    <\/div>\n  <\/div>\n<\/div>\n\n\n<script type=\"text\/javascript\">\n  let chart_6c11e9761c6fda5f49e4910e5d16071e = document.getElementById('chart-6c11e9761c6fda5f49e4910e5d16071e');\n  let data_json_6c11e9761c6fda5f49e4910e5d16071e = \"[{\\\"date\\\":\\\"24\\\\\\\/01\\\\\\\/23 \\\",\\\"value\\\":36.85},{\\\"date\\\":\\\"25\\\\\\\/01\\\\\\\/23 \\\",\\\"value\\\":38.34},{\\\"date\\\":\\\"26\\\\\\\/01\\\\\\\/23 \\\",\\\"value\\\":37.83},{\\\"date\\\":\\\"27\\\\\\\/01\\\\\\\/23 \\\",\\\"value\\\":37.53},{\\\"date\\\":\\\"30\\\\\\\/01\\\\\\\/23 \\\",\\\"value\\\":36.99},{\\\"date\\\":\\\"31\\\\\\\/01\\\\\\\/23 \\\",\\\"value\\\":37.86},{\\\"date\\\":\\\"01\\\\\\\/02\\\\\\\/23 \\\",\\\"value\\\":38.01},{\\\"date\\\":\\\"02\\\\\\\/02\\\\\\\/23 \\\",\\\"value\\\":37.66},{\\\"date\\\":\\\"03\\\\\\\/02\\\\\\\/23 \\\",\\\"value\\\":37.53},{\\\"date\\\":\\\"06\\\\\\\/02\\\\\\\/23 \\\",\\\"value\\\":37.21},{\\\"date\\\":\\\"07\\\\\\\/02\\\\\\\/23 \\\",\\\"value\\\":37.31},{\\\"date\\\":\\\"08\\\\\\\/02\\\\\\\/23 \\\",\\\"value\\\":37.3},{\\\"date\\\":\\\"09\\\\\\\/02\\\\\\\/23 \\\",\\\"value\\\":37.6},{\\\"date\\\":\\\"10\\\\\\\/02\\\\\\\/23 \\\",\\\"value\\\":38.22},{\\\"date\\\":\\\"13\\\\\\\/02\\\\\\\/23 \\\",\\\"value\\\":38.2},{\\\"date\\\":\\\"14\\\\\\\/02\\\\\\\/23 \\\",\\\"value\\\":37.98},{\\\"date\\\":\\\"15\\\\\\\/02\\\\\\\/23 \\\",\\\"value\\\":38.5},{\\\"date\\\":\\\"16\\\\\\\/02\\\\\\\/23 \\\",\\\"value\\\":38.4},{\\\"date\\\":\\\"17\\\\\\\/02\\\\\\\/23 \\\",\\\"value\\\":38.94},{\\\"date\\\":\\\"22\\\\\\\/02\\\\\\\/23 \\\",\\\"value\\\":38.02},{\\\"date\\\":\\\"23\\\\\\\/02\\\\\\\/23 \\\",\\\"value\\\":38.86},{\\\"date\\\":\\\"24\\\\\\\/02\\\\\\\/23 \\\",\\\"value\\\":38.48},{\\\"date\\\":\\\"27\\\\\\\/02\\\\\\\/23 \\\",\\\"value\\\":38.42},{\\\"date\\\":\\\"28\\\\\\\/02\\\\\\\/23 \\\",\\\"value\\\":38.78},{\\\"date\\\":\\\"01\\\\\\\/03\\\\\\\/23 \\\",\\\"value\\\":38.99},{\\\"date\\\":\\\"02\\\\\\\/03\\\\\\\/23 \\\",\\\"value\\\":38.78},{\\\"date\\\":\\\"03\\\\\\\/03\\\\\\\/23 \\\",\\\"value\\\":38.46},{\\\"date\\\":\\\"06\\\\\\\/03\\\\\\\/23 \\\",\\\"value\\\":39.04},{\\\"date\\\":\\\"07\\\\\\\/03\\\\\\\/23 \\\",\\\"value\\\":39.2},{\\\"date\\\":\\\"08\\\\\\\/03\\\\\\\/23 \\\",\\\"value\\\":39.77},{\\\"date\\\":\\\"09\\\\\\\/03\\\\\\\/23 \\\",\\\"value\\\":39.47},{\\\"date\\\":\\\"10\\\\\\\/03\\\\\\\/23 \\\",\\\"value\\\":39.15},{\\\"date\\\":\\\"13\\\\\\\/03\\\\\\\/23 \\\",\\\"value\\\":39.4},{\\\"date\\\":\\\"14\\\\\\\/03\\\\\\\/23 \\\",\\\"value\\\":39.87},{\\\"date\\\":\\\"15\\\\\\\/03\\\\\\\/23 \\\",\\\"value\\\":39.68},{\\\"date\\\":\\\"16\\\\\\\/03\\\\\\\/23 \\\",\\\"value\\\":39.9},{\\\"date\\\":\\\"17\\\\\\\/03\\\\\\\/23 \\\",\\\"value\\\":39.48},{\\\"date\\\":\\\"20\\\\\\\/03\\\\\\\/23 \\\",\\\"value\\\":39.36},{\\\"date\\\":\\\"21\\\\\\\/03\\\\\\\/23 \\\",\\\"value\\\":39.62},{\\\"date\\\":\\\"22\\\\\\\/03\\\\\\\/23 \\\",\\\"value\\\":39.18},{\\\"date\\\":\\\"23\\\\\\\/03\\\\\\\/23 \\\",\\\"value\\\":39.55},{\\\"date\\\":\\\"24\\\\\\\/03\\\\\\\/23 \\\",\\\"value\\\":40.15},{\\\"date\\\":\\\"27\\\\\\\/03\\\\\\\/23 \\\",\\\"value\\\":40.83},{\\\"date\\\":\\\"28\\\\\\\/03\\\\\\\/23 \\\",\\\"value\\\":41.01},{\\\"date\\\":\\\"29\\\\\\\/03\\\\\\\/23 \\\",\\\"value\\\":41.37},{\\\"date\\\":\\\"30\\\\\\\/03\\\\\\\/23 \\\",\\\"value\\\":41.5},{\\\"date\\\":\\\"31\\\\\\\/03\\\\\\\/23 \\\",\\\"value\\\":40.19},{\\\"date\\\":\\\"03\\\\\\\/04\\\\\\\/23 \\\",\\\"value\\\":39.25},{\\\"date\\\":\\\"04\\\\\\\/04\\\\\\\/23 \\\",\\\"value\\\":39.29},{\\\"date\\\":\\\"05\\\\\\\/04\\\\\\\/23 \\\",\\\"value\\\":38.42},{\\\"date\\\":\\\"06\\\\\\\/04\\\\\\\/23 \\\",\\\"value\\\":38.28},{\\\"date\\\":\\\"10\\\\\\\/04\\\\\\\/23 \\\",\\\"value\\\":38.06},{\\\"date\\\":\\\"11\\\\\\\/04\\\\\\\/23 \\\",\\\"value\\\":38.76},{\\\"date\\\":\\\"12\\\\\\\/04\\\\\\\/23 \\\",\\\"value\\\":39.4},{\\\"date\\\":\\\"13\\\\\\\/04\\\\\\\/23 \\\",\\\"value\\\":39.03},{\\\"date\\\":\\\"14\\\\\\\/04\\\\\\\/23 \\\",\\\"value\\\":38.43},{\\\"date\\\":\\\"17\\\\\\\/04\\\\\\\/23 \\\",\\\"value\\\":39.14},{\\\"date\\\":\\\"18\\\\\\\/04\\\\\\\/23 \\\",\\\"value\\\":38.94},{\\\"date\\\":\\\"19\\\\\\\/04\\\\\\\/23 \\\",\\\"value\\\":38.78},{\\\"date\\\":\\\"20\\\\\\\/04\\\\\\\/23 \\\",\\\"value\\\":39.9},{\\\"date\\\":\\\"24\\\\\\\/04\\\\\\\/23 \\\",\\\"value\\\":39.99},{\\\"date\\\":\\\"25\\\\\\\/04\\\\\\\/23 \\\",\\\"value\\\":40.18},{\\\"date\\\":\\\"26\\\\\\\/04\\\\\\\/23 \\\",\\\"value\\\":39.77},{\\\"date\\\":\\\"27\\\\\\\/04\\\\\\\/23 \\\",\\\"value\\\":39.99},{\\\"date\\\":\\\"28\\\\\\\/04\\\\\\\/23 \\\",\\\"value\\\":40.76},{\\\"date\\\":\\\"02\\\\\\\/05\\\\\\\/23 \\\",\\\"value\\\":40.46},{\\\"date\\\":\\\"03\\\\\\\/05\\\\\\\/23 \\\",\\\"value\\\":39.56},{\\\"date\\\":\\\"04\\\\\\\/05\\\\\\\/23 \\\",\\\"value\\\":38.96},{\\\"date\\\":\\\"05\\\\\\\/05\\\\\\\/23 \\\",\\\"value\\\":38.89},{\\\"date\\\":\\\"08\\\\\\\/05\\\\\\\/23 \\\",\\\"value\\\":38.87},{\\\"date\\\":\\\"09\\\\\\\/05\\\\\\\/23 \\\",\\\"value\\\":39.52},{\\\"date\\\":\\\"10\\\\\\\/05\\\\\\\/23 \\\",\\\"value\\\":39.01},{\\\"date\\\":\\\"11\\\\\\\/05\\\\\\\/23 \\\",\\\"value\\\":38.98},{\\\"date\\\":\\\"12\\\\\\\/05\\\\\\\/23 \\\",\\\"value\\\":38.58},{\\\"date\\\":\\\"15\\\\\\\/05\\\\\\\/23 \\\",\\\"value\\\":39.3},{\\\"date\\\":\\\"16\\\\\\\/05\\\\\\\/23 \\\",\\\"value\\\":39.36},{\\\"date\\\":\\\"17\\\\\\\/05\\\\\\\/23 \\\",\\\"value\\\":39.12},{\\\"date\\\":\\\"18\\\\\\\/05\\\\\\\/23 \\\",\\\"value\\\":38.96},{\\\"date\\\":\\\"19\\\\\\\/05\\\\\\\/23 \\\",\\\"value\\\":39.79},{\\\"date\\\":\\\"22\\\\\\\/05\\\\\\\/23 \\\",\\\"value\\\":40},{\\\"date\\\":\\\"23\\\\\\\/05\\\\\\\/23 \\\",\\\"value\\\":39.88},{\\\"date\\\":\\\"24\\\\\\\/05\\\\\\\/23 \\\",\\\"value\\\":39.48},{\\\"date\\\":\\\"25\\\\\\\/05\\\\\\\/23 \\\",\\\"value\\\":38.71},{\\\"date\\\":\\\"26\\\\\\\/05\\\\\\\/23 \\\",\\\"value\\\":39.17},{\\\"date\\\":\\\"29\\\\\\\/05\\\\\\\/23 \\\",\\\"value\\\":38.55},{\\\"date\\\":\\\"30\\\\\\\/05\\\\\\\/23 \\\",\\\"value\\\":38.01},{\\\"date\\\":\\\"31\\\\\\\/05\\\\\\\/23 \\\",\\\"value\\\":37.3},{\\\"date\\\":\\\"01\\\\\\\/06\\\\\\\/23 \\\",\\\"value\\\":36.88},{\\\"date\\\":\\\"02\\\\\\\/06\\\\\\\/23 \\\",\\\"value\\\":37.35},{\\\"date\\\":\\\"05\\\\\\\/06\\\\\\\/23 \\\",\\\"value\\\":37.32},{\\\"date\\\":\\\"06\\\\\\\/06\\\\\\\/23 \\\",\\\"value\\\":37.87},{\\\"date\\\":\\\"07\\\\\\\/06\\\\\\\/23 \\\",\\\"value\\\":37.82},{\\\"date\\\":\\\"09\\\\\\\/06\\\\\\\/23 \\\",\\\"value\\\":37.47},{\\\"date\\\":\\\"12\\\\\\\/06\\\\\\\/23 \\\",\\\"value\\\":37.42},{\\\"date\\\":\\\"13\\\\\\\/06\\\\\\\/23 \\\",\\\"value\\\":37.04},{\\\"date\\\":\\\"14\\\\\\\/06\\\\\\\/23 \\\",\\\"value\\\":37.54},{\\\"date\\\":\\\"15\\\\\\\/06\\\\\\\/23 \\\",\\\"value\\\":37.51},{\\\"date\\\":\\\"16\\\\\\\/06\\\\\\\/23 \\\",\\\"value\\\":37.52},{\\\"date\\\":\\\"19\\\\\\\/06\\\\\\\/23 \\\",\\\"value\\\":37.35},{\\\"date\\\":\\\"20\\\\\\\/06\\\\\\\/23 \\\",\\\"value\\\":36.64},{\\\"date\\\":\\\"21\\\\\\\/06\\\\\\\/23 \\\",\\\"value\\\":36.14},{\\\"date\\\":\\\"22\\\\\\\/06\\\\\\\/23 \\\",\\\"value\\\":36.09},{\\\"date\\\":\\\"23\\\\\\\/06\\\\\\\/23 \\\",\\\"value\\\":36.29},{\\\"date\\\":\\\"26\\\\\\\/06\\\\\\\/23 \\\",\\\"value\\\":36.14},{\\\"date\\\":\\\"27\\\\\\\/06\\\\\\\/23 \\\",\\\"value\\\":36.24},{\\\"date\\\":\\\"28\\\\\\\/06\\\\\\\/23 \\\",\\\"value\\\":36.32},{\\\"date\\\":\\\"29\\\\\\\/06\\\\\\\/23 \\\",\\\"value\\\":36.58},{\\\"date\\\":\\\"30\\\\\\\/06\\\\\\\/23 \\\",\\\"value\\\":37.47},{\\\"date\\\":\\\"03\\\\\\\/07\\\\\\\/23 \\\",\\\"value\\\":37.41},{\\\"date\\\":\\\"04\\\\\\\/07\\\\\\\/23 \\\",\\\"value\\\":36.93},{\\\"date\\\":\\\"05\\\\\\\/07\\\\\\\/23 \\\",\\\"value\\\":37.24},{\\\"date\\\":\\\"06\\\\\\\/07\\\\\\\/23 \\\",\\\"value\\\":36.63},{\\\"date\\\":\\\"07\\\\\\\/07\\\\\\\/23 \\\",\\\"value\\\":36.74},{\\\"date\\\":\\\"10\\\\\\\/07\\\\\\\/23 \\\",\\\"value\\\":36.03},{\\\"date\\\":\\\"11\\\\\\\/07\\\\\\\/23 \\\",\\\"value\\\":35.69},{\\\"date\\\":\\\"12\\\\\\\/07\\\\\\\/23 \\\",\\\"value\\\":35.8},{\\\"date\\\":\\\"13\\\\\\\/07\\\\\\\/23 \\\",\\\"value\\\":35.8},{\\\"date\\\":\\\"14\\\\\\\/07\\\\\\\/23 \\\",\\\"value\\\":35.74},{\\\"date\\\":\\\"17\\\\\\\/07\\\\\\\/23 \\\",\\\"value\\\":35.04},{\\\"date\\\":\\\"18\\\\\\\/07\\\\\\\/23 \\\",\\\"value\\\":35.68},{\\\"date\\\":\\\"19\\\\\\\/07\\\\\\\/23 \\\",\\\"value\\\":37.63},{\\\"date\\\":\\\"20\\\\\\\/07\\\\\\\/23 \\\",\\\"value\\\":37.88},{\\\"date\\\":\\\"21\\\\\\\/07\\\\\\\/23 \\\",\\\"value\\\":38.61},{\\\"date\\\":\\\"24\\\\\\\/07\\\\\\\/23 \\\",\\\"value\\\":41.4},{\\\"date\\\":\\\"25\\\\\\\/07\\\\\\\/23 \\\",\\\"value\\\":40.36},{\\\"date\\\":\\\"26\\\\\\\/07\\\\\\\/23 \\\",\\\"value\\\":40.34},{\\\"date\\\":\\\"27\\\\\\\/07\\\\\\\/23 \\\",\\\"value\\\":40.21},{\\\"date\\\":\\\"28\\\\\\\/07\\\\\\\/23 \\\",\\\"value\\\":40.18},{\\\"date\\\":\\\"31\\\\\\\/07\\\\\\\/23 \\\",\\\"value\\\":39.78},{\\\"date\\\":\\\"01\\\\\\\/08\\\\\\\/23 \\\",\\\"value\\\":39.72},{\\\"date\\\":\\\"02\\\\\\\/08\\\\\\\/23 \\\",\\\"value\\\":39.89},{\\\"date\\\":\\\"03\\\\\\\/08\\\\\\\/23 \\\",\\\"value\\\":40.29},{\\\"date\\\":\\\"04\\\\\\\/08\\\\\\\/23 \\\",\\\"value\\\":40.71},{\\\"date\\\":\\\"07\\\\\\\/08\\\\\\\/23 \\\",\\\"value\\\":40.79},{\\\"date\\\":\\\"08\\\\\\\/08\\\\\\\/23 \\\",\\\"value\\\":40.52},{\\\"date\\\":\\\"09\\\\\\\/08\\\\\\\/23 \\\",\\\"value\\\":40.64},{\\\"date\\\":\\\"10\\\\\\\/08\\\\\\\/23 \\\",\\\"value\\\":40.1},{\\\"date\\\":\\\"11\\\\\\\/08\\\\\\\/23 \\\",\\\"value\\\":39.66},{\\\"date\\\":\\\"14\\\\\\\/08\\\\\\\/23 \\\",\\\"value\\\":39.17},{\\\"date\\\":\\\"15\\\\\\\/08\\\\\\\/23 \\\",\\\"value\\\":39.21},{\\\"date\\\":\\\"16\\\\\\\/08\\\\\\\/23 \\\",\\\"value\\\":37.48},{\\\"date\\\":\\\"17\\\\\\\/08\\\\\\\/23 \\\",\\\"value\\\":36.79},{\\\"date\\\":\\\"18\\\\\\\/08\\\\\\\/23 \\\",\\\"value\\\":36.14},{\\\"date\\\":\\\"21\\\\\\\/08\\\\\\\/23 \\\",\\\"value\\\":35.92},{\\\"date\\\":\\\"22\\\\\\\/08\\\\\\\/23 \\\",\\\"value\\\":36.35},{\\\"date\\\":\\\"23\\\\\\\/08\\\\\\\/23 \\\",\\\"value\\\":36.33},{\\\"date\\\":\\\"24\\\\\\\/08\\\\\\\/23 \\\",\\\"value\\\":35.86},{\\\"date\\\":\\\"25\\\\\\\/08\\\\\\\/23 \\\",\\\"value\\\":36.24},{\\\"date\\\":\\\"28\\\\\\\/08\\\\\\\/23 \\\",\\\"value\\\":36.5},{\\\"date\\\":\\\"29\\\\\\\/08\\\\\\\/23 \\\",\\\"value\\\":36.37},{\\\"date\\\":\\\"30\\\\\\\/08\\\\\\\/23 \\\",\\\"value\\\":36.18},{\\\"date\\\":\\\"31\\\\\\\/08\\\\\\\/23 \\\",\\\"value\\\":35.76},{\\\"date\\\":\\\"01\\\\\\\/09\\\\\\\/23 \\\",\\\"value\\\":35.83},{\\\"date\\\":\\\"04\\\\\\\/09\\\\\\\/23 \\\",\\\"value\\\":36.01},{\\\"date\\\":\\\"05\\\\\\\/09\\\\\\\/23 \\\",\\\"value\\\":35.79},{\\\"date\\\":\\\"06\\\\\\\/09\\\\\\\/23 \\\",\\\"value\\\":35.43},{\\\"date\\\":\\\"08\\\\\\\/09\\\\\\\/23 \\\",\\\"value\\\":35.28},{\\\"date\\\":\\\"11\\\\\\\/09\\\\\\\/23 \\\",\\\"value\\\":35.16},{\\\"date\\\":\\\"12\\\\\\\/09\\\\\\\/23 \\\",\\\"value\\\":35.53},{\\\"date\\\":\\\"13\\\\\\\/09\\\\\\\/23 \\\",\\\"value\\\":36.81},{\\\"date\\\":\\\"14\\\\\\\/09\\\\\\\/23 \\\",\\\"value\\\":35.96},{\\\"date\\\":\\\"15\\\\\\\/09\\\\\\\/23 \\\",\\\"value\\\":35.98},{\\\"date\\\":\\\"18\\\\\\\/09\\\\\\\/23 \\\",\\\"value\\\":35.67},{\\\"date\\\":\\\"19\\\\\\\/09\\\\\\\/23 \\\",\\\"value\\\":35.86},{\\\"date\\\":\\\"20\\\\\\\/09\\\\\\\/23 \\\",\\\"value\\\":35.67},{\\\"date\\\":\\\"21\\\\\\\/09\\\\\\\/23 \\\",\\\"value\\\":34.86},{\\\"date\\\":\\\"22\\\\\\\/09\\\\\\\/23 \\\",\\\"value\\\":34.47},{\\\"date\\\":\\\"25\\\\\\\/09\\\\\\\/23 \\\",\\\"value\\\":36.07},{\\\"date\\\":\\\"26\\\\\\\/09\\\\\\\/23 \\\",\\\"value\\\":36.02},{\\\"date\\\":\\\"27\\\\\\\/09\\\\\\\/23 \\\",\\\"value\\\":35.96},{\\\"date\\\":\\\"28\\\\\\\/09\\\\\\\/23 \\\",\\\"value\\\":36.33},{\\\"date\\\":\\\"29\\\\\\\/09\\\\\\\/23 \\\",\\\"value\\\":36.21},{\\\"date\\\":\\\"02\\\\\\\/10\\\\\\\/23 \\\",\\\"value\\\":36.09},{\\\"date\\\":\\\"03\\\\\\\/10\\\\\\\/23 \\\",\\\"value\\\":35.11},{\\\"date\\\":\\\"04\\\\\\\/10\\\\\\\/23 \\\",\\\"value\\\":35.1},{\\\"date\\\":\\\"05\\\\\\\/10\\\\\\\/23 \\\",\\\"value\\\":34.92},{\\\"date\\\":\\\"06\\\\\\\/10\\\\\\\/23 \\\",\\\"value\\\":34.74},{\\\"date\\\":\\\"09\\\\\\\/10\\\\\\\/23 \\\",\\\"value\\\":34.79},{\\\"date\\\":\\\"10\\\\\\\/10\\\\\\\/23 \\\",\\\"value\\\":35.24},{\\\"date\\\":\\\"11\\\\\\\/10\\\\\\\/23 \\\",\\\"value\\\":35.11},{\\\"date\\\":\\\"13\\\\\\\/10\\\\\\\/23 \\\",\\\"value\\\":34.48},{\\\"date\\\":\\\"16\\\\\\\/10\\\\\\\/23 \\\",\\\"value\\\":34.59},{\\\"date\\\":\\\"17\\\\\\\/10\\\\\\\/23 \\\",\\\"value\\\":34.22},{\\\"date\\\":\\\"18\\\\\\\/10\\\\\\\/23 \\\",\\\"value\\\":34.23},{\\\"date\\\":\\\"19\\\\\\\/10\\\\\\\/23 \\\",\\\"value\\\":33.88},{\\\"date\\\":\\\"20\\\\\\\/10\\\\\\\/23 \\\",\\\"value\\\":33.75},{\\\"date\\\":\\\"23\\\\\\\/10\\\\\\\/23 \\\",\\\"value\\\":33.84},{\\\"date\\\":\\\"24\\\\\\\/10\\\\\\\/23 \\\",\\\"value\\\":34.95},{\\\"date\\\":\\\"25\\\\\\\/10\\\\\\\/23 \\\",\\\"value\\\":31.42},{\\\"date\\\":\\\"26\\\\\\\/10\\\\\\\/23 \\\",\\\"value\\\":32.61},{\\\"date\\\":\\\"27\\\\\\\/10\\\\\\\/23 \\\",\\\"value\\\":31.58},{\\\"date\\\":\\\"30\\\\\\\/10\\\\\\\/23 \\\",\\\"value\\\":32.25},{\\\"date\\\":\\\"31\\\\\\\/10\\\\\\\/23 \\\",\\\"value\\\":32.96},{\\\"date\\\":\\\"01\\\\\\\/11\\\\\\\/23 \\\",\\\"value\\\":33.02},{\\\"date\\\":\\\"03\\\\\\\/11\\\\\\\/23 \\\",\\\"value\\\":33.47},{\\\"date\\\":\\\"06\\\\\\\/11\\\\\\\/23 \\\",\\\"value\\\":33.03},{\\\"date\\\":\\\"07\\\\\\\/11\\\\\\\/23 \\\",\\\"value\\\":32.7},{\\\"date\\\":\\\"08\\\\\\\/11\\\\\\\/23 \\\",\\\"value\\\":32.4},{\\\"date\\\":\\\"09\\\\\\\/11\\\\\\\/23 \\\",\\\"value\\\":32.36},{\\\"date\\\":\\\"10\\\\\\\/11\\\\\\\/23 \\\",\\\"value\\\":33.11},{\\\"date\\\":\\\"13\\\\\\\/11\\\\\\\/23 \\\",\\\"value\\\":32.67},{\\\"date\\\":\\\"14\\\\\\\/11\\\\\\\/23 \\\",\\\"value\\\":33.4},{\\\"date\\\":\\\"16\\\\\\\/11\\\\\\\/23 \\\",\\\"value\\\":33.42},{\\\"date\\\":\\\"17\\\\\\\/11\\\\\\\/23 \\\",\\\"value\\\":33.2},{\\\"date\\\":\\\"20\\\\\\\/11\\\\\\\/23 \\\",\\\"value\\\":33.42},{\\\"date\\\":\\\"21\\\\\\\/11\\\\\\\/23 \\\",\\\"value\\\":33.6},{\\\"date\\\":\\\"22\\\\\\\/11\\\\\\\/23 \\\",\\\"value\\\":34.04},{\\\"date\\\":\\\"23\\\\\\\/11\\\\\\\/23 \\\",\\\"value\\\":34},{\\\"date\\\":\\\"24\\\\\\\/11\\\\\\\/23 \\\",\\\"value\\\":33.66},{\\\"date\\\":\\\"27\\\\\\\/11\\\\\\\/23 \\\",\\\"value\\\":34.08},{\\\"date\\\":\\\"28\\\\\\\/11\\\\\\\/23 \\\",\\\"value\\\":34.31},{\\\"date\\\":\\\"29\\\\\\\/11\\\\\\\/23 \\\",\\\"value\\\":34.07},{\\\"date\\\":\\\"30\\\\\\\/11\\\\\\\/23 \\\",\\\"value\\\":34.13},{\\\"date\\\":\\\"01\\\\\\\/12\\\\\\\/23 \\\",\\\"value\\\":34.72},{\\\"date\\\":\\\"04\\\\\\\/12\\\\\\\/23 \\\",\\\"value\\\":34.7},{\\\"date\\\":\\\"05\\\\\\\/12\\\\\\\/23 \\\",\\\"value\\\":35.24},{\\\"date\\\":\\\"06\\\\\\\/12\\\\\\\/23 \\\",\\\"value\\\":35.33},{\\\"date\\\":\\\"07\\\\\\\/12\\\\\\\/23 \\\",\\\"value\\\":35.3},{\\\"date\\\":\\\"08\\\\\\\/12\\\\\\\/23 \\\",\\\"value\\\":34.59},{\\\"date\\\":\\\"11\\\\\\\/12\\\\\\\/23 \\\",\\\"value\\\":34.81},{\\\"date\\\":\\\"12\\\\\\\/12\\\\\\\/23 \\\",\\\"value\\\":34.97},{\\\"date\\\":\\\"13\\\\\\\/12\\\\\\\/23 \\\",\\\"value\\\":36},{\\\"date\\\":\\\"14\\\\\\\/12\\\\\\\/23 \\\",\\\"value\\\":36.24},{\\\"date\\\":\\\"15\\\\\\\/12\\\\\\\/23 \\\",\\\"value\\\":35.97},{\\\"date\\\":\\\"18\\\\\\\/12\\\\\\\/23 \\\",\\\"value\\\":36.04},{\\\"date\\\":\\\"19\\\\\\\/12\\\\\\\/23 \\\",\\\"value\\\":36.42},{\\\"date\\\":\\\"20\\\\\\\/12\\\\\\\/23 \\\",\\\"value\\\":36.16},{\\\"date\\\":\\\"21\\\\\\\/12\\\\\\\/23 \\\",\\\"value\\\":36.39},{\\\"date\\\":\\\"22\\\\\\\/12\\\\\\\/23 \\\",\\\"value\\\":36.51},{\\\"date\\\":\\\"26\\\\\\\/12\\\\\\\/23 \\\",\\\"value\\\":36.72},{\\\"date\\\":\\\"27\\\\\\\/12\\\\\\\/23 \\\",\\\"value\\\":36.84},{\\\"date\\\":\\\"28\\\\\\\/12\\\\\\\/23 \\\",\\\"value\\\":36.91},{\\\"date\\\":\\\"02\\\\\\\/01\\\\\\\/24 \\\",\\\"value\\\":36.57},{\\\"date\\\":\\\"03\\\\\\\/01\\\\\\\/24 \\\",\\\"value\\\":36.85},{\\\"date\\\":\\\"04\\\\\\\/01\\\\\\\/24 \\\",\\\"value\\\":36.36},{\\\"date\\\":\\\"05\\\\\\\/01\\\\\\\/24 \\\",\\\"value\\\":35.97},{\\\"date\\\":\\\"08\\\\\\\/01\\\\\\\/24 \\\",\\\"value\\\":36.06},{\\\"date\\\":\\\"09\\\\\\\/01\\\\\\\/24 \\\",\\\"value\\\":35.17},{\\\"date\\\":\\\"10\\\\\\\/01\\\\\\\/24 \\\",\\\"value\\\":35.32},{\\\"date\\\":\\\"11\\\\\\\/01\\\\\\\/24 \\\",\\\"value\\\":34.82},{\\\"date\\\":\\\"12\\\\\\\/01\\\\\\\/24 \\\",\\\"value\\\":34.67},{\\\"date\\\":\\\"15\\\\\\\/01\\\\\\\/24 \\\",\\\"value\\\":34.32},{\\\"date\\\":\\\"16\\\\\\\/01\\\\\\\/24 \\\",\\\"value\\\":33.61},{\\\"date\\\":\\\"17\\\\\\\/01\\\\\\\/24 \\\",\\\"value\\\":33.4},{\\\"date\\\":\\\"18\\\\\\\/01\\\\\\\/24 \\\",\\\"value\\\":33.14},{\\\"date\\\":\\\"19\\\\\\\/01\\\\\\\/24 \\\",\\\"value\\\":33.33},{\\\"date\\\":\\\"22\\\\\\\/01\\\\\\\/24 \\\",\\\"value\\\":33.38},{\\\"date\\\":\\\"23\\\\\\\/01\\\\\\\/24 \\\",\\\"value\\\":33.77},{\\\"date\\\":\\\"24\\\\\\\/01\\\\\\\/24 \\\",\\\"value\\\":33.71}]\";\n  let isPositive_6c11e9761c6fda5f49e4910e5d16071e = \"\";\n\n  let color_6c11e9761c6fda5f49e4910e5d16071e = isPositive_6c11e9761c6fda5f49e4910e5d16071e ? '#3AB53A' : '#D92C2D';\n\n  let data_6c11e9761c6fda5f49e4910e5d16071e = JSON.parse(data_json_6c11e9761c6fda5f49e4910e5d16071e);\n\n  const result_6c11e9761c6fda5f49e4910e5d16071e = {\n    date: [],\n    value: [],\n  };\n\n  data_6c11e9761c6fda5f49e4910e5d16071e.forEach((item) => {\n    result_6c11e9761c6fda5f49e4910e5d16071e.date.push(item.date);\n    result_6c11e9761c6fda5f49e4910e5d16071e.value.push(Number(item.value));\n  });\n\n  let option_6c11e9761c6fda5f49e4910e5d16071e = {\n    \/\/ variavel de cor global\n    color: [color_6c11e9761c6fda5f49e4910e5d16071e],\n    title: {\n      text: '',\n    },\n    tooltip: {\n      trigger: 'axis',\n      axisPointer: {\n        type: 'cross',\n        label: {\n          \/\/ cor dos valores em X e Y\n          backgroundColor: color_6c11e9761c6fda5f49e4910e5d16071e,\n          formatter: (value) => {\n            if (typeof value.value === 'number') {\n              return Number(value.value).toLocaleString('pt-br', {\n                style: 'currency',\n                currency: 'BRL'\n              });\n            }\n            return value.value;\n          },\n        },\n      },\n      valueFormatter: (value) => Number(value).toLocaleString('pt-br', {\n        style: 'currency',\n        currency: 'BRL'\n      }),\n    },\n    legend: {\n      \/\/ data: ['Valor de Fechamento'],\n      show: false,\n    },\n    toolbox: {\n      feature: {\n        saveAsImage: {\n          show: false,\n        },\n      },\n    },\n    grid: {\n      left: '0px',\n      right: '0px',\n      bottom: '0px',\n      containLabel: true,\n    },\n    xAxis: [{\n      type: 'category',\n      data: result_6c11e9761c6fda5f49e4910e5d16071e.date,\n      boundaryGap: true,\n    }],\n    yAxis: [{\n      type: 'value',\n      min: Math.min(...result_6c11e9761c6fda5f49e4910e5d16071e.value),\n      max: Math.max(...result_6c11e9761c6fda5f49e4910e5d16071e.value),\n      axisLabel: {\n        formatter: (value) => value.toLocaleString('pt-br', {\n          style: 'currency',\n          currency: 'BRL'\n        }),\n      },\n    }],\n    series: [{\n      name: 'Valor de Fechamento',\n      type: 'line',\n      stack: 'Total',\n      \/\/ cor do grafico\n      areaStyle: {},\n      emphasis: {\n        focus: 'series',\n      },\n      data: result_6c11e9761c6fda5f49e4910e5d16071e.value,\n      \/\/ cor da linha\n      lineStyle: {\n        color: color_6c11e9761c6fda5f49e4910e5d16071e,\n      },\n    }, ],\n  };\n\n\twindow.chart_6c11e9761c6fda5f49e4910e5d16071e = {\n\t\tel: chart_6c11e9761c6fda5f49e4910e5d16071e,\n\t\toption: option_6c11e9761c6fda5f49e4910e5d16071e\t};\n\n\n<\/script>\n\n\n\n<p><a href=\"https:\/\/lp.suno.com.br\/ebook-gratuito-investindo-no-exterior\/\" target=\"_blank\" rel=\"noreferrer noopener\"><\/a><\/p>\n\n\n\t<p>\n\t\t<a href=\"https:\/\/lp.suno.com.br\/planilha-da-vida-financeira\/\" target=\"_blank\" data-element=\"shortcode-suno-banner\" title=\"Banner SUNO, clique e saiba mais\">\n\t\t\t<picture>\n\t\t\t\t<source media=\"(max-width: 500px)\" srcset=\"https:\/\/files.sunoresearch.com.br\/n\/uploads\/2023\/04\/400x300-Planilha-vida-financeira-true.png\">\n\t\t\t\t<img class=\"newsContent__article__imgCapa newsContent__article__imgCapa--banner\"\n\t\t\t\t\tsrc=\"https:\/\/files.sunoresearch.com.br\/n\/uploads\/2023\/04\/1420x240-Planilha-vida-financeira-true.png\"\n\t\t\t\t\tdata-promo-id=\"383123\"\t\t\t\t\t\t\t\t\t\twidth='1420' height='240'\t\t\t\t\talt=\"https:\/\/files.sunoresearch.com.br\/n\/uploads\/2023\/04\/1420x240-Planilha-vida-financeira-true.png\"\n\t\t\t\t>\n\t\t\t<\/picture>\n\t\t<\/a>\n\t<\/p>\n\n\n","protected":false},"excerpt":{"rendered":"<p>O governo lan\u00e7ou nesta semana um plano para a ind\u00fastria brasileira que prev\u00ea R$ 300 bilh\u00f5es em financiamentos e subs\u00eddios ao setor at\u00e9 2026. Para a XP Investimentos, a Weg (WEGE3) deve ser a grande beneficiada pelo programa.&nbsp; Weg (WEGE3) &#8211; Foto: Divulga\u00e7\u00e3o \u201cVemos o plano do governo para a ind\u00fastria seguindo tend\u00eancias do setor, [&hellip;]<\/p>\n","protected":false},"author":301,"featured_media":336059,"comment_status":"closed","ping_status":"closed","sticky":false,"template":"","format":"standard","meta":[],"categories":[64],"tags":[286,681,888],"suno_strategy":[],"class_list":["post-515302","post","type-post","status-publish","format-standard","has-post-thumbnail","hentry","category-negocios","tag-acoes","tag-weg-wege3","tag-xp-investimentos"],"yoast_head":"<!-- This site is optimized with the Yoast SEO plugin v24.4 - https:\/\/yoast.com\/wordpress\/plugins\/seo\/ -->\n<title>Weg (WEGE3) deve ser impactada por projeto industrial de Lula, diz XP<\/title>\n<meta name=\"description\" content=\"O governo lan\u00e7ou nesta semana um plano para a ind\u00fastria brasileira. Para a XP Investimentos, a Weg deve ser a grande beneficiada.\" \/>\n<meta name=\"robots\" content=\"index, follow, max-snippet:-1, max-image-preview:large, max-video-preview:-1\" \/>\n<link rel=\"canonical\" href=\"https:\/\/www.suno.com.br\/noticias\/weg-wege3-beneficiada-programa-industrial-lula-va\/\" \/>\n<meta property=\"og:locale\" content=\"pt_BR\" \/>\n<meta property=\"og:type\" content=\"article\" \/>\n<meta property=\"og:title\" content=\"Weg (WEGE3) deve ser impactada por projeto industrial de Lula, diz XP\" \/>\n<meta property=\"og:description\" content=\"O governo lan\u00e7ou nesta semana um plano para a ind\u00fastria brasileira. Para a XP Investimentos, a Weg deve ser a grande beneficiada.\" \/>\n<meta property=\"og:url\" content=\"https:\/\/www.suno.com.br\/noticias\/weg-wege3-beneficiada-programa-industrial-lula-va\/\" \/>\n<meta property=\"og:site_name\" content=\"Suno Not\u00edcias\" \/>\n<meta property=\"article:publisher\" content=\"https:\/\/facebook.com\/sunoresearch\" \/>\n<meta property=\"og:image\" content=\"https:\/\/files.sunoresearch.com.br\/n\/uploads\/2022\/12\/Weg-wege3.jpg\" \/>\n\t<meta property=\"og:image:width\" content=\"2560\" \/>\n\t<meta property=\"og:image:height\" content=\"1708\" \/>\n\t<meta property=\"og:image:type\" content=\"image\/jpeg\" \/>\n<meta name=\"author\" content=\"Vin\u00edcius Alves\" \/>\n<meta name=\"twitter:card\" content=\"summary_large_image\" \/>\n<meta name=\"twitter:creator\" content=\"@sunoresearch\" \/>\n<meta name=\"twitter:site\" content=\"@sunoresearch\" \/>\n<meta name=\"twitter:label1\" content=\"Escrito por\" \/>\n\t<meta name=\"twitter:data1\" content=\"Vin\u00edcius Alves\" \/>\n\t<meta name=\"twitter:label2\" content=\"Est. tempo de leitura\" \/>\n\t<meta name=\"twitter:data2\" content=\"8 minutos\" \/>\n<script type=\"application\/ld+json\" class=\"yoast-schema-graph\">{\"@context\":\"https:\/\/schema.org\",\"@graph\":[{\"@type\":\"NewsArticle\",\"@id\":\"https:\/\/www.suno.com.br\/noticias\/weg-wege3-beneficiada-programa-industrial-lula-va\/#article\",\"isPartOf\":{\"@id\":\"https:\/\/www.suno.com.br\/noticias\/weg-wege3-beneficiada-programa-industrial-lula-va\/\"},\"author\":{\"name\":\"Vin\u00edcius Alves\",\"@id\":\"https:\/\/www.suno.com.br\/noticias\/#\/schema\/person\/4a180549702d0e236b3e420862bcded3\"},\"headline\":\"Weg (WEGE3) deve ser principal beneficiada de programa industrial de Lula, diz XP\",\"datePublished\":\"2024-01-24T19:53:11+00:00\",\"dateModified\":\"2024-01-24T19:53:21+00:00\",\"mainEntityOfPage\":{\"@id\":\"https:\/\/www.suno.com.br\/noticias\/weg-wege3-beneficiada-programa-industrial-lula-va\/\"},\"wordCount\":1514,\"publisher\":{\"@id\":\"https:\/\/www.suno.com.br\/noticias\/#organization\"},\"image\":{\"@id\":\"https:\/\/www.suno.com.br\/noticias\/weg-wege3-beneficiada-programa-industrial-lula-va\/#primaryimage\"},\"thumbnailUrl\":\"https:\/\/files.sunoresearch.com.br\/n\/uploads\/2022\/12\/Weg-wege3.jpg\",\"keywords\":[\"A\u00e7\u00f5es\",\"Weg (WEGE3)\",\"XP Investimentos\"],\"articleSection\":[\"Neg\u00f3cios\"],\"inLanguage\":\"pt-BR\"},{\"@type\":\"WebPage\",\"@id\":\"https:\/\/www.suno.com.br\/noticias\/weg-wege3-beneficiada-programa-industrial-lula-va\/\",\"url\":\"https:\/\/www.suno.com.br\/noticias\/weg-wege3-beneficiada-programa-industrial-lula-va\/\",\"name\":\"Weg (WEGE3) deve ser impactada por projeto industrial de Lula, diz XP\",\"isPartOf\":{\"@id\":\"https:\/\/www.suno.com.br\/noticias\/#website\"},\"primaryImageOfPage\":{\"@id\":\"https:\/\/www.suno.com.br\/noticias\/weg-wege3-beneficiada-programa-industrial-lula-va\/#primaryimage\"},\"image\":{\"@id\":\"https:\/\/www.suno.com.br\/noticias\/weg-wege3-beneficiada-programa-industrial-lula-va\/#primaryimage\"},\"thumbnailUrl\":\"https:\/\/files.sunoresearch.com.br\/n\/uploads\/2022\/12\/Weg-wege3.jpg\",\"datePublished\":\"2024-01-24T19:53:11+00:00\",\"dateModified\":\"2024-01-24T19:53:21+00:00\",\"description\":\"O governo lan\u00e7ou nesta semana um plano para a ind\u00fastria brasileira. Para a XP Investimentos, a Weg deve ser a grande beneficiada.\",\"breadcrumb\":{\"@id\":\"https:\/\/www.suno.com.br\/noticias\/weg-wege3-beneficiada-programa-industrial-lula-va\/#breadcrumb\"},\"inLanguage\":\"pt-BR\",\"potentialAction\":[{\"@type\":\"ReadAction\",\"target\":[\"https:\/\/www.suno.com.br\/noticias\/weg-wege3-beneficiada-programa-industrial-lula-va\/\"]}]},{\"@type\":\"ImageObject\",\"inLanguage\":\"pt-BR\",\"@id\":\"https:\/\/www.suno.com.br\/noticias\/weg-wege3-beneficiada-programa-industrial-lula-va\/#primaryimage\",\"url\":\"https:\/\/files.sunoresearch.com.br\/n\/uploads\/2022\/12\/Weg-wege3.jpg\",\"contentUrl\":\"https:\/\/files.sunoresearch.com.br\/n\/uploads\/2022\/12\/Weg-wege3.jpg\",\"width\":2560,\"height\":1708,\"caption\":\"Weg (WEGE3) - Foto: Divulga\u00e7\u00e3o\"},{\"@type\":\"BreadcrumbList\",\"@id\":\"https:\/\/www.suno.com.br\/noticias\/weg-wege3-beneficiada-programa-industrial-lula-va\/#breadcrumb\",\"itemListElement\":[{\"@type\":\"ListItem\",\"position\":1,\"name\":\"Not\u00edcias\",\"item\":\"https:\/\/www.suno.com.br\/noticias\/\"},{\"@type\":\"ListItem\",\"position\":2,\"name\":\"Neg\u00f3cios\",\"item\":\"https:\/\/www.suno.com.br\/noticias\/negocios\/\"},{\"@type\":\"ListItem\",\"position\":3,\"name\":\"Weg (WEGE3) deve ser principal beneficiada de programa industrial de Lula, diz XP\"}]},{\"@type\":\"WebSite\",\"@id\":\"https:\/\/www.suno.com.br\/noticias\/#website\",\"url\":\"https:\/\/www.suno.com.br\/noticias\/\",\"name\":\"Suno Not\u00edcias\",\"description\":\"Seu portal de informa\u00e7\u00e3o sobre o mundo dos investimentos\",\"publisher\":{\"@id\":\"https:\/\/www.suno.com.br\/noticias\/#organization\"},\"potentialAction\":[{\"@type\":\"SearchAction\",\"target\":{\"@type\":\"EntryPoint\",\"urlTemplate\":\"https:\/\/www.suno.com.br\/noticias\/?s={search_term_string}\"},\"query-input\":{\"@type\":\"PropertyValueSpecification\",\"valueRequired\":true,\"valueName\":\"search_term_string\"}}],\"inLanguage\":\"pt-BR\"},{\"@type\":\"Organization\",\"@id\":\"https:\/\/www.suno.com.br\/noticias\/#organization\",\"name\":\"Suno Not\u00edcias\",\"url\":\"https:\/\/www.suno.com.br\/noticias\/\",\"logo\":{\"@type\":\"ImageObject\",\"inLanguage\":\"pt-BR\",\"@id\":\"https:\/\/www.suno.com.br\/noticias\/#\/schema\/logo\/image\/\",\"url\":\"https:\/\/files.sunoresearch.com.br\/n\/uploads\/2021\/09\/suno-logo.png\",\"contentUrl\":\"https:\/\/files.sunoresearch.com.br\/n\/uploads\/2021\/09\/suno-logo.png\",\"width\":180,\"height\":180,\"caption\":\"Suno Not\u00edcias\"},\"image\":{\"@id\":\"https:\/\/www.suno.com.br\/noticias\/#\/schema\/logo\/image\/\"},\"sameAs\":[\"https:\/\/facebook.com\/sunoresearch\",\"https:\/\/x.com\/sunoresearch\",\"https:\/\/www.instagram.com\/suno\",\"https:\/\/www.linkedin.com\/company\/suno-research\/\",\"https:\/\/www.youtube.com\/c\/sunoresearch\"]},{\"@type\":\"Person\",\"@id\":\"https:\/\/www.suno.com.br\/noticias\/#\/schema\/person\/4a180549702d0e236b3e420862bcded3\",\"name\":\"Vin\u00edcius Alves\",\"image\":{\"@type\":\"ImageObject\",\"inLanguage\":\"pt-BR\",\"@id\":\"https:\/\/www.suno.com.br\/noticias\/#\/schema\/person\/image\/\",\"url\":\"https:\/\/secure.gravatar.com\/avatar\/a95b7fe6d1b813f7907d4f476d5a39e1?s=96&r=g\",\"contentUrl\":\"https:\/\/secure.gravatar.com\/avatar\/a95b7fe6d1b813f7907d4f476d5a39e1?s=96&r=g\",\"caption\":\"Vin\u00edcius Alves\"},\"description\":\"Jornalista formado na Faculdade C\u00e1sper L\u00edbero. Com passagens pela Ag\u00eancia Estado, InfoMoney e Editora Globo.\",\"url\":\"https:\/\/www.suno.com.br\/noticias\/author\/vini08correiagmail-com\/\"}]}<\/script>\n<!-- \/ Yoast SEO plugin. -->","yoast_head_json":{"title":"Weg (WEGE3) deve ser impactada por projeto industrial de Lula, diz XP","description":"O governo lan\u00e7ou nesta semana um plano para a ind\u00fastria brasileira. Para a XP Investimentos, a Weg deve ser a grande beneficiada.","robots":{"index":"index","follow":"follow","max-snippet":"max-snippet:-1","max-image-preview":"max-image-preview:large","max-video-preview":"max-video-preview:-1"},"canonical":"https:\/\/www.suno.com.br\/noticias\/weg-wege3-beneficiada-programa-industrial-lula-va\/","og_locale":"pt_BR","og_type":"article","og_title":"Weg (WEGE3) deve ser impactada por projeto industrial de Lula, diz XP","og_description":"O governo lan\u00e7ou nesta semana um plano para a ind\u00fastria brasileira. Para a XP Investimentos, a Weg deve ser a grande beneficiada.","og_url":"https:\/\/www.suno.com.br\/noticias\/weg-wege3-beneficiada-programa-industrial-lula-va\/","og_site_name":"Suno Not\u00edcias","article_publisher":"https:\/\/facebook.com\/sunoresearch","og_image":[{"width":2560,"height":1708,"url":"https:\/\/files.sunoresearch.com.br\/n\/uploads\/2022\/12\/Weg-wege3.jpg","type":"image\/jpeg"}],"author":"Vin\u00edcius Alves","twitter_card":"summary_large_image","twitter_creator":"@sunoresearch","twitter_site":"@sunoresearch","twitter_misc":{"Escrito por":"Vin\u00edcius Alves","Est. tempo de leitura":"8 minutos"},"schema":{"@context":"https:\/\/schema.org","@graph":[{"@type":"NewsArticle","@id":"https:\/\/www.suno.com.br\/noticias\/weg-wege3-beneficiada-programa-industrial-lula-va\/#article","isPartOf":{"@id":"https:\/\/www.suno.com.br\/noticias\/weg-wege3-beneficiada-programa-industrial-lula-va\/"},"author":{"name":"Vin\u00edcius Alves","@id":"https:\/\/www.suno.com.br\/noticias\/#\/schema\/person\/4a180549702d0e236b3e420862bcded3"},"headline":"Weg (WEGE3) deve ser principal beneficiada de programa industrial de Lula, diz XP","datePublished":"2024-01-24T19:53:11+00:00","dateModified":"2024-01-24T19:53:21+00:00","mainEntityOfPage":{"@id":"https:\/\/www.suno.com.br\/noticias\/weg-wege3-beneficiada-programa-industrial-lula-va\/"},"wordCount":1514,"publisher":{"@id":"https:\/\/www.suno.com.br\/noticias\/#organization"},"image":{"@id":"https:\/\/www.suno.com.br\/noticias\/weg-wege3-beneficiada-programa-industrial-lula-va\/#primaryimage"},"thumbnailUrl":"https:\/\/files.sunoresearch.com.br\/n\/uploads\/2022\/12\/Weg-wege3.jpg","keywords":["A\u00e7\u00f5es","Weg (WEGE3)","XP Investimentos"],"articleSection":["Neg\u00f3cios"],"inLanguage":"pt-BR"},{"@type":"WebPage","@id":"https:\/\/www.suno.com.br\/noticias\/weg-wege3-beneficiada-programa-industrial-lula-va\/","url":"https:\/\/www.suno.com.br\/noticias\/weg-wege3-beneficiada-programa-industrial-lula-va\/","name":"Weg (WEGE3) deve ser impactada por projeto industrial de Lula, diz XP","isPartOf":{"@id":"https:\/\/www.suno.com.br\/noticias\/#website"},"primaryImageOfPage":{"@id":"https:\/\/www.suno.com.br\/noticias\/weg-wege3-beneficiada-programa-industrial-lula-va\/#primaryimage"},"image":{"@id":"https:\/\/www.suno.com.br\/noticias\/weg-wege3-beneficiada-programa-industrial-lula-va\/#primaryimage"},"thumbnailUrl":"https:\/\/files.sunoresearch.com.br\/n\/uploads\/2022\/12\/Weg-wege3.jpg","datePublished":"2024-01-24T19:53:11+00:00","dateModified":"2024-01-24T19:53:21+00:00","description":"O governo lan\u00e7ou nesta semana um plano para a ind\u00fastria brasileira. Para a XP Investimentos, a Weg deve ser a grande beneficiada.","breadcrumb":{"@id":"https:\/\/www.suno.com.br\/noticias\/weg-wege3-beneficiada-programa-industrial-lula-va\/#breadcrumb"},"inLanguage":"pt-BR","potentialAction":[{"@type":"ReadAction","target":["https:\/\/www.suno.com.br\/noticias\/weg-wege3-beneficiada-programa-industrial-lula-va\/"]}]},{"@type":"ImageObject","inLanguage":"pt-BR","@id":"https:\/\/www.suno.com.br\/noticias\/weg-wege3-beneficiada-programa-industrial-lula-va\/#primaryimage","url":"https:\/\/files.sunoresearch.com.br\/n\/uploads\/2022\/12\/Weg-wege3.jpg","contentUrl":"https:\/\/files.sunoresearch.com.br\/n\/uploads\/2022\/12\/Weg-wege3.jpg","width":2560,"height":1708,"caption":"Weg (WEGE3) - Foto: Divulga\u00e7\u00e3o"},{"@type":"BreadcrumbList","@id":"https:\/\/www.suno.com.br\/noticias\/weg-wege3-beneficiada-programa-industrial-lula-va\/#breadcrumb","itemListElement":[{"@type":"ListItem","position":1,"name":"Not\u00edcias","item":"https:\/\/www.suno.com.br\/noticias\/"},{"@type":"ListItem","position":2,"name":"Neg\u00f3cios","item":"https:\/\/www.suno.com.br\/noticias\/negocios\/"},{"@type":"ListItem","position":3,"name":"Weg (WEGE3) deve ser principal beneficiada de programa industrial de Lula, diz XP"}]},{"@type":"WebSite","@id":"https:\/\/www.suno.com.br\/noticias\/#website","url":"https:\/\/www.suno.com.br\/noticias\/","name":"Suno Not\u00edcias","description":"Seu portal de informa\u00e7\u00e3o sobre o mundo dos investimentos","publisher":{"@id":"https:\/\/www.suno.com.br\/noticias\/#organization"},"potentialAction":[{"@type":"SearchAction","target":{"@type":"EntryPoint","urlTemplate":"https:\/\/www.suno.com.br\/noticias\/?s={search_term_string}"},"query-input":{"@type":"PropertyValueSpecification","valueRequired":true,"valueName":"search_term_string"}}],"inLanguage":"pt-BR"},{"@type":"Organization","@id":"https:\/\/www.suno.com.br\/noticias\/#organization","name":"Suno Not\u00edcias","url":"https:\/\/www.suno.com.br\/noticias\/","logo":{"@type":"ImageObject","inLanguage":"pt-BR","@id":"https:\/\/www.suno.com.br\/noticias\/#\/schema\/logo\/image\/","url":"https:\/\/files.sunoresearch.com.br\/n\/uploads\/2021\/09\/suno-logo.png","contentUrl":"https:\/\/files.sunoresearch.com.br\/n\/uploads\/2021\/09\/suno-logo.png","width":180,"height":180,"caption":"Suno Not\u00edcias"},"image":{"@id":"https:\/\/www.suno.com.br\/noticias\/#\/schema\/logo\/image\/"},"sameAs":["https:\/\/facebook.com\/sunoresearch","https:\/\/x.com\/sunoresearch","https:\/\/www.instagram.com\/suno","https:\/\/www.linkedin.com\/company\/suno-research\/","https:\/\/www.youtube.com\/c\/sunoresearch"]},{"@type":"Person","@id":"https:\/\/www.suno.com.br\/noticias\/#\/schema\/person\/4a180549702d0e236b3e420862bcded3","name":"Vin\u00edcius Alves","image":{"@type":"ImageObject","inLanguage":"pt-BR","@id":"https:\/\/www.suno.com.br\/noticias\/#\/schema\/person\/image\/","url":"https:\/\/secure.gravatar.com\/avatar\/a95b7fe6d1b813f7907d4f476d5a39e1?s=96&r=g","contentUrl":"https:\/\/secure.gravatar.com\/avatar\/a95b7fe6d1b813f7907d4f476d5a39e1?s=96&r=g","caption":"Vin\u00edcius Alves"},"description":"Jornalista formado na Faculdade C\u00e1sper L\u00edbero. Com passagens pela Ag\u00eancia Estado, InfoMoney e Editora Globo.","url":"https:\/\/www.suno.com.br\/noticias\/author\/vini08correiagmail-com\/"}]}},"default_loop_html":"<div class=\"cardsPage__listCard__boxs\"><div class=\"cardsPage__listCard__boxs__img\"><a href=\"https:\/\/www.suno.com.br\/noticias\/weg-wege3-beneficiada-programa-industrial-lula-va\/\"><img class=\"mask\" src=\"https:\/\/www.suno.com.br\/noticias\/wp-content\/themes\/suno\/resources\/images\/spotlight\/spotlight1img\/bg-mask.png\" alt=\"Image Mask\"\/><img src=\"https:\/\/files.sunoresearch.com.br\/n\/uploads\/2022\/12\/Weg-wege3-400x200.jpg\" alt=\"Weg (WEGE3) deve ser principal beneficiada de programa industrial de Lula, diz XP\"\/><\/a><span class=\"spotlightCategory\"><a href=\"https:\/\/www.suno.com.br\/noticias\/negocios\/\">Neg\u00f3cios<\/a><\/span><\/div><div class=\"cardsPage__listCard__boxs__content\"><a href=\"https:\/\/www.suno.com.br\/noticias\/weg-wege3-beneficiada-programa-industrial-lula-va\/\"><h2 class=\"content__title\">Weg (WEGE3) deve ser principal beneficiada de programa industrial de Lula, diz XP<\/h2><\/a><div class=\"newsContent__article__meta\"><div class=\"newsContent__article__meta__authorBox\"><a href=\"https:\/\/www.suno.com.br\/noticias\/author\/vini08correiagmail-com\/\" class=\"authorBox__avatar noMobi\"><img src=\"https:\/\/files.sunoresearch.com.br\/n\/uploads\/2026\/04\/WhatsApp-Image-2026-04-20-at-19.35.48-150x150.webp\" alt=\"Vin\u00edcius Alves\"><\/a><div class=\"authorBox__name\"><span>por\n\t\t\t<a href=\"https:\/\/www.suno.com.br\/noticias\/author\/vini08correiagmail-com\/\"><span itemprop=\"author\">Vin\u00edcius Alves<\/span><\/a><\/span><time datetime=\"2024-01-24T16:53:11-03:00\" itemprop=\"datePublished\">24\/01\/2024 16:53<\/time><\/div><\/div><\/div><\/div><\/div>","single_layout":"posts","amp_enabled":true,"_links":{"self":[{"href":"https:\/\/www.suno.com.br\/noticias\/wp-json\/wp\/v2\/posts\/515302"}],"collection":[{"href":"https:\/\/www.suno.com.br\/noticias\/wp-json\/wp\/v2\/posts"}],"about":[{"href":"https:\/\/www.suno.com.br\/noticias\/wp-json\/wp\/v2\/types\/post"}],"author":[{"embeddable":true,"href":"https:\/\/www.suno.com.br\/noticias\/wp-json\/wp\/v2\/users\/301"}],"replies":[{"embeddable":true,"href":"https:\/\/www.suno.com.br\/noticias\/wp-json\/wp\/v2\/comments?post=515302"}],"version-history":[{"count":2,"href":"https:\/\/www.suno.com.br\/noticias\/wp-json\/wp\/v2\/posts\/515302\/revisions"}],"predecessor-version":[{"id":515330,"href":"https:\/\/www.suno.com.br\/noticias\/wp-json\/wp\/v2\/posts\/515302\/revisions\/515330"}],"wp:featuredmedia":[{"embeddable":true,"href":"https:\/\/www.suno.com.br\/noticias\/wp-json\/wp\/v2\/media\/336059"}],"wp:attachment":[{"href":"https:\/\/www.suno.com.br\/noticias\/wp-json\/wp\/v2\/media?parent=515302"}],"wp:term":[{"taxonomy":"category","embeddable":true,"href":"https:\/\/www.suno.com.br\/noticias\/wp-json\/wp\/v2\/categories?post=515302"},{"taxonomy":"post_tag","embeddable":true,"href":"https:\/\/www.suno.com.br\/noticias\/wp-json\/wp\/v2\/tags?post=515302"},{"taxonomy":"suno_strategy","embeddable":true,"href":"https:\/\/www.suno.com.br\/noticias\/wp-json\/wp\/v2\/suno_strategy?post=515302"}],"curies":[{"name":"wp","href":"https:\/\/api.w.org\/{rel}","templated":true}]}}