{"id":51520,"date":"2020-01-31T09:44:14","date_gmt":"2020-01-31T11:44:14","guid":{"rendered":"https:\/\/www.suno.com.br\/noticias\/?p=51520"},"modified":"2020-01-31T10:20:07","modified_gmt":"2020-01-31T12:20:07","slug":"brexit-oficial-nesta-sexta","status":"publish","type":"post","link":"https:\/\/www.suno.com.br\/noticias\/brexit-oficial-nesta-sexta\/","title":{"rendered":"Brexit: ap\u00f3s mais de tr\u00eas anos, Reino Unido sair\u00e1 oficialmente da UE nesta sexta"},"content":{"rendered":"<p>Ap\u00f3s mais de tr\u00eas anos do referendo do <strong>Brexit<\/strong>, realizado em junho de 2016, o Reino Unido sair\u00e1 oficialmente da <strong><a href=\"https:\/\/www.suno.com.br\/artigos\/uniao-europeia\/\">Uni\u00e3o Europeia (UE)<\/a><\/strong> \u00e0s 23 horas (20 horas de Bras\u00edlia) desta sexta-feira (31).<\/p>\t<div class=\"wrapper-featured-image\">\n\t\t<figure class=\"spotlightImg\">\n\n\t\t\t<picture>\n\t\t\t\t<source media=\"(max-width: 768px)\" srcset=\"https:\/\/files.sunoresearch.com.br\/n\/uploads\/2019\/10\/2afc84e0-brexit-400x200.webp\">\n\t\t\t\t<img loading=\"lazy\" decoding=\"async\" class=\"newsContent__article__imgCapa lazyloadDisabled newsContent__article__imgCapa--noCaption\" src=\"https:\/\/files.sunoresearch.com.br\/n\/uploads\/2019\/10\/2afc84e0-brexit-800x450.webp\" width=\"800\" height=\"450\" alt=\"Brexit: ap\u00f3s mais de tr\u00eas anos, Reino Unido sair\u00e1 oficialmente da UE nesta sexta\" fetchpriority=high \/>\n\t\t\t<\/picture>\n\n\t\t\t<figcaption class=\"wp-caption-text wp-caption-text--hide\">Brexit: ap\u00f3s mais de tr\u00eas anos, Reino Unido sair\u00e1 oficialmente da UE nesta sexta<\/figcaption>\n\t\t<\/figure>\n\t<\/div>\n\n\n\n<p>No entanto, at\u00e9 dezembro deste ano ocorrer\u00e1 um per\u00edodo de transi\u00e7\u00e3o sobre detalhes que ainda est\u00e3o em discuss\u00e3o sobre o Brexit. Alguns deles s\u00e3o:<\/p>\n<ul>\n<li>Compartilhamento de dados sobre seguran\u00e7a<\/li>\n<li>Permiss\u00f5es de resid\u00eancia e trabalho para europeus no Reino Unidos e brit\u00e2nico no bloco europeu<\/li>\n<li>Com\u00e9rcio entre Reino Unido e UE, tarifas de importa\u00e7\u00e3o e livre circula\u00e7\u00e3o de produtos<\/li>\n<\/ul>\n<p>Um dos principais pontos ainda em discuss\u00e3o \u00e9 em rela\u00e7\u00e3o ao com\u00e9rcio. As rela\u00e7\u00f5es comerciais com a UE representaram 49% de todos os neg\u00f3cios do Reino Unido no ano passado.<\/p>\n<p>Em um documento oficial divulgado em setembro do ano passado, o governo brit\u00e2nico relatou poss\u00edveis cen\u00e1rios ap\u00f3s a conclus\u00e3o do Brexit. De acordo com as autoridades, uma sa\u00edda sem acordo poderia causar uma escassez de combust\u00edvel e medicamentos, longos congestionamentos em portos e alta dos pre\u00e7os dos alimentos.<\/p>\n<p><a href=\"https:\/\/www.suno.com.br\/noticias\/brexit-pode-encolher-economia-britanica\/\">Confira: Brexit sem acordo pode encolher economia em 5,5%, diz BC brit\u00e2nico<\/a><\/p>\n<p>Se at\u00e9 a conclus\u00e3o dos pr\u00f3ximos 11 meses ambas as partes n\u00e3o chegarem a um acordo, a sa\u00edda acontecer\u00e1 em definitivo da mesma forma. O <strong>Reino Unido<\/strong> passar\u00e1 a ser regido pelos termos da <a href=\"https:\/\/www.suno.com.br\/artigos\/omc-organizacao-mundial-do-comercio\/\">Organiza\u00e7\u00e3o Mundial do Com\u00e9rcio (OMC)<\/a>, al\u00e9m de que os produtores e importadores brit\u00e2nicos terem que arcar com determinadas tarifas que n\u00e3o existem.<\/p>\n<p>O primeiro ministro brit\u00e2nico, <a href=\"https:\/\/www.suno.com.br\/noticias\/tags\/boris-johnson\/page\/2\/\"><strong>Boris Johnson<\/strong><\/a>, mostra-se confiante de que encontrar\u00e3o um acordo, entretanto, j\u00e1 anunciou que n\u00e3o pedir\u00e1 nenhuma extens\u00e3o do per\u00edodo de transi\u00e7\u00e3o. A data prevista para o encerramento deste processo \u00e9 31 de dezembro de 2020.<\/p>\n<h2>O que muda com o Brexit<\/h2>\n<p>J\u00e1 a partir desta sexta-feira, o Reino Unido n\u00e3o ter\u00e1 direito a voto nas institui\u00e7\u00f5es europeias, como o Parlamento Europeu e a Comiss\u00e3o Europeia.<\/p>\n\t<p>\n\t\t<a href=\"https:\/\/lp.suno.com.br\/4-emissao-snel11\/\" target=\"_blank\" data-element=\"shortcode-suno-banner\" title=\"Banner SUNO, clique e saiba mais\">\n\t\t\t<picture>\n\t\t\t\t<source media=\"(max-width: 500px)\" srcset=\"https:\/\/files.sunoresearch.com.br\/n\/uploads\/2025\/07\/400x300-Mobile-Artigos-7.webp\">\n\t\t\t\t<img class=\"newsContent__article__imgCapa newsContent__article__imgCapa--banner\"\n\t\t\t\t\tsrc=\"https:\/\/files.sunoresearch.com.br\/n\/uploads\/2025\/07\/1420x240-Banner-Artigos-1-_-Banner-Materias-5.webp\"\n\t\t\t\t\tdata-promo-id=\"613822\"\t\t\t\t\t\t\t\t\t\twidth='1420' height='240'\t\t\t\t\talt=\"https:\/\/files.sunoresearch.com.br\/n\/uploads\/2025\/07\/1420x240-Banner-Artigos-1-_-Banner-Materias-5.webp\"\n\t\t\t\t>\n\t\t\t<\/picture>\n\t\t<\/a>\n\t<\/p>\n\n\n<p>No entanto, durante o per\u00edodo de transi\u00e7\u00e3o, continua contribuindo para o or\u00e7amento da Uni\u00e3o Europeia, precisa continuar seguindo suas regras e est\u00e1 sujeito \u00e0s determina\u00e7\u00f5es da Corte Europeia de Justi\u00e7a em caso de disputas judiciais.<\/p>\n<p>Ademais, uma das quest\u00f5es mais delicadas que estavam sendo discutidas desde 2016 s\u00e3o as fronteiras das Irlandas. A <strong>Rep\u00fablica da Irlanda<\/strong>, que \u00e9 independente, permanecer\u00e1 no bloco europeu, enquanto a <strong>Irlanda do Norte<\/strong> deixar\u00e1 a UE nesta sexta.<\/p>\n<p>As negocia\u00e7\u00f5es remetem a 1999, quando um acordo de paz p\u00f4s fim a mais de 30 anos de conflitos entre os dois pa\u00edses. Desde ent\u00e3o, n\u00e3o existiam barreiras f\u00edsicas na fronteira entre as Irlandas. Todavia, com o Brexit, a fronteira entre os pa\u00edses passar\u00e1 a ser, na pr\u00e1tica, a fronteira f\u00edsica entre a UE e o Reino Unido.<\/p>\n<p><a href=\"https:\/\/www.suno.com.br\/noticias\/brexit-aprovado-pelo-parlamento-britanico\/\">Saiba mais: Brexit \u00e9 aprovado pelo Parlamento brit\u00e2nico; sa\u00edda deve ocorrer at\u00e9 31 de janeiro<\/a><\/p>\n<p>Todo o restante do Reino Unido ir\u00e1 deixar a uni\u00e3o aduaneira do bloco, mas a Irlanda do Norte continuar\u00e1 sob o <a href=\"https:\/\/www.suno.com.br\/artigos\/acordo-comercial\/\">c\u00f3digo alfandeg\u00e1rio europeu<\/a> em seus portos.<\/p>\n<p>Dessa forma, produtos e processos ter\u00e3o novas verifica\u00e7\u00f5es n\u00e3o ao circular entre Irlanda do Norte e Irlanda, mas entre Irlanda do Norte e os outros pa\u00edses do Reino Unido: <strong>Inglaterra<\/strong>, <strong>Pa\u00eds de Gales<\/strong> e <strong>Esc\u00f3cia<\/strong>.<\/p>\n<h2>In\u00edcio e adiamentos<\/h2>\n<p>Durante todo o processo do Brexit, a ex-primeira-ministra <strong>Theresa May<\/strong> renunciou ao cargo ap\u00f3s tentar um acordo\u00a0e, por quatro vezes, n\u00e3o obter sucesso junto ao Parlamento. Substituindo <strong>James Cameron<\/strong>, que esteve na posi\u00e7\u00e3o durante o in\u00edcio do movimento, tamb\u00e9m sem sucesso, May fracassou.<\/p>\n<p>Boris Johnson, do <strong>Partido Conservador<\/strong>, se tornou o novo premi\u00ea brit\u00e2nico no dia 24 de julho de 2019 com a promessa de que o Reino Unido iria, definitivamente, sair da UE no dia 31 de outubro, com ou sem acordo.<\/p>\n<p><a href=\"https:\/\/www.suno.com.br\/noticias\/confira-quais-empresas-podem-ser-influenciadas-pelo-brexit\/\">Veja tamb\u00e9m: Confira quais empresas podem ser influenciadas pelo Brexit<\/a><\/p>\n<p>Em sua primeira tentativa, todavia, o novo premi\u00ea tamb\u00e9m fracassou e n\u00e3o conseguiu selar a sa\u00edda.<\/p>\n<p>No entanto, depois da vit\u00f3ria do Partido Conservador nas elei\u00e7\u00f5es de dezembro, o panorama foi alterado. J\u00e1 com a maioria parlamentar garantida, Johnson conseguiu concluir seu plano inicial e dar prosseguimento ao <strong>Brexit<\/strong>, cumprindo a data de 31 de janeiro.<\/p>\n\n","protected":false},"excerpt":{"rendered":"<p>Ap\u00f3s mais de tr\u00eas anos do referendo do Brexit, realizado em junho de 2016, o Reino Unido sair\u00e1 oficialmente da Uni\u00e3o Europeia (UE) \u00e0s 23 horas (20 horas de Bras\u00edlia) desta sexta-feira (31). Brexit: ap\u00f3s mais de tr\u00eas anos, Reino Unido sair\u00e1 oficialmente da UE nesta sexta No entanto, at\u00e9 dezembro deste ano ocorrer\u00e1 um [&hellip;]<\/p>\n","protected":false},"author":24,"featured_media":42153,"comment_status":"closed","ping_status":"closed","sticky":false,"template":"","format":"standard","meta":[],"categories":[63],"tags":[753,730,731],"suno_strategy":[],"class_list":["post-51520","post","type-post","status-publish","format-standard","has-post-thumbnail","hentry","category-internacional","tag-brexit","tag-reino-unido","tag-uniao-europeia"],"yoast_head":"<!-- This site is optimized with the Yoast SEO plugin v24.4 - https:\/\/yoast.com\/wordpress\/plugins\/seo\/ -->\n<title>Brexit: ap\u00f3s tr\u00eas anos do referendo, Reino Unido sair\u00e1 oficialmente da UE<\/title>\n<meta name=\"description\" content=\"Ap\u00f3s mais de tr\u00eas anos do referendo do Brexit, realizado em junho de 2016, o Reino Unido sair\u00e1 oficialmente da Uni\u00e3o Europeia. Saiba mais.\" \/>\n<meta name=\"robots\" content=\"index, follow, max-snippet:-1, max-image-preview:large, max-video-preview:-1\" \/>\n<link rel=\"canonical\" href=\"https:\/\/www.suno.com.br\/noticias\/brexit-oficial-nesta-sexta\/\" \/>\n<meta property=\"og:locale\" content=\"pt_BR\" \/>\n<meta property=\"og:type\" content=\"article\" \/>\n<meta property=\"og:title\" content=\"Brexit: ap\u00f3s tr\u00eas anos do referendo, Reino Unido sair\u00e1 oficialmente da UE\" \/>\n<meta property=\"og:description\" content=\"Ap\u00f3s mais de tr\u00eas anos do referendo do Brexit, realizado em junho de 2016, o Reino Unido sair\u00e1 oficialmente da Uni\u00e3o Europeia. Saiba mais.\" \/>\n<meta property=\"og:url\" content=\"https:\/\/www.suno.com.br\/noticias\/brexit-oficial-nesta-sexta\/\" \/>\n<meta property=\"og:site_name\" content=\"Suno Not\u00edcias\" \/>\n<meta property=\"article:publisher\" content=\"https:\/\/facebook.com\/sunoresearch\" \/>\n<meta property=\"og:image\" content=\"https:\/\/files.sunoresearch.com.br\/n\/uploads\/2019\/10\/2afc84e0-brexit.jpg\" \/>\n\t<meta property=\"og:image:width\" content=\"2048\" \/>\n\t<meta property=\"og:image:height\" content=\"1365\" \/>\n\t<meta property=\"og:image:type\" content=\"image\/jpeg\" \/>\n<meta name=\"author\" content=\"Jader Lazarini\" \/>\n<meta name=\"twitter:card\" content=\"summary_large_image\" \/>\n<meta name=\"twitter:creator\" content=\"@sunoresearch\" \/>\n<meta name=\"twitter:site\" content=\"@sunoresearch\" \/>\n<meta name=\"twitter:label1\" content=\"Escrito por\" \/>\n\t<meta name=\"twitter:data1\" content=\"Jader Lazarini\" \/>\n\t<meta name=\"twitter:label2\" content=\"Est. tempo de leitura\" \/>\n\t<meta name=\"twitter:data2\" content=\"4 minutos\" \/>\n<script type=\"application\/ld+json\" class=\"yoast-schema-graph\">{\"@context\":\"https:\/\/schema.org\",\"@graph\":[{\"@type\":\"NewsArticle\",\"@id\":\"https:\/\/www.suno.com.br\/noticias\/brexit-oficial-nesta-sexta\/#article\",\"isPartOf\":{\"@id\":\"https:\/\/www.suno.com.br\/noticias\/brexit-oficial-nesta-sexta\/\"},\"author\":{\"name\":\"Jader Lazarini\",\"@id\":\"https:\/\/www.suno.com.br\/noticias\/#\/schema\/person\/918d79de1f0281f01599b93f9ea6e23f\"},\"headline\":\"Brexit: ap\u00f3s mais de tr\u00eas anos, Reino Unido sair\u00e1 oficialmente da UE nesta sexta\",\"datePublished\":\"2020-01-31T11:44:14+00:00\",\"dateModified\":\"2020-01-31T12:20:07+00:00\",\"mainEntityOfPage\":{\"@id\":\"https:\/\/www.suno.com.br\/noticias\/brexit-oficial-nesta-sexta\/\"},\"wordCount\":763,\"publisher\":{\"@id\":\"https:\/\/www.suno.com.br\/noticias\/#organization\"},\"image\":{\"@id\":\"https:\/\/www.suno.com.br\/noticias\/brexit-oficial-nesta-sexta\/#primaryimage\"},\"thumbnailUrl\":\"https:\/\/files.sunoresearch.com.br\/n\/uploads\/2019\/10\/2afc84e0-brexit-jpg.webp\",\"keywords\":[\"Brexit\",\"Reino Unido\",\"Uni\u00e3o Europeia\"],\"articleSection\":[\"Internacional\"],\"inLanguage\":\"pt-BR\"},{\"@type\":\"WebPage\",\"@id\":\"https:\/\/www.suno.com.br\/noticias\/brexit-oficial-nesta-sexta\/\",\"url\":\"https:\/\/www.suno.com.br\/noticias\/brexit-oficial-nesta-sexta\/\",\"name\":\"Brexit: ap\u00f3s tr\u00eas anos do referendo, Reino Unido sair\u00e1 oficialmente da UE\",\"isPartOf\":{\"@id\":\"https:\/\/www.suno.com.br\/noticias\/#website\"},\"primaryImageOfPage\":{\"@id\":\"https:\/\/www.suno.com.br\/noticias\/brexit-oficial-nesta-sexta\/#primaryimage\"},\"image\":{\"@id\":\"https:\/\/www.suno.com.br\/noticias\/brexit-oficial-nesta-sexta\/#primaryimage\"},\"thumbnailUrl\":\"https:\/\/files.sunoresearch.com.br\/n\/uploads\/2019\/10\/2afc84e0-brexit-jpg.webp\",\"datePublished\":\"2020-01-31T11:44:14+00:00\",\"dateModified\":\"2020-01-31T12:20:07+00:00\",\"description\":\"Ap\u00f3s mais de tr\u00eas anos do referendo do Brexit, realizado em junho de 2016, o Reino Unido sair\u00e1 oficialmente da Uni\u00e3o Europeia. Saiba mais.\",\"breadcrumb\":{\"@id\":\"https:\/\/www.suno.com.br\/noticias\/brexit-oficial-nesta-sexta\/#breadcrumb\"},\"inLanguage\":\"pt-BR\",\"potentialAction\":[{\"@type\":\"ReadAction\",\"target\":[\"https:\/\/www.suno.com.br\/noticias\/brexit-oficial-nesta-sexta\/\"]}]},{\"@type\":\"ImageObject\",\"inLanguage\":\"pt-BR\",\"@id\":\"https:\/\/www.suno.com.br\/noticias\/brexit-oficial-nesta-sexta\/#primaryimage\",\"url\":\"https:\/\/files.sunoresearch.com.br\/n\/uploads\/2019\/10\/2afc84e0-brexit-jpg.webp\",\"contentUrl\":\"https:\/\/files.sunoresearch.com.br\/n\/uploads\/2019\/10\/2afc84e0-brexit-jpg.webp\",\"width\":2048,\"height\":1365,\"caption\":\"Brexit: ap\u00f3s mais de tr\u00eas anos, Reino Unido sair\u00e1 oficialmente da UE nesta sexta\"},{\"@type\":\"BreadcrumbList\",\"@id\":\"https:\/\/www.suno.com.br\/noticias\/brexit-oficial-nesta-sexta\/#breadcrumb\",\"itemListElement\":[{\"@type\":\"ListItem\",\"position\":1,\"name\":\"Not\u00edcias\",\"item\":\"https:\/\/www.suno.com.br\/noticias\/\"},{\"@type\":\"ListItem\",\"position\":2,\"name\":\"Internacional\",\"item\":\"https:\/\/www.suno.com.br\/noticias\/internacional\/\"},{\"@type\":\"ListItem\",\"position\":3,\"name\":\"Brexit: ap\u00f3s mais de tr\u00eas anos, Reino Unido sair\u00e1 oficialmente da UE nesta sexta\"}]},{\"@type\":\"WebSite\",\"@id\":\"https:\/\/www.suno.com.br\/noticias\/#website\",\"url\":\"https:\/\/www.suno.com.br\/noticias\/\",\"name\":\"Suno Not\u00edcias\",\"description\":\"Seu portal de informa\u00e7\u00e3o sobre o mundo dos investimentos\",\"publisher\":{\"@id\":\"https:\/\/www.suno.com.br\/noticias\/#organization\"},\"potentialAction\":[{\"@type\":\"SearchAction\",\"target\":{\"@type\":\"EntryPoint\",\"urlTemplate\":\"https:\/\/www.suno.com.br\/noticias\/?s={search_term_string}\"},\"query-input\":{\"@type\":\"PropertyValueSpecification\",\"valueRequired\":true,\"valueName\":\"search_term_string\"}}],\"inLanguage\":\"pt-BR\"},{\"@type\":\"Organization\",\"@id\":\"https:\/\/www.suno.com.br\/noticias\/#organization\",\"name\":\"Suno Not\u00edcias\",\"url\":\"https:\/\/www.suno.com.br\/noticias\/\",\"logo\":{\"@type\":\"ImageObject\",\"inLanguage\":\"pt-BR\",\"@id\":\"https:\/\/www.suno.com.br\/noticias\/#\/schema\/logo\/image\/\",\"url\":\"https:\/\/files.sunoresearch.com.br\/n\/uploads\/2021\/09\/suno-logo.png\",\"contentUrl\":\"https:\/\/files.sunoresearch.com.br\/n\/uploads\/2021\/09\/suno-logo.png\",\"width\":180,\"height\":180,\"caption\":\"Suno Not\u00edcias\"},\"image\":{\"@id\":\"https:\/\/www.suno.com.br\/noticias\/#\/schema\/logo\/image\/\"},\"sameAs\":[\"https:\/\/facebook.com\/sunoresearch\",\"https:\/\/x.com\/sunoresearch\",\"https:\/\/www.instagram.com\/suno\",\"https:\/\/www.linkedin.com\/company\/suno-research\/\",\"https:\/\/www.youtube.com\/c\/sunoresearch\"]},{\"@type\":\"Person\",\"@id\":\"https:\/\/www.suno.com.br\/noticias\/#\/schema\/person\/918d79de1f0281f01599b93f9ea6e23f\",\"name\":\"Jader Lazarini\",\"image\":{\"@type\":\"ImageObject\",\"inLanguage\":\"pt-BR\",\"@id\":\"https:\/\/www.suno.com.br\/noticias\/#\/schema\/person\/image\/\",\"url\":\"https:\/\/secure.gravatar.com\/avatar\/3c1ad8caa51589841baeb923fcddea97?s=96&r=g\",\"contentUrl\":\"https:\/\/secure.gravatar.com\/avatar\/3c1ad8caa51589841baeb923fcddea97?s=96&r=g\",\"caption\":\"Jader Lazarini\"},\"description\":\"Jader Lazarini escreve sobre investimentos, finan\u00e7as, economia e neg\u00f3cios. \u00c9 bacharel em Rela\u00e7\u00f5es Internacionais e analista CNPI (2619).\",\"url\":\"https:\/\/www.suno.com.br\/noticias\/author\/jader-lazarini\/\"}]}<\/script>\n<!-- \/ Yoast SEO plugin. -->","yoast_head_json":{"title":"Brexit: ap\u00f3s tr\u00eas anos do referendo, Reino Unido sair\u00e1 oficialmente da UE","description":"Ap\u00f3s mais de tr\u00eas anos do referendo do Brexit, realizado em junho de 2016, o Reino Unido sair\u00e1 oficialmente da Uni\u00e3o Europeia. Saiba mais.","robots":{"index":"index","follow":"follow","max-snippet":"max-snippet:-1","max-image-preview":"max-image-preview:large","max-video-preview":"max-video-preview:-1"},"canonical":"https:\/\/www.suno.com.br\/noticias\/brexit-oficial-nesta-sexta\/","og_locale":"pt_BR","og_type":"article","og_title":"Brexit: ap\u00f3s tr\u00eas anos do referendo, Reino Unido sair\u00e1 oficialmente da UE","og_description":"Ap\u00f3s mais de tr\u00eas anos do referendo do Brexit, realizado em junho de 2016, o Reino Unido sair\u00e1 oficialmente da Uni\u00e3o Europeia. Saiba mais.","og_url":"https:\/\/www.suno.com.br\/noticias\/brexit-oficial-nesta-sexta\/","og_site_name":"Suno Not\u00edcias","article_publisher":"https:\/\/facebook.com\/sunoresearch","og_image":[{"width":2048,"height":1365,"url":"https:\/\/files.sunoresearch.com.br\/n\/uploads\/2019\/10\/2afc84e0-brexit.jpg","type":"image\/jpeg"}],"author":"Jader Lazarini","twitter_card":"summary_large_image","twitter_creator":"@sunoresearch","twitter_site":"@sunoresearch","twitter_misc":{"Escrito por":"Jader Lazarini","Est. tempo de leitura":"4 minutos"},"schema":{"@context":"https:\/\/schema.org","@graph":[{"@type":"NewsArticle","@id":"https:\/\/www.suno.com.br\/noticias\/brexit-oficial-nesta-sexta\/#article","isPartOf":{"@id":"https:\/\/www.suno.com.br\/noticias\/brexit-oficial-nesta-sexta\/"},"author":{"name":"Jader Lazarini","@id":"https:\/\/www.suno.com.br\/noticias\/#\/schema\/person\/918d79de1f0281f01599b93f9ea6e23f"},"headline":"Brexit: ap\u00f3s mais de tr\u00eas anos, Reino Unido sair\u00e1 oficialmente da UE nesta sexta","datePublished":"2020-01-31T11:44:14+00:00","dateModified":"2020-01-31T12:20:07+00:00","mainEntityOfPage":{"@id":"https:\/\/www.suno.com.br\/noticias\/brexit-oficial-nesta-sexta\/"},"wordCount":763,"publisher":{"@id":"https:\/\/www.suno.com.br\/noticias\/#organization"},"image":{"@id":"https:\/\/www.suno.com.br\/noticias\/brexit-oficial-nesta-sexta\/#primaryimage"},"thumbnailUrl":"https:\/\/files.sunoresearch.com.br\/n\/uploads\/2019\/10\/2afc84e0-brexit-jpg.webp","keywords":["Brexit","Reino Unido","Uni\u00e3o Europeia"],"articleSection":["Internacional"],"inLanguage":"pt-BR"},{"@type":"WebPage","@id":"https:\/\/www.suno.com.br\/noticias\/brexit-oficial-nesta-sexta\/","url":"https:\/\/www.suno.com.br\/noticias\/brexit-oficial-nesta-sexta\/","name":"Brexit: ap\u00f3s tr\u00eas anos do referendo, Reino Unido sair\u00e1 oficialmente da UE","isPartOf":{"@id":"https:\/\/www.suno.com.br\/noticias\/#website"},"primaryImageOfPage":{"@id":"https:\/\/www.suno.com.br\/noticias\/brexit-oficial-nesta-sexta\/#primaryimage"},"image":{"@id":"https:\/\/www.suno.com.br\/noticias\/brexit-oficial-nesta-sexta\/#primaryimage"},"thumbnailUrl":"https:\/\/files.sunoresearch.com.br\/n\/uploads\/2019\/10\/2afc84e0-brexit-jpg.webp","datePublished":"2020-01-31T11:44:14+00:00","dateModified":"2020-01-31T12:20:07+00:00","description":"Ap\u00f3s mais de tr\u00eas anos do referendo do Brexit, realizado em junho de 2016, o Reino Unido sair\u00e1 oficialmente da Uni\u00e3o Europeia. Saiba mais.","breadcrumb":{"@id":"https:\/\/www.suno.com.br\/noticias\/brexit-oficial-nesta-sexta\/#breadcrumb"},"inLanguage":"pt-BR","potentialAction":[{"@type":"ReadAction","target":["https:\/\/www.suno.com.br\/noticias\/brexit-oficial-nesta-sexta\/"]}]},{"@type":"ImageObject","inLanguage":"pt-BR","@id":"https:\/\/www.suno.com.br\/noticias\/brexit-oficial-nesta-sexta\/#primaryimage","url":"https:\/\/files.sunoresearch.com.br\/n\/uploads\/2019\/10\/2afc84e0-brexit-jpg.webp","contentUrl":"https:\/\/files.sunoresearch.com.br\/n\/uploads\/2019\/10\/2afc84e0-brexit-jpg.webp","width":2048,"height":1365,"caption":"Brexit: ap\u00f3s mais de tr\u00eas anos, Reino Unido sair\u00e1 oficialmente da UE nesta sexta"},{"@type":"BreadcrumbList","@id":"https:\/\/www.suno.com.br\/noticias\/brexit-oficial-nesta-sexta\/#breadcrumb","itemListElement":[{"@type":"ListItem","position":1,"name":"Not\u00edcias","item":"https:\/\/www.suno.com.br\/noticias\/"},{"@type":"ListItem","position":2,"name":"Internacional","item":"https:\/\/www.suno.com.br\/noticias\/internacional\/"},{"@type":"ListItem","position":3,"name":"Brexit: ap\u00f3s mais de tr\u00eas anos, Reino Unido sair\u00e1 oficialmente da UE nesta sexta"}]},{"@type":"WebSite","@id":"https:\/\/www.suno.com.br\/noticias\/#website","url":"https:\/\/www.suno.com.br\/noticias\/","name":"Suno Not\u00edcias","description":"Seu portal de informa\u00e7\u00e3o sobre o mundo dos investimentos","publisher":{"@id":"https:\/\/www.suno.com.br\/noticias\/#organization"},"potentialAction":[{"@type":"SearchAction","target":{"@type":"EntryPoint","urlTemplate":"https:\/\/www.suno.com.br\/noticias\/?s={search_term_string}"},"query-input":{"@type":"PropertyValueSpecification","valueRequired":true,"valueName":"search_term_string"}}],"inLanguage":"pt-BR"},{"@type":"Organization","@id":"https:\/\/www.suno.com.br\/noticias\/#organization","name":"Suno Not\u00edcias","url":"https:\/\/www.suno.com.br\/noticias\/","logo":{"@type":"ImageObject","inLanguage":"pt-BR","@id":"https:\/\/www.suno.com.br\/noticias\/#\/schema\/logo\/image\/","url":"https:\/\/files.sunoresearch.com.br\/n\/uploads\/2021\/09\/suno-logo.png","contentUrl":"https:\/\/files.sunoresearch.com.br\/n\/uploads\/2021\/09\/suno-logo.png","width":180,"height":180,"caption":"Suno Not\u00edcias"},"image":{"@id":"https:\/\/www.suno.com.br\/noticias\/#\/schema\/logo\/image\/"},"sameAs":["https:\/\/facebook.com\/sunoresearch","https:\/\/x.com\/sunoresearch","https:\/\/www.instagram.com\/suno","https:\/\/www.linkedin.com\/company\/suno-research\/","https:\/\/www.youtube.com\/c\/sunoresearch"]},{"@type":"Person","@id":"https:\/\/www.suno.com.br\/noticias\/#\/schema\/person\/918d79de1f0281f01599b93f9ea6e23f","name":"Jader Lazarini","image":{"@type":"ImageObject","inLanguage":"pt-BR","@id":"https:\/\/www.suno.com.br\/noticias\/#\/schema\/person\/image\/","url":"https:\/\/secure.gravatar.com\/avatar\/3c1ad8caa51589841baeb923fcddea97?s=96&r=g","contentUrl":"https:\/\/secure.gravatar.com\/avatar\/3c1ad8caa51589841baeb923fcddea97?s=96&r=g","caption":"Jader Lazarini"},"description":"Jader Lazarini escreve sobre investimentos, finan\u00e7as, economia e neg\u00f3cios. \u00c9 bacharel em Rela\u00e7\u00f5es Internacionais e analista CNPI (2619).","url":"https:\/\/www.suno.com.br\/noticias\/author\/jader-lazarini\/"}]}},"default_loop_html":"<div class=\"cardsPage__listCard__boxs\"><div class=\"cardsPage__listCard__boxs__img\"><a href=\"https:\/\/www.suno.com.br\/noticias\/brexit-oficial-nesta-sexta\/\"><img class=\"mask\" src=\"https:\/\/www.suno.com.br\/noticias\/wp-content\/themes\/suno\/resources\/images\/spotlight\/spotlight1img\/bg-mask.png\" alt=\"Image Mask\"\/><img src=\"https:\/\/files.sunoresearch.com.br\/n\/uploads\/2019\/10\/2afc84e0-brexit-400x200.webp\" alt=\"Brexit: ap\u00f3s mais de tr\u00eas anos, Reino Unido sair\u00e1 oficialmente da UE nesta sexta\"\/><\/a><span class=\"spotlightCategory\"><a href=\"https:\/\/www.suno.com.br\/noticias\/internacional\/\">Internacional<\/a><\/span><\/div><div class=\"cardsPage__listCard__boxs__content\"><a href=\"https:\/\/www.suno.com.br\/noticias\/brexit-oficial-nesta-sexta\/\"><h2 class=\"content__title\">Brexit: ap\u00f3s mais de tr\u00eas anos, Reino Unido sair\u00e1 oficialmente da UE nesta sexta<\/h2><\/a><div class=\"newsContent__article__meta\"><div class=\"newsContent__article__meta__authorBox\"><a href=\"https:\/\/www.suno.com.br\/noticias\/author\/jader-lazarini\/\" class=\"authorBox__avatar noMobi\"><img src=\"https:\/\/files.sunoresearch.com.br\/n\/uploads\/2021\/01\/178e6598-foto-perfil-2-150x150.jpg\" alt=\"Jader Lazarini\"><\/a><div class=\"authorBox__name\"><span>por\n\t\t\t<a href=\"https:\/\/www.suno.com.br\/noticias\/author\/jader-lazarini\/\"><span itemprop=\"author\">Jader Lazarini<\/span><\/a><\/span><time datetime=\"2020-01-31T09:44:14-03:00\" itemprop=\"datePublished\">31\/01\/2020 09:44<\/time><\/div><\/div><\/div><\/div><\/div>","single_layout":"posts","amp_enabled":true,"_links":{"self":[{"href":"https:\/\/www.suno.com.br\/noticias\/wp-json\/wp\/v2\/posts\/51520"}],"collection":[{"href":"https:\/\/www.suno.com.br\/noticias\/wp-json\/wp\/v2\/posts"}],"about":[{"href":"https:\/\/www.suno.com.br\/noticias\/wp-json\/wp\/v2\/types\/post"}],"author":[{"embeddable":true,"href":"https:\/\/www.suno.com.br\/noticias\/wp-json\/wp\/v2\/users\/24"}],"replies":[{"embeddable":true,"href":"https:\/\/www.suno.com.br\/noticias\/wp-json\/wp\/v2\/comments?post=51520"}],"version-history":[{"count":0,"href":"https:\/\/www.suno.com.br\/noticias\/wp-json\/wp\/v2\/posts\/51520\/revisions"}],"wp:featuredmedia":[{"embeddable":true,"href":"https:\/\/www.suno.com.br\/noticias\/wp-json\/wp\/v2\/media\/42153"}],"wp:attachment":[{"href":"https:\/\/www.suno.com.br\/noticias\/wp-json\/wp\/v2\/media?parent=51520"}],"wp:term":[{"taxonomy":"category","embeddable":true,"href":"https:\/\/www.suno.com.br\/noticias\/wp-json\/wp\/v2\/categories?post=51520"},{"taxonomy":"post_tag","embeddable":true,"href":"https:\/\/www.suno.com.br\/noticias\/wp-json\/wp\/v2\/tags?post=51520"},{"taxonomy":"suno_strategy","embeddable":true,"href":"https:\/\/www.suno.com.br\/noticias\/wp-json\/wp\/v2\/suno_strategy?post=51520"}],"curies":[{"name":"wp","href":"https:\/\/api.w.org\/{rel}","templated":true}]}}