{"id":515166,"date":"2024-01-24T12:23:13","date_gmt":"2024-01-24T15:23:13","guid":{"rendered":"https:\/\/www.suno.com.br\/noticias\/?p=515166"},"modified":"2024-01-24T12:38:39","modified_gmt":"2024-01-24T15:38:39","slug":"b3-b3sa3-aumentar-dividendos-santander-analistas-evm","status":"publish","type":"post","link":"https:\/\/www.suno.com.br\/noticias\/b3-b3sa3-aumentar-dividendos-santander-analistas-evm\/","title":{"rendered":"B3 (B3SA3) deve aumentar dividendos, mas analistas mant\u00eam cautela; entenda"},"content":{"rendered":"<p>Em novo relat\u00f3rio sobre companhias do segmento financeiro, analistas do Santander reiteraram recomenda\u00e7\u00e3o neutra para as a\u00e7\u00f5es da <a class=\"suno-keyword\" data-force=\"yes\" data-priority=\"2\" href=\"https:\/\/www.suno.com.br\/acoes\/B3SA3\/\" target=\"_blank\" rel=\"noopener\"><strong>B3<\/strong> (B3SA3)<\/a>, apesar de projetaram um aumento expressivo do pagamento de <a class=\"suno-keyword\" data-force=\"no\" data-priority=\"1\" href=\"https:\/\/www.suno.com.br\/guias\/dividendos\/\" target=\"_blank\" rel=\"noopener\">dividendos<\/a> da companhia neste e no pr\u00f3ximo ano.<\/p><div class=\"videoFull \">\n\t\t\t<div class=\"videoWrapper yt-lazyload center\"\n\t\t\t\tdata-width=\"960\"\n\t\t\t\tdata-height=\"540\"\n\t\t\t\tdata-id=\"ILAd6ymzeOM\"\n\t\t\t\tdata-alt=\"V\u00eddeo do YouTube - clique para reproduzir\"\n\t\t\t\tdata-logo=\"3\"\n\t\t\t\tdata-imagequality=\"maxres\">\n\t\t\t<\/div>\n\t\t<\/div><script type=\"application\/ld+json\">{\"@context\":\"https:\/\/schema.org\",\"@type\":\"VideoObject\",\"name\":\"\ud83d\udd34 VALE (VALE3) ENCERRA 'MAR\u00c9 DE BAIXAS' | Nubank troca CEO | Ibovespa sobe\",\"description\":\"#mercadofinanceiro #a\u00e7\u00f5es #investimentos #bolsadevalores #bolsa #ibovespa #dinheiro #finan\u00e7as #pol\u00edtica #d\u00f3lar #livedas19h #petr4 #petr3 #petrobras #vale3 #vale #a\u00e7\u00f5es #economia #dividendos #nubank #roxo34 #nubr33 #ceo \ud83d\udd34 Suno Black com 15% OFF por tempo limitado: https:\/\/lp.suno.com.br\/pv\/webinario-suno-black-2024\/?utm_source=youtube.noticias&utm_medium=live&utm_campaign=RS.WBA24.ns.20240123&utm_content=vendas 00:00 In\u00edcio do v\u00eddeo 01:59 Fechamento de preg\u00e3o 05:15 Entenda a alta de VALE3 12:48 Nubank troca CEO 20:08 IRBR3 dispara 10%\u2026\",\"duration\":\"PT30M24S\",\"embedUrl\":\"https:\/\/www.youtube.com\/embed\/ILAd6ymzeOM\",\"regionsAllowed\":\"en-US\",\"interactionStatistic\":{\"@type\":\"InteractionCounter\",\"interactionType\":{\"@type\":\"WatchAction\"},\"userInteractionCount\":2373},\"thumbnailUrl\":\"https:\/\/i.ytimg.com\/vi\/ILAd6ymzeOM\/default.jpg\",\"uploadDate\":\"2024-01-24T10:43:49Z\"}<\/script>\n\n\n\n\n\t<p>\n\t\t<a href=\"\" target=\"_blank\" data-element=\"shortcode-suno-banner\" title=\"Banner SUNO, clique e saiba mais\">\n\t\t\t<picture>\n\t\t\t\t<source media=\"(max-width: 500px)\" srcset=\"\">\n\t\t\t\t<img class=\"newsContent__article__imgCapa newsContent__article__imgCapa--banner\"\n\t\t\t\t\tsrc=\"\"\n\t\t\t\t\tdata-promo-id=\"265380\"\t\t\t\t\t\t\t\t\t\t\t\t\t\t\talt=\"\"\n\t\t\t\t>\n\t\t\t<\/picture>\n\t\t<\/a>\n\t<\/p>\n\n\n\n\n\n\n\n<p>Os especialistas esperam que as <strong>a\u00e7\u00f5es da B3<\/strong> somem um dividend yield (DY) de 6,7% neste ano e que ele suba para 7,3% no ano de 2025.<\/p>\n\n\n\n<p>Atualmente, <a href=\"https:\/\/statusinvest.com.br\/acoes\/b3sa3\" target=\"_blank\" rel=\"noreferrer noopener\">conforme os dados do Status Invest<\/a>, os <strong>dividendos da B3<\/strong> representam um yield de cerca de 3%, com R$ 0,4185 pagos por a\u00e7\u00e3o no acumulado dos \u00faltimos 12 meses.<\/p>\n\n\n\n<p>O Santander, contudo, aumentou suas proje\u00e7\u00f5es mas ainda mant\u00e9m cautela com os pap\u00e9is <strong>B3SA3<\/strong>. Com recomenda\u00e7\u00e3o neutra, a casa mira um pre\u00e7o-alvo de R$ 17, ante uma cota\u00e7\u00e3o de menos de R$ 14 atualmente.<\/p>\n\n\n\n<p>&#8220;Projetamos crescimento de ADTV (<a href=\"https:\/\/www.suno.com.br\/noticias\/b3-b3sa3-volume-negociacao-dezembro\/\">Volume m\u00e9dio di\u00e1rio negociado<\/a>) de cash equity de 15% na base anual, para R$ 29 bilh\u00f5es, levando a companhia a ter um <a class=\"suno-keyword\" data-force=\"no\" data-priority=\"1\" href=\"https:\/\/www.suno.com.br\/artigos\/lucro-liquido\/\" target=\"_blank\" rel=\"noopener\">lucro l\u00edquido<\/a> ajustado de R$ 5,257 bilh\u00f5es, 5% acima das proje\u00e7\u00f5es do consenso. Os ganhos de efici\u00eancia dever\u00e3o desempenhar um papel importante em 2024, de acordo com o guidance da B3, o que implica um aumento em rela\u00e7\u00e3o ao nosso valor estimado para 2024&#8243;, observa a casa.<\/p>\n\n\n\n<p>&#8220;Atualizamos novamente nossa an\u00e1lise pr\u00e1tica: para cada aumento de R$ 5 bilh\u00f5es em ADTV, nosso pre\u00e7o-alvo aumentaria em cerca de R$ 3,00. Nesse sentido reiteramos nosso pre\u00e7o-alvo de R$ 17,00 por a\u00e7\u00e3o para o exerc\u00edcio de 2024, pois mantemos nossa classifica\u00e7\u00e3o Neutra&#8221;, completa.<\/p>\n\n\n\t<p>\n\t\t<a href=\"https:\/\/lp.suno.com.br\/ebook-como-analisar-uma-acao\/\" target=\"_blank\" data-element=\"shortcode-suno-banner\" title=\"Banner SUNO, clique e saiba mais\">\n\t\t\t<picture>\n\t\t\t\t<source media=\"(max-width: 500px)\" srcset=\"https:\/\/files.sunoresearch.com.br\/n\/uploads\/2023\/03\/Ebook-Acoes-Mobile.jpg\">\n\t\t\t\t<img class=\"newsContent__article__imgCapa newsContent__article__imgCapa--banner\"\n\t\t\t\t\tsrc=\"https:\/\/files.sunoresearch.com.br\/n\/uploads\/2023\/03\/Ebook-Acoes-Desktop.jpg\"\n\t\t\t\t\tdata-promo-id=\"378302\"\t\t\t\t\t\t\t\t\t\twidth='1420' height='286'\t\t\t\t\talt=\"https:\/\/files.sunoresearch.com.br\/n\/uploads\/2023\/03\/Ebook-Acoes-Desktop.jpg\"\n\t\t\t\t>\n\t\t\t<\/picture>\n\t\t<\/a>\n\t<\/p>\n\n\n\n\n\n<p>O otimismo do Santander, assim, fica reservado \u00e0s a\u00e7\u00f5es da <a href=\"https:\/\/www.suno.com.br\/noticias\/mdias-branco-mdia3-projecao-queda-lucro-4t23\/\" target=\"_blank\" rel=\"noreferrer noopener\">XP<\/a> e do <a href=\"https:\/\/www.suno.com.br\/noticias\/credit-suisse-patria-compra-fiis-evm\/\" target=\"_blank\" rel=\"noreferrer noopener\">P\u00e1tria<\/a>, com recomenda\u00e7\u00f5es de compra e pre\u00e7os-alvo de US$ 33 e US$ 23, respectivamente.<\/p>\n\n\n\n<p>&#8220;O m\u00eas de agosto de 2023 registrou o primeiro corte na Selic desde 2020, e nossa equipe macro espera que os cortes continuem gradativamente at\u00e9 o final de 2025, quando a Selic poder\u00e1 atingir 7%&#8221;, observa o Santander.<\/p>\n\n\n\n<p>&#8220;Em ciclos de flexibiliza\u00e7\u00e3o t\u00e3o longos, empresas com beta alto como a XP tendem a ter um bom desempenho, e n\u00f3s acreditam que provavelmente ser\u00e1 o pa\u00eds que mais se beneficiar\u00e1 com uma Selic mais baixa: o desempenho do pre\u00e7o da XP est\u00e1 ~80% correlacionado \u00e0 <a class=\"suno-keyword\" target=\"_blank\" data-force=\"no\" data-priority=\"3\" href=\"https:\/\/www.suno.com.br\/artigos\/taxa-selic\/\" rel=\"noopener\">taxa Selic<\/a>, de acordo com dados hist\u00f3ricos&#8221;, completa.<\/p>\n\n\n\n<h2 class=\"wp-block-heading\">Desempenho das a\u00e7\u00f5es da B3<\/h2>\n\n\n\n<p>As a\u00e7\u00f5es da <strong>B3<\/strong> caem cerca de 2% no intradia desta quarta-feira (24), a cerca de R$ 13,73. Em uma janela de 12 meses, os pap\u00e9is sobem cerca de 10%, contudo.<\/p>\n\n\n\t<p>\n\t\t<a href=\"https:\/\/lp.suno.com.br\/plataforma-de-controle-de-investimentos\/\" target=\"_blank\" data-element=\"shortcode-suno-banner\" title=\"Banner SUNO, clique e saiba mais\">\n\t\t\t<picture>\n\t\t\t\t<source media=\"(max-width: 500px)\" srcset=\"https:\/\/files.sunoresearch.com.br\/n\/uploads\/2023\/03\/400x300-Controle-de-Investimentos.png\">\n\t\t\t\t<img class=\"newsContent__article__imgCapa newsContent__article__imgCapa--banner\"\n\t\t\t\t\tsrc=\"https:\/\/files.sunoresearch.com.br\/n\/uploads\/2023\/03\/1420x240-Controle-de-Investimentos.png\"\n\t\t\t\t\tdata-promo-id=\"383162\"\t\t\t\t\t\t\t\t\t\twidth='1420' height='240'\t\t\t\t\talt=\"https:\/\/files.sunoresearch.com.br\/n\/uploads\/2023\/03\/1420x240-Controle-de-Investimentos.png\"\n\t\t\t\t>\n\t\t\t<\/picture>\n\t\t<\/a>\n\t<\/p>\n\n\n","protected":false},"excerpt":{"rendered":"<p>Em novo relat\u00f3rio sobre companhias do segmento financeiro, analistas do Santander reiteraram recomenda\u00e7\u00e3o neutra para as a\u00e7\u00f5es da B3 (B3SA3), apesar de projetaram um aumento expressivo do pagamento de dividendos da companhia neste e no pr\u00f3ximo ano. Os especialistas esperam que as a\u00e7\u00f5es da B3 somem um dividend yield (DY) de 6,7% neste ano e [&hellip;]<\/p>\n","protected":false},"author":73,"featured_media":406484,"comment_status":"closed","ping_status":"closed","sticky":false,"template":"","format":"standard","meta":[],"categories":[64],"tags":[286,367,295,105816],"suno_strategy":[],"class_list":["post-515166","post","type-post","status-publish","format-standard","has-post-thumbnail","hentry","category-negocios","tag-acoes","tag-b3-b3sa3","tag-dividendos","tag-especialistas"],"yoast_head":"<!-- This site is optimized with the Yoast SEO plugin v24.4 - https:\/\/yoast.com\/wordpress\/plugins\/seo\/ -->\n<title>B3 (B3SA3) deve aumentar dividendos, mas analistas mant\u00eam cautela<\/title>\n<meta name=\"description\" content=\"Os especialistas esperam que as a\u00e7\u00f5es da B3 somem um dividend yield (DY) de 6,7% neste ano e que ele suba para 7,3% no ano de 2025\" \/>\n<meta name=\"robots\" content=\"index, follow, max-snippet:-1, max-image-preview:large, max-video-preview:-1\" \/>\n<link rel=\"canonical\" href=\"https:\/\/www.suno.com.br\/noticias\/b3-b3sa3-aumentar-dividendos-santander-analistas-evm\/\" \/>\n<meta property=\"og:locale\" content=\"pt_BR\" \/>\n<meta property=\"og:type\" content=\"article\" \/>\n<meta property=\"og:title\" content=\"B3 (B3SA3) deve aumentar dividendos, mas analistas mant\u00eam cautela\" \/>\n<meta property=\"og:description\" content=\"Os especialistas esperam que as a\u00e7\u00f5es da B3 somem um dividend yield (DY) de 6,7% neste ano e que ele suba para 7,3% no ano de 2025\" \/>\n<meta property=\"og:url\" content=\"https:\/\/www.suno.com.br\/noticias\/b3-b3sa3-aumentar-dividendos-santander-analistas-evm\/\" \/>\n<meta property=\"og:site_name\" content=\"Suno Not\u00edcias\" \/>\n<meta property=\"article:publisher\" content=\"https:\/\/facebook.com\/sunoresearch\" \/>\n<meta property=\"og:image\" content=\"https:\/\/files.sunoresearch.com.br\/n\/uploads\/2023\/05\/b3-bolsa-valores-sao-paulo-brasil-1.jpg\" \/>\n\t<meta property=\"og:image:width\" content=\"1200\" \/>\n\t<meta property=\"og:image:height\" content=\"800\" \/>\n\t<meta property=\"og:image:type\" content=\"image\/jpeg\" \/>\n<meta name=\"author\" content=\"Eduardo Vargas\" \/>\n<meta name=\"twitter:card\" content=\"summary_large_image\" \/>\n<meta name=\"twitter:creator\" content=\"@sunoresearch\" \/>\n<meta name=\"twitter:site\" content=\"@sunoresearch\" \/>\n<meta name=\"twitter:label1\" content=\"Escrito por\" \/>\n\t<meta name=\"twitter:data1\" content=\"Eduardo Vargas\" \/>\n\t<meta name=\"twitter:label2\" content=\"Est. tempo de leitura\" \/>\n\t<meta name=\"twitter:data2\" content=\"3 minutos\" \/>\n<script type=\"application\/ld+json\" class=\"yoast-schema-graph\">{\"@context\":\"https:\/\/schema.org\",\"@graph\":[{\"@type\":\"NewsArticle\",\"@id\":\"https:\/\/www.suno.com.br\/noticias\/b3-b3sa3-aumentar-dividendos-santander-analistas-evm\/#article\",\"isPartOf\":{\"@id\":\"https:\/\/www.suno.com.br\/noticias\/b3-b3sa3-aumentar-dividendos-santander-analistas-evm\/\"},\"author\":{\"name\":\"Eduardo Vargas\",\"@id\":\"https:\/\/www.suno.com.br\/noticias\/#\/schema\/person\/7f4d362bf3518e76090143ae77bb49a5\"},\"headline\":\"B3 (B3SA3) deve aumentar dividendos, mas analistas mant\u00eam cautela; entenda\",\"datePublished\":\"2024-01-24T15:23:13+00:00\",\"dateModified\":\"2024-01-24T15:38:39+00:00\",\"mainEntityOfPage\":{\"@id\":\"https:\/\/www.suno.com.br\/noticias\/b3-b3sa3-aumentar-dividendos-santander-analistas-evm\/\"},\"wordCount\":434,\"publisher\":{\"@id\":\"https:\/\/www.suno.com.br\/noticias\/#organization\"},\"image\":{\"@id\":\"https:\/\/www.suno.com.br\/noticias\/b3-b3sa3-aumentar-dividendos-santander-analistas-evm\/#primaryimage\"},\"thumbnailUrl\":\"https:\/\/files.sunoresearch.com.br\/n\/uploads\/2023\/05\/b3-bolsa-valores-sao-paulo-brasil-1.jpg\",\"keywords\":[\"A\u00e7\u00f5es\",\"B3 (B3SA3)\",\"dividendos\",\"Especialistas\"],\"articleSection\":[\"Neg\u00f3cios\"],\"inLanguage\":\"pt-BR\"},{\"@type\":\"WebPage\",\"@id\":\"https:\/\/www.suno.com.br\/noticias\/b3-b3sa3-aumentar-dividendos-santander-analistas-evm\/\",\"url\":\"https:\/\/www.suno.com.br\/noticias\/b3-b3sa3-aumentar-dividendos-santander-analistas-evm\/\",\"name\":\"B3 (B3SA3) deve aumentar dividendos, mas analistas mant\u00eam cautela\",\"isPartOf\":{\"@id\":\"https:\/\/www.suno.com.br\/noticias\/#website\"},\"primaryImageOfPage\":{\"@id\":\"https:\/\/www.suno.com.br\/noticias\/b3-b3sa3-aumentar-dividendos-santander-analistas-evm\/#primaryimage\"},\"image\":{\"@id\":\"https:\/\/www.suno.com.br\/noticias\/b3-b3sa3-aumentar-dividendos-santander-analistas-evm\/#primaryimage\"},\"thumbnailUrl\":\"https:\/\/files.sunoresearch.com.br\/n\/uploads\/2023\/05\/b3-bolsa-valores-sao-paulo-brasil-1.jpg\",\"datePublished\":\"2024-01-24T15:23:13+00:00\",\"dateModified\":\"2024-01-24T15:38:39+00:00\",\"description\":\"Os especialistas esperam que as a\u00e7\u00f5es da B3 somem um dividend yield (DY) de 6,7% neste ano e que ele suba para 7,3% no ano de 2025\",\"breadcrumb\":{\"@id\":\"https:\/\/www.suno.com.br\/noticias\/b3-b3sa3-aumentar-dividendos-santander-analistas-evm\/#breadcrumb\"},\"inLanguage\":\"pt-BR\",\"potentialAction\":[{\"@type\":\"ReadAction\",\"target\":[\"https:\/\/www.suno.com.br\/noticias\/b3-b3sa3-aumentar-dividendos-santander-analistas-evm\/\"]}]},{\"@type\":\"ImageObject\",\"inLanguage\":\"pt-BR\",\"@id\":\"https:\/\/www.suno.com.br\/noticias\/b3-b3sa3-aumentar-dividendos-santander-analistas-evm\/#primaryimage\",\"url\":\"https:\/\/files.sunoresearch.com.br\/n\/uploads\/2023\/05\/b3-bolsa-valores-sao-paulo-brasil-1.jpg\",\"contentUrl\":\"https:\/\/files.sunoresearch.com.br\/n\/uploads\/2023\/05\/b3-bolsa-valores-sao-paulo-brasil-1.jpg\",\"width\":1200,\"height\":800,\"caption\":\"IFIX, B3. Foto: iStock\"},{\"@type\":\"BreadcrumbList\",\"@id\":\"https:\/\/www.suno.com.br\/noticias\/b3-b3sa3-aumentar-dividendos-santander-analistas-evm\/#breadcrumb\",\"itemListElement\":[{\"@type\":\"ListItem\",\"position\":1,\"name\":\"Not\u00edcias\",\"item\":\"https:\/\/www.suno.com.br\/noticias\/\"},{\"@type\":\"ListItem\",\"position\":2,\"name\":\"Neg\u00f3cios\",\"item\":\"https:\/\/www.suno.com.br\/noticias\/negocios\/\"},{\"@type\":\"ListItem\",\"position\":3,\"name\":\"B3 (B3SA3) deve aumentar dividendos, mas analistas mant\u00eam cautela; entenda\"}]},{\"@type\":\"WebSite\",\"@id\":\"https:\/\/www.suno.com.br\/noticias\/#website\",\"url\":\"https:\/\/www.suno.com.br\/noticias\/\",\"name\":\"Suno Not\u00edcias\",\"description\":\"Seu portal de informa\u00e7\u00e3o sobre o mundo dos investimentos\",\"publisher\":{\"@id\":\"https:\/\/www.suno.com.br\/noticias\/#organization\"},\"potentialAction\":[{\"@type\":\"SearchAction\",\"target\":{\"@type\":\"EntryPoint\",\"urlTemplate\":\"https:\/\/www.suno.com.br\/noticias\/?s={search_term_string}\"},\"query-input\":{\"@type\":\"PropertyValueSpecification\",\"valueRequired\":true,\"valueName\":\"search_term_string\"}}],\"inLanguage\":\"pt-BR\"},{\"@type\":\"Organization\",\"@id\":\"https:\/\/www.suno.com.br\/noticias\/#organization\",\"name\":\"Suno Not\u00edcias\",\"url\":\"https:\/\/www.suno.com.br\/noticias\/\",\"logo\":{\"@type\":\"ImageObject\",\"inLanguage\":\"pt-BR\",\"@id\":\"https:\/\/www.suno.com.br\/noticias\/#\/schema\/logo\/image\/\",\"url\":\"https:\/\/files.sunoresearch.com.br\/n\/uploads\/2021\/09\/suno-logo.png\",\"contentUrl\":\"https:\/\/files.sunoresearch.com.br\/n\/uploads\/2021\/09\/suno-logo.png\",\"width\":180,\"height\":180,\"caption\":\"Suno Not\u00edcias\"},\"image\":{\"@id\":\"https:\/\/www.suno.com.br\/noticias\/#\/schema\/logo\/image\/\"},\"sameAs\":[\"https:\/\/facebook.com\/sunoresearch\",\"https:\/\/x.com\/sunoresearch\",\"https:\/\/www.instagram.com\/suno\",\"https:\/\/www.linkedin.com\/company\/suno-research\/\",\"https:\/\/www.youtube.com\/c\/sunoresearch\"]},{\"@type\":\"Person\",\"@id\":\"https:\/\/www.suno.com.br\/noticias\/#\/schema\/person\/7f4d362bf3518e76090143ae77bb49a5\",\"name\":\"Eduardo Vargas\",\"image\":{\"@type\":\"ImageObject\",\"inLanguage\":\"pt-BR\",\"@id\":\"https:\/\/www.suno.com.br\/noticias\/#\/schema\/person\/image\/\",\"url\":\"https:\/\/secure.gravatar.com\/avatar\/dac340933427a22924c9f99d1eb2e3f2?s=96&r=g\",\"contentUrl\":\"https:\/\/secure.gravatar.com\/avatar\/dac340933427a22924c9f99d1eb2e3f2?s=96&r=g\",\"caption\":\"Eduardo Vargas\"},\"description\":\"Jornalista formado pela UFSC, cobre macroeconomia, neg\u00f3cios e startups para o Suno Not\u00edcias, escrevendo principalmente not\u00edcias sobre o mercado financeiro e a bolsa de valores. No YouTube e no Instagram, \u00e9 respons\u00e1vel pela produ\u00e7\u00e3o de Reels e Shorts do Suno Not\u00edcias. Anteriormente, trabalhou cobrindo economia e cotidiano no ND+ e para o ND, maior jornal impresso de Santa Catarina. Cursou um semestre letivo de Estudos de M\u00eddia na Universidad de Buenos Aires.\",\"url\":\"https:\/\/www.suno.com.br\/noticias\/author\/eduardo-vargas\/\"}]}<\/script>\n<!-- \/ Yoast SEO plugin. -->","yoast_head_json":{"title":"B3 (B3SA3) deve aumentar dividendos, mas analistas mant\u00eam cautela","description":"Os especialistas esperam que as a\u00e7\u00f5es da B3 somem um dividend yield (DY) de 6,7% neste ano e que ele suba para 7,3% no ano de 2025","robots":{"index":"index","follow":"follow","max-snippet":"max-snippet:-1","max-image-preview":"max-image-preview:large","max-video-preview":"max-video-preview:-1"},"canonical":"https:\/\/www.suno.com.br\/noticias\/b3-b3sa3-aumentar-dividendos-santander-analistas-evm\/","og_locale":"pt_BR","og_type":"article","og_title":"B3 (B3SA3) deve aumentar dividendos, mas analistas mant\u00eam cautela","og_description":"Os especialistas esperam que as a\u00e7\u00f5es da B3 somem um dividend yield (DY) de 6,7% neste ano e que ele suba para 7,3% no ano de 2025","og_url":"https:\/\/www.suno.com.br\/noticias\/b3-b3sa3-aumentar-dividendos-santander-analistas-evm\/","og_site_name":"Suno Not\u00edcias","article_publisher":"https:\/\/facebook.com\/sunoresearch","og_image":[{"width":1200,"height":800,"url":"https:\/\/files.sunoresearch.com.br\/n\/uploads\/2023\/05\/b3-bolsa-valores-sao-paulo-brasil-1.jpg","type":"image\/jpeg"}],"author":"Eduardo Vargas","twitter_card":"summary_large_image","twitter_creator":"@sunoresearch","twitter_site":"@sunoresearch","twitter_misc":{"Escrito por":"Eduardo Vargas","Est. tempo de leitura":"3 minutos"},"schema":{"@context":"https:\/\/schema.org","@graph":[{"@type":"NewsArticle","@id":"https:\/\/www.suno.com.br\/noticias\/b3-b3sa3-aumentar-dividendos-santander-analistas-evm\/#article","isPartOf":{"@id":"https:\/\/www.suno.com.br\/noticias\/b3-b3sa3-aumentar-dividendos-santander-analistas-evm\/"},"author":{"name":"Eduardo Vargas","@id":"https:\/\/www.suno.com.br\/noticias\/#\/schema\/person\/7f4d362bf3518e76090143ae77bb49a5"},"headline":"B3 (B3SA3) deve aumentar dividendos, mas analistas mant\u00eam cautela; entenda","datePublished":"2024-01-24T15:23:13+00:00","dateModified":"2024-01-24T15:38:39+00:00","mainEntityOfPage":{"@id":"https:\/\/www.suno.com.br\/noticias\/b3-b3sa3-aumentar-dividendos-santander-analistas-evm\/"},"wordCount":434,"publisher":{"@id":"https:\/\/www.suno.com.br\/noticias\/#organization"},"image":{"@id":"https:\/\/www.suno.com.br\/noticias\/b3-b3sa3-aumentar-dividendos-santander-analistas-evm\/#primaryimage"},"thumbnailUrl":"https:\/\/files.sunoresearch.com.br\/n\/uploads\/2023\/05\/b3-bolsa-valores-sao-paulo-brasil-1.jpg","keywords":["A\u00e7\u00f5es","B3 (B3SA3)","dividendos","Especialistas"],"articleSection":["Neg\u00f3cios"],"inLanguage":"pt-BR"},{"@type":"WebPage","@id":"https:\/\/www.suno.com.br\/noticias\/b3-b3sa3-aumentar-dividendos-santander-analistas-evm\/","url":"https:\/\/www.suno.com.br\/noticias\/b3-b3sa3-aumentar-dividendos-santander-analistas-evm\/","name":"B3 (B3SA3) deve aumentar dividendos, mas analistas mant\u00eam cautela","isPartOf":{"@id":"https:\/\/www.suno.com.br\/noticias\/#website"},"primaryImageOfPage":{"@id":"https:\/\/www.suno.com.br\/noticias\/b3-b3sa3-aumentar-dividendos-santander-analistas-evm\/#primaryimage"},"image":{"@id":"https:\/\/www.suno.com.br\/noticias\/b3-b3sa3-aumentar-dividendos-santander-analistas-evm\/#primaryimage"},"thumbnailUrl":"https:\/\/files.sunoresearch.com.br\/n\/uploads\/2023\/05\/b3-bolsa-valores-sao-paulo-brasil-1.jpg","datePublished":"2024-01-24T15:23:13+00:00","dateModified":"2024-01-24T15:38:39+00:00","description":"Os especialistas esperam que as a\u00e7\u00f5es da B3 somem um dividend yield (DY) de 6,7% neste ano e que ele suba para 7,3% no ano de 2025","breadcrumb":{"@id":"https:\/\/www.suno.com.br\/noticias\/b3-b3sa3-aumentar-dividendos-santander-analistas-evm\/#breadcrumb"},"inLanguage":"pt-BR","potentialAction":[{"@type":"ReadAction","target":["https:\/\/www.suno.com.br\/noticias\/b3-b3sa3-aumentar-dividendos-santander-analistas-evm\/"]}]},{"@type":"ImageObject","inLanguage":"pt-BR","@id":"https:\/\/www.suno.com.br\/noticias\/b3-b3sa3-aumentar-dividendos-santander-analistas-evm\/#primaryimage","url":"https:\/\/files.sunoresearch.com.br\/n\/uploads\/2023\/05\/b3-bolsa-valores-sao-paulo-brasil-1.jpg","contentUrl":"https:\/\/files.sunoresearch.com.br\/n\/uploads\/2023\/05\/b3-bolsa-valores-sao-paulo-brasil-1.jpg","width":1200,"height":800,"caption":"IFIX, B3. Foto: iStock"},{"@type":"BreadcrumbList","@id":"https:\/\/www.suno.com.br\/noticias\/b3-b3sa3-aumentar-dividendos-santander-analistas-evm\/#breadcrumb","itemListElement":[{"@type":"ListItem","position":1,"name":"Not\u00edcias","item":"https:\/\/www.suno.com.br\/noticias\/"},{"@type":"ListItem","position":2,"name":"Neg\u00f3cios","item":"https:\/\/www.suno.com.br\/noticias\/negocios\/"},{"@type":"ListItem","position":3,"name":"B3 (B3SA3) deve aumentar dividendos, mas analistas mant\u00eam cautela; entenda"}]},{"@type":"WebSite","@id":"https:\/\/www.suno.com.br\/noticias\/#website","url":"https:\/\/www.suno.com.br\/noticias\/","name":"Suno Not\u00edcias","description":"Seu portal de informa\u00e7\u00e3o sobre o mundo dos investimentos","publisher":{"@id":"https:\/\/www.suno.com.br\/noticias\/#organization"},"potentialAction":[{"@type":"SearchAction","target":{"@type":"EntryPoint","urlTemplate":"https:\/\/www.suno.com.br\/noticias\/?s={search_term_string}"},"query-input":{"@type":"PropertyValueSpecification","valueRequired":true,"valueName":"search_term_string"}}],"inLanguage":"pt-BR"},{"@type":"Organization","@id":"https:\/\/www.suno.com.br\/noticias\/#organization","name":"Suno Not\u00edcias","url":"https:\/\/www.suno.com.br\/noticias\/","logo":{"@type":"ImageObject","inLanguage":"pt-BR","@id":"https:\/\/www.suno.com.br\/noticias\/#\/schema\/logo\/image\/","url":"https:\/\/files.sunoresearch.com.br\/n\/uploads\/2021\/09\/suno-logo.png","contentUrl":"https:\/\/files.sunoresearch.com.br\/n\/uploads\/2021\/09\/suno-logo.png","width":180,"height":180,"caption":"Suno Not\u00edcias"},"image":{"@id":"https:\/\/www.suno.com.br\/noticias\/#\/schema\/logo\/image\/"},"sameAs":["https:\/\/facebook.com\/sunoresearch","https:\/\/x.com\/sunoresearch","https:\/\/www.instagram.com\/suno","https:\/\/www.linkedin.com\/company\/suno-research\/","https:\/\/www.youtube.com\/c\/sunoresearch"]},{"@type":"Person","@id":"https:\/\/www.suno.com.br\/noticias\/#\/schema\/person\/7f4d362bf3518e76090143ae77bb49a5","name":"Eduardo Vargas","image":{"@type":"ImageObject","inLanguage":"pt-BR","@id":"https:\/\/www.suno.com.br\/noticias\/#\/schema\/person\/image\/","url":"https:\/\/secure.gravatar.com\/avatar\/dac340933427a22924c9f99d1eb2e3f2?s=96&r=g","contentUrl":"https:\/\/secure.gravatar.com\/avatar\/dac340933427a22924c9f99d1eb2e3f2?s=96&r=g","caption":"Eduardo Vargas"},"description":"Jornalista formado pela UFSC, cobre macroeconomia, neg\u00f3cios e startups para o Suno Not\u00edcias, escrevendo principalmente not\u00edcias sobre o mercado financeiro e a bolsa de valores. No YouTube e no Instagram, \u00e9 respons\u00e1vel pela produ\u00e7\u00e3o de Reels e Shorts do Suno Not\u00edcias. Anteriormente, trabalhou cobrindo economia e cotidiano no ND+ e para o ND, maior jornal impresso de Santa Catarina. Cursou um semestre letivo de Estudos de M\u00eddia na Universidad de Buenos Aires.","url":"https:\/\/www.suno.com.br\/noticias\/author\/eduardo-vargas\/"}]}},"default_loop_html":"<div class=\"cardsPage__listCard__boxs\"><div class=\"cardsPage__listCard__boxs__img\"><a href=\"https:\/\/www.suno.com.br\/noticias\/b3-b3sa3-aumentar-dividendos-santander-analistas-evm\/\"><img class=\"mask\" src=\"https:\/\/www.suno.com.br\/noticias\/wp-content\/themes\/suno\/resources\/images\/spotlight\/spotlight1img\/bg-mask.png\" alt=\"Image Mask\"\/><img src=\"https:\/\/files.sunoresearch.com.br\/n\/uploads\/2023\/05\/b3-bolsa-valores-sao-paulo-brasil-1-400x200.jpg\" alt=\"B3 (B3SA3) deve aumentar dividendos, mas analistas mant\u00eam cautela; entenda\"\/><\/a><span class=\"spotlightCategory\"><a href=\"https:\/\/www.suno.com.br\/noticias\/negocios\/\">Neg\u00f3cios<\/a><\/span><\/div><div class=\"cardsPage__listCard__boxs__content\"><a href=\"https:\/\/www.suno.com.br\/noticias\/b3-b3sa3-aumentar-dividendos-santander-analistas-evm\/\"><h2 class=\"content__title\">B3 (B3SA3) deve aumentar dividendos, mas analistas mant\u00eam cautela; entenda<\/h2><\/a><div class=\"newsContent__article__meta\"><div class=\"newsContent__article__meta__authorBox\"><a href=\"https:\/\/www.suno.com.br\/noticias\/author\/eduardo-vargas\/\" class=\"authorBox__avatar noMobi\"><img src=\"https:\/\/secure.gravatar.com\/avatar\/dac340933427a22924c9f99d1eb2e3f2?s=96&#038;r=g\" alt=\"Eduardo Vargas\"><\/a><div class=\"authorBox__name\"><span>por\n\t\t\t<a href=\"https:\/\/www.suno.com.br\/noticias\/author\/eduardo-vargas\/\"><span itemprop=\"author\">Eduardo Vargas<\/span><\/a><\/span><time datetime=\"2024-01-24T12:23:13-03:00\" itemprop=\"datePublished\">24\/01\/2024 12:23<\/time><\/div><\/div><\/div><\/div><\/div>","single_layout":"posts","amp_enabled":true,"_links":{"self":[{"href":"https:\/\/www.suno.com.br\/noticias\/wp-json\/wp\/v2\/posts\/515166"}],"collection":[{"href":"https:\/\/www.suno.com.br\/noticias\/wp-json\/wp\/v2\/posts"}],"about":[{"href":"https:\/\/www.suno.com.br\/noticias\/wp-json\/wp\/v2\/types\/post"}],"author":[{"embeddable":true,"href":"https:\/\/www.suno.com.br\/noticias\/wp-json\/wp\/v2\/users\/73"}],"replies":[{"embeddable":true,"href":"https:\/\/www.suno.com.br\/noticias\/wp-json\/wp\/v2\/comments?post=515166"}],"version-history":[{"count":2,"href":"https:\/\/www.suno.com.br\/noticias\/wp-json\/wp\/v2\/posts\/515166\/revisions"}],"predecessor-version":[{"id":515203,"href":"https:\/\/www.suno.com.br\/noticias\/wp-json\/wp\/v2\/posts\/515166\/revisions\/515203"}],"wp:featuredmedia":[{"embeddable":true,"href":"https:\/\/www.suno.com.br\/noticias\/wp-json\/wp\/v2\/media\/406484"}],"wp:attachment":[{"href":"https:\/\/www.suno.com.br\/noticias\/wp-json\/wp\/v2\/media?parent=515166"}],"wp:term":[{"taxonomy":"category","embeddable":true,"href":"https:\/\/www.suno.com.br\/noticias\/wp-json\/wp\/v2\/categories?post=515166"},{"taxonomy":"post_tag","embeddable":true,"href":"https:\/\/www.suno.com.br\/noticias\/wp-json\/wp\/v2\/tags?post=515166"},{"taxonomy":"suno_strategy","embeddable":true,"href":"https:\/\/www.suno.com.br\/noticias\/wp-json\/wp\/v2\/suno_strategy?post=515166"}],"curies":[{"name":"wp","href":"https:\/\/api.w.org\/{rel}","templated":true}]}}