{"id":515071,"date":"2024-01-24T10:14:57","date_gmt":"2024-01-24T13:14:57","guid":{"rendered":"https:\/\/www.suno.com.br\/noticias\/?p=515071"},"modified":"2024-01-24T10:16:26","modified_gmt":"2024-01-24T13:16:26","slug":"auren-aure3-enegizacao-usina-mg-gpj","status":"publish","type":"post","link":"https:\/\/www.suno.com.br\/noticias\/auren-aure3-enegizacao-usina-mg-gpj\/","title":{"rendered":"Auren (AURE3) inicia energiza\u00e7\u00e3o de primeiros m\u00f3dulos fotovoltaicos de usina em Minas Gerais"},"content":{"rendered":"<p>A <strong>Auren<\/strong> Energia (<a href=\"https:\/\/statusinvest.com.br\/acoes\/aure3\">AURE3<\/a>) comunicou ao mercado que iniciou a energiza\u00e7\u00e3o dos dois primeiros conjuntos de m\u00f3dulos fotovoltaicos da Usina Sol de Ja\u00edba, localizada no munic\u00edpio de Ja\u00edba (MG), com capacidade de 100,6 megawatt-pico (MWp).<\/p>\t<div class=\"wrapper-featured-image\">\n\t\t<figure class=\"spotlightImg\">\n\n\t\t\t<picture>\n\t\t\t\t<source media=\"(max-width: 768px)\" srcset=\"https:\/\/files.sunoresearch.com.br\/n\/uploads\/2024\/01\/photovoltaic-2799982_1280-400x200.jpg\">\n\t\t\t\t<img loading=\"lazy\" decoding=\"async\" class=\"newsContent__article__imgCapa lazyloadDisabled \" src=\"https:\/\/files.sunoresearch.com.br\/n\/uploads\/2024\/01\/photovoltaic-2799982_1280-800x450.jpg\" width=\"800\" height=\"450\" alt=\"Auren (AURE3) inicia energiza\u00e7\u00e3o de primeiros m\u00f3dulos fotovoltaicos de usina em Minas Gerais\" fetchpriority=high \/>\n\t\t\t<\/picture>\n\n\t\t\t<figcaption class=\"wp-caption-text wp-caption-text--show\">Auren Energia (AURE3). Foto: Pixabay.<\/figcaption>\n\t\t<\/figure>\n\t<\/div>\n\n\n\n\n\n\n\n\t<p>\n\t\t<a href=\"https:\/\/lp.suno.com.br\/planilha-da-vida-financeira\/\" target=\"_blank\" data-element=\"shortcode-suno-banner\" title=\"Banner SUNO, clique e saiba mais\">\n\t\t\t<picture>\n\t\t\t\t<source media=\"(max-width: 500px)\" srcset=\"https:\/\/files.sunoresearch.com.br\/n\/uploads\/2023\/04\/400x300-Planilha-vida-financeira-true.png\">\n\t\t\t\t<img class=\"newsContent__article__imgCapa newsContent__article__imgCapa--banner\"\n\t\t\t\t\tsrc=\"https:\/\/files.sunoresearch.com.br\/n\/uploads\/2023\/04\/1420x240-Planilha-vida-financeira-true.png\"\n\t\t\t\t\tdata-promo-id=\"106682\"\t\t\t\t\t\t\t\t\t\twidth='1420' height='240'\t\t\t\t\talt=\"https:\/\/files.sunoresearch.com.br\/n\/uploads\/2023\/04\/1420x240-Planilha-vida-financeira-true.png\"\n\t\t\t\t>\n\t\t\t<\/picture>\n\t\t<\/a>\n\t<\/p>\n\n\n\n\n\n<p>Segundo a Auren, a <strong>energiza\u00e7\u00e3o<\/strong> ocorreu antes da data prevista no cronograma e em linha com o <a href=\"https:\/\/www.suno.com.br\/artigos\/plano-de-negocios\/\">plano de neg\u00f3cios<\/a> do projeto. <\/p>\n\n\n\n<p>&#8220;A conclus\u00e3o desta primeira etapa refor\u00e7a o compromisso da Auren com a disciplina na aloca\u00e7\u00e3o de capital, a cont\u00ednua gera\u00e7\u00e3o de valor aos seus stakeholders e sua estrat\u00e9gia de crescimento e diversifica\u00e7\u00e3o de portf\u00f3lio&#8221;, destacou a companhia.<\/p>\n\n\n\n<p>Ainda de acordo com a companhia, o <strong>projeto Sol de Ja\u00edba<\/strong>, de 629,9 MWp de <a href=\"https:\/\/www.suno.com.br\/artigos\/capacidade-instalada\/\">capacidade instalada<\/a>, localizado em <strong>Ja\u00edba<\/strong>, no norte do Estado de Minas Gerais, &#8220;ser\u00e1 uma das maiores usinas fotovoltaicas do Brasil, com escala e geografia complementares ao portf\u00f3lio de gera\u00e7\u00e3o da companhia&#8221;.<\/p>\n\n\n\n\t<div data-element=\"shortcode-read-more\" class=\"readToo\">\n\t\t\t\t<span class=\"readToo__title\">Leia mais<\/span>\n\t\t\t\t<ul class=\"readToo__list\">\n\t\t\t<li><a href=\"https:\/\/www.suno.com.br\/noticias\/fiagros-clima-elnino-otimismo-ar\/\">Fiagros em 2024: quest\u00f5es clim\u00e1ticas podem impactar os pap\u00e9is? Confira vis\u00e3o de analistas<\/a><\/li><li><a href=\"https:\/\/www.suno.com.br\/noticias\/b3-b3sa3-estrangeiros-saque-recorde-gpj\/\">B3 (B3SA3): estrangeiros realizam maior saque em \u00fanico dia em quase tr\u00eas anos<\/a><\/li><li><a href=\"https:\/\/www.suno.com.br\/noticias\/gol-goll4-credito-combustivel-pagamento-gpj\/\">Gol (GOLL4) perde cr\u00e9dito com distribuidoras e tem que pagar combust\u00edvel \u00e0 vista, diz jornal<\/a><\/li>\t\t<\/ul>\n\t<\/div>\n\n\n\n\n<h2 class=\"wp-block-heading\">Auren (AURE3) anuncia in\u00edcio de opera\u00e7\u00e3o de usina solar no Piau\u00ed<\/h2>\n\n\n\n<p>A<strong>\u00a0<\/strong>Auren\u00a0anunciou o in\u00edcio da opera\u00e7\u00e3o comercial da usina fotovoltaica <strong>Sol do Piau\u00ed<\/strong>, localizada no munic\u00edpio de Curral Novo (PI), adicionando 48 megawatts (MW) ao portf\u00f3lio da companhia, de acordo com comunicado enviado \u00e0\u00a0<a href=\"https:\/\/www.suno.com.br\/artigos\/cvm\/\" target=\"_blank\" rel=\"noreferrer noopener\">Comiss\u00e3o de Valores Mobili\u00e1rios (CVM)<\/a>\u00a0no \u00faltimo dia 3 de janeiro.<\/p>\n\n\n\n<p>A el\u00e9trica, considerada a nova queridinha do mercado, por causa dos&nbsp;<a href=\"https:\/\/www.suno.com.br\/guias\/dividendos\/\" target=\"_blank\" rel=\"noreferrer noopener\">dividendos<\/a>&nbsp;e caixa robustos, informou que a&nbsp;<strong>nova usina no Piau\u00ed<\/strong>&nbsp;compartilha a infraestrutura de conex\u00e3o ao sistema el\u00e9trico de transmiss\u00e3o com o complexo e\u00f3lico Ventos do Piau\u00ed I, que possui&nbsp;<a href=\"https:\/\/www.suno.com.br\/artigos\/capacidade-instalada\/\" target=\"_blank\" rel=\"noreferrer noopener\">capacidade instalada<\/a>&nbsp;de 206 MW.<\/p>\n\n\n\t<p>\n\t\t<a href=\"https:\/\/lp.suno.com.br\/ebook-como-analisar-uma-acao\/\" target=\"_blank\" data-element=\"shortcode-suno-banner\" title=\"Banner SUNO, clique e saiba mais\">\n\t\t\t<picture>\n\t\t\t\t<source media=\"(max-width: 500px)\" srcset=\"https:\/\/files.sunoresearch.com.br\/n\/uploads\/2023\/03\/Ebook-Acoes-Mobile.jpg\">\n\t\t\t\t<img class=\"newsContent__article__imgCapa newsContent__article__imgCapa--banner\"\n\t\t\t\t\tsrc=\"https:\/\/files.sunoresearch.com.br\/n\/uploads\/2023\/03\/Ebook-Acoes-Desktop.jpg\"\n\t\t\t\t\tdata-promo-id=\"378302\"\t\t\t\t\t\t\t\t\t\twidth='1420' height='286'\t\t\t\t\talt=\"https:\/\/files.sunoresearch.com.br\/n\/uploads\/2023\/03\/Ebook-Acoes-Desktop.jpg\"\n\t\t\t\t>\n\t\t\t<\/picture>\n\t\t<\/a>\n\t<\/p>\n\n\n\n\n\n<h2 class=\"wp-block-heading\">Telef\u00f4nica (VIVT3) e Auren criam joint venture focada em energia renov\u00e1vel<\/h2>\n\n\n\n<p>Em dezembro, a&nbsp;<strong>Telef\u00f4nica&nbsp;<\/strong>Brasil (<a href=\"https:\/\/www.suno.com.br\/acoes\/vivt3\/\" target=\"_blank\" rel=\"noreferrer noopener\">VIVT3<\/a>) e a&nbsp;<strong>Auren Energia<\/strong>&nbsp;(AURE3), por meio de sua controlada Auren Comercializadora de Energia, firmaram acordo de investimento para a constitui\u00e7\u00e3o de uma joint venture, focada na comercializa\u00e7\u00e3o de solu\u00e7\u00f5es customizadas em energia renov\u00e1vel em todo o Brasil.<\/p>\n\n\n\n<p>Em comunicado, a Telef\u00f4nica afirmou que cada acionista deter\u00e1 50% de participa\u00e7\u00e3o acion\u00e1ria.<\/p>\n\n\n\n<p>A futura&nbsp;<strong>joint-venture com a<\/strong>&nbsp;<strong>Auren&nbsp;<\/strong>pretende se posicionar no&nbsp;<a href=\"https:\/\/www.suno.com.br\/artigos\/mercado-livre-de-energia\/\">mercado livre de energia<\/a>&nbsp;do Brasil, cuja abertura vem sendo implementada de forma gradativa e, a partir de janeiro de 2024, estar\u00e1 acess\u00edvel a clientes do setor empresarial ligados \u00e0 rede de alta tens\u00e3o com demanda inferior a 500kW, diz a Telef\u00f4nica.<\/p>\n\n\n\n<p>\u201cO potencial mercado de atua\u00e7\u00e3o da joint venture \u00e9 estimado em mais de 72 mil grandes empresas entre f\u00e1bricas, escrit\u00f3rios e estabelecimentos comerciais, al\u00e9m de preparar-se para, no futuro, atuar nos segmentos de baixa tens\u00e3o e residencial em um cen\u00e1rio de abertura total do mercado de eletricidade brasileiro\u201d, pontua.<\/p>\n\n\n\n<p>Ainda de acordo com a Telef\u00f4nica, a conclus\u00e3o da opera\u00e7\u00e3o est\u00e1 sujeita \u00e0 obten\u00e7\u00e3o das autoriza\u00e7\u00f5es antitruste aplic\u00e1veis, condi\u00e7\u00e3o precedente para a constitui\u00e7\u00e3o da<strong>&nbsp;<\/strong>joint venture da Telef\u00f4nica com a&nbsp;<strong>Auren <\/strong>Energia. Disse tamb\u00e9m que ap\u00f3s a devida constitui\u00e7\u00e3o, a nova empresa iniciar\u00e1 os procedimentos necess\u00e1rios para obten\u00e7\u00e3o das respectivas licen\u00e7as e autoriza\u00e7\u00f5es para o desenvolvimento dos seus neg\u00f3cios, cujas atividades t\u00eam previs\u00e3o para in\u00edcio no segundo semestre de 2024, e contar\u00e1 com uma equipe pr\u00f3pria e independente.<\/p>\n\n\n\n<h2 class=\"wp-block-heading\">Desempenho das a\u00e7\u00f5es de Auren Energia<\/h2>\n\n\n\n<div class=\"pluginQuotation\">\n  <p class=\"ticker\">\n    Cota\u00e7\u00e3o <span>AURE3<\/span>\n  <\/p>\n  <div class=\"info\">\n    <div class=\"leftSide\">\n      Gr\u00e1fico gerado em: 24\/01\/2024    <\/div>\n\t\t\t\t\t<div class=\"rightSide\">\n\t\t\t\t\t<span class=\"period\">\n\t\t\t\t\t\t1 Dia\t\t\t\t\t<\/span>\n\t\t\t<\/div>\n\t\t  <\/div>\n\n  <div id=\"chart-3edc22003656d2dbc58366ab989faf07\" data-block-hash=\"3edc22003656d2dbc58366ab989faf07\"  class=\"chart\" style=\"width:100%;height:400px;\"><\/div>\n\n  <div class=\"pluginQuotation__footer\">\n    <div class=\"dataChart\">\n\n      <div class=\"dataChart__div1 variation\">\n        <div class=\"value-negative\">\n          0,00 (0,00%)        <\/div>\n        <div class=\"text\">\n          Varia\u00e7\u00e3o do per\u00edodo\n        <\/div>\n      <\/div>\n\n      <div class=\"dataChart__div2 minMax\">\n        <div class=\"value\">\n          R$\u00a013,08        <\/div>\n        <div class=\"text\">\n          M\u00ednima\n        <\/div>\n      <\/div>\n\n      <div class=\"dataChart__div3 minMax\">\n        <div class=\"value\">\n          R$\u00a013,20        <\/div>\n        <div class=\"text\">\n          M\u00e1xima\n        <\/div>\n      <\/div>\n\n\t\t\t<div class=\"dataChart__div4 rightSide\">\n\t\t\t\t<div class=\"analiticaSource\">\n\t\t\t\t\t<span>\n\t\t\t\t\t\tFonte:\n\t\t\t\t\t<\/span>\n\t\t\t\t\t<img decoding=\"async\" class=\"analiticaLogo\" src=\"https:\/\/www.suno.com.br\/noticias\/wp-content\/plugins\/suno-block-ticker-quotation\/src\/suno-analitica-logo.png\" alt=\"Logo Suno Anal\u00edtica\" \/>\n\t\t\t\t<\/div>\n\n\t\t\t\t<a href=\"https:\/\/www.suno.com.br\/analitica\/acoes\/AURE3\" target=\"_blank\">\n\t\t\t\t\t<span>\n\t\t\t\t\t\tVer mais cota\u00e7\u00f5es\n\t\t\t\t\t<\/span>\n\t\t\t\t\t<svg xmlns=\"http:\/\/www.w3.org\/2000\/svg\" width=\"9\" height=\"8\" viewBox=\"0 0 9 8\" fill=\"none\">\n\t\t\t\t\t\t<path d=\"M4.20996 0L3.50496 0.705L6.29496 3.5H0.209961V4.5H6.29496L3.50496 7.295L4.20996 8L8.20996 4L4.20996 0Z\" fill=\"#D42126\" \/>\n\t\t\t\t\t<\/svg>\n\t\t\t\t<\/a>\n    <\/div>\n\n    <\/div>\n  <\/div>\n<\/div>\n\n\n<script type=\"text\/javascript\">\n  let chart_3edc22003656d2dbc58366ab989faf07 = document.getElementById('chart-3edc22003656d2dbc58366ab989faf07');\n  let data_json_3edc22003656d2dbc58366ab989faf07 = \"[{\\\"date\\\":\\\"23\\\\\\\/01\\\\\\\/24 10:00\\\",\\\"value\\\":13.13},{\\\"date\\\":\\\"23\\\\\\\/01\\\\\\\/24 10:02\\\",\\\"value\\\":13.12},{\\\"date\\\":\\\"23\\\\\\\/01\\\\\\\/24 10:04\\\",\\\"value\\\":13.1},{\\\"date\\\":\\\"23\\\\\\\/01\\\\\\\/24 10:06\\\",\\\"value\\\":13.11},{\\\"date\\\":\\\"23\\\\\\\/01\\\\\\\/24 10:08\\\",\\\"value\\\":13.08},{\\\"date\\\":\\\"23\\\\\\\/01\\\\\\\/24 10:10\\\",\\\"value\\\":13.09},{\\\"date\\\":\\\"23\\\\\\\/01\\\\\\\/24 10:12\\\",\\\"value\\\":13.09},{\\\"date\\\":\\\"23\\\\\\\/01\\\\\\\/24 10:14\\\",\\\"value\\\":13.09},{\\\"date\\\":\\\"23\\\\\\\/01\\\\\\\/24 10:16\\\",\\\"value\\\":13.1},{\\\"date\\\":\\\"23\\\\\\\/01\\\\\\\/24 10:18\\\",\\\"value\\\":13.11},{\\\"date\\\":\\\"23\\\\\\\/01\\\\\\\/24 10:20\\\",\\\"value\\\":13.13},{\\\"date\\\":\\\"23\\\\\\\/01\\\\\\\/24 10:22\\\",\\\"value\\\":13.13},{\\\"date\\\":\\\"23\\\\\\\/01\\\\\\\/24 10:24\\\",\\\"value\\\":13.13},{\\\"date\\\":\\\"23\\\\\\\/01\\\\\\\/24 10:26\\\",\\\"value\\\":13.13},{\\\"date\\\":\\\"23\\\\\\\/01\\\\\\\/24 10:28\\\",\\\"value\\\":13.14},{\\\"date\\\":\\\"23\\\\\\\/01\\\\\\\/24 10:30\\\",\\\"value\\\":13.14},{\\\"date\\\":\\\"23\\\\\\\/01\\\\\\\/24 10:32\\\",\\\"value\\\":13.16},{\\\"date\\\":\\\"23\\\\\\\/01\\\\\\\/24 10:34\\\",\\\"value\\\":13.14},{\\\"date\\\":\\\"23\\\\\\\/01\\\\\\\/24 10:36\\\",\\\"value\\\":13.13},{\\\"date\\\":\\\"23\\\\\\\/01\\\\\\\/24 10:38\\\",\\\"value\\\":13.15},{\\\"date\\\":\\\"23\\\\\\\/01\\\\\\\/24 10:40\\\",\\\"value\\\":13.16},{\\\"date\\\":\\\"23\\\\\\\/01\\\\\\\/24 10:42\\\",\\\"value\\\":13.15},{\\\"date\\\":\\\"23\\\\\\\/01\\\\\\\/24 10:44\\\",\\\"value\\\":13.13},{\\\"date\\\":\\\"23\\\\\\\/01\\\\\\\/24 10:46\\\",\\\"value\\\":13.14},{\\\"date\\\":\\\"23\\\\\\\/01\\\\\\\/24 10:48\\\",\\\"value\\\":13.13},{\\\"date\\\":\\\"23\\\\\\\/01\\\\\\\/24 10:50\\\",\\\"value\\\":13.15},{\\\"date\\\":\\\"23\\\\\\\/01\\\\\\\/24 10:52\\\",\\\"value\\\":13.15},{\\\"date\\\":\\\"23\\\\\\\/01\\\\\\\/24 10:54\\\",\\\"value\\\":13.15},{\\\"date\\\":\\\"23\\\\\\\/01\\\\\\\/24 10:56\\\",\\\"value\\\":13.16},{\\\"date\\\":\\\"23\\\\\\\/01\\\\\\\/24 10:58\\\",\\\"value\\\":13.17},{\\\"date\\\":\\\"23\\\\\\\/01\\\\\\\/24 11:00\\\",\\\"value\\\":13.16},{\\\"date\\\":\\\"23\\\\\\\/01\\\\\\\/24 11:02\\\",\\\"value\\\":13.16},{\\\"date\\\":\\\"23\\\\\\\/01\\\\\\\/24 11:04\\\",\\\"value\\\":13.15},{\\\"date\\\":\\\"23\\\\\\\/01\\\\\\\/24 11:06\\\",\\\"value\\\":13.15},{\\\"date\\\":\\\"23\\\\\\\/01\\\\\\\/24 11:08\\\",\\\"value\\\":13.15},{\\\"date\\\":\\\"23\\\\\\\/01\\\\\\\/24 11:10\\\",\\\"value\\\":13.15},{\\\"date\\\":\\\"23\\\\\\\/01\\\\\\\/24 11:12\\\",\\\"value\\\":13.14},{\\\"date\\\":\\\"23\\\\\\\/01\\\\\\\/24 11:14\\\",\\\"value\\\":13.15},{\\\"date\\\":\\\"23\\\\\\\/01\\\\\\\/24 11:16\\\",\\\"value\\\":13.14},{\\\"date\\\":\\\"23\\\\\\\/01\\\\\\\/24 11:18\\\",\\\"value\\\":13.17},{\\\"date\\\":\\\"23\\\\\\\/01\\\\\\\/24 11:20\\\",\\\"value\\\":13.17},{\\\"date\\\":\\\"23\\\\\\\/01\\\\\\\/24 11:22\\\",\\\"value\\\":13.17},{\\\"date\\\":\\\"23\\\\\\\/01\\\\\\\/24 11:24\\\",\\\"value\\\":13.16},{\\\"date\\\":\\\"23\\\\\\\/01\\\\\\\/24 11:26\\\",\\\"value\\\":13.15},{\\\"date\\\":\\\"23\\\\\\\/01\\\\\\\/24 11:28\\\",\\\"value\\\":13.17},{\\\"date\\\":\\\"23\\\\\\\/01\\\\\\\/24 11:30\\\",\\\"value\\\":13.16},{\\\"date\\\":\\\"23\\\\\\\/01\\\\\\\/24 11:32\\\",\\\"value\\\":13.15},{\\\"date\\\":\\\"23\\\\\\\/01\\\\\\\/24 11:34\\\",\\\"value\\\":13.15},{\\\"date\\\":\\\"23\\\\\\\/01\\\\\\\/24 11:36\\\",\\\"value\\\":13.14},{\\\"date\\\":\\\"23\\\\\\\/01\\\\\\\/24 11:38\\\",\\\"value\\\":13.13},{\\\"date\\\":\\\"23\\\\\\\/01\\\\\\\/24 11:40\\\",\\\"value\\\":13.12},{\\\"date\\\":\\\"23\\\\\\\/01\\\\\\\/24 11:42\\\",\\\"value\\\":13.11},{\\\"date\\\":\\\"23\\\\\\\/01\\\\\\\/24 11:44\\\",\\\"value\\\":13.13},{\\\"date\\\":\\\"23\\\\\\\/01\\\\\\\/24 11:46\\\",\\\"value\\\":13.14},{\\\"date\\\":\\\"23\\\\\\\/01\\\\\\\/24 11:48\\\",\\\"value\\\":13.14},{\\\"date\\\":\\\"23\\\\\\\/01\\\\\\\/24 11:50\\\",\\\"value\\\":13.14},{\\\"date\\\":\\\"23\\\\\\\/01\\\\\\\/24 11:52\\\",\\\"value\\\":13.14},{\\\"date\\\":\\\"23\\\\\\\/01\\\\\\\/24 11:54\\\",\\\"value\\\":13.14},{\\\"date\\\":\\\"23\\\\\\\/01\\\\\\\/24 11:56\\\",\\\"value\\\":13.14},{\\\"date\\\":\\\"23\\\\\\\/01\\\\\\\/24 11:58\\\",\\\"value\\\":13.14},{\\\"date\\\":\\\"23\\\\\\\/01\\\\\\\/24 12:00\\\",\\\"value\\\":13.15},{\\\"date\\\":\\\"23\\\\\\\/01\\\\\\\/24 12:02\\\",\\\"value\\\":13.15},{\\\"date\\\":\\\"23\\\\\\\/01\\\\\\\/24 12:04\\\",\\\"value\\\":13.15},{\\\"date\\\":\\\"23\\\\\\\/01\\\\\\\/24 12:06\\\",\\\"value\\\":13.17},{\\\"date\\\":\\\"23\\\\\\\/01\\\\\\\/24 12:08\\\",\\\"value\\\":13.17},{\\\"date\\\":\\\"23\\\\\\\/01\\\\\\\/24 12:10\\\",\\\"value\\\":13.17},{\\\"date\\\":\\\"23\\\\\\\/01\\\\\\\/24 12:12\\\",\\\"value\\\":13.18},{\\\"date\\\":\\\"23\\\\\\\/01\\\\\\\/24 12:14\\\",\\\"value\\\":13.18},{\\\"date\\\":\\\"23\\\\\\\/01\\\\\\\/24 12:16\\\",\\\"value\\\":13.18},{\\\"date\\\":\\\"23\\\\\\\/01\\\\\\\/24 12:18\\\",\\\"value\\\":13.18},{\\\"date\\\":\\\"23\\\\\\\/01\\\\\\\/24 12:20\\\",\\\"value\\\":13.18},{\\\"date\\\":\\\"23\\\\\\\/01\\\\\\\/24 12:22\\\",\\\"value\\\":13.16},{\\\"date\\\":\\\"23\\\\\\\/01\\\\\\\/24 12:24\\\",\\\"value\\\":13.16},{\\\"date\\\":\\\"23\\\\\\\/01\\\\\\\/24 12:26\\\",\\\"value\\\":13.16},{\\\"date\\\":\\\"23\\\\\\\/01\\\\\\\/24 12:28\\\",\\\"value\\\":13.17},{\\\"date\\\":\\\"23\\\\\\\/01\\\\\\\/24 12:30\\\",\\\"value\\\":13.17},{\\\"date\\\":\\\"23\\\\\\\/01\\\\\\\/24 12:32\\\",\\\"value\\\":13.17},{\\\"date\\\":\\\"23\\\\\\\/01\\\\\\\/24 14:58\\\",\\\"value\\\":13.2},{\\\"date\\\":\\\"23\\\\\\\/01\\\\\\\/24 15:00\\\",\\\"value\\\":13.18},{\\\"date\\\":\\\"23\\\\\\\/01\\\\\\\/24 15:02\\\",\\\"value\\\":13.19},{\\\"date\\\":\\\"23\\\\\\\/01\\\\\\\/24 15:04\\\",\\\"value\\\":13.18},{\\\"date\\\":\\\"23\\\\\\\/01\\\\\\\/24 15:06\\\",\\\"value\\\":13.19},{\\\"date\\\":\\\"23\\\\\\\/01\\\\\\\/24 15:08\\\",\\\"value\\\":13.19},{\\\"date\\\":\\\"23\\\\\\\/01\\\\\\\/24 15:10\\\",\\\"value\\\":13.18},{\\\"date\\\":\\\"23\\\\\\\/01\\\\\\\/24 15:12\\\",\\\"value\\\":13.19},{\\\"date\\\":\\\"23\\\\\\\/01\\\\\\\/24 15:14\\\",\\\"value\\\":13.18},{\\\"date\\\":\\\"23\\\\\\\/01\\\\\\\/24 15:16\\\",\\\"value\\\":13.18},{\\\"date\\\":\\\"23\\\\\\\/01\\\\\\\/24 15:18\\\",\\\"value\\\":13.17},{\\\"date\\\":\\\"23\\\\\\\/01\\\\\\\/24 15:20\\\",\\\"value\\\":13.19},{\\\"date\\\":\\\"23\\\\\\\/01\\\\\\\/24 15:22\\\",\\\"value\\\":13.18},{\\\"date\\\":\\\"23\\\\\\\/01\\\\\\\/24 15:24\\\",\\\"value\\\":13.19},{\\\"date\\\":\\\"23\\\\\\\/01\\\\\\\/24 15:26\\\",\\\"value\\\":13.19},{\\\"date\\\":\\\"23\\\\\\\/01\\\\\\\/24 15:28\\\",\\\"value\\\":13.18},{\\\"date\\\":\\\"23\\\\\\\/01\\\\\\\/24 15:30\\\",\\\"value\\\":13.18},{\\\"date\\\":\\\"23\\\\\\\/01\\\\\\\/24 15:32\\\",\\\"value\\\":13.18},{\\\"date\\\":\\\"23\\\\\\\/01\\\\\\\/24 15:34\\\",\\\"value\\\":13.18},{\\\"date\\\":\\\"23\\\\\\\/01\\\\\\\/24 15:36\\\",\\\"value\\\":13.18},{\\\"date\\\":\\\"23\\\\\\\/01\\\\\\\/24 15:38\\\",\\\"value\\\":13.17},{\\\"date\\\":\\\"23\\\\\\\/01\\\\\\\/24 15:40\\\",\\\"value\\\":13.17},{\\\"date\\\":\\\"23\\\\\\\/01\\\\\\\/24 15:42\\\",\\\"value\\\":13.17},{\\\"date\\\":\\\"23\\\\\\\/01\\\\\\\/24 15:44\\\",\\\"value\\\":13.17},{\\\"date\\\":\\\"23\\\\\\\/01\\\\\\\/24 15:46\\\",\\\"value\\\":13.18},{\\\"date\\\":\\\"23\\\\\\\/01\\\\\\\/24 15:48\\\",\\\"value\\\":13.18},{\\\"date\\\":\\\"23\\\\\\\/01\\\\\\\/24 15:50\\\",\\\"value\\\":13.18},{\\\"date\\\":\\\"23\\\\\\\/01\\\\\\\/24 15:52\\\",\\\"value\\\":13.18},{\\\"date\\\":\\\"23\\\\\\\/01\\\\\\\/24 15:54\\\",\\\"value\\\":13.17},{\\\"date\\\":\\\"23\\\\\\\/01\\\\\\\/24 15:56\\\",\\\"value\\\":13.17},{\\\"date\\\":\\\"23\\\\\\\/01\\\\\\\/24 15:58\\\",\\\"value\\\":13.17},{\\\"date\\\":\\\"23\\\\\\\/01\\\\\\\/24 16:00\\\",\\\"value\\\":13.13},{\\\"date\\\":\\\"23\\\\\\\/01\\\\\\\/24 16:02\\\",\\\"value\\\":13.18},{\\\"date\\\":\\\"23\\\\\\\/01\\\\\\\/24 16:04\\\",\\\"value\\\":13.17},{\\\"date\\\":\\\"23\\\\\\\/01\\\\\\\/24 16:06\\\",\\\"value\\\":13.13}]\";\n  let isPositive_3edc22003656d2dbc58366ab989faf07 = true;\n\n  let color_3edc22003656d2dbc58366ab989faf07 = isPositive_3edc22003656d2dbc58366ab989faf07 ? '#3AB53A' : '#D92C2D';\n\n  let data_3edc22003656d2dbc58366ab989faf07 = JSON.parse(data_json_3edc22003656d2dbc58366ab989faf07);\n\n  const result_3edc22003656d2dbc58366ab989faf07 = {\n    date: [],\n    value: [],\n  };\n\n  data_3edc22003656d2dbc58366ab989faf07.forEach((item) => {\n    result_3edc22003656d2dbc58366ab989faf07.date.push(item.date);\n    result_3edc22003656d2dbc58366ab989faf07.value.push(Number(item.value));\n  });\n\n  let option_3edc22003656d2dbc58366ab989faf07 = {\n    \/\/ variavel de cor global\n    color: [color_3edc22003656d2dbc58366ab989faf07],\n    title: {\n      text: '',\n    },\n    tooltip: {\n      trigger: 'axis',\n      axisPointer: {\n        type: 'cross',\n        label: {\n          \/\/ cor dos valores em X e Y\n          backgroundColor: color_3edc22003656d2dbc58366ab989faf07,\n          formatter: (value) => {\n            if (typeof value.value === 'number') {\n              return Number(value.value).toLocaleString('pt-br', {\n                style: 'currency',\n                currency: 'BRL'\n              });\n            }\n            return value.value;\n          },\n        },\n      },\n      valueFormatter: (value) => Number(value).toLocaleString('pt-br', {\n        style: 'currency',\n        currency: 'BRL'\n      }),\n    },\n    legend: {\n      \/\/ data: ['Valor de Fechamento'],\n      show: false,\n    },\n    toolbox: {\n      feature: {\n        saveAsImage: {\n          show: false,\n        },\n      },\n    },\n    grid: {\n      left: '0px',\n      right: '0px',\n      bottom: '0px',\n      containLabel: true,\n    },\n    xAxis: [{\n      type: 'category',\n      data: result_3edc22003656d2dbc58366ab989faf07.date,\n      boundaryGap: true,\n    }],\n    yAxis: [{\n      type: 'value',\n      min: Math.min(...result_3edc22003656d2dbc58366ab989faf07.value),\n      max: Math.max(...result_3edc22003656d2dbc58366ab989faf07.value),\n      axisLabel: {\n        formatter: (value) => value.toLocaleString('pt-br', {\n          style: 'currency',\n          currency: 'BRL'\n        }),\n      },\n    }],\n    series: [{\n      name: 'Valor de Fechamento',\n      type: 'line',\n      stack: 'Total',\n      \/\/ cor do grafico\n      areaStyle: {},\n      emphasis: {\n        focus: 'series',\n      },\n      data: result_3edc22003656d2dbc58366ab989faf07.value,\n      \/\/ cor da linha\n      lineStyle: {\n        color: color_3edc22003656d2dbc58366ab989faf07,\n      },\n    }, ],\n  };\n\n\twindow.chart_3edc22003656d2dbc58366ab989faf07 = {\n\t\tel: chart_3edc22003656d2dbc58366ab989faf07,\n\t\toption: option_3edc22003656d2dbc58366ab989faf07\t};\n\n\n<\/script>\n\n\n\t<p>\n\t\t<a href=\"https:\/\/lp.suno.com.br\/planilha-da-vida-financeira\/\" target=\"_blank\" data-element=\"shortcode-suno-banner\" title=\"Banner SUNO, clique e saiba mais\">\n\t\t\t<picture>\n\t\t\t\t<source media=\"(max-width: 500px)\" srcset=\"https:\/\/files.sunoresearch.com.br\/n\/uploads\/2023\/04\/400x300-Planilha-vida-financeira-true.png\">\n\t\t\t\t<img class=\"newsContent__article__imgCapa newsContent__article__imgCapa--banner\"\n\t\t\t\t\tsrc=\"https:\/\/files.sunoresearch.com.br\/n\/uploads\/2023\/04\/1420x240-Planilha-vida-financeira-true.png\"\n\t\t\t\t\tdata-promo-id=\"383123\"\t\t\t\t\t\t\t\t\t\twidth='1420' height='240'\t\t\t\t\talt=\"https:\/\/files.sunoresearch.com.br\/n\/uploads\/2023\/04\/1420x240-Planilha-vida-financeira-true.png\"\n\t\t\t\t>\n\t\t\t<\/picture>\n\t\t<\/a>\n\t<\/p>\n\n\n","protected":false},"excerpt":{"rendered":"<p>A Auren Energia (AURE3) comunicou ao mercado que iniciou a energiza\u00e7\u00e3o dos dois primeiros conjuntos de m\u00f3dulos fotovoltaicos da Usina Sol de Ja\u00edba, localizada no munic\u00edpio de Ja\u00edba (MG), com capacidade de 100,6 megawatt-pico (MWp). Auren Energia (AURE3). Foto: Pixabay. Segundo a Auren, a energiza\u00e7\u00e3o ocorreu antes da data prevista no cronograma e em linha [&hellip;]<\/p>\n","protected":false},"author":313,"featured_media":515075,"comment_status":"closed","ping_status":"closed","sticky":false,"template":"","format":"standard","meta":[],"categories":[64],"tags":[106963,106081,750],"suno_strategy":[],"class_list":["post-515071","post","type-post","status-publish","format-standard","has-post-thumbnail","hentry","category-negocios","tag-auren-aure3","tag-energia","tag-energia-solar"],"yoast_head":"<!-- This site is optimized with the Yoast SEO plugin v24.4 - https:\/\/yoast.com\/wordpress\/plugins\/seo\/ -->\n<title>Auren (AURE3) inicia energiza\u00e7\u00e3o de primeiros m\u00f3dulos de usina em MG<\/title>\n<meta name=\"description\" content=\"Segundo a Auren, a energiza\u00e7\u00e3o ocorreu antes da data prevista no cronograma e em linha com o plano de neg\u00f3cios do projeto.\" \/>\n<meta name=\"robots\" content=\"index, follow, max-snippet:-1, max-image-preview:large, max-video-preview:-1\" \/>\n<link rel=\"canonical\" href=\"https:\/\/www.suno.com.br\/noticias\/auren-aure3-enegizacao-usina-mg-gpj\/\" \/>\n<meta property=\"og:locale\" content=\"pt_BR\" \/>\n<meta property=\"og:type\" content=\"article\" \/>\n<meta property=\"og:title\" content=\"Auren (AURE3) inicia energiza\u00e7\u00e3o de primeiros m\u00f3dulos de usina em MG\" \/>\n<meta property=\"og:description\" content=\"Segundo a Auren, a energiza\u00e7\u00e3o ocorreu antes da data prevista no cronograma e em linha com o plano de neg\u00f3cios do projeto.\" \/>\n<meta property=\"og:url\" content=\"https:\/\/www.suno.com.br\/noticias\/auren-aure3-enegizacao-usina-mg-gpj\/\" \/>\n<meta property=\"og:site_name\" content=\"Suno Not\u00edcias\" \/>\n<meta property=\"article:publisher\" content=\"https:\/\/facebook.com\/sunoresearch\" \/>\n<meta property=\"og:image\" content=\"https:\/\/files.sunoresearch.com.br\/n\/uploads\/2024\/01\/photovoltaic-2799982_1280.jpg\" \/>\n\t<meta property=\"og:image:width\" content=\"1280\" \/>\n\t<meta property=\"og:image:height\" content=\"853\" \/>\n\t<meta property=\"og:image:type\" content=\"image\/jpeg\" \/>\n<meta name=\"author\" content=\"Giovanni Porf\u00edrio Jacomino\" \/>\n<meta name=\"twitter:card\" content=\"summary_large_image\" \/>\n<meta name=\"twitter:creator\" content=\"@sunoresearch\" \/>\n<meta name=\"twitter:site\" content=\"@sunoresearch\" \/>\n<meta name=\"twitter:label1\" content=\"Escrito por\" \/>\n\t<meta name=\"twitter:data1\" content=\"Giovanni Porf\u00edrio Jacomino\" \/>\n\t<meta name=\"twitter:label2\" content=\"Est. tempo de leitura\" \/>\n\t<meta name=\"twitter:data2\" content=\"3 minutos\" \/>\n<script type=\"application\/ld+json\" class=\"yoast-schema-graph\">{\"@context\":\"https:\/\/schema.org\",\"@graph\":[{\"@type\":\"NewsArticle\",\"@id\":\"https:\/\/www.suno.com.br\/noticias\/auren-aure3-enegizacao-usina-mg-gpj\/#article\",\"isPartOf\":{\"@id\":\"https:\/\/www.suno.com.br\/noticias\/auren-aure3-enegizacao-usina-mg-gpj\/\"},\"author\":{\"name\":\"Giovanni Porf\u00edrio Jacomino\",\"@id\":\"https:\/\/www.suno.com.br\/noticias\/#\/schema\/person\/d0f32748bbca4bee871fa191ee4e2d40\"},\"headline\":\"Auren (AURE3) inicia energiza\u00e7\u00e3o de primeiros m\u00f3dulos fotovoltaicos de usina em Minas Gerais\",\"datePublished\":\"2024-01-24T13:14:57+00:00\",\"dateModified\":\"2024-01-24T13:16:26+00:00\",\"mainEntityOfPage\":{\"@id\":\"https:\/\/www.suno.com.br\/noticias\/auren-aure3-enegizacao-usina-mg-gpj\/\"},\"wordCount\":598,\"publisher\":{\"@id\":\"https:\/\/www.suno.com.br\/noticias\/#organization\"},\"image\":{\"@id\":\"https:\/\/www.suno.com.br\/noticias\/auren-aure3-enegizacao-usina-mg-gpj\/#primaryimage\"},\"thumbnailUrl\":\"https:\/\/files.sunoresearch.com.br\/n\/uploads\/2024\/01\/photovoltaic-2799982_1280.jpg\",\"keywords\":[\"Auren (AURE3)\",\"energia\",\"energia solar\"],\"articleSection\":[\"Neg\u00f3cios\"],\"inLanguage\":\"pt-BR\"},{\"@type\":\"WebPage\",\"@id\":\"https:\/\/www.suno.com.br\/noticias\/auren-aure3-enegizacao-usina-mg-gpj\/\",\"url\":\"https:\/\/www.suno.com.br\/noticias\/auren-aure3-enegizacao-usina-mg-gpj\/\",\"name\":\"Auren (AURE3) inicia energiza\u00e7\u00e3o de primeiros m\u00f3dulos de usina em MG\",\"isPartOf\":{\"@id\":\"https:\/\/www.suno.com.br\/noticias\/#website\"},\"primaryImageOfPage\":{\"@id\":\"https:\/\/www.suno.com.br\/noticias\/auren-aure3-enegizacao-usina-mg-gpj\/#primaryimage\"},\"image\":{\"@id\":\"https:\/\/www.suno.com.br\/noticias\/auren-aure3-enegizacao-usina-mg-gpj\/#primaryimage\"},\"thumbnailUrl\":\"https:\/\/files.sunoresearch.com.br\/n\/uploads\/2024\/01\/photovoltaic-2799982_1280.jpg\",\"datePublished\":\"2024-01-24T13:14:57+00:00\",\"dateModified\":\"2024-01-24T13:16:26+00:00\",\"description\":\"Segundo a Auren, a energiza\u00e7\u00e3o ocorreu antes da data prevista no cronograma e em linha com o plano de neg\u00f3cios do projeto.\",\"breadcrumb\":{\"@id\":\"https:\/\/www.suno.com.br\/noticias\/auren-aure3-enegizacao-usina-mg-gpj\/#breadcrumb\"},\"inLanguage\":\"pt-BR\",\"potentialAction\":[{\"@type\":\"ReadAction\",\"target\":[\"https:\/\/www.suno.com.br\/noticias\/auren-aure3-enegizacao-usina-mg-gpj\/\"]}]},{\"@type\":\"ImageObject\",\"inLanguage\":\"pt-BR\",\"@id\":\"https:\/\/www.suno.com.br\/noticias\/auren-aure3-enegizacao-usina-mg-gpj\/#primaryimage\",\"url\":\"https:\/\/files.sunoresearch.com.br\/n\/uploads\/2024\/01\/photovoltaic-2799982_1280.jpg\",\"contentUrl\":\"https:\/\/files.sunoresearch.com.br\/n\/uploads\/2024\/01\/photovoltaic-2799982_1280.jpg\",\"width\":1280,\"height\":853,\"caption\":\"Auren Energia (AURE3). Foto: Pixabay.\"},{\"@type\":\"BreadcrumbList\",\"@id\":\"https:\/\/www.suno.com.br\/noticias\/auren-aure3-enegizacao-usina-mg-gpj\/#breadcrumb\",\"itemListElement\":[{\"@type\":\"ListItem\",\"position\":1,\"name\":\"Not\u00edcias\",\"item\":\"https:\/\/www.suno.com.br\/noticias\/\"},{\"@type\":\"ListItem\",\"position\":2,\"name\":\"Neg\u00f3cios\",\"item\":\"https:\/\/www.suno.com.br\/noticias\/negocios\/\"},{\"@type\":\"ListItem\",\"position\":3,\"name\":\"Auren (AURE3) inicia energiza\u00e7\u00e3o de primeiros m\u00f3dulos fotovoltaicos de usina em Minas Gerais\"}]},{\"@type\":\"WebSite\",\"@id\":\"https:\/\/www.suno.com.br\/noticias\/#website\",\"url\":\"https:\/\/www.suno.com.br\/noticias\/\",\"name\":\"Suno Not\u00edcias\",\"description\":\"Seu portal de informa\u00e7\u00e3o sobre o mundo dos investimentos\",\"publisher\":{\"@id\":\"https:\/\/www.suno.com.br\/noticias\/#organization\"},\"potentialAction\":[{\"@type\":\"SearchAction\",\"target\":{\"@type\":\"EntryPoint\",\"urlTemplate\":\"https:\/\/www.suno.com.br\/noticias\/?s={search_term_string}\"},\"query-input\":{\"@type\":\"PropertyValueSpecification\",\"valueRequired\":true,\"valueName\":\"search_term_string\"}}],\"inLanguage\":\"pt-BR\"},{\"@type\":\"Organization\",\"@id\":\"https:\/\/www.suno.com.br\/noticias\/#organization\",\"name\":\"Suno Not\u00edcias\",\"url\":\"https:\/\/www.suno.com.br\/noticias\/\",\"logo\":{\"@type\":\"ImageObject\",\"inLanguage\":\"pt-BR\",\"@id\":\"https:\/\/www.suno.com.br\/noticias\/#\/schema\/logo\/image\/\",\"url\":\"https:\/\/files.sunoresearch.com.br\/n\/uploads\/2021\/09\/suno-logo.png\",\"contentUrl\":\"https:\/\/files.sunoresearch.com.br\/n\/uploads\/2021\/09\/suno-logo.png\",\"width\":180,\"height\":180,\"caption\":\"Suno Not\u00edcias\"},\"image\":{\"@id\":\"https:\/\/www.suno.com.br\/noticias\/#\/schema\/logo\/image\/\"},\"sameAs\":[\"https:\/\/facebook.com\/sunoresearch\",\"https:\/\/x.com\/sunoresearch\",\"https:\/\/www.instagram.com\/suno\",\"https:\/\/www.linkedin.com\/company\/suno-research\/\",\"https:\/\/www.youtube.com\/c\/sunoresearch\"]},{\"@type\":\"Person\",\"@id\":\"https:\/\/www.suno.com.br\/noticias\/#\/schema\/person\/d0f32748bbca4bee871fa191ee4e2d40\",\"name\":\"Giovanni Porf\u00edrio Jacomino\",\"image\":{\"@type\":\"ImageObject\",\"inLanguage\":\"pt-BR\",\"@id\":\"https:\/\/www.suno.com.br\/noticias\/#\/schema\/person\/image\/\",\"url\":\"https:\/\/secure.gravatar.com\/avatar\/efb32e19b730a121cb7a80f41ffec01a?s=96&r=g\",\"contentUrl\":\"https:\/\/secure.gravatar.com\/avatar\/efb32e19b730a121cb7a80f41ffec01a?s=96&r=g\",\"caption\":\"Giovanni Porf\u00edrio Jacomino\"},\"description\":\"Giovanni Porf\u00edrio Jacomino \u00e9 jornalista formado pela Universidade Estadual de Londrina (UEL) e p\u00f3s-graduado em Produ\u00e7\u00e3o e Pr\u00e1ticas Jornal\u00edsticas na Contemporaneidade na Faculdade C\u00e1sper L\u00edbero (FCL). Foi editor web no Startupi e no Finsiders, atuando ainda como editor no TC Mover, portal de not\u00edcias da TradersClub, fazendo a cobertura de assuntos relacionados ao mercado financeiro interno e externo. Atualmente, \u00e9 Rep\u00f3rter do Suno Not\u00edcias.\",\"url\":\"https:\/\/www.suno.com.br\/noticias\/author\/giovanni-porfiriosuno-com-br\/\"}]}<\/script>\n<!-- \/ Yoast SEO plugin. -->","yoast_head_json":{"title":"Auren (AURE3) inicia energiza\u00e7\u00e3o de primeiros m\u00f3dulos de usina em MG","description":"Segundo a Auren, a energiza\u00e7\u00e3o ocorreu antes da data prevista no cronograma e em linha com o plano de neg\u00f3cios do projeto.","robots":{"index":"index","follow":"follow","max-snippet":"max-snippet:-1","max-image-preview":"max-image-preview:large","max-video-preview":"max-video-preview:-1"},"canonical":"https:\/\/www.suno.com.br\/noticias\/auren-aure3-enegizacao-usina-mg-gpj\/","og_locale":"pt_BR","og_type":"article","og_title":"Auren (AURE3) inicia energiza\u00e7\u00e3o de primeiros m\u00f3dulos de usina em MG","og_description":"Segundo a Auren, a energiza\u00e7\u00e3o ocorreu antes da data prevista no cronograma e em linha com o plano de neg\u00f3cios do projeto.","og_url":"https:\/\/www.suno.com.br\/noticias\/auren-aure3-enegizacao-usina-mg-gpj\/","og_site_name":"Suno Not\u00edcias","article_publisher":"https:\/\/facebook.com\/sunoresearch","og_image":[{"width":1280,"height":853,"url":"https:\/\/files.sunoresearch.com.br\/n\/uploads\/2024\/01\/photovoltaic-2799982_1280.jpg","type":"image\/jpeg"}],"author":"Giovanni Porf\u00edrio Jacomino","twitter_card":"summary_large_image","twitter_creator":"@sunoresearch","twitter_site":"@sunoresearch","twitter_misc":{"Escrito por":"Giovanni Porf\u00edrio Jacomino","Est. tempo de leitura":"3 minutos"},"schema":{"@context":"https:\/\/schema.org","@graph":[{"@type":"NewsArticle","@id":"https:\/\/www.suno.com.br\/noticias\/auren-aure3-enegizacao-usina-mg-gpj\/#article","isPartOf":{"@id":"https:\/\/www.suno.com.br\/noticias\/auren-aure3-enegizacao-usina-mg-gpj\/"},"author":{"name":"Giovanni Porf\u00edrio Jacomino","@id":"https:\/\/www.suno.com.br\/noticias\/#\/schema\/person\/d0f32748bbca4bee871fa191ee4e2d40"},"headline":"Auren (AURE3) inicia energiza\u00e7\u00e3o de primeiros m\u00f3dulos fotovoltaicos de usina em Minas Gerais","datePublished":"2024-01-24T13:14:57+00:00","dateModified":"2024-01-24T13:16:26+00:00","mainEntityOfPage":{"@id":"https:\/\/www.suno.com.br\/noticias\/auren-aure3-enegizacao-usina-mg-gpj\/"},"wordCount":598,"publisher":{"@id":"https:\/\/www.suno.com.br\/noticias\/#organization"},"image":{"@id":"https:\/\/www.suno.com.br\/noticias\/auren-aure3-enegizacao-usina-mg-gpj\/#primaryimage"},"thumbnailUrl":"https:\/\/files.sunoresearch.com.br\/n\/uploads\/2024\/01\/photovoltaic-2799982_1280.jpg","keywords":["Auren (AURE3)","energia","energia solar"],"articleSection":["Neg\u00f3cios"],"inLanguage":"pt-BR"},{"@type":"WebPage","@id":"https:\/\/www.suno.com.br\/noticias\/auren-aure3-enegizacao-usina-mg-gpj\/","url":"https:\/\/www.suno.com.br\/noticias\/auren-aure3-enegizacao-usina-mg-gpj\/","name":"Auren (AURE3) inicia energiza\u00e7\u00e3o de primeiros m\u00f3dulos de usina em MG","isPartOf":{"@id":"https:\/\/www.suno.com.br\/noticias\/#website"},"primaryImageOfPage":{"@id":"https:\/\/www.suno.com.br\/noticias\/auren-aure3-enegizacao-usina-mg-gpj\/#primaryimage"},"image":{"@id":"https:\/\/www.suno.com.br\/noticias\/auren-aure3-enegizacao-usina-mg-gpj\/#primaryimage"},"thumbnailUrl":"https:\/\/files.sunoresearch.com.br\/n\/uploads\/2024\/01\/photovoltaic-2799982_1280.jpg","datePublished":"2024-01-24T13:14:57+00:00","dateModified":"2024-01-24T13:16:26+00:00","description":"Segundo a Auren, a energiza\u00e7\u00e3o ocorreu antes da data prevista no cronograma e em linha com o plano de neg\u00f3cios do projeto.","breadcrumb":{"@id":"https:\/\/www.suno.com.br\/noticias\/auren-aure3-enegizacao-usina-mg-gpj\/#breadcrumb"},"inLanguage":"pt-BR","potentialAction":[{"@type":"ReadAction","target":["https:\/\/www.suno.com.br\/noticias\/auren-aure3-enegizacao-usina-mg-gpj\/"]}]},{"@type":"ImageObject","inLanguage":"pt-BR","@id":"https:\/\/www.suno.com.br\/noticias\/auren-aure3-enegizacao-usina-mg-gpj\/#primaryimage","url":"https:\/\/files.sunoresearch.com.br\/n\/uploads\/2024\/01\/photovoltaic-2799982_1280.jpg","contentUrl":"https:\/\/files.sunoresearch.com.br\/n\/uploads\/2024\/01\/photovoltaic-2799982_1280.jpg","width":1280,"height":853,"caption":"Auren Energia (AURE3). Foto: Pixabay."},{"@type":"BreadcrumbList","@id":"https:\/\/www.suno.com.br\/noticias\/auren-aure3-enegizacao-usina-mg-gpj\/#breadcrumb","itemListElement":[{"@type":"ListItem","position":1,"name":"Not\u00edcias","item":"https:\/\/www.suno.com.br\/noticias\/"},{"@type":"ListItem","position":2,"name":"Neg\u00f3cios","item":"https:\/\/www.suno.com.br\/noticias\/negocios\/"},{"@type":"ListItem","position":3,"name":"Auren (AURE3) inicia energiza\u00e7\u00e3o de primeiros m\u00f3dulos fotovoltaicos de usina em Minas Gerais"}]},{"@type":"WebSite","@id":"https:\/\/www.suno.com.br\/noticias\/#website","url":"https:\/\/www.suno.com.br\/noticias\/","name":"Suno Not\u00edcias","description":"Seu portal de informa\u00e7\u00e3o sobre o mundo dos investimentos","publisher":{"@id":"https:\/\/www.suno.com.br\/noticias\/#organization"},"potentialAction":[{"@type":"SearchAction","target":{"@type":"EntryPoint","urlTemplate":"https:\/\/www.suno.com.br\/noticias\/?s={search_term_string}"},"query-input":{"@type":"PropertyValueSpecification","valueRequired":true,"valueName":"search_term_string"}}],"inLanguage":"pt-BR"},{"@type":"Organization","@id":"https:\/\/www.suno.com.br\/noticias\/#organization","name":"Suno Not\u00edcias","url":"https:\/\/www.suno.com.br\/noticias\/","logo":{"@type":"ImageObject","inLanguage":"pt-BR","@id":"https:\/\/www.suno.com.br\/noticias\/#\/schema\/logo\/image\/","url":"https:\/\/files.sunoresearch.com.br\/n\/uploads\/2021\/09\/suno-logo.png","contentUrl":"https:\/\/files.sunoresearch.com.br\/n\/uploads\/2021\/09\/suno-logo.png","width":180,"height":180,"caption":"Suno Not\u00edcias"},"image":{"@id":"https:\/\/www.suno.com.br\/noticias\/#\/schema\/logo\/image\/"},"sameAs":["https:\/\/facebook.com\/sunoresearch","https:\/\/x.com\/sunoresearch","https:\/\/www.instagram.com\/suno","https:\/\/www.linkedin.com\/company\/suno-research\/","https:\/\/www.youtube.com\/c\/sunoresearch"]},{"@type":"Person","@id":"https:\/\/www.suno.com.br\/noticias\/#\/schema\/person\/d0f32748bbca4bee871fa191ee4e2d40","name":"Giovanni Porf\u00edrio Jacomino","image":{"@type":"ImageObject","inLanguage":"pt-BR","@id":"https:\/\/www.suno.com.br\/noticias\/#\/schema\/person\/image\/","url":"https:\/\/secure.gravatar.com\/avatar\/efb32e19b730a121cb7a80f41ffec01a?s=96&r=g","contentUrl":"https:\/\/secure.gravatar.com\/avatar\/efb32e19b730a121cb7a80f41ffec01a?s=96&r=g","caption":"Giovanni Porf\u00edrio Jacomino"},"description":"Giovanni Porf\u00edrio Jacomino \u00e9 jornalista formado pela Universidade Estadual de Londrina (UEL) e p\u00f3s-graduado em Produ\u00e7\u00e3o e Pr\u00e1ticas Jornal\u00edsticas na Contemporaneidade na Faculdade C\u00e1sper L\u00edbero (FCL). Foi editor web no Startupi e no Finsiders, atuando ainda como editor no TC Mover, portal de not\u00edcias da TradersClub, fazendo a cobertura de assuntos relacionados ao mercado financeiro interno e externo. Atualmente, \u00e9 Rep\u00f3rter do Suno Not\u00edcias.","url":"https:\/\/www.suno.com.br\/noticias\/author\/giovanni-porfiriosuno-com-br\/"}]}},"default_loop_html":"<div class=\"cardsPage__listCard__boxs\"><div class=\"cardsPage__listCard__boxs__img\"><a href=\"https:\/\/www.suno.com.br\/noticias\/auren-aure3-enegizacao-usina-mg-gpj\/\"><img class=\"mask\" src=\"https:\/\/www.suno.com.br\/noticias\/wp-content\/themes\/suno\/resources\/images\/spotlight\/spotlight1img\/bg-mask.png\" alt=\"Image Mask\"\/><img src=\"https:\/\/files.sunoresearch.com.br\/n\/uploads\/2024\/01\/photovoltaic-2799982_1280-400x200.jpg\" alt=\"Auren (AURE3) inicia energiza\u00e7\u00e3o de primeiros m\u00f3dulos fotovoltaicos de usina em Minas Gerais\"\/><\/a><span class=\"spotlightCategory\"><a href=\"https:\/\/www.suno.com.br\/noticias\/negocios\/\">Neg\u00f3cios<\/a><\/span><\/div><div class=\"cardsPage__listCard__boxs__content\"><a href=\"https:\/\/www.suno.com.br\/noticias\/auren-aure3-enegizacao-usina-mg-gpj\/\"><h2 class=\"content__title\">Auren (AURE3) inicia energiza\u00e7\u00e3o de primeiros m\u00f3dulos fotovoltaicos de usina em Minas Gerais<\/h2><\/a><div class=\"newsContent__article__meta\"><div class=\"newsContent__article__meta__authorBox\"><a href=\"https:\/\/www.suno.com.br\/noticias\/author\/giovanni-porfiriosuno-com-br\/\" class=\"authorBox__avatar noMobi\"><img src=\"https:\/\/files.sunoresearch.com.br\/n\/uploads\/2024\/05\/DSCF4115-1-1-150x150.webp\" alt=\"Giovanni Porf\u00edrio Jacomino\"><\/a><div class=\"authorBox__name\"><span>por\n\t\t\t<a href=\"https:\/\/www.suno.com.br\/noticias\/author\/giovanni-porfiriosuno-com-br\/\"><span itemprop=\"author\">Giovanni Porf\u00edrio Jacomino<\/span><\/a><\/span><time datetime=\"2024-01-24T10:14:57-03:00\" itemprop=\"datePublished\">24\/01\/2024 10:14<\/time><\/div><\/div><\/div><\/div><\/div>","single_layout":"posts","amp_enabled":true,"_links":{"self":[{"href":"https:\/\/www.suno.com.br\/noticias\/wp-json\/wp\/v2\/posts\/515071"}],"collection":[{"href":"https:\/\/www.suno.com.br\/noticias\/wp-json\/wp\/v2\/posts"}],"about":[{"href":"https:\/\/www.suno.com.br\/noticias\/wp-json\/wp\/v2\/types\/post"}],"author":[{"embeddable":true,"href":"https:\/\/www.suno.com.br\/noticias\/wp-json\/wp\/v2\/users\/313"}],"replies":[{"embeddable":true,"href":"https:\/\/www.suno.com.br\/noticias\/wp-json\/wp\/v2\/comments?post=515071"}],"version-history":[{"count":3,"href":"https:\/\/www.suno.com.br\/noticias\/wp-json\/wp\/v2\/posts\/515071\/revisions"}],"predecessor-version":[{"id":515105,"href":"https:\/\/www.suno.com.br\/noticias\/wp-json\/wp\/v2\/posts\/515071\/revisions\/515105"}],"wp:featuredmedia":[{"embeddable":true,"href":"https:\/\/www.suno.com.br\/noticias\/wp-json\/wp\/v2\/media\/515075"}],"wp:attachment":[{"href":"https:\/\/www.suno.com.br\/noticias\/wp-json\/wp\/v2\/media?parent=515071"}],"wp:term":[{"taxonomy":"category","embeddable":true,"href":"https:\/\/www.suno.com.br\/noticias\/wp-json\/wp\/v2\/categories?post=515071"},{"taxonomy":"post_tag","embeddable":true,"href":"https:\/\/www.suno.com.br\/noticias\/wp-json\/wp\/v2\/tags?post=515071"},{"taxonomy":"suno_strategy","embeddable":true,"href":"https:\/\/www.suno.com.br\/noticias\/wp-json\/wp\/v2\/suno_strategy?post=515071"}],"curies":[{"name":"wp","href":"https:\/\/api.w.org\/{rel}","templated":true}]}}