{"id":514922,"date":"2024-01-23T21:12:38","date_gmt":"2024-01-24T00:12:38","guid":{"rendered":"https:\/\/www.suno.com.br\/noticias\/?p=514922"},"modified":"2024-01-24T15:55:58","modified_gmt":"2024-01-24T18:55:58","slug":"mdias-branco-mdia3-projecao-queda-lucro-4t23","status":"publish","type":"post","link":"https:\/\/www.suno.com.br\/noticias\/mdias-branco-mdia3-projecao-queda-lucro-4t23\/","title":{"rendered":"M. Dias Branco (MDIA3) deve ter alta no lucro anual no 4T23, prev\u00ea XP: &#8220;Resultados s\u00f3lidos&#8221;"},"content":{"rendered":"<p>A <strong>M. Dias Branco<\/strong> (MDIA3), uma das principais empresas do setor aliment\u00edcio no Brasil, deve apresentar alta anual de 1833% no lucro l\u00edquido do quarto trimestre de 2023 (4T23) e queda de 9% na compara\u00e7\u00e3o com o 3T23.<\/p>\t<div class=\"wrapper-featured-image\">\n\t\t<figure class=\"spotlightImg\">\n\n\t\t\t<picture>\n\t\t\t\t<source media=\"(max-width: 768px)\" srcset=\"https:\/\/files.sunoresearch.com.br\/n\/uploads\/2022\/03\/M.-Dias-Branco-400x200.jpg\">\n\t\t\t\t<img loading=\"lazy\" decoding=\"async\" class=\"newsContent__article__imgCapa lazyloadDisabled \" src=\"https:\/\/files.sunoresearch.com.br\/n\/uploads\/2022\/03\/M.-Dias-Branco-800x450.jpg\" width=\"800\" height=\"450\" alt=\"M. Dias Branco (MDIA3) deve ter alta no lucro anual no 4T23, prev\u00ea XP: &#8220;Resultados s\u00f3lidos&#8221;\" fetchpriority=high \/>\n\t\t\t<\/picture>\n\n\t\t\t<figcaption class=\"wp-caption-text wp-caption-text--show\">M. Dias Branco:. Foto: Divulga\u00e7\u00e3o<\/figcaption>\n\t\t<\/figure>\n\t<\/div>\n\n\n\n\n\n\t<p>\n\t\t<a href=\"https:\/\/lp.suno.com.br\/planilha-da-vida-financeira\/\" target=\"_blank\" data-element=\"shortcode-suno-banner\" title=\"Banner SUNO, clique e saiba mais\">\n\t\t\t<picture>\n\t\t\t\t<source media=\"(max-width: 500px)\" srcset=\"https:\/\/files.sunoresearch.com.br\/n\/uploads\/2023\/04\/400x300-Planilha-vida-financeira-true.png\">\n\t\t\t\t<img class=\"newsContent__article__imgCapa newsContent__article__imgCapa--banner\"\n\t\t\t\t\tsrc=\"https:\/\/files.sunoresearch.com.br\/n\/uploads\/2023\/04\/1420x240-Planilha-vida-financeira-true.png\"\n\t\t\t\t\tdata-promo-id=\"106682\"\t\t\t\t\t\t\t\t\t\twidth='1420' height='240'\t\t\t\t\talt=\"https:\/\/files.sunoresearch.com.br\/n\/uploads\/2023\/04\/1420x240-Planilha-vida-financeira-true.png\"\n\t\t\t\t>\n\t\t\t<\/picture>\n\t\t<\/a>\n\t<\/p>\n\n\n\n\n\n\n\n<p>Os especialistas do XP Leonardo Alencar e Pedro Fonseca explicam que as <strong>proje\u00e7\u00f5es para a M. Dias Branco<\/strong> apresentam n\u00fameros s\u00f3lidos.<\/p>\n\n\n\n<p>&#8220;A M. Dias Branco deve reportar resultados s\u00f3lidos no 4T23 devido a uma combina\u00e7\u00e3o de pre\u00e7os e volumes resilientes, o que deve se traduzir em uma receita de R$ 2,7 bilh\u00f5es (-2% ano a ano e -1% t\/t \u2013 em linha com o consenso)&#8221;, diz a XP. &#8220;Como resultado dos pre\u00e7os mais baixos de commodities que fluem para os lucros, projetamos um aumento da margem bruta de 30 pontos-base t\/t.&#8221;<\/p>\n\n\n\n<p>A XP acrescenta: &#8220;Projetamos um lucro l\u00edquido 6% abaixo do consenso, em R$ 234 milh\u00f5es, com piores resultados financeiros devido \u00e0 menor posi\u00e7\u00e3o de caixa. Apesar dos resultados s\u00f3lidos, e de vermos a companhia em um valuation, as a\u00e7\u00f5es perderam momentum ap\u00f3s o terceiro trimestre e n\u00e3o esperamos que os resultados do quarto trimestre sejam um gatilho&#8221;, explica a XP.<\/p>\n\n\n\n<figure class=\"wp-block-image size-full\"><img loading=\"lazy\" decoding=\"async\" width=\"690\" height=\"308\" src=\"https:\/\/files.sunoresearch.com.br\/n\/uploads\/2024\/01\/XP-2.jpg\" alt=\"\" class=\"wp-image-515287\" srcset=\"https:\/\/files.sunoresearch.com.br\/n\/uploads\/2024\/01\/XP-2.jpg 690w, https:\/\/files.sunoresearch.com.br\/n\/uploads\/2024\/01\/XP-2-300x134.jpg 300w, https:\/\/files.sunoresearch.com.br\/n\/uploads\/2024\/01\/XP-2-150x67.jpg 150w\" sizes=\"(max-width: 690px) 100vw, 690px\" \/><\/figure>\n\n\n\n<p>Para eles, o destaque positivo nas proje\u00e7\u00f5es \u00e9 o aumento previsto na <a class=\"suno-keyword\" target=\"_blank\" data-force=\"no\" data-priority=\"1\" href=\"https:\/\/www.suno.com.br\/artigos\/margem-bruta-entenda-sua-importancia\/\" rel=\"noopener\">margem bruta<\/a>, que dever\u00e1 crescer 30 pontos base trimestre a trimestre. Essa melhora \u00e9 atribu\u00edda aos pre\u00e7os mais baixos das commodities, que ajudam a contribuir com os lucros da empresa, de acordo com o relat\u00f3rio.<\/p>\n\n\n\n<p>\u201cDesde o 1T23, temos falado muito sobre a recupera\u00e7\u00e3o das <strong>margens da MDIA3<\/strong> devido \u00e0 queda nos <strong>pre\u00e7os das commodities<\/strong>. No entanto, depois que a margem bruta aumentou de 27,2% no 1T23 para 35,5% no 3T23, n\u00e3o vemos espa\u00e7o para grandes potenciais aumentos\u201d, apontam.<\/p>\n\n\n\t<p>\n\t\t<a href=\"https:\/\/lp.suno.com.br\/planilha-da-vida-financeira\/\" target=\"_blank\" data-element=\"shortcode-suno-banner\" title=\"Banner SUNO, clique e saiba mais\">\n\t\t\t<picture>\n\t\t\t\t<source media=\"(max-width: 500px)\" srcset=\"https:\/\/files.sunoresearch.com.br\/n\/uploads\/2023\/04\/400x300-Planilha-vida-financeira-true.png\">\n\t\t\t\t<img class=\"newsContent__article__imgCapa newsContent__article__imgCapa--banner\"\n\t\t\t\t\tsrc=\"https:\/\/files.sunoresearch.com.br\/n\/uploads\/2023\/04\/1420x240-Planilha-vida-financeira-true.png\"\n\t\t\t\t\tdata-promo-id=\"106682\"\t\t\t\t\t\t\t\t\t\twidth='1420' height='240'\t\t\t\t\talt=\"https:\/\/files.sunoresearch.com.br\/n\/uploads\/2023\/04\/1420x240-Planilha-vida-financeira-true.png\"\n\t\t\t\t>\n\t\t\t<\/picture>\n\t\t<\/a>\n\t<\/p>\n\n\n\n\n\n<h2 class=\"wp-block-heading\">M. Dias Branco: aumento das despesas<\/h2>\n\n\n\n<p>As proje\u00e7\u00f5es para o <a class=\"suno-keyword\" target=\"_blank\" data-force=\"no\" data-priority=\"1\" href=\"https:\/\/www.suno.com.br\/artigos\/ebitda-ajustado\/\" rel=\"noopener\">Ebitda ajustado<\/a> (lucro antes de juros, impostos, deprecia\u00e7\u00f5es e amortiza\u00e7\u00f5es) apontam uma redu\u00e7\u00e3o de 3% trimestre a <strong>trimestre da MDIA3<\/strong>, em linha com as expectativas do mercado, conforme an\u00e1lise de Alencar e Fonseca.<\/p>\n\n\n\n<p>Essa diminui\u00e7\u00e3o \u00e9 explicada, principalmente, pelo aumento das despesas SG&amp;A (vendas, gerais e administrativas) em rela\u00e7\u00e3o ao trimestre anterior, resultando em uma queda de 30 pontos-base na margem.<\/p>\n\n\n\n<p>Apesar dos resultados s\u00f3lidos esperados, o relat\u00f3rio do XP sobre a M. Dias Branco aponta que as <strong>a\u00e7\u00f5es da M. Dias Branco<\/strong> perderam impulso ap\u00f3s o terceiro trimestre, e os analistas n\u00e3o preveem que os resultados do quarto trimestre devem atuar como um gatilho para os <strong>pap\u00e9is MDIA3<\/strong> no <a class=\"suno-keyword\" target=\"_blank\" data-force=\"no\" data-priority=\"1\" href=\"https:\/\/www.suno.com.br\/artigos\/curto-prazo\/\" rel=\"noopener\">curto prazo<\/a>. Segundo eles, o mercado permanece cautelos, e o desempenho das a\u00e7\u00f5es pode ser influenciado por fatores externos.<\/p>\n\n\n\n<p>\u201cPara 2024, somos da opini\u00e3o de que a M. Dias Branco deve desfrutar de custos mais baixos com menos volatilidade em suas margens, mantendo os volumes como um risco de alta\u201d, conclui o relat\u00f3rio.<\/p>\n\n\n\n<p><em>*Com Murilo Melo<\/em><\/p>\n\n\n\t<p>\n\t\t<a href=\"https:\/\/lp.suno.com.br\/planilha-da-vida-financeira\/\" target=\"_blank\" data-element=\"shortcode-suno-banner\" title=\"Banner SUNO, clique e saiba mais\">\n\t\t\t<picture>\n\t\t\t\t<source media=\"(max-width: 500px)\" srcset=\"https:\/\/files.sunoresearch.com.br\/n\/uploads\/2023\/04\/400x300-Planilha-vida-financeira-true.png\">\n\t\t\t\t<img class=\"newsContent__article__imgCapa newsContent__article__imgCapa--banner\"\n\t\t\t\t\tsrc=\"https:\/\/files.sunoresearch.com.br\/n\/uploads\/2023\/04\/1420x240-Planilha-vida-financeira-true.png\"\n\t\t\t\t\tdata-promo-id=\"383123\"\t\t\t\t\t\t\t\t\t\twidth='1420' height='240'\t\t\t\t\talt=\"https:\/\/files.sunoresearch.com.br\/n\/uploads\/2023\/04\/1420x240-Planilha-vida-financeira-true.png\"\n\t\t\t\t>\n\t\t\t<\/picture>\n\t\t<\/a>\n\t<\/p>\n\n\n","protected":false},"excerpt":{"rendered":"<p>A M. Dias Branco (MDIA3), uma das principais empresas do setor aliment\u00edcio no Brasil, deve apresentar alta anual de 1833% no lucro l\u00edquido do quarto trimestre de 2023 (4T23) e queda de 9% na compara\u00e7\u00e3o com o 3T23. M. Dias Branco:. Foto: Divulga\u00e7\u00e3o Os especialistas do XP Leonardo Alencar e Pedro Fonseca explicam que as [&hellip;]<\/p>\n","protected":false},"author":43,"featured_media":243298,"comment_status":"closed","ping_status":"closed","sticky":false,"template":"","format":"standard","meta":[],"categories":[64],"tags":[286,94403,888],"suno_strategy":[],"class_list":["post-514922","post","type-post","status-publish","format-standard","has-post-thumbnail","hentry","category-negocios","tag-acoes","tag-commodities","tag-xp-investimentos"],"yoast_head":"<!-- This site is optimized with the Yoast SEO plugin v24.4 - https:\/\/yoast.com\/wordpress\/plugins\/seo\/ -->\n<title>M. Dias Branco (MDIA3) deve ter leve queda no lucro anual, diz XP<\/title>\n<meta name=\"description\" content=\"A M. Dias Branco (MDIA3), uma das principais empresas do setor aliment\u00edcio no Brasil, deve apresentar queda de 2% em seu lucro no 4T23\" \/>\n<meta name=\"robots\" content=\"index, follow, max-snippet:-1, max-image-preview:large, max-video-preview:-1\" \/>\n<link rel=\"canonical\" href=\"https:\/\/www.suno.com.br\/noticias\/mdias-branco-mdia3-projecao-queda-lucro-4t23\/\" \/>\n<meta property=\"og:locale\" content=\"pt_BR\" \/>\n<meta property=\"og:type\" content=\"article\" \/>\n<meta property=\"og:title\" content=\"M. Dias Branco (MDIA3) deve ter leve queda no lucro anual, diz XP\" \/>\n<meta property=\"og:description\" content=\"A M. Dias Branco (MDIA3), uma das principais empresas do setor aliment\u00edcio no Brasil, deve apresentar queda de 2% em seu lucro no 4T23\" \/>\n<meta property=\"og:url\" content=\"https:\/\/www.suno.com.br\/noticias\/mdias-branco-mdia3-projecao-queda-lucro-4t23\/\" \/>\n<meta property=\"og:site_name\" content=\"Suno Not\u00edcias\" \/>\n<meta property=\"article:publisher\" content=\"https:\/\/facebook.com\/sunoresearch\" \/>\n<meta property=\"article:author\" content=\"https:\/\/www.facebook.com\/sunonoticias\/\" \/>\n<meta property=\"og:image\" content=\"https:\/\/files.sunoresearch.com.br\/n\/uploads\/2022\/03\/M.-Dias-Branco.jpg\" \/>\n\t<meta property=\"og:image:width\" content=\"1280\" \/>\n\t<meta property=\"og:image:height\" content=\"853\" \/>\n\t<meta property=\"og:image:type\" content=\"image\/jpeg\" \/>\n<meta name=\"author\" content=\"Reda\u00e7\u00e3o Suno Not\u00edcias\" \/>\n<meta name=\"twitter:card\" content=\"summary_large_image\" \/>\n<meta name=\"twitter:creator\" content=\"@https:\/\/twitter.com\/sunoresearch\" \/>\n<meta name=\"twitter:site\" content=\"@sunoresearch\" \/>\n<meta name=\"twitter:label1\" content=\"Escrito por\" \/>\n\t<meta name=\"twitter:data1\" content=\"Reda\u00e7\u00e3o Suno Not\u00edcias\" \/>\n\t<meta name=\"twitter:label2\" content=\"Est. tempo de leitura\" \/>\n\t<meta name=\"twitter:data2\" content=\"3 minutos\" \/>\n<script type=\"application\/ld+json\" class=\"yoast-schema-graph\">{\"@context\":\"https:\/\/schema.org\",\"@graph\":[{\"@type\":\"NewsArticle\",\"@id\":\"https:\/\/www.suno.com.br\/noticias\/mdias-branco-mdia3-projecao-queda-lucro-4t23\/#article\",\"isPartOf\":{\"@id\":\"https:\/\/www.suno.com.br\/noticias\/mdias-branco-mdia3-projecao-queda-lucro-4t23\/\"},\"author\":{\"name\":\"Reda\u00e7\u00e3o Suno Not\u00edcias\",\"@id\":\"https:\/\/www.suno.com.br\/noticias\/#\/schema\/person\/c1b1bd3727fa852bd045e9dbff3673ea\"},\"headline\":\"M. Dias Branco (MDIA3) deve ter alta no lucro anual no 4T23, prev\u00ea XP: &#8220;Resultados s\u00f3lidos&#8221;\",\"datePublished\":\"2024-01-24T00:12:38+00:00\",\"dateModified\":\"2024-01-24T18:55:58+00:00\",\"mainEntityOfPage\":{\"@id\":\"https:\/\/www.suno.com.br\/noticias\/mdias-branco-mdia3-projecao-queda-lucro-4t23\/\"},\"wordCount\":509,\"publisher\":{\"@id\":\"https:\/\/www.suno.com.br\/noticias\/#organization\"},\"image\":{\"@id\":\"https:\/\/www.suno.com.br\/noticias\/mdias-branco-mdia3-projecao-queda-lucro-4t23\/#primaryimage\"},\"thumbnailUrl\":\"https:\/\/files.sunoresearch.com.br\/n\/uploads\/2022\/03\/M.-Dias-Branco.jpg\",\"keywords\":[\"A\u00e7\u00f5es\",\"commodities\",\"XP Investimentos\"],\"articleSection\":[\"Neg\u00f3cios\"],\"inLanguage\":\"pt-BR\"},{\"@type\":\"WebPage\",\"@id\":\"https:\/\/www.suno.com.br\/noticias\/mdias-branco-mdia3-projecao-queda-lucro-4t23\/\",\"url\":\"https:\/\/www.suno.com.br\/noticias\/mdias-branco-mdia3-projecao-queda-lucro-4t23\/\",\"name\":\"M. Dias Branco (MDIA3) deve ter leve queda no lucro anual, diz XP\",\"isPartOf\":{\"@id\":\"https:\/\/www.suno.com.br\/noticias\/#website\"},\"primaryImageOfPage\":{\"@id\":\"https:\/\/www.suno.com.br\/noticias\/mdias-branco-mdia3-projecao-queda-lucro-4t23\/#primaryimage\"},\"image\":{\"@id\":\"https:\/\/www.suno.com.br\/noticias\/mdias-branco-mdia3-projecao-queda-lucro-4t23\/#primaryimage\"},\"thumbnailUrl\":\"https:\/\/files.sunoresearch.com.br\/n\/uploads\/2022\/03\/M.-Dias-Branco.jpg\",\"datePublished\":\"2024-01-24T00:12:38+00:00\",\"dateModified\":\"2024-01-24T18:55:58+00:00\",\"description\":\"A M. Dias Branco (MDIA3), uma das principais empresas do setor aliment\u00edcio no Brasil, deve apresentar queda de 2% em seu lucro no 4T23\",\"breadcrumb\":{\"@id\":\"https:\/\/www.suno.com.br\/noticias\/mdias-branco-mdia3-projecao-queda-lucro-4t23\/#breadcrumb\"},\"inLanguage\":\"pt-BR\",\"potentialAction\":[{\"@type\":\"ReadAction\",\"target\":[\"https:\/\/www.suno.com.br\/noticias\/mdias-branco-mdia3-projecao-queda-lucro-4t23\/\"]}]},{\"@type\":\"ImageObject\",\"inLanguage\":\"pt-BR\",\"@id\":\"https:\/\/www.suno.com.br\/noticias\/mdias-branco-mdia3-projecao-queda-lucro-4t23\/#primaryimage\",\"url\":\"https:\/\/files.sunoresearch.com.br\/n\/uploads\/2022\/03\/M.-Dias-Branco.jpg\",\"contentUrl\":\"https:\/\/files.sunoresearch.com.br\/n\/uploads\/2022\/03\/M.-Dias-Branco.jpg\",\"width\":1280,\"height\":853,\"caption\":\"M. Dias Branco:. Foto: Divulga\u00e7\u00e3o\"},{\"@type\":\"BreadcrumbList\",\"@id\":\"https:\/\/www.suno.com.br\/noticias\/mdias-branco-mdia3-projecao-queda-lucro-4t23\/#breadcrumb\",\"itemListElement\":[{\"@type\":\"ListItem\",\"position\":1,\"name\":\"Not\u00edcias\",\"item\":\"https:\/\/www.suno.com.br\/noticias\/\"},{\"@type\":\"ListItem\",\"position\":2,\"name\":\"Neg\u00f3cios\",\"item\":\"https:\/\/www.suno.com.br\/noticias\/negocios\/\"},{\"@type\":\"ListItem\",\"position\":3,\"name\":\"M. Dias Branco (MDIA3) deve ter alta no lucro anual no 4T23, prev\u00ea XP: &#8220;Resultados s\u00f3lidos&#8221;\"}]},{\"@type\":\"WebSite\",\"@id\":\"https:\/\/www.suno.com.br\/noticias\/#website\",\"url\":\"https:\/\/www.suno.com.br\/noticias\/\",\"name\":\"Suno Not\u00edcias\",\"description\":\"Seu portal de informa\u00e7\u00e3o sobre o mundo dos investimentos\",\"publisher\":{\"@id\":\"https:\/\/www.suno.com.br\/noticias\/#organization\"},\"potentialAction\":[{\"@type\":\"SearchAction\",\"target\":{\"@type\":\"EntryPoint\",\"urlTemplate\":\"https:\/\/www.suno.com.br\/noticias\/?s={search_term_string}\"},\"query-input\":{\"@type\":\"PropertyValueSpecification\",\"valueRequired\":true,\"valueName\":\"search_term_string\"}}],\"inLanguage\":\"pt-BR\"},{\"@type\":\"Organization\",\"@id\":\"https:\/\/www.suno.com.br\/noticias\/#organization\",\"name\":\"Suno Not\u00edcias\",\"url\":\"https:\/\/www.suno.com.br\/noticias\/\",\"logo\":{\"@type\":\"ImageObject\",\"inLanguage\":\"pt-BR\",\"@id\":\"https:\/\/www.suno.com.br\/noticias\/#\/schema\/logo\/image\/\",\"url\":\"https:\/\/files.sunoresearch.com.br\/n\/uploads\/2021\/09\/suno-logo.png\",\"contentUrl\":\"https:\/\/files.sunoresearch.com.br\/n\/uploads\/2021\/09\/suno-logo.png\",\"width\":180,\"height\":180,\"caption\":\"Suno Not\u00edcias\"},\"image\":{\"@id\":\"https:\/\/www.suno.com.br\/noticias\/#\/schema\/logo\/image\/\"},\"sameAs\":[\"https:\/\/facebook.com\/sunoresearch\",\"https:\/\/x.com\/sunoresearch\",\"https:\/\/www.instagram.com\/suno\",\"https:\/\/www.linkedin.com\/company\/suno-research\/\",\"https:\/\/www.youtube.com\/c\/sunoresearch\"]},{\"@type\":\"Person\",\"@id\":\"https:\/\/www.suno.com.br\/noticias\/#\/schema\/person\/c1b1bd3727fa852bd045e9dbff3673ea\",\"name\":\"Reda\u00e7\u00e3o Suno Not\u00edcias\",\"image\":{\"@type\":\"ImageObject\",\"inLanguage\":\"pt-BR\",\"@id\":\"https:\/\/www.suno.com.br\/noticias\/#\/schema\/person\/image\/\",\"url\":\"https:\/\/secure.gravatar.com\/avatar\/b8104b9b5a71985d5238ee59fbe418af?s=96&r=g\",\"contentUrl\":\"https:\/\/secure.gravatar.com\/avatar\/b8104b9b5a71985d5238ee59fbe418af?s=96&r=g\",\"caption\":\"Reda\u00e7\u00e3o Suno Not\u00edcias\"},\"description\":\"O Suno Not\u00edcias \u00e9 um portal de informa\u00e7\u00f5es sobre Mercado Financeiro, Pol\u00edtica, Neg\u00f3cios, Economia e Finan\u00e7as Pessoais.\",\"sameAs\":[\"https:\/\/www.suno.com.br\/noticias\",\"https:\/\/www.facebook.com\/sunonoticias\/\",\"https:\/\/www.instagram.com\/sunonoticias\/\",\"https:\/\/x.com\/https:\/\/twitter.com\/sunoresearch\",\"https:\/\/www.youtube.com\/sunonoticias\"],\"url\":\"https:\/\/www.suno.com.br\/noticias\/author\/redacao-suno\/\"}]}<\/script>\n<!-- \/ Yoast SEO plugin. -->","yoast_head_json":{"title":"M. Dias Branco (MDIA3) deve ter leve queda no lucro anual, diz XP","description":"A M. Dias Branco (MDIA3), uma das principais empresas do setor aliment\u00edcio no Brasil, deve apresentar queda de 2% em seu lucro no 4T23","robots":{"index":"index","follow":"follow","max-snippet":"max-snippet:-1","max-image-preview":"max-image-preview:large","max-video-preview":"max-video-preview:-1"},"canonical":"https:\/\/www.suno.com.br\/noticias\/mdias-branco-mdia3-projecao-queda-lucro-4t23\/","og_locale":"pt_BR","og_type":"article","og_title":"M. Dias Branco (MDIA3) deve ter leve queda no lucro anual, diz XP","og_description":"A M. Dias Branco (MDIA3), uma das principais empresas do setor aliment\u00edcio no Brasil, deve apresentar queda de 2% em seu lucro no 4T23","og_url":"https:\/\/www.suno.com.br\/noticias\/mdias-branco-mdia3-projecao-queda-lucro-4t23\/","og_site_name":"Suno Not\u00edcias","article_publisher":"https:\/\/facebook.com\/sunoresearch","article_author":"https:\/\/www.facebook.com\/sunonoticias\/","og_image":[{"width":1280,"height":853,"url":"https:\/\/files.sunoresearch.com.br\/n\/uploads\/2022\/03\/M.-Dias-Branco.jpg","type":"image\/jpeg"}],"author":"Reda\u00e7\u00e3o Suno Not\u00edcias","twitter_card":"summary_large_image","twitter_creator":"@https:\/\/twitter.com\/sunoresearch","twitter_site":"@sunoresearch","twitter_misc":{"Escrito por":"Reda\u00e7\u00e3o Suno Not\u00edcias","Est. tempo de leitura":"3 minutos"},"schema":{"@context":"https:\/\/schema.org","@graph":[{"@type":"NewsArticle","@id":"https:\/\/www.suno.com.br\/noticias\/mdias-branco-mdia3-projecao-queda-lucro-4t23\/#article","isPartOf":{"@id":"https:\/\/www.suno.com.br\/noticias\/mdias-branco-mdia3-projecao-queda-lucro-4t23\/"},"author":{"name":"Reda\u00e7\u00e3o Suno Not\u00edcias","@id":"https:\/\/www.suno.com.br\/noticias\/#\/schema\/person\/c1b1bd3727fa852bd045e9dbff3673ea"},"headline":"M. Dias Branco (MDIA3) deve ter alta no lucro anual no 4T23, prev\u00ea XP: &#8220;Resultados s\u00f3lidos&#8221;","datePublished":"2024-01-24T00:12:38+00:00","dateModified":"2024-01-24T18:55:58+00:00","mainEntityOfPage":{"@id":"https:\/\/www.suno.com.br\/noticias\/mdias-branco-mdia3-projecao-queda-lucro-4t23\/"},"wordCount":509,"publisher":{"@id":"https:\/\/www.suno.com.br\/noticias\/#organization"},"image":{"@id":"https:\/\/www.suno.com.br\/noticias\/mdias-branco-mdia3-projecao-queda-lucro-4t23\/#primaryimage"},"thumbnailUrl":"https:\/\/files.sunoresearch.com.br\/n\/uploads\/2022\/03\/M.-Dias-Branco.jpg","keywords":["A\u00e7\u00f5es","commodities","XP Investimentos"],"articleSection":["Neg\u00f3cios"],"inLanguage":"pt-BR"},{"@type":"WebPage","@id":"https:\/\/www.suno.com.br\/noticias\/mdias-branco-mdia3-projecao-queda-lucro-4t23\/","url":"https:\/\/www.suno.com.br\/noticias\/mdias-branco-mdia3-projecao-queda-lucro-4t23\/","name":"M. Dias Branco (MDIA3) deve ter leve queda no lucro anual, diz XP","isPartOf":{"@id":"https:\/\/www.suno.com.br\/noticias\/#website"},"primaryImageOfPage":{"@id":"https:\/\/www.suno.com.br\/noticias\/mdias-branco-mdia3-projecao-queda-lucro-4t23\/#primaryimage"},"image":{"@id":"https:\/\/www.suno.com.br\/noticias\/mdias-branco-mdia3-projecao-queda-lucro-4t23\/#primaryimage"},"thumbnailUrl":"https:\/\/files.sunoresearch.com.br\/n\/uploads\/2022\/03\/M.-Dias-Branco.jpg","datePublished":"2024-01-24T00:12:38+00:00","dateModified":"2024-01-24T18:55:58+00:00","description":"A M. Dias Branco (MDIA3), uma das principais empresas do setor aliment\u00edcio no Brasil, deve apresentar queda de 2% em seu lucro no 4T23","breadcrumb":{"@id":"https:\/\/www.suno.com.br\/noticias\/mdias-branco-mdia3-projecao-queda-lucro-4t23\/#breadcrumb"},"inLanguage":"pt-BR","potentialAction":[{"@type":"ReadAction","target":["https:\/\/www.suno.com.br\/noticias\/mdias-branco-mdia3-projecao-queda-lucro-4t23\/"]}]},{"@type":"ImageObject","inLanguage":"pt-BR","@id":"https:\/\/www.suno.com.br\/noticias\/mdias-branco-mdia3-projecao-queda-lucro-4t23\/#primaryimage","url":"https:\/\/files.sunoresearch.com.br\/n\/uploads\/2022\/03\/M.-Dias-Branco.jpg","contentUrl":"https:\/\/files.sunoresearch.com.br\/n\/uploads\/2022\/03\/M.-Dias-Branco.jpg","width":1280,"height":853,"caption":"M. Dias Branco:. Foto: Divulga\u00e7\u00e3o"},{"@type":"BreadcrumbList","@id":"https:\/\/www.suno.com.br\/noticias\/mdias-branco-mdia3-projecao-queda-lucro-4t23\/#breadcrumb","itemListElement":[{"@type":"ListItem","position":1,"name":"Not\u00edcias","item":"https:\/\/www.suno.com.br\/noticias\/"},{"@type":"ListItem","position":2,"name":"Neg\u00f3cios","item":"https:\/\/www.suno.com.br\/noticias\/negocios\/"},{"@type":"ListItem","position":3,"name":"M. Dias Branco (MDIA3) deve ter alta no lucro anual no 4T23, prev\u00ea XP: &#8220;Resultados s\u00f3lidos&#8221;"}]},{"@type":"WebSite","@id":"https:\/\/www.suno.com.br\/noticias\/#website","url":"https:\/\/www.suno.com.br\/noticias\/","name":"Suno Not\u00edcias","description":"Seu portal de informa\u00e7\u00e3o sobre o mundo dos investimentos","publisher":{"@id":"https:\/\/www.suno.com.br\/noticias\/#organization"},"potentialAction":[{"@type":"SearchAction","target":{"@type":"EntryPoint","urlTemplate":"https:\/\/www.suno.com.br\/noticias\/?s={search_term_string}"},"query-input":{"@type":"PropertyValueSpecification","valueRequired":true,"valueName":"search_term_string"}}],"inLanguage":"pt-BR"},{"@type":"Organization","@id":"https:\/\/www.suno.com.br\/noticias\/#organization","name":"Suno Not\u00edcias","url":"https:\/\/www.suno.com.br\/noticias\/","logo":{"@type":"ImageObject","inLanguage":"pt-BR","@id":"https:\/\/www.suno.com.br\/noticias\/#\/schema\/logo\/image\/","url":"https:\/\/files.sunoresearch.com.br\/n\/uploads\/2021\/09\/suno-logo.png","contentUrl":"https:\/\/files.sunoresearch.com.br\/n\/uploads\/2021\/09\/suno-logo.png","width":180,"height":180,"caption":"Suno Not\u00edcias"},"image":{"@id":"https:\/\/www.suno.com.br\/noticias\/#\/schema\/logo\/image\/"},"sameAs":["https:\/\/facebook.com\/sunoresearch","https:\/\/x.com\/sunoresearch","https:\/\/www.instagram.com\/suno","https:\/\/www.linkedin.com\/company\/suno-research\/","https:\/\/www.youtube.com\/c\/sunoresearch"]},{"@type":"Person","@id":"https:\/\/www.suno.com.br\/noticias\/#\/schema\/person\/c1b1bd3727fa852bd045e9dbff3673ea","name":"Reda\u00e7\u00e3o Suno Not\u00edcias","image":{"@type":"ImageObject","inLanguage":"pt-BR","@id":"https:\/\/www.suno.com.br\/noticias\/#\/schema\/person\/image\/","url":"https:\/\/secure.gravatar.com\/avatar\/b8104b9b5a71985d5238ee59fbe418af?s=96&r=g","contentUrl":"https:\/\/secure.gravatar.com\/avatar\/b8104b9b5a71985d5238ee59fbe418af?s=96&r=g","caption":"Reda\u00e7\u00e3o Suno Not\u00edcias"},"description":"O Suno Not\u00edcias \u00e9 um portal de informa\u00e7\u00f5es sobre Mercado Financeiro, Pol\u00edtica, Neg\u00f3cios, Economia e Finan\u00e7as Pessoais.","sameAs":["https:\/\/www.suno.com.br\/noticias","https:\/\/www.facebook.com\/sunonoticias\/","https:\/\/www.instagram.com\/sunonoticias\/","https:\/\/x.com\/https:\/\/twitter.com\/sunoresearch","https:\/\/www.youtube.com\/sunonoticias"],"url":"https:\/\/www.suno.com.br\/noticias\/author\/redacao-suno\/"}]}},"default_loop_html":"<div class=\"cardsPage__listCard__boxs\"><div class=\"cardsPage__listCard__boxs__img\"><a href=\"https:\/\/www.suno.com.br\/noticias\/mdias-branco-mdia3-projecao-queda-lucro-4t23\/\"><img class=\"mask\" src=\"https:\/\/www.suno.com.br\/noticias\/wp-content\/themes\/suno\/resources\/images\/spotlight\/spotlight1img\/bg-mask.png\" alt=\"Image Mask\"\/><img src=\"https:\/\/files.sunoresearch.com.br\/n\/uploads\/2022\/03\/M.-Dias-Branco-400x200.jpg\" alt=\"M. Dias Branco (MDIA3) deve ter alta no lucro anual no 4T23, prev\u00ea XP: &#8220;Resultados s\u00f3lidos&#8221;\"\/><\/a><span class=\"spotlightCategory\"><a href=\"https:\/\/www.suno.com.br\/noticias\/negocios\/\">Neg\u00f3cios<\/a><\/span><\/div><div class=\"cardsPage__listCard__boxs__content\"><a href=\"https:\/\/www.suno.com.br\/noticias\/mdias-branco-mdia3-projecao-queda-lucro-4t23\/\"><h2 class=\"content__title\">M. Dias Branco (MDIA3) deve ter alta no lucro anual no 4T23, prev\u00ea XP: &#8220;Resultados s\u00f3lidos&#8221;<\/h2><\/a><div class=\"newsContent__article__meta\"><div class=\"newsContent__article__meta__authorBox\"><a href=\"https:\/\/www.suno.com.br\/noticias\/author\/redacao-suno\/\" class=\"authorBox__avatar noMobi\"><img src=\"https:\/\/files.sunoresearch.com.br\/n\/uploads\/2020\/08\/0ace682d-redacao-1-150x150.webp\" alt=\"Reda\u00e7\u00e3o Suno Not\u00edcias\"><\/a><div class=\"authorBox__name\"><span>por\n\t\t\t<a href=\"https:\/\/www.suno.com.br\/noticias\/author\/redacao-suno\/\"><span itemprop=\"author\">Reda\u00e7\u00e3o Suno Not\u00edcias<\/span><\/a><\/span><time datetime=\"2024-01-23T21:12:38-03:00\" itemprop=\"datePublished\">23\/01\/2024 21:12<\/time><\/div><\/div><\/div><\/div><\/div>","single_layout":"posts","amp_enabled":true,"_links":{"self":[{"href":"https:\/\/www.suno.com.br\/noticias\/wp-json\/wp\/v2\/posts\/514922"}],"collection":[{"href":"https:\/\/www.suno.com.br\/noticias\/wp-json\/wp\/v2\/posts"}],"about":[{"href":"https:\/\/www.suno.com.br\/noticias\/wp-json\/wp\/v2\/types\/post"}],"author":[{"embeddable":true,"href":"https:\/\/www.suno.com.br\/noticias\/wp-json\/wp\/v2\/users\/43"}],"replies":[{"embeddable":true,"href":"https:\/\/www.suno.com.br\/noticias\/wp-json\/wp\/v2\/comments?post=514922"}],"version-history":[{"count":2,"href":"https:\/\/www.suno.com.br\/noticias\/wp-json\/wp\/v2\/posts\/514922\/revisions"}],"predecessor-version":[{"id":515312,"href":"https:\/\/www.suno.com.br\/noticias\/wp-json\/wp\/v2\/posts\/514922\/revisions\/515312"}],"wp:featuredmedia":[{"embeddable":true,"href":"https:\/\/www.suno.com.br\/noticias\/wp-json\/wp\/v2\/media\/243298"}],"wp:attachment":[{"href":"https:\/\/www.suno.com.br\/noticias\/wp-json\/wp\/v2\/media?parent=514922"}],"wp:term":[{"taxonomy":"category","embeddable":true,"href":"https:\/\/www.suno.com.br\/noticias\/wp-json\/wp\/v2\/categories?post=514922"},{"taxonomy":"post_tag","embeddable":true,"href":"https:\/\/www.suno.com.br\/noticias\/wp-json\/wp\/v2\/tags?post=514922"},{"taxonomy":"suno_strategy","embeddable":true,"href":"https:\/\/www.suno.com.br\/noticias\/wp-json\/wp\/v2\/suno_strategy?post=514922"}],"curies":[{"name":"wp","href":"https:\/\/api.w.org\/{rel}","templated":true}]}}