{"id":514889,"date":"2024-01-23T20:05:46","date_gmt":"2024-01-23T23:05:46","guid":{"rendered":"https:\/\/www.suno.com.br\/noticias\/?p=514889"},"modified":"2024-01-23T20:23:58","modified_gmt":"2024-01-23T23:23:58","slug":"novo-fundo-imobiliario-itau-itub4-retorno-jvj","status":"publish","type":"post","link":"https:\/\/www.suno.com.br\/noticias\/novo-fundo-imobiliario-itau-itub4-retorno-jvj\/","title":{"rendered":"Novo fundo imobili\u00e1rio do Ita\u00fa (ITUB4) espera retorno de 16% em 3 anos; 1\u00aa emiss\u00e3o busca levantar R$ 500 mi"},"content":{"rendered":"<p>O fundo imobili\u00e1rio <strong>Ita\u00fa<\/strong> Total Return (ITRI11), cuja gest\u00e3o \u00e9 feita pela Ita\u00fa Asset e pelo Ita\u00fa DTVM, anunciou recentemente a sua 1\u00aa emiss\u00e3o de cotas, visando levantar um montante de at\u00e9 R$ 500 milh\u00f5es.<\/p>\t<div class=\"wrapper-featured-image\">\n\t\t<figure class=\"spotlightImg\">\n\n\t\t\t<picture>\n\t\t\t\t<source media=\"(max-width: 768px)\" srcset=\"https:\/\/files.sunoresearch.com.br\/n\/uploads\/2023\/12\/fundos-imobiliarios-fiis-imoveis-casas-400x200.jpg\">\n\t\t\t\t<img loading=\"lazy\" decoding=\"async\" class=\"newsContent__article__imgCapa lazyloadDisabled \" src=\"https:\/\/files.sunoresearch.com.br\/n\/uploads\/2023\/12\/fundos-imobiliarios-fiis-imoveis-casas-800x450.jpg\" width=\"800\" height=\"450\" alt=\"Novo fundo imobili\u00e1rio do Ita\u00fa (ITUB4) espera retorno de 16% em 3 anos; 1\u00aa emiss\u00e3o busca levantar R$ 500 mi\" fetchpriority=high \/>\n\t\t\t<\/picture>\n\n\t\t\t<figcaption class=\"wp-caption-text wp-caption-text--show\">Setor imobili\u00e1rio - Foto: Unsplash<\/figcaption>\n\t\t<\/figure>\n\t<\/div>\n\n\n\n\n\n\t<p>\n\t\t<a href=\"https:\/\/lp.suno.com.br\/ebook-como-analisar-uma-acao\/\" target=\"_blank\" data-element=\"shortcode-suno-banner\" title=\"Banner SUNO, clique e saiba mais\">\n\t\t\t<picture>\n\t\t\t\t<source media=\"(max-width: 500px)\" srcset=\"https:\/\/files.sunoresearch.com.br\/n\/uploads\/2023\/12\/Ebook-Acoes-Mobile.jpg\">\n\t\t\t\t<img class=\"newsContent__article__imgCapa newsContent__article__imgCapa--banner\"\n\t\t\t\t\tsrc=\"https:\/\/files.sunoresearch.com.br\/n\/uploads\/2023\/12\/Ebook-Acoes-Desktop.webp\"\n\t\t\t\t\tdata-promo-id=\"311260\"\t\t\t\t\t\t\t\t\t\twidth='1420' height='286'\t\t\t\t\talt=\"https:\/\/files.sunoresearch.com.br\/n\/uploads\/2023\/12\/Ebook-Acoes-Desktop.webp\"\n\t\t\t\t>\n\t\t\t<\/picture>\n\t\t<\/a>\n\t<\/p>\n\n\n\n\n\n<p>O <strong>fundo imobili\u00e1rio do Ita\u00fa<\/strong> \u00e9 destinado aos investidores de forma geral. A capta\u00e7\u00e3o pretendida, de R$ 500 milh\u00f5es, viria com a emiss\u00e3o de at\u00e9 5 milh\u00f5es de cotas, j\u00e1 que o valor da cota \u00e9 de R$ 100,00, sem levar em conta a taxa de distribui\u00e7\u00e3o.<\/p>\n\n\n\n<p>Como a taxa de distribui\u00e7\u00e3o \u00e9 de R$ 2,35 por cota, equivalente a 2,35% do pre\u00e7o de emiss\u00e3o, o valor da cota base \u00e9 de R$ 102,35.<\/p>\n\n\n\t<div data-element=\"shortcode-read-more\" class=\"knowMore\">\n\t\t\t\t<span class=\"knowMore__title\">Leia mais<\/span>\n\t\t\t\t<a class=\"knowMore__link\" href=\"https:\/\/www.suno.com.br\/noticias\/jbs-jbss3-queridinha-btg-recomenda-minerva-beef3-va\/\">\n\t\t\tJBS (JBSS3) \u00e9 a \u201cqueridinha\u201d do BTG no setor de alimentos; analistas tamb\u00e9m recomendam Minerva (BEEF3)\t\t<\/a>\n\t<\/div>\n\n\n\n\n<p>O retorno l\u00edquido total esperado \u00e9 de 14% a 18% ao ano, correspondendo a uma m\u00e9dia de 16% ao ano nos 3 anos seguintes \u00e0 oferta. Esse retorno foi calculado com base na expectativa de rendimentos para os cotistas do<strong> FII ITRI11<\/strong> e tamb\u00e9m uma curva evolutiva de aloca\u00e7\u00e3o.<\/p>\n\n\n\n<p>A metodologia utilizada nesta an\u00e1lise de proje\u00e7\u00e3o de rentabilidade dos ativos se baseia nas estimativas do <a class=\"suno-keyword\" target=\"_blank\" data-force=\"no\" data-priority=\"2\" href=\"https:\/\/www.suno.com.br\/artigos\/fluxo-de-caixa\/\" rel=\"noopener\">fluxo de caixa<\/a> obtido com o investimento do FII em ativos imobili\u00e1rios, que deve ser inicialmente focado em cotas de fundos imobili\u00e1rios, CRIs e ativos de liquidez.<\/p>\n\n\n\n<h2 class=\"wp-block-heading\"><a><\/a>ITRI11: saiba mais sobre a emiss\u00e3o do FII do Ita\u00fa<\/h2>\n\n\n\n<p>A 1\u00aa emiss\u00e3o de cotas do <strong>FII do Ita\u00fa<\/strong>, o ITRI11, ainda prev\u00ea a chance de haver um volume adicional de at\u00e9 25% no n\u00famero m\u00e1ximo de cotas ofertado inicialmente, correspondente a 1,25 milh\u00e3o de cotas, ou at\u00e9 R$ 125 milh\u00f5es.<\/p>\n\n\n\n<p>O <strong>fundo imobili\u00e1rio ITRI11<\/strong> vai funcionar como um hedge fund imobili\u00e1rio, adotando uma estrat\u00e9gia mais h\u00edbrida. De acordo com um estudo feito pelo pr\u00f3prio fundo, os cogestores devem precisar de seis meses para conseguir atingir 99% do objetivo de aloca\u00e7\u00e3o em cotas de FIIs e ativos imobili\u00e1rios.<\/p>\n\n\n\n<p>Confira abaixo como deve ficar a aloca\u00e7\u00e3o do fundo, assim como o retorno projetado para cada tipo de ativo:<\/p>\n\n\n\n<figure class=\"wp-block-table\"><table><tbody><tr><td>Ativos<\/td><td>Aloca\u00e7\u00e3o alvo<\/td><td>Retorno projetado<\/td><\/tr><tr><td>FII<\/td><td>De 40% a 70%<\/td><td>18% ao ano<\/td><\/tr><tr><td>CRI<\/td><td>De 20% a 50%<\/td><td>CDI + 3,5% ao ano\/ IPCA + 9% ao ano<\/td><\/tr><tr><td>FII Desenvolvimento\/ FIP<\/td><td>De 0% a 20%<\/td><td>IPCA+15%-20% ao ano<\/td><\/tr><tr><td>A\u00e7\u00f5es<\/td><td>De 0% a 10%<\/td><td>20% ao ano<\/td><\/tr><\/tbody><\/table><figcaption class=\"wp-element-caption\">Fonte: FII ITRI11<\/figcaption><\/figure>\n\n\n\n<p>Ainda ontem (22), come\u00e7ou o per\u00edodo de reserva de cotas ao investidor. O prazo termina no dia 6 de mar\u00e7o de 2024. O procedimento de aloca\u00e7\u00e3o da 1\u00aa s\u00e9rie do <strong>Ita\u00fa<\/strong> Total Return deve ser feito em 7 de mar\u00e7o de 2024, e a liquida\u00e7\u00e3o da s\u00e9rie acontecer\u00e1 em 12 de mar\u00e7o.<\/p>\n\n\n\t<p>\n\t\t<a href=\"https:\/\/lp2.suno.com.br\/cl\/black-friday-2025\/?utm_campaign=_SNCDF0E4858_\" target=\"_blank\" data-element=\"shortcode-suno-banner\" title=\"Banner SUNO, clique e saiba mais\">\n\t\t\t<picture>\n\t\t\t\t<source media=\"(max-width: 500px)\" srcset=\"https:\/\/files.sunoresearch.com.br\/n\/uploads\/2025\/10\/Artigos-e-Noticias-Banner-Home-artigos-01-Mobile_-400x300-1-png.webp\">\n\t\t\t\t<img class=\"newsContent__article__imgCapa newsContent__article__imgCapa--banner\"\n\t\t\t\t\tsrc=\"https:\/\/files.sunoresearch.com.br\/n\/uploads\/2025\/10\/Artigos-e-Noticias-Banner-Home-artigos-01-Desktop_-1420x240-1-png.webp\"\n\t\t\t\t\tdata-promo-id=\"311259\"\t\t\t\t\t\t\t\t\t\twidth='1420' height='240'\t\t\t\t\talt=\"https:\/\/files.sunoresearch.com.br\/n\/uploads\/2025\/10\/Artigos-e-Noticias-Banner-Home-artigos-01-Desktop_-1420x240-1-png.webp\"\n\t\t\t\t>\n\t\t\t<\/picture>\n\t\t<\/a>\n\t<\/p>\n\n\n","protected":false},"excerpt":{"rendered":"<p>O fundo imobili\u00e1rio Ita\u00fa Total Return (ITRI11), cuja gest\u00e3o \u00e9 feita pela Ita\u00fa Asset e pelo Ita\u00fa DTVM, anunciou recentemente a sua 1\u00aa emiss\u00e3o de cotas, visando levantar um montante de at\u00e9 R$ 500 milh\u00f5es. Setor imobili\u00e1rio &#8211; Foto: Unsplash O fundo imobili\u00e1rio do Ita\u00fa \u00e9 destinado aos investidores de forma geral. A capta\u00e7\u00e3o pretendida, [&hellip;]<\/p>\n","protected":false},"author":173,"featured_media":500210,"comment_status":"closed","ping_status":"closed","sticky":false,"template":"","format":"standard","meta":[],"categories":[64],"tags":[315,519],"suno_strategy":[],"class_list":["post-514889","post","type-post","status-publish","format-standard","has-post-thumbnail","hentry","category-negocios","tag-fundos-imobiliarios-fiis","tag-itau-unibanco-itub3-itub4"],"yoast_head":"<!-- This site is optimized with the Yoast SEO plugin v24.4 - https:\/\/yoast.com\/wordpress\/plugins\/seo\/ -->\n<title>Novo fundo imobili\u00e1rio do Ita\u00fa (ITUB4) espera retorno anual de 16%<\/title>\n<meta name=\"description\" content=\"Um novo fundo imobili\u00e1rio do Ita\u00fa espera ter um retorno anual m\u00e9dio de 16% nos pr\u00f3ximos 3 anos. Veja o valor de sua 1\u00aa oferta de cotas.\" \/>\n<meta name=\"robots\" content=\"index, follow, max-snippet:-1, max-image-preview:large, max-video-preview:-1\" \/>\n<link rel=\"canonical\" href=\"https:\/\/www.suno.com.br\/noticias\/novo-fundo-imobiliario-itau-itub4-retorno-jvj\/\" \/>\n<meta property=\"og:locale\" content=\"pt_BR\" \/>\n<meta property=\"og:type\" content=\"article\" \/>\n<meta property=\"og:title\" content=\"Novo fundo imobili\u00e1rio do Ita\u00fa (ITUB4) espera retorno anual de 16%\" \/>\n<meta property=\"og:description\" content=\"Um novo fundo imobili\u00e1rio do Ita\u00fa espera ter um retorno anual m\u00e9dio de 16% nos pr\u00f3ximos 3 anos. Veja o valor de sua 1\u00aa oferta de cotas.\" \/>\n<meta property=\"og:url\" content=\"https:\/\/www.suno.com.br\/noticias\/novo-fundo-imobiliario-itau-itub4-retorno-jvj\/\" \/>\n<meta property=\"og:site_name\" content=\"Suno Not\u00edcias\" \/>\n<meta property=\"article:publisher\" content=\"https:\/\/facebook.com\/sunoresearch\" \/>\n<meta property=\"og:image\" content=\"https:\/\/files.sunoresearch.com.br\/n\/uploads\/2023\/12\/fundos-imobiliarios-fiis-imoveis-casas.jpg\" \/>\n\t<meta property=\"og:image:width\" content=\"1200\" \/>\n\t<meta property=\"og:image:height\" content=\"800\" \/>\n\t<meta property=\"og:image:type\" content=\"image\/jpeg\" \/>\n<meta name=\"author\" content=\"Jo\u00e3o Vitor\" \/>\n<meta name=\"twitter:card\" content=\"summary_large_image\" \/>\n<meta name=\"twitter:creator\" content=\"@sunoresearch\" \/>\n<meta name=\"twitter:site\" content=\"@sunoresearch\" \/>\n<meta name=\"twitter:label1\" content=\"Escrito por\" \/>\n\t<meta name=\"twitter:data1\" content=\"Jo\u00e3o Vitor\" \/>\n\t<meta name=\"twitter:label2\" content=\"Est. tempo de leitura\" \/>\n\t<meta name=\"twitter:data2\" content=\"3 minutos\" \/>\n<script type=\"application\/ld+json\" class=\"yoast-schema-graph\">{\"@context\":\"https:\/\/schema.org\",\"@graph\":[{\"@type\":\"NewsArticle\",\"@id\":\"https:\/\/www.suno.com.br\/noticias\/novo-fundo-imobiliario-itau-itub4-retorno-jvj\/#article\",\"isPartOf\":{\"@id\":\"https:\/\/www.suno.com.br\/noticias\/novo-fundo-imobiliario-itau-itub4-retorno-jvj\/\"},\"author\":{\"name\":\"Jo\u00e3o Vitor\",\"@id\":\"https:\/\/www.suno.com.br\/noticias\/#\/schema\/person\/87fc6973867c52dd884811905c43afba\"},\"headline\":\"Novo fundo imobili\u00e1rio do Ita\u00fa (ITUB4) espera retorno de 16% em 3 anos; 1\u00aa emiss\u00e3o busca levantar R$ 500 mi\",\"datePublished\":\"2024-01-23T23:05:46+00:00\",\"dateModified\":\"2024-01-23T23:23:58+00:00\",\"mainEntityOfPage\":{\"@id\":\"https:\/\/www.suno.com.br\/noticias\/novo-fundo-imobiliario-itau-itub4-retorno-jvj\/\"},\"wordCount\":445,\"publisher\":{\"@id\":\"https:\/\/www.suno.com.br\/noticias\/#organization\"},\"image\":{\"@id\":\"https:\/\/www.suno.com.br\/noticias\/novo-fundo-imobiliario-itau-itub4-retorno-jvj\/#primaryimage\"},\"thumbnailUrl\":\"https:\/\/files.sunoresearch.com.br\/n\/uploads\/2023\/12\/fundos-imobiliarios-fiis-imoveis-casas.jpg\",\"keywords\":[\"Fundos Imobili\u00e1rios (FIIs)\",\"Ita\u00fa Unibanco (ITUB3\/ITUB4)\"],\"articleSection\":[\"Neg\u00f3cios\"],\"inLanguage\":\"pt-BR\"},{\"@type\":\"WebPage\",\"@id\":\"https:\/\/www.suno.com.br\/noticias\/novo-fundo-imobiliario-itau-itub4-retorno-jvj\/\",\"url\":\"https:\/\/www.suno.com.br\/noticias\/novo-fundo-imobiliario-itau-itub4-retorno-jvj\/\",\"name\":\"Novo fundo imobili\u00e1rio do Ita\u00fa (ITUB4) espera retorno anual de 16%\",\"isPartOf\":{\"@id\":\"https:\/\/www.suno.com.br\/noticias\/#website\"},\"primaryImageOfPage\":{\"@id\":\"https:\/\/www.suno.com.br\/noticias\/novo-fundo-imobiliario-itau-itub4-retorno-jvj\/#primaryimage\"},\"image\":{\"@id\":\"https:\/\/www.suno.com.br\/noticias\/novo-fundo-imobiliario-itau-itub4-retorno-jvj\/#primaryimage\"},\"thumbnailUrl\":\"https:\/\/files.sunoresearch.com.br\/n\/uploads\/2023\/12\/fundos-imobiliarios-fiis-imoveis-casas.jpg\",\"datePublished\":\"2024-01-23T23:05:46+00:00\",\"dateModified\":\"2024-01-23T23:23:58+00:00\",\"description\":\"Um novo fundo imobili\u00e1rio do Ita\u00fa espera ter um retorno anual m\u00e9dio de 16% nos pr\u00f3ximos 3 anos. Veja o valor de sua 1\u00aa oferta de cotas.\",\"breadcrumb\":{\"@id\":\"https:\/\/www.suno.com.br\/noticias\/novo-fundo-imobiliario-itau-itub4-retorno-jvj\/#breadcrumb\"},\"inLanguage\":\"pt-BR\",\"potentialAction\":[{\"@type\":\"ReadAction\",\"target\":[\"https:\/\/www.suno.com.br\/noticias\/novo-fundo-imobiliario-itau-itub4-retorno-jvj\/\"]}]},{\"@type\":\"ImageObject\",\"inLanguage\":\"pt-BR\",\"@id\":\"https:\/\/www.suno.com.br\/noticias\/novo-fundo-imobiliario-itau-itub4-retorno-jvj\/#primaryimage\",\"url\":\"https:\/\/files.sunoresearch.com.br\/n\/uploads\/2023\/12\/fundos-imobiliarios-fiis-imoveis-casas.jpg\",\"contentUrl\":\"https:\/\/files.sunoresearch.com.br\/n\/uploads\/2023\/12\/fundos-imobiliarios-fiis-imoveis-casas.jpg\",\"width\":1200,\"height\":800,\"caption\":\"Setor imobili\u00e1rio - Foto: Unsplash\"},{\"@type\":\"BreadcrumbList\",\"@id\":\"https:\/\/www.suno.com.br\/noticias\/novo-fundo-imobiliario-itau-itub4-retorno-jvj\/#breadcrumb\",\"itemListElement\":[{\"@type\":\"ListItem\",\"position\":1,\"name\":\"Not\u00edcias\",\"item\":\"https:\/\/www.suno.com.br\/noticias\/\"},{\"@type\":\"ListItem\",\"position\":2,\"name\":\"Neg\u00f3cios\",\"item\":\"https:\/\/www.suno.com.br\/noticias\/negocios\/\"},{\"@type\":\"ListItem\",\"position\":3,\"name\":\"Novo fundo imobili\u00e1rio do Ita\u00fa (ITUB4) espera retorno de 16% em 3 anos; 1\u00aa emiss\u00e3o busca levantar R$ 500 mi\"}]},{\"@type\":\"WebSite\",\"@id\":\"https:\/\/www.suno.com.br\/noticias\/#website\",\"url\":\"https:\/\/www.suno.com.br\/noticias\/\",\"name\":\"Suno Not\u00edcias\",\"description\":\"Seu portal de informa\u00e7\u00e3o sobre o mundo dos investimentos\",\"publisher\":{\"@id\":\"https:\/\/www.suno.com.br\/noticias\/#organization\"},\"potentialAction\":[{\"@type\":\"SearchAction\",\"target\":{\"@type\":\"EntryPoint\",\"urlTemplate\":\"https:\/\/www.suno.com.br\/noticias\/?s={search_term_string}\"},\"query-input\":{\"@type\":\"PropertyValueSpecification\",\"valueRequired\":true,\"valueName\":\"search_term_string\"}}],\"inLanguage\":\"pt-BR\"},{\"@type\":\"Organization\",\"@id\":\"https:\/\/www.suno.com.br\/noticias\/#organization\",\"name\":\"Suno Not\u00edcias\",\"url\":\"https:\/\/www.suno.com.br\/noticias\/\",\"logo\":{\"@type\":\"ImageObject\",\"inLanguage\":\"pt-BR\",\"@id\":\"https:\/\/www.suno.com.br\/noticias\/#\/schema\/logo\/image\/\",\"url\":\"https:\/\/files.sunoresearch.com.br\/n\/uploads\/2021\/09\/suno-logo.png\",\"contentUrl\":\"https:\/\/files.sunoresearch.com.br\/n\/uploads\/2021\/09\/suno-logo.png\",\"width\":180,\"height\":180,\"caption\":\"Suno Not\u00edcias\"},\"image\":{\"@id\":\"https:\/\/www.suno.com.br\/noticias\/#\/schema\/logo\/image\/\"},\"sameAs\":[\"https:\/\/facebook.com\/sunoresearch\",\"https:\/\/x.com\/sunoresearch\",\"https:\/\/www.instagram.com\/suno\",\"https:\/\/www.linkedin.com\/company\/suno-research\/\",\"https:\/\/www.youtube.com\/c\/sunoresearch\"]},{\"@type\":\"Person\",\"@id\":\"https:\/\/www.suno.com.br\/noticias\/#\/schema\/person\/87fc6973867c52dd884811905c43afba\",\"name\":\"Jo\u00e3o Vitor\",\"image\":{\"@type\":\"ImageObject\",\"inLanguage\":\"pt-BR\",\"@id\":\"https:\/\/www.suno.com.br\/noticias\/#\/schema\/person\/image\/\",\"url\":\"https:\/\/secure.gravatar.com\/avatar\/2843227ca03ccf8cc7ccca45204c127e?s=96&r=g\",\"contentUrl\":\"https:\/\/secure.gravatar.com\/avatar\/2843227ca03ccf8cc7ccca45204c127e?s=96&r=g\",\"caption\":\"Jo\u00e3o Vitor\"},\"description\":\"Redator profissional, com atua\u00e7\u00e3o no mercado editorial na produ\u00e7\u00e3o de not\u00edcias e conte\u00fados sobre o mercado de a\u00e7\u00f5es, fundos imobili\u00e1rios e economia popular. Graduando em Engenharia Qu\u00edmica pela Unesp, tamb\u00e9m j\u00e1 atuou como consultor financeiro.\",\"url\":\"https:\/\/www.suno.com.br\/noticias\/author\/joao-vitor-jacintho\/\"}]}<\/script>\n<!-- \/ Yoast SEO plugin. -->","yoast_head_json":{"title":"Novo fundo imobili\u00e1rio do Ita\u00fa (ITUB4) espera retorno anual de 16%","description":"Um novo fundo imobili\u00e1rio do Ita\u00fa espera ter um retorno anual m\u00e9dio de 16% nos pr\u00f3ximos 3 anos. Veja o valor de sua 1\u00aa oferta de cotas.","robots":{"index":"index","follow":"follow","max-snippet":"max-snippet:-1","max-image-preview":"max-image-preview:large","max-video-preview":"max-video-preview:-1"},"canonical":"https:\/\/www.suno.com.br\/noticias\/novo-fundo-imobiliario-itau-itub4-retorno-jvj\/","og_locale":"pt_BR","og_type":"article","og_title":"Novo fundo imobili\u00e1rio do Ita\u00fa (ITUB4) espera retorno anual de 16%","og_description":"Um novo fundo imobili\u00e1rio do Ita\u00fa espera ter um retorno anual m\u00e9dio de 16% nos pr\u00f3ximos 3 anos. Veja o valor de sua 1\u00aa oferta de cotas.","og_url":"https:\/\/www.suno.com.br\/noticias\/novo-fundo-imobiliario-itau-itub4-retorno-jvj\/","og_site_name":"Suno Not\u00edcias","article_publisher":"https:\/\/facebook.com\/sunoresearch","og_image":[{"width":1200,"height":800,"url":"https:\/\/files.sunoresearch.com.br\/n\/uploads\/2023\/12\/fundos-imobiliarios-fiis-imoveis-casas.jpg","type":"image\/jpeg"}],"author":"Jo\u00e3o Vitor","twitter_card":"summary_large_image","twitter_creator":"@sunoresearch","twitter_site":"@sunoresearch","twitter_misc":{"Escrito por":"Jo\u00e3o Vitor","Est. tempo de leitura":"3 minutos"},"schema":{"@context":"https:\/\/schema.org","@graph":[{"@type":"NewsArticle","@id":"https:\/\/www.suno.com.br\/noticias\/novo-fundo-imobiliario-itau-itub4-retorno-jvj\/#article","isPartOf":{"@id":"https:\/\/www.suno.com.br\/noticias\/novo-fundo-imobiliario-itau-itub4-retorno-jvj\/"},"author":{"name":"Jo\u00e3o Vitor","@id":"https:\/\/www.suno.com.br\/noticias\/#\/schema\/person\/87fc6973867c52dd884811905c43afba"},"headline":"Novo fundo imobili\u00e1rio do Ita\u00fa (ITUB4) espera retorno de 16% em 3 anos; 1\u00aa emiss\u00e3o busca levantar R$ 500 mi","datePublished":"2024-01-23T23:05:46+00:00","dateModified":"2024-01-23T23:23:58+00:00","mainEntityOfPage":{"@id":"https:\/\/www.suno.com.br\/noticias\/novo-fundo-imobiliario-itau-itub4-retorno-jvj\/"},"wordCount":445,"publisher":{"@id":"https:\/\/www.suno.com.br\/noticias\/#organization"},"image":{"@id":"https:\/\/www.suno.com.br\/noticias\/novo-fundo-imobiliario-itau-itub4-retorno-jvj\/#primaryimage"},"thumbnailUrl":"https:\/\/files.sunoresearch.com.br\/n\/uploads\/2023\/12\/fundos-imobiliarios-fiis-imoveis-casas.jpg","keywords":["Fundos Imobili\u00e1rios (FIIs)","Ita\u00fa Unibanco (ITUB3\/ITUB4)"],"articleSection":["Neg\u00f3cios"],"inLanguage":"pt-BR"},{"@type":"WebPage","@id":"https:\/\/www.suno.com.br\/noticias\/novo-fundo-imobiliario-itau-itub4-retorno-jvj\/","url":"https:\/\/www.suno.com.br\/noticias\/novo-fundo-imobiliario-itau-itub4-retorno-jvj\/","name":"Novo fundo imobili\u00e1rio do Ita\u00fa (ITUB4) espera retorno anual de 16%","isPartOf":{"@id":"https:\/\/www.suno.com.br\/noticias\/#website"},"primaryImageOfPage":{"@id":"https:\/\/www.suno.com.br\/noticias\/novo-fundo-imobiliario-itau-itub4-retorno-jvj\/#primaryimage"},"image":{"@id":"https:\/\/www.suno.com.br\/noticias\/novo-fundo-imobiliario-itau-itub4-retorno-jvj\/#primaryimage"},"thumbnailUrl":"https:\/\/files.sunoresearch.com.br\/n\/uploads\/2023\/12\/fundos-imobiliarios-fiis-imoveis-casas.jpg","datePublished":"2024-01-23T23:05:46+00:00","dateModified":"2024-01-23T23:23:58+00:00","description":"Um novo fundo imobili\u00e1rio do Ita\u00fa espera ter um retorno anual m\u00e9dio de 16% nos pr\u00f3ximos 3 anos. Veja o valor de sua 1\u00aa oferta de cotas.","breadcrumb":{"@id":"https:\/\/www.suno.com.br\/noticias\/novo-fundo-imobiliario-itau-itub4-retorno-jvj\/#breadcrumb"},"inLanguage":"pt-BR","potentialAction":[{"@type":"ReadAction","target":["https:\/\/www.suno.com.br\/noticias\/novo-fundo-imobiliario-itau-itub4-retorno-jvj\/"]}]},{"@type":"ImageObject","inLanguage":"pt-BR","@id":"https:\/\/www.suno.com.br\/noticias\/novo-fundo-imobiliario-itau-itub4-retorno-jvj\/#primaryimage","url":"https:\/\/files.sunoresearch.com.br\/n\/uploads\/2023\/12\/fundos-imobiliarios-fiis-imoveis-casas.jpg","contentUrl":"https:\/\/files.sunoresearch.com.br\/n\/uploads\/2023\/12\/fundos-imobiliarios-fiis-imoveis-casas.jpg","width":1200,"height":800,"caption":"Setor imobili\u00e1rio - Foto: Unsplash"},{"@type":"BreadcrumbList","@id":"https:\/\/www.suno.com.br\/noticias\/novo-fundo-imobiliario-itau-itub4-retorno-jvj\/#breadcrumb","itemListElement":[{"@type":"ListItem","position":1,"name":"Not\u00edcias","item":"https:\/\/www.suno.com.br\/noticias\/"},{"@type":"ListItem","position":2,"name":"Neg\u00f3cios","item":"https:\/\/www.suno.com.br\/noticias\/negocios\/"},{"@type":"ListItem","position":3,"name":"Novo fundo imobili\u00e1rio do Ita\u00fa (ITUB4) espera retorno de 16% em 3 anos; 1\u00aa emiss\u00e3o busca levantar R$ 500 mi"}]},{"@type":"WebSite","@id":"https:\/\/www.suno.com.br\/noticias\/#website","url":"https:\/\/www.suno.com.br\/noticias\/","name":"Suno Not\u00edcias","description":"Seu portal de informa\u00e7\u00e3o sobre o mundo dos investimentos","publisher":{"@id":"https:\/\/www.suno.com.br\/noticias\/#organization"},"potentialAction":[{"@type":"SearchAction","target":{"@type":"EntryPoint","urlTemplate":"https:\/\/www.suno.com.br\/noticias\/?s={search_term_string}"},"query-input":{"@type":"PropertyValueSpecification","valueRequired":true,"valueName":"search_term_string"}}],"inLanguage":"pt-BR"},{"@type":"Organization","@id":"https:\/\/www.suno.com.br\/noticias\/#organization","name":"Suno Not\u00edcias","url":"https:\/\/www.suno.com.br\/noticias\/","logo":{"@type":"ImageObject","inLanguage":"pt-BR","@id":"https:\/\/www.suno.com.br\/noticias\/#\/schema\/logo\/image\/","url":"https:\/\/files.sunoresearch.com.br\/n\/uploads\/2021\/09\/suno-logo.png","contentUrl":"https:\/\/files.sunoresearch.com.br\/n\/uploads\/2021\/09\/suno-logo.png","width":180,"height":180,"caption":"Suno Not\u00edcias"},"image":{"@id":"https:\/\/www.suno.com.br\/noticias\/#\/schema\/logo\/image\/"},"sameAs":["https:\/\/facebook.com\/sunoresearch","https:\/\/x.com\/sunoresearch","https:\/\/www.instagram.com\/suno","https:\/\/www.linkedin.com\/company\/suno-research\/","https:\/\/www.youtube.com\/c\/sunoresearch"]},{"@type":"Person","@id":"https:\/\/www.suno.com.br\/noticias\/#\/schema\/person\/87fc6973867c52dd884811905c43afba","name":"Jo\u00e3o Vitor","image":{"@type":"ImageObject","inLanguage":"pt-BR","@id":"https:\/\/www.suno.com.br\/noticias\/#\/schema\/person\/image\/","url":"https:\/\/secure.gravatar.com\/avatar\/2843227ca03ccf8cc7ccca45204c127e?s=96&r=g","contentUrl":"https:\/\/secure.gravatar.com\/avatar\/2843227ca03ccf8cc7ccca45204c127e?s=96&r=g","caption":"Jo\u00e3o Vitor"},"description":"Redator profissional, com atua\u00e7\u00e3o no mercado editorial na produ\u00e7\u00e3o de not\u00edcias e conte\u00fados sobre o mercado de a\u00e7\u00f5es, fundos imobili\u00e1rios e economia popular. Graduando em Engenharia Qu\u00edmica pela Unesp, tamb\u00e9m j\u00e1 atuou como consultor financeiro.","url":"https:\/\/www.suno.com.br\/noticias\/author\/joao-vitor-jacintho\/"}]}},"default_loop_html":"<div class=\"cardsPage__listCard__boxs\"><div class=\"cardsPage__listCard__boxs__img\"><a href=\"https:\/\/www.suno.com.br\/noticias\/novo-fundo-imobiliario-itau-itub4-retorno-jvj\/\"><img class=\"mask\" src=\"https:\/\/www.suno.com.br\/noticias\/wp-content\/themes\/suno\/resources\/images\/spotlight\/spotlight1img\/bg-mask.png\" alt=\"Image Mask\"\/><img src=\"https:\/\/files.sunoresearch.com.br\/n\/uploads\/2023\/12\/fundos-imobiliarios-fiis-imoveis-casas-400x200.jpg\" alt=\"Novo fundo imobili\u00e1rio do Ita\u00fa (ITUB4) espera retorno de 16% em 3 anos; 1\u00aa emiss\u00e3o busca levantar R$ 500 mi\"\/><\/a><span class=\"spotlightCategory\"><a href=\"https:\/\/www.suno.com.br\/noticias\/negocios\/\">Neg\u00f3cios<\/a><\/span><\/div><div class=\"cardsPage__listCard__boxs__content\"><a href=\"https:\/\/www.suno.com.br\/noticias\/novo-fundo-imobiliario-itau-itub4-retorno-jvj\/\"><h2 class=\"content__title\">Novo fundo imobili\u00e1rio do Ita\u00fa (ITUB4) espera retorno de 16% em 3 anos; 1\u00aa emiss\u00e3o busca levantar R$ 500 mi<\/h2><\/a><div class=\"newsContent__article__meta\"><div class=\"newsContent__article__meta__authorBox\"><a href=\"https:\/\/www.suno.com.br\/noticias\/author\/joao-vitor-jacintho\/\" class=\"authorBox__avatar noMobi\"><img src=\"https:\/\/secure.gravatar.com\/avatar\/2843227ca03ccf8cc7ccca45204c127e?s=96&#038;r=g\" alt=\"Jo\u00e3o Vitor Jacintho\"><\/a><div class=\"authorBox__name\"><span>por\n\t\t\t<a href=\"https:\/\/www.suno.com.br\/noticias\/author\/joao-vitor-jacintho\/\"><span itemprop=\"author\">Jo\u00e3o Vitor Jacintho<\/span><\/a><\/span><time datetime=\"2024-01-23T20:05:46-03:00\" itemprop=\"datePublished\">23\/01\/2024 20:05<\/time><\/div><\/div><\/div><\/div><\/div>","single_layout":"posts","amp_enabled":true,"_links":{"self":[{"href":"https:\/\/www.suno.com.br\/noticias\/wp-json\/wp\/v2\/posts\/514889"}],"collection":[{"href":"https:\/\/www.suno.com.br\/noticias\/wp-json\/wp\/v2\/posts"}],"about":[{"href":"https:\/\/www.suno.com.br\/noticias\/wp-json\/wp\/v2\/types\/post"}],"author":[{"embeddable":true,"href":"https:\/\/www.suno.com.br\/noticias\/wp-json\/wp\/v2\/users\/173"}],"replies":[{"embeddable":true,"href":"https:\/\/www.suno.com.br\/noticias\/wp-json\/wp\/v2\/comments?post=514889"}],"version-history":[{"count":2,"href":"https:\/\/www.suno.com.br\/noticias\/wp-json\/wp\/v2\/posts\/514889\/revisions"}],"predecessor-version":[{"id":514904,"href":"https:\/\/www.suno.com.br\/noticias\/wp-json\/wp\/v2\/posts\/514889\/revisions\/514904"}],"wp:featuredmedia":[{"embeddable":true,"href":"https:\/\/www.suno.com.br\/noticias\/wp-json\/wp\/v2\/media\/500210"}],"wp:attachment":[{"href":"https:\/\/www.suno.com.br\/noticias\/wp-json\/wp\/v2\/media?parent=514889"}],"wp:term":[{"taxonomy":"category","embeddable":true,"href":"https:\/\/www.suno.com.br\/noticias\/wp-json\/wp\/v2\/categories?post=514889"},{"taxonomy":"post_tag","embeddable":true,"href":"https:\/\/www.suno.com.br\/noticias\/wp-json\/wp\/v2\/tags?post=514889"},{"taxonomy":"suno_strategy","embeddable":true,"href":"https:\/\/www.suno.com.br\/noticias\/wp-json\/wp\/v2\/suno_strategy?post=514889"}],"curies":[{"name":"wp","href":"https:\/\/api.w.org\/{rel}","templated":true}]}}