{"id":51473,"date":"2020-01-30T17:50:41","date_gmt":"2020-01-30T19:50:41","guid":{"rendered":"https:\/\/www.suno.com.br\/noticias\/?p=51473"},"modified":"2020-01-30T19:55:31","modified_gmt":"2020-01-30T21:55:31","slug":"coronavirus-oms-declara-emergencia-internacional","status":"publish","type":"post","link":"https:\/\/www.suno.com.br\/noticias\/coronavirus-oms-declara-emergencia-internacional\/","title":{"rendered":"Coronav\u00edrus: OMS declara emerg\u00eancia internacional de sa\u00fade"},"content":{"rendered":"<p>A Organiza\u00e7\u00e3o Mundial da Sa\u00fade (OMS) declarou nesta quinta-feira (30) o <strong>coronav\u00edrus<\/strong> como emerg\u00eancia internacional de sa\u00fade. A informa\u00e7\u00e3o foi divulgada durante uma coletiva de imprensa em Genebra, na Su\u00ed\u00e7a, na sede da entidade internacional.<\/p>\t<div class=\"wrapper-featured-image\">\n\t\t<figure class=\"spotlightImg\">\n\n\t\t\t<picture>\n\t\t\t\t<source media=\"(max-width: 768px)\" srcset=\"https:\/\/files.sunoresearch.com.br\/n\/uploads\/2020\/01\/83815048-coronavirus-400x200.webp\">\n\t\t\t\t<img loading=\"lazy\" decoding=\"async\" class=\"newsContent__article__imgCapa lazyloadDisabled newsContent__article__imgCapa--noCaption\" src=\"https:\/\/files.sunoresearch.com.br\/n\/uploads\/2020\/01\/83815048-coronavirus.jpg\" width=\"800\" height=\"450\" alt=\"Coronav\u00edrus: OMS declara emerg\u00eancia internacional de sa\u00fade\" fetchpriority=high \/>\n\t\t\t<\/picture>\n\n\t\t\t<figcaption class=\"wp-caption-text wp-caption-text--hide\">Coronav\u00edrus: G7 usar\u00e1 ferramentas econ\u00f4micas para combater doen\u00e7a<\/figcaption>\n\t\t<\/figure>\n\t<\/div>\n\n\n\n<p>Durante a coletiva, a <strong>OMS<\/strong> tamb\u00e9m informou o nome oficial da epidemia de coronav\u00edrus: &#8220;Doen\u00e7a Respirat\u00f3ria de 2019-nCoV&#8221;. Atualmente h\u00e1 7.818 casos confirmados de infec\u00e7\u00e3o, dos quais 7.736 na China (99% do total), onde foram contabilizadas 170 mortes por causa da doen\u00e7a.<\/p>\n<p>Tedros Adhanom, diretor-geral da OMS, explicou que essa decis\u00e3o da entidade tem como objetivo evitar a expans\u00e3o da <strong>doen\u00e7a.<\/strong> Especialmente em pa\u00edses com menos condi\u00e7\u00f5es para conter o <strong>v\u00edrus.<\/strong><\/p>\n<p><iframe loading=\"lazy\" title=\"?Coronav\u00edrus se torna emerg\u00eancia global; PIB dos EUA e Atlas Quantum fora do ar\" width=\"200\" height=\"113\" src=\"https:\/\/www.youtube.com\/embed\/xnMqqTEmQP8?feature=oembed\" frameborder=\"0\" allow=\"accelerometer; autoplay; encrypted-media; gyroscope; picture-in-picture\" allowfullscreen><\/iframe><\/p>\n<p>&#8220;Devemos lembrar que s\u00e3o pessoas, n\u00e3o n\u00fameros. Mais importante do que a declara\u00e7\u00e3o de uma emerg\u00eancia de sa\u00fade p\u00fablica s\u00e3o as recomenda\u00e7\u00f5es do comit\u00ea para impedir a propaga\u00e7\u00e3o do v\u00edrus&#8221;, declarou Ghebreyesus, &#8220;atualmente h\u00e1 98 casos suspeitos em 18 pa\u00edses fora da China, inclu\u00eddos 8 casos de transmiss\u00e3o entre humanos em quatro pa\u00edses &#8220;Alemanha, Jap\u00e3o, Vietnam e Estados Unidos&#8221;.<\/p>\n<p>A Organiza\u00e7\u00e3o Mundial da Sa\u00fade \u00e9 um \u00f3rg\u00e3o ligado \u00e0 <strong>Organiza\u00e7\u00e3o das Na\u00e7\u00f5es Unidas (ONU)<\/strong>.<\/p>\n<h2>OMS muda denomina\u00e7\u00e3o para o coronav\u00edrus<\/h2>\n<p>A OMS tinha utilizado raramente a denomina\u00e7\u00e3o &#8220;emerg\u00eancia de sa\u00fade p\u00fablica de interesse internacional&#8221;. Quando isso ocorreu era para salientar a necessidade respostas coordenadas e vigorosas por parte da comunidade internacional. Entre os casos, est\u00e3o:<\/p>\n<ul>\n<li>a gripe su\u00edna H1N1 (2009)<\/li>\n<li>o v\u00edrus zika (2016)<\/li>\n<li>o v\u00edrus ebola (2014-2018)<\/li>\n<\/ul>\n<p>Na semana passada a comiss\u00e3o especial da OMS tinha decidido que &#8220;ainda era cedo&#8221; para declarar a emerg\u00eancia internacional. A propaga\u00e7\u00e3o da epidemia levou a essa mudan\u00e7a de decis\u00e3o por parte do \u00f3rg\u00e3o.<\/p>\n\t<p>\n\t\t<a href=\"https:\/\/lp.statusinvest.com.br\/ao\/assessoria-status-invest\/\" target=\"_blank\" data-element=\"shortcode-suno-banner\" title=\"Banner SUNO, clique e saiba mais\">\n\t\t\t<picture>\n\t\t\t\t<source media=\"(max-width: 500px)\" srcset=\"https:\/\/files.sunoresearch.com.br\/n\/uploads\/2024\/03\/400x300-Mobile-1.png\">\n\t\t\t\t<img class=\"newsContent__article__imgCapa newsContent__article__imgCapa--banner\"\n\t\t\t\t\tsrc=\"https:\/\/files.sunoresearch.com.br\/n\/uploads\/2024\/03\/1420-x-240-Desktop.png\"\n\t\t\t\t\tdata-promo-id=\"537299\"\t\t\t\t\t\t\t\t\t\twidth='1420' height='250'\t\t\t\t\talt=\"https:\/\/files.sunoresearch.com.br\/n\/uploads\/2024\/03\/1420-x-240-Desktop.png\"\n\t\t\t\t>\n\t\t\t<\/picture>\n\t\t<\/a>\n\t<\/p>\n\n\n<h2>Minist\u00e9rio da Sa\u00fade alerta sobre poss\u00edvel emerg\u00eancia<\/h2>\n<p>O Minist\u00e9rio da Sa\u00fade informou que declarar\u00e1 emerg\u00eancia nacional caso se confirme o primeiro caso de coronav\u00edrus no Brasil. A informa\u00e7\u00e3o foi divulgada durante uma entrevista coletiva realizada Bras\u00edlia nesta quinta.<\/p>\n<p>O secret\u00e1rio de Vigil\u00e2ncia em Sa\u00fade do Brasil, Wanderson de Oliveira, explicou que o protocolo elaborado pelo governo n\u00e3o dever\u00e1 mudar ap\u00f3s a declara\u00e7\u00e3o de emerg\u00eancia da OMS. Segundo Oliveira, o Minist\u00e9rio da Sa\u00fade j\u00e1 tem um planejamento de conting\u00eancia do v\u00edrus.<\/p>\n<p><a href=\"https:\/\/www.suno.com.br\/noticias\/fmi-impacto-coronavirus-economia-china\/\">Saiba mais: FMI: \u00e9 cedo para medir impacto do coronav\u00edrus na economia da China<\/a><\/p>\n<p>&#8220;S\u00f3 quando tivermos um primeiro caso confirmado \u00e9 que declararemos emerg\u00eancia de sa\u00fade p\u00fablica no Brasil. Junto \u00e0 OMS n\u00f3s verificamos e analisamos as condutas, se temos que mudar ou adaptar de acordo com a OMS&#8221;, salientou Oliveira.<\/p>\n<p>Atualmente o Brasil registrou 9 casos suspeitos do novo <strong>coronav\u00edrus<\/strong> 2019 n-CoV em seis estados. No total, foram 43 notifica\u00e7\u00f5es mas nenhum caso prov\u00e1vel ou confirmado.<\/p>\n\n","protected":false},"excerpt":{"rendered":"<p>A Organiza\u00e7\u00e3o Mundial da Sa\u00fade (OMS) declarou nesta quinta-feira (30) o coronav\u00edrus como emerg\u00eancia internacional de sa\u00fade. A informa\u00e7\u00e3o foi divulgada durante uma coletiva de imprensa em Genebra, na Su\u00ed\u00e7a, na sede da entidade internacional. Coronav\u00edrus: G7 usar\u00e1 ferramentas econ\u00f4micas para combater doen\u00e7a Durante a coletiva, a OMS tamb\u00e9m informou o nome oficial da epidemia [&hellip;]<\/p>\n","protected":false},"author":9,"featured_media":51475,"comment_status":"closed","ping_status":"closed","sticky":false,"template":"","format":"standard","meta":[],"categories":[63],"tags":[2487,2514],"suno_strategy":[],"class_list":["post-51473","post","type-post","status-publish","format-standard","has-post-thumbnail","hentry","category-internacional","tag-coronavirus","tag-oms"],"yoast_head":"<!-- This site is optimized with the Yoast SEO plugin v24.4 - https:\/\/yoast.com\/wordpress\/plugins\/seo\/ -->\n<title>Coronav\u00edrus: OMS declara emerg\u00eancia internacional de sa\u00fade<\/title>\n<meta name=\"description\" content=\"A OMS declarou nesta quinta-feira (30) emerg\u00eancia internacional de sa\u00fade por causa do coronav\u00edrus. Clique aqui para saber mais.\" \/>\n<meta name=\"robots\" content=\"index, follow, max-snippet:-1, max-image-preview:large, max-video-preview:-1\" \/>\n<link rel=\"canonical\" href=\"https:\/\/www.suno.com.br\/noticias\/coronavirus-oms-declara-emergencia-internacional\/\" \/>\n<meta property=\"og:locale\" content=\"pt_BR\" \/>\n<meta property=\"og:type\" content=\"article\" \/>\n<meta property=\"og:title\" content=\"Coronav\u00edrus: OMS declara emerg\u00eancia internacional de sa\u00fade\" \/>\n<meta property=\"og:description\" content=\"A OMS declarou nesta quinta-feira (30) emerg\u00eancia internacional de sa\u00fade por causa do coronav\u00edrus. Clique aqui para saber mais.\" \/>\n<meta property=\"og:url\" content=\"https:\/\/www.suno.com.br\/noticias\/coronavirus-oms-declara-emergencia-internacional\/\" \/>\n<meta property=\"og:site_name\" content=\"Suno Not\u00edcias\" \/>\n<meta property=\"article:publisher\" content=\"https:\/\/facebook.com\/sunoresearch\" \/>\n<meta property=\"og:image\" content=\"https:\/\/files.sunoresearch.com.br\/n\/uploads\/2020\/01\/83815048-coronavirus.jpg\" \/>\n\t<meta property=\"og:image:width\" content=\"751\" \/>\n\t<meta property=\"og:image:height\" content=\"500\" \/>\n\t<meta property=\"og:image:type\" content=\"image\/jpeg\" \/>\n<meta name=\"author\" content=\"Carlo Cauti\" \/>\n<meta name=\"twitter:card\" content=\"summary_large_image\" \/>\n<meta name=\"twitter:creator\" content=\"@sunoresearch\" \/>\n<meta name=\"twitter:site\" content=\"@sunoresearch\" \/>\n<meta name=\"twitter:label1\" content=\"Escrito por\" \/>\n\t<meta name=\"twitter:data1\" content=\"Carlo Cauti\" \/>\n\t<meta name=\"twitter:label2\" content=\"Est. tempo de leitura\" \/>\n\t<meta name=\"twitter:data2\" content=\"3 minutos\" \/>\n<script type=\"application\/ld+json\" class=\"yoast-schema-graph\">{\"@context\":\"https:\/\/schema.org\",\"@graph\":[{\"@type\":\"NewsArticle\",\"@id\":\"https:\/\/www.suno.com.br\/noticias\/coronavirus-oms-declara-emergencia-internacional\/#article\",\"isPartOf\":{\"@id\":\"https:\/\/www.suno.com.br\/noticias\/coronavirus-oms-declara-emergencia-internacional\/\"},\"author\":{\"name\":\"Carlo Cauti\",\"@id\":\"https:\/\/www.suno.com.br\/noticias\/#\/schema\/person\/e6e0f723cc177805027f4566c1d5e0c8\"},\"headline\":\"Coronav\u00edrus: OMS declara emerg\u00eancia internacional de sa\u00fade\",\"datePublished\":\"2020-01-30T19:50:41+00:00\",\"dateModified\":\"2020-01-30T21:55:31+00:00\",\"mainEntityOfPage\":{\"@id\":\"https:\/\/www.suno.com.br\/noticias\/coronavirus-oms-declara-emergencia-internacional\/\"},\"wordCount\":524,\"publisher\":{\"@id\":\"https:\/\/www.suno.com.br\/noticias\/#organization\"},\"image\":{\"@id\":\"https:\/\/www.suno.com.br\/noticias\/coronavirus-oms-declara-emergencia-internacional\/#primaryimage\"},\"thumbnailUrl\":\"https:\/\/files.sunoresearch.com.br\/n\/uploads\/2020\/01\/83815048-coronavirus.jpg\",\"keywords\":[\"coronav\u00edrus\",\"OMS\"],\"articleSection\":[\"Internacional\"],\"inLanguage\":\"pt-BR\"},{\"@type\":\"WebPage\",\"@id\":\"https:\/\/www.suno.com.br\/noticias\/coronavirus-oms-declara-emergencia-internacional\/\",\"url\":\"https:\/\/www.suno.com.br\/noticias\/coronavirus-oms-declara-emergencia-internacional\/\",\"name\":\"Coronav\u00edrus: OMS declara emerg\u00eancia internacional de sa\u00fade\",\"isPartOf\":{\"@id\":\"https:\/\/www.suno.com.br\/noticias\/#website\"},\"primaryImageOfPage\":{\"@id\":\"https:\/\/www.suno.com.br\/noticias\/coronavirus-oms-declara-emergencia-internacional\/#primaryimage\"},\"image\":{\"@id\":\"https:\/\/www.suno.com.br\/noticias\/coronavirus-oms-declara-emergencia-internacional\/#primaryimage\"},\"thumbnailUrl\":\"https:\/\/files.sunoresearch.com.br\/n\/uploads\/2020\/01\/83815048-coronavirus.jpg\",\"datePublished\":\"2020-01-30T19:50:41+00:00\",\"dateModified\":\"2020-01-30T21:55:31+00:00\",\"description\":\"A OMS declarou nesta quinta-feira (30) emerg\u00eancia internacional de sa\u00fade por causa do coronav\u00edrus. Clique aqui para saber mais.\",\"breadcrumb\":{\"@id\":\"https:\/\/www.suno.com.br\/noticias\/coronavirus-oms-declara-emergencia-internacional\/#breadcrumb\"},\"inLanguage\":\"pt-BR\",\"potentialAction\":[{\"@type\":\"ReadAction\",\"target\":[\"https:\/\/www.suno.com.br\/noticias\/coronavirus-oms-declara-emergencia-internacional\/\"]}]},{\"@type\":\"ImageObject\",\"inLanguage\":\"pt-BR\",\"@id\":\"https:\/\/www.suno.com.br\/noticias\/coronavirus-oms-declara-emergencia-internacional\/#primaryimage\",\"url\":\"https:\/\/files.sunoresearch.com.br\/n\/uploads\/2020\/01\/83815048-coronavirus.jpg\",\"contentUrl\":\"https:\/\/files.sunoresearch.com.br\/n\/uploads\/2020\/01\/83815048-coronavirus.jpg\",\"width\":751,\"height\":500,\"caption\":\"Coronav\u00edrus: G7 usar\u00e1 ferramentas econ\u00f4micas para combater doen\u00e7a\"},{\"@type\":\"BreadcrumbList\",\"@id\":\"https:\/\/www.suno.com.br\/noticias\/coronavirus-oms-declara-emergencia-internacional\/#breadcrumb\",\"itemListElement\":[{\"@type\":\"ListItem\",\"position\":1,\"name\":\"Not\u00edcias\",\"item\":\"https:\/\/www.suno.com.br\/noticias\/\"},{\"@type\":\"ListItem\",\"position\":2,\"name\":\"Internacional\",\"item\":\"https:\/\/www.suno.com.br\/noticias\/internacional\/\"},{\"@type\":\"ListItem\",\"position\":3,\"name\":\"Coronav\u00edrus: OMS declara emerg\u00eancia internacional de sa\u00fade\"}]},{\"@type\":\"WebSite\",\"@id\":\"https:\/\/www.suno.com.br\/noticias\/#website\",\"url\":\"https:\/\/www.suno.com.br\/noticias\/\",\"name\":\"Suno Not\u00edcias\",\"description\":\"Seu portal de informa\u00e7\u00e3o sobre o mundo dos investimentos\",\"publisher\":{\"@id\":\"https:\/\/www.suno.com.br\/noticias\/#organization\"},\"potentialAction\":[{\"@type\":\"SearchAction\",\"target\":{\"@type\":\"EntryPoint\",\"urlTemplate\":\"https:\/\/www.suno.com.br\/noticias\/?s={search_term_string}\"},\"query-input\":{\"@type\":\"PropertyValueSpecification\",\"valueRequired\":true,\"valueName\":\"search_term_string\"}}],\"inLanguage\":\"pt-BR\"},{\"@type\":\"Organization\",\"@id\":\"https:\/\/www.suno.com.br\/noticias\/#organization\",\"name\":\"Suno Not\u00edcias\",\"url\":\"https:\/\/www.suno.com.br\/noticias\/\",\"logo\":{\"@type\":\"ImageObject\",\"inLanguage\":\"pt-BR\",\"@id\":\"https:\/\/www.suno.com.br\/noticias\/#\/schema\/logo\/image\/\",\"url\":\"https:\/\/files.sunoresearch.com.br\/n\/uploads\/2021\/09\/suno-logo.png\",\"contentUrl\":\"https:\/\/files.sunoresearch.com.br\/n\/uploads\/2021\/09\/suno-logo.png\",\"width\":180,\"height\":180,\"caption\":\"Suno Not\u00edcias\"},\"image\":{\"@id\":\"https:\/\/www.suno.com.br\/noticias\/#\/schema\/logo\/image\/\"},\"sameAs\":[\"https:\/\/facebook.com\/sunoresearch\",\"https:\/\/x.com\/sunoresearch\",\"https:\/\/www.instagram.com\/suno\",\"https:\/\/www.linkedin.com\/company\/suno-research\/\",\"https:\/\/www.youtube.com\/c\/sunoresearch\"]},{\"@type\":\"Person\",\"@id\":\"https:\/\/www.suno.com.br\/noticias\/#\/schema\/person\/e6e0f723cc177805027f4566c1d5e0c8\",\"name\":\"Carlo Cauti\",\"image\":{\"@type\":\"ImageObject\",\"inLanguage\":\"pt-BR\",\"@id\":\"https:\/\/www.suno.com.br\/noticias\/#\/schema\/person\/image\/\",\"url\":\"https:\/\/secure.gravatar.com\/avatar\/3ada9e0bd164c23abd4792a9606d583c?s=96&r=g\",\"contentUrl\":\"https:\/\/secure.gravatar.com\/avatar\/3ada9e0bd164c23abd4792a9606d583c?s=96&r=g\",\"caption\":\"Carlo Cauti\"},\"description\":\"Editor multim\u00eddia do SUNO Not\u00edcias. Italiano, formado em Ci\u00eancias Pol\u00edticas pela universidade LUISS G. Carli de Roma e mestre cum laude em Rela\u00e7\u00f5es Internacionais, Jornalismo Internacional e de Guerra e em Economia Internacional. Concluiu tamb\u00e9m um MBA em Finan\u00e7as na B3. No Brasil, teve passagem por ve\u00edculos como Estad\u00e3o, Globo, Veja e EXAME. e nas ag\u00eancias de not\u00edcias italianas ANSA e NOVA.\",\"url\":\"https:\/\/www.suno.com.br\/noticias\/author\/carlo-cauti\/\"}]}<\/script>\n<!-- \/ Yoast SEO plugin. -->","yoast_head_json":{"title":"Coronav\u00edrus: OMS declara emerg\u00eancia internacional de sa\u00fade","description":"A OMS declarou nesta quinta-feira (30) emerg\u00eancia internacional de sa\u00fade por causa do coronav\u00edrus. Clique aqui para saber mais.","robots":{"index":"index","follow":"follow","max-snippet":"max-snippet:-1","max-image-preview":"max-image-preview:large","max-video-preview":"max-video-preview:-1"},"canonical":"https:\/\/www.suno.com.br\/noticias\/coronavirus-oms-declara-emergencia-internacional\/","og_locale":"pt_BR","og_type":"article","og_title":"Coronav\u00edrus: OMS declara emerg\u00eancia internacional de sa\u00fade","og_description":"A OMS declarou nesta quinta-feira (30) emerg\u00eancia internacional de sa\u00fade por causa do coronav\u00edrus. Clique aqui para saber mais.","og_url":"https:\/\/www.suno.com.br\/noticias\/coronavirus-oms-declara-emergencia-internacional\/","og_site_name":"Suno Not\u00edcias","article_publisher":"https:\/\/facebook.com\/sunoresearch","og_image":[{"width":751,"height":500,"url":"https:\/\/files.sunoresearch.com.br\/n\/uploads\/2020\/01\/83815048-coronavirus.jpg","type":"image\/jpeg"}],"author":"Carlo Cauti","twitter_card":"summary_large_image","twitter_creator":"@sunoresearch","twitter_site":"@sunoresearch","twitter_misc":{"Escrito por":"Carlo Cauti","Est. tempo de leitura":"3 minutos"},"schema":{"@context":"https:\/\/schema.org","@graph":[{"@type":"NewsArticle","@id":"https:\/\/www.suno.com.br\/noticias\/coronavirus-oms-declara-emergencia-internacional\/#article","isPartOf":{"@id":"https:\/\/www.suno.com.br\/noticias\/coronavirus-oms-declara-emergencia-internacional\/"},"author":{"name":"Carlo Cauti","@id":"https:\/\/www.suno.com.br\/noticias\/#\/schema\/person\/e6e0f723cc177805027f4566c1d5e0c8"},"headline":"Coronav\u00edrus: OMS declara emerg\u00eancia internacional de sa\u00fade","datePublished":"2020-01-30T19:50:41+00:00","dateModified":"2020-01-30T21:55:31+00:00","mainEntityOfPage":{"@id":"https:\/\/www.suno.com.br\/noticias\/coronavirus-oms-declara-emergencia-internacional\/"},"wordCount":524,"publisher":{"@id":"https:\/\/www.suno.com.br\/noticias\/#organization"},"image":{"@id":"https:\/\/www.suno.com.br\/noticias\/coronavirus-oms-declara-emergencia-internacional\/#primaryimage"},"thumbnailUrl":"https:\/\/files.sunoresearch.com.br\/n\/uploads\/2020\/01\/83815048-coronavirus.jpg","keywords":["coronav\u00edrus","OMS"],"articleSection":["Internacional"],"inLanguage":"pt-BR"},{"@type":"WebPage","@id":"https:\/\/www.suno.com.br\/noticias\/coronavirus-oms-declara-emergencia-internacional\/","url":"https:\/\/www.suno.com.br\/noticias\/coronavirus-oms-declara-emergencia-internacional\/","name":"Coronav\u00edrus: OMS declara emerg\u00eancia internacional de sa\u00fade","isPartOf":{"@id":"https:\/\/www.suno.com.br\/noticias\/#website"},"primaryImageOfPage":{"@id":"https:\/\/www.suno.com.br\/noticias\/coronavirus-oms-declara-emergencia-internacional\/#primaryimage"},"image":{"@id":"https:\/\/www.suno.com.br\/noticias\/coronavirus-oms-declara-emergencia-internacional\/#primaryimage"},"thumbnailUrl":"https:\/\/files.sunoresearch.com.br\/n\/uploads\/2020\/01\/83815048-coronavirus.jpg","datePublished":"2020-01-30T19:50:41+00:00","dateModified":"2020-01-30T21:55:31+00:00","description":"A OMS declarou nesta quinta-feira (30) emerg\u00eancia internacional de sa\u00fade por causa do coronav\u00edrus. Clique aqui para saber mais.","breadcrumb":{"@id":"https:\/\/www.suno.com.br\/noticias\/coronavirus-oms-declara-emergencia-internacional\/#breadcrumb"},"inLanguage":"pt-BR","potentialAction":[{"@type":"ReadAction","target":["https:\/\/www.suno.com.br\/noticias\/coronavirus-oms-declara-emergencia-internacional\/"]}]},{"@type":"ImageObject","inLanguage":"pt-BR","@id":"https:\/\/www.suno.com.br\/noticias\/coronavirus-oms-declara-emergencia-internacional\/#primaryimage","url":"https:\/\/files.sunoresearch.com.br\/n\/uploads\/2020\/01\/83815048-coronavirus.jpg","contentUrl":"https:\/\/files.sunoresearch.com.br\/n\/uploads\/2020\/01\/83815048-coronavirus.jpg","width":751,"height":500,"caption":"Coronav\u00edrus: G7 usar\u00e1 ferramentas econ\u00f4micas para combater doen\u00e7a"},{"@type":"BreadcrumbList","@id":"https:\/\/www.suno.com.br\/noticias\/coronavirus-oms-declara-emergencia-internacional\/#breadcrumb","itemListElement":[{"@type":"ListItem","position":1,"name":"Not\u00edcias","item":"https:\/\/www.suno.com.br\/noticias\/"},{"@type":"ListItem","position":2,"name":"Internacional","item":"https:\/\/www.suno.com.br\/noticias\/internacional\/"},{"@type":"ListItem","position":3,"name":"Coronav\u00edrus: OMS declara emerg\u00eancia internacional de sa\u00fade"}]},{"@type":"WebSite","@id":"https:\/\/www.suno.com.br\/noticias\/#website","url":"https:\/\/www.suno.com.br\/noticias\/","name":"Suno Not\u00edcias","description":"Seu portal de informa\u00e7\u00e3o sobre o mundo dos investimentos","publisher":{"@id":"https:\/\/www.suno.com.br\/noticias\/#organization"},"potentialAction":[{"@type":"SearchAction","target":{"@type":"EntryPoint","urlTemplate":"https:\/\/www.suno.com.br\/noticias\/?s={search_term_string}"},"query-input":{"@type":"PropertyValueSpecification","valueRequired":true,"valueName":"search_term_string"}}],"inLanguage":"pt-BR"},{"@type":"Organization","@id":"https:\/\/www.suno.com.br\/noticias\/#organization","name":"Suno Not\u00edcias","url":"https:\/\/www.suno.com.br\/noticias\/","logo":{"@type":"ImageObject","inLanguage":"pt-BR","@id":"https:\/\/www.suno.com.br\/noticias\/#\/schema\/logo\/image\/","url":"https:\/\/files.sunoresearch.com.br\/n\/uploads\/2021\/09\/suno-logo.png","contentUrl":"https:\/\/files.sunoresearch.com.br\/n\/uploads\/2021\/09\/suno-logo.png","width":180,"height":180,"caption":"Suno Not\u00edcias"},"image":{"@id":"https:\/\/www.suno.com.br\/noticias\/#\/schema\/logo\/image\/"},"sameAs":["https:\/\/facebook.com\/sunoresearch","https:\/\/x.com\/sunoresearch","https:\/\/www.instagram.com\/suno","https:\/\/www.linkedin.com\/company\/suno-research\/","https:\/\/www.youtube.com\/c\/sunoresearch"]},{"@type":"Person","@id":"https:\/\/www.suno.com.br\/noticias\/#\/schema\/person\/e6e0f723cc177805027f4566c1d5e0c8","name":"Carlo Cauti","image":{"@type":"ImageObject","inLanguage":"pt-BR","@id":"https:\/\/www.suno.com.br\/noticias\/#\/schema\/person\/image\/","url":"https:\/\/secure.gravatar.com\/avatar\/3ada9e0bd164c23abd4792a9606d583c?s=96&r=g","contentUrl":"https:\/\/secure.gravatar.com\/avatar\/3ada9e0bd164c23abd4792a9606d583c?s=96&r=g","caption":"Carlo Cauti"},"description":"Editor multim\u00eddia do SUNO Not\u00edcias. Italiano, formado em Ci\u00eancias Pol\u00edticas pela universidade LUISS G. Carli de Roma e mestre cum laude em Rela\u00e7\u00f5es Internacionais, Jornalismo Internacional e de Guerra e em Economia Internacional. Concluiu tamb\u00e9m um MBA em Finan\u00e7as na B3. No Brasil, teve passagem por ve\u00edculos como Estad\u00e3o, Globo, Veja e EXAME. e nas ag\u00eancias de not\u00edcias italianas ANSA e NOVA.","url":"https:\/\/www.suno.com.br\/noticias\/author\/carlo-cauti\/"}]}},"default_loop_html":"<div class=\"cardsPage__listCard__boxs\"><div class=\"cardsPage__listCard__boxs__img\"><a href=\"https:\/\/www.suno.com.br\/noticias\/coronavirus-oms-declara-emergencia-internacional\/\"><img class=\"mask\" src=\"https:\/\/www.suno.com.br\/noticias\/wp-content\/themes\/suno\/resources\/images\/spotlight\/spotlight1img\/bg-mask.png\" alt=\"Image Mask\"\/><img src=\"https:\/\/files.sunoresearch.com.br\/n\/uploads\/2020\/01\/83815048-coronavirus-400x200.webp\" alt=\"Coronav\u00edrus: OMS declara emerg\u00eancia internacional de sa\u00fade\"\/><\/a><span class=\"spotlightCategory\"><a href=\"https:\/\/www.suno.com.br\/noticias\/internacional\/\">Internacional<\/a><\/span><\/div><div class=\"cardsPage__listCard__boxs__content\"><a href=\"https:\/\/www.suno.com.br\/noticias\/coronavirus-oms-declara-emergencia-internacional\/\"><h2 class=\"content__title\">Coronav\u00edrus: OMS declara emerg\u00eancia internacional de sa\u00fade<\/h2><\/a><div class=\"newsContent__article__meta\"><div class=\"newsContent__article__meta__authorBox\"><a href=\"https:\/\/www.suno.com.br\/noticias\/author\/carlo-cauti\/\" class=\"authorBox__avatar noMobi\"><img src=\"https:\/\/files.sunoresearch.com.br\/n\/uploads\/2020\/08\/e3745f9a-perfil-carlo-cauti-150x150.webp\" alt=\"Carlo Cauti\"><\/a><div class=\"authorBox__name\"><span>por\n\t\t\t<a href=\"https:\/\/www.suno.com.br\/noticias\/author\/carlo-cauti\/\"><span itemprop=\"author\">Carlo Cauti<\/span><\/a><\/span><time datetime=\"2020-01-30T17:50:41-03:00\" itemprop=\"datePublished\">30\/01\/2020 17:50<\/time><\/div><\/div><\/div><\/div><\/div>","single_layout":"posts","amp_enabled":true,"_links":{"self":[{"href":"https:\/\/www.suno.com.br\/noticias\/wp-json\/wp\/v2\/posts\/51473"}],"collection":[{"href":"https:\/\/www.suno.com.br\/noticias\/wp-json\/wp\/v2\/posts"}],"about":[{"href":"https:\/\/www.suno.com.br\/noticias\/wp-json\/wp\/v2\/types\/post"}],"author":[{"embeddable":true,"href":"https:\/\/www.suno.com.br\/noticias\/wp-json\/wp\/v2\/users\/9"}],"replies":[{"embeddable":true,"href":"https:\/\/www.suno.com.br\/noticias\/wp-json\/wp\/v2\/comments?post=51473"}],"version-history":[{"count":0,"href":"https:\/\/www.suno.com.br\/noticias\/wp-json\/wp\/v2\/posts\/51473\/revisions"}],"wp:featuredmedia":[{"embeddable":true,"href":"https:\/\/www.suno.com.br\/noticias\/wp-json\/wp\/v2\/media\/51475"}],"wp:attachment":[{"href":"https:\/\/www.suno.com.br\/noticias\/wp-json\/wp\/v2\/media?parent=51473"}],"wp:term":[{"taxonomy":"category","embeddable":true,"href":"https:\/\/www.suno.com.br\/noticias\/wp-json\/wp\/v2\/categories?post=51473"},{"taxonomy":"post_tag","embeddable":true,"href":"https:\/\/www.suno.com.br\/noticias\/wp-json\/wp\/v2\/tags?post=51473"},{"taxonomy":"suno_strategy","embeddable":true,"href":"https:\/\/www.suno.com.br\/noticias\/wp-json\/wp\/v2\/suno_strategy?post=51473"}],"curies":[{"name":"wp","href":"https:\/\/api.w.org\/{rel}","templated":true}]}}