{"id":514657,"date":"2024-01-23T17:12:10","date_gmt":"2024-01-23T20:12:10","guid":{"rendered":"https:\/\/www.suno.com.br\/noticias\/?p=514657"},"modified":"2024-01-23T18:54:07","modified_gmt":"2024-01-23T21:54:07","slug":"vale-vale3-acoes-caem-virar-jogo-gpj","status":"publish","type":"post","link":"https:\/\/www.suno.com.br\/noticias\/vale-vale3-acoes-caem-virar-jogo-gpj\/","title":{"rendered":"A\u00e7\u00e3o da Vale (VALE3) sobe hoje, mas queda acumulada no in\u00edcio do ano acende alerta. O que est\u00e1 acontecendo?"},"content":{"rendered":"<p>As sucessivas quedas nas a\u00e7\u00f5es da <strong>Vale <\/strong>(<a href=\"https:\/\/statusinvest.com.br\/acoes\/vale3\">VALE3<\/a>) desde o in\u00edcio do ano acenderam um sinal de alerta no mercado, que olha com certa desconfian\u00e7a os \u00faltimos acontecimentos relacionados \u00e0 mineradora. No entanto, um&nbsp;poss\u00edvel est\u00edmulo do governo da China &#8211; principal mercado da mineradora &#8211; para estabilizar as bolsas do pa\u00eds, pode significar a retomada das a\u00e7\u00f5es, que caem mais de 9% em 2024? <\/p>\t<div class=\"wrapper-featured-image\">\n\t\t<figure class=\"spotlightImg\">\n\n\t\t\t<picture>\n\t\t\t\t<source media=\"(max-width: 768px)\" srcset=\"https:\/\/files.sunoresearch.com.br\/n\/uploads\/2021\/02\/aff09bff-c0100329-vale-400x200.webp\">\n\t\t\t\t<img loading=\"lazy\" decoding=\"async\" class=\"newsContent__article__imgCapa lazyloadDisabled \" src=\"https:\/\/files.sunoresearch.com.br\/n\/uploads\/2021\/02\/aff09bff-c0100329-vale-800x450.webp\" width=\"800\" height=\"450\" alt=\"A\u00e7\u00e3o da Vale (VALE3) sobe hoje, mas queda acumulada no in\u00edcio do ano acende alerta. O que est\u00e1 acontecendo?\" fetchpriority=high \/>\n\t\t\t<\/picture>\n\n\t\t\t<figcaption class=\"wp-caption-text wp-caption-text--show\">Vale (VALE3). Foto: Divulga\u00e7\u00e3o.<\/figcaption>\n\t\t<\/figure>\n\t<\/div>\n\n\n\n\n\n\n\n\t<p>\n\t\t<a href=\"\" target=\"_blank\" data-element=\"shortcode-suno-banner\" title=\"Banner SUNO, clique e saiba mais\">\n\t\t\t<picture>\n\t\t\t\t<source media=\"(max-width: 500px)\" srcset=\"\">\n\t\t\t\t<img class=\"newsContent__article__imgCapa newsContent__article__imgCapa--banner\"\n\t\t\t\t\tsrc=\"\"\n\t\t\t\t\tdata-promo-id=\"250706\"\t\t\t\t\t\t\t\t\t\t\t\t\t\t\talt=\"\"\n\t\t\t\t>\n\t\t\t<\/picture>\n\t\t<\/a>\n\t<\/p>\n\n\n\n\n\n<p>Nesta ter\u00e7a-feira (23), a Bloomberg informou que <strong>autoridades da China<\/strong> planejam mobilizar cerca de 2 trilh\u00f5es de yuans (US$ 278 bilh\u00f5es), principalmente das contas externas de estatais chinesas, para comprar a\u00e7\u00f5es no mercado dom\u00e9stico por meio da alian\u00e7a com a Bolsa de Hong Kong. Outros 300 bilh\u00f5es de yuans em recursos locais tamb\u00e9m seriam usados para <a href=\"https:\/\/www.suno.com.br\/guias\/como-investir-em-acoes\/\">investir em a\u00e7\u00f5es<\/a>.<\/p>\n\n\n\n<p>A not\u00edcia animou os investidores nesta ter\u00e7a, impulsionando as <strong>a\u00e7\u00f5es da Vale<\/strong>, que subiram 2,06%, a R$ 69,20. Desde o in\u00edcio do ano, os ativos amargam perdas consecutivas, com exce\u00e7\u00e3o do dia 11 de janeiro, quando os pap\u00e9is terminaram em alta de 0,53%. No acumulado de 2024, eles cedem 9,73% &#8211; mas j\u00e1 chegaram a ultrapassar o patamar negativo dos 12%, segundo o <strong>Status Invest<\/strong>.<\/p>\n\n\n\t<div data-element=\"shortcode-read-more\" class=\"knowMore\">\n\t\t\t\t<span class=\"knowMore__title\">Leia mais<\/span>\n\t\t\t\t<a class=\"knowMore__link\" href=\"https:\/\/www.suno.com.br\/noticias\/china-pacote-trilionario-bolsas-gss\/\">\n\t\t\tChina estuda pacote trilion\u00e1rio para estabilizar as bolsas do pa\u00eds, diz portal\t\t<\/a>\n\t<\/div>\n\n\n\n\n<h2 class=\"wp-block-heading\">O que explica a queda das a\u00e7\u00f5es da Vale em 2024?<\/h2>\n\n\n\n<p>Um dos fatores que explicam a <strong>queda nas a\u00e7\u00f5es da Vale <\/strong>est\u00e1 relacionado ao mercado imobili\u00e1rio chin\u00eas, respons\u00e1vel por sustentar o <strong>min\u00e9rio na China<\/strong> e que ainda sofre as consequ\u00eancias de um 2023 bastante sofrido. \u00c9 importante lembrar que as sider\u00fargicas produzem a\u00e7o para o setor e o material, por sua vez, \u00e9 fornecido pelas <strong>mineradoras<\/strong>, como a Vale.   <\/p>\n\n\n\n<p>&#8220;Um dos pontos que fizeram a Vale cair e mudar essa dire\u00e7\u00e3o durante o ano foi quando o primeiro ministro chin\u00eas reconheceu o crescimento de 5,2% da China &#8211; at\u00e9 acima da meta que era de 5% &#8211; mas isso, segundo ele, ocorreu sem est\u00edmulos. E o mercado esperava os est\u00edmulos &#8216;pesados&#8217; para salvar e manter o setor imobili\u00e1rio funcionando&#8221;, lembra Apolo Duarte, s\u00f3cio e head da mesa de <a href=\"https:\/\/www.suno.com.br\/artigos\/renda-variavel-7-dicas\/\">renda vari\u00e1vel<\/a> da AVG Capital.<\/p>\n\n\n\n<p>Neste cen\u00e1rio, apesar do min\u00e9rio ainda estar em um patamar alto, o mercado ainda v\u00ea uma desconfian\u00e7a muito grande em rela\u00e7\u00e3o \u00e0s mineradoras &#8211; n\u00e3o s\u00f3 a Vale, como tamb\u00e9m seus pares globais, a exemplo da <strong>Rio Tinto<\/strong> e <strong>BHP<\/strong>.<\/p>\n\n\n\n<p>&#8220;Quando temos um<strong> pre\u00e7o de min\u00e9rio<\/strong> no n\u00edvel em que est\u00e1, a Vale est\u00e1 num n\u00edvel mais alto. No ano, o min\u00e9rio no ano cai 4%, enquanto a empresa brasileira cai 14%. \u00c9 um ponto importante para ponderar que de fato n\u00e3o \u00e9 s\u00f3 a quest\u00e3o do min\u00e9rio: \u00e9 uma desconfian\u00e7a muito grande em rela\u00e7\u00e3o a como vai ser o desenrolar do ano para mercado imobili\u00e1rio chin\u00eas&#8221;, explica Duarte.<\/p>\n\n\n\n<p>&#8220;Olhando para o pre\u00e7o, o <strong>papel da Vale<\/strong> est\u00e1 muito barato, tem m\u00faltiplo barato. Historicamente, estamos em um n\u00edvel baixo tamb\u00e9m, mas a impress\u00e3o que d\u00e1 \u00e9 que o mercado s\u00f3 vai ficar otimista se de fato tivermos algumas mudan\u00e7as e est\u00edmulos mais fortes na <strong>China<\/strong>. \u00c9 um papel que est\u00e1 muito baixo em n\u00edvel de pre\u00e7o, pode ter uma <a href=\"https:\/\/www.suno.com.br\/artigos\/geracao-de-caixa\/\">gera\u00e7\u00e3o de caixa<\/a> muito interessante durante o ano, \u00e0 decorrer de como for a produ\u00e7\u00e3o dela tamb\u00e9m&#8221;, acrescenta o s\u00f3cio da AVG Capital.<\/p>\n\n\n\n<p>O <strong>relat\u00f3rio de produ\u00e7\u00e3o da Vale <\/strong>referente ao quarto trimestre de 2023 est\u00e1 previsto para ser divulgado na pr\u00f3xima ter\u00e7a-feira (30). J\u00e1 o balan\u00e7o completo do per\u00edodo sair\u00e1 no dia 22 de fevereiro de 2024.<\/p>\n\n\n\n<div class=\"pluginQuotation\">\n  <p class=\"ticker\">\n    Cota\u00e7\u00e3o <span>VALE3<\/span>\n  <\/p>\n  <div class=\"info\">\n    <div class=\"leftSide\">\n      Gr\u00e1fico gerado em: 23\/01\/2024    <\/div>\n\t\t\t\t\t<div class=\"rightSide\">\n\t\t\t\t\t<span class=\"period\">\n\t\t\t\t\t\t1 M\u00eas\t\t\t\t\t<\/span>\n\t\t\t<\/div>\n\t\t  <\/div>\n\n  <div id=\"chart-9577a54cf9830511efc753557fb7b49f\" data-block-hash=\"9577a54cf9830511efc753557fb7b49f\"  class=\"chart\" style=\"width:100%;height:400px;\"><\/div>\n\n  <div class=\"pluginQuotation__footer\">\n    <div class=\"dataChart\">\n\n      <div class=\"dataChart__div1 variation\">\n        <div class=\"value-negative\">\n          -9,33 (-7,15%)        <\/div>\n        <div class=\"text\">\n          Varia\u00e7\u00e3o do per\u00edodo\n        <\/div>\n      <\/div>\n\n      <div class=\"dataChart__div2 minMax\">\n        <div class=\"value\">\n          R$\u00a067,80        <\/div>\n        <div class=\"text\">\n          M\u00ednima\n        <\/div>\n      <\/div>\n\n      <div class=\"dataChart__div3 minMax\">\n        <div class=\"value\">\n          R$\u00a077,40        <\/div>\n        <div class=\"text\">\n          M\u00e1xima\n        <\/div>\n      <\/div>\n\n\t\t\t<div class=\"dataChart__div4 rightSide\">\n\t\t\t\t<div class=\"analiticaSource\">\n\t\t\t\t\t<span>\n\t\t\t\t\t\tFonte:\n\t\t\t\t\t<\/span>\n\t\t\t\t\t<img decoding=\"async\" class=\"analiticaLogo\" src=\"https:\/\/www.suno.com.br\/noticias\/wp-content\/plugins\/suno-block-ticker-quotation\/src\/suno-analitica-logo.png\" alt=\"Logo Suno Anal\u00edtica\" \/>\n\t\t\t\t<\/div>\n\n\t\t\t\t<a href=\"https:\/\/www.suno.com.br\/analitica\/acoes\/VALE3\" target=\"_blank\">\n\t\t\t\t\t<span>\n\t\t\t\t\t\tVer mais cota\u00e7\u00f5es\n\t\t\t\t\t<\/span>\n\t\t\t\t\t<svg xmlns=\"http:\/\/www.w3.org\/2000\/svg\" width=\"9\" height=\"8\" viewBox=\"0 0 9 8\" fill=\"none\">\n\t\t\t\t\t\t<path d=\"M4.20996 0L3.50496 0.705L6.29496 3.5H0.209961V4.5H6.29496L3.50496 7.295L4.20996 8L8.20996 4L4.20996 0Z\" fill=\"#D42126\" \/>\n\t\t\t\t\t<\/svg>\n\t\t\t\t<\/a>\n    <\/div>\n\n    <\/div>\n  <\/div>\n<\/div>\n\n\n<script type=\"text\/javascript\">\n  let chart_9577a54cf9830511efc753557fb7b49f = document.getElementById('chart-9577a54cf9830511efc753557fb7b49f');\n  let data_json_9577a54cf9830511efc753557fb7b49f = \"[{\\\"date\\\":\\\"26\\\\\\\/12\\\\\\\/23 \\\",\\\"value\\\":76.66},{\\\"date\\\":\\\"27\\\\\\\/12\\\\\\\/23 \\\",\\\"value\\\":77.4},{\\\"date\\\":\\\"28\\\\\\\/12\\\\\\\/23 \\\",\\\"value\\\":77.2},{\\\"date\\\":\\\"02\\\\\\\/01\\\\\\\/24 \\\",\\\"value\\\":77.05},{\\\"date\\\":\\\"03\\\\\\\/01\\\\\\\/24 \\\",\\\"value\\\":76.65},{\\\"date\\\":\\\"04\\\\\\\/01\\\\\\\/24 \\\",\\\"value\\\":75.62},{\\\"date\\\":\\\"05\\\\\\\/01\\\\\\\/24 \\\",\\\"value\\\":74.65},{\\\"date\\\":\\\"08\\\\\\\/01\\\\\\\/24 \\\",\\\"value\\\":74.27},{\\\"date\\\":\\\"09\\\\\\\/01\\\\\\\/24 \\\",\\\"value\\\":73.33},{\\\"date\\\":\\\"10\\\\\\\/01\\\\\\\/24 \\\",\\\"value\\\":72.23},{\\\"date\\\":\\\"11\\\\\\\/01\\\\\\\/24 \\\",\\\"value\\\":72.61},{\\\"date\\\":\\\"12\\\\\\\/01\\\\\\\/24 \\\",\\\"value\\\":71.69},{\\\"date\\\":\\\"15\\\\\\\/01\\\\\\\/24 \\\",\\\"value\\\":71.55},{\\\"date\\\":\\\"16\\\\\\\/01\\\\\\\/24 \\\",\\\"value\\\":70.62},{\\\"date\\\":\\\"17\\\\\\\/01\\\\\\\/24 \\\",\\\"value\\\":69.45},{\\\"date\\\":\\\"18\\\\\\\/01\\\\\\\/24 \\\",\\\"value\\\":69},{\\\"date\\\":\\\"19\\\\\\\/01\\\\\\\/24 \\\",\\\"value\\\":68},{\\\"date\\\":\\\"22\\\\\\\/01\\\\\\\/24 \\\",\\\"value\\\":67.8},{\\\"date\\\":\\\"23\\\\\\\/01\\\\\\\/24 \\\",\\\"value\\\":69.51}]\";\n  let isPositive_9577a54cf9830511efc753557fb7b49f = \"\";\n\n  let color_9577a54cf9830511efc753557fb7b49f = isPositive_9577a54cf9830511efc753557fb7b49f ? '#3AB53A' : '#D92C2D';\n\n  let data_9577a54cf9830511efc753557fb7b49f = JSON.parse(data_json_9577a54cf9830511efc753557fb7b49f);\n\n  const result_9577a54cf9830511efc753557fb7b49f = {\n    date: [],\n    value: [],\n  };\n\n  data_9577a54cf9830511efc753557fb7b49f.forEach((item) => {\n    result_9577a54cf9830511efc753557fb7b49f.date.push(item.date);\n    result_9577a54cf9830511efc753557fb7b49f.value.push(Number(item.value));\n  });\n\n  let option_9577a54cf9830511efc753557fb7b49f = {\n    \/\/ variavel de cor global\n    color: [color_9577a54cf9830511efc753557fb7b49f],\n    title: {\n      text: '',\n    },\n    tooltip: {\n      trigger: 'axis',\n      axisPointer: {\n        type: 'cross',\n        label: {\n          \/\/ cor dos valores em X e Y\n          backgroundColor: color_9577a54cf9830511efc753557fb7b49f,\n          formatter: (value) => {\n            if (typeof value.value === 'number') {\n              return Number(value.value).toLocaleString('pt-br', {\n                style: 'currency',\n                currency: 'BRL'\n              });\n            }\n            return value.value;\n          },\n        },\n      },\n      valueFormatter: (value) => Number(value).toLocaleString('pt-br', {\n        style: 'currency',\n        currency: 'BRL'\n      }),\n    },\n    legend: {\n      \/\/ data: ['Valor de Fechamento'],\n      show: false,\n    },\n    toolbox: {\n      feature: {\n        saveAsImage: {\n          show: false,\n        },\n      },\n    },\n    grid: {\n      left: '0px',\n      right: '0px',\n      bottom: '0px',\n      containLabel: true,\n    },\n    xAxis: [{\n      type: 'category',\n      data: result_9577a54cf9830511efc753557fb7b49f.date,\n      boundaryGap: true,\n    }],\n    yAxis: [{\n      type: 'value',\n      min: Math.min(...result_9577a54cf9830511efc753557fb7b49f.value),\n      max: Math.max(...result_9577a54cf9830511efc753557fb7b49f.value),\n      axisLabel: {\n        formatter: (value) => value.toLocaleString('pt-br', {\n          style: 'currency',\n          currency: 'BRL'\n        }),\n      },\n    }],\n    series: [{\n      name: 'Valor de Fechamento',\n      type: 'line',\n      stack: 'Total',\n      \/\/ cor do grafico\n      areaStyle: {},\n      emphasis: {\n        focus: 'series',\n      },\n      data: result_9577a54cf9830511efc753557fb7b49f.value,\n      \/\/ cor da linha\n      lineStyle: {\n        color: color_9577a54cf9830511efc753557fb7b49f,\n      },\n    }, ],\n  };\n\n\twindow.chart_9577a54cf9830511efc753557fb7b49f = {\n\t\tel: chart_9577a54cf9830511efc753557fb7b49f,\n\t\toption: option_9577a54cf9830511efc753557fb7b49f\t};\n\n\n<\/script>\n\n\n\t<p>\n\t\t<a href=\"https:\/\/lp.suno.com.br\/ebook-como-analisar-uma-acao\/\" target=\"_blank\" data-element=\"shortcode-suno-banner\" title=\"Banner SUNO, clique e saiba mais\">\n\t\t\t<picture>\n\t\t\t\t<source media=\"(max-width: 500px)\" srcset=\"https:\/\/files.sunoresearch.com.br\/n\/uploads\/2023\/03\/Ebook-Acoes-Mobile.jpg\">\n\t\t\t\t<img class=\"newsContent__article__imgCapa newsContent__article__imgCapa--banner\"\n\t\t\t\t\tsrc=\"https:\/\/files.sunoresearch.com.br\/n\/uploads\/2023\/03\/Ebook-Acoes-Desktop.jpg\"\n\t\t\t\t\tdata-promo-id=\"378302\"\t\t\t\t\t\t\t\t\t\twidth='1420' height='286'\t\t\t\t\talt=\"https:\/\/files.sunoresearch.com.br\/n\/uploads\/2023\/03\/Ebook-Acoes-Desktop.jpg\"\n\t\t\t\t>\n\t\t\t<\/picture>\n\t\t<\/a>\n\t<\/p>\n\n\n\n\n\n<h2 class=\"wp-block-heading\">Mantega na Vale pode atrapalhar as a\u00e7\u00f5es?<\/h2>\n\n\n\n<p>Segundo not\u00edcia divulgada pelo Estad\u00e3o na semana passada, o presidente Lula trabalha para acomodar o ex-ministro&nbsp;<strong>Guido Mantega<\/strong>, titular do&nbsp;<a href=\"https:\/\/www.suno.com.br\/artigos\/ministerio-da-fazenda\/\">Minist\u00e9rio da Fazenda<\/a>&nbsp;de 2006 a 2014, no&nbsp;<strong><a href=\"https:\/\/www.suno.com.br\/artigos\/conselho-administracao\/\">conselho de administra\u00e7\u00e3o<\/a>&nbsp;da&nbsp;Vale<\/strong>, ex-estatal privatizada h\u00e1 26 anos. No fim deste m\u00eas, a empresa&nbsp;decidir\u00e1 se reconduz o atual presidente,&nbsp;<strong>Eduardo Bartolomeo<\/strong>, que j\u00e1 declarou ter a inten\u00e7\u00e3o de permanecer no cargo. <\/p>\n\n\n\n<p>Ainda segundo o jornal, o governo, que ainda tem influ\u00eancia na empresa, concorda em manter Bartolomeo na&nbsp;<strong>presid\u00eancia da Vale<\/strong>&nbsp;e renovar o seu mandato por mais um ano, at\u00e9 abril de 2025.<\/p>\n\n\n\n<p>Para Duarte, a possibilidade de mudan\u00e7a no <strong>board da Vale<\/strong> coloca um certo peso na mineradora, a qual o mercado ainda v\u00ea de maneira c\u00e9tica. &#8220;Apesar da Vale ser uma empresa 100% privada, o governo ainda tem uma certa influ\u00eancia, e isso de alguma maneira pode sim contribuir para um certo peso que a gente tem visto nas \u00faltimas semanas&#8221;, avalia.<\/p>\n\n\n\n<h2 class=\"wp-block-heading\">O que dizem os acionistas?<\/h2>\n\n\n\n<p>Os principais <strong>acionistas da Vale<\/strong> costuram uma decis\u00e3o pac\u00edfica para a quest\u00e3o envolvendo os cargos de chefia na mineradora. Segundo eles, o ex-ministro Guido&nbsp;<strong>Mantega<\/strong>&nbsp;pode at\u00e9 ser indicado ao conselho, mas n\u00e3o como presidente, segundo a coluna Radar Econ\u00f4mico, da revista Veja.<\/p>\n\n\n\n<p>De acordo com a publica\u00e7\u00e3o, a escolha do&nbsp;<strong>presidente da Vale<\/strong>&nbsp;seguir\u00e1 a velha regra dentro da empresa, que \u00e9 a de um consenso entre os principais acionistas. Indicado por um fundo de pens\u00e3o de estatal, o ex-ministro n\u00e3o tem apoio de outras pessoas importantes dentro da mineradora, acrescenta a coluna.<\/p>\n\n\n\n<p>No fim da semana passada, em coment\u00e1rio durante o&nbsp;<a href=\"https:\/\/www.suno.com.br\/artigos\/forum-economico-mundial\/\">F\u00f3rum Econ\u00f4mico Mundial<\/a>&nbsp;em Davos, na Su\u00ed\u00e7a, o&nbsp;<strong>ministro de Minas e Energia<\/strong>&nbsp;(MME),&nbsp;<strong>Alexandre Silveira<\/strong>, defendeu as qualifica\u00e7\u00f5es de&nbsp;Guido Mantega&nbsp;para comandar a Vale, dizendo que o ex-ministro da Fazenda \u00e9 o \u201cmais longevo\u201d da hist\u00f3ria do Brasil e \u201calgu\u00e9m extremamente preparado\u201d.<\/p>\n\n\n\n<p>No entanto, Silveira n\u00e3o quis comentar as movimenta\u00e7\u00f5es do governo Lula (PT) para emplacar o nome do\u00a0<strong>ex-ministro da Fazenda<\/strong>\u00a0na mineradora, afirmando que s\u00f3 haver\u00e1 posi\u00e7\u00e3o quando for definido o processo de sucess\u00e3o de\u00a0<strong>Eduardo Bartolomeo<\/strong>\u00a0na empresa, no fim de janeiro.<\/p>\n\n\n\n<p>Aliados do presidente Lula articulam entre os&nbsp;acionistas da <strong>Vale<\/strong>&nbsp;a indica\u00e7\u00e3o de&nbsp;Mantega&nbsp;para a presid\u00eancia da mineradora. Uma op\u00e7\u00e3o seria o ex-ministro ocupar antes um dos dois assentos que a&nbsp;Previ, fundo de pens\u00e3o dos funcion\u00e1rios do&nbsp;Banco do Brasil&nbsp;(BBAS3) tem entre os 13 conselho de diretores.<\/p>\n\n\n\t<p>\n\t\t<a href=\"https:\/\/lp.suno.com.br\/plataforma-de-controle-de-investimentos\/\" target=\"_blank\" data-element=\"shortcode-suno-banner\" title=\"Banner SUNO, clique e saiba mais\">\n\t\t\t<picture>\n\t\t\t\t<source media=\"(max-width: 500px)\" srcset=\"https:\/\/files.sunoresearch.com.br\/n\/uploads\/2023\/03\/400x300-Controle-de-Investimentos.png\">\n\t\t\t\t<img class=\"newsContent__article__imgCapa newsContent__article__imgCapa--banner\"\n\t\t\t\t\tsrc=\"https:\/\/files.sunoresearch.com.br\/n\/uploads\/2023\/03\/1420x240-Controle-de-Investimentos.png\"\n\t\t\t\t\tdata-promo-id=\"383162\"\t\t\t\t\t\t\t\t\t\twidth='1420' height='240'\t\t\t\t\talt=\"https:\/\/files.sunoresearch.com.br\/n\/uploads\/2023\/03\/1420x240-Controle-de-Investimentos.png\"\n\t\t\t\t>\n\t\t\t<\/picture>\n\t\t<\/a>\n\t<\/p>\n\n\n","protected":false},"excerpt":{"rendered":"<p>As sucessivas quedas nas a\u00e7\u00f5es da Vale (VALE3) desde o in\u00edcio do ano acenderam um sinal de alerta no mercado, que olha com certa desconfian\u00e7a os \u00faltimos acontecimentos relacionados \u00e0 mineradora. No entanto, um&nbsp;poss\u00edvel est\u00edmulo do governo da China &#8211; principal mercado da mineradora &#8211; para estabilizar as bolsas do pa\u00eds, pode significar a retomada [&hellip;]<\/p>\n","protected":false},"author":313,"featured_media":126963,"comment_status":"closed","ping_status":"closed","sticky":false,"template":"","format":"standard","meta":[],"categories":[64],"tags":[286,105816,676],"suno_strategy":[],"class_list":["post-514657","post","type-post","status-publish","format-standard","has-post-thumbnail","hentry","category-negocios","tag-acoes","tag-especialistas","tag-vale-vale3"],"yoast_head":"<!-- This site is optimized with the Yoast SEO plugin v24.4 - https:\/\/yoast.com\/wordpress\/plugins\/seo\/ -->\n<title>Vale (VALE3): a\u00e7\u00f5es afundam no ano. O que est\u00e1 acontecendo?<\/title>\n<meta name=\"description\" content=\"As sucessivas quedas nas a\u00e7\u00f5es da Vale (VALE3) desde o in\u00edcio do ano acenderam um sinal de alerta no mercado. Entenda!\" \/>\n<meta name=\"robots\" content=\"index, follow, max-snippet:-1, max-image-preview:large, max-video-preview:-1\" \/>\n<link rel=\"canonical\" href=\"https:\/\/www.suno.com.br\/noticias\/vale-vale3-acoes-caem-virar-jogo-gpj\/\" \/>\n<meta property=\"og:locale\" content=\"pt_BR\" \/>\n<meta property=\"og:type\" content=\"article\" \/>\n<meta property=\"og:title\" content=\"Vale (VALE3): a\u00e7\u00f5es afundam no ano. O que est\u00e1 acontecendo?\" \/>\n<meta property=\"og:description\" content=\"As sucessivas quedas nas a\u00e7\u00f5es da Vale (VALE3) desde o in\u00edcio do ano acenderam um sinal de alerta no mercado. Entenda!\" \/>\n<meta property=\"og:url\" content=\"https:\/\/www.suno.com.br\/noticias\/vale-vale3-acoes-caem-virar-jogo-gpj\/\" \/>\n<meta property=\"og:site_name\" content=\"Suno Not\u00edcias\" \/>\n<meta property=\"article:publisher\" content=\"https:\/\/facebook.com\/sunoresearch\" \/>\n<meta property=\"og:image\" content=\"https:\/\/files.sunoresearch.com.br\/n\/uploads\/2021\/02\/aff09bff-c0100329-vale.jpg\" \/>\n\t<meta property=\"og:image:width\" content=\"1380\" \/>\n\t<meta property=\"og:image:height\" content=\"937\" \/>\n\t<meta property=\"og:image:type\" content=\"image\/jpeg\" \/>\n<meta name=\"author\" content=\"Giovanni Porf\u00edrio Jacomino\" \/>\n<meta name=\"twitter:card\" content=\"summary_large_image\" \/>\n<meta name=\"twitter:creator\" content=\"@sunoresearch\" \/>\n<meta name=\"twitter:site\" content=\"@sunoresearch\" \/>\n<meta name=\"twitter:label1\" content=\"Escrito por\" \/>\n\t<meta name=\"twitter:data1\" content=\"Giovanni Porf\u00edrio Jacomino\" \/>\n\t<meta name=\"twitter:label2\" content=\"Est. tempo de leitura\" \/>\n\t<meta name=\"twitter:data2\" content=\"6 minutos\" \/>\n<script type=\"application\/ld+json\" class=\"yoast-schema-graph\">{\"@context\":\"https:\/\/schema.org\",\"@graph\":[{\"@type\":\"NewsArticle\",\"@id\":\"https:\/\/www.suno.com.br\/noticias\/vale-vale3-acoes-caem-virar-jogo-gpj\/#article\",\"isPartOf\":{\"@id\":\"https:\/\/www.suno.com.br\/noticias\/vale-vale3-acoes-caem-virar-jogo-gpj\/\"},\"author\":{\"name\":\"Giovanni Porf\u00edrio Jacomino\",\"@id\":\"https:\/\/www.suno.com.br\/noticias\/#\/schema\/person\/d0f32748bbca4bee871fa191ee4e2d40\"},\"headline\":\"A\u00e7\u00e3o da Vale (VALE3) sobe hoje, mas queda acumulada no in\u00edcio do ano acende alerta. O que est\u00e1 acontecendo?\",\"datePublished\":\"2024-01-23T20:12:10+00:00\",\"dateModified\":\"2024-01-23T21:54:07+00:00\",\"mainEntityOfPage\":{\"@id\":\"https:\/\/www.suno.com.br\/noticias\/vale-vale3-acoes-caem-virar-jogo-gpj\/\"},\"wordCount\":1098,\"publisher\":{\"@id\":\"https:\/\/www.suno.com.br\/noticias\/#organization\"},\"image\":{\"@id\":\"https:\/\/www.suno.com.br\/noticias\/vale-vale3-acoes-caem-virar-jogo-gpj\/#primaryimage\"},\"thumbnailUrl\":\"https:\/\/files.sunoresearch.com.br\/n\/uploads\/2021\/02\/aff09bff-c0100329-vale-jpg.webp\",\"keywords\":[\"A\u00e7\u00f5es\",\"Especialistas\",\"Vale (VALE3)\"],\"articleSection\":[\"Neg\u00f3cios\"],\"inLanguage\":\"pt-BR\"},{\"@type\":\"WebPage\",\"@id\":\"https:\/\/www.suno.com.br\/noticias\/vale-vale3-acoes-caem-virar-jogo-gpj\/\",\"url\":\"https:\/\/www.suno.com.br\/noticias\/vale-vale3-acoes-caem-virar-jogo-gpj\/\",\"name\":\"Vale (VALE3): a\u00e7\u00f5es afundam no ano. O que est\u00e1 acontecendo?\",\"isPartOf\":{\"@id\":\"https:\/\/www.suno.com.br\/noticias\/#website\"},\"primaryImageOfPage\":{\"@id\":\"https:\/\/www.suno.com.br\/noticias\/vale-vale3-acoes-caem-virar-jogo-gpj\/#primaryimage\"},\"image\":{\"@id\":\"https:\/\/www.suno.com.br\/noticias\/vale-vale3-acoes-caem-virar-jogo-gpj\/#primaryimage\"},\"thumbnailUrl\":\"https:\/\/files.sunoresearch.com.br\/n\/uploads\/2021\/02\/aff09bff-c0100329-vale-jpg.webp\",\"datePublished\":\"2024-01-23T20:12:10+00:00\",\"dateModified\":\"2024-01-23T21:54:07+00:00\",\"description\":\"As sucessivas quedas nas a\u00e7\u00f5es da Vale (VALE3) desde o in\u00edcio do ano acenderam um sinal de alerta no mercado. Entenda!\",\"breadcrumb\":{\"@id\":\"https:\/\/www.suno.com.br\/noticias\/vale-vale3-acoes-caem-virar-jogo-gpj\/#breadcrumb\"},\"inLanguage\":\"pt-BR\",\"potentialAction\":[{\"@type\":\"ReadAction\",\"target\":[\"https:\/\/www.suno.com.br\/noticias\/vale-vale3-acoes-caem-virar-jogo-gpj\/\"]}]},{\"@type\":\"ImageObject\",\"inLanguage\":\"pt-BR\",\"@id\":\"https:\/\/www.suno.com.br\/noticias\/vale-vale3-acoes-caem-virar-jogo-gpj\/#primaryimage\",\"url\":\"https:\/\/files.sunoresearch.com.br\/n\/uploads\/2021\/02\/aff09bff-c0100329-vale-jpg.webp\",\"contentUrl\":\"https:\/\/files.sunoresearch.com.br\/n\/uploads\/2021\/02\/aff09bff-c0100329-vale-jpg.webp\",\"width\":1380,\"height\":937,\"caption\":\"Vale (VALE3). Foto: Divulga\u00e7\u00e3o.\"},{\"@type\":\"BreadcrumbList\",\"@id\":\"https:\/\/www.suno.com.br\/noticias\/vale-vale3-acoes-caem-virar-jogo-gpj\/#breadcrumb\",\"itemListElement\":[{\"@type\":\"ListItem\",\"position\":1,\"name\":\"Not\u00edcias\",\"item\":\"https:\/\/www.suno.com.br\/noticias\/\"},{\"@type\":\"ListItem\",\"position\":2,\"name\":\"Neg\u00f3cios\",\"item\":\"https:\/\/www.suno.com.br\/noticias\/negocios\/\"},{\"@type\":\"ListItem\",\"position\":3,\"name\":\"A\u00e7\u00e3o da Vale (VALE3) sobe hoje, mas queda acumulada no in\u00edcio do ano acende alerta. O que est\u00e1 acontecendo?\"}]},{\"@type\":\"WebSite\",\"@id\":\"https:\/\/www.suno.com.br\/noticias\/#website\",\"url\":\"https:\/\/www.suno.com.br\/noticias\/\",\"name\":\"Suno Not\u00edcias\",\"description\":\"Seu portal de informa\u00e7\u00e3o sobre o mundo dos investimentos\",\"publisher\":{\"@id\":\"https:\/\/www.suno.com.br\/noticias\/#organization\"},\"potentialAction\":[{\"@type\":\"SearchAction\",\"target\":{\"@type\":\"EntryPoint\",\"urlTemplate\":\"https:\/\/www.suno.com.br\/noticias\/?s={search_term_string}\"},\"query-input\":{\"@type\":\"PropertyValueSpecification\",\"valueRequired\":true,\"valueName\":\"search_term_string\"}}],\"inLanguage\":\"pt-BR\"},{\"@type\":\"Organization\",\"@id\":\"https:\/\/www.suno.com.br\/noticias\/#organization\",\"name\":\"Suno Not\u00edcias\",\"url\":\"https:\/\/www.suno.com.br\/noticias\/\",\"logo\":{\"@type\":\"ImageObject\",\"inLanguage\":\"pt-BR\",\"@id\":\"https:\/\/www.suno.com.br\/noticias\/#\/schema\/logo\/image\/\",\"url\":\"https:\/\/files.sunoresearch.com.br\/n\/uploads\/2021\/09\/suno-logo.png\",\"contentUrl\":\"https:\/\/files.sunoresearch.com.br\/n\/uploads\/2021\/09\/suno-logo.png\",\"width\":180,\"height\":180,\"caption\":\"Suno Not\u00edcias\"},\"image\":{\"@id\":\"https:\/\/www.suno.com.br\/noticias\/#\/schema\/logo\/image\/\"},\"sameAs\":[\"https:\/\/facebook.com\/sunoresearch\",\"https:\/\/x.com\/sunoresearch\",\"https:\/\/www.instagram.com\/suno\",\"https:\/\/www.linkedin.com\/company\/suno-research\/\",\"https:\/\/www.youtube.com\/c\/sunoresearch\"]},{\"@type\":\"Person\",\"@id\":\"https:\/\/www.suno.com.br\/noticias\/#\/schema\/person\/d0f32748bbca4bee871fa191ee4e2d40\",\"name\":\"Giovanni Porf\u00edrio Jacomino\",\"image\":{\"@type\":\"ImageObject\",\"inLanguage\":\"pt-BR\",\"@id\":\"https:\/\/www.suno.com.br\/noticias\/#\/schema\/person\/image\/\",\"url\":\"https:\/\/secure.gravatar.com\/avatar\/efb32e19b730a121cb7a80f41ffec01a?s=96&r=g\",\"contentUrl\":\"https:\/\/secure.gravatar.com\/avatar\/efb32e19b730a121cb7a80f41ffec01a?s=96&r=g\",\"caption\":\"Giovanni Porf\u00edrio Jacomino\"},\"description\":\"Giovanni Porf\u00edrio Jacomino \u00e9 jornalista formado pela Universidade Estadual de Londrina (UEL) e p\u00f3s-graduado em Produ\u00e7\u00e3o e Pr\u00e1ticas Jornal\u00edsticas na Contemporaneidade na Faculdade C\u00e1sper L\u00edbero (FCL). Foi editor web no Startupi e no Finsiders, atuando ainda como editor no TC Mover, portal de not\u00edcias da TradersClub, fazendo a cobertura de assuntos relacionados ao mercado financeiro interno e externo. Atualmente, \u00e9 Rep\u00f3rter do Suno Not\u00edcias.\",\"url\":\"https:\/\/www.suno.com.br\/noticias\/author\/giovanni-porfiriosuno-com-br\/\"}]}<\/script>\n<!-- \/ Yoast SEO plugin. -->","yoast_head_json":{"title":"Vale (VALE3): a\u00e7\u00f5es afundam no ano. O que est\u00e1 acontecendo?","description":"As sucessivas quedas nas a\u00e7\u00f5es da Vale (VALE3) desde o in\u00edcio do ano acenderam um sinal de alerta no mercado. Entenda!","robots":{"index":"index","follow":"follow","max-snippet":"max-snippet:-1","max-image-preview":"max-image-preview:large","max-video-preview":"max-video-preview:-1"},"canonical":"https:\/\/www.suno.com.br\/noticias\/vale-vale3-acoes-caem-virar-jogo-gpj\/","og_locale":"pt_BR","og_type":"article","og_title":"Vale (VALE3): a\u00e7\u00f5es afundam no ano. O que est\u00e1 acontecendo?","og_description":"As sucessivas quedas nas a\u00e7\u00f5es da Vale (VALE3) desde o in\u00edcio do ano acenderam um sinal de alerta no mercado. Entenda!","og_url":"https:\/\/www.suno.com.br\/noticias\/vale-vale3-acoes-caem-virar-jogo-gpj\/","og_site_name":"Suno Not\u00edcias","article_publisher":"https:\/\/facebook.com\/sunoresearch","og_image":[{"width":1380,"height":937,"url":"https:\/\/files.sunoresearch.com.br\/n\/uploads\/2021\/02\/aff09bff-c0100329-vale.jpg","type":"image\/jpeg"}],"author":"Giovanni Porf\u00edrio Jacomino","twitter_card":"summary_large_image","twitter_creator":"@sunoresearch","twitter_site":"@sunoresearch","twitter_misc":{"Escrito por":"Giovanni Porf\u00edrio Jacomino","Est. tempo de leitura":"6 minutos"},"schema":{"@context":"https:\/\/schema.org","@graph":[{"@type":"NewsArticle","@id":"https:\/\/www.suno.com.br\/noticias\/vale-vale3-acoes-caem-virar-jogo-gpj\/#article","isPartOf":{"@id":"https:\/\/www.suno.com.br\/noticias\/vale-vale3-acoes-caem-virar-jogo-gpj\/"},"author":{"name":"Giovanni Porf\u00edrio Jacomino","@id":"https:\/\/www.suno.com.br\/noticias\/#\/schema\/person\/d0f32748bbca4bee871fa191ee4e2d40"},"headline":"A\u00e7\u00e3o da Vale (VALE3) sobe hoje, mas queda acumulada no in\u00edcio do ano acende alerta. O que est\u00e1 acontecendo?","datePublished":"2024-01-23T20:12:10+00:00","dateModified":"2024-01-23T21:54:07+00:00","mainEntityOfPage":{"@id":"https:\/\/www.suno.com.br\/noticias\/vale-vale3-acoes-caem-virar-jogo-gpj\/"},"wordCount":1098,"publisher":{"@id":"https:\/\/www.suno.com.br\/noticias\/#organization"},"image":{"@id":"https:\/\/www.suno.com.br\/noticias\/vale-vale3-acoes-caem-virar-jogo-gpj\/#primaryimage"},"thumbnailUrl":"https:\/\/files.sunoresearch.com.br\/n\/uploads\/2021\/02\/aff09bff-c0100329-vale-jpg.webp","keywords":["A\u00e7\u00f5es","Especialistas","Vale (VALE3)"],"articleSection":["Neg\u00f3cios"],"inLanguage":"pt-BR"},{"@type":"WebPage","@id":"https:\/\/www.suno.com.br\/noticias\/vale-vale3-acoes-caem-virar-jogo-gpj\/","url":"https:\/\/www.suno.com.br\/noticias\/vale-vale3-acoes-caem-virar-jogo-gpj\/","name":"Vale (VALE3): a\u00e7\u00f5es afundam no ano. O que est\u00e1 acontecendo?","isPartOf":{"@id":"https:\/\/www.suno.com.br\/noticias\/#website"},"primaryImageOfPage":{"@id":"https:\/\/www.suno.com.br\/noticias\/vale-vale3-acoes-caem-virar-jogo-gpj\/#primaryimage"},"image":{"@id":"https:\/\/www.suno.com.br\/noticias\/vale-vale3-acoes-caem-virar-jogo-gpj\/#primaryimage"},"thumbnailUrl":"https:\/\/files.sunoresearch.com.br\/n\/uploads\/2021\/02\/aff09bff-c0100329-vale-jpg.webp","datePublished":"2024-01-23T20:12:10+00:00","dateModified":"2024-01-23T21:54:07+00:00","description":"As sucessivas quedas nas a\u00e7\u00f5es da Vale (VALE3) desde o in\u00edcio do ano acenderam um sinal de alerta no mercado. Entenda!","breadcrumb":{"@id":"https:\/\/www.suno.com.br\/noticias\/vale-vale3-acoes-caem-virar-jogo-gpj\/#breadcrumb"},"inLanguage":"pt-BR","potentialAction":[{"@type":"ReadAction","target":["https:\/\/www.suno.com.br\/noticias\/vale-vale3-acoes-caem-virar-jogo-gpj\/"]}]},{"@type":"ImageObject","inLanguage":"pt-BR","@id":"https:\/\/www.suno.com.br\/noticias\/vale-vale3-acoes-caem-virar-jogo-gpj\/#primaryimage","url":"https:\/\/files.sunoresearch.com.br\/n\/uploads\/2021\/02\/aff09bff-c0100329-vale-jpg.webp","contentUrl":"https:\/\/files.sunoresearch.com.br\/n\/uploads\/2021\/02\/aff09bff-c0100329-vale-jpg.webp","width":1380,"height":937,"caption":"Vale (VALE3). Foto: Divulga\u00e7\u00e3o."},{"@type":"BreadcrumbList","@id":"https:\/\/www.suno.com.br\/noticias\/vale-vale3-acoes-caem-virar-jogo-gpj\/#breadcrumb","itemListElement":[{"@type":"ListItem","position":1,"name":"Not\u00edcias","item":"https:\/\/www.suno.com.br\/noticias\/"},{"@type":"ListItem","position":2,"name":"Neg\u00f3cios","item":"https:\/\/www.suno.com.br\/noticias\/negocios\/"},{"@type":"ListItem","position":3,"name":"A\u00e7\u00e3o da Vale (VALE3) sobe hoje, mas queda acumulada no in\u00edcio do ano acende alerta. O que est\u00e1 acontecendo?"}]},{"@type":"WebSite","@id":"https:\/\/www.suno.com.br\/noticias\/#website","url":"https:\/\/www.suno.com.br\/noticias\/","name":"Suno Not\u00edcias","description":"Seu portal de informa\u00e7\u00e3o sobre o mundo dos investimentos","publisher":{"@id":"https:\/\/www.suno.com.br\/noticias\/#organization"},"potentialAction":[{"@type":"SearchAction","target":{"@type":"EntryPoint","urlTemplate":"https:\/\/www.suno.com.br\/noticias\/?s={search_term_string}"},"query-input":{"@type":"PropertyValueSpecification","valueRequired":true,"valueName":"search_term_string"}}],"inLanguage":"pt-BR"},{"@type":"Organization","@id":"https:\/\/www.suno.com.br\/noticias\/#organization","name":"Suno Not\u00edcias","url":"https:\/\/www.suno.com.br\/noticias\/","logo":{"@type":"ImageObject","inLanguage":"pt-BR","@id":"https:\/\/www.suno.com.br\/noticias\/#\/schema\/logo\/image\/","url":"https:\/\/files.sunoresearch.com.br\/n\/uploads\/2021\/09\/suno-logo.png","contentUrl":"https:\/\/files.sunoresearch.com.br\/n\/uploads\/2021\/09\/suno-logo.png","width":180,"height":180,"caption":"Suno Not\u00edcias"},"image":{"@id":"https:\/\/www.suno.com.br\/noticias\/#\/schema\/logo\/image\/"},"sameAs":["https:\/\/facebook.com\/sunoresearch","https:\/\/x.com\/sunoresearch","https:\/\/www.instagram.com\/suno","https:\/\/www.linkedin.com\/company\/suno-research\/","https:\/\/www.youtube.com\/c\/sunoresearch"]},{"@type":"Person","@id":"https:\/\/www.suno.com.br\/noticias\/#\/schema\/person\/d0f32748bbca4bee871fa191ee4e2d40","name":"Giovanni Porf\u00edrio Jacomino","image":{"@type":"ImageObject","inLanguage":"pt-BR","@id":"https:\/\/www.suno.com.br\/noticias\/#\/schema\/person\/image\/","url":"https:\/\/secure.gravatar.com\/avatar\/efb32e19b730a121cb7a80f41ffec01a?s=96&r=g","contentUrl":"https:\/\/secure.gravatar.com\/avatar\/efb32e19b730a121cb7a80f41ffec01a?s=96&r=g","caption":"Giovanni Porf\u00edrio Jacomino"},"description":"Giovanni Porf\u00edrio Jacomino \u00e9 jornalista formado pela Universidade Estadual de Londrina (UEL) e p\u00f3s-graduado em Produ\u00e7\u00e3o e Pr\u00e1ticas Jornal\u00edsticas na Contemporaneidade na Faculdade C\u00e1sper L\u00edbero (FCL). Foi editor web no Startupi e no Finsiders, atuando ainda como editor no TC Mover, portal de not\u00edcias da TradersClub, fazendo a cobertura de assuntos relacionados ao mercado financeiro interno e externo. Atualmente, \u00e9 Rep\u00f3rter do Suno Not\u00edcias.","url":"https:\/\/www.suno.com.br\/noticias\/author\/giovanni-porfiriosuno-com-br\/"}]}},"default_loop_html":"<div class=\"cardsPage__listCard__boxs\"><div class=\"cardsPage__listCard__boxs__img\"><a href=\"https:\/\/www.suno.com.br\/noticias\/vale-vale3-acoes-caem-virar-jogo-gpj\/\"><img class=\"mask\" src=\"https:\/\/www.suno.com.br\/noticias\/wp-content\/themes\/suno\/resources\/images\/spotlight\/spotlight1img\/bg-mask.png\" alt=\"Image Mask\"\/><img src=\"https:\/\/files.sunoresearch.com.br\/n\/uploads\/2021\/02\/aff09bff-c0100329-vale-400x200.webp\" alt=\"A\u00e7\u00e3o da Vale (VALE3) sobe hoje, mas queda acumulada no in\u00edcio do ano acende alerta. O que est\u00e1 acontecendo?\"\/><\/a><span class=\"spotlightCategory\"><a href=\"https:\/\/www.suno.com.br\/noticias\/negocios\/\">Neg\u00f3cios<\/a><\/span><\/div><div class=\"cardsPage__listCard__boxs__content\"><a href=\"https:\/\/www.suno.com.br\/noticias\/vale-vale3-acoes-caem-virar-jogo-gpj\/\"><h2 class=\"content__title\">A\u00e7\u00e3o da Vale (VALE3) sobe hoje, mas queda acumulada no in\u00edcio do ano acende alerta. O que est\u00e1 acontecendo?<\/h2><\/a><div class=\"newsContent__article__meta\"><div class=\"newsContent__article__meta__authorBox\"><a href=\"https:\/\/www.suno.com.br\/noticias\/author\/giovanni-porfiriosuno-com-br\/\" class=\"authorBox__avatar noMobi\"><img src=\"https:\/\/files.sunoresearch.com.br\/n\/uploads\/2024\/05\/DSCF4115-1-1-150x150.webp\" alt=\"Giovanni Porf\u00edrio Jacomino\"><\/a><div class=\"authorBox__name\"><span>por\n\t\t\t<a href=\"https:\/\/www.suno.com.br\/noticias\/author\/giovanni-porfiriosuno-com-br\/\"><span itemprop=\"author\">Giovanni Porf\u00edrio Jacomino<\/span><\/a><\/span><time datetime=\"2024-01-23T17:12:10-03:00\" itemprop=\"datePublished\">23\/01\/2024 17:12<\/time><\/div><\/div><\/div><\/div><\/div>","single_layout":"posts","amp_enabled":true,"_links":{"self":[{"href":"https:\/\/www.suno.com.br\/noticias\/wp-json\/wp\/v2\/posts\/514657"}],"collection":[{"href":"https:\/\/www.suno.com.br\/noticias\/wp-json\/wp\/v2\/posts"}],"about":[{"href":"https:\/\/www.suno.com.br\/noticias\/wp-json\/wp\/v2\/types\/post"}],"author":[{"embeddable":true,"href":"https:\/\/www.suno.com.br\/noticias\/wp-json\/wp\/v2\/users\/313"}],"replies":[{"embeddable":true,"href":"https:\/\/www.suno.com.br\/noticias\/wp-json\/wp\/v2\/comments?post=514657"}],"version-history":[{"count":3,"href":"https:\/\/www.suno.com.br\/noticias\/wp-json\/wp\/v2\/posts\/514657\/revisions"}],"predecessor-version":[{"id":514866,"href":"https:\/\/www.suno.com.br\/noticias\/wp-json\/wp\/v2\/posts\/514657\/revisions\/514866"}],"wp:featuredmedia":[{"embeddable":true,"href":"https:\/\/www.suno.com.br\/noticias\/wp-json\/wp\/v2\/media\/126963"}],"wp:attachment":[{"href":"https:\/\/www.suno.com.br\/noticias\/wp-json\/wp\/v2\/media?parent=514657"}],"wp:term":[{"taxonomy":"category","embeddable":true,"href":"https:\/\/www.suno.com.br\/noticias\/wp-json\/wp\/v2\/categories?post=514657"},{"taxonomy":"post_tag","embeddable":true,"href":"https:\/\/www.suno.com.br\/noticias\/wp-json\/wp\/v2\/tags?post=514657"},{"taxonomy":"suno_strategy","embeddable":true,"href":"https:\/\/www.suno.com.br\/noticias\/wp-json\/wp\/v2\/suno_strategy?post=514657"}],"curies":[{"name":"wp","href":"https:\/\/api.w.org\/{rel}","templated":true}]}}