{"id":51462,"date":"2020-01-30T20:52:15","date_gmt":"2020-01-30T22:52:15","guid":{"rendered":"https:\/\/www.suno.com.br\/noticias\/?p=51462"},"modified":"2020-01-30T20:52:15","modified_gmt":"2020-01-30T22:52:15","slug":"coronavirus-temor-viagens","status":"publish","type":"post","link":"https:\/\/www.suno.com.br\/noticias\/coronavirus-temor-viagens\/","title":{"rendered":"Coronav\u00edrus leva temor \u00e0s viagens; empresas perdem R$ 169 mi na B3"},"content":{"rendered":"<p>O temor que o <a href=\"https:\/\/www.suno.com.br\/noticias\/coronavirus-brasil-registra-9-casos\/\"><strong>Coronav\u00edrus<\/strong> se torne uma epidemia<\/a> e impacte ainda mais o deslocamento de pessoas atingiu as a\u00e7\u00f5es de empresas de transporte a\u00e9reo e turismo listadas na <a href=\"https:\/\/www.suno.com.br\/artigos\/b3\/\">Bolsa de Valores de S\u00e3o Paulo (B3)<\/a>.<\/p>\t<div class=\"wrapper-featured-image\">\n\t\t<figure class=\"spotlightImg\">\n\n\t\t\t<picture>\n\t\t\t\t<source media=\"(max-width: 768px)\" srcset=\"https:\/\/files.sunoresearch.com.br\/n\/uploads\/2020\/01\/07e74a69-coronavirus-400x200.webp\">\n\t\t\t\t<img loading=\"lazy\" decoding=\"async\" class=\"newsContent__article__imgCapa lazyloadDisabled newsContent__article__imgCapa--noCaption\" src=\"https:\/\/files.sunoresearch.com.br\/n\/uploads\/2020\/01\/07e74a69-coronavirus-jpg.webp\" width=\"800\" height=\"450\" alt=\"Coronav\u00edrus leva temor \u00e0s viagens; empresas perdem R$ 169 mi na B3\" fetchpriority=high \/>\n\t\t\t<\/picture>\n\n\t\t\t<figcaption class=\"wp-caption-text wp-caption-text--hide\">A Organiza\u00e7\u00e3o Mundial da Sa\u00fade (OMS) alertou nesta sexta-feira (21) que pa\u00edses precisam agir r\u00e1pido para conter coronav\u00edrus. Para a institui\u00e7\u00e3o, a janela de oportunidade est\u00e1 se fechando.\u00a0<\/figcaption>\n\t\t<\/figure>\n\t<\/div>\n\n\n\n<p>Ao todo, apenas nesta semana, <strong><a href=\"https:\/\/www.suno.com.br\/acoes\/azul4\/\">Azul (AZUL4)<\/a><\/strong><a href=\"https:\/\/www.suno.com.br\/acoes\/azul4\/\"> e <\/a><strong><a href=\"https:\/\/www.suno.com.br\/acoes\/cvcb3\/\">CVC (CVB3) <\/a><\/strong>perderam juntas R$ 169 milh\u00f5es em valor de mercado gra\u00e7as ao receio em rela\u00e7\u00e3o ao impacto do Coronav\u00edrus, de acordo com dados da consultoria Economatica.\u00a0 A\u00a0<a href=\"https:\/\/www.suno.com.br\/acoes\/goll4\/\"><strong>Gol (GOLL4)<\/strong><\/a>foi a \u00fanica que conseguiu se salvar.<\/p>\n<p>&#8220;A doen\u00e7a est\u00e1 em seu in\u00edcio e corre o risco de virar uma epidemia. Assim, empresas a\u00e9reas come\u00e7aram a n\u00e3o voar para a China e as pessoas ficam temerosas em se locomover at\u00e9 informa\u00e7\u00f5es mais profundas sobre a doen\u00e7a&#8221;, afirma Pedro Galdi, analista da Mirae Asset.<\/p>\n<p>Nesta quinta-feira (30), em um preg\u00e3o com muita volatilidade e que s\u00f3 se recuperou no final, os pap\u00e9is da Azul fecharam em queda de 0,27, cotados a R$ 59,71,\u00a0 enquanto as a\u00e7\u00f5es da <a href=\"https:\/\/www.suno.com.br\/acoes\/cvcb3\/\"><strong>CVC<\/strong> (CVCB3)<\/a> terminaram o preg\u00e3o em baixa de 2,11%, a R$ 36,23.<\/p>\n<p>&#8220;Hoje mesmo a It\u00e1lia n\u00e3o autorizou a entrada de um grande navio de turismo por conta de uma pessoa com sintomas da doen\u00e7a a bordo. Quanto mais a doen\u00e7a se alastrar mais este movimento cresce, n\u00e3o tem como n\u00e3o ser&#8221;, concluiu ele.<\/p>\n<p>As a\u00e7\u00f5es da Gol acabaram fechando em leve alta de 0,29%, a R$ 35,04, mas chegaram a casa dos R$ 33 durante o preg\u00e3o.<\/p>\n<p><a href=\"https:\/\/www.suno.com.br\/noticias\/coronavirus-banco-reducao-pib-china-por-virus\/\">Veja tamb\u00e9m: Coronav\u00edrus: banco prev\u00ea redu\u00e7\u00e3o do PIB da China por conta da epidemia<\/a><\/p>\n<p>Al\u00e9m disso, o temor tamb\u00e9m faz com que investidores corram ao d\u00f3lar, que sobe em rela\u00e7\u00e3o ao real, e faz com que os custos de empresas a\u00e9reas subam de forma consider\u00e1vel e pode impactar at\u00e9 mesmo o \u00edmpeto do brasileiro em viajar.<\/p>\n<p>&#8220;Outro ponto \u00e9 que o d\u00f3lar acaba apreciando sobre todas as moedas e, dessa forma, pega no bolso do turista&#8221;, afirma o analista.<\/p>\n<h2>Coronav\u00edrus leva temor a diversas empresas<\/h2>\n<p>Para al\u00e9m do impacto nas companhias ligadas a viagens, o Coronav\u00edrus tamb\u00e9m j\u00e1 <a href=\"https:\/\/www.suno.com.br\/noticias\/coronavirus-empresas-brasileiras-temerem-efeitos-negativos\/\">afeta empresas que atuam na China<\/a>.<\/p>\n\t<p>\n\t\t<a href=\"https:\/\/lp.suno.com.br\/ao\/sessao-estrategica-consultoria-c\/?utm_source=suno-noticias&#038;utm_medium=banner&#038;utm_campaign=_SNC36CE4E9F_&#038;utm_content=fundos-imobiliarios-ou-imoveis-onde-investir-500-mil-go\" target=\"_blank\" data-element=\"shortcode-suno-banner\" title=\"Banner SUNO, clique e saiba mais\">\n\t\t\t<picture>\n\t\t\t\t<source media=\"(max-width: 500px)\" srcset=\"https:\/\/files.sunoresearch.com.br\/n\/uploads\/2025\/09\/300x400.webp\">\n\t\t\t\t<img class=\"newsContent__article__imgCapa newsContent__article__imgCapa--banner\"\n\t\t\t\t\tsrc=\"https:\/\/files.sunoresearch.com.br\/n\/uploads\/2025\/09\/SN-DT-1420x240-1.webp\"\n\t\t\t\t\tdata-promo-id=\"635171\"\t\t\t\t\t\t\t\t\t\twidth='1420' height='240'\t\t\t\t\talt=\"https:\/\/files.sunoresearch.com.br\/n\/uploads\/2025\/09\/SN-DT-1420x240-1.webp\"\n\t\t\t\t>\n\t\t\t<\/picture>\n\t\t<\/a>\n\t<\/p>\n\n\n<p>A <a href=\"https:\/\/www.suno.com.br\/acoes\/vale3\/\"><strong>Vale<\/strong> (VALE3)<\/a> informou que j\u00e1 restringiu viagens de empregados ao pa\u00eds por tempo indeterminado. Al\u00e9m disso, a mineradora tamb\u00e9m prev\u00ea que possa ser impactada com uma baixa nas vendas.<\/p>\n<p>A fabricante de materiais el\u00e9tricos WEG tamb\u00e9m informou que suas unidades no pa\u00eds asi\u00e1tico n\u00e3o est\u00e3o operando ap\u00f3s pedido de autoridades chinesas, assim como a Marcopolo, que produz carroceria de \u00f4nibus.<\/p>\n<p>O primeiro alerta sobre o Coronav\u00edrus ocorreu no \u00faltimo dia de 2019, ap\u00f3s autoridades chinesas reportarem \u00e0 Organiza\u00e7\u00e3o Mundial da Sa\u00fade (OMS) sobre muitos casos de pneumonia com origem desconhecida na cidade de Wuhan.<\/p>\n<p>Com o aumento desenfreado de casos, a OMS corrigiu a avalia\u00e7\u00e3o de risco do <strong>Coronav\u00edrus<\/strong> de moderado para alto na \u00faltima segunda-feira (27). J\u00e1 nesta quinta-feira (30), a entidade declarou emerg\u00eancia global por conta do v\u00edrus.<\/p>\n\n","protected":false},"excerpt":{"rendered":"<p>O temor que o Coronav\u00edrus se torne uma epidemia e impacte ainda mais o deslocamento de pessoas atingiu as a\u00e7\u00f5es de empresas de transporte a\u00e9reo e turismo listadas na Bolsa de Valores de S\u00e3o Paulo (B3). A Organiza\u00e7\u00e3o Mundial da Sa\u00fade (OMS) alertou nesta sexta-feira (21) que pa\u00edses precisam agir r\u00e1pido para conter coronav\u00edrus. Para [&hellip;]<\/p>\n","protected":false},"author":27,"featured_media":50997,"comment_status":"closed","ping_status":"closed","sticky":false,"template":"","format":"standard","meta":[],"categories":[60],"tags":[286,106932,2487,442,489],"suno_strategy":[],"class_list":["post-51462","post","type-post","status-publish","format-standard","has-post-thumbnail","hentry","category-mercado","tag-acoes","tag-azul-azul4","tag-coronavirus","tag-cvc-cvcb3","tag-gol-linhas-aereas-goll11-goll4"],"yoast_head":"<!-- This site is optimized with the Yoast SEO plugin v24.4 - https:\/\/yoast.com\/wordpress\/plugins\/seo\/ -->\n<title>Coronav\u00edrus leva temor \u00e0s viagens; empresas perdem R$ 169 mi na B3<\/title>\n<meta name=\"description\" content=\"Coronav\u00edrus derrubou as cota\u00e7\u00f5es de empresas ligadas ao turismo listadas na B3 nesta semana. Clique aqui para saber mais.\" \/>\n<meta name=\"robots\" content=\"index, follow, max-snippet:-1, max-image-preview:large, max-video-preview:-1\" \/>\n<link rel=\"canonical\" href=\"https:\/\/www.suno.com.br\/noticias\/coronavirus-temor-viagens\/\" \/>\n<meta property=\"og:locale\" content=\"pt_BR\" \/>\n<meta property=\"og:type\" content=\"article\" \/>\n<meta property=\"og:title\" content=\"Coronav\u00edrus leva temor \u00e0s viagens; empresas perdem R$ 169 mi na B3\" \/>\n<meta property=\"og:description\" content=\"Coronav\u00edrus derrubou as cota\u00e7\u00f5es de empresas ligadas ao turismo listadas na B3 nesta semana. Clique aqui para saber mais.\" \/>\n<meta property=\"og:url\" content=\"https:\/\/www.suno.com.br\/noticias\/coronavirus-temor-viagens\/\" \/>\n<meta property=\"og:site_name\" content=\"Suno Not\u00edcias\" \/>\n<meta property=\"article:publisher\" content=\"https:\/\/facebook.com\/sunoresearch\" \/>\n<meta property=\"og:image\" content=\"https:\/\/files.sunoresearch.com.br\/n\/uploads\/2020\/01\/07e74a69-coronavirus.jpg\" \/>\n\t<meta property=\"og:image:width\" content=\"660\" \/>\n\t<meta property=\"og:image:height\" content=\"371\" \/>\n\t<meta property=\"og:image:type\" content=\"image\/jpeg\" \/>\n<meta name=\"author\" content=\"Vinicius Pereira\" \/>\n<meta name=\"twitter:card\" content=\"summary_large_image\" \/>\n<meta name=\"twitter:creator\" content=\"@https:\/\/twitter.com\/viniciuspjornal\" \/>\n<meta name=\"twitter:site\" content=\"@sunoresearch\" \/>\n<meta name=\"twitter:label1\" content=\"Escrito por\" \/>\n\t<meta name=\"twitter:data1\" content=\"Vinicius Pereira\" \/>\n\t<meta name=\"twitter:label2\" content=\"Est. tempo de leitura\" \/>\n\t<meta name=\"twitter:data2\" content=\"3 minutos\" \/>\n<script type=\"application\/ld+json\" class=\"yoast-schema-graph\">{\"@context\":\"https:\/\/schema.org\",\"@graph\":[{\"@type\":\"NewsArticle\",\"@id\":\"https:\/\/www.suno.com.br\/noticias\/coronavirus-temor-viagens\/#article\",\"isPartOf\":{\"@id\":\"https:\/\/www.suno.com.br\/noticias\/coronavirus-temor-viagens\/\"},\"author\":{\"name\":\"Vinicius Pereira\",\"@id\":\"https:\/\/www.suno.com.br\/noticias\/#\/schema\/person\/a20761b96e4df7eb57f1f9e41be1dbf3\"},\"headline\":\"Coronav\u00edrus leva temor \u00e0s viagens; empresas perdem R$ 169 mi na B3\",\"datePublished\":\"2020-01-30T22:52:15+00:00\",\"mainEntityOfPage\":{\"@id\":\"https:\/\/www.suno.com.br\/noticias\/coronavirus-temor-viagens\/\"},\"wordCount\":541,\"publisher\":{\"@id\":\"https:\/\/www.suno.com.br\/noticias\/#organization\"},\"image\":{\"@id\":\"https:\/\/www.suno.com.br\/noticias\/coronavirus-temor-viagens\/#primaryimage\"},\"thumbnailUrl\":\"https:\/\/files.sunoresearch.com.br\/n\/uploads\/2020\/01\/07e74a69-coronavirus-jpg.webp\",\"keywords\":[\"A\u00e7\u00f5es\",\"Azul (AZUL4)\",\"coronav\u00edrus\",\"CVC (CVCB3)\",\"Gol Linhas A\u00e9reas (GOLL11\/GOLL4)\"],\"articleSection\":[\"Mercado\"],\"inLanguage\":\"pt-BR\"},{\"@type\":\"WebPage\",\"@id\":\"https:\/\/www.suno.com.br\/noticias\/coronavirus-temor-viagens\/\",\"url\":\"https:\/\/www.suno.com.br\/noticias\/coronavirus-temor-viagens\/\",\"name\":\"Coronav\u00edrus leva temor \u00e0s viagens; empresas perdem R$ 169 mi na B3\",\"isPartOf\":{\"@id\":\"https:\/\/www.suno.com.br\/noticias\/#website\"},\"primaryImageOfPage\":{\"@id\":\"https:\/\/www.suno.com.br\/noticias\/coronavirus-temor-viagens\/#primaryimage\"},\"image\":{\"@id\":\"https:\/\/www.suno.com.br\/noticias\/coronavirus-temor-viagens\/#primaryimage\"},\"thumbnailUrl\":\"https:\/\/files.sunoresearch.com.br\/n\/uploads\/2020\/01\/07e74a69-coronavirus-jpg.webp\",\"datePublished\":\"2020-01-30T22:52:15+00:00\",\"description\":\"Coronav\u00edrus derrubou as cota\u00e7\u00f5es de empresas ligadas ao turismo listadas na B3 nesta semana. Clique aqui para saber mais.\",\"breadcrumb\":{\"@id\":\"https:\/\/www.suno.com.br\/noticias\/coronavirus-temor-viagens\/#breadcrumb\"},\"inLanguage\":\"pt-BR\",\"potentialAction\":[{\"@type\":\"ReadAction\",\"target\":[\"https:\/\/www.suno.com.br\/noticias\/coronavirus-temor-viagens\/\"]}]},{\"@type\":\"ImageObject\",\"inLanguage\":\"pt-BR\",\"@id\":\"https:\/\/www.suno.com.br\/noticias\/coronavirus-temor-viagens\/#primaryimage\",\"url\":\"https:\/\/files.sunoresearch.com.br\/n\/uploads\/2020\/01\/07e74a69-coronavirus-jpg.webp\",\"contentUrl\":\"https:\/\/files.sunoresearch.com.br\/n\/uploads\/2020\/01\/07e74a69-coronavirus-jpg.webp\",\"width\":660,\"height\":371,\"caption\":\"A Organiza\u00e7\u00e3o Mundial da Sa\u00fade (OMS) alertou nesta sexta-feira (21) que pa\u00edses precisam agir r\u00e1pido para conter coronav\u00edrus. Para a institui\u00e7\u00e3o, a janela de oportunidade est\u00e1 se fechando.\u00a0\"},{\"@type\":\"BreadcrumbList\",\"@id\":\"https:\/\/www.suno.com.br\/noticias\/coronavirus-temor-viagens\/#breadcrumb\",\"itemListElement\":[{\"@type\":\"ListItem\",\"position\":1,\"name\":\"Not\u00edcias\",\"item\":\"https:\/\/www.suno.com.br\/noticias\/\"},{\"@type\":\"ListItem\",\"position\":2,\"name\":\"Mercado\",\"item\":\"https:\/\/www.suno.com.br\/noticias\/mercado\/\"},{\"@type\":\"ListItem\",\"position\":3,\"name\":\"Coronav\u00edrus leva temor \u00e0s viagens; empresas perdem R$ 169 mi na B3\"}]},{\"@type\":\"WebSite\",\"@id\":\"https:\/\/www.suno.com.br\/noticias\/#website\",\"url\":\"https:\/\/www.suno.com.br\/noticias\/\",\"name\":\"Suno Not\u00edcias\",\"description\":\"Seu portal de informa\u00e7\u00e3o sobre o mundo dos investimentos\",\"publisher\":{\"@id\":\"https:\/\/www.suno.com.br\/noticias\/#organization\"},\"potentialAction\":[{\"@type\":\"SearchAction\",\"target\":{\"@type\":\"EntryPoint\",\"urlTemplate\":\"https:\/\/www.suno.com.br\/noticias\/?s={search_term_string}\"},\"query-input\":{\"@type\":\"PropertyValueSpecification\",\"valueRequired\":true,\"valueName\":\"search_term_string\"}}],\"inLanguage\":\"pt-BR\"},{\"@type\":\"Organization\",\"@id\":\"https:\/\/www.suno.com.br\/noticias\/#organization\",\"name\":\"Suno Not\u00edcias\",\"url\":\"https:\/\/www.suno.com.br\/noticias\/\",\"logo\":{\"@type\":\"ImageObject\",\"inLanguage\":\"pt-BR\",\"@id\":\"https:\/\/www.suno.com.br\/noticias\/#\/schema\/logo\/image\/\",\"url\":\"https:\/\/files.sunoresearch.com.br\/n\/uploads\/2021\/09\/suno-logo.png\",\"contentUrl\":\"https:\/\/files.sunoresearch.com.br\/n\/uploads\/2021\/09\/suno-logo.png\",\"width\":180,\"height\":180,\"caption\":\"Suno Not\u00edcias\"},\"image\":{\"@id\":\"https:\/\/www.suno.com.br\/noticias\/#\/schema\/logo\/image\/\"},\"sameAs\":[\"https:\/\/facebook.com\/sunoresearch\",\"https:\/\/x.com\/sunoresearch\",\"https:\/\/www.instagram.com\/suno\",\"https:\/\/www.linkedin.com\/company\/suno-research\/\",\"https:\/\/www.youtube.com\/c\/sunoresearch\"]},{\"@type\":\"Person\",\"@id\":\"https:\/\/www.suno.com.br\/noticias\/#\/schema\/person\/a20761b96e4df7eb57f1f9e41be1dbf3\",\"name\":\"Vinicius Pereira\",\"image\":{\"@type\":\"ImageObject\",\"inLanguage\":\"pt-BR\",\"@id\":\"https:\/\/www.suno.com.br\/noticias\/#\/schema\/person\/image\/\",\"url\":\"https:\/\/secure.gravatar.com\/avatar\/783866b933198f5cc4c5d03fcc8b1301?s=96&r=g\",\"contentUrl\":\"https:\/\/secure.gravatar.com\/avatar\/783866b933198f5cc4c5d03fcc8b1301?s=96&r=g\",\"caption\":\"Vinicius Pereira\"},\"description\":\"Vinicius Pereira foi rep\u00f3rter de economia da Folha de S.Paulo, stringer do jornal no Canad\u00e1 e colaborador de VEJA. J\u00e1 escreveu tamb\u00e9m para BBC Brasil, The Intercept Brasil e UOL. Tem MBA em Informa\u00e7\u00f5es Econ\u00f4mico-Financeiras e Mercado de Capitais pela FIA\/B3.\",\"sameAs\":[\"https:\/\/x.com\/https:\/\/twitter.com\/viniciuspjornal\"],\"url\":\"https:\/\/www.suno.com.br\/noticias\/author\/vinicius-pereira\/\"}]}<\/script>\n<!-- \/ Yoast SEO plugin. -->","yoast_head_json":{"title":"Coronav\u00edrus leva temor \u00e0s viagens; empresas perdem R$ 169 mi na B3","description":"Coronav\u00edrus derrubou as cota\u00e7\u00f5es de empresas ligadas ao turismo listadas na B3 nesta semana. Clique aqui para saber mais.","robots":{"index":"index","follow":"follow","max-snippet":"max-snippet:-1","max-image-preview":"max-image-preview:large","max-video-preview":"max-video-preview:-1"},"canonical":"https:\/\/www.suno.com.br\/noticias\/coronavirus-temor-viagens\/","og_locale":"pt_BR","og_type":"article","og_title":"Coronav\u00edrus leva temor \u00e0s viagens; empresas perdem R$ 169 mi na B3","og_description":"Coronav\u00edrus derrubou as cota\u00e7\u00f5es de empresas ligadas ao turismo listadas na B3 nesta semana. Clique aqui para saber mais.","og_url":"https:\/\/www.suno.com.br\/noticias\/coronavirus-temor-viagens\/","og_site_name":"Suno Not\u00edcias","article_publisher":"https:\/\/facebook.com\/sunoresearch","og_image":[{"width":660,"height":371,"url":"https:\/\/files.sunoresearch.com.br\/n\/uploads\/2020\/01\/07e74a69-coronavirus.jpg","type":"image\/jpeg"}],"author":"Vinicius Pereira","twitter_card":"summary_large_image","twitter_creator":"@https:\/\/twitter.com\/viniciuspjornal","twitter_site":"@sunoresearch","twitter_misc":{"Escrito por":"Vinicius Pereira","Est. tempo de leitura":"3 minutos"},"schema":{"@context":"https:\/\/schema.org","@graph":[{"@type":"NewsArticle","@id":"https:\/\/www.suno.com.br\/noticias\/coronavirus-temor-viagens\/#article","isPartOf":{"@id":"https:\/\/www.suno.com.br\/noticias\/coronavirus-temor-viagens\/"},"author":{"name":"Vinicius Pereira","@id":"https:\/\/www.suno.com.br\/noticias\/#\/schema\/person\/a20761b96e4df7eb57f1f9e41be1dbf3"},"headline":"Coronav\u00edrus leva temor \u00e0s viagens; empresas perdem R$ 169 mi na B3","datePublished":"2020-01-30T22:52:15+00:00","mainEntityOfPage":{"@id":"https:\/\/www.suno.com.br\/noticias\/coronavirus-temor-viagens\/"},"wordCount":541,"publisher":{"@id":"https:\/\/www.suno.com.br\/noticias\/#organization"},"image":{"@id":"https:\/\/www.suno.com.br\/noticias\/coronavirus-temor-viagens\/#primaryimage"},"thumbnailUrl":"https:\/\/files.sunoresearch.com.br\/n\/uploads\/2020\/01\/07e74a69-coronavirus-jpg.webp","keywords":["A\u00e7\u00f5es","Azul (AZUL4)","coronav\u00edrus","CVC (CVCB3)","Gol Linhas A\u00e9reas (GOLL11\/GOLL4)"],"articleSection":["Mercado"],"inLanguage":"pt-BR"},{"@type":"WebPage","@id":"https:\/\/www.suno.com.br\/noticias\/coronavirus-temor-viagens\/","url":"https:\/\/www.suno.com.br\/noticias\/coronavirus-temor-viagens\/","name":"Coronav\u00edrus leva temor \u00e0s viagens; empresas perdem R$ 169 mi na B3","isPartOf":{"@id":"https:\/\/www.suno.com.br\/noticias\/#website"},"primaryImageOfPage":{"@id":"https:\/\/www.suno.com.br\/noticias\/coronavirus-temor-viagens\/#primaryimage"},"image":{"@id":"https:\/\/www.suno.com.br\/noticias\/coronavirus-temor-viagens\/#primaryimage"},"thumbnailUrl":"https:\/\/files.sunoresearch.com.br\/n\/uploads\/2020\/01\/07e74a69-coronavirus-jpg.webp","datePublished":"2020-01-30T22:52:15+00:00","description":"Coronav\u00edrus derrubou as cota\u00e7\u00f5es de empresas ligadas ao turismo listadas na B3 nesta semana. Clique aqui para saber mais.","breadcrumb":{"@id":"https:\/\/www.suno.com.br\/noticias\/coronavirus-temor-viagens\/#breadcrumb"},"inLanguage":"pt-BR","potentialAction":[{"@type":"ReadAction","target":["https:\/\/www.suno.com.br\/noticias\/coronavirus-temor-viagens\/"]}]},{"@type":"ImageObject","inLanguage":"pt-BR","@id":"https:\/\/www.suno.com.br\/noticias\/coronavirus-temor-viagens\/#primaryimage","url":"https:\/\/files.sunoresearch.com.br\/n\/uploads\/2020\/01\/07e74a69-coronavirus-jpg.webp","contentUrl":"https:\/\/files.sunoresearch.com.br\/n\/uploads\/2020\/01\/07e74a69-coronavirus-jpg.webp","width":660,"height":371,"caption":"A Organiza\u00e7\u00e3o Mundial da Sa\u00fade (OMS) alertou nesta sexta-feira (21) que pa\u00edses precisam agir r\u00e1pido para conter coronav\u00edrus. Para a institui\u00e7\u00e3o, a janela de oportunidade est\u00e1 se fechando.\u00a0"},{"@type":"BreadcrumbList","@id":"https:\/\/www.suno.com.br\/noticias\/coronavirus-temor-viagens\/#breadcrumb","itemListElement":[{"@type":"ListItem","position":1,"name":"Not\u00edcias","item":"https:\/\/www.suno.com.br\/noticias\/"},{"@type":"ListItem","position":2,"name":"Mercado","item":"https:\/\/www.suno.com.br\/noticias\/mercado\/"},{"@type":"ListItem","position":3,"name":"Coronav\u00edrus leva temor \u00e0s viagens; empresas perdem R$ 169 mi na B3"}]},{"@type":"WebSite","@id":"https:\/\/www.suno.com.br\/noticias\/#website","url":"https:\/\/www.suno.com.br\/noticias\/","name":"Suno Not\u00edcias","description":"Seu portal de informa\u00e7\u00e3o sobre o mundo dos investimentos","publisher":{"@id":"https:\/\/www.suno.com.br\/noticias\/#organization"},"potentialAction":[{"@type":"SearchAction","target":{"@type":"EntryPoint","urlTemplate":"https:\/\/www.suno.com.br\/noticias\/?s={search_term_string}"},"query-input":{"@type":"PropertyValueSpecification","valueRequired":true,"valueName":"search_term_string"}}],"inLanguage":"pt-BR"},{"@type":"Organization","@id":"https:\/\/www.suno.com.br\/noticias\/#organization","name":"Suno Not\u00edcias","url":"https:\/\/www.suno.com.br\/noticias\/","logo":{"@type":"ImageObject","inLanguage":"pt-BR","@id":"https:\/\/www.suno.com.br\/noticias\/#\/schema\/logo\/image\/","url":"https:\/\/files.sunoresearch.com.br\/n\/uploads\/2021\/09\/suno-logo.png","contentUrl":"https:\/\/files.sunoresearch.com.br\/n\/uploads\/2021\/09\/suno-logo.png","width":180,"height":180,"caption":"Suno Not\u00edcias"},"image":{"@id":"https:\/\/www.suno.com.br\/noticias\/#\/schema\/logo\/image\/"},"sameAs":["https:\/\/facebook.com\/sunoresearch","https:\/\/x.com\/sunoresearch","https:\/\/www.instagram.com\/suno","https:\/\/www.linkedin.com\/company\/suno-research\/","https:\/\/www.youtube.com\/c\/sunoresearch"]},{"@type":"Person","@id":"https:\/\/www.suno.com.br\/noticias\/#\/schema\/person\/a20761b96e4df7eb57f1f9e41be1dbf3","name":"Vinicius Pereira","image":{"@type":"ImageObject","inLanguage":"pt-BR","@id":"https:\/\/www.suno.com.br\/noticias\/#\/schema\/person\/image\/","url":"https:\/\/secure.gravatar.com\/avatar\/783866b933198f5cc4c5d03fcc8b1301?s=96&r=g","contentUrl":"https:\/\/secure.gravatar.com\/avatar\/783866b933198f5cc4c5d03fcc8b1301?s=96&r=g","caption":"Vinicius Pereira"},"description":"Vinicius Pereira foi rep\u00f3rter de economia da Folha de S.Paulo, stringer do jornal no Canad\u00e1 e colaborador de VEJA. J\u00e1 escreveu tamb\u00e9m para BBC Brasil, The Intercept Brasil e UOL. Tem MBA em Informa\u00e7\u00f5es Econ\u00f4mico-Financeiras e Mercado de Capitais pela FIA\/B3.","sameAs":["https:\/\/x.com\/https:\/\/twitter.com\/viniciuspjornal"],"url":"https:\/\/www.suno.com.br\/noticias\/author\/vinicius-pereira\/"}]}},"default_loop_html":"<div class=\"cardsPage__listCard__boxs\"><div class=\"cardsPage__listCard__boxs__img\"><a href=\"https:\/\/www.suno.com.br\/noticias\/coronavirus-temor-viagens\/\"><img class=\"mask\" src=\"https:\/\/www.suno.com.br\/noticias\/wp-content\/themes\/suno\/resources\/images\/spotlight\/spotlight1img\/bg-mask.png\" alt=\"Image Mask\"\/><img src=\"https:\/\/files.sunoresearch.com.br\/n\/uploads\/2020\/01\/07e74a69-coronavirus-400x200.webp\" alt=\"Coronav\u00edrus leva temor \u00e0s viagens; empresas perdem R$ 169 mi na B3\"\/><\/a><span class=\"spotlightCategory\"><a href=\"https:\/\/www.suno.com.br\/noticias\/mercado\/\">Mercado<\/a><\/span><\/div><div class=\"cardsPage__listCard__boxs__content\"><a href=\"https:\/\/www.suno.com.br\/noticias\/coronavirus-temor-viagens\/\"><h2 class=\"content__title\">Coronav\u00edrus leva temor \u00e0s viagens; empresas perdem R$ 169 mi na B3<\/h2><\/a><div class=\"newsContent__article__meta\"><div class=\"newsContent__article__meta__authorBox\"><a href=\"https:\/\/www.suno.com.br\/noticias\/author\/vinicius-pereira\/\" class=\"authorBox__avatar noMobi\"><img src=\"https:\/\/files.sunoresearch.com.br\/n\/uploads\/2020\/08\/77510613-whatsapp-image-2020-08-03-at-13.40.40-150x150.webp\" alt=\"Vinicius Pereira\"><\/a><div class=\"authorBox__name\"><span>por\n\t\t\t<a href=\"https:\/\/www.suno.com.br\/noticias\/author\/vinicius-pereira\/\"><span itemprop=\"author\">Vinicius Pereira<\/span><\/a><\/span><time datetime=\"2020-01-30T20:52:15-03:00\" itemprop=\"datePublished\">30\/01\/2020 20:52<\/time><\/div><\/div><\/div><\/div><\/div>","single_layout":"posts","amp_enabled":true,"_links":{"self":[{"href":"https:\/\/www.suno.com.br\/noticias\/wp-json\/wp\/v2\/posts\/51462"}],"collection":[{"href":"https:\/\/www.suno.com.br\/noticias\/wp-json\/wp\/v2\/posts"}],"about":[{"href":"https:\/\/www.suno.com.br\/noticias\/wp-json\/wp\/v2\/types\/post"}],"author":[{"embeddable":true,"href":"https:\/\/www.suno.com.br\/noticias\/wp-json\/wp\/v2\/users\/27"}],"replies":[{"embeddable":true,"href":"https:\/\/www.suno.com.br\/noticias\/wp-json\/wp\/v2\/comments?post=51462"}],"version-history":[{"count":0,"href":"https:\/\/www.suno.com.br\/noticias\/wp-json\/wp\/v2\/posts\/51462\/revisions"}],"wp:featuredmedia":[{"embeddable":true,"href":"https:\/\/www.suno.com.br\/noticias\/wp-json\/wp\/v2\/media\/50997"}],"wp:attachment":[{"href":"https:\/\/www.suno.com.br\/noticias\/wp-json\/wp\/v2\/media?parent=51462"}],"wp:term":[{"taxonomy":"category","embeddable":true,"href":"https:\/\/www.suno.com.br\/noticias\/wp-json\/wp\/v2\/categories?post=51462"},{"taxonomy":"post_tag","embeddable":true,"href":"https:\/\/www.suno.com.br\/noticias\/wp-json\/wp\/v2\/tags?post=51462"},{"taxonomy":"suno_strategy","embeddable":true,"href":"https:\/\/www.suno.com.br\/noticias\/wp-json\/wp\/v2\/suno_strategy?post=51462"}],"curies":[{"name":"wp","href":"https:\/\/api.w.org\/{rel}","templated":true}]}}