{"id":514567,"date":"2024-01-23T11:56:33","date_gmt":"2024-01-23T14:56:33","guid":{"rendered":"https:\/\/www.suno.com.br\/noticias\/?p=514567"},"modified":"2024-01-23T12:13:48","modified_gmt":"2024-01-23T15:13:48","slug":"bradesco-bbdc4-mudanca-radical-analistas-evm","status":"publish","type":"post","link":"https:\/\/www.suno.com.br\/noticias\/bradesco-bbdc4-mudanca-radical-analistas-evm\/","title":{"rendered":"Bradesco (BBDC4) deve ter &#8216;mudan\u00e7a radical&#8217; e melhora cont\u00ednua no 4T23, dizem analistas"},"content":{"rendered":"<p>Em novo relat\u00f3rio sobre o <a class=\"suno-keyword\" data-force=\"yes\" data-priority=\"2\" href=\"https:\/\/www.suno.com.br\/acoes\/BBDC4\/\" target=\"_blank\" rel=\"noopener\"><strong>Bradesco<\/strong> (BBDC4)<\/a>, analistas da Genial Investimentos destacaram que esperam mudan\u00e7as relevantes no banco juntamente com a divulga\u00e7\u00e3o do pr\u00f3ximo resultado trimestral.<\/p><div class=\"videoFull \">\n\t\t\t<div class=\"videoWrapper yt-lazyload center\"\n\t\t\t\tdata-width=\"960\"\n\t\t\t\tdata-height=\"540\"\n\t\t\t\tdata-id=\"FBu1PVXAQYQ\"\n\t\t\t\tdata-alt=\"V\u00eddeo do YouTube - clique para reproduzir\"\n\t\t\t\tdata-logo=\"3\"\n\t\t\t\tdata-imagequality=\"maxres\">\n\t\t\t<\/div>\n\t\t<\/div><script type=\"application\/ld+json\">{\"@context\":\"https:\/\/schema.org\",\"@type\":\"VideoObject\",\"name\":\"\ud83d\udd34ITA\u00da (ITUB4) COMPRA PR\u00c9DIO MAIS CARO DO BRASIL | Ibovespa sobe | Novo CEO da Oi (OIBR3)\",\"description\":\"#mercadofinanceiro #a\u00e7\u00f5es #investimentos #bolsadevalores #ibovespa #dinheiro #finan\u00e7as #pol\u00edtica #d\u00f3lar #livedas19h #petr4 #petr3 #petrobras #vale3 #vale #a\u00e7\u00f5es #economia #dividendos #pr\u00e9dio #farialima #farialima3500 #ita\u00fa #itub4 #oi #oibr3 \ud83d\udd34Fa\u00e7a seu dinheiro trabalhar por voc\u00ea com apenas R$1: https:\/\/lp.suno.com.br\/ao\/suno-premium-por-1-real\/?utm_source=youtube.noticias&utm_medium=live&utm_campaign=N\/A.ns.20240117&utm_content=live.19h 00:00 In\u00edcio do v\u00eddeo 01:40 Fechamento de mercado 06:13 Ita\u00fa compra pr\u00e9dio mais caro do Brasil 10:40 Mais dividendos de\u2026\",\"duration\":\"PT27M\",\"embedUrl\":\"https:\/\/www.youtube.com\/embed\/FBu1PVXAQYQ\",\"regionsAllowed\":\"en-US\",\"interactionStatistic\":{\"@type\":\"InteractionCounter\",\"interactionType\":{\"@type\":\"WatchAction\"},\"userInteractionCount\":2010},\"thumbnailUrl\":\"https:\/\/i.ytimg.com\/vi\/FBu1PVXAQYQ\/default.jpg\",\"uploadDate\":\"2024-01-20T10:31:24Z\"}<\/script>\n\n\n\n\n\t<p>\n\t\t<a href=\"\" target=\"_blank\" data-element=\"shortcode-suno-banner\" title=\"Banner SUNO, clique e saiba mais\">\n\t\t\t<picture>\n\t\t\t\t<source media=\"(max-width: 500px)\" srcset=\"\">\n\t\t\t\t<img class=\"newsContent__article__imgCapa newsContent__article__imgCapa--banner\"\n\t\t\t\t\tsrc=\"\"\n\t\t\t\t\tdata-promo-id=\"287932\"\t\t\t\t\t\t\t\t\t\t\t\t\t\t\talt=\"\"\n\t\t\t\t>\n\t\t\t<\/picture>\n\t\t<\/a>\n\t<\/p>\n\n\n\n\n\n\n\n<p>Atualmente a casa tem recomenda\u00e7\u00e3o de compra para as <strong>a\u00e7\u00f5es do Bradesco<\/strong>, com pre\u00e7o-alvo de R$ 20,30.<\/p>\n\n\n\n<p>&#8220;O Bradesco deve anunciar junto com do resultado do 4T23 e o guidance de 2024, um amplo plano de reestrutura\u00e7\u00e3o que deve abranger desde mudan\u00e7as de gerencias, redu\u00e7\u00e3o de custos, investimentos em tecnologia, at\u00e9 mudan\u00e7as culturais no banco&#8221;, diz a casa.<\/p>\n\n\n\n<p>&#8220;Sob o novo comando do rec\u00e9m-empossado CEO<strong> Marcelo Noronha<\/strong>, esperamos que o banco mude gradualmente ao longo dos pr\u00f3ximos 2-3 anos para fazer frente \u00e0s mudan\u00e7as de um mundo mais tecnol\u00f3gico, \u00e1gil e menos presencial. O banco pretende voltar a crescer no segmento baixa renda, mas para isso ter\u00e1 que diminuir muito o custo de servir, o custo de aquisi\u00e7\u00e3o e melhorar a inadimpl\u00eancia do segmento&#8221;, segue.<\/p>\n\n\n\n<p>As proje\u00e7\u00f5es para o <strong>4T23 do Bradesco<\/strong> s\u00e3o de R$ 4,7 bilh\u00f5es de <a class=\"suno-keyword\" target=\"_blank\" data-force=\"no\" data-priority=\"1\" href=\"https:\/\/www.suno.com.br\/artigos\/lucro-liquido\/\" rel=\"noopener\">lucro l\u00edquido<\/a>, ante R$ 1,43 bilh\u00e3o em igual etapa do ano anterior.<\/p>\n\n\n\n<p>Al\u00e9m disso os especialistas esperam R$ 16,3 bilh\u00f5es em <a class=\"suno-keyword\" target=\"_blank\" data-force=\"no\" data-priority=\"1\" href=\"https:\/\/www.suno.com.br\/artigos\/o-que-receita-liquida\/\" rel=\"noopener\">receita l\u00edquida<\/a> de juros.<\/p>\n\n\n\t<p>\n\t\t<a href=\"https:\/\/lp.suno.com.br\/ebook-como-analisar-uma-acao\/\" target=\"_blank\" data-element=\"shortcode-suno-banner\" title=\"Banner SUNO, clique e saiba mais\">\n\t\t\t<picture>\n\t\t\t\t<source media=\"(max-width: 500px)\" srcset=\"https:\/\/files.sunoresearch.com.br\/n\/uploads\/2023\/03\/Ebook-Acoes-Mobile.jpg\">\n\t\t\t\t<img class=\"newsContent__article__imgCapa newsContent__article__imgCapa--banner\"\n\t\t\t\t\tsrc=\"https:\/\/files.sunoresearch.com.br\/n\/uploads\/2023\/03\/Ebook-Acoes-Desktop.jpg\"\n\t\t\t\t\tdata-promo-id=\"378302\"\t\t\t\t\t\t\t\t\t\twidth='1420' height='286'\t\t\t\t\talt=\"https:\/\/files.sunoresearch.com.br\/n\/uploads\/2023\/03\/Ebook-Acoes-Desktop.jpg\"\n\t\t\t\t>\n\t\t\t<\/picture>\n\t\t<\/a>\n\t<\/p>\n\n\n\n\n\n<p>A tese \u00e9 de que o <strong>resultado do Bradesco<\/strong> seja marcado por uma &#8220;cont\u00ednua e gradual melhora&#8221; em rela\u00e7\u00e3o ao \u00faltimo trimestre de 2022.<\/p>\n\n\n\n<p>&#8220;Para 2024, vemos a carteira de cr\u00e9dito volte a crescer em linha com o mercado e retome aos poucos em produtos mais agressivos, ajudando na composi\u00e7\u00e3o do NII Clientes (volume e spread)&#8221;, diz casa.<\/p>\n\n\n\n<p>&#8220;Al\u00e9m disso, acreditamos que o NII Mercado deve melhorar significativamente com a queda da taxa de juros e as provis\u00f5es devem come\u00e7ar a aliviar com a queda da inadimpl\u00eancia. Projetamos um lucro recorrente de R$ 23,3b (+28,4% a\/a) e um ROE de 14% (+2,4pp a\/a), ainda aqu\u00e9m do n\u00edvel de 20% estimado para Ita\u00fa e Banco do Brasil&#8221;, completa.<\/p>\n\n\n\n<h2 class=\"wp-block-heading\">Desempenho das a\u00e7\u00f5es do Bradesco<\/h2>\n\n\n\n<p>As a\u00e7\u00f5es <strong><a href=\"https:\/\/statusinvest.com.br\/acoes\/bbdc4\" target=\"_blank\" rel=\"noreferrer noopener\">BBDC4<\/a><\/strong> recuam 0,1% no intradia desta ter\u00e7a-feira (23) por volta das 12h, a R$ 15,43.<\/p>\n\n\n\n<p>Em uma janela de 12 meses, os pap\u00e9is do <strong>Bradesco<\/strong> sobem 9,8%, conforme os dados atualizados do Status Invest.<\/p>\n\n\n\t<p>\n\t\t<a href=\"https:\/\/lp.suno.com.br\/plataforma-de-controle-de-investimentos\/\" target=\"_blank\" data-element=\"shortcode-suno-banner\" title=\"Banner SUNO, clique e saiba mais\">\n\t\t\t<picture>\n\t\t\t\t<source media=\"(max-width: 500px)\" srcset=\"https:\/\/files.sunoresearch.com.br\/n\/uploads\/2023\/03\/400x300-Controle-de-Investimentos.png\">\n\t\t\t\t<img class=\"newsContent__article__imgCapa newsContent__article__imgCapa--banner\"\n\t\t\t\t\tsrc=\"https:\/\/files.sunoresearch.com.br\/n\/uploads\/2023\/03\/1420x240-Controle-de-Investimentos.png\"\n\t\t\t\t\tdata-promo-id=\"383162\"\t\t\t\t\t\t\t\t\t\twidth='1420' height='240'\t\t\t\t\talt=\"https:\/\/files.sunoresearch.com.br\/n\/uploads\/2023\/03\/1420x240-Controle-de-Investimentos.png\"\n\t\t\t\t>\n\t\t\t<\/picture>\n\t\t<\/a>\n\t<\/p>\n\n\n","protected":false},"excerpt":{"rendered":"<p>Em novo relat\u00f3rio sobre o Bradesco (BBDC4), analistas da Genial Investimentos destacaram que esperam mudan\u00e7as relevantes no banco juntamente com a divulga\u00e7\u00e3o do pr\u00f3ximo resultado trimestral. Atualmente a casa tem recomenda\u00e7\u00e3o de compra para as a\u00e7\u00f5es do Bradesco, com pre\u00e7o-alvo de R$ 20,30. &#8220;O Bradesco deve anunciar junto com do resultado do 4T23 e o [&hellip;]<\/p>\n","protected":false},"author":73,"featured_media":406450,"comment_status":"closed","ping_status":"closed","sticky":false,"template":"","format":"standard","meta":[],"categories":[64],"tags":[392,105816],"suno_strategy":[],"class_list":["post-514567","post","type-post","status-publish","format-standard","has-post-thumbnail","hentry","category-negocios","tag-bradesco-bbdc3-bbdc4","tag-especialistas"],"yoast_head":"<!-- This site is optimized with the Yoast SEO plugin v24.4 - https:\/\/yoast.com\/wordpress\/plugins\/seo\/ -->\n<title>Bradesco (BBDC4) deve ter cont\u00ednua melhora no 4T23, dizem analistas<\/title>\n<meta name=\"description\" content=\"Analistas da Genial esperam mudan\u00e7as relevantes no Bradesco juntamente com a divulga\u00e7\u00e3o do pr\u00f3ximo resultado trimestral.\" \/>\n<meta name=\"robots\" content=\"index, follow, max-snippet:-1, max-image-preview:large, max-video-preview:-1\" \/>\n<link rel=\"canonical\" href=\"https:\/\/www.suno.com.br\/noticias\/bradesco-bbdc4-mudanca-radical-analistas-evm\/\" \/>\n<meta property=\"og:locale\" content=\"pt_BR\" \/>\n<meta property=\"og:type\" content=\"article\" \/>\n<meta property=\"og:title\" content=\"Bradesco (BBDC4) deve ter cont\u00ednua melhora no 4T23, dizem analistas\" \/>\n<meta property=\"og:description\" content=\"Analistas da Genial esperam mudan\u00e7as relevantes no Bradesco juntamente com a divulga\u00e7\u00e3o do pr\u00f3ximo resultado trimestral.\" \/>\n<meta property=\"og:url\" content=\"https:\/\/www.suno.com.br\/noticias\/bradesco-bbdc4-mudanca-radical-analistas-evm\/\" \/>\n<meta property=\"og:site_name\" content=\"Suno Not\u00edcias\" \/>\n<meta property=\"article:publisher\" content=\"https:\/\/facebook.com\/sunoresearch\" \/>\n<meta property=\"og:image\" content=\"https:\/\/files.sunoresearch.com.br\/n\/uploads\/2023\/05\/bradesco.jpg\" \/>\n\t<meta property=\"og:image:width\" content=\"1200\" \/>\n\t<meta property=\"og:image:height\" content=\"800\" \/>\n\t<meta property=\"og:image:type\" content=\"image\/jpeg\" \/>\n<meta name=\"author\" content=\"Eduardo Vargas\" \/>\n<meta name=\"twitter:card\" content=\"summary_large_image\" \/>\n<meta name=\"twitter:creator\" content=\"@sunoresearch\" \/>\n<meta name=\"twitter:site\" content=\"@sunoresearch\" \/>\n<meta name=\"twitter:label1\" content=\"Escrito por\" \/>\n\t<meta name=\"twitter:data1\" content=\"Eduardo Vargas\" \/>\n\t<meta name=\"twitter:label2\" content=\"Est. tempo de leitura\" \/>\n\t<meta name=\"twitter:data2\" content=\"2 minutos\" \/>\n<script type=\"application\/ld+json\" class=\"yoast-schema-graph\">{\"@context\":\"https:\/\/schema.org\",\"@graph\":[{\"@type\":\"NewsArticle\",\"@id\":\"https:\/\/www.suno.com.br\/noticias\/bradesco-bbdc4-mudanca-radical-analistas-evm\/#article\",\"isPartOf\":{\"@id\":\"https:\/\/www.suno.com.br\/noticias\/bradesco-bbdc4-mudanca-radical-analistas-evm\/\"},\"author\":{\"name\":\"Eduardo Vargas\",\"@id\":\"https:\/\/www.suno.com.br\/noticias\/#\/schema\/person\/7f4d362bf3518e76090143ae77bb49a5\"},\"headline\":\"Bradesco (BBDC4) deve ter &#8216;mudan\u00e7a radical&#8217; e melhora cont\u00ednua no 4T23, dizem analistas\",\"datePublished\":\"2024-01-23T14:56:33+00:00\",\"dateModified\":\"2024-01-23T15:13:48+00:00\",\"mainEntityOfPage\":{\"@id\":\"https:\/\/www.suno.com.br\/noticias\/bradesco-bbdc4-mudanca-radical-analistas-evm\/\"},\"wordCount\":396,\"publisher\":{\"@id\":\"https:\/\/www.suno.com.br\/noticias\/#organization\"},\"image\":{\"@id\":\"https:\/\/www.suno.com.br\/noticias\/bradesco-bbdc4-mudanca-radical-analistas-evm\/#primaryimage\"},\"thumbnailUrl\":\"https:\/\/files.sunoresearch.com.br\/n\/uploads\/2023\/05\/bradesco.jpg\",\"keywords\":[\"Bradesco (BBDC3\/BBDC4)\",\"Especialistas\"],\"articleSection\":[\"Neg\u00f3cios\"],\"inLanguage\":\"pt-BR\"},{\"@type\":\"WebPage\",\"@id\":\"https:\/\/www.suno.com.br\/noticias\/bradesco-bbdc4-mudanca-radical-analistas-evm\/\",\"url\":\"https:\/\/www.suno.com.br\/noticias\/bradesco-bbdc4-mudanca-radical-analistas-evm\/\",\"name\":\"Bradesco (BBDC4) deve ter cont\u00ednua melhora no 4T23, dizem analistas\",\"isPartOf\":{\"@id\":\"https:\/\/www.suno.com.br\/noticias\/#website\"},\"primaryImageOfPage\":{\"@id\":\"https:\/\/www.suno.com.br\/noticias\/bradesco-bbdc4-mudanca-radical-analistas-evm\/#primaryimage\"},\"image\":{\"@id\":\"https:\/\/www.suno.com.br\/noticias\/bradesco-bbdc4-mudanca-radical-analistas-evm\/#primaryimage\"},\"thumbnailUrl\":\"https:\/\/files.sunoresearch.com.br\/n\/uploads\/2023\/05\/bradesco.jpg\",\"datePublished\":\"2024-01-23T14:56:33+00:00\",\"dateModified\":\"2024-01-23T15:13:48+00:00\",\"description\":\"Analistas da Genial esperam mudan\u00e7as relevantes no Bradesco juntamente com a divulga\u00e7\u00e3o do pr\u00f3ximo resultado trimestral.\",\"breadcrumb\":{\"@id\":\"https:\/\/www.suno.com.br\/noticias\/bradesco-bbdc4-mudanca-radical-analistas-evm\/#breadcrumb\"},\"inLanguage\":\"pt-BR\",\"potentialAction\":[{\"@type\":\"ReadAction\",\"target\":[\"https:\/\/www.suno.com.br\/noticias\/bradesco-bbdc4-mudanca-radical-analistas-evm\/\"]}]},{\"@type\":\"ImageObject\",\"inLanguage\":\"pt-BR\",\"@id\":\"https:\/\/www.suno.com.br\/noticias\/bradesco-bbdc4-mudanca-radical-analistas-evm\/#primaryimage\",\"url\":\"https:\/\/files.sunoresearch.com.br\/n\/uploads\/2023\/05\/bradesco.jpg\",\"contentUrl\":\"https:\/\/files.sunoresearch.com.br\/n\/uploads\/2023\/05\/bradesco.jpg\",\"width\":1200,\"height\":800,\"caption\":\"Bradesco (BBDC4). Foto: iStock\"},{\"@type\":\"BreadcrumbList\",\"@id\":\"https:\/\/www.suno.com.br\/noticias\/bradesco-bbdc4-mudanca-radical-analistas-evm\/#breadcrumb\",\"itemListElement\":[{\"@type\":\"ListItem\",\"position\":1,\"name\":\"Not\u00edcias\",\"item\":\"https:\/\/www.suno.com.br\/noticias\/\"},{\"@type\":\"ListItem\",\"position\":2,\"name\":\"Neg\u00f3cios\",\"item\":\"https:\/\/www.suno.com.br\/noticias\/negocios\/\"},{\"@type\":\"ListItem\",\"position\":3,\"name\":\"Bradesco (BBDC4) deve ter &#8216;mudan\u00e7a radical&#8217; e melhora cont\u00ednua no 4T23, dizem analistas\"}]},{\"@type\":\"WebSite\",\"@id\":\"https:\/\/www.suno.com.br\/noticias\/#website\",\"url\":\"https:\/\/www.suno.com.br\/noticias\/\",\"name\":\"Suno Not\u00edcias\",\"description\":\"Seu portal de informa\u00e7\u00e3o sobre o mundo dos investimentos\",\"publisher\":{\"@id\":\"https:\/\/www.suno.com.br\/noticias\/#organization\"},\"potentialAction\":[{\"@type\":\"SearchAction\",\"target\":{\"@type\":\"EntryPoint\",\"urlTemplate\":\"https:\/\/www.suno.com.br\/noticias\/?s={search_term_string}\"},\"query-input\":{\"@type\":\"PropertyValueSpecification\",\"valueRequired\":true,\"valueName\":\"search_term_string\"}}],\"inLanguage\":\"pt-BR\"},{\"@type\":\"Organization\",\"@id\":\"https:\/\/www.suno.com.br\/noticias\/#organization\",\"name\":\"Suno Not\u00edcias\",\"url\":\"https:\/\/www.suno.com.br\/noticias\/\",\"logo\":{\"@type\":\"ImageObject\",\"inLanguage\":\"pt-BR\",\"@id\":\"https:\/\/www.suno.com.br\/noticias\/#\/schema\/logo\/image\/\",\"url\":\"https:\/\/files.sunoresearch.com.br\/n\/uploads\/2021\/09\/suno-logo.png\",\"contentUrl\":\"https:\/\/files.sunoresearch.com.br\/n\/uploads\/2021\/09\/suno-logo.png\",\"width\":180,\"height\":180,\"caption\":\"Suno Not\u00edcias\"},\"image\":{\"@id\":\"https:\/\/www.suno.com.br\/noticias\/#\/schema\/logo\/image\/\"},\"sameAs\":[\"https:\/\/facebook.com\/sunoresearch\",\"https:\/\/x.com\/sunoresearch\",\"https:\/\/www.instagram.com\/suno\",\"https:\/\/www.linkedin.com\/company\/suno-research\/\",\"https:\/\/www.youtube.com\/c\/sunoresearch\"]},{\"@type\":\"Person\",\"@id\":\"https:\/\/www.suno.com.br\/noticias\/#\/schema\/person\/7f4d362bf3518e76090143ae77bb49a5\",\"name\":\"Eduardo Vargas\",\"image\":{\"@type\":\"ImageObject\",\"inLanguage\":\"pt-BR\",\"@id\":\"https:\/\/www.suno.com.br\/noticias\/#\/schema\/person\/image\/\",\"url\":\"https:\/\/secure.gravatar.com\/avatar\/dac340933427a22924c9f99d1eb2e3f2?s=96&r=g\",\"contentUrl\":\"https:\/\/secure.gravatar.com\/avatar\/dac340933427a22924c9f99d1eb2e3f2?s=96&r=g\",\"caption\":\"Eduardo Vargas\"},\"description\":\"Jornalista formado pela UFSC, cobre macroeconomia, neg\u00f3cios e startups para o Suno Not\u00edcias, escrevendo principalmente not\u00edcias sobre o mercado financeiro e a bolsa de valores. No YouTube e no Instagram, \u00e9 respons\u00e1vel pela produ\u00e7\u00e3o de Reels e Shorts do Suno Not\u00edcias. Anteriormente, trabalhou cobrindo economia e cotidiano no ND+ e para o ND, maior jornal impresso de Santa Catarina. Cursou um semestre letivo de Estudos de M\u00eddia na Universidad de Buenos Aires.\",\"url\":\"https:\/\/www.suno.com.br\/noticias\/author\/eduardo-vargas\/\"}]}<\/script>\n<!-- \/ Yoast SEO plugin. -->","yoast_head_json":{"title":"Bradesco (BBDC4) deve ter cont\u00ednua melhora no 4T23, dizem analistas","description":"Analistas da Genial esperam mudan\u00e7as relevantes no Bradesco juntamente com a divulga\u00e7\u00e3o do pr\u00f3ximo resultado trimestral.","robots":{"index":"index","follow":"follow","max-snippet":"max-snippet:-1","max-image-preview":"max-image-preview:large","max-video-preview":"max-video-preview:-1"},"canonical":"https:\/\/www.suno.com.br\/noticias\/bradesco-bbdc4-mudanca-radical-analistas-evm\/","og_locale":"pt_BR","og_type":"article","og_title":"Bradesco (BBDC4) deve ter cont\u00ednua melhora no 4T23, dizem analistas","og_description":"Analistas da Genial esperam mudan\u00e7as relevantes no Bradesco juntamente com a divulga\u00e7\u00e3o do pr\u00f3ximo resultado trimestral.","og_url":"https:\/\/www.suno.com.br\/noticias\/bradesco-bbdc4-mudanca-radical-analistas-evm\/","og_site_name":"Suno Not\u00edcias","article_publisher":"https:\/\/facebook.com\/sunoresearch","og_image":[{"width":1200,"height":800,"url":"https:\/\/files.sunoresearch.com.br\/n\/uploads\/2023\/05\/bradesco.jpg","type":"image\/jpeg"}],"author":"Eduardo Vargas","twitter_card":"summary_large_image","twitter_creator":"@sunoresearch","twitter_site":"@sunoresearch","twitter_misc":{"Escrito por":"Eduardo Vargas","Est. tempo de leitura":"2 minutos"},"schema":{"@context":"https:\/\/schema.org","@graph":[{"@type":"NewsArticle","@id":"https:\/\/www.suno.com.br\/noticias\/bradesco-bbdc4-mudanca-radical-analistas-evm\/#article","isPartOf":{"@id":"https:\/\/www.suno.com.br\/noticias\/bradesco-bbdc4-mudanca-radical-analistas-evm\/"},"author":{"name":"Eduardo Vargas","@id":"https:\/\/www.suno.com.br\/noticias\/#\/schema\/person\/7f4d362bf3518e76090143ae77bb49a5"},"headline":"Bradesco (BBDC4) deve ter &#8216;mudan\u00e7a radical&#8217; e melhora cont\u00ednua no 4T23, dizem analistas","datePublished":"2024-01-23T14:56:33+00:00","dateModified":"2024-01-23T15:13:48+00:00","mainEntityOfPage":{"@id":"https:\/\/www.suno.com.br\/noticias\/bradesco-bbdc4-mudanca-radical-analistas-evm\/"},"wordCount":396,"publisher":{"@id":"https:\/\/www.suno.com.br\/noticias\/#organization"},"image":{"@id":"https:\/\/www.suno.com.br\/noticias\/bradesco-bbdc4-mudanca-radical-analistas-evm\/#primaryimage"},"thumbnailUrl":"https:\/\/files.sunoresearch.com.br\/n\/uploads\/2023\/05\/bradesco.jpg","keywords":["Bradesco (BBDC3\/BBDC4)","Especialistas"],"articleSection":["Neg\u00f3cios"],"inLanguage":"pt-BR"},{"@type":"WebPage","@id":"https:\/\/www.suno.com.br\/noticias\/bradesco-bbdc4-mudanca-radical-analistas-evm\/","url":"https:\/\/www.suno.com.br\/noticias\/bradesco-bbdc4-mudanca-radical-analistas-evm\/","name":"Bradesco (BBDC4) deve ter cont\u00ednua melhora no 4T23, dizem analistas","isPartOf":{"@id":"https:\/\/www.suno.com.br\/noticias\/#website"},"primaryImageOfPage":{"@id":"https:\/\/www.suno.com.br\/noticias\/bradesco-bbdc4-mudanca-radical-analistas-evm\/#primaryimage"},"image":{"@id":"https:\/\/www.suno.com.br\/noticias\/bradesco-bbdc4-mudanca-radical-analistas-evm\/#primaryimage"},"thumbnailUrl":"https:\/\/files.sunoresearch.com.br\/n\/uploads\/2023\/05\/bradesco.jpg","datePublished":"2024-01-23T14:56:33+00:00","dateModified":"2024-01-23T15:13:48+00:00","description":"Analistas da Genial esperam mudan\u00e7as relevantes no Bradesco juntamente com a divulga\u00e7\u00e3o do pr\u00f3ximo resultado trimestral.","breadcrumb":{"@id":"https:\/\/www.suno.com.br\/noticias\/bradesco-bbdc4-mudanca-radical-analistas-evm\/#breadcrumb"},"inLanguage":"pt-BR","potentialAction":[{"@type":"ReadAction","target":["https:\/\/www.suno.com.br\/noticias\/bradesco-bbdc4-mudanca-radical-analistas-evm\/"]}]},{"@type":"ImageObject","inLanguage":"pt-BR","@id":"https:\/\/www.suno.com.br\/noticias\/bradesco-bbdc4-mudanca-radical-analistas-evm\/#primaryimage","url":"https:\/\/files.sunoresearch.com.br\/n\/uploads\/2023\/05\/bradesco.jpg","contentUrl":"https:\/\/files.sunoresearch.com.br\/n\/uploads\/2023\/05\/bradesco.jpg","width":1200,"height":800,"caption":"Bradesco (BBDC4). Foto: iStock"},{"@type":"BreadcrumbList","@id":"https:\/\/www.suno.com.br\/noticias\/bradesco-bbdc4-mudanca-radical-analistas-evm\/#breadcrumb","itemListElement":[{"@type":"ListItem","position":1,"name":"Not\u00edcias","item":"https:\/\/www.suno.com.br\/noticias\/"},{"@type":"ListItem","position":2,"name":"Neg\u00f3cios","item":"https:\/\/www.suno.com.br\/noticias\/negocios\/"},{"@type":"ListItem","position":3,"name":"Bradesco (BBDC4) deve ter &#8216;mudan\u00e7a radical&#8217; e melhora cont\u00ednua no 4T23, dizem analistas"}]},{"@type":"WebSite","@id":"https:\/\/www.suno.com.br\/noticias\/#website","url":"https:\/\/www.suno.com.br\/noticias\/","name":"Suno Not\u00edcias","description":"Seu portal de informa\u00e7\u00e3o sobre o mundo dos investimentos","publisher":{"@id":"https:\/\/www.suno.com.br\/noticias\/#organization"},"potentialAction":[{"@type":"SearchAction","target":{"@type":"EntryPoint","urlTemplate":"https:\/\/www.suno.com.br\/noticias\/?s={search_term_string}"},"query-input":{"@type":"PropertyValueSpecification","valueRequired":true,"valueName":"search_term_string"}}],"inLanguage":"pt-BR"},{"@type":"Organization","@id":"https:\/\/www.suno.com.br\/noticias\/#organization","name":"Suno Not\u00edcias","url":"https:\/\/www.suno.com.br\/noticias\/","logo":{"@type":"ImageObject","inLanguage":"pt-BR","@id":"https:\/\/www.suno.com.br\/noticias\/#\/schema\/logo\/image\/","url":"https:\/\/files.sunoresearch.com.br\/n\/uploads\/2021\/09\/suno-logo.png","contentUrl":"https:\/\/files.sunoresearch.com.br\/n\/uploads\/2021\/09\/suno-logo.png","width":180,"height":180,"caption":"Suno Not\u00edcias"},"image":{"@id":"https:\/\/www.suno.com.br\/noticias\/#\/schema\/logo\/image\/"},"sameAs":["https:\/\/facebook.com\/sunoresearch","https:\/\/x.com\/sunoresearch","https:\/\/www.instagram.com\/suno","https:\/\/www.linkedin.com\/company\/suno-research\/","https:\/\/www.youtube.com\/c\/sunoresearch"]},{"@type":"Person","@id":"https:\/\/www.suno.com.br\/noticias\/#\/schema\/person\/7f4d362bf3518e76090143ae77bb49a5","name":"Eduardo Vargas","image":{"@type":"ImageObject","inLanguage":"pt-BR","@id":"https:\/\/www.suno.com.br\/noticias\/#\/schema\/person\/image\/","url":"https:\/\/secure.gravatar.com\/avatar\/dac340933427a22924c9f99d1eb2e3f2?s=96&r=g","contentUrl":"https:\/\/secure.gravatar.com\/avatar\/dac340933427a22924c9f99d1eb2e3f2?s=96&r=g","caption":"Eduardo Vargas"},"description":"Jornalista formado pela UFSC, cobre macroeconomia, neg\u00f3cios e startups para o Suno Not\u00edcias, escrevendo principalmente not\u00edcias sobre o mercado financeiro e a bolsa de valores. No YouTube e no Instagram, \u00e9 respons\u00e1vel pela produ\u00e7\u00e3o de Reels e Shorts do Suno Not\u00edcias. Anteriormente, trabalhou cobrindo economia e cotidiano no ND+ e para o ND, maior jornal impresso de Santa Catarina. Cursou um semestre letivo de Estudos de M\u00eddia na Universidad de Buenos Aires.","url":"https:\/\/www.suno.com.br\/noticias\/author\/eduardo-vargas\/"}]}},"default_loop_html":"<div class=\"cardsPage__listCard__boxs\"><div class=\"cardsPage__listCard__boxs__img\"><a href=\"https:\/\/www.suno.com.br\/noticias\/bradesco-bbdc4-mudanca-radical-analistas-evm\/\"><img class=\"mask\" src=\"https:\/\/www.suno.com.br\/noticias\/wp-content\/themes\/suno\/resources\/images\/spotlight\/spotlight1img\/bg-mask.png\" alt=\"Image Mask\"\/><img src=\"https:\/\/files.sunoresearch.com.br\/n\/uploads\/2023\/05\/bradesco-400x200.jpg\" alt=\"Bradesco (BBDC4) deve ter &#8216;mudan\u00e7a radical&#8217; e melhora cont\u00ednua no 4T23, dizem analistas\"\/><\/a><span class=\"spotlightCategory\"><a href=\"https:\/\/www.suno.com.br\/noticias\/negocios\/\">Neg\u00f3cios<\/a><\/span><\/div><div class=\"cardsPage__listCard__boxs__content\"><a href=\"https:\/\/www.suno.com.br\/noticias\/bradesco-bbdc4-mudanca-radical-analistas-evm\/\"><h2 class=\"content__title\">Bradesco (BBDC4) deve ter &#8216;mudan\u00e7a radical&#8217; e melhora cont\u00ednua no 4T23, dizem analistas<\/h2><\/a><div class=\"newsContent__article__meta\"><div class=\"newsContent__article__meta__authorBox\"><a href=\"https:\/\/www.suno.com.br\/noticias\/author\/eduardo-vargas\/\" class=\"authorBox__avatar noMobi\"><img src=\"https:\/\/secure.gravatar.com\/avatar\/dac340933427a22924c9f99d1eb2e3f2?s=96&#038;r=g\" alt=\"Eduardo Vargas\"><\/a><div class=\"authorBox__name\"><span>por\n\t\t\t<a href=\"https:\/\/www.suno.com.br\/noticias\/author\/eduardo-vargas\/\"><span itemprop=\"author\">Eduardo Vargas<\/span><\/a><\/span><time datetime=\"2024-01-23T11:56:33-03:00\" itemprop=\"datePublished\">23\/01\/2024 11:56<\/time><\/div><\/div><\/div><\/div><\/div>","single_layout":"posts","amp_enabled":true,"_links":{"self":[{"href":"https:\/\/www.suno.com.br\/noticias\/wp-json\/wp\/v2\/posts\/514567"}],"collection":[{"href":"https:\/\/www.suno.com.br\/noticias\/wp-json\/wp\/v2\/posts"}],"about":[{"href":"https:\/\/www.suno.com.br\/noticias\/wp-json\/wp\/v2\/types\/post"}],"author":[{"embeddable":true,"href":"https:\/\/www.suno.com.br\/noticias\/wp-json\/wp\/v2\/users\/73"}],"replies":[{"embeddable":true,"href":"https:\/\/www.suno.com.br\/noticias\/wp-json\/wp\/v2\/comments?post=514567"}],"version-history":[{"count":2,"href":"https:\/\/www.suno.com.br\/noticias\/wp-json\/wp\/v2\/posts\/514567\/revisions"}],"predecessor-version":[{"id":514601,"href":"https:\/\/www.suno.com.br\/noticias\/wp-json\/wp\/v2\/posts\/514567\/revisions\/514601"}],"wp:featuredmedia":[{"embeddable":true,"href":"https:\/\/www.suno.com.br\/noticias\/wp-json\/wp\/v2\/media\/406450"}],"wp:attachment":[{"href":"https:\/\/www.suno.com.br\/noticias\/wp-json\/wp\/v2\/media?parent=514567"}],"wp:term":[{"taxonomy":"category","embeddable":true,"href":"https:\/\/www.suno.com.br\/noticias\/wp-json\/wp\/v2\/categories?post=514567"},{"taxonomy":"post_tag","embeddable":true,"href":"https:\/\/www.suno.com.br\/noticias\/wp-json\/wp\/v2\/tags?post=514567"},{"taxonomy":"suno_strategy","embeddable":true,"href":"https:\/\/www.suno.com.br\/noticias\/wp-json\/wp\/v2\/suno_strategy?post=514567"}],"curies":[{"name":"wp","href":"https:\/\/api.w.org\/{rel}","templated":true}]}}