{"id":514515,"date":"2024-01-23T12:06:32","date_gmt":"2024-01-23T15:06:32","guid":{"rendered":"https:\/\/www.suno.com.br\/noticias\/?p=514515"},"modified":"2024-01-23T12:06:39","modified_gmt":"2024-01-23T15:06:39","slug":"gpa-pcar3-irb-irbr3-destaques-va","status":"publish","type":"post","link":"https:\/\/www.suno.com.br\/noticias\/gpa-pcar3-irb-irbr3-destaques-va\/","title":{"rendered":"GPA (PCAR3), Vulcabras (VULC3) e IRB (IRBR3) protagonizam o mercado nesta ter\u00e7a-feira; veja mais destaques\u00a0"},"content":{"rendered":"<p>A informa\u00e7\u00e3o de que os acionistas do <strong>GPA <\/strong>(PCAR3)<strong> <\/strong>aprovaram <a class=\"suno-keyword\" data-force=\"no\" data-priority=\"1\" href=\"https:\/\/www.suno.com.br\/artigos\/aumento-capital\/\" target=\"_blank\" rel=\"noopener\">aumento de capital<\/a> \u00e9 um dos destaques desta ter\u00e7a-feira (23).&nbsp;<\/p>\t<div class=\"wrapper-featured-image\">\n\t\t<figure class=\"spotlightImg\">\n\n\t\t\t<picture>\n\t\t\t\t<source media=\"(max-width: 768px)\" srcset=\"https:\/\/files.sunoresearch.com.br\/n\/uploads\/2023\/12\/ibovespa-6-400x200.jpg\">\n\t\t\t\t<img loading=\"lazy\" decoding=\"async\" class=\"newsContent__article__imgCapa lazyloadDisabled \" src=\"https:\/\/files.sunoresearch.com.br\/n\/uploads\/2023\/12\/ibovespa-6-800x450.jpg\" width=\"800\" height=\"450\" alt=\"GPA (PCAR3), Vulcabras (VULC3) e IRB (IRBR3) protagonizam o mercado nesta ter\u00e7a-feira; veja mais destaques\u00a0\" fetchpriority=high \/>\n\t\t\t<\/picture>\n\n\t\t\t<figcaption class=\"wp-caption-text wp-caption-text--show\">Gerdau (GGBR4), WEG (WEGE3) e Telef\u00f4nica (VIVT3) aquecem o mercado.Foto: iStock<\/figcaption>\n\t\t<\/figure>\n\t<\/div>\n\n\n\n\n\n\t<p>\n\t\t<a href=\"https:\/\/lp.suno.com.br\/planilha-da-vida-financeira\/\" target=\"_blank\" data-element=\"shortcode-suno-banner\" title=\"Banner SUNO, clique e saiba mais\">\n\t\t\t<picture>\n\t\t\t\t<source media=\"(max-width: 500px)\" srcset=\"https:\/\/files.sunoresearch.com.br\/n\/uploads\/2023\/04\/400x300-Planilha-vida-financeira-true.png\">\n\t\t\t\t<img class=\"newsContent__article__imgCapa newsContent__article__imgCapa--banner\"\n\t\t\t\t\tsrc=\"https:\/\/files.sunoresearch.com.br\/n\/uploads\/2023\/04\/1420x240-Planilha-vida-financeira-true.png\"\n\t\t\t\t\tdata-promo-id=\"106682\"\t\t\t\t\t\t\t\t\t\twidth='1420' height='240'\t\t\t\t\talt=\"https:\/\/files.sunoresearch.com.br\/n\/uploads\/2023\/04\/1420x240-Planilha-vida-financeira-true.png\"\n\t\t\t\t>\n\t\t\t<\/picture>\n\t\t<\/a>\n\t<\/p>\n\n\n\n\n\n<p>Tamb\u00e9m est\u00e1 entre os <strong>destaques do mercado financeiro<\/strong> a <a class=\"suno-keyword\" target=\"_blank\" data-force=\"yes\" data-priority=\"2\" href=\"https:\/\/www.suno.com.br\/acoes\/VULC3\/\" rel=\"noopener\">Vulcabras (VULC3)<\/a>, ap\u00f3s anunciar o pagamento de R$ 367,7 milh\u00f5es em <a class=\"suno-keyword\" target=\"_blank\" data-force=\"no\" data-priority=\"1\" href=\"https:\/\/www.suno.com.br\/guias\/dividendos\/\" rel=\"noopener\">dividendos<\/a> intermedi\u00e1rios.&nbsp;<\/p>\n\n\n\n<p>O <a class=\"suno-keyword\" data-force=\"yes\" data-priority=\"2\" href=\"https:\/\/www.suno.com.br\/acoes\/IRBR3\/\" target=\"_blank\" rel=\"noopener\">IRB (IRBR3)<\/a> tamb\u00e9m est\u00e1 no radar dos investidores hoje, depois de divulgar seus resultados mensais.&nbsp;<\/p>\n\n\n\n<p>Veja os<strong> destaques do mercado financeiro<\/strong> hoje:<\/p>\n\n\n\n<h2 class=\"wp-block-heading\">GPA&nbsp;<\/h2>\n\n\n\n<p>Os acionistas do <strong>GPA (PCAR3)<\/strong>, o Grupo <strong>P\u00e3o de A\u00e7\u00facar<\/strong>, aprovaram nesta segunda-feira, 22, por meio de assembleia geral extraordin\u00e1ria, um <a class=\"suno-keyword\" data-force=\"no\" data-priority=\"1\" href=\"https:\/\/www.suno.com.br\/artigos\/aumento-capital\/\" target=\"_blank\" rel=\"noopener\">aumento de capital<\/a> autorizado, no limite de at\u00e9 800 milh\u00f5es de <a class=\"suno-keyword\" data-force=\"no\" data-priority=\"1\" href=\"https:\/\/www.suno.com.br\/artigos\/o-que-sao-acoes-ordinarias-preferenciais-e-units\/\" target=\"_blank\" rel=\"noopener\">a\u00e7\u00f5es ordin\u00e1rias<\/a>, mediante aprova\u00e7\u00e3o do <a class=\"suno-keyword\" data-force=\"no\" data-priority=\"1\" href=\"https:\/\/www.suno.com.br\/artigos\/conselho-administracao\/\" target=\"_blank\" rel=\"noopener\">conselho de administra\u00e7\u00e3o<\/a>, segundo comunicado enviado ao mercado.<\/p>\n\n\n\n<p>Essa iniciativa abre caminho para que a supermercadista possa emitir novas <strong>a\u00e7\u00f5es do P\u00e3o de A\u00e7\u00facar<\/strong> no mercado.\u00a0<\/p>\n\n\n\t<div data-element=\"shortcode-read-more\" class=\"knowMore\">\n\t\t\t\t<span class=\"knowMore__title\">Leia mais<\/span>\n\t\t\t\t<a class=\"knowMore__link\" href=\"https:\/\/www.suno.com.br\/noticias\/gpa-pcar3-pao-de-acucar-aumento-de-capital-lt\/\">\n\t\t\tAcionistas do GPA (PCAR3) d\u00e3o aval para aumento de capital; veja os detalhes\t\t<\/a>\n\t<\/div>\n\n\n\n\n<h2 class=\"wp-block-heading\">Vulcabras<\/h2>\n\n\n\n<p>A <strong>Vulcabras (VULC3<\/strong>) aprovou o pagamento aos acionistas de <a class=\"suno-keyword\" data-force=\"no\" data-priority=\"1\" href=\"https:\/\/www.suno.com.br\/guias\/dividendos\/\" target=\"_blank\" rel=\"noopener\"><strong>dividendos<\/strong><\/a> intermedi\u00e1rios com base no saldo de reservas de lucros estatut\u00e1ria apurado no balan\u00e7o anual referente ao <a class=\"suno-keyword\" data-force=\"no\" data-priority=\"1\" href=\"https:\/\/www.suno.com.br\/artigos\/exercicio-social\/\" target=\"_blank\" rel=\"noopener\">exerc\u00edcio social<\/a> encerrado em 31 de dezembro de 2022, no valor bruto de R$ 1,50 por a\u00e7\u00e3o, correspondente ao valor bruto total de R$ 367.725.000,00.<\/p>\n\n\n\n<p>O pagamento dos <a class=\"suno-keyword\" target=\"_blank\" data-force=\"no\" data-priority=\"1\" href=\"https:\/\/www.suno.com.br\/guias\/dividendos\/\" rel=\"noopener\">dividendos<\/a> intermedi\u00e1rios ter\u00e1 como benefici\u00e1rios os acionistas que estiverem inscritos nos registros da companhia na data de 25 de janeiro de 2024.&nbsp;<\/p>\n\n\n\n<h2 class=\"wp-block-heading\">IRB&nbsp;<\/h2>\n\n\n\n<p>O<strong> IRB Brasil (IRBR3)<\/strong> divulgou seus resultados mensais, revelando um <a class=\"suno-keyword\" data-force=\"no\" data-priority=\"1\" href=\"https:\/\/www.suno.com.br\/artigos\/lucro-liquido\/\" target=\"_blank\" rel=\"noopener\">lucro l\u00edquido<\/a> de R$ 24 milh\u00f5es em novembro de 2023. Com isso, o <strong>IRB<\/strong> reverte o preju\u00edzo de R$ 48,5 milh\u00f5es registrado no mesmo m\u00eas do ano anterior.<\/p>\n\n\n\t<div data-element=\"shortcode-read-more\" class=\"knowMore\">\n\t\t\t\t<span class=\"knowMore__title\">Leia mais<\/span>\n\t\t\t\t<a class=\"knowMore__link\" href=\"https:\/\/www.suno.com.br\/noticias\/irb-brasil-irbr3-reverte-prejuizo-lucro-novembro-evm\/\">\n\t\t\tIRB (IRBR3) reverte preju\u00edzo e registra lucro de R$ 24 milh\u00f5es em novembro\t\t<\/a>\n\t<\/div>\n\n\n\n\n<h2 class=\"wp-block-heading\">Yduqs&nbsp;<\/h2>\n\n\n\n<p>A<strong> Yduqs (YDUQ3)<\/strong> informou que a BlackRock reduziu sua posi\u00e7\u00e3o agregada na companhia, passando a totalizar 15.373.064 <a class=\"suno-keyword\" target=\"_blank\" data-force=\"no\" data-priority=\"1\" href=\"https:\/\/www.suno.com.br\/artigos\/o-que-sao-acoes-ordinarias-preferenciais-e-units\/\" rel=\"noopener\">a\u00e7\u00f5es ordin\u00e1rias<\/a>, representando aproximadamente 4,973% do total de a\u00e7\u00f5es ordin\u00e1rias de emiss\u00e3o da companhia.&nbsp;<\/p>\n\n\n\n<h2 class=\"wp-block-heading\">Cosan&nbsp;<\/h2>\n\n\n\n<p>A<strong> Cosan (CSAN3)<\/strong> divulgou que a BlackRock reduziu uma parcela da sua participa\u00e7\u00e3o na companhia. Dessa forma, o fundo passou a ser detentor de 4,994% do total de a\u00e7\u00f5es ordin\u00e1rias emitidas pela Cosan.<\/p>\n\n\n\t<p>\n\t\t<a href=\"https:\/\/lp.suno.com.br\/ebook-como-analisar-uma-acao\/\" target=\"_blank\" data-element=\"shortcode-suno-banner\" title=\"Banner SUNO, clique e saiba mais\">\n\t\t\t<picture>\n\t\t\t\t<source media=\"(max-width: 500px)\" srcset=\"https:\/\/files.sunoresearch.com.br\/n\/uploads\/2023\/03\/Ebook-Acoes-Mobile.jpg\">\n\t\t\t\t<img class=\"newsContent__article__imgCapa newsContent__article__imgCapa--banner\"\n\t\t\t\t\tsrc=\"https:\/\/files.sunoresearch.com.br\/n\/uploads\/2023\/03\/Ebook-Acoes-Desktop.jpg\"\n\t\t\t\t\tdata-promo-id=\"378302\"\t\t\t\t\t\t\t\t\t\twidth='1420' height='286'\t\t\t\t\talt=\"https:\/\/files.sunoresearch.com.br\/n\/uploads\/2023\/03\/Ebook-Acoes-Desktop.jpg\"\n\t\t\t\t>\n\t\t\t<\/picture>\n\t\t<\/a>\n\t<\/p>\n\n\n\n\n\n<h2 class=\"wp-block-heading\">Gafisa&nbsp;<\/h2>\n\n\n\n<p>Em esclarecimentos \u00e0 Comiss\u00e3o de Valores Mobili\u00e1rios (CVM), a <strong>Gafisa (GFSA3)<\/strong> informou que os valores disputados em processo judicial contra a Polo Capital Securitizadora se encontram \u201cintegralmente garantidos\u201d.<\/p>\n\n\n\n<p>O documento solicitando esclarecimento cita uma derrota judicial sofrida pela construtora para a Polo Capital Securitizadora. No \u00e2mbito do processo, a Justi\u00e7a de S\u00e3o Paulo determinou um bloqueio de at\u00e9 R$ 24 milh\u00f5es nos recursos que a construtora aguarda receber por meio dos <a class=\"suno-keyword\" target=\"_blank\" data-force=\"no\" data-priority=\"1\" href=\"https:\/\/www.suno.com.br\/artigos\/bonus-de-subscricao\/\" rel=\"noopener\">b\u00f4nus de subscri\u00e7\u00e3o<\/a> que emitiu.<\/p>\n\n\n\n<p>A recente decis\u00e3o de primeira inst\u00e2ncia ainda depende de confirma\u00e7\u00e3o em inst\u00e2ncias recursais.&nbsp;<\/p>\n\n\n\n<h2 class=\"wp-block-heading\">Inter<\/h2>\n\n\n\n<p>O<strong> Inter (INBR32)<\/strong> anunciou a liquida\u00e7\u00e3o da oferta p\u00fablica de 32.000.000 a\u00e7\u00f5es ordin\u00e1rias Classe A, pelo valor de US$ 4,40 por a\u00e7\u00e3o. No \u00e2mbito da Oferta, a Companhia concedeu aos Coordenadores Globais da Oferta a op\u00e7\u00e3o de alocar at\u00e9 4.800.000 a\u00e7\u00f5es ordin\u00e1rias Classe A adicionais.\u00a0<\/p>\n\n\n\n<p>Acionistas da <strong>Inter&amp;Co<\/strong> n\u00e3o dispuseram de direito de prefer\u00eancia ou prioridade para subscrever a\u00e7\u00f5es na oferta.<\/p>\n\n\n\n<h2 class=\"wp-block-heading\">Enauta&nbsp;<\/h2>\n\n\n\n<p>A <strong>Enauta (ENAT3) <\/strong>anunciou que o primeiro sistema submarino de bombeio multif\u00e1sico (MPP) foi embarcado na Noruega, que servir\u00e1 para apoiar a produ\u00e7\u00e3o de petr\u00f3leo e g\u00e1s do campo de Atlanta.<\/p>\n\n\n\n<h2 class=\"wp-block-heading\">Lavvi&nbsp;<\/h2>\n\n\n\n<p>A<strong> Lavvi (LAVV3)<\/strong> aprovou a sua primeira emiss\u00e3o de notas comerciais, no valor total de R$ 200 milh\u00f5es, em at\u00e9 tr\u00eas s\u00e9ries. O valor total pode ser elevado em at\u00e9 20%, equivalente em at\u00e9 R$ 40 milh\u00f5es, caso seja acionada a emiss\u00e3o de at\u00e9 40.000 CRIs adicionais.<\/p>\n\n\n\n<h2 class=\"wp-block-heading\">EcoRodovias&nbsp;<\/h2>\n\n\n\n<p>Ap\u00f3s reuni\u00e3o do <a class=\"suno-keyword\" data-force=\"no\" data-priority=\"1\" href=\"https:\/\/www.suno.com.br\/artigos\/conselho-administracao\/\" target=\"_blank\" rel=\"noopener\">conselho de administra\u00e7\u00e3o<\/a>, a <strong>EcoRodovias (ECOR3)<\/strong> anunciou a aprova\u00e7\u00e3o de um <a class=\"suno-keyword\" data-force=\"no\" data-priority=\"1\" href=\"https:\/\/www.suno.com.br\/artigos\/aumento-capital\/\" target=\"_blank\" rel=\"noopener\">aumento de capital<\/a> social da companhia em R$ 20 milh\u00f5es. Assim, segundo a empresa, o <strong>capital social da EcoRodovias<\/strong> passa do atual R$ 1,422 bilh\u00e3o para R$ 1,442 bilh\u00e3o, valor totalmente subscrito e integralizado.<\/p>\n\n\n\n<p>Os destaques do mercado financeiro do Suno Not\u00edcias mostram os principais acontecimentos que prometem movimentar o mercado durante o dia, como o <strong>GPA <\/strong>(PCAR3), que deve estar no foco dos investidores hoje.<\/p>\n\n\n\n\n\t<p>\n\t\t<a href=\"https:\/\/lp.suno.com.br\/planilha-da-vida-financeira\/\" target=\"_blank\" data-element=\"shortcode-suno-banner\" title=\"Banner SUNO, clique e saiba mais\">\n\t\t\t<picture>\n\t\t\t\t<source media=\"(max-width: 500px)\" srcset=\"https:\/\/files.sunoresearch.com.br\/n\/uploads\/2023\/04\/400x300-Planilha-vida-financeira-true.png\">\n\t\t\t\t<img class=\"newsContent__article__imgCapa newsContent__article__imgCapa--banner\"\n\t\t\t\t\tsrc=\"https:\/\/files.sunoresearch.com.br\/n\/uploads\/2023\/04\/1420x240-Planilha-vida-financeira-true.png\"\n\t\t\t\t\tdata-promo-id=\"383123\"\t\t\t\t\t\t\t\t\t\twidth='1420' height='240'\t\t\t\t\talt=\"https:\/\/files.sunoresearch.com.br\/n\/uploads\/2023\/04\/1420x240-Planilha-vida-financeira-true.png\"\n\t\t\t\t>\n\t\t\t<\/picture>\n\t\t<\/a>\n\t<\/p>\n\n\n","protected":false},"excerpt":{"rendered":"<p>A informa\u00e7\u00e3o de que os acionistas do GPA (PCAR3) aprovaram aumento de capital \u00e9 um dos destaques desta ter\u00e7a-feira (23).&nbsp; Gerdau (GGBR4), WEG (WEGE3) e Telef\u00f4nica (VIVT3) aquecem o mercado.Foto: iStock Tamb\u00e9m est\u00e1 entre os destaques do mercado financeiro a Vulcabras (VULC3), ap\u00f3s anunciar o pagamento de R$ 367,7 milh\u00f5es em dividendos intermedi\u00e1rios.&nbsp; O IRB [&hellip;]<\/p>\n","protected":false},"author":301,"featured_media":495115,"comment_status":"closed","ping_status":"closed","sticky":false,"template":"","format":"standard","meta":[],"categories":[60],"tags":[286,106764,433,452,86780,484,68023,680,2363],"suno_strategy":[],"class_list":["post-514515","post","type-post","status-publish","format-standard","has-post-thumbnail","hentry","category-mercado","tag-acoes","tag-banco-inter-bidi11","tag-cosan-csan3","tag-ecorodovias-ecor3","tag-enauta-enat3","tag-gafisa-gfsa3","tag-lavvi-empreendimentos-lavv3","tag-vulcabras-vulc3","tag-yduqs-yduq3"],"yoast_head":"<!-- This site is optimized with the Yoast SEO plugin v24.4 - https:\/\/yoast.com\/wordpress\/plugins\/seo\/ -->\n<title>GPA (PCAR3) e IRB (IRBR3) protagonizam o mercado<\/title>\n<meta name=\"description\" content=\"A informa\u00e7\u00e3o de que os acionistas do GPA (PCAR3) aprovaram aumento de capital \u00e9 um dos destaques desta ter\u00e7a-feira (23).\u00a0\" \/>\n<meta name=\"robots\" content=\"index, follow, max-snippet:-1, max-image-preview:large, max-video-preview:-1\" \/>\n<link rel=\"canonical\" href=\"https:\/\/www.suno.com.br\/noticias\/gpa-pcar3-irb-irbr3-destaques-va\/\" \/>\n<meta property=\"og:locale\" content=\"pt_BR\" \/>\n<meta property=\"og:type\" content=\"article\" \/>\n<meta property=\"og:title\" content=\"GPA (PCAR3) e IRB (IRBR3) protagonizam o mercado\" \/>\n<meta property=\"og:description\" content=\"A informa\u00e7\u00e3o de que os acionistas do GPA (PCAR3) aprovaram aumento de capital \u00e9 um dos destaques desta ter\u00e7a-feira (23).\u00a0\" \/>\n<meta property=\"og:url\" content=\"https:\/\/www.suno.com.br\/noticias\/gpa-pcar3-irb-irbr3-destaques-va\/\" \/>\n<meta property=\"og:site_name\" content=\"Suno Not\u00edcias\" \/>\n<meta property=\"article:publisher\" content=\"https:\/\/facebook.com\/sunoresearch\" \/>\n<meta property=\"og:image\" content=\"https:\/\/files.sunoresearch.com.br\/n\/uploads\/2023\/12\/ibovespa-6.jpg\" \/>\n\t<meta property=\"og:image:width\" content=\"1300\" \/>\n\t<meta property=\"og:image:height\" content=\"801\" \/>\n\t<meta property=\"og:image:type\" content=\"image\/jpeg\" \/>\n<meta name=\"author\" content=\"Vin\u00edcius Alves\" \/>\n<meta name=\"twitter:card\" content=\"summary_large_image\" \/>\n<meta name=\"twitter:creator\" content=\"@sunoresearch\" \/>\n<meta name=\"twitter:site\" content=\"@sunoresearch\" \/>\n<meta name=\"twitter:label1\" content=\"Escrito por\" \/>\n\t<meta name=\"twitter:data1\" content=\"Vin\u00edcius Alves\" \/>\n\t<meta name=\"twitter:label2\" content=\"Est. tempo de leitura\" \/>\n\t<meta name=\"twitter:data2\" content=\"4 minutos\" \/>\n<script type=\"application\/ld+json\" class=\"yoast-schema-graph\">{\"@context\":\"https:\/\/schema.org\",\"@graph\":[{\"@type\":\"NewsArticle\",\"@id\":\"https:\/\/www.suno.com.br\/noticias\/gpa-pcar3-irb-irbr3-destaques-va\/#article\",\"isPartOf\":{\"@id\":\"https:\/\/www.suno.com.br\/noticias\/gpa-pcar3-irb-irbr3-destaques-va\/\"},\"author\":{\"name\":\"Vin\u00edcius Alves\",\"@id\":\"https:\/\/www.suno.com.br\/noticias\/#\/schema\/person\/4a180549702d0e236b3e420862bcded3\"},\"headline\":\"GPA (PCAR3), Vulcabras (VULC3) e IRB (IRBR3) protagonizam o mercado nesta ter\u00e7a-feira; veja mais destaques\u00a0\",\"datePublished\":\"2024-01-23T15:06:32+00:00\",\"dateModified\":\"2024-01-23T15:06:39+00:00\",\"mainEntityOfPage\":{\"@id\":\"https:\/\/www.suno.com.br\/noticias\/gpa-pcar3-irb-irbr3-destaques-va\/\"},\"wordCount\":715,\"publisher\":{\"@id\":\"https:\/\/www.suno.com.br\/noticias\/#organization\"},\"image\":{\"@id\":\"https:\/\/www.suno.com.br\/noticias\/gpa-pcar3-irb-irbr3-destaques-va\/#primaryimage\"},\"thumbnailUrl\":\"https:\/\/files.sunoresearch.com.br\/n\/uploads\/2023\/12\/ibovespa-6.jpg\",\"keywords\":[\"A\u00e7\u00f5es\",\"Banco Inter (BIDI11)\",\"Cosan (CSAN3)\",\"Ecorodovias (ECOR3)\",\"Enauta (ENAT3)\",\"Gafisa (GFSA3)\",\"Lavvi Empreendimentos (LAVV3)\",\"Vulcabras (VULC3)\",\"Yduqs (YDUQ3)\"],\"articleSection\":[\"Mercado\"],\"inLanguage\":\"pt-BR\"},{\"@type\":\"WebPage\",\"@id\":\"https:\/\/www.suno.com.br\/noticias\/gpa-pcar3-irb-irbr3-destaques-va\/\",\"url\":\"https:\/\/www.suno.com.br\/noticias\/gpa-pcar3-irb-irbr3-destaques-va\/\",\"name\":\"GPA (PCAR3) e IRB (IRBR3) protagonizam o mercado\",\"isPartOf\":{\"@id\":\"https:\/\/www.suno.com.br\/noticias\/#website\"},\"primaryImageOfPage\":{\"@id\":\"https:\/\/www.suno.com.br\/noticias\/gpa-pcar3-irb-irbr3-destaques-va\/#primaryimage\"},\"image\":{\"@id\":\"https:\/\/www.suno.com.br\/noticias\/gpa-pcar3-irb-irbr3-destaques-va\/#primaryimage\"},\"thumbnailUrl\":\"https:\/\/files.sunoresearch.com.br\/n\/uploads\/2023\/12\/ibovespa-6.jpg\",\"datePublished\":\"2024-01-23T15:06:32+00:00\",\"dateModified\":\"2024-01-23T15:06:39+00:00\",\"description\":\"A informa\u00e7\u00e3o de que os acionistas do GPA (PCAR3) aprovaram aumento de capital \u00e9 um dos destaques desta ter\u00e7a-feira (23).\u00a0\",\"breadcrumb\":{\"@id\":\"https:\/\/www.suno.com.br\/noticias\/gpa-pcar3-irb-irbr3-destaques-va\/#breadcrumb\"},\"inLanguage\":\"pt-BR\",\"potentialAction\":[{\"@type\":\"ReadAction\",\"target\":[\"https:\/\/www.suno.com.br\/noticias\/gpa-pcar3-irb-irbr3-destaques-va\/\"]}]},{\"@type\":\"ImageObject\",\"inLanguage\":\"pt-BR\",\"@id\":\"https:\/\/www.suno.com.br\/noticias\/gpa-pcar3-irb-irbr3-destaques-va\/#primaryimage\",\"url\":\"https:\/\/files.sunoresearch.com.br\/n\/uploads\/2023\/12\/ibovespa-6.jpg\",\"contentUrl\":\"https:\/\/files.sunoresearch.com.br\/n\/uploads\/2023\/12\/ibovespa-6.jpg\",\"width\":1300,\"height\":801,\"caption\":\"Gerdau (GGBR4), WEG (WEGE3) e Telef\u00f4nica (VIVT3) aquecem o mercado.Foto: iStock\"},{\"@type\":\"BreadcrumbList\",\"@id\":\"https:\/\/www.suno.com.br\/noticias\/gpa-pcar3-irb-irbr3-destaques-va\/#breadcrumb\",\"itemListElement\":[{\"@type\":\"ListItem\",\"position\":1,\"name\":\"Not\u00edcias\",\"item\":\"https:\/\/www.suno.com.br\/noticias\/\"},{\"@type\":\"ListItem\",\"position\":2,\"name\":\"Mercado\",\"item\":\"https:\/\/www.suno.com.br\/noticias\/mercado\/\"},{\"@type\":\"ListItem\",\"position\":3,\"name\":\"GPA (PCAR3), Vulcabras (VULC3) e IRB (IRBR3) protagonizam o mercado nesta ter\u00e7a-feira; veja mais destaques\u00a0\"}]},{\"@type\":\"WebSite\",\"@id\":\"https:\/\/www.suno.com.br\/noticias\/#website\",\"url\":\"https:\/\/www.suno.com.br\/noticias\/\",\"name\":\"Suno Not\u00edcias\",\"description\":\"Seu portal de informa\u00e7\u00e3o sobre o mundo dos investimentos\",\"publisher\":{\"@id\":\"https:\/\/www.suno.com.br\/noticias\/#organization\"},\"potentialAction\":[{\"@type\":\"SearchAction\",\"target\":{\"@type\":\"EntryPoint\",\"urlTemplate\":\"https:\/\/www.suno.com.br\/noticias\/?s={search_term_string}\"},\"query-input\":{\"@type\":\"PropertyValueSpecification\",\"valueRequired\":true,\"valueName\":\"search_term_string\"}}],\"inLanguage\":\"pt-BR\"},{\"@type\":\"Organization\",\"@id\":\"https:\/\/www.suno.com.br\/noticias\/#organization\",\"name\":\"Suno Not\u00edcias\",\"url\":\"https:\/\/www.suno.com.br\/noticias\/\",\"logo\":{\"@type\":\"ImageObject\",\"inLanguage\":\"pt-BR\",\"@id\":\"https:\/\/www.suno.com.br\/noticias\/#\/schema\/logo\/image\/\",\"url\":\"https:\/\/files.sunoresearch.com.br\/n\/uploads\/2021\/09\/suno-logo.png\",\"contentUrl\":\"https:\/\/files.sunoresearch.com.br\/n\/uploads\/2021\/09\/suno-logo.png\",\"width\":180,\"height\":180,\"caption\":\"Suno Not\u00edcias\"},\"image\":{\"@id\":\"https:\/\/www.suno.com.br\/noticias\/#\/schema\/logo\/image\/\"},\"sameAs\":[\"https:\/\/facebook.com\/sunoresearch\",\"https:\/\/x.com\/sunoresearch\",\"https:\/\/www.instagram.com\/suno\",\"https:\/\/www.linkedin.com\/company\/suno-research\/\",\"https:\/\/www.youtube.com\/c\/sunoresearch\"]},{\"@type\":\"Person\",\"@id\":\"https:\/\/www.suno.com.br\/noticias\/#\/schema\/person\/4a180549702d0e236b3e420862bcded3\",\"name\":\"Vin\u00edcius Alves\",\"image\":{\"@type\":\"ImageObject\",\"inLanguage\":\"pt-BR\",\"@id\":\"https:\/\/www.suno.com.br\/noticias\/#\/schema\/person\/image\/\",\"url\":\"https:\/\/secure.gravatar.com\/avatar\/a95b7fe6d1b813f7907d4f476d5a39e1?s=96&r=g\",\"contentUrl\":\"https:\/\/secure.gravatar.com\/avatar\/a95b7fe6d1b813f7907d4f476d5a39e1?s=96&r=g\",\"caption\":\"Vin\u00edcius Alves\"},\"description\":\"Jornalista formado na Faculdade C\u00e1sper L\u00edbero. Com passagens pela Ag\u00eancia Estado, InfoMoney e Editora Globo.\",\"url\":\"https:\/\/www.suno.com.br\/noticias\/author\/vini08correiagmail-com\/\"}]}<\/script>\n<!-- \/ Yoast SEO plugin. -->","yoast_head_json":{"title":"GPA (PCAR3) e IRB (IRBR3) protagonizam o mercado","description":"A informa\u00e7\u00e3o de que os acionistas do GPA (PCAR3) aprovaram aumento de capital \u00e9 um dos destaques desta ter\u00e7a-feira (23).\u00a0","robots":{"index":"index","follow":"follow","max-snippet":"max-snippet:-1","max-image-preview":"max-image-preview:large","max-video-preview":"max-video-preview:-1"},"canonical":"https:\/\/www.suno.com.br\/noticias\/gpa-pcar3-irb-irbr3-destaques-va\/","og_locale":"pt_BR","og_type":"article","og_title":"GPA (PCAR3) e IRB (IRBR3) protagonizam o mercado","og_description":"A informa\u00e7\u00e3o de que os acionistas do GPA (PCAR3) aprovaram aumento de capital \u00e9 um dos destaques desta ter\u00e7a-feira (23).\u00a0","og_url":"https:\/\/www.suno.com.br\/noticias\/gpa-pcar3-irb-irbr3-destaques-va\/","og_site_name":"Suno Not\u00edcias","article_publisher":"https:\/\/facebook.com\/sunoresearch","og_image":[{"width":1300,"height":801,"url":"https:\/\/files.sunoresearch.com.br\/n\/uploads\/2023\/12\/ibovespa-6.jpg","type":"image\/jpeg"}],"author":"Vin\u00edcius Alves","twitter_card":"summary_large_image","twitter_creator":"@sunoresearch","twitter_site":"@sunoresearch","twitter_misc":{"Escrito por":"Vin\u00edcius Alves","Est. tempo de leitura":"4 minutos"},"schema":{"@context":"https:\/\/schema.org","@graph":[{"@type":"NewsArticle","@id":"https:\/\/www.suno.com.br\/noticias\/gpa-pcar3-irb-irbr3-destaques-va\/#article","isPartOf":{"@id":"https:\/\/www.suno.com.br\/noticias\/gpa-pcar3-irb-irbr3-destaques-va\/"},"author":{"name":"Vin\u00edcius Alves","@id":"https:\/\/www.suno.com.br\/noticias\/#\/schema\/person\/4a180549702d0e236b3e420862bcded3"},"headline":"GPA (PCAR3), Vulcabras (VULC3) e IRB (IRBR3) protagonizam o mercado nesta ter\u00e7a-feira; veja mais destaques\u00a0","datePublished":"2024-01-23T15:06:32+00:00","dateModified":"2024-01-23T15:06:39+00:00","mainEntityOfPage":{"@id":"https:\/\/www.suno.com.br\/noticias\/gpa-pcar3-irb-irbr3-destaques-va\/"},"wordCount":715,"publisher":{"@id":"https:\/\/www.suno.com.br\/noticias\/#organization"},"image":{"@id":"https:\/\/www.suno.com.br\/noticias\/gpa-pcar3-irb-irbr3-destaques-va\/#primaryimage"},"thumbnailUrl":"https:\/\/files.sunoresearch.com.br\/n\/uploads\/2023\/12\/ibovespa-6.jpg","keywords":["A\u00e7\u00f5es","Banco Inter (BIDI11)","Cosan (CSAN3)","Ecorodovias (ECOR3)","Enauta (ENAT3)","Gafisa (GFSA3)","Lavvi Empreendimentos (LAVV3)","Vulcabras (VULC3)","Yduqs (YDUQ3)"],"articleSection":["Mercado"],"inLanguage":"pt-BR"},{"@type":"WebPage","@id":"https:\/\/www.suno.com.br\/noticias\/gpa-pcar3-irb-irbr3-destaques-va\/","url":"https:\/\/www.suno.com.br\/noticias\/gpa-pcar3-irb-irbr3-destaques-va\/","name":"GPA (PCAR3) e IRB (IRBR3) protagonizam o mercado","isPartOf":{"@id":"https:\/\/www.suno.com.br\/noticias\/#website"},"primaryImageOfPage":{"@id":"https:\/\/www.suno.com.br\/noticias\/gpa-pcar3-irb-irbr3-destaques-va\/#primaryimage"},"image":{"@id":"https:\/\/www.suno.com.br\/noticias\/gpa-pcar3-irb-irbr3-destaques-va\/#primaryimage"},"thumbnailUrl":"https:\/\/files.sunoresearch.com.br\/n\/uploads\/2023\/12\/ibovespa-6.jpg","datePublished":"2024-01-23T15:06:32+00:00","dateModified":"2024-01-23T15:06:39+00:00","description":"A informa\u00e7\u00e3o de que os acionistas do GPA (PCAR3) aprovaram aumento de capital \u00e9 um dos destaques desta ter\u00e7a-feira (23).\u00a0","breadcrumb":{"@id":"https:\/\/www.suno.com.br\/noticias\/gpa-pcar3-irb-irbr3-destaques-va\/#breadcrumb"},"inLanguage":"pt-BR","potentialAction":[{"@type":"ReadAction","target":["https:\/\/www.suno.com.br\/noticias\/gpa-pcar3-irb-irbr3-destaques-va\/"]}]},{"@type":"ImageObject","inLanguage":"pt-BR","@id":"https:\/\/www.suno.com.br\/noticias\/gpa-pcar3-irb-irbr3-destaques-va\/#primaryimage","url":"https:\/\/files.sunoresearch.com.br\/n\/uploads\/2023\/12\/ibovespa-6.jpg","contentUrl":"https:\/\/files.sunoresearch.com.br\/n\/uploads\/2023\/12\/ibovespa-6.jpg","width":1300,"height":801,"caption":"Gerdau (GGBR4), WEG (WEGE3) e Telef\u00f4nica (VIVT3) aquecem o mercado.Foto: iStock"},{"@type":"BreadcrumbList","@id":"https:\/\/www.suno.com.br\/noticias\/gpa-pcar3-irb-irbr3-destaques-va\/#breadcrumb","itemListElement":[{"@type":"ListItem","position":1,"name":"Not\u00edcias","item":"https:\/\/www.suno.com.br\/noticias\/"},{"@type":"ListItem","position":2,"name":"Mercado","item":"https:\/\/www.suno.com.br\/noticias\/mercado\/"},{"@type":"ListItem","position":3,"name":"GPA (PCAR3), Vulcabras (VULC3) e IRB (IRBR3) protagonizam o mercado nesta ter\u00e7a-feira; veja mais destaques\u00a0"}]},{"@type":"WebSite","@id":"https:\/\/www.suno.com.br\/noticias\/#website","url":"https:\/\/www.suno.com.br\/noticias\/","name":"Suno Not\u00edcias","description":"Seu portal de informa\u00e7\u00e3o sobre o mundo dos investimentos","publisher":{"@id":"https:\/\/www.suno.com.br\/noticias\/#organization"},"potentialAction":[{"@type":"SearchAction","target":{"@type":"EntryPoint","urlTemplate":"https:\/\/www.suno.com.br\/noticias\/?s={search_term_string}"},"query-input":{"@type":"PropertyValueSpecification","valueRequired":true,"valueName":"search_term_string"}}],"inLanguage":"pt-BR"},{"@type":"Organization","@id":"https:\/\/www.suno.com.br\/noticias\/#organization","name":"Suno Not\u00edcias","url":"https:\/\/www.suno.com.br\/noticias\/","logo":{"@type":"ImageObject","inLanguage":"pt-BR","@id":"https:\/\/www.suno.com.br\/noticias\/#\/schema\/logo\/image\/","url":"https:\/\/files.sunoresearch.com.br\/n\/uploads\/2021\/09\/suno-logo.png","contentUrl":"https:\/\/files.sunoresearch.com.br\/n\/uploads\/2021\/09\/suno-logo.png","width":180,"height":180,"caption":"Suno Not\u00edcias"},"image":{"@id":"https:\/\/www.suno.com.br\/noticias\/#\/schema\/logo\/image\/"},"sameAs":["https:\/\/facebook.com\/sunoresearch","https:\/\/x.com\/sunoresearch","https:\/\/www.instagram.com\/suno","https:\/\/www.linkedin.com\/company\/suno-research\/","https:\/\/www.youtube.com\/c\/sunoresearch"]},{"@type":"Person","@id":"https:\/\/www.suno.com.br\/noticias\/#\/schema\/person\/4a180549702d0e236b3e420862bcded3","name":"Vin\u00edcius Alves","image":{"@type":"ImageObject","inLanguage":"pt-BR","@id":"https:\/\/www.suno.com.br\/noticias\/#\/schema\/person\/image\/","url":"https:\/\/secure.gravatar.com\/avatar\/a95b7fe6d1b813f7907d4f476d5a39e1?s=96&r=g","contentUrl":"https:\/\/secure.gravatar.com\/avatar\/a95b7fe6d1b813f7907d4f476d5a39e1?s=96&r=g","caption":"Vin\u00edcius Alves"},"description":"Jornalista formado na Faculdade C\u00e1sper L\u00edbero. Com passagens pela Ag\u00eancia Estado, InfoMoney e Editora Globo.","url":"https:\/\/www.suno.com.br\/noticias\/author\/vini08correiagmail-com\/"}]}},"default_loop_html":"<div class=\"cardsPage__listCard__boxs\"><div class=\"cardsPage__listCard__boxs__img\"><a href=\"https:\/\/www.suno.com.br\/noticias\/gpa-pcar3-irb-irbr3-destaques-va\/\"><img class=\"mask\" src=\"https:\/\/www.suno.com.br\/noticias\/wp-content\/themes\/suno\/resources\/images\/spotlight\/spotlight1img\/bg-mask.png\" alt=\"Image Mask\"\/><img src=\"https:\/\/files.sunoresearch.com.br\/n\/uploads\/2023\/12\/ibovespa-6-400x200.jpg\" alt=\"GPA (PCAR3), Vulcabras (VULC3) e IRB (IRBR3) protagonizam o mercado nesta ter\u00e7a-feira; veja mais destaques\u00a0\"\/><\/a><span class=\"spotlightCategory\"><a href=\"https:\/\/www.suno.com.br\/noticias\/mercado\/\">Mercado<\/a><\/span><\/div><div class=\"cardsPage__listCard__boxs__content\"><a href=\"https:\/\/www.suno.com.br\/noticias\/gpa-pcar3-irb-irbr3-destaques-va\/\"><h2 class=\"content__title\">GPA (PCAR3), Vulcabras (VULC3) e IRB (IRBR3) protagonizam o mercado nesta ter\u00e7a-feira; veja mais destaques\u00a0<\/h2><\/a><div class=\"newsContent__article__meta\"><div class=\"newsContent__article__meta__authorBox\"><a href=\"https:\/\/www.suno.com.br\/noticias\/author\/vini08correiagmail-com\/\" class=\"authorBox__avatar noMobi\"><img src=\"https:\/\/files.sunoresearch.com.br\/n\/uploads\/2026\/04\/WhatsApp-Image-2026-04-20-at-19.35.48-150x150.webp\" alt=\"Vin\u00edcius Alves\"><\/a><div class=\"authorBox__name\"><span>por\n\t\t\t<a href=\"https:\/\/www.suno.com.br\/noticias\/author\/vini08correiagmail-com\/\"><span itemprop=\"author\">Vin\u00edcius Alves<\/span><\/a><\/span><time datetime=\"2024-01-23T12:06:32-03:00\" itemprop=\"datePublished\">23\/01\/2024 12:06<\/time><\/div><\/div><\/div><\/div><\/div>","single_layout":"posts","amp_enabled":true,"_links":{"self":[{"href":"https:\/\/www.suno.com.br\/noticias\/wp-json\/wp\/v2\/posts\/514515"}],"collection":[{"href":"https:\/\/www.suno.com.br\/noticias\/wp-json\/wp\/v2\/posts"}],"about":[{"href":"https:\/\/www.suno.com.br\/noticias\/wp-json\/wp\/v2\/types\/post"}],"author":[{"embeddable":true,"href":"https:\/\/www.suno.com.br\/noticias\/wp-json\/wp\/v2\/users\/301"}],"replies":[{"embeddable":true,"href":"https:\/\/www.suno.com.br\/noticias\/wp-json\/wp\/v2\/comments?post=514515"}],"version-history":[{"count":2,"href":"https:\/\/www.suno.com.br\/noticias\/wp-json\/wp\/v2\/posts\/514515\/revisions"}],"predecessor-version":[{"id":514595,"href":"https:\/\/www.suno.com.br\/noticias\/wp-json\/wp\/v2\/posts\/514515\/revisions\/514595"}],"wp:featuredmedia":[{"embeddable":true,"href":"https:\/\/www.suno.com.br\/noticias\/wp-json\/wp\/v2\/media\/495115"}],"wp:attachment":[{"href":"https:\/\/www.suno.com.br\/noticias\/wp-json\/wp\/v2\/media?parent=514515"}],"wp:term":[{"taxonomy":"category","embeddable":true,"href":"https:\/\/www.suno.com.br\/noticias\/wp-json\/wp\/v2\/categories?post=514515"},{"taxonomy":"post_tag","embeddable":true,"href":"https:\/\/www.suno.com.br\/noticias\/wp-json\/wp\/v2\/tags?post=514515"},{"taxonomy":"suno_strategy","embeddable":true,"href":"https:\/\/www.suno.com.br\/noticias\/wp-json\/wp\/v2\/suno_strategy?post=514515"}],"curies":[{"name":"wp","href":"https:\/\/api.w.org\/{rel}","templated":true}]}}