{"id":514287,"date":"2024-01-22T22:06:49","date_gmt":"2024-01-23T01:06:49","guid":{"rendered":"https:\/\/www.suno.com.br\/noticias\/?p=514287"},"modified":"2024-01-22T22:06:56","modified_gmt":"2024-01-23T01:06:56","slug":"gpa-pcar3-pao-de-acucar-aumento-de-capital-lt","status":"publish","type":"post","link":"https:\/\/www.suno.com.br\/noticias\/gpa-pcar3-pao-de-acucar-aumento-de-capital-lt\/","title":{"rendered":"Acionistas do GPA (PCAR3) d\u00e3o aval para aumento de capital; veja os detalhes"},"content":{"rendered":"<p>Os acionistas do <strong>GPA (PCAR3)<\/strong>, o Grupo P\u00e3o de A\u00e7\u00facar, aprovaram nesta segunda-feira, 22, por meio de assembleia geral extraordin\u00e1ria, um <a class=\"suno-keyword\" target=\"_blank\" data-force=\"no\" data-priority=\"1\" href=\"https:\/\/www.suno.com.br\/artigos\/aumento-capital\/\" rel=\"noopener\">aumento de capital<\/a> autorizado, no limite de at\u00e9 800 milh\u00f5es de <a class=\"suno-keyword\" target=\"_blank\" data-force=\"no\" data-priority=\"1\" href=\"https:\/\/www.suno.com.br\/artigos\/o-que-sao-acoes-ordinarias-preferenciais-e-units\/\" rel=\"noopener\">a\u00e7\u00f5es ordin\u00e1rias<\/a>, mediante aprova\u00e7\u00e3o do <a class=\"suno-keyword\" target=\"_blank\" data-force=\"no\" data-priority=\"1\" href=\"https:\/\/www.suno.com.br\/artigos\/conselho-administracao\/\" rel=\"noopener\">conselho de administra\u00e7\u00e3o<\/a>, segundo comunicado enviado ao mercado.<\/p>\t<div class=\"wrapper-featured-image\">\n\t\t<figure class=\"spotlightImg\">\n\n\t\t\t<picture>\n\t\t\t\t<source media=\"(max-width: 768px)\" srcset=\"https:\/\/files.sunoresearch.com.br\/n\/uploads\/2021\/03\/4d574dc7-gpa-pao-de-acucar-400x200.webp\">\n\t\t\t\t<img loading=\"lazy\" decoding=\"async\" class=\"newsContent__article__imgCapa lazyloadDisabled \" src=\"https:\/\/files.sunoresearch.com.br\/n\/uploads\/2021\/03\/4d574dc7-gpa-pao-de-acucar-800x450.webp\" width=\"800\" height=\"450\" alt=\"Acionistas do GPA (PCAR3) d\u00e3o aval para aumento de capital; veja os detalhes\" fetchpriority=high \/>\n\t\t\t<\/picture>\n\n\t\t\t<figcaption class=\"wp-caption-text wp-caption-text--show\">GPA - P\u00e3o de A\u00e7\u00facar (PCAR3). Foto: Divulga\u00e7\u00e3o<\/figcaption>\n\t\t<\/figure>\n\t<\/div>\n\n\n\n\n\n\t<p>\n\t\t<a href=\"https:\/\/lp.suno.com.br\/planilha-da-vida-financeira\/\" target=\"_blank\" data-element=\"shortcode-suno-banner\" title=\"Banner SUNO, clique e saiba mais\">\n\t\t\t<picture>\n\t\t\t\t<source media=\"(max-width: 500px)\" srcset=\"https:\/\/files.sunoresearch.com.br\/n\/uploads\/2023\/04\/400x300-Planilha-vida-financeira-true.png\">\n\t\t\t\t<img class=\"newsContent__article__imgCapa newsContent__article__imgCapa--banner\"\n\t\t\t\t\tsrc=\"https:\/\/files.sunoresearch.com.br\/n\/uploads\/2023\/04\/1420x240-Planilha-vida-financeira-true.png\"\n\t\t\t\t\tdata-promo-id=\"106682\"\t\t\t\t\t\t\t\t\t\twidth='1420' height='240'\t\t\t\t\talt=\"https:\/\/files.sunoresearch.com.br\/n\/uploads\/2023\/04\/1420x240-Planilha-vida-financeira-true.png\"\n\t\t\t\t>\n\t\t\t<\/picture>\n\t\t<\/a>\n\t<\/p>\n\n\n\n\n\n<p>Essa iniciativa abre caminho para que a supermercadista possa emitir <strong>novas a\u00e7\u00f5es do P\u00e3o de A\u00e7\u00facar <\/strong>no mercado. No final do ano passado, o<strong> <\/strong>GPA informou que contratou os bancos Ita\u00fa BBA e BTG Pactual para avaliarem essa opera\u00e7\u00e3o no <a class=\"suno-keyword\" target=\"_blank\" data-force=\"no\" data-priority=\"1\" href=\"https:\/\/www.suno.com.br\/artigos\/mercado-secundario\/\" rel=\"noopener\">mercado secund\u00e1rio<\/a>.<\/p>\n\n\n\n<p>Diante das dificuldades de caixa que a empresa vem enfrentando nos \u00faltimos anos, principalmente no que diz respeito ao seu modelo de neg\u00f3cio, este <strong>follow-on<\/strong> por caracter\u00edstica colocar\u00e1 dinheiro no caixa e deve ser utilizado para reduzir o endividamento, t\u00e3o criticado pelo mercado.<\/p>\n\n\n\n<p>No terceiro trimestre de 2023, a <strong>d\u00edvida l\u00edquida<\/strong> <strong>do GPA<\/strong> era de R$ 3,02 bilh\u00f5es, enquanto a alavancagem, medida pela rela\u00e7\u00e3o d\u00favida l\u00edquida por Ebtida (lucro antes de juros, impostos, <a class=\"suno-keyword\" target=\"_blank\" data-force=\"no\" data-priority=\"1\" href=\"https:\/\/www.suno.com.br\/artigos\/depreciacao-amortizacao\/\" rel=\"noopener\">deprecia\u00e7\u00e3o e amortiza\u00e7\u00e3o<\/a>) ajustado, era de 2,5x.<\/p>\n\n\n\t<p>\n\t\t<a href=\"https:\/\/lp.suno.com.br\/planilha-da-vida-financeira\/\" target=\"_blank\" data-element=\"shortcode-suno-banner\" title=\"Banner SUNO, clique e saiba mais\">\n\t\t\t<picture>\n\t\t\t\t<source media=\"(max-width: 500px)\" srcset=\"https:\/\/files.sunoresearch.com.br\/n\/uploads\/2023\/04\/400x300-Planilha-vida-financeira-true.png\">\n\t\t\t\t<img class=\"newsContent__article__imgCapa newsContent__article__imgCapa--banner\"\n\t\t\t\t\tsrc=\"https:\/\/files.sunoresearch.com.br\/n\/uploads\/2023\/04\/1420x240-Planilha-vida-financeira-true.png\"\n\t\t\t\t\tdata-promo-id=\"383123\"\t\t\t\t\t\t\t\t\t\twidth='1420' height='240'\t\t\t\t\talt=\"https:\/\/files.sunoresearch.com.br\/n\/uploads\/2023\/04\/1420x240-Planilha-vida-financeira-true.png\"\n\t\t\t\t>\n\t\t\t<\/picture>\n\t\t<\/a>\n\t<\/p>\n\n\n\n\n\n<h2 class=\"wp-block-heading\">GPA (PCAR3) e outros supermercados: margens podem crescer com El Ni\u00f1o em 2024?<\/h2>\n\n\n\n<p>Supermercados como&nbsp;<strong>GPA<\/strong>&nbsp;(<a href=\"https:\/\/statusinvest.com.br\/acoes\/pcar3?__hstc=189907700.088a3e9ab9347a2a01d05b57403ee383.1702327735426.1705959209235.1705967535335.36&amp;__hssc=189907700.3.1705967535335&amp;__hsfp=2131422129\"><strong>PCAR3<\/strong><\/a>), Assa\u00ed (<a href=\"https:\/\/statusinvest.com.br\/acoes\/asai3?__hstc=189907700.088a3e9ab9347a2a01d05b57403ee383.1702327735426.1705959209235.1705967535335.36&amp;__hssc=189907700.3.1705967535335&amp;__hsfp=2131422129\"><strong>ASAI3<\/strong><\/a>) e Carrefour (<a href=\"https:\/\/statusinvest.com.br\/acoes\/crfb3?__hstc=189907700.088a3e9ab9347a2a01d05b57403ee383.1702327735426.1705959209235.1705967535335.36&amp;__hssc=189907700.3.1705967535335&amp;__hsfp=2131422129\"><strong>CRFB3<\/strong><\/a>) tendem a ter margens financeiras maiores em 2024, \u00e0 medida em que o El Ni\u00f1o causa mudan\u00e7as nas temperaturas. Com o fen\u00f4meno, as lavouras s\u00e3o penalizadas, potencialmente elevando o pre\u00e7o dos alimentos, mas a um patamar n\u00e3o t\u00e3o forte a ponto de comprometer os volumes de venda.<\/p>\n\n\n\n<p>Como o consumo alimentar n\u00e3o \u00e9 t\u00e3o c\u00edclico e o&nbsp;<a href=\"https:\/\/www.suno.com.br\/artigos\/poder-de-compra\/\"><strong>poder de compra<\/strong><\/a>&nbsp;da popula\u00e7\u00e3o est\u00e1 em um cen\u00e1rio mais benigno, os&nbsp;<strong>atacarejos<\/strong>&nbsp;podem repassar a alta desses produtos imediatamente para os clientes. Isso contribui para um aumento do t\u00edquete m\u00e9dio que faz a receita por metro quadrado subir, favorecendo as margens, segundo analistas ouvidos pelo Broadcast, sistema de not\u00edcias em tempo real do Grupo Estado.<\/p>\n\n\n\n<p>Ainda \u00e9 cedo para garantir que haver\u00e1 uma infla\u00e7\u00e3o alimentar neste ano, mas os alimentos n\u00e3o trar\u00e3o al\u00edvio ao \u00cdndice Nacional de Pre\u00e7os ao Consumidor Amplo (<strong>IPCA<\/strong>) como em 2023.<\/p>\n\n\n\n<p>Na \u00faltima quinta-feira (11), a divulga\u00e7\u00e3o do Instituto Brasileiro de Geografia e Estat\u00edstica (IBGE) mostrou que o&nbsp;<strong>IPCA de dezembro<\/strong>&nbsp;cheio acelerou de 0,28% em novembro para 0,56%, resultado acima da mediana das estimativas do Proje\u00e7\u00f5es Broadcast, de 0,49%.<\/p>\n\n\n\n<p>Segundo Luiz Carlos Almeida, analista da Pesquisa Mensal de Servi\u00e7os do IBGE, houve aumento de pre\u00e7os principalmente em alimentos sens\u00edveis ao clima. O \u00edndice oficial de infla\u00e7\u00e3o fechou o ano passado em 4,62%.<\/p>\n\n\n\n<p>O analista Lucas Rietjens, da Guide Investimentos, diz que estudos mostram que o El Ni\u00f1o causa um efeito inflacion\u00e1rio. \u201cSe isso vier a ocorrer, deve ter um impacto ligeiramente positivo nas margens dos&nbsp;<strong>players de varejo alimentar<\/strong>&nbsp;em 2024, pois s\u00e3o companhias que t\u00eam maior facilidade em repassar pre\u00e7o ao consumidor final\u201d, afirma.<\/p>\n\n\n\n<p>Os supermercados podem repassar uma potencial infla\u00e7\u00e3o por venderem a base alimentar, que \u00e9 um consumo essencial, enfatiza Rafael Passos, s\u00f3cio e analista da Ajax Asset.<\/p>\n\n\n\n<p>De acordo com ele, o risco de quebra de safra com o&nbsp;<strong>El Ni\u00f1o<\/strong>&nbsp;\u00e9 grande, o que traria como consequ\u00eancia uma press\u00e3o nos pre\u00e7os das&nbsp;<strong><a href=\"https:\/\/www.suno.com.br\/artigos\/commodities-agricolas\/\">commodities agr\u00edcolas<\/a><\/strong>.<\/p>\n\n\n\n<p>Embora pre\u00e7os mais elevados historicamente conduzam a volumes mais baixos, a&nbsp;<strong>XP<\/strong>&nbsp;(<a class=\"suno-keyword\" target=\"_blank\" data-force=\"yes\" data-priority=\"2\" href=\"https:\/\/www.suno.com.br\/bdrs\/xpbr31\/\" rel=\"noopener\">XPBR31<\/a>) considera que uma infla\u00e7\u00e3o em torno de 4% a 5% \u00e9 benigna para o varejo alimentar, apoiando o crescimento da receita sem comprometer volumes.<\/p>\n\n\n\n<p>O Instituto de Pesquisa Econ\u00f4mica Aplicada (<strong>Ipea<\/strong>) n\u00e3o v\u00ea maior contribui\u00e7\u00e3o dos produtos agropecu\u00e1rios na infla\u00e7\u00e3o em 2024. \u201cA ajuda para redu\u00e7\u00e3o da infla\u00e7\u00e3o por meio dos alimentos n\u00e3o haver\u00e1. A d\u00favida \u00e9 se haver\u00e1 press\u00e3o inflacion\u00e1ria pelos alimentos, mas, por enquanto, n\u00e3o h\u00e1 indicativos de press\u00e3o generalizada mesmo com sinais de alta de pre\u00e7os em algumas cadeias\u201d, avaliou o pesquisador e economista do Ipea Jos\u00e9 Ronaldo Souza J\u00fanior.<\/p>\n\n\n\n<p>Al\u00e9m disso, os analistas da XP Danniela Eiger, Rodolfo Margato e Gustavo Senday destacam que o&nbsp;<a href=\"https:\/\/www.suno.com.br\/artigos\/poder-de-compra\/\"><strong>poder de compra<\/strong><\/a>&nbsp;da popula\u00e7\u00e3o est\u00e1 melhorando gradativamente.<\/p>\n\n\n\n<p>\u201cSegundo dados do Procon, a Cesta B\u00e1sica Brasil (incluindo produtos de higiene pessoal e limpeza) historicamente representa 76% do sal\u00e1rio m\u00ednimo dos brasileiros. Por\u00e9m, durante a pandemia, essa participa\u00e7\u00e3o ultrapassou 100% (atingindo seu pico em julho de 2022) e tem sido revertido lentamente \u00e0 m\u00e9dia hist\u00f3rica ao longo de 2023\u201d, escrevem, em relat\u00f3rio enviado a clientes.<\/p>\n\n\n\n<p>A melhora do consumo se d\u00e1 pela queda da&nbsp;<strong>taxa Selic<\/strong>&nbsp;que propicia desalavancagem das fam\u00edlias, reformas que acarretam um cen\u00e1rio mais favor\u00e1vel para emprego, e infla\u00e7\u00e3o controlada, segundo o analista Carlos Soares, da Mirae Asset.<\/p>\n\n\n\n<p>Soares afirma que o pre\u00e7o dos alimentos impacta principalmente a linha de Like for Like (medida que compara as vendas brutas de um per\u00edodo com base em lojas compar\u00e1veis). \u201cCom potencial alta no pre\u00e7o dos alimentos, haveria aumento do t\u00edquete m\u00e9dio dos produtos. Assim, a receita por metro quadrado das companhias subiria enquanto a estrutura de custo provavelmente se manteria. \u00c9 um cen\u00e1rio construtivo para a&nbsp;<a href=\"https:\/\/www.suno.com.br\/artigos\/alavancagem-operacional\/\"><strong>alavancagem operacional<\/strong><\/a>&nbsp;das companhias, impactando as margens favoravelmente\u201d, explica.<\/p>\n\n\n\t<p>\n\t\t<a href=\"https:\/\/lp.suno.com.br\/planilha-da-vida-financeira\/\" target=\"_blank\" data-element=\"shortcode-suno-banner\" title=\"Banner SUNO, clique e saiba mais\">\n\t\t\t<picture>\n\t\t\t\t<source media=\"(max-width: 500px)\" srcset=\"https:\/\/files.sunoresearch.com.br\/n\/uploads\/2023\/04\/400x300-Planilha-vida-financeira-true.png\">\n\t\t\t\t<img class=\"newsContent__article__imgCapa newsContent__article__imgCapa--banner\"\n\t\t\t\t\tsrc=\"https:\/\/files.sunoresearch.com.br\/n\/uploads\/2023\/04\/1420x240-Planilha-vida-financeira-true.png\"\n\t\t\t\t\tdata-promo-id=\"383123\"\t\t\t\t\t\t\t\t\t\twidth='1420' height='240'\t\t\t\t\talt=\"https:\/\/files.sunoresearch.com.br\/n\/uploads\/2023\/04\/1420x240-Planilha-vida-financeira-true.png\"\n\t\t\t\t>\n\t\t\t<\/picture>\n\t\t<\/a>\n\t<\/p>\n\n\n","protected":false},"excerpt":{"rendered":"<p>Os acionistas do GPA (PCAR3), o Grupo P\u00e3o de A\u00e7\u00facar, aprovaram nesta segunda-feira, 22, por meio de assembleia geral extraordin\u00e1ria, um aumento de capital autorizado, no limite de at\u00e9 800 milh\u00f5es de a\u00e7\u00f5es ordin\u00e1rias, mediante aprova\u00e7\u00e3o do conselho de administra\u00e7\u00e3o, segundo comunicado enviado ao mercado. GPA &#8211; P\u00e3o de A\u00e7\u00facar (PCAR3). Foto: Divulga\u00e7\u00e3o Essa iniciativa [&hellip;]<\/p>\n","protected":false},"author":340,"featured_media":130365,"comment_status":"closed","ping_status":"closed","sticky":false,"template":"","format":"standard","meta":[],"categories":[60],"tags":[286,1964],"suno_strategy":[],"class_list":["post-514287","post","type-post","status-publish","format-standard","has-post-thumbnail","hentry","category-mercado","tag-acoes","tag-grupo-pao-de-acucar-pcar3-pcar4"],"yoast_head":"<!-- This site is optimized with the Yoast SEO plugin v24.4 - https:\/\/yoast.com\/wordpress\/plugins\/seo\/ -->\n<title>Acionistas do GPA (PCAR3) d\u00e3o aval para aumento de capital<\/title>\n<meta name=\"description\" content=\"Os acionistas do GPA aprovaram, por meio de assembleia geral extraordin\u00e1ria, um aumento de capital de at\u00e9 800 milh\u00f5es de a\u00e7\u00f5es ordin\u00e1rias.\" \/>\n<meta name=\"robots\" content=\"index, follow, max-snippet:-1, max-image-preview:large, max-video-preview:-1\" \/>\n<link rel=\"canonical\" href=\"https:\/\/www.suno.com.br\/noticias\/gpa-pcar3-pao-de-acucar-aumento-de-capital-lt\/\" \/>\n<meta property=\"og:locale\" content=\"pt_BR\" \/>\n<meta property=\"og:type\" content=\"article\" \/>\n<meta property=\"og:title\" content=\"Acionistas do GPA (PCAR3) d\u00e3o aval para aumento de capital\" \/>\n<meta property=\"og:description\" content=\"Os acionistas do GPA aprovaram, por meio de assembleia geral extraordin\u00e1ria, um aumento de capital de at\u00e9 800 milh\u00f5es de a\u00e7\u00f5es ordin\u00e1rias.\" \/>\n<meta property=\"og:url\" content=\"https:\/\/www.suno.com.br\/noticias\/gpa-pcar3-pao-de-acucar-aumento-de-capital-lt\/\" \/>\n<meta property=\"og:site_name\" content=\"Suno Not\u00edcias\" \/>\n<meta property=\"article:publisher\" content=\"https:\/\/facebook.com\/sunoresearch\" \/>\n<meta property=\"og:image\" content=\"https:\/\/files.sunoresearch.com.br\/n\/uploads\/2021\/03\/4d574dc7-gpa-pao-de-acucar.jpg\" \/>\n\t<meta property=\"og:image:width\" content=\"1200\" \/>\n\t<meta property=\"og:image:height\" content=\"846\" \/>\n\t<meta property=\"og:image:type\" content=\"image\/jpeg\" \/>\n<meta name=\"author\" content=\"Leandro Tavares\" \/>\n<meta name=\"twitter:card\" content=\"summary_large_image\" \/>\n<meta name=\"twitter:creator\" content=\"@sunoresearch\" \/>\n<meta name=\"twitter:site\" content=\"@sunoresearch\" \/>\n<meta name=\"twitter:label1\" content=\"Escrito por\" \/>\n\t<meta name=\"twitter:data1\" content=\"Leandro Tavares\" \/>\n\t<meta name=\"twitter:label2\" content=\"Est. tempo de leitura\" \/>\n\t<meta name=\"twitter:data2\" content=\"5 minutos\" \/>\n<script type=\"application\/ld+json\" class=\"yoast-schema-graph\">{\"@context\":\"https:\/\/schema.org\",\"@graph\":[{\"@type\":\"NewsArticle\",\"@id\":\"https:\/\/www.suno.com.br\/noticias\/gpa-pcar3-pao-de-acucar-aumento-de-capital-lt\/#article\",\"isPartOf\":{\"@id\":\"https:\/\/www.suno.com.br\/noticias\/gpa-pcar3-pao-de-acucar-aumento-de-capital-lt\/\"},\"author\":{\"name\":\"Leandro Tavares\",\"@id\":\"https:\/\/www.suno.com.br\/noticias\/#\/schema\/person\/96b86313436a5af8c004989de27d4962\"},\"headline\":\"Acionistas do GPA (PCAR3) d\u00e3o aval para aumento de capital; veja os detalhes\",\"datePublished\":\"2024-01-23T01:06:49+00:00\",\"dateModified\":\"2024-01-23T01:06:56+00:00\",\"mainEntityOfPage\":{\"@id\":\"https:\/\/www.suno.com.br\/noticias\/gpa-pcar3-pao-de-acucar-aumento-de-capital-lt\/\"},\"wordCount\":925,\"publisher\":{\"@id\":\"https:\/\/www.suno.com.br\/noticias\/#organization\"},\"image\":{\"@id\":\"https:\/\/www.suno.com.br\/noticias\/gpa-pcar3-pao-de-acucar-aumento-de-capital-lt\/#primaryimage\"},\"thumbnailUrl\":\"https:\/\/files.sunoresearch.com.br\/n\/uploads\/2021\/03\/4d574dc7-gpa-pao-de-acucar-jpg.webp\",\"keywords\":[\"A\u00e7\u00f5es\",\"Grupo P\u00e3o de A\u00e7\u00facar (PCAR3\/PCAR4)\"],\"articleSection\":[\"Mercado\"],\"inLanguage\":\"pt-BR\"},{\"@type\":\"WebPage\",\"@id\":\"https:\/\/www.suno.com.br\/noticias\/gpa-pcar3-pao-de-acucar-aumento-de-capital-lt\/\",\"url\":\"https:\/\/www.suno.com.br\/noticias\/gpa-pcar3-pao-de-acucar-aumento-de-capital-lt\/\",\"name\":\"Acionistas do GPA (PCAR3) d\u00e3o aval para aumento de capital\",\"isPartOf\":{\"@id\":\"https:\/\/www.suno.com.br\/noticias\/#website\"},\"primaryImageOfPage\":{\"@id\":\"https:\/\/www.suno.com.br\/noticias\/gpa-pcar3-pao-de-acucar-aumento-de-capital-lt\/#primaryimage\"},\"image\":{\"@id\":\"https:\/\/www.suno.com.br\/noticias\/gpa-pcar3-pao-de-acucar-aumento-de-capital-lt\/#primaryimage\"},\"thumbnailUrl\":\"https:\/\/files.sunoresearch.com.br\/n\/uploads\/2021\/03\/4d574dc7-gpa-pao-de-acucar-jpg.webp\",\"datePublished\":\"2024-01-23T01:06:49+00:00\",\"dateModified\":\"2024-01-23T01:06:56+00:00\",\"description\":\"Os acionistas do GPA aprovaram, por meio de assembleia geral extraordin\u00e1ria, um aumento de capital de at\u00e9 800 milh\u00f5es de a\u00e7\u00f5es ordin\u00e1rias.\",\"breadcrumb\":{\"@id\":\"https:\/\/www.suno.com.br\/noticias\/gpa-pcar3-pao-de-acucar-aumento-de-capital-lt\/#breadcrumb\"},\"inLanguage\":\"pt-BR\",\"potentialAction\":[{\"@type\":\"ReadAction\",\"target\":[\"https:\/\/www.suno.com.br\/noticias\/gpa-pcar3-pao-de-acucar-aumento-de-capital-lt\/\"]}]},{\"@type\":\"ImageObject\",\"inLanguage\":\"pt-BR\",\"@id\":\"https:\/\/www.suno.com.br\/noticias\/gpa-pcar3-pao-de-acucar-aumento-de-capital-lt\/#primaryimage\",\"url\":\"https:\/\/files.sunoresearch.com.br\/n\/uploads\/2021\/03\/4d574dc7-gpa-pao-de-acucar-jpg.webp\",\"contentUrl\":\"https:\/\/files.sunoresearch.com.br\/n\/uploads\/2021\/03\/4d574dc7-gpa-pao-de-acucar-jpg.webp\",\"width\":1200,\"height\":846,\"caption\":\"GPA - P\u00e3o de A\u00e7\u00facar (PCAR3). Foto: Divulga\u00e7\u00e3o\"},{\"@type\":\"BreadcrumbList\",\"@id\":\"https:\/\/www.suno.com.br\/noticias\/gpa-pcar3-pao-de-acucar-aumento-de-capital-lt\/#breadcrumb\",\"itemListElement\":[{\"@type\":\"ListItem\",\"position\":1,\"name\":\"Not\u00edcias\",\"item\":\"https:\/\/www.suno.com.br\/noticias\/\"},{\"@type\":\"ListItem\",\"position\":2,\"name\":\"Mercado\",\"item\":\"https:\/\/www.suno.com.br\/noticias\/mercado\/\"},{\"@type\":\"ListItem\",\"position\":3,\"name\":\"Acionistas do GPA (PCAR3) d\u00e3o aval para aumento de capital; veja os detalhes\"}]},{\"@type\":\"WebSite\",\"@id\":\"https:\/\/www.suno.com.br\/noticias\/#website\",\"url\":\"https:\/\/www.suno.com.br\/noticias\/\",\"name\":\"Suno Not\u00edcias\",\"description\":\"Seu portal de informa\u00e7\u00e3o sobre o mundo dos investimentos\",\"publisher\":{\"@id\":\"https:\/\/www.suno.com.br\/noticias\/#organization\"},\"potentialAction\":[{\"@type\":\"SearchAction\",\"target\":{\"@type\":\"EntryPoint\",\"urlTemplate\":\"https:\/\/www.suno.com.br\/noticias\/?s={search_term_string}\"},\"query-input\":{\"@type\":\"PropertyValueSpecification\",\"valueRequired\":true,\"valueName\":\"search_term_string\"}}],\"inLanguage\":\"pt-BR\"},{\"@type\":\"Organization\",\"@id\":\"https:\/\/www.suno.com.br\/noticias\/#organization\",\"name\":\"Suno Not\u00edcias\",\"url\":\"https:\/\/www.suno.com.br\/noticias\/\",\"logo\":{\"@type\":\"ImageObject\",\"inLanguage\":\"pt-BR\",\"@id\":\"https:\/\/www.suno.com.br\/noticias\/#\/schema\/logo\/image\/\",\"url\":\"https:\/\/files.sunoresearch.com.br\/n\/uploads\/2021\/09\/suno-logo.png\",\"contentUrl\":\"https:\/\/files.sunoresearch.com.br\/n\/uploads\/2021\/09\/suno-logo.png\",\"width\":180,\"height\":180,\"caption\":\"Suno Not\u00edcias\"},\"image\":{\"@id\":\"https:\/\/www.suno.com.br\/noticias\/#\/schema\/logo\/image\/\"},\"sameAs\":[\"https:\/\/facebook.com\/sunoresearch\",\"https:\/\/x.com\/sunoresearch\",\"https:\/\/www.instagram.com\/suno\",\"https:\/\/www.linkedin.com\/company\/suno-research\/\",\"https:\/\/www.youtube.com\/c\/sunoresearch\"]},{\"@type\":\"Person\",\"@id\":\"https:\/\/www.suno.com.br\/noticias\/#\/schema\/person\/96b86313436a5af8c004989de27d4962\",\"name\":\"Leandro Tavares\",\"image\":{\"@type\":\"ImageObject\",\"inLanguage\":\"pt-BR\",\"@id\":\"https:\/\/www.suno.com.br\/noticias\/#\/schema\/person\/image\/\",\"url\":\"https:\/\/secure.gravatar.com\/avatar\/cef3014f9ca74cf54fb41dc01807a08b?s=96&r=g\",\"contentUrl\":\"https:\/\/secure.gravatar.com\/avatar\/cef3014f9ca74cf54fb41dc01807a08b?s=96&r=g\",\"caption\":\"Leandro Tavares\"},\"url\":\"https:\/\/www.suno.com.br\/noticias\/author\/leandro-sbtavaresgmail-com\/\"}]}<\/script>\n<!-- \/ Yoast SEO plugin. -->","yoast_head_json":{"title":"Acionistas do GPA (PCAR3) d\u00e3o aval para aumento de capital","description":"Os acionistas do GPA aprovaram, por meio de assembleia geral extraordin\u00e1ria, um aumento de capital de at\u00e9 800 milh\u00f5es de a\u00e7\u00f5es ordin\u00e1rias.","robots":{"index":"index","follow":"follow","max-snippet":"max-snippet:-1","max-image-preview":"max-image-preview:large","max-video-preview":"max-video-preview:-1"},"canonical":"https:\/\/www.suno.com.br\/noticias\/gpa-pcar3-pao-de-acucar-aumento-de-capital-lt\/","og_locale":"pt_BR","og_type":"article","og_title":"Acionistas do GPA (PCAR3) d\u00e3o aval para aumento de capital","og_description":"Os acionistas do GPA aprovaram, por meio de assembleia geral extraordin\u00e1ria, um aumento de capital de at\u00e9 800 milh\u00f5es de a\u00e7\u00f5es ordin\u00e1rias.","og_url":"https:\/\/www.suno.com.br\/noticias\/gpa-pcar3-pao-de-acucar-aumento-de-capital-lt\/","og_site_name":"Suno Not\u00edcias","article_publisher":"https:\/\/facebook.com\/sunoresearch","og_image":[{"width":1200,"height":846,"url":"https:\/\/files.sunoresearch.com.br\/n\/uploads\/2021\/03\/4d574dc7-gpa-pao-de-acucar.jpg","type":"image\/jpeg"}],"author":"Leandro Tavares","twitter_card":"summary_large_image","twitter_creator":"@sunoresearch","twitter_site":"@sunoresearch","twitter_misc":{"Escrito por":"Leandro Tavares","Est. tempo de leitura":"5 minutos"},"schema":{"@context":"https:\/\/schema.org","@graph":[{"@type":"NewsArticle","@id":"https:\/\/www.suno.com.br\/noticias\/gpa-pcar3-pao-de-acucar-aumento-de-capital-lt\/#article","isPartOf":{"@id":"https:\/\/www.suno.com.br\/noticias\/gpa-pcar3-pao-de-acucar-aumento-de-capital-lt\/"},"author":{"name":"Leandro Tavares","@id":"https:\/\/www.suno.com.br\/noticias\/#\/schema\/person\/96b86313436a5af8c004989de27d4962"},"headline":"Acionistas do GPA (PCAR3) d\u00e3o aval para aumento de capital; veja os detalhes","datePublished":"2024-01-23T01:06:49+00:00","dateModified":"2024-01-23T01:06:56+00:00","mainEntityOfPage":{"@id":"https:\/\/www.suno.com.br\/noticias\/gpa-pcar3-pao-de-acucar-aumento-de-capital-lt\/"},"wordCount":925,"publisher":{"@id":"https:\/\/www.suno.com.br\/noticias\/#organization"},"image":{"@id":"https:\/\/www.suno.com.br\/noticias\/gpa-pcar3-pao-de-acucar-aumento-de-capital-lt\/#primaryimage"},"thumbnailUrl":"https:\/\/files.sunoresearch.com.br\/n\/uploads\/2021\/03\/4d574dc7-gpa-pao-de-acucar-jpg.webp","keywords":["A\u00e7\u00f5es","Grupo P\u00e3o de A\u00e7\u00facar (PCAR3\/PCAR4)"],"articleSection":["Mercado"],"inLanguage":"pt-BR"},{"@type":"WebPage","@id":"https:\/\/www.suno.com.br\/noticias\/gpa-pcar3-pao-de-acucar-aumento-de-capital-lt\/","url":"https:\/\/www.suno.com.br\/noticias\/gpa-pcar3-pao-de-acucar-aumento-de-capital-lt\/","name":"Acionistas do GPA (PCAR3) d\u00e3o aval para aumento de capital","isPartOf":{"@id":"https:\/\/www.suno.com.br\/noticias\/#website"},"primaryImageOfPage":{"@id":"https:\/\/www.suno.com.br\/noticias\/gpa-pcar3-pao-de-acucar-aumento-de-capital-lt\/#primaryimage"},"image":{"@id":"https:\/\/www.suno.com.br\/noticias\/gpa-pcar3-pao-de-acucar-aumento-de-capital-lt\/#primaryimage"},"thumbnailUrl":"https:\/\/files.sunoresearch.com.br\/n\/uploads\/2021\/03\/4d574dc7-gpa-pao-de-acucar-jpg.webp","datePublished":"2024-01-23T01:06:49+00:00","dateModified":"2024-01-23T01:06:56+00:00","description":"Os acionistas do GPA aprovaram, por meio de assembleia geral extraordin\u00e1ria, um aumento de capital de at\u00e9 800 milh\u00f5es de a\u00e7\u00f5es ordin\u00e1rias.","breadcrumb":{"@id":"https:\/\/www.suno.com.br\/noticias\/gpa-pcar3-pao-de-acucar-aumento-de-capital-lt\/#breadcrumb"},"inLanguage":"pt-BR","potentialAction":[{"@type":"ReadAction","target":["https:\/\/www.suno.com.br\/noticias\/gpa-pcar3-pao-de-acucar-aumento-de-capital-lt\/"]}]},{"@type":"ImageObject","inLanguage":"pt-BR","@id":"https:\/\/www.suno.com.br\/noticias\/gpa-pcar3-pao-de-acucar-aumento-de-capital-lt\/#primaryimage","url":"https:\/\/files.sunoresearch.com.br\/n\/uploads\/2021\/03\/4d574dc7-gpa-pao-de-acucar-jpg.webp","contentUrl":"https:\/\/files.sunoresearch.com.br\/n\/uploads\/2021\/03\/4d574dc7-gpa-pao-de-acucar-jpg.webp","width":1200,"height":846,"caption":"GPA - P\u00e3o de A\u00e7\u00facar (PCAR3). Foto: Divulga\u00e7\u00e3o"},{"@type":"BreadcrumbList","@id":"https:\/\/www.suno.com.br\/noticias\/gpa-pcar3-pao-de-acucar-aumento-de-capital-lt\/#breadcrumb","itemListElement":[{"@type":"ListItem","position":1,"name":"Not\u00edcias","item":"https:\/\/www.suno.com.br\/noticias\/"},{"@type":"ListItem","position":2,"name":"Mercado","item":"https:\/\/www.suno.com.br\/noticias\/mercado\/"},{"@type":"ListItem","position":3,"name":"Acionistas do GPA (PCAR3) d\u00e3o aval para aumento de capital; veja os detalhes"}]},{"@type":"WebSite","@id":"https:\/\/www.suno.com.br\/noticias\/#website","url":"https:\/\/www.suno.com.br\/noticias\/","name":"Suno Not\u00edcias","description":"Seu portal de informa\u00e7\u00e3o sobre o mundo dos investimentos","publisher":{"@id":"https:\/\/www.suno.com.br\/noticias\/#organization"},"potentialAction":[{"@type":"SearchAction","target":{"@type":"EntryPoint","urlTemplate":"https:\/\/www.suno.com.br\/noticias\/?s={search_term_string}"},"query-input":{"@type":"PropertyValueSpecification","valueRequired":true,"valueName":"search_term_string"}}],"inLanguage":"pt-BR"},{"@type":"Organization","@id":"https:\/\/www.suno.com.br\/noticias\/#organization","name":"Suno Not\u00edcias","url":"https:\/\/www.suno.com.br\/noticias\/","logo":{"@type":"ImageObject","inLanguage":"pt-BR","@id":"https:\/\/www.suno.com.br\/noticias\/#\/schema\/logo\/image\/","url":"https:\/\/files.sunoresearch.com.br\/n\/uploads\/2021\/09\/suno-logo.png","contentUrl":"https:\/\/files.sunoresearch.com.br\/n\/uploads\/2021\/09\/suno-logo.png","width":180,"height":180,"caption":"Suno Not\u00edcias"},"image":{"@id":"https:\/\/www.suno.com.br\/noticias\/#\/schema\/logo\/image\/"},"sameAs":["https:\/\/facebook.com\/sunoresearch","https:\/\/x.com\/sunoresearch","https:\/\/www.instagram.com\/suno","https:\/\/www.linkedin.com\/company\/suno-research\/","https:\/\/www.youtube.com\/c\/sunoresearch"]},{"@type":"Person","@id":"https:\/\/www.suno.com.br\/noticias\/#\/schema\/person\/96b86313436a5af8c004989de27d4962","name":"Leandro Tavares","image":{"@type":"ImageObject","inLanguage":"pt-BR","@id":"https:\/\/www.suno.com.br\/noticias\/#\/schema\/person\/image\/","url":"https:\/\/secure.gravatar.com\/avatar\/cef3014f9ca74cf54fb41dc01807a08b?s=96&r=g","contentUrl":"https:\/\/secure.gravatar.com\/avatar\/cef3014f9ca74cf54fb41dc01807a08b?s=96&r=g","caption":"Leandro Tavares"},"url":"https:\/\/www.suno.com.br\/noticias\/author\/leandro-sbtavaresgmail-com\/"}]}},"default_loop_html":"<div class=\"cardsPage__listCard__boxs\"><div class=\"cardsPage__listCard__boxs__img\"><a href=\"https:\/\/www.suno.com.br\/noticias\/gpa-pcar3-pao-de-acucar-aumento-de-capital-lt\/\"><img class=\"mask\" src=\"https:\/\/www.suno.com.br\/noticias\/wp-content\/themes\/suno\/resources\/images\/spotlight\/spotlight1img\/bg-mask.png\" alt=\"Image Mask\"\/><img src=\"https:\/\/files.sunoresearch.com.br\/n\/uploads\/2021\/03\/4d574dc7-gpa-pao-de-acucar-400x200.webp\" alt=\"Acionistas do GPA (PCAR3) d\u00e3o aval para aumento de capital; veja os detalhes\"\/><\/a><span class=\"spotlightCategory\"><a href=\"https:\/\/www.suno.com.br\/noticias\/mercado\/\">Mercado<\/a><\/span><\/div><div class=\"cardsPage__listCard__boxs__content\"><a href=\"https:\/\/www.suno.com.br\/noticias\/gpa-pcar3-pao-de-acucar-aumento-de-capital-lt\/\"><h2 class=\"content__title\">Acionistas do GPA (PCAR3) d\u00e3o aval para aumento de capital; veja os detalhes<\/h2><\/a><div class=\"newsContent__article__meta\"><div class=\"newsContent__article__meta__authorBox\"><a href=\"https:\/\/www.suno.com.br\/noticias\/author\/leandro-sbtavaresgmail-com\/\" class=\"authorBox__avatar noMobi\"><img src=\"https:\/\/files.sunoresearch.com.br\/n\/uploads\/2024\/01\/Foto-150x150.jpg\" alt=\"Leandro Tavares\"><\/a><div class=\"authorBox__name\"><span>por\n\t\t\t<a href=\"https:\/\/www.suno.com.br\/noticias\/author\/leandro-sbtavaresgmail-com\/\"><span itemprop=\"author\">Leandro Tavares<\/span><\/a><\/span><time datetime=\"2024-01-22T22:06:49-03:00\" itemprop=\"datePublished\">22\/01\/2024 22:06<\/time><\/div><\/div><\/div><\/div><\/div>","single_layout":"posts","amp_enabled":true,"_links":{"self":[{"href":"https:\/\/www.suno.com.br\/noticias\/wp-json\/wp\/v2\/posts\/514287"}],"collection":[{"href":"https:\/\/www.suno.com.br\/noticias\/wp-json\/wp\/v2\/posts"}],"about":[{"href":"https:\/\/www.suno.com.br\/noticias\/wp-json\/wp\/v2\/types\/post"}],"author":[{"embeddable":true,"href":"https:\/\/www.suno.com.br\/noticias\/wp-json\/wp\/v2\/users\/340"}],"replies":[{"embeddable":true,"href":"https:\/\/www.suno.com.br\/noticias\/wp-json\/wp\/v2\/comments?post=514287"}],"version-history":[{"count":2,"href":"https:\/\/www.suno.com.br\/noticias\/wp-json\/wp\/v2\/posts\/514287\/revisions"}],"predecessor-version":[{"id":514326,"href":"https:\/\/www.suno.com.br\/noticias\/wp-json\/wp\/v2\/posts\/514287\/revisions\/514326"}],"wp:featuredmedia":[{"embeddable":true,"href":"https:\/\/www.suno.com.br\/noticias\/wp-json\/wp\/v2\/media\/130365"}],"wp:attachment":[{"href":"https:\/\/www.suno.com.br\/noticias\/wp-json\/wp\/v2\/media?parent=514287"}],"wp:term":[{"taxonomy":"category","embeddable":true,"href":"https:\/\/www.suno.com.br\/noticias\/wp-json\/wp\/v2\/categories?post=514287"},{"taxonomy":"post_tag","embeddable":true,"href":"https:\/\/www.suno.com.br\/noticias\/wp-json\/wp\/v2\/tags?post=514287"},{"taxonomy":"suno_strategy","embeddable":true,"href":"https:\/\/www.suno.com.br\/noticias\/wp-json\/wp\/v2\/suno_strategy?post=514287"}],"curies":[{"name":"wp","href":"https:\/\/api.w.org\/{rel}","templated":true}]}}