{"id":514225,"date":"2024-01-22T21:49:27","date_gmt":"2024-01-23T00:49:27","guid":{"rendered":"https:\/\/www.suno.com.br\/noticias\/?p=514225"},"modified":"2024-01-22T21:49:30","modified_gmt":"2024-01-23T00:49:30","slug":"orcamento-2024-lula-sanciona-fundao-corta-r-56-bi-emendas","status":"publish","type":"post","link":"https:\/\/www.suno.com.br\/noticias\/orcamento-2024-lula-sanciona-fundao-corta-r-56-bi-emendas\/","title":{"rendered":"Or\u00e7amento de 2024: Lula sanciona com R$ 4,9 bi para &#8216;fund\u00e3o&#8217; e corta R$ 5,6 bi de emendas"},"content":{"rendered":"<p>O presidente Luiz In\u00e1cio Lula da Silva sancionou nesta segunda-feira, 22, a <a class=\"suno-keyword\" target=\"_blank\" data-force=\"no\" data-priority=\"2\" href=\"https:\/\/www.suno.com.br\/artigos\/lei-orcamentaria-anual\/\" rel=\"noopener\">Lei Or\u00e7ament\u00e1ria Anual<\/a> (LOA) com vetos que incluem um corte de R$ 5,6 bilh\u00f5es em emendas parlamentares. A informa\u00e7\u00e3o foi confirmada pelo relator do <strong>Or\u00e7amento de 2024<\/strong>, deputado Luiz Carlos Motta (PL-SP).<\/p>\t<div class=\"wrapper-featured-image\">\n\t\t<figure class=\"spotlightImg\">\n\n\t\t\t<picture>\n\t\t\t\t<source media=\"(max-width: 768px)\" srcset=\"https:\/\/files.sunoresearch.com.br\/n\/uploads\/2023\/01\/luiz-inacio-lula-da-silva-400x200.jpg\">\n\t\t\t\t<img loading=\"lazy\" decoding=\"async\" class=\"newsContent__article__imgCapa lazyloadDisabled \" src=\"https:\/\/files.sunoresearch.com.br\/n\/uploads\/2023\/01\/luiz-inacio-lula-da-silva-800x450.jpg\" width=\"800\" height=\"450\" alt=\"Or\u00e7amento de 2024: Lula sanciona com R$ 4,9 bi para &#8216;fund\u00e3o&#8217; e corta R$ 5,6 bi de emendas\" fetchpriority=high \/>\n\t\t\t<\/picture>\n\n\t\t\t<figcaption class=\"wp-caption-text wp-caption-text--show\">O presidente Luiz In\u00e1cio Lula da Silva. Foto: Fabio Rodrigues-Pozzebom\/ Ag\u00eancia Brasil<\/figcaption>\n\t\t<\/figure>\n\t<\/div>\n\n\n\n\n\n\t<p>\n\t\t<a href=\"\" target=\"_blank\" data-element=\"shortcode-suno-banner\" title=\"Banner SUNO, clique e saiba mais\">\n\t\t\t<picture>\n\t\t\t\t<source media=\"(max-width: 500px)\" srcset=\"\">\n\t\t\t\t<img class=\"newsContent__article__imgCapa newsContent__article__imgCapa--banner\"\n\t\t\t\t\tsrc=\"\"\n\t\t\t\t\tdata-promo-id=\"240038\"\t\t\t\t\t\t\t\t\t\t\t\t\t\t\talt=\"\"\n\t\t\t\t>\n\t\t\t<\/picture>\n\t\t<\/a>\n\t<\/p>\n\n\n\n\n\n\n\n<p>O valor de R$ 4,9 bilh\u00f5es do <strong>Fundo Eleitoral no Or\u00e7amento 2024<\/strong> para campanhas municipais, aprovado pelo Congresso em dezembro do ano passado, a princ\u00edpio, foi mantido, segundo o senador Randolfe Rodrigues, l\u00edder do governo no Congresso. &#8220;Falando pela \u00e1rea econ\u00f4mica do governo, at\u00e9 poder\u00edamos optar ou preferir um fundo menor, mas foi uma decis\u00e3o do Congresso&#8221;, disse.<\/p>\n\n\n\n<p>O corte nas <strong>emendas de comiss\u00e3o no Or\u00e7amento 2024<\/strong> foi necess\u00e1rio devido \u00e0 diferen\u00e7a entre o IPCA estimado e o realizado &#8211; a infla\u00e7\u00e3o de 2023 fechou em 4,62%, mas as despesas foram calculadas sobre proje\u00e7\u00e3o de alta de 4,85%. Essas emendas s\u00e3o consideradas as &#8220;herdeiras&#8221; do chamado Or\u00e7amento Secreto, extinto pelo Supremo Tribunal Federal (STF) em 2022, porque tamb\u00e9m seguem a l\u00f3gica de distribui\u00e7\u00e3o segundo os interesses das c\u00fapulas da C\u00e2mara e do Senado.<\/p>\n\n\n\n<p>&#8220;O <strong>presidente Lula<\/strong> sancionou o Or\u00e7amento 2024 com alguns vetos. A ministra do Planejamento, Simone Tebet, vai concluir de onde (nas comiss\u00f5es) v\u00e3o ser retirados esses vetos nos pr\u00f3ximos dias. Logicamente, pela redu\u00e7\u00e3o do IPCA, o governo perdeu a arrecada\u00e7\u00e3o e, por isso, ele teve que fazer alguns cortes, que a ministra se comprometeu em fazer isso o mais r\u00e1pido poss\u00edvel, para nos passar e discutirmos como vai ser a reposi\u00e7\u00e3o disso&#8221;, afirmou.<\/p>\n\n\n\n<p>Motta confirmou que a diferen\u00e7a apresentada por Tebet em reuni\u00e3o foi de R$ 5,6 bilh\u00f5es, e que a <strong>redu\u00e7\u00e3o no Or\u00e7amento<\/strong> inclu\u00eda as emendas, mas sem especificar o tipo. O <i>Estad\u00e3o\/Broadcast<\/i> (sistema de not\u00edcias em tempo real do Grupo Estado) antecipou na sexta-feira, 19, que havia a expectativa de veto de R$ 5,5 bilh\u00f5es do total de R$ 16,6 bilh\u00f5es destinados \u00e0s emendas de comiss\u00e3o.<\/p>\n\n\n\n<p>O prazo para a <strong>san\u00e7\u00e3o do Or\u00e7amento<\/strong> termina nesta segunda-feira, 22. Motta inicialmente havia dito que o <strong>minist\u00e9rio do Planejamento<\/strong> apresentaria as op\u00e7\u00f5es de corte at\u00e9 a pr\u00f3xima semana. &#8220;A ministra do Planejamento ficou de fazer isso o mais r\u00e1pido poss\u00edvel porque ela ainda n\u00e3o tem onde vai ser cortado, vai fazer durante esses pr\u00f3ximos dias e se comprometeu a se reunir com a gente na pr\u00f3xima semana ou no comecinho de fevereiro para analisarmos&#8221;, disse.<\/p>\n\n\n\n<p>Ainda segundo o deputado, o governo teria se comprometido a negociar a reconstru\u00e7\u00e3o do valor total de emendas.<\/p>\n\n\n\n<p>Motta participou de reuni\u00e3o com o presidente Lula e os <strong>ministros Simone Tebet <\/strong>(Planejamento), Rui Costa (Casa Civil), Alexandre Padilha (Rela\u00e7\u00f5es Institucionais) e Esther Dweck (Gest\u00e3o).<\/p>\n\n\n\t<p>\n\t\t<a href=\"https:\/\/lp.suno.com.br\/ebook-gratuito-investindo-no-exterior\/\" target=\"_blank\" data-element=\"shortcode-suno-banner\" title=\"Banner SUNO, clique e saiba mais\">\n\t\t\t<picture>\n\t\t\t\t<source media=\"(max-width: 500px)\" srcset=\"https:\/\/files.sunoresearch.com.br\/n\/uploads\/2023\/03\/400x300-Investindo-no-exterior.png\">\n\t\t\t\t<img class=\"newsContent__article__imgCapa newsContent__article__imgCapa--banner\"\n\t\t\t\t\tsrc=\"https:\/\/files.sunoresearch.com.br\/n\/uploads\/2023\/03\/1420x240-Investindo-no-exterior.png\"\n\t\t\t\t\tdata-promo-id=\"383161\"\t\t\t\t\t\t\t\t\t\twidth='1420' height='240'\t\t\t\t\talt=\"https:\/\/files.sunoresearch.com.br\/n\/uploads\/2023\/03\/1420x240-Investindo-no-exterior.png\"\n\t\t\t\t>\n\t\t\t<\/picture>\n\t\t<\/a>\n\t<\/p>\n\n\n\n\n\n<h2 class=\"wp-block-heading\">Novo PAC no Or\u00e7amento 2024 <\/h2>\n\n\n\n<p>O senador Randolfe Rodrigues tamb\u00e9m esteve no encontro. Segundo ele, o<strong> veto na LOA<\/strong> n\u00e3o necessariamente foi para alocar recursos no Novo Programa de Acelera\u00e7\u00e3o (<strong>PAC<\/strong>), e a pe\u00e7a or\u00e7ament\u00e1ria ser\u00e1 sancionada com R$ 54,5 bilh\u00f5es ao programa.<\/p>\n\n\n\n<p>\u00c0 imprensa ap\u00f3s a reuni\u00e3o, o senador confirmou que o veto de R$ 5,6 bilh\u00f5es se refere \u00e0s emendas de comiss\u00e3o. De acordo com ele, contudo, o veto foi &#8220;unicamente&#8221; devido \u00e0 diferen\u00e7a entre o IPCA estimado e o realizado.<\/p>\n\n\n\n<p>&#8220;Tem uma circunst\u00e2ncia no or\u00e7amento que temos, governo e Congresso, que celebrar, que \u00e9 o fato de termos tido uma infla\u00e7\u00e3o menor. Tendo infla\u00e7\u00e3o menor, temos uma previs\u00e3o de receita menor. Isso imp\u00f4s alguns vetos. Tivemos que destinar um veto de R$ 5,6 bilh\u00f5es, estabelecendo R$ 11 bilh\u00f5es para os recursos de comiss\u00e3o&#8221;, afirmou.<\/p>\n\n\n\n<p>Randolfe destacou que o veto visa &#8220;acomodar recursos no or\u00e7amento&#8221;, n\u00e3o necessariamente ao PAC. &#8220;Vamos agora debater o <strong>Or\u00e7amento 2024<\/strong> e conversar com o Congresso para encontrar as melhores solu\u00e7\u00f5es&#8221;.<\/p>\n\n\n\n<p><em>Com Estad\u00e3o Conte\u00fado<\/em><\/p>\n\n\n\t<p>\n\t\t<a href=\"https:\/\/lp.suno.com.br\/planilha-da-vida-financeira\/\" target=\"_blank\" data-element=\"shortcode-suno-banner\" title=\"Banner SUNO, clique e saiba mais\">\n\t\t\t<picture>\n\t\t\t\t<source media=\"(max-width: 500px)\" srcset=\"https:\/\/files.sunoresearch.com.br\/n\/uploads\/2023\/04\/400x300-Planilha-vida-financeira-true.png\">\n\t\t\t\t<img class=\"newsContent__article__imgCapa newsContent__article__imgCapa--banner\"\n\t\t\t\t\tsrc=\"https:\/\/files.sunoresearch.com.br\/n\/uploads\/2023\/04\/1420x240-Planilha-vida-financeira-true.png\"\n\t\t\t\t\tdata-promo-id=\"383123\"\t\t\t\t\t\t\t\t\t\twidth='1420' height='240'\t\t\t\t\talt=\"https:\/\/files.sunoresearch.com.br\/n\/uploads\/2023\/04\/1420x240-Planilha-vida-financeira-true.png\"\n\t\t\t\t>\n\t\t\t<\/picture>\n\t\t<\/a>\n\t<\/p>\n\n\n","protected":false},"excerpt":{"rendered":"<p>O presidente Luiz In\u00e1cio Lula da Silva sancionou nesta segunda-feira, 22, a Lei Or\u00e7ament\u00e1ria Anual (LOA) com vetos que incluem um corte de R$ 5,6 bilh\u00f5es em emendas parlamentares. A informa\u00e7\u00e3o foi confirmada pelo relator do Or\u00e7amento de 2024, deputado Luiz Carlos Motta (PL-SP). O presidente Luiz In\u00e1cio Lula da Silva. Foto: Fabio Rodrigues-Pozzebom\/ Ag\u00eancia [&hellip;]<\/p>\n","protected":false},"author":43,"featured_media":355307,"comment_status":"closed","ping_status":"closed","sticky":false,"template":"","format":"standard","meta":[],"categories":[61],"tags":[709,1128],"suno_strategy":[],"class_list":["post-514225","post","type-post","status-publish","format-standard","has-post-thumbnail","hentry","category-politica","tag-lula","tag-orcamento-publico"],"yoast_head":"<!-- This site is optimized with the Yoast SEO plugin v24.4 - https:\/\/yoast.com\/wordpress\/plugins\/seo\/ -->\n<title>Or\u00e7amento 2024: Lula veta R$ 5,6 bi de emendas e aprova &#039;fund\u00e3o&#039;<\/title>\n<meta name=\"description\" content=\"O presidente Lula sancionou nesta segunda (22), o Or\u00e7amento 2024 com vetos que incluem um corte de R$ 5,6 bilh\u00f5es em emendas parlamentares.\" \/>\n<meta name=\"robots\" content=\"index, follow, max-snippet:-1, max-image-preview:large, max-video-preview:-1\" \/>\n<link rel=\"canonical\" href=\"https:\/\/www.suno.com.br\/noticias\/orcamento-2024-lula-sanciona-fundao-corta-r-56-bi-emendas\/\" \/>\n<meta property=\"og:locale\" content=\"pt_BR\" \/>\n<meta property=\"og:type\" content=\"article\" \/>\n<meta property=\"og:title\" content=\"Or\u00e7amento 2024: Lula veta R$ 5,6 bi de emendas e aprova &#039;fund\u00e3o&#039;\" \/>\n<meta property=\"og:description\" content=\"O presidente Lula sancionou nesta segunda (22), o Or\u00e7amento 2024 com vetos que incluem um corte de R$ 5,6 bilh\u00f5es em emendas parlamentares.\" \/>\n<meta property=\"og:url\" content=\"https:\/\/www.suno.com.br\/noticias\/orcamento-2024-lula-sanciona-fundao-corta-r-56-bi-emendas\/\" \/>\n<meta property=\"og:site_name\" content=\"Suno Not\u00edcias\" \/>\n<meta property=\"article:publisher\" content=\"https:\/\/facebook.com\/sunoresearch\" \/>\n<meta property=\"article:author\" content=\"https:\/\/www.facebook.com\/sunonoticias\/\" \/>\n<meta property=\"og:image\" content=\"https:\/\/files.sunoresearch.com.br\/n\/uploads\/2023\/01\/luiz-inacio-lula-da-silva.jpg\" \/>\n\t<meta property=\"og:image:width\" content=\"1200\" \/>\n\t<meta property=\"og:image:height\" content=\"800\" \/>\n\t<meta property=\"og:image:type\" content=\"image\/jpeg\" \/>\n<meta name=\"author\" content=\"Reda\u00e7\u00e3o Suno Not\u00edcias\" \/>\n<meta name=\"twitter:card\" content=\"summary_large_image\" \/>\n<meta name=\"twitter:creator\" content=\"@https:\/\/twitter.com\/sunoresearch\" \/>\n<meta name=\"twitter:site\" content=\"@sunoresearch\" \/>\n<meta name=\"twitter:label1\" content=\"Escrito por\" \/>\n\t<meta name=\"twitter:data1\" content=\"Reda\u00e7\u00e3o Suno Not\u00edcias\" \/>\n\t<meta name=\"twitter:label2\" content=\"Est. tempo de leitura\" \/>\n\t<meta name=\"twitter:data2\" content=\"4 minutos\" \/>\n<script type=\"application\/ld+json\" class=\"yoast-schema-graph\">{\"@context\":\"https:\/\/schema.org\",\"@graph\":[{\"@type\":\"NewsArticle\",\"@id\":\"https:\/\/www.suno.com.br\/noticias\/orcamento-2024-lula-sanciona-fundao-corta-r-56-bi-emendas\/#article\",\"isPartOf\":{\"@id\":\"https:\/\/www.suno.com.br\/noticias\/orcamento-2024-lula-sanciona-fundao-corta-r-56-bi-emendas\/\"},\"author\":{\"name\":\"Reda\u00e7\u00e3o Suno Not\u00edcias\",\"@id\":\"https:\/\/www.suno.com.br\/noticias\/#\/schema\/person\/c1b1bd3727fa852bd045e9dbff3673ea\"},\"headline\":\"Or\u00e7amento de 2024: Lula sanciona com R$ 4,9 bi para &#8216;fund\u00e3o&#8217; e corta R$ 5,6 bi de emendas\",\"datePublished\":\"2024-01-23T00:49:27+00:00\",\"dateModified\":\"2024-01-23T00:49:30+00:00\",\"mainEntityOfPage\":{\"@id\":\"https:\/\/www.suno.com.br\/noticias\/orcamento-2024-lula-sanciona-fundao-corta-r-56-bi-emendas\/\"},\"wordCount\":694,\"publisher\":{\"@id\":\"https:\/\/www.suno.com.br\/noticias\/#organization\"},\"image\":{\"@id\":\"https:\/\/www.suno.com.br\/noticias\/orcamento-2024-lula-sanciona-fundao-corta-r-56-bi-emendas\/#primaryimage\"},\"thumbnailUrl\":\"https:\/\/files.sunoresearch.com.br\/n\/uploads\/2023\/01\/luiz-inacio-lula-da-silva.jpg\",\"keywords\":[\"Lula\",\"Or\u00e7amento P\u00fablico\"],\"articleSection\":[\"Pol\u00edtica\"],\"inLanguage\":\"pt-BR\"},{\"@type\":\"WebPage\",\"@id\":\"https:\/\/www.suno.com.br\/noticias\/orcamento-2024-lula-sanciona-fundao-corta-r-56-bi-emendas\/\",\"url\":\"https:\/\/www.suno.com.br\/noticias\/orcamento-2024-lula-sanciona-fundao-corta-r-56-bi-emendas\/\",\"name\":\"Or\u00e7amento 2024: Lula veta R$ 5,6 bi de emendas e aprova 'fund\u00e3o'\",\"isPartOf\":{\"@id\":\"https:\/\/www.suno.com.br\/noticias\/#website\"},\"primaryImageOfPage\":{\"@id\":\"https:\/\/www.suno.com.br\/noticias\/orcamento-2024-lula-sanciona-fundao-corta-r-56-bi-emendas\/#primaryimage\"},\"image\":{\"@id\":\"https:\/\/www.suno.com.br\/noticias\/orcamento-2024-lula-sanciona-fundao-corta-r-56-bi-emendas\/#primaryimage\"},\"thumbnailUrl\":\"https:\/\/files.sunoresearch.com.br\/n\/uploads\/2023\/01\/luiz-inacio-lula-da-silva.jpg\",\"datePublished\":\"2024-01-23T00:49:27+00:00\",\"dateModified\":\"2024-01-23T00:49:30+00:00\",\"description\":\"O presidente Lula sancionou nesta segunda (22), o Or\u00e7amento 2024 com vetos que incluem um corte de R$ 5,6 bilh\u00f5es em emendas parlamentares.\",\"breadcrumb\":{\"@id\":\"https:\/\/www.suno.com.br\/noticias\/orcamento-2024-lula-sanciona-fundao-corta-r-56-bi-emendas\/#breadcrumb\"},\"inLanguage\":\"pt-BR\",\"potentialAction\":[{\"@type\":\"ReadAction\",\"target\":[\"https:\/\/www.suno.com.br\/noticias\/orcamento-2024-lula-sanciona-fundao-corta-r-56-bi-emendas\/\"]}]},{\"@type\":\"ImageObject\",\"inLanguage\":\"pt-BR\",\"@id\":\"https:\/\/www.suno.com.br\/noticias\/orcamento-2024-lula-sanciona-fundao-corta-r-56-bi-emendas\/#primaryimage\",\"url\":\"https:\/\/files.sunoresearch.com.br\/n\/uploads\/2023\/01\/luiz-inacio-lula-da-silva.jpg\",\"contentUrl\":\"https:\/\/files.sunoresearch.com.br\/n\/uploads\/2023\/01\/luiz-inacio-lula-da-silva.jpg\",\"width\":1200,\"height\":800,\"caption\":\"O presidente Luiz In\u00e1cio Lula da Silva. Foto: Fabio Rodrigues-Pozzebom\/ Ag\u00eancia Brasil\"},{\"@type\":\"BreadcrumbList\",\"@id\":\"https:\/\/www.suno.com.br\/noticias\/orcamento-2024-lula-sanciona-fundao-corta-r-56-bi-emendas\/#breadcrumb\",\"itemListElement\":[{\"@type\":\"ListItem\",\"position\":1,\"name\":\"Not\u00edcias\",\"item\":\"https:\/\/www.suno.com.br\/noticias\/\"},{\"@type\":\"ListItem\",\"position\":2,\"name\":\"Pol\u00edtica\",\"item\":\"https:\/\/www.suno.com.br\/noticias\/politica\/\"},{\"@type\":\"ListItem\",\"position\":3,\"name\":\"Or\u00e7amento de 2024: Lula sanciona com R$ 4,9 bi para &#8216;fund\u00e3o&#8217; e corta R$ 5,6 bi de emendas\"}]},{\"@type\":\"WebSite\",\"@id\":\"https:\/\/www.suno.com.br\/noticias\/#website\",\"url\":\"https:\/\/www.suno.com.br\/noticias\/\",\"name\":\"Suno Not\u00edcias\",\"description\":\"Seu portal de informa\u00e7\u00e3o sobre o mundo dos investimentos\",\"publisher\":{\"@id\":\"https:\/\/www.suno.com.br\/noticias\/#organization\"},\"potentialAction\":[{\"@type\":\"SearchAction\",\"target\":{\"@type\":\"EntryPoint\",\"urlTemplate\":\"https:\/\/www.suno.com.br\/noticias\/?s={search_term_string}\"},\"query-input\":{\"@type\":\"PropertyValueSpecification\",\"valueRequired\":true,\"valueName\":\"search_term_string\"}}],\"inLanguage\":\"pt-BR\"},{\"@type\":\"Organization\",\"@id\":\"https:\/\/www.suno.com.br\/noticias\/#organization\",\"name\":\"Suno Not\u00edcias\",\"url\":\"https:\/\/www.suno.com.br\/noticias\/\",\"logo\":{\"@type\":\"ImageObject\",\"inLanguage\":\"pt-BR\",\"@id\":\"https:\/\/www.suno.com.br\/noticias\/#\/schema\/logo\/image\/\",\"url\":\"https:\/\/files.sunoresearch.com.br\/n\/uploads\/2021\/09\/suno-logo.png\",\"contentUrl\":\"https:\/\/files.sunoresearch.com.br\/n\/uploads\/2021\/09\/suno-logo.png\",\"width\":180,\"height\":180,\"caption\":\"Suno Not\u00edcias\"},\"image\":{\"@id\":\"https:\/\/www.suno.com.br\/noticias\/#\/schema\/logo\/image\/\"},\"sameAs\":[\"https:\/\/facebook.com\/sunoresearch\",\"https:\/\/x.com\/sunoresearch\",\"https:\/\/www.instagram.com\/suno\",\"https:\/\/www.linkedin.com\/company\/suno-research\/\",\"https:\/\/www.youtube.com\/c\/sunoresearch\"]},{\"@type\":\"Person\",\"@id\":\"https:\/\/www.suno.com.br\/noticias\/#\/schema\/person\/c1b1bd3727fa852bd045e9dbff3673ea\",\"name\":\"Reda\u00e7\u00e3o Suno Not\u00edcias\",\"image\":{\"@type\":\"ImageObject\",\"inLanguage\":\"pt-BR\",\"@id\":\"https:\/\/www.suno.com.br\/noticias\/#\/schema\/person\/image\/\",\"url\":\"https:\/\/secure.gravatar.com\/avatar\/b8104b9b5a71985d5238ee59fbe418af?s=96&r=g\",\"contentUrl\":\"https:\/\/secure.gravatar.com\/avatar\/b8104b9b5a71985d5238ee59fbe418af?s=96&r=g\",\"caption\":\"Reda\u00e7\u00e3o Suno Not\u00edcias\"},\"description\":\"O Suno Not\u00edcias \u00e9 um portal de informa\u00e7\u00f5es sobre Mercado Financeiro, Pol\u00edtica, Neg\u00f3cios, Economia e Finan\u00e7as Pessoais.\",\"sameAs\":[\"https:\/\/www.suno.com.br\/noticias\",\"https:\/\/www.facebook.com\/sunonoticias\/\",\"https:\/\/www.instagram.com\/sunonoticias\/\",\"https:\/\/x.com\/https:\/\/twitter.com\/sunoresearch\",\"https:\/\/www.youtube.com\/sunonoticias\"],\"url\":\"https:\/\/www.suno.com.br\/noticias\/author\/redacao-suno\/\"}]}<\/script>\n<!-- \/ Yoast SEO plugin. -->","yoast_head_json":{"title":"Or\u00e7amento 2024: Lula veta R$ 5,6 bi de emendas e aprova 'fund\u00e3o'","description":"O presidente Lula sancionou nesta segunda (22), o Or\u00e7amento 2024 com vetos que incluem um corte de R$ 5,6 bilh\u00f5es em emendas parlamentares.","robots":{"index":"index","follow":"follow","max-snippet":"max-snippet:-1","max-image-preview":"max-image-preview:large","max-video-preview":"max-video-preview:-1"},"canonical":"https:\/\/www.suno.com.br\/noticias\/orcamento-2024-lula-sanciona-fundao-corta-r-56-bi-emendas\/","og_locale":"pt_BR","og_type":"article","og_title":"Or\u00e7amento 2024: Lula veta R$ 5,6 bi de emendas e aprova 'fund\u00e3o'","og_description":"O presidente Lula sancionou nesta segunda (22), o Or\u00e7amento 2024 com vetos que incluem um corte de R$ 5,6 bilh\u00f5es em emendas parlamentares.","og_url":"https:\/\/www.suno.com.br\/noticias\/orcamento-2024-lula-sanciona-fundao-corta-r-56-bi-emendas\/","og_site_name":"Suno Not\u00edcias","article_publisher":"https:\/\/facebook.com\/sunoresearch","article_author":"https:\/\/www.facebook.com\/sunonoticias\/","og_image":[{"width":1200,"height":800,"url":"https:\/\/files.sunoresearch.com.br\/n\/uploads\/2023\/01\/luiz-inacio-lula-da-silva.jpg","type":"image\/jpeg"}],"author":"Reda\u00e7\u00e3o Suno Not\u00edcias","twitter_card":"summary_large_image","twitter_creator":"@https:\/\/twitter.com\/sunoresearch","twitter_site":"@sunoresearch","twitter_misc":{"Escrito por":"Reda\u00e7\u00e3o Suno Not\u00edcias","Est. tempo de leitura":"4 minutos"},"schema":{"@context":"https:\/\/schema.org","@graph":[{"@type":"NewsArticle","@id":"https:\/\/www.suno.com.br\/noticias\/orcamento-2024-lula-sanciona-fundao-corta-r-56-bi-emendas\/#article","isPartOf":{"@id":"https:\/\/www.suno.com.br\/noticias\/orcamento-2024-lula-sanciona-fundao-corta-r-56-bi-emendas\/"},"author":{"name":"Reda\u00e7\u00e3o Suno Not\u00edcias","@id":"https:\/\/www.suno.com.br\/noticias\/#\/schema\/person\/c1b1bd3727fa852bd045e9dbff3673ea"},"headline":"Or\u00e7amento de 2024: Lula sanciona com R$ 4,9 bi para &#8216;fund\u00e3o&#8217; e corta R$ 5,6 bi de emendas","datePublished":"2024-01-23T00:49:27+00:00","dateModified":"2024-01-23T00:49:30+00:00","mainEntityOfPage":{"@id":"https:\/\/www.suno.com.br\/noticias\/orcamento-2024-lula-sanciona-fundao-corta-r-56-bi-emendas\/"},"wordCount":694,"publisher":{"@id":"https:\/\/www.suno.com.br\/noticias\/#organization"},"image":{"@id":"https:\/\/www.suno.com.br\/noticias\/orcamento-2024-lula-sanciona-fundao-corta-r-56-bi-emendas\/#primaryimage"},"thumbnailUrl":"https:\/\/files.sunoresearch.com.br\/n\/uploads\/2023\/01\/luiz-inacio-lula-da-silva.jpg","keywords":["Lula","Or\u00e7amento P\u00fablico"],"articleSection":["Pol\u00edtica"],"inLanguage":"pt-BR"},{"@type":"WebPage","@id":"https:\/\/www.suno.com.br\/noticias\/orcamento-2024-lula-sanciona-fundao-corta-r-56-bi-emendas\/","url":"https:\/\/www.suno.com.br\/noticias\/orcamento-2024-lula-sanciona-fundao-corta-r-56-bi-emendas\/","name":"Or\u00e7amento 2024: Lula veta R$ 5,6 bi de emendas e aprova 'fund\u00e3o'","isPartOf":{"@id":"https:\/\/www.suno.com.br\/noticias\/#website"},"primaryImageOfPage":{"@id":"https:\/\/www.suno.com.br\/noticias\/orcamento-2024-lula-sanciona-fundao-corta-r-56-bi-emendas\/#primaryimage"},"image":{"@id":"https:\/\/www.suno.com.br\/noticias\/orcamento-2024-lula-sanciona-fundao-corta-r-56-bi-emendas\/#primaryimage"},"thumbnailUrl":"https:\/\/files.sunoresearch.com.br\/n\/uploads\/2023\/01\/luiz-inacio-lula-da-silva.jpg","datePublished":"2024-01-23T00:49:27+00:00","dateModified":"2024-01-23T00:49:30+00:00","description":"O presidente Lula sancionou nesta segunda (22), o Or\u00e7amento 2024 com vetos que incluem um corte de R$ 5,6 bilh\u00f5es em emendas parlamentares.","breadcrumb":{"@id":"https:\/\/www.suno.com.br\/noticias\/orcamento-2024-lula-sanciona-fundao-corta-r-56-bi-emendas\/#breadcrumb"},"inLanguage":"pt-BR","potentialAction":[{"@type":"ReadAction","target":["https:\/\/www.suno.com.br\/noticias\/orcamento-2024-lula-sanciona-fundao-corta-r-56-bi-emendas\/"]}]},{"@type":"ImageObject","inLanguage":"pt-BR","@id":"https:\/\/www.suno.com.br\/noticias\/orcamento-2024-lula-sanciona-fundao-corta-r-56-bi-emendas\/#primaryimage","url":"https:\/\/files.sunoresearch.com.br\/n\/uploads\/2023\/01\/luiz-inacio-lula-da-silva.jpg","contentUrl":"https:\/\/files.sunoresearch.com.br\/n\/uploads\/2023\/01\/luiz-inacio-lula-da-silva.jpg","width":1200,"height":800,"caption":"O presidente Luiz In\u00e1cio Lula da Silva. Foto: Fabio Rodrigues-Pozzebom\/ Ag\u00eancia Brasil"},{"@type":"BreadcrumbList","@id":"https:\/\/www.suno.com.br\/noticias\/orcamento-2024-lula-sanciona-fundao-corta-r-56-bi-emendas\/#breadcrumb","itemListElement":[{"@type":"ListItem","position":1,"name":"Not\u00edcias","item":"https:\/\/www.suno.com.br\/noticias\/"},{"@type":"ListItem","position":2,"name":"Pol\u00edtica","item":"https:\/\/www.suno.com.br\/noticias\/politica\/"},{"@type":"ListItem","position":3,"name":"Or\u00e7amento de 2024: Lula sanciona com R$ 4,9 bi para &#8216;fund\u00e3o&#8217; e corta R$ 5,6 bi de emendas"}]},{"@type":"WebSite","@id":"https:\/\/www.suno.com.br\/noticias\/#website","url":"https:\/\/www.suno.com.br\/noticias\/","name":"Suno Not\u00edcias","description":"Seu portal de informa\u00e7\u00e3o sobre o mundo dos investimentos","publisher":{"@id":"https:\/\/www.suno.com.br\/noticias\/#organization"},"potentialAction":[{"@type":"SearchAction","target":{"@type":"EntryPoint","urlTemplate":"https:\/\/www.suno.com.br\/noticias\/?s={search_term_string}"},"query-input":{"@type":"PropertyValueSpecification","valueRequired":true,"valueName":"search_term_string"}}],"inLanguage":"pt-BR"},{"@type":"Organization","@id":"https:\/\/www.suno.com.br\/noticias\/#organization","name":"Suno Not\u00edcias","url":"https:\/\/www.suno.com.br\/noticias\/","logo":{"@type":"ImageObject","inLanguage":"pt-BR","@id":"https:\/\/www.suno.com.br\/noticias\/#\/schema\/logo\/image\/","url":"https:\/\/files.sunoresearch.com.br\/n\/uploads\/2021\/09\/suno-logo.png","contentUrl":"https:\/\/files.sunoresearch.com.br\/n\/uploads\/2021\/09\/suno-logo.png","width":180,"height":180,"caption":"Suno Not\u00edcias"},"image":{"@id":"https:\/\/www.suno.com.br\/noticias\/#\/schema\/logo\/image\/"},"sameAs":["https:\/\/facebook.com\/sunoresearch","https:\/\/x.com\/sunoresearch","https:\/\/www.instagram.com\/suno","https:\/\/www.linkedin.com\/company\/suno-research\/","https:\/\/www.youtube.com\/c\/sunoresearch"]},{"@type":"Person","@id":"https:\/\/www.suno.com.br\/noticias\/#\/schema\/person\/c1b1bd3727fa852bd045e9dbff3673ea","name":"Reda\u00e7\u00e3o Suno Not\u00edcias","image":{"@type":"ImageObject","inLanguage":"pt-BR","@id":"https:\/\/www.suno.com.br\/noticias\/#\/schema\/person\/image\/","url":"https:\/\/secure.gravatar.com\/avatar\/b8104b9b5a71985d5238ee59fbe418af?s=96&r=g","contentUrl":"https:\/\/secure.gravatar.com\/avatar\/b8104b9b5a71985d5238ee59fbe418af?s=96&r=g","caption":"Reda\u00e7\u00e3o Suno Not\u00edcias"},"description":"O Suno Not\u00edcias \u00e9 um portal de informa\u00e7\u00f5es sobre Mercado Financeiro, Pol\u00edtica, Neg\u00f3cios, Economia e Finan\u00e7as Pessoais.","sameAs":["https:\/\/www.suno.com.br\/noticias","https:\/\/www.facebook.com\/sunonoticias\/","https:\/\/www.instagram.com\/sunonoticias\/","https:\/\/x.com\/https:\/\/twitter.com\/sunoresearch","https:\/\/www.youtube.com\/sunonoticias"],"url":"https:\/\/www.suno.com.br\/noticias\/author\/redacao-suno\/"}]}},"default_loop_html":"<div class=\"cardsPage__listCard__boxs\"><div class=\"cardsPage__listCard__boxs__img\"><a href=\"https:\/\/www.suno.com.br\/noticias\/orcamento-2024-lula-sanciona-fundao-corta-r-56-bi-emendas\/\"><img class=\"mask\" src=\"https:\/\/www.suno.com.br\/noticias\/wp-content\/themes\/suno\/resources\/images\/spotlight\/spotlight1img\/bg-mask.png\" alt=\"Image Mask\"\/><img src=\"https:\/\/files.sunoresearch.com.br\/n\/uploads\/2023\/01\/luiz-inacio-lula-da-silva-400x200.jpg\" alt=\"Or\u00e7amento de 2024: Lula sanciona com R$ 4,9 bi para &#8216;fund\u00e3o&#8217; e corta R$ 5,6 bi de emendas\"\/><\/a><span class=\"spotlightCategory\"><a href=\"https:\/\/www.suno.com.br\/noticias\/politica\/\">Pol\u00edtica<\/a><\/span><\/div><div class=\"cardsPage__listCard__boxs__content\"><a href=\"https:\/\/www.suno.com.br\/noticias\/orcamento-2024-lula-sanciona-fundao-corta-r-56-bi-emendas\/\"><h2 class=\"content__title\">Or\u00e7amento de 2024: Lula sanciona com R$ 4,9 bi para &#8216;fund\u00e3o&#8217; e corta R$ 5,6 bi de emendas<\/h2><\/a><div class=\"newsContent__article__meta\"><div class=\"newsContent__article__meta__authorBox\"><a href=\"https:\/\/www.suno.com.br\/noticias\/author\/redacao-suno\/\" class=\"authorBox__avatar noMobi\"><img src=\"https:\/\/files.sunoresearch.com.br\/n\/uploads\/2020\/08\/0ace682d-redacao-1-150x150.webp\" alt=\"Reda\u00e7\u00e3o Suno Not\u00edcias\"><\/a><div class=\"authorBox__name\"><span>por\n\t\t\t<a href=\"https:\/\/www.suno.com.br\/noticias\/author\/redacao-suno\/\"><span itemprop=\"author\">Reda\u00e7\u00e3o Suno Not\u00edcias<\/span><\/a><\/span><time datetime=\"2024-01-22T21:49:27-03:00\" itemprop=\"datePublished\">22\/01\/2024 21:49<\/time><\/div><\/div><\/div><\/div><\/div>","single_layout":"posts","amp_enabled":true,"_links":{"self":[{"href":"https:\/\/www.suno.com.br\/noticias\/wp-json\/wp\/v2\/posts\/514225"}],"collection":[{"href":"https:\/\/www.suno.com.br\/noticias\/wp-json\/wp\/v2\/posts"}],"about":[{"href":"https:\/\/www.suno.com.br\/noticias\/wp-json\/wp\/v2\/types\/post"}],"author":[{"embeddable":true,"href":"https:\/\/www.suno.com.br\/noticias\/wp-json\/wp\/v2\/users\/43"}],"replies":[{"embeddable":true,"href":"https:\/\/www.suno.com.br\/noticias\/wp-json\/wp\/v2\/comments?post=514225"}],"version-history":[{"count":2,"href":"https:\/\/www.suno.com.br\/noticias\/wp-json\/wp\/v2\/posts\/514225\/revisions"}],"predecessor-version":[{"id":514311,"href":"https:\/\/www.suno.com.br\/noticias\/wp-json\/wp\/v2\/posts\/514225\/revisions\/514311"}],"wp:featuredmedia":[{"embeddable":true,"href":"https:\/\/www.suno.com.br\/noticias\/wp-json\/wp\/v2\/media\/355307"}],"wp:attachment":[{"href":"https:\/\/www.suno.com.br\/noticias\/wp-json\/wp\/v2\/media?parent=514225"}],"wp:term":[{"taxonomy":"category","embeddable":true,"href":"https:\/\/www.suno.com.br\/noticias\/wp-json\/wp\/v2\/categories?post=514225"},{"taxonomy":"post_tag","embeddable":true,"href":"https:\/\/www.suno.com.br\/noticias\/wp-json\/wp\/v2\/tags?post=514225"},{"taxonomy":"suno_strategy","embeddable":true,"href":"https:\/\/www.suno.com.br\/noticias\/wp-json\/wp\/v2\/suno_strategy?post=514225"}],"curies":[{"name":"wp","href":"https:\/\/api.w.org\/{rel}","templated":true}]}}