{"id":51402,"date":"2020-01-30T10:38:28","date_gmt":"2020-01-30T12:38:28","guid":{"rendered":"https:\/\/www.suno.com.br\/noticias\/?p=51402"},"modified":"2020-01-30T10:38:28","modified_gmt":"2020-01-30T12:38:28","slug":"dolar-abre-em-alta-com-coronavirus-fed-e-brexit-no-radar","status":"publish","type":"post","link":"https:\/\/www.suno.com.br\/noticias\/dolar-abre-em-alta-com-coronavirus-fed-e-brexit-no-radar\/","title":{"rendered":"D\u00f3lar abre em alta com coronav\u00edrus, Fed e Brexit no radar"},"content":{"rendered":"<p>O <strong><a href=\"https:\/\/www.suno.com.br\/artigos\/alta-do-dolar\/\">d\u00f3lar<\/a> <\/strong>abre em alta com a reuni\u00e3o de emerg\u00eancia da <strong>OMS<\/strong>, a <strong>taxa<\/strong> <strong>b\u00e1sica<\/strong> de <strong>juros<\/strong> norte-americana inalterada e a aprova\u00e7\u00e3o do <strong>Brexit <\/strong>no radar.<\/p>\t<div class=\"wrapper-featured-image\">\n\t\t<figure class=\"spotlightImg\">\n\n\t\t\t<picture>\n\t\t\t\t<source media=\"(max-width: 768px)\" srcset=\"https:\/\/files.sunoresearch.com.br\/n\/uploads\/2018\/11\/6680b35c-d\u00f3lar-400x200.webp\">\n\t\t\t\t<img loading=\"lazy\" decoding=\"async\" class=\"newsContent__article__imgCapa lazyloadDisabled newsContent__article__imgCapa--noCaption\" src=\"https:\/\/files.sunoresearch.com.br\/n\/uploads\/2018\/11\/6680b35c-d\u00f3lar-800x450.webp\" width=\"800\" height=\"450\" alt=\"D\u00f3lar abre em alta com coronav\u00edrus, Fed e Brexit no radar\" fetchpriority=high \/>\n\t\t\t<\/picture>\n\n\t\t\t<figcaption class=\"wp-caption-text wp-caption-text--hide\">D\u00f3lar abre em queda; recupera\u00e7\u00e3o europeia e petr\u00f3leo no radar<\/figcaption>\n\t\t<\/figure>\n\t<\/div>\n\n\n\n<p>Por volta das 9h20, nesta quinta-feira (30), o d\u00f3lar variava positivamente a 0,6% sendo negociado a R$ 4,24. O mercado est\u00e1 acompanhando o desdobramento da epidemia que j\u00e1 chegou em 15 pa\u00edses diferentes. A OMS se reunir\u00e1 hoje para avaliar se o <strong>coronav\u00edrus<\/strong> \u00e9 uma emerg\u00eancia internacional.<\/p>\n<p>Al\u00e9m disso, os assuntos que movimentam o mercado: o banco central dos Estados Unidos decidiu manter a taxa b\u00e1sica de juros no mesmo patamar e o Parlamento Europeu aprovou a sa\u00edda do Reino Unido da Uni\u00e3o Europeia.<\/p>\n<h2>Coronav\u00edrus<\/h2>\n<p>A Organiza\u00e7\u00e3o Mundial da Sa\u00fade (OMS) vai realizar nesta quinta-feira (30) a segunda reuni\u00e3o para avaliar se o coronav\u00edrus \u00e9 uma emerg\u00eancia internacional de sa\u00fade.<\/p>\n<p>Na primeira reuni\u00e3o, semana passada, a OMS havia conclu\u00eddo que era muito cedo para declarar emerg\u00eancia nacional. At\u00e9 aquele momento, apenas chineses estavam contaminados.<\/p>\n<p><a href=\"\/\/www.suno.com.br\/noticias\/coronavirus-brasil-registra-9-casos\/\">Veja Tamb\u00e9m: Coronav\u00edrus: Brasil registra 9 casos suspeitos em 6 estados<\/a><\/p>\n<p>J\u00e1 na \u00faltima segunda-feira (27), a organiza\u00e7\u00e3o classificou o coronav\u00edrus como &#8220;elevado risco internacional&#8221; e afirmou que a classifica\u00e7\u00e3o anterior de &#8220;moderado&#8221; foi um &#8220;erro de formula\u00e7\u00e3o&#8221;.<\/p>\n<p>At\u00e9 o momento, 170 j\u00e1 morreram no pa\u00eds pelo coronav\u00edrus, que j\u00e1 infectou 7.736 pessoas em todo o mundo, em pelo menos outros 15 pa\u00edses. Nenhum paciente contaminado fora da China morreu.<\/p>\n<h2>Fed<\/h2>\n<p>O <a href=\"https:\/\/www.suno.com.br\/artigos\/fed\/\">Federal Reserve<\/a> (Fed) decidiu manter inalteradas a taxa b\u00e1sica de juros dos Estados Unidos no intervalo de\u00a0 1,5% e 1,75%. O Banco Central norte-americano realizou uma reuni\u00e3o do comit\u00ea de pol\u00edtica monet\u00e1ria (Fomc, na sigla em ingl\u00eas) na \u00faltima quarta-feira (29).<\/p>\n\t<p>\n\t\t<a href=\"https:\/\/lp.suno.com.br\/planilha-controle-gastos\/\" target=\"_blank\" data-element=\"shortcode-suno-banner\" title=\"Banner SUNO, clique e saiba mais\">\n\t\t\t<picture>\n\t\t\t\t<source media=\"(max-width: 500px)\" srcset=\"https:\/\/files.sunoresearch.com.br\/n\/uploads\/2023\/03\/400x300-Planilha-controle-de-gastos.png\">\n\t\t\t\t<img class=\"newsContent__article__imgCapa newsContent__article__imgCapa--banner\"\n\t\t\t\t\tsrc=\"https:\/\/files.sunoresearch.com.br\/n\/uploads\/2023\/03\/1420x240-Planilha-controle-de-gastos.png\"\n\t\t\t\t\tdata-promo-id=\"311945\"\t\t\t\t\t\t\t\t\t\twidth='1420' height='240'\t\t\t\t\talt=\"https:\/\/files.sunoresearch.com.br\/n\/uploads\/2023\/03\/1420x240-Planilha-controle-de-gastos.png\"\n\t\t\t\t>\n\t\t\t<\/picture>\n\t\t<\/a>\n\t<\/p>\n\n\n<p>Essa \u00e9 a primeira reuni\u00e3o do comit\u00ea do Federal Reserve em 2020. Pela segunda vez a institui\u00e7\u00e3o monet\u00e1ria central dos EUA decidiu manter inalteradas as taxas de juros.<\/p>\n<h2>Brexit<\/h2>\n<p>O Parlamento Europeu aprovou, na quarta (29), o Brexit, acordo que prev\u00ea a sa\u00edda do Reino Unido da <a href=\"https:\/\/www.suno.com.br\/artigos\/uniao-europeia\/\">Uni\u00e3o Europeia (UE)<\/a>. A decis\u00e3o foi aprovada com 621 votos favor\u00e1veis, 49 contr\u00e1rios e 13 absten\u00e7\u00f5es.<\/p>\n<p><a href=\"\/\/www.suno.com.br\/noticias\/brexit-parlamento-europeu-aprova-reino-unido-ue\/\">Saiba Mais: Brexit: Parlamento Europeu aprova sa\u00edda do Reino Unido da UE<\/a><\/p>\n<p>A aprova\u00e7\u00e3o do <a href=\"https:\/\/www.suno.com.br\/noticias\/brexit-o-que-acontece-agora\/\">Brexit<\/a> pelo parlamento facilita a sa\u00edda do Reino Unido da Uni\u00e3o Europeia, que dever\u00e1 ocorrer na pr\u00f3xima sexta-feira (31).<\/p>\n<p>No entanto, o Conselho Europeu, que representa os 27 pa\u00edses membros restantes do bloco, ainda deve retificar formalmente o acordo para concretizar a sa\u00edda do Reino Unido. A expectativa \u00e9 que a ratifica\u00e7\u00e3o do acordo pela organiza\u00e7\u00e3o ocorra na pr\u00f3xima quinta-feira (30), em Bruxelas.<\/p>\n<h2>\u00daltima cota\u00e7\u00e3o do d\u00f3lar<\/h2>\n<p>Na \u00faltima sess\u00e3o, quarta-feira, o <strong>d\u00f3lar<\/strong> encerrou em alta de 0,586%, cotado em R$ 4,219.<\/p>\n\n","protected":false},"excerpt":{"rendered":"<p>O d\u00f3lar abre em alta com a reuni\u00e3o de emerg\u00eancia da OMS, a taxa b\u00e1sica de juros norte-americana inalterada e a aprova\u00e7\u00e3o do Brexit no radar. D\u00f3lar abre em queda; recupera\u00e7\u00e3o europeia e petr\u00f3leo no radar Por volta das 9h20, nesta quinta-feira (30), o d\u00f3lar variava positivamente a 0,6% sendo negociado a R$ 4,24. O [&hellip;]<\/p>\n","protected":false},"author":15,"featured_media":7381,"comment_status":"closed","ping_status":"closed","sticky":false,"template":"","format":"standard","meta":[],"categories":[60],"tags":[753,2487,326,776],"suno_strategy":[],"class_list":["post-51402","post","type-post","status-publish","format-standard","has-post-thumbnail","hentry","category-mercado","tag-brexit","tag-coronavirus","tag-dolar","tag-federal-reseve-fed"],"yoast_head":"<!-- This site is optimized with the Yoast SEO plugin v24.4 - https:\/\/yoast.com\/wordpress\/plugins\/seo\/ -->\n<title>D\u00f3lar abre em alta com coronav\u00edrus, Fed e Brexit no radar<\/title>\n<meta name=\"description\" content=\"Por volta das 9h20, nesta quinta-feira (30), o d\u00f3lar variava positivamente a 0,6% sendo negociado a 4,24. Clique aqui e saiba mais\" \/>\n<meta name=\"robots\" content=\"index, follow, max-snippet:-1, max-image-preview:large, max-video-preview:-1\" \/>\n<link rel=\"canonical\" href=\"https:\/\/www.suno.com.br\/noticias\/dolar-abre-em-alta-com-coronavirus-fed-e-brexit-no-radar\/\" \/>\n<meta property=\"og:locale\" content=\"pt_BR\" \/>\n<meta property=\"og:type\" content=\"article\" \/>\n<meta property=\"og:title\" content=\"D\u00f3lar abre em alta com coronav\u00edrus, Fed e Brexit no radar\" \/>\n<meta property=\"og:description\" content=\"Por volta das 9h20, nesta quinta-feira (30), o d\u00f3lar variava positivamente a 0,6% sendo negociado a 4,24. Clique aqui e saiba mais\" \/>\n<meta property=\"og:url\" content=\"https:\/\/www.suno.com.br\/noticias\/dolar-abre-em-alta-com-coronavirus-fed-e-brexit-no-radar\/\" \/>\n<meta property=\"og:site_name\" content=\"Suno Not\u00edcias\" \/>\n<meta property=\"article:publisher\" content=\"https:\/\/facebook.com\/sunoresearch\" \/>\n<meta property=\"og:image\" content=\"https:\/\/files.sunoresearch.com.br\/n\/uploads\/2018\/11\/6680b35c-d\u00f3lar.jpg\" \/>\n\t<meta property=\"og:image:width\" content=\"1140\" \/>\n\t<meta property=\"og:image:height\" content=\"760\" \/>\n\t<meta property=\"og:image:type\" content=\"image\/jpeg\" \/>\n<meta name=\"author\" content=\"Poliana Santos\" \/>\n<meta name=\"twitter:card\" content=\"summary_large_image\" \/>\n<meta name=\"twitter:creator\" content=\"@sunoresearch\" \/>\n<meta name=\"twitter:site\" content=\"@sunoresearch\" \/>\n<meta name=\"twitter:label1\" content=\"Escrito por\" \/>\n\t<meta name=\"twitter:data1\" content=\"Poliana Santos\" \/>\n\t<meta name=\"twitter:label2\" content=\"Est. tempo de leitura\" \/>\n\t<meta name=\"twitter:data2\" content=\"2 minutos\" \/>\n<script type=\"application\/ld+json\" class=\"yoast-schema-graph\">{\"@context\":\"https:\/\/schema.org\",\"@graph\":[{\"@type\":\"NewsArticle\",\"@id\":\"https:\/\/www.suno.com.br\/noticias\/dolar-abre-em-alta-com-coronavirus-fed-e-brexit-no-radar\/#article\",\"isPartOf\":{\"@id\":\"https:\/\/www.suno.com.br\/noticias\/dolar-abre-em-alta-com-coronavirus-fed-e-brexit-no-radar\/\"},\"author\":{\"name\":\"Poliana Santos\",\"@id\":\"https:\/\/www.suno.com.br\/noticias\/#\/schema\/person\/02ec1f752758247878a2bf4abee1aeda\"},\"headline\":\"D\u00f3lar abre em alta com coronav\u00edrus, Fed e Brexit no radar\",\"datePublished\":\"2020-01-30T12:38:28+00:00\",\"mainEntityOfPage\":{\"@id\":\"https:\/\/www.suno.com.br\/noticias\/dolar-abre-em-alta-com-coronavirus-fed-e-brexit-no-radar\/\"},\"wordCount\":489,\"publisher\":{\"@id\":\"https:\/\/www.suno.com.br\/noticias\/#organization\"},\"image\":{\"@id\":\"https:\/\/www.suno.com.br\/noticias\/dolar-abre-em-alta-com-coronavirus-fed-e-brexit-no-radar\/#primaryimage\"},\"thumbnailUrl\":\"https:\/\/files.sunoresearch.com.br\/n\/uploads\/2018\/11\/6680b35c-d\u00f3lar-jpg.webp\",\"keywords\":[\"Brexit\",\"coronav\u00edrus\",\"d\u00f3lar\",\"Federal Reserve (FED)\"],\"articleSection\":[\"Mercado\"],\"inLanguage\":\"pt-BR\"},{\"@type\":\"WebPage\",\"@id\":\"https:\/\/www.suno.com.br\/noticias\/dolar-abre-em-alta-com-coronavirus-fed-e-brexit-no-radar\/\",\"url\":\"https:\/\/www.suno.com.br\/noticias\/dolar-abre-em-alta-com-coronavirus-fed-e-brexit-no-radar\/\",\"name\":\"D\u00f3lar abre em alta com coronav\u00edrus, Fed e Brexit no radar\",\"isPartOf\":{\"@id\":\"https:\/\/www.suno.com.br\/noticias\/#website\"},\"primaryImageOfPage\":{\"@id\":\"https:\/\/www.suno.com.br\/noticias\/dolar-abre-em-alta-com-coronavirus-fed-e-brexit-no-radar\/#primaryimage\"},\"image\":{\"@id\":\"https:\/\/www.suno.com.br\/noticias\/dolar-abre-em-alta-com-coronavirus-fed-e-brexit-no-radar\/#primaryimage\"},\"thumbnailUrl\":\"https:\/\/files.sunoresearch.com.br\/n\/uploads\/2018\/11\/6680b35c-d\u00f3lar-jpg.webp\",\"datePublished\":\"2020-01-30T12:38:28+00:00\",\"description\":\"Por volta das 9h20, nesta quinta-feira (30), o d\u00f3lar variava positivamente a 0,6% sendo negociado a 4,24. Clique aqui e saiba mais\",\"breadcrumb\":{\"@id\":\"https:\/\/www.suno.com.br\/noticias\/dolar-abre-em-alta-com-coronavirus-fed-e-brexit-no-radar\/#breadcrumb\"},\"inLanguage\":\"pt-BR\",\"potentialAction\":[{\"@type\":\"ReadAction\",\"target\":[\"https:\/\/www.suno.com.br\/noticias\/dolar-abre-em-alta-com-coronavirus-fed-e-brexit-no-radar\/\"]}]},{\"@type\":\"ImageObject\",\"inLanguage\":\"pt-BR\",\"@id\":\"https:\/\/www.suno.com.br\/noticias\/dolar-abre-em-alta-com-coronavirus-fed-e-brexit-no-radar\/#primaryimage\",\"url\":\"https:\/\/files.sunoresearch.com.br\/n\/uploads\/2018\/11\/6680b35c-d\u00f3lar-jpg.webp\",\"contentUrl\":\"https:\/\/files.sunoresearch.com.br\/n\/uploads\/2018\/11\/6680b35c-d\u00f3lar-jpg.webp\",\"width\":1140,\"height\":760,\"caption\":\"D\u00f3lar abre em queda; recupera\u00e7\u00e3o europeia e petr\u00f3leo no radar\"},{\"@type\":\"BreadcrumbList\",\"@id\":\"https:\/\/www.suno.com.br\/noticias\/dolar-abre-em-alta-com-coronavirus-fed-e-brexit-no-radar\/#breadcrumb\",\"itemListElement\":[{\"@type\":\"ListItem\",\"position\":1,\"name\":\"Not\u00edcias\",\"item\":\"https:\/\/www.suno.com.br\/noticias\/\"},{\"@type\":\"ListItem\",\"position\":2,\"name\":\"Mercado\",\"item\":\"https:\/\/www.suno.com.br\/noticias\/mercado\/\"},{\"@type\":\"ListItem\",\"position\":3,\"name\":\"D\u00f3lar abre em alta com coronav\u00edrus, Fed e Brexit no radar\"}]},{\"@type\":\"WebSite\",\"@id\":\"https:\/\/www.suno.com.br\/noticias\/#website\",\"url\":\"https:\/\/www.suno.com.br\/noticias\/\",\"name\":\"Suno Not\u00edcias\",\"description\":\"Seu portal de informa\u00e7\u00e3o sobre o mundo dos investimentos\",\"publisher\":{\"@id\":\"https:\/\/www.suno.com.br\/noticias\/#organization\"},\"potentialAction\":[{\"@type\":\"SearchAction\",\"target\":{\"@type\":\"EntryPoint\",\"urlTemplate\":\"https:\/\/www.suno.com.br\/noticias\/?s={search_term_string}\"},\"query-input\":{\"@type\":\"PropertyValueSpecification\",\"valueRequired\":true,\"valueName\":\"search_term_string\"}}],\"inLanguage\":\"pt-BR\"},{\"@type\":\"Organization\",\"@id\":\"https:\/\/www.suno.com.br\/noticias\/#organization\",\"name\":\"Suno Not\u00edcias\",\"url\":\"https:\/\/www.suno.com.br\/noticias\/\",\"logo\":{\"@type\":\"ImageObject\",\"inLanguage\":\"pt-BR\",\"@id\":\"https:\/\/www.suno.com.br\/noticias\/#\/schema\/logo\/image\/\",\"url\":\"https:\/\/files.sunoresearch.com.br\/n\/uploads\/2021\/09\/suno-logo.png\",\"contentUrl\":\"https:\/\/files.sunoresearch.com.br\/n\/uploads\/2021\/09\/suno-logo.png\",\"width\":180,\"height\":180,\"caption\":\"Suno Not\u00edcias\"},\"image\":{\"@id\":\"https:\/\/www.suno.com.br\/noticias\/#\/schema\/logo\/image\/\"},\"sameAs\":[\"https:\/\/facebook.com\/sunoresearch\",\"https:\/\/x.com\/sunoresearch\",\"https:\/\/www.instagram.com\/suno\",\"https:\/\/www.linkedin.com\/company\/suno-research\/\",\"https:\/\/www.youtube.com\/c\/sunoresearch\"]},{\"@type\":\"Person\",\"@id\":\"https:\/\/www.suno.com.br\/noticias\/#\/schema\/person\/02ec1f752758247878a2bf4abee1aeda\",\"name\":\"Poliana Santos\",\"image\":{\"@type\":\"ImageObject\",\"inLanguage\":\"pt-BR\",\"@id\":\"https:\/\/www.suno.com.br\/noticias\/#\/schema\/person\/image\/\",\"url\":\"https:\/\/secure.gravatar.com\/avatar\/0645bd32f23d87b2130f2b2dff1d3f8d?s=96&r=g\",\"contentUrl\":\"https:\/\/secure.gravatar.com\/avatar\/0645bd32f23d87b2130f2b2dff1d3f8d?s=96&r=g\",\"caption\":\"Poliana Santos\"},\"description\":\"Rep\u00f3rter no Suno Not\u00edcias, com cobertura em mercado financeiro, economia, finan\u00e7as pessoais, renda fixa e varejo. Jornalista formada pela Faculdade C\u00e1sper L\u00edbero e possui passagem na R\u00e1dio Gazeta AM com a produ\u00e7\u00e3o de conte\u00fado sobre economia, pol\u00edtica, sa\u00fade, moda e m\u00fasica. Possui certificado de conclus\u00e3o do curso de An\u00e1lise de Balan\u00e7os pela Funda\u00e7\u00e3o Bradesco, Agenda Brasil pela FAAP, Educa\u00e7\u00e3o Pol\u00edtica por Alexandre Garcia e do Tesouro Direto e Mercado de A\u00e7\u00f5es pela B3.\",\"url\":\"https:\/\/www.suno.com.br\/noticias\/author\/poliana-santos\/\"}]}<\/script>\n<!-- \/ Yoast SEO plugin. -->","yoast_head_json":{"title":"D\u00f3lar abre em alta com coronav\u00edrus, Fed e Brexit no radar","description":"Por volta das 9h20, nesta quinta-feira (30), o d\u00f3lar variava positivamente a 0,6% sendo negociado a 4,24. Clique aqui e saiba mais","robots":{"index":"index","follow":"follow","max-snippet":"max-snippet:-1","max-image-preview":"max-image-preview:large","max-video-preview":"max-video-preview:-1"},"canonical":"https:\/\/www.suno.com.br\/noticias\/dolar-abre-em-alta-com-coronavirus-fed-e-brexit-no-radar\/","og_locale":"pt_BR","og_type":"article","og_title":"D\u00f3lar abre em alta com coronav\u00edrus, Fed e Brexit no radar","og_description":"Por volta das 9h20, nesta quinta-feira (30), o d\u00f3lar variava positivamente a 0,6% sendo negociado a 4,24. Clique aqui e saiba mais","og_url":"https:\/\/www.suno.com.br\/noticias\/dolar-abre-em-alta-com-coronavirus-fed-e-brexit-no-radar\/","og_site_name":"Suno Not\u00edcias","article_publisher":"https:\/\/facebook.com\/sunoresearch","og_image":[{"width":1140,"height":760,"url":"https:\/\/files.sunoresearch.com.br\/n\/uploads\/2018\/11\/6680b35c-d\u00f3lar.jpg","type":"image\/jpeg"}],"author":"Poliana Santos","twitter_card":"summary_large_image","twitter_creator":"@sunoresearch","twitter_site":"@sunoresearch","twitter_misc":{"Escrito por":"Poliana Santos","Est. tempo de leitura":"2 minutos"},"schema":{"@context":"https:\/\/schema.org","@graph":[{"@type":"NewsArticle","@id":"https:\/\/www.suno.com.br\/noticias\/dolar-abre-em-alta-com-coronavirus-fed-e-brexit-no-radar\/#article","isPartOf":{"@id":"https:\/\/www.suno.com.br\/noticias\/dolar-abre-em-alta-com-coronavirus-fed-e-brexit-no-radar\/"},"author":{"name":"Poliana Santos","@id":"https:\/\/www.suno.com.br\/noticias\/#\/schema\/person\/02ec1f752758247878a2bf4abee1aeda"},"headline":"D\u00f3lar abre em alta com coronav\u00edrus, Fed e Brexit no radar","datePublished":"2020-01-30T12:38:28+00:00","mainEntityOfPage":{"@id":"https:\/\/www.suno.com.br\/noticias\/dolar-abre-em-alta-com-coronavirus-fed-e-brexit-no-radar\/"},"wordCount":489,"publisher":{"@id":"https:\/\/www.suno.com.br\/noticias\/#organization"},"image":{"@id":"https:\/\/www.suno.com.br\/noticias\/dolar-abre-em-alta-com-coronavirus-fed-e-brexit-no-radar\/#primaryimage"},"thumbnailUrl":"https:\/\/files.sunoresearch.com.br\/n\/uploads\/2018\/11\/6680b35c-d\u00f3lar-jpg.webp","keywords":["Brexit","coronav\u00edrus","d\u00f3lar","Federal Reserve (FED)"],"articleSection":["Mercado"],"inLanguage":"pt-BR"},{"@type":"WebPage","@id":"https:\/\/www.suno.com.br\/noticias\/dolar-abre-em-alta-com-coronavirus-fed-e-brexit-no-radar\/","url":"https:\/\/www.suno.com.br\/noticias\/dolar-abre-em-alta-com-coronavirus-fed-e-brexit-no-radar\/","name":"D\u00f3lar abre em alta com coronav\u00edrus, Fed e Brexit no radar","isPartOf":{"@id":"https:\/\/www.suno.com.br\/noticias\/#website"},"primaryImageOfPage":{"@id":"https:\/\/www.suno.com.br\/noticias\/dolar-abre-em-alta-com-coronavirus-fed-e-brexit-no-radar\/#primaryimage"},"image":{"@id":"https:\/\/www.suno.com.br\/noticias\/dolar-abre-em-alta-com-coronavirus-fed-e-brexit-no-radar\/#primaryimage"},"thumbnailUrl":"https:\/\/files.sunoresearch.com.br\/n\/uploads\/2018\/11\/6680b35c-d\u00f3lar-jpg.webp","datePublished":"2020-01-30T12:38:28+00:00","description":"Por volta das 9h20, nesta quinta-feira (30), o d\u00f3lar variava positivamente a 0,6% sendo negociado a 4,24. Clique aqui e saiba mais","breadcrumb":{"@id":"https:\/\/www.suno.com.br\/noticias\/dolar-abre-em-alta-com-coronavirus-fed-e-brexit-no-radar\/#breadcrumb"},"inLanguage":"pt-BR","potentialAction":[{"@type":"ReadAction","target":["https:\/\/www.suno.com.br\/noticias\/dolar-abre-em-alta-com-coronavirus-fed-e-brexit-no-radar\/"]}]},{"@type":"ImageObject","inLanguage":"pt-BR","@id":"https:\/\/www.suno.com.br\/noticias\/dolar-abre-em-alta-com-coronavirus-fed-e-brexit-no-radar\/#primaryimage","url":"https:\/\/files.sunoresearch.com.br\/n\/uploads\/2018\/11\/6680b35c-d\u00f3lar-jpg.webp","contentUrl":"https:\/\/files.sunoresearch.com.br\/n\/uploads\/2018\/11\/6680b35c-d\u00f3lar-jpg.webp","width":1140,"height":760,"caption":"D\u00f3lar abre em queda; recupera\u00e7\u00e3o europeia e petr\u00f3leo no radar"},{"@type":"BreadcrumbList","@id":"https:\/\/www.suno.com.br\/noticias\/dolar-abre-em-alta-com-coronavirus-fed-e-brexit-no-radar\/#breadcrumb","itemListElement":[{"@type":"ListItem","position":1,"name":"Not\u00edcias","item":"https:\/\/www.suno.com.br\/noticias\/"},{"@type":"ListItem","position":2,"name":"Mercado","item":"https:\/\/www.suno.com.br\/noticias\/mercado\/"},{"@type":"ListItem","position":3,"name":"D\u00f3lar abre em alta com coronav\u00edrus, Fed e Brexit no radar"}]},{"@type":"WebSite","@id":"https:\/\/www.suno.com.br\/noticias\/#website","url":"https:\/\/www.suno.com.br\/noticias\/","name":"Suno Not\u00edcias","description":"Seu portal de informa\u00e7\u00e3o sobre o mundo dos investimentos","publisher":{"@id":"https:\/\/www.suno.com.br\/noticias\/#organization"},"potentialAction":[{"@type":"SearchAction","target":{"@type":"EntryPoint","urlTemplate":"https:\/\/www.suno.com.br\/noticias\/?s={search_term_string}"},"query-input":{"@type":"PropertyValueSpecification","valueRequired":true,"valueName":"search_term_string"}}],"inLanguage":"pt-BR"},{"@type":"Organization","@id":"https:\/\/www.suno.com.br\/noticias\/#organization","name":"Suno Not\u00edcias","url":"https:\/\/www.suno.com.br\/noticias\/","logo":{"@type":"ImageObject","inLanguage":"pt-BR","@id":"https:\/\/www.suno.com.br\/noticias\/#\/schema\/logo\/image\/","url":"https:\/\/files.sunoresearch.com.br\/n\/uploads\/2021\/09\/suno-logo.png","contentUrl":"https:\/\/files.sunoresearch.com.br\/n\/uploads\/2021\/09\/suno-logo.png","width":180,"height":180,"caption":"Suno Not\u00edcias"},"image":{"@id":"https:\/\/www.suno.com.br\/noticias\/#\/schema\/logo\/image\/"},"sameAs":["https:\/\/facebook.com\/sunoresearch","https:\/\/x.com\/sunoresearch","https:\/\/www.instagram.com\/suno","https:\/\/www.linkedin.com\/company\/suno-research\/","https:\/\/www.youtube.com\/c\/sunoresearch"]},{"@type":"Person","@id":"https:\/\/www.suno.com.br\/noticias\/#\/schema\/person\/02ec1f752758247878a2bf4abee1aeda","name":"Poliana Santos","image":{"@type":"ImageObject","inLanguage":"pt-BR","@id":"https:\/\/www.suno.com.br\/noticias\/#\/schema\/person\/image\/","url":"https:\/\/secure.gravatar.com\/avatar\/0645bd32f23d87b2130f2b2dff1d3f8d?s=96&r=g","contentUrl":"https:\/\/secure.gravatar.com\/avatar\/0645bd32f23d87b2130f2b2dff1d3f8d?s=96&r=g","caption":"Poliana Santos"},"description":"Rep\u00f3rter no Suno Not\u00edcias, com cobertura em mercado financeiro, economia, finan\u00e7as pessoais, renda fixa e varejo. Jornalista formada pela Faculdade C\u00e1sper L\u00edbero e possui passagem na R\u00e1dio Gazeta AM com a produ\u00e7\u00e3o de conte\u00fado sobre economia, pol\u00edtica, sa\u00fade, moda e m\u00fasica. Possui certificado de conclus\u00e3o do curso de An\u00e1lise de Balan\u00e7os pela Funda\u00e7\u00e3o Bradesco, Agenda Brasil pela FAAP, Educa\u00e7\u00e3o Pol\u00edtica por Alexandre Garcia e do Tesouro Direto e Mercado de A\u00e7\u00f5es pela B3.","url":"https:\/\/www.suno.com.br\/noticias\/author\/poliana-santos\/"}]}},"default_loop_html":"<div class=\"cardsPage__listCard__boxs\"><div class=\"cardsPage__listCard__boxs__img\"><a href=\"https:\/\/www.suno.com.br\/noticias\/dolar-abre-em-alta-com-coronavirus-fed-e-brexit-no-radar\/\"><img class=\"mask\" src=\"https:\/\/www.suno.com.br\/noticias\/wp-content\/themes\/suno\/resources\/images\/spotlight\/spotlight1img\/bg-mask.png\" alt=\"Image Mask\"\/><img src=\"https:\/\/files.sunoresearch.com.br\/n\/uploads\/2018\/11\/6680b35c-d\u00f3lar-400x200.webp\" alt=\"D\u00f3lar abre em alta com coronav\u00edrus, Fed e Brexit no radar\"\/><\/a><span class=\"spotlightCategory\"><a href=\"https:\/\/www.suno.com.br\/noticias\/mercado\/\">Mercado<\/a><\/span><\/div><div class=\"cardsPage__listCard__boxs__content\"><a href=\"https:\/\/www.suno.com.br\/noticias\/dolar-abre-em-alta-com-coronavirus-fed-e-brexit-no-radar\/\"><h2 class=\"content__title\">D\u00f3lar abre em alta com coronav\u00edrus, Fed e Brexit no radar<\/h2><\/a><div class=\"newsContent__article__meta\"><div class=\"newsContent__article__meta__authorBox\"><a href=\"https:\/\/www.suno.com.br\/noticias\/author\/poliana-santos\/\" class=\"authorBox__avatar noMobi\"><img src=\"https:\/\/files.sunoresearch.com.br\/n\/uploads\/2020\/08\/7ef34026-whatsapp-image-2020-08-03-at-12.37.57-150x150.webp\" alt=\"Poliana Santos\"><\/a><div class=\"authorBox__name\"><span>por\n\t\t\t<a href=\"https:\/\/www.suno.com.br\/noticias\/author\/poliana-santos\/\"><span itemprop=\"author\">Poliana Santos<\/span><\/a><\/span><time datetime=\"2020-01-30T10:38:28-03:00\" itemprop=\"datePublished\">30\/01\/2020 10:38<\/time><\/div><\/div><\/div><\/div><\/div>","single_layout":"posts","amp_enabled":true,"_links":{"self":[{"href":"https:\/\/www.suno.com.br\/noticias\/wp-json\/wp\/v2\/posts\/51402"}],"collection":[{"href":"https:\/\/www.suno.com.br\/noticias\/wp-json\/wp\/v2\/posts"}],"about":[{"href":"https:\/\/www.suno.com.br\/noticias\/wp-json\/wp\/v2\/types\/post"}],"author":[{"embeddable":true,"href":"https:\/\/www.suno.com.br\/noticias\/wp-json\/wp\/v2\/users\/15"}],"replies":[{"embeddable":true,"href":"https:\/\/www.suno.com.br\/noticias\/wp-json\/wp\/v2\/comments?post=51402"}],"version-history":[{"count":0,"href":"https:\/\/www.suno.com.br\/noticias\/wp-json\/wp\/v2\/posts\/51402\/revisions"}],"wp:featuredmedia":[{"embeddable":true,"href":"https:\/\/www.suno.com.br\/noticias\/wp-json\/wp\/v2\/media\/7381"}],"wp:attachment":[{"href":"https:\/\/www.suno.com.br\/noticias\/wp-json\/wp\/v2\/media?parent=51402"}],"wp:term":[{"taxonomy":"category","embeddable":true,"href":"https:\/\/www.suno.com.br\/noticias\/wp-json\/wp\/v2\/categories?post=51402"},{"taxonomy":"post_tag","embeddable":true,"href":"https:\/\/www.suno.com.br\/noticias\/wp-json\/wp\/v2\/tags?post=51402"},{"taxonomy":"suno_strategy","embeddable":true,"href":"https:\/\/www.suno.com.br\/noticias\/wp-json\/wp\/v2\/suno_strategy?post=51402"}],"curies":[{"name":"wp","href":"https:\/\/api.w.org\/{rel}","templated":true}]}}