{"id":513969,"date":"2024-01-22T13:48:14","date_gmt":"2024-01-22T16:48:14","guid":{"rendered":"https:\/\/www.suno.com.br\/noticias\/?p=513969"},"modified":"2024-01-22T15:46:50","modified_gmt":"2024-01-22T18:46:50","slug":"ambev-abev3-4t23-itau-bba-valuation-evm","status":"publish","type":"post","link":"https:\/\/www.suno.com.br\/noticias\/ambev-abev3-4t23-itau-bba-valuation-evm\/","title":{"rendered":"Ambev (ABEV3): ventos s\u00e3o favor\u00e1veis, mas o valuation n\u00e3o \u00e9 atrativo, diz BBA"},"content":{"rendered":"<p>Os analistas do Ita\u00fa BBA projetam um Ebtida (Lucros antes de juros, impostos, deprecia\u00e7\u00e3o e amortiza\u00e7\u00e3o) de R$ 7,5 bilh\u00f5es para a <a class=\"suno-keyword\" data-force=\"yes\" data-priority=\"2\" href=\"https:\/\/www.suno.com.br\/acoes\/ABEV3\/\" target=\"_blank\" rel=\"noopener\"><strong>Ambev<\/strong> (ABEV3)<\/a> no pr\u00f3ximo resultado a ser divulgado pela empresa, referente ao quarto trimestre de 2023. <\/p><div class=\"videoFull \">\n\t\t\t<div class=\"videoWrapper yt-lazyload center\"\n\t\t\t\tdata-width=\"960\"\n\t\t\t\tdata-height=\"540\"\n\t\t\t\tdata-id=\"FBu1PVXAQYQ\"\n\t\t\t\tdata-alt=\"V\u00eddeo do YouTube - clique para reproduzir\"\n\t\t\t\tdata-logo=\"3\"\n\t\t\t\tdata-imagequality=\"maxres\">\n\t\t\t<\/div>\n\t\t<\/div><script type=\"application\/ld+json\">{\"@context\":\"https:\/\/schema.org\",\"@type\":\"VideoObject\",\"name\":\"\ud83d\udd34ITA\u00da (ITUB4) COMPRA PR\u00c9DIO MAIS CARO DO BRASIL | Ibovespa sobe | Novo CEO da Oi (OIBR3)\",\"description\":\"#mercadofinanceiro #a\u00e7\u00f5es #investimentos #bolsadevalores #ibovespa #dinheiro #finan\u00e7as #pol\u00edtica #d\u00f3lar #livedas19h #petr4 #petr3 #petrobras #vale3 #vale #a\u00e7\u00f5es #economia #dividendos #pr\u00e9dio #farialima #farialima3500 #ita\u00fa #itub4 #oi #oibr3 \ud83d\udd34Fa\u00e7a seu dinheiro trabalhar por voc\u00ea com apenas R$1: https:\/\/lp.suno.com.br\/ao\/suno-premium-por-1-real\/?utm_source=youtube.noticias&utm_medium=live&utm_campaign=N\/A.ns.20240117&utm_content=live.19h 00:00 In\u00edcio do v\u00eddeo 01:40 Fechamento de mercado 06:13 Ita\u00fa compra pr\u00e9dio mais caro do Brasil 10:40 Mais dividendos de\u2026\",\"duration\":\"PT27M\",\"embedUrl\":\"https:\/\/www.youtube.com\/embed\/FBu1PVXAQYQ\",\"regionsAllowed\":\"en-US\",\"interactionStatistic\":{\"@type\":\"InteractionCounter\",\"interactionType\":{\"@type\":\"WatchAction\"},\"userInteractionCount\":2010},\"thumbnailUrl\":\"https:\/\/i.ytimg.com\/vi\/FBu1PVXAQYQ\/default.jpg\",\"uploadDate\":\"2024-01-20T10:31:24Z\"}<\/script>\n\n\n\n\n\t<p>\n\t\t<a href=\"\" target=\"_blank\" data-element=\"shortcode-suno-banner\" title=\"Banner SUNO, clique e saiba mais\">\n\t\t\t<picture>\n\t\t\t\t<source media=\"(max-width: 500px)\" srcset=\"\">\n\t\t\t\t<img class=\"newsContent__article__imgCapa newsContent__article__imgCapa--banner\"\n\t\t\t\t\tsrc=\"\"\n\t\t\t\t\tdata-promo-id=\"288022\"\t\t\t\t\t\t\t\t\t\t\t\t\t\t\talt=\"\"\n\t\t\t\t>\n\t\t\t<\/picture>\n\t\t<\/a>\n\t<\/p>\n\n\n\n\n\n\n\n<p>Apesar de a cifra projetada para o <strong>resultado da Ambev<\/strong> representar um crescimento ante os R$ 7,1 bilh\u00f5es de <a class=\"suno-keyword\" data-force=\"no\" data-priority=\"1\" href=\"https:\/\/www.suno.com.br\/artigos\/ebitda-ajustado\/\" target=\"_blank\" rel=\"noopener\">Ebitda ajustado<\/a> registrados um ano antes, os especialistas da casa se mant\u00eam cautelosos com a companhia.<\/p>\n\n\n\n<p>&#8220;A acelera\u00e7\u00e3o na divis\u00e3o de cervejas do Brasil provavelmente beneficiar\u00e1 a Ambev nos pr\u00f3ximos trimestres, mas preferimos ficar cautelosos devido \u00e0 falta de visibilidade sobre temas importantes que poderiam ter impacto significativo no desempenho e <a href=\"https:\/\/www.suno.com.br\/artigos\/c\/valuation\/\" target=\"_blank\" rel=\"noreferrer noopener\">valuation<\/a> de <strong><a href=\"https:\/\/statusinvest.com.br\/acoes\/abev3\" target=\"_blank\" rel=\"noreferrer noopener\">ABEV3<\/a><\/strong>&#8220;, diz a casa.<\/p>\n\n\n\n<p>Atualmente o BBA tem recomenda\u00e7\u00e3o neutra para as <strong>a\u00e7\u00f5es da Ambev<\/strong>, com pre\u00e7o-alvo de R$ 17. Os pap\u00e9is s\u00e3o negociados pouco acima de R$ 13 em bolsa atualmente.<\/p>\n\n\n\n<p>A expectativa \u00e9 de que a <strong>Ambev no 4T23<\/strong> reporte &#8220;n\u00fameros mistos&#8221;, com um Ebitda consolidado de R$ 7,5 bilh\u00f5es, com margem de 34,4%.<\/p>\n\n\n\n\t<div data-element=\"shortcode-read-more\" class=\"readToo\">\n\t\t\t\t<span class=\"readToo__title\">Leia mais<\/span>\n\t\t\t\t<ul class=\"readToo__list\">\n\t\t\t<li><a href=\"https:\/\/www.suno.com.br\/noticias\/fundos-melhores-retornos-fundos-de-acoes-gb\/\">Veja os fundos de a\u00e7\u00f5es que bateram o Ibovespa nos \u00faltimos meses; Suno FIC FIA est\u00e1 na lista<\/a><\/li><li><a href=\"https:\/\/www.suno.com.br\/noticias\/energia-solar-geracao-brasil-atende-milhoes-unidades-evm\/\">Energia solar: Gera\u00e7\u00e3o pr\u00f3pria ultrapassa 26 GW no Brasil e atende mais de 3 milh\u00f5es de unidades<\/a><\/li><li><a href=\"https:\/\/www.suno.com.br\/noticias\/3r-petroleum-rrrp3-fara-emissao-de-divida-bilionaria-evm\/\">3R Petroleum (RRRP3) far\u00e1 emiss\u00e3o de d\u00edvida bilion\u00e1ria<\/a><\/li><li><a href=\"https:\/\/www.suno.com.br\/noticias\/ambev-abev3-quarto-trimestre-recomendacao-compra-lt\/\">Ambev (ABEV3): XP prev\u00ea resultado s\u00f3lido no 4T23 e recomenda compra da a\u00e7\u00e3o<\/a><\/li>\t\t<\/ul>\n\t<\/div>\n\n\n\n\n<p>&#8220;Concordamos que os ventos favor\u00e1veis do custo dos produtos vendidos na divis\u00e3o de cervejas do Brasil devem ter um impulso positivo, mas mantemos nossa postura neutra em rela\u00e7\u00e3o ao nome, principalmente devido a um valuation relativamente exigente&#8221;, diz o BBA.<\/p>\n\n\n\n<p>&#8220;N\u00f3s esperamos volumes est\u00e1veis em no comparativo anual do 4T23, principalmente devido \u00e0 base de compara\u00e7\u00e3o desafiadora do ano de 2022, que contou com uma Copa do Mundo&#8221;, completa.<\/p>\n\n\n\n<h2 class=\"wp-block-heading\">BTG espera Ebitda maior, mas segue cauteloso com &#8216;impacto Argentina&#8217;<\/h2>\n\n\n\n<p>Em relat\u00f3rio recente, analistas do BTG Pactual, da mesma forma, mantiveram recomenda\u00e7\u00e3o neutra para os <strong>pap\u00e9is da Ambev<\/strong>. A casa tem pre\u00e7o-alvo de R$ 15 por a\u00e7\u00e3o.<\/p>\n\n\n\t<p>\n\t\t<a href=\"https:\/\/lp.suno.com.br\/ebook-como-analisar-uma-acao\/\" target=\"_blank\" data-element=\"shortcode-suno-banner\" title=\"Banner SUNO, clique e saiba mais\">\n\t\t\t<picture>\n\t\t\t\t<source media=\"(max-width: 500px)\" srcset=\"https:\/\/files.sunoresearch.com.br\/n\/uploads\/2023\/03\/Ebook-Acoes-Mobile.jpg\">\n\t\t\t\t<img class=\"newsContent__article__imgCapa newsContent__article__imgCapa--banner\"\n\t\t\t\t\tsrc=\"https:\/\/files.sunoresearch.com.br\/n\/uploads\/2023\/03\/Ebook-Acoes-Desktop.jpg\"\n\t\t\t\t\tdata-promo-id=\"378302\"\t\t\t\t\t\t\t\t\t\twidth='1420' height='286'\t\t\t\t\talt=\"https:\/\/files.sunoresearch.com.br\/n\/uploads\/2023\/03\/Ebook-Acoes-Desktop.jpg\"\n\t\t\t\t>\n\t\t\t<\/picture>\n\t\t<\/a>\n\t<\/p>\n\n\n\n\n\n<p>A expectativa dos analistas \u00e9 de que o 4T23 mostre resultados &#8220;confusos, mas decentes&#8221;.<\/p>\n\n\n\n<p>As proje\u00e7\u00f5es incluem R$ 22,1 bilh\u00f5es em receita l\u00edquida, R$ 7,6 bilh\u00f5es de Ebitda e um lucro por a\u00e7\u00e3o de R$ 0,30, com margem Ebitda de 34,1%.<\/p>\n\n\n\n<p>&#8220;O crescimento desses indicadores financeiros devem desacelerar em rela\u00e7\u00e3o aos trimestres recentes, mas isso se deve principalmente a fun\u00e7\u00e3o da tradu\u00e7\u00e3o cambial desfavor\u00e1vel da <a href=\"https:\/\/www.suno.com.br\/noticias\/gol-goll4-latam-greve-voos-cancelados-argentina-evm\/\" target=\"_blank\" rel=\"noreferrer noopener\">Argentina<\/a>. Brasil e Am\u00e9rica Central dever\u00e3o acelerar o Ebitda&#8221;, diz a casa.<\/p>\n\n\n\n<p>&#8220;Tamb\u00e9m prevemos a contabiliza\u00e7\u00e3o da hiperinfla\u00e7\u00e3o e a reintegra\u00e7\u00e3o dos trimestres anteriores para levar a n\u00fameros reportados ainda mais para baixo, mas escolhemos ignorar isso para evitar perder a no\u00e7\u00e3o da velocidade real do neg\u00f3cio&#8221;, completa.<\/p>\n\n\n\n<h2 class=\"wp-block-heading\">Desempenho das a\u00e7\u00f5es da Ambev<\/h2>\n\n\n\n<p>As a\u00e7\u00f5es da <strong>Ambev<\/strong> caem 0,45% no intradia desta segunda-feira (22), a R$ 13,29. No acumulado de 12 meses, os pap\u00e9is apresentam um recuo de 1% na bolsa.<\/p>\n\n\n\t<p>\n\t\t<a href=\"https:\/\/lp.suno.com.br\/plataforma-de-controle-de-investimentos\/\" target=\"_blank\" data-element=\"shortcode-suno-banner\" title=\"Banner SUNO, clique e saiba mais\">\n\t\t\t<picture>\n\t\t\t\t<source media=\"(max-width: 500px)\" srcset=\"https:\/\/files.sunoresearch.com.br\/n\/uploads\/2023\/03\/400x300-Controle-de-Investimentos.png\">\n\t\t\t\t<img class=\"newsContent__article__imgCapa newsContent__article__imgCapa--banner\"\n\t\t\t\t\tsrc=\"https:\/\/files.sunoresearch.com.br\/n\/uploads\/2023\/03\/1420x240-Controle-de-Investimentos.png\"\n\t\t\t\t\tdata-promo-id=\"383162\"\t\t\t\t\t\t\t\t\t\twidth='1420' height='240'\t\t\t\t\talt=\"https:\/\/files.sunoresearch.com.br\/n\/uploads\/2023\/03\/1420x240-Controle-de-Investimentos.png\"\n\t\t\t\t>\n\t\t\t<\/picture>\n\t\t<\/a>\n\t<\/p>\n\n\n","protected":false},"excerpt":{"rendered":"<p>Os analistas do Ita\u00fa BBA projetam um Ebtida (Lucros antes de juros, impostos, deprecia\u00e7\u00e3o e amortiza\u00e7\u00e3o) de R$ 7,5 bilh\u00f5es para a Ambev (ABEV3) no pr\u00f3ximo resultado a ser divulgado pela empresa, referente ao quarto trimestre de 2023. Apesar de a cifra projetada para o resultado da Ambev representar um crescimento ante os R$ 7,1 [&hellip;]<\/p>\n","protected":false},"author":73,"featured_media":223172,"comment_status":"closed","ping_status":"closed","sticky":false,"template":"","format":"standard","meta":[],"categories":[64],"tags":[359,105816],"suno_strategy":[],"class_list":["post-513969","post","type-post","status-publish","format-standard","has-post-thumbnail","hentry","category-negocios","tag-ambev-abev3","tag-especialistas"],"yoast_head":"<!-- This site is optimized with the Yoast SEO plugin v24.4 - https:\/\/yoast.com\/wordpress\/plugins\/seo\/ -->\n<title>Ambev (ABEV3): Os ventos s\u00e3o favor\u00e1veis mas o valuation n\u00e3o \u00e9 atrativo<\/title>\n<meta name=\"description\" content=\"Segundo analistas do Ita\u00fa BBA, apesar de a Ambev contar com alguns fatores que impulsionar\u00e3o seus resultados, o valuation ainda \u00e9 &#039;exigente&#039;\" \/>\n<meta name=\"robots\" content=\"index, follow, max-snippet:-1, max-image-preview:large, max-video-preview:-1\" \/>\n<link rel=\"canonical\" href=\"https:\/\/www.suno.com.br\/noticias\/ambev-abev3-4t23-itau-bba-valuation-evm\/\" \/>\n<meta property=\"og:locale\" content=\"pt_BR\" \/>\n<meta property=\"og:type\" content=\"article\" \/>\n<meta property=\"og:title\" content=\"Ambev (ABEV3): Os ventos s\u00e3o favor\u00e1veis mas o valuation n\u00e3o \u00e9 atrativo\" \/>\n<meta property=\"og:description\" content=\"Segundo analistas do Ita\u00fa BBA, apesar de a Ambev contar com alguns fatores que impulsionar\u00e3o seus resultados, o valuation ainda \u00e9 &#039;exigente&#039;\" \/>\n<meta property=\"og:url\" content=\"https:\/\/www.suno.com.br\/noticias\/ambev-abev3-4t23-itau-bba-valuation-evm\/\" \/>\n<meta property=\"og:site_name\" content=\"Suno Not\u00edcias\" \/>\n<meta property=\"article:publisher\" content=\"https:\/\/facebook.com\/sunoresearch\" \/>\n<meta property=\"og:image\" content=\"https:\/\/files.sunoresearch.com.br\/n\/uploads\/2022\/01\/ambev.jpg\" \/>\n\t<meta property=\"og:image:width\" content=\"1200\" \/>\n\t<meta property=\"og:image:height\" content=\"676\" \/>\n\t<meta property=\"og:image:type\" content=\"image\/jpeg\" \/>\n<meta name=\"author\" content=\"Eduardo Vargas\" \/>\n<meta name=\"twitter:card\" content=\"summary_large_image\" \/>\n<meta name=\"twitter:creator\" content=\"@sunoresearch\" \/>\n<meta name=\"twitter:site\" content=\"@sunoresearch\" \/>\n<meta name=\"twitter:label1\" content=\"Escrito por\" \/>\n\t<meta name=\"twitter:data1\" content=\"Eduardo Vargas\" \/>\n\t<meta name=\"twitter:label2\" content=\"Est. tempo de leitura\" \/>\n\t<meta name=\"twitter:data2\" content=\"3 minutos\" \/>\n<script type=\"application\/ld+json\" class=\"yoast-schema-graph\">{\"@context\":\"https:\/\/schema.org\",\"@graph\":[{\"@type\":\"NewsArticle\",\"@id\":\"https:\/\/www.suno.com.br\/noticias\/ambev-abev3-4t23-itau-bba-valuation-evm\/#article\",\"isPartOf\":{\"@id\":\"https:\/\/www.suno.com.br\/noticias\/ambev-abev3-4t23-itau-bba-valuation-evm\/\"},\"author\":{\"name\":\"Eduardo Vargas\",\"@id\":\"https:\/\/www.suno.com.br\/noticias\/#\/schema\/person\/7f4d362bf3518e76090143ae77bb49a5\"},\"headline\":\"Ambev (ABEV3): ventos s\u00e3o favor\u00e1veis, mas o valuation n\u00e3o \u00e9 atrativo, diz BBA\",\"datePublished\":\"2024-01-22T16:48:14+00:00\",\"dateModified\":\"2024-01-22T18:46:50+00:00\",\"mainEntityOfPage\":{\"@id\":\"https:\/\/www.suno.com.br\/noticias\/ambev-abev3-4t23-itau-bba-valuation-evm\/\"},\"wordCount\":468,\"publisher\":{\"@id\":\"https:\/\/www.suno.com.br\/noticias\/#organization\"},\"image\":{\"@id\":\"https:\/\/www.suno.com.br\/noticias\/ambev-abev3-4t23-itau-bba-valuation-evm\/#primaryimage\"},\"thumbnailUrl\":\"https:\/\/files.sunoresearch.com.br\/n\/uploads\/2022\/01\/ambev.jpg\",\"keywords\":[\"AMBEV (ABEV3)\",\"Especialistas\"],\"articleSection\":[\"Neg\u00f3cios\"],\"inLanguage\":\"pt-BR\"},{\"@type\":\"WebPage\",\"@id\":\"https:\/\/www.suno.com.br\/noticias\/ambev-abev3-4t23-itau-bba-valuation-evm\/\",\"url\":\"https:\/\/www.suno.com.br\/noticias\/ambev-abev3-4t23-itau-bba-valuation-evm\/\",\"name\":\"Ambev (ABEV3): Os ventos s\u00e3o favor\u00e1veis mas o valuation n\u00e3o \u00e9 atrativo\",\"isPartOf\":{\"@id\":\"https:\/\/www.suno.com.br\/noticias\/#website\"},\"primaryImageOfPage\":{\"@id\":\"https:\/\/www.suno.com.br\/noticias\/ambev-abev3-4t23-itau-bba-valuation-evm\/#primaryimage\"},\"image\":{\"@id\":\"https:\/\/www.suno.com.br\/noticias\/ambev-abev3-4t23-itau-bba-valuation-evm\/#primaryimage\"},\"thumbnailUrl\":\"https:\/\/files.sunoresearch.com.br\/n\/uploads\/2022\/01\/ambev.jpg\",\"datePublished\":\"2024-01-22T16:48:14+00:00\",\"dateModified\":\"2024-01-22T18:46:50+00:00\",\"description\":\"Segundo analistas do Ita\u00fa BBA, apesar de a Ambev contar com alguns fatores que impulsionar\u00e3o seus resultados, o valuation ainda \u00e9 'exigente'\",\"breadcrumb\":{\"@id\":\"https:\/\/www.suno.com.br\/noticias\/ambev-abev3-4t23-itau-bba-valuation-evm\/#breadcrumb\"},\"inLanguage\":\"pt-BR\",\"potentialAction\":[{\"@type\":\"ReadAction\",\"target\":[\"https:\/\/www.suno.com.br\/noticias\/ambev-abev3-4t23-itau-bba-valuation-evm\/\"]}]},{\"@type\":\"ImageObject\",\"inLanguage\":\"pt-BR\",\"@id\":\"https:\/\/www.suno.com.br\/noticias\/ambev-abev3-4t23-itau-bba-valuation-evm\/#primaryimage\",\"url\":\"https:\/\/files.sunoresearch.com.br\/n\/uploads\/2022\/01\/ambev.jpg\",\"contentUrl\":\"https:\/\/files.sunoresearch.com.br\/n\/uploads\/2022\/01\/ambev.jpg\",\"width\":1200,\"height\":676,\"caption\":\"Ambev (ABEV3). Foto: Divulga\u00e7\u00e3o\"},{\"@type\":\"BreadcrumbList\",\"@id\":\"https:\/\/www.suno.com.br\/noticias\/ambev-abev3-4t23-itau-bba-valuation-evm\/#breadcrumb\",\"itemListElement\":[{\"@type\":\"ListItem\",\"position\":1,\"name\":\"Not\u00edcias\",\"item\":\"https:\/\/www.suno.com.br\/noticias\/\"},{\"@type\":\"ListItem\",\"position\":2,\"name\":\"Neg\u00f3cios\",\"item\":\"https:\/\/www.suno.com.br\/noticias\/negocios\/\"},{\"@type\":\"ListItem\",\"position\":3,\"name\":\"Ambev (ABEV3): ventos s\u00e3o favor\u00e1veis, mas o valuation n\u00e3o \u00e9 atrativo, diz BBA\"}]},{\"@type\":\"WebSite\",\"@id\":\"https:\/\/www.suno.com.br\/noticias\/#website\",\"url\":\"https:\/\/www.suno.com.br\/noticias\/\",\"name\":\"Suno Not\u00edcias\",\"description\":\"Seu portal de informa\u00e7\u00e3o sobre o mundo dos investimentos\",\"publisher\":{\"@id\":\"https:\/\/www.suno.com.br\/noticias\/#organization\"},\"potentialAction\":[{\"@type\":\"SearchAction\",\"target\":{\"@type\":\"EntryPoint\",\"urlTemplate\":\"https:\/\/www.suno.com.br\/noticias\/?s={search_term_string}\"},\"query-input\":{\"@type\":\"PropertyValueSpecification\",\"valueRequired\":true,\"valueName\":\"search_term_string\"}}],\"inLanguage\":\"pt-BR\"},{\"@type\":\"Organization\",\"@id\":\"https:\/\/www.suno.com.br\/noticias\/#organization\",\"name\":\"Suno Not\u00edcias\",\"url\":\"https:\/\/www.suno.com.br\/noticias\/\",\"logo\":{\"@type\":\"ImageObject\",\"inLanguage\":\"pt-BR\",\"@id\":\"https:\/\/www.suno.com.br\/noticias\/#\/schema\/logo\/image\/\",\"url\":\"https:\/\/files.sunoresearch.com.br\/n\/uploads\/2021\/09\/suno-logo.png\",\"contentUrl\":\"https:\/\/files.sunoresearch.com.br\/n\/uploads\/2021\/09\/suno-logo.png\",\"width\":180,\"height\":180,\"caption\":\"Suno Not\u00edcias\"},\"image\":{\"@id\":\"https:\/\/www.suno.com.br\/noticias\/#\/schema\/logo\/image\/\"},\"sameAs\":[\"https:\/\/facebook.com\/sunoresearch\",\"https:\/\/x.com\/sunoresearch\",\"https:\/\/www.instagram.com\/suno\",\"https:\/\/www.linkedin.com\/company\/suno-research\/\",\"https:\/\/www.youtube.com\/c\/sunoresearch\"]},{\"@type\":\"Person\",\"@id\":\"https:\/\/www.suno.com.br\/noticias\/#\/schema\/person\/7f4d362bf3518e76090143ae77bb49a5\",\"name\":\"Eduardo Vargas\",\"image\":{\"@type\":\"ImageObject\",\"inLanguage\":\"pt-BR\",\"@id\":\"https:\/\/www.suno.com.br\/noticias\/#\/schema\/person\/image\/\",\"url\":\"https:\/\/secure.gravatar.com\/avatar\/dac340933427a22924c9f99d1eb2e3f2?s=96&r=g\",\"contentUrl\":\"https:\/\/secure.gravatar.com\/avatar\/dac340933427a22924c9f99d1eb2e3f2?s=96&r=g\",\"caption\":\"Eduardo Vargas\"},\"description\":\"Jornalista formado pela UFSC, cobre macroeconomia, neg\u00f3cios e startups para o Suno Not\u00edcias, escrevendo principalmente not\u00edcias sobre o mercado financeiro e a bolsa de valores. No YouTube e no Instagram, \u00e9 respons\u00e1vel pela produ\u00e7\u00e3o de Reels e Shorts do Suno Not\u00edcias. Anteriormente, trabalhou cobrindo economia e cotidiano no ND+ e para o ND, maior jornal impresso de Santa Catarina. Cursou um semestre letivo de Estudos de M\u00eddia na Universidad de Buenos Aires.\",\"url\":\"https:\/\/www.suno.com.br\/noticias\/author\/eduardo-vargas\/\"}]}<\/script>\n<!-- \/ Yoast SEO plugin. -->","yoast_head_json":{"title":"Ambev (ABEV3): Os ventos s\u00e3o favor\u00e1veis mas o valuation n\u00e3o \u00e9 atrativo","description":"Segundo analistas do Ita\u00fa BBA, apesar de a Ambev contar com alguns fatores que impulsionar\u00e3o seus resultados, o valuation ainda \u00e9 'exigente'","robots":{"index":"index","follow":"follow","max-snippet":"max-snippet:-1","max-image-preview":"max-image-preview:large","max-video-preview":"max-video-preview:-1"},"canonical":"https:\/\/www.suno.com.br\/noticias\/ambev-abev3-4t23-itau-bba-valuation-evm\/","og_locale":"pt_BR","og_type":"article","og_title":"Ambev (ABEV3): Os ventos s\u00e3o favor\u00e1veis mas o valuation n\u00e3o \u00e9 atrativo","og_description":"Segundo analistas do Ita\u00fa BBA, apesar de a Ambev contar com alguns fatores que impulsionar\u00e3o seus resultados, o valuation ainda \u00e9 'exigente'","og_url":"https:\/\/www.suno.com.br\/noticias\/ambev-abev3-4t23-itau-bba-valuation-evm\/","og_site_name":"Suno Not\u00edcias","article_publisher":"https:\/\/facebook.com\/sunoresearch","og_image":[{"width":1200,"height":676,"url":"https:\/\/files.sunoresearch.com.br\/n\/uploads\/2022\/01\/ambev.jpg","type":"image\/jpeg"}],"author":"Eduardo Vargas","twitter_card":"summary_large_image","twitter_creator":"@sunoresearch","twitter_site":"@sunoresearch","twitter_misc":{"Escrito por":"Eduardo Vargas","Est. tempo de leitura":"3 minutos"},"schema":{"@context":"https:\/\/schema.org","@graph":[{"@type":"NewsArticle","@id":"https:\/\/www.suno.com.br\/noticias\/ambev-abev3-4t23-itau-bba-valuation-evm\/#article","isPartOf":{"@id":"https:\/\/www.suno.com.br\/noticias\/ambev-abev3-4t23-itau-bba-valuation-evm\/"},"author":{"name":"Eduardo Vargas","@id":"https:\/\/www.suno.com.br\/noticias\/#\/schema\/person\/7f4d362bf3518e76090143ae77bb49a5"},"headline":"Ambev (ABEV3): ventos s\u00e3o favor\u00e1veis, mas o valuation n\u00e3o \u00e9 atrativo, diz BBA","datePublished":"2024-01-22T16:48:14+00:00","dateModified":"2024-01-22T18:46:50+00:00","mainEntityOfPage":{"@id":"https:\/\/www.suno.com.br\/noticias\/ambev-abev3-4t23-itau-bba-valuation-evm\/"},"wordCount":468,"publisher":{"@id":"https:\/\/www.suno.com.br\/noticias\/#organization"},"image":{"@id":"https:\/\/www.suno.com.br\/noticias\/ambev-abev3-4t23-itau-bba-valuation-evm\/#primaryimage"},"thumbnailUrl":"https:\/\/files.sunoresearch.com.br\/n\/uploads\/2022\/01\/ambev.jpg","keywords":["AMBEV (ABEV3)","Especialistas"],"articleSection":["Neg\u00f3cios"],"inLanguage":"pt-BR"},{"@type":"WebPage","@id":"https:\/\/www.suno.com.br\/noticias\/ambev-abev3-4t23-itau-bba-valuation-evm\/","url":"https:\/\/www.suno.com.br\/noticias\/ambev-abev3-4t23-itau-bba-valuation-evm\/","name":"Ambev (ABEV3): Os ventos s\u00e3o favor\u00e1veis mas o valuation n\u00e3o \u00e9 atrativo","isPartOf":{"@id":"https:\/\/www.suno.com.br\/noticias\/#website"},"primaryImageOfPage":{"@id":"https:\/\/www.suno.com.br\/noticias\/ambev-abev3-4t23-itau-bba-valuation-evm\/#primaryimage"},"image":{"@id":"https:\/\/www.suno.com.br\/noticias\/ambev-abev3-4t23-itau-bba-valuation-evm\/#primaryimage"},"thumbnailUrl":"https:\/\/files.sunoresearch.com.br\/n\/uploads\/2022\/01\/ambev.jpg","datePublished":"2024-01-22T16:48:14+00:00","dateModified":"2024-01-22T18:46:50+00:00","description":"Segundo analistas do Ita\u00fa BBA, apesar de a Ambev contar com alguns fatores que impulsionar\u00e3o seus resultados, o valuation ainda \u00e9 'exigente'","breadcrumb":{"@id":"https:\/\/www.suno.com.br\/noticias\/ambev-abev3-4t23-itau-bba-valuation-evm\/#breadcrumb"},"inLanguage":"pt-BR","potentialAction":[{"@type":"ReadAction","target":["https:\/\/www.suno.com.br\/noticias\/ambev-abev3-4t23-itau-bba-valuation-evm\/"]}]},{"@type":"ImageObject","inLanguage":"pt-BR","@id":"https:\/\/www.suno.com.br\/noticias\/ambev-abev3-4t23-itau-bba-valuation-evm\/#primaryimage","url":"https:\/\/files.sunoresearch.com.br\/n\/uploads\/2022\/01\/ambev.jpg","contentUrl":"https:\/\/files.sunoresearch.com.br\/n\/uploads\/2022\/01\/ambev.jpg","width":1200,"height":676,"caption":"Ambev (ABEV3). Foto: Divulga\u00e7\u00e3o"},{"@type":"BreadcrumbList","@id":"https:\/\/www.suno.com.br\/noticias\/ambev-abev3-4t23-itau-bba-valuation-evm\/#breadcrumb","itemListElement":[{"@type":"ListItem","position":1,"name":"Not\u00edcias","item":"https:\/\/www.suno.com.br\/noticias\/"},{"@type":"ListItem","position":2,"name":"Neg\u00f3cios","item":"https:\/\/www.suno.com.br\/noticias\/negocios\/"},{"@type":"ListItem","position":3,"name":"Ambev (ABEV3): ventos s\u00e3o favor\u00e1veis, mas o valuation n\u00e3o \u00e9 atrativo, diz BBA"}]},{"@type":"WebSite","@id":"https:\/\/www.suno.com.br\/noticias\/#website","url":"https:\/\/www.suno.com.br\/noticias\/","name":"Suno Not\u00edcias","description":"Seu portal de informa\u00e7\u00e3o sobre o mundo dos investimentos","publisher":{"@id":"https:\/\/www.suno.com.br\/noticias\/#organization"},"potentialAction":[{"@type":"SearchAction","target":{"@type":"EntryPoint","urlTemplate":"https:\/\/www.suno.com.br\/noticias\/?s={search_term_string}"},"query-input":{"@type":"PropertyValueSpecification","valueRequired":true,"valueName":"search_term_string"}}],"inLanguage":"pt-BR"},{"@type":"Organization","@id":"https:\/\/www.suno.com.br\/noticias\/#organization","name":"Suno Not\u00edcias","url":"https:\/\/www.suno.com.br\/noticias\/","logo":{"@type":"ImageObject","inLanguage":"pt-BR","@id":"https:\/\/www.suno.com.br\/noticias\/#\/schema\/logo\/image\/","url":"https:\/\/files.sunoresearch.com.br\/n\/uploads\/2021\/09\/suno-logo.png","contentUrl":"https:\/\/files.sunoresearch.com.br\/n\/uploads\/2021\/09\/suno-logo.png","width":180,"height":180,"caption":"Suno Not\u00edcias"},"image":{"@id":"https:\/\/www.suno.com.br\/noticias\/#\/schema\/logo\/image\/"},"sameAs":["https:\/\/facebook.com\/sunoresearch","https:\/\/x.com\/sunoresearch","https:\/\/www.instagram.com\/suno","https:\/\/www.linkedin.com\/company\/suno-research\/","https:\/\/www.youtube.com\/c\/sunoresearch"]},{"@type":"Person","@id":"https:\/\/www.suno.com.br\/noticias\/#\/schema\/person\/7f4d362bf3518e76090143ae77bb49a5","name":"Eduardo Vargas","image":{"@type":"ImageObject","inLanguage":"pt-BR","@id":"https:\/\/www.suno.com.br\/noticias\/#\/schema\/person\/image\/","url":"https:\/\/secure.gravatar.com\/avatar\/dac340933427a22924c9f99d1eb2e3f2?s=96&r=g","contentUrl":"https:\/\/secure.gravatar.com\/avatar\/dac340933427a22924c9f99d1eb2e3f2?s=96&r=g","caption":"Eduardo Vargas"},"description":"Jornalista formado pela UFSC, cobre macroeconomia, neg\u00f3cios e startups para o Suno Not\u00edcias, escrevendo principalmente not\u00edcias sobre o mercado financeiro e a bolsa de valores. No YouTube e no Instagram, \u00e9 respons\u00e1vel pela produ\u00e7\u00e3o de Reels e Shorts do Suno Not\u00edcias. Anteriormente, trabalhou cobrindo economia e cotidiano no ND+ e para o ND, maior jornal impresso de Santa Catarina. Cursou um semestre letivo de Estudos de M\u00eddia na Universidad de Buenos Aires.","url":"https:\/\/www.suno.com.br\/noticias\/author\/eduardo-vargas\/"}]}},"default_loop_html":"<div class=\"cardsPage__listCard__boxs\"><div class=\"cardsPage__listCard__boxs__img\"><a href=\"https:\/\/www.suno.com.br\/noticias\/ambev-abev3-4t23-itau-bba-valuation-evm\/\"><img class=\"mask\" src=\"https:\/\/www.suno.com.br\/noticias\/wp-content\/themes\/suno\/resources\/images\/spotlight\/spotlight1img\/bg-mask.png\" alt=\"Image Mask\"\/><img src=\"https:\/\/files.sunoresearch.com.br\/n\/uploads\/2022\/01\/ambev-400x200.jpg\" alt=\"Ambev (ABEV3): ventos s\u00e3o favor\u00e1veis, mas o valuation n\u00e3o \u00e9 atrativo, diz BBA\"\/><\/a><span class=\"spotlightCategory\"><a href=\"https:\/\/www.suno.com.br\/noticias\/negocios\/\">Neg\u00f3cios<\/a><\/span><\/div><div class=\"cardsPage__listCard__boxs__content\"><a href=\"https:\/\/www.suno.com.br\/noticias\/ambev-abev3-4t23-itau-bba-valuation-evm\/\"><h2 class=\"content__title\">Ambev (ABEV3): ventos s\u00e3o favor\u00e1veis, mas o valuation n\u00e3o \u00e9 atrativo, diz BBA<\/h2><\/a><div class=\"newsContent__article__meta\"><div class=\"newsContent__article__meta__authorBox\"><a href=\"https:\/\/www.suno.com.br\/noticias\/author\/leandro-sbtavaresgmail-com\/\" class=\"authorBox__avatar noMobi\"><img src=\"https:\/\/files.sunoresearch.com.br\/n\/uploads\/2024\/01\/Foto-150x150.jpg\" alt=\"Leandro Tavares\"><\/a><div class=\"authorBox__name\"><span>por\n\t\t\t<a href=\"https:\/\/www.suno.com.br\/noticias\/author\/leandro-sbtavaresgmail-com\/\"><span itemprop=\"author\">Leandro Tavares<\/span><\/a><\/span><time datetime=\"2024-01-22T13:48:14-03:00\" itemprop=\"datePublished\">22\/01\/2024 13:48<\/time><\/div><\/div><\/div><\/div><\/div>","single_layout":"posts","amp_enabled":true,"_links":{"self":[{"href":"https:\/\/www.suno.com.br\/noticias\/wp-json\/wp\/v2\/posts\/513969"}],"collection":[{"href":"https:\/\/www.suno.com.br\/noticias\/wp-json\/wp\/v2\/posts"}],"about":[{"href":"https:\/\/www.suno.com.br\/noticias\/wp-json\/wp\/v2\/types\/post"}],"author":[{"embeddable":true,"href":"https:\/\/www.suno.com.br\/noticias\/wp-json\/wp\/v2\/users\/73"}],"replies":[{"embeddable":true,"href":"https:\/\/www.suno.com.br\/noticias\/wp-json\/wp\/v2\/comments?post=513969"}],"version-history":[{"count":2,"href":"https:\/\/www.suno.com.br\/noticias\/wp-json\/wp\/v2\/posts\/513969\/revisions"}],"predecessor-version":[{"id":514082,"href":"https:\/\/www.suno.com.br\/noticias\/wp-json\/wp\/v2\/posts\/513969\/revisions\/514082"}],"wp:featuredmedia":[{"embeddable":true,"href":"https:\/\/www.suno.com.br\/noticias\/wp-json\/wp\/v2\/media\/223172"}],"wp:attachment":[{"href":"https:\/\/www.suno.com.br\/noticias\/wp-json\/wp\/v2\/media?parent=513969"}],"wp:term":[{"taxonomy":"category","embeddable":true,"href":"https:\/\/www.suno.com.br\/noticias\/wp-json\/wp\/v2\/categories?post=513969"},{"taxonomy":"post_tag","embeddable":true,"href":"https:\/\/www.suno.com.br\/noticias\/wp-json\/wp\/v2\/tags?post=513969"},{"taxonomy":"suno_strategy","embeddable":true,"href":"https:\/\/www.suno.com.br\/noticias\/wp-json\/wp\/v2\/suno_strategy?post=513969"}],"curies":[{"name":"wp","href":"https:\/\/api.w.org\/{rel}","templated":true}]}}