{"id":51382,"date":"2020-01-30T09:22:04","date_gmt":"2020-01-30T11:22:04","guid":{"rendered":"https:\/\/www.suno.com.br\/noticias\/?p=51382"},"modified":"2020-01-31T13:52:14","modified_gmt":"2020-01-31T15:52:14","slug":"coronavirus-oms-realiza-2a-reuniao-de-emergencia-nesta-quinta-feira","status":"publish","type":"post","link":"https:\/\/www.suno.com.br\/noticias\/coronavirus-oms-realiza-2a-reuniao-de-emergencia-nesta-quinta-feira\/","title":{"rendered":"Coronav\u00edrus: OMS realiza 2\u00aa reuni\u00e3o de emerg\u00eancia nesta quinta-feira"},"content":{"rendered":"<p>A <strong>Organiza\u00e7\u00e3o Mundial da Sa\u00fade<\/strong> (OMS) vai realizar nesta quinta-feira (30) a segunda reuni\u00e3o para avaliar se declara se o <strong>coronav\u00edrus<\/strong> \u00e9 uma <strong>emerg\u00eancia internacional de sa\u00fade<\/strong>.<\/p>\t<div class=\"wrapper-featured-image\">\n\t\t<figure class=\"spotlightImg\">\n\n\t\t\t<picture>\n\t\t\t\t<source media=\"(max-width: 768px)\" srcset=\"https:\/\/files.sunoresearch.com.br\/n\/uploads\/2020\/01\/07e74a69-coronavirus-400x200.webp\">\n\t\t\t\t<img loading=\"lazy\" decoding=\"async\" class=\"newsContent__article__imgCapa lazyloadDisabled newsContent__article__imgCapa--noCaption\" src=\"https:\/\/files.sunoresearch.com.br\/n\/uploads\/2020\/01\/07e74a69-coronavirus-jpg.webp\" width=\"800\" height=\"450\" alt=\"Coronav\u00edrus: OMS realiza 2\u00aa reuni\u00e3o de emerg\u00eancia nesta quinta-feira\" fetchpriority=high \/>\n\t\t\t<\/picture>\n\n\t\t\t<figcaption class=\"wp-caption-text wp-caption-text--hide\">A Organiza\u00e7\u00e3o Mundial da Sa\u00fade (OMS) alertou nesta sexta-feira (21) que pa\u00edses precisam agir r\u00e1pido para conter coronav\u00edrus. Para a institui\u00e7\u00e3o, a janela de oportunidade est\u00e1 se fechando.\u00a0<\/figcaption>\n\t\t<\/figure>\n\t<\/div>\n\n\n\n<p>Na primeira reuni\u00e3o, semana passada, a OMS havia conclu\u00eddo que era muito cedo para declarar emerg\u00eancia internacional. At\u00e9 aquele momento, apenas\u00a0 cidad\u00e3os chineses estavam contaminados. J\u00e1 na \u00faltima segunda-feira (27), a organiza\u00e7\u00e3o classificou o coronav\u00edrus como &#8220;elevado risco internacional&#8221; e afirmou que a avalia\u00e7\u00e3o anterior de &#8220;moderado&#8221; foi um &#8220;erro de formula\u00e7\u00e3o&#8221;.<\/p>\n<p>O diretor-geral da OMS, Tedros Adhanom Ghebreyesus, informou que o preocupa \u00e9 o aumento cont\u00ednuo de casos e evid\u00eancias de transmiss\u00e3o entre pessoas fora da <strong>China<\/strong>.<\/p>\n<p>&#8220;Embora o n\u00famero de casos fora da China seja relativamente pequeno, ele tem potencial para um epidemia ainda mais&#8221;, afirmou Ghebreyesus.<\/p>\n\t<p>\n\t\t<a href=\"https:\/\/lp.suno.com.br\/asset\/fundos\/suno-fiagro-snag11\/\" target=\"_blank\" data-element=\"shortcode-suno-banner\" title=\"Banner SUNO, clique e saiba mais\">\n\t\t\t<picture>\n\t\t\t\t<source media=\"(max-width: 500px)\" srcset=\"https:\/\/files.sunoresearch.com.br\/n\/uploads\/2024\/03\/400x300-Mobile-Artigos-1_SNAG.png\">\n\t\t\t\t<img class=\"newsContent__article__imgCapa newsContent__article__imgCapa--banner\"\n\t\t\t\t\tsrc=\"https:\/\/files.sunoresearch.com.br\/n\/uploads\/2024\/03\/1420x240-Banner-Artigos-1-_-Banner-Materias-1_SNAG.png\"\n\t\t\t\t\tdata-promo-id=\"364416\"\t\t\t\t\t\t\t\t\t\twidth='1420' height='240'\t\t\t\t\talt=\"https:\/\/files.sunoresearch.com.br\/n\/uploads\/2024\/03\/1420x240-Banner-Artigos-1-_-Banner-Materias-1_SNAG.png\"\n\t\t\t\t>\n\t\t\t<\/picture>\n\t\t<\/a>\n\t<\/p>\n\n\n<p>Segundo a pesquisa do Instituto de Virologia de Wuhan, China, informou que uma an\u00e1lise sobre v\u00edrus revelou que a sequ\u00eancia gen\u00e9tica do coronav\u00edrus \u00e9 96% id\u00eantica \u00e0 de um v\u00edrus encontrado em morcegos.<\/p>\n<p>Em entrevista ao jornal chin\u00eas, os m\u00e9dicos do pa\u00eds asi\u00e1tico, afirmaram que o coronav\u00edrus tem a mesma origem que os v\u00edrus que foram encontrados em morcegos em 2017.<\/p>\n<h2>Brasil registra 9 casos suspeitos de coronav\u00edrus em 6 estados<\/h2>\n<p>Na \u00faltima quarta-feira (29), o Minist\u00e9rio da Sa\u00fade informou que o Brasil tem nove casos suspeitos do v\u00edrus da China.\u00a0Outras 33 notifica\u00e7\u00f5es da doen\u00e7a foram apuradas pelo governo.<\/p>\n<p>Os dados sobre a difus\u00e3o do coronav\u00edrus s\u00e3o referentes ao per\u00edodo de 18 a 29 de janeiro. Os casos suspeitos est\u00e3o localizados nos estados de:<\/p>\n<ul>\n<li>Minas Gerais &#8211; 1<\/li>\n<li>Rio de Janeiro &#8211; 1<\/li>\n<li>Santa Catarina &#8211; 2<\/li>\n<li>S\u00e3o Paulo &#8211; 3<\/li>\n<li>Paran\u00e1 &#8211; 1<\/li>\n<li>Cear\u00e1 &#8211; 1<\/li>\n<\/ul>\n<p>&#8220;Nenhum de n\u00f3s tem possibilidade de dizer com que velocidade esse poss\u00edvel surto ir\u00e1 se desenvolver no pa\u00eds. No momento atual, faremos uma campanha de recomenda\u00e7\u00f5es do mesmo modo que fazemos no caso da influenza&#8221;, declarou Jo\u00e3o Gabbardo dos Reis, secret\u00e1rio-executivo do Minist\u00e9rio da Sa\u00fade, durante uma coletiva de imprensa.<\/p>\n<p><a href=\"\/\/www.suno.com.br\/noticias\/coronavirus-carteira-acoes-bndes-encolhe-r-58-bi-epidemia\/\">Veja Tamb\u00e9m: Coronav\u00edrus: carteira de a\u00e7\u00f5es do BNDES encolhe R$ 5,8 bi com epidemia<\/a><\/p>\n<p>Segundo o secret\u00e1rio, o governo n\u00e3o decidiu alguma medida durante o Carnaval por causa do coronav\u00edrus. Assim como os passageiros dos voos provenientes da China &#8211; cerca de 250 por dia &#8211; n\u00e3o ser\u00e3o bloqueados nos aeroportos brasileiros. Entretanto, o governo de Pequim j\u00e1 bloqueou o turismo internacional para tentar conter o <strong>coronav\u00edrus<\/strong>.<\/p>\n\n","protected":false},"excerpt":{"rendered":"<p>A Organiza\u00e7\u00e3o Mundial da Sa\u00fade (OMS) vai realizar nesta quinta-feira (30) a segunda reuni\u00e3o para avaliar se declara se o coronav\u00edrus \u00e9 uma emerg\u00eancia internacional de sa\u00fade. A Organiza\u00e7\u00e3o Mundial da Sa\u00fade (OMS) alertou nesta sexta-feira (21) que pa\u00edses precisam agir r\u00e1pido para conter coronav\u00edrus. Para a institui\u00e7\u00e3o, a janela de oportunidade est\u00e1 se fechando.\u00a0 [&hellip;]<\/p>\n","protected":false},"author":15,"featured_media":50997,"comment_status":"closed","ping_status":"closed","sticky":false,"template":"","format":"standard","meta":[],"categories":[63],"tags":[711,2487],"suno_strategy":[],"class_list":["post-51382","post","type-post","status-publish","format-standard","has-post-thumbnail","hentry","category-internacional","tag-china","tag-coronavirus"],"yoast_head":"<!-- This site is optimized with the Yoast SEO plugin v24.4 - https:\/\/yoast.com\/wordpress\/plugins\/seo\/ -->\n<title>Coronav\u00edrus: OMS realiza 2\u00aa reuni\u00e3o de emerg\u00eancia nesta quinta-feira<\/title>\n<meta name=\"description\" content=\"A OMS vai realizar nesta quinta-feira (30) a segunda reuni\u00e3o para avaliar se o coronav\u00edrus \u00e9 uma emerg\u00eancia internacional.\u00a0Clique aqui\" \/>\n<meta name=\"robots\" content=\"index, follow, max-snippet:-1, max-image-preview:large, max-video-preview:-1\" \/>\n<link rel=\"canonical\" href=\"https:\/\/www.suno.com.br\/noticias\/coronavirus-oms-realiza-2a-reuniao-de-emergencia-nesta-quinta-feira\/\" \/>\n<meta property=\"og:locale\" content=\"pt_BR\" \/>\n<meta property=\"og:type\" content=\"article\" \/>\n<meta property=\"og:title\" content=\"Coronav\u00edrus: OMS realiza 2\u00aa reuni\u00e3o de emerg\u00eancia nesta quinta-feira\" \/>\n<meta property=\"og:description\" content=\"A OMS vai realizar nesta quinta-feira (30) a segunda reuni\u00e3o para avaliar se o coronav\u00edrus \u00e9 uma emerg\u00eancia internacional.\u00a0Clique aqui\" \/>\n<meta property=\"og:url\" content=\"https:\/\/www.suno.com.br\/noticias\/coronavirus-oms-realiza-2a-reuniao-de-emergencia-nesta-quinta-feira\/\" \/>\n<meta property=\"og:site_name\" content=\"Suno Not\u00edcias\" \/>\n<meta property=\"article:publisher\" content=\"https:\/\/facebook.com\/sunoresearch\" \/>\n<meta property=\"og:image\" content=\"https:\/\/files.sunoresearch.com.br\/n\/uploads\/2020\/01\/07e74a69-coronavirus.jpg\" \/>\n\t<meta property=\"og:image:width\" content=\"660\" \/>\n\t<meta property=\"og:image:height\" content=\"371\" \/>\n\t<meta property=\"og:image:type\" content=\"image\/jpeg\" \/>\n<meta name=\"author\" content=\"Poliana Santos\" \/>\n<meta name=\"twitter:card\" content=\"summary_large_image\" \/>\n<meta name=\"twitter:creator\" content=\"@sunoresearch\" \/>\n<meta name=\"twitter:site\" content=\"@sunoresearch\" \/>\n<meta name=\"twitter:label1\" content=\"Escrito por\" \/>\n\t<meta name=\"twitter:data1\" content=\"Poliana Santos\" \/>\n\t<meta name=\"twitter:label2\" content=\"Est. tempo de leitura\" \/>\n\t<meta name=\"twitter:data2\" content=\"2 minutos\" \/>\n<script type=\"application\/ld+json\" class=\"yoast-schema-graph\">{\"@context\":\"https:\/\/schema.org\",\"@graph\":[{\"@type\":\"NewsArticle\",\"@id\":\"https:\/\/www.suno.com.br\/noticias\/coronavirus-oms-realiza-2a-reuniao-de-emergencia-nesta-quinta-feira\/#article\",\"isPartOf\":{\"@id\":\"https:\/\/www.suno.com.br\/noticias\/coronavirus-oms-realiza-2a-reuniao-de-emergencia-nesta-quinta-feira\/\"},\"author\":{\"name\":\"Poliana Santos\",\"@id\":\"https:\/\/www.suno.com.br\/noticias\/#\/schema\/person\/02ec1f752758247878a2bf4abee1aeda\"},\"headline\":\"Coronav\u00edrus: OMS realiza 2\u00aa reuni\u00e3o de emerg\u00eancia nesta quinta-feira\",\"datePublished\":\"2020-01-30T11:22:04+00:00\",\"dateModified\":\"2020-01-31T15:52:14+00:00\",\"mainEntityOfPage\":{\"@id\":\"https:\/\/www.suno.com.br\/noticias\/coronavirus-oms-realiza-2a-reuniao-de-emergencia-nesta-quinta-feira\/\"},\"wordCount\":451,\"publisher\":{\"@id\":\"https:\/\/www.suno.com.br\/noticias\/#organization\"},\"image\":{\"@id\":\"https:\/\/www.suno.com.br\/noticias\/coronavirus-oms-realiza-2a-reuniao-de-emergencia-nesta-quinta-feira\/#primaryimage\"},\"thumbnailUrl\":\"https:\/\/files.sunoresearch.com.br\/n\/uploads\/2020\/01\/07e74a69-coronavirus-jpg.webp\",\"keywords\":[\"China\",\"coronav\u00edrus\"],\"articleSection\":[\"Internacional\"],\"inLanguage\":\"pt-BR\"},{\"@type\":\"WebPage\",\"@id\":\"https:\/\/www.suno.com.br\/noticias\/coronavirus-oms-realiza-2a-reuniao-de-emergencia-nesta-quinta-feira\/\",\"url\":\"https:\/\/www.suno.com.br\/noticias\/coronavirus-oms-realiza-2a-reuniao-de-emergencia-nesta-quinta-feira\/\",\"name\":\"Coronav\u00edrus: OMS realiza 2\u00aa reuni\u00e3o de emerg\u00eancia nesta quinta-feira\",\"isPartOf\":{\"@id\":\"https:\/\/www.suno.com.br\/noticias\/#website\"},\"primaryImageOfPage\":{\"@id\":\"https:\/\/www.suno.com.br\/noticias\/coronavirus-oms-realiza-2a-reuniao-de-emergencia-nesta-quinta-feira\/#primaryimage\"},\"image\":{\"@id\":\"https:\/\/www.suno.com.br\/noticias\/coronavirus-oms-realiza-2a-reuniao-de-emergencia-nesta-quinta-feira\/#primaryimage\"},\"thumbnailUrl\":\"https:\/\/files.sunoresearch.com.br\/n\/uploads\/2020\/01\/07e74a69-coronavirus-jpg.webp\",\"datePublished\":\"2020-01-30T11:22:04+00:00\",\"dateModified\":\"2020-01-31T15:52:14+00:00\",\"description\":\"A OMS vai realizar nesta quinta-feira (30) a segunda reuni\u00e3o para avaliar se o coronav\u00edrus \u00e9 uma emerg\u00eancia internacional.\u00a0Clique aqui\",\"breadcrumb\":{\"@id\":\"https:\/\/www.suno.com.br\/noticias\/coronavirus-oms-realiza-2a-reuniao-de-emergencia-nesta-quinta-feira\/#breadcrumb\"},\"inLanguage\":\"pt-BR\",\"potentialAction\":[{\"@type\":\"ReadAction\",\"target\":[\"https:\/\/www.suno.com.br\/noticias\/coronavirus-oms-realiza-2a-reuniao-de-emergencia-nesta-quinta-feira\/\"]}]},{\"@type\":\"ImageObject\",\"inLanguage\":\"pt-BR\",\"@id\":\"https:\/\/www.suno.com.br\/noticias\/coronavirus-oms-realiza-2a-reuniao-de-emergencia-nesta-quinta-feira\/#primaryimage\",\"url\":\"https:\/\/files.sunoresearch.com.br\/n\/uploads\/2020\/01\/07e74a69-coronavirus-jpg.webp\",\"contentUrl\":\"https:\/\/files.sunoresearch.com.br\/n\/uploads\/2020\/01\/07e74a69-coronavirus-jpg.webp\",\"width\":660,\"height\":371,\"caption\":\"A Organiza\u00e7\u00e3o Mundial da Sa\u00fade (OMS) alertou nesta sexta-feira (21) que pa\u00edses precisam agir r\u00e1pido para conter coronav\u00edrus. Para a institui\u00e7\u00e3o, a janela de oportunidade est\u00e1 se fechando.\u00a0\"},{\"@type\":\"BreadcrumbList\",\"@id\":\"https:\/\/www.suno.com.br\/noticias\/coronavirus-oms-realiza-2a-reuniao-de-emergencia-nesta-quinta-feira\/#breadcrumb\",\"itemListElement\":[{\"@type\":\"ListItem\",\"position\":1,\"name\":\"Not\u00edcias\",\"item\":\"https:\/\/www.suno.com.br\/noticias\/\"},{\"@type\":\"ListItem\",\"position\":2,\"name\":\"Internacional\",\"item\":\"https:\/\/www.suno.com.br\/noticias\/internacional\/\"},{\"@type\":\"ListItem\",\"position\":3,\"name\":\"Coronav\u00edrus: OMS realiza 2\u00aa reuni\u00e3o de emerg\u00eancia nesta quinta-feira\"}]},{\"@type\":\"WebSite\",\"@id\":\"https:\/\/www.suno.com.br\/noticias\/#website\",\"url\":\"https:\/\/www.suno.com.br\/noticias\/\",\"name\":\"Suno Not\u00edcias\",\"description\":\"Seu portal de informa\u00e7\u00e3o sobre o mundo dos investimentos\",\"publisher\":{\"@id\":\"https:\/\/www.suno.com.br\/noticias\/#organization\"},\"potentialAction\":[{\"@type\":\"SearchAction\",\"target\":{\"@type\":\"EntryPoint\",\"urlTemplate\":\"https:\/\/www.suno.com.br\/noticias\/?s={search_term_string}\"},\"query-input\":{\"@type\":\"PropertyValueSpecification\",\"valueRequired\":true,\"valueName\":\"search_term_string\"}}],\"inLanguage\":\"pt-BR\"},{\"@type\":\"Organization\",\"@id\":\"https:\/\/www.suno.com.br\/noticias\/#organization\",\"name\":\"Suno Not\u00edcias\",\"url\":\"https:\/\/www.suno.com.br\/noticias\/\",\"logo\":{\"@type\":\"ImageObject\",\"inLanguage\":\"pt-BR\",\"@id\":\"https:\/\/www.suno.com.br\/noticias\/#\/schema\/logo\/image\/\",\"url\":\"https:\/\/files.sunoresearch.com.br\/n\/uploads\/2021\/09\/suno-logo.png\",\"contentUrl\":\"https:\/\/files.sunoresearch.com.br\/n\/uploads\/2021\/09\/suno-logo.png\",\"width\":180,\"height\":180,\"caption\":\"Suno Not\u00edcias\"},\"image\":{\"@id\":\"https:\/\/www.suno.com.br\/noticias\/#\/schema\/logo\/image\/\"},\"sameAs\":[\"https:\/\/facebook.com\/sunoresearch\",\"https:\/\/x.com\/sunoresearch\",\"https:\/\/www.instagram.com\/suno\",\"https:\/\/www.linkedin.com\/company\/suno-research\/\",\"https:\/\/www.youtube.com\/c\/sunoresearch\"]},{\"@type\":\"Person\",\"@id\":\"https:\/\/www.suno.com.br\/noticias\/#\/schema\/person\/02ec1f752758247878a2bf4abee1aeda\",\"name\":\"Poliana Santos\",\"image\":{\"@type\":\"ImageObject\",\"inLanguage\":\"pt-BR\",\"@id\":\"https:\/\/www.suno.com.br\/noticias\/#\/schema\/person\/image\/\",\"url\":\"https:\/\/secure.gravatar.com\/avatar\/0645bd32f23d87b2130f2b2dff1d3f8d?s=96&r=g\",\"contentUrl\":\"https:\/\/secure.gravatar.com\/avatar\/0645bd32f23d87b2130f2b2dff1d3f8d?s=96&r=g\",\"caption\":\"Poliana Santos\"},\"description\":\"Rep\u00f3rter no Suno Not\u00edcias, com cobertura em mercado financeiro, economia, finan\u00e7as pessoais, renda fixa e varejo. Jornalista formada pela Faculdade C\u00e1sper L\u00edbero e possui passagem na R\u00e1dio Gazeta AM com a produ\u00e7\u00e3o de conte\u00fado sobre economia, pol\u00edtica, sa\u00fade, moda e m\u00fasica. Possui certificado de conclus\u00e3o do curso de An\u00e1lise de Balan\u00e7os pela Funda\u00e7\u00e3o Bradesco, Agenda Brasil pela FAAP, Educa\u00e7\u00e3o Pol\u00edtica por Alexandre Garcia e do Tesouro Direto e Mercado de A\u00e7\u00f5es pela B3.\",\"url\":\"https:\/\/www.suno.com.br\/noticias\/author\/poliana-santos\/\"}]}<\/script>\n<!-- \/ Yoast SEO plugin. -->","yoast_head_json":{"title":"Coronav\u00edrus: OMS realiza 2\u00aa reuni\u00e3o de emerg\u00eancia nesta quinta-feira","description":"A OMS vai realizar nesta quinta-feira (30) a segunda reuni\u00e3o para avaliar se o coronav\u00edrus \u00e9 uma emerg\u00eancia internacional.\u00a0Clique aqui","robots":{"index":"index","follow":"follow","max-snippet":"max-snippet:-1","max-image-preview":"max-image-preview:large","max-video-preview":"max-video-preview:-1"},"canonical":"https:\/\/www.suno.com.br\/noticias\/coronavirus-oms-realiza-2a-reuniao-de-emergencia-nesta-quinta-feira\/","og_locale":"pt_BR","og_type":"article","og_title":"Coronav\u00edrus: OMS realiza 2\u00aa reuni\u00e3o de emerg\u00eancia nesta quinta-feira","og_description":"A OMS vai realizar nesta quinta-feira (30) a segunda reuni\u00e3o para avaliar se o coronav\u00edrus \u00e9 uma emerg\u00eancia internacional.\u00a0Clique aqui","og_url":"https:\/\/www.suno.com.br\/noticias\/coronavirus-oms-realiza-2a-reuniao-de-emergencia-nesta-quinta-feira\/","og_site_name":"Suno Not\u00edcias","article_publisher":"https:\/\/facebook.com\/sunoresearch","og_image":[{"width":660,"height":371,"url":"https:\/\/files.sunoresearch.com.br\/n\/uploads\/2020\/01\/07e74a69-coronavirus.jpg","type":"image\/jpeg"}],"author":"Poliana Santos","twitter_card":"summary_large_image","twitter_creator":"@sunoresearch","twitter_site":"@sunoresearch","twitter_misc":{"Escrito por":"Poliana Santos","Est. tempo de leitura":"2 minutos"},"schema":{"@context":"https:\/\/schema.org","@graph":[{"@type":"NewsArticle","@id":"https:\/\/www.suno.com.br\/noticias\/coronavirus-oms-realiza-2a-reuniao-de-emergencia-nesta-quinta-feira\/#article","isPartOf":{"@id":"https:\/\/www.suno.com.br\/noticias\/coronavirus-oms-realiza-2a-reuniao-de-emergencia-nesta-quinta-feira\/"},"author":{"name":"Poliana Santos","@id":"https:\/\/www.suno.com.br\/noticias\/#\/schema\/person\/02ec1f752758247878a2bf4abee1aeda"},"headline":"Coronav\u00edrus: OMS realiza 2\u00aa reuni\u00e3o de emerg\u00eancia nesta quinta-feira","datePublished":"2020-01-30T11:22:04+00:00","dateModified":"2020-01-31T15:52:14+00:00","mainEntityOfPage":{"@id":"https:\/\/www.suno.com.br\/noticias\/coronavirus-oms-realiza-2a-reuniao-de-emergencia-nesta-quinta-feira\/"},"wordCount":451,"publisher":{"@id":"https:\/\/www.suno.com.br\/noticias\/#organization"},"image":{"@id":"https:\/\/www.suno.com.br\/noticias\/coronavirus-oms-realiza-2a-reuniao-de-emergencia-nesta-quinta-feira\/#primaryimage"},"thumbnailUrl":"https:\/\/files.sunoresearch.com.br\/n\/uploads\/2020\/01\/07e74a69-coronavirus-jpg.webp","keywords":["China","coronav\u00edrus"],"articleSection":["Internacional"],"inLanguage":"pt-BR"},{"@type":"WebPage","@id":"https:\/\/www.suno.com.br\/noticias\/coronavirus-oms-realiza-2a-reuniao-de-emergencia-nesta-quinta-feira\/","url":"https:\/\/www.suno.com.br\/noticias\/coronavirus-oms-realiza-2a-reuniao-de-emergencia-nesta-quinta-feira\/","name":"Coronav\u00edrus: OMS realiza 2\u00aa reuni\u00e3o de emerg\u00eancia nesta quinta-feira","isPartOf":{"@id":"https:\/\/www.suno.com.br\/noticias\/#website"},"primaryImageOfPage":{"@id":"https:\/\/www.suno.com.br\/noticias\/coronavirus-oms-realiza-2a-reuniao-de-emergencia-nesta-quinta-feira\/#primaryimage"},"image":{"@id":"https:\/\/www.suno.com.br\/noticias\/coronavirus-oms-realiza-2a-reuniao-de-emergencia-nesta-quinta-feira\/#primaryimage"},"thumbnailUrl":"https:\/\/files.sunoresearch.com.br\/n\/uploads\/2020\/01\/07e74a69-coronavirus-jpg.webp","datePublished":"2020-01-30T11:22:04+00:00","dateModified":"2020-01-31T15:52:14+00:00","description":"A OMS vai realizar nesta quinta-feira (30) a segunda reuni\u00e3o para avaliar se o coronav\u00edrus \u00e9 uma emerg\u00eancia internacional.\u00a0Clique aqui","breadcrumb":{"@id":"https:\/\/www.suno.com.br\/noticias\/coronavirus-oms-realiza-2a-reuniao-de-emergencia-nesta-quinta-feira\/#breadcrumb"},"inLanguage":"pt-BR","potentialAction":[{"@type":"ReadAction","target":["https:\/\/www.suno.com.br\/noticias\/coronavirus-oms-realiza-2a-reuniao-de-emergencia-nesta-quinta-feira\/"]}]},{"@type":"ImageObject","inLanguage":"pt-BR","@id":"https:\/\/www.suno.com.br\/noticias\/coronavirus-oms-realiza-2a-reuniao-de-emergencia-nesta-quinta-feira\/#primaryimage","url":"https:\/\/files.sunoresearch.com.br\/n\/uploads\/2020\/01\/07e74a69-coronavirus-jpg.webp","contentUrl":"https:\/\/files.sunoresearch.com.br\/n\/uploads\/2020\/01\/07e74a69-coronavirus-jpg.webp","width":660,"height":371,"caption":"A Organiza\u00e7\u00e3o Mundial da Sa\u00fade (OMS) alertou nesta sexta-feira (21) que pa\u00edses precisam agir r\u00e1pido para conter coronav\u00edrus. Para a institui\u00e7\u00e3o, a janela de oportunidade est\u00e1 se fechando.\u00a0"},{"@type":"BreadcrumbList","@id":"https:\/\/www.suno.com.br\/noticias\/coronavirus-oms-realiza-2a-reuniao-de-emergencia-nesta-quinta-feira\/#breadcrumb","itemListElement":[{"@type":"ListItem","position":1,"name":"Not\u00edcias","item":"https:\/\/www.suno.com.br\/noticias\/"},{"@type":"ListItem","position":2,"name":"Internacional","item":"https:\/\/www.suno.com.br\/noticias\/internacional\/"},{"@type":"ListItem","position":3,"name":"Coronav\u00edrus: OMS realiza 2\u00aa reuni\u00e3o de emerg\u00eancia nesta quinta-feira"}]},{"@type":"WebSite","@id":"https:\/\/www.suno.com.br\/noticias\/#website","url":"https:\/\/www.suno.com.br\/noticias\/","name":"Suno Not\u00edcias","description":"Seu portal de informa\u00e7\u00e3o sobre o mundo dos investimentos","publisher":{"@id":"https:\/\/www.suno.com.br\/noticias\/#organization"},"potentialAction":[{"@type":"SearchAction","target":{"@type":"EntryPoint","urlTemplate":"https:\/\/www.suno.com.br\/noticias\/?s={search_term_string}"},"query-input":{"@type":"PropertyValueSpecification","valueRequired":true,"valueName":"search_term_string"}}],"inLanguage":"pt-BR"},{"@type":"Organization","@id":"https:\/\/www.suno.com.br\/noticias\/#organization","name":"Suno Not\u00edcias","url":"https:\/\/www.suno.com.br\/noticias\/","logo":{"@type":"ImageObject","inLanguage":"pt-BR","@id":"https:\/\/www.suno.com.br\/noticias\/#\/schema\/logo\/image\/","url":"https:\/\/files.sunoresearch.com.br\/n\/uploads\/2021\/09\/suno-logo.png","contentUrl":"https:\/\/files.sunoresearch.com.br\/n\/uploads\/2021\/09\/suno-logo.png","width":180,"height":180,"caption":"Suno Not\u00edcias"},"image":{"@id":"https:\/\/www.suno.com.br\/noticias\/#\/schema\/logo\/image\/"},"sameAs":["https:\/\/facebook.com\/sunoresearch","https:\/\/x.com\/sunoresearch","https:\/\/www.instagram.com\/suno","https:\/\/www.linkedin.com\/company\/suno-research\/","https:\/\/www.youtube.com\/c\/sunoresearch"]},{"@type":"Person","@id":"https:\/\/www.suno.com.br\/noticias\/#\/schema\/person\/02ec1f752758247878a2bf4abee1aeda","name":"Poliana Santos","image":{"@type":"ImageObject","inLanguage":"pt-BR","@id":"https:\/\/www.suno.com.br\/noticias\/#\/schema\/person\/image\/","url":"https:\/\/secure.gravatar.com\/avatar\/0645bd32f23d87b2130f2b2dff1d3f8d?s=96&r=g","contentUrl":"https:\/\/secure.gravatar.com\/avatar\/0645bd32f23d87b2130f2b2dff1d3f8d?s=96&r=g","caption":"Poliana Santos"},"description":"Rep\u00f3rter no Suno Not\u00edcias, com cobertura em mercado financeiro, economia, finan\u00e7as pessoais, renda fixa e varejo. Jornalista formada pela Faculdade C\u00e1sper L\u00edbero e possui passagem na R\u00e1dio Gazeta AM com a produ\u00e7\u00e3o de conte\u00fado sobre economia, pol\u00edtica, sa\u00fade, moda e m\u00fasica. Possui certificado de conclus\u00e3o do curso de An\u00e1lise de Balan\u00e7os pela Funda\u00e7\u00e3o Bradesco, Agenda Brasil pela FAAP, Educa\u00e7\u00e3o Pol\u00edtica por Alexandre Garcia e do Tesouro Direto e Mercado de A\u00e7\u00f5es pela B3.","url":"https:\/\/www.suno.com.br\/noticias\/author\/poliana-santos\/"}]}},"default_loop_html":"<div class=\"cardsPage__listCard__boxs\"><div class=\"cardsPage__listCard__boxs__img\"><a href=\"https:\/\/www.suno.com.br\/noticias\/coronavirus-oms-realiza-2a-reuniao-de-emergencia-nesta-quinta-feira\/\"><img class=\"mask\" src=\"https:\/\/www.suno.com.br\/noticias\/wp-content\/themes\/suno\/resources\/images\/spotlight\/spotlight1img\/bg-mask.png\" alt=\"Image Mask\"\/><img src=\"https:\/\/files.sunoresearch.com.br\/n\/uploads\/2020\/01\/07e74a69-coronavirus-400x200.webp\" alt=\"Coronav\u00edrus: OMS realiza 2\u00aa reuni\u00e3o de emerg\u00eancia nesta quinta-feira\"\/><\/a><span class=\"spotlightCategory\"><a href=\"https:\/\/www.suno.com.br\/noticias\/internacional\/\">Internacional<\/a><\/span><\/div><div class=\"cardsPage__listCard__boxs__content\"><a href=\"https:\/\/www.suno.com.br\/noticias\/coronavirus-oms-realiza-2a-reuniao-de-emergencia-nesta-quinta-feira\/\"><h2 class=\"content__title\">Coronav\u00edrus: OMS realiza 2\u00aa reuni\u00e3o de emerg\u00eancia nesta quinta-feira<\/h2><\/a><div class=\"newsContent__article__meta\"><div class=\"newsContent__article__meta__authorBox\"><a href=\"https:\/\/www.suno.com.br\/noticias\/author\/poliana-santos\/\" class=\"authorBox__avatar noMobi\"><img src=\"https:\/\/files.sunoresearch.com.br\/n\/uploads\/2020\/08\/7ef34026-whatsapp-image-2020-08-03-at-12.37.57-150x150.webp\" alt=\"Poliana Santos\"><\/a><div class=\"authorBox__name\"><span>por\n\t\t\t<a href=\"https:\/\/www.suno.com.br\/noticias\/author\/poliana-santos\/\"><span itemprop=\"author\">Poliana Santos<\/span><\/a><\/span><time datetime=\"2020-01-30T09:22:04-03:00\" itemprop=\"datePublished\">30\/01\/2020 09:22<\/time><\/div><\/div><\/div><\/div><\/div>","single_layout":"posts","amp_enabled":true,"_links":{"self":[{"href":"https:\/\/www.suno.com.br\/noticias\/wp-json\/wp\/v2\/posts\/51382"}],"collection":[{"href":"https:\/\/www.suno.com.br\/noticias\/wp-json\/wp\/v2\/posts"}],"about":[{"href":"https:\/\/www.suno.com.br\/noticias\/wp-json\/wp\/v2\/types\/post"}],"author":[{"embeddable":true,"href":"https:\/\/www.suno.com.br\/noticias\/wp-json\/wp\/v2\/users\/15"}],"replies":[{"embeddable":true,"href":"https:\/\/www.suno.com.br\/noticias\/wp-json\/wp\/v2\/comments?post=51382"}],"version-history":[{"count":0,"href":"https:\/\/www.suno.com.br\/noticias\/wp-json\/wp\/v2\/posts\/51382\/revisions"}],"wp:featuredmedia":[{"embeddable":true,"href":"https:\/\/www.suno.com.br\/noticias\/wp-json\/wp\/v2\/media\/50997"}],"wp:attachment":[{"href":"https:\/\/www.suno.com.br\/noticias\/wp-json\/wp\/v2\/media?parent=51382"}],"wp:term":[{"taxonomy":"category","embeddable":true,"href":"https:\/\/www.suno.com.br\/noticias\/wp-json\/wp\/v2\/categories?post=51382"},{"taxonomy":"post_tag","embeddable":true,"href":"https:\/\/www.suno.com.br\/noticias\/wp-json\/wp\/v2\/tags?post=51382"},{"taxonomy":"suno_strategy","embeddable":true,"href":"https:\/\/www.suno.com.br\/noticias\/wp-json\/wp\/v2\/suno_strategy?post=51382"}],"curies":[{"name":"wp","href":"https:\/\/api.w.org\/{rel}","templated":true}]}}