{"id":51380,"date":"2020-01-30T09:39:27","date_gmt":"2020-01-30T11:39:27","guid":{"rendered":"https:\/\/www.suno.com.br\/noticias\/?p=51380"},"modified":"2021-06-14T00:22:47","modified_gmt":"2021-06-14T03:22:47","slug":"agenda-do-dia-vale-eletrobras-santander-petrobras","status":"publish","type":"post","link":"https:\/\/www.suno.com.br\/noticias\/agenda-do-dia-vale-eletrobras-santander-petrobras\/","title":{"rendered":"Agenda do Dia: Vale; Eletrobras; Santander; Petrobras; BRF"},"content":{"rendered":"<p>Os assuntos da <strong>Agenda<\/strong> <strong>do<\/strong> <strong>Dia<\/strong> desta quinta-feira (30) prometem mexer com o mercado interno e o externo.<\/p>\t<div class=\"wrapper-featured-image\">\n\t\t<figure class=\"spotlightImg\">\n\n\t\t\t<picture>\n\t\t\t\t<source media=\"(max-width: 768px)\" srcset=\"https:\/\/files.sunoresearch.com.br\/n\/uploads\/2019\/11\/649c095d-vale-400x200.webp\">\n\t\t\t\t<img loading=\"lazy\" decoding=\"async\" class=\"newsContent__article__imgCapa lazyloadDisabled newsContent__article__imgCapa--noCaption\" src=\"https:\/\/files.sunoresearch.com.br\/n\/uploads\/2019\/11\/649c095d-vale-800x450.webp\" width=\"800\" height=\"450\" alt=\"Agenda do Dia: Vale; Eletrobras; Santander; Petrobras; BRF\" fetchpriority=high \/>\n\t\t\t<\/picture>\n\n\t\t\t<figcaption class=\"wp-caption-text wp-caption-text--hide\">Vale. Foto: Divulga\u00e7\u00e3o<\/figcaption>\n\t\t<\/figure>\n\t<\/div>\n\n\n\n<p>A CVM fechou um acordo de R$ 600 mil, sobre o caso de <strong>Brumadinho<\/strong>, com um diretor da <strong>Vale<\/strong>. O presidente da <strong>Eletrobras <\/strong>afirmou que a empresa pode ser privatizada ainda neste ano. O <strong>Santander<\/strong> <strong>Brasil <\/strong>quer acelerar sua agenda de lan\u00e7amentos e aprimoramentos de novos servi\u00e7os.<\/p>\n<p>A Agenda do Dia conta tamb\u00e9m com a not\u00edcia sobre a <b>BRF<\/b>, que cancelou viagens de seus executivos \u00e0 China.<\/p>\n<p>Confira os principais pontos da Agenda do Dia:<\/p>\n<h2>Vale<\/h2>\n<p>O diretor de rela\u00e7\u00e3o com investidores da <strong>Vale <\/strong><a href=\"https:\/\/www.suno.com.br\/acoes\/vale3\/\"><strong>(VALE3)<\/strong><\/a>, Luciano Siani, teve suas propostas de termos de compromisso aceitas pela <a href=\"https:\/\/www.suno.com.br\/artigos\/cvm\/\">Comiss\u00e3o de Valores Mobili\u00e1rios<\/a> (CVM). Dessa forma, o executivo ir\u00e1 pagar R$ 600 mil para fechar dois processos que envolviam divulga\u00e7\u00e3o de informa\u00e7\u00f5es da mineradora logo ap\u00f3s a trag\u00e9dia de Brumadinho (MG), que completou um ano neste m\u00eas.<\/p>\n<h2>Eletrobras<\/h2>\n<p>O presidente da <a href=\"https:\/\/www.suno.com.br\/acoes\/elet3\/\"><strong>Eletrobras<\/strong> (ELET3)<\/a>, Wilson Ferreira Junior, afirmou que est\u00e1 trabalhando para privatizar a companhia ainda em 2020. A declara\u00e7\u00e3o foi realizada na \u00faltima quarta-feira (29), durante um evento promovido pelo Credit Suisse, em S\u00e3o Paulo.<\/p>\n<p>Segundo Ferreira Junior, a expectativa \u00e9 que o projeto de lei sobre a desestatiza\u00e7\u00e3o da Eletrobras seja aprovado no Congresso Nacional ainda no primeiro semestre deste ano. Com isso, o processo de <a href=\"https:\/\/www.suno.com.br\/artigos\/privatizacao\/\"><strong>privatiza\u00e7\u00e3o<\/strong><\/a> da empresa ser\u00e1 iniciado no segundo semestre.<\/p>\n<p>O executivo disse ainda que voltar\u00e1 a falar sobre a import\u00e2ncia do tema com parlamentares ap\u00f3s a volta do recesso legislativo. Segundo Ferreira Junior, no ano passado o assunto foi discutido principalmente com deputados. Entretanto, neste ano os alvos ser\u00e3o os senadores.<\/p>\n<h2>Petrobras<\/h2>\n<p>A <strong>Petrobras <\/strong><strong>(PETR3) <\/strong>suspendeu temporariamente as viagens de seus funcion\u00e1rios para a China. A medida foi tomada devido ao surto do coronav\u00edrus no pa\u00eds asi\u00e1tico. Entretanto, a Petrobras afirmou que n\u00e3o ir\u00e1 parar com a exporta\u00e7\u00e3o de petr\u00f3leo para a China.<\/p>\n<p>\u201cA Petrobras, em decorr\u00eancia de suas atividades no sudeste asi\u00e1tico, monitora a evolu\u00e7\u00e3o do quadro de sa\u00fade p\u00fablica causado pelo coronav\u00edrus. De forma preventiva, as viagens programadas para a China foram suspensas. Em rela\u00e7\u00e3o \u00e0 exporta\u00e7\u00e3o de petr\u00f3leo para esse pa\u00eds, n\u00e3o h\u00e1 altera\u00e7\u00f5es na programa\u00e7\u00e3o e eventuais ajustes log\u00edsticos est\u00e3o sendo estudados\u201d, comunicou a Petrobras.<\/p>\n<p>A Petrobras tamb\u00e9m\u00a0informou, na \u00faltima quarta-feira (29), que solicitou a desvincula\u00e7\u00e3o do Programa Destaque em Governan\u00e7a de Estatais. Criado em 2015 pela <a href=\"https:\/\/www.suno.com.br\/acoes\/b3sa3\/\"><strong>B3<\/strong> (B3SA3)<\/a>, o projeto visava atestar esfor\u00e7os de empresas estatais comprometidas a governan\u00e7a.<\/p>\n<p>O programa foi estabelecido durante os esc\u00e2ndalos de desvios de dinheiro p\u00fablico revelados pela opera\u00e7\u00e3o <strong>Lava Jato<\/strong>. O projeto permite a ades\u00e3o de empresas, como a Petrobras at\u00e9 ent\u00e3o, que sigam determinados quesitos de governan\u00e7a.<\/p>\n<h2>Energisa<\/h2>\n<p>O <strong>Ita\u00fa<\/strong> informou na \u00faltima quarta-feira (29) o aumento de sua participa\u00e7\u00e3o acion\u00e1ria na <strong>Energisa<\/strong> (<a href=\"https:\/\/www.suno.com.br\/acoes\/engi11\/\">ENGI11<\/a>) para 5,10%. Assim, a institui\u00e7\u00e3o financeira tem agora 18 milh\u00f5es de a\u00e7\u00f5es ordin\u00e1rias (2,45% do capital) e 74 milh\u00f5es de a\u00e7\u00f5es preferenciais (7% do capital) da Energisa.<\/p>\n<h2>Banco Pan<\/h2>\n<p>O <strong>Morgan<\/strong> <strong>Stanley<\/strong> aumentou a participa\u00e7\u00e3o acion\u00e1ria no <strong>Banco<\/strong> <strong>Pan<\/strong> (<a href=\"https:\/\/www.suno.com.br\/acoes\/bpan4\/\">BPAN4<\/a>) para 5,2%. O comunicado foi feito na \u00faltima quarta-feira (29). O Morgan Stanley tem agora 28 milh\u00f5es de a\u00e7\u00f5es preferenciais do Pan.<\/p>\n<h2>Santander<\/h2>\n<p>O <strong>Santander<\/strong> <strong>Brasil<\/strong> planeja acelerar o processo de matura\u00e7\u00e3o de neg\u00f3cios lan\u00e7ados desde 2018. Ao mesmo tempo, a institui\u00e7\u00e3o financeira tamb\u00e9m criou uma agenda de exporta\u00e7\u00e3o da Getnet, de maquininhas, e de sua financeira pela Am\u00e9rica do Sul. Al\u00e9m disso, o banco deve anunciar novidades nas linhas de cr\u00e9dito imobili\u00e1rio e agroneg\u00f3cios.<\/p>\n<p>\u201c\u00c9 muito importante consolidar o que temos. Lan\u00e7amos muita coisa: foram cinco neg\u00f3cios em 2019\u201d, afirmou Sergio Rial, presidente do Santander, durante uma coletiva de imprensa, realizada na \u00faltima quarta-feira (29).<\/p>\n<h2>BRF<\/h2>\n<p>A <strong>BRF <\/strong><a href=\"https:\/\/www.suno.com.br\/acoes\/brfs3\/\"><strong>(BRFS3)<\/strong><\/a> tamb\u00e9m decidiu suspender viagens com destino a China e outros pa\u00edses que contam com muitos casos da doen\u00e7a. O comunicado foi feito pelo CEO da empresa, Lorival Luz, durante um evento realizado pelo Credit Suisse.<\/p>\n<p>A <strong>Agenda<\/strong> <strong>do<\/strong> <strong>Dia<\/strong> da <a href=\"https:\/\/www.youtube.com\/channel\/UCWDeEIDAIi_oYKDiqwfGyRg\">Suno<\/a> mostra os principais acontecimentos que prometem movimentar o mercado durante o dia.<\/p>\n\n","protected":false},"excerpt":{"rendered":"<p>Os assuntos da Agenda do Dia desta quinta-feira (30) prometem mexer com o mercado interno e o externo. Vale. Foto: Divulga\u00e7\u00e3o A CVM fechou um acordo de R$ 600 mil, sobre o caso de Brumadinho, com um diretor da Vale. O presidente da Eletrobras afirmou que a empresa pode ser privatizada ainda neste ano. O [&hellip;]<\/p>\n","protected":false},"author":19,"featured_media":44377,"comment_status":"closed","ping_status":"closed","sticky":false,"template":"","format":"standard","meta":[],"categories":[64],"tags":[1980,370,455,463,595,624,676],"suno_strategy":[],"class_list":["post-51380","post","type-post","status-publish","format-standard","has-post-thumbnail","hentry","category-negocios","tag-agenda-do-dia","tag-banco-pan-bpan4","tag-eletrobras-elet3-elet5-elet6","tag-energisa-engi11-engi3-engi4","tag-petrobras-petr4","tag-santander-sanb11-sanb3-sanb4","tag-vale-vale3"],"yoast_head":"<!-- This site is optimized with the Yoast SEO plugin v24.4 - https:\/\/yoast.com\/wordpress\/plugins\/seo\/ -->\n<title>Agenda do Dia: Vale; Eletrobras; Santander; Petrobras<\/title>\n<meta name=\"description\" content=\"Agenda do Dia: Brumadinho e Vale; privatiza\u00e7\u00e3o da Eletrobras; Santander; coronav\u00edrus e Petrobras. Clique aqui para saber mais.\" \/>\n<meta name=\"robots\" content=\"index, follow, max-snippet:-1, max-image-preview:large, max-video-preview:-1\" \/>\n<link rel=\"canonical\" href=\"https:\/\/www.suno.com.br\/noticias\/agenda-do-dia-vale-eletrobras-santander-petrobras\/\" \/>\n<meta property=\"og:locale\" content=\"pt_BR\" \/>\n<meta property=\"og:type\" content=\"article\" \/>\n<meta property=\"og:title\" content=\"Agenda do Dia: Vale; Eletrobras; Santander; Petrobras\" \/>\n<meta property=\"og:description\" content=\"Agenda do Dia: Brumadinho e Vale; privatiza\u00e7\u00e3o da Eletrobras; Santander; coronav\u00edrus e Petrobras. Clique aqui para saber mais.\" \/>\n<meta property=\"og:url\" content=\"https:\/\/www.suno.com.br\/noticias\/agenda-do-dia-vale-eletrobras-santander-petrobras\/\" \/>\n<meta property=\"og:site_name\" content=\"Suno Not\u00edcias\" \/>\n<meta property=\"article:publisher\" content=\"https:\/\/facebook.com\/sunoresearch\" \/>\n<meta property=\"og:image\" content=\"https:\/\/files.sunoresearch.com.br\/n\/uploads\/2019\/11\/649c095d-vale.jpg\" \/>\n\t<meta property=\"og:image:width\" content=\"1500\" \/>\n\t<meta property=\"og:image:height\" content=\"1000\" \/>\n\t<meta property=\"og:image:type\" content=\"image\/jpeg\" \/>\n<meta name=\"author\" content=\"Juliano Passaro\" \/>\n<meta name=\"twitter:card\" content=\"summary_large_image\" \/>\n<meta name=\"twitter:creator\" content=\"@sunoresearch\" \/>\n<meta name=\"twitter:site\" content=\"@sunoresearch\" \/>\n<meta name=\"twitter:label1\" content=\"Escrito por\" \/>\n\t<meta name=\"twitter:data1\" content=\"Juliano Passaro\" \/>\n\t<meta name=\"twitter:label2\" content=\"Est. tempo de leitura\" \/>\n\t<meta name=\"twitter:data2\" content=\"4 minutos\" \/>\n<script type=\"application\/ld+json\" class=\"yoast-schema-graph\">{\"@context\":\"https:\/\/schema.org\",\"@graph\":[{\"@type\":\"NewsArticle\",\"@id\":\"https:\/\/www.suno.com.br\/noticias\/agenda-do-dia-vale-eletrobras-santander-petrobras\/#article\",\"isPartOf\":{\"@id\":\"https:\/\/www.suno.com.br\/noticias\/agenda-do-dia-vale-eletrobras-santander-petrobras\/\"},\"author\":{\"name\":\"Juliano Passaro\",\"@id\":\"https:\/\/www.suno.com.br\/noticias\/#\/schema\/person\/1db762f78ffd8919a648a63e425953e3\"},\"headline\":\"Agenda do Dia: Vale; Eletrobras; Santander; Petrobras; BRF\",\"datePublished\":\"2020-01-30T11:39:27+00:00\",\"dateModified\":\"2021-06-14T03:22:47+00:00\",\"mainEntityOfPage\":{\"@id\":\"https:\/\/www.suno.com.br\/noticias\/agenda-do-dia-vale-eletrobras-santander-petrobras\/\"},\"wordCount\":735,\"publisher\":{\"@id\":\"https:\/\/www.suno.com.br\/noticias\/#organization\"},\"image\":{\"@id\":\"https:\/\/www.suno.com.br\/noticias\/agenda-do-dia-vale-eletrobras-santander-petrobras\/#primaryimage\"},\"thumbnailUrl\":\"https:\/\/files.sunoresearch.com.br\/n\/uploads\/2019\/11\/649c095d-vale-jpg.webp\",\"keywords\":[\"agenda do dia\",\"Banco Pan (BPAN4)\",\"Eletrobras (ELET3\/ELET5\/ELET6)\",\"Energisa (ENGI11\/ENGI3\/ENGI4)\",\"Petrobras (PETR4)\",\"Santander (SANB11\/SANB3\/SANB4)\",\"Vale (VALE3)\"],\"articleSection\":[\"Neg\u00f3cios\"],\"inLanguage\":\"pt-BR\"},{\"@type\":\"WebPage\",\"@id\":\"https:\/\/www.suno.com.br\/noticias\/agenda-do-dia-vale-eletrobras-santander-petrobras\/\",\"url\":\"https:\/\/www.suno.com.br\/noticias\/agenda-do-dia-vale-eletrobras-santander-petrobras\/\",\"name\":\"Agenda do Dia: Vale; Eletrobras; Santander; Petrobras\",\"isPartOf\":{\"@id\":\"https:\/\/www.suno.com.br\/noticias\/#website\"},\"primaryImageOfPage\":{\"@id\":\"https:\/\/www.suno.com.br\/noticias\/agenda-do-dia-vale-eletrobras-santander-petrobras\/#primaryimage\"},\"image\":{\"@id\":\"https:\/\/www.suno.com.br\/noticias\/agenda-do-dia-vale-eletrobras-santander-petrobras\/#primaryimage\"},\"thumbnailUrl\":\"https:\/\/files.sunoresearch.com.br\/n\/uploads\/2019\/11\/649c095d-vale-jpg.webp\",\"datePublished\":\"2020-01-30T11:39:27+00:00\",\"dateModified\":\"2021-06-14T03:22:47+00:00\",\"description\":\"Agenda do Dia: Brumadinho e Vale; privatiza\u00e7\u00e3o da Eletrobras; Santander; coronav\u00edrus e Petrobras. Clique aqui para saber mais.\",\"breadcrumb\":{\"@id\":\"https:\/\/www.suno.com.br\/noticias\/agenda-do-dia-vale-eletrobras-santander-petrobras\/#breadcrumb\"},\"inLanguage\":\"pt-BR\",\"potentialAction\":[{\"@type\":\"ReadAction\",\"target\":[\"https:\/\/www.suno.com.br\/noticias\/agenda-do-dia-vale-eletrobras-santander-petrobras\/\"]}]},{\"@type\":\"ImageObject\",\"inLanguage\":\"pt-BR\",\"@id\":\"https:\/\/www.suno.com.br\/noticias\/agenda-do-dia-vale-eletrobras-santander-petrobras\/#primaryimage\",\"url\":\"https:\/\/files.sunoresearch.com.br\/n\/uploads\/2019\/11\/649c095d-vale-jpg.webp\",\"contentUrl\":\"https:\/\/files.sunoresearch.com.br\/n\/uploads\/2019\/11\/649c095d-vale-jpg.webp\",\"width\":1500,\"height\":1000,\"caption\":\"Vale. Foto: Divulga\u00e7\u00e3o\"},{\"@type\":\"BreadcrumbList\",\"@id\":\"https:\/\/www.suno.com.br\/noticias\/agenda-do-dia-vale-eletrobras-santander-petrobras\/#breadcrumb\",\"itemListElement\":[{\"@type\":\"ListItem\",\"position\":1,\"name\":\"Not\u00edcias\",\"item\":\"https:\/\/www.suno.com.br\/noticias\/\"},{\"@type\":\"ListItem\",\"position\":2,\"name\":\"Neg\u00f3cios\",\"item\":\"https:\/\/www.suno.com.br\/noticias\/negocios\/\"},{\"@type\":\"ListItem\",\"position\":3,\"name\":\"Agenda do Dia: Vale; Eletrobras; Santander; Petrobras; BRF\"}]},{\"@type\":\"WebSite\",\"@id\":\"https:\/\/www.suno.com.br\/noticias\/#website\",\"url\":\"https:\/\/www.suno.com.br\/noticias\/\",\"name\":\"Suno Not\u00edcias\",\"description\":\"Seu portal de informa\u00e7\u00e3o sobre o mundo dos investimentos\",\"publisher\":{\"@id\":\"https:\/\/www.suno.com.br\/noticias\/#organization\"},\"potentialAction\":[{\"@type\":\"SearchAction\",\"target\":{\"@type\":\"EntryPoint\",\"urlTemplate\":\"https:\/\/www.suno.com.br\/noticias\/?s={search_term_string}\"},\"query-input\":{\"@type\":\"PropertyValueSpecification\",\"valueRequired\":true,\"valueName\":\"search_term_string\"}}],\"inLanguage\":\"pt-BR\"},{\"@type\":\"Organization\",\"@id\":\"https:\/\/www.suno.com.br\/noticias\/#organization\",\"name\":\"Suno Not\u00edcias\",\"url\":\"https:\/\/www.suno.com.br\/noticias\/\",\"logo\":{\"@type\":\"ImageObject\",\"inLanguage\":\"pt-BR\",\"@id\":\"https:\/\/www.suno.com.br\/noticias\/#\/schema\/logo\/image\/\",\"url\":\"https:\/\/files.sunoresearch.com.br\/n\/uploads\/2021\/09\/suno-logo.png\",\"contentUrl\":\"https:\/\/files.sunoresearch.com.br\/n\/uploads\/2021\/09\/suno-logo.png\",\"width\":180,\"height\":180,\"caption\":\"Suno Not\u00edcias\"},\"image\":{\"@id\":\"https:\/\/www.suno.com.br\/noticias\/#\/schema\/logo\/image\/\"},\"sameAs\":[\"https:\/\/facebook.com\/sunoresearch\",\"https:\/\/x.com\/sunoresearch\",\"https:\/\/www.instagram.com\/suno\",\"https:\/\/www.linkedin.com\/company\/suno-research\/\",\"https:\/\/www.youtube.com\/c\/sunoresearch\"]},{\"@type\":\"Person\",\"@id\":\"https:\/\/www.suno.com.br\/noticias\/#\/schema\/person\/1db762f78ffd8919a648a63e425953e3\",\"name\":\"Juliano Passaro\",\"image\":{\"@type\":\"ImageObject\",\"inLanguage\":\"pt-BR\",\"@id\":\"https:\/\/www.suno.com.br\/noticias\/#\/schema\/person\/image\/\",\"url\":\"https:\/\/secure.gravatar.com\/avatar\/743d4df28eebf6dcc46b4ad03c319e92?s=96&r=g\",\"contentUrl\":\"https:\/\/secure.gravatar.com\/avatar\/743d4df28eebf6dcc46b4ad03c319e92?s=96&r=g\",\"caption\":\"Juliano Passaro\"},\"description\":\"Juliano Passaro escreve sobre pol\u00edtica, economia e neg\u00f3cios para o portal da Suno Research. Antes da Suno, trabalhou no Portal da Band. \u00c9 formado em jornalismo pela Universidade Presbiteriana Mackenzie.\",\"url\":\"https:\/\/www.suno.com.br\/noticias\/author\/juliano\/\"}]}<\/script>\n<!-- \/ Yoast SEO plugin. -->","yoast_head_json":{"title":"Agenda do Dia: Vale; Eletrobras; Santander; Petrobras","description":"Agenda do Dia: Brumadinho e Vale; privatiza\u00e7\u00e3o da Eletrobras; Santander; coronav\u00edrus e Petrobras. Clique aqui para saber mais.","robots":{"index":"index","follow":"follow","max-snippet":"max-snippet:-1","max-image-preview":"max-image-preview:large","max-video-preview":"max-video-preview:-1"},"canonical":"https:\/\/www.suno.com.br\/noticias\/agenda-do-dia-vale-eletrobras-santander-petrobras\/","og_locale":"pt_BR","og_type":"article","og_title":"Agenda do Dia: Vale; Eletrobras; Santander; Petrobras","og_description":"Agenda do Dia: Brumadinho e Vale; privatiza\u00e7\u00e3o da Eletrobras; Santander; coronav\u00edrus e Petrobras. Clique aqui para saber mais.","og_url":"https:\/\/www.suno.com.br\/noticias\/agenda-do-dia-vale-eletrobras-santander-petrobras\/","og_site_name":"Suno Not\u00edcias","article_publisher":"https:\/\/facebook.com\/sunoresearch","og_image":[{"width":1500,"height":1000,"url":"https:\/\/files.sunoresearch.com.br\/n\/uploads\/2019\/11\/649c095d-vale.jpg","type":"image\/jpeg"}],"author":"Juliano Passaro","twitter_card":"summary_large_image","twitter_creator":"@sunoresearch","twitter_site":"@sunoresearch","twitter_misc":{"Escrito por":"Juliano Passaro","Est. tempo de leitura":"4 minutos"},"schema":{"@context":"https:\/\/schema.org","@graph":[{"@type":"NewsArticle","@id":"https:\/\/www.suno.com.br\/noticias\/agenda-do-dia-vale-eletrobras-santander-petrobras\/#article","isPartOf":{"@id":"https:\/\/www.suno.com.br\/noticias\/agenda-do-dia-vale-eletrobras-santander-petrobras\/"},"author":{"name":"Juliano Passaro","@id":"https:\/\/www.suno.com.br\/noticias\/#\/schema\/person\/1db762f78ffd8919a648a63e425953e3"},"headline":"Agenda do Dia: Vale; Eletrobras; Santander; Petrobras; BRF","datePublished":"2020-01-30T11:39:27+00:00","dateModified":"2021-06-14T03:22:47+00:00","mainEntityOfPage":{"@id":"https:\/\/www.suno.com.br\/noticias\/agenda-do-dia-vale-eletrobras-santander-petrobras\/"},"wordCount":735,"publisher":{"@id":"https:\/\/www.suno.com.br\/noticias\/#organization"},"image":{"@id":"https:\/\/www.suno.com.br\/noticias\/agenda-do-dia-vale-eletrobras-santander-petrobras\/#primaryimage"},"thumbnailUrl":"https:\/\/files.sunoresearch.com.br\/n\/uploads\/2019\/11\/649c095d-vale-jpg.webp","keywords":["agenda do dia","Banco Pan (BPAN4)","Eletrobras (ELET3\/ELET5\/ELET6)","Energisa (ENGI11\/ENGI3\/ENGI4)","Petrobras (PETR4)","Santander (SANB11\/SANB3\/SANB4)","Vale (VALE3)"],"articleSection":["Neg\u00f3cios"],"inLanguage":"pt-BR"},{"@type":"WebPage","@id":"https:\/\/www.suno.com.br\/noticias\/agenda-do-dia-vale-eletrobras-santander-petrobras\/","url":"https:\/\/www.suno.com.br\/noticias\/agenda-do-dia-vale-eletrobras-santander-petrobras\/","name":"Agenda do Dia: Vale; Eletrobras; Santander; Petrobras","isPartOf":{"@id":"https:\/\/www.suno.com.br\/noticias\/#website"},"primaryImageOfPage":{"@id":"https:\/\/www.suno.com.br\/noticias\/agenda-do-dia-vale-eletrobras-santander-petrobras\/#primaryimage"},"image":{"@id":"https:\/\/www.suno.com.br\/noticias\/agenda-do-dia-vale-eletrobras-santander-petrobras\/#primaryimage"},"thumbnailUrl":"https:\/\/files.sunoresearch.com.br\/n\/uploads\/2019\/11\/649c095d-vale-jpg.webp","datePublished":"2020-01-30T11:39:27+00:00","dateModified":"2021-06-14T03:22:47+00:00","description":"Agenda do Dia: Brumadinho e Vale; privatiza\u00e7\u00e3o da Eletrobras; Santander; coronav\u00edrus e Petrobras. Clique aqui para saber mais.","breadcrumb":{"@id":"https:\/\/www.suno.com.br\/noticias\/agenda-do-dia-vale-eletrobras-santander-petrobras\/#breadcrumb"},"inLanguage":"pt-BR","potentialAction":[{"@type":"ReadAction","target":["https:\/\/www.suno.com.br\/noticias\/agenda-do-dia-vale-eletrobras-santander-petrobras\/"]}]},{"@type":"ImageObject","inLanguage":"pt-BR","@id":"https:\/\/www.suno.com.br\/noticias\/agenda-do-dia-vale-eletrobras-santander-petrobras\/#primaryimage","url":"https:\/\/files.sunoresearch.com.br\/n\/uploads\/2019\/11\/649c095d-vale-jpg.webp","contentUrl":"https:\/\/files.sunoresearch.com.br\/n\/uploads\/2019\/11\/649c095d-vale-jpg.webp","width":1500,"height":1000,"caption":"Vale. Foto: Divulga\u00e7\u00e3o"},{"@type":"BreadcrumbList","@id":"https:\/\/www.suno.com.br\/noticias\/agenda-do-dia-vale-eletrobras-santander-petrobras\/#breadcrumb","itemListElement":[{"@type":"ListItem","position":1,"name":"Not\u00edcias","item":"https:\/\/www.suno.com.br\/noticias\/"},{"@type":"ListItem","position":2,"name":"Neg\u00f3cios","item":"https:\/\/www.suno.com.br\/noticias\/negocios\/"},{"@type":"ListItem","position":3,"name":"Agenda do Dia: Vale; Eletrobras; Santander; Petrobras; BRF"}]},{"@type":"WebSite","@id":"https:\/\/www.suno.com.br\/noticias\/#website","url":"https:\/\/www.suno.com.br\/noticias\/","name":"Suno Not\u00edcias","description":"Seu portal de informa\u00e7\u00e3o sobre o mundo dos investimentos","publisher":{"@id":"https:\/\/www.suno.com.br\/noticias\/#organization"},"potentialAction":[{"@type":"SearchAction","target":{"@type":"EntryPoint","urlTemplate":"https:\/\/www.suno.com.br\/noticias\/?s={search_term_string}"},"query-input":{"@type":"PropertyValueSpecification","valueRequired":true,"valueName":"search_term_string"}}],"inLanguage":"pt-BR"},{"@type":"Organization","@id":"https:\/\/www.suno.com.br\/noticias\/#organization","name":"Suno Not\u00edcias","url":"https:\/\/www.suno.com.br\/noticias\/","logo":{"@type":"ImageObject","inLanguage":"pt-BR","@id":"https:\/\/www.suno.com.br\/noticias\/#\/schema\/logo\/image\/","url":"https:\/\/files.sunoresearch.com.br\/n\/uploads\/2021\/09\/suno-logo.png","contentUrl":"https:\/\/files.sunoresearch.com.br\/n\/uploads\/2021\/09\/suno-logo.png","width":180,"height":180,"caption":"Suno Not\u00edcias"},"image":{"@id":"https:\/\/www.suno.com.br\/noticias\/#\/schema\/logo\/image\/"},"sameAs":["https:\/\/facebook.com\/sunoresearch","https:\/\/x.com\/sunoresearch","https:\/\/www.instagram.com\/suno","https:\/\/www.linkedin.com\/company\/suno-research\/","https:\/\/www.youtube.com\/c\/sunoresearch"]},{"@type":"Person","@id":"https:\/\/www.suno.com.br\/noticias\/#\/schema\/person\/1db762f78ffd8919a648a63e425953e3","name":"Juliano Passaro","image":{"@type":"ImageObject","inLanguage":"pt-BR","@id":"https:\/\/www.suno.com.br\/noticias\/#\/schema\/person\/image\/","url":"https:\/\/secure.gravatar.com\/avatar\/743d4df28eebf6dcc46b4ad03c319e92?s=96&r=g","contentUrl":"https:\/\/secure.gravatar.com\/avatar\/743d4df28eebf6dcc46b4ad03c319e92?s=96&r=g","caption":"Juliano Passaro"},"description":"Juliano Passaro escreve sobre pol\u00edtica, economia e neg\u00f3cios para o portal da Suno Research. Antes da Suno, trabalhou no Portal da Band. \u00c9 formado em jornalismo pela Universidade Presbiteriana Mackenzie.","url":"https:\/\/www.suno.com.br\/noticias\/author\/juliano\/"}]}},"default_loop_html":"<div class=\"cardsPage__listCard__boxs\"><div class=\"cardsPage__listCard__boxs__img\"><a href=\"https:\/\/www.suno.com.br\/noticias\/agenda-do-dia-vale-eletrobras-santander-petrobras\/\"><img class=\"mask\" src=\"https:\/\/www.suno.com.br\/noticias\/wp-content\/themes\/suno\/resources\/images\/spotlight\/spotlight1img\/bg-mask.png\" alt=\"Image Mask\"\/><img src=\"https:\/\/files.sunoresearch.com.br\/n\/uploads\/2019\/11\/649c095d-vale-400x200.webp\" alt=\"Agenda do Dia: Vale; Eletrobras; Santander; Petrobras; BRF\"\/><\/a><span class=\"spotlightCategory\"><a href=\"https:\/\/www.suno.com.br\/noticias\/negocios\/\">Neg\u00f3cios<\/a><\/span><\/div><div class=\"cardsPage__listCard__boxs__content\"><a href=\"https:\/\/www.suno.com.br\/noticias\/agenda-do-dia-vale-eletrobras-santander-petrobras\/\"><h2 class=\"content__title\">Agenda do Dia: Vale; Eletrobras; Santander; Petrobras; BRF<\/h2><\/a><div class=\"newsContent__article__meta\"><div class=\"newsContent__article__meta__authorBox\"><a href=\"https:\/\/www.suno.com.br\/noticias\/author\/juliano\/\" class=\"authorBox__avatar noMobi\"><img src=\"https:\/\/files.sunoresearch.com.br\/n\/uploads\/2019\/06\/7cc3efea-whatsapp-image-2019-07-18-at-21.59.33-e1563499821209-150x150.webp\" alt=\"Juliano Passaro\"><\/a><div class=\"authorBox__name\"><span>por\n\t\t\t<a href=\"https:\/\/www.suno.com.br\/noticias\/author\/juliano\/\"><span itemprop=\"author\">Juliano Passaro<\/span><\/a><\/span><time datetime=\"2020-01-30T09:39:27-03:00\" itemprop=\"datePublished\">30\/01\/2020 09:39<\/time><\/div><\/div><\/div><\/div><\/div>","single_layout":"posts","amp_enabled":true,"_links":{"self":[{"href":"https:\/\/www.suno.com.br\/noticias\/wp-json\/wp\/v2\/posts\/51380"}],"collection":[{"href":"https:\/\/www.suno.com.br\/noticias\/wp-json\/wp\/v2\/posts"}],"about":[{"href":"https:\/\/www.suno.com.br\/noticias\/wp-json\/wp\/v2\/types\/post"}],"author":[{"embeddable":true,"href":"https:\/\/www.suno.com.br\/noticias\/wp-json\/wp\/v2\/users\/19"}],"replies":[{"embeddable":true,"href":"https:\/\/www.suno.com.br\/noticias\/wp-json\/wp\/v2\/comments?post=51380"}],"version-history":[{"count":1,"href":"https:\/\/www.suno.com.br\/noticias\/wp-json\/wp\/v2\/posts\/51380\/revisions"}],"predecessor-version":[{"id":157641,"href":"https:\/\/www.suno.com.br\/noticias\/wp-json\/wp\/v2\/posts\/51380\/revisions\/157641"}],"wp:featuredmedia":[{"embeddable":true,"href":"https:\/\/www.suno.com.br\/noticias\/wp-json\/wp\/v2\/media\/44377"}],"wp:attachment":[{"href":"https:\/\/www.suno.com.br\/noticias\/wp-json\/wp\/v2\/media?parent=51380"}],"wp:term":[{"taxonomy":"category","embeddable":true,"href":"https:\/\/www.suno.com.br\/noticias\/wp-json\/wp\/v2\/categories?post=51380"},{"taxonomy":"post_tag","embeddable":true,"href":"https:\/\/www.suno.com.br\/noticias\/wp-json\/wp\/v2\/tags?post=51380"},{"taxonomy":"suno_strategy","embeddable":true,"href":"https:\/\/www.suno.com.br\/noticias\/wp-json\/wp\/v2\/suno_strategy?post=51380"}],"curies":[{"name":"wp","href":"https:\/\/api.w.org\/{rel}","templated":true}]}}