{"id":513618,"date":"2024-01-20T15:59:48","date_gmt":"2024-01-20T18:59:48","guid":{"rendered":"https:\/\/www.suno.com.br\/noticias\/?p=513618"},"modified":"2024-01-20T15:59:52","modified_gmt":"2024-01-20T18:59:52","slug":"gol-goll4-latam-greve-voos-cancelados-argentina-evm","status":"publish","type":"post","link":"https:\/\/www.suno.com.br\/noticias\/gol-goll4-latam-greve-voos-cancelados-argentina-evm\/","title":{"rendered":"Gol (GOLL4) e Latam cancelam todos os voos do dia 24\/1 para Argentina por conta de greve geral"},"content":{"rendered":"<p>As companhias a\u00e9reas <a class=\"suno-keyword\" data-force=\"yes\" data-priority=\"2\" href=\"https:\/\/www.suno.com.br\/acoes\/GOLL4\/\" target=\"_blank\" rel=\"noopener\"><strong>Gol<\/strong> (GOLL4)<\/a> e <a href=\"https:\/\/www.suno.com.br\/noticias\/web-stories\/ja-pensou-em-ser-copiloto-de-aviao-latam-esta-contratando-gpj\/\" target=\"_blank\" rel=\"noreferrer noopener\">Latam<\/a> cancelaram voos para a Argentina programados para a pr\u00f3xima quarta-feira, dia 24 de janeiro.<\/p><div class=\"videoFull \">\n\t\t\t<div class=\"videoWrapper yt-lazyload center\"\n\t\t\t\tdata-width=\"960\"\n\t\t\t\tdata-height=\"540\"\n\t\t\t\tdata-id=\"FBu1PVXAQYQ\"\n\t\t\t\tdata-alt=\"V\u00eddeo do YouTube - clique para reproduzir\"\n\t\t\t\tdata-logo=\"3\"\n\t\t\t\tdata-imagequality=\"maxres\">\n\t\t\t<\/div>\n\t\t<\/div><script type=\"application\/ld+json\">{\"@context\":\"https:\/\/schema.org\",\"@type\":\"VideoObject\",\"name\":\"\ud83d\udd34ITA\u00da (ITUB4) COMPRA PR\u00c9DIO MAIS CARO DO BRASIL | Ibovespa sobe | Novo CEO da Oi (OIBR3)\",\"description\":\"#mercadofinanceiro #a\u00e7\u00f5es #investimentos #bolsadevalores #ibovespa #dinheiro #finan\u00e7as #pol\u00edtica #d\u00f3lar #livedas19h #petr4 #petr3 #petrobras #vale3 #vale #a\u00e7\u00f5es #economia #dividendos #pr\u00e9dio #farialima #farialima3500 #ita\u00fa #itub4 #oi #oibr3 \ud83d\udd34Fa\u00e7a seu dinheiro trabalhar por voc\u00ea com apenas R$1: https:\/\/lp.suno.com.br\/ao\/suno-premium-por-1-real\/?utm_source=youtube.noticias&utm_medium=live&utm_campaign=N\/A.ns.20240117&utm_content=live.19h 00:00 In\u00edcio do v\u00eddeo 01:40 Fechamento de mercado 06:13 Ita\u00fa compra pr\u00e9dio mais caro do Brasil 10:40 Mais dividendos de\u2026\",\"duration\":\"PT27M\",\"embedUrl\":\"https:\/\/www.youtube.com\/embed\/FBu1PVXAQYQ\",\"regionsAllowed\":\"en-US\",\"interactionStatistic\":{\"@type\":\"InteractionCounter\",\"interactionType\":{\"@type\":\"WatchAction\"},\"userInteractionCount\":2010},\"thumbnailUrl\":\"https:\/\/i.ytimg.com\/vi\/FBu1PVXAQYQ\/default.jpg\",\"uploadDate\":\"2024-01-20T10:31:24Z\"}<\/script>\n\n\n\n\n\t<p>\n\t\t<a href=\"\" target=\"_blank\" data-element=\"shortcode-suno-banner\" title=\"Banner SUNO, clique e saiba mais\">\n\t\t\t<picture>\n\t\t\t\t<source media=\"(max-width: 500px)\" srcset=\"\">\n\t\t\t\t<img class=\"newsContent__article__imgCapa newsContent__article__imgCapa--banner\"\n\t\t\t\t\tsrc=\"\"\n\t\t\t\t\tdata-promo-id=\"265381\"\t\t\t\t\t\t\t\t\t\t\t\t\t\t\talt=\"\"\n\t\t\t\t>\n\t\t\t<\/picture>\n\t\t<\/a>\n\t<\/p>\n\n\n\n\n\n\n\n<p>A decis\u00e3o da Gol e da <strong>Latam<\/strong> se deve \u00e0 greve geral convocada pela Confedera\u00e7\u00e3o Geral do Trabalho (CGT), que afetar\u00e1 toda a opera\u00e7\u00e3o aeroportu\u00e1ria nas principais cidades do pa\u00eds, Buenos Aires, C\u00f3rdoba, Mendoza e Ros\u00e1rio, impossibilitando a realiza\u00e7\u00e3o dos <strong>voos<\/strong>.<\/p>\n\n\n\n<p>Uma busca nos sites da Gol e da Latam mostra que n\u00e3o \u00e9 poss\u00edvel comprar passagem para o dia 24, em nenhum trecho. Em outros dias, os voos est\u00e3o normais. <\/p>\n\n\n\n<p>As <strong>companhias a\u00e9reas<\/strong> n\u00e3o informaram o n\u00famero de <strong>voos cancelados<\/strong> no dia 24.<\/p>\n\n\n\n<p>A greve geral na <strong><a href=\"https:\/\/www.suno.com.br\/noticias\/web-stories\/fim-do-peso-argentina-moeda-alternativa-cpf\/\" target=\"_blank\" rel=\"noreferrer noopener\">Argentina<\/a> <\/strong>\u00e9 uma resposta do CGT a medidas econ\u00f4micas do presidente <a href=\"https:\/\/www.suno.com.br\/noticias\/web-stories\/proposta-trabalhista-decretaco-milei-argetina-cpf\/\" target=\"_blank\" rel=\"noreferrer noopener\">Javier Milei<\/a>, que quer fazer uma s\u00e9rie de reformas trabalhistas no pa\u00eds.<\/p>\n\n\n\t<p>\n\t\t<a href=\"https:\/\/lp.suno.com.br\/ebook-como-analisar-uma-acao\/\" target=\"_blank\" data-element=\"shortcode-suno-banner\" title=\"Banner SUNO, clique e saiba mais\">\n\t\t\t<picture>\n\t\t\t\t<source media=\"(max-width: 500px)\" srcset=\"https:\/\/files.sunoresearch.com.br\/n\/uploads\/2023\/03\/Ebook-Acoes-Mobile.jpg\">\n\t\t\t\t<img class=\"newsContent__article__imgCapa newsContent__article__imgCapa--banner\"\n\t\t\t\t\tsrc=\"https:\/\/files.sunoresearch.com.br\/n\/uploads\/2023\/03\/Ebook-Acoes-Desktop.jpg\"\n\t\t\t\t\tdata-promo-id=\"378302\"\t\t\t\t\t\t\t\t\t\twidth='1420' height='286'\t\t\t\t\talt=\"https:\/\/files.sunoresearch.com.br\/n\/uploads\/2023\/03\/Ebook-Acoes-Desktop.jpg\"\n\t\t\t\t>\n\t\t\t<\/picture>\n\t\t<\/a>\n\t<\/p>\n\n\n\n\n\n<h2 class=\"wp-block-heading\">Comunicados da Gol e Latam<\/h2>\n\n\n\n<p>&#8220;A GOL informa que<strong> cancelou seus voos<\/strong> de ou para os aeroportos da Argentina em 24 de janeiro de 2024&#8243;, afirma nota da empresa a\u00e9rea. <\/p>\n\n\n\n<p>&#8220;Todos clientes ter\u00e3o seus <strong>voos remarcados<\/strong> para outras datas e poder\u00e3o realizar a altera\u00e7\u00e3o sem custos, podendo solicitar reembolso integral&#8221;, informa nota da Gol.<\/p>\n\n\n\n<p>Segundo a companhia \u00e1rea, clientes com bilhetes marcados para o dia 24 est\u00e3o recebendo comunica\u00e7\u00e3o via e-mail e SMS. <\/p>\n\n\n\n<p>A Gol informa ainda que para atender os clientes afetados, criou opera\u00e7\u00f5es extras para os dias 25 e 26 de janeiro.<\/p>\n\n\n\n<p>&#8220;O Grupo Latam informa sobre a possibilidade de atrasos e\/ou cancelamentos nos voos com origem ou destino na Argentina em 24 de janeiro devido a uma greve geral anunciada para todo o pa\u00eds&#8221;, informa comunicado da Latam. <\/p>\n\n\n\n<p>Os passageiros afetados por poss\u00edveis cancelamentos e\/ou remarca\u00e7\u00f5es de voos dia 24 podem alterar voo sem multa (tanto ida quanto volta) para uma nova data de viagem at\u00e9 15 dias ap\u00f3s a data original ou solicitar o reembolso sem multa.<\/p>\n\n\n\n<p>Com Estad\u00e3o Conte\u00fado<\/p>\n\n\n\t<p>\n\t\t<a href=\"https:\/\/lp.suno.com.br\/plataforma-de-controle-de-investimentos\/\" target=\"_blank\" data-element=\"shortcode-suno-banner\" title=\"Banner SUNO, clique e saiba mais\">\n\t\t\t<picture>\n\t\t\t\t<source media=\"(max-width: 500px)\" srcset=\"https:\/\/files.sunoresearch.com.br\/n\/uploads\/2023\/03\/400x300-Controle-de-Investimentos.png\">\n\t\t\t\t<img class=\"newsContent__article__imgCapa newsContent__article__imgCapa--banner\"\n\t\t\t\t\tsrc=\"https:\/\/files.sunoresearch.com.br\/n\/uploads\/2023\/03\/1420x240-Controle-de-Investimentos.png\"\n\t\t\t\t\tdata-promo-id=\"383162\"\t\t\t\t\t\t\t\t\t\twidth='1420' height='240'\t\t\t\t\talt=\"https:\/\/files.sunoresearch.com.br\/n\/uploads\/2023\/03\/1420x240-Controle-de-Investimentos.png\"\n\t\t\t\t>\n\t\t\t<\/picture>\n\t\t<\/a>\n\t<\/p>\n\n\n","protected":false},"excerpt":{"rendered":"<p>As companhias a\u00e9reas Gol (GOLL4) e Latam cancelaram voos para a Argentina programados para a pr\u00f3xima quarta-feira, dia 24 de janeiro. A decis\u00e3o da Gol e da Latam se deve \u00e0 greve geral convocada pela Confedera\u00e7\u00e3o Geral do Trabalho (CGT), que afetar\u00e1 toda a opera\u00e7\u00e3o aeroportu\u00e1ria nas principais cidades do pa\u00eds, Buenos Aires, C\u00f3rdoba, Mendoza [&hellip;]<\/p>\n","protected":false},"author":73,"featured_media":130273,"comment_status":"closed","ping_status":"closed","sticky":false,"template":"","format":"standard","meta":[],"categories":[64],"tags":[106444,699,489,739],"suno_strategy":[],"class_list":["post-513618","post","type-post","status-publish","format-standard","has-post-thumbnail","hentry","category-negocios","tag-agencias","tag-argentina","tag-gol-linhas-aereas-goll11-goll4","tag-latam"],"yoast_head":"<!-- This site is optimized with the Yoast SEO plugin v24.4 - https:\/\/yoast.com\/wordpress\/plugins\/seo\/ -->\n<title>Com greve, Gol (GOLL4) e Latam cancelam voos do dia 24 para Argentina<\/title>\n<meta name=\"description\" content=\"Uma busca nos sites da Gol e da Latam mostra que n\u00e3o \u00e9 poss\u00edvel comprar passagem para o dia 24, em nenhum trecho\" \/>\n<meta name=\"robots\" content=\"index, follow, max-snippet:-1, max-image-preview:large, max-video-preview:-1\" \/>\n<link rel=\"canonical\" href=\"https:\/\/www.suno.com.br\/noticias\/gol-goll4-latam-greve-voos-cancelados-argentina-evm\/\" \/>\n<meta property=\"og:locale\" content=\"pt_BR\" \/>\n<meta property=\"og:type\" content=\"article\" \/>\n<meta property=\"og:title\" content=\"Com greve, Gol (GOLL4) e Latam cancelam voos do dia 24 para Argentina\" \/>\n<meta property=\"og:description\" content=\"Uma busca nos sites da Gol e da Latam mostra que n\u00e3o \u00e9 poss\u00edvel comprar passagem para o dia 24, em nenhum trecho\" \/>\n<meta property=\"og:url\" content=\"https:\/\/www.suno.com.br\/noticias\/gol-goll4-latam-greve-voos-cancelados-argentina-evm\/\" \/>\n<meta property=\"og:site_name\" content=\"Suno Not\u00edcias\" \/>\n<meta property=\"article:publisher\" content=\"https:\/\/facebook.com\/sunoresearch\" \/>\n<meta property=\"og:image\" content=\"https:\/\/files.sunoresearch.com.br\/n\/uploads\/2021\/03\/b3df5165-gol-5.jpg\" \/>\n\t<meta property=\"og:image:width\" content=\"1200\" \/>\n\t<meta property=\"og:image:height\" content=\"857\" \/>\n\t<meta property=\"og:image:type\" content=\"image\/jpeg\" \/>\n<meta name=\"author\" content=\"Eduardo Vargas\" \/>\n<meta name=\"twitter:card\" content=\"summary_large_image\" \/>\n<meta name=\"twitter:creator\" content=\"@sunoresearch\" \/>\n<meta name=\"twitter:site\" content=\"@sunoresearch\" \/>\n<meta name=\"twitter:label1\" content=\"Escrito por\" \/>\n\t<meta name=\"twitter:data1\" content=\"Eduardo Vargas\" \/>\n\t<meta name=\"twitter:label2\" content=\"Est. tempo de leitura\" \/>\n\t<meta name=\"twitter:data2\" content=\"2 minutos\" \/>\n<script type=\"application\/ld+json\" class=\"yoast-schema-graph\">{\"@context\":\"https:\/\/schema.org\",\"@graph\":[{\"@type\":\"NewsArticle\",\"@id\":\"https:\/\/www.suno.com.br\/noticias\/gol-goll4-latam-greve-voos-cancelados-argentina-evm\/#article\",\"isPartOf\":{\"@id\":\"https:\/\/www.suno.com.br\/noticias\/gol-goll4-latam-greve-voos-cancelados-argentina-evm\/\"},\"author\":{\"name\":\"Eduardo Vargas\",\"@id\":\"https:\/\/www.suno.com.br\/noticias\/#\/schema\/person\/7f4d362bf3518e76090143ae77bb49a5\"},\"headline\":\"Gol (GOLL4) e Latam cancelam todos os voos do dia 24\/1 para Argentina por conta de greve geral\",\"datePublished\":\"2024-01-20T18:59:48+00:00\",\"dateModified\":\"2024-01-20T18:59:52+00:00\",\"mainEntityOfPage\":{\"@id\":\"https:\/\/www.suno.com.br\/noticias\/gol-goll4-latam-greve-voos-cancelados-argentina-evm\/\"},\"wordCount\":352,\"publisher\":{\"@id\":\"https:\/\/www.suno.com.br\/noticias\/#organization\"},\"image\":{\"@id\":\"https:\/\/www.suno.com.br\/noticias\/gol-goll4-latam-greve-voos-cancelados-argentina-evm\/#primaryimage\"},\"thumbnailUrl\":\"https:\/\/files.sunoresearch.com.br\/n\/uploads\/2021\/03\/b3df5165-gol-5-jpg.webp\",\"keywords\":[\"Ag\u00eancias\",\"Argentina\",\"Gol Linhas A\u00e9reas (GOLL11\/GOLL4)\",\"Latam\"],\"articleSection\":[\"Neg\u00f3cios\"],\"inLanguage\":\"pt-BR\"},{\"@type\":\"WebPage\",\"@id\":\"https:\/\/www.suno.com.br\/noticias\/gol-goll4-latam-greve-voos-cancelados-argentina-evm\/\",\"url\":\"https:\/\/www.suno.com.br\/noticias\/gol-goll4-latam-greve-voos-cancelados-argentina-evm\/\",\"name\":\"Com greve, Gol (GOLL4) e Latam cancelam voos do dia 24 para Argentina\",\"isPartOf\":{\"@id\":\"https:\/\/www.suno.com.br\/noticias\/#website\"},\"primaryImageOfPage\":{\"@id\":\"https:\/\/www.suno.com.br\/noticias\/gol-goll4-latam-greve-voos-cancelados-argentina-evm\/#primaryimage\"},\"image\":{\"@id\":\"https:\/\/www.suno.com.br\/noticias\/gol-goll4-latam-greve-voos-cancelados-argentina-evm\/#primaryimage\"},\"thumbnailUrl\":\"https:\/\/files.sunoresearch.com.br\/n\/uploads\/2021\/03\/b3df5165-gol-5-jpg.webp\",\"datePublished\":\"2024-01-20T18:59:48+00:00\",\"dateModified\":\"2024-01-20T18:59:52+00:00\",\"description\":\"Uma busca nos sites da Gol e da Latam mostra que n\u00e3o \u00e9 poss\u00edvel comprar passagem para o dia 24, em nenhum trecho\",\"breadcrumb\":{\"@id\":\"https:\/\/www.suno.com.br\/noticias\/gol-goll4-latam-greve-voos-cancelados-argentina-evm\/#breadcrumb\"},\"inLanguage\":\"pt-BR\",\"potentialAction\":[{\"@type\":\"ReadAction\",\"target\":[\"https:\/\/www.suno.com.br\/noticias\/gol-goll4-latam-greve-voos-cancelados-argentina-evm\/\"]}]},{\"@type\":\"ImageObject\",\"inLanguage\":\"pt-BR\",\"@id\":\"https:\/\/www.suno.com.br\/noticias\/gol-goll4-latam-greve-voos-cancelados-argentina-evm\/#primaryimage\",\"url\":\"https:\/\/files.sunoresearch.com.br\/n\/uploads\/2021\/03\/b3df5165-gol-5-jpg.webp\",\"contentUrl\":\"https:\/\/files.sunoresearch.com.br\/n\/uploads\/2021\/03\/b3df5165-gol-5-jpg.webp\",\"width\":1200,\"height\":857,\"caption\":\"Empresas a\u00e9reas. Foto: Divulga\u00e7\u00e3o\/Gol\"},{\"@type\":\"BreadcrumbList\",\"@id\":\"https:\/\/www.suno.com.br\/noticias\/gol-goll4-latam-greve-voos-cancelados-argentina-evm\/#breadcrumb\",\"itemListElement\":[{\"@type\":\"ListItem\",\"position\":1,\"name\":\"Not\u00edcias\",\"item\":\"https:\/\/www.suno.com.br\/noticias\/\"},{\"@type\":\"ListItem\",\"position\":2,\"name\":\"Neg\u00f3cios\",\"item\":\"https:\/\/www.suno.com.br\/noticias\/negocios\/\"},{\"@type\":\"ListItem\",\"position\":3,\"name\":\"Gol (GOLL4) e Latam cancelam todos os voos do dia 24\/1 para Argentina por conta de greve geral\"}]},{\"@type\":\"WebSite\",\"@id\":\"https:\/\/www.suno.com.br\/noticias\/#website\",\"url\":\"https:\/\/www.suno.com.br\/noticias\/\",\"name\":\"Suno Not\u00edcias\",\"description\":\"Seu portal de informa\u00e7\u00e3o sobre o mundo dos investimentos\",\"publisher\":{\"@id\":\"https:\/\/www.suno.com.br\/noticias\/#organization\"},\"potentialAction\":[{\"@type\":\"SearchAction\",\"target\":{\"@type\":\"EntryPoint\",\"urlTemplate\":\"https:\/\/www.suno.com.br\/noticias\/?s={search_term_string}\"},\"query-input\":{\"@type\":\"PropertyValueSpecification\",\"valueRequired\":true,\"valueName\":\"search_term_string\"}}],\"inLanguage\":\"pt-BR\"},{\"@type\":\"Organization\",\"@id\":\"https:\/\/www.suno.com.br\/noticias\/#organization\",\"name\":\"Suno Not\u00edcias\",\"url\":\"https:\/\/www.suno.com.br\/noticias\/\",\"logo\":{\"@type\":\"ImageObject\",\"inLanguage\":\"pt-BR\",\"@id\":\"https:\/\/www.suno.com.br\/noticias\/#\/schema\/logo\/image\/\",\"url\":\"https:\/\/files.sunoresearch.com.br\/n\/uploads\/2021\/09\/suno-logo.png\",\"contentUrl\":\"https:\/\/files.sunoresearch.com.br\/n\/uploads\/2021\/09\/suno-logo.png\",\"width\":180,\"height\":180,\"caption\":\"Suno Not\u00edcias\"},\"image\":{\"@id\":\"https:\/\/www.suno.com.br\/noticias\/#\/schema\/logo\/image\/\"},\"sameAs\":[\"https:\/\/facebook.com\/sunoresearch\",\"https:\/\/x.com\/sunoresearch\",\"https:\/\/www.instagram.com\/suno\",\"https:\/\/www.linkedin.com\/company\/suno-research\/\",\"https:\/\/www.youtube.com\/c\/sunoresearch\"]},{\"@type\":\"Person\",\"@id\":\"https:\/\/www.suno.com.br\/noticias\/#\/schema\/person\/7f4d362bf3518e76090143ae77bb49a5\",\"name\":\"Eduardo Vargas\",\"image\":{\"@type\":\"ImageObject\",\"inLanguage\":\"pt-BR\",\"@id\":\"https:\/\/www.suno.com.br\/noticias\/#\/schema\/person\/image\/\",\"url\":\"https:\/\/secure.gravatar.com\/avatar\/dac340933427a22924c9f99d1eb2e3f2?s=96&r=g\",\"contentUrl\":\"https:\/\/secure.gravatar.com\/avatar\/dac340933427a22924c9f99d1eb2e3f2?s=96&r=g\",\"caption\":\"Eduardo Vargas\"},\"description\":\"Jornalista formado pela UFSC, cobre macroeconomia, neg\u00f3cios e startups para o Suno Not\u00edcias, escrevendo principalmente not\u00edcias sobre o mercado financeiro e a bolsa de valores. No YouTube e no Instagram, \u00e9 respons\u00e1vel pela produ\u00e7\u00e3o de Reels e Shorts do Suno Not\u00edcias. Anteriormente, trabalhou cobrindo economia e cotidiano no ND+ e para o ND, maior jornal impresso de Santa Catarina. Cursou um semestre letivo de Estudos de M\u00eddia na Universidad de Buenos Aires.\",\"url\":\"https:\/\/www.suno.com.br\/noticias\/author\/eduardo-vargas\/\"}]}<\/script>\n<!-- \/ Yoast SEO plugin. -->","yoast_head_json":{"title":"Com greve, Gol (GOLL4) e Latam cancelam voos do dia 24 para Argentina","description":"Uma busca nos sites da Gol e da Latam mostra que n\u00e3o \u00e9 poss\u00edvel comprar passagem para o dia 24, em nenhum trecho","robots":{"index":"index","follow":"follow","max-snippet":"max-snippet:-1","max-image-preview":"max-image-preview:large","max-video-preview":"max-video-preview:-1"},"canonical":"https:\/\/www.suno.com.br\/noticias\/gol-goll4-latam-greve-voos-cancelados-argentina-evm\/","og_locale":"pt_BR","og_type":"article","og_title":"Com greve, Gol (GOLL4) e Latam cancelam voos do dia 24 para Argentina","og_description":"Uma busca nos sites da Gol e da Latam mostra que n\u00e3o \u00e9 poss\u00edvel comprar passagem para o dia 24, em nenhum trecho","og_url":"https:\/\/www.suno.com.br\/noticias\/gol-goll4-latam-greve-voos-cancelados-argentina-evm\/","og_site_name":"Suno Not\u00edcias","article_publisher":"https:\/\/facebook.com\/sunoresearch","og_image":[{"width":1200,"height":857,"url":"https:\/\/files.sunoresearch.com.br\/n\/uploads\/2021\/03\/b3df5165-gol-5.jpg","type":"image\/jpeg"}],"author":"Eduardo Vargas","twitter_card":"summary_large_image","twitter_creator":"@sunoresearch","twitter_site":"@sunoresearch","twitter_misc":{"Escrito por":"Eduardo Vargas","Est. tempo de leitura":"2 minutos"},"schema":{"@context":"https:\/\/schema.org","@graph":[{"@type":"NewsArticle","@id":"https:\/\/www.suno.com.br\/noticias\/gol-goll4-latam-greve-voos-cancelados-argentina-evm\/#article","isPartOf":{"@id":"https:\/\/www.suno.com.br\/noticias\/gol-goll4-latam-greve-voos-cancelados-argentina-evm\/"},"author":{"name":"Eduardo Vargas","@id":"https:\/\/www.suno.com.br\/noticias\/#\/schema\/person\/7f4d362bf3518e76090143ae77bb49a5"},"headline":"Gol (GOLL4) e Latam cancelam todos os voos do dia 24\/1 para Argentina por conta de greve geral","datePublished":"2024-01-20T18:59:48+00:00","dateModified":"2024-01-20T18:59:52+00:00","mainEntityOfPage":{"@id":"https:\/\/www.suno.com.br\/noticias\/gol-goll4-latam-greve-voos-cancelados-argentina-evm\/"},"wordCount":352,"publisher":{"@id":"https:\/\/www.suno.com.br\/noticias\/#organization"},"image":{"@id":"https:\/\/www.suno.com.br\/noticias\/gol-goll4-latam-greve-voos-cancelados-argentina-evm\/#primaryimage"},"thumbnailUrl":"https:\/\/files.sunoresearch.com.br\/n\/uploads\/2021\/03\/b3df5165-gol-5-jpg.webp","keywords":["Ag\u00eancias","Argentina","Gol Linhas A\u00e9reas (GOLL11\/GOLL4)","Latam"],"articleSection":["Neg\u00f3cios"],"inLanguage":"pt-BR"},{"@type":"WebPage","@id":"https:\/\/www.suno.com.br\/noticias\/gol-goll4-latam-greve-voos-cancelados-argentina-evm\/","url":"https:\/\/www.suno.com.br\/noticias\/gol-goll4-latam-greve-voos-cancelados-argentina-evm\/","name":"Com greve, Gol (GOLL4) e Latam cancelam voos do dia 24 para Argentina","isPartOf":{"@id":"https:\/\/www.suno.com.br\/noticias\/#website"},"primaryImageOfPage":{"@id":"https:\/\/www.suno.com.br\/noticias\/gol-goll4-latam-greve-voos-cancelados-argentina-evm\/#primaryimage"},"image":{"@id":"https:\/\/www.suno.com.br\/noticias\/gol-goll4-latam-greve-voos-cancelados-argentina-evm\/#primaryimage"},"thumbnailUrl":"https:\/\/files.sunoresearch.com.br\/n\/uploads\/2021\/03\/b3df5165-gol-5-jpg.webp","datePublished":"2024-01-20T18:59:48+00:00","dateModified":"2024-01-20T18:59:52+00:00","description":"Uma busca nos sites da Gol e da Latam mostra que n\u00e3o \u00e9 poss\u00edvel comprar passagem para o dia 24, em nenhum trecho","breadcrumb":{"@id":"https:\/\/www.suno.com.br\/noticias\/gol-goll4-latam-greve-voos-cancelados-argentina-evm\/#breadcrumb"},"inLanguage":"pt-BR","potentialAction":[{"@type":"ReadAction","target":["https:\/\/www.suno.com.br\/noticias\/gol-goll4-latam-greve-voos-cancelados-argentina-evm\/"]}]},{"@type":"ImageObject","inLanguage":"pt-BR","@id":"https:\/\/www.suno.com.br\/noticias\/gol-goll4-latam-greve-voos-cancelados-argentina-evm\/#primaryimage","url":"https:\/\/files.sunoresearch.com.br\/n\/uploads\/2021\/03\/b3df5165-gol-5-jpg.webp","contentUrl":"https:\/\/files.sunoresearch.com.br\/n\/uploads\/2021\/03\/b3df5165-gol-5-jpg.webp","width":1200,"height":857,"caption":"Empresas a\u00e9reas. Foto: Divulga\u00e7\u00e3o\/Gol"},{"@type":"BreadcrumbList","@id":"https:\/\/www.suno.com.br\/noticias\/gol-goll4-latam-greve-voos-cancelados-argentina-evm\/#breadcrumb","itemListElement":[{"@type":"ListItem","position":1,"name":"Not\u00edcias","item":"https:\/\/www.suno.com.br\/noticias\/"},{"@type":"ListItem","position":2,"name":"Neg\u00f3cios","item":"https:\/\/www.suno.com.br\/noticias\/negocios\/"},{"@type":"ListItem","position":3,"name":"Gol (GOLL4) e Latam cancelam todos os voos do dia 24\/1 para Argentina por conta de greve geral"}]},{"@type":"WebSite","@id":"https:\/\/www.suno.com.br\/noticias\/#website","url":"https:\/\/www.suno.com.br\/noticias\/","name":"Suno Not\u00edcias","description":"Seu portal de informa\u00e7\u00e3o sobre o mundo dos investimentos","publisher":{"@id":"https:\/\/www.suno.com.br\/noticias\/#organization"},"potentialAction":[{"@type":"SearchAction","target":{"@type":"EntryPoint","urlTemplate":"https:\/\/www.suno.com.br\/noticias\/?s={search_term_string}"},"query-input":{"@type":"PropertyValueSpecification","valueRequired":true,"valueName":"search_term_string"}}],"inLanguage":"pt-BR"},{"@type":"Organization","@id":"https:\/\/www.suno.com.br\/noticias\/#organization","name":"Suno Not\u00edcias","url":"https:\/\/www.suno.com.br\/noticias\/","logo":{"@type":"ImageObject","inLanguage":"pt-BR","@id":"https:\/\/www.suno.com.br\/noticias\/#\/schema\/logo\/image\/","url":"https:\/\/files.sunoresearch.com.br\/n\/uploads\/2021\/09\/suno-logo.png","contentUrl":"https:\/\/files.sunoresearch.com.br\/n\/uploads\/2021\/09\/suno-logo.png","width":180,"height":180,"caption":"Suno Not\u00edcias"},"image":{"@id":"https:\/\/www.suno.com.br\/noticias\/#\/schema\/logo\/image\/"},"sameAs":["https:\/\/facebook.com\/sunoresearch","https:\/\/x.com\/sunoresearch","https:\/\/www.instagram.com\/suno","https:\/\/www.linkedin.com\/company\/suno-research\/","https:\/\/www.youtube.com\/c\/sunoresearch"]},{"@type":"Person","@id":"https:\/\/www.suno.com.br\/noticias\/#\/schema\/person\/7f4d362bf3518e76090143ae77bb49a5","name":"Eduardo Vargas","image":{"@type":"ImageObject","inLanguage":"pt-BR","@id":"https:\/\/www.suno.com.br\/noticias\/#\/schema\/person\/image\/","url":"https:\/\/secure.gravatar.com\/avatar\/dac340933427a22924c9f99d1eb2e3f2?s=96&r=g","contentUrl":"https:\/\/secure.gravatar.com\/avatar\/dac340933427a22924c9f99d1eb2e3f2?s=96&r=g","caption":"Eduardo Vargas"},"description":"Jornalista formado pela UFSC, cobre macroeconomia, neg\u00f3cios e startups para o Suno Not\u00edcias, escrevendo principalmente not\u00edcias sobre o mercado financeiro e a bolsa de valores. No YouTube e no Instagram, \u00e9 respons\u00e1vel pela produ\u00e7\u00e3o de Reels e Shorts do Suno Not\u00edcias. Anteriormente, trabalhou cobrindo economia e cotidiano no ND+ e para o ND, maior jornal impresso de Santa Catarina. Cursou um semestre letivo de Estudos de M\u00eddia na Universidad de Buenos Aires.","url":"https:\/\/www.suno.com.br\/noticias\/author\/eduardo-vargas\/"}]}},"default_loop_html":"<div class=\"cardsPage__listCard__boxs\"><div class=\"cardsPage__listCard__boxs__img\"><a href=\"https:\/\/www.suno.com.br\/noticias\/gol-goll4-latam-greve-voos-cancelados-argentina-evm\/\"><img class=\"mask\" src=\"https:\/\/www.suno.com.br\/noticias\/wp-content\/themes\/suno\/resources\/images\/spotlight\/spotlight1img\/bg-mask.png\" alt=\"Image Mask\"\/><img src=\"https:\/\/files.sunoresearch.com.br\/n\/uploads\/2021\/03\/b3df5165-gol-5-400x200.webp\" alt=\"Gol (GOLL4) e Latam cancelam todos os voos do dia 24\/1 para Argentina por conta de greve geral\"\/><\/a><span class=\"spotlightCategory\"><a href=\"https:\/\/www.suno.com.br\/noticias\/negocios\/\">Neg\u00f3cios<\/a><\/span><\/div><div class=\"cardsPage__listCard__boxs__content\"><a href=\"https:\/\/www.suno.com.br\/noticias\/gol-goll4-latam-greve-voos-cancelados-argentina-evm\/\"><h2 class=\"content__title\">Gol (GOLL4) e Latam cancelam todos os voos do dia 24\/1 para Argentina por conta de greve geral<\/h2><\/a><div class=\"newsContent__article__meta\"><div class=\"newsContent__article__meta__authorBox\"><a href=\"https:\/\/www.suno.com.br\/noticias\/author\/eduardo-vargas\/\" class=\"authorBox__avatar noMobi\"><img src=\"https:\/\/secure.gravatar.com\/avatar\/dac340933427a22924c9f99d1eb2e3f2?s=96&#038;r=g\" alt=\"Eduardo Vargas\"><\/a><div class=\"authorBox__name\"><span>por\n\t\t\t<a href=\"https:\/\/www.suno.com.br\/noticias\/author\/eduardo-vargas\/\"><span itemprop=\"author\">Eduardo Vargas<\/span><\/a><\/span><time datetime=\"2024-01-20T15:59:48-03:00\" itemprop=\"datePublished\">20\/01\/2024 15:59<\/time><\/div><\/div><\/div><\/div><\/div>","single_layout":"posts","amp_enabled":true,"_links":{"self":[{"href":"https:\/\/www.suno.com.br\/noticias\/wp-json\/wp\/v2\/posts\/513618"}],"collection":[{"href":"https:\/\/www.suno.com.br\/noticias\/wp-json\/wp\/v2\/posts"}],"about":[{"href":"https:\/\/www.suno.com.br\/noticias\/wp-json\/wp\/v2\/types\/post"}],"author":[{"embeddable":true,"href":"https:\/\/www.suno.com.br\/noticias\/wp-json\/wp\/v2\/users\/73"}],"replies":[{"embeddable":true,"href":"https:\/\/www.suno.com.br\/noticias\/wp-json\/wp\/v2\/comments?post=513618"}],"version-history":[{"count":3,"href":"https:\/\/www.suno.com.br\/noticias\/wp-json\/wp\/v2\/posts\/513618\/revisions"}],"predecessor-version":[{"id":513627,"href":"https:\/\/www.suno.com.br\/noticias\/wp-json\/wp\/v2\/posts\/513618\/revisions\/513627"}],"wp:featuredmedia":[{"embeddable":true,"href":"https:\/\/www.suno.com.br\/noticias\/wp-json\/wp\/v2\/media\/130273"}],"wp:attachment":[{"href":"https:\/\/www.suno.com.br\/noticias\/wp-json\/wp\/v2\/media?parent=513618"}],"wp:term":[{"taxonomy":"category","embeddable":true,"href":"https:\/\/www.suno.com.br\/noticias\/wp-json\/wp\/v2\/categories?post=513618"},{"taxonomy":"post_tag","embeddable":true,"href":"https:\/\/www.suno.com.br\/noticias\/wp-json\/wp\/v2\/tags?post=513618"},{"taxonomy":"suno_strategy","embeddable":true,"href":"https:\/\/www.suno.com.br\/noticias\/wp-json\/wp\/v2\/suno_strategy?post=513618"}],"curies":[{"name":"wp","href":"https:\/\/api.w.org\/{rel}","templated":true}]}}