{"id":51342,"date":"2020-01-29T18:26:15","date_gmt":"2020-01-29T20:26:15","guid":{"rendered":"https:\/\/www.suno.com.br\/noticias\/?p=51342"},"modified":"2020-01-29T20:03:05","modified_gmt":"2020-01-29T22:03:05","slug":"deficit-primario-governo-95-bilhoes-2019","status":"publish","type":"post","link":"https:\/\/www.suno.com.br\/noticias\/deficit-primario-governo-95-bilhoes-2019\/","title":{"rendered":"D\u00e9ficit prim\u00e1rio do governo central soma R$ 95 bilh\u00f5es em 2019"},"content":{"rendered":"<p>A Secretaria do Tesouro Nacional informou, nesta quarta-feira (29), que as contas do governo central apresentaram um <strong>d\u00e9ficit<\/strong> prim\u00e1rio de R$ 95,065 bilh\u00f5es em 2019. O valor corresponde a 1,31% do <a href=\"https:\/\/www.suno.com.br\/artigos\/pib-produto-interno-bruto\/\">Produto Interno Bruto (PIB)<\/a> do Pa\u00eds.<\/p>\t<div class=\"wrapper-featured-image\">\n\t\t<figure class=\"spotlightImg\">\n\n\t\t\t<picture>\n\t\t\t\t<source media=\"(max-width: 768px)\" srcset=\"https:\/\/files.sunoresearch.com.br\/n\/uploads\/2019\/03\/ee8e05d8-contas-400x200.webp\">\n\t\t\t\t<img loading=\"lazy\" decoding=\"async\" class=\"newsContent__article__imgCapa lazyloadDisabled newsContent__article__imgCapa--noCaption\" src=\"https:\/\/files.sunoresearch.com.br\/n\/uploads\/2019\/03\/ee8e05d8-contas-800x450.webp\" width=\"800\" height=\"450\" alt=\"D\u00e9ficit prim\u00e1rio do governo central soma R$ 95 bilh\u00f5es em 2019\" fetchpriority=high \/>\n\t\t\t<\/picture>\n\n\t\t\t<figcaption class=\"wp-caption-text wp-caption-text--hide\">Governo aumenta previs\u00e3o para d\u00e9ficit prim\u00e1rio a R$ 787,4 bilh\u00f5es<\/figcaption>\n\t\t<\/figure>\n\t<\/div>\n\n\n\n<p>Este \u00e9 o sexto ano consecutivo que as <strong>contas do governo<\/strong>\u00a0reportam d\u00e9ficit. No entanto, \u00e9 o menor rombo fiscal desde 2014. Em 2018, o resultado foi negativo em R$ 120 bilh\u00f5es. O montante considera os gastos do <a href=\"https:\/\/www.suno.com.br\/artigos\/tesouro-nacional\/\">Tesouro Nacional<\/a>, Previd\u00eancia Social e <a href=\"https:\/\/www.suno.com.br\/artigos\/bacen\/\">Banco Central (BC)<\/a>.<\/p>\n<p>O rombo nas contas do governo em 2019 ficou abaixo da meta do d\u00e9ficit prim\u00e1rio, que era de R$ 139 bilh\u00f5es.<\/p>\n<p>No entanto, o montante est\u00e1 acima da previs\u00e3o do ministro da Economia, <a href=\"https:\/\/www.suno.com.br\/tudo-sobre\/paulo-guedes\/\">Paulo Guedes<\/a>. O ministro declarou, em outubro do ano passado, que esperava que o rombo fosse de R$ 80 milh\u00f5es em 2019. O valor tamb\u00e9m \u00e9 maior em rela\u00e7\u00e3o a proje\u00e7\u00e3o do secret\u00e1rio do Tesouro, Mansueto Almeida, que esperava um montante abaixo de R$ 70 bilh\u00f5es.<\/p>\n<p>O valor tamb\u00e9m \u00e9 maior do que as expectativas do mercado financeiro. Segundo um levantamento do &#8220;Broadcast&#8221;, uma m\u00e9dia entre 24 institui\u00e7\u00f5es financeiras do Pa\u00eds resultou em uma previs\u00e3o de d\u00e9ficit de R$ 79,9 bilh\u00f5es.<\/p>\n<p>\u201cO resultado ficou abaixo da meta, mas a gente pode se alegrar e soltar fogos? N\u00e3o. A gente tem o desafio de continuar cumprindo o teto de gastos para continuar esse ajuste [das contas p\u00fablicas]. O Brasil ainda tem as contas no vermelho. O ajuste est\u00e1 acontecendo aos poucos, est\u00e1 caminhando na dire\u00e7\u00e3o correta\u201d, disse o secret\u00e1rio do Tesouro.<\/p>\n<h2>D\u00edvida p\u00fablica do governo federal<\/h2>\n<p>O Tesouro Nacional informou, na \u00faltima ter\u00e7a-feira (28), que a <a href=\"https:\/\/www.suno.com.br\/artigos\/divida-publica\/\"><strong>D\u00edvida P\u00fablica Federal (DPF)<\/strong><\/a> subiu 1,03% entre novembro e dezembro do ano passado, chegando a R$ 4,248 trilh\u00f5es em 2019.<\/p>\n<p><a href=\"https:\/\/www.suno.com.br\/noticias\/divida-publica-variar-45-tri-475-tri-2020\/\">Saiba mais: D\u00edvida p\u00fablica deve variar entre R$ 4,5 tri e R$ 4,75 tri em 2020<\/a><\/p>\n<p>O \u00f3rg\u00e3o p\u00fablico informou que a d\u00edvida p\u00fablica mobili\u00e1ria federal interna (DPMFi) avan\u00e7ou 1,22% em 2019, atingindo R$ 4,083 trilh\u00f5es em dezembro. Por outro lado, a d\u00edvida federal externa diminuiu 3,4% em dezembro quando comparado ao m\u00eas anterior e somou R$ 165,68 bilh\u00f5es.<\/p>\n<p>As emiss\u00f5es da d\u00edvida\u00a0somaram R$ 31,66 bilh\u00f5es em dezembro. J\u00e1 os resgates contabilizaram R$ 12,45 bilh\u00f5es no per\u00edodo. Com isso, a emiss\u00e3o l\u00edquida foi de R$ 19,21 bilh\u00f5es.<\/p>\n\t<p>\n\t\t<a href=\"https:\/\/lp.suno.com.br\/ebook-como-analisar-uma-acao\/\" target=\"_blank\" data-element=\"shortcode-suno-banner\" title=\"Banner SUNO, clique e saiba mais\">\n\t\t\t<picture>\n\t\t\t\t<source media=\"(max-width: 500px)\" srcset=\"https:\/\/files.sunoresearch.com.br\/n\/uploads\/2023\/03\/Ebook-Acoes-Mobile.jpg\">\n\t\t\t\t<img class=\"newsContent__article__imgCapa newsContent__article__imgCapa--banner\"\n\t\t\t\t\tsrc=\"https:\/\/files.sunoresearch.com.br\/n\/uploads\/2023\/03\/Ebook-Acoes-Desktop.jpg\"\n\t\t\t\t\tdata-promo-id=\"311946\"\t\t\t\t\t\t\t\t\t\twidth='1420' height='286'\t\t\t\t\talt=\"https:\/\/files.sunoresearch.com.br\/n\/uploads\/2023\/03\/Ebook-Acoes-Desktop.jpg\"\n\t\t\t\t>\n\t\t\t<\/picture>\n\t\t<\/a>\n\t<\/p>\n\n\n<p>Da mesma forma que o <a href=\"https:\/\/www.suno.com.br\/artigos\/deficit-primario\/\"><strong>d\u00e9ficit<\/strong><\/a> das contas do governo central est\u00e1 dentro da meta, a d\u00edvida p\u00fablica registrada tamb\u00e9m est\u00e1 dentro do previsto pelo Plano Anual de Financiamento (PAF) que estimava um valor entre R$ 4,1 trilh\u00f5es e R$ 4,3 trilh\u00f5es.<\/p>\n\n","protected":false},"excerpt":{"rendered":"<p>A Secretaria do Tesouro Nacional informou, nesta quarta-feira (29), que as contas do governo central apresentaram um d\u00e9ficit prim\u00e1rio de R$ 95,065 bilh\u00f5es em 2019. O valor corresponde a 1,31% do Produto Interno Bruto (PIB) do Pa\u00eds. Governo aumenta previs\u00e3o para d\u00e9ficit prim\u00e1rio a R$ 787,4 bilh\u00f5es Este \u00e9 o sexto ano consecutivo que as [&hellip;]<\/p>\n","protected":false},"author":18,"featured_media":17213,"comment_status":"closed","ping_status":"closed","sticky":false,"template":"","format":"standard","meta":[],"categories":[62],"tags":[1769,1044],"suno_strategy":[],"class_list":["post-51342","post","type-post","status-publish","format-standard","has-post-thumbnail","hentry","category-economia","tag-contas-publicas","tag-tesouro-nacional"],"yoast_head":"<!-- This site is optimized with the Yoast SEO plugin v24.4 - https:\/\/yoast.com\/wordpress\/plugins\/seo\/ -->\n<title>D\u00e9ficit prim\u00e1rio do governo central soma R$ 95 bilh\u00f5es em 2019<\/title>\n<meta name=\"description\" content=\"O Tesouro informou que as contas do governo central apresentaram um d\u00e9ficit prim\u00e1rio de R$ 95,065 bilh\u00f5es em 2019. Clique para saber mais.\" \/>\n<meta name=\"robots\" content=\"index, follow, max-snippet:-1, max-image-preview:large, max-video-preview:-1\" \/>\n<link rel=\"canonical\" href=\"https:\/\/www.suno.com.br\/noticias\/deficit-primario-governo-95-bilhoes-2019\/\" \/>\n<meta property=\"og:locale\" content=\"pt_BR\" \/>\n<meta property=\"og:type\" content=\"article\" \/>\n<meta property=\"og:title\" content=\"D\u00e9ficit prim\u00e1rio do governo central soma R$ 95 bilh\u00f5es em 2019\" \/>\n<meta property=\"og:description\" content=\"O Tesouro informou que as contas do governo central apresentaram um d\u00e9ficit prim\u00e1rio de R$ 95,065 bilh\u00f5es em 2019. Clique para saber mais.\" \/>\n<meta property=\"og:url\" content=\"https:\/\/www.suno.com.br\/noticias\/deficit-primario-governo-95-bilhoes-2019\/\" \/>\n<meta property=\"og:site_name\" content=\"Suno Not\u00edcias\" \/>\n<meta property=\"article:publisher\" content=\"https:\/\/facebook.com\/sunoresearch\" \/>\n<meta property=\"og:image\" content=\"https:\/\/files.sunoresearch.com.br\/n\/uploads\/2019\/03\/ee8e05d8-contas.jpg\" \/>\n\t<meta property=\"og:image:width\" content=\"1024\" \/>\n\t<meta property=\"og:image:height\" content=\"683\" \/>\n\t<meta property=\"og:image:type\" content=\"image\/jpeg\" \/>\n<meta name=\"author\" content=\"Giovanna Oliveira\" \/>\n<meta name=\"twitter:card\" content=\"summary_large_image\" \/>\n<meta name=\"twitter:creator\" content=\"@sunoresearch\" \/>\n<meta name=\"twitter:site\" content=\"@sunoresearch\" \/>\n<meta name=\"twitter:label1\" content=\"Escrito por\" \/>\n\t<meta name=\"twitter:data1\" content=\"Giovanna Oliveira\" \/>\n\t<meta name=\"twitter:label2\" content=\"Est. tempo de leitura\" \/>\n\t<meta name=\"twitter:data2\" content=\"2 minutos\" \/>\n<script type=\"application\/ld+json\" class=\"yoast-schema-graph\">{\"@context\":\"https:\/\/schema.org\",\"@graph\":[{\"@type\":\"NewsArticle\",\"@id\":\"https:\/\/www.suno.com.br\/noticias\/deficit-primario-governo-95-bilhoes-2019\/#article\",\"isPartOf\":{\"@id\":\"https:\/\/www.suno.com.br\/noticias\/deficit-primario-governo-95-bilhoes-2019\/\"},\"author\":{\"name\":\"Giovanna Oliveira\",\"@id\":\"https:\/\/www.suno.com.br\/noticias\/#\/schema\/person\/4e19e3d2575736e5283d58eb3199d120\"},\"headline\":\"D\u00e9ficit prim\u00e1rio do governo central soma R$ 95 bilh\u00f5es em 2019\",\"datePublished\":\"2020-01-29T20:26:15+00:00\",\"dateModified\":\"2020-01-29T22:03:05+00:00\",\"mainEntityOfPage\":{\"@id\":\"https:\/\/www.suno.com.br\/noticias\/deficit-primario-governo-95-bilhoes-2019\/\"},\"wordCount\":469,\"publisher\":{\"@id\":\"https:\/\/www.suno.com.br\/noticias\/#organization\"},\"image\":{\"@id\":\"https:\/\/www.suno.com.br\/noticias\/deficit-primario-governo-95-bilhoes-2019\/#primaryimage\"},\"thumbnailUrl\":\"https:\/\/files.sunoresearch.com.br\/n\/uploads\/2019\/03\/ee8e05d8-contas-jpg.webp\",\"keywords\":[\"contas p\u00fablicas\",\"Tesouro Nacional\"],\"articleSection\":[\"Economia\"],\"inLanguage\":\"pt-BR\"},{\"@type\":\"WebPage\",\"@id\":\"https:\/\/www.suno.com.br\/noticias\/deficit-primario-governo-95-bilhoes-2019\/\",\"url\":\"https:\/\/www.suno.com.br\/noticias\/deficit-primario-governo-95-bilhoes-2019\/\",\"name\":\"D\u00e9ficit prim\u00e1rio do governo central soma R$ 95 bilh\u00f5es em 2019\",\"isPartOf\":{\"@id\":\"https:\/\/www.suno.com.br\/noticias\/#website\"},\"primaryImageOfPage\":{\"@id\":\"https:\/\/www.suno.com.br\/noticias\/deficit-primario-governo-95-bilhoes-2019\/#primaryimage\"},\"image\":{\"@id\":\"https:\/\/www.suno.com.br\/noticias\/deficit-primario-governo-95-bilhoes-2019\/#primaryimage\"},\"thumbnailUrl\":\"https:\/\/files.sunoresearch.com.br\/n\/uploads\/2019\/03\/ee8e05d8-contas-jpg.webp\",\"datePublished\":\"2020-01-29T20:26:15+00:00\",\"dateModified\":\"2020-01-29T22:03:05+00:00\",\"description\":\"O Tesouro informou que as contas do governo central apresentaram um d\u00e9ficit prim\u00e1rio de R$ 95,065 bilh\u00f5es em 2019. Clique para saber mais.\",\"breadcrumb\":{\"@id\":\"https:\/\/www.suno.com.br\/noticias\/deficit-primario-governo-95-bilhoes-2019\/#breadcrumb\"},\"inLanguage\":\"pt-BR\",\"potentialAction\":[{\"@type\":\"ReadAction\",\"target\":[\"https:\/\/www.suno.com.br\/noticias\/deficit-primario-governo-95-bilhoes-2019\/\"]}]},{\"@type\":\"ImageObject\",\"inLanguage\":\"pt-BR\",\"@id\":\"https:\/\/www.suno.com.br\/noticias\/deficit-primario-governo-95-bilhoes-2019\/#primaryimage\",\"url\":\"https:\/\/files.sunoresearch.com.br\/n\/uploads\/2019\/03\/ee8e05d8-contas-jpg.webp\",\"contentUrl\":\"https:\/\/files.sunoresearch.com.br\/n\/uploads\/2019\/03\/ee8e05d8-contas-jpg.webp\",\"width\":1024,\"height\":683,\"caption\":\"Governo aumenta previs\u00e3o para d\u00e9ficit prim\u00e1rio a R$ 787,4 bilh\u00f5es\"},{\"@type\":\"BreadcrumbList\",\"@id\":\"https:\/\/www.suno.com.br\/noticias\/deficit-primario-governo-95-bilhoes-2019\/#breadcrumb\",\"itemListElement\":[{\"@type\":\"ListItem\",\"position\":1,\"name\":\"Not\u00edcias\",\"item\":\"https:\/\/www.suno.com.br\/noticias\/\"},{\"@type\":\"ListItem\",\"position\":2,\"name\":\"Economia\",\"item\":\"https:\/\/www.suno.com.br\/noticias\/economia\/\"},{\"@type\":\"ListItem\",\"position\":3,\"name\":\"D\u00e9ficit prim\u00e1rio do governo central soma R$ 95 bilh\u00f5es em 2019\"}]},{\"@type\":\"WebSite\",\"@id\":\"https:\/\/www.suno.com.br\/noticias\/#website\",\"url\":\"https:\/\/www.suno.com.br\/noticias\/\",\"name\":\"Suno Not\u00edcias\",\"description\":\"Seu portal de informa\u00e7\u00e3o sobre o mundo dos investimentos\",\"publisher\":{\"@id\":\"https:\/\/www.suno.com.br\/noticias\/#organization\"},\"potentialAction\":[{\"@type\":\"SearchAction\",\"target\":{\"@type\":\"EntryPoint\",\"urlTemplate\":\"https:\/\/www.suno.com.br\/noticias\/?s={search_term_string}\"},\"query-input\":{\"@type\":\"PropertyValueSpecification\",\"valueRequired\":true,\"valueName\":\"search_term_string\"}}],\"inLanguage\":\"pt-BR\"},{\"@type\":\"Organization\",\"@id\":\"https:\/\/www.suno.com.br\/noticias\/#organization\",\"name\":\"Suno Not\u00edcias\",\"url\":\"https:\/\/www.suno.com.br\/noticias\/\",\"logo\":{\"@type\":\"ImageObject\",\"inLanguage\":\"pt-BR\",\"@id\":\"https:\/\/www.suno.com.br\/noticias\/#\/schema\/logo\/image\/\",\"url\":\"https:\/\/files.sunoresearch.com.br\/n\/uploads\/2021\/09\/suno-logo.png\",\"contentUrl\":\"https:\/\/files.sunoresearch.com.br\/n\/uploads\/2021\/09\/suno-logo.png\",\"width\":180,\"height\":180,\"caption\":\"Suno Not\u00edcias\"},\"image\":{\"@id\":\"https:\/\/www.suno.com.br\/noticias\/#\/schema\/logo\/image\/\"},\"sameAs\":[\"https:\/\/facebook.com\/sunoresearch\",\"https:\/\/x.com\/sunoresearch\",\"https:\/\/www.instagram.com\/suno\",\"https:\/\/www.linkedin.com\/company\/suno-research\/\",\"https:\/\/www.youtube.com\/c\/sunoresearch\"]},{\"@type\":\"Person\",\"@id\":\"https:\/\/www.suno.com.br\/noticias\/#\/schema\/person\/4e19e3d2575736e5283d58eb3199d120\",\"name\":\"Giovanna Oliveira\",\"image\":{\"@type\":\"ImageObject\",\"inLanguage\":\"pt-BR\",\"@id\":\"https:\/\/www.suno.com.br\/noticias\/#\/schema\/person\/image\/\",\"url\":\"https:\/\/secure.gravatar.com\/avatar\/9a37b3ae208962ac568992d0ffdbc2eb?s=96&r=g\",\"contentUrl\":\"https:\/\/secure.gravatar.com\/avatar\/9a37b3ae208962ac568992d0ffdbc2eb?s=96&r=g\",\"caption\":\"Giovanna Oliveira\"},\"description\":\"Giovanna Oliveira escreve sobre economia e pol\u00edtica. Foi rep\u00f3rter do portal de jornalismo da ESPM-SP e produziu conte\u00fado para a Corinthians TV. \u00c9 estudante da ESPM.\",\"url\":\"https:\/\/www.suno.com.br\/noticias\/author\/giovanna\/\"}]}<\/script>\n<!-- \/ Yoast SEO plugin. -->","yoast_head_json":{"title":"D\u00e9ficit prim\u00e1rio do governo central soma R$ 95 bilh\u00f5es em 2019","description":"O Tesouro informou que as contas do governo central apresentaram um d\u00e9ficit prim\u00e1rio de R$ 95,065 bilh\u00f5es em 2019. Clique para saber mais.","robots":{"index":"index","follow":"follow","max-snippet":"max-snippet:-1","max-image-preview":"max-image-preview:large","max-video-preview":"max-video-preview:-1"},"canonical":"https:\/\/www.suno.com.br\/noticias\/deficit-primario-governo-95-bilhoes-2019\/","og_locale":"pt_BR","og_type":"article","og_title":"D\u00e9ficit prim\u00e1rio do governo central soma R$ 95 bilh\u00f5es em 2019","og_description":"O Tesouro informou que as contas do governo central apresentaram um d\u00e9ficit prim\u00e1rio de R$ 95,065 bilh\u00f5es em 2019. Clique para saber mais.","og_url":"https:\/\/www.suno.com.br\/noticias\/deficit-primario-governo-95-bilhoes-2019\/","og_site_name":"Suno Not\u00edcias","article_publisher":"https:\/\/facebook.com\/sunoresearch","og_image":[{"width":1024,"height":683,"url":"https:\/\/files.sunoresearch.com.br\/n\/uploads\/2019\/03\/ee8e05d8-contas.jpg","type":"image\/jpeg"}],"author":"Giovanna Oliveira","twitter_card":"summary_large_image","twitter_creator":"@sunoresearch","twitter_site":"@sunoresearch","twitter_misc":{"Escrito por":"Giovanna Oliveira","Est. tempo de leitura":"2 minutos"},"schema":{"@context":"https:\/\/schema.org","@graph":[{"@type":"NewsArticle","@id":"https:\/\/www.suno.com.br\/noticias\/deficit-primario-governo-95-bilhoes-2019\/#article","isPartOf":{"@id":"https:\/\/www.suno.com.br\/noticias\/deficit-primario-governo-95-bilhoes-2019\/"},"author":{"name":"Giovanna Oliveira","@id":"https:\/\/www.suno.com.br\/noticias\/#\/schema\/person\/4e19e3d2575736e5283d58eb3199d120"},"headline":"D\u00e9ficit prim\u00e1rio do governo central soma R$ 95 bilh\u00f5es em 2019","datePublished":"2020-01-29T20:26:15+00:00","dateModified":"2020-01-29T22:03:05+00:00","mainEntityOfPage":{"@id":"https:\/\/www.suno.com.br\/noticias\/deficit-primario-governo-95-bilhoes-2019\/"},"wordCount":469,"publisher":{"@id":"https:\/\/www.suno.com.br\/noticias\/#organization"},"image":{"@id":"https:\/\/www.suno.com.br\/noticias\/deficit-primario-governo-95-bilhoes-2019\/#primaryimage"},"thumbnailUrl":"https:\/\/files.sunoresearch.com.br\/n\/uploads\/2019\/03\/ee8e05d8-contas-jpg.webp","keywords":["contas p\u00fablicas","Tesouro Nacional"],"articleSection":["Economia"],"inLanguage":"pt-BR"},{"@type":"WebPage","@id":"https:\/\/www.suno.com.br\/noticias\/deficit-primario-governo-95-bilhoes-2019\/","url":"https:\/\/www.suno.com.br\/noticias\/deficit-primario-governo-95-bilhoes-2019\/","name":"D\u00e9ficit prim\u00e1rio do governo central soma R$ 95 bilh\u00f5es em 2019","isPartOf":{"@id":"https:\/\/www.suno.com.br\/noticias\/#website"},"primaryImageOfPage":{"@id":"https:\/\/www.suno.com.br\/noticias\/deficit-primario-governo-95-bilhoes-2019\/#primaryimage"},"image":{"@id":"https:\/\/www.suno.com.br\/noticias\/deficit-primario-governo-95-bilhoes-2019\/#primaryimage"},"thumbnailUrl":"https:\/\/files.sunoresearch.com.br\/n\/uploads\/2019\/03\/ee8e05d8-contas-jpg.webp","datePublished":"2020-01-29T20:26:15+00:00","dateModified":"2020-01-29T22:03:05+00:00","description":"O Tesouro informou que as contas do governo central apresentaram um d\u00e9ficit prim\u00e1rio de R$ 95,065 bilh\u00f5es em 2019. Clique para saber mais.","breadcrumb":{"@id":"https:\/\/www.suno.com.br\/noticias\/deficit-primario-governo-95-bilhoes-2019\/#breadcrumb"},"inLanguage":"pt-BR","potentialAction":[{"@type":"ReadAction","target":["https:\/\/www.suno.com.br\/noticias\/deficit-primario-governo-95-bilhoes-2019\/"]}]},{"@type":"ImageObject","inLanguage":"pt-BR","@id":"https:\/\/www.suno.com.br\/noticias\/deficit-primario-governo-95-bilhoes-2019\/#primaryimage","url":"https:\/\/files.sunoresearch.com.br\/n\/uploads\/2019\/03\/ee8e05d8-contas-jpg.webp","contentUrl":"https:\/\/files.sunoresearch.com.br\/n\/uploads\/2019\/03\/ee8e05d8-contas-jpg.webp","width":1024,"height":683,"caption":"Governo aumenta previs\u00e3o para d\u00e9ficit prim\u00e1rio a R$ 787,4 bilh\u00f5es"},{"@type":"BreadcrumbList","@id":"https:\/\/www.suno.com.br\/noticias\/deficit-primario-governo-95-bilhoes-2019\/#breadcrumb","itemListElement":[{"@type":"ListItem","position":1,"name":"Not\u00edcias","item":"https:\/\/www.suno.com.br\/noticias\/"},{"@type":"ListItem","position":2,"name":"Economia","item":"https:\/\/www.suno.com.br\/noticias\/economia\/"},{"@type":"ListItem","position":3,"name":"D\u00e9ficit prim\u00e1rio do governo central soma R$ 95 bilh\u00f5es em 2019"}]},{"@type":"WebSite","@id":"https:\/\/www.suno.com.br\/noticias\/#website","url":"https:\/\/www.suno.com.br\/noticias\/","name":"Suno Not\u00edcias","description":"Seu portal de informa\u00e7\u00e3o sobre o mundo dos investimentos","publisher":{"@id":"https:\/\/www.suno.com.br\/noticias\/#organization"},"potentialAction":[{"@type":"SearchAction","target":{"@type":"EntryPoint","urlTemplate":"https:\/\/www.suno.com.br\/noticias\/?s={search_term_string}"},"query-input":{"@type":"PropertyValueSpecification","valueRequired":true,"valueName":"search_term_string"}}],"inLanguage":"pt-BR"},{"@type":"Organization","@id":"https:\/\/www.suno.com.br\/noticias\/#organization","name":"Suno Not\u00edcias","url":"https:\/\/www.suno.com.br\/noticias\/","logo":{"@type":"ImageObject","inLanguage":"pt-BR","@id":"https:\/\/www.suno.com.br\/noticias\/#\/schema\/logo\/image\/","url":"https:\/\/files.sunoresearch.com.br\/n\/uploads\/2021\/09\/suno-logo.png","contentUrl":"https:\/\/files.sunoresearch.com.br\/n\/uploads\/2021\/09\/suno-logo.png","width":180,"height":180,"caption":"Suno Not\u00edcias"},"image":{"@id":"https:\/\/www.suno.com.br\/noticias\/#\/schema\/logo\/image\/"},"sameAs":["https:\/\/facebook.com\/sunoresearch","https:\/\/x.com\/sunoresearch","https:\/\/www.instagram.com\/suno","https:\/\/www.linkedin.com\/company\/suno-research\/","https:\/\/www.youtube.com\/c\/sunoresearch"]},{"@type":"Person","@id":"https:\/\/www.suno.com.br\/noticias\/#\/schema\/person\/4e19e3d2575736e5283d58eb3199d120","name":"Giovanna Oliveira","image":{"@type":"ImageObject","inLanguage":"pt-BR","@id":"https:\/\/www.suno.com.br\/noticias\/#\/schema\/person\/image\/","url":"https:\/\/secure.gravatar.com\/avatar\/9a37b3ae208962ac568992d0ffdbc2eb?s=96&r=g","contentUrl":"https:\/\/secure.gravatar.com\/avatar\/9a37b3ae208962ac568992d0ffdbc2eb?s=96&r=g","caption":"Giovanna Oliveira"},"description":"Giovanna Oliveira escreve sobre economia e pol\u00edtica. Foi rep\u00f3rter do portal de jornalismo da ESPM-SP e produziu conte\u00fado para a Corinthians TV. \u00c9 estudante da ESPM.","url":"https:\/\/www.suno.com.br\/noticias\/author\/giovanna\/"}]}},"default_loop_html":"<div class=\"cardsPage__listCard__boxs\"><div class=\"cardsPage__listCard__boxs__img\"><a href=\"https:\/\/www.suno.com.br\/noticias\/deficit-primario-governo-95-bilhoes-2019\/\"><img class=\"mask\" src=\"https:\/\/www.suno.com.br\/noticias\/wp-content\/themes\/suno\/resources\/images\/spotlight\/spotlight1img\/bg-mask.png\" alt=\"Image Mask\"\/><img src=\"https:\/\/files.sunoresearch.com.br\/n\/uploads\/2019\/03\/ee8e05d8-contas-400x200.webp\" alt=\"D\u00e9ficit prim\u00e1rio do governo central soma R$ 95 bilh\u00f5es em 2019\"\/><\/a><span class=\"spotlightCategory\"><a href=\"https:\/\/www.suno.com.br\/noticias\/economia\/\">Economia<\/a><\/span><\/div><div class=\"cardsPage__listCard__boxs__content\"><a href=\"https:\/\/www.suno.com.br\/noticias\/deficit-primario-governo-95-bilhoes-2019\/\"><h2 class=\"content__title\">D\u00e9ficit prim\u00e1rio do governo central soma R$ 95 bilh\u00f5es em 2019<\/h2><\/a><div class=\"newsContent__article__meta\"><div class=\"newsContent__article__meta__authorBox\"><a href=\"https:\/\/www.suno.com.br\/noticias\/author\/giovanna\/\" class=\"authorBox__avatar noMobi\"><img src=\"https:\/\/files.sunoresearch.com.br\/n\/uploads\/2019\/06\/952a89ca-screenshot_20190608-171507-150x150.webp\" alt=\"Giovanna Oliveira\"><\/a><div class=\"authorBox__name\"><span>por\n\t\t\t<a href=\"https:\/\/www.suno.com.br\/noticias\/author\/giovanna\/\"><span itemprop=\"author\">Giovanna Oliveira<\/span><\/a><\/span><time datetime=\"2020-01-29T18:26:15-03:00\" itemprop=\"datePublished\">29\/01\/2020 18:26<\/time><\/div><\/div><\/div><\/div><\/div>","single_layout":"posts","amp_enabled":true,"_links":{"self":[{"href":"https:\/\/www.suno.com.br\/noticias\/wp-json\/wp\/v2\/posts\/51342"}],"collection":[{"href":"https:\/\/www.suno.com.br\/noticias\/wp-json\/wp\/v2\/posts"}],"about":[{"href":"https:\/\/www.suno.com.br\/noticias\/wp-json\/wp\/v2\/types\/post"}],"author":[{"embeddable":true,"href":"https:\/\/www.suno.com.br\/noticias\/wp-json\/wp\/v2\/users\/18"}],"replies":[{"embeddable":true,"href":"https:\/\/www.suno.com.br\/noticias\/wp-json\/wp\/v2\/comments?post=51342"}],"version-history":[{"count":0,"href":"https:\/\/www.suno.com.br\/noticias\/wp-json\/wp\/v2\/posts\/51342\/revisions"}],"wp:featuredmedia":[{"embeddable":true,"href":"https:\/\/www.suno.com.br\/noticias\/wp-json\/wp\/v2\/media\/17213"}],"wp:attachment":[{"href":"https:\/\/www.suno.com.br\/noticias\/wp-json\/wp\/v2\/media?parent=51342"}],"wp:term":[{"taxonomy":"category","embeddable":true,"href":"https:\/\/www.suno.com.br\/noticias\/wp-json\/wp\/v2\/categories?post=51342"},{"taxonomy":"post_tag","embeddable":true,"href":"https:\/\/www.suno.com.br\/noticias\/wp-json\/wp\/v2\/tags?post=51342"},{"taxonomy":"suno_strategy","embeddable":true,"href":"https:\/\/www.suno.com.br\/noticias\/wp-json\/wp\/v2\/suno_strategy?post=51342"}],"curies":[{"name":"wp","href":"https:\/\/api.w.org\/{rel}","templated":true}]}}