{"id":51329,"date":"2020-01-29T17:28:11","date_gmt":"2020-01-29T19:28:11","guid":{"rendered":"https:\/\/www.suno.com.br\/noticias\/?p=51329"},"modified":"2020-01-29T17:31:24","modified_gmt":"2020-01-29T19:31:24","slug":"brexit-parlamento-europeu-aprova-reino-unido-ue","status":"publish","type":"post","link":"https:\/\/www.suno.com.br\/noticias\/brexit-parlamento-europeu-aprova-reino-unido-ue\/","title":{"rendered":"Brexit: Parlamento Europeu aprova sa\u00edda do Reino Unido da UE"},"content":{"rendered":"<p>O Parlamento Europeu aprovou. nesta quarta-feira (29), o <strong>Brexit<\/strong>, acordo que prev\u00ea a sa\u00edda do Reino Unido da <a href=\"https:\/\/www.suno.com.br\/artigos\/uniao-europeia\/\">Uni\u00e3o Europeia (UE)<\/a>. A decis\u00e3o foi aprovada com 621 votos favor\u00e1veis, 49 contr\u00e1rios e 13 absten\u00e7\u00f5es.<\/p>\t<div class=\"wrapper-featured-image\">\n\t\t<figure class=\"spotlightImg\">\n\n\t\t\t<picture>\n\t\t\t\t<source media=\"(max-width: 768px)\" srcset=\"https:\/\/files.sunoresearch.com.br\/n\/uploads\/2019\/08\/aa9b1f98-brexit-400x200.webp\">\n\t\t\t\t<img loading=\"lazy\" decoding=\"async\" class=\"newsContent__article__imgCapa lazyloadDisabled newsContent__article__imgCapa--noCaption\" src=\"https:\/\/files.sunoresearch.com.br\/n\/uploads\/2019\/08\/aa9b1f98-brexit-800x450.webp\" width=\"800\" height=\"450\" alt=\"Brexit: Parlamento Europeu aprova sa\u00edda do Reino Unido da UE\" fetchpriority=high \/>\n\t\t\t<\/picture>\n\n\t\t\t<figcaption class=\"wp-caption-text wp-caption-text--hide\">O negociador do Reino Unido para o\u00a0Brexit declarou que as diverg\u00eancias com a UE sobre um acordo comercial continuam.  <\/figcaption>\n\t\t<\/figure>\n\t<\/div>\n\n\n\n<p>A aprova\u00e7\u00e3o do <a href=\"https:\/\/www.suno.com.br\/noticias\/brexit-o-que-acontece-agora\/\">Brexit<\/a> pelo parlamento facilita a sa\u00edda do <strong>Reino Unido<\/strong> da <strong>Uni\u00e3o Europeia<\/strong>, que dever\u00e1 ocorrer na pr\u00f3xima sexta-feira (31).<\/p>\n<p>No entanto, o Conselho Europeu, que representa os 27 pa\u00edses membros restantes do bloco, ainda deve retificar formalmente o acordo para concretizar a sa\u00edda do Reino Unido. A expectativa \u00e9 que a ratifica\u00e7\u00e3o do acordo pela organiza\u00e7\u00e3o ocorra na pr\u00f3xima quinta-feira (30), em Bruxelas.<\/p>\n<p>O presidente do Parlamento Europeu, David Sassoli, declarou que, mesmo com a sa\u00edda do Reino Unido do bloco, fortes la\u00e7os ser\u00e3o mantidos com o pa\u00eds. &#8220;Ficamos lado a lado no Parlamento Europeu. Cinquenta anos de integra\u00e7\u00e3o n\u00e3o podem desaparecer facilmente&#8221;, afirmou Sassoli.<\/p>\n<p>Al\u00e9m disso, a presidente da Comiss\u00e3o Europeia, Ursula von der Leyen, afirmou que o acordo foi somente um &#8220;primeiro passo&#8221;. &#8220;Eu quero que a Uni\u00e3o Europeia e o Reino Unido permane\u00e7am sendo bons amigos e parceiros&#8221;, disse a presidente.<\/p>\n\t<p>\n\t\t<a href=\"https:\/\/lp.suno.com.br\/ebook-como-analisar-uma-acao\/\" target=\"_blank\" data-element=\"shortcode-suno-banner\" title=\"Banner SUNO, clique e saiba mais\">\n\t\t\t<picture>\n\t\t\t\t<source media=\"(max-width: 500px)\" srcset=\"https:\/\/files.sunoresearch.com.br\/n\/uploads\/2023\/03\/Ebook-Acoes-Mobile.jpg\">\n\t\t\t\t<img class=\"newsContent__article__imgCapa newsContent__article__imgCapa--banner\"\n\t\t\t\t\tsrc=\"https:\/\/files.sunoresearch.com.br\/n\/uploads\/2023\/03\/Ebook-Acoes-Desktop.jpg\"\n\t\t\t\t\tdata-promo-id=\"311946\"\t\t\t\t\t\t\t\t\t\twidth='1420' height='286'\t\t\t\t\talt=\"https:\/\/files.sunoresearch.com.br\/n\/uploads\/2023\/03\/Ebook-Acoes-Desktop.jpg\"\n\t\t\t\t>\n\t\t\t<\/picture>\n\t\t<\/a>\n\t<\/p>\n\n\n<p>Por outro lado, Nigel Farage, l\u00edder do Partido Brexit, afirmou que espera que a sa\u00edda do Reino Unido da UE represente o come\u00e7o do fim do bloco. &#8220;N\u00f3s amamos a Europa, n\u00f3s somente odiamos a Uni\u00e3o Europeia. Eu espero que isso [Brexit] comece o fim deste projeto. A UE d\u00e1 poder para as pessoas sem responsabilidade&#8221;, afirmou Farage.<\/p>\n<h2>Ministro brit\u00e2nico quer dobrar crescimento econ\u00f4mico com Brexit<\/h2>\n<p>O Ministro da Economia do Reino Unido, Sajid Javid, projeta dobrar a taxa de crescimento econ\u00f4mico do pa\u00eds ap\u00f3s a sa\u00edda definitiva da Uni\u00e3o Europeia por meio do Brexit. No entanto, salienta que n\u00e3o defender\u00e1 setores manufatureiros que desejarem seguir as regras do bloco europeu.<\/p>\n<p><a href=\"https:\/\/www.suno.com.br\/noticias\/brexit-crescimento-economico\/\">Saiba mais: Brexit: ministro quer dobrar o crescimento econ\u00f4mico do Reino Unido<\/a><\/p>\n<p>Em entrevista ao jornal &#8220;Financial Times&#8221; antes de viajar para encontrar l\u00edderes empresariais no F\u00f3rum Econ\u00f4mico Mundial em Davos, na Su\u00ed\u00e7a, Javid disse que o Reino Unido n\u00e3o se comprometer\u00e1 a seguir os termos da UE em discuss\u00f5es comerciais ap\u00f3s a sa\u00edda do bloco.<\/p>\n<p>\u201cN\u00e3o haver\u00e1 alinhamento, n\u00e3o obedeceremos regras, n\u00e3o estaremos no mercado \u00fanico e n\u00e3o estaremos na uni\u00e3o aduaneira, e faremos tudo isso antes do fim do ano\u201d, refor\u00e7ou o ministro sobre o <strong>Brexit<\/strong>.<\/p>\n\n","protected":false},"excerpt":{"rendered":"<p>O Parlamento Europeu aprovou. nesta quarta-feira (29), o Brexit, acordo que prev\u00ea a sa\u00edda do Reino Unido da Uni\u00e3o Europeia (UE). A decis\u00e3o foi aprovada com 621 votos favor\u00e1veis, 49 contr\u00e1rios e 13 absten\u00e7\u00f5es. O negociador do Reino Unido para o\u00a0Brexit declarou que as diverg\u00eancias com a UE sobre um acordo comercial continuam. A aprova\u00e7\u00e3o [&hellip;]<\/p>\n","protected":false},"author":18,"featured_media":35543,"comment_status":"closed","ping_status":"closed","sticky":false,"template":"","format":"standard","meta":[],"categories":[63],"tags":[753,730,731],"suno_strategy":[],"class_list":["post-51329","post","type-post","status-publish","format-standard","has-post-thumbnail","hentry","category-internacional","tag-brexit","tag-reino-unido","tag-uniao-europeia"],"yoast_head":"<!-- This site is optimized with the Yoast SEO plugin v24.4 - https:\/\/yoast.com\/wordpress\/plugins\/seo\/ -->\n<title>Brexit: Parlamento Europeu aprova sa\u00edda do Reino Unido da UE<\/title>\n<meta name=\"description\" content=\"O Parlamento Europeu aprovou o Brexit, acordo que prev\u00ea a sa\u00edda do Reino Unido da Uni\u00e3o Europeia (UE). Clique para saber mais.\" \/>\n<meta name=\"robots\" content=\"index, follow, max-snippet:-1, max-image-preview:large, max-video-preview:-1\" \/>\n<link rel=\"canonical\" href=\"https:\/\/www.suno.com.br\/noticias\/brexit-parlamento-europeu-aprova-reino-unido-ue\/\" \/>\n<meta property=\"og:locale\" content=\"pt_BR\" \/>\n<meta property=\"og:type\" content=\"article\" \/>\n<meta property=\"og:title\" content=\"Brexit: Parlamento Europeu aprova sa\u00edda do Reino Unido da UE\" \/>\n<meta property=\"og:description\" content=\"O Parlamento Europeu aprovou o Brexit, acordo que prev\u00ea a sa\u00edda do Reino Unido da Uni\u00e3o Europeia (UE). Clique para saber mais.\" \/>\n<meta property=\"og:url\" content=\"https:\/\/www.suno.com.br\/noticias\/brexit-parlamento-europeu-aprova-reino-unido-ue\/\" \/>\n<meta property=\"og:site_name\" content=\"Suno Not\u00edcias\" \/>\n<meta property=\"article:publisher\" content=\"https:\/\/facebook.com\/sunoresearch\" \/>\n<meta property=\"og:image\" content=\"https:\/\/files.sunoresearch.com.br\/n\/uploads\/2019\/08\/aa9b1f98-brexit.jpg\" \/>\n\t<meta property=\"og:image:width\" content=\"1160\" \/>\n\t<meta property=\"og:image:height\" content=\"773\" \/>\n\t<meta property=\"og:image:type\" content=\"image\/jpeg\" \/>\n<meta name=\"author\" content=\"Giovanna Oliveira\" \/>\n<meta name=\"twitter:card\" content=\"summary_large_image\" \/>\n<meta name=\"twitter:creator\" content=\"@sunoresearch\" \/>\n<meta name=\"twitter:site\" content=\"@sunoresearch\" \/>\n<meta name=\"twitter:label1\" content=\"Escrito por\" \/>\n\t<meta name=\"twitter:data1\" content=\"Giovanna Oliveira\" \/>\n\t<meta name=\"twitter:label2\" content=\"Est. tempo de leitura\" \/>\n\t<meta name=\"twitter:data2\" content=\"2 minutos\" \/>\n<script type=\"application\/ld+json\" class=\"yoast-schema-graph\">{\"@context\":\"https:\/\/schema.org\",\"@graph\":[{\"@type\":\"NewsArticle\",\"@id\":\"https:\/\/www.suno.com.br\/noticias\/brexit-parlamento-europeu-aprova-reino-unido-ue\/#article\",\"isPartOf\":{\"@id\":\"https:\/\/www.suno.com.br\/noticias\/brexit-parlamento-europeu-aprova-reino-unido-ue\/\"},\"author\":{\"name\":\"Giovanna Oliveira\",\"@id\":\"https:\/\/www.suno.com.br\/noticias\/#\/schema\/person\/4e19e3d2575736e5283d58eb3199d120\"},\"headline\":\"Brexit: Parlamento Europeu aprova sa\u00edda do Reino Unido da UE\",\"datePublished\":\"2020-01-29T19:28:11+00:00\",\"dateModified\":\"2020-01-29T19:31:24+00:00\",\"mainEntityOfPage\":{\"@id\":\"https:\/\/www.suno.com.br\/noticias\/brexit-parlamento-europeu-aprova-reino-unido-ue\/\"},\"wordCount\":448,\"publisher\":{\"@id\":\"https:\/\/www.suno.com.br\/noticias\/#organization\"},\"image\":{\"@id\":\"https:\/\/www.suno.com.br\/noticias\/brexit-parlamento-europeu-aprova-reino-unido-ue\/#primaryimage\"},\"thumbnailUrl\":\"https:\/\/files.sunoresearch.com.br\/n\/uploads\/2019\/08\/aa9b1f98-brexit-jpg.webp\",\"keywords\":[\"Brexit\",\"Reino Unido\",\"Uni\u00e3o Europeia\"],\"articleSection\":[\"Internacional\"],\"inLanguage\":\"pt-BR\"},{\"@type\":\"WebPage\",\"@id\":\"https:\/\/www.suno.com.br\/noticias\/brexit-parlamento-europeu-aprova-reino-unido-ue\/\",\"url\":\"https:\/\/www.suno.com.br\/noticias\/brexit-parlamento-europeu-aprova-reino-unido-ue\/\",\"name\":\"Brexit: Parlamento Europeu aprova sa\u00edda do Reino Unido da UE\",\"isPartOf\":{\"@id\":\"https:\/\/www.suno.com.br\/noticias\/#website\"},\"primaryImageOfPage\":{\"@id\":\"https:\/\/www.suno.com.br\/noticias\/brexit-parlamento-europeu-aprova-reino-unido-ue\/#primaryimage\"},\"image\":{\"@id\":\"https:\/\/www.suno.com.br\/noticias\/brexit-parlamento-europeu-aprova-reino-unido-ue\/#primaryimage\"},\"thumbnailUrl\":\"https:\/\/files.sunoresearch.com.br\/n\/uploads\/2019\/08\/aa9b1f98-brexit-jpg.webp\",\"datePublished\":\"2020-01-29T19:28:11+00:00\",\"dateModified\":\"2020-01-29T19:31:24+00:00\",\"description\":\"O Parlamento Europeu aprovou o Brexit, acordo que prev\u00ea a sa\u00edda do Reino Unido da Uni\u00e3o Europeia (UE). Clique para saber mais.\",\"breadcrumb\":{\"@id\":\"https:\/\/www.suno.com.br\/noticias\/brexit-parlamento-europeu-aprova-reino-unido-ue\/#breadcrumb\"},\"inLanguage\":\"pt-BR\",\"potentialAction\":[{\"@type\":\"ReadAction\",\"target\":[\"https:\/\/www.suno.com.br\/noticias\/brexit-parlamento-europeu-aprova-reino-unido-ue\/\"]}]},{\"@type\":\"ImageObject\",\"inLanguage\":\"pt-BR\",\"@id\":\"https:\/\/www.suno.com.br\/noticias\/brexit-parlamento-europeu-aprova-reino-unido-ue\/#primaryimage\",\"url\":\"https:\/\/files.sunoresearch.com.br\/n\/uploads\/2019\/08\/aa9b1f98-brexit-jpg.webp\",\"contentUrl\":\"https:\/\/files.sunoresearch.com.br\/n\/uploads\/2019\/08\/aa9b1f98-brexit-jpg.webp\",\"width\":1160,\"height\":773,\"caption\":\"O negociador do Reino Unido para o\u00a0Brexit declarou que as diverg\u00eancias com a UE sobre um acordo comercial continuam.\"},{\"@type\":\"BreadcrumbList\",\"@id\":\"https:\/\/www.suno.com.br\/noticias\/brexit-parlamento-europeu-aprova-reino-unido-ue\/#breadcrumb\",\"itemListElement\":[{\"@type\":\"ListItem\",\"position\":1,\"name\":\"Not\u00edcias\",\"item\":\"https:\/\/www.suno.com.br\/noticias\/\"},{\"@type\":\"ListItem\",\"position\":2,\"name\":\"Internacional\",\"item\":\"https:\/\/www.suno.com.br\/noticias\/internacional\/\"},{\"@type\":\"ListItem\",\"position\":3,\"name\":\"Brexit: Parlamento Europeu aprova sa\u00edda do Reino Unido da UE\"}]},{\"@type\":\"WebSite\",\"@id\":\"https:\/\/www.suno.com.br\/noticias\/#website\",\"url\":\"https:\/\/www.suno.com.br\/noticias\/\",\"name\":\"Suno Not\u00edcias\",\"description\":\"Seu portal de informa\u00e7\u00e3o sobre o mundo dos investimentos\",\"publisher\":{\"@id\":\"https:\/\/www.suno.com.br\/noticias\/#organization\"},\"potentialAction\":[{\"@type\":\"SearchAction\",\"target\":{\"@type\":\"EntryPoint\",\"urlTemplate\":\"https:\/\/www.suno.com.br\/noticias\/?s={search_term_string}\"},\"query-input\":{\"@type\":\"PropertyValueSpecification\",\"valueRequired\":true,\"valueName\":\"search_term_string\"}}],\"inLanguage\":\"pt-BR\"},{\"@type\":\"Organization\",\"@id\":\"https:\/\/www.suno.com.br\/noticias\/#organization\",\"name\":\"Suno Not\u00edcias\",\"url\":\"https:\/\/www.suno.com.br\/noticias\/\",\"logo\":{\"@type\":\"ImageObject\",\"inLanguage\":\"pt-BR\",\"@id\":\"https:\/\/www.suno.com.br\/noticias\/#\/schema\/logo\/image\/\",\"url\":\"https:\/\/files.sunoresearch.com.br\/n\/uploads\/2021\/09\/suno-logo.png\",\"contentUrl\":\"https:\/\/files.sunoresearch.com.br\/n\/uploads\/2021\/09\/suno-logo.png\",\"width\":180,\"height\":180,\"caption\":\"Suno Not\u00edcias\"},\"image\":{\"@id\":\"https:\/\/www.suno.com.br\/noticias\/#\/schema\/logo\/image\/\"},\"sameAs\":[\"https:\/\/facebook.com\/sunoresearch\",\"https:\/\/x.com\/sunoresearch\",\"https:\/\/www.instagram.com\/suno\",\"https:\/\/www.linkedin.com\/company\/suno-research\/\",\"https:\/\/www.youtube.com\/c\/sunoresearch\"]},{\"@type\":\"Person\",\"@id\":\"https:\/\/www.suno.com.br\/noticias\/#\/schema\/person\/4e19e3d2575736e5283d58eb3199d120\",\"name\":\"Giovanna Oliveira\",\"image\":{\"@type\":\"ImageObject\",\"inLanguage\":\"pt-BR\",\"@id\":\"https:\/\/www.suno.com.br\/noticias\/#\/schema\/person\/image\/\",\"url\":\"https:\/\/secure.gravatar.com\/avatar\/9a37b3ae208962ac568992d0ffdbc2eb?s=96&r=g\",\"contentUrl\":\"https:\/\/secure.gravatar.com\/avatar\/9a37b3ae208962ac568992d0ffdbc2eb?s=96&r=g\",\"caption\":\"Giovanna Oliveira\"},\"description\":\"Giovanna Oliveira escreve sobre economia e pol\u00edtica. Foi rep\u00f3rter do portal de jornalismo da ESPM-SP e produziu conte\u00fado para a Corinthians TV. \u00c9 estudante da ESPM.\",\"url\":\"https:\/\/www.suno.com.br\/noticias\/author\/giovanna\/\"}]}<\/script>\n<!-- \/ Yoast SEO plugin. -->","yoast_head_json":{"title":"Brexit: Parlamento Europeu aprova sa\u00edda do Reino Unido da UE","description":"O Parlamento Europeu aprovou o Brexit, acordo que prev\u00ea a sa\u00edda do Reino Unido da Uni\u00e3o Europeia (UE). Clique para saber mais.","robots":{"index":"index","follow":"follow","max-snippet":"max-snippet:-1","max-image-preview":"max-image-preview:large","max-video-preview":"max-video-preview:-1"},"canonical":"https:\/\/www.suno.com.br\/noticias\/brexit-parlamento-europeu-aprova-reino-unido-ue\/","og_locale":"pt_BR","og_type":"article","og_title":"Brexit: Parlamento Europeu aprova sa\u00edda do Reino Unido da UE","og_description":"O Parlamento Europeu aprovou o Brexit, acordo que prev\u00ea a sa\u00edda do Reino Unido da Uni\u00e3o Europeia (UE). Clique para saber mais.","og_url":"https:\/\/www.suno.com.br\/noticias\/brexit-parlamento-europeu-aprova-reino-unido-ue\/","og_site_name":"Suno Not\u00edcias","article_publisher":"https:\/\/facebook.com\/sunoresearch","og_image":[{"width":1160,"height":773,"url":"https:\/\/files.sunoresearch.com.br\/n\/uploads\/2019\/08\/aa9b1f98-brexit.jpg","type":"image\/jpeg"}],"author":"Giovanna Oliveira","twitter_card":"summary_large_image","twitter_creator":"@sunoresearch","twitter_site":"@sunoresearch","twitter_misc":{"Escrito por":"Giovanna Oliveira","Est. tempo de leitura":"2 minutos"},"schema":{"@context":"https:\/\/schema.org","@graph":[{"@type":"NewsArticle","@id":"https:\/\/www.suno.com.br\/noticias\/brexit-parlamento-europeu-aprova-reino-unido-ue\/#article","isPartOf":{"@id":"https:\/\/www.suno.com.br\/noticias\/brexit-parlamento-europeu-aprova-reino-unido-ue\/"},"author":{"name":"Giovanna Oliveira","@id":"https:\/\/www.suno.com.br\/noticias\/#\/schema\/person\/4e19e3d2575736e5283d58eb3199d120"},"headline":"Brexit: Parlamento Europeu aprova sa\u00edda do Reino Unido da UE","datePublished":"2020-01-29T19:28:11+00:00","dateModified":"2020-01-29T19:31:24+00:00","mainEntityOfPage":{"@id":"https:\/\/www.suno.com.br\/noticias\/brexit-parlamento-europeu-aprova-reino-unido-ue\/"},"wordCount":448,"publisher":{"@id":"https:\/\/www.suno.com.br\/noticias\/#organization"},"image":{"@id":"https:\/\/www.suno.com.br\/noticias\/brexit-parlamento-europeu-aprova-reino-unido-ue\/#primaryimage"},"thumbnailUrl":"https:\/\/files.sunoresearch.com.br\/n\/uploads\/2019\/08\/aa9b1f98-brexit-jpg.webp","keywords":["Brexit","Reino Unido","Uni\u00e3o Europeia"],"articleSection":["Internacional"],"inLanguage":"pt-BR"},{"@type":"WebPage","@id":"https:\/\/www.suno.com.br\/noticias\/brexit-parlamento-europeu-aprova-reino-unido-ue\/","url":"https:\/\/www.suno.com.br\/noticias\/brexit-parlamento-europeu-aprova-reino-unido-ue\/","name":"Brexit: Parlamento Europeu aprova sa\u00edda do Reino Unido da UE","isPartOf":{"@id":"https:\/\/www.suno.com.br\/noticias\/#website"},"primaryImageOfPage":{"@id":"https:\/\/www.suno.com.br\/noticias\/brexit-parlamento-europeu-aprova-reino-unido-ue\/#primaryimage"},"image":{"@id":"https:\/\/www.suno.com.br\/noticias\/brexit-parlamento-europeu-aprova-reino-unido-ue\/#primaryimage"},"thumbnailUrl":"https:\/\/files.sunoresearch.com.br\/n\/uploads\/2019\/08\/aa9b1f98-brexit-jpg.webp","datePublished":"2020-01-29T19:28:11+00:00","dateModified":"2020-01-29T19:31:24+00:00","description":"O Parlamento Europeu aprovou o Brexit, acordo que prev\u00ea a sa\u00edda do Reino Unido da Uni\u00e3o Europeia (UE). Clique para saber mais.","breadcrumb":{"@id":"https:\/\/www.suno.com.br\/noticias\/brexit-parlamento-europeu-aprova-reino-unido-ue\/#breadcrumb"},"inLanguage":"pt-BR","potentialAction":[{"@type":"ReadAction","target":["https:\/\/www.suno.com.br\/noticias\/brexit-parlamento-europeu-aprova-reino-unido-ue\/"]}]},{"@type":"ImageObject","inLanguage":"pt-BR","@id":"https:\/\/www.suno.com.br\/noticias\/brexit-parlamento-europeu-aprova-reino-unido-ue\/#primaryimage","url":"https:\/\/files.sunoresearch.com.br\/n\/uploads\/2019\/08\/aa9b1f98-brexit-jpg.webp","contentUrl":"https:\/\/files.sunoresearch.com.br\/n\/uploads\/2019\/08\/aa9b1f98-brexit-jpg.webp","width":1160,"height":773,"caption":"O negociador do Reino Unido para o\u00a0Brexit declarou que as diverg\u00eancias com a UE sobre um acordo comercial continuam."},{"@type":"BreadcrumbList","@id":"https:\/\/www.suno.com.br\/noticias\/brexit-parlamento-europeu-aprova-reino-unido-ue\/#breadcrumb","itemListElement":[{"@type":"ListItem","position":1,"name":"Not\u00edcias","item":"https:\/\/www.suno.com.br\/noticias\/"},{"@type":"ListItem","position":2,"name":"Internacional","item":"https:\/\/www.suno.com.br\/noticias\/internacional\/"},{"@type":"ListItem","position":3,"name":"Brexit: Parlamento Europeu aprova sa\u00edda do Reino Unido da UE"}]},{"@type":"WebSite","@id":"https:\/\/www.suno.com.br\/noticias\/#website","url":"https:\/\/www.suno.com.br\/noticias\/","name":"Suno Not\u00edcias","description":"Seu portal de informa\u00e7\u00e3o sobre o mundo dos investimentos","publisher":{"@id":"https:\/\/www.suno.com.br\/noticias\/#organization"},"potentialAction":[{"@type":"SearchAction","target":{"@type":"EntryPoint","urlTemplate":"https:\/\/www.suno.com.br\/noticias\/?s={search_term_string}"},"query-input":{"@type":"PropertyValueSpecification","valueRequired":true,"valueName":"search_term_string"}}],"inLanguage":"pt-BR"},{"@type":"Organization","@id":"https:\/\/www.suno.com.br\/noticias\/#organization","name":"Suno Not\u00edcias","url":"https:\/\/www.suno.com.br\/noticias\/","logo":{"@type":"ImageObject","inLanguage":"pt-BR","@id":"https:\/\/www.suno.com.br\/noticias\/#\/schema\/logo\/image\/","url":"https:\/\/files.sunoresearch.com.br\/n\/uploads\/2021\/09\/suno-logo.png","contentUrl":"https:\/\/files.sunoresearch.com.br\/n\/uploads\/2021\/09\/suno-logo.png","width":180,"height":180,"caption":"Suno Not\u00edcias"},"image":{"@id":"https:\/\/www.suno.com.br\/noticias\/#\/schema\/logo\/image\/"},"sameAs":["https:\/\/facebook.com\/sunoresearch","https:\/\/x.com\/sunoresearch","https:\/\/www.instagram.com\/suno","https:\/\/www.linkedin.com\/company\/suno-research\/","https:\/\/www.youtube.com\/c\/sunoresearch"]},{"@type":"Person","@id":"https:\/\/www.suno.com.br\/noticias\/#\/schema\/person\/4e19e3d2575736e5283d58eb3199d120","name":"Giovanna Oliveira","image":{"@type":"ImageObject","inLanguage":"pt-BR","@id":"https:\/\/www.suno.com.br\/noticias\/#\/schema\/person\/image\/","url":"https:\/\/secure.gravatar.com\/avatar\/9a37b3ae208962ac568992d0ffdbc2eb?s=96&r=g","contentUrl":"https:\/\/secure.gravatar.com\/avatar\/9a37b3ae208962ac568992d0ffdbc2eb?s=96&r=g","caption":"Giovanna Oliveira"},"description":"Giovanna Oliveira escreve sobre economia e pol\u00edtica. Foi rep\u00f3rter do portal de jornalismo da ESPM-SP e produziu conte\u00fado para a Corinthians TV. \u00c9 estudante da ESPM.","url":"https:\/\/www.suno.com.br\/noticias\/author\/giovanna\/"}]}},"default_loop_html":"<div class=\"cardsPage__listCard__boxs\"><div class=\"cardsPage__listCard__boxs__img\"><a href=\"https:\/\/www.suno.com.br\/noticias\/brexit-parlamento-europeu-aprova-reino-unido-ue\/\"><img class=\"mask\" src=\"https:\/\/www.suno.com.br\/noticias\/wp-content\/themes\/suno\/resources\/images\/spotlight\/spotlight1img\/bg-mask.png\" alt=\"Image Mask\"\/><img src=\"https:\/\/files.sunoresearch.com.br\/n\/uploads\/2019\/08\/aa9b1f98-brexit-400x200.webp\" alt=\"Brexit: Parlamento Europeu aprova sa\u00edda do Reino Unido da UE\"\/><\/a><span class=\"spotlightCategory\"><a href=\"https:\/\/www.suno.com.br\/noticias\/internacional\/\">Internacional<\/a><\/span><\/div><div class=\"cardsPage__listCard__boxs__content\"><a href=\"https:\/\/www.suno.com.br\/noticias\/brexit-parlamento-europeu-aprova-reino-unido-ue\/\"><h2 class=\"content__title\">Brexit: Parlamento Europeu aprova sa\u00edda do Reino Unido da UE<\/h2><\/a><div class=\"newsContent__article__meta\"><div class=\"newsContent__article__meta__authorBox\"><a href=\"https:\/\/www.suno.com.br\/noticias\/author\/giovanna\/\" class=\"authorBox__avatar noMobi\"><img src=\"https:\/\/files.sunoresearch.com.br\/n\/uploads\/2019\/06\/952a89ca-screenshot_20190608-171507-150x150.webp\" alt=\"Giovanna Oliveira\"><\/a><div class=\"authorBox__name\"><span>por\n\t\t\t<a href=\"https:\/\/www.suno.com.br\/noticias\/author\/giovanna\/\"><span itemprop=\"author\">Giovanna Oliveira<\/span><\/a><\/span><time datetime=\"2020-01-29T17:28:11-03:00\" itemprop=\"datePublished\">29\/01\/2020 17:28<\/time><\/div><\/div><\/div><\/div><\/div>","single_layout":"posts","amp_enabled":true,"_links":{"self":[{"href":"https:\/\/www.suno.com.br\/noticias\/wp-json\/wp\/v2\/posts\/51329"}],"collection":[{"href":"https:\/\/www.suno.com.br\/noticias\/wp-json\/wp\/v2\/posts"}],"about":[{"href":"https:\/\/www.suno.com.br\/noticias\/wp-json\/wp\/v2\/types\/post"}],"author":[{"embeddable":true,"href":"https:\/\/www.suno.com.br\/noticias\/wp-json\/wp\/v2\/users\/18"}],"replies":[{"embeddable":true,"href":"https:\/\/www.suno.com.br\/noticias\/wp-json\/wp\/v2\/comments?post=51329"}],"version-history":[{"count":0,"href":"https:\/\/www.suno.com.br\/noticias\/wp-json\/wp\/v2\/posts\/51329\/revisions"}],"wp:featuredmedia":[{"embeddable":true,"href":"https:\/\/www.suno.com.br\/noticias\/wp-json\/wp\/v2\/media\/35543"}],"wp:attachment":[{"href":"https:\/\/www.suno.com.br\/noticias\/wp-json\/wp\/v2\/media?parent=51329"}],"wp:term":[{"taxonomy":"category","embeddable":true,"href":"https:\/\/www.suno.com.br\/noticias\/wp-json\/wp\/v2\/categories?post=51329"},{"taxonomy":"post_tag","embeddable":true,"href":"https:\/\/www.suno.com.br\/noticias\/wp-json\/wp\/v2\/tags?post=51329"},{"taxonomy":"suno_strategy","embeddable":true,"href":"https:\/\/www.suno.com.br\/noticias\/wp-json\/wp\/v2\/suno_strategy?post=51329"}],"curies":[{"name":"wp","href":"https:\/\/api.w.org\/{rel}","templated":true}]}}