{"id":513127,"date":"2024-01-19T10:25:47","date_gmt":"2024-01-19T13:25:47","guid":{"rendered":"https:\/\/www.suno.com.br\/noticias\/?p=513127"},"modified":"2024-01-19T10:51:29","modified_gmt":"2024-01-19T13:51:29","slug":"petrobras-petr4-prates-abreu-e-lima-gpj","status":"publish","type":"post","link":"https:\/\/www.suno.com.br\/noticias\/petrobras-petr4-prates-abreu-e-lima-gpj\/","title":{"rendered":"Petrobras (PETR4): obra em refinaria vai custar at\u00e9 R$ 8 bilh\u00f5es, diz Prates"},"content":{"rendered":"<p>O presidente da <strong>Petrobras <\/strong>(<a href=\"https:\/\/statusinvest.com.br\/acoes\/petr4\">PETR4<\/a>), Jean Paul Prates, disse nesta quinta-feira (18), em cerim\u00f4nia que marcou o lan\u00e7amento do projeto de amplia\u00e7\u00e3o da Refinaria Abreu e Lima, na regi\u00e3o metropolitana do Recife (PE), que a obra vai consumir entre R$ 6 bilh\u00f5es e R$ 8 bilh\u00f5es em investimentos da estatal.<\/p>\t<div class=\"wrapper-featured-image\">\n\t\t<figure class=\"spotlightImg\">\n\n\t\t\t<picture>\n\t\t\t\t<source media=\"(max-width: 768px)\" srcset=\"https:\/\/files.sunoresearch.com.br\/n\/uploads\/2023\/04\/edificio-sede-da-Petrobras-Edise-400x200.jpg\">\n\t\t\t\t<img loading=\"lazy\" decoding=\"async\" class=\"newsContent__article__imgCapa lazyloadDisabled \" src=\"https:\/\/files.sunoresearch.com.br\/n\/uploads\/2023\/04\/edificio-sede-da-Petrobras-Edise-800x450.jpg\" width=\"800\" height=\"450\" alt=\"Petrobras (PETR4): obra em refinaria vai custar at\u00e9 R$ 8 bilh\u00f5es, diz Prates\" fetchpriority=high \/>\n\t\t\t<\/picture>\n\n\t\t\t<figcaption class=\"wp-caption-text wp-caption-text--show\">Petrobras (PETR4) - Foto: Ag\u00eancia Petrobras<\/figcaption>\n\t\t<\/figure>\n\t<\/div>\n\n\n\n\n\n\n\n\t<p>\n\t\t<a href=\"\" target=\"_blank\" data-element=\"shortcode-suno-banner\" title=\"Banner SUNO, clique e saiba mais\">\n\t\t\t<picture>\n\t\t\t\t<source media=\"(max-width: 500px)\" srcset=\"\">\n\t\t\t\t<img class=\"newsContent__article__imgCapa newsContent__article__imgCapa--banner\"\n\t\t\t\t\tsrc=\"\"\n\t\t\t\t\tdata-promo-id=\"254218\"\t\t\t\t\t\t\t\t\t\t\t\t\t\t\talt=\"\"\n\t\t\t\t>\n\t\t\t<\/picture>\n\t\t<\/a>\n\t<\/p>\n\n\n\n\n\n<p><strong>Prates<\/strong> afirmou que a estimativa exata n\u00e3o pode ser revelada porque a iniciativa, que prev\u00ea o melhoramento do <strong>Trem 1<\/strong> (unidade de refino) e a constru\u00e7\u00e3o do <strong>Trem 2<\/strong> da refinaria, ainda tem processos licitat\u00f3rios em curso.<\/p>\n\n\n\n<p>O an\u00fancio da amplia\u00e7\u00e3o da <strong>refinaria Abreu e Lima<\/strong> foi feito oficialmente na quarta (17), mas os valores da obra n\u00e3o tinham sido divulgados. <\/p>\n\n\n\n<p>Prates tamb\u00e9m rebateu as cr\u00edticas de especialistas de que a Petrobras deveria continuar priorizando a explora\u00e7\u00e3o e produ\u00e7\u00e3o de petr\u00f3leo na regi\u00e3o do <strong>pr\u00e9-sal<\/strong>, em vez de destinar parte de seus investimentos para a \u00e1rea de refino. &#8220;Quem a\u00ed estiver dizendo que estamos recuperando uma refinaria que n\u00e3o tinha mais de existir, uma refinaria feia e velha, digo que essa \u00e9 a refinaria do futuro, da virada. Essa refinaria olha para o futuro.&#8221;<\/p>\n\n\n\n<p>Com o novo projeto, o objetivo \u00e9 elevar gradualmente o processamento de petr\u00f3leo cru de 100 mil barris por dia para 260 mil barris por dia at\u00e9 2028. &#8220;\u00c9 muito dinheiro, mas \u00e9 exatamente o montante que essa refinaria vai recolher em impostos federais e estaduais, majoritariamente estaduais, em seu primeiro ano de opera\u00e7\u00e3o&#8221;, afirmou.<\/p>\n\n\n\n<p>A Refinaria <strong>Abreu e Lima <\/strong>esteve no centro do esc\u00e2ndalo de corrup\u00e7\u00e3o investigado pela <strong>Opera\u00e7\u00e3o Lava Jato<\/strong>. Um dos dois conjuntos de refino tinha estimativa de custo inicial de US$ 2,5 bilh\u00f5es, mas consumiu ao fim US$ 18,5 bilh\u00f5es.<\/p>\n\n\n\n<p>A obra se arrastou por nove anos, de 2005 a 2014 &#8211; com um atraso de tr\u00eas anos para o in\u00edcio da opera\u00e7\u00e3o parcial, antes previsto para 2011. O projeto foi pensado em parceria com a estatal venezuelana PDVSA, inicialmente em um acordo firmado pelo presidente Luiz In\u00e1cio Lula da Silva, que estava em seu segundo mandato, e o regime do ent\u00e3o presidente venezuelano Hugo Ch\u00e1vez, que acabou desistindo da sociedade. Em discurso ontem durante a cerim\u00f4nia, Lula atacou a <strong>Lava Jato<\/strong>, sugerindo um compl\u00f4 contra a Petrobras.<\/p>\n\n\n\n\t<div data-element=\"shortcode-read-more\" class=\"readToo\">\n\t\t\t\t<span class=\"readToo__title\">Leia mais<\/span>\n\t\t\t\t<ul class=\"readToo__list\">\n\t\t\t<li><a href=\"https:\/\/www.suno.com.br\/noticias\/3r-petroleum-rrrp3-aumento-capital-gpj\/\">3R Petroleum (RRRP3) aprova aumento milion\u00e1rio de capital; veja valor<\/a><\/li><li><a href=\"https:\/\/www.suno.com.br\/noticias\/guido-mantega-vale3-gpj\/\">Guido Mantega na Vale (VALE3): nomea\u00e7\u00e3o recebe apoio de ministro<\/a><\/li><li><a href=\"https:\/\/www.suno.com.br\/noticias\/oi-oibr3-novo-ceo-plano-rj-gpj\/\">Oi (OIBR3) nomeia novo CEO e diz que plano de recupera\u00e7\u00e3o judicial sai ainda este m\u00eas<\/a><\/li>\t\t<\/ul>\n\t<\/div>\n\n\n\n\n<h2 class=\"wp-block-heading\">Produ\u00e7\u00e3o<\/h2>\n\n\n\n<p>De acordo com Prates, a amplia\u00e7\u00e3o da refinaria pretende viabilizar a autossufici\u00eancia em <strong>diesel<\/strong>, um dos pedidos de Lula, previsto no programa de governo do PT, e com o qual Prates se disse comprometido. Atualmente, o Pa\u00eds tem de importar 25% do produto que \u00e9 consumido internamente.<\/p>\n\n\n\n<p>De acordo com o <strong>presidente da Petrobras<\/strong>, &#8220;hoje o mais acess\u00edvel para a popula\u00e7\u00e3o ainda \u00e9 o hidrocarboneto, mas essa refinaria vai produzir hidrog\u00eanio, e-metanol, o combust\u00edvel dos navios do futuro, vai produzir diesel renov\u00e1vel 100% de origem vegetal. \u00c9 uma m\u00e1quina maravilhosa, do futuro. N\u00e3o vai ser uma lata velha do fim do <strong>petr\u00f3leo<\/strong>&#8220;.<\/p>\n\n\n\n<p>Ele disse ainda que Abreu e Lima seria hoje a refinaria mais moderna de todo o continente americano, incluindo os parques de pa\u00edses como Estados Unidos e Canad\u00e1. &#8220;A <strong>Rnest<\/strong> (Abreu e Lima) \u00e9 uma refinaria que n\u00e3o acaba junto com o petr\u00f3leo. O petr\u00f3leo pode acabar, mas a Rnest n\u00e3o acaba&#8221;, disse.<\/p>\n\n\n\t<p>\n\t\t<a href=\"https:\/\/lp.suno.com.br\/ebook-como-analisar-uma-acao\/\" target=\"_blank\" data-element=\"shortcode-suno-banner\" title=\"Banner SUNO, clique e saiba mais\">\n\t\t\t<picture>\n\t\t\t\t<source media=\"(max-width: 500px)\" srcset=\"https:\/\/files.sunoresearch.com.br\/n\/uploads\/2023\/03\/Ebook-Acoes-Mobile.jpg\">\n\t\t\t\t<img class=\"newsContent__article__imgCapa newsContent__article__imgCapa--banner\"\n\t\t\t\t\tsrc=\"https:\/\/files.sunoresearch.com.br\/n\/uploads\/2023\/03\/Ebook-Acoes-Desktop.jpg\"\n\t\t\t\t\tdata-promo-id=\"378302\"\t\t\t\t\t\t\t\t\t\twidth='1420' height='286'\t\t\t\t\talt=\"https:\/\/files.sunoresearch.com.br\/n\/uploads\/2023\/03\/Ebook-Acoes-Desktop.jpg\"\n\t\t\t\t>\n\t\t\t<\/picture>\n\t\t<\/a>\n\t<\/p>\n\n\n\n\n\n<h2 class=\"wp-block-heading\">Lula afirma que houve &#8216;mancomuna\u00e7\u00e3o&#8217; contra a Petrobras<\/h2>\n\n\n\n<p>O presidente Luiz In\u00e1cio Lula da Silva usou o evento que marcou a retomada de investimentos p\u00fablicos na refinaria Abreu e Lima para atacar a Lava Jato. Segundo o presidente, a opera\u00e7\u00e3o teria sido resultado de um compl\u00f4 entre ju\u00edzes, procuradores e o Departamento de Justi\u00e7a dos Estados Unidos contra a Petrobras.<\/p>\n\n\n\n<p>&#8220;Tudo o que aconteceu neste Pa\u00eds foi uma mancomuna\u00e7\u00e3o entre alguns ju\u00edzes e procuradores subordinados ao Departamento de Justi\u00e7a dos EUA, que nunca aceitaram o Brasil ter uma empresa como a Petrobras&#8221;, disse ele, acrescentando que a verdadeira hist\u00f3ria &#8220;ainda ser\u00e1 contada&#8221;.<\/p>\n\n\n\n<p>A refinaria Abreu e Lima esteve no centro das investiga\u00e7\u00f5es de corrup\u00e7\u00e3o conduzidas pela Lava Jato. Lula pediu para que o presidente da <strong>Petrobras<\/strong>, Jean Paul Prates, recontrate os funcion\u00e1rios que foram demitidos por conta do processo da Lava Jato.<\/p>\n\n\n\n<p><em>*Com informa\u00e7\u00f5es de Estad\u00e3o Conte\u00fado<\/em><\/p>\n\n\n\t<p>\n\t\t<a href=\"https:\/\/lp.suno.com.br\/plataforma-de-controle-de-investimentos\/\" target=\"_blank\" data-element=\"shortcode-suno-banner\" title=\"Banner SUNO, clique e saiba mais\">\n\t\t\t<picture>\n\t\t\t\t<source media=\"(max-width: 500px)\" srcset=\"https:\/\/files.sunoresearch.com.br\/n\/uploads\/2023\/03\/400x300-Controle-de-Investimentos.png\">\n\t\t\t\t<img class=\"newsContent__article__imgCapa newsContent__article__imgCapa--banner\"\n\t\t\t\t\tsrc=\"https:\/\/files.sunoresearch.com.br\/n\/uploads\/2023\/03\/1420x240-Controle-de-Investimentos.png\"\n\t\t\t\t\tdata-promo-id=\"383162\"\t\t\t\t\t\t\t\t\t\twidth='1420' height='240'\t\t\t\t\talt=\"https:\/\/files.sunoresearch.com.br\/n\/uploads\/2023\/03\/1420x240-Controle-de-Investimentos.png\"\n\t\t\t\t>\n\t\t\t<\/picture>\n\t\t<\/a>\n\t<\/p>\n\n\n","protected":false},"excerpt":{"rendered":"<p>O presidente da Petrobras (PETR4), Jean Paul Prates, disse nesta quinta-feira (18), em cerim\u00f4nia que marcou o lan\u00e7amento do projeto de amplia\u00e7\u00e3o da Refinaria Abreu e Lima, na regi\u00e3o metropolitana do Recife (PE), que a obra vai consumir entre R$ 6 bilh\u00f5es e R$ 8 bilh\u00f5es em investimentos da estatal. Petrobras (PETR4) &#8211; Foto: Ag\u00eancia [&hellip;]<\/p>\n","protected":false},"author":313,"featured_media":385140,"comment_status":"closed","ping_status":"closed","sticky":false,"template":"","format":"standard","meta":[],"categories":[64],"tags":[595],"suno_strategy":[],"class_list":["post-513127","post","type-post","status-publish","format-standard","has-post-thumbnail","hentry","category-negocios","tag-petrobras-petr4"],"yoast_head":"<!-- This site is optimized with the Yoast SEO plugin v24.4 - https:\/\/yoast.com\/wordpress\/plugins\/seo\/ -->\n<title>Petrobras (PETR4): obra em refinaria vai custar at\u00e9 R$ 8 bilh\u00f5es<\/title>\n<meta name=\"description\" content=\"O an\u00fancio da amplia\u00e7\u00e3o da Abreu e Lima, da Petrobras, foi feito oficialmente na quarta, mas os valores da obra n\u00e3o tinham sido divulgados.\" \/>\n<meta name=\"robots\" content=\"index, follow, max-snippet:-1, max-image-preview:large, max-video-preview:-1\" \/>\n<link rel=\"canonical\" href=\"https:\/\/www.suno.com.br\/noticias\/petrobras-petr4-prates-abreu-e-lima-gpj\/\" \/>\n<meta property=\"og:locale\" content=\"pt_BR\" \/>\n<meta property=\"og:type\" content=\"article\" \/>\n<meta property=\"og:title\" content=\"Petrobras (PETR4): obra em refinaria vai custar at\u00e9 R$ 8 bilh\u00f5es\" \/>\n<meta property=\"og:description\" content=\"O an\u00fancio da amplia\u00e7\u00e3o da Abreu e Lima, da Petrobras, foi feito oficialmente na quarta, mas os valores da obra n\u00e3o tinham sido divulgados.\" \/>\n<meta property=\"og:url\" content=\"https:\/\/www.suno.com.br\/noticias\/petrobras-petr4-prates-abreu-e-lima-gpj\/\" \/>\n<meta property=\"og:site_name\" content=\"Suno Not\u00edcias\" \/>\n<meta property=\"article:publisher\" content=\"https:\/\/facebook.com\/sunoresearch\" \/>\n<meta property=\"og:image\" content=\"https:\/\/files.sunoresearch.com.br\/n\/uploads\/2023\/04\/edificio-sede-da-Petrobras-Edise.jpg\" \/>\n\t<meta property=\"og:image:width\" content=\"1200\" \/>\n\t<meta property=\"og:image:height\" content=\"800\" \/>\n\t<meta property=\"og:image:type\" content=\"image\/jpeg\" \/>\n<meta name=\"author\" content=\"Giovanni Porf\u00edrio Jacomino\" \/>\n<meta name=\"twitter:card\" content=\"summary_large_image\" \/>\n<meta name=\"twitter:creator\" content=\"@sunoresearch\" \/>\n<meta name=\"twitter:site\" content=\"@sunoresearch\" \/>\n<meta name=\"twitter:label1\" content=\"Escrito por\" \/>\n\t<meta name=\"twitter:data1\" content=\"Giovanni Porf\u00edrio Jacomino\" \/>\n\t<meta name=\"twitter:label2\" content=\"Est. tempo de leitura\" \/>\n\t<meta name=\"twitter:data2\" content=\"4 minutos\" \/>\n<script type=\"application\/ld+json\" class=\"yoast-schema-graph\">{\"@context\":\"https:\/\/schema.org\",\"@graph\":[{\"@type\":\"NewsArticle\",\"@id\":\"https:\/\/www.suno.com.br\/noticias\/petrobras-petr4-prates-abreu-e-lima-gpj\/#article\",\"isPartOf\":{\"@id\":\"https:\/\/www.suno.com.br\/noticias\/petrobras-petr4-prates-abreu-e-lima-gpj\/\"},\"author\":{\"name\":\"Giovanni Porf\u00edrio Jacomino\",\"@id\":\"https:\/\/www.suno.com.br\/noticias\/#\/schema\/person\/d0f32748bbca4bee871fa191ee4e2d40\"},\"headline\":\"Petrobras (PETR4): obra em refinaria vai custar at\u00e9 R$ 8 bilh\u00f5es, diz Prates\",\"datePublished\":\"2024-01-19T13:25:47+00:00\",\"dateModified\":\"2024-01-19T13:51:29+00:00\",\"mainEntityOfPage\":{\"@id\":\"https:\/\/www.suno.com.br\/noticias\/petrobras-petr4-prates-abreu-e-lima-gpj\/\"},\"wordCount\":735,\"publisher\":{\"@id\":\"https:\/\/www.suno.com.br\/noticias\/#organization\"},\"image\":{\"@id\":\"https:\/\/www.suno.com.br\/noticias\/petrobras-petr4-prates-abreu-e-lima-gpj\/#primaryimage\"},\"thumbnailUrl\":\"https:\/\/files.sunoresearch.com.br\/n\/uploads\/2023\/04\/edificio-sede-da-Petrobras-Edise.jpg\",\"keywords\":[\"Petrobras (PETR4)\"],\"articleSection\":[\"Neg\u00f3cios\"],\"inLanguage\":\"pt-BR\"},{\"@type\":\"WebPage\",\"@id\":\"https:\/\/www.suno.com.br\/noticias\/petrobras-petr4-prates-abreu-e-lima-gpj\/\",\"url\":\"https:\/\/www.suno.com.br\/noticias\/petrobras-petr4-prates-abreu-e-lima-gpj\/\",\"name\":\"Petrobras (PETR4): obra em refinaria vai custar at\u00e9 R$ 8 bilh\u00f5es\",\"isPartOf\":{\"@id\":\"https:\/\/www.suno.com.br\/noticias\/#website\"},\"primaryImageOfPage\":{\"@id\":\"https:\/\/www.suno.com.br\/noticias\/petrobras-petr4-prates-abreu-e-lima-gpj\/#primaryimage\"},\"image\":{\"@id\":\"https:\/\/www.suno.com.br\/noticias\/petrobras-petr4-prates-abreu-e-lima-gpj\/#primaryimage\"},\"thumbnailUrl\":\"https:\/\/files.sunoresearch.com.br\/n\/uploads\/2023\/04\/edificio-sede-da-Petrobras-Edise.jpg\",\"datePublished\":\"2024-01-19T13:25:47+00:00\",\"dateModified\":\"2024-01-19T13:51:29+00:00\",\"description\":\"O an\u00fancio da amplia\u00e7\u00e3o da Abreu e Lima, da Petrobras, foi feito oficialmente na quarta, mas os valores da obra n\u00e3o tinham sido divulgados.\",\"breadcrumb\":{\"@id\":\"https:\/\/www.suno.com.br\/noticias\/petrobras-petr4-prates-abreu-e-lima-gpj\/#breadcrumb\"},\"inLanguage\":\"pt-BR\",\"potentialAction\":[{\"@type\":\"ReadAction\",\"target\":[\"https:\/\/www.suno.com.br\/noticias\/petrobras-petr4-prates-abreu-e-lima-gpj\/\"]}]},{\"@type\":\"ImageObject\",\"inLanguage\":\"pt-BR\",\"@id\":\"https:\/\/www.suno.com.br\/noticias\/petrobras-petr4-prates-abreu-e-lima-gpj\/#primaryimage\",\"url\":\"https:\/\/files.sunoresearch.com.br\/n\/uploads\/2023\/04\/edificio-sede-da-Petrobras-Edise.jpg\",\"contentUrl\":\"https:\/\/files.sunoresearch.com.br\/n\/uploads\/2023\/04\/edificio-sede-da-Petrobras-Edise.jpg\",\"width\":1200,\"height\":800,\"caption\":\"Petrobras (PETR4) - Foto: Ag\u00eancia Petrobras\"},{\"@type\":\"BreadcrumbList\",\"@id\":\"https:\/\/www.suno.com.br\/noticias\/petrobras-petr4-prates-abreu-e-lima-gpj\/#breadcrumb\",\"itemListElement\":[{\"@type\":\"ListItem\",\"position\":1,\"name\":\"Not\u00edcias\",\"item\":\"https:\/\/www.suno.com.br\/noticias\/\"},{\"@type\":\"ListItem\",\"position\":2,\"name\":\"Neg\u00f3cios\",\"item\":\"https:\/\/www.suno.com.br\/noticias\/negocios\/\"},{\"@type\":\"ListItem\",\"position\":3,\"name\":\"Petrobras (PETR4): obra em refinaria vai custar at\u00e9 R$ 8 bilh\u00f5es, diz Prates\"}]},{\"@type\":\"WebSite\",\"@id\":\"https:\/\/www.suno.com.br\/noticias\/#website\",\"url\":\"https:\/\/www.suno.com.br\/noticias\/\",\"name\":\"Suno Not\u00edcias\",\"description\":\"Seu portal de informa\u00e7\u00e3o sobre o mundo dos investimentos\",\"publisher\":{\"@id\":\"https:\/\/www.suno.com.br\/noticias\/#organization\"},\"potentialAction\":[{\"@type\":\"SearchAction\",\"target\":{\"@type\":\"EntryPoint\",\"urlTemplate\":\"https:\/\/www.suno.com.br\/noticias\/?s={search_term_string}\"},\"query-input\":{\"@type\":\"PropertyValueSpecification\",\"valueRequired\":true,\"valueName\":\"search_term_string\"}}],\"inLanguage\":\"pt-BR\"},{\"@type\":\"Organization\",\"@id\":\"https:\/\/www.suno.com.br\/noticias\/#organization\",\"name\":\"Suno Not\u00edcias\",\"url\":\"https:\/\/www.suno.com.br\/noticias\/\",\"logo\":{\"@type\":\"ImageObject\",\"inLanguage\":\"pt-BR\",\"@id\":\"https:\/\/www.suno.com.br\/noticias\/#\/schema\/logo\/image\/\",\"url\":\"https:\/\/files.sunoresearch.com.br\/n\/uploads\/2021\/09\/suno-logo.png\",\"contentUrl\":\"https:\/\/files.sunoresearch.com.br\/n\/uploads\/2021\/09\/suno-logo.png\",\"width\":180,\"height\":180,\"caption\":\"Suno Not\u00edcias\"},\"image\":{\"@id\":\"https:\/\/www.suno.com.br\/noticias\/#\/schema\/logo\/image\/\"},\"sameAs\":[\"https:\/\/facebook.com\/sunoresearch\",\"https:\/\/x.com\/sunoresearch\",\"https:\/\/www.instagram.com\/suno\",\"https:\/\/www.linkedin.com\/company\/suno-research\/\",\"https:\/\/www.youtube.com\/c\/sunoresearch\"]},{\"@type\":\"Person\",\"@id\":\"https:\/\/www.suno.com.br\/noticias\/#\/schema\/person\/d0f32748bbca4bee871fa191ee4e2d40\",\"name\":\"Giovanni Porf\u00edrio Jacomino\",\"image\":{\"@type\":\"ImageObject\",\"inLanguage\":\"pt-BR\",\"@id\":\"https:\/\/www.suno.com.br\/noticias\/#\/schema\/person\/image\/\",\"url\":\"https:\/\/secure.gravatar.com\/avatar\/efb32e19b730a121cb7a80f41ffec01a?s=96&r=g\",\"contentUrl\":\"https:\/\/secure.gravatar.com\/avatar\/efb32e19b730a121cb7a80f41ffec01a?s=96&r=g\",\"caption\":\"Giovanni Porf\u00edrio Jacomino\"},\"description\":\"Giovanni Porf\u00edrio Jacomino \u00e9 jornalista formado pela Universidade Estadual de Londrina (UEL) e p\u00f3s-graduado em Produ\u00e7\u00e3o e Pr\u00e1ticas Jornal\u00edsticas na Contemporaneidade na Faculdade C\u00e1sper L\u00edbero (FCL). Foi editor web no Startupi e no Finsiders, atuando ainda como editor no TC Mover, portal de not\u00edcias da TradersClub, fazendo a cobertura de assuntos relacionados ao mercado financeiro interno e externo. Atualmente, \u00e9 Rep\u00f3rter do Suno Not\u00edcias.\",\"url\":\"https:\/\/www.suno.com.br\/noticias\/author\/giovanni-porfiriosuno-com-br\/\"}]}<\/script>\n<!-- \/ Yoast SEO plugin. -->","yoast_head_json":{"title":"Petrobras (PETR4): obra em refinaria vai custar at\u00e9 R$ 8 bilh\u00f5es","description":"O an\u00fancio da amplia\u00e7\u00e3o da Abreu e Lima, da Petrobras, foi feito oficialmente na quarta, mas os valores da obra n\u00e3o tinham sido divulgados.","robots":{"index":"index","follow":"follow","max-snippet":"max-snippet:-1","max-image-preview":"max-image-preview:large","max-video-preview":"max-video-preview:-1"},"canonical":"https:\/\/www.suno.com.br\/noticias\/petrobras-petr4-prates-abreu-e-lima-gpj\/","og_locale":"pt_BR","og_type":"article","og_title":"Petrobras (PETR4): obra em refinaria vai custar at\u00e9 R$ 8 bilh\u00f5es","og_description":"O an\u00fancio da amplia\u00e7\u00e3o da Abreu e Lima, da Petrobras, foi feito oficialmente na quarta, mas os valores da obra n\u00e3o tinham sido divulgados.","og_url":"https:\/\/www.suno.com.br\/noticias\/petrobras-petr4-prates-abreu-e-lima-gpj\/","og_site_name":"Suno Not\u00edcias","article_publisher":"https:\/\/facebook.com\/sunoresearch","og_image":[{"width":1200,"height":800,"url":"https:\/\/files.sunoresearch.com.br\/n\/uploads\/2023\/04\/edificio-sede-da-Petrobras-Edise.jpg","type":"image\/jpeg"}],"author":"Giovanni Porf\u00edrio Jacomino","twitter_card":"summary_large_image","twitter_creator":"@sunoresearch","twitter_site":"@sunoresearch","twitter_misc":{"Escrito por":"Giovanni Porf\u00edrio Jacomino","Est. tempo de leitura":"4 minutos"},"schema":{"@context":"https:\/\/schema.org","@graph":[{"@type":"NewsArticle","@id":"https:\/\/www.suno.com.br\/noticias\/petrobras-petr4-prates-abreu-e-lima-gpj\/#article","isPartOf":{"@id":"https:\/\/www.suno.com.br\/noticias\/petrobras-petr4-prates-abreu-e-lima-gpj\/"},"author":{"name":"Giovanni Porf\u00edrio Jacomino","@id":"https:\/\/www.suno.com.br\/noticias\/#\/schema\/person\/d0f32748bbca4bee871fa191ee4e2d40"},"headline":"Petrobras (PETR4): obra em refinaria vai custar at\u00e9 R$ 8 bilh\u00f5es, diz Prates","datePublished":"2024-01-19T13:25:47+00:00","dateModified":"2024-01-19T13:51:29+00:00","mainEntityOfPage":{"@id":"https:\/\/www.suno.com.br\/noticias\/petrobras-petr4-prates-abreu-e-lima-gpj\/"},"wordCount":735,"publisher":{"@id":"https:\/\/www.suno.com.br\/noticias\/#organization"},"image":{"@id":"https:\/\/www.suno.com.br\/noticias\/petrobras-petr4-prates-abreu-e-lima-gpj\/#primaryimage"},"thumbnailUrl":"https:\/\/files.sunoresearch.com.br\/n\/uploads\/2023\/04\/edificio-sede-da-Petrobras-Edise.jpg","keywords":["Petrobras (PETR4)"],"articleSection":["Neg\u00f3cios"],"inLanguage":"pt-BR"},{"@type":"WebPage","@id":"https:\/\/www.suno.com.br\/noticias\/petrobras-petr4-prates-abreu-e-lima-gpj\/","url":"https:\/\/www.suno.com.br\/noticias\/petrobras-petr4-prates-abreu-e-lima-gpj\/","name":"Petrobras (PETR4): obra em refinaria vai custar at\u00e9 R$ 8 bilh\u00f5es","isPartOf":{"@id":"https:\/\/www.suno.com.br\/noticias\/#website"},"primaryImageOfPage":{"@id":"https:\/\/www.suno.com.br\/noticias\/petrobras-petr4-prates-abreu-e-lima-gpj\/#primaryimage"},"image":{"@id":"https:\/\/www.suno.com.br\/noticias\/petrobras-petr4-prates-abreu-e-lima-gpj\/#primaryimage"},"thumbnailUrl":"https:\/\/files.sunoresearch.com.br\/n\/uploads\/2023\/04\/edificio-sede-da-Petrobras-Edise.jpg","datePublished":"2024-01-19T13:25:47+00:00","dateModified":"2024-01-19T13:51:29+00:00","description":"O an\u00fancio da amplia\u00e7\u00e3o da Abreu e Lima, da Petrobras, foi feito oficialmente na quarta, mas os valores da obra n\u00e3o tinham sido divulgados.","breadcrumb":{"@id":"https:\/\/www.suno.com.br\/noticias\/petrobras-petr4-prates-abreu-e-lima-gpj\/#breadcrumb"},"inLanguage":"pt-BR","potentialAction":[{"@type":"ReadAction","target":["https:\/\/www.suno.com.br\/noticias\/petrobras-petr4-prates-abreu-e-lima-gpj\/"]}]},{"@type":"ImageObject","inLanguage":"pt-BR","@id":"https:\/\/www.suno.com.br\/noticias\/petrobras-petr4-prates-abreu-e-lima-gpj\/#primaryimage","url":"https:\/\/files.sunoresearch.com.br\/n\/uploads\/2023\/04\/edificio-sede-da-Petrobras-Edise.jpg","contentUrl":"https:\/\/files.sunoresearch.com.br\/n\/uploads\/2023\/04\/edificio-sede-da-Petrobras-Edise.jpg","width":1200,"height":800,"caption":"Petrobras (PETR4) - Foto: Ag\u00eancia Petrobras"},{"@type":"BreadcrumbList","@id":"https:\/\/www.suno.com.br\/noticias\/petrobras-petr4-prates-abreu-e-lima-gpj\/#breadcrumb","itemListElement":[{"@type":"ListItem","position":1,"name":"Not\u00edcias","item":"https:\/\/www.suno.com.br\/noticias\/"},{"@type":"ListItem","position":2,"name":"Neg\u00f3cios","item":"https:\/\/www.suno.com.br\/noticias\/negocios\/"},{"@type":"ListItem","position":3,"name":"Petrobras (PETR4): obra em refinaria vai custar at\u00e9 R$ 8 bilh\u00f5es, diz Prates"}]},{"@type":"WebSite","@id":"https:\/\/www.suno.com.br\/noticias\/#website","url":"https:\/\/www.suno.com.br\/noticias\/","name":"Suno Not\u00edcias","description":"Seu portal de informa\u00e7\u00e3o sobre o mundo dos investimentos","publisher":{"@id":"https:\/\/www.suno.com.br\/noticias\/#organization"},"potentialAction":[{"@type":"SearchAction","target":{"@type":"EntryPoint","urlTemplate":"https:\/\/www.suno.com.br\/noticias\/?s={search_term_string}"},"query-input":{"@type":"PropertyValueSpecification","valueRequired":true,"valueName":"search_term_string"}}],"inLanguage":"pt-BR"},{"@type":"Organization","@id":"https:\/\/www.suno.com.br\/noticias\/#organization","name":"Suno Not\u00edcias","url":"https:\/\/www.suno.com.br\/noticias\/","logo":{"@type":"ImageObject","inLanguage":"pt-BR","@id":"https:\/\/www.suno.com.br\/noticias\/#\/schema\/logo\/image\/","url":"https:\/\/files.sunoresearch.com.br\/n\/uploads\/2021\/09\/suno-logo.png","contentUrl":"https:\/\/files.sunoresearch.com.br\/n\/uploads\/2021\/09\/suno-logo.png","width":180,"height":180,"caption":"Suno Not\u00edcias"},"image":{"@id":"https:\/\/www.suno.com.br\/noticias\/#\/schema\/logo\/image\/"},"sameAs":["https:\/\/facebook.com\/sunoresearch","https:\/\/x.com\/sunoresearch","https:\/\/www.instagram.com\/suno","https:\/\/www.linkedin.com\/company\/suno-research\/","https:\/\/www.youtube.com\/c\/sunoresearch"]},{"@type":"Person","@id":"https:\/\/www.suno.com.br\/noticias\/#\/schema\/person\/d0f32748bbca4bee871fa191ee4e2d40","name":"Giovanni Porf\u00edrio Jacomino","image":{"@type":"ImageObject","inLanguage":"pt-BR","@id":"https:\/\/www.suno.com.br\/noticias\/#\/schema\/person\/image\/","url":"https:\/\/secure.gravatar.com\/avatar\/efb32e19b730a121cb7a80f41ffec01a?s=96&r=g","contentUrl":"https:\/\/secure.gravatar.com\/avatar\/efb32e19b730a121cb7a80f41ffec01a?s=96&r=g","caption":"Giovanni Porf\u00edrio Jacomino"},"description":"Giovanni Porf\u00edrio Jacomino \u00e9 jornalista formado pela Universidade Estadual de Londrina (UEL) e p\u00f3s-graduado em Produ\u00e7\u00e3o e Pr\u00e1ticas Jornal\u00edsticas na Contemporaneidade na Faculdade C\u00e1sper L\u00edbero (FCL). Foi editor web no Startupi e no Finsiders, atuando ainda como editor no TC Mover, portal de not\u00edcias da TradersClub, fazendo a cobertura de assuntos relacionados ao mercado financeiro interno e externo. Atualmente, \u00e9 Rep\u00f3rter do Suno Not\u00edcias.","url":"https:\/\/www.suno.com.br\/noticias\/author\/giovanni-porfiriosuno-com-br\/"}]}},"default_loop_html":"<div class=\"cardsPage__listCard__boxs\"><div class=\"cardsPage__listCard__boxs__img\"><a href=\"https:\/\/www.suno.com.br\/noticias\/petrobras-petr4-prates-abreu-e-lima-gpj\/\"><img class=\"mask\" src=\"https:\/\/www.suno.com.br\/noticias\/wp-content\/themes\/suno\/resources\/images\/spotlight\/spotlight1img\/bg-mask.png\" alt=\"Image Mask\"\/><img src=\"https:\/\/files.sunoresearch.com.br\/n\/uploads\/2023\/04\/edificio-sede-da-Petrobras-Edise-400x200.jpg\" alt=\"Petrobras (PETR4): obra em refinaria vai custar at\u00e9 R$ 8 bilh\u00f5es, diz Prates\"\/><\/a><span class=\"spotlightCategory\"><a href=\"https:\/\/www.suno.com.br\/noticias\/negocios\/\">Neg\u00f3cios<\/a><\/span><\/div><div class=\"cardsPage__listCard__boxs__content\"><a href=\"https:\/\/www.suno.com.br\/noticias\/petrobras-petr4-prates-abreu-e-lima-gpj\/\"><h2 class=\"content__title\">Petrobras (PETR4): obra em refinaria vai custar at\u00e9 R$ 8 bilh\u00f5es, diz Prates<\/h2><\/a><div class=\"newsContent__article__meta\"><div class=\"newsContent__article__meta__authorBox\"><a href=\"https:\/\/www.suno.com.br\/noticias\/author\/giovanni-porfiriosuno-com-br\/\" class=\"authorBox__avatar noMobi\"><img src=\"https:\/\/files.sunoresearch.com.br\/n\/uploads\/2024\/05\/DSCF4115-1-1-150x150.webp\" alt=\"Giovanni Porf\u00edrio Jacomino\"><\/a><div class=\"authorBox__name\"><span>por\n\t\t\t<a href=\"https:\/\/www.suno.com.br\/noticias\/author\/giovanni-porfiriosuno-com-br\/\"><span itemprop=\"author\">Giovanni Porf\u00edrio Jacomino<\/span><\/a><\/span><time datetime=\"2024-01-19T10:25:47-03:00\" itemprop=\"datePublished\">19\/01\/2024 10:25<\/time><\/div><\/div><\/div><\/div><\/div>","single_layout":"posts","amp_enabled":true,"_links":{"self":[{"href":"https:\/\/www.suno.com.br\/noticias\/wp-json\/wp\/v2\/posts\/513127"}],"collection":[{"href":"https:\/\/www.suno.com.br\/noticias\/wp-json\/wp\/v2\/posts"}],"about":[{"href":"https:\/\/www.suno.com.br\/noticias\/wp-json\/wp\/v2\/types\/post"}],"author":[{"embeddable":true,"href":"https:\/\/www.suno.com.br\/noticias\/wp-json\/wp\/v2\/users\/313"}],"replies":[{"embeddable":true,"href":"https:\/\/www.suno.com.br\/noticias\/wp-json\/wp\/v2\/comments?post=513127"}],"version-history":[{"count":2,"href":"https:\/\/www.suno.com.br\/noticias\/wp-json\/wp\/v2\/posts\/513127\/revisions"}],"predecessor-version":[{"id":513198,"href":"https:\/\/www.suno.com.br\/noticias\/wp-json\/wp\/v2\/posts\/513127\/revisions\/513198"}],"wp:featuredmedia":[{"embeddable":true,"href":"https:\/\/www.suno.com.br\/noticias\/wp-json\/wp\/v2\/media\/385140"}],"wp:attachment":[{"href":"https:\/\/www.suno.com.br\/noticias\/wp-json\/wp\/v2\/media?parent=513127"}],"wp:term":[{"taxonomy":"category","embeddable":true,"href":"https:\/\/www.suno.com.br\/noticias\/wp-json\/wp\/v2\/categories?post=513127"},{"taxonomy":"post_tag","embeddable":true,"href":"https:\/\/www.suno.com.br\/noticias\/wp-json\/wp\/v2\/tags?post=513127"},{"taxonomy":"suno_strategy","embeddable":true,"href":"https:\/\/www.suno.com.br\/noticias\/wp-json\/wp\/v2\/suno_strategy?post=513127"}],"curies":[{"name":"wp","href":"https:\/\/api.w.org\/{rel}","templated":true}]}}