{"id":513122,"date":"2024-01-19T09:38:44","date_gmt":"2024-01-19T12:38:44","guid":{"rendered":"https:\/\/www.suno.com.br\/noticias\/?p=513122"},"modified":"2024-01-19T09:38:51","modified_gmt":"2024-01-19T12:38:51","slug":"guido-mantega-vale3-gpj","status":"publish","type":"post","link":"https:\/\/www.suno.com.br\/noticias\/guido-mantega-vale3-gpj\/","title":{"rendered":"Guido Mantega na Vale (VALE3): nomea\u00e7\u00e3o recebe apoio de ministro"},"content":{"rendered":"<p>Em coment\u00e1rio durante o <a href=\"https:\/\/www.suno.com.br\/artigos\/forum-economico-mundial\/\">F\u00f3rum Econ\u00f4mico Mundial<\/a> em Davos, na Su\u00ed\u00e7a, o ministro de Minas e Energia (MME), Alexandre Silveira, defendeu as qualifica\u00e7\u00f5es de <strong>Guido Mantega<\/strong> para comandar a Vale (<a href=\"https:\/\/statusinvest.com.br\/acoes\/vale3\">VALE3<\/a>), dizendo que o ex-ministro da Fazenda \u00e9 o &#8220;mais longevo&#8221; da hist\u00f3ria do Brasil e &#8220;algu\u00e9m extremamente preparado&#8221;.<\/p>\t<div class=\"wrapper-featured-image\">\n\t\t<figure class=\"spotlightImg\">\n\n\t\t\t<picture>\n\t\t\t\t<source media=\"(max-width: 768px)\" srcset=\"https:\/\/files.sunoresearch.com.br\/n\/uploads\/2022\/01\/Guido-Mantega-400x200.jpg\">\n\t\t\t\t<img loading=\"lazy\" decoding=\"async\" class=\"newsContent__article__imgCapa lazyloadDisabled \" src=\"https:\/\/files.sunoresearch.com.br\/n\/uploads\/2022\/01\/Guido-Mantega-800x450.jpg\" width=\"800\" height=\"450\" alt=\"Guido Mantega na Vale (VALE3): nomea\u00e7\u00e3o recebe apoio de ministro\" fetchpriority=high \/>\n\t\t\t<\/picture>\n\n\t\t\t<figcaption class=\"wp-caption-text wp-caption-text--show\">Guido Mantega. Foto: Fabio Rodrigues Pozzebom\/Ag\u00eancia Brasil<\/figcaption>\n\t\t<\/figure>\n\t<\/div>\n\n\n\n\n\n\n\n\t<p>\n\t\t<a href=\"\" target=\"_blank\" data-element=\"shortcode-suno-banner\" title=\"Banner SUNO, clique e saiba mais\">\n\t\t\t<picture>\n\t\t\t\t<source media=\"(max-width: 500px)\" srcset=\"\">\n\t\t\t\t<img class=\"newsContent__article__imgCapa newsContent__article__imgCapa--banner\"\n\t\t\t\t\tsrc=\"\"\n\t\t\t\t\tdata-promo-id=\"250706\"\t\t\t\t\t\t\t\t\t\t\t\t\t\t\talt=\"\"\n\t\t\t\t>\n\t\t\t<\/picture>\n\t\t<\/a>\n\t<\/p>\n\n\n\n\n\n<p>No entanto, Silveira n\u00e3o quis comentar sobre as movimenta\u00e7\u00f5es do governo Lula (PT) para emplacar o nome do <strong>ex-ministro da Fazenda<\/strong> na mineradora, afirmando que s\u00f3 haver\u00e1 posi\u00e7\u00e3o quando for definido o processo de sucess\u00e3o de <strong>Eduardo Bartolomeo<\/strong> na empresa, no fim de janeiro.<\/p>\n\n\n\n<p>&#8220;\u00c9 claro que n\u00e3o \u00e9 poss\u00edvel ningu\u00e9m fazer nenhuma imposi\u00e7\u00e3o \u00e0\u00a0<strong>Vale<\/strong>. Agora, \u00e9 um direito do governo sentar como acionista, mesmo minorit\u00e1rio, para discutir qual a melhor estrat\u00e9gia, a estrat\u00e9gia convergente entre o interesse do acionista e o interesse do pa\u00eds&#8221;, pontuou o ministro do MME.<\/p>\n\n\n\n<p>Aliados do presidente Lula articulam entre os <strong>acionistas da Vale<\/strong> a indica\u00e7\u00e3o de <strong>Mantega<\/strong> para a presid\u00eancia da mineradora. Uma op\u00e7\u00e3o seria o ex-ministro ocupar antes um dos dois assentos que a <strong>Previ<\/strong>, fundo de pens\u00e3o dos funcion\u00e1rios do <strong>Banco do Brasil <\/strong>(BBAS3) tem entre os 13 conselho de diretores.<\/p>\n\n\n\t<div data-element=\"shortcode-read-more\" class=\"knowMore\">\n\t\t\t\t<span class=\"knowMore__title\">Leia mais<\/span>\n\t\t\t\t<a class=\"knowMore__link\" href=\"https:\/\/www.suno.com.br\/noticias\/guido-mantega-conselho-vale-gpj\/\">\n\t\t\tGuido Mantega na Vale (VALE3)? Governo trabalha para colocar ex-ministro no conselho, diz jornal\t\t<\/a>\n\t<\/div>\n\n\n\n\n<p>Em <strong>Davos<\/strong>, <strong>Alexandre Silveira<\/strong> criticou ainda a manuten\u00e7\u00e3o que a empresa faz das barreiras nas \u00e1reas de minera\u00e7\u00e3o. Sem dar maiores detalhes, disse que o governo vai examinar todas as concess\u00f5es de direitos miner\u00e1rios no pa\u00eds, sem descartar revis\u00f5es.<\/p>\n\n\n\n<p>Apesar do elogio \u00e0 Mantega, Silveira afirmou que a indica\u00e7\u00e3o do <strong>ex-ministro da Fazenda<\/strong> de 2006 a 2014 \u00e9 apenas uma especula\u00e7\u00e3o. &#8220;O ministro de Minas e Energia est\u00e1 dialogando com a Vale sobre a sua participa\u00e7\u00e3o, tanto dos nomes no Conselho quanto dos nomes que participar\u00e3o da Diretoria Executiva&#8221;, disse.<\/p>\n\n\n\n<p>O <strong>ministro de Minas e Energia<\/strong> lembrou tamb\u00e9m que, pelo fato de a Vale se tratar de uma &#8220;corporation&#8221; &#8211; ou seja, empresa com controle privado, sem acionistas com mais de 10% de participa\u00e7\u00e3o &#8211; o governo \u00e9 impedido de fazer qualquer imposi\u00e7\u00e3o.<\/p>\n\n\n\t<p>\n\t\t<a href=\"https:\/\/lp.suno.com.br\/ebook-como-analisar-uma-acao\/\" target=\"_blank\" data-element=\"shortcode-suno-banner\" title=\"Banner SUNO, clique e saiba mais\">\n\t\t\t<picture>\n\t\t\t\t<source media=\"(max-width: 500px)\" srcset=\"https:\/\/files.sunoresearch.com.br\/n\/uploads\/2023\/03\/Ebook-Acoes-Mobile.jpg\">\n\t\t\t\t<img class=\"newsContent__article__imgCapa newsContent__article__imgCapa--banner\"\n\t\t\t\t\tsrc=\"https:\/\/files.sunoresearch.com.br\/n\/uploads\/2023\/03\/Ebook-Acoes-Desktop.jpg\"\n\t\t\t\t\tdata-promo-id=\"378302\"\t\t\t\t\t\t\t\t\t\twidth='1420' height='286'\t\t\t\t\talt=\"https:\/\/files.sunoresearch.com.br\/n\/uploads\/2023\/03\/Ebook-Acoes-Desktop.jpg\"\n\t\t\t\t>\n\t\t\t<\/picture>\n\t\t<\/a>\n\t<\/p>\n\n\n\n\n\n<h2 class=\"wp-block-heading\">Desempenho ruim no in\u00edcio do ano? Vale (VALE3) \u00e9 a preferida do BBA, que projeta recupera\u00e7\u00e3o e mais de 20% de alta nas a\u00e7\u00f5es<\/h2>\n\n\n\n<p>Na semana passada, analistas do Ita\u00fa BBA, em seu novo parecer sobre as&nbsp;<strong>a\u00e7\u00f5es da<\/strong>&nbsp;<strong>Vale<\/strong>, reiteraram que enxergam a companhia como sua predileta dentre o segmento de siderurgia e minera\u00e7\u00e3o \u2013 apesar de a companhia apresentar desempenho negativo no Ibovespa em 2024, com queda de 7%.<\/p>\n\n\n\n<p>O relat\u00f3rio se deu ap\u00f3s uma revis\u00e3o de modelo do\u00a0<strong>BBA<\/strong>. A casa manteve o pre\u00e7o-alvo dos <strong>pap\u00e9is da Vale<\/strong>\u00a0em R$ 88 \u2013 o que implicaria em uma alta de 22% nos pap\u00e9is\u00a0<strong><a href=\"https:\/\/statusinvest.com.br\/acoes\/vale3?__hstc=189907700.674549737edc6c0d35b513e71653f5fb.1705313334628.1705659091975.1705663284937.20&amp;__hssc=189907700.17.1705663284937&amp;__hsfp=2131422129\" target=\"_blank\" rel=\"noreferrer noopener\">VALE3<\/a><\/strong>, dada a cota\u00e7\u00e3o atual.<\/p>\n\n\n\n<p>Contudo, para as ADRs da companhia, o pre\u00e7o-alvo foi cortado de US$ 19 para US$ 18.<\/p>\n\n\n\n<p>\u201cAtualizamos nosso modelo para incorporar o novo guidance da Vale para investimentos, volumes e custos e nossas mais recentes premissas macroecon\u00f4micas e de&nbsp;<a target=\"_blank\" href=\"https:\/\/www.suno.com.br\/artigos\/custo-de-capital\/\" rel=\"noreferrer noopener\">custo de capital<\/a>, al\u00e9m da curva de pre\u00e7os de min\u00e9rio de ferro\u201d, justifica Daniel Sasson.<\/p>\n\n\n\n<p>Os especialistas destacam que o mercado de\u00a0<strong>min\u00e9rio de ferro<\/strong>\u00a0deve seguir relativamente apertado no\u00a0<a href=\"https:\/\/www.suno.com.br\/artigos\/curto-prazo\/\" target=\"_blank\" rel=\"noreferrer noopener\">curto prazo<\/a>.<\/p>\n\n\n\n<p>\u201cOs <strong>pre\u00e7os do min\u00e9rio de ferro <\/strong>t\u00eam oscilado em cerca de US$ 130 a 140 por tonelada nas \u00faltimas semanas, apoiado pelas expectativas de aumento no consumo de a\u00e7o e demanda na China ap\u00f3s o an\u00fancio de dois pacotes de est\u00edmulo no pa\u00eds\u201d.<\/p>\n\n\n\n<p>O BBA ressalta que, juntos, os dois pacotes dever\u00e3o totalizar cerca de 2 trilh\u00f5es de yuans (ou cerca de US$ 280 bilh\u00f5es), o que poderia compensar uma recupera\u00e7\u00e3o lenta do mercado.<\/p>\n\n\n\n<p>\u201cEm suma, prevemos uma din\u00e2mica de\u00a0<a href=\"https:\/\/www.suno.com.br\/artigos\/oferta-demanda\/\" target=\"_blank\" rel=\"noreferrer noopener\">oferta e demanda<\/a>\u00a0um tanto restrita para a ind\u00fastria de <strong>min\u00e9rio<\/strong> de ferro entrando em 2024, com produ\u00e7\u00e3o sazonalmente mais fraca no 1T24 e produ\u00e7\u00e3o de a\u00e7o ainda resiliente na China\u201d conclui a casa sobre as a\u00e7\u00f5es da Vale, que pode ter o ex-ministro\u00a0<strong>Guido Mantega<\/strong>\u00a0como conselheiro.<\/p>\n\n\n\t<p>\n\t\t<a href=\"https:\/\/lp.suno.com.br\/plataforma-de-controle-de-investimentos\/\" target=\"_blank\" data-element=\"shortcode-suno-banner\" title=\"Banner SUNO, clique e saiba mais\">\n\t\t\t<picture>\n\t\t\t\t<source media=\"(max-width: 500px)\" srcset=\"https:\/\/files.sunoresearch.com.br\/n\/uploads\/2023\/03\/400x300-Controle-de-Investimentos.png\">\n\t\t\t\t<img class=\"newsContent__article__imgCapa newsContent__article__imgCapa--banner\"\n\t\t\t\t\tsrc=\"https:\/\/files.sunoresearch.com.br\/n\/uploads\/2023\/03\/1420x240-Controle-de-Investimentos.png\"\n\t\t\t\t\tdata-promo-id=\"383162\"\t\t\t\t\t\t\t\t\t\twidth='1420' height='240'\t\t\t\t\talt=\"https:\/\/files.sunoresearch.com.br\/n\/uploads\/2023\/03\/1420x240-Controle-de-Investimentos.png\"\n\t\t\t\t>\n\t\t\t<\/picture>\n\t\t<\/a>\n\t<\/p>\n\n\n","protected":false},"excerpt":{"rendered":"<p>Em coment\u00e1rio durante o F\u00f3rum Econ\u00f4mico Mundial em Davos, na Su\u00ed\u00e7a, o ministro de Minas e Energia (MME), Alexandre Silveira, defendeu as qualifica\u00e7\u00f5es de Guido Mantega para comandar a Vale (VALE3), dizendo que o ex-ministro da Fazenda \u00e9 o &#8220;mais longevo&#8221; da hist\u00f3ria do Brasil e &#8220;algu\u00e9m extremamente preparado&#8221;. Guido Mantega. Foto: Fabio Rodrigues Pozzebom\/Ag\u00eancia [&hellip;]<\/p>\n","protected":false},"author":313,"featured_media":218841,"comment_status":"closed","ping_status":"closed","sticky":false,"template":"","format":"standard","meta":[],"categories":[64],"tags":[676],"suno_strategy":[],"class_list":["post-513122","post","type-post","status-publish","format-standard","has-post-thumbnail","hentry","category-negocios","tag-vale-vale3"],"yoast_head":"<!-- This site is optimized with the Yoast SEO plugin v24.4 - https:\/\/yoast.com\/wordpress\/plugins\/seo\/ -->\n<title>Guido Mantega na Vale (VALE3): nomea\u00e7\u00e3o recebe apoio de ministro<\/title>\n<meta name=\"description\" content=\"Para ministro, Guido Mantega \u00e9 o &quot;mais longevo&quot; da hist\u00f3ria do Brasil e &quot;algu\u00e9m extremamente preparado&quot; para comendar a Vale.\" \/>\n<meta name=\"robots\" content=\"index, follow, max-snippet:-1, max-image-preview:large, max-video-preview:-1\" \/>\n<link rel=\"canonical\" href=\"https:\/\/www.suno.com.br\/noticias\/guido-mantega-vale3-gpj\/\" \/>\n<meta property=\"og:locale\" content=\"pt_BR\" \/>\n<meta property=\"og:type\" content=\"article\" \/>\n<meta property=\"og:title\" content=\"Guido Mantega na Vale (VALE3): nomea\u00e7\u00e3o recebe apoio de ministro\" \/>\n<meta property=\"og:description\" content=\"Para ministro, Guido Mantega \u00e9 o &quot;mais longevo&quot; da hist\u00f3ria do Brasil e &quot;algu\u00e9m extremamente preparado&quot; para comendar a Vale.\" \/>\n<meta property=\"og:url\" content=\"https:\/\/www.suno.com.br\/noticias\/guido-mantega-vale3-gpj\/\" \/>\n<meta property=\"og:site_name\" content=\"Suno Not\u00edcias\" \/>\n<meta property=\"article:publisher\" content=\"https:\/\/facebook.com\/sunoresearch\" \/>\n<meta property=\"og:image\" content=\"https:\/\/files.sunoresearch.com.br\/n\/uploads\/2022\/01\/Guido-Mantega-scaled.jpg\" \/>\n\t<meta property=\"og:image:width\" content=\"2560\" \/>\n\t<meta property=\"og:image:height\" content=\"1704\" \/>\n\t<meta property=\"og:image:type\" content=\"image\/jpeg\" \/>\n<meta name=\"author\" content=\"Giovanni Porf\u00edrio Jacomino\" \/>\n<meta name=\"twitter:card\" content=\"summary_large_image\" \/>\n<meta name=\"twitter:creator\" content=\"@sunoresearch\" \/>\n<meta name=\"twitter:site\" content=\"@sunoresearch\" \/>\n<meta name=\"twitter:label1\" content=\"Escrito por\" \/>\n\t<meta name=\"twitter:data1\" content=\"Giovanni Porf\u00edrio Jacomino\" \/>\n\t<meta name=\"twitter:label2\" content=\"Est. tempo de leitura\" \/>\n\t<meta name=\"twitter:data2\" content=\"4 minutos\" \/>\n<script type=\"application\/ld+json\" class=\"yoast-schema-graph\">{\"@context\":\"https:\/\/schema.org\",\"@graph\":[{\"@type\":\"NewsArticle\",\"@id\":\"https:\/\/www.suno.com.br\/noticias\/guido-mantega-vale3-gpj\/#article\",\"isPartOf\":{\"@id\":\"https:\/\/www.suno.com.br\/noticias\/guido-mantega-vale3-gpj\/\"},\"author\":{\"name\":\"Giovanni Porf\u00edrio Jacomino\",\"@id\":\"https:\/\/www.suno.com.br\/noticias\/#\/schema\/person\/d0f32748bbca4bee871fa191ee4e2d40\"},\"headline\":\"Guido Mantega na Vale (VALE3): nomea\u00e7\u00e3o recebe apoio de ministro\",\"datePublished\":\"2024-01-19T12:38:44+00:00\",\"dateModified\":\"2024-01-19T12:38:51+00:00\",\"mainEntityOfPage\":{\"@id\":\"https:\/\/www.suno.com.br\/noticias\/guido-mantega-vale3-gpj\/\"},\"wordCount\":702,\"publisher\":{\"@id\":\"https:\/\/www.suno.com.br\/noticias\/#organization\"},\"image\":{\"@id\":\"https:\/\/www.suno.com.br\/noticias\/guido-mantega-vale3-gpj\/#primaryimage\"},\"thumbnailUrl\":\"https:\/\/files.sunoresearch.com.br\/n\/uploads\/2022\/01\/Guido-Mantega-scaled.jpg\",\"keywords\":[\"Vale (VALE3)\"],\"articleSection\":[\"Neg\u00f3cios\"],\"inLanguage\":\"pt-BR\"},{\"@type\":\"WebPage\",\"@id\":\"https:\/\/www.suno.com.br\/noticias\/guido-mantega-vale3-gpj\/\",\"url\":\"https:\/\/www.suno.com.br\/noticias\/guido-mantega-vale3-gpj\/\",\"name\":\"Guido Mantega na Vale (VALE3): nomea\u00e7\u00e3o recebe apoio de ministro\",\"isPartOf\":{\"@id\":\"https:\/\/www.suno.com.br\/noticias\/#website\"},\"primaryImageOfPage\":{\"@id\":\"https:\/\/www.suno.com.br\/noticias\/guido-mantega-vale3-gpj\/#primaryimage\"},\"image\":{\"@id\":\"https:\/\/www.suno.com.br\/noticias\/guido-mantega-vale3-gpj\/#primaryimage\"},\"thumbnailUrl\":\"https:\/\/files.sunoresearch.com.br\/n\/uploads\/2022\/01\/Guido-Mantega-scaled.jpg\",\"datePublished\":\"2024-01-19T12:38:44+00:00\",\"dateModified\":\"2024-01-19T12:38:51+00:00\",\"description\":\"Para ministro, Guido Mantega \u00e9 o \\\"mais longevo\\\" da hist\u00f3ria do Brasil e \\\"algu\u00e9m extremamente preparado\\\" para comendar a Vale.\",\"breadcrumb\":{\"@id\":\"https:\/\/www.suno.com.br\/noticias\/guido-mantega-vale3-gpj\/#breadcrumb\"},\"inLanguage\":\"pt-BR\",\"potentialAction\":[{\"@type\":\"ReadAction\",\"target\":[\"https:\/\/www.suno.com.br\/noticias\/guido-mantega-vale3-gpj\/\"]}]},{\"@type\":\"ImageObject\",\"inLanguage\":\"pt-BR\",\"@id\":\"https:\/\/www.suno.com.br\/noticias\/guido-mantega-vale3-gpj\/#primaryimage\",\"url\":\"https:\/\/files.sunoresearch.com.br\/n\/uploads\/2022\/01\/Guido-Mantega-scaled.jpg\",\"contentUrl\":\"https:\/\/files.sunoresearch.com.br\/n\/uploads\/2022\/01\/Guido-Mantega-scaled.jpg\",\"width\":2560,\"height\":1704,\"caption\":\"Guido Mantega. Foto: Fabio Rodrigues Pozzebom\/Ag\u00eancia Brasil\"},{\"@type\":\"BreadcrumbList\",\"@id\":\"https:\/\/www.suno.com.br\/noticias\/guido-mantega-vale3-gpj\/#breadcrumb\",\"itemListElement\":[{\"@type\":\"ListItem\",\"position\":1,\"name\":\"Not\u00edcias\",\"item\":\"https:\/\/www.suno.com.br\/noticias\/\"},{\"@type\":\"ListItem\",\"position\":2,\"name\":\"Neg\u00f3cios\",\"item\":\"https:\/\/www.suno.com.br\/noticias\/negocios\/\"},{\"@type\":\"ListItem\",\"position\":3,\"name\":\"Guido Mantega na Vale (VALE3): nomea\u00e7\u00e3o recebe apoio de ministro\"}]},{\"@type\":\"WebSite\",\"@id\":\"https:\/\/www.suno.com.br\/noticias\/#website\",\"url\":\"https:\/\/www.suno.com.br\/noticias\/\",\"name\":\"Suno Not\u00edcias\",\"description\":\"Seu portal de informa\u00e7\u00e3o sobre o mundo dos investimentos\",\"publisher\":{\"@id\":\"https:\/\/www.suno.com.br\/noticias\/#organization\"},\"potentialAction\":[{\"@type\":\"SearchAction\",\"target\":{\"@type\":\"EntryPoint\",\"urlTemplate\":\"https:\/\/www.suno.com.br\/noticias\/?s={search_term_string}\"},\"query-input\":{\"@type\":\"PropertyValueSpecification\",\"valueRequired\":true,\"valueName\":\"search_term_string\"}}],\"inLanguage\":\"pt-BR\"},{\"@type\":\"Organization\",\"@id\":\"https:\/\/www.suno.com.br\/noticias\/#organization\",\"name\":\"Suno Not\u00edcias\",\"url\":\"https:\/\/www.suno.com.br\/noticias\/\",\"logo\":{\"@type\":\"ImageObject\",\"inLanguage\":\"pt-BR\",\"@id\":\"https:\/\/www.suno.com.br\/noticias\/#\/schema\/logo\/image\/\",\"url\":\"https:\/\/files.sunoresearch.com.br\/n\/uploads\/2021\/09\/suno-logo.png\",\"contentUrl\":\"https:\/\/files.sunoresearch.com.br\/n\/uploads\/2021\/09\/suno-logo.png\",\"width\":180,\"height\":180,\"caption\":\"Suno Not\u00edcias\"},\"image\":{\"@id\":\"https:\/\/www.suno.com.br\/noticias\/#\/schema\/logo\/image\/\"},\"sameAs\":[\"https:\/\/facebook.com\/sunoresearch\",\"https:\/\/x.com\/sunoresearch\",\"https:\/\/www.instagram.com\/suno\",\"https:\/\/www.linkedin.com\/company\/suno-research\/\",\"https:\/\/www.youtube.com\/c\/sunoresearch\"]},{\"@type\":\"Person\",\"@id\":\"https:\/\/www.suno.com.br\/noticias\/#\/schema\/person\/d0f32748bbca4bee871fa191ee4e2d40\",\"name\":\"Giovanni Porf\u00edrio Jacomino\",\"image\":{\"@type\":\"ImageObject\",\"inLanguage\":\"pt-BR\",\"@id\":\"https:\/\/www.suno.com.br\/noticias\/#\/schema\/person\/image\/\",\"url\":\"https:\/\/secure.gravatar.com\/avatar\/efb32e19b730a121cb7a80f41ffec01a?s=96&r=g\",\"contentUrl\":\"https:\/\/secure.gravatar.com\/avatar\/efb32e19b730a121cb7a80f41ffec01a?s=96&r=g\",\"caption\":\"Giovanni Porf\u00edrio Jacomino\"},\"description\":\"Giovanni Porf\u00edrio Jacomino \u00e9 jornalista formado pela Universidade Estadual de Londrina (UEL) e p\u00f3s-graduado em Produ\u00e7\u00e3o e Pr\u00e1ticas Jornal\u00edsticas na Contemporaneidade na Faculdade C\u00e1sper L\u00edbero (FCL). Foi editor web no Startupi e no Finsiders, atuando ainda como editor no TC Mover, portal de not\u00edcias da TradersClub, fazendo a cobertura de assuntos relacionados ao mercado financeiro interno e externo. Atualmente, \u00e9 Rep\u00f3rter do Suno Not\u00edcias.\",\"url\":\"https:\/\/www.suno.com.br\/noticias\/author\/giovanni-porfiriosuno-com-br\/\"}]}<\/script>\n<!-- \/ Yoast SEO plugin. -->","yoast_head_json":{"title":"Guido Mantega na Vale (VALE3): nomea\u00e7\u00e3o recebe apoio de ministro","description":"Para ministro, Guido Mantega \u00e9 o \"mais longevo\" da hist\u00f3ria do Brasil e \"algu\u00e9m extremamente preparado\" para comendar a Vale.","robots":{"index":"index","follow":"follow","max-snippet":"max-snippet:-1","max-image-preview":"max-image-preview:large","max-video-preview":"max-video-preview:-1"},"canonical":"https:\/\/www.suno.com.br\/noticias\/guido-mantega-vale3-gpj\/","og_locale":"pt_BR","og_type":"article","og_title":"Guido Mantega na Vale (VALE3): nomea\u00e7\u00e3o recebe apoio de ministro","og_description":"Para ministro, Guido Mantega \u00e9 o \"mais longevo\" da hist\u00f3ria do Brasil e \"algu\u00e9m extremamente preparado\" para comendar a Vale.","og_url":"https:\/\/www.suno.com.br\/noticias\/guido-mantega-vale3-gpj\/","og_site_name":"Suno Not\u00edcias","article_publisher":"https:\/\/facebook.com\/sunoresearch","og_image":[{"width":2560,"height":1704,"url":"https:\/\/files.sunoresearch.com.br\/n\/uploads\/2022\/01\/Guido-Mantega-scaled.jpg","type":"image\/jpeg"}],"author":"Giovanni Porf\u00edrio Jacomino","twitter_card":"summary_large_image","twitter_creator":"@sunoresearch","twitter_site":"@sunoresearch","twitter_misc":{"Escrito por":"Giovanni Porf\u00edrio Jacomino","Est. tempo de leitura":"4 minutos"},"schema":{"@context":"https:\/\/schema.org","@graph":[{"@type":"NewsArticle","@id":"https:\/\/www.suno.com.br\/noticias\/guido-mantega-vale3-gpj\/#article","isPartOf":{"@id":"https:\/\/www.suno.com.br\/noticias\/guido-mantega-vale3-gpj\/"},"author":{"name":"Giovanni Porf\u00edrio Jacomino","@id":"https:\/\/www.suno.com.br\/noticias\/#\/schema\/person\/d0f32748bbca4bee871fa191ee4e2d40"},"headline":"Guido Mantega na Vale (VALE3): nomea\u00e7\u00e3o recebe apoio de ministro","datePublished":"2024-01-19T12:38:44+00:00","dateModified":"2024-01-19T12:38:51+00:00","mainEntityOfPage":{"@id":"https:\/\/www.suno.com.br\/noticias\/guido-mantega-vale3-gpj\/"},"wordCount":702,"publisher":{"@id":"https:\/\/www.suno.com.br\/noticias\/#organization"},"image":{"@id":"https:\/\/www.suno.com.br\/noticias\/guido-mantega-vale3-gpj\/#primaryimage"},"thumbnailUrl":"https:\/\/files.sunoresearch.com.br\/n\/uploads\/2022\/01\/Guido-Mantega-scaled.jpg","keywords":["Vale (VALE3)"],"articleSection":["Neg\u00f3cios"],"inLanguage":"pt-BR"},{"@type":"WebPage","@id":"https:\/\/www.suno.com.br\/noticias\/guido-mantega-vale3-gpj\/","url":"https:\/\/www.suno.com.br\/noticias\/guido-mantega-vale3-gpj\/","name":"Guido Mantega na Vale (VALE3): nomea\u00e7\u00e3o recebe apoio de ministro","isPartOf":{"@id":"https:\/\/www.suno.com.br\/noticias\/#website"},"primaryImageOfPage":{"@id":"https:\/\/www.suno.com.br\/noticias\/guido-mantega-vale3-gpj\/#primaryimage"},"image":{"@id":"https:\/\/www.suno.com.br\/noticias\/guido-mantega-vale3-gpj\/#primaryimage"},"thumbnailUrl":"https:\/\/files.sunoresearch.com.br\/n\/uploads\/2022\/01\/Guido-Mantega-scaled.jpg","datePublished":"2024-01-19T12:38:44+00:00","dateModified":"2024-01-19T12:38:51+00:00","description":"Para ministro, Guido Mantega \u00e9 o \"mais longevo\" da hist\u00f3ria do Brasil e \"algu\u00e9m extremamente preparado\" para comendar a Vale.","breadcrumb":{"@id":"https:\/\/www.suno.com.br\/noticias\/guido-mantega-vale3-gpj\/#breadcrumb"},"inLanguage":"pt-BR","potentialAction":[{"@type":"ReadAction","target":["https:\/\/www.suno.com.br\/noticias\/guido-mantega-vale3-gpj\/"]}]},{"@type":"ImageObject","inLanguage":"pt-BR","@id":"https:\/\/www.suno.com.br\/noticias\/guido-mantega-vale3-gpj\/#primaryimage","url":"https:\/\/files.sunoresearch.com.br\/n\/uploads\/2022\/01\/Guido-Mantega-scaled.jpg","contentUrl":"https:\/\/files.sunoresearch.com.br\/n\/uploads\/2022\/01\/Guido-Mantega-scaled.jpg","width":2560,"height":1704,"caption":"Guido Mantega. Foto: Fabio Rodrigues Pozzebom\/Ag\u00eancia Brasil"},{"@type":"BreadcrumbList","@id":"https:\/\/www.suno.com.br\/noticias\/guido-mantega-vale3-gpj\/#breadcrumb","itemListElement":[{"@type":"ListItem","position":1,"name":"Not\u00edcias","item":"https:\/\/www.suno.com.br\/noticias\/"},{"@type":"ListItem","position":2,"name":"Neg\u00f3cios","item":"https:\/\/www.suno.com.br\/noticias\/negocios\/"},{"@type":"ListItem","position":3,"name":"Guido Mantega na Vale (VALE3): nomea\u00e7\u00e3o recebe apoio de ministro"}]},{"@type":"WebSite","@id":"https:\/\/www.suno.com.br\/noticias\/#website","url":"https:\/\/www.suno.com.br\/noticias\/","name":"Suno Not\u00edcias","description":"Seu portal de informa\u00e7\u00e3o sobre o mundo dos investimentos","publisher":{"@id":"https:\/\/www.suno.com.br\/noticias\/#organization"},"potentialAction":[{"@type":"SearchAction","target":{"@type":"EntryPoint","urlTemplate":"https:\/\/www.suno.com.br\/noticias\/?s={search_term_string}"},"query-input":{"@type":"PropertyValueSpecification","valueRequired":true,"valueName":"search_term_string"}}],"inLanguage":"pt-BR"},{"@type":"Organization","@id":"https:\/\/www.suno.com.br\/noticias\/#organization","name":"Suno Not\u00edcias","url":"https:\/\/www.suno.com.br\/noticias\/","logo":{"@type":"ImageObject","inLanguage":"pt-BR","@id":"https:\/\/www.suno.com.br\/noticias\/#\/schema\/logo\/image\/","url":"https:\/\/files.sunoresearch.com.br\/n\/uploads\/2021\/09\/suno-logo.png","contentUrl":"https:\/\/files.sunoresearch.com.br\/n\/uploads\/2021\/09\/suno-logo.png","width":180,"height":180,"caption":"Suno Not\u00edcias"},"image":{"@id":"https:\/\/www.suno.com.br\/noticias\/#\/schema\/logo\/image\/"},"sameAs":["https:\/\/facebook.com\/sunoresearch","https:\/\/x.com\/sunoresearch","https:\/\/www.instagram.com\/suno","https:\/\/www.linkedin.com\/company\/suno-research\/","https:\/\/www.youtube.com\/c\/sunoresearch"]},{"@type":"Person","@id":"https:\/\/www.suno.com.br\/noticias\/#\/schema\/person\/d0f32748bbca4bee871fa191ee4e2d40","name":"Giovanni Porf\u00edrio Jacomino","image":{"@type":"ImageObject","inLanguage":"pt-BR","@id":"https:\/\/www.suno.com.br\/noticias\/#\/schema\/person\/image\/","url":"https:\/\/secure.gravatar.com\/avatar\/efb32e19b730a121cb7a80f41ffec01a?s=96&r=g","contentUrl":"https:\/\/secure.gravatar.com\/avatar\/efb32e19b730a121cb7a80f41ffec01a?s=96&r=g","caption":"Giovanni Porf\u00edrio Jacomino"},"description":"Giovanni Porf\u00edrio Jacomino \u00e9 jornalista formado pela Universidade Estadual de Londrina (UEL) e p\u00f3s-graduado em Produ\u00e7\u00e3o e Pr\u00e1ticas Jornal\u00edsticas na Contemporaneidade na Faculdade C\u00e1sper L\u00edbero (FCL). Foi editor web no Startupi e no Finsiders, atuando ainda como editor no TC Mover, portal de not\u00edcias da TradersClub, fazendo a cobertura de assuntos relacionados ao mercado financeiro interno e externo. Atualmente, \u00e9 Rep\u00f3rter do Suno Not\u00edcias.","url":"https:\/\/www.suno.com.br\/noticias\/author\/giovanni-porfiriosuno-com-br\/"}]}},"default_loop_html":"<div class=\"cardsPage__listCard__boxs\"><div class=\"cardsPage__listCard__boxs__img\"><a href=\"https:\/\/www.suno.com.br\/noticias\/guido-mantega-vale3-gpj\/\"><img class=\"mask\" src=\"https:\/\/www.suno.com.br\/noticias\/wp-content\/themes\/suno\/resources\/images\/spotlight\/spotlight1img\/bg-mask.png\" alt=\"Image Mask\"\/><img src=\"https:\/\/files.sunoresearch.com.br\/n\/uploads\/2022\/01\/Guido-Mantega-400x200.jpg\" alt=\"Guido Mantega na Vale (VALE3): nomea\u00e7\u00e3o recebe apoio de ministro\"\/><\/a><span class=\"spotlightCategory\"><a href=\"https:\/\/www.suno.com.br\/noticias\/negocios\/\">Neg\u00f3cios<\/a><\/span><\/div><div class=\"cardsPage__listCard__boxs__content\"><a href=\"https:\/\/www.suno.com.br\/noticias\/guido-mantega-vale3-gpj\/\"><h2 class=\"content__title\">Guido Mantega na Vale (VALE3): nomea\u00e7\u00e3o recebe apoio de ministro<\/h2><\/a><div class=\"newsContent__article__meta\"><div class=\"newsContent__article__meta__authorBox\"><a href=\"https:\/\/www.suno.com.br\/noticias\/author\/giovanni-porfiriosuno-com-br\/\" class=\"authorBox__avatar noMobi\"><img src=\"https:\/\/files.sunoresearch.com.br\/n\/uploads\/2024\/05\/DSCF4115-1-1-150x150.webp\" alt=\"Giovanni Porf\u00edrio Jacomino\"><\/a><div class=\"authorBox__name\"><span>por\n\t\t\t<a href=\"https:\/\/www.suno.com.br\/noticias\/author\/giovanni-porfiriosuno-com-br\/\"><span itemprop=\"author\">Giovanni Porf\u00edrio Jacomino<\/span><\/a><\/span><time datetime=\"2024-01-19T09:38:44-03:00\" itemprop=\"datePublished\">19\/01\/2024 09:38<\/time><\/div><\/div><\/div><\/div><\/div>","single_layout":"posts","amp_enabled":true,"_links":{"self":[{"href":"https:\/\/www.suno.com.br\/noticias\/wp-json\/wp\/v2\/posts\/513122"}],"collection":[{"href":"https:\/\/www.suno.com.br\/noticias\/wp-json\/wp\/v2\/posts"}],"about":[{"href":"https:\/\/www.suno.com.br\/noticias\/wp-json\/wp\/v2\/types\/post"}],"author":[{"embeddable":true,"href":"https:\/\/www.suno.com.br\/noticias\/wp-json\/wp\/v2\/users\/313"}],"replies":[{"embeddable":true,"href":"https:\/\/www.suno.com.br\/noticias\/wp-json\/wp\/v2\/comments?post=513122"}],"version-history":[{"count":2,"href":"https:\/\/www.suno.com.br\/noticias\/wp-json\/wp\/v2\/posts\/513122\/revisions"}],"predecessor-version":[{"id":513150,"href":"https:\/\/www.suno.com.br\/noticias\/wp-json\/wp\/v2\/posts\/513122\/revisions\/513150"}],"wp:featuredmedia":[{"embeddable":true,"href":"https:\/\/www.suno.com.br\/noticias\/wp-json\/wp\/v2\/media\/218841"}],"wp:attachment":[{"href":"https:\/\/www.suno.com.br\/noticias\/wp-json\/wp\/v2\/media?parent=513122"}],"wp:term":[{"taxonomy":"category","embeddable":true,"href":"https:\/\/www.suno.com.br\/noticias\/wp-json\/wp\/v2\/categories?post=513122"},{"taxonomy":"post_tag","embeddable":true,"href":"https:\/\/www.suno.com.br\/noticias\/wp-json\/wp\/v2\/tags?post=513122"},{"taxonomy":"suno_strategy","embeddable":true,"href":"https:\/\/www.suno.com.br\/noticias\/wp-json\/wp\/v2\/suno_strategy?post=513122"}],"curies":[{"name":"wp","href":"https:\/\/api.w.org\/{rel}","templated":true}]}}