{"id":513066,"date":"2024-01-19T07:54:13","date_gmt":"2024-01-19T10:54:13","guid":{"rendered":"https:\/\/www.suno.com.br\/noticias\/?p=513066"},"modified":"2024-01-19T07:54:20","modified_gmt":"2024-01-19T10:54:20","slug":"oi-oibr3-novo-ceo-plano-rj-gpj","status":"publish","type":"post","link":"https:\/\/www.suno.com.br\/noticias\/oi-oibr3-novo-ceo-plano-rj-gpj\/","title":{"rendered":"Oi (OIBR3) nomeia novo CEO e diz que plano de recupera\u00e7\u00e3o judicial sai ainda este m\u00eas"},"content":{"rendered":"<p>A <strong>Oi\u00a0<\/strong>(<a href=\"https:\/\/statusinvest.com.br\/acoes\/oibr3?__hstc=189907700.674549737edc6c0d35b513e71653f5fb.1705313334628.1705604253415.1705659091975.19&amp;__hssc=189907700.5.1705659091975&amp;__hsfp=2131422129\">OIBR3<\/a>), em recupera\u00e7\u00e3o judicial, informou em <a href=\"https:\/\/www.suno.com.br\/artigos\/fato-relevante\/\">fato relevante<\/a> nesta quinta-feira (18) que, em virtude do encerramento do mandato de dois anos do diretor-presidente Rodrigo Modesto de Abreu no fim de janeiro, o executivo e o <a href=\"https:\/\/www.suno.com.br\/artigos\/conselho-administracao\/\">conselho de administra\u00e7\u00e3o<\/a> tomaram a decis\u00e3o, em comum acordo, de n\u00e3o renovar o mandato para o pr\u00f3ximo per\u00edodo. <\/p>\t<div class=\"wrapper-featured-image\">\n\t\t<figure class=\"spotlightImg\">\n\n\t\t\t<picture>\n\t\t\t\t<source media=\"(max-width: 768px)\" srcset=\"https:\/\/files.sunoresearch.com.br\/n\/uploads\/2022\/12\/oi-oibr3-oibr4-400x200.jpg\">\n\t\t\t\t<img loading=\"lazy\" decoding=\"async\" class=\"newsContent__article__imgCapa lazyloadDisabled \" src=\"https:\/\/files.sunoresearch.com.br\/n\/uploads\/2022\/12\/oi-oibr3-oibr4-800x450.jpg\" width=\"800\" height=\"450\" alt=\"Oi (OIBR3) nomeia novo CEO e diz que plano de recupera\u00e7\u00e3o judicial sai ainda este m\u00eas\" fetchpriority=high \/>\n\t\t\t<\/picture>\n\n\t\t\t<figcaption class=\"wp-caption-text wp-caption-text--show\">Oi (OIBR3). Foto: Divulga\u00e7\u00e3o<\/figcaption>\n\t\t<\/figure>\n\t<\/div>\n\n\n\n\n\n\n\n\t<p>\n\t\t<a href=\"\" target=\"_blank\" data-element=\"shortcode-suno-banner\" title=\"Banner SUNO, clique e saiba mais\">\n\t\t\t<picture>\n\t\t\t\t<source media=\"(max-width: 500px)\" srcset=\"\">\n\t\t\t\t<img class=\"newsContent__article__imgCapa newsContent__article__imgCapa--banner\"\n\t\t\t\t\tsrc=\"\"\n\t\t\t\t\tdata-promo-id=\"250705\"\t\t\t\t\t\t\t\t\t\t\t\t\t\t\talt=\"\"\n\t\t\t\t>\n\t\t\t<\/picture>\n\t\t<\/a>\n\t<\/p>\n\n\n\n\n\n<p>Para o cargo de<strong> CEO da Oi<\/strong>, o <a href=\"https:\/\/www.suno.com.br\/artigos\/conselho-administracao\/\">conselho de administra\u00e7\u00e3o<\/a> da companhia indicou <strong>Mateus Affonso Bandeira<\/strong>, que atualmente j\u00e1 participa da administra\u00e7\u00e3o da empresa como membro independente do conselho de administra\u00e7\u00e3o, onde liderava at\u00e9 ent\u00e3o o Comit\u00ea de Gente, Nomea\u00e7\u00f5es e Governan\u00e7a.<\/p>\n\n\n\n<p>&#8220;O Sr. <strong>Mateus Bandeira<\/strong> ingressa, assim, no corpo executivo da companhia, com o objetivo de dar continuidade e foco ao processo de transforma\u00e7\u00e3o ora em curso, incluindo a finaliza\u00e7\u00e3o dos acordos necess\u00e1rios para a submiss\u00e3o do <a href=\"https:\/\/www.suno.com.br\/artigos\/plano-de-recuperacao\/\">Plano de Recupera\u00e7\u00e3o Judicial<\/a> a ser apresentado em Assembleia Geral de Credores e para que, em momento seguinte, apoie a sele\u00e7\u00e3o de um novo CEO para execu\u00e7\u00e3o e implementa\u00e7\u00e3o do referido plano no <a href=\"https:\/\/www.suno.com.br\/artigos\/longo-prazo\/\">longo prazo<\/a>&#8220;, diz a Oi.<\/p>\n\n\n\n<p>Mateus Bandeira \u00e9 tamb\u00e9m conselheiro da <a href=\"https:\/\/www.suno.com.br\/acoes\/vbbr3\/\">Vibra Energia (VBBR3)<\/a>, <a href=\"https:\/\/www.suno.com.br\/acoes\/intb3\/\">Intelbras (INTB3)<\/a> e <a href=\"https:\/\/www.suno.com.br\/acoes\/POMO4\/\">Marcopolo (POMO4)<\/a>, e j\u00e1 foi CEO da Falconi Consultoria e do <a href=\"https:\/\/www.suno.com.br\/acoes\/BRSR6\/\">Banrisul (BRSR6)<\/a>, tendo ainda desempenhado a fun\u00e7\u00e3o de Secret\u00e1rio de Estado do Governo do Rio Grande do Sul.<\/p>\n\n\n\n<h2 class=\"wp-block-heading\">Oi: plano de recupera\u00e7\u00e3o judicial sai ainda em janeiro<\/h2>\n\n\n\n<p>Ainda no comunicado, a Oi informou que o <strong>Rodrigo Abreu<\/strong> permanecer\u00e1 apoiando a companhia em seu papel de conselheiro de administra\u00e7\u00e3o. Al\u00e9m disso, por solicita\u00e7\u00e3o do conselho de administra\u00e7\u00e3o, o<strong> <\/strong>agora ex-CEO seguir\u00e1 participando ativamente das negocia\u00e7\u00f5es com credores, atualmente em andamento, para a proposta de novo <strong>plano de recupera\u00e7\u00e3o judicial da Oi<\/strong> a ser apresentado at\u00e9 o fim de janeiro e da conclus\u00e3o das discuss\u00f5es com <strong>Anatel<\/strong>, <strong>TCU<\/strong> e <strong>AGU<\/strong>, em busca de um acordo visando solucionar as pend\u00eancias da Concess\u00e3o do STFC e sua migra\u00e7\u00e3o para Autoriza\u00e7\u00e3o.<\/p>\n\n\n\n<p>\u201cNessa nova fase da Oi, al\u00e9m dos desafios imediatos de aprova\u00e7\u00e3o do novo <a href=\"https:\/\/www.suno.com.br\/artigos\/plano-de-recuperacao\/\">Plano de Recupera\u00e7\u00e3o Judicial<\/a> e conclus\u00e3o do acordo para a resolu\u00e7\u00e3o da Concess\u00e3o STFC, a Companhia manter\u00e1 o foco cr\u00edtico na redu\u00e7\u00e3o dos custos operacionais em todas as suas \u00e1reas, em particular nas \u00e1reas ligadas \u00e0s opera\u00e7\u00f5es legadas, e na acelera\u00e7\u00e3o de suas opera\u00e7\u00f5es <strong>Oi Fibra<\/strong> e <strong>Oi Solu\u00e7\u00f5es<\/strong>\u201d, finaliza.<\/p>\n\n\n\n\t<div data-element=\"shortcode-read-more\" class=\"readToo\">\n\t\t\t\t<span class=\"readToo__title\">Leia mais<\/span>\n\t\t\t\t<ul class=\"readToo__list\">\n\t\t\t<li><a href=\"https:\/\/www.suno.com.br\/noticias\/banco-do-brasil-bbas3-marca-brasileira-mais-forte-ranking\/\">Banco do Brasil (BBAS3) tem marca brasileira mais forte, segundo ranking de consultoria<\/a><\/li><li><a href=\"https:\/\/www.suno.com.br\/noticias\/cemig-cmig4-investimentos-bilhoes-2028-evm\/\">Cemig (CMIG4) prev\u00ea investimentos de R$ 35,6 bilh\u00f5es at\u00e9 2028<\/a><\/li><li><a href=\"https:\/\/www.suno.com.br\/noticias\/gerdau-ggbr4-dividendos-aumentando-btg-evm\/\">Gerdau (GGBR4) pode aumentar dividendos ap\u00f3s desinvestimentos, diz BTG<\/a><\/li>\t\t<\/ul>\n\t<\/div>\n\n\n\n\n<h2 class=\"wp-block-heading\">Oi (OIBR3): Justi\u00e7a homologa ren\u00fancia do BTG ao refinanciamento de d\u00edvidas; veja detalhes<\/h2>\n\n\n\n<p>A&nbsp;Oi informou no \u00faltimo dia 8 de janeiro que a Justi\u00e7a da 7\u00aa Vara Empresarial da Comarca da Capital do Estado do Rio de Janeiro homologou a ren\u00fancia apresentada pelo&nbsp;<a href=\"https:\/\/www.suno.com.br\/acoes\/BPAC11\/\">BTG Pactual (BPAC11)<\/a>&nbsp;ao refinanciamento de d\u00edvidas da empresa, na modalidade debtor in possession (DIP) Emergencial.<\/p>\n\n\n\n<p>Na decis\u00e3o, consta ainda o direito de exigir o pagamento da taxa de rescis\u00e3o prevista no instrumento de refinanciamento do DIP Emergencial (break-up fee), e a autoriza\u00e7\u00e3o para contrata\u00e7\u00e3o da proposta concorrente (AHG), nos termos da documenta\u00e7\u00e3o protocolada em ju\u00edzo.<\/p>\n\n\n\n<p>Segundo a Oi, a conclus\u00e3o da proposta concorrente, bem como o desembolso dos valores relativos \u00e0 liquidez adicional \u00e0 companhia ainda est\u00e3o sujeitos a determinadas condi\u00e7\u00f5es, \u201cincluindo o registro do aditamento ao contrato de&nbsp;<a href=\"https:\/\/www.suno.com.br\/artigos\/alienacao-fiduciaria\/\">aliena\u00e7\u00e3o fiduci\u00e1ria<\/a>&nbsp;de 95% das&nbsp;<strong>a\u00e7\u00f5es de emiss\u00e3o da V.Tal<\/strong>&nbsp;\u2013 Rede Neutra de Telecomunica\u00e7\u00f5es S.A detidas pelo&nbsp;<strong>grupo Oi<\/strong>&nbsp;no momento do fechamento da opera\u00e7\u00e3o\u201d, informou a tele.<\/p>\n\n\n\n<h2 class=\"wp-block-heading\">Oi (OIBR3): Justi\u00e7a concede mais 90 dias de \u2018blindagem\u2019 em recupera\u00e7\u00e3o judicial<\/h2>\n\n\n\n<p>No \u00faltimo dia 11 de dezembro, a Oi informou em comunicado que a Justi\u00e7a da 7\u00aa Vara Empresarial da Comarca da Capital do Estado do Rio de Janeiro deferiu a prorroga\u00e7\u00e3o do \u201cstay period\u201d pelo prazo de 90 dias.<\/p>\n\n\n\n<p>O<strong>&nbsp;stay period da Oi<\/strong>&nbsp;consiste na suspens\u00e3o de a\u00e7\u00f5es e execu\u00e7\u00f5es existentes contra o devedor.<\/p>\n\n\n\n<p>A decis\u00e3o \u00e9 semelhante a que j\u00e1 havia sido concedida em 13 de setembro de 2023 pela ju\u00edza Caroline Rossy Brand\u00e3o Fonseca. Na \u00e9poca, a determina\u00e7\u00e3o havia atendido em parte o requerimento da companhia de telecomunica\u00e7\u00f5es, que havia solicitado a prorroga\u00e7\u00e3o do stay period por 180 dias, dada a complexidade de sua&nbsp;<a href=\"https:\/\/www.suno.com.br\/artigos\/recuperacao-judicial\/\">recupera\u00e7\u00e3o judicial<\/a>.<\/p>\n\n\n\n<p>O&nbsp;<strong>Grupo Oi&nbsp;<\/strong>alega que a realiza\u00e7\u00e3o de eventual assembleia geral de credores exige grande planejamento de infraestrutura e log\u00edstica por parte das recuperandas.<\/p>\n\n\n\n<p>No pedido para prorroga\u00e7\u00e3o do stay period daquela ocasi\u00e3o, o Grupo Oi informou, tamb\u00e9m, que tem se empenhado em cumprir as determina\u00e7\u00f5es legais, como a apresenta\u00e7\u00e3o da rela\u00e7\u00e3o de credores e a publica\u00e7\u00e3o do edital, dando in\u00edcio ao prazo de habilita\u00e7\u00f5es e diverg\u00eancias administrativas direcionadas aos administradores judiciais.<\/p>\n\n\n\n<p>A rela\u00e7\u00e3o de credores das&nbsp;<strong>empresas do Grupo&nbsp;Oi&nbsp;<\/strong>havia alcan\u00e7ado, at\u00e9 ent\u00e3o, mais de 159,2 mil credores.<\/p>\n\n\n\t<p>\n\t\t<a href=\"https:\/\/lp.suno.com.br\/ebook-como-analisar-uma-acao\/\" target=\"_blank\" data-element=\"shortcode-suno-banner\" title=\"Banner SUNO, clique e saiba mais\">\n\t\t\t<picture>\n\t\t\t\t<source media=\"(max-width: 500px)\" srcset=\"https:\/\/files.sunoresearch.com.br\/n\/uploads\/2023\/03\/Ebook-Acoes-Mobile.jpg\">\n\t\t\t\t<img class=\"newsContent__article__imgCapa newsContent__article__imgCapa--banner\"\n\t\t\t\t\tsrc=\"https:\/\/files.sunoresearch.com.br\/n\/uploads\/2023\/03\/Ebook-Acoes-Desktop.jpg\"\n\t\t\t\t\tdata-promo-id=\"378302\"\t\t\t\t\t\t\t\t\t\twidth='1420' height='286'\t\t\t\t\talt=\"https:\/\/files.sunoresearch.com.br\/n\/uploads\/2023\/03\/Ebook-Acoes-Desktop.jpg\"\n\t\t\t\t>\n\t\t\t<\/picture>\n\t\t<\/a>\n\t<\/p>\n\n\n\n\n\n<h2 class=\"wp-block-heading\">Desempenho das a\u00e7\u00f5es da Oi<\/h2>\n\n\n\n<div class=\"pluginQuotation\">\n  <p class=\"ticker\">\n    Cota\u00e7\u00e3o <span>OIBR3<\/span>\n  <\/p>\n  <div class=\"info\">\n    <div class=\"leftSide\">\n      Gr\u00e1fico gerado em: 19\/01\/2024    <\/div>\n\t\t\t\t\t<div class=\"rightSide\">\n\t\t\t\t\t<span class=\"period\">\n\t\t\t\t\t\t1 Dia\t\t\t\t\t<\/span>\n\t\t\t<\/div>\n\t\t  <\/div>\n\n  <div id=\"chart-a8ff6c7c0f852f311515832a33e8dfcd\" data-block-hash=\"a8ff6c7c0f852f311515832a33e8dfcd\"  class=\"chart\" style=\"width:100%;height:400px;\"><\/div>\n\n  <div class=\"pluginQuotation__footer\">\n    <div class=\"dataChart\">\n\n      <div class=\"dataChart__div1 variation\">\n        <div class=\"value-negative\">\n          -1,61 (-0,01%)        <\/div>\n        <div class=\"text\">\n          Varia\u00e7\u00e3o do per\u00edodo\n        <\/div>\n      <\/div>\n\n      <div class=\"dataChart__div2 minMax\">\n        <div class=\"value\">\n          R$\u00a00,61        <\/div>\n        <div class=\"text\">\n          M\u00ednima\n        <\/div>\n      <\/div>\n\n      <div class=\"dataChart__div3 minMax\">\n        <div class=\"value\">\n          R$\u00a00,62        <\/div>\n        <div class=\"text\">\n          M\u00e1xima\n        <\/div>\n      <\/div>\n\n\t\t\t<div class=\"dataChart__div4 rightSide\">\n\t\t\t\t<div class=\"analiticaSource\">\n\t\t\t\t\t<span>\n\t\t\t\t\t\tFonte:\n\t\t\t\t\t<\/span>\n\t\t\t\t\t<img decoding=\"async\" class=\"analiticaLogo\" src=\"https:\/\/www.suno.com.br\/noticias\/wp-content\/plugins\/suno-block-ticker-quotation\/src\/suno-analitica-logo.png\" alt=\"Logo Suno Anal\u00edtica\" \/>\n\t\t\t\t<\/div>\n\n\t\t\t\t<a href=\"https:\/\/www.suno.com.br\/analitica\/acoes\/OIBR3\" target=\"_blank\">\n\t\t\t\t\t<span>\n\t\t\t\t\t\tVer mais cota\u00e7\u00f5es\n\t\t\t\t\t<\/span>\n\t\t\t\t\t<svg xmlns=\"http:\/\/www.w3.org\/2000\/svg\" width=\"9\" height=\"8\" viewBox=\"0 0 9 8\" fill=\"none\">\n\t\t\t\t\t\t<path d=\"M4.20996 0L3.50496 0.705L6.29496 3.5H0.209961V4.5H6.29496L3.50496 7.295L4.20996 8L8.20996 4L4.20996 0Z\" fill=\"#D42126\" \/>\n\t\t\t\t\t<\/svg>\n\t\t\t\t<\/a>\n    <\/div>\n\n    <\/div>\n  <\/div>\n<\/div>\n\n\n<script type=\"text\/javascript\">\n  let chart_a8ff6c7c0f852f311515832a33e8dfcd = document.getElementById('chart-a8ff6c7c0f852f311515832a33e8dfcd');\n  let data_json_a8ff6c7c0f852f311515832a33e8dfcd = \"[{\\\"date\\\":\\\"18\\\\\\\/01\\\\\\\/24 10:02\\\",\\\"value\\\":0.62},{\\\"date\\\":\\\"18\\\\\\\/01\\\\\\\/24 10:06\\\",\\\"value\\\":0.61},{\\\"date\\\":\\\"18\\\\\\\/01\\\\\\\/24 10:10\\\",\\\"value\\\":0.62},{\\\"date\\\":\\\"18\\\\\\\/01\\\\\\\/24 10:12\\\",\\\"value\\\":0.62},{\\\"date\\\":\\\"18\\\\\\\/01\\\\\\\/24 10:16\\\",\\\"value\\\":0.62},{\\\"date\\\":\\\"18\\\\\\\/01\\\\\\\/24 10:18\\\",\\\"value\\\":0.62},{\\\"date\\\":\\\"18\\\\\\\/01\\\\\\\/24 10:20\\\",\\\"value\\\":0.62},{\\\"date\\\":\\\"18\\\\\\\/01\\\\\\\/24 10:22\\\",\\\"value\\\":0.62},{\\\"date\\\":\\\"18\\\\\\\/01\\\\\\\/24 10:24\\\",\\\"value\\\":0.61},{\\\"date\\\":\\\"18\\\\\\\/01\\\\\\\/24 10:26\\\",\\\"value\\\":0.61},{\\\"date\\\":\\\"18\\\\\\\/01\\\\\\\/24 10:28\\\",\\\"value\\\":0.62},{\\\"date\\\":\\\"18\\\\\\\/01\\\\\\\/24 10:30\\\",\\\"value\\\":0.62},{\\\"date\\\":\\\"18\\\\\\\/01\\\\\\\/24 10:32\\\",\\\"value\\\":0.61},{\\\"date\\\":\\\"18\\\\\\\/01\\\\\\\/24 10:36\\\",\\\"value\\\":0.62},{\\\"date\\\":\\\"18\\\\\\\/01\\\\\\\/24 10:40\\\",\\\"value\\\":0.61},{\\\"date\\\":\\\"18\\\\\\\/01\\\\\\\/24 13:56\\\",\\\"value\\\":0.62},{\\\"date\\\":\\\"18\\\\\\\/01\\\\\\\/24 14:02\\\",\\\"value\\\":0.61},{\\\"date\\\":\\\"18\\\\\\\/01\\\\\\\/24 14:04\\\",\\\"value\\\":0.61},{\\\"date\\\":\\\"18\\\\\\\/01\\\\\\\/24 14:06\\\",\\\"value\\\":0.62},{\\\"date\\\":\\\"18\\\\\\\/01\\\\\\\/24 14:08\\\",\\\"value\\\":0.62},{\\\"date\\\":\\\"18\\\\\\\/01\\\\\\\/24 14:10\\\",\\\"value\\\":0.62},{\\\"date\\\":\\\"18\\\\\\\/01\\\\\\\/24 14:14\\\",\\\"value\\\":0.61},{\\\"date\\\":\\\"18\\\\\\\/01\\\\\\\/24 14:18\\\",\\\"value\\\":0.61},{\\\"date\\\":\\\"18\\\\\\\/01\\\\\\\/24 14:20\\\",\\\"value\\\":0.62},{\\\"date\\\":\\\"18\\\\\\\/01\\\\\\\/24 14:22\\\",\\\"value\\\":0.62},{\\\"date\\\":\\\"18\\\\\\\/01\\\\\\\/24 14:24\\\",\\\"value\\\":0.61},{\\\"date\\\":\\\"18\\\\\\\/01\\\\\\\/24 14:26\\\",\\\"value\\\":0.62},{\\\"date\\\":\\\"18\\\\\\\/01\\\\\\\/24 14:30\\\",\\\"value\\\":0.61},{\\\"date\\\":\\\"18\\\\\\\/01\\\\\\\/24 14:32\\\",\\\"value\\\":0.61},{\\\"date\\\":\\\"18\\\\\\\/01\\\\\\\/24 14:34\\\",\\\"value\\\":0.61},{\\\"date\\\":\\\"18\\\\\\\/01\\\\\\\/24 14:36\\\",\\\"value\\\":0.61},{\\\"date\\\":\\\"18\\\\\\\/01\\\\\\\/24 14:38\\\",\\\"value\\\":0.61},{\\\"date\\\":\\\"18\\\\\\\/01\\\\\\\/24 14:40\\\",\\\"value\\\":0.61},{\\\"date\\\":\\\"18\\\\\\\/01\\\\\\\/24 14:42\\\",\\\"value\\\":0.61}]\";\n  let isPositive_a8ff6c7c0f852f311515832a33e8dfcd = \"\";\n\n  let color_a8ff6c7c0f852f311515832a33e8dfcd = isPositive_a8ff6c7c0f852f311515832a33e8dfcd ? '#3AB53A' : '#D92C2D';\n\n  let data_a8ff6c7c0f852f311515832a33e8dfcd = JSON.parse(data_json_a8ff6c7c0f852f311515832a33e8dfcd);\n\n  const result_a8ff6c7c0f852f311515832a33e8dfcd = {\n    date: [],\n    value: [],\n  };\n\n  data_a8ff6c7c0f852f311515832a33e8dfcd.forEach((item) => {\n    result_a8ff6c7c0f852f311515832a33e8dfcd.date.push(item.date);\n    result_a8ff6c7c0f852f311515832a33e8dfcd.value.push(Number(item.value));\n  });\n\n  let option_a8ff6c7c0f852f311515832a33e8dfcd = {\n    \/\/ variavel de cor global\n    color: [color_a8ff6c7c0f852f311515832a33e8dfcd],\n    title: {\n      text: '',\n    },\n    tooltip: {\n      trigger: 'axis',\n      axisPointer: {\n        type: 'cross',\n        label: {\n          \/\/ cor dos valores em X e Y\n          backgroundColor: color_a8ff6c7c0f852f311515832a33e8dfcd,\n          formatter: (value) => {\n            if (typeof value.value === 'number') {\n              return Number(value.value).toLocaleString('pt-br', {\n                style: 'currency',\n                currency: 'BRL'\n              });\n            }\n            return value.value;\n          },\n        },\n      },\n      valueFormatter: (value) => Number(value).toLocaleString('pt-br', {\n        style: 'currency',\n        currency: 'BRL'\n      }),\n    },\n    legend: {\n      \/\/ data: ['Valor de Fechamento'],\n      show: false,\n    },\n    toolbox: {\n      feature: {\n        saveAsImage: {\n          show: false,\n        },\n      },\n    },\n    grid: {\n      left: '0px',\n      right: '0px',\n      bottom: '0px',\n      containLabel: true,\n    },\n    xAxis: [{\n      type: 'category',\n      data: result_a8ff6c7c0f852f311515832a33e8dfcd.date,\n      boundaryGap: true,\n    }],\n    yAxis: [{\n      type: 'value',\n      min: Math.min(...result_a8ff6c7c0f852f311515832a33e8dfcd.value),\n      max: Math.max(...result_a8ff6c7c0f852f311515832a33e8dfcd.value),\n      axisLabel: {\n        formatter: (value) => value.toLocaleString('pt-br', {\n          style: 'currency',\n          currency: 'BRL'\n        }),\n      },\n    }],\n    series: [{\n      name: 'Valor de Fechamento',\n      type: 'line',\n      stack: 'Total',\n      \/\/ cor do grafico\n      areaStyle: {},\n      emphasis: {\n        focus: 'series',\n      },\n      data: result_a8ff6c7c0f852f311515832a33e8dfcd.value,\n      \/\/ cor da linha\n      lineStyle: {\n        color: color_a8ff6c7c0f852f311515832a33e8dfcd,\n      },\n    }, ],\n  };\n\n\twindow.chart_a8ff6c7c0f852f311515832a33e8dfcd = {\n\t\tel: chart_a8ff6c7c0f852f311515832a33e8dfcd,\n\t\toption: option_a8ff6c7c0f852f311515832a33e8dfcd\t};\n\n\n<\/script>\n\n\n\t<p>\n\t\t<a href=\"https:\/\/lp.suno.com.br\/plataforma-de-controle-de-investimentos\/\" target=\"_blank\" data-element=\"shortcode-suno-banner\" title=\"Banner SUNO, clique e saiba mais\">\n\t\t\t<picture>\n\t\t\t\t<source media=\"(max-width: 500px)\" srcset=\"https:\/\/files.sunoresearch.com.br\/n\/uploads\/2023\/03\/400x300-Controle-de-Investimentos.png\">\n\t\t\t\t<img class=\"newsContent__article__imgCapa newsContent__article__imgCapa--banner\"\n\t\t\t\t\tsrc=\"https:\/\/files.sunoresearch.com.br\/n\/uploads\/2023\/03\/1420x240-Controle-de-Investimentos.png\"\n\t\t\t\t\tdata-promo-id=\"383162\"\t\t\t\t\t\t\t\t\t\twidth='1420' height='240'\t\t\t\t\talt=\"https:\/\/files.sunoresearch.com.br\/n\/uploads\/2023\/03\/1420x240-Controle-de-Investimentos.png\"\n\t\t\t\t>\n\t\t\t<\/picture>\n\t\t<\/a>\n\t<\/p>\n\n\n","protected":false},"excerpt":{"rendered":"<p>A Oi\u00a0(OIBR3), em recupera\u00e7\u00e3o judicial, informou em fato relevante nesta quinta-feira (18) que, em virtude do encerramento do mandato de dois anos do diretor-presidente Rodrigo Modesto de Abreu no fim de janeiro, o executivo e o conselho de administra\u00e7\u00e3o tomaram a decis\u00e3o, em comum acordo, de n\u00e3o renovar o mandato para o pr\u00f3ximo per\u00edodo. Oi [&hellip;]<\/p>\n","protected":false},"author":313,"featured_media":328501,"comment_status":"closed","ping_status":"closed","sticky":false,"template":"","format":"standard","meta":[],"categories":[64],"tags":[584,3544,314],"suno_strategy":[],"class_list":["post-513066","post","type-post","status-publish","format-standard","has-post-thumbnail","hentry","category-negocios","tag-oi-oibr3-oibr4","tag-oi-movel","tag-recuperacao-judicial"],"yoast_head":"<!-- This site is optimized with the Yoast SEO plugin v24.4 - https:\/\/yoast.com\/wordpress\/plugins\/seo\/ -->\n<title>Oi (OIBR3) nomeia novo CEO e diz que plano de RJ sai ainda este m\u00eas<\/title>\n<meta name=\"description\" content=\"A Oi\u00a0(OIBR3) informou que n\u00e3o renovar\u00e1 o mandato do diretor-presidente Rodrigo Modesto de Abreu para o pr\u00f3ximo per\u00edodo.\" \/>\n<meta name=\"robots\" content=\"index, follow, max-snippet:-1, max-image-preview:large, max-video-preview:-1\" \/>\n<link rel=\"canonical\" href=\"https:\/\/www.suno.com.br\/noticias\/oi-oibr3-novo-ceo-plano-rj-gpj\/\" \/>\n<meta property=\"og:locale\" content=\"pt_BR\" \/>\n<meta property=\"og:type\" content=\"article\" \/>\n<meta property=\"og:title\" content=\"Oi (OIBR3) nomeia novo CEO e diz que plano de RJ sai ainda este m\u00eas\" \/>\n<meta property=\"og:description\" content=\"A Oi\u00a0(OIBR3) informou que n\u00e3o renovar\u00e1 o mandato do diretor-presidente Rodrigo Modesto de Abreu para o pr\u00f3ximo per\u00edodo.\" \/>\n<meta property=\"og:url\" content=\"https:\/\/www.suno.com.br\/noticias\/oi-oibr3-novo-ceo-plano-rj-gpj\/\" \/>\n<meta property=\"og:site_name\" content=\"Suno Not\u00edcias\" \/>\n<meta property=\"article:publisher\" content=\"https:\/\/facebook.com\/sunoresearch\" \/>\n<meta property=\"og:image\" content=\"https:\/\/files.sunoresearch.com.br\/n\/uploads\/2022\/12\/oi-oibr3-oibr4.jpg\" \/>\n\t<meta property=\"og:image:width\" content=\"1200\" \/>\n\t<meta property=\"og:image:height\" content=\"800\" \/>\n\t<meta property=\"og:image:type\" content=\"image\/jpeg\" \/>\n<meta name=\"author\" content=\"Giovanni Porf\u00edrio Jacomino\" \/>\n<meta name=\"twitter:card\" content=\"summary_large_image\" \/>\n<meta name=\"twitter:creator\" content=\"@sunoresearch\" \/>\n<meta name=\"twitter:site\" content=\"@sunoresearch\" \/>\n<meta name=\"twitter:label1\" content=\"Escrito por\" \/>\n\t<meta name=\"twitter:data1\" content=\"Giovanni Porf\u00edrio Jacomino\" \/>\n\t<meta name=\"twitter:label2\" content=\"Est. tempo de leitura\" \/>\n\t<meta name=\"twitter:data2\" content=\"5 minutos\" \/>\n<script type=\"application\/ld+json\" class=\"yoast-schema-graph\">{\"@context\":\"https:\/\/schema.org\",\"@graph\":[{\"@type\":\"NewsArticle\",\"@id\":\"https:\/\/www.suno.com.br\/noticias\/oi-oibr3-novo-ceo-plano-rj-gpj\/#article\",\"isPartOf\":{\"@id\":\"https:\/\/www.suno.com.br\/noticias\/oi-oibr3-novo-ceo-plano-rj-gpj\/\"},\"author\":{\"name\":\"Giovanni Porf\u00edrio Jacomino\",\"@id\":\"https:\/\/www.suno.com.br\/noticias\/#\/schema\/person\/d0f32748bbca4bee871fa191ee4e2d40\"},\"headline\":\"Oi (OIBR3) nomeia novo CEO e diz que plano de recupera\u00e7\u00e3o judicial sai ainda este m\u00eas\",\"datePublished\":\"2024-01-19T10:54:13+00:00\",\"dateModified\":\"2024-01-19T10:54:20+00:00\",\"mainEntityOfPage\":{\"@id\":\"https:\/\/www.suno.com.br\/noticias\/oi-oibr3-novo-ceo-plano-rj-gpj\/\"},\"wordCount\":881,\"publisher\":{\"@id\":\"https:\/\/www.suno.com.br\/noticias\/#organization\"},\"image\":{\"@id\":\"https:\/\/www.suno.com.br\/noticias\/oi-oibr3-novo-ceo-plano-rj-gpj\/#primaryimage\"},\"thumbnailUrl\":\"https:\/\/files.sunoresearch.com.br\/n\/uploads\/2022\/12\/oi-oibr3-oibr4.jpg\",\"keywords\":[\"Oi (OIBR3\/OIBR4)\",\"Oi M\u00f3vel\",\"recupera\u00e7\u00e3o judicial\"],\"articleSection\":[\"Neg\u00f3cios\"],\"inLanguage\":\"pt-BR\"},{\"@type\":\"WebPage\",\"@id\":\"https:\/\/www.suno.com.br\/noticias\/oi-oibr3-novo-ceo-plano-rj-gpj\/\",\"url\":\"https:\/\/www.suno.com.br\/noticias\/oi-oibr3-novo-ceo-plano-rj-gpj\/\",\"name\":\"Oi (OIBR3) nomeia novo CEO e diz que plano de RJ sai ainda este m\u00eas\",\"isPartOf\":{\"@id\":\"https:\/\/www.suno.com.br\/noticias\/#website\"},\"primaryImageOfPage\":{\"@id\":\"https:\/\/www.suno.com.br\/noticias\/oi-oibr3-novo-ceo-plano-rj-gpj\/#primaryimage\"},\"image\":{\"@id\":\"https:\/\/www.suno.com.br\/noticias\/oi-oibr3-novo-ceo-plano-rj-gpj\/#primaryimage\"},\"thumbnailUrl\":\"https:\/\/files.sunoresearch.com.br\/n\/uploads\/2022\/12\/oi-oibr3-oibr4.jpg\",\"datePublished\":\"2024-01-19T10:54:13+00:00\",\"dateModified\":\"2024-01-19T10:54:20+00:00\",\"description\":\"A Oi\u00a0(OIBR3) informou que n\u00e3o renovar\u00e1 o mandato do diretor-presidente Rodrigo Modesto de Abreu para o pr\u00f3ximo per\u00edodo.\",\"breadcrumb\":{\"@id\":\"https:\/\/www.suno.com.br\/noticias\/oi-oibr3-novo-ceo-plano-rj-gpj\/#breadcrumb\"},\"inLanguage\":\"pt-BR\",\"potentialAction\":[{\"@type\":\"ReadAction\",\"target\":[\"https:\/\/www.suno.com.br\/noticias\/oi-oibr3-novo-ceo-plano-rj-gpj\/\"]}]},{\"@type\":\"ImageObject\",\"inLanguage\":\"pt-BR\",\"@id\":\"https:\/\/www.suno.com.br\/noticias\/oi-oibr3-novo-ceo-plano-rj-gpj\/#primaryimage\",\"url\":\"https:\/\/files.sunoresearch.com.br\/n\/uploads\/2022\/12\/oi-oibr3-oibr4.jpg\",\"contentUrl\":\"https:\/\/files.sunoresearch.com.br\/n\/uploads\/2022\/12\/oi-oibr3-oibr4.jpg\",\"width\":1200,\"height\":800,\"caption\":\"Oi (OIBR3). Foto: Divulga\u00e7\u00e3o\"},{\"@type\":\"BreadcrumbList\",\"@id\":\"https:\/\/www.suno.com.br\/noticias\/oi-oibr3-novo-ceo-plano-rj-gpj\/#breadcrumb\",\"itemListElement\":[{\"@type\":\"ListItem\",\"position\":1,\"name\":\"Not\u00edcias\",\"item\":\"https:\/\/www.suno.com.br\/noticias\/\"},{\"@type\":\"ListItem\",\"position\":2,\"name\":\"Neg\u00f3cios\",\"item\":\"https:\/\/www.suno.com.br\/noticias\/negocios\/\"},{\"@type\":\"ListItem\",\"position\":3,\"name\":\"Oi (OIBR3) nomeia novo CEO e diz que plano de recupera\u00e7\u00e3o judicial sai ainda este m\u00eas\"}]},{\"@type\":\"WebSite\",\"@id\":\"https:\/\/www.suno.com.br\/noticias\/#website\",\"url\":\"https:\/\/www.suno.com.br\/noticias\/\",\"name\":\"Suno Not\u00edcias\",\"description\":\"Seu portal de informa\u00e7\u00e3o sobre o mundo dos investimentos\",\"publisher\":{\"@id\":\"https:\/\/www.suno.com.br\/noticias\/#organization\"},\"potentialAction\":[{\"@type\":\"SearchAction\",\"target\":{\"@type\":\"EntryPoint\",\"urlTemplate\":\"https:\/\/www.suno.com.br\/noticias\/?s={search_term_string}\"},\"query-input\":{\"@type\":\"PropertyValueSpecification\",\"valueRequired\":true,\"valueName\":\"search_term_string\"}}],\"inLanguage\":\"pt-BR\"},{\"@type\":\"Organization\",\"@id\":\"https:\/\/www.suno.com.br\/noticias\/#organization\",\"name\":\"Suno Not\u00edcias\",\"url\":\"https:\/\/www.suno.com.br\/noticias\/\",\"logo\":{\"@type\":\"ImageObject\",\"inLanguage\":\"pt-BR\",\"@id\":\"https:\/\/www.suno.com.br\/noticias\/#\/schema\/logo\/image\/\",\"url\":\"https:\/\/files.sunoresearch.com.br\/n\/uploads\/2021\/09\/suno-logo.png\",\"contentUrl\":\"https:\/\/files.sunoresearch.com.br\/n\/uploads\/2021\/09\/suno-logo.png\",\"width\":180,\"height\":180,\"caption\":\"Suno Not\u00edcias\"},\"image\":{\"@id\":\"https:\/\/www.suno.com.br\/noticias\/#\/schema\/logo\/image\/\"},\"sameAs\":[\"https:\/\/facebook.com\/sunoresearch\",\"https:\/\/x.com\/sunoresearch\",\"https:\/\/www.instagram.com\/suno\",\"https:\/\/www.linkedin.com\/company\/suno-research\/\",\"https:\/\/www.youtube.com\/c\/sunoresearch\"]},{\"@type\":\"Person\",\"@id\":\"https:\/\/www.suno.com.br\/noticias\/#\/schema\/person\/d0f32748bbca4bee871fa191ee4e2d40\",\"name\":\"Giovanni Porf\u00edrio Jacomino\",\"image\":{\"@type\":\"ImageObject\",\"inLanguage\":\"pt-BR\",\"@id\":\"https:\/\/www.suno.com.br\/noticias\/#\/schema\/person\/image\/\",\"url\":\"https:\/\/secure.gravatar.com\/avatar\/efb32e19b730a121cb7a80f41ffec01a?s=96&r=g\",\"contentUrl\":\"https:\/\/secure.gravatar.com\/avatar\/efb32e19b730a121cb7a80f41ffec01a?s=96&r=g\",\"caption\":\"Giovanni Porf\u00edrio Jacomino\"},\"description\":\"Giovanni Porf\u00edrio Jacomino \u00e9 jornalista formado pela Universidade Estadual de Londrina (UEL) e p\u00f3s-graduado em Produ\u00e7\u00e3o e Pr\u00e1ticas Jornal\u00edsticas na Contemporaneidade na Faculdade C\u00e1sper L\u00edbero (FCL). Foi editor web no Startupi e no Finsiders, atuando ainda como editor no TC Mover, portal de not\u00edcias da TradersClub, fazendo a cobertura de assuntos relacionados ao mercado financeiro interno e externo. Atualmente, \u00e9 Rep\u00f3rter do Suno Not\u00edcias.\",\"url\":\"https:\/\/www.suno.com.br\/noticias\/author\/giovanni-porfiriosuno-com-br\/\"}]}<\/script>\n<!-- \/ Yoast SEO plugin. -->","yoast_head_json":{"title":"Oi (OIBR3) nomeia novo CEO e diz que plano de RJ sai ainda este m\u00eas","description":"A Oi\u00a0(OIBR3) informou que n\u00e3o renovar\u00e1 o mandato do diretor-presidente Rodrigo Modesto de Abreu para o pr\u00f3ximo per\u00edodo.","robots":{"index":"index","follow":"follow","max-snippet":"max-snippet:-1","max-image-preview":"max-image-preview:large","max-video-preview":"max-video-preview:-1"},"canonical":"https:\/\/www.suno.com.br\/noticias\/oi-oibr3-novo-ceo-plano-rj-gpj\/","og_locale":"pt_BR","og_type":"article","og_title":"Oi (OIBR3) nomeia novo CEO e diz que plano de RJ sai ainda este m\u00eas","og_description":"A Oi\u00a0(OIBR3) informou que n\u00e3o renovar\u00e1 o mandato do diretor-presidente Rodrigo Modesto de Abreu para o pr\u00f3ximo per\u00edodo.","og_url":"https:\/\/www.suno.com.br\/noticias\/oi-oibr3-novo-ceo-plano-rj-gpj\/","og_site_name":"Suno Not\u00edcias","article_publisher":"https:\/\/facebook.com\/sunoresearch","og_image":[{"width":1200,"height":800,"url":"https:\/\/files.sunoresearch.com.br\/n\/uploads\/2022\/12\/oi-oibr3-oibr4.jpg","type":"image\/jpeg"}],"author":"Giovanni Porf\u00edrio Jacomino","twitter_card":"summary_large_image","twitter_creator":"@sunoresearch","twitter_site":"@sunoresearch","twitter_misc":{"Escrito por":"Giovanni Porf\u00edrio Jacomino","Est. tempo de leitura":"5 minutos"},"schema":{"@context":"https:\/\/schema.org","@graph":[{"@type":"NewsArticle","@id":"https:\/\/www.suno.com.br\/noticias\/oi-oibr3-novo-ceo-plano-rj-gpj\/#article","isPartOf":{"@id":"https:\/\/www.suno.com.br\/noticias\/oi-oibr3-novo-ceo-plano-rj-gpj\/"},"author":{"name":"Giovanni Porf\u00edrio Jacomino","@id":"https:\/\/www.suno.com.br\/noticias\/#\/schema\/person\/d0f32748bbca4bee871fa191ee4e2d40"},"headline":"Oi (OIBR3) nomeia novo CEO e diz que plano de recupera\u00e7\u00e3o judicial sai ainda este m\u00eas","datePublished":"2024-01-19T10:54:13+00:00","dateModified":"2024-01-19T10:54:20+00:00","mainEntityOfPage":{"@id":"https:\/\/www.suno.com.br\/noticias\/oi-oibr3-novo-ceo-plano-rj-gpj\/"},"wordCount":881,"publisher":{"@id":"https:\/\/www.suno.com.br\/noticias\/#organization"},"image":{"@id":"https:\/\/www.suno.com.br\/noticias\/oi-oibr3-novo-ceo-plano-rj-gpj\/#primaryimage"},"thumbnailUrl":"https:\/\/files.sunoresearch.com.br\/n\/uploads\/2022\/12\/oi-oibr3-oibr4.jpg","keywords":["Oi (OIBR3\/OIBR4)","Oi M\u00f3vel","recupera\u00e7\u00e3o judicial"],"articleSection":["Neg\u00f3cios"],"inLanguage":"pt-BR"},{"@type":"WebPage","@id":"https:\/\/www.suno.com.br\/noticias\/oi-oibr3-novo-ceo-plano-rj-gpj\/","url":"https:\/\/www.suno.com.br\/noticias\/oi-oibr3-novo-ceo-plano-rj-gpj\/","name":"Oi (OIBR3) nomeia novo CEO e diz que plano de RJ sai ainda este m\u00eas","isPartOf":{"@id":"https:\/\/www.suno.com.br\/noticias\/#website"},"primaryImageOfPage":{"@id":"https:\/\/www.suno.com.br\/noticias\/oi-oibr3-novo-ceo-plano-rj-gpj\/#primaryimage"},"image":{"@id":"https:\/\/www.suno.com.br\/noticias\/oi-oibr3-novo-ceo-plano-rj-gpj\/#primaryimage"},"thumbnailUrl":"https:\/\/files.sunoresearch.com.br\/n\/uploads\/2022\/12\/oi-oibr3-oibr4.jpg","datePublished":"2024-01-19T10:54:13+00:00","dateModified":"2024-01-19T10:54:20+00:00","description":"A Oi\u00a0(OIBR3) informou que n\u00e3o renovar\u00e1 o mandato do diretor-presidente Rodrigo Modesto de Abreu para o pr\u00f3ximo per\u00edodo.","breadcrumb":{"@id":"https:\/\/www.suno.com.br\/noticias\/oi-oibr3-novo-ceo-plano-rj-gpj\/#breadcrumb"},"inLanguage":"pt-BR","potentialAction":[{"@type":"ReadAction","target":["https:\/\/www.suno.com.br\/noticias\/oi-oibr3-novo-ceo-plano-rj-gpj\/"]}]},{"@type":"ImageObject","inLanguage":"pt-BR","@id":"https:\/\/www.suno.com.br\/noticias\/oi-oibr3-novo-ceo-plano-rj-gpj\/#primaryimage","url":"https:\/\/files.sunoresearch.com.br\/n\/uploads\/2022\/12\/oi-oibr3-oibr4.jpg","contentUrl":"https:\/\/files.sunoresearch.com.br\/n\/uploads\/2022\/12\/oi-oibr3-oibr4.jpg","width":1200,"height":800,"caption":"Oi (OIBR3). Foto: Divulga\u00e7\u00e3o"},{"@type":"BreadcrumbList","@id":"https:\/\/www.suno.com.br\/noticias\/oi-oibr3-novo-ceo-plano-rj-gpj\/#breadcrumb","itemListElement":[{"@type":"ListItem","position":1,"name":"Not\u00edcias","item":"https:\/\/www.suno.com.br\/noticias\/"},{"@type":"ListItem","position":2,"name":"Neg\u00f3cios","item":"https:\/\/www.suno.com.br\/noticias\/negocios\/"},{"@type":"ListItem","position":3,"name":"Oi (OIBR3) nomeia novo CEO e diz que plano de recupera\u00e7\u00e3o judicial sai ainda este m\u00eas"}]},{"@type":"WebSite","@id":"https:\/\/www.suno.com.br\/noticias\/#website","url":"https:\/\/www.suno.com.br\/noticias\/","name":"Suno Not\u00edcias","description":"Seu portal de informa\u00e7\u00e3o sobre o mundo dos investimentos","publisher":{"@id":"https:\/\/www.suno.com.br\/noticias\/#organization"},"potentialAction":[{"@type":"SearchAction","target":{"@type":"EntryPoint","urlTemplate":"https:\/\/www.suno.com.br\/noticias\/?s={search_term_string}"},"query-input":{"@type":"PropertyValueSpecification","valueRequired":true,"valueName":"search_term_string"}}],"inLanguage":"pt-BR"},{"@type":"Organization","@id":"https:\/\/www.suno.com.br\/noticias\/#organization","name":"Suno Not\u00edcias","url":"https:\/\/www.suno.com.br\/noticias\/","logo":{"@type":"ImageObject","inLanguage":"pt-BR","@id":"https:\/\/www.suno.com.br\/noticias\/#\/schema\/logo\/image\/","url":"https:\/\/files.sunoresearch.com.br\/n\/uploads\/2021\/09\/suno-logo.png","contentUrl":"https:\/\/files.sunoresearch.com.br\/n\/uploads\/2021\/09\/suno-logo.png","width":180,"height":180,"caption":"Suno Not\u00edcias"},"image":{"@id":"https:\/\/www.suno.com.br\/noticias\/#\/schema\/logo\/image\/"},"sameAs":["https:\/\/facebook.com\/sunoresearch","https:\/\/x.com\/sunoresearch","https:\/\/www.instagram.com\/suno","https:\/\/www.linkedin.com\/company\/suno-research\/","https:\/\/www.youtube.com\/c\/sunoresearch"]},{"@type":"Person","@id":"https:\/\/www.suno.com.br\/noticias\/#\/schema\/person\/d0f32748bbca4bee871fa191ee4e2d40","name":"Giovanni Porf\u00edrio Jacomino","image":{"@type":"ImageObject","inLanguage":"pt-BR","@id":"https:\/\/www.suno.com.br\/noticias\/#\/schema\/person\/image\/","url":"https:\/\/secure.gravatar.com\/avatar\/efb32e19b730a121cb7a80f41ffec01a?s=96&r=g","contentUrl":"https:\/\/secure.gravatar.com\/avatar\/efb32e19b730a121cb7a80f41ffec01a?s=96&r=g","caption":"Giovanni Porf\u00edrio Jacomino"},"description":"Giovanni Porf\u00edrio Jacomino \u00e9 jornalista formado pela Universidade Estadual de Londrina (UEL) e p\u00f3s-graduado em Produ\u00e7\u00e3o e Pr\u00e1ticas Jornal\u00edsticas na Contemporaneidade na Faculdade C\u00e1sper L\u00edbero (FCL). Foi editor web no Startupi e no Finsiders, atuando ainda como editor no TC Mover, portal de not\u00edcias da TradersClub, fazendo a cobertura de assuntos relacionados ao mercado financeiro interno e externo. Atualmente, \u00e9 Rep\u00f3rter do Suno Not\u00edcias.","url":"https:\/\/www.suno.com.br\/noticias\/author\/giovanni-porfiriosuno-com-br\/"}]}},"default_loop_html":"<div class=\"cardsPage__listCard__boxs\"><div class=\"cardsPage__listCard__boxs__img\"><a href=\"https:\/\/www.suno.com.br\/noticias\/oi-oibr3-novo-ceo-plano-rj-gpj\/\"><img class=\"mask\" src=\"https:\/\/www.suno.com.br\/noticias\/wp-content\/themes\/suno\/resources\/images\/spotlight\/spotlight1img\/bg-mask.png\" alt=\"Image Mask\"\/><img src=\"https:\/\/files.sunoresearch.com.br\/n\/uploads\/2022\/12\/oi-oibr3-oibr4-400x200.jpg\" alt=\"Oi (OIBR3) nomeia novo CEO e diz que plano de recupera\u00e7\u00e3o judicial sai ainda este m\u00eas\"\/><\/a><span class=\"spotlightCategory\"><a href=\"https:\/\/www.suno.com.br\/noticias\/negocios\/\">Neg\u00f3cios<\/a><\/span><\/div><div class=\"cardsPage__listCard__boxs__content\"><a href=\"https:\/\/www.suno.com.br\/noticias\/oi-oibr3-novo-ceo-plano-rj-gpj\/\"><h2 class=\"content__title\">Oi (OIBR3) nomeia novo CEO e diz que plano de recupera\u00e7\u00e3o judicial sai ainda este m\u00eas<\/h2><\/a><div class=\"newsContent__article__meta\"><div class=\"newsContent__article__meta__authorBox\"><a href=\"https:\/\/www.suno.com.br\/noticias\/author\/eduardo-vargas\/\" class=\"authorBox__avatar noMobi\"><img src=\"https:\/\/secure.gravatar.com\/avatar\/dac340933427a22924c9f99d1eb2e3f2?s=96&#038;r=g\" alt=\"Eduardo Vargas\"><\/a><div class=\"authorBox__name\"><span>por\n\t\t\t<a href=\"https:\/\/www.suno.com.br\/noticias\/author\/eduardo-vargas\/\"><span itemprop=\"author\">Eduardo Vargas<\/span><\/a><\/span><time datetime=\"2024-01-19T07:54:13-03:00\" itemprop=\"datePublished\">19\/01\/2024 07:54<\/time><\/div><\/div><\/div><\/div><\/div>","single_layout":"posts","amp_enabled":true,"_links":{"self":[{"href":"https:\/\/www.suno.com.br\/noticias\/wp-json\/wp\/v2\/posts\/513066"}],"collection":[{"href":"https:\/\/www.suno.com.br\/noticias\/wp-json\/wp\/v2\/posts"}],"about":[{"href":"https:\/\/www.suno.com.br\/noticias\/wp-json\/wp\/v2\/types\/post"}],"author":[{"embeddable":true,"href":"https:\/\/www.suno.com.br\/noticias\/wp-json\/wp\/v2\/users\/313"}],"replies":[{"embeddable":true,"href":"https:\/\/www.suno.com.br\/noticias\/wp-json\/wp\/v2\/comments?post=513066"}],"version-history":[{"count":2,"href":"https:\/\/www.suno.com.br\/noticias\/wp-json\/wp\/v2\/posts\/513066\/revisions"}],"predecessor-version":[{"id":513088,"href":"https:\/\/www.suno.com.br\/noticias\/wp-json\/wp\/v2\/posts\/513066\/revisions\/513088"}],"wp:featuredmedia":[{"embeddable":true,"href":"https:\/\/www.suno.com.br\/noticias\/wp-json\/wp\/v2\/media\/328501"}],"wp:attachment":[{"href":"https:\/\/www.suno.com.br\/noticias\/wp-json\/wp\/v2\/media?parent=513066"}],"wp:term":[{"taxonomy":"category","embeddable":true,"href":"https:\/\/www.suno.com.br\/noticias\/wp-json\/wp\/v2\/categories?post=513066"},{"taxonomy":"post_tag","embeddable":true,"href":"https:\/\/www.suno.com.br\/noticias\/wp-json\/wp\/v2\/tags?post=513066"},{"taxonomy":"suno_strategy","embeddable":true,"href":"https:\/\/www.suno.com.br\/noticias\/wp-json\/wp\/v2\/suno_strategy?post=513066"}],"curies":[{"name":"wp","href":"https:\/\/api.w.org\/{rel}","templated":true}]}}