{"id":512992,"date":"2024-01-18T21:11:07","date_gmt":"2024-01-19T00:11:07","guid":{"rendered":"https:\/\/www.suno.com.br\/noticias\/?p=512992"},"modified":"2024-01-18T21:43:28","modified_gmt":"2024-01-19T00:43:28","slug":"cemig-cmig4-investimentos-bilhoes-2028-evm","status":"publish","type":"post","link":"https:\/\/www.suno.com.br\/noticias\/cemig-cmig4-investimentos-bilhoes-2028-evm\/","title":{"rendered":"Cemig (CMIG4) prev\u00ea investimentos de R$ 35,6 bilh\u00f5es at\u00e9 2028"},"content":{"rendered":"<p>A <a class=\"suno-keyword\" data-force=\"yes\" data-priority=\"2\" href=\"https:\/\/www.suno.com.br\/acoes\/CMIG4\/\" target=\"_blank\" rel=\"noopener\"><strong>Cemig<\/strong> (CMIG4)<\/a> anunciou nesta quinta-feira (18) suas proje\u00e7\u00f5es de investimentos para o per\u00edodo de 2024 a 2028, totalizando R$ 35,6 bilh\u00f5es.<\/p><div class=\"videoFull \">\n\t\t\t<div class=\"videoWrapper yt-lazyload center\"\n\t\t\t\tdata-width=\"960\"\n\t\t\t\tdata-height=\"540\"\n\t\t\t\tdata-id=\"jyg-h_2owaE\"\n\t\t\t\tdata-alt=\"V\u00eddeo do YouTube - clique para reproduzir\"\n\t\t\t\tdata-logo=\"3\"\n\t\t\t\tdata-imagequality=\"maxres\">\n\t\t\t<\/div>\n\t\t<\/div><script type=\"application\/ld+json\">{\"@context\":\"https:\/\/schema.org\",\"@type\":\"VideoObject\",\"name\":\"\ud83d\udd34GUIDO MANTEGA NOVO CEO DA VALE (VALE3)? | Ibovespa cai | Obras da Petrobras (PETR4)\",\"description\":\"#mercadofinanceiro #a\u00e7\u00f5es #investimentos #bolsadevalores #ibovespa #dinheiro #finan\u00e7as #pol\u00edtica #d\u00f3lar #livedas19h #petr4 #petr3 #petrobras #vale3 #vale #a\u00e7\u00f5es #economia #dividendos #guidomantega #governo #ceo \ud83d\udd34Fa\u00e7a seu dinheiro trabalhar por voc\u00ea com apenas R$1: https:\/\/lp.suno.com.br\/ao\/suno-premium-por-1-real\/?utm_source=youtube.noticias&utm_medium=live&utm_campaign=N\/A.ns.20240117&utm_content=live.19h 00:00 In\u00edcio do v\u00eddeo 01:57 Fechamento de mercado 06:50 Guido Mantega na Vale 13:30 Oferta do Banco Inter 16:30 PETR4 vai investir na Abreu\u2026\",\"duration\":\"PT25M11S\",\"embedUrl\":\"https:\/\/www.youtube.com\/embed\/jyg-h_2owaE\",\"regionsAllowed\":\"en-US\",\"interactionStatistic\":{\"@type\":\"InteractionCounter\",\"interactionType\":{\"@type\":\"WatchAction\"},\"userInteractionCount\":8305},\"thumbnailUrl\":\"https:\/\/i.ytimg.com\/vi\/jyg-h_2owaE\/default.jpg\",\"uploadDate\":\"2024-01-19T10:43:14Z\"}<\/script>\n\n\n\n\n\t<p>\n\t\t<a href=\"https:\/\/lp.suno.com.br\/planilha-da-vida-financeira\/\" target=\"_blank\" data-element=\"shortcode-suno-banner\" title=\"Banner SUNO, clique e saiba mais\">\n\t\t\t<picture>\n\t\t\t\t<source media=\"(max-width: 500px)\" srcset=\"https:\/\/files.sunoresearch.com.br\/n\/uploads\/2023\/04\/400x300-Planilha-vida-financeira-true.png\">\n\t\t\t\t<img class=\"newsContent__article__imgCapa newsContent__article__imgCapa--banner\"\n\t\t\t\t\tsrc=\"https:\/\/files.sunoresearch.com.br\/n\/uploads\/2023\/04\/1420x240-Planilha-vida-financeira-true.png\"\n\t\t\t\t\tdata-promo-id=\"106682\"\t\t\t\t\t\t\t\t\t\twidth='1420' height='240'\t\t\t\t\talt=\"https:\/\/files.sunoresearch.com.br\/n\/uploads\/2023\/04\/1420x240-Planilha-vida-financeira-true.png\"\n\t\t\t\t>\n\t\t\t<\/picture>\n\t\t<\/a>\n\t<\/p>\n\n\n\n\n\n\n\n<p>Dentro desse montante, aproximadamente R$ 23 bilh\u00f5es est\u00e3o destinados ao segmento de <strong>distribui\u00e7\u00e3o da Cemig<\/strong>. <\/p>\n\n\n\n<p>A gera\u00e7\u00e3o receber\u00e1 investimentos de R$ 2,1 bilh\u00f5es, enquanto a \u00e1rea de <strong>transmiss\u00e3o <\/strong>contar\u00e1 com aportes de R$ 3,8 bilh\u00f5es. Para o bra\u00e7o de gera\u00e7\u00e3o distribu\u00edda, est\u00e3o previstos R$ 3,3 bilh\u00f5es ao longo do per\u00edodo.<\/p>\n\n\n\n<p>A Cemig destacou que a execu\u00e7\u00e3o dos investimentos prioriza a gera\u00e7\u00e3o de valor aos acionistas, com taxas de retorno superiores ao <a class=\"suno-keyword\" target=\"_blank\" data-force=\"no\" data-priority=\"1\" href=\"https:\/\/www.suno.com.br\/artigos\/custo-de-capital\/\" rel=\"noopener\">custo de capital<\/a> e a sustentabilidade dos neg\u00f3cios da companhia. <\/p>\n\n\n\n<p>A empresa reafirmou seu compromisso de focar no Estado de Minas Gerais, classificando o investimento como &#8220;o maior da hist\u00f3ria da companhia&#8221;.<\/p>\n\n\n\t<p>\n\t\t<a href=\"https:\/\/lp.suno.com.br\/ebook-como-analisar-uma-acao\/\" target=\"_blank\" data-element=\"shortcode-suno-banner\" title=\"Banner SUNO, clique e saiba mais\">\n\t\t\t<picture>\n\t\t\t\t<source media=\"(max-width: 500px)\" srcset=\"https:\/\/files.sunoresearch.com.br\/n\/uploads\/2023\/03\/Ebook-Acoes-Mobile.jpg\">\n\t\t\t\t<img class=\"newsContent__article__imgCapa newsContent__article__imgCapa--banner\"\n\t\t\t\t\tsrc=\"https:\/\/files.sunoresearch.com.br\/n\/uploads\/2023\/03\/Ebook-Acoes-Desktop.jpg\"\n\t\t\t\t\tdata-promo-id=\"378302\"\t\t\t\t\t\t\t\t\t\twidth='1420' height='286'\t\t\t\t\talt=\"https:\/\/files.sunoresearch.com.br\/n\/uploads\/2023\/03\/Ebook-Acoes-Desktop.jpg\"\n\t\t\t\t>\n\t\t\t<\/picture>\n\t\t<\/a>\n\t<\/p>\n\n\n\n\n\n<p>A companhia ressalta que as proje\u00e7\u00f5es s\u00e3o estimativas sujeitas a altera\u00e7\u00f5es, dependendo de diversos fatores.<\/p>\n\n\n\n<h2 class=\"wp-block-heading\">Pagamento de JCP no total de R$ 1,32 bilh\u00e3o<\/h2>\n\n\n\n<p>O\u00a0<a href=\"https:\/\/www.suno.com.br\/artigos\/conselho-administracao\/\" target=\"_blank\" rel=\"noreferrer noopener\">conselho de administra\u00e7\u00e3o<\/a>\u00a0da\u00a0<a href=\"https:\/\/www.suno.com.br\/acoes\/CMIG4\/\" target=\"_blank\" rel=\"noreferrer noopener\"><strong>Cemig<\/strong>\u00a0(CMIG4)<\/a>\u00a0deliberou em dezembro sobre pagamento de\u00a0<a href=\"https:\/\/www.suno.com.br\/artigos\/entenda-o-jcp\/\" target=\"_blank\" rel=\"noreferrer noopener\">juros sobre capital pr\u00f3prio<\/a>\u00a0(JCP) aos seus investidores, no valor de mais de R$ 1,322 bilh\u00e3o.<\/p>\n\n\n\n<p>Conforme comunicado em 14 de dezembro, os <strong>juros sobre capital pr\u00f3prio da Cemig<\/strong>\u00a0equivalem a R$ 0,601 por a\u00e7\u00e3o ordin\u00e1ria (ON) e preferencial (PN) da companhia.<\/p>\n\n\n\n<p>Sobre esse valor haver\u00e1 a tributa\u00e7\u00e3o de imposto de renda na fonte de 15%, com exce\u00e7\u00e3o dos investidores que forem dispensados da reten\u00e7\u00e3o. A quantia ser\u00e1 compensada com o dividendo m\u00ednimo obrigat\u00f3rio do exerc\u00edcio de 2023.<\/p>\n\n\n\n<p>O pagamento dos&nbsp;<strong>JCP da Cemig<\/strong>&nbsp;ser\u00e1 realizado em duas parcelas de igual valor. A primeira distribui\u00e7\u00e3o ser\u00e1 at\u00e9 30 de junho de 2024, enquanto a segunda vai ser at\u00e9 30 de dezembro de 2024.<\/p>\n\n\n\n<p>A&nbsp;<a href=\"https:\/\/www.suno.com.br\/artigos\/dividendos-datas-importantes\/\" target=\"_blank\" rel=\"noreferrer noopener\">data de corte<\/a>&nbsp;para o recebimento dos proventos \u00e9 21 de dezembro de 2023. Receber\u00e3o os JCP apenas os que detiverem a\u00e7\u00f5es da companhia at\u00e9 esse dia. A partir de 22 de dezembro de 2023, os pap\u00e9is comprados n\u00e3o ter\u00e3o direito a essa remunera\u00e7\u00e3o.<\/p>\n\n\n\n<h2 class=\"wp-block-heading\"><a><\/a>JCP da Cemig<\/h2>\n\n\n\n<ul class=\"wp-block-list\">\n<li>Valor: R$ 1.322.561.000,00<\/li>\n\n\n\n<li>Valor por a\u00e7\u00e3o: R$ 0,60102079554<\/li>\n\n\n\n<li>Data de corte: 21 de dezembro de 2023<\/li>\n\n\n\n<li>Data de pagamento: at\u00e9 30 de junho de 2024 e at\u00e9 30 de dezembro de 2024<\/li>\n<\/ul>\n\n\n\n<h2 class=\"wp-block-heading\">Desempenho das a\u00e7\u00f5es da Cemig<\/h2>\n\n\n\n<p>As <strong><a href=\"https:\/\/statusinvest.com.br\/acoes\/cmig4\" target=\"_blank\" rel=\"noreferrer noopener\">a\u00e7\u00f5es da Cemig<\/a><\/strong> ca\u00edram 2% no intradia desta quinta (18), a R$ 11,64.<\/p>\n\n\n\n<p>Em uma janela de 12 meses, os pap\u00e9is da <strong>Cemig<\/strong> caem 0,34%, contudo.<\/p>\n\n\n\t<p>\n\t\t<a href=\"https:\/\/lp.suno.com.br\/planilha-da-vida-financeira\/\" target=\"_blank\" data-element=\"shortcode-suno-banner\" title=\"Banner SUNO, clique e saiba mais\">\n\t\t\t<picture>\n\t\t\t\t<source media=\"(max-width: 500px)\" srcset=\"https:\/\/files.sunoresearch.com.br\/n\/uploads\/2023\/04\/400x300-Planilha-vida-financeira-true.png\">\n\t\t\t\t<img class=\"newsContent__article__imgCapa newsContent__article__imgCapa--banner\"\n\t\t\t\t\tsrc=\"https:\/\/files.sunoresearch.com.br\/n\/uploads\/2023\/04\/1420x240-Planilha-vida-financeira-true.png\"\n\t\t\t\t\tdata-promo-id=\"383123\"\t\t\t\t\t\t\t\t\t\twidth='1420' height='240'\t\t\t\t\talt=\"https:\/\/files.sunoresearch.com.br\/n\/uploads\/2023\/04\/1420x240-Planilha-vida-financeira-true.png\"\n\t\t\t\t>\n\t\t\t<\/picture>\n\t\t<\/a>\n\t<\/p>\n\n\n","protected":false},"excerpt":{"rendered":"<p>A Cemig (CMIG4) anunciou nesta quinta-feira (18) suas proje\u00e7\u00f5es de investimentos para o per\u00edodo de 2024 a 2028, totalizando R$ 35,6 bilh\u00f5es. Dentro desse montante, aproximadamente R$ 23 bilh\u00f5es est\u00e3o destinados ao segmento de distribui\u00e7\u00e3o da Cemig. A gera\u00e7\u00e3o receber\u00e1 investimentos de R$ 2,1 bilh\u00f5es, enquanto a \u00e1rea de transmiss\u00e3o contar\u00e1 com aportes de R$ [&hellip;]<\/p>\n","protected":false},"author":73,"featured_media":334764,"comment_status":"closed","ping_status":"closed","sticky":false,"template":"","format":"standard","meta":[],"categories":[64],"tags":[420],"suno_strategy":[],"class_list":["post-512992","post","type-post","status-publish","format-standard","has-post-thumbnail","hentry","category-negocios","tag-cemig-cmig3-cmig4"],"yoast_head":"<!-- This site is optimized with the Yoast SEO plugin v24.4 - https:\/\/yoast.com\/wordpress\/plugins\/seo\/ -->\n<title>Cemig (CMIG4) prev\u00ea investimentos de R$ 35,6 bilh\u00f5es at\u00e9 2028<\/title>\n<meta name=\"description\" content=\"Dentro desse montante, aproximadamente R$ 23 bilh\u00f5es est\u00e3o destinados ao segmento de distribui\u00e7\u00e3o da Cemig\" \/>\n<meta name=\"robots\" content=\"index, follow, max-snippet:-1, max-image-preview:large, max-video-preview:-1\" \/>\n<link rel=\"canonical\" href=\"https:\/\/www.suno.com.br\/noticias\/cemig-cmig4-investimentos-bilhoes-2028-evm\/\" \/>\n<meta property=\"og:locale\" content=\"pt_BR\" \/>\n<meta property=\"og:type\" content=\"article\" \/>\n<meta property=\"og:title\" content=\"Cemig (CMIG4) prev\u00ea investimentos de R$ 35,6 bilh\u00f5es at\u00e9 2028\" \/>\n<meta property=\"og:description\" content=\"Dentro desse montante, aproximadamente R$ 23 bilh\u00f5es est\u00e3o destinados ao segmento de distribui\u00e7\u00e3o da Cemig\" \/>\n<meta property=\"og:url\" content=\"https:\/\/www.suno.com.br\/noticias\/cemig-cmig4-investimentos-bilhoes-2028-evm\/\" \/>\n<meta property=\"og:site_name\" content=\"Suno Not\u00edcias\" \/>\n<meta property=\"article:publisher\" content=\"https:\/\/facebook.com\/sunoresearch\" \/>\n<meta property=\"og:image\" content=\"https:\/\/files.sunoresearch.com.br\/n\/uploads\/2022\/12\/edificio_sede_cemig.jpg\" \/>\n\t<meta property=\"og:image:width\" content=\"1200\" \/>\n\t<meta property=\"og:image:height\" content=\"800\" \/>\n\t<meta property=\"og:image:type\" content=\"image\/jpeg\" \/>\n<meta name=\"author\" content=\"Eduardo Vargas\" \/>\n<meta name=\"twitter:card\" content=\"summary_large_image\" \/>\n<meta name=\"twitter:creator\" content=\"@sunoresearch\" \/>\n<meta name=\"twitter:site\" content=\"@sunoresearch\" \/>\n<meta name=\"twitter:label1\" content=\"Escrito por\" \/>\n\t<meta name=\"twitter:data1\" content=\"Eduardo Vargas\" \/>\n\t<meta name=\"twitter:label2\" content=\"Est. tempo de leitura\" \/>\n\t<meta name=\"twitter:data2\" content=\"3 minutos\" \/>\n<script type=\"application\/ld+json\" class=\"yoast-schema-graph\">{\"@context\":\"https:\/\/schema.org\",\"@graph\":[{\"@type\":\"NewsArticle\",\"@id\":\"https:\/\/www.suno.com.br\/noticias\/cemig-cmig4-investimentos-bilhoes-2028-evm\/#article\",\"isPartOf\":{\"@id\":\"https:\/\/www.suno.com.br\/noticias\/cemig-cmig4-investimentos-bilhoes-2028-evm\/\"},\"author\":{\"name\":\"Eduardo Vargas\",\"@id\":\"https:\/\/www.suno.com.br\/noticias\/#\/schema\/person\/7f4d362bf3518e76090143ae77bb49a5\"},\"headline\":\"Cemig (CMIG4) prev\u00ea investimentos de R$ 35,6 bilh\u00f5es at\u00e9 2028\",\"datePublished\":\"2024-01-19T00:11:07+00:00\",\"dateModified\":\"2024-01-19T00:43:28+00:00\",\"mainEntityOfPage\":{\"@id\":\"https:\/\/www.suno.com.br\/noticias\/cemig-cmig4-investimentos-bilhoes-2028-evm\/\"},\"wordCount\":421,\"publisher\":{\"@id\":\"https:\/\/www.suno.com.br\/noticias\/#organization\"},\"image\":{\"@id\":\"https:\/\/www.suno.com.br\/noticias\/cemig-cmig4-investimentos-bilhoes-2028-evm\/#primaryimage\"},\"thumbnailUrl\":\"https:\/\/files.sunoresearch.com.br\/n\/uploads\/2022\/12\/edificio_sede_cemig.jpg\",\"keywords\":[\"Cemig (CMIG3\/CMIG4)\"],\"articleSection\":[\"Neg\u00f3cios\"],\"inLanguage\":\"pt-BR\"},{\"@type\":\"WebPage\",\"@id\":\"https:\/\/www.suno.com.br\/noticias\/cemig-cmig4-investimentos-bilhoes-2028-evm\/\",\"url\":\"https:\/\/www.suno.com.br\/noticias\/cemig-cmig4-investimentos-bilhoes-2028-evm\/\",\"name\":\"Cemig (CMIG4) prev\u00ea investimentos de R$ 35,6 bilh\u00f5es at\u00e9 2028\",\"isPartOf\":{\"@id\":\"https:\/\/www.suno.com.br\/noticias\/#website\"},\"primaryImageOfPage\":{\"@id\":\"https:\/\/www.suno.com.br\/noticias\/cemig-cmig4-investimentos-bilhoes-2028-evm\/#primaryimage\"},\"image\":{\"@id\":\"https:\/\/www.suno.com.br\/noticias\/cemig-cmig4-investimentos-bilhoes-2028-evm\/#primaryimage\"},\"thumbnailUrl\":\"https:\/\/files.sunoresearch.com.br\/n\/uploads\/2022\/12\/edificio_sede_cemig.jpg\",\"datePublished\":\"2024-01-19T00:11:07+00:00\",\"dateModified\":\"2024-01-19T00:43:28+00:00\",\"description\":\"Dentro desse montante, aproximadamente R$ 23 bilh\u00f5es est\u00e3o destinados ao segmento de distribui\u00e7\u00e3o da Cemig\",\"breadcrumb\":{\"@id\":\"https:\/\/www.suno.com.br\/noticias\/cemig-cmig4-investimentos-bilhoes-2028-evm\/#breadcrumb\"},\"inLanguage\":\"pt-BR\",\"potentialAction\":[{\"@type\":\"ReadAction\",\"target\":[\"https:\/\/www.suno.com.br\/noticias\/cemig-cmig4-investimentos-bilhoes-2028-evm\/\"]}]},{\"@type\":\"ImageObject\",\"inLanguage\":\"pt-BR\",\"@id\":\"https:\/\/www.suno.com.br\/noticias\/cemig-cmig4-investimentos-bilhoes-2028-evm\/#primaryimage\",\"url\":\"https:\/\/files.sunoresearch.com.br\/n\/uploads\/2022\/12\/edificio_sede_cemig.jpg\",\"contentUrl\":\"https:\/\/files.sunoresearch.com.br\/n\/uploads\/2022\/12\/edificio_sede_cemig.jpg\",\"width\":1200,\"height\":800,\"caption\":\"Cemig (CMIG4). Foto: Divulga\u00e7\u00e3o\"},{\"@type\":\"BreadcrumbList\",\"@id\":\"https:\/\/www.suno.com.br\/noticias\/cemig-cmig4-investimentos-bilhoes-2028-evm\/#breadcrumb\",\"itemListElement\":[{\"@type\":\"ListItem\",\"position\":1,\"name\":\"Not\u00edcias\",\"item\":\"https:\/\/www.suno.com.br\/noticias\/\"},{\"@type\":\"ListItem\",\"position\":2,\"name\":\"Neg\u00f3cios\",\"item\":\"https:\/\/www.suno.com.br\/noticias\/negocios\/\"},{\"@type\":\"ListItem\",\"position\":3,\"name\":\"Cemig (CMIG4) prev\u00ea investimentos de R$ 35,6 bilh\u00f5es at\u00e9 2028\"}]},{\"@type\":\"WebSite\",\"@id\":\"https:\/\/www.suno.com.br\/noticias\/#website\",\"url\":\"https:\/\/www.suno.com.br\/noticias\/\",\"name\":\"Suno Not\u00edcias\",\"description\":\"Seu portal de informa\u00e7\u00e3o sobre o mundo dos investimentos\",\"publisher\":{\"@id\":\"https:\/\/www.suno.com.br\/noticias\/#organization\"},\"potentialAction\":[{\"@type\":\"SearchAction\",\"target\":{\"@type\":\"EntryPoint\",\"urlTemplate\":\"https:\/\/www.suno.com.br\/noticias\/?s={search_term_string}\"},\"query-input\":{\"@type\":\"PropertyValueSpecification\",\"valueRequired\":true,\"valueName\":\"search_term_string\"}}],\"inLanguage\":\"pt-BR\"},{\"@type\":\"Organization\",\"@id\":\"https:\/\/www.suno.com.br\/noticias\/#organization\",\"name\":\"Suno Not\u00edcias\",\"url\":\"https:\/\/www.suno.com.br\/noticias\/\",\"logo\":{\"@type\":\"ImageObject\",\"inLanguage\":\"pt-BR\",\"@id\":\"https:\/\/www.suno.com.br\/noticias\/#\/schema\/logo\/image\/\",\"url\":\"https:\/\/files.sunoresearch.com.br\/n\/uploads\/2021\/09\/suno-logo.png\",\"contentUrl\":\"https:\/\/files.sunoresearch.com.br\/n\/uploads\/2021\/09\/suno-logo.png\",\"width\":180,\"height\":180,\"caption\":\"Suno Not\u00edcias\"},\"image\":{\"@id\":\"https:\/\/www.suno.com.br\/noticias\/#\/schema\/logo\/image\/\"},\"sameAs\":[\"https:\/\/facebook.com\/sunoresearch\",\"https:\/\/x.com\/sunoresearch\",\"https:\/\/www.instagram.com\/suno\",\"https:\/\/www.linkedin.com\/company\/suno-research\/\",\"https:\/\/www.youtube.com\/c\/sunoresearch\"]},{\"@type\":\"Person\",\"@id\":\"https:\/\/www.suno.com.br\/noticias\/#\/schema\/person\/7f4d362bf3518e76090143ae77bb49a5\",\"name\":\"Eduardo Vargas\",\"image\":{\"@type\":\"ImageObject\",\"inLanguage\":\"pt-BR\",\"@id\":\"https:\/\/www.suno.com.br\/noticias\/#\/schema\/person\/image\/\",\"url\":\"https:\/\/secure.gravatar.com\/avatar\/dac340933427a22924c9f99d1eb2e3f2?s=96&r=g\",\"contentUrl\":\"https:\/\/secure.gravatar.com\/avatar\/dac340933427a22924c9f99d1eb2e3f2?s=96&r=g\",\"caption\":\"Eduardo Vargas\"},\"description\":\"Jornalista formado pela UFSC, cobre macroeconomia, neg\u00f3cios e startups para o Suno Not\u00edcias, escrevendo principalmente not\u00edcias sobre o mercado financeiro e a bolsa de valores. No YouTube e no Instagram, \u00e9 respons\u00e1vel pela produ\u00e7\u00e3o de Reels e Shorts do Suno Not\u00edcias. Anteriormente, trabalhou cobrindo economia e cotidiano no ND+ e para o ND, maior jornal impresso de Santa Catarina. Cursou um semestre letivo de Estudos de M\u00eddia na Universidad de Buenos Aires.\",\"url\":\"https:\/\/www.suno.com.br\/noticias\/author\/eduardo-vargas\/\"}]}<\/script>\n<!-- \/ Yoast SEO plugin. -->","yoast_head_json":{"title":"Cemig (CMIG4) prev\u00ea investimentos de R$ 35,6 bilh\u00f5es at\u00e9 2028","description":"Dentro desse montante, aproximadamente R$ 23 bilh\u00f5es est\u00e3o destinados ao segmento de distribui\u00e7\u00e3o da Cemig","robots":{"index":"index","follow":"follow","max-snippet":"max-snippet:-1","max-image-preview":"max-image-preview:large","max-video-preview":"max-video-preview:-1"},"canonical":"https:\/\/www.suno.com.br\/noticias\/cemig-cmig4-investimentos-bilhoes-2028-evm\/","og_locale":"pt_BR","og_type":"article","og_title":"Cemig (CMIG4) prev\u00ea investimentos de R$ 35,6 bilh\u00f5es at\u00e9 2028","og_description":"Dentro desse montante, aproximadamente R$ 23 bilh\u00f5es est\u00e3o destinados ao segmento de distribui\u00e7\u00e3o da Cemig","og_url":"https:\/\/www.suno.com.br\/noticias\/cemig-cmig4-investimentos-bilhoes-2028-evm\/","og_site_name":"Suno Not\u00edcias","article_publisher":"https:\/\/facebook.com\/sunoresearch","og_image":[{"width":1200,"height":800,"url":"https:\/\/files.sunoresearch.com.br\/n\/uploads\/2022\/12\/edificio_sede_cemig.jpg","type":"image\/jpeg"}],"author":"Eduardo Vargas","twitter_card":"summary_large_image","twitter_creator":"@sunoresearch","twitter_site":"@sunoresearch","twitter_misc":{"Escrito por":"Eduardo Vargas","Est. tempo de leitura":"3 minutos"},"schema":{"@context":"https:\/\/schema.org","@graph":[{"@type":"NewsArticle","@id":"https:\/\/www.suno.com.br\/noticias\/cemig-cmig4-investimentos-bilhoes-2028-evm\/#article","isPartOf":{"@id":"https:\/\/www.suno.com.br\/noticias\/cemig-cmig4-investimentos-bilhoes-2028-evm\/"},"author":{"name":"Eduardo Vargas","@id":"https:\/\/www.suno.com.br\/noticias\/#\/schema\/person\/7f4d362bf3518e76090143ae77bb49a5"},"headline":"Cemig (CMIG4) prev\u00ea investimentos de R$ 35,6 bilh\u00f5es at\u00e9 2028","datePublished":"2024-01-19T00:11:07+00:00","dateModified":"2024-01-19T00:43:28+00:00","mainEntityOfPage":{"@id":"https:\/\/www.suno.com.br\/noticias\/cemig-cmig4-investimentos-bilhoes-2028-evm\/"},"wordCount":421,"publisher":{"@id":"https:\/\/www.suno.com.br\/noticias\/#organization"},"image":{"@id":"https:\/\/www.suno.com.br\/noticias\/cemig-cmig4-investimentos-bilhoes-2028-evm\/#primaryimage"},"thumbnailUrl":"https:\/\/files.sunoresearch.com.br\/n\/uploads\/2022\/12\/edificio_sede_cemig.jpg","keywords":["Cemig (CMIG3\/CMIG4)"],"articleSection":["Neg\u00f3cios"],"inLanguage":"pt-BR"},{"@type":"WebPage","@id":"https:\/\/www.suno.com.br\/noticias\/cemig-cmig4-investimentos-bilhoes-2028-evm\/","url":"https:\/\/www.suno.com.br\/noticias\/cemig-cmig4-investimentos-bilhoes-2028-evm\/","name":"Cemig (CMIG4) prev\u00ea investimentos de R$ 35,6 bilh\u00f5es at\u00e9 2028","isPartOf":{"@id":"https:\/\/www.suno.com.br\/noticias\/#website"},"primaryImageOfPage":{"@id":"https:\/\/www.suno.com.br\/noticias\/cemig-cmig4-investimentos-bilhoes-2028-evm\/#primaryimage"},"image":{"@id":"https:\/\/www.suno.com.br\/noticias\/cemig-cmig4-investimentos-bilhoes-2028-evm\/#primaryimage"},"thumbnailUrl":"https:\/\/files.sunoresearch.com.br\/n\/uploads\/2022\/12\/edificio_sede_cemig.jpg","datePublished":"2024-01-19T00:11:07+00:00","dateModified":"2024-01-19T00:43:28+00:00","description":"Dentro desse montante, aproximadamente R$ 23 bilh\u00f5es est\u00e3o destinados ao segmento de distribui\u00e7\u00e3o da Cemig","breadcrumb":{"@id":"https:\/\/www.suno.com.br\/noticias\/cemig-cmig4-investimentos-bilhoes-2028-evm\/#breadcrumb"},"inLanguage":"pt-BR","potentialAction":[{"@type":"ReadAction","target":["https:\/\/www.suno.com.br\/noticias\/cemig-cmig4-investimentos-bilhoes-2028-evm\/"]}]},{"@type":"ImageObject","inLanguage":"pt-BR","@id":"https:\/\/www.suno.com.br\/noticias\/cemig-cmig4-investimentos-bilhoes-2028-evm\/#primaryimage","url":"https:\/\/files.sunoresearch.com.br\/n\/uploads\/2022\/12\/edificio_sede_cemig.jpg","contentUrl":"https:\/\/files.sunoresearch.com.br\/n\/uploads\/2022\/12\/edificio_sede_cemig.jpg","width":1200,"height":800,"caption":"Cemig (CMIG4). Foto: Divulga\u00e7\u00e3o"},{"@type":"BreadcrumbList","@id":"https:\/\/www.suno.com.br\/noticias\/cemig-cmig4-investimentos-bilhoes-2028-evm\/#breadcrumb","itemListElement":[{"@type":"ListItem","position":1,"name":"Not\u00edcias","item":"https:\/\/www.suno.com.br\/noticias\/"},{"@type":"ListItem","position":2,"name":"Neg\u00f3cios","item":"https:\/\/www.suno.com.br\/noticias\/negocios\/"},{"@type":"ListItem","position":3,"name":"Cemig (CMIG4) prev\u00ea investimentos de R$ 35,6 bilh\u00f5es at\u00e9 2028"}]},{"@type":"WebSite","@id":"https:\/\/www.suno.com.br\/noticias\/#website","url":"https:\/\/www.suno.com.br\/noticias\/","name":"Suno Not\u00edcias","description":"Seu portal de informa\u00e7\u00e3o sobre o mundo dos investimentos","publisher":{"@id":"https:\/\/www.suno.com.br\/noticias\/#organization"},"potentialAction":[{"@type":"SearchAction","target":{"@type":"EntryPoint","urlTemplate":"https:\/\/www.suno.com.br\/noticias\/?s={search_term_string}"},"query-input":{"@type":"PropertyValueSpecification","valueRequired":true,"valueName":"search_term_string"}}],"inLanguage":"pt-BR"},{"@type":"Organization","@id":"https:\/\/www.suno.com.br\/noticias\/#organization","name":"Suno Not\u00edcias","url":"https:\/\/www.suno.com.br\/noticias\/","logo":{"@type":"ImageObject","inLanguage":"pt-BR","@id":"https:\/\/www.suno.com.br\/noticias\/#\/schema\/logo\/image\/","url":"https:\/\/files.sunoresearch.com.br\/n\/uploads\/2021\/09\/suno-logo.png","contentUrl":"https:\/\/files.sunoresearch.com.br\/n\/uploads\/2021\/09\/suno-logo.png","width":180,"height":180,"caption":"Suno Not\u00edcias"},"image":{"@id":"https:\/\/www.suno.com.br\/noticias\/#\/schema\/logo\/image\/"},"sameAs":["https:\/\/facebook.com\/sunoresearch","https:\/\/x.com\/sunoresearch","https:\/\/www.instagram.com\/suno","https:\/\/www.linkedin.com\/company\/suno-research\/","https:\/\/www.youtube.com\/c\/sunoresearch"]},{"@type":"Person","@id":"https:\/\/www.suno.com.br\/noticias\/#\/schema\/person\/7f4d362bf3518e76090143ae77bb49a5","name":"Eduardo Vargas","image":{"@type":"ImageObject","inLanguage":"pt-BR","@id":"https:\/\/www.suno.com.br\/noticias\/#\/schema\/person\/image\/","url":"https:\/\/secure.gravatar.com\/avatar\/dac340933427a22924c9f99d1eb2e3f2?s=96&r=g","contentUrl":"https:\/\/secure.gravatar.com\/avatar\/dac340933427a22924c9f99d1eb2e3f2?s=96&r=g","caption":"Eduardo Vargas"},"description":"Jornalista formado pela UFSC, cobre macroeconomia, neg\u00f3cios e startups para o Suno Not\u00edcias, escrevendo principalmente not\u00edcias sobre o mercado financeiro e a bolsa de valores. No YouTube e no Instagram, \u00e9 respons\u00e1vel pela produ\u00e7\u00e3o de Reels e Shorts do Suno Not\u00edcias. Anteriormente, trabalhou cobrindo economia e cotidiano no ND+ e para o ND, maior jornal impresso de Santa Catarina. Cursou um semestre letivo de Estudos de M\u00eddia na Universidad de Buenos Aires.","url":"https:\/\/www.suno.com.br\/noticias\/author\/eduardo-vargas\/"}]}},"default_loop_html":"<div class=\"cardsPage__listCard__boxs\"><div class=\"cardsPage__listCard__boxs__img\"><a href=\"https:\/\/www.suno.com.br\/noticias\/cemig-cmig4-investimentos-bilhoes-2028-evm\/\"><img class=\"mask\" src=\"https:\/\/www.suno.com.br\/noticias\/wp-content\/themes\/suno\/resources\/images\/spotlight\/spotlight1img\/bg-mask.png\" alt=\"Image Mask\"\/><img src=\"https:\/\/files.sunoresearch.com.br\/n\/uploads\/2022\/12\/edificio_sede_cemig-400x200.jpg\" alt=\"Cemig (CMIG4) prev\u00ea investimentos de R$ 35,6 bilh\u00f5es at\u00e9 2028\"\/><\/a><span class=\"spotlightCategory\"><a href=\"https:\/\/www.suno.com.br\/noticias\/negocios\/\">Neg\u00f3cios<\/a><\/span><\/div><div class=\"cardsPage__listCard__boxs__content\"><a href=\"https:\/\/www.suno.com.br\/noticias\/cemig-cmig4-investimentos-bilhoes-2028-evm\/\"><h2 class=\"content__title\">Cemig (CMIG4) prev\u00ea investimentos de R$ 35,6 bilh\u00f5es at\u00e9 2028<\/h2><\/a><div class=\"newsContent__article__meta\"><div class=\"newsContent__article__meta__authorBox\"><a href=\"https:\/\/www.suno.com.br\/noticias\/author\/eduardo-vargas\/\" class=\"authorBox__avatar noMobi\"><img src=\"https:\/\/secure.gravatar.com\/avatar\/dac340933427a22924c9f99d1eb2e3f2?s=96&#038;r=g\" alt=\"Eduardo Vargas\"><\/a><div class=\"authorBox__name\"><span>por\n\t\t\t<a href=\"https:\/\/www.suno.com.br\/noticias\/author\/eduardo-vargas\/\"><span itemprop=\"author\">Eduardo Vargas<\/span><\/a><\/span><time datetime=\"2024-01-18T21:11:07-03:00\" itemprop=\"datePublished\">18\/01\/2024 21:11<\/time><\/div><\/div><\/div><\/div><\/div>","single_layout":"posts","amp_enabled":true,"_links":{"self":[{"href":"https:\/\/www.suno.com.br\/noticias\/wp-json\/wp\/v2\/posts\/512992"}],"collection":[{"href":"https:\/\/www.suno.com.br\/noticias\/wp-json\/wp\/v2\/posts"}],"about":[{"href":"https:\/\/www.suno.com.br\/noticias\/wp-json\/wp\/v2\/types\/post"}],"author":[{"embeddable":true,"href":"https:\/\/www.suno.com.br\/noticias\/wp-json\/wp\/v2\/users\/73"}],"replies":[{"embeddable":true,"href":"https:\/\/www.suno.com.br\/noticias\/wp-json\/wp\/v2\/comments?post=512992"}],"version-history":[{"count":2,"href":"https:\/\/www.suno.com.br\/noticias\/wp-json\/wp\/v2\/posts\/512992\/revisions"}],"predecessor-version":[{"id":513023,"href":"https:\/\/www.suno.com.br\/noticias\/wp-json\/wp\/v2\/posts\/512992\/revisions\/513023"}],"wp:featuredmedia":[{"embeddable":true,"href":"https:\/\/www.suno.com.br\/noticias\/wp-json\/wp\/v2\/media\/334764"}],"wp:attachment":[{"href":"https:\/\/www.suno.com.br\/noticias\/wp-json\/wp\/v2\/media?parent=512992"}],"wp:term":[{"taxonomy":"category","embeddable":true,"href":"https:\/\/www.suno.com.br\/noticias\/wp-json\/wp\/v2\/categories?post=512992"},{"taxonomy":"post_tag","embeddable":true,"href":"https:\/\/www.suno.com.br\/noticias\/wp-json\/wp\/v2\/tags?post=512992"},{"taxonomy":"suno_strategy","embeddable":true,"href":"https:\/\/www.suno.com.br\/noticias\/wp-json\/wp\/v2\/suno_strategy?post=512992"}],"curies":[{"name":"wp","href":"https:\/\/api.w.org\/{rel}","templated":true}]}}