{"id":512844,"date":"2024-01-18T17:34:54","date_gmt":"2024-01-18T20:34:54","guid":{"rendered":"https:\/\/www.suno.com.br\/noticias\/?p=512844"},"modified":"2024-01-18T17:34:57","modified_gmt":"2024-01-18T20:34:57","slug":"lula-presidente-privatizacao-eletrobras-escarnio-mal","status":"publish","type":"post","link":"https:\/\/www.suno.com.br\/noticias\/lula-presidente-privatizacao-eletrobras-escarnio-mal\/","title":{"rendered":"Lula chama privatiza\u00e7\u00e3o da Eletrobras (ELET3) de &#8220;esc\u00e1rnio&#8221;"},"content":{"rendered":"<p>O presidente Luiz In\u00e1cio <strong>Lula<\/strong> da Silva voltou a atacar nesta quinta (18) a privatiza\u00e7\u00e3o da <a class=\"suno-keyword\" target=\"_blank\" data-force=\"yes\" data-priority=\"2\" href=\"https:\/\/www.suno.com.br\/acoes\/ELET3\/\" rel=\"noopener\">Eletrobras (ELET3)<\/a>. Na cerim\u00f4nia de assinatura do acordo para implanta\u00e7\u00e3o do Parque Tecnol\u00f3gico Aeroespacial, na Bahia, o presidente classificou o processo de desestatiza\u00e7\u00e3o da Eletrobras de &#8220;esc\u00e1rnio&#8221;.<\/p>\t<div class=\"wrapper-featured-image\">\n\t\t<figure class=\"spotlightImg\">\n\n\t\t\t<picture>\n\t\t\t\t<source media=\"(max-width: 768px)\" srcset=\"https:\/\/files.sunoresearch.com.br\/n\/uploads\/2023\/01\/lula-.-400x200.jpg\">\n\t\t\t\t<img loading=\"lazy\" decoding=\"async\" class=\"newsContent__article__imgCapa lazyloadDisabled \" src=\"https:\/\/files.sunoresearch.com.br\/n\/uploads\/2023\/01\/lula-.-800x450.jpg\" width=\"800\" height=\"450\" alt=\"Lula chama privatiza\u00e7\u00e3o da Eletrobras (ELET3) de &#8220;esc\u00e1rnio&#8221;\" fetchpriority=high \/>\n\t\t\t<\/picture>\n\n\t\t\t<figcaption class=\"wp-caption-text wp-caption-text--show\">Presidente Lula. Foto: Marcelo Camargo\/Ag\u00eancia Brasil<\/figcaption>\n\t\t<\/figure>\n\t<\/div>\n\n\n\n\n\n\n\n\t<p>\n\t\t<a href=\"\" target=\"_blank\" data-element=\"shortcode-suno-banner\" title=\"Banner SUNO, clique e saiba mais\">\n\t\t\t<picture>\n\t\t\t\t<source media=\"(max-width: 500px)\" srcset=\"\">\n\t\t\t\t<img class=\"newsContent__article__imgCapa newsContent__article__imgCapa--banner\"\n\t\t\t\t\tsrc=\"\"\n\t\t\t\t\tdata-promo-id=\"240038\"\t\t\t\t\t\t\t\t\t\t\t\t\t\t\talt=\"\"\n\t\t\t\t>\n\t\t\t<\/picture>\n\t\t<\/a>\n\t<\/p>\n\n\n\n\n\n<p>&#8220;O que se fez num <strong>setor estrat\u00e9gico<\/strong> como o energia no Brasil foi um esc\u00e1rnio, como com a <strong>privatiza\u00e7\u00e3o da Eletrobras<\/strong>&#8220;, afirmou Lula ao assinar o acordo de parceria com o estado da Bahia e com o Senai Cimatec visando a cria\u00e7\u00e3o do Parque Tecnol\u00f3gico Aeroespacial da Bahia. Segundo o Planalto, o parque representa o ingresso do Brasil no mercado aeroespacial, setor que movimentou, em 2023, US$ 807,7 bilh\u00f5es, valor que poder\u00e1 chegar a&nbsp;US$ 1,4 trilh\u00e3o at\u00e9 2032.<\/p>\n\n\n\n<p>Desde janeiro de 2023, o<strong> governo federal<\/strong> tenta mudar cl\u00e1usulas da&nbsp;<strong>desestaiza\u00e7\u00e3o da Eletrobras<\/strong>, ocorrida na gest\u00e3o Bolsonaro, principalmente a que se refere ao poder de voto, limitado a 10% \u2013 enquanto o governo possui 47% da companhia, se somadas as participa\u00e7\u00f5es de outros \u00f3rg\u00e3os p\u00fablicos.<\/p>\n\n\n\n<p>Em mar\u00e7o, Lula disse que esperava que o Governo Federal \u201cvoltasse a ser <strong>dono\u201d da<\/strong>&nbsp;<strong>Eletrobras<\/strong>, companhia privatizada durante a gest\u00e3o de Jair Bolsonaro (PL). Na ocasi\u00e3o, o petista defendeu que a opera\u00e7\u00e3o \u201cn\u00e3o iria ficar por isso mesmo\u201d e que levaria o caso \u00e0 Justi\u00e7a.<\/p>\n\n\n\n<p>Tamb\u00e9m naquele m\u00eas, o pol\u00edtico afirmou que o <strong>processo de<\/strong> <strong>privatiza\u00e7\u00e3o da Eletrobras<\/strong>&nbsp;foi um \u201ccrime de lesa-p\u00e1tria\u201d. \u201c\u00c9 como se voc\u00ea tivesse a sua casa e estivesse devendo, a\u00ed voc\u00ea resolve vender sua casa para pagar a d\u00edvida. Vai ficar com o qu\u00ea na vida?\u201d, indagou.<\/p>\n\n\n\n<p>O governo Lula entrou com a\u00e7\u00e3o no Supremo Tribunal Federal (<strong>STF<\/strong>) para elevar o poder de voto na Eletrobras. No \u00faltimo dia 20 de dezembro, o ministro Nunes Marques, relator da ADI, encaminhou o caso para a C\u00e2mara de Concilia\u00e7\u00e3o e Arbitragem da Administra\u00e7\u00e3o Federal (CCAF), \u201cpara tentativa de reconcilia\u00e7\u00e3o e solu\u00e7\u00e3o consensual e amig\u00e1vel entre as partes\u201d.<\/p>\n\n\n\n<p>Em comunicado de 8 janeiro, a&nbsp;Eletrobras&nbsp;afirmou que aderiu ao processo arbitral que envolve a a\u00e7\u00e3o direta de inconstitucionalidade (ADI), solicitada pelo governo no Supremo Tribunal Federal (STF), sobre a limita\u00e7\u00e3o do poder de voto da Uni\u00e3o na empresa.<\/p>\n\n\n\n<p>Ainda de acordo com a Eletrobras, \u201ceventuais delibera\u00e7\u00f5es decorrentes dos trabalhos na CCAF ser\u00e3o submetidas \u00e0 aprova\u00e7\u00e3o das inst\u00e2ncias de governan\u00e7a da companhia\u201d.<\/p>\n\n\n\n<p>A ADI solicitada pelo&nbsp;<strong>presidente Lula<\/strong>&nbsp;com a Advocacia Geral da Uni\u00e3o (AGU) tem como objetivo anular artigos da Lei 14.182 da&nbsp;privatiza\u00e7\u00e3o da<strong> Eletrobras<\/strong>, que estabelecem limite de voto de acionistas da companhia a 10% do capital da empresa. A Uni\u00e3o tem cerca de 43% de participa\u00e7\u00e3o na el\u00e9trica.<\/p>\n\n\n\t<p>\n\t\t<a href=\"https:\/\/lp.suno.com.br\/ebook-gratuito-investindo-no-exterior\/\" target=\"_blank\" data-element=\"shortcode-suno-banner\" title=\"Banner SUNO, clique e saiba mais\">\n\t\t\t<picture>\n\t\t\t\t<source media=\"(max-width: 500px)\" srcset=\"https:\/\/files.sunoresearch.com.br\/n\/uploads\/2023\/03\/400x300-Investindo-no-exterior.png\">\n\t\t\t\t<img class=\"newsContent__article__imgCapa newsContent__article__imgCapa--banner\"\n\t\t\t\t\tsrc=\"https:\/\/files.sunoresearch.com.br\/n\/uploads\/2023\/03\/1420x240-Investindo-no-exterior.png\"\n\t\t\t\t\tdata-promo-id=\"383161\"\t\t\t\t\t\t\t\t\t\twidth='1420' height='240'\t\t\t\t\talt=\"https:\/\/files.sunoresearch.com.br\/n\/uploads\/2023\/03\/1420x240-Investindo-no-exterior.png\"\n\t\t\t\t>\n\t\t\t<\/picture>\n\t\t<\/a>\n\t<\/p>\n\n\n\n\n\n<h2 class=\"wp-block-heading\">Ap\u00f3s criticar privatiza\u00e7\u00e3o da Eletrobras, Lula diz que Brasil poderia ser a 5\u00aa economia do mundo<\/h2>\n\n\n\n<p>O presidente Lula afirmou que o Brasil poderia ser consagrado como a quinta economia do mundo, mas que h\u00e1 pessoas no Pa\u00eds que &#8220;teimam&#8221; em faz\u00ea-lo retroceder. Ao <strong>criticar a privatiza\u00e7\u00e3o da Eletrobras<\/strong>, ele disse estar ainda mais otimista com o crescimento econ\u00f4mico do Brasil.<\/p>\n\n\n\n<p>&#8220;Este pa\u00eds j\u00e1 poderia estar consagrado como a quinta economia do mundo h\u00e1 muito tempo, mas h\u00e1 muita gente nesse pa\u00eds que teima em retroceder. O que fizeram com a nossa <a class=\"suno-keyword\" target=\"_blank\" data-force=\"yes\" data-priority=\"2\" href=\"https:\/\/www.suno.com.br\/acoes\/PETR4\/\" rel=\"noopener\">Petrobras (PETR4)<\/a>? E a privatiza\u00e7\u00e3o da Eletrobras? O setor de energia \u00e9 estrat\u00e9gico&#8221;, disse o presidente nesta quinta-feira, 18, em evento na Bahia.<\/p>\n\n\n\n<p>Lula iniciou nesta manh\u00e3 um &#8220;giro&#8221; pelos Estados do Brasil para melhorar a imagem do governo em um ano de elei\u00e7\u00e3o municipal. Segundo o presidente, visitar os entes federados ser\u00e1 uma &#8220;rotina&#8221; sua daqui para frente.<\/p>\n\n\n\n<p>Na Bahia, o <strong>chefe do Executivo<\/strong> discursou por mais de 20 minutos com forte tom eleitoral.<\/p>\n\n\n\n<p>Na fala, Lula criticou o <strong>ex-presidente Jair Bolsonaro<\/strong>, sem cit\u00e1-lo nominalmente, e disse que iniciou seu mandato em 2023 com um pa\u00eds &#8220;devastado por uma praga de gafanhoto&#8221;.<\/p>\n\n\n\n<p>O presidente confirmou que se reuniu, na noite de quarta-feira, 17, com o ministro da Fazenda, Fernando Haddad. Segundo Lula, eles conversaram por cerca de duas horas sobre o &#8220;futuro econ\u00f4mico do Pa\u00eds&#8221;.<\/p>\n\n\n\n<p>&#8220;Sou mais otimista hoje do que eu era durante a campanha [eleitoral]&#8221;, disse. &#8220;Esse pa\u00eds nunca ser\u00e1 o pa\u00eds que queremos se n\u00e3o levarmos em considera\u00e7\u00e3o que \u00e9 preciso melhorar a qualidade de vida de cerca de 80% da popula\u00e7\u00e3o&#8221;, comentou o presidente da Rep\u00fablicas, acrescentando que quer construir uma sociedade com &#8220;padr\u00e3o de classe m\u00e9dia&#8221;.<\/p>\n\n\n\n<p>Ele disse que viajar\u00e1 aos Estados como forma para mostrar que &#8220;coisas boas acontecem no Pa\u00eds&#8221;. &#8220;\u00c0s vezes, voc\u00ea fica sentado \u00e0 frente da televis\u00e3o e voc\u00ea quase entra em depress\u00e3o porque acha que nada est\u00e1 acontecendo de bom no Pa\u00eds&#8221;, afirmou.<\/p>\n\n\n\n<p>Dentre os investimentos que far\u00e1 no Brasil, Lula disse que ter\u00e1 foco na educa\u00e7\u00e3o. &#8220;Esse abuso do crime organizado, posso dizer que tem mil causas, mas a principal \u00e9 a aus\u00eancia do estado brasileiro em n\u00e3o cuidar das pessoas no tempo certo&#8221;, comentou.<\/p>\n\n\n\n<h2 class=\"wp-block-heading\">Parque Tecnol\u00f3gico Aeroespacial da Bahia<\/h2>\n\n\n\n<p>As<strong> declara\u00e7\u00f5es de Lula<\/strong> ocorreram em evento de assinatura do acordo de parceria firmado pelo governo federal, por meio do Minist\u00e9rio da Defesa e do Comando da Aeron\u00e1utica, com o Estado da Bahia e o Senai Cimatec para a cria\u00e7\u00e3o do Parque Tecnol\u00f3gico, que ser\u00e1 instalado, futuramente, na Base A\u00e9rea de Salvador. A cerim\u00f4nia ocorreu no per\u00edodo da manh\u00e3.<\/p>\n\n\n\n<p>A expectativa \u00e9 de que sejam investidos R$ 650 milh\u00f5es na constru\u00e7\u00e3o do parque e um valor equivalente em equipamentos e laborat\u00f3rios. As ilhas de atua\u00e7\u00e3o do parque ser\u00e3o divididas em quatro vertentes: Espa\u00e7o, Defesa, Mobilidade A\u00e9rea Avan\u00e7ada e Aeron\u00e1utica Comercial.<\/p>\n\n\n\n<p>De acordo com o superintendente de Novos Neg\u00f3cios do Senai Cimatec, Andr\u00e9 Oliveira, \u00e9 esperado que, no primeiro semestre de 2025, j\u00e1 seja poss\u00edvel ter opera\u00e7\u00f5es no Parque Tecnol\u00f3gico.<\/p>\n\n\n\n<p>\u201cVir aqui anunciar o lan\u00e7amento desse parque tecnol\u00f3gico n\u00e3o \u00e9 uma coisa qualquer\u201d, disse <strong>Lula<\/strong>. \u201cE vou tamb\u00e9m para Recife para visitar uma refinaria que ficou paralisada durante 14 anos, e que j\u00e1 poderia estar refinando 260 mil barris de petr\u00f3leo por dia. Depois eu vou lan\u00e7ar o ITA no Cear\u00e1. O ITA que fica na cidade de S\u00e3o Jos\u00e9 dos Campos, em S\u00e3o Paulo, \u00e9 um dos mais importantes que temos no Brasil\u201d, acrescentou.<\/p>\n\n\n\n<p><em>Com Estad\u00e3o Conte\u00fado e Ag\u00eancia Brasil<\/em><\/p>\n\n\n\t<p>\n\t\t<a href=\"https:\/\/lp.suno.com.br\/planilha-da-vida-financeira\/\" target=\"_blank\" data-element=\"shortcode-suno-banner\" title=\"Banner SUNO, clique e saiba mais\">\n\t\t\t<picture>\n\t\t\t\t<source media=\"(max-width: 500px)\" srcset=\"https:\/\/files.sunoresearch.com.br\/n\/uploads\/2023\/04\/400x300-Planilha-vida-financeira-true.png\">\n\t\t\t\t<img class=\"newsContent__article__imgCapa newsContent__article__imgCapa--banner\"\n\t\t\t\t\tsrc=\"https:\/\/files.sunoresearch.com.br\/n\/uploads\/2023\/04\/1420x240-Planilha-vida-financeira-true.png\"\n\t\t\t\t\tdata-promo-id=\"383123\"\t\t\t\t\t\t\t\t\t\twidth='1420' height='240'\t\t\t\t\talt=\"https:\/\/files.sunoresearch.com.br\/n\/uploads\/2023\/04\/1420x240-Planilha-vida-financeira-true.png\"\n\t\t\t\t>\n\t\t\t<\/picture>\n\t\t<\/a>\n\t<\/p>\n\n\n","protected":false},"excerpt":{"rendered":"<p>O presidente Luiz In\u00e1cio Lula da Silva voltou a atacar nesta quinta (18) a privatiza\u00e7\u00e3o da Eletrobras (ELET3). Na cerim\u00f4nia de assinatura do acordo para implanta\u00e7\u00e3o do Parque Tecnol\u00f3gico Aeroespacial, na Bahia, o presidente classificou o processo de desestatiza\u00e7\u00e3o da Eletrobras de &#8220;esc\u00e1rnio&#8221;. Presidente Lula. Foto: Marcelo Camargo\/Ag\u00eancia Brasil &#8220;O que se fez num setor [&hellip;]<\/p>\n","protected":false},"author":98,"featured_media":351548,"comment_status":"closed","ping_status":"closed","sticky":false,"template":"","format":"standard","meta":[],"categories":[61],"tags":[455,709,945],"suno_strategy":[],"class_list":["post-512844","post","type-post","status-publish","format-standard","has-post-thumbnail","hentry","category-politica","tag-eletrobras-elet3-elet5-elet6","tag-lula","tag-privatizacoes"],"yoast_head":"<!-- This site is optimized with the Yoast SEO plugin v24.4 - https:\/\/yoast.com\/wordpress\/plugins\/seo\/ -->\n<title>Lula chama privatiza\u00e7\u00e3o da Eletrobras (ELET3) de &quot;esc\u00e1rnio&quot;<\/title>\n<meta name=\"description\" content=\"O presidente Lula voltou a atacar nesta quinta (18) a privatiza\u00e7\u00e3o da Eletrobras, na cerim\u00f4nia do Parque Tecnol\u00f3gico Aeroespacial (BA)\" \/>\n<meta name=\"robots\" content=\"index, follow, max-snippet:-1, max-image-preview:large, max-video-preview:-1\" \/>\n<link rel=\"canonical\" href=\"https:\/\/www.suno.com.br\/noticias\/lula-presidente-privatizacao-eletrobras-escarnio-mal\/\" \/>\n<meta property=\"og:locale\" content=\"pt_BR\" \/>\n<meta property=\"og:type\" content=\"article\" \/>\n<meta property=\"og:title\" content=\"Lula chama privatiza\u00e7\u00e3o da Eletrobras (ELET3) de &quot;esc\u00e1rnio&quot;\" \/>\n<meta property=\"og:description\" content=\"O presidente Lula voltou a atacar nesta quinta (18) a privatiza\u00e7\u00e3o da Eletrobras, na cerim\u00f4nia do Parque Tecnol\u00f3gico Aeroespacial (BA)\" \/>\n<meta property=\"og:url\" content=\"https:\/\/www.suno.com.br\/noticias\/lula-presidente-privatizacao-eletrobras-escarnio-mal\/\" \/>\n<meta property=\"og:site_name\" content=\"Suno Not\u00edcias\" \/>\n<meta property=\"article:publisher\" content=\"https:\/\/facebook.com\/sunoresearch\" \/>\n<meta property=\"og:image\" content=\"https:\/\/files.sunoresearch.com.br\/n\/uploads\/2023\/01\/lula-..jpg\" \/>\n\t<meta property=\"og:image:width\" content=\"1200\" \/>\n\t<meta property=\"og:image:height\" content=\"800\" \/>\n\t<meta property=\"og:image:type\" content=\"image\/jpeg\" \/>\n<meta name=\"author\" content=\"Marco Ant\u00f4nio Lopes\" \/>\n<meta name=\"twitter:card\" content=\"summary_large_image\" \/>\n<meta name=\"twitter:creator\" content=\"@sunoresearch\" \/>\n<meta name=\"twitter:site\" content=\"@sunoresearch\" \/>\n<meta name=\"twitter:label1\" content=\"Escrito por\" \/>\n\t<meta name=\"twitter:data1\" content=\"Marco Ant\u00f4nio Lopes\" \/>\n\t<meta name=\"twitter:label2\" content=\"Est. tempo de leitura\" \/>\n\t<meta name=\"twitter:data2\" content=\"6 minutos\" \/>\n<script type=\"application\/ld+json\" class=\"yoast-schema-graph\">{\"@context\":\"https:\/\/schema.org\",\"@graph\":[{\"@type\":\"NewsArticle\",\"@id\":\"https:\/\/www.suno.com.br\/noticias\/lula-presidente-privatizacao-eletrobras-escarnio-mal\/#article\",\"isPartOf\":{\"@id\":\"https:\/\/www.suno.com.br\/noticias\/lula-presidente-privatizacao-eletrobras-escarnio-mal\/\"},\"author\":{\"name\":\"Marco Ant\u00f4nio Lopes\",\"@id\":\"https:\/\/www.suno.com.br\/noticias\/#\/schema\/person\/829bbe8d57f84333b966b96229c6bf5f\"},\"headline\":\"Lula chama privatiza\u00e7\u00e3o da Eletrobras (ELET3) de &#8220;esc\u00e1rnio&#8221;\",\"datePublished\":\"2024-01-18T20:34:54+00:00\",\"dateModified\":\"2024-01-18T20:34:57+00:00\",\"mainEntityOfPage\":{\"@id\":\"https:\/\/www.suno.com.br\/noticias\/lula-presidente-privatizacao-eletrobras-escarnio-mal\/\"},\"wordCount\":1124,\"publisher\":{\"@id\":\"https:\/\/www.suno.com.br\/noticias\/#organization\"},\"image\":{\"@id\":\"https:\/\/www.suno.com.br\/noticias\/lula-presidente-privatizacao-eletrobras-escarnio-mal\/#primaryimage\"},\"thumbnailUrl\":\"https:\/\/files.sunoresearch.com.br\/n\/uploads\/2023\/01\/lula-..jpg\",\"keywords\":[\"Eletrobras (ELET3\/ELET5\/ELET6)\",\"Lula\",\"privatiza\u00e7\u00f5es\"],\"articleSection\":[\"Pol\u00edtica\"],\"inLanguage\":\"pt-BR\"},{\"@type\":\"WebPage\",\"@id\":\"https:\/\/www.suno.com.br\/noticias\/lula-presidente-privatizacao-eletrobras-escarnio-mal\/\",\"url\":\"https:\/\/www.suno.com.br\/noticias\/lula-presidente-privatizacao-eletrobras-escarnio-mal\/\",\"name\":\"Lula chama privatiza\u00e7\u00e3o da Eletrobras (ELET3) de \\\"esc\u00e1rnio\\\"\",\"isPartOf\":{\"@id\":\"https:\/\/www.suno.com.br\/noticias\/#website\"},\"primaryImageOfPage\":{\"@id\":\"https:\/\/www.suno.com.br\/noticias\/lula-presidente-privatizacao-eletrobras-escarnio-mal\/#primaryimage\"},\"image\":{\"@id\":\"https:\/\/www.suno.com.br\/noticias\/lula-presidente-privatizacao-eletrobras-escarnio-mal\/#primaryimage\"},\"thumbnailUrl\":\"https:\/\/files.sunoresearch.com.br\/n\/uploads\/2023\/01\/lula-..jpg\",\"datePublished\":\"2024-01-18T20:34:54+00:00\",\"dateModified\":\"2024-01-18T20:34:57+00:00\",\"description\":\"O presidente Lula voltou a atacar nesta quinta (18) a privatiza\u00e7\u00e3o da Eletrobras, na cerim\u00f4nia do Parque Tecnol\u00f3gico Aeroespacial (BA)\",\"breadcrumb\":{\"@id\":\"https:\/\/www.suno.com.br\/noticias\/lula-presidente-privatizacao-eletrobras-escarnio-mal\/#breadcrumb\"},\"inLanguage\":\"pt-BR\",\"potentialAction\":[{\"@type\":\"ReadAction\",\"target\":[\"https:\/\/www.suno.com.br\/noticias\/lula-presidente-privatizacao-eletrobras-escarnio-mal\/\"]}]},{\"@type\":\"ImageObject\",\"inLanguage\":\"pt-BR\",\"@id\":\"https:\/\/www.suno.com.br\/noticias\/lula-presidente-privatizacao-eletrobras-escarnio-mal\/#primaryimage\",\"url\":\"https:\/\/files.sunoresearch.com.br\/n\/uploads\/2023\/01\/lula-..jpg\",\"contentUrl\":\"https:\/\/files.sunoresearch.com.br\/n\/uploads\/2023\/01\/lula-..jpg\",\"width\":1200,\"height\":800,\"caption\":\"Presidente Lula. Foto: Marcelo Camargo\/Ag\u00eancia Brasil\"},{\"@type\":\"BreadcrumbList\",\"@id\":\"https:\/\/www.suno.com.br\/noticias\/lula-presidente-privatizacao-eletrobras-escarnio-mal\/#breadcrumb\",\"itemListElement\":[{\"@type\":\"ListItem\",\"position\":1,\"name\":\"Not\u00edcias\",\"item\":\"https:\/\/www.suno.com.br\/noticias\/\"},{\"@type\":\"ListItem\",\"position\":2,\"name\":\"Pol\u00edtica\",\"item\":\"https:\/\/www.suno.com.br\/noticias\/politica\/\"},{\"@type\":\"ListItem\",\"position\":3,\"name\":\"Lula chama privatiza\u00e7\u00e3o da Eletrobras (ELET3) de &#8220;esc\u00e1rnio&#8221;\"}]},{\"@type\":\"WebSite\",\"@id\":\"https:\/\/www.suno.com.br\/noticias\/#website\",\"url\":\"https:\/\/www.suno.com.br\/noticias\/\",\"name\":\"Suno Not\u00edcias\",\"description\":\"Seu portal de informa\u00e7\u00e3o sobre o mundo dos investimentos\",\"publisher\":{\"@id\":\"https:\/\/www.suno.com.br\/noticias\/#organization\"},\"potentialAction\":[{\"@type\":\"SearchAction\",\"target\":{\"@type\":\"EntryPoint\",\"urlTemplate\":\"https:\/\/www.suno.com.br\/noticias\/?s={search_term_string}\"},\"query-input\":{\"@type\":\"PropertyValueSpecification\",\"valueRequired\":true,\"valueName\":\"search_term_string\"}}],\"inLanguage\":\"pt-BR\"},{\"@type\":\"Organization\",\"@id\":\"https:\/\/www.suno.com.br\/noticias\/#organization\",\"name\":\"Suno Not\u00edcias\",\"url\":\"https:\/\/www.suno.com.br\/noticias\/\",\"logo\":{\"@type\":\"ImageObject\",\"inLanguage\":\"pt-BR\",\"@id\":\"https:\/\/www.suno.com.br\/noticias\/#\/schema\/logo\/image\/\",\"url\":\"https:\/\/files.sunoresearch.com.br\/n\/uploads\/2021\/09\/suno-logo.png\",\"contentUrl\":\"https:\/\/files.sunoresearch.com.br\/n\/uploads\/2021\/09\/suno-logo.png\",\"width\":180,\"height\":180,\"caption\":\"Suno Not\u00edcias\"},\"image\":{\"@id\":\"https:\/\/www.suno.com.br\/noticias\/#\/schema\/logo\/image\/\"},\"sameAs\":[\"https:\/\/facebook.com\/sunoresearch\",\"https:\/\/x.com\/sunoresearch\",\"https:\/\/www.instagram.com\/suno\",\"https:\/\/www.linkedin.com\/company\/suno-research\/\",\"https:\/\/www.youtube.com\/c\/sunoresearch\"]},{\"@type\":\"Person\",\"@id\":\"https:\/\/www.suno.com.br\/noticias\/#\/schema\/person\/829bbe8d57f84333b966b96229c6bf5f\",\"name\":\"Marco Ant\u00f4nio Lopes\",\"image\":{\"@type\":\"ImageObject\",\"inLanguage\":\"pt-BR\",\"@id\":\"https:\/\/www.suno.com.br\/noticias\/#\/schema\/person\/image\/\",\"url\":\"https:\/\/secure.gravatar.com\/avatar\/385167b012fbc1cde32c5446ee253313?s=96&r=g\",\"contentUrl\":\"https:\/\/secure.gravatar.com\/avatar\/385167b012fbc1cde32c5446ee253313?s=96&r=g\",\"caption\":\"Marco Ant\u00f4nio Lopes\"},\"description\":\"Jornalista, \u00e9 editor no Suno Not\u00edcias. Trabalhou nas revistas Playboy, Super, Veja Comer &amp; Beber, Homem Vogue e Universo Masculino, al\u00e9m dos portais Abril.com, R7, nas editorias de Home, Esportes, Hora 7, Entretenimento e Geral, e Eu Quero Investir. Autor do livro Bruce Lee: Definitivo (Editora Conrad). Colaborou nas revistas Nova, Veja SP, Grandes Guerras, Placar, Bizz, Casa Claudia e Quatro Rodas.\",\"url\":\"https:\/\/www.suno.com.br\/noticias\/author\/marco-lopes\/\"}]}<\/script>\n<!-- \/ Yoast SEO plugin. -->","yoast_head_json":{"title":"Lula chama privatiza\u00e7\u00e3o da Eletrobras (ELET3) de \"esc\u00e1rnio\"","description":"O presidente Lula voltou a atacar nesta quinta (18) a privatiza\u00e7\u00e3o da Eletrobras, na cerim\u00f4nia do Parque Tecnol\u00f3gico Aeroespacial (BA)","robots":{"index":"index","follow":"follow","max-snippet":"max-snippet:-1","max-image-preview":"max-image-preview:large","max-video-preview":"max-video-preview:-1"},"canonical":"https:\/\/www.suno.com.br\/noticias\/lula-presidente-privatizacao-eletrobras-escarnio-mal\/","og_locale":"pt_BR","og_type":"article","og_title":"Lula chama privatiza\u00e7\u00e3o da Eletrobras (ELET3) de \"esc\u00e1rnio\"","og_description":"O presidente Lula voltou a atacar nesta quinta (18) a privatiza\u00e7\u00e3o da Eletrobras, na cerim\u00f4nia do Parque Tecnol\u00f3gico Aeroespacial (BA)","og_url":"https:\/\/www.suno.com.br\/noticias\/lula-presidente-privatizacao-eletrobras-escarnio-mal\/","og_site_name":"Suno Not\u00edcias","article_publisher":"https:\/\/facebook.com\/sunoresearch","og_image":[{"width":1200,"height":800,"url":"https:\/\/files.sunoresearch.com.br\/n\/uploads\/2023\/01\/lula-..jpg","type":"image\/jpeg"}],"author":"Marco Ant\u00f4nio Lopes","twitter_card":"summary_large_image","twitter_creator":"@sunoresearch","twitter_site":"@sunoresearch","twitter_misc":{"Escrito por":"Marco Ant\u00f4nio Lopes","Est. tempo de leitura":"6 minutos"},"schema":{"@context":"https:\/\/schema.org","@graph":[{"@type":"NewsArticle","@id":"https:\/\/www.suno.com.br\/noticias\/lula-presidente-privatizacao-eletrobras-escarnio-mal\/#article","isPartOf":{"@id":"https:\/\/www.suno.com.br\/noticias\/lula-presidente-privatizacao-eletrobras-escarnio-mal\/"},"author":{"name":"Marco Ant\u00f4nio Lopes","@id":"https:\/\/www.suno.com.br\/noticias\/#\/schema\/person\/829bbe8d57f84333b966b96229c6bf5f"},"headline":"Lula chama privatiza\u00e7\u00e3o da Eletrobras (ELET3) de &#8220;esc\u00e1rnio&#8221;","datePublished":"2024-01-18T20:34:54+00:00","dateModified":"2024-01-18T20:34:57+00:00","mainEntityOfPage":{"@id":"https:\/\/www.suno.com.br\/noticias\/lula-presidente-privatizacao-eletrobras-escarnio-mal\/"},"wordCount":1124,"publisher":{"@id":"https:\/\/www.suno.com.br\/noticias\/#organization"},"image":{"@id":"https:\/\/www.suno.com.br\/noticias\/lula-presidente-privatizacao-eletrobras-escarnio-mal\/#primaryimage"},"thumbnailUrl":"https:\/\/files.sunoresearch.com.br\/n\/uploads\/2023\/01\/lula-..jpg","keywords":["Eletrobras (ELET3\/ELET5\/ELET6)","Lula","privatiza\u00e7\u00f5es"],"articleSection":["Pol\u00edtica"],"inLanguage":"pt-BR"},{"@type":"WebPage","@id":"https:\/\/www.suno.com.br\/noticias\/lula-presidente-privatizacao-eletrobras-escarnio-mal\/","url":"https:\/\/www.suno.com.br\/noticias\/lula-presidente-privatizacao-eletrobras-escarnio-mal\/","name":"Lula chama privatiza\u00e7\u00e3o da Eletrobras (ELET3) de \"esc\u00e1rnio\"","isPartOf":{"@id":"https:\/\/www.suno.com.br\/noticias\/#website"},"primaryImageOfPage":{"@id":"https:\/\/www.suno.com.br\/noticias\/lula-presidente-privatizacao-eletrobras-escarnio-mal\/#primaryimage"},"image":{"@id":"https:\/\/www.suno.com.br\/noticias\/lula-presidente-privatizacao-eletrobras-escarnio-mal\/#primaryimage"},"thumbnailUrl":"https:\/\/files.sunoresearch.com.br\/n\/uploads\/2023\/01\/lula-..jpg","datePublished":"2024-01-18T20:34:54+00:00","dateModified":"2024-01-18T20:34:57+00:00","description":"O presidente Lula voltou a atacar nesta quinta (18) a privatiza\u00e7\u00e3o da Eletrobras, na cerim\u00f4nia do Parque Tecnol\u00f3gico Aeroespacial (BA)","breadcrumb":{"@id":"https:\/\/www.suno.com.br\/noticias\/lula-presidente-privatizacao-eletrobras-escarnio-mal\/#breadcrumb"},"inLanguage":"pt-BR","potentialAction":[{"@type":"ReadAction","target":["https:\/\/www.suno.com.br\/noticias\/lula-presidente-privatizacao-eletrobras-escarnio-mal\/"]}]},{"@type":"ImageObject","inLanguage":"pt-BR","@id":"https:\/\/www.suno.com.br\/noticias\/lula-presidente-privatizacao-eletrobras-escarnio-mal\/#primaryimage","url":"https:\/\/files.sunoresearch.com.br\/n\/uploads\/2023\/01\/lula-..jpg","contentUrl":"https:\/\/files.sunoresearch.com.br\/n\/uploads\/2023\/01\/lula-..jpg","width":1200,"height":800,"caption":"Presidente Lula. Foto: Marcelo Camargo\/Ag\u00eancia Brasil"},{"@type":"BreadcrumbList","@id":"https:\/\/www.suno.com.br\/noticias\/lula-presidente-privatizacao-eletrobras-escarnio-mal\/#breadcrumb","itemListElement":[{"@type":"ListItem","position":1,"name":"Not\u00edcias","item":"https:\/\/www.suno.com.br\/noticias\/"},{"@type":"ListItem","position":2,"name":"Pol\u00edtica","item":"https:\/\/www.suno.com.br\/noticias\/politica\/"},{"@type":"ListItem","position":3,"name":"Lula chama privatiza\u00e7\u00e3o da Eletrobras (ELET3) de &#8220;esc\u00e1rnio&#8221;"}]},{"@type":"WebSite","@id":"https:\/\/www.suno.com.br\/noticias\/#website","url":"https:\/\/www.suno.com.br\/noticias\/","name":"Suno Not\u00edcias","description":"Seu portal de informa\u00e7\u00e3o sobre o mundo dos investimentos","publisher":{"@id":"https:\/\/www.suno.com.br\/noticias\/#organization"},"potentialAction":[{"@type":"SearchAction","target":{"@type":"EntryPoint","urlTemplate":"https:\/\/www.suno.com.br\/noticias\/?s={search_term_string}"},"query-input":{"@type":"PropertyValueSpecification","valueRequired":true,"valueName":"search_term_string"}}],"inLanguage":"pt-BR"},{"@type":"Organization","@id":"https:\/\/www.suno.com.br\/noticias\/#organization","name":"Suno Not\u00edcias","url":"https:\/\/www.suno.com.br\/noticias\/","logo":{"@type":"ImageObject","inLanguage":"pt-BR","@id":"https:\/\/www.suno.com.br\/noticias\/#\/schema\/logo\/image\/","url":"https:\/\/files.sunoresearch.com.br\/n\/uploads\/2021\/09\/suno-logo.png","contentUrl":"https:\/\/files.sunoresearch.com.br\/n\/uploads\/2021\/09\/suno-logo.png","width":180,"height":180,"caption":"Suno Not\u00edcias"},"image":{"@id":"https:\/\/www.suno.com.br\/noticias\/#\/schema\/logo\/image\/"},"sameAs":["https:\/\/facebook.com\/sunoresearch","https:\/\/x.com\/sunoresearch","https:\/\/www.instagram.com\/suno","https:\/\/www.linkedin.com\/company\/suno-research\/","https:\/\/www.youtube.com\/c\/sunoresearch"]},{"@type":"Person","@id":"https:\/\/www.suno.com.br\/noticias\/#\/schema\/person\/829bbe8d57f84333b966b96229c6bf5f","name":"Marco Ant\u00f4nio Lopes","image":{"@type":"ImageObject","inLanguage":"pt-BR","@id":"https:\/\/www.suno.com.br\/noticias\/#\/schema\/person\/image\/","url":"https:\/\/secure.gravatar.com\/avatar\/385167b012fbc1cde32c5446ee253313?s=96&r=g","contentUrl":"https:\/\/secure.gravatar.com\/avatar\/385167b012fbc1cde32c5446ee253313?s=96&r=g","caption":"Marco Ant\u00f4nio Lopes"},"description":"Jornalista, \u00e9 editor no Suno Not\u00edcias. Trabalhou nas revistas Playboy, Super, Veja Comer &amp; Beber, Homem Vogue e Universo Masculino, al\u00e9m dos portais Abril.com, R7, nas editorias de Home, Esportes, Hora 7, Entretenimento e Geral, e Eu Quero Investir. Autor do livro Bruce Lee: Definitivo (Editora Conrad). Colaborou nas revistas Nova, Veja SP, Grandes Guerras, Placar, Bizz, Casa Claudia e Quatro Rodas.","url":"https:\/\/www.suno.com.br\/noticias\/author\/marco-lopes\/"}]}},"default_loop_html":"<div class=\"cardsPage__listCard__boxs\"><div class=\"cardsPage__listCard__boxs__img\"><a href=\"https:\/\/www.suno.com.br\/noticias\/lula-presidente-privatizacao-eletrobras-escarnio-mal\/\"><img class=\"mask\" src=\"https:\/\/www.suno.com.br\/noticias\/wp-content\/themes\/suno\/resources\/images\/spotlight\/spotlight1img\/bg-mask.png\" alt=\"Image Mask\"\/><img src=\"https:\/\/files.sunoresearch.com.br\/n\/uploads\/2023\/01\/lula-.-400x200.jpg\" alt=\"Lula chama privatiza\u00e7\u00e3o da Eletrobras (ELET3) de &#8220;esc\u00e1rnio&#8221;\"\/><\/a><span class=\"spotlightCategory\"><a href=\"https:\/\/www.suno.com.br\/noticias\/politica\/\">Pol\u00edtica<\/a><\/span><\/div><div class=\"cardsPage__listCard__boxs__content\"><a href=\"https:\/\/www.suno.com.br\/noticias\/lula-presidente-privatizacao-eletrobras-escarnio-mal\/\"><h2 class=\"content__title\">Lula chama privatiza\u00e7\u00e3o da Eletrobras (ELET3) de &#8220;esc\u00e1rnio&#8221;<\/h2><\/a><div class=\"newsContent__article__meta\"><div class=\"newsContent__article__meta__authorBox\"><a href=\"https:\/\/www.suno.com.br\/noticias\/author\/marco-lopes\/\" class=\"authorBox__avatar noMobi\"><img src=\"https:\/\/secure.gravatar.com\/avatar\/385167b012fbc1cde32c5446ee253313?s=96&#038;r=g\" alt=\"Marco Ant\u00f4nio Lopes\"><\/a><div class=\"authorBox__name\"><span>por\n\t\t\t<a href=\"https:\/\/www.suno.com.br\/noticias\/author\/marco-lopes\/\"><span itemprop=\"author\">Marco Ant\u00f4nio Lopes<\/span><\/a><\/span><time datetime=\"2024-01-18T17:34:54-03:00\" itemprop=\"datePublished\">18\/01\/2024 17:34<\/time><\/div><\/div><\/div><\/div><\/div>","single_layout":"posts","amp_enabled":true,"_links":{"self":[{"href":"https:\/\/www.suno.com.br\/noticias\/wp-json\/wp\/v2\/posts\/512844"}],"collection":[{"href":"https:\/\/www.suno.com.br\/noticias\/wp-json\/wp\/v2\/posts"}],"about":[{"href":"https:\/\/www.suno.com.br\/noticias\/wp-json\/wp\/v2\/types\/post"}],"author":[{"embeddable":true,"href":"https:\/\/www.suno.com.br\/noticias\/wp-json\/wp\/v2\/users\/98"}],"replies":[{"embeddable":true,"href":"https:\/\/www.suno.com.br\/noticias\/wp-json\/wp\/v2\/comments?post=512844"}],"version-history":[{"count":2,"href":"https:\/\/www.suno.com.br\/noticias\/wp-json\/wp\/v2\/posts\/512844\/revisions"}],"predecessor-version":[{"id":512863,"href":"https:\/\/www.suno.com.br\/noticias\/wp-json\/wp\/v2\/posts\/512844\/revisions\/512863"}],"wp:featuredmedia":[{"embeddable":true,"href":"https:\/\/www.suno.com.br\/noticias\/wp-json\/wp\/v2\/media\/351548"}],"wp:attachment":[{"href":"https:\/\/www.suno.com.br\/noticias\/wp-json\/wp\/v2\/media?parent=512844"}],"wp:term":[{"taxonomy":"category","embeddable":true,"href":"https:\/\/www.suno.com.br\/noticias\/wp-json\/wp\/v2\/categories?post=512844"},{"taxonomy":"post_tag","embeddable":true,"href":"https:\/\/www.suno.com.br\/noticias\/wp-json\/wp\/v2\/tags?post=512844"},{"taxonomy":"suno_strategy","embeddable":true,"href":"https:\/\/www.suno.com.br\/noticias\/wp-json\/wp\/v2\/suno_strategy?post=512844"}],"curies":[{"name":"wp","href":"https:\/\/api.w.org\/{rel}","templated":true}]}}