{"id":512824,"date":"2024-01-18T20:14:01","date_gmt":"2024-01-18T23:14:01","guid":{"rendered":"https:\/\/www.suno.com.br\/noticias\/?p=512824"},"modified":"2024-01-18T20:22:09","modified_gmt":"2024-01-18T23:22:09","slug":"b3-b3sa3-ceo-governo-compromisso-fiscal-ruidos-desnecessarios","status":"publish","type":"post","link":"https:\/\/www.suno.com.br\/noticias\/b3-b3sa3-ceo-governo-compromisso-fiscal-ruidos-desnecessarios\/","title":{"rendered":"CEO da B3 (B3SA3): governo precisa focar no compromisso fiscal e n\u00e3o criar ru\u00eddos desnecess\u00e1rios"},"content":{"rendered":"<p>O CEO da<strong> B3<\/strong> (B3SA3), Gilson Finkelsztain, avalia que o governo precisa estar focado no compromisso fiscal, continuar com a agenda de reformas e n\u00e3o criar ru\u00eddos desnecess\u00e1rios capazes de gerar volatilidade no mercado. &#8220;O que o governo precisa fazer \u00e9 n\u00e3o ser t\u00e3o criativo a ponto de criar volatilidade.&#8221;<\/p>\t<div class=\"wrapper-featured-image\">\n\t\t<figure class=\"spotlightImg\">\n\n\t\t\t<picture>\n\t\t\t\t<source media=\"(max-width: 768px)\" srcset=\"https:\/\/files.sunoresearch.com.br\/n\/uploads\/2023\/06\/Ibovespa-B3-Fachada-400x200.jpg\">\n\t\t\t\t<img loading=\"lazy\" decoding=\"async\" class=\"newsContent__article__imgCapa lazyloadDisabled \" src=\"https:\/\/files.sunoresearch.com.br\/n\/uploads\/2023\/06\/Ibovespa-B3-Fachada-800x450.jpg\" width=\"800\" height=\"450\" alt=\"CEO da B3 (B3SA3): governo precisa focar no compromisso fiscal e n\u00e3o criar ru\u00eddos desnecess\u00e1rios\" fetchpriority=high \/>\n\t\t\t<\/picture>\n\n\t\t\t<figcaption class=\"wp-caption-text wp-caption-text--show\">B3 (B3SA3). Foto: Divulga\u00e7\u00e3o<\/figcaption>\n\t\t<\/figure>\n\t<\/div>\n\n\n\n\n\n\t<p>\n\t\t<a href=\"https:\/\/lp.suno.com.br\/planilha-da-vida-financeira\/\" target=\"_blank\" data-element=\"shortcode-suno-banner\" title=\"Banner SUNO, clique e saiba mais\">\n\t\t\t<picture>\n\t\t\t\t<source media=\"(max-width: 500px)\" srcset=\"https:\/\/files.sunoresearch.com.br\/n\/uploads\/2023\/04\/400x300-Planilha-vida-financeira-true.png\">\n\t\t\t\t<img class=\"newsContent__article__imgCapa newsContent__article__imgCapa--banner\"\n\t\t\t\t\tsrc=\"https:\/\/files.sunoresearch.com.br\/n\/uploads\/2023\/04\/1420x240-Planilha-vida-financeira-true.png\"\n\t\t\t\t\tdata-promo-id=\"106682\"\t\t\t\t\t\t\t\t\t\twidth='1420' height='240'\t\t\t\t\talt=\"https:\/\/files.sunoresearch.com.br\/n\/uploads\/2023\/04\/1420x240-Planilha-vida-financeira-true.png\"\n\t\t\t\t>\n\t\t\t<\/picture>\n\t\t<\/a>\n\t<\/p>\n\n\n\n\n\n\n\n<p>O governo n\u00e3o deve conseguir um d\u00e9ficit fiscal zero em 2024, como j\u00e1 espera o mercado, mas<strong> Gilson<\/strong> <strong>Finkelsztain<\/strong> argumenta que as autoridades em Bras\u00edlia precisam estar comprometidas com um n\u00famero, independente de ser um d\u00e9ficit de 0,1%, 0,3% ou 0,5% do <a class=\"suno-keyword\" target=\"_blank\" data-force=\"no\" data-priority=\"2\" href=\"https:\/\/www.suno.com.br\/artigos\/pib-produto-interno-bruto\/\" rel=\"noopener\">Produto Interno Bruto (PIB)<\/a>.<\/p>\n\n\n\n<p>&#8220;Mesmo que n\u00e3o seja zero, o n\u00famero est\u00e1 sob controle. Ent\u00e3o, um pequeno d\u00e9ficit fiscal n\u00e3o cria instabilidade grande para os mercados, desde que n\u00e3o cres\u00e7a indefinidamente e seja pequeno&#8221;, afirmou o <strong>CEO da B3<\/strong>.<\/p>\n\n\n\n<p>&#8220;Se tem uma li\u00e7\u00e3o que podemos tirar do ano passado \u00e9 que, quando o governo cria ru\u00eddos, atrapalha a agenda econ\u00f4mica&#8221;, disse Finkelsztain em encontro com jornalistas nesta quinta-feira. &#8220;O ano de 2023 come\u00e7ou com muitos ru\u00eddos, que foram dissipados ao longo do ano.&#8221;<\/p>\n\n\n\n<p>Finkelsztain afirmou que, ap\u00f3s fazer a reforma tribut\u00e1ria, a administrativa seria um &#8220;gola\u00e7o&#8221;, mas reconheceu que essa mudan\u00e7a no RH do Estado \u00e9 mais complexa de ser tocada.<\/p>\n\n\n\n<p>O cen\u00e1rio para Brasil est\u00e1 mais claro este ano, argumenta Finkelsztain, com infla\u00e7\u00e3o sob controle, c\u00e2mbio bem comportado e reservas. &#8220;Tem uma estrada na nossa frente de maior clareza quanto ao cen\u00e1rio macro&#8221;, disse ele, citando a incerteza pelo lado fiscal.<\/p>\n\n\n\n<figure class=\"wp-block-image size-full\"><img loading=\"lazy\" decoding=\"async\" width=\"922\" height=\"518\" src=\"https:\/\/files.sunoresearch.com.br\/n\/uploads\/2024\/01\/Gilson-Finkelsztain-CEO-B3.jpg\" alt=\"\" class=\"wp-image-512969\" srcset=\"https:\/\/files.sunoresearch.com.br\/n\/uploads\/2024\/01\/Gilson-Finkelsztain-CEO-B3.jpg 922w, https:\/\/files.sunoresearch.com.br\/n\/uploads\/2024\/01\/Gilson-Finkelsztain-CEO-B3-300x169.jpg 300w, https:\/\/files.sunoresearch.com.br\/n\/uploads\/2024\/01\/Gilson-Finkelsztain-CEO-B3-768x431.jpg 768w, https:\/\/files.sunoresearch.com.br\/n\/uploads\/2024\/01\/Gilson-Finkelsztain-CEO-B3-800x450.jpg 800w, https:\/\/files.sunoresearch.com.br\/n\/uploads\/2024\/01\/Gilson-Finkelsztain-CEO-B3-150x84.jpg 150w\" sizes=\"(max-width: 922px) 100vw, 922px\" \/><figcaption class=\"wp-element-caption\">Gilson Finkelsztain, CEO da B3: O cen\u00e1rio para Brasil est\u00e1 mais claro este ano, argumenta Finkelsztain, com infla\u00e7\u00e3o sob controle, c\u00e2mbio bem comportado e reservas<\/figcaption><\/figure>\n\n\n\t<p>\n\t\t<a href=\"https:\/\/lp.suno.com.br\/ebook-como-analisar-uma-acao\/\" target=\"_blank\" data-element=\"shortcode-suno-banner\" title=\"Banner SUNO, clique e saiba mais\">\n\t\t\t<picture>\n\t\t\t\t<source media=\"(max-width: 500px)\" srcset=\"https:\/\/files.sunoresearch.com.br\/n\/uploads\/2023\/03\/Ebook-Acoes-Mobile.jpg\">\n\t\t\t\t<img class=\"newsContent__article__imgCapa newsContent__article__imgCapa--banner\"\n\t\t\t\t\tsrc=\"https:\/\/files.sunoresearch.com.br\/n\/uploads\/2023\/03\/Ebook-Acoes-Desktop.jpg\"\n\t\t\t\t\tdata-promo-id=\"378302\"\t\t\t\t\t\t\t\t\t\twidth='1420' height='286'\t\t\t\t\talt=\"https:\/\/files.sunoresearch.com.br\/n\/uploads\/2023\/03\/Ebook-Acoes-Desktop.jpg\"\n\t\t\t\t>\n\t\t\t<\/picture>\n\t\t<\/a>\n\t<\/p>\n\n\n\n\n\n<h2 class=\"wp-block-heading\">B3: ano ser\u00e1 de mais follow-ons que IPOs<\/h2>\n\n\n\n<p>Apesar de haver mais de 100 empresas se preparando para uma abertura de capital, Gilson Finkelsztain acredita, segundo reportagem publicada no site da B3, que o ano de 2024 ser\u00e1 marcado por mais ofertas subsequentes de a\u00e7\u00f5es (follow-on, quando empresas j\u00e1 listadas voltam a mercado para emitir novas a\u00e7\u00f5es e levantar mais capital) do que IPOs<\/p>\n\n\n\n<p>\u201cO desenvolvimento do <a class=\"suno-keyword\" target=\"_blank\" data-force=\"no\" data-priority=\"1\" href=\"https:\/\/www.suno.com.br\/artigos\/mercado-de-capitais-conceito\/\" rel=\"noopener\">mercado de capitais<\/a> n\u00e3o deve ser medido apenas pelos IPOs. No ano passado n\u00e3o tivemos abertura de capital, mas foram mais de 20 follow-ons\u201d, afirmou o CEO \u00e0 B3.<\/p>\n\n\n\n<p>Ele acredita que nem todas as 100 empresas que preparam para lan\u00e7ar a\u00e7\u00f5es na bolsa realmente ir\u00e3o a mercado. As aberturas devem se concentrar em companhias consolidadas e de setores mais tradicionais, como saneamento e energia. Por outro lado, empresas que ainda n\u00e3o d\u00e3o lucro n\u00e3o devem fazer seus IPOs. \u201cN\u00e3o vejo espa\u00e7o para IPO de empresas deficit\u00e1rias\u201d, disse.<\/p>\n\n\n\n<p>Mesmo assim, o<strong> <\/strong>presidente da<strong> B3 <\/strong>disse que existe \u201cquase um consenso\u201d de que fazer IPO fora do Brasil \u00e9 menos vantajoso do que abrir capital aqui.<\/p>\n\n\n\n<p><em>Com Estad\u00e3o Conte\u00fado<\/em><\/p>\n\n\n\t<p>\n\t\t<a href=\"https:\/\/lp.suno.com.br\/planilha-da-vida-financeira\/\" target=\"_blank\" data-element=\"shortcode-suno-banner\" title=\"Banner SUNO, clique e saiba mais\">\n\t\t\t<picture>\n\t\t\t\t<source media=\"(max-width: 500px)\" srcset=\"https:\/\/files.sunoresearch.com.br\/n\/uploads\/2023\/04\/400x300-Planilha-vida-financeira-true.png\">\n\t\t\t\t<img class=\"newsContent__article__imgCapa newsContent__article__imgCapa--banner\"\n\t\t\t\t\tsrc=\"https:\/\/files.sunoresearch.com.br\/n\/uploads\/2023\/04\/1420x240-Planilha-vida-financeira-true.png\"\n\t\t\t\t\tdata-promo-id=\"383123\"\t\t\t\t\t\t\t\t\t\twidth='1420' height='240'\t\t\t\t\talt=\"https:\/\/files.sunoresearch.com.br\/n\/uploads\/2023\/04\/1420x240-Planilha-vida-financeira-true.png\"\n\t\t\t\t>\n\t\t\t<\/picture>\n\t\t<\/a>\n\t<\/p>\n\n\n","protected":false},"excerpt":{"rendered":"<p>O CEO da B3 (B3SA3), Gilson Finkelsztain, avalia que o governo precisa estar focado no compromisso fiscal, continuar com a agenda de reformas e n\u00e3o criar ru\u00eddos desnecess\u00e1rios capazes de gerar volatilidade no mercado. &#8220;O que o governo precisa fazer \u00e9 n\u00e3o ser t\u00e3o criativo a ponto de criar volatilidade.&#8221; B3 (B3SA3). Foto: Divulga\u00e7\u00e3o O [&hellip;]<\/p>\n","protected":false},"author":43,"featured_media":414140,"comment_status":"closed","ping_status":"closed","sticky":false,"template":"","format":"standard","meta":[],"categories":[60],"tags":[286,367],"suno_strategy":[],"class_list":["post-512824","post","type-post","status-publish","format-standard","has-post-thumbnail","hentry","category-mercado","tag-acoes","tag-b3-b3sa3"],"yoast_head":"<!-- This site is optimized with the Yoast SEO plugin v24.4 - https:\/\/yoast.com\/wordpress\/plugins\/seo\/ -->\n<title>CEO da B3 (B3SA3): governo precisa focar no compromisso fiscal<\/title>\n<meta name=\"description\" content=\"CEO da B3, Gilson Finkelsztain diz que governo precisa continuar com agenda de reformas, sem criar ru\u00eddos para gerar volatilidade no mercado\" \/>\n<meta name=\"robots\" content=\"index, follow, max-snippet:-1, max-image-preview:large, max-video-preview:-1\" \/>\n<link rel=\"canonical\" href=\"https:\/\/www.suno.com.br\/noticias\/b3-b3sa3-ceo-governo-compromisso-fiscal-ruidos-desnecessarios\/\" \/>\n<meta property=\"og:locale\" content=\"pt_BR\" \/>\n<meta property=\"og:type\" content=\"article\" \/>\n<meta property=\"og:title\" content=\"CEO da B3 (B3SA3): governo precisa focar no compromisso fiscal\" \/>\n<meta property=\"og:description\" content=\"CEO da B3, Gilson Finkelsztain diz que governo precisa continuar com agenda de reformas, sem criar ru\u00eddos para gerar volatilidade no mercado\" \/>\n<meta property=\"og:url\" content=\"https:\/\/www.suno.com.br\/noticias\/b3-b3sa3-ceo-governo-compromisso-fiscal-ruidos-desnecessarios\/\" \/>\n<meta property=\"og:site_name\" content=\"Suno Not\u00edcias\" \/>\n<meta property=\"article:publisher\" content=\"https:\/\/facebook.com\/sunoresearch\" \/>\n<meta property=\"article:author\" content=\"https:\/\/www.facebook.com\/sunonoticias\/\" \/>\n<meta property=\"og:image\" content=\"https:\/\/files.sunoresearch.com.br\/n\/uploads\/2023\/06\/Ibovespa-B3-Fachada.jpg\" \/>\n\t<meta property=\"og:image:width\" content=\"1459\" \/>\n\t<meta property=\"og:image:height\" content=\"821\" \/>\n\t<meta property=\"og:image:type\" content=\"image\/jpeg\" \/>\n<meta name=\"author\" content=\"Reda\u00e7\u00e3o Suno Not\u00edcias\" \/>\n<meta name=\"twitter:card\" content=\"summary_large_image\" \/>\n<meta name=\"twitter:creator\" content=\"@https:\/\/twitter.com\/sunoresearch\" \/>\n<meta name=\"twitter:site\" content=\"@sunoresearch\" \/>\n<meta name=\"twitter:label1\" content=\"Escrito por\" \/>\n\t<meta name=\"twitter:data1\" content=\"Reda\u00e7\u00e3o Suno Not\u00edcias\" \/>\n\t<meta name=\"twitter:label2\" content=\"Est. tempo de leitura\" \/>\n\t<meta name=\"twitter:data2\" content=\"3 minutos\" \/>\n<script type=\"application\/ld+json\" class=\"yoast-schema-graph\">{\"@context\":\"https:\/\/schema.org\",\"@graph\":[{\"@type\":\"NewsArticle\",\"@id\":\"https:\/\/www.suno.com.br\/noticias\/b3-b3sa3-ceo-governo-compromisso-fiscal-ruidos-desnecessarios\/#article\",\"isPartOf\":{\"@id\":\"https:\/\/www.suno.com.br\/noticias\/b3-b3sa3-ceo-governo-compromisso-fiscal-ruidos-desnecessarios\/\"},\"author\":{\"name\":\"Reda\u00e7\u00e3o Suno Not\u00edcias\",\"@id\":\"https:\/\/www.suno.com.br\/noticias\/#\/schema\/person\/c1b1bd3727fa852bd045e9dbff3673ea\"},\"headline\":\"CEO da B3 (B3SA3): governo precisa focar no compromisso fiscal e n\u00e3o criar ru\u00eddos desnecess\u00e1rios\",\"datePublished\":\"2024-01-18T23:14:01+00:00\",\"dateModified\":\"2024-01-18T23:22:09+00:00\",\"mainEntityOfPage\":{\"@id\":\"https:\/\/www.suno.com.br\/noticias\/b3-b3sa3-ceo-governo-compromisso-fiscal-ruidos-desnecessarios\/\"},\"wordCount\":517,\"publisher\":{\"@id\":\"https:\/\/www.suno.com.br\/noticias\/#organization\"},\"image\":{\"@id\":\"https:\/\/www.suno.com.br\/noticias\/b3-b3sa3-ceo-governo-compromisso-fiscal-ruidos-desnecessarios\/#primaryimage\"},\"thumbnailUrl\":\"https:\/\/files.sunoresearch.com.br\/n\/uploads\/2023\/06\/Ibovespa-B3-Fachada.jpg\",\"keywords\":[\"A\u00e7\u00f5es\",\"B3 (B3SA3)\"],\"articleSection\":[\"Mercado\"],\"inLanguage\":\"pt-BR\"},{\"@type\":\"WebPage\",\"@id\":\"https:\/\/www.suno.com.br\/noticias\/b3-b3sa3-ceo-governo-compromisso-fiscal-ruidos-desnecessarios\/\",\"url\":\"https:\/\/www.suno.com.br\/noticias\/b3-b3sa3-ceo-governo-compromisso-fiscal-ruidos-desnecessarios\/\",\"name\":\"CEO da B3 (B3SA3): governo precisa focar no compromisso fiscal\",\"isPartOf\":{\"@id\":\"https:\/\/www.suno.com.br\/noticias\/#website\"},\"primaryImageOfPage\":{\"@id\":\"https:\/\/www.suno.com.br\/noticias\/b3-b3sa3-ceo-governo-compromisso-fiscal-ruidos-desnecessarios\/#primaryimage\"},\"image\":{\"@id\":\"https:\/\/www.suno.com.br\/noticias\/b3-b3sa3-ceo-governo-compromisso-fiscal-ruidos-desnecessarios\/#primaryimage\"},\"thumbnailUrl\":\"https:\/\/files.sunoresearch.com.br\/n\/uploads\/2023\/06\/Ibovespa-B3-Fachada.jpg\",\"datePublished\":\"2024-01-18T23:14:01+00:00\",\"dateModified\":\"2024-01-18T23:22:09+00:00\",\"description\":\"CEO da B3, Gilson Finkelsztain diz que governo precisa continuar com agenda de reformas, sem criar ru\u00eddos para gerar volatilidade no mercado\",\"breadcrumb\":{\"@id\":\"https:\/\/www.suno.com.br\/noticias\/b3-b3sa3-ceo-governo-compromisso-fiscal-ruidos-desnecessarios\/#breadcrumb\"},\"inLanguage\":\"pt-BR\",\"potentialAction\":[{\"@type\":\"ReadAction\",\"target\":[\"https:\/\/www.suno.com.br\/noticias\/b3-b3sa3-ceo-governo-compromisso-fiscal-ruidos-desnecessarios\/\"]}]},{\"@type\":\"ImageObject\",\"inLanguage\":\"pt-BR\",\"@id\":\"https:\/\/www.suno.com.br\/noticias\/b3-b3sa3-ceo-governo-compromisso-fiscal-ruidos-desnecessarios\/#primaryimage\",\"url\":\"https:\/\/files.sunoresearch.com.br\/n\/uploads\/2023\/06\/Ibovespa-B3-Fachada.jpg\",\"contentUrl\":\"https:\/\/files.sunoresearch.com.br\/n\/uploads\/2023\/06\/Ibovespa-B3-Fachada.jpg\",\"width\":1459,\"height\":821,\"caption\":\"B3 (B3SA3). Foto: Divulga\u00e7\u00e3o\"},{\"@type\":\"BreadcrumbList\",\"@id\":\"https:\/\/www.suno.com.br\/noticias\/b3-b3sa3-ceo-governo-compromisso-fiscal-ruidos-desnecessarios\/#breadcrumb\",\"itemListElement\":[{\"@type\":\"ListItem\",\"position\":1,\"name\":\"Not\u00edcias\",\"item\":\"https:\/\/www.suno.com.br\/noticias\/\"},{\"@type\":\"ListItem\",\"position\":2,\"name\":\"Mercado\",\"item\":\"https:\/\/www.suno.com.br\/noticias\/mercado\/\"},{\"@type\":\"ListItem\",\"position\":3,\"name\":\"CEO da B3 (B3SA3): governo precisa focar no compromisso fiscal e n\u00e3o criar ru\u00eddos desnecess\u00e1rios\"}]},{\"@type\":\"WebSite\",\"@id\":\"https:\/\/www.suno.com.br\/noticias\/#website\",\"url\":\"https:\/\/www.suno.com.br\/noticias\/\",\"name\":\"Suno Not\u00edcias\",\"description\":\"Seu portal de informa\u00e7\u00e3o sobre o mundo dos investimentos\",\"publisher\":{\"@id\":\"https:\/\/www.suno.com.br\/noticias\/#organization\"},\"potentialAction\":[{\"@type\":\"SearchAction\",\"target\":{\"@type\":\"EntryPoint\",\"urlTemplate\":\"https:\/\/www.suno.com.br\/noticias\/?s={search_term_string}\"},\"query-input\":{\"@type\":\"PropertyValueSpecification\",\"valueRequired\":true,\"valueName\":\"search_term_string\"}}],\"inLanguage\":\"pt-BR\"},{\"@type\":\"Organization\",\"@id\":\"https:\/\/www.suno.com.br\/noticias\/#organization\",\"name\":\"Suno Not\u00edcias\",\"url\":\"https:\/\/www.suno.com.br\/noticias\/\",\"logo\":{\"@type\":\"ImageObject\",\"inLanguage\":\"pt-BR\",\"@id\":\"https:\/\/www.suno.com.br\/noticias\/#\/schema\/logo\/image\/\",\"url\":\"https:\/\/files.sunoresearch.com.br\/n\/uploads\/2021\/09\/suno-logo.png\",\"contentUrl\":\"https:\/\/files.sunoresearch.com.br\/n\/uploads\/2021\/09\/suno-logo.png\",\"width\":180,\"height\":180,\"caption\":\"Suno Not\u00edcias\"},\"image\":{\"@id\":\"https:\/\/www.suno.com.br\/noticias\/#\/schema\/logo\/image\/\"},\"sameAs\":[\"https:\/\/facebook.com\/sunoresearch\",\"https:\/\/x.com\/sunoresearch\",\"https:\/\/www.instagram.com\/suno\",\"https:\/\/www.linkedin.com\/company\/suno-research\/\",\"https:\/\/www.youtube.com\/c\/sunoresearch\"]},{\"@type\":\"Person\",\"@id\":\"https:\/\/www.suno.com.br\/noticias\/#\/schema\/person\/c1b1bd3727fa852bd045e9dbff3673ea\",\"name\":\"Reda\u00e7\u00e3o Suno Not\u00edcias\",\"image\":{\"@type\":\"ImageObject\",\"inLanguage\":\"pt-BR\",\"@id\":\"https:\/\/www.suno.com.br\/noticias\/#\/schema\/person\/image\/\",\"url\":\"https:\/\/secure.gravatar.com\/avatar\/b8104b9b5a71985d5238ee59fbe418af?s=96&r=g\",\"contentUrl\":\"https:\/\/secure.gravatar.com\/avatar\/b8104b9b5a71985d5238ee59fbe418af?s=96&r=g\",\"caption\":\"Reda\u00e7\u00e3o Suno Not\u00edcias\"},\"description\":\"O Suno Not\u00edcias \u00e9 um portal de informa\u00e7\u00f5es sobre Mercado Financeiro, Pol\u00edtica, Neg\u00f3cios, Economia e Finan\u00e7as Pessoais.\",\"sameAs\":[\"https:\/\/www.suno.com.br\/noticias\",\"https:\/\/www.facebook.com\/sunonoticias\/\",\"https:\/\/www.instagram.com\/sunonoticias\/\",\"https:\/\/x.com\/https:\/\/twitter.com\/sunoresearch\",\"https:\/\/www.youtube.com\/sunonoticias\"],\"url\":\"https:\/\/www.suno.com.br\/noticias\/author\/redacao-suno\/\"}]}<\/script>\n<!-- \/ Yoast SEO plugin. -->","yoast_head_json":{"title":"CEO da B3 (B3SA3): governo precisa focar no compromisso fiscal","description":"CEO da B3, Gilson Finkelsztain diz que governo precisa continuar com agenda de reformas, sem criar ru\u00eddos para gerar volatilidade no mercado","robots":{"index":"index","follow":"follow","max-snippet":"max-snippet:-1","max-image-preview":"max-image-preview:large","max-video-preview":"max-video-preview:-1"},"canonical":"https:\/\/www.suno.com.br\/noticias\/b3-b3sa3-ceo-governo-compromisso-fiscal-ruidos-desnecessarios\/","og_locale":"pt_BR","og_type":"article","og_title":"CEO da B3 (B3SA3): governo precisa focar no compromisso fiscal","og_description":"CEO da B3, Gilson Finkelsztain diz que governo precisa continuar com agenda de reformas, sem criar ru\u00eddos para gerar volatilidade no mercado","og_url":"https:\/\/www.suno.com.br\/noticias\/b3-b3sa3-ceo-governo-compromisso-fiscal-ruidos-desnecessarios\/","og_site_name":"Suno Not\u00edcias","article_publisher":"https:\/\/facebook.com\/sunoresearch","article_author":"https:\/\/www.facebook.com\/sunonoticias\/","og_image":[{"width":1459,"height":821,"url":"https:\/\/files.sunoresearch.com.br\/n\/uploads\/2023\/06\/Ibovespa-B3-Fachada.jpg","type":"image\/jpeg"}],"author":"Reda\u00e7\u00e3o Suno Not\u00edcias","twitter_card":"summary_large_image","twitter_creator":"@https:\/\/twitter.com\/sunoresearch","twitter_site":"@sunoresearch","twitter_misc":{"Escrito por":"Reda\u00e7\u00e3o Suno Not\u00edcias","Est. tempo de leitura":"3 minutos"},"schema":{"@context":"https:\/\/schema.org","@graph":[{"@type":"NewsArticle","@id":"https:\/\/www.suno.com.br\/noticias\/b3-b3sa3-ceo-governo-compromisso-fiscal-ruidos-desnecessarios\/#article","isPartOf":{"@id":"https:\/\/www.suno.com.br\/noticias\/b3-b3sa3-ceo-governo-compromisso-fiscal-ruidos-desnecessarios\/"},"author":{"name":"Reda\u00e7\u00e3o Suno Not\u00edcias","@id":"https:\/\/www.suno.com.br\/noticias\/#\/schema\/person\/c1b1bd3727fa852bd045e9dbff3673ea"},"headline":"CEO da B3 (B3SA3): governo precisa focar no compromisso fiscal e n\u00e3o criar ru\u00eddos desnecess\u00e1rios","datePublished":"2024-01-18T23:14:01+00:00","dateModified":"2024-01-18T23:22:09+00:00","mainEntityOfPage":{"@id":"https:\/\/www.suno.com.br\/noticias\/b3-b3sa3-ceo-governo-compromisso-fiscal-ruidos-desnecessarios\/"},"wordCount":517,"publisher":{"@id":"https:\/\/www.suno.com.br\/noticias\/#organization"},"image":{"@id":"https:\/\/www.suno.com.br\/noticias\/b3-b3sa3-ceo-governo-compromisso-fiscal-ruidos-desnecessarios\/#primaryimage"},"thumbnailUrl":"https:\/\/files.sunoresearch.com.br\/n\/uploads\/2023\/06\/Ibovespa-B3-Fachada.jpg","keywords":["A\u00e7\u00f5es","B3 (B3SA3)"],"articleSection":["Mercado"],"inLanguage":"pt-BR"},{"@type":"WebPage","@id":"https:\/\/www.suno.com.br\/noticias\/b3-b3sa3-ceo-governo-compromisso-fiscal-ruidos-desnecessarios\/","url":"https:\/\/www.suno.com.br\/noticias\/b3-b3sa3-ceo-governo-compromisso-fiscal-ruidos-desnecessarios\/","name":"CEO da B3 (B3SA3): governo precisa focar no compromisso fiscal","isPartOf":{"@id":"https:\/\/www.suno.com.br\/noticias\/#website"},"primaryImageOfPage":{"@id":"https:\/\/www.suno.com.br\/noticias\/b3-b3sa3-ceo-governo-compromisso-fiscal-ruidos-desnecessarios\/#primaryimage"},"image":{"@id":"https:\/\/www.suno.com.br\/noticias\/b3-b3sa3-ceo-governo-compromisso-fiscal-ruidos-desnecessarios\/#primaryimage"},"thumbnailUrl":"https:\/\/files.sunoresearch.com.br\/n\/uploads\/2023\/06\/Ibovespa-B3-Fachada.jpg","datePublished":"2024-01-18T23:14:01+00:00","dateModified":"2024-01-18T23:22:09+00:00","description":"CEO da B3, Gilson Finkelsztain diz que governo precisa continuar com agenda de reformas, sem criar ru\u00eddos para gerar volatilidade no mercado","breadcrumb":{"@id":"https:\/\/www.suno.com.br\/noticias\/b3-b3sa3-ceo-governo-compromisso-fiscal-ruidos-desnecessarios\/#breadcrumb"},"inLanguage":"pt-BR","potentialAction":[{"@type":"ReadAction","target":["https:\/\/www.suno.com.br\/noticias\/b3-b3sa3-ceo-governo-compromisso-fiscal-ruidos-desnecessarios\/"]}]},{"@type":"ImageObject","inLanguage":"pt-BR","@id":"https:\/\/www.suno.com.br\/noticias\/b3-b3sa3-ceo-governo-compromisso-fiscal-ruidos-desnecessarios\/#primaryimage","url":"https:\/\/files.sunoresearch.com.br\/n\/uploads\/2023\/06\/Ibovespa-B3-Fachada.jpg","contentUrl":"https:\/\/files.sunoresearch.com.br\/n\/uploads\/2023\/06\/Ibovespa-B3-Fachada.jpg","width":1459,"height":821,"caption":"B3 (B3SA3). Foto: Divulga\u00e7\u00e3o"},{"@type":"BreadcrumbList","@id":"https:\/\/www.suno.com.br\/noticias\/b3-b3sa3-ceo-governo-compromisso-fiscal-ruidos-desnecessarios\/#breadcrumb","itemListElement":[{"@type":"ListItem","position":1,"name":"Not\u00edcias","item":"https:\/\/www.suno.com.br\/noticias\/"},{"@type":"ListItem","position":2,"name":"Mercado","item":"https:\/\/www.suno.com.br\/noticias\/mercado\/"},{"@type":"ListItem","position":3,"name":"CEO da B3 (B3SA3): governo precisa focar no compromisso fiscal e n\u00e3o criar ru\u00eddos desnecess\u00e1rios"}]},{"@type":"WebSite","@id":"https:\/\/www.suno.com.br\/noticias\/#website","url":"https:\/\/www.suno.com.br\/noticias\/","name":"Suno Not\u00edcias","description":"Seu portal de informa\u00e7\u00e3o sobre o mundo dos investimentos","publisher":{"@id":"https:\/\/www.suno.com.br\/noticias\/#organization"},"potentialAction":[{"@type":"SearchAction","target":{"@type":"EntryPoint","urlTemplate":"https:\/\/www.suno.com.br\/noticias\/?s={search_term_string}"},"query-input":{"@type":"PropertyValueSpecification","valueRequired":true,"valueName":"search_term_string"}}],"inLanguage":"pt-BR"},{"@type":"Organization","@id":"https:\/\/www.suno.com.br\/noticias\/#organization","name":"Suno Not\u00edcias","url":"https:\/\/www.suno.com.br\/noticias\/","logo":{"@type":"ImageObject","inLanguage":"pt-BR","@id":"https:\/\/www.suno.com.br\/noticias\/#\/schema\/logo\/image\/","url":"https:\/\/files.sunoresearch.com.br\/n\/uploads\/2021\/09\/suno-logo.png","contentUrl":"https:\/\/files.sunoresearch.com.br\/n\/uploads\/2021\/09\/suno-logo.png","width":180,"height":180,"caption":"Suno Not\u00edcias"},"image":{"@id":"https:\/\/www.suno.com.br\/noticias\/#\/schema\/logo\/image\/"},"sameAs":["https:\/\/facebook.com\/sunoresearch","https:\/\/x.com\/sunoresearch","https:\/\/www.instagram.com\/suno","https:\/\/www.linkedin.com\/company\/suno-research\/","https:\/\/www.youtube.com\/c\/sunoresearch"]},{"@type":"Person","@id":"https:\/\/www.suno.com.br\/noticias\/#\/schema\/person\/c1b1bd3727fa852bd045e9dbff3673ea","name":"Reda\u00e7\u00e3o Suno Not\u00edcias","image":{"@type":"ImageObject","inLanguage":"pt-BR","@id":"https:\/\/www.suno.com.br\/noticias\/#\/schema\/person\/image\/","url":"https:\/\/secure.gravatar.com\/avatar\/b8104b9b5a71985d5238ee59fbe418af?s=96&r=g","contentUrl":"https:\/\/secure.gravatar.com\/avatar\/b8104b9b5a71985d5238ee59fbe418af?s=96&r=g","caption":"Reda\u00e7\u00e3o Suno Not\u00edcias"},"description":"O Suno Not\u00edcias \u00e9 um portal de informa\u00e7\u00f5es sobre Mercado Financeiro, Pol\u00edtica, Neg\u00f3cios, Economia e Finan\u00e7as Pessoais.","sameAs":["https:\/\/www.suno.com.br\/noticias","https:\/\/www.facebook.com\/sunonoticias\/","https:\/\/www.instagram.com\/sunonoticias\/","https:\/\/x.com\/https:\/\/twitter.com\/sunoresearch","https:\/\/www.youtube.com\/sunonoticias"],"url":"https:\/\/www.suno.com.br\/noticias\/author\/redacao-suno\/"}]}},"default_loop_html":"<div class=\"cardsPage__listCard__boxs\"><div class=\"cardsPage__listCard__boxs__img\"><a href=\"https:\/\/www.suno.com.br\/noticias\/b3-b3sa3-ceo-governo-compromisso-fiscal-ruidos-desnecessarios\/\"><img class=\"mask\" src=\"https:\/\/www.suno.com.br\/noticias\/wp-content\/themes\/suno\/resources\/images\/spotlight\/spotlight1img\/bg-mask.png\" alt=\"Image Mask\"\/><img src=\"https:\/\/files.sunoresearch.com.br\/n\/uploads\/2023\/06\/Ibovespa-B3-Fachada-400x200.jpg\" alt=\"CEO da B3 (B3SA3): governo precisa focar no compromisso fiscal e n\u00e3o criar ru\u00eddos desnecess\u00e1rios\"\/><\/a><span class=\"spotlightCategory\"><a href=\"https:\/\/www.suno.com.br\/noticias\/mercado\/\">Mercado<\/a><\/span><\/div><div class=\"cardsPage__listCard__boxs__content\"><a href=\"https:\/\/www.suno.com.br\/noticias\/b3-b3sa3-ceo-governo-compromisso-fiscal-ruidos-desnecessarios\/\"><h2 class=\"content__title\">CEO da B3 (B3SA3): governo precisa focar no compromisso fiscal e n\u00e3o criar ru\u00eddos desnecess\u00e1rios<\/h2><\/a><div class=\"newsContent__article__meta\"><div class=\"newsContent__article__meta__authorBox\"><a href=\"https:\/\/www.suno.com.br\/noticias\/author\/redacao-suno\/\" class=\"authorBox__avatar noMobi\"><img src=\"https:\/\/files.sunoresearch.com.br\/n\/uploads\/2020\/08\/0ace682d-redacao-1-150x150.webp\" alt=\"Reda\u00e7\u00e3o Suno Not\u00edcias\"><\/a><div class=\"authorBox__name\"><span>por\n\t\t\t<a href=\"https:\/\/www.suno.com.br\/noticias\/author\/redacao-suno\/\"><span itemprop=\"author\">Reda\u00e7\u00e3o Suno Not\u00edcias<\/span><\/a><\/span><time datetime=\"2024-01-18T20:14:01-03:00\" itemprop=\"datePublished\">18\/01\/2024 20:14<\/time><\/div><\/div><\/div><\/div><\/div>","single_layout":"posts","amp_enabled":true,"_links":{"self":[{"href":"https:\/\/www.suno.com.br\/noticias\/wp-json\/wp\/v2\/posts\/512824"}],"collection":[{"href":"https:\/\/www.suno.com.br\/noticias\/wp-json\/wp\/v2\/posts"}],"about":[{"href":"https:\/\/www.suno.com.br\/noticias\/wp-json\/wp\/v2\/types\/post"}],"author":[{"embeddable":true,"href":"https:\/\/www.suno.com.br\/noticias\/wp-json\/wp\/v2\/users\/43"}],"replies":[{"embeddable":true,"href":"https:\/\/www.suno.com.br\/noticias\/wp-json\/wp\/v2\/comments?post=512824"}],"version-history":[{"count":3,"href":"https:\/\/www.suno.com.br\/noticias\/wp-json\/wp\/v2\/posts\/512824\/revisions"}],"predecessor-version":[{"id":512973,"href":"https:\/\/www.suno.com.br\/noticias\/wp-json\/wp\/v2\/posts\/512824\/revisions\/512973"}],"wp:featuredmedia":[{"embeddable":true,"href":"https:\/\/www.suno.com.br\/noticias\/wp-json\/wp\/v2\/media\/414140"}],"wp:attachment":[{"href":"https:\/\/www.suno.com.br\/noticias\/wp-json\/wp\/v2\/media?parent=512824"}],"wp:term":[{"taxonomy":"category","embeddable":true,"href":"https:\/\/www.suno.com.br\/noticias\/wp-json\/wp\/v2\/categories?post=512824"},{"taxonomy":"post_tag","embeddable":true,"href":"https:\/\/www.suno.com.br\/noticias\/wp-json\/wp\/v2\/tags?post=512824"},{"taxonomy":"suno_strategy","embeddable":true,"href":"https:\/\/www.suno.com.br\/noticias\/wp-json\/wp\/v2\/suno_strategy?post=512824"}],"curies":[{"name":"wp","href":"https:\/\/api.w.org\/{rel}","templated":true}]}}