{"id":512510,"date":"2024-01-18T08:57:38","date_gmt":"2024-01-18T11:57:38","guid":{"rendered":"https:\/\/www.suno.com.br\/noticias\/?p=512510"},"modified":"2024-01-18T08:57:46","modified_gmt":"2024-01-18T11:57:46","slug":"slc-agricola-slce3-destaque-btg-commodities-gpj","status":"publish","type":"post","link":"https:\/\/www.suno.com.br\/noticias\/slc-agricola-slce3-destaque-btg-commodities-gpj\/","title":{"rendered":"SLC Agr\u00edcola (SLCE3) \u00e9 destaque do BTG no setor de commodities e fam\u00edlia Scheffer adquire participa\u00e7\u00e3o na companhia"},"content":{"rendered":"<p>As a\u00e7\u00f5es de <strong>SLC Agr\u00edcola<\/strong> (<a href=\"https:\/\/statusinvest.com.br\/acoes\/slce3\">SLCE3<\/a>) lideraram as altas do Ibovespa na quarta-feira (17), com o <a href=\"https:\/\/www.suno.com.br\/acoes\/BPAC11\/\">BTG Pactual (BPAC11)<\/a> destacando a empresa em relat\u00f3rio sobre as estimativas do Departamento de Agricultura dos Estados Unidos (USDA) para o setor de commodities no Brasil.<\/p>\t<div class=\"wrapper-featured-image\">\n\t\t<figure class=\"spotlightImg\">\n\n\t\t\t<picture>\n\t\t\t\t<source media=\"(max-width: 768px)\" srcset=\"https:\/\/files.sunoresearch.com.br\/n\/uploads\/2022\/06\/vince-veras-sYaK3SlGwEw-unsplash-400x200.jpg\">\n\t\t\t\t<img loading=\"lazy\" decoding=\"async\" class=\"newsContent__article__imgCapa lazyloadDisabled \" src=\"https:\/\/files.sunoresearch.com.br\/n\/uploads\/2022\/06\/vince-veras-sYaK3SlGwEw-unsplash-800x450.jpg\" width=\"800\" height=\"450\" alt=\"SLC Agr\u00edcola (SLCE3) \u00e9 destaque do BTG no setor de commodities e fam\u00edlia Scheffer adquire participa\u00e7\u00e3o na companhia\" fetchpriority=high \/>\n\t\t\t<\/picture>\n\n\t\t\t<figcaption class=\"wp-caption-text wp-caption-text--show\">SLC Agr\u00edcola (SLCE3). Foto: Unsplash<\/figcaption>\n\t\t<\/figure>\n\t<\/div>\n\n\n\n\n\n\n\n\t<p>\n\t\t<a href=\"https:\/\/lp.suno.com.br\/planilha-da-vida-financeira\/\" target=\"_blank\" data-element=\"shortcode-suno-banner\" title=\"Banner SUNO, clique e saiba mais\">\n\t\t\t<picture>\n\t\t\t\t<source media=\"(max-width: 500px)\" srcset=\"https:\/\/files.sunoresearch.com.br\/n\/uploads\/2023\/04\/400x300-Planilha-vida-financeira-true.png\">\n\t\t\t\t<img class=\"newsContent__article__imgCapa newsContent__article__imgCapa--banner\"\n\t\t\t\t\tsrc=\"https:\/\/files.sunoresearch.com.br\/n\/uploads\/2023\/04\/1420x240-Planilha-vida-financeira-true.png\"\n\t\t\t\t\tdata-promo-id=\"106682\"\t\t\t\t\t\t\t\t\t\twidth='1420' height='240'\t\t\t\t\talt=\"https:\/\/files.sunoresearch.com.br\/n\/uploads\/2023\/04\/1420x240-Planilha-vida-financeira-true.png\"\n\t\t\t\t>\n\t\t\t<\/picture>\n\t\t<\/a>\n\t<\/p>\n\n\n\n\n\n<p>Na quarta-feira (17), as <strong>a\u00e7\u00f5es da SLC Agr\u00edcola<\/strong> fecharam em alta de 3,87%, a R$ 18,80. No ano, as a\u00e7\u00f5es sobem 2,45%, segundo o Status Invest.<\/p>\n\n\n\n<div class=\"pluginQuotation\">\n  <p class=\"ticker\">\n    Cota\u00e7\u00e3o <span>SLCE3<\/span>\n  <\/p>\n  <div class=\"info\">\n    <div class=\"leftSide\">\n      Gr\u00e1fico gerado em: 18\/01\/2024    <\/div>\n\t\t\t\t\t<div class=\"rightSide\">\n\t\t\t\t\t<span class=\"period\">\n\t\t\t\t\t\t1 Dia\t\t\t\t\t<\/span>\n\t\t\t<\/div>\n\t\t  <\/div>\n\n  <div id=\"chart-0882b84e57e644a81ee975f3b8d2830c\" data-block-hash=\"0882b84e57e644a81ee975f3b8d2830c\"  class=\"chart\" style=\"width:100%;height:400px;\"><\/div>\n\n  <div class=\"pluginQuotation__footer\">\n    <div class=\"dataChart\">\n\n      <div class=\"dataChart__div1 variation\">\n        <div class=\"value-positive\">\n          4,85 (+0,87%)        <\/div>\n        <div class=\"text\">\n          Varia\u00e7\u00e3o do per\u00edodo\n        <\/div>\n      <\/div>\n\n      <div class=\"dataChart__div2 minMax\">\n        <div class=\"value\">\n          R$\u00a017,93        <\/div>\n        <div class=\"text\">\n          M\u00ednima\n        <\/div>\n      <\/div>\n\n      <div class=\"dataChart__div3 minMax\">\n        <div class=\"value\">\n          R$\u00a018,80        <\/div>\n        <div class=\"text\">\n          M\u00e1xima\n        <\/div>\n      <\/div>\n\n\t\t\t<div class=\"dataChart__div4 rightSide\">\n\t\t\t\t<div class=\"analiticaSource\">\n\t\t\t\t\t<span>\n\t\t\t\t\t\tFonte:\n\t\t\t\t\t<\/span>\n\t\t\t\t\t<img decoding=\"async\" class=\"analiticaLogo\" src=\"https:\/\/www.suno.com.br\/noticias\/wp-content\/plugins\/suno-block-ticker-quotation\/src\/suno-analitica-logo.png\" alt=\"Logo Suno Anal\u00edtica\" \/>\n\t\t\t\t<\/div>\n\n\t\t\t\t<a href=\"https:\/\/www.suno.com.br\/analitica\/acoes\/SLCE3\" target=\"_blank\">\n\t\t\t\t\t<span>\n\t\t\t\t\t\tVer mais cota\u00e7\u00f5es\n\t\t\t\t\t<\/span>\n\t\t\t\t\t<svg xmlns=\"http:\/\/www.w3.org\/2000\/svg\" width=\"9\" height=\"8\" viewBox=\"0 0 9 8\" fill=\"none\">\n\t\t\t\t\t\t<path d=\"M4.20996 0L3.50496 0.705L6.29496 3.5H0.209961V4.5H6.29496L3.50496 7.295L4.20996 8L8.20996 4L4.20996 0Z\" fill=\"#D42126\" \/>\n\t\t\t\t\t<\/svg>\n\t\t\t\t<\/a>\n    <\/div>\n\n    <\/div>\n  <\/div>\n<\/div>\n\n\n<script type=\"text\/javascript\">\n  let chart_0882b84e57e644a81ee975f3b8d2830c = document.getElementById('chart-0882b84e57e644a81ee975f3b8d2830c');\n  let data_json_0882b84e57e644a81ee975f3b8d2830c = \"[{\\\"date\\\":\\\"17\\\\\\\/01\\\\\\\/24 10:08\\\",\\\"value\\\":17.93},{\\\"date\\\":\\\"17\\\\\\\/01\\\\\\\/24 10:10\\\",\\\"value\\\":18.06},{\\\"date\\\":\\\"17\\\\\\\/01\\\\\\\/24 10:12\\\",\\\"value\\\":18.04},{\\\"date\\\":\\\"17\\\\\\\/01\\\\\\\/24 10:14\\\",\\\"value\\\":18.02},{\\\"date\\\":\\\"17\\\\\\\/01\\\\\\\/24 10:16\\\",\\\"value\\\":18.02},{\\\"date\\\":\\\"17\\\\\\\/01\\\\\\\/24 10:18\\\",\\\"value\\\":18.04},{\\\"date\\\":\\\"17\\\\\\\/01\\\\\\\/24 10:20\\\",\\\"value\\\":18.03},{\\\"date\\\":\\\"17\\\\\\\/01\\\\\\\/24 10:22\\\",\\\"value\\\":18.05},{\\\"date\\\":\\\"17\\\\\\\/01\\\\\\\/24 10:24\\\",\\\"value\\\":18.04},{\\\"date\\\":\\\"17\\\\\\\/01\\\\\\\/24 10:26\\\",\\\"value\\\":18.03},{\\\"date\\\":\\\"17\\\\\\\/01\\\\\\\/24 10:28\\\",\\\"value\\\":18.03},{\\\"date\\\":\\\"17\\\\\\\/01\\\\\\\/24 10:30\\\",\\\"value\\\":18.07},{\\\"date\\\":\\\"17\\\\\\\/01\\\\\\\/24 10:32\\\",\\\"value\\\":18.2},{\\\"date\\\":\\\"17\\\\\\\/01\\\\\\\/24 10:34\\\",\\\"value\\\":18.21},{\\\"date\\\":\\\"17\\\\\\\/01\\\\\\\/24 10:36\\\",\\\"value\\\":18.23},{\\\"date\\\":\\\"17\\\\\\\/01\\\\\\\/24 10:38\\\",\\\"value\\\":18.27},{\\\"date\\\":\\\"17\\\\\\\/01\\\\\\\/24 10:40\\\",\\\"value\\\":18.42},{\\\"date\\\":\\\"17\\\\\\\/01\\\\\\\/24 10:42\\\",\\\"value\\\":18.38},{\\\"date\\\":\\\"17\\\\\\\/01\\\\\\\/24 10:44\\\",\\\"value\\\":18.35},{\\\"date\\\":\\\"17\\\\\\\/01\\\\\\\/24 11:08\\\",\\\"value\\\":18.38},{\\\"date\\\":\\\"17\\\\\\\/01\\\\\\\/24 11:10\\\",\\\"value\\\":18.36},{\\\"date\\\":\\\"17\\\\\\\/01\\\\\\\/24 11:12\\\",\\\"value\\\":18.36},{\\\"date\\\":\\\"17\\\\\\\/01\\\\\\\/24 11:14\\\",\\\"value\\\":18.37},{\\\"date\\\":\\\"17\\\\\\\/01\\\\\\\/24 11:16\\\",\\\"value\\\":18.36},{\\\"date\\\":\\\"17\\\\\\\/01\\\\\\\/24 11:18\\\",\\\"value\\\":18.34},{\\\"date\\\":\\\"17\\\\\\\/01\\\\\\\/24 11:20\\\",\\\"value\\\":18.36},{\\\"date\\\":\\\"17\\\\\\\/01\\\\\\\/24 11:22\\\",\\\"value\\\":18.38},{\\\"date\\\":\\\"17\\\\\\\/01\\\\\\\/24 11:24\\\",\\\"value\\\":18.38},{\\\"date\\\":\\\"17\\\\\\\/01\\\\\\\/24 11:26\\\",\\\"value\\\":18.44},{\\\"date\\\":\\\"17\\\\\\\/01\\\\\\\/24 11:28\\\",\\\"value\\\":18.42},{\\\"date\\\":\\\"17\\\\\\\/01\\\\\\\/24 11:30\\\",\\\"value\\\":18.46},{\\\"date\\\":\\\"17\\\\\\\/01\\\\\\\/24 11:32\\\",\\\"value\\\":18.47},{\\\"date\\\":\\\"17\\\\\\\/01\\\\\\\/24 11:34\\\",\\\"value\\\":18.4},{\\\"date\\\":\\\"17\\\\\\\/01\\\\\\\/24 11:36\\\",\\\"value\\\":18.4},{\\\"date\\\":\\\"17\\\\\\\/01\\\\\\\/24 11:38\\\",\\\"value\\\":18.37},{\\\"date\\\":\\\"17\\\\\\\/01\\\\\\\/24 11:40\\\",\\\"value\\\":18.36},{\\\"date\\\":\\\"17\\\\\\\/01\\\\\\\/24 11:42\\\",\\\"value\\\":18.37},{\\\"date\\\":\\\"17\\\\\\\/01\\\\\\\/24 11:44\\\",\\\"value\\\":18.31},{\\\"date\\\":\\\"17\\\\\\\/01\\\\\\\/24 11:46\\\",\\\"value\\\":18.33},{\\\"date\\\":\\\"17\\\\\\\/01\\\\\\\/24 11:48\\\",\\\"value\\\":18.35},{\\\"date\\\":\\\"17\\\\\\\/01\\\\\\\/24 11:50\\\",\\\"value\\\":18.33},{\\\"date\\\":\\\"17\\\\\\\/01\\\\\\\/24 11:52\\\",\\\"value\\\":18.29},{\\\"date\\\":\\\"17\\\\\\\/01\\\\\\\/24 14:58\\\",\\\"value\\\":18.75},{\\\"date\\\":\\\"17\\\\\\\/01\\\\\\\/24 15:00\\\",\\\"value\\\":18.76},{\\\"date\\\":\\\"17\\\\\\\/01\\\\\\\/24 15:02\\\",\\\"value\\\":18.77},{\\\"date\\\":\\\"17\\\\\\\/01\\\\\\\/24 15:04\\\",\\\"value\\\":18.8},{\\\"date\\\":\\\"17\\\\\\\/01\\\\\\\/24 15:06\\\",\\\"value\\\":18.79},{\\\"date\\\":\\\"17\\\\\\\/01\\\\\\\/24 15:08\\\",\\\"value\\\":18.73},{\\\"date\\\":\\\"17\\\\\\\/01\\\\\\\/24 15:10\\\",\\\"value\\\":18.73},{\\\"date\\\":\\\"17\\\\\\\/01\\\\\\\/24 15:12\\\",\\\"value\\\":18.72},{\\\"date\\\":\\\"17\\\\\\\/01\\\\\\\/24 15:14\\\",\\\"value\\\":18.72},{\\\"date\\\":\\\"17\\\\\\\/01\\\\\\\/24 15:16\\\",\\\"value\\\":18.7},{\\\"date\\\":\\\"17\\\\\\\/01\\\\\\\/24 15:18\\\",\\\"value\\\":18.71},{\\\"date\\\":\\\"17\\\\\\\/01\\\\\\\/24 15:20\\\",\\\"value\\\":18.69},{\\\"date\\\":\\\"17\\\\\\\/01\\\\\\\/24 15:22\\\",\\\"value\\\":18.68},{\\\"date\\\":\\\"17\\\\\\\/01\\\\\\\/24 15:24\\\",\\\"value\\\":18.68},{\\\"date\\\":\\\"17\\\\\\\/01\\\\\\\/24 15:26\\\",\\\"value\\\":18.68},{\\\"date\\\":\\\"17\\\\\\\/01\\\\\\\/24 15:28\\\",\\\"value\\\":18.7},{\\\"date\\\":\\\"17\\\\\\\/01\\\\\\\/24 15:30\\\",\\\"value\\\":18.69},{\\\"date\\\":\\\"17\\\\\\\/01\\\\\\\/24 15:32\\\",\\\"value\\\":18.69},{\\\"date\\\":\\\"17\\\\\\\/01\\\\\\\/24 15:34\\\",\\\"value\\\":18.72},{\\\"date\\\":\\\"17\\\\\\\/01\\\\\\\/24 15:36\\\",\\\"value\\\":18.73},{\\\"date\\\":\\\"17\\\\\\\/01\\\\\\\/24 15:38\\\",\\\"value\\\":18.72},{\\\"date\\\":\\\"17\\\\\\\/01\\\\\\\/24 15:40\\\",\\\"value\\\":18.71},{\\\"date\\\":\\\"17\\\\\\\/01\\\\\\\/24 15:42\\\",\\\"value\\\":18.73},{\\\"date\\\":\\\"17\\\\\\\/01\\\\\\\/24 15:44\\\",\\\"value\\\":18.72},{\\\"date\\\":\\\"17\\\\\\\/01\\\\\\\/24 15:46\\\",\\\"value\\\":18.73},{\\\"date\\\":\\\"17\\\\\\\/01\\\\\\\/24 15:48\\\",\\\"value\\\":18.69},{\\\"date\\\":\\\"17\\\\\\\/01\\\\\\\/24 15:50\\\",\\\"value\\\":18.7},{\\\"date\\\":\\\"17\\\\\\\/01\\\\\\\/24 15:52\\\",\\\"value\\\":18.72},{\\\"date\\\":\\\"17\\\\\\\/01\\\\\\\/24 15:54\\\",\\\"value\\\":18.74},{\\\"date\\\":\\\"17\\\\\\\/01\\\\\\\/24 15:56\\\",\\\"value\\\":18.75},{\\\"date\\\":\\\"17\\\\\\\/01\\\\\\\/24 15:58\\\",\\\"value\\\":18.75},{\\\"date\\\":\\\"17\\\\\\\/01\\\\\\\/24 16:00\\\",\\\"value\\\":18.73},{\\\"date\\\":\\\"17\\\\\\\/01\\\\\\\/24 16:02\\\",\\\"value\\\":18.74},{\\\"date\\\":\\\"17\\\\\\\/01\\\\\\\/24 16:04\\\",\\\"value\\\":18.75},{\\\"date\\\":\\\"17\\\\\\\/01\\\\\\\/24 16:06\\\",\\\"value\\\":18.77},{\\\"date\\\":\\\"17\\\\\\\/01\\\\\\\/24 16:08\\\",\\\"value\\\":18.78},{\\\"date\\\":\\\"17\\\\\\\/01\\\\\\\/24 16:10\\\",\\\"value\\\":18.8},{\\\"date\\\":\\\"17\\\\\\\/01\\\\\\\/24 16:12\\\",\\\"value\\\":18.8}]\";\n  let isPositive_0882b84e57e644a81ee975f3b8d2830c = true;\n\n  let color_0882b84e57e644a81ee975f3b8d2830c = isPositive_0882b84e57e644a81ee975f3b8d2830c ? '#3AB53A' : '#D92C2D';\n\n  let data_0882b84e57e644a81ee975f3b8d2830c = JSON.parse(data_json_0882b84e57e644a81ee975f3b8d2830c);\n\n  const result_0882b84e57e644a81ee975f3b8d2830c = {\n    date: [],\n    value: [],\n  };\n\n  data_0882b84e57e644a81ee975f3b8d2830c.forEach((item) => {\n    result_0882b84e57e644a81ee975f3b8d2830c.date.push(item.date);\n    result_0882b84e57e644a81ee975f3b8d2830c.value.push(Number(item.value));\n  });\n\n  let option_0882b84e57e644a81ee975f3b8d2830c = {\n    \/\/ variavel de cor global\n    color: [color_0882b84e57e644a81ee975f3b8d2830c],\n    title: {\n      text: '',\n    },\n    tooltip: {\n      trigger: 'axis',\n      axisPointer: {\n        type: 'cross',\n        label: {\n          \/\/ cor dos valores em X e Y\n          backgroundColor: color_0882b84e57e644a81ee975f3b8d2830c,\n          formatter: (value) => {\n            if (typeof value.value === 'number') {\n              return Number(value.value).toLocaleString('pt-br', {\n                style: 'currency',\n                currency: 'BRL'\n              });\n            }\n            return value.value;\n          },\n        },\n      },\n      valueFormatter: (value) => Number(value).toLocaleString('pt-br', {\n        style: 'currency',\n        currency: 'BRL'\n      }),\n    },\n    legend: {\n      \/\/ data: ['Valor de Fechamento'],\n      show: false,\n    },\n    toolbox: {\n      feature: {\n        saveAsImage: {\n          show: false,\n        },\n      },\n    },\n    grid: {\n      left: '0px',\n      right: '0px',\n      bottom: '0px',\n      containLabel: true,\n    },\n    xAxis: [{\n      type: 'category',\n      data: result_0882b84e57e644a81ee975f3b8d2830c.date,\n      boundaryGap: true,\n    }],\n    yAxis: [{\n      type: 'value',\n      min: Math.min(...result_0882b84e57e644a81ee975f3b8d2830c.value),\n      max: Math.max(...result_0882b84e57e644a81ee975f3b8d2830c.value),\n      axisLabel: {\n        formatter: (value) => value.toLocaleString('pt-br', {\n          style: 'currency',\n          currency: 'BRL'\n        }),\n      },\n    }],\n    series: [{\n      name: 'Valor de Fechamento',\n      type: 'line',\n      stack: 'Total',\n      \/\/ cor do grafico\n      areaStyle: {},\n      emphasis: {\n        focus: 'series',\n      },\n      data: result_0882b84e57e644a81ee975f3b8d2830c.value,\n      \/\/ cor da linha\n      lineStyle: {\n        color: color_0882b84e57e644a81ee975f3b8d2830c,\n      },\n    }, ],\n  };\n\n\twindow.chart_0882b84e57e644a81ee975f3b8d2830c = {\n\t\tel: chart_0882b84e57e644a81ee975f3b8d2830c,\n\t\toption: option_0882b84e57e644a81ee975f3b8d2830c\t};\n\n\n<\/script>\n\n\n\n<p>Na \u00faltima sexta-feira (12), o Departamento de Agricultura dos Estados Unidos (<strong>USDA<\/strong>) divulgou seu relat\u00f3rio de oferta e demanda de gr\u00e3os para as principais <strong>commodities agr\u00edcolas<\/strong>, com os indicadores globais de estoque-utiliza\u00e7\u00e3o (StU) de <strong>soja<\/strong>, <strong>milho<\/strong>, <strong>trigo<\/strong> e <strong>algod\u00e3o<\/strong> projetados para 2023\/2024 aumentando em rela\u00e7\u00e3o ao documento do m\u00eas passado.<\/p>\n\n\n\n<p>Segundo o BTG, as <strong>estimativas do USDA<\/strong> parecem excessivamente otimistas para as <strong>safras de soja<\/strong> (157 milh\u00f5es de toneladas) e milho (127 milh\u00f5es de toneladas) do Brasil em 2023\/2024. Atualmente, o banco acredita em um cen\u00e1rio de 150 milh\u00f5es para soja e 117 milh\u00f5es de toneladas para o milho, embora ainda existam riscos negativos para ambas.<\/p>\n\n\n\n<p>&#8220;Se nada mais mudar, isso resultaria em \u00edndices StU globais praticamente est\u00e1veis em compara\u00e7\u00e3o com uma expans\u00e3o atualmente esperada de 1,1 ponto percentual (p.p) para o milho e 1,9 p.p para a soja&#8221;, pontuam os analistas Thiago Duarte, Henrique Brustolin e Pedro Soares.<\/p>\n\n\n\n<p>Apesar disso, o banco n\u00e3o projeta necessariamente uma alta dos pre\u00e7os dos produtos agr\u00edcolas, mas prev\u00ea uma assimetria para cima, j\u00e1 que eles j\u00e1 foram bastante impactados. Assim, em uma tese puramente agr\u00edcola, o BTG Pactual fica com a SLC Agr\u00edcola. <\/p>\n\n\n\n<p>&#8220;No segmento upstream, a SLC \u00e9 a nossa aposta preferida para uma exposi\u00e7\u00e3o puramente agr\u00edcola, ostentando avalia\u00e7\u00f5es pouco exigentes e op\u00e7\u00f5es de crescimento&#8221;, avaliam.<\/p>\n\n\n\n<p>Ainda sobre a SLC Agr\u00edcola, na quarta-feira (17), a empresa informou em comunicado que a <strong>fam\u00edlia Scheffer,<\/strong> uma das mais tradicionais no <strong>agroneg\u00f3cio<\/strong>, adquiriu uma participa\u00e7\u00e3o de 5,366% na companhia, o que corresponde a 23,7 milh\u00f5es de <a href=\"https:\/\/www.suno.com.br\/artigos\/o-que-sao-acoes-ordinarias-preferenciais-e-units\/\">a\u00e7\u00f5es ordin\u00e1rias<\/a>.<\/p>\n\n\n\n\t<div data-element=\"shortcode-read-more\" class=\"readToo\">\n\t\t\t\t<span class=\"readToo__title\">Leia mais<\/span>\n\t\t\t\t<ul class=\"readToo__list\">\n\t\t\t<li><a href=\"https:\/\/www.suno.com.br\/noticias\/gerdau-ggbr4-venda-de-participacao-diaco-metaldom\/\">Gerdau (GGBR4) vende fatias nas joint-ventures Diaco e Metaldom por US$ 325 milh\u00f5es<\/a><\/li><li><a href=\"https:\/\/www.suno.com.br\/noticias\/eztec-eztc3-previa-operacional-vendas-lt\/\">Vendas da Eztec (EZTC3) caem 34,6% no 4T23, para R$ 199 milh\u00f5es \u00a0<\/a><\/li><li><a href=\"https:\/\/www.suno.com.br\/noticias\/santander-sanb11-melhorou-bem-precificado-genial-evm\/\">Santander (SANB11) melhorou, mas est\u00e1 no pre\u00e7o justo, diz Genial<\/a><\/li>\t\t<\/ul>\n\t<\/div>\n\n\n\n\t<p>\n\t\t<a href=\"https:\/\/lp.suno.com.br\/ebook-como-analisar-uma-acao\/\" target=\"_blank\" data-element=\"shortcode-suno-banner\" title=\"Banner SUNO, clique e saiba mais\">\n\t\t\t<picture>\n\t\t\t\t<source media=\"(max-width: 500px)\" srcset=\"https:\/\/files.sunoresearch.com.br\/n\/uploads\/2023\/03\/Ebook-Acoes-Mobile.jpg\">\n\t\t\t\t<img class=\"newsContent__article__imgCapa newsContent__article__imgCapa--banner\"\n\t\t\t\t\tsrc=\"https:\/\/files.sunoresearch.com.br\/n\/uploads\/2023\/03\/Ebook-Acoes-Desktop.jpg\"\n\t\t\t\t\tdata-promo-id=\"378302\"\t\t\t\t\t\t\t\t\t\twidth='1420' height='286'\t\t\t\t\talt=\"https:\/\/files.sunoresearch.com.br\/n\/uploads\/2023\/03\/Ebook-Acoes-Desktop.jpg\"\n\t\t\t\t>\n\t\t\t<\/picture>\n\t\t<\/a>\n\t<\/p>\n\n\n\n\n\n<h2 class=\"wp-block-heading\">SLC Agr\u00edcola (SLCE3): empresa se manifesta ap\u00f3s inc\u00eandio atingir galp\u00e3o na Bahia<\/h2>\n\n\n\n<p>No in\u00edcio deste ano, um dos galp\u00f5es de armazenamento de algod\u00e3o da SLC Agr\u00edcola, localizado na fazendo Panorama, na Bahia, foi impactado por um inc\u00eandio. <\/p>\n\n\n\n<p>Segundo a companhia, o inc\u00eandio foi devidamente controlado e n\u00e3o houve feridos e nem danos \u00e0s lavouras, tendo apenas afetado o galp\u00e3o de dep\u00f3sito de fardos de algod\u00e3o. As causas do<strong>&nbsp;inc\u00eandio na fazenda da SLC<\/strong>&nbsp;ainda ser\u00e3o averiguadas, disse a empresa.<\/p>\n\n\n\n<p>A<strong>&nbsp;fazenda da SLC Agr\u00edcola atingida por inc\u00eandio<\/strong>&nbsp;est\u00e1 localizada no munic\u00edpio de Correntina, na Bahia, e produz principalmente algod\u00e3o e soja.<\/p>\n\n\n\n<p>No <a href=\"https:\/\/www.suno.com.br\/artigos\/fato-relevante\/\">fato relevante<\/a>, a SLC informou que aproximadamente 5 mil fardos de algod\u00e3o foram perdidos no inc\u00eandio, o que corresponde a 5% do total produzido pela fazenda e 0,4% do total produzido pela SLC no ano safra 2022\/23.<\/p>\n\n\n\n<p>A empresa informou, tamb\u00e9m, que a unidade de beneficiamento de algod\u00e3o n\u00e3o foi diretamente atingida pelo fogo, mas que a beneficiadora entrar\u00e1 em manuten\u00e7\u00e3o preventiva de forma antecipada e voltar\u00e1 a operar em julho de 2024. J\u00e1 o armaz\u00e9m de algod\u00e3o foi parcialmente danificado e precisar\u00e1 ser restaurado.<\/p>\n\n\n\n<p>Ainda de acordo com a <strong>SLC Agr\u00edcola<\/strong>, aproximadamente 19% do algod\u00e3o da fazenda ainda precisa ser beneficiado, correspondente \u00e0 aproximadamente 21 mil fardos de algod\u00e3o. O saldo de fardos ser\u00e1 enviado para beneficiamento na fazenda Paysand\u00fa, tamb\u00e9m na cidade de Correntina, a 50 quil\u00f4metros da fazenda Panorama.<\/p>\n\n\n\t<p>\n\t\t<a href=\"https:\/\/lp.suno.com.br\/planilha-da-vida-financeira\/\" target=\"_blank\" data-element=\"shortcode-suno-banner\" title=\"Banner SUNO, clique e saiba mais\">\n\t\t\t<picture>\n\t\t\t\t<source media=\"(max-width: 500px)\" srcset=\"https:\/\/files.sunoresearch.com.br\/n\/uploads\/2023\/04\/400x300-Planilha-vida-financeira-true.png\">\n\t\t\t\t<img class=\"newsContent__article__imgCapa newsContent__article__imgCapa--banner\"\n\t\t\t\t\tsrc=\"https:\/\/files.sunoresearch.com.br\/n\/uploads\/2023\/04\/1420x240-Planilha-vida-financeira-true.png\"\n\t\t\t\t\tdata-promo-id=\"383123\"\t\t\t\t\t\t\t\t\t\twidth='1420' height='240'\t\t\t\t\talt=\"https:\/\/files.sunoresearch.com.br\/n\/uploads\/2023\/04\/1420x240-Planilha-vida-financeira-true.png\"\n\t\t\t\t>\n\t\t\t<\/picture>\n\t\t<\/a>\n\t<\/p>\n\n\n","protected":false},"excerpt":{"rendered":"<p>As a\u00e7\u00f5es de SLC Agr\u00edcola (SLCE3) lideraram as altas do Ibovespa na quarta-feira (17), com o BTG Pactual (BPAC11) destacando a empresa em relat\u00f3rio sobre as estimativas do Departamento de Agricultura dos Estados Unidos (USDA) para o setor de commodities no Brasil. SLC Agr\u00edcola (SLCE3). Foto: Unsplash Na quarta-feira (17), as a\u00e7\u00f5es da SLC Agr\u00edcola [&hellip;]<\/p>\n","protected":false},"author":313,"featured_media":270688,"comment_status":"closed","ping_status":"closed","sticky":false,"template":"","format":"standard","meta":[],"categories":[64],"tags":[286,105816,635],"suno_strategy":[],"class_list":["post-512510","post","type-post","status-publish","format-standard","has-post-thumbnail","hentry","category-negocios","tag-acoes","tag-especialistas","tag-slc-agricola-slce3"],"yoast_head":"<!-- This site is optimized with the Yoast SEO plugin v24.4 - https:\/\/yoast.com\/wordpress\/plugins\/seo\/ -->\n<title>SLC Agr\u00edcola (SLCE3) \u00e9 destaque do BTG no setor de commodities; veja<\/title>\n<meta name=\"description\" content=\"A SLC Agr\u00edcola foi destacada pelo BTG em relat\u00f3rio sobre as estimativas do USDA para o setor de commodities no Brasil.\" \/>\n<meta name=\"robots\" content=\"index, follow, max-snippet:-1, max-image-preview:large, max-video-preview:-1\" \/>\n<link rel=\"canonical\" href=\"https:\/\/www.suno.com.br\/noticias\/slc-agricola-slce3-destaque-btg-commodities-gpj\/\" \/>\n<meta property=\"og:locale\" content=\"pt_BR\" \/>\n<meta property=\"og:type\" content=\"article\" \/>\n<meta property=\"og:title\" content=\"SLC Agr\u00edcola (SLCE3) \u00e9 destaque do BTG no setor de commodities; veja\" \/>\n<meta property=\"og:description\" content=\"A SLC Agr\u00edcola foi destacada pelo BTG em relat\u00f3rio sobre as estimativas do USDA para o setor de commodities no Brasil.\" \/>\n<meta property=\"og:url\" content=\"https:\/\/www.suno.com.br\/noticias\/slc-agricola-slce3-destaque-btg-commodities-gpj\/\" \/>\n<meta property=\"og:site_name\" content=\"Suno Not\u00edcias\" \/>\n<meta property=\"article:publisher\" content=\"https:\/\/facebook.com\/sunoresearch\" \/>\n<meta property=\"og:image\" content=\"https:\/\/files.sunoresearch.com.br\/n\/uploads\/2022\/06\/vince-veras-sYaK3SlGwEw-unsplash-scaled.jpg\" \/>\n\t<meta property=\"og:image:width\" content=\"2560\" \/>\n\t<meta property=\"og:image:height\" content=\"1707\" \/>\n\t<meta property=\"og:image:type\" content=\"image\/jpeg\" \/>\n<meta name=\"author\" content=\"Giovanni Porf\u00edrio Jacomino\" \/>\n<meta name=\"twitter:card\" content=\"summary_large_image\" \/>\n<meta name=\"twitter:creator\" content=\"@sunoresearch\" \/>\n<meta name=\"twitter:site\" content=\"@sunoresearch\" \/>\n<meta name=\"twitter:label1\" content=\"Escrito por\" \/>\n\t<meta name=\"twitter:data1\" content=\"Giovanni Porf\u00edrio Jacomino\" \/>\n\t<meta name=\"twitter:label2\" content=\"Est. tempo de leitura\" \/>\n\t<meta name=\"twitter:data2\" content=\"4 minutos\" \/>\n<script type=\"application\/ld+json\" class=\"yoast-schema-graph\">{\"@context\":\"https:\/\/schema.org\",\"@graph\":[{\"@type\":\"NewsArticle\",\"@id\":\"https:\/\/www.suno.com.br\/noticias\/slc-agricola-slce3-destaque-btg-commodities-gpj\/#article\",\"isPartOf\":{\"@id\":\"https:\/\/www.suno.com.br\/noticias\/slc-agricola-slce3-destaque-btg-commodities-gpj\/\"},\"author\":{\"name\":\"Giovanni Porf\u00edrio Jacomino\",\"@id\":\"https:\/\/www.suno.com.br\/noticias\/#\/schema\/person\/d0f32748bbca4bee871fa191ee4e2d40\"},\"headline\":\"SLC Agr\u00edcola (SLCE3) \u00e9 destaque do BTG no setor de commodities e fam\u00edlia Scheffer adquire participa\u00e7\u00e3o na companhia\",\"datePublished\":\"2024-01-18T11:57:38+00:00\",\"dateModified\":\"2024-01-18T11:57:46+00:00\",\"mainEntityOfPage\":{\"@id\":\"https:\/\/www.suno.com.br\/noticias\/slc-agricola-slce3-destaque-btg-commodities-gpj\/\"},\"wordCount\":633,\"publisher\":{\"@id\":\"https:\/\/www.suno.com.br\/noticias\/#organization\"},\"image\":{\"@id\":\"https:\/\/www.suno.com.br\/noticias\/slc-agricola-slce3-destaque-btg-commodities-gpj\/#primaryimage\"},\"thumbnailUrl\":\"https:\/\/files.sunoresearch.com.br\/n\/uploads\/2022\/06\/vince-veras-sYaK3SlGwEw-unsplash-scaled.jpg\",\"keywords\":[\"A\u00e7\u00f5es\",\"Especialistas\",\"SLC Agr\u00edcola (SLCE3)\"],\"articleSection\":[\"Neg\u00f3cios\"],\"inLanguage\":\"pt-BR\"},{\"@type\":\"WebPage\",\"@id\":\"https:\/\/www.suno.com.br\/noticias\/slc-agricola-slce3-destaque-btg-commodities-gpj\/\",\"url\":\"https:\/\/www.suno.com.br\/noticias\/slc-agricola-slce3-destaque-btg-commodities-gpj\/\",\"name\":\"SLC Agr\u00edcola (SLCE3) \u00e9 destaque do BTG no setor de commodities; veja\",\"isPartOf\":{\"@id\":\"https:\/\/www.suno.com.br\/noticias\/#website\"},\"primaryImageOfPage\":{\"@id\":\"https:\/\/www.suno.com.br\/noticias\/slc-agricola-slce3-destaque-btg-commodities-gpj\/#primaryimage\"},\"image\":{\"@id\":\"https:\/\/www.suno.com.br\/noticias\/slc-agricola-slce3-destaque-btg-commodities-gpj\/#primaryimage\"},\"thumbnailUrl\":\"https:\/\/files.sunoresearch.com.br\/n\/uploads\/2022\/06\/vince-veras-sYaK3SlGwEw-unsplash-scaled.jpg\",\"datePublished\":\"2024-01-18T11:57:38+00:00\",\"dateModified\":\"2024-01-18T11:57:46+00:00\",\"description\":\"A SLC Agr\u00edcola foi destacada pelo BTG em relat\u00f3rio sobre as estimativas do USDA para o setor de commodities no Brasil.\",\"breadcrumb\":{\"@id\":\"https:\/\/www.suno.com.br\/noticias\/slc-agricola-slce3-destaque-btg-commodities-gpj\/#breadcrumb\"},\"inLanguage\":\"pt-BR\",\"potentialAction\":[{\"@type\":\"ReadAction\",\"target\":[\"https:\/\/www.suno.com.br\/noticias\/slc-agricola-slce3-destaque-btg-commodities-gpj\/\"]}]},{\"@type\":\"ImageObject\",\"inLanguage\":\"pt-BR\",\"@id\":\"https:\/\/www.suno.com.br\/noticias\/slc-agricola-slce3-destaque-btg-commodities-gpj\/#primaryimage\",\"url\":\"https:\/\/files.sunoresearch.com.br\/n\/uploads\/2022\/06\/vince-veras-sYaK3SlGwEw-unsplash-scaled.jpg\",\"contentUrl\":\"https:\/\/files.sunoresearch.com.br\/n\/uploads\/2022\/06\/vince-veras-sYaK3SlGwEw-unsplash-scaled.jpg\",\"width\":2560,\"height\":1707,\"caption\":\"SLC Agr\u00edcola (SLCE3). Foto: Unsplash\"},{\"@type\":\"BreadcrumbList\",\"@id\":\"https:\/\/www.suno.com.br\/noticias\/slc-agricola-slce3-destaque-btg-commodities-gpj\/#breadcrumb\",\"itemListElement\":[{\"@type\":\"ListItem\",\"position\":1,\"name\":\"Not\u00edcias\",\"item\":\"https:\/\/www.suno.com.br\/noticias\/\"},{\"@type\":\"ListItem\",\"position\":2,\"name\":\"Neg\u00f3cios\",\"item\":\"https:\/\/www.suno.com.br\/noticias\/negocios\/\"},{\"@type\":\"ListItem\",\"position\":3,\"name\":\"SLC Agr\u00edcola (SLCE3) \u00e9 destaque do BTG no setor de commodities e fam\u00edlia Scheffer adquire participa\u00e7\u00e3o na companhia\"}]},{\"@type\":\"WebSite\",\"@id\":\"https:\/\/www.suno.com.br\/noticias\/#website\",\"url\":\"https:\/\/www.suno.com.br\/noticias\/\",\"name\":\"Suno Not\u00edcias\",\"description\":\"Seu portal de informa\u00e7\u00e3o sobre o mundo dos investimentos\",\"publisher\":{\"@id\":\"https:\/\/www.suno.com.br\/noticias\/#organization\"},\"potentialAction\":[{\"@type\":\"SearchAction\",\"target\":{\"@type\":\"EntryPoint\",\"urlTemplate\":\"https:\/\/www.suno.com.br\/noticias\/?s={search_term_string}\"},\"query-input\":{\"@type\":\"PropertyValueSpecification\",\"valueRequired\":true,\"valueName\":\"search_term_string\"}}],\"inLanguage\":\"pt-BR\"},{\"@type\":\"Organization\",\"@id\":\"https:\/\/www.suno.com.br\/noticias\/#organization\",\"name\":\"Suno Not\u00edcias\",\"url\":\"https:\/\/www.suno.com.br\/noticias\/\",\"logo\":{\"@type\":\"ImageObject\",\"inLanguage\":\"pt-BR\",\"@id\":\"https:\/\/www.suno.com.br\/noticias\/#\/schema\/logo\/image\/\",\"url\":\"https:\/\/files.sunoresearch.com.br\/n\/uploads\/2021\/09\/suno-logo.png\",\"contentUrl\":\"https:\/\/files.sunoresearch.com.br\/n\/uploads\/2021\/09\/suno-logo.png\",\"width\":180,\"height\":180,\"caption\":\"Suno Not\u00edcias\"},\"image\":{\"@id\":\"https:\/\/www.suno.com.br\/noticias\/#\/schema\/logo\/image\/\"},\"sameAs\":[\"https:\/\/facebook.com\/sunoresearch\",\"https:\/\/x.com\/sunoresearch\",\"https:\/\/www.instagram.com\/suno\",\"https:\/\/www.linkedin.com\/company\/suno-research\/\",\"https:\/\/www.youtube.com\/c\/sunoresearch\"]},{\"@type\":\"Person\",\"@id\":\"https:\/\/www.suno.com.br\/noticias\/#\/schema\/person\/d0f32748bbca4bee871fa191ee4e2d40\",\"name\":\"Giovanni Porf\u00edrio Jacomino\",\"image\":{\"@type\":\"ImageObject\",\"inLanguage\":\"pt-BR\",\"@id\":\"https:\/\/www.suno.com.br\/noticias\/#\/schema\/person\/image\/\",\"url\":\"https:\/\/secure.gravatar.com\/avatar\/efb32e19b730a121cb7a80f41ffec01a?s=96&r=g\",\"contentUrl\":\"https:\/\/secure.gravatar.com\/avatar\/efb32e19b730a121cb7a80f41ffec01a?s=96&r=g\",\"caption\":\"Giovanni Porf\u00edrio Jacomino\"},\"description\":\"Giovanni Porf\u00edrio Jacomino \u00e9 jornalista formado pela Universidade Estadual de Londrina (UEL) e p\u00f3s-graduado em Produ\u00e7\u00e3o e Pr\u00e1ticas Jornal\u00edsticas na Contemporaneidade na Faculdade C\u00e1sper L\u00edbero (FCL). Foi editor web no Startupi e no Finsiders, atuando ainda como editor no TC Mover, portal de not\u00edcias da TradersClub, fazendo a cobertura de assuntos relacionados ao mercado financeiro interno e externo. Atualmente, \u00e9 Rep\u00f3rter do Suno Not\u00edcias.\",\"url\":\"https:\/\/www.suno.com.br\/noticias\/author\/giovanni-porfiriosuno-com-br\/\"}]}<\/script>\n<!-- \/ Yoast SEO plugin. -->","yoast_head_json":{"title":"SLC Agr\u00edcola (SLCE3) \u00e9 destaque do BTG no setor de commodities; veja","description":"A SLC Agr\u00edcola foi destacada pelo BTG em relat\u00f3rio sobre as estimativas do USDA para o setor de commodities no Brasil.","robots":{"index":"index","follow":"follow","max-snippet":"max-snippet:-1","max-image-preview":"max-image-preview:large","max-video-preview":"max-video-preview:-1"},"canonical":"https:\/\/www.suno.com.br\/noticias\/slc-agricola-slce3-destaque-btg-commodities-gpj\/","og_locale":"pt_BR","og_type":"article","og_title":"SLC Agr\u00edcola (SLCE3) \u00e9 destaque do BTG no setor de commodities; veja","og_description":"A SLC Agr\u00edcola foi destacada pelo BTG em relat\u00f3rio sobre as estimativas do USDA para o setor de commodities no Brasil.","og_url":"https:\/\/www.suno.com.br\/noticias\/slc-agricola-slce3-destaque-btg-commodities-gpj\/","og_site_name":"Suno Not\u00edcias","article_publisher":"https:\/\/facebook.com\/sunoresearch","og_image":[{"width":2560,"height":1707,"url":"https:\/\/files.sunoresearch.com.br\/n\/uploads\/2022\/06\/vince-veras-sYaK3SlGwEw-unsplash-scaled.jpg","type":"image\/jpeg"}],"author":"Giovanni Porf\u00edrio Jacomino","twitter_card":"summary_large_image","twitter_creator":"@sunoresearch","twitter_site":"@sunoresearch","twitter_misc":{"Escrito por":"Giovanni Porf\u00edrio Jacomino","Est. tempo de leitura":"4 minutos"},"schema":{"@context":"https:\/\/schema.org","@graph":[{"@type":"NewsArticle","@id":"https:\/\/www.suno.com.br\/noticias\/slc-agricola-slce3-destaque-btg-commodities-gpj\/#article","isPartOf":{"@id":"https:\/\/www.suno.com.br\/noticias\/slc-agricola-slce3-destaque-btg-commodities-gpj\/"},"author":{"name":"Giovanni Porf\u00edrio Jacomino","@id":"https:\/\/www.suno.com.br\/noticias\/#\/schema\/person\/d0f32748bbca4bee871fa191ee4e2d40"},"headline":"SLC Agr\u00edcola (SLCE3) \u00e9 destaque do BTG no setor de commodities e fam\u00edlia Scheffer adquire participa\u00e7\u00e3o na companhia","datePublished":"2024-01-18T11:57:38+00:00","dateModified":"2024-01-18T11:57:46+00:00","mainEntityOfPage":{"@id":"https:\/\/www.suno.com.br\/noticias\/slc-agricola-slce3-destaque-btg-commodities-gpj\/"},"wordCount":633,"publisher":{"@id":"https:\/\/www.suno.com.br\/noticias\/#organization"},"image":{"@id":"https:\/\/www.suno.com.br\/noticias\/slc-agricola-slce3-destaque-btg-commodities-gpj\/#primaryimage"},"thumbnailUrl":"https:\/\/files.sunoresearch.com.br\/n\/uploads\/2022\/06\/vince-veras-sYaK3SlGwEw-unsplash-scaled.jpg","keywords":["A\u00e7\u00f5es","Especialistas","SLC Agr\u00edcola (SLCE3)"],"articleSection":["Neg\u00f3cios"],"inLanguage":"pt-BR"},{"@type":"WebPage","@id":"https:\/\/www.suno.com.br\/noticias\/slc-agricola-slce3-destaque-btg-commodities-gpj\/","url":"https:\/\/www.suno.com.br\/noticias\/slc-agricola-slce3-destaque-btg-commodities-gpj\/","name":"SLC Agr\u00edcola (SLCE3) \u00e9 destaque do BTG no setor de commodities; veja","isPartOf":{"@id":"https:\/\/www.suno.com.br\/noticias\/#website"},"primaryImageOfPage":{"@id":"https:\/\/www.suno.com.br\/noticias\/slc-agricola-slce3-destaque-btg-commodities-gpj\/#primaryimage"},"image":{"@id":"https:\/\/www.suno.com.br\/noticias\/slc-agricola-slce3-destaque-btg-commodities-gpj\/#primaryimage"},"thumbnailUrl":"https:\/\/files.sunoresearch.com.br\/n\/uploads\/2022\/06\/vince-veras-sYaK3SlGwEw-unsplash-scaled.jpg","datePublished":"2024-01-18T11:57:38+00:00","dateModified":"2024-01-18T11:57:46+00:00","description":"A SLC Agr\u00edcola foi destacada pelo BTG em relat\u00f3rio sobre as estimativas do USDA para o setor de commodities no Brasil.","breadcrumb":{"@id":"https:\/\/www.suno.com.br\/noticias\/slc-agricola-slce3-destaque-btg-commodities-gpj\/#breadcrumb"},"inLanguage":"pt-BR","potentialAction":[{"@type":"ReadAction","target":["https:\/\/www.suno.com.br\/noticias\/slc-agricola-slce3-destaque-btg-commodities-gpj\/"]}]},{"@type":"ImageObject","inLanguage":"pt-BR","@id":"https:\/\/www.suno.com.br\/noticias\/slc-agricola-slce3-destaque-btg-commodities-gpj\/#primaryimage","url":"https:\/\/files.sunoresearch.com.br\/n\/uploads\/2022\/06\/vince-veras-sYaK3SlGwEw-unsplash-scaled.jpg","contentUrl":"https:\/\/files.sunoresearch.com.br\/n\/uploads\/2022\/06\/vince-veras-sYaK3SlGwEw-unsplash-scaled.jpg","width":2560,"height":1707,"caption":"SLC Agr\u00edcola (SLCE3). Foto: Unsplash"},{"@type":"BreadcrumbList","@id":"https:\/\/www.suno.com.br\/noticias\/slc-agricola-slce3-destaque-btg-commodities-gpj\/#breadcrumb","itemListElement":[{"@type":"ListItem","position":1,"name":"Not\u00edcias","item":"https:\/\/www.suno.com.br\/noticias\/"},{"@type":"ListItem","position":2,"name":"Neg\u00f3cios","item":"https:\/\/www.suno.com.br\/noticias\/negocios\/"},{"@type":"ListItem","position":3,"name":"SLC Agr\u00edcola (SLCE3) \u00e9 destaque do BTG no setor de commodities e fam\u00edlia Scheffer adquire participa\u00e7\u00e3o na companhia"}]},{"@type":"WebSite","@id":"https:\/\/www.suno.com.br\/noticias\/#website","url":"https:\/\/www.suno.com.br\/noticias\/","name":"Suno Not\u00edcias","description":"Seu portal de informa\u00e7\u00e3o sobre o mundo dos investimentos","publisher":{"@id":"https:\/\/www.suno.com.br\/noticias\/#organization"},"potentialAction":[{"@type":"SearchAction","target":{"@type":"EntryPoint","urlTemplate":"https:\/\/www.suno.com.br\/noticias\/?s={search_term_string}"},"query-input":{"@type":"PropertyValueSpecification","valueRequired":true,"valueName":"search_term_string"}}],"inLanguage":"pt-BR"},{"@type":"Organization","@id":"https:\/\/www.suno.com.br\/noticias\/#organization","name":"Suno Not\u00edcias","url":"https:\/\/www.suno.com.br\/noticias\/","logo":{"@type":"ImageObject","inLanguage":"pt-BR","@id":"https:\/\/www.suno.com.br\/noticias\/#\/schema\/logo\/image\/","url":"https:\/\/files.sunoresearch.com.br\/n\/uploads\/2021\/09\/suno-logo.png","contentUrl":"https:\/\/files.sunoresearch.com.br\/n\/uploads\/2021\/09\/suno-logo.png","width":180,"height":180,"caption":"Suno Not\u00edcias"},"image":{"@id":"https:\/\/www.suno.com.br\/noticias\/#\/schema\/logo\/image\/"},"sameAs":["https:\/\/facebook.com\/sunoresearch","https:\/\/x.com\/sunoresearch","https:\/\/www.instagram.com\/suno","https:\/\/www.linkedin.com\/company\/suno-research\/","https:\/\/www.youtube.com\/c\/sunoresearch"]},{"@type":"Person","@id":"https:\/\/www.suno.com.br\/noticias\/#\/schema\/person\/d0f32748bbca4bee871fa191ee4e2d40","name":"Giovanni Porf\u00edrio Jacomino","image":{"@type":"ImageObject","inLanguage":"pt-BR","@id":"https:\/\/www.suno.com.br\/noticias\/#\/schema\/person\/image\/","url":"https:\/\/secure.gravatar.com\/avatar\/efb32e19b730a121cb7a80f41ffec01a?s=96&r=g","contentUrl":"https:\/\/secure.gravatar.com\/avatar\/efb32e19b730a121cb7a80f41ffec01a?s=96&r=g","caption":"Giovanni Porf\u00edrio Jacomino"},"description":"Giovanni Porf\u00edrio Jacomino \u00e9 jornalista formado pela Universidade Estadual de Londrina (UEL) e p\u00f3s-graduado em Produ\u00e7\u00e3o e Pr\u00e1ticas Jornal\u00edsticas na Contemporaneidade na Faculdade C\u00e1sper L\u00edbero (FCL). Foi editor web no Startupi e no Finsiders, atuando ainda como editor no TC Mover, portal de not\u00edcias da TradersClub, fazendo a cobertura de assuntos relacionados ao mercado financeiro interno e externo. Atualmente, \u00e9 Rep\u00f3rter do Suno Not\u00edcias.","url":"https:\/\/www.suno.com.br\/noticias\/author\/giovanni-porfiriosuno-com-br\/"}]}},"default_loop_html":"<div class=\"cardsPage__listCard__boxs\"><div class=\"cardsPage__listCard__boxs__img\"><a href=\"https:\/\/www.suno.com.br\/noticias\/slc-agricola-slce3-destaque-btg-commodities-gpj\/\"><img class=\"mask\" src=\"https:\/\/www.suno.com.br\/noticias\/wp-content\/themes\/suno\/resources\/images\/spotlight\/spotlight1img\/bg-mask.png\" alt=\"Image Mask\"\/><img src=\"https:\/\/files.sunoresearch.com.br\/n\/uploads\/2022\/06\/vince-veras-sYaK3SlGwEw-unsplash-400x200.jpg\" alt=\"SLC Agr\u00edcola (SLCE3) \u00e9 destaque do BTG no setor de commodities e fam\u00edlia Scheffer adquire participa\u00e7\u00e3o na companhia\"\/><\/a><span class=\"spotlightCategory\"><a href=\"https:\/\/www.suno.com.br\/noticias\/negocios\/\">Neg\u00f3cios<\/a><\/span><\/div><div class=\"cardsPage__listCard__boxs__content\"><a href=\"https:\/\/www.suno.com.br\/noticias\/slc-agricola-slce3-destaque-btg-commodities-gpj\/\"><h2 class=\"content__title\">SLC Agr\u00edcola (SLCE3) \u00e9 destaque do BTG no setor de commodities e fam\u00edlia Scheffer adquire participa\u00e7\u00e3o na companhia<\/h2><\/a><div class=\"newsContent__article__meta\"><div class=\"newsContent__article__meta__authorBox\"><a href=\"https:\/\/www.suno.com.br\/noticias\/author\/eduardo-vargas\/\" class=\"authorBox__avatar noMobi\"><img src=\"https:\/\/secure.gravatar.com\/avatar\/dac340933427a22924c9f99d1eb2e3f2?s=96&#038;r=g\" alt=\"Eduardo Vargas\"><\/a><div class=\"authorBox__name\"><span>por\n\t\t\t<a href=\"https:\/\/www.suno.com.br\/noticias\/author\/eduardo-vargas\/\"><span itemprop=\"author\">Eduardo Vargas<\/span><\/a><\/span><time datetime=\"2024-01-18T08:57:38-03:00\" itemprop=\"datePublished\">18\/01\/2024 08:57<\/time><\/div><\/div><\/div><\/div><\/div>","single_layout":"posts","amp_enabled":true,"_links":{"self":[{"href":"https:\/\/www.suno.com.br\/noticias\/wp-json\/wp\/v2\/posts\/512510"}],"collection":[{"href":"https:\/\/www.suno.com.br\/noticias\/wp-json\/wp\/v2\/posts"}],"about":[{"href":"https:\/\/www.suno.com.br\/noticias\/wp-json\/wp\/v2\/types\/post"}],"author":[{"embeddable":true,"href":"https:\/\/www.suno.com.br\/noticias\/wp-json\/wp\/v2\/users\/313"}],"replies":[{"embeddable":true,"href":"https:\/\/www.suno.com.br\/noticias\/wp-json\/wp\/v2\/comments?post=512510"}],"version-history":[{"count":2,"href":"https:\/\/www.suno.com.br\/noticias\/wp-json\/wp\/v2\/posts\/512510\/revisions"}],"predecessor-version":[{"id":512553,"href":"https:\/\/www.suno.com.br\/noticias\/wp-json\/wp\/v2\/posts\/512510\/revisions\/512553"}],"wp:featuredmedia":[{"embeddable":true,"href":"https:\/\/www.suno.com.br\/noticias\/wp-json\/wp\/v2\/media\/270688"}],"wp:attachment":[{"href":"https:\/\/www.suno.com.br\/noticias\/wp-json\/wp\/v2\/media?parent=512510"}],"wp:term":[{"taxonomy":"category","embeddable":true,"href":"https:\/\/www.suno.com.br\/noticias\/wp-json\/wp\/v2\/categories?post=512510"},{"taxonomy":"post_tag","embeddable":true,"href":"https:\/\/www.suno.com.br\/noticias\/wp-json\/wp\/v2\/tags?post=512510"},{"taxonomy":"suno_strategy","embeddable":true,"href":"https:\/\/www.suno.com.br\/noticias\/wp-json\/wp\/v2\/suno_strategy?post=512510"}],"curies":[{"name":"wp","href":"https:\/\/api.w.org\/{rel}","templated":true}]}}