{"id":512500,"date":"2024-01-18T11:10:11","date_gmt":"2024-01-18T14:10:11","guid":{"rendered":"https:\/\/www.suno.com.br\/noticias\/?p=512500"},"modified":"2024-01-18T11:10:19","modified_gmt":"2024-01-18T14:10:19","slug":"demanda-global-petroleo-niveis-pandemia-cpf","status":"publish","type":"post","link":"https:\/\/www.suno.com.br\/noticias\/demanda-global-petroleo-niveis-pandemia-cpf\/","title":{"rendered":"Petr\u00f3leo: Demanda global pelo combust\u00edvel pode voltar a n\u00edveis pr\u00e9-pandemia, diz AIE"},"content":{"rendered":"<p>A expans\u00e3o da demanda global por <strong>petr\u00f3leo <\/strong>teve uma desacelera\u00e7\u00e3o significativa no final do ano passado, apontou um relat\u00f3rio recente da Ag\u00eancia Internacional de Energia (AIE). A prevista \u00e9 de que o consumo da commodity enfraque\u00e7a ainda mais, o que pode indicar um retorno aos n\u00edveis pr\u00e9-pandemia de covid-19.<\/p>\t<div class=\"wrapper-featured-image\">\n\t\t<figure class=\"spotlightImg\">\n\n\t\t\t<picture>\n\t\t\t\t<source media=\"(max-width: 768px)\" srcset=\"https:\/\/files.sunoresearch.com.br\/n\/uploads\/2022\/01\/refinaria_petroleo-400x200.jpg\">\n\t\t\t\t<img loading=\"lazy\" decoding=\"async\" class=\"newsContent__article__imgCapa lazyloadDisabled \" src=\"https:\/\/files.sunoresearch.com.br\/n\/uploads\/2022\/01\/refinaria_petroleo-800x450.jpg\" width=\"800\" height=\"450\" alt=\"Petr\u00f3leo: Demanda global pelo combust\u00edvel pode voltar a n\u00edveis pr\u00e9-pandemia, diz AIE\" fetchpriority=high \/>\n\t\t\t<\/picture>\n\n\t\t\t<figcaption class=\"wp-caption-text wp-caption-text--show\">Opep aumenta proje\u00e7\u00e3o para oferta de combust\u00edveis do Brasil em 2024. Foto: Pixabay <\/figcaption>\n\t\t<\/figure>\n\t<\/div>\n\n\n\n\n\n\n\n\t<p>\n\t\t<a href=\"https:\/\/lp.suno.com.br\/ebook-como-analisar-uma-acao\/\" target=\"_blank\" data-element=\"shortcode-suno-banner\" title=\"Banner SUNO, clique e saiba mais\">\n\t\t\t<picture>\n\t\t\t\t<source media=\"(max-width: 500px)\" srcset=\"https:\/\/files.sunoresearch.com.br\/n\/uploads\/2023\/03\/Ebook-Acoes-Mobile.jpg\">\n\t\t\t\t<img class=\"newsContent__article__imgCapa newsContent__article__imgCapa--banner\"\n\t\t\t\t\tsrc=\"https:\/\/files.sunoresearch.com.br\/n\/uploads\/2023\/03\/Ebook-Acoes-Desktop.jpg\"\n\t\t\t\t\tdata-promo-id=\"378302\"\t\t\t\t\t\t\t\t\t\twidth='1420' height='286'\t\t\t\t\talt=\"https:\/\/files.sunoresearch.com.br\/n\/uploads\/2023\/03\/Ebook-Acoes-Desktop.jpg\"\n\t\t\t\t>\n\t\t\t<\/picture>\n\t\t<\/a>\n\t<\/p>\n\n\n\n\n\n<p>O relat\u00f3rio da <strong>AIE<\/strong>, publicado nesta quinta-feira (18), indica que o crescimento da demanda global diminuir\u00e1 para 1,2 milh\u00e3o de <strong>barris por dia (bpd) <\/strong>em 2024, em compara\u00e7\u00e3o com os 2,3 milh\u00f5es de bpd registrados em 2023. Assim, estima-se uma m\u00e9dia total de 103 milh\u00f5es de bpd. <\/p>\n\n\n\n<p>A AIE, no entanto, havia inicialmente previsto um acr\u00e9scimo menor na <strong>demanda de petr\u00f3leo<\/strong> para este ano, estimando 1,1 milh\u00e3o de bpd.<\/p>\n\n\n\n<p>A queda na demanda no quarto trimestre de 2023 (4T23) foi not\u00e1vel, com um ritmo de 1,7 milh\u00e3o de bpd, significativamente inferior ao terceiro trimestre, que registrou 2,8 milh\u00f5es de bpd. Este decl\u00ednio foi atribu\u00eddo \u00e0 redu\u00e7\u00e3o do turismo na China ap\u00f3s uma expans\u00e3o robusta ap\u00f3s a pandemia, conforme explicou a ag\u00eancia internacional.<\/p>\n\n\n\n<p>Apesar dessa queda, a China ainda est\u00e1 prevista para responder por quase 60% do aumento na demanda global deste ano, impulsionada pela expans\u00e3o do setor petroqu\u00edmico, conforme destaca a ag\u00eancia.<\/p>\n\n\n\n<p>Quanto \u00e0 <strong>oferta global de petr\u00f3leo<\/strong>, a AIE revisou suas proje\u00e7\u00f5es, prevendo agora uma expans\u00e3o de 1,5 milh\u00e3o de bpd em 2024, totalizando 103,5 milh\u00f5es de bpd. Em compara\u00e7\u00e3o com o relat\u00f3rio anterior, a proje\u00e7\u00e3o de aumento na oferta era de 1,2 milh\u00e3o de bpd.<\/p>\n\n\n\n<p>A an\u00e1lise da AIE tamb\u00e9m observou que, embora o mercado pare\u00e7a bem abastecido de petr\u00f3leo para 2024, os riscos \u00e0 oferta, relacionados ao <strong>conflito no Oriente M\u00e9dio<\/strong>, permanecem elevados.<\/p>\n\n\n\t<p>\n\t\t<a href=\"https:\/\/lp.suno.com.br\/ebook-gratuito-investindo-no-exterior\/\" target=\"_blank\" data-element=\"shortcode-suno-banner\" title=\"Banner SUNO, clique e saiba mais\">\n\t\t\t<picture>\n\t\t\t\t<source media=\"(max-width: 500px)\" srcset=\"https:\/\/files.sunoresearch.com.br\/n\/uploads\/2023\/03\/400x300-Investindo-no-exterior.png\">\n\t\t\t\t<img class=\"newsContent__article__imgCapa newsContent__article__imgCapa--banner\"\n\t\t\t\t\tsrc=\"https:\/\/files.sunoresearch.com.br\/n\/uploads\/2023\/03\/1420x240-Investindo-no-exterior.png\"\n\t\t\t\t\tdata-promo-id=\"383161\"\t\t\t\t\t\t\t\t\t\twidth='1420' height='240'\t\t\t\t\talt=\"https:\/\/files.sunoresearch.com.br\/n\/uploads\/2023\/03\/1420x240-Investindo-no-exterior.png\"\n\t\t\t\t>\n\t\t\t<\/picture>\n\t\t<\/a>\n\t<\/p>\n\n\n\n\n\n<h2 class=\"wp-block-heading\">Opep mant\u00e9m a previs\u00e3o de demanda global de petr\u00f3leo para 2,2 milh\u00f5es de bpd<\/h2>\n\n\n\n<p>Ainda nesta quarta-feira (17), a <a class=\"suno-keyword\" data-force=\"no\" data-priority=\"2\" href=\"https:\/\/www.suno.com.br\/artigos\/opep\/\" target=\"_blank\" rel=\"noopener\"><strong>Organiza\u00e7\u00e3o dos Pa\u00edses Exportadores de Petr\u00f3leo (Opep)<\/strong><\/a> havia anunciado a manuten\u00e7\u00e3o de sua previs\u00e3o de alta na demanda global por <strong>petr\u00f3leo em 2024<\/strong>, em 2,2 milh\u00f5es de barris por dia (bpd). <\/p>\n\n\n\n<p>O relat\u00f3rio mensal da organiza\u00e7\u00e3o evidenciou uma proje\u00e7\u00e3o inicial para 2025, com acr\u00e9scimo de 1,8 milh\u00e3o de bpd na demanda mundial pela commodity. <\/p>\n\n\n\n<p>Apenas a demanda em pa\u00edses que integram a Organiza\u00e7\u00e3o para a Coopera\u00e7\u00e3o e Desenvolvimento (OCDE) dever\u00e1 aumentar 300 mil bpd neste ano e 100 mil bpd no pr\u00f3ximo, projeta a Opep.<\/p>\n\n\n\n<p>Fora da OCDE, a previs\u00e3o \u00e9 de avan\u00e7os de cerca de 2 milh\u00f5es de bpd no consumo em 2024 e de 1,7 milh\u00e3o de bpd em 2025.<\/p>\n\n\n\n<p><em>Com informa\u00e7\u00f5es de Dow Jones Newswires e Estad\u00e3o Conte\u00fado.<\/em><\/p>\n\n\n\t<p>\n\t\t<a href=\"https:\/\/lp.suno.com.br\/planilha-da-vida-financeira\/\" target=\"_blank\" data-element=\"shortcode-suno-banner\" title=\"Banner SUNO, clique e saiba mais\">\n\t\t\t<picture>\n\t\t\t\t<source media=\"(max-width: 500px)\" srcset=\"https:\/\/files.sunoresearch.com.br\/n\/uploads\/2023\/04\/400x300-Planilha-vida-financeira-true.png\">\n\t\t\t\t<img class=\"newsContent__article__imgCapa newsContent__article__imgCapa--banner\"\n\t\t\t\t\tsrc=\"https:\/\/files.sunoresearch.com.br\/n\/uploads\/2023\/04\/1420x240-Planilha-vida-financeira-true.png\"\n\t\t\t\t\tdata-promo-id=\"383123\"\t\t\t\t\t\t\t\t\t\twidth='1420' height='240'\t\t\t\t\talt=\"https:\/\/files.sunoresearch.com.br\/n\/uploads\/2023\/04\/1420x240-Planilha-vida-financeira-true.png\"\n\t\t\t\t>\n\t\t\t<\/picture>\n\t\t<\/a>\n\t<\/p>\n\n\n","protected":false},"excerpt":{"rendered":"<p>A expans\u00e3o da demanda global por petr\u00f3leo teve uma desacelera\u00e7\u00e3o significativa no final do ano passado, apontou um relat\u00f3rio recente da Ag\u00eancia Internacional de Energia (AIE). A prevista \u00e9 de que o consumo da commodity enfraque\u00e7a ainda mais, o que pode indicar um retorno aos n\u00edveis pr\u00e9-pandemia de covid-19. Opep aumenta proje\u00e7\u00e3o para oferta de [&hellip;]<\/p>\n","protected":false},"author":283,"featured_media":227189,"comment_status":"closed","ping_status":"closed","sticky":false,"template":"","format":"standard","meta":[],"categories":[64],"tags":[106444,811,766],"suno_strategy":[],"class_list":["post-512500","post","type-post","status-publish","format-standard","has-post-thumbnail","hentry","category-negocios","tag-agencias","tag-opep","tag-petroleo"],"yoast_head":"<!-- This site is optimized with the Yoast SEO plugin v24.4 - https:\/\/yoast.com\/wordpress\/plugins\/seo\/ -->\n<title>Petr\u00f3leo: Demanda global pode voltar a n\u00edveis pr\u00e9-pandemia, diz AIE<\/title>\n<meta name=\"description\" content=\"Segundo relat\u00f3rio da AIE, \u00e9 previsto que a demanda global de petr\u00f3leo desacelere a um patamar pr\u00e9-pandemia. Entenda.\" \/>\n<meta name=\"robots\" content=\"index, follow, max-snippet:-1, max-image-preview:large, max-video-preview:-1\" \/>\n<link rel=\"canonical\" href=\"https:\/\/www.suno.com.br\/noticias\/demanda-global-petroleo-niveis-pandemia-cpf\/\" \/>\n<meta property=\"og:locale\" content=\"pt_BR\" \/>\n<meta property=\"og:type\" content=\"article\" \/>\n<meta property=\"og:title\" content=\"Petr\u00f3leo: Demanda global pode voltar a n\u00edveis pr\u00e9-pandemia, diz AIE\" \/>\n<meta property=\"og:description\" content=\"Segundo relat\u00f3rio da AIE, \u00e9 previsto que a demanda global de petr\u00f3leo desacelere a um patamar pr\u00e9-pandemia. Entenda.\" \/>\n<meta property=\"og:url\" content=\"https:\/\/www.suno.com.br\/noticias\/demanda-global-petroleo-niveis-pandemia-cpf\/\" \/>\n<meta property=\"og:site_name\" content=\"Suno Not\u00edcias\" \/>\n<meta property=\"article:publisher\" content=\"https:\/\/facebook.com\/sunoresearch\" \/>\n<meta property=\"og:image\" content=\"https:\/\/files.sunoresearch.com.br\/n\/uploads\/2022\/01\/refinaria_petroleo.jpg\" \/>\n\t<meta property=\"og:image:width\" content=\"1920\" \/>\n\t<meta property=\"og:image:height\" content=\"1080\" \/>\n\t<meta property=\"og:image:type\" content=\"image\/jpeg\" \/>\n<meta name=\"author\" content=\"Camila Paim\" \/>\n<meta name=\"twitter:card\" content=\"summary_large_image\" \/>\n<meta name=\"twitter:creator\" content=\"@sunoresearch\" \/>\n<meta name=\"twitter:site\" content=\"@sunoresearch\" \/>\n<meta name=\"twitter:label1\" content=\"Escrito por\" \/>\n\t<meta name=\"twitter:data1\" content=\"Camila Paim\" \/>\n\t<meta name=\"twitter:label2\" content=\"Est. tempo de leitura\" \/>\n\t<meta name=\"twitter:data2\" content=\"3 minutos\" \/>\n<script type=\"application\/ld+json\" class=\"yoast-schema-graph\">{\"@context\":\"https:\/\/schema.org\",\"@graph\":[{\"@type\":\"NewsArticle\",\"@id\":\"https:\/\/www.suno.com.br\/noticias\/demanda-global-petroleo-niveis-pandemia-cpf\/#article\",\"isPartOf\":{\"@id\":\"https:\/\/www.suno.com.br\/noticias\/demanda-global-petroleo-niveis-pandemia-cpf\/\"},\"author\":{\"name\":\"Camila Paim\",\"@id\":\"https:\/\/www.suno.com.br\/noticias\/#\/schema\/person\/f341d3ae5d1cc685176c9a5327cdfdbb\"},\"headline\":\"Petr\u00f3leo: Demanda global pelo combust\u00edvel pode voltar a n\u00edveis pr\u00e9-pandemia, diz AIE\",\"datePublished\":\"2024-01-18T14:10:11+00:00\",\"dateModified\":\"2024-01-18T14:10:19+00:00\",\"mainEntityOfPage\":{\"@id\":\"https:\/\/www.suno.com.br\/noticias\/demanda-global-petroleo-niveis-pandemia-cpf\/\"},\"wordCount\":478,\"publisher\":{\"@id\":\"https:\/\/www.suno.com.br\/noticias\/#organization\"},\"image\":{\"@id\":\"https:\/\/www.suno.com.br\/noticias\/demanda-global-petroleo-niveis-pandemia-cpf\/#primaryimage\"},\"thumbnailUrl\":\"https:\/\/files.sunoresearch.com.br\/n\/uploads\/2022\/01\/refinaria_petroleo.jpg\",\"keywords\":[\"Ag\u00eancias\",\"OPEP\",\"Petr\u00f3leo\"],\"articleSection\":[\"Neg\u00f3cios\"],\"inLanguage\":\"pt-BR\"},{\"@type\":\"WebPage\",\"@id\":\"https:\/\/www.suno.com.br\/noticias\/demanda-global-petroleo-niveis-pandemia-cpf\/\",\"url\":\"https:\/\/www.suno.com.br\/noticias\/demanda-global-petroleo-niveis-pandemia-cpf\/\",\"name\":\"Petr\u00f3leo: Demanda global pode voltar a n\u00edveis pr\u00e9-pandemia, diz AIE\",\"isPartOf\":{\"@id\":\"https:\/\/www.suno.com.br\/noticias\/#website\"},\"primaryImageOfPage\":{\"@id\":\"https:\/\/www.suno.com.br\/noticias\/demanda-global-petroleo-niveis-pandemia-cpf\/#primaryimage\"},\"image\":{\"@id\":\"https:\/\/www.suno.com.br\/noticias\/demanda-global-petroleo-niveis-pandemia-cpf\/#primaryimage\"},\"thumbnailUrl\":\"https:\/\/files.sunoresearch.com.br\/n\/uploads\/2022\/01\/refinaria_petroleo.jpg\",\"datePublished\":\"2024-01-18T14:10:11+00:00\",\"dateModified\":\"2024-01-18T14:10:19+00:00\",\"description\":\"Segundo relat\u00f3rio da AIE, \u00e9 previsto que a demanda global de petr\u00f3leo desacelere a um patamar pr\u00e9-pandemia. Entenda.\",\"breadcrumb\":{\"@id\":\"https:\/\/www.suno.com.br\/noticias\/demanda-global-petroleo-niveis-pandemia-cpf\/#breadcrumb\"},\"inLanguage\":\"pt-BR\",\"potentialAction\":[{\"@type\":\"ReadAction\",\"target\":[\"https:\/\/www.suno.com.br\/noticias\/demanda-global-petroleo-niveis-pandemia-cpf\/\"]}]},{\"@type\":\"ImageObject\",\"inLanguage\":\"pt-BR\",\"@id\":\"https:\/\/www.suno.com.br\/noticias\/demanda-global-petroleo-niveis-pandemia-cpf\/#primaryimage\",\"url\":\"https:\/\/files.sunoresearch.com.br\/n\/uploads\/2022\/01\/refinaria_petroleo.jpg\",\"contentUrl\":\"https:\/\/files.sunoresearch.com.br\/n\/uploads\/2022\/01\/refinaria_petroleo.jpg\",\"width\":1920,\"height\":1080,\"caption\":\"Opep aumenta proje\u00e7\u00e3o para oferta de combust\u00edveis do Brasil em 2024. Foto: Pixabay\"},{\"@type\":\"BreadcrumbList\",\"@id\":\"https:\/\/www.suno.com.br\/noticias\/demanda-global-petroleo-niveis-pandemia-cpf\/#breadcrumb\",\"itemListElement\":[{\"@type\":\"ListItem\",\"position\":1,\"name\":\"Not\u00edcias\",\"item\":\"https:\/\/www.suno.com.br\/noticias\/\"},{\"@type\":\"ListItem\",\"position\":2,\"name\":\"Neg\u00f3cios\",\"item\":\"https:\/\/www.suno.com.br\/noticias\/negocios\/\"},{\"@type\":\"ListItem\",\"position\":3,\"name\":\"Petr\u00f3leo: Demanda global pelo combust\u00edvel pode voltar a n\u00edveis pr\u00e9-pandemia, diz AIE\"}]},{\"@type\":\"WebSite\",\"@id\":\"https:\/\/www.suno.com.br\/noticias\/#website\",\"url\":\"https:\/\/www.suno.com.br\/noticias\/\",\"name\":\"Suno Not\u00edcias\",\"description\":\"Seu portal de informa\u00e7\u00e3o sobre o mundo dos investimentos\",\"publisher\":{\"@id\":\"https:\/\/www.suno.com.br\/noticias\/#organization\"},\"potentialAction\":[{\"@type\":\"SearchAction\",\"target\":{\"@type\":\"EntryPoint\",\"urlTemplate\":\"https:\/\/www.suno.com.br\/noticias\/?s={search_term_string}\"},\"query-input\":{\"@type\":\"PropertyValueSpecification\",\"valueRequired\":true,\"valueName\":\"search_term_string\"}}],\"inLanguage\":\"pt-BR\"},{\"@type\":\"Organization\",\"@id\":\"https:\/\/www.suno.com.br\/noticias\/#organization\",\"name\":\"Suno Not\u00edcias\",\"url\":\"https:\/\/www.suno.com.br\/noticias\/\",\"logo\":{\"@type\":\"ImageObject\",\"inLanguage\":\"pt-BR\",\"@id\":\"https:\/\/www.suno.com.br\/noticias\/#\/schema\/logo\/image\/\",\"url\":\"https:\/\/files.sunoresearch.com.br\/n\/uploads\/2021\/09\/suno-logo.png\",\"contentUrl\":\"https:\/\/files.sunoresearch.com.br\/n\/uploads\/2021\/09\/suno-logo.png\",\"width\":180,\"height\":180,\"caption\":\"Suno Not\u00edcias\"},\"image\":{\"@id\":\"https:\/\/www.suno.com.br\/noticias\/#\/schema\/logo\/image\/\"},\"sameAs\":[\"https:\/\/facebook.com\/sunoresearch\",\"https:\/\/x.com\/sunoresearch\",\"https:\/\/www.instagram.com\/suno\",\"https:\/\/www.linkedin.com\/company\/suno-research\/\",\"https:\/\/www.youtube.com\/c\/sunoresearch\"]},{\"@type\":\"Person\",\"@id\":\"https:\/\/www.suno.com.br\/noticias\/#\/schema\/person\/f341d3ae5d1cc685176c9a5327cdfdbb\",\"name\":\"Camila Paim\",\"image\":{\"@type\":\"ImageObject\",\"inLanguage\":\"pt-BR\",\"@id\":\"https:\/\/www.suno.com.br\/noticias\/#\/schema\/person\/image\/\",\"url\":\"https:\/\/secure.gravatar.com\/avatar\/f33728e65febb1aa7ecf6792956f9b20?s=96&r=g\",\"contentUrl\":\"https:\/\/secure.gravatar.com\/avatar\/f33728e65febb1aa7ecf6792956f9b20?s=96&r=g\",\"caption\":\"Camila Paim\"},\"description\":\"Jornalista formada pela USP, tem experi\u00eancia em reda\u00e7\u00f5es, SEO, Branded Content e Webdesign. Com passagem pelo Jornal da USP, Empiricus e C6 Bank, hoje \u00e9 rep\u00f3rter no Suno Not\u00edcias cobrindo macroeconomia, finan\u00e7as pessoais e startups.\",\"url\":\"https:\/\/www.suno.com.br\/noticias\/author\/camila-figueiredosuno-com-br\/\"}]}<\/script>\n<!-- \/ Yoast SEO plugin. -->","yoast_head_json":{"title":"Petr\u00f3leo: Demanda global pode voltar a n\u00edveis pr\u00e9-pandemia, diz AIE","description":"Segundo relat\u00f3rio da AIE, \u00e9 previsto que a demanda global de petr\u00f3leo desacelere a um patamar pr\u00e9-pandemia. Entenda.","robots":{"index":"index","follow":"follow","max-snippet":"max-snippet:-1","max-image-preview":"max-image-preview:large","max-video-preview":"max-video-preview:-1"},"canonical":"https:\/\/www.suno.com.br\/noticias\/demanda-global-petroleo-niveis-pandemia-cpf\/","og_locale":"pt_BR","og_type":"article","og_title":"Petr\u00f3leo: Demanda global pode voltar a n\u00edveis pr\u00e9-pandemia, diz AIE","og_description":"Segundo relat\u00f3rio da AIE, \u00e9 previsto que a demanda global de petr\u00f3leo desacelere a um patamar pr\u00e9-pandemia. Entenda.","og_url":"https:\/\/www.suno.com.br\/noticias\/demanda-global-petroleo-niveis-pandemia-cpf\/","og_site_name":"Suno Not\u00edcias","article_publisher":"https:\/\/facebook.com\/sunoresearch","og_image":[{"width":1920,"height":1080,"url":"https:\/\/files.sunoresearch.com.br\/n\/uploads\/2022\/01\/refinaria_petroleo.jpg","type":"image\/jpeg"}],"author":"Camila Paim","twitter_card":"summary_large_image","twitter_creator":"@sunoresearch","twitter_site":"@sunoresearch","twitter_misc":{"Escrito por":"Camila Paim","Est. tempo de leitura":"3 minutos"},"schema":{"@context":"https:\/\/schema.org","@graph":[{"@type":"NewsArticle","@id":"https:\/\/www.suno.com.br\/noticias\/demanda-global-petroleo-niveis-pandemia-cpf\/#article","isPartOf":{"@id":"https:\/\/www.suno.com.br\/noticias\/demanda-global-petroleo-niveis-pandemia-cpf\/"},"author":{"name":"Camila Paim","@id":"https:\/\/www.suno.com.br\/noticias\/#\/schema\/person\/f341d3ae5d1cc685176c9a5327cdfdbb"},"headline":"Petr\u00f3leo: Demanda global pelo combust\u00edvel pode voltar a n\u00edveis pr\u00e9-pandemia, diz AIE","datePublished":"2024-01-18T14:10:11+00:00","dateModified":"2024-01-18T14:10:19+00:00","mainEntityOfPage":{"@id":"https:\/\/www.suno.com.br\/noticias\/demanda-global-petroleo-niveis-pandemia-cpf\/"},"wordCount":478,"publisher":{"@id":"https:\/\/www.suno.com.br\/noticias\/#organization"},"image":{"@id":"https:\/\/www.suno.com.br\/noticias\/demanda-global-petroleo-niveis-pandemia-cpf\/#primaryimage"},"thumbnailUrl":"https:\/\/files.sunoresearch.com.br\/n\/uploads\/2022\/01\/refinaria_petroleo.jpg","keywords":["Ag\u00eancias","OPEP","Petr\u00f3leo"],"articleSection":["Neg\u00f3cios"],"inLanguage":"pt-BR"},{"@type":"WebPage","@id":"https:\/\/www.suno.com.br\/noticias\/demanda-global-petroleo-niveis-pandemia-cpf\/","url":"https:\/\/www.suno.com.br\/noticias\/demanda-global-petroleo-niveis-pandemia-cpf\/","name":"Petr\u00f3leo: Demanda global pode voltar a n\u00edveis pr\u00e9-pandemia, diz AIE","isPartOf":{"@id":"https:\/\/www.suno.com.br\/noticias\/#website"},"primaryImageOfPage":{"@id":"https:\/\/www.suno.com.br\/noticias\/demanda-global-petroleo-niveis-pandemia-cpf\/#primaryimage"},"image":{"@id":"https:\/\/www.suno.com.br\/noticias\/demanda-global-petroleo-niveis-pandemia-cpf\/#primaryimage"},"thumbnailUrl":"https:\/\/files.sunoresearch.com.br\/n\/uploads\/2022\/01\/refinaria_petroleo.jpg","datePublished":"2024-01-18T14:10:11+00:00","dateModified":"2024-01-18T14:10:19+00:00","description":"Segundo relat\u00f3rio da AIE, \u00e9 previsto que a demanda global de petr\u00f3leo desacelere a um patamar pr\u00e9-pandemia. Entenda.","breadcrumb":{"@id":"https:\/\/www.suno.com.br\/noticias\/demanda-global-petroleo-niveis-pandemia-cpf\/#breadcrumb"},"inLanguage":"pt-BR","potentialAction":[{"@type":"ReadAction","target":["https:\/\/www.suno.com.br\/noticias\/demanda-global-petroleo-niveis-pandemia-cpf\/"]}]},{"@type":"ImageObject","inLanguage":"pt-BR","@id":"https:\/\/www.suno.com.br\/noticias\/demanda-global-petroleo-niveis-pandemia-cpf\/#primaryimage","url":"https:\/\/files.sunoresearch.com.br\/n\/uploads\/2022\/01\/refinaria_petroleo.jpg","contentUrl":"https:\/\/files.sunoresearch.com.br\/n\/uploads\/2022\/01\/refinaria_petroleo.jpg","width":1920,"height":1080,"caption":"Opep aumenta proje\u00e7\u00e3o para oferta de combust\u00edveis do Brasil em 2024. Foto: Pixabay"},{"@type":"BreadcrumbList","@id":"https:\/\/www.suno.com.br\/noticias\/demanda-global-petroleo-niveis-pandemia-cpf\/#breadcrumb","itemListElement":[{"@type":"ListItem","position":1,"name":"Not\u00edcias","item":"https:\/\/www.suno.com.br\/noticias\/"},{"@type":"ListItem","position":2,"name":"Neg\u00f3cios","item":"https:\/\/www.suno.com.br\/noticias\/negocios\/"},{"@type":"ListItem","position":3,"name":"Petr\u00f3leo: Demanda global pelo combust\u00edvel pode voltar a n\u00edveis pr\u00e9-pandemia, diz AIE"}]},{"@type":"WebSite","@id":"https:\/\/www.suno.com.br\/noticias\/#website","url":"https:\/\/www.suno.com.br\/noticias\/","name":"Suno Not\u00edcias","description":"Seu portal de informa\u00e7\u00e3o sobre o mundo dos investimentos","publisher":{"@id":"https:\/\/www.suno.com.br\/noticias\/#organization"},"potentialAction":[{"@type":"SearchAction","target":{"@type":"EntryPoint","urlTemplate":"https:\/\/www.suno.com.br\/noticias\/?s={search_term_string}"},"query-input":{"@type":"PropertyValueSpecification","valueRequired":true,"valueName":"search_term_string"}}],"inLanguage":"pt-BR"},{"@type":"Organization","@id":"https:\/\/www.suno.com.br\/noticias\/#organization","name":"Suno Not\u00edcias","url":"https:\/\/www.suno.com.br\/noticias\/","logo":{"@type":"ImageObject","inLanguage":"pt-BR","@id":"https:\/\/www.suno.com.br\/noticias\/#\/schema\/logo\/image\/","url":"https:\/\/files.sunoresearch.com.br\/n\/uploads\/2021\/09\/suno-logo.png","contentUrl":"https:\/\/files.sunoresearch.com.br\/n\/uploads\/2021\/09\/suno-logo.png","width":180,"height":180,"caption":"Suno Not\u00edcias"},"image":{"@id":"https:\/\/www.suno.com.br\/noticias\/#\/schema\/logo\/image\/"},"sameAs":["https:\/\/facebook.com\/sunoresearch","https:\/\/x.com\/sunoresearch","https:\/\/www.instagram.com\/suno","https:\/\/www.linkedin.com\/company\/suno-research\/","https:\/\/www.youtube.com\/c\/sunoresearch"]},{"@type":"Person","@id":"https:\/\/www.suno.com.br\/noticias\/#\/schema\/person\/f341d3ae5d1cc685176c9a5327cdfdbb","name":"Camila Paim","image":{"@type":"ImageObject","inLanguage":"pt-BR","@id":"https:\/\/www.suno.com.br\/noticias\/#\/schema\/person\/image\/","url":"https:\/\/secure.gravatar.com\/avatar\/f33728e65febb1aa7ecf6792956f9b20?s=96&r=g","contentUrl":"https:\/\/secure.gravatar.com\/avatar\/f33728e65febb1aa7ecf6792956f9b20?s=96&r=g","caption":"Camila Paim"},"description":"Jornalista formada pela USP, tem experi\u00eancia em reda\u00e7\u00f5es, SEO, Branded Content e Webdesign. Com passagem pelo Jornal da USP, Empiricus e C6 Bank, hoje \u00e9 rep\u00f3rter no Suno Not\u00edcias cobrindo macroeconomia, finan\u00e7as pessoais e startups.","url":"https:\/\/www.suno.com.br\/noticias\/author\/camila-figueiredosuno-com-br\/"}]}},"default_loop_html":"<div class=\"cardsPage__listCard__boxs\"><div class=\"cardsPage__listCard__boxs__img\"><a href=\"https:\/\/www.suno.com.br\/noticias\/demanda-global-petroleo-niveis-pandemia-cpf\/\"><img class=\"mask\" src=\"https:\/\/www.suno.com.br\/noticias\/wp-content\/themes\/suno\/resources\/images\/spotlight\/spotlight1img\/bg-mask.png\" alt=\"Image Mask\"\/><img src=\"https:\/\/files.sunoresearch.com.br\/n\/uploads\/2022\/01\/refinaria_petroleo-400x200.jpg\" alt=\"Petr\u00f3leo: Demanda global pelo combust\u00edvel pode voltar a n\u00edveis pr\u00e9-pandemia, diz AIE\"\/><\/a><span class=\"spotlightCategory\"><a href=\"https:\/\/www.suno.com.br\/noticias\/negocios\/\">Neg\u00f3cios<\/a><\/span><\/div><div class=\"cardsPage__listCard__boxs__content\"><a href=\"https:\/\/www.suno.com.br\/noticias\/demanda-global-petroleo-niveis-pandemia-cpf\/\"><h2 class=\"content__title\">Petr\u00f3leo: Demanda global pelo combust\u00edvel pode voltar a n\u00edveis pr\u00e9-pandemia, diz AIE<\/h2><\/a><div class=\"newsContent__article__meta\"><div class=\"newsContent__article__meta__authorBox\"><a href=\"https:\/\/www.suno.com.br\/noticias\/author\/camila-figueiredosuno-com-br\/\" class=\"authorBox__avatar noMobi\"><img src=\"https:\/\/files.sunoresearch.com.br\/n\/uploads\/2024\/05\/camila-paim-square-150x150.jpg\" alt=\"Camila Paim\"><\/a><div class=\"authorBox__name\"><span>por\n\t\t\t<a href=\"https:\/\/www.suno.com.br\/noticias\/author\/camila-figueiredosuno-com-br\/\"><span itemprop=\"author\">Camila Paim<\/span><\/a><\/span><time datetime=\"2024-01-18T11:10:11-03:00\" itemprop=\"datePublished\">18\/01\/2024 11:10<\/time><\/div><\/div><\/div><\/div><\/div>","single_layout":"posts","amp_enabled":true,"_links":{"self":[{"href":"https:\/\/www.suno.com.br\/noticias\/wp-json\/wp\/v2\/posts\/512500"}],"collection":[{"href":"https:\/\/www.suno.com.br\/noticias\/wp-json\/wp\/v2\/posts"}],"about":[{"href":"https:\/\/www.suno.com.br\/noticias\/wp-json\/wp\/v2\/types\/post"}],"author":[{"embeddable":true,"href":"https:\/\/www.suno.com.br\/noticias\/wp-json\/wp\/v2\/users\/283"}],"replies":[{"embeddable":true,"href":"https:\/\/www.suno.com.br\/noticias\/wp-json\/wp\/v2\/comments?post=512500"}],"version-history":[{"count":3,"href":"https:\/\/www.suno.com.br\/noticias\/wp-json\/wp\/v2\/posts\/512500\/revisions"}],"predecessor-version":[{"id":512642,"href":"https:\/\/www.suno.com.br\/noticias\/wp-json\/wp\/v2\/posts\/512500\/revisions\/512642"}],"wp:featuredmedia":[{"embeddable":true,"href":"https:\/\/www.suno.com.br\/noticias\/wp-json\/wp\/v2\/media\/227189"}],"wp:attachment":[{"href":"https:\/\/www.suno.com.br\/noticias\/wp-json\/wp\/v2\/media?parent=512500"}],"wp:term":[{"taxonomy":"category","embeddable":true,"href":"https:\/\/www.suno.com.br\/noticias\/wp-json\/wp\/v2\/categories?post=512500"},{"taxonomy":"post_tag","embeddable":true,"href":"https:\/\/www.suno.com.br\/noticias\/wp-json\/wp\/v2\/tags?post=512500"},{"taxonomy":"suno_strategy","embeddable":true,"href":"https:\/\/www.suno.com.br\/noticias\/wp-json\/wp\/v2\/suno_strategy?post=512500"}],"curies":[{"name":"wp","href":"https:\/\/api.w.org\/{rel}","templated":true}]}}