{"id":512404,"date":"2024-01-17T21:42:30","date_gmt":"2024-01-18T00:42:30","guid":{"rendered":"https:\/\/www.suno.com.br\/noticias\/?p=512404"},"modified":"2024-01-17T21:45:57","modified_gmt":"2024-01-18T00:45:57","slug":"eztec-eztc3-previa-operacional-vendas-lt","status":"publish","type":"post","link":"https:\/\/www.suno.com.br\/noticias\/eztec-eztc3-previa-operacional-vendas-lt\/","title":{"rendered":"Vendas da Eztec (EZTC3) caem 34,6% no 4T23, para R$ 199 milh\u00f5es \u00a0"},"content":{"rendered":"<p>As vendas l\u00edquidas da <strong><a href=\"https:\/\/www.suno.com.br\/acoes\/eztc3\/\">Eztec (EZTC3)<\/a><\/strong>, construtora concentrada na alta renda, ca\u00edram 34,6% no quarto trimestre de 2023 na base anual, para R$ 199 milh\u00f5es, em fun\u00e7\u00e3o da companhia ter concentrado seus esfor\u00e7os na redu\u00e7\u00e3o de estoques e n\u00e3o em novos lan\u00e7amentos. \u00a0<\/p>\t<div class=\"wrapper-featured-image\">\n\t\t<figure class=\"spotlightImg\">\n\n\t\t\t<picture>\n\t\t\t\t<source media=\"(max-width: 768px)\" srcset=\"https:\/\/files.sunoresearch.com.br\/n\/uploads\/2021\/03\/f89915e8-cidade-maia-eztec-400x200.webp\">\n\t\t\t\t<img loading=\"lazy\" decoding=\"async\" class=\"newsContent__article__imgCapa lazyloadDisabled \" src=\"https:\/\/files.sunoresearch.com.br\/n\/uploads\/2021\/03\/f89915e8-cidade-maia-eztec-800x450.webp\" width=\"800\" height=\"450\" alt=\"Vendas da Eztec (EZTC3) caem 34,6% no 4T23, para R$ 199 milh\u00f5es \u00a0\" fetchpriority=high \/>\n\t\t\t<\/picture>\n\n\t\t\t<figcaption class=\"wp-caption-text wp-caption-text--show\">Eztec (EZTC3). Foto: Divulga\u00e7\u00e3o<\/figcaption>\n\t\t<\/figure>\n\t<\/div>\n\n\n\n\n\n\t<p>\n\t\t<a href=\"https:\/\/lp.suno.com.br\/ebook-como-analisar-uma-acao\/\" target=\"_blank\" data-element=\"shortcode-suno-banner\" title=\"Banner SUNO, clique e saiba mais\">\n\t\t\t<picture>\n\t\t\t\t<source media=\"(max-width: 500px)\" srcset=\"https:\/\/files.sunoresearch.com.br\/n\/uploads\/2023\/03\/Ebook-Acoes-Mobile.jpg\">\n\t\t\t\t<img class=\"newsContent__article__imgCapa newsContent__article__imgCapa--banner\"\n\t\t\t\t\tsrc=\"https:\/\/files.sunoresearch.com.br\/n\/uploads\/2023\/03\/Ebook-Acoes-Desktop.jpg\"\n\t\t\t\t\tdata-promo-id=\"378302\"\t\t\t\t\t\t\t\t\t\twidth='1420' height='286'\t\t\t\t\talt=\"https:\/\/files.sunoresearch.com.br\/n\/uploads\/2023\/03\/Ebook-Acoes-Desktop.jpg\"\n\t\t\t\t>\n\t\t\t<\/picture>\n\t\t<\/a>\n\t<\/p>\n\n\n\n\n\n<p>No per\u00edodo, mesmo com os esfor\u00e7os da construtora para reduzir o tamanho do<strong> estoque<\/strong> <strong>da Eztec<\/strong>, o n\u00famero ficou praticamente est\u00e1vel em rela\u00e7\u00e3o ao mesmo intervalo de 2022, somando R$ 2,66 bilh\u00f5es. \u00a0<\/p>\n\n\n\n<p>Apesar dessa estrat\u00e9gia, de acordo com a pr\u00e9via operacional divulgada pela companhia nesta quarta-feira (17), o Valor Geral de Vendas (VGV)<strong> <\/strong>de <strong>lan\u00e7amentos da Eztec<\/strong> subiu 2% no \u00faltimo trimestre do ano passado, ante o mesmo intervalo de 2022, a R$ 300 milh\u00f5es. Com isso, ao final do per\u00edodo, a EzTec possu\u00eda R$ 135,5 milh\u00f5es em obras, uma baixa de 16,3% na compara\u00e7\u00e3o anual.<\/p>\n\n\n\n<p>Impactada pelo foco da redu\u00e7\u00e3o de estoque, a<strong>\u00a0velocidade de vendas (VSO)<\/strong>, que mede a oferta imobili\u00e1ria, foi de apenas 6,9% no quarto trimestre do ano passado, uma retra\u00e7\u00e3o de 2,8 ponto percentual (p.p) ante igual per\u00edodo de 2022. Ainda assim, os distratos subiram 7,8 p.p no trimestre na base anual, para R$ 19,8%.<\/p>\n\n\n\t<p>\n\t\t<a href=\"https:\/\/lp.suno.com.br\/planilha-da-vida-financeira\/\" target=\"_blank\" data-element=\"shortcode-suno-banner\" title=\"Banner SUNO, clique e saiba mais\">\n\t\t\t<picture>\n\t\t\t\t<source media=\"(max-width: 500px)\" srcset=\"https:\/\/files.sunoresearch.com.br\/n\/uploads\/2023\/04\/400x300-Planilha-vida-financeira-true.png\">\n\t\t\t\t<img class=\"newsContent__article__imgCapa newsContent__article__imgCapa--banner\"\n\t\t\t\t\tsrc=\"https:\/\/files.sunoresearch.com.br\/n\/uploads\/2023\/04\/1420x240-Planilha-vida-financeira-true.png\"\n\t\t\t\t\tdata-promo-id=\"383123\"\t\t\t\t\t\t\t\t\t\twidth='1420' height='240'\t\t\t\t\talt=\"https:\/\/files.sunoresearch.com.br\/n\/uploads\/2023\/04\/1420x240-Planilha-vida-financeira-true.png\"\n\t\t\t\t>\n\t\t\t<\/picture>\n\t\t<\/a>\n\t<\/p>\n\n\n\n\n\n<h2 class=\"wp-block-heading\">O 2023 da Eztec <\/h2>\n\n\n\n<p>No ano passado, as\u00a0<strong>vendas l\u00edquidas da Eztec<\/strong>\u00a0atingiram R$ 1,26 bilh\u00e3o, valor 0,6% superior que o visto em 2022. Em 2023, as vendas de lan\u00e7amentos ca\u00edram 45,4% ante o ano anterior, para R$ 323,6 milh\u00f5es, enquanto os distratos atingiram 15,4% no per\u00edodo, uma eleva\u00e7\u00e3o de 2,8 p.p na base anual.<\/p>\n\n\n\n<p>A\u00a0Eztec registrou lan\u00e7amentos no valor total de R$ 987 milh\u00f5es em 2023. No ano, a companhia lan\u00e7ou apenas cinco empreendimentos, sendo um no \u00faltimo trimestre do ano, em fun\u00e7\u00e3o da estrat\u00e9gia de focar na queda do estoque.<\/p>\n\n\n\n<p>Um dado a se comemorar em 2023 s\u00e3o as entregas. Segundo a companhia, foi entregue um VGV de R$ 1,82 bilh\u00e3o no ano passado, um aumento de 138% quando comparado as entregas de 2022 da <strong>Eztec<\/strong>.<\/p>\n\n\n\t<p>\n\t\t<a href=\"https:\/\/lp.suno.com.br\/planilha-da-vida-financeira\/\" target=\"_blank\" data-element=\"shortcode-suno-banner\" title=\"Banner SUNO, clique e saiba mais\">\n\t\t\t<picture>\n\t\t\t\t<source media=\"(max-width: 500px)\" srcset=\"https:\/\/files.sunoresearch.com.br\/n\/uploads\/2023\/04\/400x300-Planilha-vida-financeira-true.png\">\n\t\t\t\t<img class=\"newsContent__article__imgCapa newsContent__article__imgCapa--banner\"\n\t\t\t\t\tsrc=\"https:\/\/files.sunoresearch.com.br\/n\/uploads\/2023\/04\/1420x240-Planilha-vida-financeira-true.png\"\n\t\t\t\t\tdata-promo-id=\"106682\"\t\t\t\t\t\t\t\t\t\twidth='1420' height='240'\t\t\t\t\talt=\"https:\/\/files.sunoresearch.com.br\/n\/uploads\/2023\/04\/1420x240-Planilha-vida-financeira-true.png\"\n\t\t\t\t>\n\t\t\t<\/picture>\n\t\t<\/a>\n\t<\/p>\n\n\n","protected":false},"excerpt":{"rendered":"<p>As vendas l\u00edquidas da Eztec (EZTC3), construtora concentrada na alta renda, ca\u00edram 34,6% no quarto trimestre de 2023 na base anual, para R$ 199 milh\u00f5es, em fun\u00e7\u00e3o da companhia ter concentrado seus esfor\u00e7os na redu\u00e7\u00e3o de estoques e n\u00e3o em novos lan\u00e7amentos. \u00a0 Eztec (EZTC3). Foto: Divulga\u00e7\u00e3o No per\u00edodo, mesmo com os esfor\u00e7os da construtora [&hellip;]<\/p>\n","protected":false},"author":340,"featured_media":130219,"comment_status":"closed","ping_status":"closed","sticky":false,"template":"","format":"standard","meta":[],"categories":[64],"tags":[286,473],"suno_strategy":[],"class_list":["post-512404","post","type-post","status-publish","format-standard","has-post-thumbnail","hentry","category-negocios","tag-acoes","tag-eztec-eztc3"],"yoast_head":"<!-- This site is optimized with the Yoast SEO plugin v24.4 - https:\/\/yoast.com\/wordpress\/plugins\/seo\/ -->\n<title>Eztec (EZTC3): vendas caem 34,6% em pr\u00e9via do 4T23, para R$ 199 mi<\/title>\n<meta name=\"description\" content=\"As vendas l\u00edquidas da Eztec ca\u00edram 34,6% no quarto trimestre de 2023 na base anual, para R$ 199 milh\u00f5es. Saiba mais\" \/>\n<meta name=\"robots\" content=\"index, follow, max-snippet:-1, max-image-preview:large, max-video-preview:-1\" \/>\n<link rel=\"canonical\" href=\"https:\/\/www.suno.com.br\/noticias\/eztec-eztc3-previa-operacional-vendas-lt\/\" \/>\n<meta property=\"og:locale\" content=\"pt_BR\" \/>\n<meta property=\"og:type\" content=\"article\" \/>\n<meta property=\"og:title\" content=\"Eztec (EZTC3): vendas caem 34,6% em pr\u00e9via do 4T23, para R$ 199 mi\" \/>\n<meta property=\"og:description\" content=\"As vendas l\u00edquidas da Eztec ca\u00edram 34,6% no quarto trimestre de 2023 na base anual, para R$ 199 milh\u00f5es. Saiba mais\" \/>\n<meta property=\"og:url\" content=\"https:\/\/www.suno.com.br\/noticias\/eztec-eztc3-previa-operacional-vendas-lt\/\" \/>\n<meta property=\"og:site_name\" content=\"Suno Not\u00edcias\" \/>\n<meta property=\"article:publisher\" content=\"https:\/\/facebook.com\/sunoresearch\" \/>\n<meta property=\"og:image\" content=\"https:\/\/files.sunoresearch.com.br\/n\/uploads\/2021\/03\/f89915e8-cidade-maia-eztec.jpg\" \/>\n\t<meta property=\"og:image:width\" content=\"1200\" \/>\n\t<meta property=\"og:image:height\" content=\"800\" \/>\n\t<meta property=\"og:image:type\" content=\"image\/jpeg\" \/>\n<meta name=\"author\" content=\"Leandro Tavares\" \/>\n<meta name=\"twitter:card\" content=\"summary_large_image\" \/>\n<meta name=\"twitter:creator\" content=\"@sunoresearch\" \/>\n<meta name=\"twitter:site\" content=\"@sunoresearch\" \/>\n<meta name=\"twitter:label1\" content=\"Escrito por\" \/>\n\t<meta name=\"twitter:data1\" content=\"Leandro Tavares\" \/>\n\t<meta name=\"twitter:label2\" content=\"Est. tempo de leitura\" \/>\n\t<meta name=\"twitter:data2\" content=\"2 minutos\" \/>\n<script type=\"application\/ld+json\" class=\"yoast-schema-graph\">{\"@context\":\"https:\/\/schema.org\",\"@graph\":[{\"@type\":\"NewsArticle\",\"@id\":\"https:\/\/www.suno.com.br\/noticias\/eztec-eztc3-previa-operacional-vendas-lt\/#article\",\"isPartOf\":{\"@id\":\"https:\/\/www.suno.com.br\/noticias\/eztec-eztc3-previa-operacional-vendas-lt\/\"},\"author\":{\"name\":\"Leandro Tavares\",\"@id\":\"https:\/\/www.suno.com.br\/noticias\/#\/schema\/person\/96b86313436a5af8c004989de27d4962\"},\"headline\":\"Vendas da Eztec (EZTC3) caem 34,6% no 4T23, para R$ 199 milh\u00f5es \u00a0\",\"datePublished\":\"2024-01-18T00:42:30+00:00\",\"dateModified\":\"2024-01-18T00:45:57+00:00\",\"mainEntityOfPage\":{\"@id\":\"https:\/\/www.suno.com.br\/noticias\/eztec-eztc3-previa-operacional-vendas-lt\/\"},\"wordCount\":353,\"publisher\":{\"@id\":\"https:\/\/www.suno.com.br\/noticias\/#organization\"},\"image\":{\"@id\":\"https:\/\/www.suno.com.br\/noticias\/eztec-eztc3-previa-operacional-vendas-lt\/#primaryimage\"},\"thumbnailUrl\":\"https:\/\/files.sunoresearch.com.br\/n\/uploads\/2021\/03\/f89915e8-cidade-maia-eztec-jpg.webp\",\"keywords\":[\"A\u00e7\u00f5es\",\"Eztec (EZTC3)\"],\"articleSection\":[\"Neg\u00f3cios\"],\"inLanguage\":\"pt-BR\"},{\"@type\":\"WebPage\",\"@id\":\"https:\/\/www.suno.com.br\/noticias\/eztec-eztc3-previa-operacional-vendas-lt\/\",\"url\":\"https:\/\/www.suno.com.br\/noticias\/eztec-eztc3-previa-operacional-vendas-lt\/\",\"name\":\"Eztec (EZTC3): vendas caem 34,6% em pr\u00e9via do 4T23, para R$ 199 mi\",\"isPartOf\":{\"@id\":\"https:\/\/www.suno.com.br\/noticias\/#website\"},\"primaryImageOfPage\":{\"@id\":\"https:\/\/www.suno.com.br\/noticias\/eztec-eztc3-previa-operacional-vendas-lt\/#primaryimage\"},\"image\":{\"@id\":\"https:\/\/www.suno.com.br\/noticias\/eztec-eztc3-previa-operacional-vendas-lt\/#primaryimage\"},\"thumbnailUrl\":\"https:\/\/files.sunoresearch.com.br\/n\/uploads\/2021\/03\/f89915e8-cidade-maia-eztec-jpg.webp\",\"datePublished\":\"2024-01-18T00:42:30+00:00\",\"dateModified\":\"2024-01-18T00:45:57+00:00\",\"description\":\"As vendas l\u00edquidas da Eztec ca\u00edram 34,6% no quarto trimestre de 2023 na base anual, para R$ 199 milh\u00f5es. Saiba mais\",\"breadcrumb\":{\"@id\":\"https:\/\/www.suno.com.br\/noticias\/eztec-eztc3-previa-operacional-vendas-lt\/#breadcrumb\"},\"inLanguage\":\"pt-BR\",\"potentialAction\":[{\"@type\":\"ReadAction\",\"target\":[\"https:\/\/www.suno.com.br\/noticias\/eztec-eztc3-previa-operacional-vendas-lt\/\"]}]},{\"@type\":\"ImageObject\",\"inLanguage\":\"pt-BR\",\"@id\":\"https:\/\/www.suno.com.br\/noticias\/eztec-eztc3-previa-operacional-vendas-lt\/#primaryimage\",\"url\":\"https:\/\/files.sunoresearch.com.br\/n\/uploads\/2021\/03\/f89915e8-cidade-maia-eztec-jpg.webp\",\"contentUrl\":\"https:\/\/files.sunoresearch.com.br\/n\/uploads\/2021\/03\/f89915e8-cidade-maia-eztec-jpg.webp\",\"width\":1200,\"height\":800,\"caption\":\"Eztec (EZTC3). Foto: Divulga\u00e7\u00e3o\"},{\"@type\":\"BreadcrumbList\",\"@id\":\"https:\/\/www.suno.com.br\/noticias\/eztec-eztc3-previa-operacional-vendas-lt\/#breadcrumb\",\"itemListElement\":[{\"@type\":\"ListItem\",\"position\":1,\"name\":\"Not\u00edcias\",\"item\":\"https:\/\/www.suno.com.br\/noticias\/\"},{\"@type\":\"ListItem\",\"position\":2,\"name\":\"Neg\u00f3cios\",\"item\":\"https:\/\/www.suno.com.br\/noticias\/negocios\/\"},{\"@type\":\"ListItem\",\"position\":3,\"name\":\"Vendas da Eztec (EZTC3) caem 34,6% no 4T23, para R$ 199 milh\u00f5es \u00a0\"}]},{\"@type\":\"WebSite\",\"@id\":\"https:\/\/www.suno.com.br\/noticias\/#website\",\"url\":\"https:\/\/www.suno.com.br\/noticias\/\",\"name\":\"Suno Not\u00edcias\",\"description\":\"Seu portal de informa\u00e7\u00e3o sobre o mundo dos investimentos\",\"publisher\":{\"@id\":\"https:\/\/www.suno.com.br\/noticias\/#organization\"},\"potentialAction\":[{\"@type\":\"SearchAction\",\"target\":{\"@type\":\"EntryPoint\",\"urlTemplate\":\"https:\/\/www.suno.com.br\/noticias\/?s={search_term_string}\"},\"query-input\":{\"@type\":\"PropertyValueSpecification\",\"valueRequired\":true,\"valueName\":\"search_term_string\"}}],\"inLanguage\":\"pt-BR\"},{\"@type\":\"Organization\",\"@id\":\"https:\/\/www.suno.com.br\/noticias\/#organization\",\"name\":\"Suno Not\u00edcias\",\"url\":\"https:\/\/www.suno.com.br\/noticias\/\",\"logo\":{\"@type\":\"ImageObject\",\"inLanguage\":\"pt-BR\",\"@id\":\"https:\/\/www.suno.com.br\/noticias\/#\/schema\/logo\/image\/\",\"url\":\"https:\/\/files.sunoresearch.com.br\/n\/uploads\/2021\/09\/suno-logo.png\",\"contentUrl\":\"https:\/\/files.sunoresearch.com.br\/n\/uploads\/2021\/09\/suno-logo.png\",\"width\":180,\"height\":180,\"caption\":\"Suno Not\u00edcias\"},\"image\":{\"@id\":\"https:\/\/www.suno.com.br\/noticias\/#\/schema\/logo\/image\/\"},\"sameAs\":[\"https:\/\/facebook.com\/sunoresearch\",\"https:\/\/x.com\/sunoresearch\",\"https:\/\/www.instagram.com\/suno\",\"https:\/\/www.linkedin.com\/company\/suno-research\/\",\"https:\/\/www.youtube.com\/c\/sunoresearch\"]},{\"@type\":\"Person\",\"@id\":\"https:\/\/www.suno.com.br\/noticias\/#\/schema\/person\/96b86313436a5af8c004989de27d4962\",\"name\":\"Leandro Tavares\",\"image\":{\"@type\":\"ImageObject\",\"inLanguage\":\"pt-BR\",\"@id\":\"https:\/\/www.suno.com.br\/noticias\/#\/schema\/person\/image\/\",\"url\":\"https:\/\/secure.gravatar.com\/avatar\/cef3014f9ca74cf54fb41dc01807a08b?s=96&r=g\",\"contentUrl\":\"https:\/\/secure.gravatar.com\/avatar\/cef3014f9ca74cf54fb41dc01807a08b?s=96&r=g\",\"caption\":\"Leandro Tavares\"},\"url\":\"https:\/\/www.suno.com.br\/noticias\/author\/leandro-sbtavaresgmail-com\/\"}]}<\/script>\n<!-- \/ Yoast SEO plugin. -->","yoast_head_json":{"title":"Eztec (EZTC3): vendas caem 34,6% em pr\u00e9via do 4T23, para R$ 199 mi","description":"As vendas l\u00edquidas da Eztec ca\u00edram 34,6% no quarto trimestre de 2023 na base anual, para R$ 199 milh\u00f5es. Saiba mais","robots":{"index":"index","follow":"follow","max-snippet":"max-snippet:-1","max-image-preview":"max-image-preview:large","max-video-preview":"max-video-preview:-1"},"canonical":"https:\/\/www.suno.com.br\/noticias\/eztec-eztc3-previa-operacional-vendas-lt\/","og_locale":"pt_BR","og_type":"article","og_title":"Eztec (EZTC3): vendas caem 34,6% em pr\u00e9via do 4T23, para R$ 199 mi","og_description":"As vendas l\u00edquidas da Eztec ca\u00edram 34,6% no quarto trimestre de 2023 na base anual, para R$ 199 milh\u00f5es. Saiba mais","og_url":"https:\/\/www.suno.com.br\/noticias\/eztec-eztc3-previa-operacional-vendas-lt\/","og_site_name":"Suno Not\u00edcias","article_publisher":"https:\/\/facebook.com\/sunoresearch","og_image":[{"width":1200,"height":800,"url":"https:\/\/files.sunoresearch.com.br\/n\/uploads\/2021\/03\/f89915e8-cidade-maia-eztec.jpg","type":"image\/jpeg"}],"author":"Leandro Tavares","twitter_card":"summary_large_image","twitter_creator":"@sunoresearch","twitter_site":"@sunoresearch","twitter_misc":{"Escrito por":"Leandro Tavares","Est. tempo de leitura":"2 minutos"},"schema":{"@context":"https:\/\/schema.org","@graph":[{"@type":"NewsArticle","@id":"https:\/\/www.suno.com.br\/noticias\/eztec-eztc3-previa-operacional-vendas-lt\/#article","isPartOf":{"@id":"https:\/\/www.suno.com.br\/noticias\/eztec-eztc3-previa-operacional-vendas-lt\/"},"author":{"name":"Leandro Tavares","@id":"https:\/\/www.suno.com.br\/noticias\/#\/schema\/person\/96b86313436a5af8c004989de27d4962"},"headline":"Vendas da Eztec (EZTC3) caem 34,6% no 4T23, para R$ 199 milh\u00f5es \u00a0","datePublished":"2024-01-18T00:42:30+00:00","dateModified":"2024-01-18T00:45:57+00:00","mainEntityOfPage":{"@id":"https:\/\/www.suno.com.br\/noticias\/eztec-eztc3-previa-operacional-vendas-lt\/"},"wordCount":353,"publisher":{"@id":"https:\/\/www.suno.com.br\/noticias\/#organization"},"image":{"@id":"https:\/\/www.suno.com.br\/noticias\/eztec-eztc3-previa-operacional-vendas-lt\/#primaryimage"},"thumbnailUrl":"https:\/\/files.sunoresearch.com.br\/n\/uploads\/2021\/03\/f89915e8-cidade-maia-eztec-jpg.webp","keywords":["A\u00e7\u00f5es","Eztec (EZTC3)"],"articleSection":["Neg\u00f3cios"],"inLanguage":"pt-BR"},{"@type":"WebPage","@id":"https:\/\/www.suno.com.br\/noticias\/eztec-eztc3-previa-operacional-vendas-lt\/","url":"https:\/\/www.suno.com.br\/noticias\/eztec-eztc3-previa-operacional-vendas-lt\/","name":"Eztec (EZTC3): vendas caem 34,6% em pr\u00e9via do 4T23, para R$ 199 mi","isPartOf":{"@id":"https:\/\/www.suno.com.br\/noticias\/#website"},"primaryImageOfPage":{"@id":"https:\/\/www.suno.com.br\/noticias\/eztec-eztc3-previa-operacional-vendas-lt\/#primaryimage"},"image":{"@id":"https:\/\/www.suno.com.br\/noticias\/eztec-eztc3-previa-operacional-vendas-lt\/#primaryimage"},"thumbnailUrl":"https:\/\/files.sunoresearch.com.br\/n\/uploads\/2021\/03\/f89915e8-cidade-maia-eztec-jpg.webp","datePublished":"2024-01-18T00:42:30+00:00","dateModified":"2024-01-18T00:45:57+00:00","description":"As vendas l\u00edquidas da Eztec ca\u00edram 34,6% no quarto trimestre de 2023 na base anual, para R$ 199 milh\u00f5es. Saiba mais","breadcrumb":{"@id":"https:\/\/www.suno.com.br\/noticias\/eztec-eztc3-previa-operacional-vendas-lt\/#breadcrumb"},"inLanguage":"pt-BR","potentialAction":[{"@type":"ReadAction","target":["https:\/\/www.suno.com.br\/noticias\/eztec-eztc3-previa-operacional-vendas-lt\/"]}]},{"@type":"ImageObject","inLanguage":"pt-BR","@id":"https:\/\/www.suno.com.br\/noticias\/eztec-eztc3-previa-operacional-vendas-lt\/#primaryimage","url":"https:\/\/files.sunoresearch.com.br\/n\/uploads\/2021\/03\/f89915e8-cidade-maia-eztec-jpg.webp","contentUrl":"https:\/\/files.sunoresearch.com.br\/n\/uploads\/2021\/03\/f89915e8-cidade-maia-eztec-jpg.webp","width":1200,"height":800,"caption":"Eztec (EZTC3). Foto: Divulga\u00e7\u00e3o"},{"@type":"BreadcrumbList","@id":"https:\/\/www.suno.com.br\/noticias\/eztec-eztc3-previa-operacional-vendas-lt\/#breadcrumb","itemListElement":[{"@type":"ListItem","position":1,"name":"Not\u00edcias","item":"https:\/\/www.suno.com.br\/noticias\/"},{"@type":"ListItem","position":2,"name":"Neg\u00f3cios","item":"https:\/\/www.suno.com.br\/noticias\/negocios\/"},{"@type":"ListItem","position":3,"name":"Vendas da Eztec (EZTC3) caem 34,6% no 4T23, para R$ 199 milh\u00f5es \u00a0"}]},{"@type":"WebSite","@id":"https:\/\/www.suno.com.br\/noticias\/#website","url":"https:\/\/www.suno.com.br\/noticias\/","name":"Suno Not\u00edcias","description":"Seu portal de informa\u00e7\u00e3o sobre o mundo dos investimentos","publisher":{"@id":"https:\/\/www.suno.com.br\/noticias\/#organization"},"potentialAction":[{"@type":"SearchAction","target":{"@type":"EntryPoint","urlTemplate":"https:\/\/www.suno.com.br\/noticias\/?s={search_term_string}"},"query-input":{"@type":"PropertyValueSpecification","valueRequired":true,"valueName":"search_term_string"}}],"inLanguage":"pt-BR"},{"@type":"Organization","@id":"https:\/\/www.suno.com.br\/noticias\/#organization","name":"Suno Not\u00edcias","url":"https:\/\/www.suno.com.br\/noticias\/","logo":{"@type":"ImageObject","inLanguage":"pt-BR","@id":"https:\/\/www.suno.com.br\/noticias\/#\/schema\/logo\/image\/","url":"https:\/\/files.sunoresearch.com.br\/n\/uploads\/2021\/09\/suno-logo.png","contentUrl":"https:\/\/files.sunoresearch.com.br\/n\/uploads\/2021\/09\/suno-logo.png","width":180,"height":180,"caption":"Suno Not\u00edcias"},"image":{"@id":"https:\/\/www.suno.com.br\/noticias\/#\/schema\/logo\/image\/"},"sameAs":["https:\/\/facebook.com\/sunoresearch","https:\/\/x.com\/sunoresearch","https:\/\/www.instagram.com\/suno","https:\/\/www.linkedin.com\/company\/suno-research\/","https:\/\/www.youtube.com\/c\/sunoresearch"]},{"@type":"Person","@id":"https:\/\/www.suno.com.br\/noticias\/#\/schema\/person\/96b86313436a5af8c004989de27d4962","name":"Leandro Tavares","image":{"@type":"ImageObject","inLanguage":"pt-BR","@id":"https:\/\/www.suno.com.br\/noticias\/#\/schema\/person\/image\/","url":"https:\/\/secure.gravatar.com\/avatar\/cef3014f9ca74cf54fb41dc01807a08b?s=96&r=g","contentUrl":"https:\/\/secure.gravatar.com\/avatar\/cef3014f9ca74cf54fb41dc01807a08b?s=96&r=g","caption":"Leandro Tavares"},"url":"https:\/\/www.suno.com.br\/noticias\/author\/leandro-sbtavaresgmail-com\/"}]}},"default_loop_html":"<div class=\"cardsPage__listCard__boxs\"><div class=\"cardsPage__listCard__boxs__img\"><a href=\"https:\/\/www.suno.com.br\/noticias\/eztec-eztc3-previa-operacional-vendas-lt\/\"><img class=\"mask\" src=\"https:\/\/www.suno.com.br\/noticias\/wp-content\/themes\/suno\/resources\/images\/spotlight\/spotlight1img\/bg-mask.png\" alt=\"Image Mask\"\/><img src=\"https:\/\/files.sunoresearch.com.br\/n\/uploads\/2021\/03\/f89915e8-cidade-maia-eztec-400x200.webp\" alt=\"Vendas da Eztec (EZTC3) caem 34,6% no 4T23, para R$ 199 milh\u00f5es \u00a0\"\/><\/a><span class=\"spotlightCategory\"><a href=\"https:\/\/www.suno.com.br\/noticias\/negocios\/\">Neg\u00f3cios<\/a><\/span><\/div><div class=\"cardsPage__listCard__boxs__content\"><a href=\"https:\/\/www.suno.com.br\/noticias\/eztec-eztc3-previa-operacional-vendas-lt\/\"><h2 class=\"content__title\">Vendas da Eztec (EZTC3) caem 34,6% no 4T23, para R$ 199 milh\u00f5es \u00a0<\/h2><\/a><div class=\"newsContent__article__meta\"><div class=\"newsContent__article__meta__authorBox\"><a href=\"https:\/\/www.suno.com.br\/noticias\/author\/leandro-sbtavaresgmail-com\/\" class=\"authorBox__avatar noMobi\"><img src=\"https:\/\/files.sunoresearch.com.br\/n\/uploads\/2024\/01\/Foto-150x150.jpg\" alt=\"Leandro Tavares\"><\/a><div class=\"authorBox__name\"><span>por\n\t\t\t<a href=\"https:\/\/www.suno.com.br\/noticias\/author\/leandro-sbtavaresgmail-com\/\"><span itemprop=\"author\">Leandro Tavares<\/span><\/a><\/span><time datetime=\"2024-01-17T21:42:30-03:00\" itemprop=\"datePublished\">17\/01\/2024 21:42<\/time><\/div><\/div><\/div><\/div><\/div>","single_layout":"posts","amp_enabled":true,"_links":{"self":[{"href":"https:\/\/www.suno.com.br\/noticias\/wp-json\/wp\/v2\/posts\/512404"}],"collection":[{"href":"https:\/\/www.suno.com.br\/noticias\/wp-json\/wp\/v2\/posts"}],"about":[{"href":"https:\/\/www.suno.com.br\/noticias\/wp-json\/wp\/v2\/types\/post"}],"author":[{"embeddable":true,"href":"https:\/\/www.suno.com.br\/noticias\/wp-json\/wp\/v2\/users\/340"}],"replies":[{"embeddable":true,"href":"https:\/\/www.suno.com.br\/noticias\/wp-json\/wp\/v2\/comments?post=512404"}],"version-history":[{"count":2,"href":"https:\/\/www.suno.com.br\/noticias\/wp-json\/wp\/v2\/posts\/512404\/revisions"}],"predecessor-version":[{"id":512469,"href":"https:\/\/www.suno.com.br\/noticias\/wp-json\/wp\/v2\/posts\/512404\/revisions\/512469"}],"wp:featuredmedia":[{"embeddable":true,"href":"https:\/\/www.suno.com.br\/noticias\/wp-json\/wp\/v2\/media\/130219"}],"wp:attachment":[{"href":"https:\/\/www.suno.com.br\/noticias\/wp-json\/wp\/v2\/media?parent=512404"}],"wp:term":[{"taxonomy":"category","embeddable":true,"href":"https:\/\/www.suno.com.br\/noticias\/wp-json\/wp\/v2\/categories?post=512404"},{"taxonomy":"post_tag","embeddable":true,"href":"https:\/\/www.suno.com.br\/noticias\/wp-json\/wp\/v2\/tags?post=512404"},{"taxonomy":"suno_strategy","embeddable":true,"href":"https:\/\/www.suno.com.br\/noticias\/wp-json\/wp\/v2\/suno_strategy?post=512404"}],"curies":[{"name":"wp","href":"https:\/\/api.w.org\/{rel}","templated":true}]}}