{"id":5124,"date":"2018-10-10T09:28:52","date_gmt":"2018-10-10T12:28:52","guid":{"rendered":"https:\/\/www.suno.com.br\/noticias\/?p=5124"},"modified":"2018-10-10T13:11:35","modified_gmt":"2018-10-10T16:11:35","slug":"mpf-investigacao-paulo-guedes","status":"publish","type":"post","link":"https:\/\/www.suno.com.br\/noticias\/mpf-investigacao-paulo-guedes\/","title":{"rendered":"MPF abre investiga\u00e7\u00e3o contra Paulo Guedes sob suspeita de fraude"},"content":{"rendered":"<p>O Minist\u00e9rio P\u00fablico Federal (MPF) abriu investiga\u00e7\u00e3o sobre o economista Paulo Guedes, guru econ\u00f4mico de Jair Bolsonaro (PSL).<\/p>\t<div class=\"wrapper-featured-image\">\n\t\t<figure class=\"spotlightImg\">\n\n\t\t\t<picture>\n\t\t\t\t<source media=\"(max-width: 768px)\" srcset=\"https:\/\/files.sunoresearch.com.br\/n\/uploads\/2018\/10\/1fa7b478-paulo-guedes-400x200.webp\">\n\t\t\t\t<img loading=\"lazy\" decoding=\"async\" class=\"newsContent__article__imgCapa lazyloadDisabled newsContent__article__imgCapa--noCaption\" src=\"https:\/\/files.sunoresearch.com.br\/n\/uploads\/2018\/10\/1fa7b478-paulo-guedes-800x450.webp\" width=\"800\" height=\"450\" alt=\"MPF abre investiga\u00e7\u00e3o contra Paulo Guedes sob suspeita de fraude\" fetchpriority=high \/>\n\t\t\t<\/picture>\n\n\t\t\t<figcaption class=\"wp-caption-text wp-caption-text--hide\">Guedes afirma que 17 estatais ser\u00e3o privatizadas esse ano<\/figcaption>\n\t\t<\/figure>\n\t<\/div>\n\n\n<p><strong>Paulo Guedes<\/strong> est\u00e1 sendo investigado por supostamente ter participado da a\u00e7\u00e3o fraudulenta em neg\u00f3cios com fundos de pens\u00e3o de estatais.<\/p>\n<p>Esquema que tamb\u00e9m teria a participa\u00e7\u00e3o de executivos ligados ao PT e MDB. E que Paulo teria captado das entidades 1 bilh\u00e3o de reais em seis anos.<\/p>\n<p>Montante arrecadado atrav\u00e9s de dois fundos de investimentos criados por ele em 2009. O FIP BR Educadional e o HSM Educacional.<\/p>\n<p>O inqu\u00e9rito, instaurado no dia 2 de outubro, investiga se Guedes cometeu os crimes de gest\u00e3o fraudulenta ou temer\u00e1ria.<\/p>\n<p>Al\u00e9m disso, ainda h\u00e1 investiga\u00e7\u00e3o sobre ele em rela\u00e7\u00e3o a emiss\u00e3o e negocia\u00e7\u00e3o de t\u00edtulos sem lastros ou garantias de negociar, obter e investir.<\/p>\n<p>A\u00e7\u00e3o que envolveria sete fundos.<\/p>\n<p>S\u00e3o eles: Postalis (Correio), Petros (Petrobras), Funcef (Caixa), Previ (Banco do Brasil).<\/p>\n<p>Al\u00e9m da frente de investimentos do BNDES, o BNDESPar, e os dois fundos j\u00e1 citados de Guedes.<\/p>\n<p>A for\u00e7a-tarefa respons\u00e1vel \u00e9 conhecida como Opera\u00e7\u00e3o Greenfild.<\/p>\n<p>Pegando dados da Superintend\u00eancia Nacional de Previd\u00eancia Complementar (Previc), o principal foco \u00e9 investigar esquemas ligados a propina em fundo de pens\u00e3o.<\/p>\n<p>As investiga\u00e7\u00f5es ocorrem em meio \u00e0 disputa do segundo turno das elei\u00e7\u00f5es para presidente.<\/p>\n<p>O capit\u00e3o reformado \u00e9 apontado como favorito para levar o pleito e tem em\u00a0<strong>Paulo Guedes<\/strong>, seu &#8220;Posto Ipiranga&#8221;. Como o pr\u00f3prio candidato gosta de refor\u00e7ar.<\/p>\n","protected":false},"excerpt":{"rendered":"<p>O Minist\u00e9rio P\u00fablico Federal (MPF) abriu investiga\u00e7\u00e3o sobre o economista Paulo Guedes, guru econ\u00f4mico de Jair Bolsonaro (PSL). Guedes afirma que 17 estatais ser\u00e3o privatizadas esse ano Paulo Guedes est\u00e1 sendo investigado por supostamente ter participado da a\u00e7\u00e3o fraudulenta em neg\u00f3cios com fundos de pens\u00e3o de estatais. Esquema que tamb\u00e9m teria a participa\u00e7\u00e3o de executivos [&hellip;]<\/p>\n","protected":false},"author":7,"featured_media":5125,"comment_status":"closed","ping_status":"closed","sticky":false,"template":"","format":"standard","meta":[],"categories":[61],"tags":[732,700,697,719,595],"suno_strategy":[],"class_list":["post-5124","post","type-post","status-publish","format-standard","has-post-thumbnail","hentry","category-politica","tag-banco-do-brasil-bbas3","tag-correios","tag-eleicoes","tag-jair-bolsonaro","tag-petrobras-petr4"],"yoast_head":"<!-- This site is optimized with the Yoast SEO plugin v24.4 - https:\/\/yoast.com\/wordpress\/plugins\/seo\/ -->\n<title>MPF abre investiga\u00e7\u00e3o contra Paulo Guedes sob suspeita de fraude<\/title>\n<meta name=\"description\" content=\"Paulo Guedes \u00e9 investigado por participa\u00e7\u00e3o em a\u00e7\u00e3o fraudulenta com fundos de pens\u00e3o de estatais. Clique para saber mais.\" \/>\n<meta name=\"robots\" content=\"index, follow, max-snippet:-1, max-image-preview:large, max-video-preview:-1\" \/>\n<link rel=\"canonical\" href=\"https:\/\/www.suno.com.br\/noticias\/mpf-investigacao-paulo-guedes\/\" \/>\n<meta property=\"og:locale\" content=\"pt_BR\" \/>\n<meta property=\"og:type\" content=\"article\" \/>\n<meta property=\"og:title\" content=\"MPF abre investiga\u00e7\u00e3o contra Paulo Guedes sob suspeita de fraude\" \/>\n<meta property=\"og:description\" content=\"Paulo Guedes \u00e9 investigado por participa\u00e7\u00e3o em a\u00e7\u00e3o fraudulenta com fundos de pens\u00e3o de estatais. Clique para saber mais.\" \/>\n<meta property=\"og:url\" content=\"https:\/\/www.suno.com.br\/noticias\/mpf-investigacao-paulo-guedes\/\" \/>\n<meta property=\"og:site_name\" content=\"Suno Not\u00edcias\" \/>\n<meta property=\"article:publisher\" content=\"https:\/\/facebook.com\/sunoresearch\" \/>\n<meta property=\"article:author\" content=\"https:\/\/www.linkedin.com\/in\/mateus-vasconcellos-4b3542123\/\" \/>\n<meta property=\"og:image\" content=\"https:\/\/files.sunoresearch.com.br\/n\/uploads\/2018\/10\/1fa7b478-paulo-guedes.jpg\" \/>\n\t<meta property=\"og:image:width\" content=\"2008\" \/>\n\t<meta property=\"og:image:height\" content=\"1339\" \/>\n\t<meta property=\"og:image:type\" content=\"image\/jpeg\" \/>\n<meta name=\"author\" content=\"Mateus Vasconcellos\" \/>\n<meta name=\"twitter:card\" content=\"summary_large_image\" \/>\n<meta name=\"twitter:creator\" content=\"@sunoresearch\" \/>\n<meta name=\"twitter:site\" content=\"@sunoresearch\" \/>\n<meta name=\"twitter:label1\" content=\"Escrito por\" \/>\n\t<meta name=\"twitter:data1\" content=\"Mateus Vasconcellos\" \/>\n\t<meta name=\"twitter:label2\" content=\"Est. tempo de leitura\" \/>\n\t<meta name=\"twitter:data2\" content=\"1 minuto\" \/>\n<script type=\"application\/ld+json\" class=\"yoast-schema-graph\">{\"@context\":\"https:\/\/schema.org\",\"@graph\":[{\"@type\":\"NewsArticle\",\"@id\":\"https:\/\/www.suno.com.br\/noticias\/mpf-investigacao-paulo-guedes\/#article\",\"isPartOf\":{\"@id\":\"https:\/\/www.suno.com.br\/noticias\/mpf-investigacao-paulo-guedes\/\"},\"author\":{\"name\":\"Mateus Vasconcellos\",\"@id\":\"https:\/\/www.suno.com.br\/noticias\/#\/schema\/person\/ff5cc30ec6c0b55b6d3f3cfc4378b74e\"},\"headline\":\"MPF abre investiga\u00e7\u00e3o contra Paulo Guedes sob suspeita de fraude\",\"datePublished\":\"2018-10-10T12:28:52+00:00\",\"dateModified\":\"2018-10-10T16:11:35+00:00\",\"mainEntityOfPage\":{\"@id\":\"https:\/\/www.suno.com.br\/noticias\/mpf-investigacao-paulo-guedes\/\"},\"wordCount\":271,\"publisher\":{\"@id\":\"https:\/\/www.suno.com.br\/noticias\/#organization\"},\"image\":{\"@id\":\"https:\/\/www.suno.com.br\/noticias\/mpf-investigacao-paulo-guedes\/#primaryimage\"},\"thumbnailUrl\":\"https:\/\/files.sunoresearch.com.br\/n\/uploads\/2018\/10\/1fa7b478-paulo-guedes-jpg.webp\",\"keywords\":[\"Banco do Brasil (BBAS3)\",\"Correios\",\"Elei\u00e7\u00f5es\",\"Jair Bolsonaro\",\"Petrobras (PETR4)\"],\"articleSection\":[\"Pol\u00edtica\"],\"inLanguage\":\"pt-BR\"},{\"@type\":\"WebPage\",\"@id\":\"https:\/\/www.suno.com.br\/noticias\/mpf-investigacao-paulo-guedes\/\",\"url\":\"https:\/\/www.suno.com.br\/noticias\/mpf-investigacao-paulo-guedes\/\",\"name\":\"MPF abre investiga\u00e7\u00e3o contra Paulo Guedes sob suspeita de fraude\",\"isPartOf\":{\"@id\":\"https:\/\/www.suno.com.br\/noticias\/#website\"},\"primaryImageOfPage\":{\"@id\":\"https:\/\/www.suno.com.br\/noticias\/mpf-investigacao-paulo-guedes\/#primaryimage\"},\"image\":{\"@id\":\"https:\/\/www.suno.com.br\/noticias\/mpf-investigacao-paulo-guedes\/#primaryimage\"},\"thumbnailUrl\":\"https:\/\/files.sunoresearch.com.br\/n\/uploads\/2018\/10\/1fa7b478-paulo-guedes-jpg.webp\",\"datePublished\":\"2018-10-10T12:28:52+00:00\",\"dateModified\":\"2018-10-10T16:11:35+00:00\",\"description\":\"Paulo Guedes \u00e9 investigado por participa\u00e7\u00e3o em a\u00e7\u00e3o fraudulenta com fundos de pens\u00e3o de estatais. Clique para saber mais.\",\"breadcrumb\":{\"@id\":\"https:\/\/www.suno.com.br\/noticias\/mpf-investigacao-paulo-guedes\/#breadcrumb\"},\"inLanguage\":\"pt-BR\",\"potentialAction\":[{\"@type\":\"ReadAction\",\"target\":[\"https:\/\/www.suno.com.br\/noticias\/mpf-investigacao-paulo-guedes\/\"]}]},{\"@type\":\"ImageObject\",\"inLanguage\":\"pt-BR\",\"@id\":\"https:\/\/www.suno.com.br\/noticias\/mpf-investigacao-paulo-guedes\/#primaryimage\",\"url\":\"https:\/\/files.sunoresearch.com.br\/n\/uploads\/2018\/10\/1fa7b478-paulo-guedes-jpg.webp\",\"contentUrl\":\"https:\/\/files.sunoresearch.com.br\/n\/uploads\/2018\/10\/1fa7b478-paulo-guedes-jpg.webp\",\"width\":2008,\"height\":1339,\"caption\":\"Guedes afirma que 17 estatais ser\u00e3o privatizadas esse ano\"},{\"@type\":\"BreadcrumbList\",\"@id\":\"https:\/\/www.suno.com.br\/noticias\/mpf-investigacao-paulo-guedes\/#breadcrumb\",\"itemListElement\":[{\"@type\":\"ListItem\",\"position\":1,\"name\":\"Not\u00edcias\",\"item\":\"https:\/\/www.suno.com.br\/noticias\/\"},{\"@type\":\"ListItem\",\"position\":2,\"name\":\"Pol\u00edtica\",\"item\":\"https:\/\/www.suno.com.br\/noticias\/politica\/\"},{\"@type\":\"ListItem\",\"position\":3,\"name\":\"MPF abre investiga\u00e7\u00e3o contra Paulo Guedes sob suspeita de fraude\"}]},{\"@type\":\"WebSite\",\"@id\":\"https:\/\/www.suno.com.br\/noticias\/#website\",\"url\":\"https:\/\/www.suno.com.br\/noticias\/\",\"name\":\"Suno Not\u00edcias\",\"description\":\"Seu portal de informa\u00e7\u00e3o sobre o mundo dos investimentos\",\"publisher\":{\"@id\":\"https:\/\/www.suno.com.br\/noticias\/#organization\"},\"potentialAction\":[{\"@type\":\"SearchAction\",\"target\":{\"@type\":\"EntryPoint\",\"urlTemplate\":\"https:\/\/www.suno.com.br\/noticias\/?s={search_term_string}\"},\"query-input\":{\"@type\":\"PropertyValueSpecification\",\"valueRequired\":true,\"valueName\":\"search_term_string\"}}],\"inLanguage\":\"pt-BR\"},{\"@type\":\"Organization\",\"@id\":\"https:\/\/www.suno.com.br\/noticias\/#organization\",\"name\":\"Suno Not\u00edcias\",\"url\":\"https:\/\/www.suno.com.br\/noticias\/\",\"logo\":{\"@type\":\"ImageObject\",\"inLanguage\":\"pt-BR\",\"@id\":\"https:\/\/www.suno.com.br\/noticias\/#\/schema\/logo\/image\/\",\"url\":\"https:\/\/files.sunoresearch.com.br\/n\/uploads\/2021\/09\/suno-logo.png\",\"contentUrl\":\"https:\/\/files.sunoresearch.com.br\/n\/uploads\/2021\/09\/suno-logo.png\",\"width\":180,\"height\":180,\"caption\":\"Suno Not\u00edcias\"},\"image\":{\"@id\":\"https:\/\/www.suno.com.br\/noticias\/#\/schema\/logo\/image\/\"},\"sameAs\":[\"https:\/\/facebook.com\/sunoresearch\",\"https:\/\/x.com\/sunoresearch\",\"https:\/\/www.instagram.com\/suno\",\"https:\/\/www.linkedin.com\/company\/suno-research\/\",\"https:\/\/www.youtube.com\/c\/sunoresearch\"]},{\"@type\":\"Person\",\"@id\":\"https:\/\/www.suno.com.br\/noticias\/#\/schema\/person\/ff5cc30ec6c0b55b6d3f3cfc4378b74e\",\"name\":\"Mateus Vasconcellos\",\"image\":{\"@type\":\"ImageObject\",\"inLanguage\":\"pt-BR\",\"@id\":\"https:\/\/www.suno.com.br\/noticias\/#\/schema\/person\/image\/\",\"url\":\"https:\/\/secure.gravatar.com\/avatar\/8d725238a0ef7530bdf58578a222f948?s=96&r=g\",\"contentUrl\":\"https:\/\/secure.gravatar.com\/avatar\/8d725238a0ef7530bdf58578a222f948?s=96&r=g\",\"caption\":\"Mateus Vasconcellos\"},\"description\":\"Formado em jornalismo pela Universidade Presbiteriana Mackenzie, Mateus Vasconcellos escreve sobre o mercado financeiro para o portal de not\u00edcias da Suno Research. Antes da Suno, teve passagem pelo Observat\u00f3rio do Terceiro Setor e \u00e9 vencedor do 7\u00b0 Pr\u00eamio Jovem Jornalista Fernando Pacheco Jord\u00e3o.\",\"sameAs\":[\"https:\/\/www.suno.com.br\",\"https:\/\/www.linkedin.com\/in\/mateus-vasconcellos-4b3542123\/\"],\"url\":\"https:\/\/www.suno.com.br\/noticias\/author\/mateus-vasconcellos\/\"}]}<\/script>\n<!-- \/ Yoast SEO plugin. -->","yoast_head_json":{"title":"MPF abre investiga\u00e7\u00e3o contra Paulo Guedes sob suspeita de fraude","description":"Paulo Guedes \u00e9 investigado por participa\u00e7\u00e3o em a\u00e7\u00e3o fraudulenta com fundos de pens\u00e3o de estatais. Clique para saber mais.","robots":{"index":"index","follow":"follow","max-snippet":"max-snippet:-1","max-image-preview":"max-image-preview:large","max-video-preview":"max-video-preview:-1"},"canonical":"https:\/\/www.suno.com.br\/noticias\/mpf-investigacao-paulo-guedes\/","og_locale":"pt_BR","og_type":"article","og_title":"MPF abre investiga\u00e7\u00e3o contra Paulo Guedes sob suspeita de fraude","og_description":"Paulo Guedes \u00e9 investigado por participa\u00e7\u00e3o em a\u00e7\u00e3o fraudulenta com fundos de pens\u00e3o de estatais. Clique para saber mais.","og_url":"https:\/\/www.suno.com.br\/noticias\/mpf-investigacao-paulo-guedes\/","og_site_name":"Suno Not\u00edcias","article_publisher":"https:\/\/facebook.com\/sunoresearch","article_author":"https:\/\/www.linkedin.com\/in\/mateus-vasconcellos-4b3542123\/","og_image":[{"width":2008,"height":1339,"url":"https:\/\/files.sunoresearch.com.br\/n\/uploads\/2018\/10\/1fa7b478-paulo-guedes.jpg","type":"image\/jpeg"}],"author":"Mateus Vasconcellos","twitter_card":"summary_large_image","twitter_creator":"@sunoresearch","twitter_site":"@sunoresearch","twitter_misc":{"Escrito por":"Mateus Vasconcellos","Est. tempo de leitura":"1 minuto"},"schema":{"@context":"https:\/\/schema.org","@graph":[{"@type":"NewsArticle","@id":"https:\/\/www.suno.com.br\/noticias\/mpf-investigacao-paulo-guedes\/#article","isPartOf":{"@id":"https:\/\/www.suno.com.br\/noticias\/mpf-investigacao-paulo-guedes\/"},"author":{"name":"Mateus Vasconcellos","@id":"https:\/\/www.suno.com.br\/noticias\/#\/schema\/person\/ff5cc30ec6c0b55b6d3f3cfc4378b74e"},"headline":"MPF abre investiga\u00e7\u00e3o contra Paulo Guedes sob suspeita de fraude","datePublished":"2018-10-10T12:28:52+00:00","dateModified":"2018-10-10T16:11:35+00:00","mainEntityOfPage":{"@id":"https:\/\/www.suno.com.br\/noticias\/mpf-investigacao-paulo-guedes\/"},"wordCount":271,"publisher":{"@id":"https:\/\/www.suno.com.br\/noticias\/#organization"},"image":{"@id":"https:\/\/www.suno.com.br\/noticias\/mpf-investigacao-paulo-guedes\/#primaryimage"},"thumbnailUrl":"https:\/\/files.sunoresearch.com.br\/n\/uploads\/2018\/10\/1fa7b478-paulo-guedes-jpg.webp","keywords":["Banco do Brasil (BBAS3)","Correios","Elei\u00e7\u00f5es","Jair Bolsonaro","Petrobras (PETR4)"],"articleSection":["Pol\u00edtica"],"inLanguage":"pt-BR"},{"@type":"WebPage","@id":"https:\/\/www.suno.com.br\/noticias\/mpf-investigacao-paulo-guedes\/","url":"https:\/\/www.suno.com.br\/noticias\/mpf-investigacao-paulo-guedes\/","name":"MPF abre investiga\u00e7\u00e3o contra Paulo Guedes sob suspeita de fraude","isPartOf":{"@id":"https:\/\/www.suno.com.br\/noticias\/#website"},"primaryImageOfPage":{"@id":"https:\/\/www.suno.com.br\/noticias\/mpf-investigacao-paulo-guedes\/#primaryimage"},"image":{"@id":"https:\/\/www.suno.com.br\/noticias\/mpf-investigacao-paulo-guedes\/#primaryimage"},"thumbnailUrl":"https:\/\/files.sunoresearch.com.br\/n\/uploads\/2018\/10\/1fa7b478-paulo-guedes-jpg.webp","datePublished":"2018-10-10T12:28:52+00:00","dateModified":"2018-10-10T16:11:35+00:00","description":"Paulo Guedes \u00e9 investigado por participa\u00e7\u00e3o em a\u00e7\u00e3o fraudulenta com fundos de pens\u00e3o de estatais. Clique para saber mais.","breadcrumb":{"@id":"https:\/\/www.suno.com.br\/noticias\/mpf-investigacao-paulo-guedes\/#breadcrumb"},"inLanguage":"pt-BR","potentialAction":[{"@type":"ReadAction","target":["https:\/\/www.suno.com.br\/noticias\/mpf-investigacao-paulo-guedes\/"]}]},{"@type":"ImageObject","inLanguage":"pt-BR","@id":"https:\/\/www.suno.com.br\/noticias\/mpf-investigacao-paulo-guedes\/#primaryimage","url":"https:\/\/files.sunoresearch.com.br\/n\/uploads\/2018\/10\/1fa7b478-paulo-guedes-jpg.webp","contentUrl":"https:\/\/files.sunoresearch.com.br\/n\/uploads\/2018\/10\/1fa7b478-paulo-guedes-jpg.webp","width":2008,"height":1339,"caption":"Guedes afirma que 17 estatais ser\u00e3o privatizadas esse ano"},{"@type":"BreadcrumbList","@id":"https:\/\/www.suno.com.br\/noticias\/mpf-investigacao-paulo-guedes\/#breadcrumb","itemListElement":[{"@type":"ListItem","position":1,"name":"Not\u00edcias","item":"https:\/\/www.suno.com.br\/noticias\/"},{"@type":"ListItem","position":2,"name":"Pol\u00edtica","item":"https:\/\/www.suno.com.br\/noticias\/politica\/"},{"@type":"ListItem","position":3,"name":"MPF abre investiga\u00e7\u00e3o contra Paulo Guedes sob suspeita de fraude"}]},{"@type":"WebSite","@id":"https:\/\/www.suno.com.br\/noticias\/#website","url":"https:\/\/www.suno.com.br\/noticias\/","name":"Suno Not\u00edcias","description":"Seu portal de informa\u00e7\u00e3o sobre o mundo dos investimentos","publisher":{"@id":"https:\/\/www.suno.com.br\/noticias\/#organization"},"potentialAction":[{"@type":"SearchAction","target":{"@type":"EntryPoint","urlTemplate":"https:\/\/www.suno.com.br\/noticias\/?s={search_term_string}"},"query-input":{"@type":"PropertyValueSpecification","valueRequired":true,"valueName":"search_term_string"}}],"inLanguage":"pt-BR"},{"@type":"Organization","@id":"https:\/\/www.suno.com.br\/noticias\/#organization","name":"Suno Not\u00edcias","url":"https:\/\/www.suno.com.br\/noticias\/","logo":{"@type":"ImageObject","inLanguage":"pt-BR","@id":"https:\/\/www.suno.com.br\/noticias\/#\/schema\/logo\/image\/","url":"https:\/\/files.sunoresearch.com.br\/n\/uploads\/2021\/09\/suno-logo.png","contentUrl":"https:\/\/files.sunoresearch.com.br\/n\/uploads\/2021\/09\/suno-logo.png","width":180,"height":180,"caption":"Suno Not\u00edcias"},"image":{"@id":"https:\/\/www.suno.com.br\/noticias\/#\/schema\/logo\/image\/"},"sameAs":["https:\/\/facebook.com\/sunoresearch","https:\/\/x.com\/sunoresearch","https:\/\/www.instagram.com\/suno","https:\/\/www.linkedin.com\/company\/suno-research\/","https:\/\/www.youtube.com\/c\/sunoresearch"]},{"@type":"Person","@id":"https:\/\/www.suno.com.br\/noticias\/#\/schema\/person\/ff5cc30ec6c0b55b6d3f3cfc4378b74e","name":"Mateus Vasconcellos","image":{"@type":"ImageObject","inLanguage":"pt-BR","@id":"https:\/\/www.suno.com.br\/noticias\/#\/schema\/person\/image\/","url":"https:\/\/secure.gravatar.com\/avatar\/8d725238a0ef7530bdf58578a222f948?s=96&r=g","contentUrl":"https:\/\/secure.gravatar.com\/avatar\/8d725238a0ef7530bdf58578a222f948?s=96&r=g","caption":"Mateus Vasconcellos"},"description":"Formado em jornalismo pela Universidade Presbiteriana Mackenzie, Mateus Vasconcellos escreve sobre o mercado financeiro para o portal de not\u00edcias da Suno Research. Antes da Suno, teve passagem pelo Observat\u00f3rio do Terceiro Setor e \u00e9 vencedor do 7\u00b0 Pr\u00eamio Jovem Jornalista Fernando Pacheco Jord\u00e3o.","sameAs":["https:\/\/www.suno.com.br","https:\/\/www.linkedin.com\/in\/mateus-vasconcellos-4b3542123\/"],"url":"https:\/\/www.suno.com.br\/noticias\/author\/mateus-vasconcellos\/"}]}},"default_loop_html":"<div class=\"cardsPage__listCard__boxs\"><div class=\"cardsPage__listCard__boxs__img\"><a href=\"https:\/\/www.suno.com.br\/noticias\/mpf-investigacao-paulo-guedes\/\"><img class=\"mask\" src=\"https:\/\/www.suno.com.br\/noticias\/wp-content\/themes\/suno\/resources\/images\/spotlight\/spotlight1img\/bg-mask.png\" alt=\"Image Mask\"\/><img src=\"https:\/\/files.sunoresearch.com.br\/n\/uploads\/2018\/10\/1fa7b478-paulo-guedes-400x200.webp\" alt=\"MPF abre investiga\u00e7\u00e3o contra Paulo Guedes sob suspeita de fraude\"\/><\/a><span class=\"spotlightCategory\"><a href=\"https:\/\/www.suno.com.br\/noticias\/politica\/\">Pol\u00edtica<\/a><\/span><\/div><div class=\"cardsPage__listCard__boxs__content\"><a href=\"https:\/\/www.suno.com.br\/noticias\/mpf-investigacao-paulo-guedes\/\"><h2 class=\"content__title\">MPF abre investiga\u00e7\u00e3o contra Paulo Guedes sob suspeita de fraude<\/h2><\/a><div class=\"newsContent__article__meta\"><div class=\"newsContent__article__meta__authorBox\"><a href=\"https:\/\/www.suno.com.br\/noticias\/author\/mateus-vasconcellos\/\" class=\"authorBox__avatar noMobi\"><img src=\"https:\/\/secure.gravatar.com\/avatar\/8d725238a0ef7530bdf58578a222f948?s=96&#038;r=g\" alt=\"Mateus Vasconcellos\"><\/a><div class=\"authorBox__name\"><span>por\n\t\t\t<a href=\"https:\/\/www.suno.com.br\/noticias\/author\/mateus-vasconcellos\/\"><span itemprop=\"author\">Mateus Vasconcellos<\/span><\/a><\/span><time datetime=\"2018-10-10T09:28:52-03:00\" itemprop=\"datePublished\">10\/10\/2018 09:28<\/time><\/div><\/div><\/div><\/div><\/div>","single_layout":"posts","amp_enabled":true,"_links":{"self":[{"href":"https:\/\/www.suno.com.br\/noticias\/wp-json\/wp\/v2\/posts\/5124"}],"collection":[{"href":"https:\/\/www.suno.com.br\/noticias\/wp-json\/wp\/v2\/posts"}],"about":[{"href":"https:\/\/www.suno.com.br\/noticias\/wp-json\/wp\/v2\/types\/post"}],"author":[{"embeddable":true,"href":"https:\/\/www.suno.com.br\/noticias\/wp-json\/wp\/v2\/users\/7"}],"replies":[{"embeddable":true,"href":"https:\/\/www.suno.com.br\/noticias\/wp-json\/wp\/v2\/comments?post=5124"}],"version-history":[{"count":0,"href":"https:\/\/www.suno.com.br\/noticias\/wp-json\/wp\/v2\/posts\/5124\/revisions"}],"wp:featuredmedia":[{"embeddable":true,"href":"https:\/\/www.suno.com.br\/noticias\/wp-json\/wp\/v2\/media\/5125"}],"wp:attachment":[{"href":"https:\/\/www.suno.com.br\/noticias\/wp-json\/wp\/v2\/media?parent=5124"}],"wp:term":[{"taxonomy":"category","embeddable":true,"href":"https:\/\/www.suno.com.br\/noticias\/wp-json\/wp\/v2\/categories?post=5124"},{"taxonomy":"post_tag","embeddable":true,"href":"https:\/\/www.suno.com.br\/noticias\/wp-json\/wp\/v2\/tags?post=5124"},{"taxonomy":"suno_strategy","embeddable":true,"href":"https:\/\/www.suno.com.br\/noticias\/wp-json\/wp\/v2\/suno_strategy?post=5124"}],"curies":[{"name":"wp","href":"https:\/\/api.w.org\/{rel}","templated":true}]}}