{"id":511803,"date":"2024-01-17T14:16:50","date_gmt":"2024-01-17T17:16:50","guid":{"rendered":"https:\/\/www.suno.com.br\/noticias\/?p=511803"},"modified":"2024-01-17T14:16:54","modified_gmt":"2024-01-17T17:16:54","slug":"vendas-do-varejo-sobem-novembro-ante-outubro-ibge","status":"publish","type":"post","link":"https:\/\/www.suno.com.br\/noticias\/vendas-do-varejo-sobem-novembro-ante-outubro-ibge\/","title":{"rendered":"Vendas do varejo sobem 0,1% em novembro ante outubro, afirma IBGE"},"content":{"rendered":"<p>As <strong>vendas do varejo<\/strong> subiram 0,1% em novembro ante outubro, na s\u00e9rie com ajuste sazonal, informou na manh\u00e3 desta quarta-feira, 17, o <a class=\"suno-keyword\" target=\"_blank\" data-force=\"no\" data-priority=\"3\" href=\"https:\/\/www.suno.com.br\/artigos\/ibge\/\" rel=\"noopener\">Instituto Brasileiro de Geografia e Estat\u00edstica (IBGE)<\/a>. O resultado correspondeu \u00e0 mediana das expectativas de analistas ouvidos pelo Proje\u00e7\u00f5es Broadcast. O intervalo das proje\u00e7\u00f5es ia de queda de 1,3% a alta de 0,9%.<\/p>\t<div class=\"wrapper-featured-image\">\n\t\t<figure class=\"spotlightImg\">\n\n\t\t\t<picture>\n\t\t\t\t<source media=\"(max-width: 768px)\" srcset=\"https:\/\/files.sunoresearch.com.br\/n\/uploads\/2023\/12\/lojas-compras-varejo-shopping-mercado-roupas-400x200.jpg\">\n\t\t\t\t<img loading=\"lazy\" decoding=\"async\" class=\"newsContent__article__imgCapa lazyloadDisabled \" src=\"https:\/\/files.sunoresearch.com.br\/n\/uploads\/2023\/12\/lojas-compras-varejo-shopping-mercado-roupas-800x450.jpg\" width=\"800\" height=\"450\" alt=\"Vendas do varejo sobem 0,1% em novembro ante outubro, afirma IBGE\" fetchpriority=high \/>\n\t\t\t<\/picture>\n\n\t\t\t<figcaption class=\"wp-caption-text wp-caption-text--show\">Loja de camisas: vendas do varejo - Foto: iStock<\/figcaption>\n\t\t<\/figure>\n\t<\/div>\n\n\n\n\n\n\t<p>\n\t\t<a href=\"https:\/\/lp.suno.com.br\/planilha-da-vida-financeira\/\" target=\"_blank\" data-element=\"shortcode-suno-banner\" title=\"Banner SUNO, clique e saiba mais\">\n\t\t\t<picture>\n\t\t\t\t<source media=\"(max-width: 500px)\" srcset=\"https:\/\/files.sunoresearch.com.br\/n\/uploads\/2023\/04\/400x300-Planilha-vida-financeira-true.png\">\n\t\t\t\t<img class=\"newsContent__article__imgCapa newsContent__article__imgCapa--banner\"\n\t\t\t\t\tsrc=\"https:\/\/files.sunoresearch.com.br\/n\/uploads\/2023\/04\/1420x240-Planilha-vida-financeira-true.png\"\n\t\t\t\t\tdata-promo-id=\"106682\"\t\t\t\t\t\t\t\t\t\twidth='1420' height='240'\t\t\t\t\talt=\"https:\/\/files.sunoresearch.com.br\/n\/uploads\/2023\/04\/1420x240-Planilha-vida-financeira-true.png\"\n\t\t\t\t>\n\t\t\t<\/picture>\n\t\t<\/a>\n\t<\/p>\n\n\n\n\n\n\n\n<p>Na compara\u00e7\u00e3o com novembro de 2022, sem ajuste sazonal, o resultado das <strong>vendas do com\u00e9rcio varejista<\/strong> tiveram alta de 2,2% em novembro de 2023. Nesse confronto, as <strong>proje\u00e7\u00f5es das vendas do varejo <\/strong>iam de uma redu\u00e7\u00e3o de 0,6% a eleva\u00e7\u00e3o de 3,0%, com mediana positiva de 2,1%.<\/p>\n\n\n\n<p>Quanto ao <strong>varejo ampliado<\/strong> &#8211; que inclui as atividades de material de constru\u00e7\u00e3o, ve\u00edculos e atacado aliment\u00edcio -, as vendas subiram 1,3% em novembro ante outubro, na s\u00e9rie com ajuste sazonal, bem mais que a alta de 0,3% esperada pelo mercado. Neste caso, o intervalo das estimativas ia de queda de 1,0% a alta de 1,4%.<\/p>\n\n\n\n<p>Na compara\u00e7\u00e3o com novembro de 2022, sem ajuste, as<strong> vendas do varejo ampliado<\/strong> tiveram alta de 4,3% em novembro de 2023. Nesse confronto, as proje\u00e7\u00f5es variavam de uma eleva\u00e7\u00e3o entre 0,2% e 4,0%, com mediana positiva de 2,5%.<\/p>\n\n\n\t<p>\n\t\t<a href=\"https:\/\/lp.suno.com.br\/ebook-como-analisar-uma-acao\/\" target=\"_blank\" data-element=\"shortcode-suno-banner\" title=\"Banner SUNO, clique e saiba mais\">\n\t\t\t<picture>\n\t\t\t\t<source media=\"(max-width: 500px)\" srcset=\"https:\/\/files.sunoresearch.com.br\/n\/uploads\/2023\/03\/Ebook-Acoes-Mobile.jpg\">\n\t\t\t\t<img class=\"newsContent__article__imgCapa newsContent__article__imgCapa--banner\"\n\t\t\t\t\tsrc=\"https:\/\/files.sunoresearch.com.br\/n\/uploads\/2023\/03\/Ebook-Acoes-Desktop.jpg\"\n\t\t\t\t\tdata-promo-id=\"378302\"\t\t\t\t\t\t\t\t\t\twidth='1420' height='286'\t\t\t\t\talt=\"https:\/\/files.sunoresearch.com.br\/n\/uploads\/2023\/03\/Ebook-Acoes-Desktop.jpg\"\n\t\t\t\t>\n\t\t\t<\/picture>\n\t\t<\/a>\n\t<\/p>\n\n\n\n\n\n<h2 class=\"wp-block-heading\">Vendas no varejo operam 1,9% abaixo do pico de outubro de 2020, revela IBGE<\/h2>\n\n\n\n<p>Ap\u00f3s a alta de 0,1% no <strong>volume do varejo<\/strong> vendido em novembro ante outubro, o setor operava 1,9% abaixo do pico alcan\u00e7ado em outubro de 2020, dentro da s\u00e9rie hist\u00f3rica da Pesquisa Mensal de Com\u00e9rcio, iniciada em 2000, informou o Instituto Brasileiro de Geografia e Estat\u00edstica (<strong>IBGE<\/strong>).<\/p>\n\n\n\n<p>J\u00e1 o varejo ampliado, que cresceu 1,3% em novembro ante outubro, est\u00e1 em n\u00edvel 3,2% aqu\u00e9m do \u00e1pice registrado em agosto de 2012.<\/p>\n\n\n\n<h2 class=\"wp-block-heading\">Revis\u00f5es<\/h2>\n\n\n\n<p>O IBGE revisou o <strong>resultado das vendas no varejo ampliado<\/strong> em outubro ante setembro, de uma queda de 0,4% para uma redu\u00e7\u00e3o de 0,2%.<\/p>\n\n\n\n<p>No <strong>varejo restrito,<\/strong> a taxa de outubro ante setembro se manteve em queda de 0,3%, sem revis\u00e3o.<\/p>\n\n\n\n<h2 class=\"wp-block-heading\">Varejo restrito est\u00e1 4,5% acima do n\u00edvel pr\u00e9-pandemia, diz IBGE; ampliado supera em 2,9%<\/h2>\n\n\n\n<p>O <strong>volume de vendas do varejo <\/strong>chegou a novembro em patamar 4,5% acima do n\u00edvel de fevereiro de 2020, no pr\u00e9-pandemia. No varejo ampliado, que inclui as atividades de ve\u00edculos e material de constru\u00e7\u00e3o, as vendas operam 2,9% acima do pr\u00e9-pandemia. Os dados s\u00e3o da Pesquisa Mensal de Com\u00e9rcio divulgados nesta quarta-feira, 17, pelo <a class=\"suno-keyword\" target=\"_blank\" data-force=\"no\" data-priority=\"3\" href=\"https:\/\/www.suno.com.br\/artigos\/ibge\/\" rel=\"noopener\">Instituto Brasileiro de Geografia e Estat\u00edstica (IBGE)<\/a>.<\/p>\n\n\n\n<p>Os segmentos de artigos farmac\u00eauticos, combust\u00edveis, supermercados, ve\u00edculos e material de constru\u00e7\u00e3o est\u00e3o operando acima do patamar pr\u00e9-crise sanit\u00e1ria.<\/p>\n\n\n\n<p>O segmento de artigos farmac\u00eauticos opera em patamar 27,8% acima do pr\u00e9-crise sanit\u00e1ria; combust\u00edveis e lubrificantes, 9,2% acima; supermercados, 7,8% acima; ve\u00edculos, 5,5% acima; e material de constru\u00e7\u00e3o, 3,1% acima.<\/p>\n\n\n\n<p>Os outros artigos de uso pessoal e dom\u00e9sticos est\u00e3o 11,9% abaixo do n\u00edvel de <strong>vendas do varejo<\/strong> em fevereiro de 2020; m\u00f3veis e eletrodom\u00e9sticos, 9,0% aqu\u00e9m; equipamentos de inform\u00e1tica e comunica\u00e7\u00e3o, 0,9% abaixo; tecidos, vestu\u00e1rio e cal\u00e7ados, 22,8% abaixo; e livros e papelaria, 41,6% abaixo.<\/p>\n\n\n\n<p><em>Com Estad\u00e3o Conte\u00fado<\/em><\/p>\n\n\n\t<p>\n\t\t<a href=\"https:\/\/lp.suno.com.br\/planilha-da-vida-financeira\/\" target=\"_blank\" data-element=\"shortcode-suno-banner\" title=\"Banner SUNO, clique e saiba mais\">\n\t\t\t<picture>\n\t\t\t\t<source media=\"(max-width: 500px)\" srcset=\"https:\/\/files.sunoresearch.com.br\/n\/uploads\/2023\/04\/400x300-Planilha-vida-financeira-true.png\">\n\t\t\t\t<img class=\"newsContent__article__imgCapa newsContent__article__imgCapa--banner\"\n\t\t\t\t\tsrc=\"https:\/\/files.sunoresearch.com.br\/n\/uploads\/2023\/04\/1420x240-Planilha-vida-financeira-true.png\"\n\t\t\t\t\tdata-promo-id=\"383123\"\t\t\t\t\t\t\t\t\t\twidth='1420' height='240'\t\t\t\t\talt=\"https:\/\/files.sunoresearch.com.br\/n\/uploads\/2023\/04\/1420x240-Planilha-vida-financeira-true.png\"\n\t\t\t\t>\n\t\t\t<\/picture>\n\t\t<\/a>\n\t<\/p>\n\n\n","protected":false},"excerpt":{"rendered":"<p>As vendas do varejo subiram 0,1% em novembro ante outubro, na s\u00e9rie com ajuste sazonal, informou na manh\u00e3 desta quarta-feira, 17, o Instituto Brasileiro de Geografia e Estat\u00edstica (IBGE). O resultado correspondeu \u00e0 mediana das expectativas de analistas ouvidos pelo Proje\u00e7\u00f5es Broadcast. O intervalo das proje\u00e7\u00f5es ia de queda de 1,3% a alta de 0,9%. [&hellip;]<\/p>\n","protected":false},"author":43,"featured_media":496264,"comment_status":"closed","ping_status":"closed","sticky":false,"template":"","format":"standard","meta":[],"categories":[62],"tags":[803],"suno_strategy":[],"class_list":["post-511803","post","type-post","status-publish","format-standard","has-post-thumbnail","hentry","category-economia","tag-varejo"],"yoast_head":"<!-- This site is optimized with the Yoast SEO plugin v24.4 - https:\/\/yoast.com\/wordpress\/plugins\/seo\/ -->\n<title>Vendas do varejo sobem 0,1% em novembro ante outubro, afirma IBGE<\/title>\n<meta name=\"description\" content=\"As vendas do varejo subiram 0,1% em novembro ante outubro, na s\u00e9rie com ajuste sazonal, informou nesta quarta-feira, 17, o IBGE\" \/>\n<meta name=\"robots\" content=\"index, follow, max-snippet:-1, max-image-preview:large, max-video-preview:-1\" \/>\n<link rel=\"canonical\" href=\"https:\/\/www.suno.com.br\/noticias\/vendas-do-varejo-sobem-novembro-ante-outubro-ibge\/\" \/>\n<meta property=\"og:locale\" content=\"pt_BR\" \/>\n<meta property=\"og:type\" content=\"article\" \/>\n<meta property=\"og:title\" content=\"Vendas do varejo sobem 0,1% em novembro ante outubro, afirma IBGE\" \/>\n<meta property=\"og:description\" content=\"As vendas do varejo subiram 0,1% em novembro ante outubro, na s\u00e9rie com ajuste sazonal, informou nesta quarta-feira, 17, o IBGE\" \/>\n<meta property=\"og:url\" content=\"https:\/\/www.suno.com.br\/noticias\/vendas-do-varejo-sobem-novembro-ante-outubro-ibge\/\" \/>\n<meta property=\"og:site_name\" content=\"Suno Not\u00edcias\" \/>\n<meta property=\"article:publisher\" content=\"https:\/\/facebook.com\/sunoresearch\" \/>\n<meta property=\"article:author\" content=\"https:\/\/www.facebook.com\/sunonoticias\/\" \/>\n<meta property=\"og:image\" content=\"https:\/\/files.sunoresearch.com.br\/n\/uploads\/2023\/12\/lojas-compras-varejo-shopping-mercado-roupas.jpg\" \/>\n\t<meta property=\"og:image:width\" content=\"1200\" \/>\n\t<meta property=\"og:image:height\" content=\"800\" \/>\n\t<meta property=\"og:image:type\" content=\"image\/jpeg\" \/>\n<meta name=\"author\" content=\"Reda\u00e7\u00e3o Suno Not\u00edcias\" \/>\n<meta name=\"twitter:card\" content=\"summary_large_image\" \/>\n<meta name=\"twitter:creator\" content=\"@https:\/\/twitter.com\/sunoresearch\" \/>\n<meta name=\"twitter:site\" content=\"@sunoresearch\" \/>\n<meta name=\"twitter:label1\" content=\"Escrito por\" \/>\n\t<meta name=\"twitter:data1\" content=\"Reda\u00e7\u00e3o Suno Not\u00edcias\" \/>\n\t<meta name=\"twitter:label2\" content=\"Est. tempo de leitura\" \/>\n\t<meta name=\"twitter:data2\" content=\"3 minutos\" \/>\n<script type=\"application\/ld+json\" class=\"yoast-schema-graph\">{\"@context\":\"https:\/\/schema.org\",\"@graph\":[{\"@type\":\"NewsArticle\",\"@id\":\"https:\/\/www.suno.com.br\/noticias\/vendas-do-varejo-sobem-novembro-ante-outubro-ibge\/#article\",\"isPartOf\":{\"@id\":\"https:\/\/www.suno.com.br\/noticias\/vendas-do-varejo-sobem-novembro-ante-outubro-ibge\/\"},\"author\":{\"name\":\"Reda\u00e7\u00e3o Suno Not\u00edcias\",\"@id\":\"https:\/\/www.suno.com.br\/noticias\/#\/schema\/person\/c1b1bd3727fa852bd045e9dbff3673ea\"},\"headline\":\"Vendas do varejo sobem 0,1% em novembro ante outubro, afirma IBGE\",\"datePublished\":\"2024-01-17T17:16:50+00:00\",\"dateModified\":\"2024-01-17T17:16:54+00:00\",\"mainEntityOfPage\":{\"@id\":\"https:\/\/www.suno.com.br\/noticias\/vendas-do-varejo-sobem-novembro-ante-outubro-ibge\/\"},\"wordCount\":525,\"publisher\":{\"@id\":\"https:\/\/www.suno.com.br\/noticias\/#organization\"},\"image\":{\"@id\":\"https:\/\/www.suno.com.br\/noticias\/vendas-do-varejo-sobem-novembro-ante-outubro-ibge\/#primaryimage\"},\"thumbnailUrl\":\"https:\/\/files.sunoresearch.com.br\/n\/uploads\/2023\/12\/lojas-compras-varejo-shopping-mercado-roupas.jpg\",\"keywords\":[\"varejo\"],\"articleSection\":[\"Economia\"],\"inLanguage\":\"pt-BR\"},{\"@type\":\"WebPage\",\"@id\":\"https:\/\/www.suno.com.br\/noticias\/vendas-do-varejo-sobem-novembro-ante-outubro-ibge\/\",\"url\":\"https:\/\/www.suno.com.br\/noticias\/vendas-do-varejo-sobem-novembro-ante-outubro-ibge\/\",\"name\":\"Vendas do varejo sobem 0,1% em novembro ante outubro, afirma IBGE\",\"isPartOf\":{\"@id\":\"https:\/\/www.suno.com.br\/noticias\/#website\"},\"primaryImageOfPage\":{\"@id\":\"https:\/\/www.suno.com.br\/noticias\/vendas-do-varejo-sobem-novembro-ante-outubro-ibge\/#primaryimage\"},\"image\":{\"@id\":\"https:\/\/www.suno.com.br\/noticias\/vendas-do-varejo-sobem-novembro-ante-outubro-ibge\/#primaryimage\"},\"thumbnailUrl\":\"https:\/\/files.sunoresearch.com.br\/n\/uploads\/2023\/12\/lojas-compras-varejo-shopping-mercado-roupas.jpg\",\"datePublished\":\"2024-01-17T17:16:50+00:00\",\"dateModified\":\"2024-01-17T17:16:54+00:00\",\"description\":\"As vendas do varejo subiram 0,1% em novembro ante outubro, na s\u00e9rie com ajuste sazonal, informou nesta quarta-feira, 17, o IBGE\",\"breadcrumb\":{\"@id\":\"https:\/\/www.suno.com.br\/noticias\/vendas-do-varejo-sobem-novembro-ante-outubro-ibge\/#breadcrumb\"},\"inLanguage\":\"pt-BR\",\"potentialAction\":[{\"@type\":\"ReadAction\",\"target\":[\"https:\/\/www.suno.com.br\/noticias\/vendas-do-varejo-sobem-novembro-ante-outubro-ibge\/\"]}]},{\"@type\":\"ImageObject\",\"inLanguage\":\"pt-BR\",\"@id\":\"https:\/\/www.suno.com.br\/noticias\/vendas-do-varejo-sobem-novembro-ante-outubro-ibge\/#primaryimage\",\"url\":\"https:\/\/files.sunoresearch.com.br\/n\/uploads\/2023\/12\/lojas-compras-varejo-shopping-mercado-roupas.jpg\",\"contentUrl\":\"https:\/\/files.sunoresearch.com.br\/n\/uploads\/2023\/12\/lojas-compras-varejo-shopping-mercado-roupas.jpg\",\"width\":1200,\"height\":800,\"caption\":\"Loja de camisas: vendas do varejo - Foto: iStock\"},{\"@type\":\"BreadcrumbList\",\"@id\":\"https:\/\/www.suno.com.br\/noticias\/vendas-do-varejo-sobem-novembro-ante-outubro-ibge\/#breadcrumb\",\"itemListElement\":[{\"@type\":\"ListItem\",\"position\":1,\"name\":\"Not\u00edcias\",\"item\":\"https:\/\/www.suno.com.br\/noticias\/\"},{\"@type\":\"ListItem\",\"position\":2,\"name\":\"Economia\",\"item\":\"https:\/\/www.suno.com.br\/noticias\/economia\/\"},{\"@type\":\"ListItem\",\"position\":3,\"name\":\"Vendas do varejo sobem 0,1% em novembro ante outubro, afirma IBGE\"}]},{\"@type\":\"WebSite\",\"@id\":\"https:\/\/www.suno.com.br\/noticias\/#website\",\"url\":\"https:\/\/www.suno.com.br\/noticias\/\",\"name\":\"Suno Not\u00edcias\",\"description\":\"Seu portal de informa\u00e7\u00e3o sobre o mundo dos investimentos\",\"publisher\":{\"@id\":\"https:\/\/www.suno.com.br\/noticias\/#organization\"},\"potentialAction\":[{\"@type\":\"SearchAction\",\"target\":{\"@type\":\"EntryPoint\",\"urlTemplate\":\"https:\/\/www.suno.com.br\/noticias\/?s={search_term_string}\"},\"query-input\":{\"@type\":\"PropertyValueSpecification\",\"valueRequired\":true,\"valueName\":\"search_term_string\"}}],\"inLanguage\":\"pt-BR\"},{\"@type\":\"Organization\",\"@id\":\"https:\/\/www.suno.com.br\/noticias\/#organization\",\"name\":\"Suno Not\u00edcias\",\"url\":\"https:\/\/www.suno.com.br\/noticias\/\",\"logo\":{\"@type\":\"ImageObject\",\"inLanguage\":\"pt-BR\",\"@id\":\"https:\/\/www.suno.com.br\/noticias\/#\/schema\/logo\/image\/\",\"url\":\"https:\/\/files.sunoresearch.com.br\/n\/uploads\/2021\/09\/suno-logo.png\",\"contentUrl\":\"https:\/\/files.sunoresearch.com.br\/n\/uploads\/2021\/09\/suno-logo.png\",\"width\":180,\"height\":180,\"caption\":\"Suno Not\u00edcias\"},\"image\":{\"@id\":\"https:\/\/www.suno.com.br\/noticias\/#\/schema\/logo\/image\/\"},\"sameAs\":[\"https:\/\/facebook.com\/sunoresearch\",\"https:\/\/x.com\/sunoresearch\",\"https:\/\/www.instagram.com\/suno\",\"https:\/\/www.linkedin.com\/company\/suno-research\/\",\"https:\/\/www.youtube.com\/c\/sunoresearch\"]},{\"@type\":\"Person\",\"@id\":\"https:\/\/www.suno.com.br\/noticias\/#\/schema\/person\/c1b1bd3727fa852bd045e9dbff3673ea\",\"name\":\"Reda\u00e7\u00e3o Suno Not\u00edcias\",\"image\":{\"@type\":\"ImageObject\",\"inLanguage\":\"pt-BR\",\"@id\":\"https:\/\/www.suno.com.br\/noticias\/#\/schema\/person\/image\/\",\"url\":\"https:\/\/secure.gravatar.com\/avatar\/b8104b9b5a71985d5238ee59fbe418af?s=96&r=g\",\"contentUrl\":\"https:\/\/secure.gravatar.com\/avatar\/b8104b9b5a71985d5238ee59fbe418af?s=96&r=g\",\"caption\":\"Reda\u00e7\u00e3o Suno Not\u00edcias\"},\"description\":\"O Suno Not\u00edcias \u00e9 um portal de informa\u00e7\u00f5es sobre Mercado Financeiro, Pol\u00edtica, Neg\u00f3cios, Economia e Finan\u00e7as Pessoais.\",\"sameAs\":[\"https:\/\/www.suno.com.br\/noticias\",\"https:\/\/www.facebook.com\/sunonoticias\/\",\"https:\/\/www.instagram.com\/sunonoticias\/\",\"https:\/\/x.com\/https:\/\/twitter.com\/sunoresearch\",\"https:\/\/www.youtube.com\/sunonoticias\"],\"url\":\"https:\/\/www.suno.com.br\/noticias\/author\/redacao-suno\/\"}]}<\/script>\n<!-- \/ Yoast SEO plugin. -->","yoast_head_json":{"title":"Vendas do varejo sobem 0,1% em novembro ante outubro, afirma IBGE","description":"As vendas do varejo subiram 0,1% em novembro ante outubro, na s\u00e9rie com ajuste sazonal, informou nesta quarta-feira, 17, o IBGE","robots":{"index":"index","follow":"follow","max-snippet":"max-snippet:-1","max-image-preview":"max-image-preview:large","max-video-preview":"max-video-preview:-1"},"canonical":"https:\/\/www.suno.com.br\/noticias\/vendas-do-varejo-sobem-novembro-ante-outubro-ibge\/","og_locale":"pt_BR","og_type":"article","og_title":"Vendas do varejo sobem 0,1% em novembro ante outubro, afirma IBGE","og_description":"As vendas do varejo subiram 0,1% em novembro ante outubro, na s\u00e9rie com ajuste sazonal, informou nesta quarta-feira, 17, o IBGE","og_url":"https:\/\/www.suno.com.br\/noticias\/vendas-do-varejo-sobem-novembro-ante-outubro-ibge\/","og_site_name":"Suno Not\u00edcias","article_publisher":"https:\/\/facebook.com\/sunoresearch","article_author":"https:\/\/www.facebook.com\/sunonoticias\/","og_image":[{"width":1200,"height":800,"url":"https:\/\/files.sunoresearch.com.br\/n\/uploads\/2023\/12\/lojas-compras-varejo-shopping-mercado-roupas.jpg","type":"image\/jpeg"}],"author":"Reda\u00e7\u00e3o Suno Not\u00edcias","twitter_card":"summary_large_image","twitter_creator":"@https:\/\/twitter.com\/sunoresearch","twitter_site":"@sunoresearch","twitter_misc":{"Escrito por":"Reda\u00e7\u00e3o Suno Not\u00edcias","Est. tempo de leitura":"3 minutos"},"schema":{"@context":"https:\/\/schema.org","@graph":[{"@type":"NewsArticle","@id":"https:\/\/www.suno.com.br\/noticias\/vendas-do-varejo-sobem-novembro-ante-outubro-ibge\/#article","isPartOf":{"@id":"https:\/\/www.suno.com.br\/noticias\/vendas-do-varejo-sobem-novembro-ante-outubro-ibge\/"},"author":{"name":"Reda\u00e7\u00e3o Suno Not\u00edcias","@id":"https:\/\/www.suno.com.br\/noticias\/#\/schema\/person\/c1b1bd3727fa852bd045e9dbff3673ea"},"headline":"Vendas do varejo sobem 0,1% em novembro ante outubro, afirma IBGE","datePublished":"2024-01-17T17:16:50+00:00","dateModified":"2024-01-17T17:16:54+00:00","mainEntityOfPage":{"@id":"https:\/\/www.suno.com.br\/noticias\/vendas-do-varejo-sobem-novembro-ante-outubro-ibge\/"},"wordCount":525,"publisher":{"@id":"https:\/\/www.suno.com.br\/noticias\/#organization"},"image":{"@id":"https:\/\/www.suno.com.br\/noticias\/vendas-do-varejo-sobem-novembro-ante-outubro-ibge\/#primaryimage"},"thumbnailUrl":"https:\/\/files.sunoresearch.com.br\/n\/uploads\/2023\/12\/lojas-compras-varejo-shopping-mercado-roupas.jpg","keywords":["varejo"],"articleSection":["Economia"],"inLanguage":"pt-BR"},{"@type":"WebPage","@id":"https:\/\/www.suno.com.br\/noticias\/vendas-do-varejo-sobem-novembro-ante-outubro-ibge\/","url":"https:\/\/www.suno.com.br\/noticias\/vendas-do-varejo-sobem-novembro-ante-outubro-ibge\/","name":"Vendas do varejo sobem 0,1% em novembro ante outubro, afirma IBGE","isPartOf":{"@id":"https:\/\/www.suno.com.br\/noticias\/#website"},"primaryImageOfPage":{"@id":"https:\/\/www.suno.com.br\/noticias\/vendas-do-varejo-sobem-novembro-ante-outubro-ibge\/#primaryimage"},"image":{"@id":"https:\/\/www.suno.com.br\/noticias\/vendas-do-varejo-sobem-novembro-ante-outubro-ibge\/#primaryimage"},"thumbnailUrl":"https:\/\/files.sunoresearch.com.br\/n\/uploads\/2023\/12\/lojas-compras-varejo-shopping-mercado-roupas.jpg","datePublished":"2024-01-17T17:16:50+00:00","dateModified":"2024-01-17T17:16:54+00:00","description":"As vendas do varejo subiram 0,1% em novembro ante outubro, na s\u00e9rie com ajuste sazonal, informou nesta quarta-feira, 17, o IBGE","breadcrumb":{"@id":"https:\/\/www.suno.com.br\/noticias\/vendas-do-varejo-sobem-novembro-ante-outubro-ibge\/#breadcrumb"},"inLanguage":"pt-BR","potentialAction":[{"@type":"ReadAction","target":["https:\/\/www.suno.com.br\/noticias\/vendas-do-varejo-sobem-novembro-ante-outubro-ibge\/"]}]},{"@type":"ImageObject","inLanguage":"pt-BR","@id":"https:\/\/www.suno.com.br\/noticias\/vendas-do-varejo-sobem-novembro-ante-outubro-ibge\/#primaryimage","url":"https:\/\/files.sunoresearch.com.br\/n\/uploads\/2023\/12\/lojas-compras-varejo-shopping-mercado-roupas.jpg","contentUrl":"https:\/\/files.sunoresearch.com.br\/n\/uploads\/2023\/12\/lojas-compras-varejo-shopping-mercado-roupas.jpg","width":1200,"height":800,"caption":"Loja de camisas: vendas do varejo - Foto: iStock"},{"@type":"BreadcrumbList","@id":"https:\/\/www.suno.com.br\/noticias\/vendas-do-varejo-sobem-novembro-ante-outubro-ibge\/#breadcrumb","itemListElement":[{"@type":"ListItem","position":1,"name":"Not\u00edcias","item":"https:\/\/www.suno.com.br\/noticias\/"},{"@type":"ListItem","position":2,"name":"Economia","item":"https:\/\/www.suno.com.br\/noticias\/economia\/"},{"@type":"ListItem","position":3,"name":"Vendas do varejo sobem 0,1% em novembro ante outubro, afirma IBGE"}]},{"@type":"WebSite","@id":"https:\/\/www.suno.com.br\/noticias\/#website","url":"https:\/\/www.suno.com.br\/noticias\/","name":"Suno Not\u00edcias","description":"Seu portal de informa\u00e7\u00e3o sobre o mundo dos investimentos","publisher":{"@id":"https:\/\/www.suno.com.br\/noticias\/#organization"},"potentialAction":[{"@type":"SearchAction","target":{"@type":"EntryPoint","urlTemplate":"https:\/\/www.suno.com.br\/noticias\/?s={search_term_string}"},"query-input":{"@type":"PropertyValueSpecification","valueRequired":true,"valueName":"search_term_string"}}],"inLanguage":"pt-BR"},{"@type":"Organization","@id":"https:\/\/www.suno.com.br\/noticias\/#organization","name":"Suno Not\u00edcias","url":"https:\/\/www.suno.com.br\/noticias\/","logo":{"@type":"ImageObject","inLanguage":"pt-BR","@id":"https:\/\/www.suno.com.br\/noticias\/#\/schema\/logo\/image\/","url":"https:\/\/files.sunoresearch.com.br\/n\/uploads\/2021\/09\/suno-logo.png","contentUrl":"https:\/\/files.sunoresearch.com.br\/n\/uploads\/2021\/09\/suno-logo.png","width":180,"height":180,"caption":"Suno Not\u00edcias"},"image":{"@id":"https:\/\/www.suno.com.br\/noticias\/#\/schema\/logo\/image\/"},"sameAs":["https:\/\/facebook.com\/sunoresearch","https:\/\/x.com\/sunoresearch","https:\/\/www.instagram.com\/suno","https:\/\/www.linkedin.com\/company\/suno-research\/","https:\/\/www.youtube.com\/c\/sunoresearch"]},{"@type":"Person","@id":"https:\/\/www.suno.com.br\/noticias\/#\/schema\/person\/c1b1bd3727fa852bd045e9dbff3673ea","name":"Reda\u00e7\u00e3o Suno Not\u00edcias","image":{"@type":"ImageObject","inLanguage":"pt-BR","@id":"https:\/\/www.suno.com.br\/noticias\/#\/schema\/person\/image\/","url":"https:\/\/secure.gravatar.com\/avatar\/b8104b9b5a71985d5238ee59fbe418af?s=96&r=g","contentUrl":"https:\/\/secure.gravatar.com\/avatar\/b8104b9b5a71985d5238ee59fbe418af?s=96&r=g","caption":"Reda\u00e7\u00e3o Suno Not\u00edcias"},"description":"O Suno Not\u00edcias \u00e9 um portal de informa\u00e7\u00f5es sobre Mercado Financeiro, Pol\u00edtica, Neg\u00f3cios, Economia e Finan\u00e7as Pessoais.","sameAs":["https:\/\/www.suno.com.br\/noticias","https:\/\/www.facebook.com\/sunonoticias\/","https:\/\/www.instagram.com\/sunonoticias\/","https:\/\/x.com\/https:\/\/twitter.com\/sunoresearch","https:\/\/www.youtube.com\/sunonoticias"],"url":"https:\/\/www.suno.com.br\/noticias\/author\/redacao-suno\/"}]}},"default_loop_html":"<div class=\"cardsPage__listCard__boxs\"><div class=\"cardsPage__listCard__boxs__img\"><a href=\"https:\/\/www.suno.com.br\/noticias\/vendas-do-varejo-sobem-novembro-ante-outubro-ibge\/\"><img class=\"mask\" src=\"https:\/\/www.suno.com.br\/noticias\/wp-content\/themes\/suno\/resources\/images\/spotlight\/spotlight1img\/bg-mask.png\" alt=\"Image Mask\"\/><img src=\"https:\/\/files.sunoresearch.com.br\/n\/uploads\/2023\/12\/lojas-compras-varejo-shopping-mercado-roupas-400x200.jpg\" alt=\"Vendas do varejo sobem 0,1% em novembro ante outubro, afirma IBGE\"\/><\/a><span class=\"spotlightCategory\"><a href=\"https:\/\/www.suno.com.br\/noticias\/economia\/\">Economia<\/a><\/span><\/div><div class=\"cardsPage__listCard__boxs__content\"><a href=\"https:\/\/www.suno.com.br\/noticias\/vendas-do-varejo-sobem-novembro-ante-outubro-ibge\/\"><h2 class=\"content__title\">Vendas do varejo sobem 0,1% em novembro ante outubro, afirma IBGE<\/h2><\/a><div class=\"newsContent__article__meta\"><div class=\"newsContent__article__meta__authorBox\"><a href=\"https:\/\/www.suno.com.br\/noticias\/author\/redacao-suno\/\" class=\"authorBox__avatar noMobi\"><img src=\"https:\/\/files.sunoresearch.com.br\/n\/uploads\/2020\/08\/0ace682d-redacao-1-150x150.webp\" alt=\"Reda\u00e7\u00e3o Suno Not\u00edcias\"><\/a><div class=\"authorBox__name\"><span>por\n\t\t\t<a href=\"https:\/\/www.suno.com.br\/noticias\/author\/redacao-suno\/\"><span itemprop=\"author\">Reda\u00e7\u00e3o Suno Not\u00edcias<\/span><\/a><\/span><time datetime=\"2024-01-17T14:16:50-03:00\" itemprop=\"datePublished\">17\/01\/2024 14:16<\/time><\/div><\/div><\/div><\/div><\/div>","single_layout":"posts","amp_enabled":true,"_links":{"self":[{"href":"https:\/\/www.suno.com.br\/noticias\/wp-json\/wp\/v2\/posts\/511803"}],"collection":[{"href":"https:\/\/www.suno.com.br\/noticias\/wp-json\/wp\/v2\/posts"}],"about":[{"href":"https:\/\/www.suno.com.br\/noticias\/wp-json\/wp\/v2\/types\/post"}],"author":[{"embeddable":true,"href":"https:\/\/www.suno.com.br\/noticias\/wp-json\/wp\/v2\/users\/43"}],"replies":[{"embeddable":true,"href":"https:\/\/www.suno.com.br\/noticias\/wp-json\/wp\/v2\/comments?post=511803"}],"version-history":[{"count":2,"href":"https:\/\/www.suno.com.br\/noticias\/wp-json\/wp\/v2\/posts\/511803\/revisions"}],"predecessor-version":[{"id":511994,"href":"https:\/\/www.suno.com.br\/noticias\/wp-json\/wp\/v2\/posts\/511803\/revisions\/511994"}],"wp:featuredmedia":[{"embeddable":true,"href":"https:\/\/www.suno.com.br\/noticias\/wp-json\/wp\/v2\/media\/496264"}],"wp:attachment":[{"href":"https:\/\/www.suno.com.br\/noticias\/wp-json\/wp\/v2\/media?parent=511803"}],"wp:term":[{"taxonomy":"category","embeddable":true,"href":"https:\/\/www.suno.com.br\/noticias\/wp-json\/wp\/v2\/categories?post=511803"},{"taxonomy":"post_tag","embeddable":true,"href":"https:\/\/www.suno.com.br\/noticias\/wp-json\/wp\/v2\/tags?post=511803"},{"taxonomy":"suno_strategy","embeddable":true,"href":"https:\/\/www.suno.com.br\/noticias\/wp-json\/wp\/v2\/suno_strategy?post=511803"}],"curies":[{"name":"wp","href":"https:\/\/api.w.org\/{rel}","templated":true}]}}