{"id":511765,"date":"2024-01-17T09:19:11","date_gmt":"2024-01-17T12:19:11","guid":{"rendered":"https:\/\/www.suno.com.br\/noticias\/?p=511765"},"modified":"2024-01-17T15:26:08","modified_gmt":"2024-01-17T18:26:08","slug":"fed-deve-diminuir-ritmo-de-cortes-de-juros-diz-diretor-como-isso-afeta-o-ibovespa","status":"publish","type":"post","link":"https:\/\/www.suno.com.br\/noticias\/fed-deve-diminuir-ritmo-de-cortes-de-juros-diz-diretor-como-isso-afeta-o-ibovespa\/","title":{"rendered":"Fed deve diminuir ritmo de cortes de juros, diz diretor. Como isso afeta o Ibovespa?"},"content":{"rendered":"<p>Em evento nesta ter\u00e7a-feira (16), Christopher Waller, diretor do Federal Reserve (<strong>Fed<\/strong>, o banco central americano), admitiu que a autarquia deve realizar cortes de juros em 2024, por\u00e9m de forma mais lenta em rela\u00e7\u00e3o a outros ciclos recentes de flexibiliza\u00e7\u00e3o monet\u00e1ria. A fala contribuiu para a queda no Ibovespa na v\u00e9spera, j\u00e1 que a tese indica um potencial risco de fuga de capital da bolsa brasileira, e pode continuar influenciando o \u00edndice nesta quarta-feira (17).<\/p>\t<div class=\"wrapper-featured-image\">\n\t\t<figure class=\"spotlightImg\">\n\n\t\t\t<picture>\n\t\t\t\t<source media=\"(max-width: 768px)\" srcset=\"https:\/\/files.sunoresearch.com.br\/n\/uploads\/2024\/01\/alexander-grey-8lnbXtxFGZw-unsplash-400x200.jpg\">\n\t\t\t\t<img loading=\"lazy\" decoding=\"async\" class=\"newsContent__article__imgCapa lazyloadDisabled \" src=\"https:\/\/files.sunoresearch.com.br\/n\/uploads\/2024\/01\/alexander-grey-8lnbXtxFGZw-unsplash-800x450.jpg\" width=\"800\" height=\"450\" alt=\"Fed deve diminuir ritmo de cortes de juros, diz diretor. Como isso afeta o Ibovespa?\" fetchpriority=high \/>\n\t\t\t<\/picture>\n\n\t\t\t<figcaption class=\"wp-caption-text wp-caption-text--show\">Fed. Foto: Unsplash.<\/figcaption>\n\t\t<\/figure>\n\t<\/div>\n\n\n\n\n\n\n\n\t<p>\n\t\t<a href=\"https:\/\/lp.suno.com.br\/ebook-como-analisar-uma-acao\/\" target=\"_blank\" data-element=\"shortcode-suno-banner\" title=\"Banner SUNO, clique e saiba mais\">\n\t\t\t<picture>\n\t\t\t\t<source media=\"(max-width: 500px)\" srcset=\"https:\/\/files.sunoresearch.com.br\/n\/uploads\/2023\/03\/Ebook-Acoes-Mobile.jpg\">\n\t\t\t\t<img class=\"newsContent__article__imgCapa newsContent__article__imgCapa--banner\"\n\t\t\t\t\tsrc=\"https:\/\/files.sunoresearch.com.br\/n\/uploads\/2023\/03\/Ebook-Acoes-Desktop.jpg\"\n\t\t\t\t\tdata-promo-id=\"378302\"\t\t\t\t\t\t\t\t\t\twidth='1420' height='286'\t\t\t\t\talt=\"https:\/\/files.sunoresearch.com.br\/n\/uploads\/2023\/03\/Ebook-Acoes-Desktop.jpg\"\n\t\t\t\t>\n\t\t\t<\/picture>\n\t\t<\/a>\n\t<\/p>\n\n\n\n\n\n<p>Na ter\u00e7a-feira (16), o <strong>Ibovespa<\/strong> encerrou a sess\u00e3o em baixa de 1,69%, aos 129.294,04 pontos.<\/p>\n\n\n\n<p>\u201cDesde que a infla\u00e7\u00e3o n\u00e3o volte a subir ou permane\u00e7a ainda elevada, acredito que o <strong>Fomc<\/strong> conseguir\u00e1 reduzir a taxa dos <a href=\"https:\/\/www.suno.com.br\/artigos\/fed-funds\/\"><strong>Fed funds<\/strong><\/a> neste ano. Essa vis\u00e3o \u00e9 consistente com as proje\u00e7\u00f5es econ\u00f4micas de dezembro, cuja mediana era de tr\u00eas cortes de 25 pontos-base em 2024\u201d, afirmou <strong>Waller<\/strong> ontem durante evento do Instituto Brookings.<\/p>\n\n\n\n<p>Para o <strong>diretor do Fed<\/strong>, em ciclos anteriores, que come\u00e7aram depois que choques na economia amea\u00e7aram ou causaram uma recess\u00e3o, o Comit\u00ea Federal de Mercado Aberto (Fomc, na sigla em ingl\u00eas) reduziu as taxas de forma reativa e o fez rapidamente, e, muitas vezes, em grandes quantidades. <\/p>\n\n\n\n<p>&#8220;No entanto, neste ciclo, com a atividade econ\u00f4mica e os mercados de trabalho em boa forma e a infla\u00e7\u00e3o caindo gradualmente para 2%, n\u00e3o vejo raz\u00e3o para agir t\u00e3o rapidamente ou cortar tanto como no passado&#8221;, ponderou.<\/p>\n\n\n\n<p>Ainda para Waller, a postura atual da <a href=\"https:\/\/www.suno.com.br\/artigos\/politica-monetaria\/\">pol\u00edtica monet\u00e1ria<\/a> \u00e9 adequada, embora os riscos aos mandatos de infla\u00e7\u00e3o e emprego estejam mais equilibrados. Para ele, a atividade e o mercado de trabalho desaceleraram, enquanto os gastos de consumidores t\u00eam dado &#8220;sinais tentativos&#8221; de que est\u00e3o perdendo for\u00e7a.<\/p>\n\n\n\n<p>Em relat\u00f3rio, o <strong>Goldman Sachs<\/strong> (<a href=\"https:\/\/www.suno.com.br\/bdrs\/gsgi34\/\">GSGI34<\/a>) avaliou que as <strong>falas de Waller<\/strong> aumentaram as chances de que o&nbsp;<a href=\"https:\/\/einvestidor.estadao.com.br\/tag\/federal-reserve\" target=\"_blank\" rel=\"noreferrer noopener\">Fed<\/a>&nbsp;atrase o inicio do ciclo de cortes e promova uma queda por trimestre. Ainda assim, o banco optou por manter a expectativa por uma primeira diminui\u00e7\u00e3o em mar\u00e7o, seguida por outras quatro at\u00e9 o final do ano.<\/p>\n\n\n\n<p>De qualquer forma, a postura de Waller causou desconfian\u00e7a na parcela do mercado que j\u00e1 precificava o in\u00edcio do corte de<strong> juros nos Estados Unidos<\/strong> para mar\u00e7o. Como consequ\u00eancia, as bolsas globais entraram em modo de cautela e avers\u00e3o ao risco. <\/p>\n\n\n\n<p>Com o novo ru\u00eddo em rela\u00e7\u00e3o \u00e0<strong> queda nos juros<\/strong>, os t\u00edtulos da d\u00edvida norte-americana tendem a se valorizar, com investidores buscando prote\u00e7\u00e3o na renda fixa. Assim, os ativos de risco ficam menos atrativos e as bolsas perdem for\u00e7a. Nesse contexto, mercados emergentes, como o do Brasil, tendem a ser ainda mais afetados, uma vez que o fluxo de capital estrangeiro &#8211; que contribuiu muito para o recente <strong>rali do Ibovespa<\/strong> &#8211; diminui. Com a fuga de capital internacional rumo aos <strong>treasuries<\/strong>, o <strong>d\u00f3lar<\/strong> tamb\u00e9m tende a subir, assim como <a href=\"https:\/\/www.suno.com.br\/noticias\/dolar-sobe-ao-maior-nivel-em-1-mes\/\">foi observado na sess\u00e3o de ter\u00e7a-feira<\/a> (16).<\/p>\n\n\n\n\t<div data-element=\"shortcode-read-more\" class=\"readToo\">\n\t\t\t\t<span class=\"readToo__title\">Leia mais<\/span>\n\t\t\t\t<ul class=\"readToo__list\">\n\t\t\t<li><a href=\"https:\/\/www.suno.com.br\/noticias\/news-agenda-dividendos-fundos-imobiliarios-irdm11-rbrr11-janeiro-cpf\/\">IRDM11, RBRR11 e outros 4 FIIs pagam hoje dividendos aos cotistas; veja lista<\/a><\/li><li><a href=\"https:\/\/www.suno.com.br\/noticias\/bolsas-asiaticas-17012024-gss\/\">Bolsas asi\u00e1ticas fecham em baixa com PIB da China; Europa cai com receio por juros<\/a><\/li><li><a href=\"https:\/\/www.suno.com.br\/noticias\/mega-sena-2676-acumula-premio-numeros-sorteado-cpf\/\">Mega-Sena 2676 acumula e pr\u00eamio vai para R$ 27 milh\u00f5es; veja os n\u00fameros sorteados<\/a><\/li>\t\t<\/ul>\n\t<\/div>\n\n\n\n\t<p>\n\t\t<a href=\"https:\/\/lp.suno.com.br\/ebook-gratuito-investindo-no-exterior\/\" target=\"_blank\" data-element=\"shortcode-suno-banner\" title=\"Banner SUNO, clique e saiba mais\">\n\t\t\t<picture>\n\t\t\t\t<source media=\"(max-width: 500px)\" srcset=\"https:\/\/files.sunoresearch.com.br\/n\/uploads\/2023\/03\/400x300-Investindo-no-exterior.png\">\n\t\t\t\t<img class=\"newsContent__article__imgCapa newsContent__article__imgCapa--banner\"\n\t\t\t\t\tsrc=\"https:\/\/files.sunoresearch.com.br\/n\/uploads\/2023\/03\/1420x240-Investindo-no-exterior.png\"\n\t\t\t\t\tdata-promo-id=\"383161\"\t\t\t\t\t\t\t\t\t\twidth='1420' height='240'\t\t\t\t\talt=\"https:\/\/files.sunoresearch.com.br\/n\/uploads\/2023\/03\/1420x240-Investindo-no-exterior.png\"\n\t\t\t\t>\n\t\t\t<\/picture>\n\t\t<\/a>\n\t<\/p>\n\n\n\n\n\n<h2 class=\"wp-block-heading\">Stuhlberger: Brasil \u00e9 forte candidato a receber fluxo de capital estrangeiro<\/h2>\n\n\n\n<p>Em entrevista recente ao jornal Valor Econ\u00f4mico, <strong>Luis<\/strong>&nbsp;<strong>Stuhlberger<\/strong>, executivo-chefe e de investimentos da Verde Asset, disse que o Brasil \u00e9 um forte candidato a receber fluxo de recursos estrangeiros e tem a seu favor bons fundamentos no setor externo, infla\u00e7\u00e3o controlada e juros para baixo. Para ele, o pa\u00eds \u00e9 um potencial destino com a redu\u00e7\u00e3o do capital para outras economias emergentes.<\/p>\n\n\n\n<p>Stuhlberger considera, ainda, que se a <a href=\"https:\/\/www.suno.com.br\/artigos\/juros\/\">taxa de juros<\/a> terminar 2024 a 4% nos Estados Unidos, \u00e9 dif\u00edcil imaginar que aqui no Brasil tenha uma Selic que n\u00e3o seja de 4,5 a 5 pontos maior que os \u2018<strong>Fed <\/strong>Funds\u2018. \u201cDo lado otimista, a gente poderia chegar a algo entre 8,5% e 9%. Se voc\u00ea imaginar que a nova taxa de juro real de equil\u00edbrio nos Estados Unidos ser\u00e1 maior do que a que se viu de 2008 at\u00e9 2021, que em vez de ser 2,5%, seria alguma coisa como 3,5% a taxa neutra, temos que pensar aqui numa&nbsp;Selic&nbsp;de 8%, 8,5%, mas isso talvez em 2025, n\u00e3o em 2024\u2033,&nbsp;<\/p>\n\n\n\t<p>\n\t\t<a href=\"https:\/\/lp.suno.com.br\/planilha-da-vida-financeira\/\" target=\"_blank\" data-element=\"shortcode-suno-banner\" title=\"Banner SUNO, clique e saiba mais\">\n\t\t\t<picture>\n\t\t\t\t<source media=\"(max-width: 500px)\" srcset=\"https:\/\/files.sunoresearch.com.br\/n\/uploads\/2023\/04\/400x300-Planilha-vida-financeira-true.png\">\n\t\t\t\t<img class=\"newsContent__article__imgCapa newsContent__article__imgCapa--banner\"\n\t\t\t\t\tsrc=\"https:\/\/files.sunoresearch.com.br\/n\/uploads\/2023\/04\/1420x240-Planilha-vida-financeira-true.png\"\n\t\t\t\t\tdata-promo-id=\"383123\"\t\t\t\t\t\t\t\t\t\twidth='1420' height='240'\t\t\t\t\talt=\"https:\/\/files.sunoresearch.com.br\/n\/uploads\/2023\/04\/1420x240-Planilha-vida-financeira-true.png\"\n\t\t\t\t>\n\t\t\t<\/picture>\n\t\t<\/a>\n\t<\/p>\n\n\n","protected":false},"excerpt":{"rendered":"<p>Em evento nesta ter\u00e7a-feira (16), Christopher Waller, diretor do Federal Reserve (Fed, o banco central americano), admitiu que a autarquia deve realizar cortes de juros em 2024, por\u00e9m de forma mais lenta em rela\u00e7\u00e3o a outros ciclos recentes de flexibiliza\u00e7\u00e3o monet\u00e1ria. A fala contribuiu para a queda no Ibovespa na v\u00e9spera, j\u00e1 que a tese [&hellip;]<\/p>\n","protected":false},"author":313,"featured_media":511782,"comment_status":"closed","ping_status":"closed","sticky":false,"template":"","format":"standard","meta":[],"categories":[62,63],"tags":[105816,793,776,775,721],"suno_strategy":[],"class_list":["post-511765","post","type-post","status-publish","format-standard","has-post-thumbnail","hentry","category-economia","category-internacional","tag-especialistas","tag-estados-unidos-eua","tag-federal-reseve-fed","tag-goldman-sachs-gsgi34","tag-ibovespa"],"yoast_head":"<!-- This site is optimized with the Yoast SEO plugin v24.4 - https:\/\/yoast.com\/wordpress\/plugins\/seo\/ -->\n<title>Fed deve diminuir ritmo de cortes de juros. Como isso afeta o Ibovespa?<\/title>\n<meta name=\"description\" content=\"Waller, diretor do Fed, disse que a autarquia deve realizar cortes de juros de forma mais lenta em rela\u00e7\u00e3o a outros ciclos recentes.\" \/>\n<meta name=\"robots\" content=\"index, follow, max-snippet:-1, max-image-preview:large, max-video-preview:-1\" \/>\n<link rel=\"canonical\" href=\"https:\/\/www.suno.com.br\/noticias\/fed-deve-diminuir-ritmo-de-cortes-de-juros-diz-diretor-como-isso-afeta-o-ibovespa\/\" \/>\n<meta property=\"og:locale\" content=\"pt_BR\" \/>\n<meta property=\"og:type\" content=\"article\" \/>\n<meta property=\"og:title\" content=\"Fed deve diminuir ritmo de cortes de juros. Como isso afeta o Ibovespa?\" \/>\n<meta property=\"og:description\" content=\"Waller, diretor do Fed, disse que a autarquia deve realizar cortes de juros de forma mais lenta em rela\u00e7\u00e3o a outros ciclos recentes.\" \/>\n<meta property=\"og:url\" content=\"https:\/\/www.suno.com.br\/noticias\/fed-deve-diminuir-ritmo-de-cortes-de-juros-diz-diretor-como-isso-afeta-o-ibovespa\/\" \/>\n<meta property=\"og:site_name\" content=\"Suno Not\u00edcias\" \/>\n<meta property=\"article:publisher\" content=\"https:\/\/facebook.com\/sunoresearch\" \/>\n<meta property=\"og:image\" content=\"https:\/\/files.sunoresearch.com.br\/n\/uploads\/2024\/01\/alexander-grey-8lnbXtxFGZw-unsplash-scaled.jpg\" \/>\n\t<meta property=\"og:image:width\" content=\"2560\" \/>\n\t<meta property=\"og:image:height\" content=\"1707\" \/>\n\t<meta property=\"og:image:type\" content=\"image\/jpeg\" \/>\n<meta name=\"author\" content=\"Giovanni Porf\u00edrio Jacomino\" \/>\n<meta name=\"twitter:card\" content=\"summary_large_image\" \/>\n<meta name=\"twitter:creator\" content=\"@sunoresearch\" \/>\n<meta name=\"twitter:site\" content=\"@sunoresearch\" \/>\n<meta name=\"twitter:label1\" content=\"Escrito por\" \/>\n\t<meta name=\"twitter:data1\" content=\"Giovanni Porf\u00edrio Jacomino\" \/>\n\t<meta name=\"twitter:label2\" content=\"Est. tempo de leitura\" \/>\n\t<meta name=\"twitter:data2\" content=\"4 minutos\" \/>\n<script type=\"application\/ld+json\" class=\"yoast-schema-graph\">{\"@context\":\"https:\/\/schema.org\",\"@graph\":[{\"@type\":\"NewsArticle\",\"@id\":\"https:\/\/www.suno.com.br\/noticias\/fed-deve-diminuir-ritmo-de-cortes-de-juros-diz-diretor-como-isso-afeta-o-ibovespa\/#article\",\"isPartOf\":{\"@id\":\"https:\/\/www.suno.com.br\/noticias\/fed-deve-diminuir-ritmo-de-cortes-de-juros-diz-diretor-como-isso-afeta-o-ibovespa\/\"},\"author\":{\"name\":\"Giovanni Porf\u00edrio Jacomino\",\"@id\":\"https:\/\/www.suno.com.br\/noticias\/#\/schema\/person\/d0f32748bbca4bee871fa191ee4e2d40\"},\"headline\":\"Fed deve diminuir ritmo de cortes de juros, diz diretor. Como isso afeta o Ibovespa?\",\"datePublished\":\"2024-01-17T12:19:11+00:00\",\"dateModified\":\"2024-01-17T18:26:08+00:00\",\"mainEntityOfPage\":{\"@id\":\"https:\/\/www.suno.com.br\/noticias\/fed-deve-diminuir-ritmo-de-cortes-de-juros-diz-diretor-como-isso-afeta-o-ibovespa\/\"},\"wordCount\":708,\"publisher\":{\"@id\":\"https:\/\/www.suno.com.br\/noticias\/#organization\"},\"image\":{\"@id\":\"https:\/\/www.suno.com.br\/noticias\/fed-deve-diminuir-ritmo-de-cortes-de-juros-diz-diretor-como-isso-afeta-o-ibovespa\/#primaryimage\"},\"thumbnailUrl\":\"https:\/\/files.sunoresearch.com.br\/n\/uploads\/2024\/01\/alexander-grey-8lnbXtxFGZw-unsplash-scaled.jpg\",\"keywords\":[\"Especialistas\",\"Estados Unidos (EUA)\",\"Federal Reserve (FED)\",\"Goldman Sachs (GSGI34)\",\"Ibovespa\"],\"articleSection\":[\"Economia\",\"Internacional\"],\"inLanguage\":\"pt-BR\"},{\"@type\":\"WebPage\",\"@id\":\"https:\/\/www.suno.com.br\/noticias\/fed-deve-diminuir-ritmo-de-cortes-de-juros-diz-diretor-como-isso-afeta-o-ibovespa\/\",\"url\":\"https:\/\/www.suno.com.br\/noticias\/fed-deve-diminuir-ritmo-de-cortes-de-juros-diz-diretor-como-isso-afeta-o-ibovespa\/\",\"name\":\"Fed deve diminuir ritmo de cortes de juros. Como isso afeta o Ibovespa?\",\"isPartOf\":{\"@id\":\"https:\/\/www.suno.com.br\/noticias\/#website\"},\"primaryImageOfPage\":{\"@id\":\"https:\/\/www.suno.com.br\/noticias\/fed-deve-diminuir-ritmo-de-cortes-de-juros-diz-diretor-como-isso-afeta-o-ibovespa\/#primaryimage\"},\"image\":{\"@id\":\"https:\/\/www.suno.com.br\/noticias\/fed-deve-diminuir-ritmo-de-cortes-de-juros-diz-diretor-como-isso-afeta-o-ibovespa\/#primaryimage\"},\"thumbnailUrl\":\"https:\/\/files.sunoresearch.com.br\/n\/uploads\/2024\/01\/alexander-grey-8lnbXtxFGZw-unsplash-scaled.jpg\",\"datePublished\":\"2024-01-17T12:19:11+00:00\",\"dateModified\":\"2024-01-17T18:26:08+00:00\",\"description\":\"Waller, diretor do Fed, disse que a autarquia deve realizar cortes de juros de forma mais lenta em rela\u00e7\u00e3o a outros ciclos recentes.\",\"breadcrumb\":{\"@id\":\"https:\/\/www.suno.com.br\/noticias\/fed-deve-diminuir-ritmo-de-cortes-de-juros-diz-diretor-como-isso-afeta-o-ibovespa\/#breadcrumb\"},\"inLanguage\":\"pt-BR\",\"potentialAction\":[{\"@type\":\"ReadAction\",\"target\":[\"https:\/\/www.suno.com.br\/noticias\/fed-deve-diminuir-ritmo-de-cortes-de-juros-diz-diretor-como-isso-afeta-o-ibovespa\/\"]}]},{\"@type\":\"ImageObject\",\"inLanguage\":\"pt-BR\",\"@id\":\"https:\/\/www.suno.com.br\/noticias\/fed-deve-diminuir-ritmo-de-cortes-de-juros-diz-diretor-como-isso-afeta-o-ibovespa\/#primaryimage\",\"url\":\"https:\/\/files.sunoresearch.com.br\/n\/uploads\/2024\/01\/alexander-grey-8lnbXtxFGZw-unsplash-scaled.jpg\",\"contentUrl\":\"https:\/\/files.sunoresearch.com.br\/n\/uploads\/2024\/01\/alexander-grey-8lnbXtxFGZw-unsplash-scaled.jpg\",\"width\":2560,\"height\":1707,\"caption\":\"Fed. Foto: Unsplash.\"},{\"@type\":\"BreadcrumbList\",\"@id\":\"https:\/\/www.suno.com.br\/noticias\/fed-deve-diminuir-ritmo-de-cortes-de-juros-diz-diretor-como-isso-afeta-o-ibovespa\/#breadcrumb\",\"itemListElement\":[{\"@type\":\"ListItem\",\"position\":1,\"name\":\"Not\u00edcias\",\"item\":\"https:\/\/www.suno.com.br\/noticias\/\"},{\"@type\":\"ListItem\",\"position\":2,\"name\":\"Internacional\",\"item\":\"https:\/\/www.suno.com.br\/noticias\/internacional\/\"},{\"@type\":\"ListItem\",\"position\":3,\"name\":\"Fed deve diminuir ritmo de cortes de juros, diz diretor. Como isso afeta o Ibovespa?\"}]},{\"@type\":\"WebSite\",\"@id\":\"https:\/\/www.suno.com.br\/noticias\/#website\",\"url\":\"https:\/\/www.suno.com.br\/noticias\/\",\"name\":\"Suno Not\u00edcias\",\"description\":\"Seu portal de informa\u00e7\u00e3o sobre o mundo dos investimentos\",\"publisher\":{\"@id\":\"https:\/\/www.suno.com.br\/noticias\/#organization\"},\"potentialAction\":[{\"@type\":\"SearchAction\",\"target\":{\"@type\":\"EntryPoint\",\"urlTemplate\":\"https:\/\/www.suno.com.br\/noticias\/?s={search_term_string}\"},\"query-input\":{\"@type\":\"PropertyValueSpecification\",\"valueRequired\":true,\"valueName\":\"search_term_string\"}}],\"inLanguage\":\"pt-BR\"},{\"@type\":\"Organization\",\"@id\":\"https:\/\/www.suno.com.br\/noticias\/#organization\",\"name\":\"Suno Not\u00edcias\",\"url\":\"https:\/\/www.suno.com.br\/noticias\/\",\"logo\":{\"@type\":\"ImageObject\",\"inLanguage\":\"pt-BR\",\"@id\":\"https:\/\/www.suno.com.br\/noticias\/#\/schema\/logo\/image\/\",\"url\":\"https:\/\/files.sunoresearch.com.br\/n\/uploads\/2021\/09\/suno-logo.png\",\"contentUrl\":\"https:\/\/files.sunoresearch.com.br\/n\/uploads\/2021\/09\/suno-logo.png\",\"width\":180,\"height\":180,\"caption\":\"Suno Not\u00edcias\"},\"image\":{\"@id\":\"https:\/\/www.suno.com.br\/noticias\/#\/schema\/logo\/image\/\"},\"sameAs\":[\"https:\/\/facebook.com\/sunoresearch\",\"https:\/\/x.com\/sunoresearch\",\"https:\/\/www.instagram.com\/suno\",\"https:\/\/www.linkedin.com\/company\/suno-research\/\",\"https:\/\/www.youtube.com\/c\/sunoresearch\"]},{\"@type\":\"Person\",\"@id\":\"https:\/\/www.suno.com.br\/noticias\/#\/schema\/person\/d0f32748bbca4bee871fa191ee4e2d40\",\"name\":\"Giovanni Porf\u00edrio Jacomino\",\"image\":{\"@type\":\"ImageObject\",\"inLanguage\":\"pt-BR\",\"@id\":\"https:\/\/www.suno.com.br\/noticias\/#\/schema\/person\/image\/\",\"url\":\"https:\/\/secure.gravatar.com\/avatar\/efb32e19b730a121cb7a80f41ffec01a?s=96&r=g\",\"contentUrl\":\"https:\/\/secure.gravatar.com\/avatar\/efb32e19b730a121cb7a80f41ffec01a?s=96&r=g\",\"caption\":\"Giovanni Porf\u00edrio Jacomino\"},\"description\":\"Giovanni Porf\u00edrio Jacomino \u00e9 jornalista formado pela Universidade Estadual de Londrina (UEL) e p\u00f3s-graduado em Produ\u00e7\u00e3o e Pr\u00e1ticas Jornal\u00edsticas na Contemporaneidade na Faculdade C\u00e1sper L\u00edbero (FCL). Foi editor web no Startupi e no Finsiders, atuando ainda como editor no TC Mover, portal de not\u00edcias da TradersClub, fazendo a cobertura de assuntos relacionados ao mercado financeiro interno e externo. Atualmente, \u00e9 Rep\u00f3rter do Suno Not\u00edcias.\",\"url\":\"https:\/\/www.suno.com.br\/noticias\/author\/giovanni-porfiriosuno-com-br\/\"}]}<\/script>\n<!-- \/ Yoast SEO plugin. -->","yoast_head_json":{"title":"Fed deve diminuir ritmo de cortes de juros. Como isso afeta o Ibovespa?","description":"Waller, diretor do Fed, disse que a autarquia deve realizar cortes de juros de forma mais lenta em rela\u00e7\u00e3o a outros ciclos recentes.","robots":{"index":"index","follow":"follow","max-snippet":"max-snippet:-1","max-image-preview":"max-image-preview:large","max-video-preview":"max-video-preview:-1"},"canonical":"https:\/\/www.suno.com.br\/noticias\/fed-deve-diminuir-ritmo-de-cortes-de-juros-diz-diretor-como-isso-afeta-o-ibovespa\/","og_locale":"pt_BR","og_type":"article","og_title":"Fed deve diminuir ritmo de cortes de juros. Como isso afeta o Ibovespa?","og_description":"Waller, diretor do Fed, disse que a autarquia deve realizar cortes de juros de forma mais lenta em rela\u00e7\u00e3o a outros ciclos recentes.","og_url":"https:\/\/www.suno.com.br\/noticias\/fed-deve-diminuir-ritmo-de-cortes-de-juros-diz-diretor-como-isso-afeta-o-ibovespa\/","og_site_name":"Suno Not\u00edcias","article_publisher":"https:\/\/facebook.com\/sunoresearch","og_image":[{"width":2560,"height":1707,"url":"https:\/\/files.sunoresearch.com.br\/n\/uploads\/2024\/01\/alexander-grey-8lnbXtxFGZw-unsplash-scaled.jpg","type":"image\/jpeg"}],"author":"Giovanni Porf\u00edrio Jacomino","twitter_card":"summary_large_image","twitter_creator":"@sunoresearch","twitter_site":"@sunoresearch","twitter_misc":{"Escrito por":"Giovanni Porf\u00edrio Jacomino","Est. tempo de leitura":"4 minutos"},"schema":{"@context":"https:\/\/schema.org","@graph":[{"@type":"NewsArticle","@id":"https:\/\/www.suno.com.br\/noticias\/fed-deve-diminuir-ritmo-de-cortes-de-juros-diz-diretor-como-isso-afeta-o-ibovespa\/#article","isPartOf":{"@id":"https:\/\/www.suno.com.br\/noticias\/fed-deve-diminuir-ritmo-de-cortes-de-juros-diz-diretor-como-isso-afeta-o-ibovespa\/"},"author":{"name":"Giovanni Porf\u00edrio Jacomino","@id":"https:\/\/www.suno.com.br\/noticias\/#\/schema\/person\/d0f32748bbca4bee871fa191ee4e2d40"},"headline":"Fed deve diminuir ritmo de cortes de juros, diz diretor. Como isso afeta o Ibovespa?","datePublished":"2024-01-17T12:19:11+00:00","dateModified":"2024-01-17T18:26:08+00:00","mainEntityOfPage":{"@id":"https:\/\/www.suno.com.br\/noticias\/fed-deve-diminuir-ritmo-de-cortes-de-juros-diz-diretor-como-isso-afeta-o-ibovespa\/"},"wordCount":708,"publisher":{"@id":"https:\/\/www.suno.com.br\/noticias\/#organization"},"image":{"@id":"https:\/\/www.suno.com.br\/noticias\/fed-deve-diminuir-ritmo-de-cortes-de-juros-diz-diretor-como-isso-afeta-o-ibovespa\/#primaryimage"},"thumbnailUrl":"https:\/\/files.sunoresearch.com.br\/n\/uploads\/2024\/01\/alexander-grey-8lnbXtxFGZw-unsplash-scaled.jpg","keywords":["Especialistas","Estados Unidos (EUA)","Federal Reserve (FED)","Goldman Sachs (GSGI34)","Ibovespa"],"articleSection":["Economia","Internacional"],"inLanguage":"pt-BR"},{"@type":"WebPage","@id":"https:\/\/www.suno.com.br\/noticias\/fed-deve-diminuir-ritmo-de-cortes-de-juros-diz-diretor-como-isso-afeta-o-ibovespa\/","url":"https:\/\/www.suno.com.br\/noticias\/fed-deve-diminuir-ritmo-de-cortes-de-juros-diz-diretor-como-isso-afeta-o-ibovespa\/","name":"Fed deve diminuir ritmo de cortes de juros. Como isso afeta o Ibovespa?","isPartOf":{"@id":"https:\/\/www.suno.com.br\/noticias\/#website"},"primaryImageOfPage":{"@id":"https:\/\/www.suno.com.br\/noticias\/fed-deve-diminuir-ritmo-de-cortes-de-juros-diz-diretor-como-isso-afeta-o-ibovespa\/#primaryimage"},"image":{"@id":"https:\/\/www.suno.com.br\/noticias\/fed-deve-diminuir-ritmo-de-cortes-de-juros-diz-diretor-como-isso-afeta-o-ibovespa\/#primaryimage"},"thumbnailUrl":"https:\/\/files.sunoresearch.com.br\/n\/uploads\/2024\/01\/alexander-grey-8lnbXtxFGZw-unsplash-scaled.jpg","datePublished":"2024-01-17T12:19:11+00:00","dateModified":"2024-01-17T18:26:08+00:00","description":"Waller, diretor do Fed, disse que a autarquia deve realizar cortes de juros de forma mais lenta em rela\u00e7\u00e3o a outros ciclos recentes.","breadcrumb":{"@id":"https:\/\/www.suno.com.br\/noticias\/fed-deve-diminuir-ritmo-de-cortes-de-juros-diz-diretor-como-isso-afeta-o-ibovespa\/#breadcrumb"},"inLanguage":"pt-BR","potentialAction":[{"@type":"ReadAction","target":["https:\/\/www.suno.com.br\/noticias\/fed-deve-diminuir-ritmo-de-cortes-de-juros-diz-diretor-como-isso-afeta-o-ibovespa\/"]}]},{"@type":"ImageObject","inLanguage":"pt-BR","@id":"https:\/\/www.suno.com.br\/noticias\/fed-deve-diminuir-ritmo-de-cortes-de-juros-diz-diretor-como-isso-afeta-o-ibovespa\/#primaryimage","url":"https:\/\/files.sunoresearch.com.br\/n\/uploads\/2024\/01\/alexander-grey-8lnbXtxFGZw-unsplash-scaled.jpg","contentUrl":"https:\/\/files.sunoresearch.com.br\/n\/uploads\/2024\/01\/alexander-grey-8lnbXtxFGZw-unsplash-scaled.jpg","width":2560,"height":1707,"caption":"Fed. Foto: Unsplash."},{"@type":"BreadcrumbList","@id":"https:\/\/www.suno.com.br\/noticias\/fed-deve-diminuir-ritmo-de-cortes-de-juros-diz-diretor-como-isso-afeta-o-ibovespa\/#breadcrumb","itemListElement":[{"@type":"ListItem","position":1,"name":"Not\u00edcias","item":"https:\/\/www.suno.com.br\/noticias\/"},{"@type":"ListItem","position":2,"name":"Internacional","item":"https:\/\/www.suno.com.br\/noticias\/internacional\/"},{"@type":"ListItem","position":3,"name":"Fed deve diminuir ritmo de cortes de juros, diz diretor. Como isso afeta o Ibovespa?"}]},{"@type":"WebSite","@id":"https:\/\/www.suno.com.br\/noticias\/#website","url":"https:\/\/www.suno.com.br\/noticias\/","name":"Suno Not\u00edcias","description":"Seu portal de informa\u00e7\u00e3o sobre o mundo dos investimentos","publisher":{"@id":"https:\/\/www.suno.com.br\/noticias\/#organization"},"potentialAction":[{"@type":"SearchAction","target":{"@type":"EntryPoint","urlTemplate":"https:\/\/www.suno.com.br\/noticias\/?s={search_term_string}"},"query-input":{"@type":"PropertyValueSpecification","valueRequired":true,"valueName":"search_term_string"}}],"inLanguage":"pt-BR"},{"@type":"Organization","@id":"https:\/\/www.suno.com.br\/noticias\/#organization","name":"Suno Not\u00edcias","url":"https:\/\/www.suno.com.br\/noticias\/","logo":{"@type":"ImageObject","inLanguage":"pt-BR","@id":"https:\/\/www.suno.com.br\/noticias\/#\/schema\/logo\/image\/","url":"https:\/\/files.sunoresearch.com.br\/n\/uploads\/2021\/09\/suno-logo.png","contentUrl":"https:\/\/files.sunoresearch.com.br\/n\/uploads\/2021\/09\/suno-logo.png","width":180,"height":180,"caption":"Suno Not\u00edcias"},"image":{"@id":"https:\/\/www.suno.com.br\/noticias\/#\/schema\/logo\/image\/"},"sameAs":["https:\/\/facebook.com\/sunoresearch","https:\/\/x.com\/sunoresearch","https:\/\/www.instagram.com\/suno","https:\/\/www.linkedin.com\/company\/suno-research\/","https:\/\/www.youtube.com\/c\/sunoresearch"]},{"@type":"Person","@id":"https:\/\/www.suno.com.br\/noticias\/#\/schema\/person\/d0f32748bbca4bee871fa191ee4e2d40","name":"Giovanni Porf\u00edrio Jacomino","image":{"@type":"ImageObject","inLanguage":"pt-BR","@id":"https:\/\/www.suno.com.br\/noticias\/#\/schema\/person\/image\/","url":"https:\/\/secure.gravatar.com\/avatar\/efb32e19b730a121cb7a80f41ffec01a?s=96&r=g","contentUrl":"https:\/\/secure.gravatar.com\/avatar\/efb32e19b730a121cb7a80f41ffec01a?s=96&r=g","caption":"Giovanni Porf\u00edrio Jacomino"},"description":"Giovanni Porf\u00edrio Jacomino \u00e9 jornalista formado pela Universidade Estadual de Londrina (UEL) e p\u00f3s-graduado em Produ\u00e7\u00e3o e Pr\u00e1ticas Jornal\u00edsticas na Contemporaneidade na Faculdade C\u00e1sper L\u00edbero (FCL). Foi editor web no Startupi e no Finsiders, atuando ainda como editor no TC Mover, portal de not\u00edcias da TradersClub, fazendo a cobertura de assuntos relacionados ao mercado financeiro interno e externo. Atualmente, \u00e9 Rep\u00f3rter do Suno Not\u00edcias.","url":"https:\/\/www.suno.com.br\/noticias\/author\/giovanni-porfiriosuno-com-br\/"}]}},"default_loop_html":"<div class=\"cardsPage__listCard__boxs\"><div class=\"cardsPage__listCard__boxs__img\"><a href=\"https:\/\/www.suno.com.br\/noticias\/fed-deve-diminuir-ritmo-de-cortes-de-juros-diz-diretor-como-isso-afeta-o-ibovespa\/\"><img class=\"mask\" src=\"https:\/\/www.suno.com.br\/noticias\/wp-content\/themes\/suno\/resources\/images\/spotlight\/spotlight1img\/bg-mask.png\" alt=\"Image Mask\"\/><img src=\"https:\/\/files.sunoresearch.com.br\/n\/uploads\/2024\/01\/alexander-grey-8lnbXtxFGZw-unsplash-400x200.jpg\" alt=\"Fed deve diminuir ritmo de cortes de juros, diz diretor. Como isso afeta o Ibovespa?\"\/><\/a><span class=\"spotlightCategory\"><a href=\"https:\/\/www.suno.com.br\/noticias\/economia\/\">Economia<\/a><\/span><\/div><div class=\"cardsPage__listCard__boxs__content\"><a href=\"https:\/\/www.suno.com.br\/noticias\/fed-deve-diminuir-ritmo-de-cortes-de-juros-diz-diretor-como-isso-afeta-o-ibovespa\/\"><h2 class=\"content__title\">Fed deve diminuir ritmo de cortes de juros, diz diretor. Como isso afeta o Ibovespa?<\/h2><\/a><div class=\"newsContent__article__meta\"><div class=\"newsContent__article__meta__authorBox\"><a href=\"https:\/\/www.suno.com.br\/noticias\/author\/camila-figueiredosuno-com-br\/\" class=\"authorBox__avatar noMobi\"><img src=\"https:\/\/files.sunoresearch.com.br\/n\/uploads\/2024\/05\/camila-paim-square-150x150.jpg\" alt=\"Camila Paim\"><\/a><div class=\"authorBox__name\"><span>por\n\t\t\t<a href=\"https:\/\/www.suno.com.br\/noticias\/author\/camila-figueiredosuno-com-br\/\"><span itemprop=\"author\">Camila Paim<\/span><\/a><\/span><time datetime=\"2024-01-17T09:19:11-03:00\" itemprop=\"datePublished\">17\/01\/2024 09:19<\/time><\/div><\/div><\/div><\/div><\/div>","single_layout":"posts","amp_enabled":true,"_links":{"self":[{"href":"https:\/\/www.suno.com.br\/noticias\/wp-json\/wp\/v2\/posts\/511765"}],"collection":[{"href":"https:\/\/www.suno.com.br\/noticias\/wp-json\/wp\/v2\/posts"}],"about":[{"href":"https:\/\/www.suno.com.br\/noticias\/wp-json\/wp\/v2\/types\/post"}],"author":[{"embeddable":true,"href":"https:\/\/www.suno.com.br\/noticias\/wp-json\/wp\/v2\/users\/313"}],"replies":[{"embeddable":true,"href":"https:\/\/www.suno.com.br\/noticias\/wp-json\/wp\/v2\/comments?post=511765"}],"version-history":[{"count":3,"href":"https:\/\/www.suno.com.br\/noticias\/wp-json\/wp\/v2\/posts\/511765\/revisions"}],"predecessor-version":[{"id":512074,"href":"https:\/\/www.suno.com.br\/noticias\/wp-json\/wp\/v2\/posts\/511765\/revisions\/512074"}],"wp:featuredmedia":[{"embeddable":true,"href":"https:\/\/www.suno.com.br\/noticias\/wp-json\/wp\/v2\/media\/511782"}],"wp:attachment":[{"href":"https:\/\/www.suno.com.br\/noticias\/wp-json\/wp\/v2\/media?parent=511765"}],"wp:term":[{"taxonomy":"category","embeddable":true,"href":"https:\/\/www.suno.com.br\/noticias\/wp-json\/wp\/v2\/categories?post=511765"},{"taxonomy":"post_tag","embeddable":true,"href":"https:\/\/www.suno.com.br\/noticias\/wp-json\/wp\/v2\/tags?post=511765"},{"taxonomy":"suno_strategy","embeddable":true,"href":"https:\/\/www.suno.com.br\/noticias\/wp-json\/wp\/v2\/suno_strategy?post=511765"}],"curies":[{"name":"wp","href":"https:\/\/api.w.org\/{rel}","templated":true}]}}