{"id":5117,"date":"2018-10-09T18:00:24","date_gmt":"2018-10-09T21:00:24","guid":{"rendered":"https:\/\/www.suno.com.br\/noticias\/?p=5117"},"modified":"2021-02-18T15:25:30","modified_gmt":"2021-02-18T18:25:30","slug":"ibovespa-incertezas-bolsonaro","status":"publish","type":"post","link":"https:\/\/www.suno.com.br\/noticias\/ibovespa-incertezas-bolsonaro\/","title":{"rendered":"Ibovespa fecha est\u00e1vel; Incertezas no mercado externo atrapalham euforia por Bolsonaro"},"content":{"rendered":"<p>O euf\u00f3rico preg\u00e3o de ontem, o primeiro ap\u00f3s o resultado do primeiro turno \u00a0definindo Jair Bolsonaro (PSL) na dianteira da corrida para \u00e0 presid\u00eancia, fora substitu\u00eddo \u00a0pela cautela do mercado externo frente as incertezas com o d\u00e9ficit italiano.<\/p>\t<div class=\"wrapper-featured-image\">\n\t\t<figure class=\"spotlightImg\">\n\n\t\t\t<picture>\n\t\t\t\t<source media=\"(max-width: 768px)\" srcset=\"https:\/\/files.sunoresearch.com.br\/n\/uploads\/2018\/10\/65264bb7-ibovespa-3-400x200.webp\">\n\t\t\t\t<img loading=\"lazy\" decoding=\"async\" class=\"newsContent__article__imgCapa lazyloadDisabled newsContent__article__imgCapa--noCaption\" src=\"https:\/\/files.sunoresearch.com.br\/n\/uploads\/2018\/10\/65264bb7-ibovespa-3-800x450.webp\" width=\"800\" height=\"450\" alt=\"Ibovespa fecha est\u00e1vel; Incertezas no mercado externo atrapalham euforia por Bolsonaro\" fetchpriority=high \/>\n\t\t\t<\/picture>\n\n\t\t\t<figcaption class=\"wp-caption-text wp-caption-text--hide\">China: BC injeta 500 bi de yuans e mercado encerra em alta<\/figcaption>\n\t\t<\/figure>\n\t<\/div>\n\n\n<p>Deste modo, o Ibovespa fechou o dia est\u00e1vel com 86.087 pontos. O volume financeiro foi de R$ 17 bilh\u00f5es. O d\u00f3lar apresentou queda de 1,47% e fechou o dia em R$ 3,71.<\/p>\n<p>O otimismo com a campanha de Jair Bolsonaro continua, ap\u00f3s a Folha de S.Paulo informar nomes do mercado financeiro que est\u00e3o prontos para apoiar o candidato do PSL. Segundo o jornal, Jo\u00e3o Cox, presidente do conselho da TIM, Alexandre Bettamio, presidente-executivo para a Am\u00e9rica Latina do Bank Of America, s\u00e3o dois dos principais nomes.<\/p>\n<p>Al\u00e9m disso o c\u00e2ndida \u00e0 governador pelo Estado de S\u00e3o Paulo, Jo\u00e3o D\u00f3ria afirmou que apoiar\u00e1 o candidato no segundo turno das elei\u00e7\u00f5es. Jo\u00e3o Amoedo do partido NOVO disse que n\u00e3o ir\u00e1 apoiar o PT e elogiou posturas do poss\u00edvel ministro da economia de Bolsonaro, Paulo Guedes.<\/p>\n<p><strong>Mercado externo<\/strong><\/p>\n<p>Os mercados externos n\u00e3o tiveram um bom dia e fecharam em grande maioria no vermelho. Nos Estados Unidos, S&amp;P e e Dow Jones fecharam no vermelho gra\u00e7as as taxas de juros dos Tresouries que bateram recorde na semana passada, fazendo com que os compradores sa\u00edssem da renda \u00a0vari\u00e1vel rumo a renda fixa.<\/p>\n<p>Na China, os \u00edndices se recuperaram ap\u00f3s ontem o banco central de Pequim divulgar que iria cortar os compuls\u00f3rios. Os investidores entenderam que o corte sinalizava uma poss\u00edvel a\u00e7\u00e3o do governo frente a desacelera\u00e7\u00e3o da economia chinesa.<\/p>\n<p>Na Europa, as bolsas fecharam em alta, entretanto as preocupa\u00e7\u00f5es com o d\u00e9ficit italiano ainda deixam os investidores cautelosos. O pa\u00eds projeta um d\u00e9ficit de 2,4% para 2019, dentro do teto estipulado pela Uni\u00e3o Europeia. Entretanto, a It\u00e1lia \u00e9 o segundo pa\u00eds mais endividado do velho continente, perdendo apenas para a Gr\u00e9cia.<\/p>\n<p><strong>Destaque nas a\u00e7\u00f5es<\/strong><\/p>\n<p><strong>As a\u00e7\u00f5es com mais valoriza\u00e7\u00e3o no dia de hoje foram:<\/strong><\/p>\n<p>Mafrig On ( 7,59%), Eletrobras On (3,68%), Rumo S.A On (3,58%) e Ultrapar On (2,95%).<\/p>\n<p><strong>As maiores desvaloriza\u00e7\u00f5es foram:<\/strong><\/p>\n<p>Estacio Parton (-5,01%), MRV On (-4,11%) e Weg On (\u00a0 -3,92%).<\/p>\n<p>&nbsp;<\/p>\n","protected":false},"excerpt":{"rendered":"<p>O euf\u00f3rico preg\u00e3o de ontem, o primeiro ap\u00f3s o resultado do primeiro turno \u00a0definindo Jair Bolsonaro (PSL) na dianteira da corrida para \u00e0 presid\u00eancia, fora substitu\u00eddo \u00a0pela cautela do mercado externo frente as incertezas com o d\u00e9ficit italiano. China: BC injeta 500 bi de yuans e mercado encerra em alta Deste modo, o Ibovespa fechou [&hellip;]<\/p>\n","protected":false},"author":6,"featured_media":4818,"comment_status":"closed","ping_status":"closed","sticky":false,"template":"","format":"standard","meta":[],"categories":[60],"tags":[309,455],"suno_strategy":[],"class_list":["post-5117","post","type-post","status-publish","format-standard","has-post-thumbnail","hentry","category-mercado","tag-bolsa-de-valores","tag-eletrobras-elet3-elet5-elet6"],"yoast_head":"<!-- This site is optimized with the Yoast SEO plugin v24.4 - https:\/\/yoast.com\/wordpress\/plugins\/seo\/ -->\n<title>Ibovespa fecha est\u00e1vel; Incertezas no mercado externo atrapalham euforia por Bolsonaro<\/title>\n<meta name=\"description\" content=\"Deste modo, o Ibovespa fechou o dia est\u00e1vel com 86.087 pontos. Clique e saiba mais\" \/>\n<meta name=\"robots\" content=\"index, follow, max-snippet:-1, max-image-preview:large, max-video-preview:-1\" \/>\n<link rel=\"canonical\" href=\"https:\/\/www.suno.com.br\/noticias\/ibovespa-incertezas-bolsonaro\/\" \/>\n<meta property=\"og:locale\" content=\"pt_BR\" \/>\n<meta property=\"og:type\" content=\"article\" \/>\n<meta property=\"og:title\" content=\"Ibovespa fecha est\u00e1vel; Incertezas no mercado externo atrapalham euforia por Bolsonaro\" \/>\n<meta property=\"og:description\" content=\"Deste modo, o Ibovespa fechou o dia est\u00e1vel com 86.087 pontos. Clique e saiba mais\" \/>\n<meta property=\"og:url\" content=\"https:\/\/www.suno.com.br\/noticias\/ibovespa-incertezas-bolsonaro\/\" \/>\n<meta property=\"og:site_name\" content=\"Suno Not\u00edcias\" \/>\n<meta property=\"article:publisher\" content=\"https:\/\/facebook.com\/sunoresearch\" \/>\n<meta property=\"article:author\" content=\"https:\/\/www.linkedin.com\/in\/paulo-jaschke-328221168\/\" \/>\n<meta property=\"og:image\" content=\"https:\/\/files.sunoresearch.com.br\/n\/uploads\/2018\/10\/65264bb7-ibovespa-3.jpg\" \/>\n\t<meta property=\"og:image:width\" content=\"1920\" \/>\n\t<meta property=\"og:image:height\" content=\"800\" \/>\n\t<meta property=\"og:image:type\" content=\"image\/jpeg\" \/>\n<meta name=\"author\" content=\"Paulo Jaschke\" \/>\n<meta name=\"twitter:card\" content=\"summary_large_image\" \/>\n<meta name=\"twitter:creator\" content=\"@sunoresearch\" \/>\n<meta name=\"twitter:site\" content=\"@sunoresearch\" \/>\n<meta name=\"twitter:label1\" content=\"Escrito por\" \/>\n\t<meta name=\"twitter:data1\" content=\"Paulo Jaschke\" \/>\n\t<meta name=\"twitter:label2\" content=\"Est. tempo de leitura\" \/>\n\t<meta name=\"twitter:data2\" content=\"2 minutos\" \/>\n<script type=\"application\/ld+json\" class=\"yoast-schema-graph\">{\"@context\":\"https:\/\/schema.org\",\"@graph\":[{\"@type\":\"NewsArticle\",\"@id\":\"https:\/\/www.suno.com.br\/noticias\/ibovespa-incertezas-bolsonaro\/#article\",\"isPartOf\":{\"@id\":\"https:\/\/www.suno.com.br\/noticias\/ibovespa-incertezas-bolsonaro\/\"},\"author\":{\"name\":\"Paulo Jaschke\",\"@id\":\"https:\/\/www.suno.com.br\/noticias\/#\/schema\/person\/edc78e26bff487bcad4a7d5e75ca2938\"},\"headline\":\"Ibovespa fecha est\u00e1vel; Incertezas no mercado externo atrapalham euforia por Bolsonaro\",\"datePublished\":\"2018-10-09T21:00:24+00:00\",\"dateModified\":\"2021-02-18T18:25:30+00:00\",\"mainEntityOfPage\":{\"@id\":\"https:\/\/www.suno.com.br\/noticias\/ibovespa-incertezas-bolsonaro\/\"},\"wordCount\":403,\"publisher\":{\"@id\":\"https:\/\/www.suno.com.br\/noticias\/#organization\"},\"image\":{\"@id\":\"https:\/\/www.suno.com.br\/noticias\/ibovespa-incertezas-bolsonaro\/#primaryimage\"},\"thumbnailUrl\":\"https:\/\/files.sunoresearch.com.br\/n\/uploads\/2018\/10\/65264bb7-ibovespa-3-jpg.webp\",\"keywords\":[\"Bolsa de Valores\",\"Eletrobras (ELET3\/ELET5\/ELET6)\"],\"articleSection\":[\"Mercado\"],\"inLanguage\":\"pt-BR\"},{\"@type\":\"WebPage\",\"@id\":\"https:\/\/www.suno.com.br\/noticias\/ibovespa-incertezas-bolsonaro\/\",\"url\":\"https:\/\/www.suno.com.br\/noticias\/ibovespa-incertezas-bolsonaro\/\",\"name\":\"Ibovespa fecha est\u00e1vel; Incertezas no mercado externo atrapalham euforia por Bolsonaro\",\"isPartOf\":{\"@id\":\"https:\/\/www.suno.com.br\/noticias\/#website\"},\"primaryImageOfPage\":{\"@id\":\"https:\/\/www.suno.com.br\/noticias\/ibovespa-incertezas-bolsonaro\/#primaryimage\"},\"image\":{\"@id\":\"https:\/\/www.suno.com.br\/noticias\/ibovespa-incertezas-bolsonaro\/#primaryimage\"},\"thumbnailUrl\":\"https:\/\/files.sunoresearch.com.br\/n\/uploads\/2018\/10\/65264bb7-ibovespa-3-jpg.webp\",\"datePublished\":\"2018-10-09T21:00:24+00:00\",\"dateModified\":\"2021-02-18T18:25:30+00:00\",\"description\":\"Deste modo, o Ibovespa fechou o dia est\u00e1vel com 86.087 pontos. Clique e saiba mais\",\"breadcrumb\":{\"@id\":\"https:\/\/www.suno.com.br\/noticias\/ibovespa-incertezas-bolsonaro\/#breadcrumb\"},\"inLanguage\":\"pt-BR\",\"potentialAction\":[{\"@type\":\"ReadAction\",\"target\":[\"https:\/\/www.suno.com.br\/noticias\/ibovespa-incertezas-bolsonaro\/\"]}]},{\"@type\":\"ImageObject\",\"inLanguage\":\"pt-BR\",\"@id\":\"https:\/\/www.suno.com.br\/noticias\/ibovespa-incertezas-bolsonaro\/#primaryimage\",\"url\":\"https:\/\/files.sunoresearch.com.br\/n\/uploads\/2018\/10\/65264bb7-ibovespa-3-jpg.webp\",\"contentUrl\":\"https:\/\/files.sunoresearch.com.br\/n\/uploads\/2018\/10\/65264bb7-ibovespa-3-jpg.webp\",\"width\":1920,\"height\":800,\"caption\":\"China: BC injeta 500 bi de yuans e mercado encerra em alta\"},{\"@type\":\"BreadcrumbList\",\"@id\":\"https:\/\/www.suno.com.br\/noticias\/ibovespa-incertezas-bolsonaro\/#breadcrumb\",\"itemListElement\":[{\"@type\":\"ListItem\",\"position\":1,\"name\":\"Not\u00edcias\",\"item\":\"https:\/\/www.suno.com.br\/noticias\/\"},{\"@type\":\"ListItem\",\"position\":2,\"name\":\"Mercado\",\"item\":\"https:\/\/www.suno.com.br\/noticias\/mercado\/\"},{\"@type\":\"ListItem\",\"position\":3,\"name\":\"Ibovespa fecha est\u00e1vel; Incertezas no mercado externo atrapalham euforia por Bolsonaro\"}]},{\"@type\":\"WebSite\",\"@id\":\"https:\/\/www.suno.com.br\/noticias\/#website\",\"url\":\"https:\/\/www.suno.com.br\/noticias\/\",\"name\":\"Suno Not\u00edcias\",\"description\":\"Seu portal de informa\u00e7\u00e3o sobre o mundo dos investimentos\",\"publisher\":{\"@id\":\"https:\/\/www.suno.com.br\/noticias\/#organization\"},\"potentialAction\":[{\"@type\":\"SearchAction\",\"target\":{\"@type\":\"EntryPoint\",\"urlTemplate\":\"https:\/\/www.suno.com.br\/noticias\/?s={search_term_string}\"},\"query-input\":{\"@type\":\"PropertyValueSpecification\",\"valueRequired\":true,\"valueName\":\"search_term_string\"}}],\"inLanguage\":\"pt-BR\"},{\"@type\":\"Organization\",\"@id\":\"https:\/\/www.suno.com.br\/noticias\/#organization\",\"name\":\"Suno Not\u00edcias\",\"url\":\"https:\/\/www.suno.com.br\/noticias\/\",\"logo\":{\"@type\":\"ImageObject\",\"inLanguage\":\"pt-BR\",\"@id\":\"https:\/\/www.suno.com.br\/noticias\/#\/schema\/logo\/image\/\",\"url\":\"https:\/\/files.sunoresearch.com.br\/n\/uploads\/2021\/09\/suno-logo.png\",\"contentUrl\":\"https:\/\/files.sunoresearch.com.br\/n\/uploads\/2021\/09\/suno-logo.png\",\"width\":180,\"height\":180,\"caption\":\"Suno Not\u00edcias\"},\"image\":{\"@id\":\"https:\/\/www.suno.com.br\/noticias\/#\/schema\/logo\/image\/\"},\"sameAs\":[\"https:\/\/facebook.com\/sunoresearch\",\"https:\/\/x.com\/sunoresearch\",\"https:\/\/www.instagram.com\/suno\",\"https:\/\/www.linkedin.com\/company\/suno-research\/\",\"https:\/\/www.youtube.com\/c\/sunoresearch\"]},{\"@type\":\"Person\",\"@id\":\"https:\/\/www.suno.com.br\/noticias\/#\/schema\/person\/edc78e26bff487bcad4a7d5e75ca2938\",\"name\":\"Paulo Jaschke\",\"image\":{\"@type\":\"ImageObject\",\"inLanguage\":\"pt-BR\",\"@id\":\"https:\/\/www.suno.com.br\/noticias\/#\/schema\/person\/image\/\",\"url\":\"https:\/\/secure.gravatar.com\/avatar\/d866ede420b0a0e4741620ba27841b8f?s=96&r=g\",\"contentUrl\":\"https:\/\/secure.gravatar.com\/avatar\/d866ede420b0a0e4741620ba27841b8f?s=96&r=g\",\"caption\":\"Paulo Jaschke\"},\"description\":\"Paulo Jaschke \u00e9 estudante de jornalismo na ESPM-SP. Escreve sobre o mercado financeiro, economia e pol\u00edtica internacional para o portal da Suno Research. Tamb\u00e9m escreve sobre economia internacional na ag\u00eancia CMA e \u00e9 rep\u00f3rter esportivo pela Web r\u00e1dio EsportesNet. Em 2018, foi rep\u00f3rter esportivo pela R\u00e1dio ESPM na Copa do Mundo 2018 e escreveu para a Revista Plural ESPM.\",\"sameAs\":[\"https:\/\/www.suno.com.br\/\",\"https:\/\/www.linkedin.com\/in\/paulo-jaschke-328221168\/\"],\"url\":\"https:\/\/www.suno.com.br\/noticias\/author\/paulo-jaschke\/\"}]}<\/script>\n<!-- \/ Yoast SEO plugin. -->","yoast_head_json":{"title":"Ibovespa fecha est\u00e1vel; Incertezas no mercado externo atrapalham euforia por Bolsonaro","description":"Deste modo, o Ibovespa fechou o dia est\u00e1vel com 86.087 pontos. Clique e saiba mais","robots":{"index":"index","follow":"follow","max-snippet":"max-snippet:-1","max-image-preview":"max-image-preview:large","max-video-preview":"max-video-preview:-1"},"canonical":"https:\/\/www.suno.com.br\/noticias\/ibovespa-incertezas-bolsonaro\/","og_locale":"pt_BR","og_type":"article","og_title":"Ibovespa fecha est\u00e1vel; Incertezas no mercado externo atrapalham euforia por Bolsonaro","og_description":"Deste modo, o Ibovespa fechou o dia est\u00e1vel com 86.087 pontos. Clique e saiba mais","og_url":"https:\/\/www.suno.com.br\/noticias\/ibovespa-incertezas-bolsonaro\/","og_site_name":"Suno Not\u00edcias","article_publisher":"https:\/\/facebook.com\/sunoresearch","article_author":"https:\/\/www.linkedin.com\/in\/paulo-jaschke-328221168\/","og_image":[{"width":1920,"height":800,"url":"https:\/\/files.sunoresearch.com.br\/n\/uploads\/2018\/10\/65264bb7-ibovespa-3.jpg","type":"image\/jpeg"}],"author":"Paulo Jaschke","twitter_card":"summary_large_image","twitter_creator":"@sunoresearch","twitter_site":"@sunoresearch","twitter_misc":{"Escrito por":"Paulo Jaschke","Est. tempo de leitura":"2 minutos"},"schema":{"@context":"https:\/\/schema.org","@graph":[{"@type":"NewsArticle","@id":"https:\/\/www.suno.com.br\/noticias\/ibovespa-incertezas-bolsonaro\/#article","isPartOf":{"@id":"https:\/\/www.suno.com.br\/noticias\/ibovespa-incertezas-bolsonaro\/"},"author":{"name":"Paulo Jaschke","@id":"https:\/\/www.suno.com.br\/noticias\/#\/schema\/person\/edc78e26bff487bcad4a7d5e75ca2938"},"headline":"Ibovespa fecha est\u00e1vel; Incertezas no mercado externo atrapalham euforia por Bolsonaro","datePublished":"2018-10-09T21:00:24+00:00","dateModified":"2021-02-18T18:25:30+00:00","mainEntityOfPage":{"@id":"https:\/\/www.suno.com.br\/noticias\/ibovespa-incertezas-bolsonaro\/"},"wordCount":403,"publisher":{"@id":"https:\/\/www.suno.com.br\/noticias\/#organization"},"image":{"@id":"https:\/\/www.suno.com.br\/noticias\/ibovespa-incertezas-bolsonaro\/#primaryimage"},"thumbnailUrl":"https:\/\/files.sunoresearch.com.br\/n\/uploads\/2018\/10\/65264bb7-ibovespa-3-jpg.webp","keywords":["Bolsa de Valores","Eletrobras (ELET3\/ELET5\/ELET6)"],"articleSection":["Mercado"],"inLanguage":"pt-BR"},{"@type":"WebPage","@id":"https:\/\/www.suno.com.br\/noticias\/ibovespa-incertezas-bolsonaro\/","url":"https:\/\/www.suno.com.br\/noticias\/ibovespa-incertezas-bolsonaro\/","name":"Ibovespa fecha est\u00e1vel; Incertezas no mercado externo atrapalham euforia por Bolsonaro","isPartOf":{"@id":"https:\/\/www.suno.com.br\/noticias\/#website"},"primaryImageOfPage":{"@id":"https:\/\/www.suno.com.br\/noticias\/ibovespa-incertezas-bolsonaro\/#primaryimage"},"image":{"@id":"https:\/\/www.suno.com.br\/noticias\/ibovespa-incertezas-bolsonaro\/#primaryimage"},"thumbnailUrl":"https:\/\/files.sunoresearch.com.br\/n\/uploads\/2018\/10\/65264bb7-ibovespa-3-jpg.webp","datePublished":"2018-10-09T21:00:24+00:00","dateModified":"2021-02-18T18:25:30+00:00","description":"Deste modo, o Ibovespa fechou o dia est\u00e1vel com 86.087 pontos. Clique e saiba mais","breadcrumb":{"@id":"https:\/\/www.suno.com.br\/noticias\/ibovespa-incertezas-bolsonaro\/#breadcrumb"},"inLanguage":"pt-BR","potentialAction":[{"@type":"ReadAction","target":["https:\/\/www.suno.com.br\/noticias\/ibovespa-incertezas-bolsonaro\/"]}]},{"@type":"ImageObject","inLanguage":"pt-BR","@id":"https:\/\/www.suno.com.br\/noticias\/ibovespa-incertezas-bolsonaro\/#primaryimage","url":"https:\/\/files.sunoresearch.com.br\/n\/uploads\/2018\/10\/65264bb7-ibovespa-3-jpg.webp","contentUrl":"https:\/\/files.sunoresearch.com.br\/n\/uploads\/2018\/10\/65264bb7-ibovespa-3-jpg.webp","width":1920,"height":800,"caption":"China: BC injeta 500 bi de yuans e mercado encerra em alta"},{"@type":"BreadcrumbList","@id":"https:\/\/www.suno.com.br\/noticias\/ibovespa-incertezas-bolsonaro\/#breadcrumb","itemListElement":[{"@type":"ListItem","position":1,"name":"Not\u00edcias","item":"https:\/\/www.suno.com.br\/noticias\/"},{"@type":"ListItem","position":2,"name":"Mercado","item":"https:\/\/www.suno.com.br\/noticias\/mercado\/"},{"@type":"ListItem","position":3,"name":"Ibovespa fecha est\u00e1vel; Incertezas no mercado externo atrapalham euforia por Bolsonaro"}]},{"@type":"WebSite","@id":"https:\/\/www.suno.com.br\/noticias\/#website","url":"https:\/\/www.suno.com.br\/noticias\/","name":"Suno Not\u00edcias","description":"Seu portal de informa\u00e7\u00e3o sobre o mundo dos investimentos","publisher":{"@id":"https:\/\/www.suno.com.br\/noticias\/#organization"},"potentialAction":[{"@type":"SearchAction","target":{"@type":"EntryPoint","urlTemplate":"https:\/\/www.suno.com.br\/noticias\/?s={search_term_string}"},"query-input":{"@type":"PropertyValueSpecification","valueRequired":true,"valueName":"search_term_string"}}],"inLanguage":"pt-BR"},{"@type":"Organization","@id":"https:\/\/www.suno.com.br\/noticias\/#organization","name":"Suno Not\u00edcias","url":"https:\/\/www.suno.com.br\/noticias\/","logo":{"@type":"ImageObject","inLanguage":"pt-BR","@id":"https:\/\/www.suno.com.br\/noticias\/#\/schema\/logo\/image\/","url":"https:\/\/files.sunoresearch.com.br\/n\/uploads\/2021\/09\/suno-logo.png","contentUrl":"https:\/\/files.sunoresearch.com.br\/n\/uploads\/2021\/09\/suno-logo.png","width":180,"height":180,"caption":"Suno Not\u00edcias"},"image":{"@id":"https:\/\/www.suno.com.br\/noticias\/#\/schema\/logo\/image\/"},"sameAs":["https:\/\/facebook.com\/sunoresearch","https:\/\/x.com\/sunoresearch","https:\/\/www.instagram.com\/suno","https:\/\/www.linkedin.com\/company\/suno-research\/","https:\/\/www.youtube.com\/c\/sunoresearch"]},{"@type":"Person","@id":"https:\/\/www.suno.com.br\/noticias\/#\/schema\/person\/edc78e26bff487bcad4a7d5e75ca2938","name":"Paulo Jaschke","image":{"@type":"ImageObject","inLanguage":"pt-BR","@id":"https:\/\/www.suno.com.br\/noticias\/#\/schema\/person\/image\/","url":"https:\/\/secure.gravatar.com\/avatar\/d866ede420b0a0e4741620ba27841b8f?s=96&r=g","contentUrl":"https:\/\/secure.gravatar.com\/avatar\/d866ede420b0a0e4741620ba27841b8f?s=96&r=g","caption":"Paulo Jaschke"},"description":"Paulo Jaschke \u00e9 estudante de jornalismo na ESPM-SP. Escreve sobre o mercado financeiro, economia e pol\u00edtica internacional para o portal da Suno Research. Tamb\u00e9m escreve sobre economia internacional na ag\u00eancia CMA e \u00e9 rep\u00f3rter esportivo pela Web r\u00e1dio EsportesNet. Em 2018, foi rep\u00f3rter esportivo pela R\u00e1dio ESPM na Copa do Mundo 2018 e escreveu para a Revista Plural ESPM.","sameAs":["https:\/\/www.suno.com.br\/","https:\/\/www.linkedin.com\/in\/paulo-jaschke-328221168\/"],"url":"https:\/\/www.suno.com.br\/noticias\/author\/paulo-jaschke\/"}]}},"default_loop_html":"<div class=\"cardsPage__listCard__boxs\"><div class=\"cardsPage__listCard__boxs__img\"><a href=\"https:\/\/www.suno.com.br\/noticias\/ibovespa-incertezas-bolsonaro\/\"><img class=\"mask\" src=\"https:\/\/www.suno.com.br\/noticias\/wp-content\/themes\/suno\/resources\/images\/spotlight\/spotlight1img\/bg-mask.png\" alt=\"Image Mask\"\/><img src=\"https:\/\/files.sunoresearch.com.br\/n\/uploads\/2018\/10\/65264bb7-ibovespa-3-400x200.webp\" alt=\"Ibovespa fecha est\u00e1vel; Incertezas no mercado externo atrapalham euforia por Bolsonaro\"\/><\/a><span class=\"spotlightCategory\"><a href=\"https:\/\/www.suno.com.br\/noticias\/mercado\/\">Mercado<\/a><\/span><\/div><div class=\"cardsPage__listCard__boxs__content\"><a href=\"https:\/\/www.suno.com.br\/noticias\/ibovespa-incertezas-bolsonaro\/\"><h2 class=\"content__title\">Ibovespa fecha est\u00e1vel; Incertezas no mercado externo atrapalham euforia por Bolsonaro<\/h2><\/a><div class=\"newsContent__article__meta\"><div class=\"newsContent__article__meta__authorBox\"><a href=\"https:\/\/www.suno.com.br\/noticias\/author\/paulo-jaschke\/\" class=\"authorBox__avatar noMobi\"><img src=\"https:\/\/secure.gravatar.com\/avatar\/d866ede420b0a0e4741620ba27841b8f?s=96&#038;r=g\" alt=\"Paulo Jaschke\"><\/a><div class=\"authorBox__name\"><span>por\n\t\t\t<a href=\"https:\/\/www.suno.com.br\/noticias\/author\/paulo-jaschke\/\"><span itemprop=\"author\">Paulo Jaschke<\/span><\/a><\/span><time datetime=\"2018-10-09T18:00:24-03:00\" itemprop=\"datePublished\">09\/10\/2018 18:00<\/time><\/div><\/div><\/div><\/div><\/div>","single_layout":"posts","amp_enabled":true,"_links":{"self":[{"href":"https:\/\/www.suno.com.br\/noticias\/wp-json\/wp\/v2\/posts\/5117"}],"collection":[{"href":"https:\/\/www.suno.com.br\/noticias\/wp-json\/wp\/v2\/posts"}],"about":[{"href":"https:\/\/www.suno.com.br\/noticias\/wp-json\/wp\/v2\/types\/post"}],"author":[{"embeddable":true,"href":"https:\/\/www.suno.com.br\/noticias\/wp-json\/wp\/v2\/users\/6"}],"replies":[{"embeddable":true,"href":"https:\/\/www.suno.com.br\/noticias\/wp-json\/wp\/v2\/comments?post=5117"}],"version-history":[{"count":0,"href":"https:\/\/www.suno.com.br\/noticias\/wp-json\/wp\/v2\/posts\/5117\/revisions"}],"wp:featuredmedia":[{"embeddable":true,"href":"https:\/\/www.suno.com.br\/noticias\/wp-json\/wp\/v2\/media\/4818"}],"wp:attachment":[{"href":"https:\/\/www.suno.com.br\/noticias\/wp-json\/wp\/v2\/media?parent=5117"}],"wp:term":[{"taxonomy":"category","embeddable":true,"href":"https:\/\/www.suno.com.br\/noticias\/wp-json\/wp\/v2\/categories?post=5117"},{"taxonomy":"post_tag","embeddable":true,"href":"https:\/\/www.suno.com.br\/noticias\/wp-json\/wp\/v2\/tags?post=5117"},{"taxonomy":"suno_strategy","embeddable":true,"href":"https:\/\/www.suno.com.br\/noticias\/wp-json\/wp\/v2\/suno_strategy?post=5117"}],"curies":[{"name":"wp","href":"https:\/\/api.w.org\/{rel}","templated":true}]}}