{"id":511624,"date":"2024-01-16T19:20:51","date_gmt":"2024-01-16T22:20:51","guid":{"rendered":"https:\/\/www.suno.com.br\/noticias\/?p=511624"},"modified":"2024-01-16T19:20:55","modified_gmt":"2024-01-16T22:20:55","slug":"dolar-sobe-ao-maior-nivel-em-1-mes","status":"publish","type":"post","link":"https:\/\/www.suno.com.br\/noticias\/dolar-sobe-ao-maior-nivel-em-1-mes\/","title":{"rendered":"D\u00f3lar dispara ao maior n\u00edvel em um m\u00eas, ap\u00f3s falas de dirigente do Fed sobre juros"},"content":{"rendered":"<p>A percep\u00e7\u00e3o de que os juros dos Estados Unidos podem cair mais lentamente do que o mercado espera, somada \u00e0s preocupa\u00e7\u00f5es dos investidores com o ritmo de crescimento da China e com o conflito no Mar Vermelho, que aumentaram a <a class=\"suno-keyword\" target=\"_blank\" data-force=\"no\" data-priority=\"1\" href=\"https:\/\/www.suno.com.br\/artigos\/aversao-ao-risco\/\" rel=\"noopener\">avers\u00e3o ao risco<\/a> e a busca por ativos considerados seguros, favoreceram o <strong>d\u00f3lar <\/strong>em escala global, levando a moeda americana a subir mais de 1% na compara\u00e7\u00e3o com o real.<\/p>\t<div class=\"wrapper-featured-image\">\n\t\t<figure class=\"spotlightImg\">\n\n\t\t\t<picture>\n\t\t\t\t<source media=\"(max-width: 768px)\" srcset=\"https:\/\/files.sunoresearch.com.br\/n\/uploads\/2021\/03\/5f9e5d9c-dollar-2322785_1280-400x200.webp\">\n\t\t\t\t<img loading=\"lazy\" decoding=\"async\" class=\"newsContent__article__imgCapa lazyloadDisabled \" src=\"https:\/\/files.sunoresearch.com.br\/n\/uploads\/2021\/03\/5f9e5d9c-dollar-2322785_1280-800x450.webp\" width=\"800\" height=\"450\" alt=\"D\u00f3lar dispara ao maior n\u00edvel em um m\u00eas, ap\u00f3s falas de dirigente do Fed sobre juros\" fetchpriority=high \/>\n\t\t\t<\/picture>\n\n\t\t\t<figcaption class=\"wp-caption-text wp-caption-text--show\">D\u00f3lar. Foto: Pixabay<\/figcaption>\n\t\t<\/figure>\n\t<\/div>\n\n\n\n\n\n\t<p>\n\t\t<a href=\"\" target=\"_blank\" data-element=\"shortcode-suno-banner\" title=\"Banner SUNO, clique e saiba mais\">\n\t\t\t<picture>\n\t\t\t\t<source media=\"(max-width: 500px)\" srcset=\"\">\n\t\t\t\t<img class=\"newsContent__article__imgCapa newsContent__article__imgCapa--banner\"\n\t\t\t\t\tsrc=\"\"\n\t\t\t\t\tdata-promo-id=\"240038\"\t\t\t\t\t\t\t\t\t\t\t\t\t\t\talt=\"\"\n\t\t\t\t>\n\t\t\t<\/picture>\n\t\t<\/a>\n\t<\/p>\n\n\n\n\n\n\n\n<p>O <strong>d\u00f3lar \u00e0 vista<\/strong> subiu 1,22%, a R$ 4,9256, mas na m\u00e1xima intradia atingiu R$ 4,9333 (+1,37%). Foi a maior cota\u00e7\u00e3o em um m\u00eas. O contrato da moeda para fevereiro subiu 1,46%, aos R$ 4,9350, mas na cota\u00e7\u00e3o mais alta do preg\u00e3o chegou a R$ 4,9430 (+1,62%). O movimento no <a class=\"suno-keyword\" target=\"_blank\" data-force=\"no\" data-priority=\"1\" href=\"https:\/\/www.suno.com.br\/artigos\/contrato-futuro\/\" rel=\"noopener\">mercado futuro<\/a> foi de US$ 16 bilh\u00f5es.<\/p>\n\n\n\n<p>No final do ano passado, os investidores aumentaram as apostas de que o Federal Reserve come\u00e7aria a reduzir os juros rapidamente a partir de mar\u00e7o, mas nas \u00faltimas semanas parte desta expectativa se desfez, tanto por indicadores apontando para a resili\u00eancia do mercado de trabalho e de alguns componentes da infla\u00e7\u00e3o quanto por declara\u00e7\u00f5es das autoridades do banco central americano sugerindo que a institui\u00e7\u00e3o ser\u00e1 conservadora ao afrouxar a <a class=\"suno-keyword\" target=\"_blank\" data-force=\"no\" data-priority=\"1\" href=\"https:\/\/www.suno.com.br\/artigos\/politica-monetaria\/\" rel=\"noopener\">pol\u00edtica monet\u00e1ria<\/a>.<\/p>\n\n\n\t<p>\n\t\t<a href=\"https:\/\/lp.suno.com.br\/ebook-gratuito-investindo-no-exterior\/\" target=\"_blank\" data-element=\"shortcode-suno-banner\" title=\"Banner SUNO, clique e saiba mais\">\n\t\t\t<picture>\n\t\t\t\t<source media=\"(max-width: 500px)\" srcset=\"https:\/\/files.sunoresearch.com.br\/n\/uploads\/2023\/03\/400x300-Investindo-no-exterior.png\">\n\t\t\t\t<img class=\"newsContent__article__imgCapa newsContent__article__imgCapa--banner\"\n\t\t\t\t\tsrc=\"https:\/\/files.sunoresearch.com.br\/n\/uploads\/2023\/03\/1420x240-Investindo-no-exterior.png\"\n\t\t\t\t\tdata-promo-id=\"383161\"\t\t\t\t\t\t\t\t\t\twidth='1420' height='240'\t\t\t\t\talt=\"https:\/\/files.sunoresearch.com.br\/n\/uploads\/2023\/03\/1420x240-Investindo-no-exterior.png\"\n\t\t\t\t>\n\t\t\t<\/picture>\n\t\t<\/a>\n\t<\/p>\n\n\n\n\n\n<h2 class=\"wp-block-heading\">Falas de dirigente do Fed fortalecem o d\u00f3lare=<\/h2>\n\n\n\n<p>Hoje, foi mais uma destas falas que ajudaram a dar for\u00e7a \u00e0 <strong>cota\u00e7\u00e3o do d\u00f3lar<\/strong>. Christopher Waller, um dos diretores do Fed, disse que a infla\u00e7\u00e3o nos Estados Unidos parece estar retornando \u00e0 meta de 2% e que isso deve abrir espa\u00e7o para cortes nos juros do pa\u00eds. A previs\u00e3o dele, por\u00e9m, \u00e9 de um recuo de 75 pontos-base em 2024, enquanto o mercado espera praticamente o dobro de cortes, segundo dados da Ferramenta CME FedWatch.<\/p>\n\n\n\t<p>\n\t\t<a href=\"\" target=\"_blank\" data-element=\"shortcode-suno-banner\" title=\"Banner SUNO, clique e saiba mais\">\n\t\t\t<picture>\n\t\t\t\t<source media=\"(max-width: 500px)\" srcset=\"\">\n\t\t\t\t<img class=\"newsContent__article__imgCapa newsContent__article__imgCapa--banner\"\n\t\t\t\t\tsrc=\"\"\n\t\t\t\t\tdata-promo-id=\"240038\"\t\t\t\t\t\t\t\t\t\t\t\t\t\t\talt=\"\"\n\t\t\t\t>\n\t\t\t<\/picture>\n\t\t<\/a>\n\t<\/p>\n\n\n\n\n\n<p>A declara\u00e7\u00e3o de Waller desapontou o mercado, segundo Gabriel Meira, economista da Valor Investimentos, em particular porque Waller sugeriu n\u00e3o ver motivos para acelerar o ritmo de cortes enquanto os indicadores n\u00e3o justificarem este movimento. &#8220;Como a gente tem visto economia em <a class=\"suno-keyword\" target=\"_blank\" data-force=\"no\" data-priority=\"1\" href=\"https:\/\/www.suno.com.br\/artigos\/pleno-emprego\/\" rel=\"noopener\">pleno emprego<\/a>, desemprego demorando a voltar, infla\u00e7\u00e3o controlada mas nem tanto, veio esse balde de \u00e1gua fria&#8221;, acrescentou.<\/p>\n\n\n\n<p>Diante disso, as taxas dos Treasuries renovaram as m\u00e1ximas intradia, o que ajudou a impulsionar o d\u00f3lar. &#8220;Depois da fala dele o mercado piorou. O <strong>d\u00f3lar<\/strong> subiu mais, tanto na compara\u00e7\u00e3o com o real quanto o DXY&#8221;, disse Apolo Duarte, head de renda vari\u00e1vel e s\u00f3cio da AVG Capital. &#8220;\u00c9 mais uma valoriza\u00e7\u00e3o do d\u00f3lar do que uma queda do real&#8221;, acrescentou.<\/p>\n\n\n\n<p><em>Com Estad\u00e3o Conte\u00fado<\/em><\/p>\n\n\n\t<p>\n\t\t<a href=\"https:\/\/lp.suno.com.br\/planilha-da-vida-financeira\/\" target=\"_blank\" data-element=\"shortcode-suno-banner\" title=\"Banner SUNO, clique e saiba mais\">\n\t\t\t<picture>\n\t\t\t\t<source media=\"(max-width: 500px)\" srcset=\"https:\/\/files.sunoresearch.com.br\/n\/uploads\/2023\/04\/400x300-Planilha-vida-financeira-true.png\">\n\t\t\t\t<img class=\"newsContent__article__imgCapa newsContent__article__imgCapa--banner\"\n\t\t\t\t\tsrc=\"https:\/\/files.sunoresearch.com.br\/n\/uploads\/2023\/04\/1420x240-Planilha-vida-financeira-true.png\"\n\t\t\t\t\tdata-promo-id=\"383123\"\t\t\t\t\t\t\t\t\t\twidth='1420' height='240'\t\t\t\t\talt=\"https:\/\/files.sunoresearch.com.br\/n\/uploads\/2023\/04\/1420x240-Planilha-vida-financeira-true.png\"\n\t\t\t\t>\n\t\t\t<\/picture>\n\t\t<\/a>\n\t<\/p>\n\n\n","protected":false},"excerpt":{"rendered":"<p>A percep\u00e7\u00e3o de que os juros dos Estados Unidos podem cair mais lentamente do que o mercado espera, somada \u00e0s preocupa\u00e7\u00f5es dos investidores com o ritmo de crescimento da China e com o conflito no Mar Vermelho, que aumentaram a avers\u00e3o ao risco e a busca por ativos considerados seguros, favoreceram o d\u00f3lar em escala [&hellip;]<\/p>\n","protected":false},"author":43,"featured_media":135092,"comment_status":"closed","ping_status":"closed","sticky":false,"template":"","format":"standard","meta":[],"categories":[60],"tags":[326,1852],"suno_strategy":[],"class_list":["post-511624","post","type-post","status-publish","format-standard","has-post-thumbnail","hentry","category-mercado","tag-dolar","tag-dolar-futuro"],"yoast_head":"<!-- This site is optimized with the Yoast SEO plugin v24.4 - https:\/\/yoast.com\/wordpress\/plugins\/seo\/ -->\n<title>D\u00f3lar sobe ao maior n\u00edvel em 1 m\u00eas, ap\u00f3s falas de dirigente do Fed<\/title>\n<meta name=\"description\" content=\"O d\u00f3lar \u00e0 vista subiu 1,22%, a R$ 4,9256, mas na m\u00e1xima intradia atingiu R$ 4,9333 (+1,37%). Foi a maior cota\u00e7\u00e3o em um m\u00eas.\" \/>\n<meta name=\"robots\" content=\"index, follow, max-snippet:-1, max-image-preview:large, max-video-preview:-1\" \/>\n<link rel=\"canonical\" href=\"https:\/\/www.suno.com.br\/noticias\/dolar-sobe-ao-maior-nivel-em-1-mes\/\" \/>\n<meta property=\"og:locale\" content=\"pt_BR\" \/>\n<meta property=\"og:type\" content=\"article\" \/>\n<meta property=\"og:title\" content=\"D\u00f3lar sobe ao maior n\u00edvel em 1 m\u00eas, ap\u00f3s falas de dirigente do Fed\" \/>\n<meta property=\"og:description\" content=\"O d\u00f3lar \u00e0 vista subiu 1,22%, a R$ 4,9256, mas na m\u00e1xima intradia atingiu R$ 4,9333 (+1,37%). Foi a maior cota\u00e7\u00e3o em um m\u00eas.\" \/>\n<meta property=\"og:url\" content=\"https:\/\/www.suno.com.br\/noticias\/dolar-sobe-ao-maior-nivel-em-1-mes\/\" \/>\n<meta property=\"og:site_name\" content=\"Suno Not\u00edcias\" \/>\n<meta property=\"article:publisher\" content=\"https:\/\/facebook.com\/sunoresearch\" \/>\n<meta property=\"article:author\" content=\"https:\/\/www.facebook.com\/sunonoticias\/\" \/>\n<meta property=\"og:image\" content=\"https:\/\/files.sunoresearch.com.br\/n\/uploads\/2021\/03\/5f9e5d9c-dollar-2322785_1280.jpg\" \/>\n\t<meta property=\"og:image:width\" content=\"1280\" \/>\n\t<meta property=\"og:image:height\" content=\"849\" \/>\n\t<meta property=\"og:image:type\" content=\"image\/jpeg\" \/>\n<meta name=\"author\" content=\"Reda\u00e7\u00e3o Suno Not\u00edcias\" \/>\n<meta name=\"twitter:card\" content=\"summary_large_image\" \/>\n<meta name=\"twitter:creator\" content=\"@https:\/\/twitter.com\/sunoresearch\" \/>\n<meta name=\"twitter:site\" content=\"@sunoresearch\" \/>\n<meta name=\"twitter:label1\" content=\"Escrito por\" \/>\n\t<meta name=\"twitter:data1\" content=\"Reda\u00e7\u00e3o Suno Not\u00edcias\" \/>\n\t<meta name=\"twitter:label2\" content=\"Est. tempo de leitura\" \/>\n\t<meta name=\"twitter:data2\" content=\"3 minutos\" \/>\n<script type=\"application\/ld+json\" class=\"yoast-schema-graph\">{\"@context\":\"https:\/\/schema.org\",\"@graph\":[{\"@type\":\"NewsArticle\",\"@id\":\"https:\/\/www.suno.com.br\/noticias\/dolar-sobe-ao-maior-nivel-em-1-mes\/#article\",\"isPartOf\":{\"@id\":\"https:\/\/www.suno.com.br\/noticias\/dolar-sobe-ao-maior-nivel-em-1-mes\/\"},\"author\":{\"name\":\"Reda\u00e7\u00e3o Suno Not\u00edcias\",\"@id\":\"https:\/\/www.suno.com.br\/noticias\/#\/schema\/person\/c1b1bd3727fa852bd045e9dbff3673ea\"},\"headline\":\"D\u00f3lar dispara ao maior n\u00edvel em um m\u00eas, ap\u00f3s falas de dirigente do Fed sobre juros\",\"datePublished\":\"2024-01-16T22:20:51+00:00\",\"dateModified\":\"2024-01-16T22:20:55+00:00\",\"mainEntityOfPage\":{\"@id\":\"https:\/\/www.suno.com.br\/noticias\/dolar-sobe-ao-maior-nivel-em-1-mes\/\"},\"wordCount\":464,\"publisher\":{\"@id\":\"https:\/\/www.suno.com.br\/noticias\/#organization\"},\"image\":{\"@id\":\"https:\/\/www.suno.com.br\/noticias\/dolar-sobe-ao-maior-nivel-em-1-mes\/#primaryimage\"},\"thumbnailUrl\":\"https:\/\/files.sunoresearch.com.br\/n\/uploads\/2021\/03\/5f9e5d9c-dollar-2322785_1280-jpg.webp\",\"keywords\":[\"d\u00f3lar\",\"d\u00f3lar futuro\"],\"articleSection\":[\"Mercado\"],\"inLanguage\":\"pt-BR\"},{\"@type\":\"WebPage\",\"@id\":\"https:\/\/www.suno.com.br\/noticias\/dolar-sobe-ao-maior-nivel-em-1-mes\/\",\"url\":\"https:\/\/www.suno.com.br\/noticias\/dolar-sobe-ao-maior-nivel-em-1-mes\/\",\"name\":\"D\u00f3lar sobe ao maior n\u00edvel em 1 m\u00eas, ap\u00f3s falas de dirigente do Fed\",\"isPartOf\":{\"@id\":\"https:\/\/www.suno.com.br\/noticias\/#website\"},\"primaryImageOfPage\":{\"@id\":\"https:\/\/www.suno.com.br\/noticias\/dolar-sobe-ao-maior-nivel-em-1-mes\/#primaryimage\"},\"image\":{\"@id\":\"https:\/\/www.suno.com.br\/noticias\/dolar-sobe-ao-maior-nivel-em-1-mes\/#primaryimage\"},\"thumbnailUrl\":\"https:\/\/files.sunoresearch.com.br\/n\/uploads\/2021\/03\/5f9e5d9c-dollar-2322785_1280-jpg.webp\",\"datePublished\":\"2024-01-16T22:20:51+00:00\",\"dateModified\":\"2024-01-16T22:20:55+00:00\",\"description\":\"O d\u00f3lar \u00e0 vista subiu 1,22%, a R$ 4,9256, mas na m\u00e1xima intradia atingiu R$ 4,9333 (+1,37%). Foi a maior cota\u00e7\u00e3o em um m\u00eas.\",\"breadcrumb\":{\"@id\":\"https:\/\/www.suno.com.br\/noticias\/dolar-sobe-ao-maior-nivel-em-1-mes\/#breadcrumb\"},\"inLanguage\":\"pt-BR\",\"potentialAction\":[{\"@type\":\"ReadAction\",\"target\":[\"https:\/\/www.suno.com.br\/noticias\/dolar-sobe-ao-maior-nivel-em-1-mes\/\"]}]},{\"@type\":\"ImageObject\",\"inLanguage\":\"pt-BR\",\"@id\":\"https:\/\/www.suno.com.br\/noticias\/dolar-sobe-ao-maior-nivel-em-1-mes\/#primaryimage\",\"url\":\"https:\/\/files.sunoresearch.com.br\/n\/uploads\/2021\/03\/5f9e5d9c-dollar-2322785_1280-jpg.webp\",\"contentUrl\":\"https:\/\/files.sunoresearch.com.br\/n\/uploads\/2021\/03\/5f9e5d9c-dollar-2322785_1280-jpg.webp\",\"width\":1280,\"height\":849,\"caption\":\"D\u00f3lar. Foto: Pixabay\"},{\"@type\":\"BreadcrumbList\",\"@id\":\"https:\/\/www.suno.com.br\/noticias\/dolar-sobe-ao-maior-nivel-em-1-mes\/#breadcrumb\",\"itemListElement\":[{\"@type\":\"ListItem\",\"position\":1,\"name\":\"Not\u00edcias\",\"item\":\"https:\/\/www.suno.com.br\/noticias\/\"},{\"@type\":\"ListItem\",\"position\":2,\"name\":\"Mercado\",\"item\":\"https:\/\/www.suno.com.br\/noticias\/mercado\/\"},{\"@type\":\"ListItem\",\"position\":3,\"name\":\"D\u00f3lar dispara ao maior n\u00edvel em um m\u00eas, ap\u00f3s falas de dirigente do Fed sobre juros\"}]},{\"@type\":\"WebSite\",\"@id\":\"https:\/\/www.suno.com.br\/noticias\/#website\",\"url\":\"https:\/\/www.suno.com.br\/noticias\/\",\"name\":\"Suno Not\u00edcias\",\"description\":\"Seu portal de informa\u00e7\u00e3o sobre o mundo dos investimentos\",\"publisher\":{\"@id\":\"https:\/\/www.suno.com.br\/noticias\/#organization\"},\"potentialAction\":[{\"@type\":\"SearchAction\",\"target\":{\"@type\":\"EntryPoint\",\"urlTemplate\":\"https:\/\/www.suno.com.br\/noticias\/?s={search_term_string}\"},\"query-input\":{\"@type\":\"PropertyValueSpecification\",\"valueRequired\":true,\"valueName\":\"search_term_string\"}}],\"inLanguage\":\"pt-BR\"},{\"@type\":\"Organization\",\"@id\":\"https:\/\/www.suno.com.br\/noticias\/#organization\",\"name\":\"Suno Not\u00edcias\",\"url\":\"https:\/\/www.suno.com.br\/noticias\/\",\"logo\":{\"@type\":\"ImageObject\",\"inLanguage\":\"pt-BR\",\"@id\":\"https:\/\/www.suno.com.br\/noticias\/#\/schema\/logo\/image\/\",\"url\":\"https:\/\/files.sunoresearch.com.br\/n\/uploads\/2021\/09\/suno-logo.png\",\"contentUrl\":\"https:\/\/files.sunoresearch.com.br\/n\/uploads\/2021\/09\/suno-logo.png\",\"width\":180,\"height\":180,\"caption\":\"Suno Not\u00edcias\"},\"image\":{\"@id\":\"https:\/\/www.suno.com.br\/noticias\/#\/schema\/logo\/image\/\"},\"sameAs\":[\"https:\/\/facebook.com\/sunoresearch\",\"https:\/\/x.com\/sunoresearch\",\"https:\/\/www.instagram.com\/suno\",\"https:\/\/www.linkedin.com\/company\/suno-research\/\",\"https:\/\/www.youtube.com\/c\/sunoresearch\"]},{\"@type\":\"Person\",\"@id\":\"https:\/\/www.suno.com.br\/noticias\/#\/schema\/person\/c1b1bd3727fa852bd045e9dbff3673ea\",\"name\":\"Reda\u00e7\u00e3o Suno Not\u00edcias\",\"image\":{\"@type\":\"ImageObject\",\"inLanguage\":\"pt-BR\",\"@id\":\"https:\/\/www.suno.com.br\/noticias\/#\/schema\/person\/image\/\",\"url\":\"https:\/\/secure.gravatar.com\/avatar\/b8104b9b5a71985d5238ee59fbe418af?s=96&r=g\",\"contentUrl\":\"https:\/\/secure.gravatar.com\/avatar\/b8104b9b5a71985d5238ee59fbe418af?s=96&r=g\",\"caption\":\"Reda\u00e7\u00e3o Suno Not\u00edcias\"},\"description\":\"O Suno Not\u00edcias \u00e9 um portal de informa\u00e7\u00f5es sobre Mercado Financeiro, Pol\u00edtica, Neg\u00f3cios, Economia e Finan\u00e7as Pessoais.\",\"sameAs\":[\"https:\/\/www.suno.com.br\/noticias\",\"https:\/\/www.facebook.com\/sunonoticias\/\",\"https:\/\/www.instagram.com\/sunonoticias\/\",\"https:\/\/x.com\/https:\/\/twitter.com\/sunoresearch\",\"https:\/\/www.youtube.com\/sunonoticias\"],\"url\":\"https:\/\/www.suno.com.br\/noticias\/author\/redacao-suno\/\"}]}<\/script>\n<!-- \/ Yoast SEO plugin. -->","yoast_head_json":{"title":"D\u00f3lar sobe ao maior n\u00edvel em 1 m\u00eas, ap\u00f3s falas de dirigente do Fed","description":"O d\u00f3lar \u00e0 vista subiu 1,22%, a R$ 4,9256, mas na m\u00e1xima intradia atingiu R$ 4,9333 (+1,37%). Foi a maior cota\u00e7\u00e3o em um m\u00eas.","robots":{"index":"index","follow":"follow","max-snippet":"max-snippet:-1","max-image-preview":"max-image-preview:large","max-video-preview":"max-video-preview:-1"},"canonical":"https:\/\/www.suno.com.br\/noticias\/dolar-sobe-ao-maior-nivel-em-1-mes\/","og_locale":"pt_BR","og_type":"article","og_title":"D\u00f3lar sobe ao maior n\u00edvel em 1 m\u00eas, ap\u00f3s falas de dirigente do Fed","og_description":"O d\u00f3lar \u00e0 vista subiu 1,22%, a R$ 4,9256, mas na m\u00e1xima intradia atingiu R$ 4,9333 (+1,37%). Foi a maior cota\u00e7\u00e3o em um m\u00eas.","og_url":"https:\/\/www.suno.com.br\/noticias\/dolar-sobe-ao-maior-nivel-em-1-mes\/","og_site_name":"Suno Not\u00edcias","article_publisher":"https:\/\/facebook.com\/sunoresearch","article_author":"https:\/\/www.facebook.com\/sunonoticias\/","og_image":[{"width":1280,"height":849,"url":"https:\/\/files.sunoresearch.com.br\/n\/uploads\/2021\/03\/5f9e5d9c-dollar-2322785_1280.jpg","type":"image\/jpeg"}],"author":"Reda\u00e7\u00e3o Suno Not\u00edcias","twitter_card":"summary_large_image","twitter_creator":"@https:\/\/twitter.com\/sunoresearch","twitter_site":"@sunoresearch","twitter_misc":{"Escrito por":"Reda\u00e7\u00e3o Suno Not\u00edcias","Est. tempo de leitura":"3 minutos"},"schema":{"@context":"https:\/\/schema.org","@graph":[{"@type":"NewsArticle","@id":"https:\/\/www.suno.com.br\/noticias\/dolar-sobe-ao-maior-nivel-em-1-mes\/#article","isPartOf":{"@id":"https:\/\/www.suno.com.br\/noticias\/dolar-sobe-ao-maior-nivel-em-1-mes\/"},"author":{"name":"Reda\u00e7\u00e3o Suno Not\u00edcias","@id":"https:\/\/www.suno.com.br\/noticias\/#\/schema\/person\/c1b1bd3727fa852bd045e9dbff3673ea"},"headline":"D\u00f3lar dispara ao maior n\u00edvel em um m\u00eas, ap\u00f3s falas de dirigente do Fed sobre juros","datePublished":"2024-01-16T22:20:51+00:00","dateModified":"2024-01-16T22:20:55+00:00","mainEntityOfPage":{"@id":"https:\/\/www.suno.com.br\/noticias\/dolar-sobe-ao-maior-nivel-em-1-mes\/"},"wordCount":464,"publisher":{"@id":"https:\/\/www.suno.com.br\/noticias\/#organization"},"image":{"@id":"https:\/\/www.suno.com.br\/noticias\/dolar-sobe-ao-maior-nivel-em-1-mes\/#primaryimage"},"thumbnailUrl":"https:\/\/files.sunoresearch.com.br\/n\/uploads\/2021\/03\/5f9e5d9c-dollar-2322785_1280-jpg.webp","keywords":["d\u00f3lar","d\u00f3lar futuro"],"articleSection":["Mercado"],"inLanguage":"pt-BR"},{"@type":"WebPage","@id":"https:\/\/www.suno.com.br\/noticias\/dolar-sobe-ao-maior-nivel-em-1-mes\/","url":"https:\/\/www.suno.com.br\/noticias\/dolar-sobe-ao-maior-nivel-em-1-mes\/","name":"D\u00f3lar sobe ao maior n\u00edvel em 1 m\u00eas, ap\u00f3s falas de dirigente do Fed","isPartOf":{"@id":"https:\/\/www.suno.com.br\/noticias\/#website"},"primaryImageOfPage":{"@id":"https:\/\/www.suno.com.br\/noticias\/dolar-sobe-ao-maior-nivel-em-1-mes\/#primaryimage"},"image":{"@id":"https:\/\/www.suno.com.br\/noticias\/dolar-sobe-ao-maior-nivel-em-1-mes\/#primaryimage"},"thumbnailUrl":"https:\/\/files.sunoresearch.com.br\/n\/uploads\/2021\/03\/5f9e5d9c-dollar-2322785_1280-jpg.webp","datePublished":"2024-01-16T22:20:51+00:00","dateModified":"2024-01-16T22:20:55+00:00","description":"O d\u00f3lar \u00e0 vista subiu 1,22%, a R$ 4,9256, mas na m\u00e1xima intradia atingiu R$ 4,9333 (+1,37%). Foi a maior cota\u00e7\u00e3o em um m\u00eas.","breadcrumb":{"@id":"https:\/\/www.suno.com.br\/noticias\/dolar-sobe-ao-maior-nivel-em-1-mes\/#breadcrumb"},"inLanguage":"pt-BR","potentialAction":[{"@type":"ReadAction","target":["https:\/\/www.suno.com.br\/noticias\/dolar-sobe-ao-maior-nivel-em-1-mes\/"]}]},{"@type":"ImageObject","inLanguage":"pt-BR","@id":"https:\/\/www.suno.com.br\/noticias\/dolar-sobe-ao-maior-nivel-em-1-mes\/#primaryimage","url":"https:\/\/files.sunoresearch.com.br\/n\/uploads\/2021\/03\/5f9e5d9c-dollar-2322785_1280-jpg.webp","contentUrl":"https:\/\/files.sunoresearch.com.br\/n\/uploads\/2021\/03\/5f9e5d9c-dollar-2322785_1280-jpg.webp","width":1280,"height":849,"caption":"D\u00f3lar. Foto: Pixabay"},{"@type":"BreadcrumbList","@id":"https:\/\/www.suno.com.br\/noticias\/dolar-sobe-ao-maior-nivel-em-1-mes\/#breadcrumb","itemListElement":[{"@type":"ListItem","position":1,"name":"Not\u00edcias","item":"https:\/\/www.suno.com.br\/noticias\/"},{"@type":"ListItem","position":2,"name":"Mercado","item":"https:\/\/www.suno.com.br\/noticias\/mercado\/"},{"@type":"ListItem","position":3,"name":"D\u00f3lar dispara ao maior n\u00edvel em um m\u00eas, ap\u00f3s falas de dirigente do Fed sobre juros"}]},{"@type":"WebSite","@id":"https:\/\/www.suno.com.br\/noticias\/#website","url":"https:\/\/www.suno.com.br\/noticias\/","name":"Suno Not\u00edcias","description":"Seu portal de informa\u00e7\u00e3o sobre o mundo dos investimentos","publisher":{"@id":"https:\/\/www.suno.com.br\/noticias\/#organization"},"potentialAction":[{"@type":"SearchAction","target":{"@type":"EntryPoint","urlTemplate":"https:\/\/www.suno.com.br\/noticias\/?s={search_term_string}"},"query-input":{"@type":"PropertyValueSpecification","valueRequired":true,"valueName":"search_term_string"}}],"inLanguage":"pt-BR"},{"@type":"Organization","@id":"https:\/\/www.suno.com.br\/noticias\/#organization","name":"Suno Not\u00edcias","url":"https:\/\/www.suno.com.br\/noticias\/","logo":{"@type":"ImageObject","inLanguage":"pt-BR","@id":"https:\/\/www.suno.com.br\/noticias\/#\/schema\/logo\/image\/","url":"https:\/\/files.sunoresearch.com.br\/n\/uploads\/2021\/09\/suno-logo.png","contentUrl":"https:\/\/files.sunoresearch.com.br\/n\/uploads\/2021\/09\/suno-logo.png","width":180,"height":180,"caption":"Suno Not\u00edcias"},"image":{"@id":"https:\/\/www.suno.com.br\/noticias\/#\/schema\/logo\/image\/"},"sameAs":["https:\/\/facebook.com\/sunoresearch","https:\/\/x.com\/sunoresearch","https:\/\/www.instagram.com\/suno","https:\/\/www.linkedin.com\/company\/suno-research\/","https:\/\/www.youtube.com\/c\/sunoresearch"]},{"@type":"Person","@id":"https:\/\/www.suno.com.br\/noticias\/#\/schema\/person\/c1b1bd3727fa852bd045e9dbff3673ea","name":"Reda\u00e7\u00e3o Suno Not\u00edcias","image":{"@type":"ImageObject","inLanguage":"pt-BR","@id":"https:\/\/www.suno.com.br\/noticias\/#\/schema\/person\/image\/","url":"https:\/\/secure.gravatar.com\/avatar\/b8104b9b5a71985d5238ee59fbe418af?s=96&r=g","contentUrl":"https:\/\/secure.gravatar.com\/avatar\/b8104b9b5a71985d5238ee59fbe418af?s=96&r=g","caption":"Reda\u00e7\u00e3o Suno Not\u00edcias"},"description":"O Suno Not\u00edcias \u00e9 um portal de informa\u00e7\u00f5es sobre Mercado Financeiro, Pol\u00edtica, Neg\u00f3cios, Economia e Finan\u00e7as Pessoais.","sameAs":["https:\/\/www.suno.com.br\/noticias","https:\/\/www.facebook.com\/sunonoticias\/","https:\/\/www.instagram.com\/sunonoticias\/","https:\/\/x.com\/https:\/\/twitter.com\/sunoresearch","https:\/\/www.youtube.com\/sunonoticias"],"url":"https:\/\/www.suno.com.br\/noticias\/author\/redacao-suno\/"}]}},"default_loop_html":"<div class=\"cardsPage__listCard__boxs\"><div class=\"cardsPage__listCard__boxs__img\"><a href=\"https:\/\/www.suno.com.br\/noticias\/dolar-sobe-ao-maior-nivel-em-1-mes\/\"><img class=\"mask\" src=\"https:\/\/www.suno.com.br\/noticias\/wp-content\/themes\/suno\/resources\/images\/spotlight\/spotlight1img\/bg-mask.png\" alt=\"Image Mask\"\/><img src=\"https:\/\/files.sunoresearch.com.br\/n\/uploads\/2021\/03\/5f9e5d9c-dollar-2322785_1280-400x200.webp\" alt=\"D\u00f3lar dispara ao maior n\u00edvel em um m\u00eas, ap\u00f3s falas de dirigente do Fed sobre juros\"\/><\/a><span class=\"spotlightCategory\"><a href=\"https:\/\/www.suno.com.br\/noticias\/mercado\/\">Mercado<\/a><\/span><\/div><div class=\"cardsPage__listCard__boxs__content\"><a href=\"https:\/\/www.suno.com.br\/noticias\/dolar-sobe-ao-maior-nivel-em-1-mes\/\"><h2 class=\"content__title\">D\u00f3lar dispara ao maior n\u00edvel em um m\u00eas, ap\u00f3s falas de dirigente do Fed sobre juros<\/h2><\/a><div class=\"newsContent__article__meta\"><div class=\"newsContent__article__meta__authorBox\"><a href=\"https:\/\/www.suno.com.br\/noticias\/author\/redacao-suno\/\" class=\"authorBox__avatar noMobi\"><img src=\"https:\/\/files.sunoresearch.com.br\/n\/uploads\/2020\/08\/0ace682d-redacao-1-150x150.webp\" alt=\"Reda\u00e7\u00e3o Suno Not\u00edcias\"><\/a><div class=\"authorBox__name\"><span>por\n\t\t\t<a href=\"https:\/\/www.suno.com.br\/noticias\/author\/redacao-suno\/\"><span itemprop=\"author\">Reda\u00e7\u00e3o Suno Not\u00edcias<\/span><\/a><\/span><time datetime=\"2024-01-16T19:20:51-03:00\" itemprop=\"datePublished\">16\/01\/2024 19:20<\/time><\/div><\/div><\/div><\/div><\/div>","single_layout":"posts","amp_enabled":true,"_links":{"self":[{"href":"https:\/\/www.suno.com.br\/noticias\/wp-json\/wp\/v2\/posts\/511624"}],"collection":[{"href":"https:\/\/www.suno.com.br\/noticias\/wp-json\/wp\/v2\/posts"}],"about":[{"href":"https:\/\/www.suno.com.br\/noticias\/wp-json\/wp\/v2\/types\/post"}],"author":[{"embeddable":true,"href":"https:\/\/www.suno.com.br\/noticias\/wp-json\/wp\/v2\/users\/43"}],"replies":[{"embeddable":true,"href":"https:\/\/www.suno.com.br\/noticias\/wp-json\/wp\/v2\/comments?post=511624"}],"version-history":[{"count":2,"href":"https:\/\/www.suno.com.br\/noticias\/wp-json\/wp\/v2\/posts\/511624\/revisions"}],"predecessor-version":[{"id":511651,"href":"https:\/\/www.suno.com.br\/noticias\/wp-json\/wp\/v2\/posts\/511624\/revisions\/511651"}],"wp:featuredmedia":[{"embeddable":true,"href":"https:\/\/www.suno.com.br\/noticias\/wp-json\/wp\/v2\/media\/135092"}],"wp:attachment":[{"href":"https:\/\/www.suno.com.br\/noticias\/wp-json\/wp\/v2\/media?parent=511624"}],"wp:term":[{"taxonomy":"category","embeddable":true,"href":"https:\/\/www.suno.com.br\/noticias\/wp-json\/wp\/v2\/categories?post=511624"},{"taxonomy":"post_tag","embeddable":true,"href":"https:\/\/www.suno.com.br\/noticias\/wp-json\/wp\/v2\/tags?post=511624"},{"taxonomy":"suno_strategy","embeddable":true,"href":"https:\/\/www.suno.com.br\/noticias\/wp-json\/wp\/v2\/suno_strategy?post=511624"}],"curies":[{"name":"wp","href":"https:\/\/api.w.org\/{rel}","templated":true}]}}