{"id":511240,"date":"2024-01-16T10:43:23","date_gmt":"2024-01-16T13:43:23","guid":{"rendered":"https:\/\/www.suno.com.br\/noticias\/?p=511240"},"modified":"2024-01-16T10:43:31","modified_gmt":"2024-01-16T13:43:31","slug":"guido-mantega-conselho-vale-gpj","status":"publish","type":"post","link":"https:\/\/www.suno.com.br\/noticias\/guido-mantega-conselho-vale-gpj\/","title":{"rendered":"Guido Mantega na Vale (VALE3)? Governo trabalha para colocar ex-ministro no conselho, diz jornal"},"content":{"rendered":"<p>O presidente Lula trabalha para acomodar o ex-ministro <strong>Guido Mantega<\/strong>, titular do <a href=\"https:\/\/www.suno.com.br\/artigos\/ministerio-da-fazenda\/\">Minist\u00e9rio da Fazenda<\/a> de 2006 a 2014, no <a href=\"https:\/\/www.suno.com.br\/artigos\/conselho-administracao\/\">conselho de administra\u00e7\u00e3o<\/a> da <a href=\"https:\/\/www.suno.com.br\/acoes\/VALE3\/\">Vale (VALE3)<\/a>, ex-estatal privatizada h\u00e1 26 anos, segundo o Estad\u00e3o.<\/p>\t<div class=\"wrapper-featured-image\">\n\t\t<figure class=\"spotlightImg\">\n\n\t\t\t<picture>\n\t\t\t\t<source media=\"(max-width: 768px)\" srcset=\"https:\/\/files.sunoresearch.com.br\/n\/uploads\/2022\/01\/Guido-Mantega-400x200.jpg\">\n\t\t\t\t<img loading=\"lazy\" decoding=\"async\" class=\"newsContent__article__imgCapa lazyloadDisabled \" src=\"https:\/\/files.sunoresearch.com.br\/n\/uploads\/2022\/01\/Guido-Mantega-800x450.jpg\" width=\"800\" height=\"450\" alt=\"Guido Mantega na Vale (VALE3)? Governo trabalha para colocar ex-ministro no conselho, diz jornal\" fetchpriority=high \/>\n\t\t\t<\/picture>\n\n\t\t\t<figcaption class=\"wp-caption-text wp-caption-text--show\">Guido Mantega. Foto: Fabio Rodrigues Pozzebom\/Ag\u00eancia Brasil<\/figcaption>\n\t\t<\/figure>\n\t<\/div>\n\n\n\n\n\n\n\n\t<p>\n\t\t<a href=\"\" target=\"_blank\" data-element=\"shortcode-suno-banner\" title=\"Banner SUNO, clique e saiba mais\">\n\t\t\t<picture>\n\t\t\t\t<source media=\"(max-width: 500px)\" srcset=\"\">\n\t\t\t\t<img class=\"newsContent__article__imgCapa newsContent__article__imgCapa--banner\"\n\t\t\t\t\tsrc=\"\"\n\t\t\t\t\tdata-promo-id=\"250706\"\t\t\t\t\t\t\t\t\t\t\t\t\t\t\talt=\"\"\n\t\t\t\t>\n\t\t\t<\/picture>\n\t\t<\/a>\n\t<\/p>\n\n\n\n\n\n<p>Segundo a publica\u00e7\u00e3o, o arranjo foi elaborado \u00e0s v\u00e9speras da sucess\u00e3o na companhia: no fim deste m\u00eas, o <strong>conselho de administra\u00e7\u00e3o da Vale<\/strong> decidir\u00e1 se reconduz o atual presidente, <strong>Eduardo Bartolomeo<\/strong>, que j\u00e1 declarou ter a inten\u00e7\u00e3o de permanecer no cargo.<\/p>\n\n\n\n<p>Ainda de acordo com o Estad\u00e3o, o governo, que ainda tem influ\u00eancia na empresa, concorda em manter Bartolomeo na <strong>presid\u00eancia da Vale<\/strong> e renovar o seu mandato por mais um ano, at\u00e9 abril de 2025. <\/p>\n\n\n\n<p>Guido <strong>Mantega<\/strong>, cujo nome <strong>Lula<\/strong> tentou\u00a0emplacar para dirigir a <strong>Vale<\/strong> no ano passado, seria ent\u00e3o acomodado em um dos assentos da <strong>Previ<\/strong>\u00a0no conselho de administra\u00e7\u00e3o, acrescenta o jornal. Auxiliares do presidente afirmam que, desde que chegou ao Pal\u00e1cio do Planalto, Lula fala em retribuir Mantega pelos trabalhos prestados ao <strong>Partido dos Trabalhadores <\/strong>(<strong>PT<\/strong>).<\/p>\n\n\n\n<p>Se a investida prosperar, diz o Estad\u00e3o, o ex-ministro ter\u00e1 uma remunera\u00e7\u00e3o aproximada de R$ 100 mil por m\u00eas. O trabalho prev\u00ea uma reuni\u00e3o ordin\u00e1ria mensal e a atua\u00e7\u00e3o obrigat\u00f3ria em dois comit\u00eas internos.<\/p>\n\n\n\n\t<div data-element=\"shortcode-read-more\" class=\"readToo\">\n\t\t\t\t<span class=\"readToo__title\">Leia mais<\/span>\n\t\t\t\t<ul class=\"readToo__list\">\n\t\t\t<li><a href=\"https:\/\/www.suno.com.br\/noticias\/csn-finaliza-acordo-panatlantica-gpj\/\">CSN (CSNA3) finaliza acordo com a Panatl\u00e2ntica (PATI3); saiba mais<\/a><\/li><li><a href=\"https:\/\/www.suno.com.br\/noticias\/americanas-associacao-concorrente-gpj\/\">Americanas (AMER3) considera associa\u00e7\u00e3o com concorrente para amenizar crise, diz jornal<\/a><\/li><li><a href=\"https:\/\/www.suno.com.br\/noticias\/gol-negocia-credores-avalia-aporte-gpj\/\">Gol (GOLL4) diz que negocia com credores e avalia aporte de capital<\/a><\/li>\t\t<\/ul>\n\t<\/div>\n\n\n\n\t<p>\n\t\t<a href=\"https:\/\/lp.suno.com.br\/ebook-como-analisar-uma-acao\/\" target=\"_blank\" data-element=\"shortcode-suno-banner\" title=\"Banner SUNO, clique e saiba mais\">\n\t\t\t<picture>\n\t\t\t\t<source media=\"(max-width: 500px)\" srcset=\"https:\/\/files.sunoresearch.com.br\/n\/uploads\/2023\/03\/Ebook-Acoes-Mobile.jpg\">\n\t\t\t\t<img class=\"newsContent__article__imgCapa newsContent__article__imgCapa--banner\"\n\t\t\t\t\tsrc=\"https:\/\/files.sunoresearch.com.br\/n\/uploads\/2023\/03\/Ebook-Acoes-Desktop.jpg\"\n\t\t\t\t\tdata-promo-id=\"378302\"\t\t\t\t\t\t\t\t\t\twidth='1420' height='286'\t\t\t\t\talt=\"https:\/\/files.sunoresearch.com.br\/n\/uploads\/2023\/03\/Ebook-Acoes-Desktop.jpg\"\n\t\t\t\t>\n\t\t\t<\/picture>\n\t\t<\/a>\n\t<\/p>\n\n\n\n\n\n<h2 class=\"wp-block-heading\">Desempenho ruim no in\u00edcio do ano? Vale (VALE3) \u00e9 a preferida do BBA, que projeta recupera\u00e7\u00e3o e mais de 20% de alta nas a\u00e7\u00f5es<\/h2>\n\n\n\n<p>Na semana passada, analistas do Ita\u00fa BBA, em seu novo parecer sobre as <strong>a\u00e7\u00f5es da<\/strong>&nbsp;<strong>Vale<\/strong>, reiteraram que enxergam a companhia como sua predileta dentre o segmento de siderurgia e minera\u00e7\u00e3o \u2013 apesar de a companhia apresentar desempenho negativo no Ibovespa em 2024, com queda de 7%.<\/p>\n\n\n\n<p>O relat\u00f3rio se deu ap\u00f3s uma revis\u00e3o de modelo do&nbsp;<strong>BBA<\/strong>. A casa manteve o pre\u00e7o-alvo das&nbsp;<strong>a\u00e7\u00f5es da Vale<\/strong>&nbsp;em R$ 88 \u2013 o que implicaria em uma alta de 22% nos pap\u00e9is&nbsp;<strong><a href=\"https:\/\/statusinvest.com.br\/acoes\/vale3?__hstc=189907700.674549737edc6c0d35b513e71653f5fb.1705313334628.1705400010307.1705406462752.4&amp;__hssc=189907700.26.1705406462752&amp;__hsfp=2131422129\" target=\"_blank\" rel=\"noreferrer noopener\">VALE3<\/a><\/strong>, dada a cota\u00e7\u00e3o atual.<\/p>\n\n\n\n<p>Contudo, para as ADRs da companhia, o pre\u00e7o-alvo foi cortado de US$ 19 para US$ 18.<\/p>\n\n\n\n<p>\u201cAtualizamos nosso modelo para incorporar o novo guidance da Vale para investimentos, volumes e custos e nossas mais recentes premissas macroecon\u00f4micas e de&nbsp;<a target=\"_blank\" href=\"https:\/\/www.suno.com.br\/artigos\/custo-de-capital\/\" rel=\"noreferrer noopener\">custo de capital<\/a>, al\u00e9m da curva de pre\u00e7os de min\u00e9rio de ferro\u201d, justifica Daniel Sasson.<\/p>\n\n\n\n<p>Os especialistas destacam que o mercado de&nbsp;<strong>min\u00e9rio de ferro<\/strong>&nbsp;deve seguir relativamente apertado no&nbsp;<a href=\"https:\/\/www.suno.com.br\/artigos\/curto-prazo\/\" target=\"_blank\" rel=\"noreferrer noopener\">curto prazo<\/a>.<\/p>\n\n\n\n<p>O relat\u00f3rio se deu ap\u00f3s uma revis\u00e3o de modelo do&nbsp;<strong>BBA<\/strong>. A casa manteve o pre\u00e7o-alvo das&nbsp;<strong>a\u00e7\u00f5es da Vale<\/strong>&nbsp;em R$ 88 \u2013 o que implicaria em uma alta de 22% nos pap\u00e9is&nbsp;<strong><a href=\"https:\/\/statusinvest.com.br\/acoes\/vale3?__hstc=189907700.674549737edc6c0d35b513e71653f5fb.1705313334628.1705400010307.1705406462752.4&amp;__hssc=189907700.26.1705406462752&amp;__hsfp=2131422129\" target=\"_blank\" rel=\"noreferrer noopener\">VALE3<\/a><\/strong>, dada a cota\u00e7\u00e3o atual.<\/p>\n\n\n\n<p>Contudo, para as ADRs da companhia, o pre\u00e7o-alvo foi cortado de US$ 19 para US$ 18.<\/p>\n\n\n\n<p>\u201cAtualizamos nosso modelo para incorporar o novo guidance da Vale para investimentos, volumes e custos e nossas mais recentes premissas macroecon\u00f4micas e de&nbsp;<a target=\"_blank\" href=\"https:\/\/www.suno.com.br\/artigos\/custo-de-capital\/\" rel=\"noreferrer noopener\">custo de capital<\/a>, al\u00e9m da curva de pre\u00e7os de min\u00e9rio de ferro\u201d, justifica Daniel Sasson.<\/p>\n\n\n\n<p>Os especialistas destacam que o mercado de&nbsp;<strong>min\u00e9rio de ferro<\/strong>&nbsp;deve seguir relativamente apertado no&nbsp;<a href=\"https:\/\/www.suno.com.br\/artigos\/curto-prazo\/\" target=\"_blank\" rel=\"noreferrer noopener\">curto prazo<\/a>.<\/p>\n\n\n\n<p>\u201cOs pre\u00e7os do min\u00e9rio de ferro t\u00eam oscilado em cerca de US$ 130 a 140 por tonelada nas \u00faltimas semanas, apoiado pelas expectativas de aumento no consumo de a\u00e7o e demanda na China ap\u00f3s o an\u00fancio de dois pacotes de est\u00edmulo no pa\u00eds\u201d.<\/p>\n\n\n\n<p>O BBA ressalta que, juntos, os dois pacotes dever\u00e3o totalizar cerca de 2 trilh\u00f5es de yuans (ou cerca de US$ 280 bilh\u00f5es), o que poderia compensar uma recupera\u00e7\u00e3o lenta do mercado.<\/p>\n\n\n\n<p>\u201cEm suma, prevemos uma din\u00e2mica de\u00a0<a href=\"https:\/\/www.suno.com.br\/artigos\/oferta-demanda\/\" target=\"_blank\" rel=\"noreferrer noopener\">oferta e demanda<\/a>\u00a0um tanto restrita para a ind\u00fastria de min\u00e9rio de ferro entrando em 2024, com produ\u00e7\u00e3o sazonalmente mais fraca no 1T24 e produ\u00e7\u00e3o de a\u00e7o ainda resiliente na China\u201d conclui a casa sobre as a\u00e7\u00f5es da Vale, que pode ter o ex-ministro <strong>Guido Mantega<\/strong> como conselheiro.<\/p>\n\n\n\t<p>\n\t\t<a href=\"https:\/\/lp.suno.com.br\/plataforma-de-controle-de-investimentos\/\" target=\"_blank\" data-element=\"shortcode-suno-banner\" title=\"Banner SUNO, clique e saiba mais\">\n\t\t\t<picture>\n\t\t\t\t<source media=\"(max-width: 500px)\" srcset=\"https:\/\/files.sunoresearch.com.br\/n\/uploads\/2023\/03\/400x300-Controle-de-Investimentos.png\">\n\t\t\t\t<img class=\"newsContent__article__imgCapa newsContent__article__imgCapa--banner\"\n\t\t\t\t\tsrc=\"https:\/\/files.sunoresearch.com.br\/n\/uploads\/2023\/03\/1420x240-Controle-de-Investimentos.png\"\n\t\t\t\t\tdata-promo-id=\"383162\"\t\t\t\t\t\t\t\t\t\twidth='1420' height='240'\t\t\t\t\talt=\"https:\/\/files.sunoresearch.com.br\/n\/uploads\/2023\/03\/1420x240-Controle-de-Investimentos.png\"\n\t\t\t\t>\n\t\t\t<\/picture>\n\t\t<\/a>\n\t<\/p>\n\n\n","protected":false},"excerpt":{"rendered":"<p>O presidente Lula trabalha para acomodar o ex-ministro Guido Mantega, titular do Minist\u00e9rio da Fazenda de 2006 a 2014, no conselho de administra\u00e7\u00e3o da Vale (VALE3), ex-estatal privatizada h\u00e1 26 anos, segundo o Estad\u00e3o. Guido Mantega. Foto: Fabio Rodrigues Pozzebom\/Ag\u00eancia Brasil Segundo a publica\u00e7\u00e3o, o arranjo foi elaborado \u00e0s v\u00e9speras da sucess\u00e3o na companhia: no [&hellip;]<\/p>\n","protected":false},"author":313,"featured_media":218841,"comment_status":"closed","ping_status":"closed","sticky":false,"template":"","format":"standard","meta":[],"categories":[64],"tags":[676],"suno_strategy":[],"class_list":["post-511240","post","type-post","status-publish","format-standard","has-post-thumbnail","hentry","category-negocios","tag-vale-vale3"],"yoast_head":"<!-- This site is optimized with the Yoast SEO plugin v24.4 - https:\/\/yoast.com\/wordpress\/plugins\/seo\/ -->\n<title>Guido Mantega pode entrar no conselho de administra\u00e7\u00e3o da Vale?<\/title>\n<meta name=\"description\" content=\"Jornal diz que o governo Lula tenta emplacar o nome de Guido Mantega, ex-ministro da Fazenda de 2006 a 2014, para dirigir a Vale (VALE3).\" \/>\n<meta name=\"robots\" content=\"index, follow, max-snippet:-1, max-image-preview:large, max-video-preview:-1\" \/>\n<link rel=\"canonical\" href=\"https:\/\/www.suno.com.br\/noticias\/guido-mantega-conselho-vale-gpj\/\" \/>\n<meta property=\"og:locale\" content=\"pt_BR\" \/>\n<meta property=\"og:type\" content=\"article\" \/>\n<meta property=\"og:title\" content=\"Guido Mantega pode entrar no conselho de administra\u00e7\u00e3o da Vale?\" \/>\n<meta property=\"og:description\" content=\"Jornal diz que o governo Lula tenta emplacar o nome de Guido Mantega, ex-ministro da Fazenda de 2006 a 2014, para dirigir a Vale (VALE3).\" \/>\n<meta property=\"og:url\" content=\"https:\/\/www.suno.com.br\/noticias\/guido-mantega-conselho-vale-gpj\/\" \/>\n<meta property=\"og:site_name\" content=\"Suno Not\u00edcias\" \/>\n<meta property=\"article:publisher\" content=\"https:\/\/facebook.com\/sunoresearch\" \/>\n<meta property=\"og:image\" content=\"https:\/\/files.sunoresearch.com.br\/n\/uploads\/2022\/01\/Guido-Mantega-scaled.jpg\" \/>\n\t<meta property=\"og:image:width\" content=\"2560\" \/>\n\t<meta property=\"og:image:height\" content=\"1704\" \/>\n\t<meta property=\"og:image:type\" content=\"image\/jpeg\" \/>\n<meta name=\"author\" content=\"Giovanni Porf\u00edrio Jacomino\" \/>\n<meta name=\"twitter:card\" content=\"summary_large_image\" \/>\n<meta name=\"twitter:creator\" content=\"@sunoresearch\" \/>\n<meta name=\"twitter:site\" content=\"@sunoresearch\" \/>\n<meta name=\"twitter:label1\" content=\"Escrito por\" \/>\n\t<meta name=\"twitter:data1\" content=\"Giovanni Porf\u00edrio Jacomino\" \/>\n\t<meta name=\"twitter:label2\" content=\"Est. tempo de leitura\" \/>\n\t<meta name=\"twitter:data2\" content=\"4 minutos\" \/>\n<script type=\"application\/ld+json\" class=\"yoast-schema-graph\">{\"@context\":\"https:\/\/schema.org\",\"@graph\":[{\"@type\":\"NewsArticle\",\"@id\":\"https:\/\/www.suno.com.br\/noticias\/guido-mantega-conselho-vale-gpj\/#article\",\"isPartOf\":{\"@id\":\"https:\/\/www.suno.com.br\/noticias\/guido-mantega-conselho-vale-gpj\/\"},\"author\":{\"name\":\"Giovanni Porf\u00edrio Jacomino\",\"@id\":\"https:\/\/www.suno.com.br\/noticias\/#\/schema\/person\/d0f32748bbca4bee871fa191ee4e2d40\"},\"headline\":\"Guido Mantega na Vale (VALE3)? Governo trabalha para colocar ex-ministro no conselho, diz jornal\",\"datePublished\":\"2024-01-16T13:43:23+00:00\",\"dateModified\":\"2024-01-16T13:43:31+00:00\",\"mainEntityOfPage\":{\"@id\":\"https:\/\/www.suno.com.br\/noticias\/guido-mantega-conselho-vale-gpj\/\"},\"wordCount\":706,\"publisher\":{\"@id\":\"https:\/\/www.suno.com.br\/noticias\/#organization\"},\"image\":{\"@id\":\"https:\/\/www.suno.com.br\/noticias\/guido-mantega-conselho-vale-gpj\/#primaryimage\"},\"thumbnailUrl\":\"https:\/\/files.sunoresearch.com.br\/n\/uploads\/2022\/01\/Guido-Mantega-scaled.jpg\",\"keywords\":[\"Vale (VALE3)\"],\"articleSection\":[\"Neg\u00f3cios\"],\"inLanguage\":\"pt-BR\"},{\"@type\":\"WebPage\",\"@id\":\"https:\/\/www.suno.com.br\/noticias\/guido-mantega-conselho-vale-gpj\/\",\"url\":\"https:\/\/www.suno.com.br\/noticias\/guido-mantega-conselho-vale-gpj\/\",\"name\":\"Guido Mantega pode entrar no conselho de administra\u00e7\u00e3o da Vale?\",\"isPartOf\":{\"@id\":\"https:\/\/www.suno.com.br\/noticias\/#website\"},\"primaryImageOfPage\":{\"@id\":\"https:\/\/www.suno.com.br\/noticias\/guido-mantega-conselho-vale-gpj\/#primaryimage\"},\"image\":{\"@id\":\"https:\/\/www.suno.com.br\/noticias\/guido-mantega-conselho-vale-gpj\/#primaryimage\"},\"thumbnailUrl\":\"https:\/\/files.sunoresearch.com.br\/n\/uploads\/2022\/01\/Guido-Mantega-scaled.jpg\",\"datePublished\":\"2024-01-16T13:43:23+00:00\",\"dateModified\":\"2024-01-16T13:43:31+00:00\",\"description\":\"Jornal diz que o governo Lula tenta emplacar o nome de Guido Mantega, ex-ministro da Fazenda de 2006 a 2014, para dirigir a Vale (VALE3).\",\"breadcrumb\":{\"@id\":\"https:\/\/www.suno.com.br\/noticias\/guido-mantega-conselho-vale-gpj\/#breadcrumb\"},\"inLanguage\":\"pt-BR\",\"potentialAction\":[{\"@type\":\"ReadAction\",\"target\":[\"https:\/\/www.suno.com.br\/noticias\/guido-mantega-conselho-vale-gpj\/\"]}]},{\"@type\":\"ImageObject\",\"inLanguage\":\"pt-BR\",\"@id\":\"https:\/\/www.suno.com.br\/noticias\/guido-mantega-conselho-vale-gpj\/#primaryimage\",\"url\":\"https:\/\/files.sunoresearch.com.br\/n\/uploads\/2022\/01\/Guido-Mantega-scaled.jpg\",\"contentUrl\":\"https:\/\/files.sunoresearch.com.br\/n\/uploads\/2022\/01\/Guido-Mantega-scaled.jpg\",\"width\":2560,\"height\":1704,\"caption\":\"Guido Mantega. Foto: Fabio Rodrigues Pozzebom\/Ag\u00eancia Brasil\"},{\"@type\":\"BreadcrumbList\",\"@id\":\"https:\/\/www.suno.com.br\/noticias\/guido-mantega-conselho-vale-gpj\/#breadcrumb\",\"itemListElement\":[{\"@type\":\"ListItem\",\"position\":1,\"name\":\"Not\u00edcias\",\"item\":\"https:\/\/www.suno.com.br\/noticias\/\"},{\"@type\":\"ListItem\",\"position\":2,\"name\":\"Neg\u00f3cios\",\"item\":\"https:\/\/www.suno.com.br\/noticias\/negocios\/\"},{\"@type\":\"ListItem\",\"position\":3,\"name\":\"Guido Mantega na Vale (VALE3)? Governo trabalha para colocar ex-ministro no conselho, diz jornal\"}]},{\"@type\":\"WebSite\",\"@id\":\"https:\/\/www.suno.com.br\/noticias\/#website\",\"url\":\"https:\/\/www.suno.com.br\/noticias\/\",\"name\":\"Suno Not\u00edcias\",\"description\":\"Seu portal de informa\u00e7\u00e3o sobre o mundo dos investimentos\",\"publisher\":{\"@id\":\"https:\/\/www.suno.com.br\/noticias\/#organization\"},\"potentialAction\":[{\"@type\":\"SearchAction\",\"target\":{\"@type\":\"EntryPoint\",\"urlTemplate\":\"https:\/\/www.suno.com.br\/noticias\/?s={search_term_string}\"},\"query-input\":{\"@type\":\"PropertyValueSpecification\",\"valueRequired\":true,\"valueName\":\"search_term_string\"}}],\"inLanguage\":\"pt-BR\"},{\"@type\":\"Organization\",\"@id\":\"https:\/\/www.suno.com.br\/noticias\/#organization\",\"name\":\"Suno Not\u00edcias\",\"url\":\"https:\/\/www.suno.com.br\/noticias\/\",\"logo\":{\"@type\":\"ImageObject\",\"inLanguage\":\"pt-BR\",\"@id\":\"https:\/\/www.suno.com.br\/noticias\/#\/schema\/logo\/image\/\",\"url\":\"https:\/\/files.sunoresearch.com.br\/n\/uploads\/2021\/09\/suno-logo.png\",\"contentUrl\":\"https:\/\/files.sunoresearch.com.br\/n\/uploads\/2021\/09\/suno-logo.png\",\"width\":180,\"height\":180,\"caption\":\"Suno Not\u00edcias\"},\"image\":{\"@id\":\"https:\/\/www.suno.com.br\/noticias\/#\/schema\/logo\/image\/\"},\"sameAs\":[\"https:\/\/facebook.com\/sunoresearch\",\"https:\/\/x.com\/sunoresearch\",\"https:\/\/www.instagram.com\/suno\",\"https:\/\/www.linkedin.com\/company\/suno-research\/\",\"https:\/\/www.youtube.com\/c\/sunoresearch\"]},{\"@type\":\"Person\",\"@id\":\"https:\/\/www.suno.com.br\/noticias\/#\/schema\/person\/d0f32748bbca4bee871fa191ee4e2d40\",\"name\":\"Giovanni Porf\u00edrio Jacomino\",\"image\":{\"@type\":\"ImageObject\",\"inLanguage\":\"pt-BR\",\"@id\":\"https:\/\/www.suno.com.br\/noticias\/#\/schema\/person\/image\/\",\"url\":\"https:\/\/secure.gravatar.com\/avatar\/efb32e19b730a121cb7a80f41ffec01a?s=96&r=g\",\"contentUrl\":\"https:\/\/secure.gravatar.com\/avatar\/efb32e19b730a121cb7a80f41ffec01a?s=96&r=g\",\"caption\":\"Giovanni Porf\u00edrio Jacomino\"},\"description\":\"Giovanni Porf\u00edrio Jacomino \u00e9 jornalista formado pela Universidade Estadual de Londrina (UEL) e p\u00f3s-graduado em Produ\u00e7\u00e3o e Pr\u00e1ticas Jornal\u00edsticas na Contemporaneidade na Faculdade C\u00e1sper L\u00edbero (FCL). Foi editor web no Startupi e no Finsiders, atuando ainda como editor no TC Mover, portal de not\u00edcias da TradersClub, fazendo a cobertura de assuntos relacionados ao mercado financeiro interno e externo. Atualmente, \u00e9 Rep\u00f3rter do Suno Not\u00edcias.\",\"url\":\"https:\/\/www.suno.com.br\/noticias\/author\/giovanni-porfiriosuno-com-br\/\"}]}<\/script>\n<!-- \/ Yoast SEO plugin. -->","yoast_head_json":{"title":"Guido Mantega pode entrar no conselho de administra\u00e7\u00e3o da Vale?","description":"Jornal diz que o governo Lula tenta emplacar o nome de Guido Mantega, ex-ministro da Fazenda de 2006 a 2014, para dirigir a Vale (VALE3).","robots":{"index":"index","follow":"follow","max-snippet":"max-snippet:-1","max-image-preview":"max-image-preview:large","max-video-preview":"max-video-preview:-1"},"canonical":"https:\/\/www.suno.com.br\/noticias\/guido-mantega-conselho-vale-gpj\/","og_locale":"pt_BR","og_type":"article","og_title":"Guido Mantega pode entrar no conselho de administra\u00e7\u00e3o da Vale?","og_description":"Jornal diz que o governo Lula tenta emplacar o nome de Guido Mantega, ex-ministro da Fazenda de 2006 a 2014, para dirigir a Vale (VALE3).","og_url":"https:\/\/www.suno.com.br\/noticias\/guido-mantega-conselho-vale-gpj\/","og_site_name":"Suno Not\u00edcias","article_publisher":"https:\/\/facebook.com\/sunoresearch","og_image":[{"width":2560,"height":1704,"url":"https:\/\/files.sunoresearch.com.br\/n\/uploads\/2022\/01\/Guido-Mantega-scaled.jpg","type":"image\/jpeg"}],"author":"Giovanni Porf\u00edrio Jacomino","twitter_card":"summary_large_image","twitter_creator":"@sunoresearch","twitter_site":"@sunoresearch","twitter_misc":{"Escrito por":"Giovanni Porf\u00edrio Jacomino","Est. tempo de leitura":"4 minutos"},"schema":{"@context":"https:\/\/schema.org","@graph":[{"@type":"NewsArticle","@id":"https:\/\/www.suno.com.br\/noticias\/guido-mantega-conselho-vale-gpj\/#article","isPartOf":{"@id":"https:\/\/www.suno.com.br\/noticias\/guido-mantega-conselho-vale-gpj\/"},"author":{"name":"Giovanni Porf\u00edrio Jacomino","@id":"https:\/\/www.suno.com.br\/noticias\/#\/schema\/person\/d0f32748bbca4bee871fa191ee4e2d40"},"headline":"Guido Mantega na Vale (VALE3)? Governo trabalha para colocar ex-ministro no conselho, diz jornal","datePublished":"2024-01-16T13:43:23+00:00","dateModified":"2024-01-16T13:43:31+00:00","mainEntityOfPage":{"@id":"https:\/\/www.suno.com.br\/noticias\/guido-mantega-conselho-vale-gpj\/"},"wordCount":706,"publisher":{"@id":"https:\/\/www.suno.com.br\/noticias\/#organization"},"image":{"@id":"https:\/\/www.suno.com.br\/noticias\/guido-mantega-conselho-vale-gpj\/#primaryimage"},"thumbnailUrl":"https:\/\/files.sunoresearch.com.br\/n\/uploads\/2022\/01\/Guido-Mantega-scaled.jpg","keywords":["Vale (VALE3)"],"articleSection":["Neg\u00f3cios"],"inLanguage":"pt-BR"},{"@type":"WebPage","@id":"https:\/\/www.suno.com.br\/noticias\/guido-mantega-conselho-vale-gpj\/","url":"https:\/\/www.suno.com.br\/noticias\/guido-mantega-conselho-vale-gpj\/","name":"Guido Mantega pode entrar no conselho de administra\u00e7\u00e3o da Vale?","isPartOf":{"@id":"https:\/\/www.suno.com.br\/noticias\/#website"},"primaryImageOfPage":{"@id":"https:\/\/www.suno.com.br\/noticias\/guido-mantega-conselho-vale-gpj\/#primaryimage"},"image":{"@id":"https:\/\/www.suno.com.br\/noticias\/guido-mantega-conselho-vale-gpj\/#primaryimage"},"thumbnailUrl":"https:\/\/files.sunoresearch.com.br\/n\/uploads\/2022\/01\/Guido-Mantega-scaled.jpg","datePublished":"2024-01-16T13:43:23+00:00","dateModified":"2024-01-16T13:43:31+00:00","description":"Jornal diz que o governo Lula tenta emplacar o nome de Guido Mantega, ex-ministro da Fazenda de 2006 a 2014, para dirigir a Vale (VALE3).","breadcrumb":{"@id":"https:\/\/www.suno.com.br\/noticias\/guido-mantega-conselho-vale-gpj\/#breadcrumb"},"inLanguage":"pt-BR","potentialAction":[{"@type":"ReadAction","target":["https:\/\/www.suno.com.br\/noticias\/guido-mantega-conselho-vale-gpj\/"]}]},{"@type":"ImageObject","inLanguage":"pt-BR","@id":"https:\/\/www.suno.com.br\/noticias\/guido-mantega-conselho-vale-gpj\/#primaryimage","url":"https:\/\/files.sunoresearch.com.br\/n\/uploads\/2022\/01\/Guido-Mantega-scaled.jpg","contentUrl":"https:\/\/files.sunoresearch.com.br\/n\/uploads\/2022\/01\/Guido-Mantega-scaled.jpg","width":2560,"height":1704,"caption":"Guido Mantega. Foto: Fabio Rodrigues Pozzebom\/Ag\u00eancia Brasil"},{"@type":"BreadcrumbList","@id":"https:\/\/www.suno.com.br\/noticias\/guido-mantega-conselho-vale-gpj\/#breadcrumb","itemListElement":[{"@type":"ListItem","position":1,"name":"Not\u00edcias","item":"https:\/\/www.suno.com.br\/noticias\/"},{"@type":"ListItem","position":2,"name":"Neg\u00f3cios","item":"https:\/\/www.suno.com.br\/noticias\/negocios\/"},{"@type":"ListItem","position":3,"name":"Guido Mantega na Vale (VALE3)? Governo trabalha para colocar ex-ministro no conselho, diz jornal"}]},{"@type":"WebSite","@id":"https:\/\/www.suno.com.br\/noticias\/#website","url":"https:\/\/www.suno.com.br\/noticias\/","name":"Suno Not\u00edcias","description":"Seu portal de informa\u00e7\u00e3o sobre o mundo dos investimentos","publisher":{"@id":"https:\/\/www.suno.com.br\/noticias\/#organization"},"potentialAction":[{"@type":"SearchAction","target":{"@type":"EntryPoint","urlTemplate":"https:\/\/www.suno.com.br\/noticias\/?s={search_term_string}"},"query-input":{"@type":"PropertyValueSpecification","valueRequired":true,"valueName":"search_term_string"}}],"inLanguage":"pt-BR"},{"@type":"Organization","@id":"https:\/\/www.suno.com.br\/noticias\/#organization","name":"Suno Not\u00edcias","url":"https:\/\/www.suno.com.br\/noticias\/","logo":{"@type":"ImageObject","inLanguage":"pt-BR","@id":"https:\/\/www.suno.com.br\/noticias\/#\/schema\/logo\/image\/","url":"https:\/\/files.sunoresearch.com.br\/n\/uploads\/2021\/09\/suno-logo.png","contentUrl":"https:\/\/files.sunoresearch.com.br\/n\/uploads\/2021\/09\/suno-logo.png","width":180,"height":180,"caption":"Suno Not\u00edcias"},"image":{"@id":"https:\/\/www.suno.com.br\/noticias\/#\/schema\/logo\/image\/"},"sameAs":["https:\/\/facebook.com\/sunoresearch","https:\/\/x.com\/sunoresearch","https:\/\/www.instagram.com\/suno","https:\/\/www.linkedin.com\/company\/suno-research\/","https:\/\/www.youtube.com\/c\/sunoresearch"]},{"@type":"Person","@id":"https:\/\/www.suno.com.br\/noticias\/#\/schema\/person\/d0f32748bbca4bee871fa191ee4e2d40","name":"Giovanni Porf\u00edrio Jacomino","image":{"@type":"ImageObject","inLanguage":"pt-BR","@id":"https:\/\/www.suno.com.br\/noticias\/#\/schema\/person\/image\/","url":"https:\/\/secure.gravatar.com\/avatar\/efb32e19b730a121cb7a80f41ffec01a?s=96&r=g","contentUrl":"https:\/\/secure.gravatar.com\/avatar\/efb32e19b730a121cb7a80f41ffec01a?s=96&r=g","caption":"Giovanni Porf\u00edrio Jacomino"},"description":"Giovanni Porf\u00edrio Jacomino \u00e9 jornalista formado pela Universidade Estadual de Londrina (UEL) e p\u00f3s-graduado em Produ\u00e7\u00e3o e Pr\u00e1ticas Jornal\u00edsticas na Contemporaneidade na Faculdade C\u00e1sper L\u00edbero (FCL). Foi editor web no Startupi e no Finsiders, atuando ainda como editor no TC Mover, portal de not\u00edcias da TradersClub, fazendo a cobertura de assuntos relacionados ao mercado financeiro interno e externo. Atualmente, \u00e9 Rep\u00f3rter do Suno Not\u00edcias.","url":"https:\/\/www.suno.com.br\/noticias\/author\/giovanni-porfiriosuno-com-br\/"}]}},"default_loop_html":"<div class=\"cardsPage__listCard__boxs\"><div class=\"cardsPage__listCard__boxs__img\"><a href=\"https:\/\/www.suno.com.br\/noticias\/guido-mantega-conselho-vale-gpj\/\"><img class=\"mask\" src=\"https:\/\/www.suno.com.br\/noticias\/wp-content\/themes\/suno\/resources\/images\/spotlight\/spotlight1img\/bg-mask.png\" alt=\"Image Mask\"\/><img src=\"https:\/\/files.sunoresearch.com.br\/n\/uploads\/2022\/01\/Guido-Mantega-400x200.jpg\" alt=\"Guido Mantega na Vale (VALE3)? Governo trabalha para colocar ex-ministro no conselho, diz jornal\"\/><\/a><span class=\"spotlightCategory\"><a href=\"https:\/\/www.suno.com.br\/noticias\/negocios\/\">Neg\u00f3cios<\/a><\/span><\/div><div class=\"cardsPage__listCard__boxs__content\"><a href=\"https:\/\/www.suno.com.br\/noticias\/guido-mantega-conselho-vale-gpj\/\"><h2 class=\"content__title\">Guido Mantega na Vale (VALE3)? Governo trabalha para colocar ex-ministro no conselho, diz jornal<\/h2><\/a><div class=\"newsContent__article__meta\"><div class=\"newsContent__article__meta__authorBox\"><a href=\"https:\/\/www.suno.com.br\/noticias\/author\/giovanni-porfiriosuno-com-br\/\" class=\"authorBox__avatar noMobi\"><img src=\"https:\/\/files.sunoresearch.com.br\/n\/uploads\/2024\/05\/DSCF4115-1-1-150x150.webp\" alt=\"Giovanni Porf\u00edrio Jacomino\"><\/a><div class=\"authorBox__name\"><span>por\n\t\t\t<a href=\"https:\/\/www.suno.com.br\/noticias\/author\/giovanni-porfiriosuno-com-br\/\"><span itemprop=\"author\">Giovanni Porf\u00edrio Jacomino<\/span><\/a><\/span><time datetime=\"2024-01-16T10:43:23-03:00\" itemprop=\"datePublished\">16\/01\/2024 10:43<\/time><\/div><\/div><\/div><\/div><\/div>","single_layout":"posts","amp_enabled":true,"_links":{"self":[{"href":"https:\/\/www.suno.com.br\/noticias\/wp-json\/wp\/v2\/posts\/511240"}],"collection":[{"href":"https:\/\/www.suno.com.br\/noticias\/wp-json\/wp\/v2\/posts"}],"about":[{"href":"https:\/\/www.suno.com.br\/noticias\/wp-json\/wp\/v2\/types\/post"}],"author":[{"embeddable":true,"href":"https:\/\/www.suno.com.br\/noticias\/wp-json\/wp\/v2\/users\/313"}],"replies":[{"embeddable":true,"href":"https:\/\/www.suno.com.br\/noticias\/wp-json\/wp\/v2\/comments?post=511240"}],"version-history":[{"count":2,"href":"https:\/\/www.suno.com.br\/noticias\/wp-json\/wp\/v2\/posts\/511240\/revisions"}],"predecessor-version":[{"id":511275,"href":"https:\/\/www.suno.com.br\/noticias\/wp-json\/wp\/v2\/posts\/511240\/revisions\/511275"}],"wp:featuredmedia":[{"embeddable":true,"href":"https:\/\/www.suno.com.br\/noticias\/wp-json\/wp\/v2\/media\/218841"}],"wp:attachment":[{"href":"https:\/\/www.suno.com.br\/noticias\/wp-json\/wp\/v2\/media?parent=511240"}],"wp:term":[{"taxonomy":"category","embeddable":true,"href":"https:\/\/www.suno.com.br\/noticias\/wp-json\/wp\/v2\/categories?post=511240"},{"taxonomy":"post_tag","embeddable":true,"href":"https:\/\/www.suno.com.br\/noticias\/wp-json\/wp\/v2\/tags?post=511240"},{"taxonomy":"suno_strategy","embeddable":true,"href":"https:\/\/www.suno.com.br\/noticias\/wp-json\/wp\/v2\/suno_strategy?post=511240"}],"curies":[{"name":"wp","href":"https:\/\/api.w.org\/{rel}","templated":true}]}}