{"id":51056,"date":"2020-01-27T16:56:13","date_gmt":"2020-01-27T18:56:13","guid":{"rendered":"https:\/\/www.suno.com.br\/noticias\/?p=51056"},"modified":"2020-01-27T16:56:13","modified_gmt":"2020-01-27T18:56:13","slug":"santander-credit-suisse-eleva-recomendacao-banco","status":"publish","type":"post","link":"https:\/\/www.suno.com.br\/noticias\/santander-credit-suisse-eleva-recomendacao-banco\/","title":{"rendered":"Santander Brasil: Credit Suisse eleva recomenda\u00e7\u00e3o do banco"},"content":{"rendered":"<p>O Credit Suisse elevou, nesta segunda-feira (27), a recomenda\u00e7\u00e3o para as a\u00e7\u00f5es do <a href=\"https:\/\/www.suno.com.br\/acoes\/sanb11\/\"><strong>Santander<\/strong> Brasil (SANB11)<\/a>.<\/p>\t<div class=\"wrapper-featured-image\">\n\t\t<figure class=\"spotlightImg\">\n\n\t\t\t<picture>\n\t\t\t\t<source media=\"(max-width: 768px)\" srcset=\"https:\/\/files.sunoresearch.com.br\/n\/uploads\/2019\/04\/ded04be1-santander-400x200.webp\">\n\t\t\t\t<img loading=\"lazy\" decoding=\"async\" class=\"newsContent__article__imgCapa lazyloadDisabled newsContent__article__imgCapa--noCaption\" src=\"https:\/\/files.sunoresearch.com.br\/n\/uploads\/2019\/04\/ded04be1-santander-800x450.webp\" width=\"800\" height=\"450\" alt=\"Santander Brasil: Credit Suisse eleva recomenda\u00e7\u00e3o do banco\" fetchpriority=high \/>\n\t\t\t<\/picture>\n\n\t\t\t<figcaption class=\"wp-caption-text wp-caption-text--hide\">Santander (SANB11) pretende cortar 20% do quadro de trabalho no Brasil<\/figcaption>\n\t\t<\/figure>\n\t<\/div>\n\n\n\n<p>A recomenda\u00e7\u00e3o para os pap\u00e9is do banco passou de neutra para outperform. Ou seja, de acordo com o <strong>Credit Suisse<\/strong>, o desempenho das <strong>a\u00e7\u00f5es<\/strong> do Santander ficar\u00e3o acima da m\u00e9dia do mercado nos pr\u00f3ximos 12 meses.<\/p>\n<p>Mesmo com a recomenda\u00e7\u00e3o elevada, o pre\u00e7o-alvo dos pap\u00e9is do banco passou de R$ 56 para R$ 54. O valor representa uma valoriza\u00e7\u00e3o de 23% considerando o fechamento do preg\u00e3o da \u00faltima sexta-feira (24).<\/p>\n<p>Segundo os analistas do banco de investimentos Marcelo Telles, Otavio Tanganelli e Alonso Garcia, a revis\u00e3o do pre\u00e7o das a\u00e7\u00f5es ocorreu por conta da redu\u00e7\u00e3o do crescimento do lucro l\u00edquido esperado para este ano.<\/p>\n<p>\u201cO rebaixamento dos lucros ofusca ligeiramente a menor taxa livre de risco e o custo para rolagem de rolagem de capital. Nossa proje\u00e7\u00f5es revisadas nos colocam razoavelmente em linha com o consenso [de mercado] para os pr\u00f3ximos dois anos\u201d, disseram os analistas.<\/p>\n\t<p>\n\t\t<a href=\"https:\/\/lp.suno.com.br\/planilha-controle-gastos\/\" target=\"_blank\" data-element=\"shortcode-suno-banner\" title=\"Banner SUNO, clique e saiba mais\">\n\t\t\t<picture>\n\t\t\t\t<source media=\"(max-width: 500px)\" srcset=\"https:\/\/files.sunoresearch.com.br\/n\/uploads\/2023\/03\/400x300-Planilha-controle-de-gastos.png\">\n\t\t\t\t<img class=\"newsContent__article__imgCapa newsContent__article__imgCapa--banner\"\n\t\t\t\t\tsrc=\"https:\/\/files.sunoresearch.com.br\/n\/uploads\/2023\/03\/1420x240-Planilha-controle-de-gastos.png\"\n\t\t\t\t\tdata-promo-id=\"383122\"\t\t\t\t\t\t\t\t\t\twidth='1420' height='240'\t\t\t\t\talt=\"https:\/\/files.sunoresearch.com.br\/n\/uploads\/2023\/03\/1420x240-Planilha-controle-de-gastos.png\"\n\t\t\t\t>\n\t\t\t<\/picture>\n\t\t<\/a>\n\t<\/p>\n\n\n<p>O Santander foi o \u00fanico banco a receber uma nova classifica\u00e7\u00e3o. As outras institui\u00e7\u00f5es financeiras que s\u00e3o analisadas pelo banco de investimentos somente mantiveram a recomenda\u00e7\u00e3o elevada que j\u00e1 possu\u00edam, sendo elas:<\/p>\n<ul>\n<li><a href=\"https:\/\/www.suno.com.br\/acoes\/bbas3\/\"><strong>Banco do Brasil<\/strong> (BBAS3)<\/a>;<\/li>\n<li><a href=\"https:\/\/www.suno.com.br\/acoes\/bbdc4\/\"><strong>Bradesco<\/strong> (BBDC4)<\/a>;<\/li>\n<li><a href=\"https:\/\/www.suno.com.br\/acoes\/itub4\/\"><strong>Ita\u00fa Unibanco<\/strong> (ITUB4)<\/a>.<\/li>\n<\/ul>\n<h2>Santander Brasil anuncia parceria com Sem Parar<\/h2>\n<p>O banco Santander Brasil anunciou, no \u00faltimo domingo (26), que firmou uma parceria com o servi\u00e7o de pagamentos de ped\u00e1gios autom\u00e1ticos, <strong>Sem Parar<\/strong>, de oferecem produtos e servi\u00e7os combinado aos clientes.<\/p>\n<p><a href=\"https:\/\/www.suno.com.br\/noticias\/santander-brasil-firma-acordo-de-parceria-com-sem-parar\/\">Saiba mais: Santander Brasil firma acordo de parceria com Sem Parar<\/a><\/p>\n<p>A institui\u00e7\u00e3o financeira foi a \u00faltima a entrar no setor de ped\u00e1gios eletr\u00f4nicos. O Bradesco \u00a0e o Banco do Brasil criaram a marca Veloe do zero, por sua vez, o Ita\u00fa Unibanco adquiriu 50% da ConectCar.<\/p>\n<p>A parceria entre o <strong>Santander<\/strong>\u00a0e o Sem Parar consiste em oferecer condi\u00e7\u00f5es diferenciadas no financiamento de ve\u00edculos e na mensalidade da tag. O objetivo \u00e9 que os motoristas tenham prefer\u00eancias pela institui\u00e7\u00e3o e pelo servi\u00e7o de pagamento de ped\u00e1gios.<\/p>\n\n","protected":false},"excerpt":{"rendered":"<p>O Credit Suisse elevou, nesta segunda-feira (27), a recomenda\u00e7\u00e3o para as a\u00e7\u00f5es do Santander Brasil (SANB11). Santander (SANB11) pretende cortar 20% do quadro de trabalho no Brasil A recomenda\u00e7\u00e3o para os pap\u00e9is do banco passou de neutra para outperform. Ou seja, de acordo com o Credit Suisse, o desempenho das a\u00e7\u00f5es do Santander ficar\u00e3o acima [&hellip;]<\/p>\n","protected":false},"author":18,"featured_media":22730,"comment_status":"closed","ping_status":"closed","sticky":false,"template":"","format":"standard","meta":[],"categories":[64],"tags":[286,1788,624],"suno_strategy":[],"class_list":["post-51056","post","type-post","status-publish","format-standard","has-post-thumbnail","hentry","category-negocios","tag-acoes","tag-credit-suisse-c1su34","tag-santander-sanb11-sanb3-sanb4"],"yoast_head":"<!-- This site is optimized with the Yoast SEO plugin v24.4 - https:\/\/yoast.com\/wordpress\/plugins\/seo\/ -->\n<title>Santander Brasil: Credit Suisse eleva recomenda\u00e7\u00e3o do banco<\/title>\n<meta name=\"description\" content=\"O Credit Suisse elevou, nesta segunda-feira (27), a recomenda\u00e7\u00e3o para as a\u00e7\u00f5es do Santander Brasil (SANB11).\u00a0Clique para saber mais.\" \/>\n<meta name=\"robots\" content=\"index, follow, max-snippet:-1, max-image-preview:large, max-video-preview:-1\" \/>\n<link rel=\"canonical\" href=\"https:\/\/www.suno.com.br\/noticias\/santander-credit-suisse-eleva-recomendacao-banco\/\" \/>\n<meta property=\"og:locale\" content=\"pt_BR\" \/>\n<meta property=\"og:type\" content=\"article\" \/>\n<meta property=\"og:title\" content=\"Santander Brasil: Credit Suisse eleva recomenda\u00e7\u00e3o do banco\" \/>\n<meta property=\"og:description\" content=\"O Credit Suisse elevou, nesta segunda-feira (27), a recomenda\u00e7\u00e3o para as a\u00e7\u00f5es do Santander Brasil (SANB11).\u00a0Clique para saber mais.\" \/>\n<meta property=\"og:url\" content=\"https:\/\/www.suno.com.br\/noticias\/santander-credit-suisse-eleva-recomendacao-banco\/\" \/>\n<meta property=\"og:site_name\" content=\"Suno Not\u00edcias\" \/>\n<meta property=\"article:publisher\" content=\"https:\/\/facebook.com\/sunoresearch\" \/>\n<meta property=\"og:image\" content=\"https:\/\/files.sunoresearch.com.br\/n\/uploads\/2019\/04\/ded04be1-santander.jpg\" \/>\n\t<meta property=\"og:image:width\" content=\"1024\" \/>\n\t<meta property=\"og:image:height\" content=\"688\" \/>\n\t<meta property=\"og:image:type\" content=\"image\/jpeg\" \/>\n<meta name=\"author\" content=\"Giovanna Oliveira\" \/>\n<meta name=\"twitter:card\" content=\"summary_large_image\" \/>\n<meta name=\"twitter:creator\" content=\"@sunoresearch\" \/>\n<meta name=\"twitter:site\" content=\"@sunoresearch\" \/>\n<meta name=\"twitter:label1\" content=\"Escrito por\" \/>\n\t<meta name=\"twitter:data1\" content=\"Giovanna Oliveira\" \/>\n\t<meta name=\"twitter:label2\" content=\"Est. tempo de leitura\" \/>\n\t<meta name=\"twitter:data2\" content=\"2 minutos\" \/>\n<script type=\"application\/ld+json\" class=\"yoast-schema-graph\">{\"@context\":\"https:\/\/schema.org\",\"@graph\":[{\"@type\":\"NewsArticle\",\"@id\":\"https:\/\/www.suno.com.br\/noticias\/santander-credit-suisse-eleva-recomendacao-banco\/#article\",\"isPartOf\":{\"@id\":\"https:\/\/www.suno.com.br\/noticias\/santander-credit-suisse-eleva-recomendacao-banco\/\"},\"author\":{\"name\":\"Giovanna Oliveira\",\"@id\":\"https:\/\/www.suno.com.br\/noticias\/#\/schema\/person\/4e19e3d2575736e5283d58eb3199d120\"},\"headline\":\"Santander Brasil: Credit Suisse eleva recomenda\u00e7\u00e3o do banco\",\"datePublished\":\"2020-01-27T18:56:13+00:00\",\"mainEntityOfPage\":{\"@id\":\"https:\/\/www.suno.com.br\/noticias\/santander-credit-suisse-eleva-recomendacao-banco\/\"},\"wordCount\":377,\"publisher\":{\"@id\":\"https:\/\/www.suno.com.br\/noticias\/#organization\"},\"image\":{\"@id\":\"https:\/\/www.suno.com.br\/noticias\/santander-credit-suisse-eleva-recomendacao-banco\/#primaryimage\"},\"thumbnailUrl\":\"https:\/\/files.sunoresearch.com.br\/n\/uploads\/2019\/04\/ded04be1-santander-jpg.webp\",\"keywords\":[\"A\u00e7\u00f5es\",\"Credit Suisse (C1SU34)\",\"Santander (SANB11\/SANB3\/SANB4)\"],\"articleSection\":[\"Neg\u00f3cios\"],\"inLanguage\":\"pt-BR\"},{\"@type\":\"WebPage\",\"@id\":\"https:\/\/www.suno.com.br\/noticias\/santander-credit-suisse-eleva-recomendacao-banco\/\",\"url\":\"https:\/\/www.suno.com.br\/noticias\/santander-credit-suisse-eleva-recomendacao-banco\/\",\"name\":\"Santander Brasil: Credit Suisse eleva recomenda\u00e7\u00e3o do banco\",\"isPartOf\":{\"@id\":\"https:\/\/www.suno.com.br\/noticias\/#website\"},\"primaryImageOfPage\":{\"@id\":\"https:\/\/www.suno.com.br\/noticias\/santander-credit-suisse-eleva-recomendacao-banco\/#primaryimage\"},\"image\":{\"@id\":\"https:\/\/www.suno.com.br\/noticias\/santander-credit-suisse-eleva-recomendacao-banco\/#primaryimage\"},\"thumbnailUrl\":\"https:\/\/files.sunoresearch.com.br\/n\/uploads\/2019\/04\/ded04be1-santander-jpg.webp\",\"datePublished\":\"2020-01-27T18:56:13+00:00\",\"description\":\"O Credit Suisse elevou, nesta segunda-feira (27), a recomenda\u00e7\u00e3o para as a\u00e7\u00f5es do Santander Brasil (SANB11).\u00a0Clique para saber mais.\",\"breadcrumb\":{\"@id\":\"https:\/\/www.suno.com.br\/noticias\/santander-credit-suisse-eleva-recomendacao-banco\/#breadcrumb\"},\"inLanguage\":\"pt-BR\",\"potentialAction\":[{\"@type\":\"ReadAction\",\"target\":[\"https:\/\/www.suno.com.br\/noticias\/santander-credit-suisse-eleva-recomendacao-banco\/\"]}]},{\"@type\":\"ImageObject\",\"inLanguage\":\"pt-BR\",\"@id\":\"https:\/\/www.suno.com.br\/noticias\/santander-credit-suisse-eleva-recomendacao-banco\/#primaryimage\",\"url\":\"https:\/\/files.sunoresearch.com.br\/n\/uploads\/2019\/04\/ded04be1-santander-jpg.webp\",\"contentUrl\":\"https:\/\/files.sunoresearch.com.br\/n\/uploads\/2019\/04\/ded04be1-santander-jpg.webp\",\"width\":1024,\"height\":688,\"caption\":\"Santander (SANB11) pretende cortar 20% do quadro de trabalho no Brasil\"},{\"@type\":\"BreadcrumbList\",\"@id\":\"https:\/\/www.suno.com.br\/noticias\/santander-credit-suisse-eleva-recomendacao-banco\/#breadcrumb\",\"itemListElement\":[{\"@type\":\"ListItem\",\"position\":1,\"name\":\"Not\u00edcias\",\"item\":\"https:\/\/www.suno.com.br\/noticias\/\"},{\"@type\":\"ListItem\",\"position\":2,\"name\":\"Neg\u00f3cios\",\"item\":\"https:\/\/www.suno.com.br\/noticias\/negocios\/\"},{\"@type\":\"ListItem\",\"position\":3,\"name\":\"Santander Brasil: Credit Suisse eleva recomenda\u00e7\u00e3o do banco\"}]},{\"@type\":\"WebSite\",\"@id\":\"https:\/\/www.suno.com.br\/noticias\/#website\",\"url\":\"https:\/\/www.suno.com.br\/noticias\/\",\"name\":\"Suno Not\u00edcias\",\"description\":\"Seu portal de informa\u00e7\u00e3o sobre o mundo dos investimentos\",\"publisher\":{\"@id\":\"https:\/\/www.suno.com.br\/noticias\/#organization\"},\"potentialAction\":[{\"@type\":\"SearchAction\",\"target\":{\"@type\":\"EntryPoint\",\"urlTemplate\":\"https:\/\/www.suno.com.br\/noticias\/?s={search_term_string}\"},\"query-input\":{\"@type\":\"PropertyValueSpecification\",\"valueRequired\":true,\"valueName\":\"search_term_string\"}}],\"inLanguage\":\"pt-BR\"},{\"@type\":\"Organization\",\"@id\":\"https:\/\/www.suno.com.br\/noticias\/#organization\",\"name\":\"Suno Not\u00edcias\",\"url\":\"https:\/\/www.suno.com.br\/noticias\/\",\"logo\":{\"@type\":\"ImageObject\",\"inLanguage\":\"pt-BR\",\"@id\":\"https:\/\/www.suno.com.br\/noticias\/#\/schema\/logo\/image\/\",\"url\":\"https:\/\/files.sunoresearch.com.br\/n\/uploads\/2021\/09\/suno-logo.png\",\"contentUrl\":\"https:\/\/files.sunoresearch.com.br\/n\/uploads\/2021\/09\/suno-logo.png\",\"width\":180,\"height\":180,\"caption\":\"Suno Not\u00edcias\"},\"image\":{\"@id\":\"https:\/\/www.suno.com.br\/noticias\/#\/schema\/logo\/image\/\"},\"sameAs\":[\"https:\/\/facebook.com\/sunoresearch\",\"https:\/\/x.com\/sunoresearch\",\"https:\/\/www.instagram.com\/suno\",\"https:\/\/www.linkedin.com\/company\/suno-research\/\",\"https:\/\/www.youtube.com\/c\/sunoresearch\"]},{\"@type\":\"Person\",\"@id\":\"https:\/\/www.suno.com.br\/noticias\/#\/schema\/person\/4e19e3d2575736e5283d58eb3199d120\",\"name\":\"Giovanna Oliveira\",\"image\":{\"@type\":\"ImageObject\",\"inLanguage\":\"pt-BR\",\"@id\":\"https:\/\/www.suno.com.br\/noticias\/#\/schema\/person\/image\/\",\"url\":\"https:\/\/secure.gravatar.com\/avatar\/9a37b3ae208962ac568992d0ffdbc2eb?s=96&r=g\",\"contentUrl\":\"https:\/\/secure.gravatar.com\/avatar\/9a37b3ae208962ac568992d0ffdbc2eb?s=96&r=g\",\"caption\":\"Giovanna Oliveira\"},\"description\":\"Giovanna Oliveira escreve sobre economia e pol\u00edtica. Foi rep\u00f3rter do portal de jornalismo da ESPM-SP e produziu conte\u00fado para a Corinthians TV. \u00c9 estudante da ESPM.\",\"url\":\"https:\/\/www.suno.com.br\/noticias\/author\/giovanna\/\"}]}<\/script>\n<!-- \/ Yoast SEO plugin. -->","yoast_head_json":{"title":"Santander Brasil: Credit Suisse eleva recomenda\u00e7\u00e3o do banco","description":"O Credit Suisse elevou, nesta segunda-feira (27), a recomenda\u00e7\u00e3o para as a\u00e7\u00f5es do Santander Brasil (SANB11).\u00a0Clique para saber mais.","robots":{"index":"index","follow":"follow","max-snippet":"max-snippet:-1","max-image-preview":"max-image-preview:large","max-video-preview":"max-video-preview:-1"},"canonical":"https:\/\/www.suno.com.br\/noticias\/santander-credit-suisse-eleva-recomendacao-banco\/","og_locale":"pt_BR","og_type":"article","og_title":"Santander Brasil: Credit Suisse eleva recomenda\u00e7\u00e3o do banco","og_description":"O Credit Suisse elevou, nesta segunda-feira (27), a recomenda\u00e7\u00e3o para as a\u00e7\u00f5es do Santander Brasil (SANB11).\u00a0Clique para saber mais.","og_url":"https:\/\/www.suno.com.br\/noticias\/santander-credit-suisse-eleva-recomendacao-banco\/","og_site_name":"Suno Not\u00edcias","article_publisher":"https:\/\/facebook.com\/sunoresearch","og_image":[{"width":1024,"height":688,"url":"https:\/\/files.sunoresearch.com.br\/n\/uploads\/2019\/04\/ded04be1-santander.jpg","type":"image\/jpeg"}],"author":"Giovanna Oliveira","twitter_card":"summary_large_image","twitter_creator":"@sunoresearch","twitter_site":"@sunoresearch","twitter_misc":{"Escrito por":"Giovanna Oliveira","Est. tempo de leitura":"2 minutos"},"schema":{"@context":"https:\/\/schema.org","@graph":[{"@type":"NewsArticle","@id":"https:\/\/www.suno.com.br\/noticias\/santander-credit-suisse-eleva-recomendacao-banco\/#article","isPartOf":{"@id":"https:\/\/www.suno.com.br\/noticias\/santander-credit-suisse-eleva-recomendacao-banco\/"},"author":{"name":"Giovanna Oliveira","@id":"https:\/\/www.suno.com.br\/noticias\/#\/schema\/person\/4e19e3d2575736e5283d58eb3199d120"},"headline":"Santander Brasil: Credit Suisse eleva recomenda\u00e7\u00e3o do banco","datePublished":"2020-01-27T18:56:13+00:00","mainEntityOfPage":{"@id":"https:\/\/www.suno.com.br\/noticias\/santander-credit-suisse-eleva-recomendacao-banco\/"},"wordCount":377,"publisher":{"@id":"https:\/\/www.suno.com.br\/noticias\/#organization"},"image":{"@id":"https:\/\/www.suno.com.br\/noticias\/santander-credit-suisse-eleva-recomendacao-banco\/#primaryimage"},"thumbnailUrl":"https:\/\/files.sunoresearch.com.br\/n\/uploads\/2019\/04\/ded04be1-santander-jpg.webp","keywords":["A\u00e7\u00f5es","Credit Suisse (C1SU34)","Santander (SANB11\/SANB3\/SANB4)"],"articleSection":["Neg\u00f3cios"],"inLanguage":"pt-BR"},{"@type":"WebPage","@id":"https:\/\/www.suno.com.br\/noticias\/santander-credit-suisse-eleva-recomendacao-banco\/","url":"https:\/\/www.suno.com.br\/noticias\/santander-credit-suisse-eleva-recomendacao-banco\/","name":"Santander Brasil: Credit Suisse eleva recomenda\u00e7\u00e3o do banco","isPartOf":{"@id":"https:\/\/www.suno.com.br\/noticias\/#website"},"primaryImageOfPage":{"@id":"https:\/\/www.suno.com.br\/noticias\/santander-credit-suisse-eleva-recomendacao-banco\/#primaryimage"},"image":{"@id":"https:\/\/www.suno.com.br\/noticias\/santander-credit-suisse-eleva-recomendacao-banco\/#primaryimage"},"thumbnailUrl":"https:\/\/files.sunoresearch.com.br\/n\/uploads\/2019\/04\/ded04be1-santander-jpg.webp","datePublished":"2020-01-27T18:56:13+00:00","description":"O Credit Suisse elevou, nesta segunda-feira (27), a recomenda\u00e7\u00e3o para as a\u00e7\u00f5es do Santander Brasil (SANB11).\u00a0Clique para saber mais.","breadcrumb":{"@id":"https:\/\/www.suno.com.br\/noticias\/santander-credit-suisse-eleva-recomendacao-banco\/#breadcrumb"},"inLanguage":"pt-BR","potentialAction":[{"@type":"ReadAction","target":["https:\/\/www.suno.com.br\/noticias\/santander-credit-suisse-eleva-recomendacao-banco\/"]}]},{"@type":"ImageObject","inLanguage":"pt-BR","@id":"https:\/\/www.suno.com.br\/noticias\/santander-credit-suisse-eleva-recomendacao-banco\/#primaryimage","url":"https:\/\/files.sunoresearch.com.br\/n\/uploads\/2019\/04\/ded04be1-santander-jpg.webp","contentUrl":"https:\/\/files.sunoresearch.com.br\/n\/uploads\/2019\/04\/ded04be1-santander-jpg.webp","width":1024,"height":688,"caption":"Santander (SANB11) pretende cortar 20% do quadro de trabalho no Brasil"},{"@type":"BreadcrumbList","@id":"https:\/\/www.suno.com.br\/noticias\/santander-credit-suisse-eleva-recomendacao-banco\/#breadcrumb","itemListElement":[{"@type":"ListItem","position":1,"name":"Not\u00edcias","item":"https:\/\/www.suno.com.br\/noticias\/"},{"@type":"ListItem","position":2,"name":"Neg\u00f3cios","item":"https:\/\/www.suno.com.br\/noticias\/negocios\/"},{"@type":"ListItem","position":3,"name":"Santander Brasil: Credit Suisse eleva recomenda\u00e7\u00e3o do banco"}]},{"@type":"WebSite","@id":"https:\/\/www.suno.com.br\/noticias\/#website","url":"https:\/\/www.suno.com.br\/noticias\/","name":"Suno Not\u00edcias","description":"Seu portal de informa\u00e7\u00e3o sobre o mundo dos investimentos","publisher":{"@id":"https:\/\/www.suno.com.br\/noticias\/#organization"},"potentialAction":[{"@type":"SearchAction","target":{"@type":"EntryPoint","urlTemplate":"https:\/\/www.suno.com.br\/noticias\/?s={search_term_string}"},"query-input":{"@type":"PropertyValueSpecification","valueRequired":true,"valueName":"search_term_string"}}],"inLanguage":"pt-BR"},{"@type":"Organization","@id":"https:\/\/www.suno.com.br\/noticias\/#organization","name":"Suno Not\u00edcias","url":"https:\/\/www.suno.com.br\/noticias\/","logo":{"@type":"ImageObject","inLanguage":"pt-BR","@id":"https:\/\/www.suno.com.br\/noticias\/#\/schema\/logo\/image\/","url":"https:\/\/files.sunoresearch.com.br\/n\/uploads\/2021\/09\/suno-logo.png","contentUrl":"https:\/\/files.sunoresearch.com.br\/n\/uploads\/2021\/09\/suno-logo.png","width":180,"height":180,"caption":"Suno Not\u00edcias"},"image":{"@id":"https:\/\/www.suno.com.br\/noticias\/#\/schema\/logo\/image\/"},"sameAs":["https:\/\/facebook.com\/sunoresearch","https:\/\/x.com\/sunoresearch","https:\/\/www.instagram.com\/suno","https:\/\/www.linkedin.com\/company\/suno-research\/","https:\/\/www.youtube.com\/c\/sunoresearch"]},{"@type":"Person","@id":"https:\/\/www.suno.com.br\/noticias\/#\/schema\/person\/4e19e3d2575736e5283d58eb3199d120","name":"Giovanna Oliveira","image":{"@type":"ImageObject","inLanguage":"pt-BR","@id":"https:\/\/www.suno.com.br\/noticias\/#\/schema\/person\/image\/","url":"https:\/\/secure.gravatar.com\/avatar\/9a37b3ae208962ac568992d0ffdbc2eb?s=96&r=g","contentUrl":"https:\/\/secure.gravatar.com\/avatar\/9a37b3ae208962ac568992d0ffdbc2eb?s=96&r=g","caption":"Giovanna Oliveira"},"description":"Giovanna Oliveira escreve sobre economia e pol\u00edtica. Foi rep\u00f3rter do portal de jornalismo da ESPM-SP e produziu conte\u00fado para a Corinthians TV. \u00c9 estudante da ESPM.","url":"https:\/\/www.suno.com.br\/noticias\/author\/giovanna\/"}]}},"default_loop_html":"<div class=\"cardsPage__listCard__boxs\"><div class=\"cardsPage__listCard__boxs__img\"><a href=\"https:\/\/www.suno.com.br\/noticias\/santander-credit-suisse-eleva-recomendacao-banco\/\"><img class=\"mask\" src=\"https:\/\/www.suno.com.br\/noticias\/wp-content\/themes\/suno\/resources\/images\/spotlight\/spotlight1img\/bg-mask.png\" alt=\"Image Mask\"\/><img src=\"https:\/\/files.sunoresearch.com.br\/n\/uploads\/2019\/04\/ded04be1-santander-400x200.webp\" alt=\"Santander Brasil: Credit Suisse eleva recomenda\u00e7\u00e3o do banco\"\/><\/a><span class=\"spotlightCategory\"><a href=\"https:\/\/www.suno.com.br\/noticias\/negocios\/\">Neg\u00f3cios<\/a><\/span><\/div><div class=\"cardsPage__listCard__boxs__content\"><a href=\"https:\/\/www.suno.com.br\/noticias\/santander-credit-suisse-eleva-recomendacao-banco\/\"><h2 class=\"content__title\">Santander Brasil: Credit Suisse eleva recomenda\u00e7\u00e3o do banco<\/h2><\/a><div class=\"newsContent__article__meta\"><div class=\"newsContent__article__meta__authorBox\"><a href=\"https:\/\/www.suno.com.br\/noticias\/author\/giovanna\/\" class=\"authorBox__avatar noMobi\"><img src=\"https:\/\/files.sunoresearch.com.br\/n\/uploads\/2019\/06\/952a89ca-screenshot_20190608-171507-150x150.webp\" alt=\"Giovanna Oliveira\"><\/a><div class=\"authorBox__name\"><span>por\n\t\t\t<a href=\"https:\/\/www.suno.com.br\/noticias\/author\/giovanna\/\"><span itemprop=\"author\">Giovanna Oliveira<\/span><\/a><\/span><time datetime=\"2020-01-27T16:56:13-03:00\" itemprop=\"datePublished\">27\/01\/2020 16:56<\/time><\/div><\/div><\/div><\/div><\/div>","single_layout":"posts","amp_enabled":true,"_links":{"self":[{"href":"https:\/\/www.suno.com.br\/noticias\/wp-json\/wp\/v2\/posts\/51056"}],"collection":[{"href":"https:\/\/www.suno.com.br\/noticias\/wp-json\/wp\/v2\/posts"}],"about":[{"href":"https:\/\/www.suno.com.br\/noticias\/wp-json\/wp\/v2\/types\/post"}],"author":[{"embeddable":true,"href":"https:\/\/www.suno.com.br\/noticias\/wp-json\/wp\/v2\/users\/18"}],"replies":[{"embeddable":true,"href":"https:\/\/www.suno.com.br\/noticias\/wp-json\/wp\/v2\/comments?post=51056"}],"version-history":[{"count":0,"href":"https:\/\/www.suno.com.br\/noticias\/wp-json\/wp\/v2\/posts\/51056\/revisions"}],"wp:featuredmedia":[{"embeddable":true,"href":"https:\/\/www.suno.com.br\/noticias\/wp-json\/wp\/v2\/media\/22730"}],"wp:attachment":[{"href":"https:\/\/www.suno.com.br\/noticias\/wp-json\/wp\/v2\/media?parent=51056"}],"wp:term":[{"taxonomy":"category","embeddable":true,"href":"https:\/\/www.suno.com.br\/noticias\/wp-json\/wp\/v2\/categories?post=51056"},{"taxonomy":"post_tag","embeddable":true,"href":"https:\/\/www.suno.com.br\/noticias\/wp-json\/wp\/v2\/tags?post=51056"},{"taxonomy":"suno_strategy","embeddable":true,"href":"https:\/\/www.suno.com.br\/noticias\/wp-json\/wp\/v2\/suno_strategy?post=51056"}],"curies":[{"name":"wp","href":"https:\/\/api.w.org\/{rel}","templated":true}]}}