{"id":510300,"date":"2024-01-13T17:55:00","date_gmt":"2024-01-13T20:55:00","guid":{"rendered":"https:\/\/www.suno.com.br\/noticias\/?p=510300"},"modified":"2024-01-13T17:04:57","modified_gmt":"2024-01-13T20:04:57","slug":"superendividamento-familias-grupo-trabalho-cpf","status":"publish","type":"post","link":"https:\/\/www.suno.com.br\/noticias\/superendividamento-familias-grupo-trabalho-cpf\/","title":{"rendered":"Superendividamento das fam\u00edlias ser\u00e1 foco de novo grupo de trabalho, divulga DOU"},"content":{"rendered":"<p>Um grupo de trabalho (GT) para a preven\u00e7\u00e3o e tratamento do <strong>superendividamento <\/strong>de consumidores brasileiros acaba foi instaurado, conforme publica\u00e7\u00e3o no Di\u00e1rio Oficial da Uni\u00e3o. <\/p>\t<div class=\"wrapper-featured-image\">\n\t\t<figure class=\"spotlightImg\">\n\n\t\t\t<picture>\n\t\t\t\t<source media=\"(max-width: 768px)\" srcset=\"https:\/\/files.sunoresearch.com.br\/n\/uploads\/2023\/08\/Endividamento-400x200.jpg\">\n\t\t\t\t<img loading=\"lazy\" decoding=\"async\" class=\"newsContent__article__imgCapa lazyloadDisabled \" src=\"https:\/\/files.sunoresearch.com.br\/n\/uploads\/2023\/08\/Endividamento-800x450.jpg\" width=\"800\" height=\"450\" alt=\"Superendividamento das fam\u00edlias ser\u00e1 foco de novo grupo de trabalho, divulga DOU\" fetchpriority=high \/>\n\t\t\t<\/picture>\n\n\t\t\t<figcaption class=\"wp-caption-text wp-caption-text--show\">Endividamento familiar - Foto: Pixabay<\/figcaption>\n\t\t<\/figure>\n\t<\/div>\n\n\n\n\n\n\n\n\n<p>A portaria, publicada na sexta-feira (12) no DOU informa que o GT criado pelo<strong> Minist\u00e9rio da Justi\u00e7a e Seguran\u00e7a P\u00fablica (MJSP)<\/strong> quer promover a formula\u00e7\u00e3o de a\u00e7\u00f5es e pol\u00edticas p\u00fablicas para o enfrentamento do <strong>superendividamento das fam\u00edlias<\/strong> no pa\u00eds. <\/p>\n\n\n\n<p>O prazo para a conclus\u00e3o dos trabalhos \u00e9 de 60 dias e poder\u00e1 ser estendido por mais 60, caso seja necess\u00e1rio. <\/p>\n\n\n\n<p>Na composi\u00e7\u00e3o do GT de<strong> combate ao superendividamento<\/strong> estar\u00e3o: <\/p>\n\n\n\n<ul class=\"wp-block-list\">\n<li>Secret\u00e1rio Nacional do Consumidor (presidente do GT);<\/li>\n\n\n\n<li>Diretor de Prote\u00e7\u00e3o e Defesa do Consumidor;<\/li>\n\n\n\n<li>Representante da Secretaria de Acesso \u00e0 Justi\u00e7a.<\/li>\n<\/ul>\n\n\n\n<p>Al\u00e9m disso, est\u00e3o convidados a participar representantes do <a class=\"suno-keyword\" data-force=\"no\" data-priority=\"2\" href=\"https:\/\/www.suno.com.br\/artigos\/ministerio-da-fazenda\/\" target=\"_blank\" rel=\"noopener\">Minist\u00e9rio da Fazenda<\/a>, da Federa\u00e7\u00e3o Brasileira dos Bancos (Febraban), da Associa\u00e7\u00e3o Brasileira dos Bancos, do Conselho Nacional das Defensoras e Defensores P\u00fablicos-Gerais e da Associa\u00e7\u00e3o Brasileira dos Procons (Proconbrasil).<\/p>\n\n\n\n<p>Os participantes n\u00e3o receber\u00e3o qualquer remunera\u00e7\u00e3o espec\u00edfica pelo GT, sendo reconhecido que &#8220;os trabalhos nele desenvolvidos ser\u00e3o considerados presta\u00e7\u00e3o de servi\u00e7o p\u00fablico relevante.\u201d<\/p>\n\n\n\n<p>Ao fim dos trabalhos, um relat\u00f3rio dever\u00e1 ser entregue ao <strong>Ministro da Justi\u00e7a<\/strong> e Seguran\u00e7a P\u00fablica. <\/p>\n\n\n\n<h2 class=\"wp-block-heading\">Banco central aponta que endividamento das fam\u00edlias caiu em outubro de 2023<\/h2>\n\n\n\n<p>No m\u00eas de outubro, o<strong> endividamento das fam\u00edlias<\/strong> brasileiras com o sistema financeiro fechou em queda de 47,6%, menor do que em setembro (47,7%). Os dados oficiais apontam que o recorde da s\u00e9rie hist\u00f3rica do <strong>Banco Central <\/strong>ocorreu no m\u00eas de julho de 2022 (50,1%).<\/p>\n\n\n\n<p>O <strong>endividamento<\/strong>, descontadas d\u00edvidas imobili\u00e1rias, ficou em 30,2% em outubro de 2023, mesma taxa de setembro.<\/p>\n\n\n\n<p>Outubro foi o quarto m\u00eas de opera\u00e7\u00e3o do programa federal de <strong>renegocia\u00e7\u00e3o de d\u00edvidas<\/strong> Desenrola. Na fase do programa iniciada no dia 17 de julho foi poss\u00edvel renegociar d\u00edvidas banc\u00e1rias de consumidores que ganham at\u00e9 R$ 20 mil mensais, sem garantia do <a class=\"suno-keyword\" data-force=\"no\" data-priority=\"2\" href=\"https:\/\/www.suno.com.br\/artigos\/tesouro-nacional\/\" target=\"_blank\" rel=\"noopener\">Tesouro Nacional<\/a>.<\/p>\n\n\n\n<p>Al\u00e9m disso, o nome de pessoas que tinham d\u00edvidas de at\u00e9 R$ 100 nos bancos foi &#8220;desnegativado&#8221; automaticamente, sem o perd\u00e3o dos compromissos.<\/p>\n\n\n\n<p>A segunda fase, para quem ganha at\u00e9 dois sal\u00e1rios m\u00ednimos (R$ 2.640,00), come\u00e7ou no fim de setembro e tem garantia do Tesouro.<\/p>\n\n\n\n<p><em>Com informa\u00e7\u00f5es de Ag\u00eancia Brasil e Estad\u00e3o Conte\u00fado.<\/em><\/p>\n","protected":false},"excerpt":{"rendered":"<p>Um grupo de trabalho (GT) para a preven\u00e7\u00e3o e tratamento do superendividamento de consumidores brasileiros acaba foi instaurado, conforme publica\u00e7\u00e3o no Di\u00e1rio Oficial da Uni\u00e3o. Endividamento familiar &#8211; Foto: Pixabay A portaria, publicada na sexta-feira (12) no DOU informa que o GT criado pelo Minist\u00e9rio da Justi\u00e7a e Seguran\u00e7a P\u00fablica (MJSP) quer promover a formula\u00e7\u00e3o [&hellip;]<\/p>\n","protected":false},"author":283,"featured_media":439739,"comment_status":"closed","ping_status":"closed","sticky":false,"template":"","format":"standard","meta":[],"categories":[62],"tags":[106444,1814,1858],"suno_strategy":[],"class_list":["post-510300","post","type-post","status-publish","format-standard","has-post-thumbnail","hentry","category-economia","tag-agencias","tag-diario-oficial-da-uniao","tag-endividamento"],"yoast_head":"<!-- This site is optimized with the Yoast SEO plugin v24.4 - https:\/\/yoast.com\/wordpress\/plugins\/seo\/ -->\n<title>Superendividamento das fam\u00edlias ser\u00e1 foco de novo grupo de trabalho<\/title>\n<meta name=\"description\" content=\"Um grupo de trabalho (GT) para combate ao superendividamento de fam\u00edlias foi criaod pelo MJSP, informa publica\u00e7\u00e3o no Di\u00e1rio Oficial da Uni\u00e3o.\" \/>\n<meta name=\"robots\" content=\"index, follow, max-snippet:-1, max-image-preview:large, max-video-preview:-1\" \/>\n<link rel=\"canonical\" href=\"https:\/\/www.suno.com.br\/noticias\/superendividamento-familias-grupo-trabalho-cpf\/\" \/>\n<meta property=\"og:locale\" content=\"pt_BR\" \/>\n<meta property=\"og:type\" content=\"article\" \/>\n<meta property=\"og:title\" content=\"Superendividamento das fam\u00edlias ser\u00e1 foco de novo grupo de trabalho\" \/>\n<meta property=\"og:description\" content=\"Um grupo de trabalho (GT) para combate ao superendividamento de fam\u00edlias foi criaod pelo MJSP, informa publica\u00e7\u00e3o no Di\u00e1rio Oficial da Uni\u00e3o.\" \/>\n<meta property=\"og:url\" content=\"https:\/\/www.suno.com.br\/noticias\/superendividamento-familias-grupo-trabalho-cpf\/\" \/>\n<meta property=\"og:site_name\" content=\"Suno Not\u00edcias\" \/>\n<meta property=\"article:publisher\" content=\"https:\/\/facebook.com\/sunoresearch\" \/>\n<meta property=\"og:image\" content=\"http:\/\/files.sunoresearch.com.br\/n\/uploads\/2023\/08\/Endividamento.jpg\" \/>\n\t<meta property=\"og:image:width\" content=\"1280\" \/>\n\t<meta property=\"og:image:height\" content=\"853\" \/>\n\t<meta property=\"og:image:type\" content=\"image\/jpeg\" \/>\n<meta name=\"author\" content=\"Camila Paim\" \/>\n<meta name=\"twitter:card\" content=\"summary_large_image\" \/>\n<meta name=\"twitter:creator\" content=\"@sunoresearch\" \/>\n<meta name=\"twitter:site\" content=\"@sunoresearch\" \/>\n<meta name=\"twitter:label1\" content=\"Escrito por\" \/>\n\t<meta name=\"twitter:data1\" content=\"Camila Paim\" \/>\n\t<meta name=\"twitter:label2\" content=\"Est. tempo de leitura\" \/>\n\t<meta name=\"twitter:data2\" content=\"2 minutos\" \/>\n<script type=\"application\/ld+json\" class=\"yoast-schema-graph\">{\"@context\":\"https:\/\/schema.org\",\"@graph\":[{\"@type\":\"NewsArticle\",\"@id\":\"https:\/\/www.suno.com.br\/noticias\/superendividamento-familias-grupo-trabalho-cpf\/#article\",\"isPartOf\":{\"@id\":\"https:\/\/www.suno.com.br\/noticias\/superendividamento-familias-grupo-trabalho-cpf\/\"},\"author\":{\"name\":\"Camila Paim\",\"@id\":\"https:\/\/www.suno.com.br\/noticias\/#\/schema\/person\/f341d3ae5d1cc685176c9a5327cdfdbb\"},\"headline\":\"Superendividamento das fam\u00edlias ser\u00e1 foco de novo grupo de trabalho, divulga DOU\",\"datePublished\":\"2024-01-13T20:55:00+00:00\",\"mainEntityOfPage\":{\"@id\":\"https:\/\/www.suno.com.br\/noticias\/superendividamento-familias-grupo-trabalho-cpf\/\"},\"wordCount\":423,\"publisher\":{\"@id\":\"https:\/\/www.suno.com.br\/noticias\/#organization\"},\"image\":{\"@id\":\"https:\/\/www.suno.com.br\/noticias\/superendividamento-familias-grupo-trabalho-cpf\/#primaryimage\"},\"thumbnailUrl\":\"https:\/\/files.sunoresearch.com.br\/n\/uploads\/2023\/08\/Endividamento.jpg\",\"keywords\":[\"Ag\u00eancias\",\"Di\u00e1rio Oficial da Uni\u00e3o\",\"endividamento\"],\"articleSection\":[\"Economia\"],\"inLanguage\":\"pt-BR\"},{\"@type\":\"WebPage\",\"@id\":\"https:\/\/www.suno.com.br\/noticias\/superendividamento-familias-grupo-trabalho-cpf\/\",\"url\":\"https:\/\/www.suno.com.br\/noticias\/superendividamento-familias-grupo-trabalho-cpf\/\",\"name\":\"Superendividamento das fam\u00edlias ser\u00e1 foco de novo grupo de trabalho\",\"isPartOf\":{\"@id\":\"https:\/\/www.suno.com.br\/noticias\/#website\"},\"primaryImageOfPage\":{\"@id\":\"https:\/\/www.suno.com.br\/noticias\/superendividamento-familias-grupo-trabalho-cpf\/#primaryimage\"},\"image\":{\"@id\":\"https:\/\/www.suno.com.br\/noticias\/superendividamento-familias-grupo-trabalho-cpf\/#primaryimage\"},\"thumbnailUrl\":\"https:\/\/files.sunoresearch.com.br\/n\/uploads\/2023\/08\/Endividamento.jpg\",\"datePublished\":\"2024-01-13T20:55:00+00:00\",\"description\":\"Um grupo de trabalho (GT) para combate ao superendividamento de fam\u00edlias foi criaod pelo MJSP, informa publica\u00e7\u00e3o no Di\u00e1rio Oficial da Uni\u00e3o.\",\"breadcrumb\":{\"@id\":\"https:\/\/www.suno.com.br\/noticias\/superendividamento-familias-grupo-trabalho-cpf\/#breadcrumb\"},\"inLanguage\":\"pt-BR\",\"potentialAction\":[{\"@type\":\"ReadAction\",\"target\":[\"https:\/\/www.suno.com.br\/noticias\/superendividamento-familias-grupo-trabalho-cpf\/\"]}]},{\"@type\":\"ImageObject\",\"inLanguage\":\"pt-BR\",\"@id\":\"https:\/\/www.suno.com.br\/noticias\/superendividamento-familias-grupo-trabalho-cpf\/#primaryimage\",\"url\":\"https:\/\/files.sunoresearch.com.br\/n\/uploads\/2023\/08\/Endividamento.jpg\",\"contentUrl\":\"https:\/\/files.sunoresearch.com.br\/n\/uploads\/2023\/08\/Endividamento.jpg\",\"width\":1280,\"height\":853,\"caption\":\"Endividamento familiar - Foto: Pixabay\"},{\"@type\":\"BreadcrumbList\",\"@id\":\"https:\/\/www.suno.com.br\/noticias\/superendividamento-familias-grupo-trabalho-cpf\/#breadcrumb\",\"itemListElement\":[{\"@type\":\"ListItem\",\"position\":1,\"name\":\"Not\u00edcias\",\"item\":\"https:\/\/www.suno.com.br\/noticias\/\"},{\"@type\":\"ListItem\",\"position\":2,\"name\":\"Economia\",\"item\":\"https:\/\/www.suno.com.br\/noticias\/economia\/\"},{\"@type\":\"ListItem\",\"position\":3,\"name\":\"Superendividamento das fam\u00edlias ser\u00e1 foco de novo grupo de trabalho, divulga DOU\"}]},{\"@type\":\"WebSite\",\"@id\":\"https:\/\/www.suno.com.br\/noticias\/#website\",\"url\":\"https:\/\/www.suno.com.br\/noticias\/\",\"name\":\"Suno Not\u00edcias\",\"description\":\"Seu portal de informa\u00e7\u00e3o sobre o mundo dos investimentos\",\"publisher\":{\"@id\":\"https:\/\/www.suno.com.br\/noticias\/#organization\"},\"potentialAction\":[{\"@type\":\"SearchAction\",\"target\":{\"@type\":\"EntryPoint\",\"urlTemplate\":\"https:\/\/www.suno.com.br\/noticias\/?s={search_term_string}\"},\"query-input\":{\"@type\":\"PropertyValueSpecification\",\"valueRequired\":true,\"valueName\":\"search_term_string\"}}],\"inLanguage\":\"pt-BR\"},{\"@type\":\"Organization\",\"@id\":\"https:\/\/www.suno.com.br\/noticias\/#organization\",\"name\":\"Suno Not\u00edcias\",\"url\":\"https:\/\/www.suno.com.br\/noticias\/\",\"logo\":{\"@type\":\"ImageObject\",\"inLanguage\":\"pt-BR\",\"@id\":\"https:\/\/www.suno.com.br\/noticias\/#\/schema\/logo\/image\/\",\"url\":\"https:\/\/files.sunoresearch.com.br\/n\/uploads\/2021\/09\/suno-logo.png\",\"contentUrl\":\"https:\/\/files.sunoresearch.com.br\/n\/uploads\/2021\/09\/suno-logo.png\",\"width\":180,\"height\":180,\"caption\":\"Suno Not\u00edcias\"},\"image\":{\"@id\":\"https:\/\/www.suno.com.br\/noticias\/#\/schema\/logo\/image\/\"},\"sameAs\":[\"https:\/\/facebook.com\/sunoresearch\",\"https:\/\/x.com\/sunoresearch\",\"https:\/\/www.instagram.com\/suno\",\"https:\/\/www.linkedin.com\/company\/suno-research\/\",\"https:\/\/www.youtube.com\/c\/sunoresearch\"]},{\"@type\":\"Person\",\"@id\":\"https:\/\/www.suno.com.br\/noticias\/#\/schema\/person\/f341d3ae5d1cc685176c9a5327cdfdbb\",\"name\":\"Camila Paim\",\"image\":{\"@type\":\"ImageObject\",\"inLanguage\":\"pt-BR\",\"@id\":\"https:\/\/www.suno.com.br\/noticias\/#\/schema\/person\/image\/\",\"url\":\"https:\/\/secure.gravatar.com\/avatar\/f33728e65febb1aa7ecf6792956f9b20?s=96&r=g\",\"contentUrl\":\"https:\/\/secure.gravatar.com\/avatar\/f33728e65febb1aa7ecf6792956f9b20?s=96&r=g\",\"caption\":\"Camila Paim\"},\"description\":\"Jornalista formada pela USP, tem experi\u00eancia em reda\u00e7\u00f5es, SEO, Branded Content e Webdesign. Com passagem pelo Jornal da USP, Empiricus e C6 Bank, hoje \u00e9 rep\u00f3rter no Suno Not\u00edcias cobrindo macroeconomia, finan\u00e7as pessoais e startups.\",\"url\":\"https:\/\/www.suno.com.br\/noticias\/author\/camila-figueiredosuno-com-br\/\"}]}<\/script>\n<!-- \/ Yoast SEO plugin. -->","yoast_head_json":{"title":"Superendividamento das fam\u00edlias ser\u00e1 foco de novo grupo de trabalho","description":"Um grupo de trabalho (GT) para combate ao superendividamento de fam\u00edlias foi criaod pelo MJSP, informa publica\u00e7\u00e3o no Di\u00e1rio Oficial da Uni\u00e3o.","robots":{"index":"index","follow":"follow","max-snippet":"max-snippet:-1","max-image-preview":"max-image-preview:large","max-video-preview":"max-video-preview:-1"},"canonical":"https:\/\/www.suno.com.br\/noticias\/superendividamento-familias-grupo-trabalho-cpf\/","og_locale":"pt_BR","og_type":"article","og_title":"Superendividamento das fam\u00edlias ser\u00e1 foco de novo grupo de trabalho","og_description":"Um grupo de trabalho (GT) para combate ao superendividamento de fam\u00edlias foi criaod pelo MJSP, informa publica\u00e7\u00e3o no Di\u00e1rio Oficial da Uni\u00e3o.","og_url":"https:\/\/www.suno.com.br\/noticias\/superendividamento-familias-grupo-trabalho-cpf\/","og_site_name":"Suno Not\u00edcias","article_publisher":"https:\/\/facebook.com\/sunoresearch","og_image":[{"width":1280,"height":853,"url":"http:\/\/files.sunoresearch.com.br\/n\/uploads\/2023\/08\/Endividamento.jpg","type":"image\/jpeg"}],"author":"Camila Paim","twitter_card":"summary_large_image","twitter_creator":"@sunoresearch","twitter_site":"@sunoresearch","twitter_misc":{"Escrito por":"Camila Paim","Est. tempo de leitura":"2 minutos"},"schema":{"@context":"https:\/\/schema.org","@graph":[{"@type":"NewsArticle","@id":"https:\/\/www.suno.com.br\/noticias\/superendividamento-familias-grupo-trabalho-cpf\/#article","isPartOf":{"@id":"https:\/\/www.suno.com.br\/noticias\/superendividamento-familias-grupo-trabalho-cpf\/"},"author":{"name":"Camila Paim","@id":"https:\/\/www.suno.com.br\/noticias\/#\/schema\/person\/f341d3ae5d1cc685176c9a5327cdfdbb"},"headline":"Superendividamento das fam\u00edlias ser\u00e1 foco de novo grupo de trabalho, divulga DOU","datePublished":"2024-01-13T20:55:00+00:00","mainEntityOfPage":{"@id":"https:\/\/www.suno.com.br\/noticias\/superendividamento-familias-grupo-trabalho-cpf\/"},"wordCount":423,"publisher":{"@id":"https:\/\/www.suno.com.br\/noticias\/#organization"},"image":{"@id":"https:\/\/www.suno.com.br\/noticias\/superendividamento-familias-grupo-trabalho-cpf\/#primaryimage"},"thumbnailUrl":"https:\/\/files.sunoresearch.com.br\/n\/uploads\/2023\/08\/Endividamento.jpg","keywords":["Ag\u00eancias","Di\u00e1rio Oficial da Uni\u00e3o","endividamento"],"articleSection":["Economia"],"inLanguage":"pt-BR"},{"@type":"WebPage","@id":"https:\/\/www.suno.com.br\/noticias\/superendividamento-familias-grupo-trabalho-cpf\/","url":"https:\/\/www.suno.com.br\/noticias\/superendividamento-familias-grupo-trabalho-cpf\/","name":"Superendividamento das fam\u00edlias ser\u00e1 foco de novo grupo de trabalho","isPartOf":{"@id":"https:\/\/www.suno.com.br\/noticias\/#website"},"primaryImageOfPage":{"@id":"https:\/\/www.suno.com.br\/noticias\/superendividamento-familias-grupo-trabalho-cpf\/#primaryimage"},"image":{"@id":"https:\/\/www.suno.com.br\/noticias\/superendividamento-familias-grupo-trabalho-cpf\/#primaryimage"},"thumbnailUrl":"https:\/\/files.sunoresearch.com.br\/n\/uploads\/2023\/08\/Endividamento.jpg","datePublished":"2024-01-13T20:55:00+00:00","description":"Um grupo de trabalho (GT) para combate ao superendividamento de fam\u00edlias foi criaod pelo MJSP, informa publica\u00e7\u00e3o no Di\u00e1rio Oficial da Uni\u00e3o.","breadcrumb":{"@id":"https:\/\/www.suno.com.br\/noticias\/superendividamento-familias-grupo-trabalho-cpf\/#breadcrumb"},"inLanguage":"pt-BR","potentialAction":[{"@type":"ReadAction","target":["https:\/\/www.suno.com.br\/noticias\/superendividamento-familias-grupo-trabalho-cpf\/"]}]},{"@type":"ImageObject","inLanguage":"pt-BR","@id":"https:\/\/www.suno.com.br\/noticias\/superendividamento-familias-grupo-trabalho-cpf\/#primaryimage","url":"https:\/\/files.sunoresearch.com.br\/n\/uploads\/2023\/08\/Endividamento.jpg","contentUrl":"https:\/\/files.sunoresearch.com.br\/n\/uploads\/2023\/08\/Endividamento.jpg","width":1280,"height":853,"caption":"Endividamento familiar - Foto: Pixabay"},{"@type":"BreadcrumbList","@id":"https:\/\/www.suno.com.br\/noticias\/superendividamento-familias-grupo-trabalho-cpf\/#breadcrumb","itemListElement":[{"@type":"ListItem","position":1,"name":"Not\u00edcias","item":"https:\/\/www.suno.com.br\/noticias\/"},{"@type":"ListItem","position":2,"name":"Economia","item":"https:\/\/www.suno.com.br\/noticias\/economia\/"},{"@type":"ListItem","position":3,"name":"Superendividamento das fam\u00edlias ser\u00e1 foco de novo grupo de trabalho, divulga DOU"}]},{"@type":"WebSite","@id":"https:\/\/www.suno.com.br\/noticias\/#website","url":"https:\/\/www.suno.com.br\/noticias\/","name":"Suno Not\u00edcias","description":"Seu portal de informa\u00e7\u00e3o sobre o mundo dos investimentos","publisher":{"@id":"https:\/\/www.suno.com.br\/noticias\/#organization"},"potentialAction":[{"@type":"SearchAction","target":{"@type":"EntryPoint","urlTemplate":"https:\/\/www.suno.com.br\/noticias\/?s={search_term_string}"},"query-input":{"@type":"PropertyValueSpecification","valueRequired":true,"valueName":"search_term_string"}}],"inLanguage":"pt-BR"},{"@type":"Organization","@id":"https:\/\/www.suno.com.br\/noticias\/#organization","name":"Suno Not\u00edcias","url":"https:\/\/www.suno.com.br\/noticias\/","logo":{"@type":"ImageObject","inLanguage":"pt-BR","@id":"https:\/\/www.suno.com.br\/noticias\/#\/schema\/logo\/image\/","url":"https:\/\/files.sunoresearch.com.br\/n\/uploads\/2021\/09\/suno-logo.png","contentUrl":"https:\/\/files.sunoresearch.com.br\/n\/uploads\/2021\/09\/suno-logo.png","width":180,"height":180,"caption":"Suno Not\u00edcias"},"image":{"@id":"https:\/\/www.suno.com.br\/noticias\/#\/schema\/logo\/image\/"},"sameAs":["https:\/\/facebook.com\/sunoresearch","https:\/\/x.com\/sunoresearch","https:\/\/www.instagram.com\/suno","https:\/\/www.linkedin.com\/company\/suno-research\/","https:\/\/www.youtube.com\/c\/sunoresearch"]},{"@type":"Person","@id":"https:\/\/www.suno.com.br\/noticias\/#\/schema\/person\/f341d3ae5d1cc685176c9a5327cdfdbb","name":"Camila Paim","image":{"@type":"ImageObject","inLanguage":"pt-BR","@id":"https:\/\/www.suno.com.br\/noticias\/#\/schema\/person\/image\/","url":"https:\/\/secure.gravatar.com\/avatar\/f33728e65febb1aa7ecf6792956f9b20?s=96&r=g","contentUrl":"https:\/\/secure.gravatar.com\/avatar\/f33728e65febb1aa7ecf6792956f9b20?s=96&r=g","caption":"Camila Paim"},"description":"Jornalista formada pela USP, tem experi\u00eancia em reda\u00e7\u00f5es, SEO, Branded Content e Webdesign. Com passagem pelo Jornal da USP, Empiricus e C6 Bank, hoje \u00e9 rep\u00f3rter no Suno Not\u00edcias cobrindo macroeconomia, finan\u00e7as pessoais e startups.","url":"https:\/\/www.suno.com.br\/noticias\/author\/camila-figueiredosuno-com-br\/"}]}},"default_loop_html":"<div class=\"cardsPage__listCard__boxs\"><div class=\"cardsPage__listCard__boxs__img\"><a href=\"https:\/\/www.suno.com.br\/noticias\/superendividamento-familias-grupo-trabalho-cpf\/\"><img class=\"mask\" src=\"https:\/\/www.suno.com.br\/noticias\/wp-content\/themes\/suno\/resources\/images\/spotlight\/spotlight1img\/bg-mask.png\" alt=\"Image Mask\"\/><img src=\"https:\/\/files.sunoresearch.com.br\/n\/uploads\/2023\/08\/Endividamento-400x200.jpg\" alt=\"Superendividamento das fam\u00edlias ser\u00e1 foco de novo grupo de trabalho, divulga DOU\"\/><\/a><span class=\"spotlightCategory\"><a href=\"https:\/\/www.suno.com.br\/noticias\/economia\/\">Economia<\/a><\/span><\/div><div class=\"cardsPage__listCard__boxs__content\"><a href=\"https:\/\/www.suno.com.br\/noticias\/superendividamento-familias-grupo-trabalho-cpf\/\"><h2 class=\"content__title\">Superendividamento das fam\u00edlias ser\u00e1 foco de novo grupo de trabalho, divulga DOU<\/h2><\/a><div class=\"newsContent__article__meta\"><div class=\"newsContent__article__meta__authorBox\"><a href=\"https:\/\/www.suno.com.br\/noticias\/author\/camila-figueiredosuno-com-br\/\" class=\"authorBox__avatar noMobi\"><img src=\"https:\/\/files.sunoresearch.com.br\/n\/uploads\/2024\/05\/camila-paim-square-150x150.jpg\" alt=\"Camila Paim\"><\/a><div class=\"authorBox__name\"><span>por\n\t\t\t<a href=\"https:\/\/www.suno.com.br\/noticias\/author\/camila-figueiredosuno-com-br\/\"><span itemprop=\"author\">Camila Paim<\/span><\/a><\/span><time datetime=\"2024-01-13T17:55:00-03:00\" itemprop=\"datePublished\">13\/01\/2024 17:55<\/time><\/div><\/div><\/div><\/div><\/div>","single_layout":"posts","amp_enabled":true,"_links":{"self":[{"href":"https:\/\/www.suno.com.br\/noticias\/wp-json\/wp\/v2\/posts\/510300"}],"collection":[{"href":"https:\/\/www.suno.com.br\/noticias\/wp-json\/wp\/v2\/posts"}],"about":[{"href":"https:\/\/www.suno.com.br\/noticias\/wp-json\/wp\/v2\/types\/post"}],"author":[{"embeddable":true,"href":"https:\/\/www.suno.com.br\/noticias\/wp-json\/wp\/v2\/users\/283"}],"replies":[{"embeddable":true,"href":"https:\/\/www.suno.com.br\/noticias\/wp-json\/wp\/v2\/comments?post=510300"}],"version-history":[{"count":3,"href":"https:\/\/www.suno.com.br\/noticias\/wp-json\/wp\/v2\/posts\/510300\/revisions"}],"predecessor-version":[{"id":510319,"href":"https:\/\/www.suno.com.br\/noticias\/wp-json\/wp\/v2\/posts\/510300\/revisions\/510319"}],"wp:featuredmedia":[{"embeddable":true,"href":"https:\/\/www.suno.com.br\/noticias\/wp-json\/wp\/v2\/media\/439739"}],"wp:attachment":[{"href":"https:\/\/www.suno.com.br\/noticias\/wp-json\/wp\/v2\/media?parent=510300"}],"wp:term":[{"taxonomy":"category","embeddable":true,"href":"https:\/\/www.suno.com.br\/noticias\/wp-json\/wp\/v2\/categories?post=510300"},{"taxonomy":"post_tag","embeddable":true,"href":"https:\/\/www.suno.com.br\/noticias\/wp-json\/wp\/v2\/tags?post=510300"},{"taxonomy":"suno_strategy","embeddable":true,"href":"https:\/\/www.suno.com.br\/noticias\/wp-json\/wp\/v2\/suno_strategy?post=510300"}],"curies":[{"name":"wp","href":"https:\/\/api.w.org\/{rel}","templated":true}]}}