{"id":510011,"date":"2024-01-12T13:43:22","date_gmt":"2024-01-12T16:43:22","guid":{"rendered":"https:\/\/www.suno.com.br\/noticias\/?p=510011"},"modified":"2024-01-12T13:43:38","modified_gmt":"2024-01-12T16:43:38","slug":"citi-citigroup-demite-funcionarios-2026-evm","status":"publish","type":"post","link":"https:\/\/www.suno.com.br\/noticias\/citi-citigroup-demite-funcionarios-2026-evm\/","title":{"rendered":"Citi vai demitir 20 mil funcion\u00e1rios at\u00e9 o fim de 2026"},"content":{"rendered":"<p>O <a href=\"https:\/\/www.suno.com.br\/noticias\/citi-vende-carteira-russia\/\" target=\"_blank\" rel=\"noreferrer noopener\"><strong>Citi<\/strong><\/a> est\u00e1 avan\u00e7ando em seu plano de reestrutura\u00e7\u00e3o plurianual, e pretende fazer novos cortes de pessoal.<\/p><div class=\"videoFull \">\n\t\t\t<div class=\"videoWrapper yt-lazyload center\"\n\t\t\t\tdata-width=\"960\"\n\t\t\t\tdata-height=\"540\"\n\t\t\t\tdata-id=\"pSnhfHxJp9g\"\n\t\t\t\tdata-alt=\"V\u00eddeo do YouTube - clique para reproduzir\"\n\t\t\t\tdata-logo=\"3\"\n\t\t\t\tdata-imagequality=\"maxres\">\n\t\t\t<\/div>\n\t\t<\/div><script type=\"application\/ld+json\">{\"@context\":\"https:\/\/schema.org\",\"@type\":\"VideoObject\",\"name\":\"\ud83d\udd34 DIVIDENDOS DA PETROBRAS (PETR4) | Nubank de volta ao IPO | Microsoft vira mais valiosa do mundo\",\"description\":\"#mercadofinanceiro #a\u00e7\u00f5es #investimentos #bolsadevalores #ibovespa #dinheiro #finan\u00e7as #pol\u00edtica #d\u00f3lar #livedas19h #petr4 #petr3 #petrobras #vale3 #vale #a\u00e7\u00f5es #economia #dividendos #stf #nubank #roxo34 #nubr33 #microsoft #msft34 00:00 In\u00edcio do v\u00eddeo 01:32 Fechamento de preg\u00e3o 04:48 Dividendos extraordin\u00e1rios da Petrobras 09:41 Lewandowski como Ministro da Justi\u00e7a 13:23 Microsoft vira empresa mais valiosa do mundo 16:12 Nubank de volta\u2026\",\"duration\":\"PT28M18S\",\"embedUrl\":\"https:\/\/www.youtube.com\/embed\/pSnhfHxJp9g\",\"regionsAllowed\":\"en-US\",\"interactionStatistic\":{\"@type\":\"InteractionCounter\",\"interactionType\":{\"@type\":\"WatchAction\"},\"userInteractionCount\":3000},\"thumbnailUrl\":\"https:\/\/i.ytimg.com\/vi\/pSnhfHxJp9g\/default.jpg\",\"uploadDate\":\"2024-01-12T10:42:27Z\"}<\/script>\n\n\n\n\n\t<p>\n\t\t<a href=\"https:\/\/lp.suno.com.br\/planilha-da-vida-financeira\/\" target=\"_blank\" data-element=\"shortcode-suno-banner\" title=\"Banner SUNO, clique e saiba mais\">\n\t\t\t<picture>\n\t\t\t\t<source media=\"(max-width: 500px)\" srcset=\"https:\/\/files.sunoresearch.com.br\/n\/uploads\/2023\/04\/400x300-Planilha-vida-financeira-true.png\">\n\t\t\t\t<img class=\"newsContent__article__imgCapa newsContent__article__imgCapa--banner\"\n\t\t\t\t\tsrc=\"https:\/\/files.sunoresearch.com.br\/n\/uploads\/2023\/04\/1420x240-Planilha-vida-financeira-true.png\"\n\t\t\t\t\tdata-promo-id=\"106682\"\t\t\t\t\t\t\t\t\t\twidth='1420' height='240'\t\t\t\t\talt=\"https:\/\/files.sunoresearch.com.br\/n\/uploads\/2023\/04\/1420x240-Planilha-vida-financeira-true.png\"\n\t\t\t\t>\n\t\t\t<\/picture>\n\t\t<\/a>\n\t<\/p>\n\n\n\n\n\n\n\n<p>Nesta sexta-feira (12), o Citigroup informou que planeja cortar cerca de 20 mil vagas de sua for\u00e7a de trabalho at\u00e9 o final de 2026.<\/p>\n\n\n\n<p>O Citi encerrou o ano de 2023 com cerca de 200 mil funcion\u00e1rios, excluindo as opera\u00e7\u00f5es no M\u00e9xico, que est\u00e1 sendo desmembrada.<\/p>\n\n\n\n<p>A CEO do Citigroup, Jane Fraser, tenta simplificar o crescente banco global. <\/p>\n\n\n\n<h2 class=\"wp-block-heading\">Citi quer &#8216;deixar varejo&#8217; em 14 pa\u00edses<\/h2>\n\n\n\n<p>Ainda em meados de julho de 2023, o banco comunicou que prev\u00ea avan\u00e7ar em sua estrat\u00e9gia de deixar o varejo banc\u00e1rio em 14 pa\u00edses da \u00c1sia, da Europa e do Oriente M\u00e9dio, al\u00e9m do Brasil (cuja opera\u00e7\u00e3o foi comprada pelo Ita\u00fa Unibanco).<\/p>\n\n\n\n<p>Paralelamente, espera concluir a separa\u00e7\u00e3o dos neg\u00f3cios do seu banco no <a href=\"https:\/\/www.suno.com.br\/noticias\/nubank-nubr33-expande-mexico\/\" target=\"_blank\" rel=\"noreferrer noopener\">M\u00e9xico<\/a>, o Banamex, at\u00e9 o ano que vem, e depois partir para uma oferta p\u00fablica inicial de a\u00e7\u00f5es (IPO, na sigla em ingl\u00eas), esperada para ocorrer at\u00e9 2025.<\/p>\n\n\n\n<p>Em teleconfer\u00eancia com analistas e investidores, a presidente do Citigroup, Jane Fraser, reafirmou a inten\u00e7\u00e3o do Citi de fazer um IPO do seu banco de varejo no M\u00e9xico, depois de tentar vend\u00ea-lo, sem sucesso, por press\u00e3o do presidente do M\u00e9xico, Andr\u00e9s Manuel L\u00f3pez Obrador. <\/p>\n\n\n\n<p>Bancos como o espanhol Santander e o brasileiro Ita\u00fa Unibanco chegaram a avaliar o ativo.<\/p>\n\n\n\n<p>A mudan\u00e7a de rota quanto ao Banamex foi anunciada pelo <strong>Citi<\/strong> em maio \u00faltimo e o <a href=\"https:\/\/www.suno.com.br\/guias\/ipo\/\" target=\"_blank\" rel=\"noreferrer noopener\">IPO<\/a> j\u00e1 era uma das possibilidades previstas pelo gigante de <a class=\"suno-keyword\" data-force=\"no\" data-priority=\"2\" href=\"https:\/\/www.suno.com.br\/artigos\/wall-street\/\" target=\"_blank\" rel=\"noopener\">Wall Street<\/a>.<\/p>\n\n\n\n<p>Com Estad\u00e3o Conte\u00fado<\/p>\n\n\n\t<p>\n\t\t<a href=\"https:\/\/lp.suno.com.br\/ebook-como-analisar-uma-acao\/\" target=\"_blank\" data-element=\"shortcode-suno-banner\" title=\"Banner SUNO, clique e saiba mais\">\n\t\t\t<picture>\n\t\t\t\t<source media=\"(max-width: 500px)\" srcset=\"https:\/\/files.sunoresearch.com.br\/n\/uploads\/2023\/03\/Ebook-Acoes-Mobile.jpg\">\n\t\t\t\t<img class=\"newsContent__article__imgCapa newsContent__article__imgCapa--banner\"\n\t\t\t\t\tsrc=\"https:\/\/files.sunoresearch.com.br\/n\/uploads\/2023\/03\/Ebook-Acoes-Desktop.jpg\"\n\t\t\t\t\tdata-promo-id=\"378302\"\t\t\t\t\t\t\t\t\t\twidth='1420' height='286'\t\t\t\t\talt=\"https:\/\/files.sunoresearch.com.br\/n\/uploads\/2023\/03\/Ebook-Acoes-Desktop.jpg\"\n\t\t\t\t>\n\t\t\t<\/picture>\n\t\t<\/a>\n\t<\/p>\n\n\n","protected":false},"excerpt":{"rendered":"<p>O Citi est\u00e1 avan\u00e7ando em seu plano de reestrutura\u00e7\u00e3o plurianual, e pretende fazer novos cortes de pessoal. Nesta sexta-feira (12), o Citigroup informou que planeja cortar cerca de 20 mil vagas de sua for\u00e7a de trabalho at\u00e9 o final de 2026. O Citi encerrou o ano de 2023 com cerca de 200 mil funcion\u00e1rios, excluindo [&hellip;]<\/p>\n","protected":false},"author":73,"featured_media":26605,"comment_status":"closed","ping_status":"closed","sticky":false,"template":"","format":"standard","meta":[],"categories":[64],"tags":[106444,1181,2753],"suno_strategy":[],"class_list":["post-510011","post","type-post","status-publish","format-standard","has-post-thumbnail","hentry","category-negocios","tag-agencias","tag-citibank","tag-citigroup-ctgp34"],"yoast_head":"<!-- This site is optimized with the Yoast SEO plugin v24.4 - https:\/\/yoast.com\/wordpress\/plugins\/seo\/ -->\n<title>Citi vai demitir 20 mil funcion\u00e1rios at\u00e9 o fim de 2026<\/title>\n<meta name=\"description\" content=\"O Citi encerrou o ano de 2023 com cerca de 200 mil funcion\u00e1rios, excluindo as opera\u00e7\u00f5es no M\u00e9xico, que est\u00e1 sendo desmembrada\" \/>\n<meta name=\"robots\" content=\"index, follow, max-snippet:-1, max-image-preview:large, max-video-preview:-1\" \/>\n<link rel=\"canonical\" href=\"https:\/\/www.suno.com.br\/noticias\/citi-citigroup-demite-funcionarios-2026-evm\/\" \/>\n<meta property=\"og:locale\" content=\"pt_BR\" \/>\n<meta property=\"og:type\" content=\"article\" \/>\n<meta property=\"og:title\" content=\"Citi vai demitir 20 mil funcion\u00e1rios at\u00e9 o fim de 2026\" \/>\n<meta property=\"og:description\" content=\"O Citi encerrou o ano de 2023 com cerca de 200 mil funcion\u00e1rios, excluindo as opera\u00e7\u00f5es no M\u00e9xico, que est\u00e1 sendo desmembrada\" \/>\n<meta property=\"og:url\" content=\"https:\/\/www.suno.com.br\/noticias\/citi-citigroup-demite-funcionarios-2026-evm\/\" \/>\n<meta property=\"og:site_name\" content=\"Suno Not\u00edcias\" \/>\n<meta property=\"article:publisher\" content=\"https:\/\/facebook.com\/sunoresearch\" \/>\n<meta property=\"og:image\" content=\"https:\/\/files.sunoresearch.com.br\/n\/uploads\/2019\/05\/f19c4877-citi-brasil.jpg\" \/>\n\t<meta property=\"og:image:width\" content=\"2048\" \/>\n\t<meta property=\"og:image:height\" content=\"1530\" \/>\n\t<meta property=\"og:image:type\" content=\"image\/jpeg\" \/>\n<meta name=\"author\" content=\"Eduardo Vargas\" \/>\n<meta name=\"twitter:card\" content=\"summary_large_image\" \/>\n<meta name=\"twitter:creator\" content=\"@sunoresearch\" \/>\n<meta name=\"twitter:site\" content=\"@sunoresearch\" \/>\n<meta name=\"twitter:label1\" content=\"Escrito por\" \/>\n\t<meta name=\"twitter:data1\" content=\"Eduardo Vargas\" \/>\n\t<meta name=\"twitter:label2\" content=\"Est. tempo de leitura\" \/>\n\t<meta name=\"twitter:data2\" content=\"2 minutos\" \/>\n<script type=\"application\/ld+json\" class=\"yoast-schema-graph\">{\"@context\":\"https:\/\/schema.org\",\"@graph\":[{\"@type\":\"NewsArticle\",\"@id\":\"https:\/\/www.suno.com.br\/noticias\/citi-citigroup-demite-funcionarios-2026-evm\/#article\",\"isPartOf\":{\"@id\":\"https:\/\/www.suno.com.br\/noticias\/citi-citigroup-demite-funcionarios-2026-evm\/\"},\"author\":{\"name\":\"Eduardo Vargas\",\"@id\":\"https:\/\/www.suno.com.br\/noticias\/#\/schema\/person\/7f4d362bf3518e76090143ae77bb49a5\"},\"headline\":\"Citi vai demitir 20 mil funcion\u00e1rios at\u00e9 o fim de 2026\",\"datePublished\":\"2024-01-12T16:43:22+00:00\",\"dateModified\":\"2024-01-12T16:43:38+00:00\",\"mainEntityOfPage\":{\"@id\":\"https:\/\/www.suno.com.br\/noticias\/citi-citigroup-demite-funcionarios-2026-evm\/\"},\"wordCount\":291,\"publisher\":{\"@id\":\"https:\/\/www.suno.com.br\/noticias\/#organization\"},\"image\":{\"@id\":\"https:\/\/www.suno.com.br\/noticias\/citi-citigroup-demite-funcionarios-2026-evm\/#primaryimage\"},\"thumbnailUrl\":\"https:\/\/files.sunoresearch.com.br\/n\/uploads\/2019\/05\/f19c4877-citi-brasil-jpg.webp\",\"keywords\":[\"Ag\u00eancias\",\"Citibank\",\"Citigroup (CTGP34)\"],\"articleSection\":[\"Neg\u00f3cios\"],\"inLanguage\":\"pt-BR\"},{\"@type\":\"WebPage\",\"@id\":\"https:\/\/www.suno.com.br\/noticias\/citi-citigroup-demite-funcionarios-2026-evm\/\",\"url\":\"https:\/\/www.suno.com.br\/noticias\/citi-citigroup-demite-funcionarios-2026-evm\/\",\"name\":\"Citi vai demitir 20 mil funcion\u00e1rios at\u00e9 o fim de 2026\",\"isPartOf\":{\"@id\":\"https:\/\/www.suno.com.br\/noticias\/#website\"},\"primaryImageOfPage\":{\"@id\":\"https:\/\/www.suno.com.br\/noticias\/citi-citigroup-demite-funcionarios-2026-evm\/#primaryimage\"},\"image\":{\"@id\":\"https:\/\/www.suno.com.br\/noticias\/citi-citigroup-demite-funcionarios-2026-evm\/#primaryimage\"},\"thumbnailUrl\":\"https:\/\/files.sunoresearch.com.br\/n\/uploads\/2019\/05\/f19c4877-citi-brasil-jpg.webp\",\"datePublished\":\"2024-01-12T16:43:22+00:00\",\"dateModified\":\"2024-01-12T16:43:38+00:00\",\"description\":\"O Citi encerrou o ano de 2023 com cerca de 200 mil funcion\u00e1rios, excluindo as opera\u00e7\u00f5es no M\u00e9xico, que est\u00e1 sendo desmembrada\",\"breadcrumb\":{\"@id\":\"https:\/\/www.suno.com.br\/noticias\/citi-citigroup-demite-funcionarios-2026-evm\/#breadcrumb\"},\"inLanguage\":\"pt-BR\",\"potentialAction\":[{\"@type\":\"ReadAction\",\"target\":[\"https:\/\/www.suno.com.br\/noticias\/citi-citigroup-demite-funcionarios-2026-evm\/\"]}]},{\"@type\":\"ImageObject\",\"inLanguage\":\"pt-BR\",\"@id\":\"https:\/\/www.suno.com.br\/noticias\/citi-citigroup-demite-funcionarios-2026-evm\/#primaryimage\",\"url\":\"https:\/\/files.sunoresearch.com.br\/n\/uploads\/2019\/05\/f19c4877-citi-brasil-jpg.webp\",\"contentUrl\":\"https:\/\/files.sunoresearch.com.br\/n\/uploads\/2019\/05\/f19c4877-citi-brasil-jpg.webp\",\"width\":2048,\"height\":1530,\"caption\":\"Citi Brasil; economia; recess\u00e3o\"},{\"@type\":\"BreadcrumbList\",\"@id\":\"https:\/\/www.suno.com.br\/noticias\/citi-citigroup-demite-funcionarios-2026-evm\/#breadcrumb\",\"itemListElement\":[{\"@type\":\"ListItem\",\"position\":1,\"name\":\"Not\u00edcias\",\"item\":\"https:\/\/www.suno.com.br\/noticias\/\"},{\"@type\":\"ListItem\",\"position\":2,\"name\":\"Neg\u00f3cios\",\"item\":\"https:\/\/www.suno.com.br\/noticias\/negocios\/\"},{\"@type\":\"ListItem\",\"position\":3,\"name\":\"Citi vai demitir 20 mil funcion\u00e1rios at\u00e9 o fim de 2026\"}]},{\"@type\":\"WebSite\",\"@id\":\"https:\/\/www.suno.com.br\/noticias\/#website\",\"url\":\"https:\/\/www.suno.com.br\/noticias\/\",\"name\":\"Suno Not\u00edcias\",\"description\":\"Seu portal de informa\u00e7\u00e3o sobre o mundo dos investimentos\",\"publisher\":{\"@id\":\"https:\/\/www.suno.com.br\/noticias\/#organization\"},\"potentialAction\":[{\"@type\":\"SearchAction\",\"target\":{\"@type\":\"EntryPoint\",\"urlTemplate\":\"https:\/\/www.suno.com.br\/noticias\/?s={search_term_string}\"},\"query-input\":{\"@type\":\"PropertyValueSpecification\",\"valueRequired\":true,\"valueName\":\"search_term_string\"}}],\"inLanguage\":\"pt-BR\"},{\"@type\":\"Organization\",\"@id\":\"https:\/\/www.suno.com.br\/noticias\/#organization\",\"name\":\"Suno Not\u00edcias\",\"url\":\"https:\/\/www.suno.com.br\/noticias\/\",\"logo\":{\"@type\":\"ImageObject\",\"inLanguage\":\"pt-BR\",\"@id\":\"https:\/\/www.suno.com.br\/noticias\/#\/schema\/logo\/image\/\",\"url\":\"https:\/\/files.sunoresearch.com.br\/n\/uploads\/2021\/09\/suno-logo.png\",\"contentUrl\":\"https:\/\/files.sunoresearch.com.br\/n\/uploads\/2021\/09\/suno-logo.png\",\"width\":180,\"height\":180,\"caption\":\"Suno Not\u00edcias\"},\"image\":{\"@id\":\"https:\/\/www.suno.com.br\/noticias\/#\/schema\/logo\/image\/\"},\"sameAs\":[\"https:\/\/facebook.com\/sunoresearch\",\"https:\/\/x.com\/sunoresearch\",\"https:\/\/www.instagram.com\/suno\",\"https:\/\/www.linkedin.com\/company\/suno-research\/\",\"https:\/\/www.youtube.com\/c\/sunoresearch\"]},{\"@type\":\"Person\",\"@id\":\"https:\/\/www.suno.com.br\/noticias\/#\/schema\/person\/7f4d362bf3518e76090143ae77bb49a5\",\"name\":\"Eduardo Vargas\",\"image\":{\"@type\":\"ImageObject\",\"inLanguage\":\"pt-BR\",\"@id\":\"https:\/\/www.suno.com.br\/noticias\/#\/schema\/person\/image\/\",\"url\":\"https:\/\/secure.gravatar.com\/avatar\/dac340933427a22924c9f99d1eb2e3f2?s=96&r=g\",\"contentUrl\":\"https:\/\/secure.gravatar.com\/avatar\/dac340933427a22924c9f99d1eb2e3f2?s=96&r=g\",\"caption\":\"Eduardo Vargas\"},\"description\":\"Jornalista formado pela UFSC, cobre macroeconomia, neg\u00f3cios e startups para o Suno Not\u00edcias, escrevendo principalmente not\u00edcias sobre o mercado financeiro e a bolsa de valores. No YouTube e no Instagram, \u00e9 respons\u00e1vel pela produ\u00e7\u00e3o de Reels e Shorts do Suno Not\u00edcias. Anteriormente, trabalhou cobrindo economia e cotidiano no ND+ e para o ND, maior jornal impresso de Santa Catarina. Cursou um semestre letivo de Estudos de M\u00eddia na Universidad de Buenos Aires.\",\"url\":\"https:\/\/www.suno.com.br\/noticias\/author\/eduardo-vargas\/\"}]}<\/script>\n<!-- \/ Yoast SEO plugin. -->","yoast_head_json":{"title":"Citi vai demitir 20 mil funcion\u00e1rios at\u00e9 o fim de 2026","description":"O Citi encerrou o ano de 2023 com cerca de 200 mil funcion\u00e1rios, excluindo as opera\u00e7\u00f5es no M\u00e9xico, que est\u00e1 sendo desmembrada","robots":{"index":"index","follow":"follow","max-snippet":"max-snippet:-1","max-image-preview":"max-image-preview:large","max-video-preview":"max-video-preview:-1"},"canonical":"https:\/\/www.suno.com.br\/noticias\/citi-citigroup-demite-funcionarios-2026-evm\/","og_locale":"pt_BR","og_type":"article","og_title":"Citi vai demitir 20 mil funcion\u00e1rios at\u00e9 o fim de 2026","og_description":"O Citi encerrou o ano de 2023 com cerca de 200 mil funcion\u00e1rios, excluindo as opera\u00e7\u00f5es no M\u00e9xico, que est\u00e1 sendo desmembrada","og_url":"https:\/\/www.suno.com.br\/noticias\/citi-citigroup-demite-funcionarios-2026-evm\/","og_site_name":"Suno Not\u00edcias","article_publisher":"https:\/\/facebook.com\/sunoresearch","og_image":[{"width":2048,"height":1530,"url":"https:\/\/files.sunoresearch.com.br\/n\/uploads\/2019\/05\/f19c4877-citi-brasil.jpg","type":"image\/jpeg"}],"author":"Eduardo Vargas","twitter_card":"summary_large_image","twitter_creator":"@sunoresearch","twitter_site":"@sunoresearch","twitter_misc":{"Escrito por":"Eduardo Vargas","Est. tempo de leitura":"2 minutos"},"schema":{"@context":"https:\/\/schema.org","@graph":[{"@type":"NewsArticle","@id":"https:\/\/www.suno.com.br\/noticias\/citi-citigroup-demite-funcionarios-2026-evm\/#article","isPartOf":{"@id":"https:\/\/www.suno.com.br\/noticias\/citi-citigroup-demite-funcionarios-2026-evm\/"},"author":{"name":"Eduardo Vargas","@id":"https:\/\/www.suno.com.br\/noticias\/#\/schema\/person\/7f4d362bf3518e76090143ae77bb49a5"},"headline":"Citi vai demitir 20 mil funcion\u00e1rios at\u00e9 o fim de 2026","datePublished":"2024-01-12T16:43:22+00:00","dateModified":"2024-01-12T16:43:38+00:00","mainEntityOfPage":{"@id":"https:\/\/www.suno.com.br\/noticias\/citi-citigroup-demite-funcionarios-2026-evm\/"},"wordCount":291,"publisher":{"@id":"https:\/\/www.suno.com.br\/noticias\/#organization"},"image":{"@id":"https:\/\/www.suno.com.br\/noticias\/citi-citigroup-demite-funcionarios-2026-evm\/#primaryimage"},"thumbnailUrl":"https:\/\/files.sunoresearch.com.br\/n\/uploads\/2019\/05\/f19c4877-citi-brasil-jpg.webp","keywords":["Ag\u00eancias","Citibank","Citigroup (CTGP34)"],"articleSection":["Neg\u00f3cios"],"inLanguage":"pt-BR"},{"@type":"WebPage","@id":"https:\/\/www.suno.com.br\/noticias\/citi-citigroup-demite-funcionarios-2026-evm\/","url":"https:\/\/www.suno.com.br\/noticias\/citi-citigroup-demite-funcionarios-2026-evm\/","name":"Citi vai demitir 20 mil funcion\u00e1rios at\u00e9 o fim de 2026","isPartOf":{"@id":"https:\/\/www.suno.com.br\/noticias\/#website"},"primaryImageOfPage":{"@id":"https:\/\/www.suno.com.br\/noticias\/citi-citigroup-demite-funcionarios-2026-evm\/#primaryimage"},"image":{"@id":"https:\/\/www.suno.com.br\/noticias\/citi-citigroup-demite-funcionarios-2026-evm\/#primaryimage"},"thumbnailUrl":"https:\/\/files.sunoresearch.com.br\/n\/uploads\/2019\/05\/f19c4877-citi-brasil-jpg.webp","datePublished":"2024-01-12T16:43:22+00:00","dateModified":"2024-01-12T16:43:38+00:00","description":"O Citi encerrou o ano de 2023 com cerca de 200 mil funcion\u00e1rios, excluindo as opera\u00e7\u00f5es no M\u00e9xico, que est\u00e1 sendo desmembrada","breadcrumb":{"@id":"https:\/\/www.suno.com.br\/noticias\/citi-citigroup-demite-funcionarios-2026-evm\/#breadcrumb"},"inLanguage":"pt-BR","potentialAction":[{"@type":"ReadAction","target":["https:\/\/www.suno.com.br\/noticias\/citi-citigroup-demite-funcionarios-2026-evm\/"]}]},{"@type":"ImageObject","inLanguage":"pt-BR","@id":"https:\/\/www.suno.com.br\/noticias\/citi-citigroup-demite-funcionarios-2026-evm\/#primaryimage","url":"https:\/\/files.sunoresearch.com.br\/n\/uploads\/2019\/05\/f19c4877-citi-brasil-jpg.webp","contentUrl":"https:\/\/files.sunoresearch.com.br\/n\/uploads\/2019\/05\/f19c4877-citi-brasil-jpg.webp","width":2048,"height":1530,"caption":"Citi Brasil; economia; recess\u00e3o"},{"@type":"BreadcrumbList","@id":"https:\/\/www.suno.com.br\/noticias\/citi-citigroup-demite-funcionarios-2026-evm\/#breadcrumb","itemListElement":[{"@type":"ListItem","position":1,"name":"Not\u00edcias","item":"https:\/\/www.suno.com.br\/noticias\/"},{"@type":"ListItem","position":2,"name":"Neg\u00f3cios","item":"https:\/\/www.suno.com.br\/noticias\/negocios\/"},{"@type":"ListItem","position":3,"name":"Citi vai demitir 20 mil funcion\u00e1rios at\u00e9 o fim de 2026"}]},{"@type":"WebSite","@id":"https:\/\/www.suno.com.br\/noticias\/#website","url":"https:\/\/www.suno.com.br\/noticias\/","name":"Suno Not\u00edcias","description":"Seu portal de informa\u00e7\u00e3o sobre o mundo dos investimentos","publisher":{"@id":"https:\/\/www.suno.com.br\/noticias\/#organization"},"potentialAction":[{"@type":"SearchAction","target":{"@type":"EntryPoint","urlTemplate":"https:\/\/www.suno.com.br\/noticias\/?s={search_term_string}"},"query-input":{"@type":"PropertyValueSpecification","valueRequired":true,"valueName":"search_term_string"}}],"inLanguage":"pt-BR"},{"@type":"Organization","@id":"https:\/\/www.suno.com.br\/noticias\/#organization","name":"Suno Not\u00edcias","url":"https:\/\/www.suno.com.br\/noticias\/","logo":{"@type":"ImageObject","inLanguage":"pt-BR","@id":"https:\/\/www.suno.com.br\/noticias\/#\/schema\/logo\/image\/","url":"https:\/\/files.sunoresearch.com.br\/n\/uploads\/2021\/09\/suno-logo.png","contentUrl":"https:\/\/files.sunoresearch.com.br\/n\/uploads\/2021\/09\/suno-logo.png","width":180,"height":180,"caption":"Suno Not\u00edcias"},"image":{"@id":"https:\/\/www.suno.com.br\/noticias\/#\/schema\/logo\/image\/"},"sameAs":["https:\/\/facebook.com\/sunoresearch","https:\/\/x.com\/sunoresearch","https:\/\/www.instagram.com\/suno","https:\/\/www.linkedin.com\/company\/suno-research\/","https:\/\/www.youtube.com\/c\/sunoresearch"]},{"@type":"Person","@id":"https:\/\/www.suno.com.br\/noticias\/#\/schema\/person\/7f4d362bf3518e76090143ae77bb49a5","name":"Eduardo Vargas","image":{"@type":"ImageObject","inLanguage":"pt-BR","@id":"https:\/\/www.suno.com.br\/noticias\/#\/schema\/person\/image\/","url":"https:\/\/secure.gravatar.com\/avatar\/dac340933427a22924c9f99d1eb2e3f2?s=96&r=g","contentUrl":"https:\/\/secure.gravatar.com\/avatar\/dac340933427a22924c9f99d1eb2e3f2?s=96&r=g","caption":"Eduardo Vargas"},"description":"Jornalista formado pela UFSC, cobre macroeconomia, neg\u00f3cios e startups para o Suno Not\u00edcias, escrevendo principalmente not\u00edcias sobre o mercado financeiro e a bolsa de valores. No YouTube e no Instagram, \u00e9 respons\u00e1vel pela produ\u00e7\u00e3o de Reels e Shorts do Suno Not\u00edcias. Anteriormente, trabalhou cobrindo economia e cotidiano no ND+ e para o ND, maior jornal impresso de Santa Catarina. Cursou um semestre letivo de Estudos de M\u00eddia na Universidad de Buenos Aires.","url":"https:\/\/www.suno.com.br\/noticias\/author\/eduardo-vargas\/"}]}},"default_loop_html":"<div class=\"cardsPage__listCard__boxs\"><div class=\"cardsPage__listCard__boxs__img\"><a href=\"https:\/\/www.suno.com.br\/noticias\/citi-citigroup-demite-funcionarios-2026-evm\/\"><img class=\"mask\" src=\"https:\/\/www.suno.com.br\/noticias\/wp-content\/themes\/suno\/resources\/images\/spotlight\/spotlight1img\/bg-mask.png\" alt=\"Image Mask\"\/><img src=\"https:\/\/files.sunoresearch.com.br\/n\/uploads\/2019\/05\/f19c4877-citi-brasil-400x200.webp\" alt=\"Citi vai demitir 20 mil funcion\u00e1rios at\u00e9 o fim de 2026\"\/><\/a><span class=\"spotlightCategory\"><a href=\"https:\/\/www.suno.com.br\/noticias\/negocios\/\">Neg\u00f3cios<\/a><\/span><\/div><div class=\"cardsPage__listCard__boxs__content\"><a href=\"https:\/\/www.suno.com.br\/noticias\/citi-citigroup-demite-funcionarios-2026-evm\/\"><h2 class=\"content__title\">Citi vai demitir 20 mil funcion\u00e1rios at\u00e9 o fim de 2026<\/h2><\/a><div class=\"newsContent__article__meta\"><div class=\"newsContent__article__meta__authorBox\"><a href=\"https:\/\/www.suno.com.br\/noticias\/author\/eduardo-vargas\/\" class=\"authorBox__avatar noMobi\"><img src=\"https:\/\/secure.gravatar.com\/avatar\/dac340933427a22924c9f99d1eb2e3f2?s=96&#038;r=g\" alt=\"Eduardo Vargas\"><\/a><div class=\"authorBox__name\"><span>por\n\t\t\t<a href=\"https:\/\/www.suno.com.br\/noticias\/author\/eduardo-vargas\/\"><span itemprop=\"author\">Eduardo Vargas<\/span><\/a><\/span><time datetime=\"2024-01-12T13:43:22-03:00\" itemprop=\"datePublished\">12\/01\/2024 13:43<\/time><\/div><\/div><\/div><\/div><\/div>","single_layout":"posts","amp_enabled":true,"_links":{"self":[{"href":"https:\/\/www.suno.com.br\/noticias\/wp-json\/wp\/v2\/posts\/510011"}],"collection":[{"href":"https:\/\/www.suno.com.br\/noticias\/wp-json\/wp\/v2\/posts"}],"about":[{"href":"https:\/\/www.suno.com.br\/noticias\/wp-json\/wp\/v2\/types\/post"}],"author":[{"embeddable":true,"href":"https:\/\/www.suno.com.br\/noticias\/wp-json\/wp\/v2\/users\/73"}],"replies":[{"embeddable":true,"href":"https:\/\/www.suno.com.br\/noticias\/wp-json\/wp\/v2\/comments?post=510011"}],"version-history":[{"count":3,"href":"https:\/\/www.suno.com.br\/noticias\/wp-json\/wp\/v2\/posts\/510011\/revisions"}],"predecessor-version":[{"id":510021,"href":"https:\/\/www.suno.com.br\/noticias\/wp-json\/wp\/v2\/posts\/510011\/revisions\/510021"}],"wp:featuredmedia":[{"embeddable":true,"href":"https:\/\/www.suno.com.br\/noticias\/wp-json\/wp\/v2\/media\/26605"}],"wp:attachment":[{"href":"https:\/\/www.suno.com.br\/noticias\/wp-json\/wp\/v2\/media?parent=510011"}],"wp:term":[{"taxonomy":"category","embeddable":true,"href":"https:\/\/www.suno.com.br\/noticias\/wp-json\/wp\/v2\/categories?post=510011"},{"taxonomy":"post_tag","embeddable":true,"href":"https:\/\/www.suno.com.br\/noticias\/wp-json\/wp\/v2\/tags?post=510011"},{"taxonomy":"suno_strategy","embeddable":true,"href":"https:\/\/www.suno.com.br\/noticias\/wp-json\/wp\/v2\/suno_strategy?post=510011"}],"curies":[{"name":"wp","href":"https:\/\/api.w.org\/{rel}","templated":true}]}}