{"id":50981,"date":"2020-01-27T11:29:42","date_gmt":"2020-01-27T13:29:42","guid":{"rendered":"https:\/\/www.suno.com.br\/noticias\/?p=50981"},"modified":"2020-01-28T11:19:34","modified_gmt":"2020-01-28T13:19:34","slug":"coronavirus-nikkei-maior-queda-diaria-5-meses-virus-china","status":"publish","type":"post","link":"https:\/\/www.suno.com.br\/noticias\/coronavirus-nikkei-maior-queda-diaria-5-meses-virus-china\/","title":{"rendered":"Coronav\u00edrus: Nikkei tem maior queda di\u00e1ria em 5 meses por conta do v\u00edrus na China"},"content":{"rendered":"<p>O \u00edndice <strong>Nikkei<\/strong>, do mercado de a\u00e7\u00f5es da <strong>Bolsa de T\u00f3quio<\/strong>, no Jap\u00e3o, teve a maior queda di\u00e1ria registrada em cinco meses nesta segunda-feira (27). Isso porque h\u00e1 preocupa\u00e7\u00f5es em torno do surto do <strong>coronav\u00edrus<\/strong> na China. As empresas relacionadas ao setor de turismo s\u00e3o as que est\u00e3o sendo mais pressionadas.<\/p>\t<div class=\"wrapper-featured-image\">\n\t\t<figure class=\"spotlightImg\">\n\n\t\t\t<picture>\n\t\t\t\t<source media=\"(max-width: 768px)\" srcset=\"https:\/\/files.sunoresearch.com.br\/n\/uploads\/2020\/01\/07e74a69-coronavirus-400x200.webp\">\n\t\t\t\t<img loading=\"lazy\" decoding=\"async\" class=\"newsContent__article__imgCapa lazyloadDisabled newsContent__article__imgCapa--noCaption\" src=\"https:\/\/files.sunoresearch.com.br\/n\/uploads\/2020\/01\/07e74a69-coronavirus-jpg.webp\" width=\"800\" height=\"450\" alt=\"Coronav\u00edrus: Nikkei tem maior queda di\u00e1ria em 5 meses por conta do v\u00edrus na China\" fetchpriority=high \/>\n\t\t\t<\/picture>\n\n\t\t\t<figcaption class=\"wp-caption-text wp-caption-text--hide\">A Organiza\u00e7\u00e3o Mundial da Sa\u00fade (OMS) alertou nesta sexta-feira (21) que pa\u00edses precisam agir r\u00e1pido para conter coronav\u00edrus. Para a institui\u00e7\u00e3o, a janela de oportunidade est\u00e1 se fechando.\u00a0<\/figcaption>\n\t\t<\/figure>\n\t<\/div>\n\n\n\n<p>O \u00edndice Nikkei teve um queda de 2,03%. Essa foi a maior queda percentual desde o dia 26 de agosto.<\/p>\n<p>A China chegou a aumentar o feriado de Ano Novo Lunar do pa\u00eds e determinar o fechamento de algumas grandes empresas. Dessa forma, muitos funcion\u00e1rios est\u00e3o fazendo home office para evitar a dissemina\u00e7\u00e3o do v\u00edrus. O n\u00famero de mortos pelo coronav\u00edrus j\u00e1 chega a 81.<\/p>\n<p><a href=\"https:\/\/www.suno.com.br\/noticias\/coronavirus-nao-e-uma-situacao-alarmante-diz-bolsonaro\/\">Veja tamb\u00e9m: Coronav\u00edrus \u201cn\u00e3o \u00e9 uma situa\u00e7\u00e3o alarmante\u201d no Brasil, diz Bolsonaro<\/a><\/p>\n<p>&#8220;Embora n\u00e3o possamos dizer quanto a doen\u00e7a vai se espalhar, uma coisa que podemos dizer com certeza agora \u00e9 que o consumo na China j\u00e1 est\u00e1 sendo afetado conforme Pequim tenta conter a epidemia&#8221;, afirmou Hiroyuki Ueno, estrategista s\u00eanior do Sumitomo Mitsui Trust Asset Management.<\/p>\n<h2>China pro\u00edbe viagens ao exterior por conta do coronav\u00edrus<\/h2>\n<p>O governo da China decidiu, no \u00faltimo s\u00e1bado (25), proibir as viagens tur\u00edsticas de cidad\u00e3os chineses ao exterior. A decis\u00e3o foi tomada pelo <strong>Executivo de Pequim<\/strong> para tentar conter a epidemia de coronav\u00edrus<strong>.<\/strong><\/p>\n<p>Atualmente 1.372 casos de contamina\u00e7\u00e3o por\u00a0coronav\u00edrus\u00a0foram confirmados na\u00a0China. J\u00e1 s\u00e3o 81 mortes provocadas pelo v\u00edrus, entre as quais a de um m\u00e9dico que atendia pacientes infectados na cidade de <strong>Wuhan<\/strong>, de 11 milh\u00f5es de habitantes, na prov\u00edncia de Hubei.<\/p>\n<p>A regi\u00e3o \u00e9 o foco central do surto da epidemia. Tanto que o pr\u00f3prio consulado dos Estados Unidos ordenou a evacua\u00e7\u00e3o de todos seus funcion\u00e1rios em Wuhan.<\/p>\n\t<p>\n\t\t<a href=\"https:\/\/lp.suno.com.br\/minicurso-investindo-fiis\/\" target=\"_blank\" data-element=\"shortcode-suno-banner\" title=\"Banner SUNO, clique e saiba mais\">\n\t\t\t<picture>\n\t\t\t\t<source media=\"(max-width: 500px)\" srcset=\"https:\/\/files.sunoresearch.com.br\/n\/uploads\/2023\/03\/400x300-Minicurso-FIIS.png\">\n\t\t\t\t<img class=\"newsContent__article__imgCapa newsContent__article__imgCapa--banner\"\n\t\t\t\t\tsrc=\"https:\/\/files.sunoresearch.com.br\/n\/uploads\/2023\/03\/1420x240-Minicurso-FIIS.png\"\n\t\t\t\t\tdata-promo-id=\"383125\"\t\t\t\t\t\t\t\t\t\twidth='1420' height='240'\t\t\t\t\talt=\"https:\/\/files.sunoresearch.com.br\/n\/uploads\/2023\/03\/1420x240-Minicurso-FIIS.png\"\n\t\t\t\t>\n\t\t\t<\/picture>\n\t\t<\/a>\n\t<\/p>\n\n\n<p>A suspens\u00e3o das viagens tur\u00edsticas ao exterior entrar\u00e1 em vigor a partir desta segunda-feira (27). H\u00e1 doze pa\u00edses que j\u00e1 confirmaram casos de cont\u00e1gio pelo <strong>coronav\u00edrus<\/strong>:<\/p>\n<ul>\n<li>Jap\u00e3o<\/li>\n<li>Estados Unidos<\/li>\n<li>Fran\u00e7a<\/li>\n<li>Coreia do Sul<\/li>\n<li>Austr\u00e1lia<\/li>\n<\/ul>\n<p>Al\u00e9m da proibi\u00e7\u00e3o de viagens, todos os ve\u00edculos foram proibidos de circular pelas estradas de Wuhan a partir do \u00faltimo domingo (26), com a excep\u00e7\u00e3o dos carros oficiais e caminh\u00f5es de carga.<\/p>\n<p>O presidente chin\u00eas, Xi Jinping<strong>,<\/strong> declarou neste s\u00e1bado que o pa\u00eds asi\u00e1tico est\u00e1 enfrentando uma &#8220;situa\u00e7\u00e3o grave&#8221;. O Comit\u00ea Permanente do Politburo da China se reuniu para discutir a situa\u00e7\u00e3o e elaborar planos de resposta para a epidemia do <strong>coronav\u00edrus<\/strong>.<\/p>\n\n","protected":false},"excerpt":{"rendered":"<p>O \u00edndice Nikkei, do mercado de a\u00e7\u00f5es da Bolsa de T\u00f3quio, no Jap\u00e3o, teve a maior queda di\u00e1ria registrada em cinco meses nesta segunda-feira (27). Isso porque h\u00e1 preocupa\u00e7\u00f5es em torno do surto do coronav\u00edrus na China. As empresas relacionadas ao setor de turismo s\u00e3o as que est\u00e3o sendo mais pressionadas. A Organiza\u00e7\u00e3o Mundial da [&hellip;]<\/p>\n","protected":false},"author":19,"featured_media":50997,"comment_status":"closed","ping_status":"closed","sticky":false,"template":"","format":"standard","meta":[],"categories":[63],"tags":[711,2487],"suno_strategy":[],"class_list":["post-50981","post","type-post","status-publish","format-standard","has-post-thumbnail","hentry","category-internacional","tag-china","tag-coronavirus"],"yoast_head":"<!-- This site is optimized with the Yoast SEO plugin v24.4 - https:\/\/yoast.com\/wordpress\/plugins\/seo\/ -->\n<title>Coronav\u00edrus: Nikkei registra forte queda por conta de v\u00edrus na China<\/title>\n<meta name=\"description\" content=\"O \u00edndice Nikkei registrou a maior queda di\u00e1ria em cinco meses nesta segunda-feira (27) por conta do coronav\u00edrus. Clique aqui para saber mais.\" \/>\n<meta name=\"robots\" content=\"index, follow, max-snippet:-1, max-image-preview:large, max-video-preview:-1\" \/>\n<link rel=\"canonical\" href=\"https:\/\/www.suno.com.br\/noticias\/coronavirus-nikkei-maior-queda-diaria-5-meses-virus-china\/\" \/>\n<meta property=\"og:locale\" content=\"pt_BR\" \/>\n<meta property=\"og:type\" content=\"article\" \/>\n<meta property=\"og:title\" content=\"Coronav\u00edrus: Nikkei registra forte queda por conta de v\u00edrus na China\" \/>\n<meta property=\"og:description\" content=\"O \u00edndice Nikkei registrou a maior queda di\u00e1ria em cinco meses nesta segunda-feira (27) por conta do coronav\u00edrus. Clique aqui para saber mais.\" \/>\n<meta property=\"og:url\" content=\"https:\/\/www.suno.com.br\/noticias\/coronavirus-nikkei-maior-queda-diaria-5-meses-virus-china\/\" \/>\n<meta property=\"og:site_name\" content=\"Suno Not\u00edcias\" \/>\n<meta property=\"article:publisher\" content=\"https:\/\/facebook.com\/sunoresearch\" \/>\n<meta property=\"og:image\" content=\"https:\/\/files.sunoresearch.com.br\/n\/uploads\/2020\/01\/07e74a69-coronavirus.jpg\" \/>\n\t<meta property=\"og:image:width\" content=\"660\" \/>\n\t<meta property=\"og:image:height\" content=\"371\" \/>\n\t<meta property=\"og:image:type\" content=\"image\/jpeg\" \/>\n<meta name=\"author\" content=\"Juliano Passaro\" \/>\n<meta name=\"twitter:card\" content=\"summary_large_image\" \/>\n<meta name=\"twitter:creator\" content=\"@sunoresearch\" \/>\n<meta name=\"twitter:site\" content=\"@sunoresearch\" \/>\n<meta name=\"twitter:label1\" content=\"Escrito por\" \/>\n\t<meta name=\"twitter:data1\" content=\"Juliano Passaro\" \/>\n\t<meta name=\"twitter:label2\" content=\"Est. tempo de leitura\" \/>\n\t<meta name=\"twitter:data2\" content=\"2 minutos\" \/>\n<script type=\"application\/ld+json\" class=\"yoast-schema-graph\">{\"@context\":\"https:\/\/schema.org\",\"@graph\":[{\"@type\":\"NewsArticle\",\"@id\":\"https:\/\/www.suno.com.br\/noticias\/coronavirus-nikkei-maior-queda-diaria-5-meses-virus-china\/#article\",\"isPartOf\":{\"@id\":\"https:\/\/www.suno.com.br\/noticias\/coronavirus-nikkei-maior-queda-diaria-5-meses-virus-china\/\"},\"author\":{\"name\":\"Juliano Passaro\",\"@id\":\"https:\/\/www.suno.com.br\/noticias\/#\/schema\/person\/1db762f78ffd8919a648a63e425953e3\"},\"headline\":\"Coronav\u00edrus: Nikkei tem maior queda di\u00e1ria em 5 meses por conta do v\u00edrus na China\",\"datePublished\":\"2020-01-27T13:29:42+00:00\",\"dateModified\":\"2020-01-28T13:19:34+00:00\",\"mainEntityOfPage\":{\"@id\":\"https:\/\/www.suno.com.br\/noticias\/coronavirus-nikkei-maior-queda-diaria-5-meses-virus-china\/\"},\"wordCount\":465,\"publisher\":{\"@id\":\"https:\/\/www.suno.com.br\/noticias\/#organization\"},\"image\":{\"@id\":\"https:\/\/www.suno.com.br\/noticias\/coronavirus-nikkei-maior-queda-diaria-5-meses-virus-china\/#primaryimage\"},\"thumbnailUrl\":\"https:\/\/files.sunoresearch.com.br\/n\/uploads\/2020\/01\/07e74a69-coronavirus-jpg.webp\",\"keywords\":[\"China\",\"coronav\u00edrus\"],\"articleSection\":[\"Internacional\"],\"inLanguage\":\"pt-BR\"},{\"@type\":\"WebPage\",\"@id\":\"https:\/\/www.suno.com.br\/noticias\/coronavirus-nikkei-maior-queda-diaria-5-meses-virus-china\/\",\"url\":\"https:\/\/www.suno.com.br\/noticias\/coronavirus-nikkei-maior-queda-diaria-5-meses-virus-china\/\",\"name\":\"Coronav\u00edrus: Nikkei registra forte queda por conta de v\u00edrus na China\",\"isPartOf\":{\"@id\":\"https:\/\/www.suno.com.br\/noticias\/#website\"},\"primaryImageOfPage\":{\"@id\":\"https:\/\/www.suno.com.br\/noticias\/coronavirus-nikkei-maior-queda-diaria-5-meses-virus-china\/#primaryimage\"},\"image\":{\"@id\":\"https:\/\/www.suno.com.br\/noticias\/coronavirus-nikkei-maior-queda-diaria-5-meses-virus-china\/#primaryimage\"},\"thumbnailUrl\":\"https:\/\/files.sunoresearch.com.br\/n\/uploads\/2020\/01\/07e74a69-coronavirus-jpg.webp\",\"datePublished\":\"2020-01-27T13:29:42+00:00\",\"dateModified\":\"2020-01-28T13:19:34+00:00\",\"description\":\"O \u00edndice Nikkei registrou a maior queda di\u00e1ria em cinco meses nesta segunda-feira (27) por conta do coronav\u00edrus. Clique aqui para saber mais.\",\"breadcrumb\":{\"@id\":\"https:\/\/www.suno.com.br\/noticias\/coronavirus-nikkei-maior-queda-diaria-5-meses-virus-china\/#breadcrumb\"},\"inLanguage\":\"pt-BR\",\"potentialAction\":[{\"@type\":\"ReadAction\",\"target\":[\"https:\/\/www.suno.com.br\/noticias\/coronavirus-nikkei-maior-queda-diaria-5-meses-virus-china\/\"]}]},{\"@type\":\"ImageObject\",\"inLanguage\":\"pt-BR\",\"@id\":\"https:\/\/www.suno.com.br\/noticias\/coronavirus-nikkei-maior-queda-diaria-5-meses-virus-china\/#primaryimage\",\"url\":\"https:\/\/files.sunoresearch.com.br\/n\/uploads\/2020\/01\/07e74a69-coronavirus-jpg.webp\",\"contentUrl\":\"https:\/\/files.sunoresearch.com.br\/n\/uploads\/2020\/01\/07e74a69-coronavirus-jpg.webp\",\"width\":660,\"height\":371,\"caption\":\"A Organiza\u00e7\u00e3o Mundial da Sa\u00fade (OMS) alertou nesta sexta-feira (21) que pa\u00edses precisam agir r\u00e1pido para conter coronav\u00edrus. Para a institui\u00e7\u00e3o, a janela de oportunidade est\u00e1 se fechando.\u00a0\"},{\"@type\":\"BreadcrumbList\",\"@id\":\"https:\/\/www.suno.com.br\/noticias\/coronavirus-nikkei-maior-queda-diaria-5-meses-virus-china\/#breadcrumb\",\"itemListElement\":[{\"@type\":\"ListItem\",\"position\":1,\"name\":\"Not\u00edcias\",\"item\":\"https:\/\/www.suno.com.br\/noticias\/\"},{\"@type\":\"ListItem\",\"position\":2,\"name\":\"Internacional\",\"item\":\"https:\/\/www.suno.com.br\/noticias\/internacional\/\"},{\"@type\":\"ListItem\",\"position\":3,\"name\":\"Coronav\u00edrus: Nikkei tem maior queda di\u00e1ria em 5 meses por conta do v\u00edrus na China\"}]},{\"@type\":\"WebSite\",\"@id\":\"https:\/\/www.suno.com.br\/noticias\/#website\",\"url\":\"https:\/\/www.suno.com.br\/noticias\/\",\"name\":\"Suno Not\u00edcias\",\"description\":\"Seu portal de informa\u00e7\u00e3o sobre o mundo dos investimentos\",\"publisher\":{\"@id\":\"https:\/\/www.suno.com.br\/noticias\/#organization\"},\"potentialAction\":[{\"@type\":\"SearchAction\",\"target\":{\"@type\":\"EntryPoint\",\"urlTemplate\":\"https:\/\/www.suno.com.br\/noticias\/?s={search_term_string}\"},\"query-input\":{\"@type\":\"PropertyValueSpecification\",\"valueRequired\":true,\"valueName\":\"search_term_string\"}}],\"inLanguage\":\"pt-BR\"},{\"@type\":\"Organization\",\"@id\":\"https:\/\/www.suno.com.br\/noticias\/#organization\",\"name\":\"Suno Not\u00edcias\",\"url\":\"https:\/\/www.suno.com.br\/noticias\/\",\"logo\":{\"@type\":\"ImageObject\",\"inLanguage\":\"pt-BR\",\"@id\":\"https:\/\/www.suno.com.br\/noticias\/#\/schema\/logo\/image\/\",\"url\":\"https:\/\/files.sunoresearch.com.br\/n\/uploads\/2021\/09\/suno-logo.png\",\"contentUrl\":\"https:\/\/files.sunoresearch.com.br\/n\/uploads\/2021\/09\/suno-logo.png\",\"width\":180,\"height\":180,\"caption\":\"Suno Not\u00edcias\"},\"image\":{\"@id\":\"https:\/\/www.suno.com.br\/noticias\/#\/schema\/logo\/image\/\"},\"sameAs\":[\"https:\/\/facebook.com\/sunoresearch\",\"https:\/\/x.com\/sunoresearch\",\"https:\/\/www.instagram.com\/suno\",\"https:\/\/www.linkedin.com\/company\/suno-research\/\",\"https:\/\/www.youtube.com\/c\/sunoresearch\"]},{\"@type\":\"Person\",\"@id\":\"https:\/\/www.suno.com.br\/noticias\/#\/schema\/person\/1db762f78ffd8919a648a63e425953e3\",\"name\":\"Juliano Passaro\",\"image\":{\"@type\":\"ImageObject\",\"inLanguage\":\"pt-BR\",\"@id\":\"https:\/\/www.suno.com.br\/noticias\/#\/schema\/person\/image\/\",\"url\":\"https:\/\/secure.gravatar.com\/avatar\/743d4df28eebf6dcc46b4ad03c319e92?s=96&r=g\",\"contentUrl\":\"https:\/\/secure.gravatar.com\/avatar\/743d4df28eebf6dcc46b4ad03c319e92?s=96&r=g\",\"caption\":\"Juliano Passaro\"},\"description\":\"Juliano Passaro escreve sobre pol\u00edtica, economia e neg\u00f3cios para o portal da Suno Research. Antes da Suno, trabalhou no Portal da Band. \u00c9 formado em jornalismo pela Universidade Presbiteriana Mackenzie.\",\"url\":\"https:\/\/www.suno.com.br\/noticias\/author\/juliano\/\"}]}<\/script>\n<!-- \/ Yoast SEO plugin. -->","yoast_head_json":{"title":"Coronav\u00edrus: Nikkei registra forte queda por conta de v\u00edrus na China","description":"O \u00edndice Nikkei registrou a maior queda di\u00e1ria em cinco meses nesta segunda-feira (27) por conta do coronav\u00edrus. Clique aqui para saber mais.","robots":{"index":"index","follow":"follow","max-snippet":"max-snippet:-1","max-image-preview":"max-image-preview:large","max-video-preview":"max-video-preview:-1"},"canonical":"https:\/\/www.suno.com.br\/noticias\/coronavirus-nikkei-maior-queda-diaria-5-meses-virus-china\/","og_locale":"pt_BR","og_type":"article","og_title":"Coronav\u00edrus: Nikkei registra forte queda por conta de v\u00edrus na China","og_description":"O \u00edndice Nikkei registrou a maior queda di\u00e1ria em cinco meses nesta segunda-feira (27) por conta do coronav\u00edrus. Clique aqui para saber mais.","og_url":"https:\/\/www.suno.com.br\/noticias\/coronavirus-nikkei-maior-queda-diaria-5-meses-virus-china\/","og_site_name":"Suno Not\u00edcias","article_publisher":"https:\/\/facebook.com\/sunoresearch","og_image":[{"width":660,"height":371,"url":"https:\/\/files.sunoresearch.com.br\/n\/uploads\/2020\/01\/07e74a69-coronavirus.jpg","type":"image\/jpeg"}],"author":"Juliano Passaro","twitter_card":"summary_large_image","twitter_creator":"@sunoresearch","twitter_site":"@sunoresearch","twitter_misc":{"Escrito por":"Juliano Passaro","Est. tempo de leitura":"2 minutos"},"schema":{"@context":"https:\/\/schema.org","@graph":[{"@type":"NewsArticle","@id":"https:\/\/www.suno.com.br\/noticias\/coronavirus-nikkei-maior-queda-diaria-5-meses-virus-china\/#article","isPartOf":{"@id":"https:\/\/www.suno.com.br\/noticias\/coronavirus-nikkei-maior-queda-diaria-5-meses-virus-china\/"},"author":{"name":"Juliano Passaro","@id":"https:\/\/www.suno.com.br\/noticias\/#\/schema\/person\/1db762f78ffd8919a648a63e425953e3"},"headline":"Coronav\u00edrus: Nikkei tem maior queda di\u00e1ria em 5 meses por conta do v\u00edrus na China","datePublished":"2020-01-27T13:29:42+00:00","dateModified":"2020-01-28T13:19:34+00:00","mainEntityOfPage":{"@id":"https:\/\/www.suno.com.br\/noticias\/coronavirus-nikkei-maior-queda-diaria-5-meses-virus-china\/"},"wordCount":465,"publisher":{"@id":"https:\/\/www.suno.com.br\/noticias\/#organization"},"image":{"@id":"https:\/\/www.suno.com.br\/noticias\/coronavirus-nikkei-maior-queda-diaria-5-meses-virus-china\/#primaryimage"},"thumbnailUrl":"https:\/\/files.sunoresearch.com.br\/n\/uploads\/2020\/01\/07e74a69-coronavirus-jpg.webp","keywords":["China","coronav\u00edrus"],"articleSection":["Internacional"],"inLanguage":"pt-BR"},{"@type":"WebPage","@id":"https:\/\/www.suno.com.br\/noticias\/coronavirus-nikkei-maior-queda-diaria-5-meses-virus-china\/","url":"https:\/\/www.suno.com.br\/noticias\/coronavirus-nikkei-maior-queda-diaria-5-meses-virus-china\/","name":"Coronav\u00edrus: Nikkei registra forte queda por conta de v\u00edrus na China","isPartOf":{"@id":"https:\/\/www.suno.com.br\/noticias\/#website"},"primaryImageOfPage":{"@id":"https:\/\/www.suno.com.br\/noticias\/coronavirus-nikkei-maior-queda-diaria-5-meses-virus-china\/#primaryimage"},"image":{"@id":"https:\/\/www.suno.com.br\/noticias\/coronavirus-nikkei-maior-queda-diaria-5-meses-virus-china\/#primaryimage"},"thumbnailUrl":"https:\/\/files.sunoresearch.com.br\/n\/uploads\/2020\/01\/07e74a69-coronavirus-jpg.webp","datePublished":"2020-01-27T13:29:42+00:00","dateModified":"2020-01-28T13:19:34+00:00","description":"O \u00edndice Nikkei registrou a maior queda di\u00e1ria em cinco meses nesta segunda-feira (27) por conta do coronav\u00edrus. Clique aqui para saber mais.","breadcrumb":{"@id":"https:\/\/www.suno.com.br\/noticias\/coronavirus-nikkei-maior-queda-diaria-5-meses-virus-china\/#breadcrumb"},"inLanguage":"pt-BR","potentialAction":[{"@type":"ReadAction","target":["https:\/\/www.suno.com.br\/noticias\/coronavirus-nikkei-maior-queda-diaria-5-meses-virus-china\/"]}]},{"@type":"ImageObject","inLanguage":"pt-BR","@id":"https:\/\/www.suno.com.br\/noticias\/coronavirus-nikkei-maior-queda-diaria-5-meses-virus-china\/#primaryimage","url":"https:\/\/files.sunoresearch.com.br\/n\/uploads\/2020\/01\/07e74a69-coronavirus-jpg.webp","contentUrl":"https:\/\/files.sunoresearch.com.br\/n\/uploads\/2020\/01\/07e74a69-coronavirus-jpg.webp","width":660,"height":371,"caption":"A Organiza\u00e7\u00e3o Mundial da Sa\u00fade (OMS) alertou nesta sexta-feira (21) que pa\u00edses precisam agir r\u00e1pido para conter coronav\u00edrus. Para a institui\u00e7\u00e3o, a janela de oportunidade est\u00e1 se fechando.\u00a0"},{"@type":"BreadcrumbList","@id":"https:\/\/www.suno.com.br\/noticias\/coronavirus-nikkei-maior-queda-diaria-5-meses-virus-china\/#breadcrumb","itemListElement":[{"@type":"ListItem","position":1,"name":"Not\u00edcias","item":"https:\/\/www.suno.com.br\/noticias\/"},{"@type":"ListItem","position":2,"name":"Internacional","item":"https:\/\/www.suno.com.br\/noticias\/internacional\/"},{"@type":"ListItem","position":3,"name":"Coronav\u00edrus: Nikkei tem maior queda di\u00e1ria em 5 meses por conta do v\u00edrus na China"}]},{"@type":"WebSite","@id":"https:\/\/www.suno.com.br\/noticias\/#website","url":"https:\/\/www.suno.com.br\/noticias\/","name":"Suno Not\u00edcias","description":"Seu portal de informa\u00e7\u00e3o sobre o mundo dos investimentos","publisher":{"@id":"https:\/\/www.suno.com.br\/noticias\/#organization"},"potentialAction":[{"@type":"SearchAction","target":{"@type":"EntryPoint","urlTemplate":"https:\/\/www.suno.com.br\/noticias\/?s={search_term_string}"},"query-input":{"@type":"PropertyValueSpecification","valueRequired":true,"valueName":"search_term_string"}}],"inLanguage":"pt-BR"},{"@type":"Organization","@id":"https:\/\/www.suno.com.br\/noticias\/#organization","name":"Suno Not\u00edcias","url":"https:\/\/www.suno.com.br\/noticias\/","logo":{"@type":"ImageObject","inLanguage":"pt-BR","@id":"https:\/\/www.suno.com.br\/noticias\/#\/schema\/logo\/image\/","url":"https:\/\/files.sunoresearch.com.br\/n\/uploads\/2021\/09\/suno-logo.png","contentUrl":"https:\/\/files.sunoresearch.com.br\/n\/uploads\/2021\/09\/suno-logo.png","width":180,"height":180,"caption":"Suno Not\u00edcias"},"image":{"@id":"https:\/\/www.suno.com.br\/noticias\/#\/schema\/logo\/image\/"},"sameAs":["https:\/\/facebook.com\/sunoresearch","https:\/\/x.com\/sunoresearch","https:\/\/www.instagram.com\/suno","https:\/\/www.linkedin.com\/company\/suno-research\/","https:\/\/www.youtube.com\/c\/sunoresearch"]},{"@type":"Person","@id":"https:\/\/www.suno.com.br\/noticias\/#\/schema\/person\/1db762f78ffd8919a648a63e425953e3","name":"Juliano Passaro","image":{"@type":"ImageObject","inLanguage":"pt-BR","@id":"https:\/\/www.suno.com.br\/noticias\/#\/schema\/person\/image\/","url":"https:\/\/secure.gravatar.com\/avatar\/743d4df28eebf6dcc46b4ad03c319e92?s=96&r=g","contentUrl":"https:\/\/secure.gravatar.com\/avatar\/743d4df28eebf6dcc46b4ad03c319e92?s=96&r=g","caption":"Juliano Passaro"},"description":"Juliano Passaro escreve sobre pol\u00edtica, economia e neg\u00f3cios para o portal da Suno Research. Antes da Suno, trabalhou no Portal da Band. \u00c9 formado em jornalismo pela Universidade Presbiteriana Mackenzie.","url":"https:\/\/www.suno.com.br\/noticias\/author\/juliano\/"}]}},"default_loop_html":"<div class=\"cardsPage__listCard__boxs\"><div class=\"cardsPage__listCard__boxs__img\"><a href=\"https:\/\/www.suno.com.br\/noticias\/coronavirus-nikkei-maior-queda-diaria-5-meses-virus-china\/\"><img class=\"mask\" src=\"https:\/\/www.suno.com.br\/noticias\/wp-content\/themes\/suno\/resources\/images\/spotlight\/spotlight1img\/bg-mask.png\" alt=\"Image Mask\"\/><img src=\"https:\/\/files.sunoresearch.com.br\/n\/uploads\/2020\/01\/07e74a69-coronavirus-400x200.webp\" alt=\"Coronav\u00edrus: Nikkei tem maior queda di\u00e1ria em 5 meses por conta do v\u00edrus na China\"\/><\/a><span class=\"spotlightCategory\"><a href=\"https:\/\/www.suno.com.br\/noticias\/internacional\/\">Internacional<\/a><\/span><\/div><div class=\"cardsPage__listCard__boxs__content\"><a href=\"https:\/\/www.suno.com.br\/noticias\/coronavirus-nikkei-maior-queda-diaria-5-meses-virus-china\/\"><h2 class=\"content__title\">Coronav\u00edrus: Nikkei tem maior queda di\u00e1ria em 5 meses por conta do v\u00edrus na China<\/h2><\/a><div class=\"newsContent__article__meta\"><div class=\"newsContent__article__meta__authorBox\"><a href=\"https:\/\/www.suno.com.br\/noticias\/author\/juliano\/\" class=\"authorBox__avatar noMobi\"><img src=\"https:\/\/files.sunoresearch.com.br\/n\/uploads\/2019\/06\/7cc3efea-whatsapp-image-2019-07-18-at-21.59.33-e1563499821209-150x150.webp\" alt=\"Juliano Passaro\"><\/a><div class=\"authorBox__name\"><span>por\n\t\t\t<a href=\"https:\/\/www.suno.com.br\/noticias\/author\/juliano\/\"><span itemprop=\"author\">Juliano Passaro<\/span><\/a><\/span><time datetime=\"2020-01-27T11:29:42-03:00\" itemprop=\"datePublished\">27\/01\/2020 11:29<\/time><\/div><\/div><\/div><\/div><\/div>","single_layout":"posts","amp_enabled":true,"_links":{"self":[{"href":"https:\/\/www.suno.com.br\/noticias\/wp-json\/wp\/v2\/posts\/50981"}],"collection":[{"href":"https:\/\/www.suno.com.br\/noticias\/wp-json\/wp\/v2\/posts"}],"about":[{"href":"https:\/\/www.suno.com.br\/noticias\/wp-json\/wp\/v2\/types\/post"}],"author":[{"embeddable":true,"href":"https:\/\/www.suno.com.br\/noticias\/wp-json\/wp\/v2\/users\/19"}],"replies":[{"embeddable":true,"href":"https:\/\/www.suno.com.br\/noticias\/wp-json\/wp\/v2\/comments?post=50981"}],"version-history":[{"count":0,"href":"https:\/\/www.suno.com.br\/noticias\/wp-json\/wp\/v2\/posts\/50981\/revisions"}],"wp:featuredmedia":[{"embeddable":true,"href":"https:\/\/www.suno.com.br\/noticias\/wp-json\/wp\/v2\/media\/50997"}],"wp:attachment":[{"href":"https:\/\/www.suno.com.br\/noticias\/wp-json\/wp\/v2\/media?parent=50981"}],"wp:term":[{"taxonomy":"category","embeddable":true,"href":"https:\/\/www.suno.com.br\/noticias\/wp-json\/wp\/v2\/categories?post=50981"},{"taxonomy":"post_tag","embeddable":true,"href":"https:\/\/www.suno.com.br\/noticias\/wp-json\/wp\/v2\/tags?post=50981"},{"taxonomy":"suno_strategy","embeddable":true,"href":"https:\/\/www.suno.com.br\/noticias\/wp-json\/wp\/v2\/suno_strategy?post=50981"}],"curies":[{"name":"wp","href":"https:\/\/api.w.org\/{rel}","templated":true}]}}