{"id":509548,"date":"2024-01-11T16:37:39","date_gmt":"2024-01-11T19:37:39","guid":{"rendered":"https:\/\/www.suno.com.br\/noticias\/?p=509548"},"modified":"2024-01-11T16:37:43","modified_gmt":"2024-01-11T19:37:43","slug":"eletrobras-elet3-moraes-atende-stf-age-furnas","status":"publish","type":"post","link":"https:\/\/www.suno.com.br\/noticias\/eletrobras-elet3-moraes-atende-stf-age-furnas\/","title":{"rendered":"Eletrobras (ELET3): Moraes atende empresa e permite instala\u00e7\u00e3o da AGE para votar incorpora\u00e7\u00e3o de Furnas"},"content":{"rendered":"<p>O ministro Alexandre de Moraes, do Supremo Tribunal Federal (STF), atendeu ao pedido da <a class=\"suno-keyword\" target=\"_blank\" data-force=\"yes\" data-priority=\"2\" href=\"https:\/\/www.suno.com.br\/acoes\/ELET3\/\" rel=\"noopener\">Eletrobras (ELET3)<\/a> e determinou a cassa\u00e7\u00e3o das decis\u00f5es que haviam suspendido a realiza\u00e7\u00e3o da Assembleia-Geral Extraordin\u00e1ria (AGE), cujo objetivo era votar a incorpora\u00e7\u00e3o de Furnas ao capital da companhia.<\/p>\t<div class=\"wrapper-featured-image\">\n\t\t<figure class=\"spotlightImg\">\n\n\t\t\t<picture>\n\t\t\t\t<source media=\"(max-width: 768px)\" srcset=\"https:\/\/files.sunoresearch.com.br\/n\/uploads\/2022\/12\/ELETROBRAS-ELET3-400x200.jpg\">\n\t\t\t\t<img loading=\"lazy\" decoding=\"async\" class=\"newsContent__article__imgCapa lazyloadDisabled \" src=\"https:\/\/files.sunoresearch.com.br\/n\/uploads\/2022\/12\/ELETROBRAS-ELET3-800x450.jpg\" width=\"800\" height=\"450\" alt=\"Eletrobras (ELET3): Moraes atende empresa e permite instala\u00e7\u00e3o da AGE para votar incorpora\u00e7\u00e3o de Furnas\" fetchpriority=high \/>\n\t\t\t<\/picture>\n\n\t\t\t<figcaption class=\"wp-caption-text wp-caption-text--show\">Eletrobras (ELET3). Foto: Ag\u00eancia Brasil.<\/figcaption>\n\t\t<\/figure>\n\t<\/div>\n\n\n\n\n\n\t<p>\n\t\t<a href=\"https:\/\/lp.suno.com.br\/planilha-da-vida-financeira\/\" target=\"_blank\" data-element=\"shortcode-suno-banner\" title=\"Banner SUNO, clique e saiba mais\">\n\t\t\t<picture>\n\t\t\t\t<source media=\"(max-width: 500px)\" srcset=\"https:\/\/files.sunoresearch.com.br\/n\/uploads\/2023\/04\/400x300-Planilha-vida-financeira-true.png\">\n\t\t\t\t<img class=\"newsContent__article__imgCapa newsContent__article__imgCapa--banner\"\n\t\t\t\t\tsrc=\"https:\/\/files.sunoresearch.com.br\/n\/uploads\/2023\/04\/1420x240-Planilha-vida-financeira-true.png\"\n\t\t\t\t\tdata-promo-id=\"106682\"\t\t\t\t\t\t\t\t\t\twidth='1420' height='240'\t\t\t\t\talt=\"https:\/\/files.sunoresearch.com.br\/n\/uploads\/2023\/04\/1420x240-Planilha-vida-financeira-true.png\"\n\t\t\t\t>\n\t\t\t<\/picture>\n\t\t<\/a>\n\t<\/p>\n\n\n\n\n\n\n\n<p>A a\u00e7\u00e3o da <strong>Eletrobras no STF sobre Furnas<\/strong> foi ajuizada pela companhia no \u00faltimo dia 30 contra liminares proferidas durante o plant\u00e3o judicial por desembargadores do Tribunal de Justi\u00e7a do Rio de Janeiro (TJRJ) e do Tribunal Regional do Trabalho da 1\u00aa Regi\u00e3o (TRT-1), a pedido da Associa\u00e7\u00e3o dos Empregados de Furnas (Asef).<\/p>\n\n\n\n<p>Os desembargadores entenderam que a <strong>AGE da Eletrobras<\/strong> deveria ser suspensa devido a uma a\u00e7\u00e3o da Advocacia-Geral da Uni\u00e3o (AGU) que questiona a redu\u00e7\u00e3o do poder de voto da Uni\u00e3o na Eletrobras. O caso tramita no Supremo.<\/p>\n\n\n\n<p>No m\u00eas passado, o ministro K\u00e1ssio Nunes Marques enviou o processo para concilia\u00e7\u00e3o e fixou prazo de 90 dias para a tentativa de solu\u00e7\u00e3o consensual entre as partes.<\/p>\n\n\n\n<p>Quando recorreu ao <strong>STF<\/strong>, a Eletrobras alegou que os tribunais de inst\u00e2ncias inferiores usurparam a compet\u00eancia da Corte e que as liminares que suspenderam a AGE foram &#8220;muito al\u00e9m do que a Corte Suprema do Pa\u00eds decidiu&#8221;.<\/p>\n\n\n\n<p><strong>Moraes<\/strong> acolheu o argumento da Eletrobras e afirmou que os tribunais, ao suspenderem a realiza\u00e7\u00e3o da AGE, acabaram por afastar a pr\u00f3pria incid\u00eancia da lei que trata da desestatiza\u00e7\u00e3o da companhia.<\/p>\n\n\n\t<p>\n\t\t<a href=\"https:\/\/lp.suno.com.br\/ebook-como-analisar-uma-acao\/\" target=\"_blank\" data-element=\"shortcode-suno-banner\" title=\"Banner SUNO, clique e saiba mais\">\n\t\t\t<picture>\n\t\t\t\t<source media=\"(max-width: 500px)\" srcset=\"https:\/\/files.sunoresearch.com.br\/n\/uploads\/2023\/03\/Ebook-Acoes-Mobile.jpg\">\n\t\t\t\t<img class=\"newsContent__article__imgCapa newsContent__article__imgCapa--banner\"\n\t\t\t\t\tsrc=\"https:\/\/files.sunoresearch.com.br\/n\/uploads\/2023\/03\/Ebook-Acoes-Desktop.jpg\"\n\t\t\t\t\tdata-promo-id=\"378302\"\t\t\t\t\t\t\t\t\t\twidth='1420' height='286'\t\t\t\t\talt=\"https:\/\/files.sunoresearch.com.br\/n\/uploads\/2023\/03\/Ebook-Acoes-Desktop.jpg\"\n\t\t\t\t>\n\t\t\t<\/picture>\n\t\t<\/a>\n\t<\/p>\n\n\n\n\n\n<h2 class=\"wp-block-heading\">Eletrobras avan\u00e7a em processo sobre limita\u00e7\u00e3o do poder de voto da Uni\u00e3o<\/h2>\n\n\n\n<p>Em comunicado na segunda-feira (8), a&nbsp;<strong>Eletrobras<\/strong>&nbsp;(<a href=\"https:\/\/www.suno.com.br\/acoes\/elet3\/\" target=\"_blank\" rel=\"noreferrer noopener\">ELET3<\/a>) afirmou que aderiu ao processo arbitral que envolve a a\u00e7\u00e3o direta de inconstitucionalidade (ADI), solicitada pelo governo no Supremo Tribunal Federal (STF), sobre a limita\u00e7\u00e3o do poder de voto da Uni\u00e3o na empresa.<\/p>\n\n\n\n<p>No \u00faltimo dia 20 de dezembro, o ministro Nunes Marques, relator da ADI, encaminhou o caso para a C\u00e2mara de Concilia\u00e7\u00e3o e Arbitragem da Administra\u00e7\u00e3o Federal (CCAF), \u201cpara tentativa de reconcilia\u00e7\u00e3o e solu\u00e7\u00e3o consensual e amig\u00e1vel entre as partes\u201d.<\/p>\n\n\n\n<p>Ainda de acordo com a Eletrobras, \u201ceventuais delibera\u00e7\u00f5es decorrentes dos trabalhos na CCAF ser\u00e3o submetidas \u00e0 aprova\u00e7\u00e3o das inst\u00e2ncias de governan\u00e7a da companhia\u201d.<\/p>\n\n\n\n<p>Vale lembrar que a ADI solicitada pelo&nbsp;<strong>presidente Lula<\/strong>&nbsp;com a Advocacia Geral da Uni\u00e3o (AGU) tem como objetivo anular artigos da Lei 14.182 da&nbsp;<strong>privatiza\u00e7\u00e3o da Eletrobras<\/strong>, que estabelecem limite de voto de acionistas da companhia a 10% do capital da empresa. A Uni\u00e3o tem cerca de 43% de participa\u00e7\u00e3o na el\u00e9trica.<\/p>\n\n\n\n<h2 class=\"wp-block-heading\">Empresa conclui venda do complexo Candiota para grupo \u00c2mbar Energia<\/h2>\n\n\n\n<p>A&nbsp;Eletrobra<strong>s<\/strong>&nbsp;concluiu no \u00faltimo dia 2 de janeiro a venda do complexo termoel\u00e9trico de Candiota, no Rio Grande do Sul, \u00fanico ativo a carv\u00e3o da companhia, para o grupo \u00c2mbar Energia.<\/p>\n\n\n\n<p>A opera\u00e7\u00e3o envolvendo o complexo, com&nbsp;<a href=\"https:\/\/www.suno.com.br\/artigos\/capacidade-instalada\/\">capacidade instalada<\/a>&nbsp;de 350 megawatts (MW), havia sido anunciada em setembro do ano passado e tem valor de R$ 72 milh\u00f5es.<\/p>\n\n\n\n<p>De acordo com a Eletrobras, a conclus\u00e3o da transa\u00e7\u00e3o \u00e9 um importante marco para alcan\u00e7ar a meta de neutralidade de carbono em 2030, uma vez que&nbsp;<strong>Candiota<\/strong>&nbsp;representava cerca de um ter\u00e7o das suas emiss\u00f5es totais.<\/p>\n\n\n\n<p>\u201cA opera\u00e7\u00e3o refor\u00e7a o compromisso da <strong>Eletrobras<\/strong> com a otimiza\u00e7\u00e3o de seu portf\u00f3lio, seguindo a disciplina de capital, e simplifica\u00e7\u00e3o de sua estrutura conforme previsto em seu plano estrat\u00e9gico\u201d, afirma a empresa.<\/p>\n\n\n\n<p><em>Com Estad\u00e3o Conte\u00fado<\/em><\/p>\n\n\n\t<p>\n\t\t<a href=\"https:\/\/lp.suno.com.br\/planilha-da-vida-financeira\/\" target=\"_blank\" data-element=\"shortcode-suno-banner\" title=\"Banner SUNO, clique e saiba mais\">\n\t\t\t<picture>\n\t\t\t\t<source media=\"(max-width: 500px)\" srcset=\"https:\/\/files.sunoresearch.com.br\/n\/uploads\/2023\/04\/400x300-Planilha-vida-financeira-true.png\">\n\t\t\t\t<img class=\"newsContent__article__imgCapa newsContent__article__imgCapa--banner\"\n\t\t\t\t\tsrc=\"https:\/\/files.sunoresearch.com.br\/n\/uploads\/2023\/04\/1420x240-Planilha-vida-financeira-true.png\"\n\t\t\t\t\tdata-promo-id=\"383123\"\t\t\t\t\t\t\t\t\t\twidth='1420' height='240'\t\t\t\t\talt=\"https:\/\/files.sunoresearch.com.br\/n\/uploads\/2023\/04\/1420x240-Planilha-vida-financeira-true.png\"\n\t\t\t\t>\n\t\t\t<\/picture>\n\t\t<\/a>\n\t<\/p>\n\n\n","protected":false},"excerpt":{"rendered":"<p>O ministro Alexandre de Moraes, do Supremo Tribunal Federal (STF), atendeu ao pedido da Eletrobras (ELET3) e determinou a cassa\u00e7\u00e3o das decis\u00f5es que haviam suspendido a realiza\u00e7\u00e3o da Assembleia-Geral Extraordin\u00e1ria (AGE), cujo objetivo era votar a incorpora\u00e7\u00e3o de Furnas ao capital da companhia. Eletrobras (ELET3). Foto: Ag\u00eancia Brasil. A a\u00e7\u00e3o da Eletrobras no STF sobre [&hellip;]<\/p>\n","protected":false},"author":43,"featured_media":334367,"comment_status":"closed","ping_status":"closed","sticky":false,"template":"","format":"standard","meta":[],"categories":[64],"tags":[286,455],"suno_strategy":[],"class_list":["post-509548","post","type-post","status-publish","format-standard","has-post-thumbnail","hentry","category-negocios","tag-acoes","tag-eletrobras-elet3-elet5-elet6"],"yoast_head":"<!-- This site is optimized with the Yoast SEO plugin v24.4 - https:\/\/yoast.com\/wordpress\/plugins\/seo\/ -->\n<title>Eletrobras (ELET3): Moraes permite AGE sobre Furnas<\/title>\n<meta name=\"description\" content=\"O ministro do STF atendeu pedido da Eletrobras e permitiu a assembleiacujo objetivo era votar a incorpora\u00e7\u00e3o de Furnas \u00e0 companhia.\" \/>\n<meta name=\"robots\" content=\"index, follow, max-snippet:-1, max-image-preview:large, max-video-preview:-1\" \/>\n<link rel=\"canonical\" href=\"https:\/\/www.suno.com.br\/noticias\/eletrobras-elet3-moraes-atende-stf-age-furnas\/\" \/>\n<meta property=\"og:locale\" content=\"pt_BR\" \/>\n<meta property=\"og:type\" content=\"article\" \/>\n<meta property=\"og:title\" content=\"Eletrobras (ELET3): Moraes permite AGE sobre Furnas\" \/>\n<meta property=\"og:description\" content=\"O ministro do STF atendeu pedido da Eletrobras e permitiu a assembleiacujo objetivo era votar a incorpora\u00e7\u00e3o de Furnas \u00e0 companhia.\" \/>\n<meta property=\"og:url\" content=\"https:\/\/www.suno.com.br\/noticias\/eletrobras-elet3-moraes-atende-stf-age-furnas\/\" \/>\n<meta property=\"og:site_name\" content=\"Suno Not\u00edcias\" \/>\n<meta property=\"article:publisher\" content=\"https:\/\/facebook.com\/sunoresearch\" \/>\n<meta property=\"article:author\" content=\"https:\/\/www.facebook.com\/sunonoticias\/\" \/>\n<meta property=\"og:image\" content=\"https:\/\/files.sunoresearch.com.br\/n\/uploads\/2022\/12\/ELETROBRAS-ELET3.jpg\" \/>\n\t<meta property=\"og:image:width\" content=\"1200\" \/>\n\t<meta property=\"og:image:height\" content=\"800\" \/>\n\t<meta property=\"og:image:type\" content=\"image\/jpeg\" \/>\n<meta name=\"author\" content=\"Reda\u00e7\u00e3o Suno Not\u00edcias\" \/>\n<meta name=\"twitter:card\" content=\"summary_large_image\" \/>\n<meta name=\"twitter:creator\" content=\"@https:\/\/twitter.com\/sunoresearch\" \/>\n<meta name=\"twitter:site\" content=\"@sunoresearch\" \/>\n<meta name=\"twitter:label1\" content=\"Escrito por\" \/>\n\t<meta name=\"twitter:data1\" content=\"Reda\u00e7\u00e3o Suno Not\u00edcias\" \/>\n\t<meta name=\"twitter:label2\" content=\"Est. tempo de leitura\" \/>\n\t<meta name=\"twitter:data2\" content=\"4 minutos\" \/>\n<script type=\"application\/ld+json\" class=\"yoast-schema-graph\">{\"@context\":\"https:\/\/schema.org\",\"@graph\":[{\"@type\":\"NewsArticle\",\"@id\":\"https:\/\/www.suno.com.br\/noticias\/eletrobras-elet3-moraes-atende-stf-age-furnas\/#article\",\"isPartOf\":{\"@id\":\"https:\/\/www.suno.com.br\/noticias\/eletrobras-elet3-moraes-atende-stf-age-furnas\/\"},\"author\":{\"name\":\"Reda\u00e7\u00e3o Suno Not\u00edcias\",\"@id\":\"https:\/\/www.suno.com.br\/noticias\/#\/schema\/person\/c1b1bd3727fa852bd045e9dbff3673ea\"},\"headline\":\"Eletrobras (ELET3): Moraes atende empresa e permite instala\u00e7\u00e3o da AGE para votar incorpora\u00e7\u00e3o de Furnas\",\"datePublished\":\"2024-01-11T19:37:39+00:00\",\"dateModified\":\"2024-01-11T19:37:43+00:00\",\"mainEntityOfPage\":{\"@id\":\"https:\/\/www.suno.com.br\/noticias\/eletrobras-elet3-moraes-atende-stf-age-furnas\/\"},\"wordCount\":625,\"publisher\":{\"@id\":\"https:\/\/www.suno.com.br\/noticias\/#organization\"},\"image\":{\"@id\":\"https:\/\/www.suno.com.br\/noticias\/eletrobras-elet3-moraes-atende-stf-age-furnas\/#primaryimage\"},\"thumbnailUrl\":\"https:\/\/files.sunoresearch.com.br\/n\/uploads\/2022\/12\/ELETROBRAS-ELET3.jpg\",\"keywords\":[\"A\u00e7\u00f5es\",\"Eletrobras (ELET3\/ELET5\/ELET6)\"],\"articleSection\":[\"Neg\u00f3cios\"],\"inLanguage\":\"pt-BR\"},{\"@type\":\"WebPage\",\"@id\":\"https:\/\/www.suno.com.br\/noticias\/eletrobras-elet3-moraes-atende-stf-age-furnas\/\",\"url\":\"https:\/\/www.suno.com.br\/noticias\/eletrobras-elet3-moraes-atende-stf-age-furnas\/\",\"name\":\"Eletrobras (ELET3): Moraes permite AGE sobre Furnas\",\"isPartOf\":{\"@id\":\"https:\/\/www.suno.com.br\/noticias\/#website\"},\"primaryImageOfPage\":{\"@id\":\"https:\/\/www.suno.com.br\/noticias\/eletrobras-elet3-moraes-atende-stf-age-furnas\/#primaryimage\"},\"image\":{\"@id\":\"https:\/\/www.suno.com.br\/noticias\/eletrobras-elet3-moraes-atende-stf-age-furnas\/#primaryimage\"},\"thumbnailUrl\":\"https:\/\/files.sunoresearch.com.br\/n\/uploads\/2022\/12\/ELETROBRAS-ELET3.jpg\",\"datePublished\":\"2024-01-11T19:37:39+00:00\",\"dateModified\":\"2024-01-11T19:37:43+00:00\",\"description\":\"O ministro do STF atendeu pedido da Eletrobras e permitiu a assembleiacujo objetivo era votar a incorpora\u00e7\u00e3o de Furnas \u00e0 companhia.\",\"breadcrumb\":{\"@id\":\"https:\/\/www.suno.com.br\/noticias\/eletrobras-elet3-moraes-atende-stf-age-furnas\/#breadcrumb\"},\"inLanguage\":\"pt-BR\",\"potentialAction\":[{\"@type\":\"ReadAction\",\"target\":[\"https:\/\/www.suno.com.br\/noticias\/eletrobras-elet3-moraes-atende-stf-age-furnas\/\"]}]},{\"@type\":\"ImageObject\",\"inLanguage\":\"pt-BR\",\"@id\":\"https:\/\/www.suno.com.br\/noticias\/eletrobras-elet3-moraes-atende-stf-age-furnas\/#primaryimage\",\"url\":\"https:\/\/files.sunoresearch.com.br\/n\/uploads\/2022\/12\/ELETROBRAS-ELET3.jpg\",\"contentUrl\":\"https:\/\/files.sunoresearch.com.br\/n\/uploads\/2022\/12\/ELETROBRAS-ELET3.jpg\",\"width\":1200,\"height\":800,\"caption\":\"Eletrobras (ELET3). Foto: Ag\u00eancia Brasil.\"},{\"@type\":\"BreadcrumbList\",\"@id\":\"https:\/\/www.suno.com.br\/noticias\/eletrobras-elet3-moraes-atende-stf-age-furnas\/#breadcrumb\",\"itemListElement\":[{\"@type\":\"ListItem\",\"position\":1,\"name\":\"Not\u00edcias\",\"item\":\"https:\/\/www.suno.com.br\/noticias\/\"},{\"@type\":\"ListItem\",\"position\":2,\"name\":\"Neg\u00f3cios\",\"item\":\"https:\/\/www.suno.com.br\/noticias\/negocios\/\"},{\"@type\":\"ListItem\",\"position\":3,\"name\":\"Eletrobras (ELET3): Moraes atende empresa e permite instala\u00e7\u00e3o da AGE para votar incorpora\u00e7\u00e3o de Furnas\"}]},{\"@type\":\"WebSite\",\"@id\":\"https:\/\/www.suno.com.br\/noticias\/#website\",\"url\":\"https:\/\/www.suno.com.br\/noticias\/\",\"name\":\"Suno Not\u00edcias\",\"description\":\"Seu portal de informa\u00e7\u00e3o sobre o mundo dos investimentos\",\"publisher\":{\"@id\":\"https:\/\/www.suno.com.br\/noticias\/#organization\"},\"potentialAction\":[{\"@type\":\"SearchAction\",\"target\":{\"@type\":\"EntryPoint\",\"urlTemplate\":\"https:\/\/www.suno.com.br\/noticias\/?s={search_term_string}\"},\"query-input\":{\"@type\":\"PropertyValueSpecification\",\"valueRequired\":true,\"valueName\":\"search_term_string\"}}],\"inLanguage\":\"pt-BR\"},{\"@type\":\"Organization\",\"@id\":\"https:\/\/www.suno.com.br\/noticias\/#organization\",\"name\":\"Suno Not\u00edcias\",\"url\":\"https:\/\/www.suno.com.br\/noticias\/\",\"logo\":{\"@type\":\"ImageObject\",\"inLanguage\":\"pt-BR\",\"@id\":\"https:\/\/www.suno.com.br\/noticias\/#\/schema\/logo\/image\/\",\"url\":\"https:\/\/files.sunoresearch.com.br\/n\/uploads\/2021\/09\/suno-logo.png\",\"contentUrl\":\"https:\/\/files.sunoresearch.com.br\/n\/uploads\/2021\/09\/suno-logo.png\",\"width\":180,\"height\":180,\"caption\":\"Suno Not\u00edcias\"},\"image\":{\"@id\":\"https:\/\/www.suno.com.br\/noticias\/#\/schema\/logo\/image\/\"},\"sameAs\":[\"https:\/\/facebook.com\/sunoresearch\",\"https:\/\/x.com\/sunoresearch\",\"https:\/\/www.instagram.com\/suno\",\"https:\/\/www.linkedin.com\/company\/suno-research\/\",\"https:\/\/www.youtube.com\/c\/sunoresearch\"]},{\"@type\":\"Person\",\"@id\":\"https:\/\/www.suno.com.br\/noticias\/#\/schema\/person\/c1b1bd3727fa852bd045e9dbff3673ea\",\"name\":\"Reda\u00e7\u00e3o Suno Not\u00edcias\",\"image\":{\"@type\":\"ImageObject\",\"inLanguage\":\"pt-BR\",\"@id\":\"https:\/\/www.suno.com.br\/noticias\/#\/schema\/person\/image\/\",\"url\":\"https:\/\/secure.gravatar.com\/avatar\/b8104b9b5a71985d5238ee59fbe418af?s=96&r=g\",\"contentUrl\":\"https:\/\/secure.gravatar.com\/avatar\/b8104b9b5a71985d5238ee59fbe418af?s=96&r=g\",\"caption\":\"Reda\u00e7\u00e3o Suno Not\u00edcias\"},\"description\":\"O Suno Not\u00edcias \u00e9 um portal de informa\u00e7\u00f5es sobre Mercado Financeiro, Pol\u00edtica, Neg\u00f3cios, Economia e Finan\u00e7as Pessoais.\",\"sameAs\":[\"https:\/\/www.suno.com.br\/noticias\",\"https:\/\/www.facebook.com\/sunonoticias\/\",\"https:\/\/www.instagram.com\/sunonoticias\/\",\"https:\/\/x.com\/https:\/\/twitter.com\/sunoresearch\",\"https:\/\/www.youtube.com\/sunonoticias\"],\"url\":\"https:\/\/www.suno.com.br\/noticias\/author\/redacao-suno\/\"}]}<\/script>\n<!-- \/ Yoast SEO plugin. -->","yoast_head_json":{"title":"Eletrobras (ELET3): Moraes permite AGE sobre Furnas","description":"O ministro do STF atendeu pedido da Eletrobras e permitiu a assembleiacujo objetivo era votar a incorpora\u00e7\u00e3o de Furnas \u00e0 companhia.","robots":{"index":"index","follow":"follow","max-snippet":"max-snippet:-1","max-image-preview":"max-image-preview:large","max-video-preview":"max-video-preview:-1"},"canonical":"https:\/\/www.suno.com.br\/noticias\/eletrobras-elet3-moraes-atende-stf-age-furnas\/","og_locale":"pt_BR","og_type":"article","og_title":"Eletrobras (ELET3): Moraes permite AGE sobre Furnas","og_description":"O ministro do STF atendeu pedido da Eletrobras e permitiu a assembleiacujo objetivo era votar a incorpora\u00e7\u00e3o de Furnas \u00e0 companhia.","og_url":"https:\/\/www.suno.com.br\/noticias\/eletrobras-elet3-moraes-atende-stf-age-furnas\/","og_site_name":"Suno Not\u00edcias","article_publisher":"https:\/\/facebook.com\/sunoresearch","article_author":"https:\/\/www.facebook.com\/sunonoticias\/","og_image":[{"width":1200,"height":800,"url":"https:\/\/files.sunoresearch.com.br\/n\/uploads\/2022\/12\/ELETROBRAS-ELET3.jpg","type":"image\/jpeg"}],"author":"Reda\u00e7\u00e3o Suno Not\u00edcias","twitter_card":"summary_large_image","twitter_creator":"@https:\/\/twitter.com\/sunoresearch","twitter_site":"@sunoresearch","twitter_misc":{"Escrito por":"Reda\u00e7\u00e3o Suno Not\u00edcias","Est. tempo de leitura":"4 minutos"},"schema":{"@context":"https:\/\/schema.org","@graph":[{"@type":"NewsArticle","@id":"https:\/\/www.suno.com.br\/noticias\/eletrobras-elet3-moraes-atende-stf-age-furnas\/#article","isPartOf":{"@id":"https:\/\/www.suno.com.br\/noticias\/eletrobras-elet3-moraes-atende-stf-age-furnas\/"},"author":{"name":"Reda\u00e7\u00e3o Suno Not\u00edcias","@id":"https:\/\/www.suno.com.br\/noticias\/#\/schema\/person\/c1b1bd3727fa852bd045e9dbff3673ea"},"headline":"Eletrobras (ELET3): Moraes atende empresa e permite instala\u00e7\u00e3o da AGE para votar incorpora\u00e7\u00e3o de Furnas","datePublished":"2024-01-11T19:37:39+00:00","dateModified":"2024-01-11T19:37:43+00:00","mainEntityOfPage":{"@id":"https:\/\/www.suno.com.br\/noticias\/eletrobras-elet3-moraes-atende-stf-age-furnas\/"},"wordCount":625,"publisher":{"@id":"https:\/\/www.suno.com.br\/noticias\/#organization"},"image":{"@id":"https:\/\/www.suno.com.br\/noticias\/eletrobras-elet3-moraes-atende-stf-age-furnas\/#primaryimage"},"thumbnailUrl":"https:\/\/files.sunoresearch.com.br\/n\/uploads\/2022\/12\/ELETROBRAS-ELET3.jpg","keywords":["A\u00e7\u00f5es","Eletrobras (ELET3\/ELET5\/ELET6)"],"articleSection":["Neg\u00f3cios"],"inLanguage":"pt-BR"},{"@type":"WebPage","@id":"https:\/\/www.suno.com.br\/noticias\/eletrobras-elet3-moraes-atende-stf-age-furnas\/","url":"https:\/\/www.suno.com.br\/noticias\/eletrobras-elet3-moraes-atende-stf-age-furnas\/","name":"Eletrobras (ELET3): Moraes permite AGE sobre Furnas","isPartOf":{"@id":"https:\/\/www.suno.com.br\/noticias\/#website"},"primaryImageOfPage":{"@id":"https:\/\/www.suno.com.br\/noticias\/eletrobras-elet3-moraes-atende-stf-age-furnas\/#primaryimage"},"image":{"@id":"https:\/\/www.suno.com.br\/noticias\/eletrobras-elet3-moraes-atende-stf-age-furnas\/#primaryimage"},"thumbnailUrl":"https:\/\/files.sunoresearch.com.br\/n\/uploads\/2022\/12\/ELETROBRAS-ELET3.jpg","datePublished":"2024-01-11T19:37:39+00:00","dateModified":"2024-01-11T19:37:43+00:00","description":"O ministro do STF atendeu pedido da Eletrobras e permitiu a assembleiacujo objetivo era votar a incorpora\u00e7\u00e3o de Furnas \u00e0 companhia.","breadcrumb":{"@id":"https:\/\/www.suno.com.br\/noticias\/eletrobras-elet3-moraes-atende-stf-age-furnas\/#breadcrumb"},"inLanguage":"pt-BR","potentialAction":[{"@type":"ReadAction","target":["https:\/\/www.suno.com.br\/noticias\/eletrobras-elet3-moraes-atende-stf-age-furnas\/"]}]},{"@type":"ImageObject","inLanguage":"pt-BR","@id":"https:\/\/www.suno.com.br\/noticias\/eletrobras-elet3-moraes-atende-stf-age-furnas\/#primaryimage","url":"https:\/\/files.sunoresearch.com.br\/n\/uploads\/2022\/12\/ELETROBRAS-ELET3.jpg","contentUrl":"https:\/\/files.sunoresearch.com.br\/n\/uploads\/2022\/12\/ELETROBRAS-ELET3.jpg","width":1200,"height":800,"caption":"Eletrobras (ELET3). Foto: Ag\u00eancia Brasil."},{"@type":"BreadcrumbList","@id":"https:\/\/www.suno.com.br\/noticias\/eletrobras-elet3-moraes-atende-stf-age-furnas\/#breadcrumb","itemListElement":[{"@type":"ListItem","position":1,"name":"Not\u00edcias","item":"https:\/\/www.suno.com.br\/noticias\/"},{"@type":"ListItem","position":2,"name":"Neg\u00f3cios","item":"https:\/\/www.suno.com.br\/noticias\/negocios\/"},{"@type":"ListItem","position":3,"name":"Eletrobras (ELET3): Moraes atende empresa e permite instala\u00e7\u00e3o da AGE para votar incorpora\u00e7\u00e3o de Furnas"}]},{"@type":"WebSite","@id":"https:\/\/www.suno.com.br\/noticias\/#website","url":"https:\/\/www.suno.com.br\/noticias\/","name":"Suno Not\u00edcias","description":"Seu portal de informa\u00e7\u00e3o sobre o mundo dos investimentos","publisher":{"@id":"https:\/\/www.suno.com.br\/noticias\/#organization"},"potentialAction":[{"@type":"SearchAction","target":{"@type":"EntryPoint","urlTemplate":"https:\/\/www.suno.com.br\/noticias\/?s={search_term_string}"},"query-input":{"@type":"PropertyValueSpecification","valueRequired":true,"valueName":"search_term_string"}}],"inLanguage":"pt-BR"},{"@type":"Organization","@id":"https:\/\/www.suno.com.br\/noticias\/#organization","name":"Suno Not\u00edcias","url":"https:\/\/www.suno.com.br\/noticias\/","logo":{"@type":"ImageObject","inLanguage":"pt-BR","@id":"https:\/\/www.suno.com.br\/noticias\/#\/schema\/logo\/image\/","url":"https:\/\/files.sunoresearch.com.br\/n\/uploads\/2021\/09\/suno-logo.png","contentUrl":"https:\/\/files.sunoresearch.com.br\/n\/uploads\/2021\/09\/suno-logo.png","width":180,"height":180,"caption":"Suno Not\u00edcias"},"image":{"@id":"https:\/\/www.suno.com.br\/noticias\/#\/schema\/logo\/image\/"},"sameAs":["https:\/\/facebook.com\/sunoresearch","https:\/\/x.com\/sunoresearch","https:\/\/www.instagram.com\/suno","https:\/\/www.linkedin.com\/company\/suno-research\/","https:\/\/www.youtube.com\/c\/sunoresearch"]},{"@type":"Person","@id":"https:\/\/www.suno.com.br\/noticias\/#\/schema\/person\/c1b1bd3727fa852bd045e9dbff3673ea","name":"Reda\u00e7\u00e3o Suno Not\u00edcias","image":{"@type":"ImageObject","inLanguage":"pt-BR","@id":"https:\/\/www.suno.com.br\/noticias\/#\/schema\/person\/image\/","url":"https:\/\/secure.gravatar.com\/avatar\/b8104b9b5a71985d5238ee59fbe418af?s=96&r=g","contentUrl":"https:\/\/secure.gravatar.com\/avatar\/b8104b9b5a71985d5238ee59fbe418af?s=96&r=g","caption":"Reda\u00e7\u00e3o Suno Not\u00edcias"},"description":"O Suno Not\u00edcias \u00e9 um portal de informa\u00e7\u00f5es sobre Mercado Financeiro, Pol\u00edtica, Neg\u00f3cios, Economia e Finan\u00e7as Pessoais.","sameAs":["https:\/\/www.suno.com.br\/noticias","https:\/\/www.facebook.com\/sunonoticias\/","https:\/\/www.instagram.com\/sunonoticias\/","https:\/\/x.com\/https:\/\/twitter.com\/sunoresearch","https:\/\/www.youtube.com\/sunonoticias"],"url":"https:\/\/www.suno.com.br\/noticias\/author\/redacao-suno\/"}]}},"default_loop_html":"<div class=\"cardsPage__listCard__boxs\"><div class=\"cardsPage__listCard__boxs__img\"><a href=\"https:\/\/www.suno.com.br\/noticias\/eletrobras-elet3-moraes-atende-stf-age-furnas\/\"><img class=\"mask\" src=\"https:\/\/www.suno.com.br\/noticias\/wp-content\/themes\/suno\/resources\/images\/spotlight\/spotlight1img\/bg-mask.png\" alt=\"Image Mask\"\/><img src=\"https:\/\/files.sunoresearch.com.br\/n\/uploads\/2022\/12\/ELETROBRAS-ELET3-400x200.jpg\" alt=\"Eletrobras (ELET3): Moraes atende empresa e permite instala\u00e7\u00e3o da AGE para votar incorpora\u00e7\u00e3o de Furnas\"\/><\/a><span class=\"spotlightCategory\"><a href=\"https:\/\/www.suno.com.br\/noticias\/negocios\/\">Neg\u00f3cios<\/a><\/span><\/div><div class=\"cardsPage__listCard__boxs__content\"><a href=\"https:\/\/www.suno.com.br\/noticias\/eletrobras-elet3-moraes-atende-stf-age-furnas\/\"><h2 class=\"content__title\">Eletrobras (ELET3): Moraes atende empresa e permite instala\u00e7\u00e3o da AGE para votar incorpora\u00e7\u00e3o de Furnas<\/h2><\/a><div class=\"newsContent__article__meta\"><div class=\"newsContent__article__meta__authorBox\"><a href=\"https:\/\/www.suno.com.br\/noticias\/author\/redacao-suno\/\" class=\"authorBox__avatar noMobi\"><img src=\"https:\/\/files.sunoresearch.com.br\/n\/uploads\/2020\/08\/0ace682d-redacao-1-150x150.webp\" alt=\"Reda\u00e7\u00e3o Suno Not\u00edcias\"><\/a><div class=\"authorBox__name\"><span>por\n\t\t\t<a href=\"https:\/\/www.suno.com.br\/noticias\/author\/redacao-suno\/\"><span itemprop=\"author\">Reda\u00e7\u00e3o Suno Not\u00edcias<\/span><\/a><\/span><time datetime=\"2024-01-11T16:37:39-03:00\" itemprop=\"datePublished\">11\/01\/2024 16:37<\/time><\/div><\/div><\/div><\/div><\/div>","single_layout":"posts","amp_enabled":true,"_links":{"self":[{"href":"https:\/\/www.suno.com.br\/noticias\/wp-json\/wp\/v2\/posts\/509548"}],"collection":[{"href":"https:\/\/www.suno.com.br\/noticias\/wp-json\/wp\/v2\/posts"}],"about":[{"href":"https:\/\/www.suno.com.br\/noticias\/wp-json\/wp\/v2\/types\/post"}],"author":[{"embeddable":true,"href":"https:\/\/www.suno.com.br\/noticias\/wp-json\/wp\/v2\/users\/43"}],"replies":[{"embeddable":true,"href":"https:\/\/www.suno.com.br\/noticias\/wp-json\/wp\/v2\/comments?post=509548"}],"version-history":[{"count":2,"href":"https:\/\/www.suno.com.br\/noticias\/wp-json\/wp\/v2\/posts\/509548\/revisions"}],"predecessor-version":[{"id":509601,"href":"https:\/\/www.suno.com.br\/noticias\/wp-json\/wp\/v2\/posts\/509548\/revisions\/509601"}],"wp:featuredmedia":[{"embeddable":true,"href":"https:\/\/www.suno.com.br\/noticias\/wp-json\/wp\/v2\/media\/334367"}],"wp:attachment":[{"href":"https:\/\/www.suno.com.br\/noticias\/wp-json\/wp\/v2\/media?parent=509548"}],"wp:term":[{"taxonomy":"category","embeddable":true,"href":"https:\/\/www.suno.com.br\/noticias\/wp-json\/wp\/v2\/categories?post=509548"},{"taxonomy":"post_tag","embeddable":true,"href":"https:\/\/www.suno.com.br\/noticias\/wp-json\/wp\/v2\/tags?post=509548"},{"taxonomy":"suno_strategy","embeddable":true,"href":"https:\/\/www.suno.com.br\/noticias\/wp-json\/wp\/v2\/suno_strategy?post=509548"}],"curies":[{"name":"wp","href":"https:\/\/api.w.org\/{rel}","templated":true}]}}