{"id":50946,"date":"2020-01-26T14:19:49","date_gmt":"2020-01-26T16:19:49","guid":{"rendered":"https:\/\/www.suno.com.br\/noticias\/?p=50946"},"modified":"2020-07-20T17:52:09","modified_gmt":"2020-07-20T20:52:09","slug":"brasil-e-india-vao-desenvolver-projetos-para-producao-de-animal","status":"publish","type":"post","link":"https:\/\/www.suno.com.br\/noticias\/brasil-e-india-vao-desenvolver-projetos-para-producao-de-animal\/","title":{"rendered":"Brasil e \u00cdndia v\u00e3o desenvolver projetos para produ\u00e7\u00e3o de animal"},"content":{"rendered":"<p>O Minist\u00e9rio da Agricultura informou neste domingo (26) que o <strong>Brasil<\/strong> e a <strong>\u00cdndia<\/strong> v\u00e3o desenvolver projetos para pesquisa e<strong> produ\u00e7\u00e3o de animal<\/strong>.<\/p>\t<div class=\"wrapper-featured-image\">\n\t\t<figure class=\"spotlightImg\">\n\n\t\t\t<picture>\n\t\t\t\t<source media=\"(max-width: 768px)\" srcset=\"https:\/\/files.sunoresearch.com.br\/n\/uploads\/2018\/12\/d3785640-exportacao-400x200.webp\">\n\t\t\t\t<img loading=\"lazy\" decoding=\"async\" class=\"newsContent__article__imgCapa lazyloadDisabled newsContent__article__imgCapa--noCaption\" src=\"https:\/\/files.sunoresearch.com.br\/n\/uploads\/2018\/12\/d3785640-exportacao-800x450.webp\" width=\"800\" height=\"450\" alt=\"Brasil e \u00cdndia v\u00e3o desenvolver projetos para produ\u00e7\u00e3o de animal\" fetchpriority=high \/>\n\t\t\t<\/picture>\n\n\t\t\t<figcaption class=\"wp-caption-text wp-caption-text--hide\">Balan\u00e7a comercial tem d\u00e9ficit de US$ 701 mi na terceira semana de maio<\/figcaption>\n\t\t<\/figure>\n\t<\/div>\n\n\n\n<p>H\u00e1 uma expectativa de que o Brasil contribua na instala\u00e7\u00e3o de um centro de excel\u00eancia em pecu\u00e1ria leiteira na \u00cdndia. Os l\u00edderes dos pa\u00edses anunciaram, no \u00faltimo s\u00e1bado (25) , a abertura dos mercados para dobrar o com\u00e9rcio bilateral.<\/p>\n<p>O acordo &#8220;prev\u00ea coopera\u00e7\u00e3o em sanidade animal (com\u00e9rcio de animais, material gen\u00e9tico e produtos de origem animal), que envolve pecu\u00e1ria e pesca; capacita\u00e7\u00e3o t\u00e9cnica (assist\u00eancia t\u00e9cnica, cursos e est\u00e1gios e transfer\u00eancia de tecnologia em reprodu\u00e7\u00e3o animal) e pesquisa em gen\u00f4mica bovina e interc\u00e2mbio m\u00fatuo de germoplasma (materia gen\u00e9tico)&#8221;, informou a nota do Minist\u00e9rio.<\/p>\n\t<p>\n\t\t<a href=\"https:\/\/www.suno.com.br\/asset\/fundos\/suno-acoes-xp-seg-prev\/\" target=\"_blank\" data-element=\"shortcode-suno-banner\" title=\"Banner SUNO, clique e saiba mais\">\n\t\t\t<picture>\n\t\t\t\t<source media=\"(max-width: 500px)\" srcset=\"https:\/\/files.sunoresearch.com.br\/n\/uploads\/2023\/10\/SUNOPREV-400x300-Mobile-Artigos-3.png\">\n\t\t\t\t<img class=\"newsContent__article__imgCapa newsContent__article__imgCapa--banner\"\n\t\t\t\t\tsrc=\"https:\/\/files.sunoresearch.com.br\/n\/uploads\/2023\/10\/SUNOPREV-1420x240-Banner-Artigos-1-_-Banner-Materias-1.png\"\n\t\t\t\t\tdata-promo-id=\"476310\"\t\t\t\t\t\t\t\t\t\twidth='1420' height='240'\t\t\t\t\talt=\"https:\/\/files.sunoresearch.com.br\/n\/uploads\/2023\/10\/SUNOPREV-1420x240-Banner-Artigos-1-_-Banner-Materias-1.png\"\n\t\t\t\t>\n\t\t\t<\/picture>\n\t\t<\/a>\n\t<\/p>\n\n\n<p>Neste domingo, \u00e9 celebrado o Dia da Rep\u00fablica da \u00cdndia, data para qual o presidente Jair Bolsonaro foi convidado pelo primeiro-ministro indiano Narendra Modi para visitar o pa\u00eds.<\/p>\n<h2>Brasil e \u00cdndia alcan\u00e7am acordo para dobrar com\u00e9rcio bilateral<\/h2>\n<p>O Brasil e a \u00cdndia alcan\u00e7aram um acordo para dobrar o <a href=\"https:\/\/www.suno.com.br\/artigos\/comercio-internacional\/\">com\u00e9rcio bilateral<\/a>. Os dois gigantes econ\u00f4micos anunciaram a inten\u00e7\u00e3o de aumentar o com\u00e9rcio para US$ 15 bilh\u00f5es at\u00e9 2022.<\/p>\n<p>Em um comunicado conjunto divulgado neste s\u00e1bado pelo presidente brasileiro, Jair Bolsonaro, e por seu hom\u00f3logo indiano, Narendra Modi, foi inclu\u00edda a meta de dobrar o com\u00e9rcio bilateral. O acordo foi alcan\u00e7ando durante a visita oficial de Bolsonaro na \u00cdndia.<\/p>\n<p><a href=\"\/\/www.suno.com.br\/noticias\/brasil-india-acordo-comercio-bilateral\/\">Saiba Mais: Brasil e \u00cdndia alcan\u00e7am acordo para dobrar com\u00e9rcio bilateral<\/a><\/p>\n<p>O presidente brasileiro tinha salientado no come\u00e7o do dia que as expectativas indicavam uma melhora no relacionamento comercial bilateral entre os pa\u00edses. Bolsonaro chegou a citar o valor de US$ 50 bilh\u00f5es em tr\u00eas anos como poss\u00edvel meta. Entretanto, segundo a delega\u00e7\u00e3o brasileira esse valor deveria ser alcan\u00e7ado em alguns anos.<\/p>\n<p>Atualmente \u00cdndia \u00e9 o quarto maior parceiro comercial do Brasil no continente asi\u00e1tico. Em 2019 o fluxo comercial bilateral atingiu US$ 7 bilh\u00f5es. Desse total, as exporta\u00e7\u00f5es brasileiras alcan\u00e7aram US$ 2,76 bilh\u00f5es e as importa\u00e7\u00f5es de produtos indianos chegaram a um montante de US$ 4,26 bilh\u00f5es.<\/p>\n\n","protected":false},"excerpt":{"rendered":"<p>O Minist\u00e9rio da Agricultura informou neste domingo (26) que o Brasil e a \u00cdndia v\u00e3o desenvolver projetos para pesquisa e produ\u00e7\u00e3o de animal. Balan\u00e7a comercial tem d\u00e9ficit de US$ 701 mi na terceira semana de maio H\u00e1 uma expectativa de que o Brasil contribua na instala\u00e7\u00e3o de um centro de excel\u00eancia em pecu\u00e1ria leiteira na [&hellip;]<\/p>\n","protected":false},"author":15,"featured_media":7709,"comment_status":"closed","ping_status":"closed","sticky":false,"template":"","format":"standard","meta":[],"categories":[61],"tags":[],"suno_strategy":[],"class_list":["post-50946","post","type-post","status-publish","format-standard","has-post-thumbnail","hentry","category-politica"],"yoast_head":"<!-- This site is optimized with the Yoast SEO plugin v24.4 - https:\/\/yoast.com\/wordpress\/plugins\/seo\/ -->\n<title>Brasil e \u00cdndia v\u00e3o desenvolver projetos para produ\u00e7\u00e3o de animal<\/title>\n<meta name=\"description\" content=\"O governo informou neste domingo (26) que o Brasil e a \u00cdndia v\u00e3o desenvolver projetos para pesquisa e produ\u00e7\u00e3o de animal.\u00a0 Clique aqui\" \/>\n<meta name=\"robots\" content=\"index, follow, max-snippet:-1, max-image-preview:large, max-video-preview:-1\" \/>\n<link rel=\"canonical\" href=\"https:\/\/www.suno.com.br\/noticias\/brasil-e-india-vao-desenvolver-projetos-para-producao-de-animal\/\" \/>\n<meta property=\"og:locale\" content=\"pt_BR\" \/>\n<meta property=\"og:type\" content=\"article\" \/>\n<meta property=\"og:title\" content=\"Brasil e \u00cdndia v\u00e3o desenvolver projetos para produ\u00e7\u00e3o de animal\" \/>\n<meta property=\"og:description\" content=\"O governo informou neste domingo (26) que o Brasil e a \u00cdndia v\u00e3o desenvolver projetos para pesquisa e produ\u00e7\u00e3o de animal.\u00a0 Clique aqui\" \/>\n<meta property=\"og:url\" content=\"https:\/\/www.suno.com.br\/noticias\/brasil-e-india-vao-desenvolver-projetos-para-producao-de-animal\/\" \/>\n<meta property=\"og:site_name\" content=\"Suno Not\u00edcias\" \/>\n<meta property=\"article:publisher\" content=\"https:\/\/facebook.com\/sunoresearch\" \/>\n<meta property=\"og:image\" content=\"https:\/\/files.sunoresearch.com.br\/n\/uploads\/2018\/12\/d3785640-exportacao.jpg\" \/>\n\t<meta property=\"og:image:width\" content=\"960\" \/>\n\t<meta property=\"og:image:height\" content=\"609\" \/>\n\t<meta property=\"og:image:type\" content=\"image\/jpeg\" \/>\n<meta name=\"author\" content=\"Poliana Santos\" \/>\n<meta name=\"twitter:card\" content=\"summary_large_image\" \/>\n<meta name=\"twitter:creator\" content=\"@sunoresearch\" \/>\n<meta name=\"twitter:site\" content=\"@sunoresearch\" \/>\n<meta name=\"twitter:label1\" content=\"Escrito por\" \/>\n\t<meta name=\"twitter:data1\" content=\"Poliana Santos\" \/>\n\t<meta name=\"twitter:label2\" content=\"Est. tempo de leitura\" \/>\n\t<meta name=\"twitter:data2\" content=\"2 minutos\" \/>\n<script type=\"application\/ld+json\" class=\"yoast-schema-graph\">{\"@context\":\"https:\/\/schema.org\",\"@graph\":[{\"@type\":\"NewsArticle\",\"@id\":\"https:\/\/www.suno.com.br\/noticias\/brasil-e-india-vao-desenvolver-projetos-para-producao-de-animal\/#article\",\"isPartOf\":{\"@id\":\"https:\/\/www.suno.com.br\/noticias\/brasil-e-india-vao-desenvolver-projetos-para-producao-de-animal\/\"},\"author\":{\"name\":\"Poliana Santos\",\"@id\":\"https:\/\/www.suno.com.br\/noticias\/#\/schema\/person\/02ec1f752758247878a2bf4abee1aeda\"},\"headline\":\"Brasil e \u00cdndia v\u00e3o desenvolver projetos para produ\u00e7\u00e3o de animal\",\"datePublished\":\"2020-01-26T16:19:49+00:00\",\"dateModified\":\"2020-07-20T20:52:09+00:00\",\"mainEntityOfPage\":{\"@id\":\"https:\/\/www.suno.com.br\/noticias\/brasil-e-india-vao-desenvolver-projetos-para-producao-de-animal\/\"},\"wordCount\":398,\"publisher\":{\"@id\":\"https:\/\/www.suno.com.br\/noticias\/#organization\"},\"image\":{\"@id\":\"https:\/\/www.suno.com.br\/noticias\/brasil-e-india-vao-desenvolver-projetos-para-producao-de-animal\/#primaryimage\"},\"thumbnailUrl\":\"https:\/\/files.sunoresearch.com.br\/n\/uploads\/2018\/12\/d3785640-exportacao-jpg.webp\",\"articleSection\":[\"Pol\u00edtica\"],\"inLanguage\":\"pt-BR\"},{\"@type\":\"WebPage\",\"@id\":\"https:\/\/www.suno.com.br\/noticias\/brasil-e-india-vao-desenvolver-projetos-para-producao-de-animal\/\",\"url\":\"https:\/\/www.suno.com.br\/noticias\/brasil-e-india-vao-desenvolver-projetos-para-producao-de-animal\/\",\"name\":\"Brasil e \u00cdndia v\u00e3o desenvolver projetos para produ\u00e7\u00e3o de animal\",\"isPartOf\":{\"@id\":\"https:\/\/www.suno.com.br\/noticias\/#website\"},\"primaryImageOfPage\":{\"@id\":\"https:\/\/www.suno.com.br\/noticias\/brasil-e-india-vao-desenvolver-projetos-para-producao-de-animal\/#primaryimage\"},\"image\":{\"@id\":\"https:\/\/www.suno.com.br\/noticias\/brasil-e-india-vao-desenvolver-projetos-para-producao-de-animal\/#primaryimage\"},\"thumbnailUrl\":\"https:\/\/files.sunoresearch.com.br\/n\/uploads\/2018\/12\/d3785640-exportacao-jpg.webp\",\"datePublished\":\"2020-01-26T16:19:49+00:00\",\"dateModified\":\"2020-07-20T20:52:09+00:00\",\"description\":\"O governo informou neste domingo (26) que o Brasil e a \u00cdndia v\u00e3o desenvolver projetos para pesquisa e produ\u00e7\u00e3o de animal.\u00a0 Clique aqui\",\"breadcrumb\":{\"@id\":\"https:\/\/www.suno.com.br\/noticias\/brasil-e-india-vao-desenvolver-projetos-para-producao-de-animal\/#breadcrumb\"},\"inLanguage\":\"pt-BR\",\"potentialAction\":[{\"@type\":\"ReadAction\",\"target\":[\"https:\/\/www.suno.com.br\/noticias\/brasil-e-india-vao-desenvolver-projetos-para-producao-de-animal\/\"]}]},{\"@type\":\"ImageObject\",\"inLanguage\":\"pt-BR\",\"@id\":\"https:\/\/www.suno.com.br\/noticias\/brasil-e-india-vao-desenvolver-projetos-para-producao-de-animal\/#primaryimage\",\"url\":\"https:\/\/files.sunoresearch.com.br\/n\/uploads\/2018\/12\/d3785640-exportacao-jpg.webp\",\"contentUrl\":\"https:\/\/files.sunoresearch.com.br\/n\/uploads\/2018\/12\/d3785640-exportacao-jpg.webp\",\"width\":960,\"height\":609,\"caption\":\"Balan\u00e7a comercial tem d\u00e9ficit de US$ 701 mi na terceira semana de maio\"},{\"@type\":\"BreadcrumbList\",\"@id\":\"https:\/\/www.suno.com.br\/noticias\/brasil-e-india-vao-desenvolver-projetos-para-producao-de-animal\/#breadcrumb\",\"itemListElement\":[{\"@type\":\"ListItem\",\"position\":1,\"name\":\"Not\u00edcias\",\"item\":\"https:\/\/www.suno.com.br\/noticias\/\"},{\"@type\":\"ListItem\",\"position\":2,\"name\":\"Pol\u00edtica\",\"item\":\"https:\/\/www.suno.com.br\/noticias\/politica\/\"},{\"@type\":\"ListItem\",\"position\":3,\"name\":\"Brasil e \u00cdndia v\u00e3o desenvolver projetos para produ\u00e7\u00e3o de animal\"}]},{\"@type\":\"WebSite\",\"@id\":\"https:\/\/www.suno.com.br\/noticias\/#website\",\"url\":\"https:\/\/www.suno.com.br\/noticias\/\",\"name\":\"Suno Not\u00edcias\",\"description\":\"Seu portal de informa\u00e7\u00e3o sobre o mundo dos investimentos\",\"publisher\":{\"@id\":\"https:\/\/www.suno.com.br\/noticias\/#organization\"},\"potentialAction\":[{\"@type\":\"SearchAction\",\"target\":{\"@type\":\"EntryPoint\",\"urlTemplate\":\"https:\/\/www.suno.com.br\/noticias\/?s={search_term_string}\"},\"query-input\":{\"@type\":\"PropertyValueSpecification\",\"valueRequired\":true,\"valueName\":\"search_term_string\"}}],\"inLanguage\":\"pt-BR\"},{\"@type\":\"Organization\",\"@id\":\"https:\/\/www.suno.com.br\/noticias\/#organization\",\"name\":\"Suno Not\u00edcias\",\"url\":\"https:\/\/www.suno.com.br\/noticias\/\",\"logo\":{\"@type\":\"ImageObject\",\"inLanguage\":\"pt-BR\",\"@id\":\"https:\/\/www.suno.com.br\/noticias\/#\/schema\/logo\/image\/\",\"url\":\"https:\/\/files.sunoresearch.com.br\/n\/uploads\/2021\/09\/suno-logo.png\",\"contentUrl\":\"https:\/\/files.sunoresearch.com.br\/n\/uploads\/2021\/09\/suno-logo.png\",\"width\":180,\"height\":180,\"caption\":\"Suno Not\u00edcias\"},\"image\":{\"@id\":\"https:\/\/www.suno.com.br\/noticias\/#\/schema\/logo\/image\/\"},\"sameAs\":[\"https:\/\/facebook.com\/sunoresearch\",\"https:\/\/x.com\/sunoresearch\",\"https:\/\/www.instagram.com\/suno\",\"https:\/\/www.linkedin.com\/company\/suno-research\/\",\"https:\/\/www.youtube.com\/c\/sunoresearch\"]},{\"@type\":\"Person\",\"@id\":\"https:\/\/www.suno.com.br\/noticias\/#\/schema\/person\/02ec1f752758247878a2bf4abee1aeda\",\"name\":\"Poliana Santos\",\"image\":{\"@type\":\"ImageObject\",\"inLanguage\":\"pt-BR\",\"@id\":\"https:\/\/www.suno.com.br\/noticias\/#\/schema\/person\/image\/\",\"url\":\"https:\/\/secure.gravatar.com\/avatar\/0645bd32f23d87b2130f2b2dff1d3f8d?s=96&r=g\",\"contentUrl\":\"https:\/\/secure.gravatar.com\/avatar\/0645bd32f23d87b2130f2b2dff1d3f8d?s=96&r=g\",\"caption\":\"Poliana Santos\"},\"description\":\"Rep\u00f3rter no Suno Not\u00edcias, com cobertura em mercado financeiro, economia, finan\u00e7as pessoais, renda fixa e varejo. Jornalista formada pela Faculdade C\u00e1sper L\u00edbero e possui passagem na R\u00e1dio Gazeta AM com a produ\u00e7\u00e3o de conte\u00fado sobre economia, pol\u00edtica, sa\u00fade, moda e m\u00fasica. Possui certificado de conclus\u00e3o do curso de An\u00e1lise de Balan\u00e7os pela Funda\u00e7\u00e3o Bradesco, Agenda Brasil pela FAAP, Educa\u00e7\u00e3o Pol\u00edtica por Alexandre Garcia e do Tesouro Direto e Mercado de A\u00e7\u00f5es pela B3.\",\"url\":\"https:\/\/www.suno.com.br\/noticias\/author\/poliana-santos\/\"}]}<\/script>\n<!-- \/ Yoast SEO plugin. -->","yoast_head_json":{"title":"Brasil e \u00cdndia v\u00e3o desenvolver projetos para produ\u00e7\u00e3o de animal","description":"O governo informou neste domingo (26) que o Brasil e a \u00cdndia v\u00e3o desenvolver projetos para pesquisa e produ\u00e7\u00e3o de animal.\u00a0 Clique aqui","robots":{"index":"index","follow":"follow","max-snippet":"max-snippet:-1","max-image-preview":"max-image-preview:large","max-video-preview":"max-video-preview:-1"},"canonical":"https:\/\/www.suno.com.br\/noticias\/brasil-e-india-vao-desenvolver-projetos-para-producao-de-animal\/","og_locale":"pt_BR","og_type":"article","og_title":"Brasil e \u00cdndia v\u00e3o desenvolver projetos para produ\u00e7\u00e3o de animal","og_description":"O governo informou neste domingo (26) que o Brasil e a \u00cdndia v\u00e3o desenvolver projetos para pesquisa e produ\u00e7\u00e3o de animal.\u00a0 Clique aqui","og_url":"https:\/\/www.suno.com.br\/noticias\/brasil-e-india-vao-desenvolver-projetos-para-producao-de-animal\/","og_site_name":"Suno Not\u00edcias","article_publisher":"https:\/\/facebook.com\/sunoresearch","og_image":[{"width":960,"height":609,"url":"https:\/\/files.sunoresearch.com.br\/n\/uploads\/2018\/12\/d3785640-exportacao.jpg","type":"image\/jpeg"}],"author":"Poliana Santos","twitter_card":"summary_large_image","twitter_creator":"@sunoresearch","twitter_site":"@sunoresearch","twitter_misc":{"Escrito por":"Poliana Santos","Est. tempo de leitura":"2 minutos"},"schema":{"@context":"https:\/\/schema.org","@graph":[{"@type":"NewsArticle","@id":"https:\/\/www.suno.com.br\/noticias\/brasil-e-india-vao-desenvolver-projetos-para-producao-de-animal\/#article","isPartOf":{"@id":"https:\/\/www.suno.com.br\/noticias\/brasil-e-india-vao-desenvolver-projetos-para-producao-de-animal\/"},"author":{"name":"Poliana Santos","@id":"https:\/\/www.suno.com.br\/noticias\/#\/schema\/person\/02ec1f752758247878a2bf4abee1aeda"},"headline":"Brasil e \u00cdndia v\u00e3o desenvolver projetos para produ\u00e7\u00e3o de animal","datePublished":"2020-01-26T16:19:49+00:00","dateModified":"2020-07-20T20:52:09+00:00","mainEntityOfPage":{"@id":"https:\/\/www.suno.com.br\/noticias\/brasil-e-india-vao-desenvolver-projetos-para-producao-de-animal\/"},"wordCount":398,"publisher":{"@id":"https:\/\/www.suno.com.br\/noticias\/#organization"},"image":{"@id":"https:\/\/www.suno.com.br\/noticias\/brasil-e-india-vao-desenvolver-projetos-para-producao-de-animal\/#primaryimage"},"thumbnailUrl":"https:\/\/files.sunoresearch.com.br\/n\/uploads\/2018\/12\/d3785640-exportacao-jpg.webp","articleSection":["Pol\u00edtica"],"inLanguage":"pt-BR"},{"@type":"WebPage","@id":"https:\/\/www.suno.com.br\/noticias\/brasil-e-india-vao-desenvolver-projetos-para-producao-de-animal\/","url":"https:\/\/www.suno.com.br\/noticias\/brasil-e-india-vao-desenvolver-projetos-para-producao-de-animal\/","name":"Brasil e \u00cdndia v\u00e3o desenvolver projetos para produ\u00e7\u00e3o de animal","isPartOf":{"@id":"https:\/\/www.suno.com.br\/noticias\/#website"},"primaryImageOfPage":{"@id":"https:\/\/www.suno.com.br\/noticias\/brasil-e-india-vao-desenvolver-projetos-para-producao-de-animal\/#primaryimage"},"image":{"@id":"https:\/\/www.suno.com.br\/noticias\/brasil-e-india-vao-desenvolver-projetos-para-producao-de-animal\/#primaryimage"},"thumbnailUrl":"https:\/\/files.sunoresearch.com.br\/n\/uploads\/2018\/12\/d3785640-exportacao-jpg.webp","datePublished":"2020-01-26T16:19:49+00:00","dateModified":"2020-07-20T20:52:09+00:00","description":"O governo informou neste domingo (26) que o Brasil e a \u00cdndia v\u00e3o desenvolver projetos para pesquisa e produ\u00e7\u00e3o de animal.\u00a0 Clique aqui","breadcrumb":{"@id":"https:\/\/www.suno.com.br\/noticias\/brasil-e-india-vao-desenvolver-projetos-para-producao-de-animal\/#breadcrumb"},"inLanguage":"pt-BR","potentialAction":[{"@type":"ReadAction","target":["https:\/\/www.suno.com.br\/noticias\/brasil-e-india-vao-desenvolver-projetos-para-producao-de-animal\/"]}]},{"@type":"ImageObject","inLanguage":"pt-BR","@id":"https:\/\/www.suno.com.br\/noticias\/brasil-e-india-vao-desenvolver-projetos-para-producao-de-animal\/#primaryimage","url":"https:\/\/files.sunoresearch.com.br\/n\/uploads\/2018\/12\/d3785640-exportacao-jpg.webp","contentUrl":"https:\/\/files.sunoresearch.com.br\/n\/uploads\/2018\/12\/d3785640-exportacao-jpg.webp","width":960,"height":609,"caption":"Balan\u00e7a comercial tem d\u00e9ficit de US$ 701 mi na terceira semana de maio"},{"@type":"BreadcrumbList","@id":"https:\/\/www.suno.com.br\/noticias\/brasil-e-india-vao-desenvolver-projetos-para-producao-de-animal\/#breadcrumb","itemListElement":[{"@type":"ListItem","position":1,"name":"Not\u00edcias","item":"https:\/\/www.suno.com.br\/noticias\/"},{"@type":"ListItem","position":2,"name":"Pol\u00edtica","item":"https:\/\/www.suno.com.br\/noticias\/politica\/"},{"@type":"ListItem","position":3,"name":"Brasil e \u00cdndia v\u00e3o desenvolver projetos para produ\u00e7\u00e3o de animal"}]},{"@type":"WebSite","@id":"https:\/\/www.suno.com.br\/noticias\/#website","url":"https:\/\/www.suno.com.br\/noticias\/","name":"Suno Not\u00edcias","description":"Seu portal de informa\u00e7\u00e3o sobre o mundo dos investimentos","publisher":{"@id":"https:\/\/www.suno.com.br\/noticias\/#organization"},"potentialAction":[{"@type":"SearchAction","target":{"@type":"EntryPoint","urlTemplate":"https:\/\/www.suno.com.br\/noticias\/?s={search_term_string}"},"query-input":{"@type":"PropertyValueSpecification","valueRequired":true,"valueName":"search_term_string"}}],"inLanguage":"pt-BR"},{"@type":"Organization","@id":"https:\/\/www.suno.com.br\/noticias\/#organization","name":"Suno Not\u00edcias","url":"https:\/\/www.suno.com.br\/noticias\/","logo":{"@type":"ImageObject","inLanguage":"pt-BR","@id":"https:\/\/www.suno.com.br\/noticias\/#\/schema\/logo\/image\/","url":"https:\/\/files.sunoresearch.com.br\/n\/uploads\/2021\/09\/suno-logo.png","contentUrl":"https:\/\/files.sunoresearch.com.br\/n\/uploads\/2021\/09\/suno-logo.png","width":180,"height":180,"caption":"Suno Not\u00edcias"},"image":{"@id":"https:\/\/www.suno.com.br\/noticias\/#\/schema\/logo\/image\/"},"sameAs":["https:\/\/facebook.com\/sunoresearch","https:\/\/x.com\/sunoresearch","https:\/\/www.instagram.com\/suno","https:\/\/www.linkedin.com\/company\/suno-research\/","https:\/\/www.youtube.com\/c\/sunoresearch"]},{"@type":"Person","@id":"https:\/\/www.suno.com.br\/noticias\/#\/schema\/person\/02ec1f752758247878a2bf4abee1aeda","name":"Poliana Santos","image":{"@type":"ImageObject","inLanguage":"pt-BR","@id":"https:\/\/www.suno.com.br\/noticias\/#\/schema\/person\/image\/","url":"https:\/\/secure.gravatar.com\/avatar\/0645bd32f23d87b2130f2b2dff1d3f8d?s=96&r=g","contentUrl":"https:\/\/secure.gravatar.com\/avatar\/0645bd32f23d87b2130f2b2dff1d3f8d?s=96&r=g","caption":"Poliana Santos"},"description":"Rep\u00f3rter no Suno Not\u00edcias, com cobertura em mercado financeiro, economia, finan\u00e7as pessoais, renda fixa e varejo. Jornalista formada pela Faculdade C\u00e1sper L\u00edbero e possui passagem na R\u00e1dio Gazeta AM com a produ\u00e7\u00e3o de conte\u00fado sobre economia, pol\u00edtica, sa\u00fade, moda e m\u00fasica. Possui certificado de conclus\u00e3o do curso de An\u00e1lise de Balan\u00e7os pela Funda\u00e7\u00e3o Bradesco, Agenda Brasil pela FAAP, Educa\u00e7\u00e3o Pol\u00edtica por Alexandre Garcia e do Tesouro Direto e Mercado de A\u00e7\u00f5es pela B3.","url":"https:\/\/www.suno.com.br\/noticias\/author\/poliana-santos\/"}]}},"default_loop_html":"<div class=\"cardsPage__listCard__boxs\"><div class=\"cardsPage__listCard__boxs__img\"><a href=\"https:\/\/www.suno.com.br\/noticias\/brasil-e-india-vao-desenvolver-projetos-para-producao-de-animal\/\"><img class=\"mask\" src=\"https:\/\/www.suno.com.br\/noticias\/wp-content\/themes\/suno\/resources\/images\/spotlight\/spotlight1img\/bg-mask.png\" alt=\"Image Mask\"\/><img src=\"https:\/\/files.sunoresearch.com.br\/n\/uploads\/2018\/12\/d3785640-exportacao-400x200.webp\" alt=\"Brasil e \u00cdndia v\u00e3o desenvolver projetos para produ\u00e7\u00e3o de animal\"\/><\/a><span class=\"spotlightCategory\"><a href=\"https:\/\/www.suno.com.br\/noticias\/politica\/\">Pol\u00edtica<\/a><\/span><\/div><div class=\"cardsPage__listCard__boxs__content\"><a href=\"https:\/\/www.suno.com.br\/noticias\/brasil-e-india-vao-desenvolver-projetos-para-producao-de-animal\/\"><h2 class=\"content__title\">Brasil e \u00cdndia v\u00e3o desenvolver projetos para produ\u00e7\u00e3o de animal<\/h2><\/a><div class=\"newsContent__article__meta\"><div class=\"newsContent__article__meta__authorBox\"><a href=\"https:\/\/www.suno.com.br\/noticias\/author\/poliana-santos\/\" class=\"authorBox__avatar noMobi\"><img src=\"https:\/\/files.sunoresearch.com.br\/n\/uploads\/2020\/08\/7ef34026-whatsapp-image-2020-08-03-at-12.37.57-150x150.webp\" alt=\"Poliana Santos\"><\/a><div class=\"authorBox__name\"><span>por\n\t\t\t<a href=\"https:\/\/www.suno.com.br\/noticias\/author\/poliana-santos\/\"><span itemprop=\"author\">Poliana Santos<\/span><\/a><\/span><time datetime=\"2020-01-26T14:19:49-03:00\" itemprop=\"datePublished\">26\/01\/2020 14:19<\/time><\/div><\/div><\/div><\/div><\/div>","single_layout":"posts","amp_enabled":true,"_links":{"self":[{"href":"https:\/\/www.suno.com.br\/noticias\/wp-json\/wp\/v2\/posts\/50946"}],"collection":[{"href":"https:\/\/www.suno.com.br\/noticias\/wp-json\/wp\/v2\/posts"}],"about":[{"href":"https:\/\/www.suno.com.br\/noticias\/wp-json\/wp\/v2\/types\/post"}],"author":[{"embeddable":true,"href":"https:\/\/www.suno.com.br\/noticias\/wp-json\/wp\/v2\/users\/15"}],"replies":[{"embeddable":true,"href":"https:\/\/www.suno.com.br\/noticias\/wp-json\/wp\/v2\/comments?post=50946"}],"version-history":[{"count":0,"href":"https:\/\/www.suno.com.br\/noticias\/wp-json\/wp\/v2\/posts\/50946\/revisions"}],"wp:featuredmedia":[{"embeddable":true,"href":"https:\/\/www.suno.com.br\/noticias\/wp-json\/wp\/v2\/media\/7709"}],"wp:attachment":[{"href":"https:\/\/www.suno.com.br\/noticias\/wp-json\/wp\/v2\/media?parent=50946"}],"wp:term":[{"taxonomy":"category","embeddable":true,"href":"https:\/\/www.suno.com.br\/noticias\/wp-json\/wp\/v2\/categories?post=50946"},{"taxonomy":"post_tag","embeddable":true,"href":"https:\/\/www.suno.com.br\/noticias\/wp-json\/wp\/v2\/tags?post=50946"},{"taxonomy":"suno_strategy","embeddable":true,"href":"https:\/\/www.suno.com.br\/noticias\/wp-json\/wp\/v2\/suno_strategy?post=50946"}],"curies":[{"name":"wp","href":"https:\/\/api.w.org\/{rel}","templated":true}]}}