{"id":509390,"date":"2024-01-11T11:34:11","date_gmt":"2024-01-11T14:34:11","guid":{"rendered":"https:\/\/www.suno.com.br\/noticias\/?p=509390"},"modified":"2024-01-11T12:02:20","modified_gmt":"2024-01-11T15:02:20","slug":"fraude-americanas-amer3-custou-bilhoes-bancos-evm","status":"publish","type":"post","link":"https:\/\/www.suno.com.br\/noticias\/fraude-americanas-amer3-custou-bilhoes-bancos-evm\/","title":{"rendered":"Fraude da Americanas (AMER3) custou R$ 14 bilh\u00f5es aos bancos"},"content":{"rendered":"<p>Ap\u00f3s um ano do esc\u00e2ndalo da <a href=\"https:\/\/statusinvest.com.br\/acoes\/amer3\" target=\"_blank\" rel=\"noreferrer noopener\"><strong>Americanas<\/strong> (AMER3)<\/a>, que abalou o <a class=\"suno-keyword\" data-force=\"no\" data-priority=\"1\" href=\"https:\/\/www.suno.com.br\/artigos\/mercado-de-capitais-conceito\/\" target=\"_blank\" rel=\"noopener\">mercado de capitais<\/a> brasileiro, o saldo negativo para os credores da varejista \u00e9 de aproximadamente R$ 14 bilh\u00f5es.<\/p><div class=\"videoFull \">\n\t\t\t<div class=\"videoWrapper yt-lazyload center\"\n\t\t\t\tdata-width=\"960\"\n\t\t\t\tdata-height=\"540\"\n\t\t\t\tdata-id=\"KHtpQnhN5e0\"\n\t\t\t\tdata-alt=\"V\u00eddeo do YouTube - clique para reproduzir\"\n\t\t\t\tdata-logo=\"3\"\n\t\t\t\tdata-imagequality=\"maxres\">\n\t\t\t<\/div>\n\t\t<\/div><script type=\"application\/ld+json\">{\"@context\":\"https:\/\/schema.org\",\"@type\":\"VideoObject\",\"name\":\"\ud83d\udd34 VALE (VALE3) VAI VIRAR O JOGO? | Div\u00f3rcio entre Petrobras e Vibra | STF penalizar\u00e1 varejo?\",\"description\":\"#mercadofinanceiro #a\u00e7\u00f5es #investimentos #bolsadevalores #ibovespa #dinheiro #finan\u00e7as #pol\u00edtica #d\u00f3lar #livedas19h #petr4 #petr3 #petrobras #vale3 #vale #a\u00e7\u00f5es #economia #dividendos #stf #debentures #governo \ud83d\udd34 SUNO A\u00c7\u00d5ES COM 60% DE DESCONTO: https:\/\/suno.me\/3RTjqGN 00:00 In\u00edcio do v\u00eddeo 01:50 Fechamento de preg\u00e3o 06:11 VALE3 vai dar a volta por cima? 11:09 Petrobras n\u00e3o renovar\u00e1 com Vibra 13:00 Suno a\u00e7\u00f5es por\u2026\",\"duration\":\"PT27M53S\",\"embedUrl\":\"https:\/\/www.youtube.com\/embed\/KHtpQnhN5e0\",\"regionsAllowed\":\"en-US\",\"interactionStatistic\":{\"@type\":\"InteractionCounter\",\"interactionType\":{\"@type\":\"WatchAction\"},\"userInteractionCount\":2906},\"thumbnailUrl\":\"https:\/\/i.ytimg.com\/vi\/KHtpQnhN5e0\/default.jpg\",\"uploadDate\":\"2024-01-11T10:35:10Z\"}<\/script>\n\n\n\n\n\t<p>\n\t\t<a href=\"\" target=\"_blank\" data-element=\"shortcode-suno-banner\" title=\"Banner SUNO, clique e saiba mais\">\n\t\t\t<picture>\n\t\t\t\t<source media=\"(max-width: 500px)\" srcset=\"\">\n\t\t\t\t<img class=\"newsContent__article__imgCapa newsContent__article__imgCapa--banner\"\n\t\t\t\t\tsrc=\"\"\n\t\t\t\t\tdata-promo-id=\"265277\"\t\t\t\t\t\t\t\t\t\t\t\t\t\t\talt=\"\"\n\t\t\t\t>\n\t\t\t<\/picture>\n\t\t<\/a>\n\t<\/p>\n\n\n\n\n\n\n\n<p>A <strong>fraude da Americanas<\/strong>, que afetou drasticamente o mercado de cr\u00e9dito, gerou um impacto imediato nos credores da companhia &#8211; incluindo o <a class=\"suno-keyword\" data-force=\"yes\" data-priority=\"2\" href=\"https:\/\/www.suno.com.br\/acoes\/BBDC4\/\" target=\"_blank\" rel=\"noopener\">Bradesco (BBDC4)<\/a>, que tinha a maior exposi\u00e7\u00e3o nominal ao caso.<\/p>\n\n\n\n<p>A companhia, assim como o <a class=\"suno-keyword\" target=\"_blank\" data-force=\"yes\" data-priority=\"2\" href=\"https:\/\/www.suno.com.br\/acoes\/ITUB4\/\" rel=\"noopener\">Ita\u00fa (ITUB4)<\/a> e o <a class=\"suno-keyword\" target=\"_blank\" data-force=\"yes\" data-priority=\"2\" href=\"https:\/\/www.suno.com.br\/acoes\/BBAS3\/\" rel=\"noopener\">BB (BBAS3)<\/a>, decidiu provisionar 100% do valor, provocando um efeito direto no balan\u00e7o trimestral do 4T22, divulgado semanas ap\u00f3s a revela\u00e7\u00e3o do esc\u00e2ndalo cont\u00e1bil.<\/p>\n\n\n\n<p>Atualmente, a Americanas soma R$ 36,8 bilh\u00f5es em d\u00edvidas financeiras, incluindo os empr\u00e9stimos com <strong>bancos credores<\/strong> e os t\u00edtulos de d\u00edvidas que s\u00e3o detidos por debenturistas.<\/p>\n\n\n\n<p>Em meio \u00e0 seu processo recente de recupera\u00e7\u00e3o judicial, com acordos costurados h\u00e1 pouco tempo, a varejista deve ter uma fatia do seu capital social abocanhada por partes desses credores.<\/p>\n\n\n\n<p>Isso, dado que no \u00e2mbito do <strong>plano de recupera\u00e7\u00e3o judicial da Americanas<\/strong> est\u00e3o previstas inje\u00e7\u00f5es de capital via ofertas de a\u00e7\u00f5es &#8211; que tem potencial de diluir os atuais acionistas e dar at\u00e9 48% do capital da empresa para os credores.<\/p>\n\n\n\t<p>\n\t\t<a href=\"https:\/\/lp.suno.com.br\/planilha-da-vida-financeira\/\" target=\"_blank\" data-element=\"shortcode-suno-banner\" title=\"Banner SUNO, clique e saiba mais\">\n\t\t\t<picture>\n\t\t\t\t<source media=\"(max-width: 500px)\" srcset=\"https:\/\/files.sunoresearch.com.br\/n\/uploads\/2023\/04\/400x300-Planilha-vida-financeira-true.png\">\n\t\t\t\t<img class=\"newsContent__article__imgCapa newsContent__article__imgCapa--banner\"\n\t\t\t\t\tsrc=\"https:\/\/files.sunoresearch.com.br\/n\/uploads\/2023\/04\/1420x240-Planilha-vida-financeira-true.png\"\n\t\t\t\t\tdata-promo-id=\"383123\"\t\t\t\t\t\t\t\t\t\twidth='1420' height='240'\t\t\t\t\talt=\"https:\/\/files.sunoresearch.com.br\/n\/uploads\/2023\/04\/1420x240-Planilha-vida-financeira-true.png\"\n\t\t\t\t>\n\t\t\t<\/picture>\n\t\t<\/a>\n\t<\/p>\n\n\n\n\n\n<h2 class=\"wp-block-heading\">Como devem ficar as a\u00e7\u00f5es da Americanas em 2024?<\/h2>\n\n\n\n<p>No dia 11 de janeiro de 2023, as a\u00e7\u00f5es da Americanas fecharam cotadas a R$ 12,00 e despencaram para R$ 2,72 no dia seguinte. Segundo o \u00faltimo fechamento da quarta-feira (10), valem menos de R$ 0,84.<\/p>\n\n\n\n<p>Pouco mais de uma semana depois da divulga\u00e7\u00e3o das <strong>inconsist\u00eancias cont\u00e1beis da Americanas<\/strong>, em 19 de janeiro, dia em que a Americanas entrou com o pedido de recupera\u00e7\u00e3o judicial, a <a class=\"suno-keyword\" target=\"_blank\" data-force=\"yes\" data-priority=\"2\" href=\"https:\/\/www.suno.com.br\/acoes\/B3SA3\/\" rel=\"noopener\">B3 (B3SA3)<\/a> comunicou que a varejista teria todos os seus t\u00edtulos exclu\u00eddos de todos os \u00edndices da bolsa brasileira. <\/p>\n\n\n\n<p>O ativo AMER3 segue negociado normalmente, mas listado sob o t\u00edtulo de \u201crecupera\u00e7\u00e3o judicial\u201d.&nbsp;<\/p>\n\n\n\n<p>Com a aprova\u00e7\u00e3o do <a href=\"https:\/\/www.suno.com.br\/artigos\/plano-de-recuperacao\/\">plano de recupera\u00e7\u00e3o judicial<\/a> em Assembleia Geral de Credores (ACG) no \u00faltimo m\u00eas de dezembro, a tend\u00eancia \u00e9 a de que a sua homologa\u00e7\u00e3o judicial ocorra ainda no m\u00eas de janeiro e, com isso, o valor das a\u00e7\u00f5es comece a apresentar alguma retomada, avalia Bitar, da Fonseca Brasil Advogados.<\/p>\n\n\n\n<p>\u201cCom o cumprimento dos aportes de capital dos acionistas de refer\u00eancia e os pagamentos previstos no <a href=\"https:\/\/www.suno.com.br\/artigos\/plano-de-recuperacao\/\">plano de recupera\u00e7\u00e3o judicial<\/a> como mais imediatos, a <strong>Americanas <\/strong>se posiciona em um cen\u00e1rio de recome\u00e7o e isso auxiliar\u00e1 a recupera\u00e7\u00e3o do valor das a\u00e7\u00f5es. Mas essa retomada deve ser t\u00edmida e estabilizar-se ao longo de 2024, tendo em vista a natural desconfian\u00e7a do mercado\u201d, explica.<\/p>\n\n\n\t<p>\n\t\t<a href=\"https:\/\/lp.suno.com.br\/ebook-como-analisar-uma-acao\/\" target=\"_blank\" data-element=\"shortcode-suno-banner\" title=\"Banner SUNO, clique e saiba mais\">\n\t\t\t<picture>\n\t\t\t\t<source media=\"(max-width: 500px)\" srcset=\"https:\/\/files.sunoresearch.com.br\/n\/uploads\/2023\/03\/Ebook-Acoes-Mobile-1.jpg\">\n\t\t\t\t<img class=\"newsContent__article__imgCapa newsContent__article__imgCapa--banner\"\n\t\t\t\t\tsrc=\"https:\/\/files.sunoresearch.com.br\/n\/uploads\/2023\/03\/Ebook-Acoes-Desktop-1.jpg\"\n\t\t\t\t\tdata-promo-id=\"171998\"\t\t\t\t\t\t\t\t\t\twidth='1420' height='286'\t\t\t\t\talt=\"https:\/\/files.sunoresearch.com.br\/n\/uploads\/2023\/03\/Ebook-Acoes-Desktop-1.jpg\"\n\t\t\t\t>\n\t\t\t<\/picture>\n\t\t<\/a>\n\t<\/p>\n\n\n","protected":false},"excerpt":{"rendered":"<p>Ap\u00f3s um ano do esc\u00e2ndalo da Americanas (AMER3), que abalou o mercado de capitais brasileiro, o saldo negativo para os credores da varejista \u00e9 de aproximadamente R$ 14 bilh\u00f5es. A fraude da Americanas, que afetou drasticamente o mercado de cr\u00e9dito, gerou um impacto imediato nos credores da companhia &#8211; incluindo o Bradesco (BBDC4), que tinha [&hellip;]<\/p>\n","protected":false},"author":73,"featured_media":350274,"comment_status":"closed","ping_status":"closed","sticky":false,"template":"","format":"standard","meta":[],"categories":[64],"tags":[106605,289,392],"suno_strategy":[],"class_list":["post-509390","post","type-post","status-publish","format-standard","has-post-thumbnail","hentry","category-negocios","tag-americanas-s-a-amer3","tag-bancos","tag-bradesco-bbdc3-bbdc4"],"yoast_head":"<!-- This site is optimized with the Yoast SEO plugin v24.4 - https:\/\/yoast.com\/wordpress\/plugins\/seo\/ -->\n<title>Fraude da Americanas (AMER3) custou R$ 14 bilh\u00f5es aos bancos<\/title>\n<meta name=\"description\" content=\"A fraude da Americanas, que afetou drasticamente o mercado de cr\u00e9dito, gerou um impacto imediato em alguns dos maiores credores da companhia\" \/>\n<meta name=\"robots\" content=\"index, follow, max-snippet:-1, max-image-preview:large, max-video-preview:-1\" \/>\n<link rel=\"canonical\" href=\"https:\/\/www.suno.com.br\/noticias\/fraude-americanas-amer3-custou-bilhoes-bancos-evm\/\" \/>\n<meta property=\"og:locale\" content=\"pt_BR\" \/>\n<meta property=\"og:type\" content=\"article\" \/>\n<meta property=\"og:title\" content=\"Fraude da Americanas (AMER3) custou R$ 14 bilh\u00f5es aos bancos\" \/>\n<meta property=\"og:description\" content=\"A fraude da Americanas, que afetou drasticamente o mercado de cr\u00e9dito, gerou um impacto imediato em alguns dos maiores credores da companhia\" \/>\n<meta property=\"og:url\" content=\"https:\/\/www.suno.com.br\/noticias\/fraude-americanas-amer3-custou-bilhoes-bancos-evm\/\" \/>\n<meta property=\"og:site_name\" content=\"Suno Not\u00edcias\" \/>\n<meta property=\"article:publisher\" content=\"https:\/\/facebook.com\/sunoresearch\" \/>\n<meta property=\"og:image\" content=\"https:\/\/files.sunoresearch.com.br\/n\/uploads\/2023\/01\/Americanas-divulgacao.jpg\" \/>\n\t<meta property=\"og:image:width\" content=\"1200\" \/>\n\t<meta property=\"og:image:height\" content=\"800\" \/>\n\t<meta property=\"og:image:type\" content=\"image\/jpeg\" \/>\n<meta name=\"author\" content=\"Eduardo Vargas\" \/>\n<meta name=\"twitter:card\" content=\"summary_large_image\" \/>\n<meta name=\"twitter:creator\" content=\"@sunoresearch\" \/>\n<meta name=\"twitter:site\" content=\"@sunoresearch\" \/>\n<meta name=\"twitter:label1\" content=\"Escrito por\" \/>\n\t<meta name=\"twitter:data1\" content=\"Eduardo Vargas\" \/>\n\t<meta name=\"twitter:label2\" content=\"Est. tempo de leitura\" \/>\n\t<meta name=\"twitter:data2\" content=\"3 minutos\" \/>\n<script type=\"application\/ld+json\" class=\"yoast-schema-graph\">{\"@context\":\"https:\/\/schema.org\",\"@graph\":[{\"@type\":\"NewsArticle\",\"@id\":\"https:\/\/www.suno.com.br\/noticias\/fraude-americanas-amer3-custou-bilhoes-bancos-evm\/#article\",\"isPartOf\":{\"@id\":\"https:\/\/www.suno.com.br\/noticias\/fraude-americanas-amer3-custou-bilhoes-bancos-evm\/\"},\"author\":{\"name\":\"Eduardo Vargas\",\"@id\":\"https:\/\/www.suno.com.br\/noticias\/#\/schema\/person\/7f4d362bf3518e76090143ae77bb49a5\"},\"headline\":\"Fraude da Americanas (AMER3) custou R$ 14 bilh\u00f5es aos bancos\",\"datePublished\":\"2024-01-11T14:34:11+00:00\",\"dateModified\":\"2024-01-11T15:02:20+00:00\",\"mainEntityOfPage\":{\"@id\":\"https:\/\/www.suno.com.br\/noticias\/fraude-americanas-amer3-custou-bilhoes-bancos-evm\/\"},\"wordCount\":465,\"publisher\":{\"@id\":\"https:\/\/www.suno.com.br\/noticias\/#organization\"},\"image\":{\"@id\":\"https:\/\/www.suno.com.br\/noticias\/fraude-americanas-amer3-custou-bilhoes-bancos-evm\/#primaryimage\"},\"thumbnailUrl\":\"https:\/\/files.sunoresearch.com.br\/n\/uploads\/2023\/01\/Americanas-divulgacao.jpg\",\"keywords\":[\"Americanas (AMER3)\",\"bancos\",\"Bradesco (BBDC3\/BBDC4)\"],\"articleSection\":[\"Neg\u00f3cios\"],\"inLanguage\":\"pt-BR\"},{\"@type\":\"WebPage\",\"@id\":\"https:\/\/www.suno.com.br\/noticias\/fraude-americanas-amer3-custou-bilhoes-bancos-evm\/\",\"url\":\"https:\/\/www.suno.com.br\/noticias\/fraude-americanas-amer3-custou-bilhoes-bancos-evm\/\",\"name\":\"Fraude da Americanas (AMER3) custou R$ 14 bilh\u00f5es aos bancos\",\"isPartOf\":{\"@id\":\"https:\/\/www.suno.com.br\/noticias\/#website\"},\"primaryImageOfPage\":{\"@id\":\"https:\/\/www.suno.com.br\/noticias\/fraude-americanas-amer3-custou-bilhoes-bancos-evm\/#primaryimage\"},\"image\":{\"@id\":\"https:\/\/www.suno.com.br\/noticias\/fraude-americanas-amer3-custou-bilhoes-bancos-evm\/#primaryimage\"},\"thumbnailUrl\":\"https:\/\/files.sunoresearch.com.br\/n\/uploads\/2023\/01\/Americanas-divulgacao.jpg\",\"datePublished\":\"2024-01-11T14:34:11+00:00\",\"dateModified\":\"2024-01-11T15:02:20+00:00\",\"description\":\"A fraude da Americanas, que afetou drasticamente o mercado de cr\u00e9dito, gerou um impacto imediato em alguns dos maiores credores da companhia\",\"breadcrumb\":{\"@id\":\"https:\/\/www.suno.com.br\/noticias\/fraude-americanas-amer3-custou-bilhoes-bancos-evm\/#breadcrumb\"},\"inLanguage\":\"pt-BR\",\"potentialAction\":[{\"@type\":\"ReadAction\",\"target\":[\"https:\/\/www.suno.com.br\/noticias\/fraude-americanas-amer3-custou-bilhoes-bancos-evm\/\"]}]},{\"@type\":\"ImageObject\",\"inLanguage\":\"pt-BR\",\"@id\":\"https:\/\/www.suno.com.br\/noticias\/fraude-americanas-amer3-custou-bilhoes-bancos-evm\/#primaryimage\",\"url\":\"https:\/\/files.sunoresearch.com.br\/n\/uploads\/2023\/01\/Americanas-divulgacao.jpg\",\"contentUrl\":\"https:\/\/files.sunoresearch.com.br\/n\/uploads\/2023\/01\/Americanas-divulgacao.jpg\",\"width\":1200,\"height\":800,\"caption\":\"MAXR11, Americanas (AMER3). Foto: Divulga\u00e7\u00e3o\"},{\"@type\":\"BreadcrumbList\",\"@id\":\"https:\/\/www.suno.com.br\/noticias\/fraude-americanas-amer3-custou-bilhoes-bancos-evm\/#breadcrumb\",\"itemListElement\":[{\"@type\":\"ListItem\",\"position\":1,\"name\":\"Not\u00edcias\",\"item\":\"https:\/\/www.suno.com.br\/noticias\/\"},{\"@type\":\"ListItem\",\"position\":2,\"name\":\"Neg\u00f3cios\",\"item\":\"https:\/\/www.suno.com.br\/noticias\/negocios\/\"},{\"@type\":\"ListItem\",\"position\":3,\"name\":\"Fraude da Americanas (AMER3) custou R$ 14 bilh\u00f5es aos bancos\"}]},{\"@type\":\"WebSite\",\"@id\":\"https:\/\/www.suno.com.br\/noticias\/#website\",\"url\":\"https:\/\/www.suno.com.br\/noticias\/\",\"name\":\"Suno Not\u00edcias\",\"description\":\"Seu portal de informa\u00e7\u00e3o sobre o mundo dos investimentos\",\"publisher\":{\"@id\":\"https:\/\/www.suno.com.br\/noticias\/#organization\"},\"potentialAction\":[{\"@type\":\"SearchAction\",\"target\":{\"@type\":\"EntryPoint\",\"urlTemplate\":\"https:\/\/www.suno.com.br\/noticias\/?s={search_term_string}\"},\"query-input\":{\"@type\":\"PropertyValueSpecification\",\"valueRequired\":true,\"valueName\":\"search_term_string\"}}],\"inLanguage\":\"pt-BR\"},{\"@type\":\"Organization\",\"@id\":\"https:\/\/www.suno.com.br\/noticias\/#organization\",\"name\":\"Suno Not\u00edcias\",\"url\":\"https:\/\/www.suno.com.br\/noticias\/\",\"logo\":{\"@type\":\"ImageObject\",\"inLanguage\":\"pt-BR\",\"@id\":\"https:\/\/www.suno.com.br\/noticias\/#\/schema\/logo\/image\/\",\"url\":\"https:\/\/files.sunoresearch.com.br\/n\/uploads\/2021\/09\/suno-logo.png\",\"contentUrl\":\"https:\/\/files.sunoresearch.com.br\/n\/uploads\/2021\/09\/suno-logo.png\",\"width\":180,\"height\":180,\"caption\":\"Suno Not\u00edcias\"},\"image\":{\"@id\":\"https:\/\/www.suno.com.br\/noticias\/#\/schema\/logo\/image\/\"},\"sameAs\":[\"https:\/\/facebook.com\/sunoresearch\",\"https:\/\/x.com\/sunoresearch\",\"https:\/\/www.instagram.com\/suno\",\"https:\/\/www.linkedin.com\/company\/suno-research\/\",\"https:\/\/www.youtube.com\/c\/sunoresearch\"]},{\"@type\":\"Person\",\"@id\":\"https:\/\/www.suno.com.br\/noticias\/#\/schema\/person\/7f4d362bf3518e76090143ae77bb49a5\",\"name\":\"Eduardo Vargas\",\"image\":{\"@type\":\"ImageObject\",\"inLanguage\":\"pt-BR\",\"@id\":\"https:\/\/www.suno.com.br\/noticias\/#\/schema\/person\/image\/\",\"url\":\"https:\/\/secure.gravatar.com\/avatar\/dac340933427a22924c9f99d1eb2e3f2?s=96&r=g\",\"contentUrl\":\"https:\/\/secure.gravatar.com\/avatar\/dac340933427a22924c9f99d1eb2e3f2?s=96&r=g\",\"caption\":\"Eduardo Vargas\"},\"description\":\"Jornalista formado pela UFSC, cobre macroeconomia, neg\u00f3cios e startups para o Suno Not\u00edcias, escrevendo principalmente not\u00edcias sobre o mercado financeiro e a bolsa de valores. No YouTube e no Instagram, \u00e9 respons\u00e1vel pela produ\u00e7\u00e3o de Reels e Shorts do Suno Not\u00edcias. Anteriormente, trabalhou cobrindo economia e cotidiano no ND+ e para o ND, maior jornal impresso de Santa Catarina. Cursou um semestre letivo de Estudos de M\u00eddia na Universidad de Buenos Aires.\",\"url\":\"https:\/\/www.suno.com.br\/noticias\/author\/eduardo-vargas\/\"}]}<\/script>\n<!-- \/ Yoast SEO plugin. -->","yoast_head_json":{"title":"Fraude da Americanas (AMER3) custou R$ 14 bilh\u00f5es aos bancos","description":"A fraude da Americanas, que afetou drasticamente o mercado de cr\u00e9dito, gerou um impacto imediato em alguns dos maiores credores da companhia","robots":{"index":"index","follow":"follow","max-snippet":"max-snippet:-1","max-image-preview":"max-image-preview:large","max-video-preview":"max-video-preview:-1"},"canonical":"https:\/\/www.suno.com.br\/noticias\/fraude-americanas-amer3-custou-bilhoes-bancos-evm\/","og_locale":"pt_BR","og_type":"article","og_title":"Fraude da Americanas (AMER3) custou R$ 14 bilh\u00f5es aos bancos","og_description":"A fraude da Americanas, que afetou drasticamente o mercado de cr\u00e9dito, gerou um impacto imediato em alguns dos maiores credores da companhia","og_url":"https:\/\/www.suno.com.br\/noticias\/fraude-americanas-amer3-custou-bilhoes-bancos-evm\/","og_site_name":"Suno Not\u00edcias","article_publisher":"https:\/\/facebook.com\/sunoresearch","og_image":[{"width":1200,"height":800,"url":"https:\/\/files.sunoresearch.com.br\/n\/uploads\/2023\/01\/Americanas-divulgacao.jpg","type":"image\/jpeg"}],"author":"Eduardo Vargas","twitter_card":"summary_large_image","twitter_creator":"@sunoresearch","twitter_site":"@sunoresearch","twitter_misc":{"Escrito por":"Eduardo Vargas","Est. tempo de leitura":"3 minutos"},"schema":{"@context":"https:\/\/schema.org","@graph":[{"@type":"NewsArticle","@id":"https:\/\/www.suno.com.br\/noticias\/fraude-americanas-amer3-custou-bilhoes-bancos-evm\/#article","isPartOf":{"@id":"https:\/\/www.suno.com.br\/noticias\/fraude-americanas-amer3-custou-bilhoes-bancos-evm\/"},"author":{"name":"Eduardo Vargas","@id":"https:\/\/www.suno.com.br\/noticias\/#\/schema\/person\/7f4d362bf3518e76090143ae77bb49a5"},"headline":"Fraude da Americanas (AMER3) custou R$ 14 bilh\u00f5es aos bancos","datePublished":"2024-01-11T14:34:11+00:00","dateModified":"2024-01-11T15:02:20+00:00","mainEntityOfPage":{"@id":"https:\/\/www.suno.com.br\/noticias\/fraude-americanas-amer3-custou-bilhoes-bancos-evm\/"},"wordCount":465,"publisher":{"@id":"https:\/\/www.suno.com.br\/noticias\/#organization"},"image":{"@id":"https:\/\/www.suno.com.br\/noticias\/fraude-americanas-amer3-custou-bilhoes-bancos-evm\/#primaryimage"},"thumbnailUrl":"https:\/\/files.sunoresearch.com.br\/n\/uploads\/2023\/01\/Americanas-divulgacao.jpg","keywords":["Americanas (AMER3)","bancos","Bradesco (BBDC3\/BBDC4)"],"articleSection":["Neg\u00f3cios"],"inLanguage":"pt-BR"},{"@type":"WebPage","@id":"https:\/\/www.suno.com.br\/noticias\/fraude-americanas-amer3-custou-bilhoes-bancos-evm\/","url":"https:\/\/www.suno.com.br\/noticias\/fraude-americanas-amer3-custou-bilhoes-bancos-evm\/","name":"Fraude da Americanas (AMER3) custou R$ 14 bilh\u00f5es aos bancos","isPartOf":{"@id":"https:\/\/www.suno.com.br\/noticias\/#website"},"primaryImageOfPage":{"@id":"https:\/\/www.suno.com.br\/noticias\/fraude-americanas-amer3-custou-bilhoes-bancos-evm\/#primaryimage"},"image":{"@id":"https:\/\/www.suno.com.br\/noticias\/fraude-americanas-amer3-custou-bilhoes-bancos-evm\/#primaryimage"},"thumbnailUrl":"https:\/\/files.sunoresearch.com.br\/n\/uploads\/2023\/01\/Americanas-divulgacao.jpg","datePublished":"2024-01-11T14:34:11+00:00","dateModified":"2024-01-11T15:02:20+00:00","description":"A fraude da Americanas, que afetou drasticamente o mercado de cr\u00e9dito, gerou um impacto imediato em alguns dos maiores credores da companhia","breadcrumb":{"@id":"https:\/\/www.suno.com.br\/noticias\/fraude-americanas-amer3-custou-bilhoes-bancos-evm\/#breadcrumb"},"inLanguage":"pt-BR","potentialAction":[{"@type":"ReadAction","target":["https:\/\/www.suno.com.br\/noticias\/fraude-americanas-amer3-custou-bilhoes-bancos-evm\/"]}]},{"@type":"ImageObject","inLanguage":"pt-BR","@id":"https:\/\/www.suno.com.br\/noticias\/fraude-americanas-amer3-custou-bilhoes-bancos-evm\/#primaryimage","url":"https:\/\/files.sunoresearch.com.br\/n\/uploads\/2023\/01\/Americanas-divulgacao.jpg","contentUrl":"https:\/\/files.sunoresearch.com.br\/n\/uploads\/2023\/01\/Americanas-divulgacao.jpg","width":1200,"height":800,"caption":"MAXR11, Americanas (AMER3). Foto: Divulga\u00e7\u00e3o"},{"@type":"BreadcrumbList","@id":"https:\/\/www.suno.com.br\/noticias\/fraude-americanas-amer3-custou-bilhoes-bancos-evm\/#breadcrumb","itemListElement":[{"@type":"ListItem","position":1,"name":"Not\u00edcias","item":"https:\/\/www.suno.com.br\/noticias\/"},{"@type":"ListItem","position":2,"name":"Neg\u00f3cios","item":"https:\/\/www.suno.com.br\/noticias\/negocios\/"},{"@type":"ListItem","position":3,"name":"Fraude da Americanas (AMER3) custou R$ 14 bilh\u00f5es aos bancos"}]},{"@type":"WebSite","@id":"https:\/\/www.suno.com.br\/noticias\/#website","url":"https:\/\/www.suno.com.br\/noticias\/","name":"Suno Not\u00edcias","description":"Seu portal de informa\u00e7\u00e3o sobre o mundo dos investimentos","publisher":{"@id":"https:\/\/www.suno.com.br\/noticias\/#organization"},"potentialAction":[{"@type":"SearchAction","target":{"@type":"EntryPoint","urlTemplate":"https:\/\/www.suno.com.br\/noticias\/?s={search_term_string}"},"query-input":{"@type":"PropertyValueSpecification","valueRequired":true,"valueName":"search_term_string"}}],"inLanguage":"pt-BR"},{"@type":"Organization","@id":"https:\/\/www.suno.com.br\/noticias\/#organization","name":"Suno Not\u00edcias","url":"https:\/\/www.suno.com.br\/noticias\/","logo":{"@type":"ImageObject","inLanguage":"pt-BR","@id":"https:\/\/www.suno.com.br\/noticias\/#\/schema\/logo\/image\/","url":"https:\/\/files.sunoresearch.com.br\/n\/uploads\/2021\/09\/suno-logo.png","contentUrl":"https:\/\/files.sunoresearch.com.br\/n\/uploads\/2021\/09\/suno-logo.png","width":180,"height":180,"caption":"Suno Not\u00edcias"},"image":{"@id":"https:\/\/www.suno.com.br\/noticias\/#\/schema\/logo\/image\/"},"sameAs":["https:\/\/facebook.com\/sunoresearch","https:\/\/x.com\/sunoresearch","https:\/\/www.instagram.com\/suno","https:\/\/www.linkedin.com\/company\/suno-research\/","https:\/\/www.youtube.com\/c\/sunoresearch"]},{"@type":"Person","@id":"https:\/\/www.suno.com.br\/noticias\/#\/schema\/person\/7f4d362bf3518e76090143ae77bb49a5","name":"Eduardo Vargas","image":{"@type":"ImageObject","inLanguage":"pt-BR","@id":"https:\/\/www.suno.com.br\/noticias\/#\/schema\/person\/image\/","url":"https:\/\/secure.gravatar.com\/avatar\/dac340933427a22924c9f99d1eb2e3f2?s=96&r=g","contentUrl":"https:\/\/secure.gravatar.com\/avatar\/dac340933427a22924c9f99d1eb2e3f2?s=96&r=g","caption":"Eduardo Vargas"},"description":"Jornalista formado pela UFSC, cobre macroeconomia, neg\u00f3cios e startups para o Suno Not\u00edcias, escrevendo principalmente not\u00edcias sobre o mercado financeiro e a bolsa de valores. No YouTube e no Instagram, \u00e9 respons\u00e1vel pela produ\u00e7\u00e3o de Reels e Shorts do Suno Not\u00edcias. Anteriormente, trabalhou cobrindo economia e cotidiano no ND+ e para o ND, maior jornal impresso de Santa Catarina. Cursou um semestre letivo de Estudos de M\u00eddia na Universidad de Buenos Aires.","url":"https:\/\/www.suno.com.br\/noticias\/author\/eduardo-vargas\/"}]}},"default_loop_html":"<div class=\"cardsPage__listCard__boxs\"><div class=\"cardsPage__listCard__boxs__img\"><a href=\"https:\/\/www.suno.com.br\/noticias\/fraude-americanas-amer3-custou-bilhoes-bancos-evm\/\"><img class=\"mask\" src=\"https:\/\/www.suno.com.br\/noticias\/wp-content\/themes\/suno\/resources\/images\/spotlight\/spotlight1img\/bg-mask.png\" alt=\"Image Mask\"\/><img src=\"https:\/\/files.sunoresearch.com.br\/n\/uploads\/2023\/01\/Americanas-divulgacao-400x200.jpg\" alt=\"Fraude da Americanas (AMER3) custou R$ 14 bilh\u00f5es aos bancos\"\/><\/a><span class=\"spotlightCategory\"><a href=\"https:\/\/www.suno.com.br\/noticias\/negocios\/\">Neg\u00f3cios<\/a><\/span><\/div><div class=\"cardsPage__listCard__boxs__content\"><a href=\"https:\/\/www.suno.com.br\/noticias\/fraude-americanas-amer3-custou-bilhoes-bancos-evm\/\"><h2 class=\"content__title\">Fraude da Americanas (AMER3) custou R$ 14 bilh\u00f5es aos bancos<\/h2><\/a><div class=\"newsContent__article__meta\"><div class=\"newsContent__article__meta__authorBox\"><a href=\"https:\/\/www.suno.com.br\/noticias\/author\/eduardo-vargas\/\" class=\"authorBox__avatar noMobi\"><img src=\"https:\/\/secure.gravatar.com\/avatar\/dac340933427a22924c9f99d1eb2e3f2?s=96&#038;r=g\" alt=\"Eduardo Vargas\"><\/a><div class=\"authorBox__name\"><span>por\n\t\t\t<a href=\"https:\/\/www.suno.com.br\/noticias\/author\/eduardo-vargas\/\"><span itemprop=\"author\">Eduardo Vargas<\/span><\/a><\/span><time datetime=\"2024-01-11T11:34:11-03:00\" itemprop=\"datePublished\">11\/01\/2024 11:34<\/time><\/div><\/div><\/div><\/div><\/div>","single_layout":"posts","amp_enabled":true,"_links":{"self":[{"href":"https:\/\/www.suno.com.br\/noticias\/wp-json\/wp\/v2\/posts\/509390"}],"collection":[{"href":"https:\/\/www.suno.com.br\/noticias\/wp-json\/wp\/v2\/posts"}],"about":[{"href":"https:\/\/www.suno.com.br\/noticias\/wp-json\/wp\/v2\/types\/post"}],"author":[{"embeddable":true,"href":"https:\/\/www.suno.com.br\/noticias\/wp-json\/wp\/v2\/users\/73"}],"replies":[{"embeddable":true,"href":"https:\/\/www.suno.com.br\/noticias\/wp-json\/wp\/v2\/comments?post=509390"}],"version-history":[{"count":2,"href":"https:\/\/www.suno.com.br\/noticias\/wp-json\/wp\/v2\/posts\/509390\/revisions"}],"predecessor-version":[{"id":509445,"href":"https:\/\/www.suno.com.br\/noticias\/wp-json\/wp\/v2\/posts\/509390\/revisions\/509445"}],"wp:featuredmedia":[{"embeddable":true,"href":"https:\/\/www.suno.com.br\/noticias\/wp-json\/wp\/v2\/media\/350274"}],"wp:attachment":[{"href":"https:\/\/www.suno.com.br\/noticias\/wp-json\/wp\/v2\/media?parent=509390"}],"wp:term":[{"taxonomy":"category","embeddable":true,"href":"https:\/\/www.suno.com.br\/noticias\/wp-json\/wp\/v2\/categories?post=509390"},{"taxonomy":"post_tag","embeddable":true,"href":"https:\/\/www.suno.com.br\/noticias\/wp-json\/wp\/v2\/tags?post=509390"},{"taxonomy":"suno_strategy","embeddable":true,"href":"https:\/\/www.suno.com.br\/noticias\/wp-json\/wp\/v2\/suno_strategy?post=509390"}],"curies":[{"name":"wp","href":"https:\/\/api.w.org\/{rel}","templated":true}]}}