{"id":509306,"date":"2024-01-11T09:42:21","date_gmt":"2024-01-11T12:42:21","guid":{"rendered":"https:\/\/www.suno.com.br\/noticias\/?p=509306"},"modified":"2024-01-11T10:52:36","modified_gmt":"2024-01-11T13:52:36","slug":"ipca-dezembro-inflacao-precos-alimentos-bebidas-cpf","status":"publish","type":"post","link":"https:\/\/www.suno.com.br\/noticias\/ipca-dezembro-inflacao-precos-alimentos-bebidas-cpf\/","title":{"rendered":"IPCA sobe 0,56% em dezembro, com alimentos e bebidas mais caros; todos os grupos t\u00eam alta"},"content":{"rendered":"<p>Considerado o indicador da <a class=\"suno-keyword\" target=\"_blank\" data-force=\"no\" data-priority=\"2\" href=\"https:\/\/www.suno.com.br\/artigos\/inflacao\/\" rel=\"noopener\">infla\u00e7\u00e3o oficial<\/a> no Brasil, o \u00cdndice Nacional de Pre\u00e7os ao Consumidor Amplo (<strong>IPCA<\/strong>) registrou uma alta de 0,56% em dezembro. Os dados foram divulgados nesta quinta-feira (11) pelo Instituto Brasileiro de Geografia e Estat\u00edstica (IBGE).<\/p>\t<div class=\"wrapper-featured-image\">\n\t\t<figure class=\"spotlightImg\">\n\n\t\t\t<picture>\n\t\t\t\t<source media=\"(max-width: 768px)\" srcset=\"https:\/\/files.sunoresearch.com.br\/n\/uploads\/2024\/01\/inflacao-alimentos-comida-supermercado-400x200.jpg\">\n\t\t\t\t<img loading=\"lazy\" decoding=\"async\" class=\"newsContent__article__imgCapa lazyloadDisabled \" src=\"https:\/\/files.sunoresearch.com.br\/n\/uploads\/2024\/01\/inflacao-alimentos-comida-supermercado-800x450.jpg\" width=\"800\" height=\"450\" alt=\"IPCA sobe 0,56% em dezembro, com alimentos e bebidas mais caros; todos os grupos t\u00eam alta\" fetchpriority=high \/>\n\t\t\t<\/picture>\n\n\t\t\t<figcaption class=\"wp-caption-text wp-caption-text--show\">Foto: Freepik\/ RawPixel<\/figcaption>\n\t\t<\/figure>\n\t<\/div>\n\n\n\n\n\n\t<p>\n\t\t<a href=\"\" target=\"_blank\" data-element=\"shortcode-suno-banner\" title=\"Banner SUNO, clique e saiba mais\">\n\t\t\t<picture>\n\t\t\t\t<source media=\"(max-width: 500px)\" srcset=\"\">\n\t\t\t\t<img class=\"newsContent__article__imgCapa newsContent__article__imgCapa--banner\"\n\t\t\t\t\tsrc=\"\"\n\t\t\t\t\tdata-promo-id=\"240038\"\t\t\t\t\t\t\t\t\t\t\t\t\t\t\talt=\"\"\n\t\t\t\t>\n\t\t\t<\/picture>\n\t\t<\/a>\n\t<\/p>\n\n\n\n\n\n<p>O IPCA de novembro havia atingido o patamar de 0,28%. Agora, a <strong>infla\u00e7\u00e3o de dezembro<\/strong> indica uma acelera\u00e7\u00e3o nos custos. Em dezembro de 2022, a alta foi de 0,62%.<br><br>O Brasil encerrou o ano de 2023 com uma<strong> infla\u00e7\u00e3o acumulada <\/strong>de 4,62%, dentro da meta definida pelo <a class=\"suno-keyword\" data-force=\"no\" data-priority=\"1\" href=\"https:\/\/www.suno.com.br\/artigos\/cmn-conselho-monetario-nacional\/\" target=\"_blank\" rel=\"noopener\">Conselho Monet\u00e1rio Nacional (CMN)<\/a>, que n\u00e3o era cumprida desde 2020.<\/p>\n\n\n\n<p>&#8220;Apesar da press\u00e3o altista vista no m\u00eas \u2013 que merece aten\u00e7\u00e3o \u2013, esse dado n\u00e3o altera a tend\u00eancia positiva para infla\u00e7\u00e3o brasileira. Para a pol\u00edtica monet\u00e1ria, o IPCA de dezembro n\u00e3o deve alterar o plano de voo j\u00e1 anunciado pelo Banco Central, de cortes de 0,5 p.p. nas pr\u00f3ximas reuni\u00f5es&#8221;, afirmou o economista-chefe da Suno Research, Gustavo Sung. <\/p>\n\n\n\n<h2 class=\"wp-block-heading\">Pre\u00e7os de alimentos e bebidas s\u00e3o o maior impacto na infla\u00e7\u00e3o de dezembro<\/h2>\n\n\n\n<p>No m\u00eas de dezembro, o grupo de Alimentos e bebidas foi o que registrou a maior varia\u00e7\u00e3o. Ao todo, os pre\u00e7os subiram cerca de 1,11%, com um impacto de 0,23 ponto percentual sobre o resultado de 0,56%. <\/p>\n\n\n\n<p>O <strong>pre\u00e7o de alimentos e bebidas<\/strong> vinha ajudando na desinfla\u00e7\u00e3o do pa\u00eds ao longo de 2023, mas nos \u00faltimos dois meses do ano os valores voltaram a subir, impactando o resultado de novembro e dezembro. <\/p>\n\n\n\n<p>Neste m\u00eas, apenas os alimentos subiram 1,34%, com maior destaque ao custo de alguns produtos como: <\/p>\n\n\n\n<ul class=\"wp-block-list\">\n<li>Batata-inglesa (19,09%);<\/li>\n\n\n\n<li>Feij\u00e3o-carioca (13,79%);<\/li>\n\n\n\n<li>Arroz (5,81%);<\/li>\n\n\n\n<li>Frutas (3,37%).<\/li>\n<\/ul>\n\n\n\n<p>\u201cO aumento da temperatura e o maior volume de chuvas em diversas regi\u00f5es do pa\u00eds influenciaram a produ\u00e7\u00e3o dos alimentos, principalmente dos in natura, como os tub\u00e9rculos, hortali\u00e7as e frutas, que s\u00e3o mais sens\u00edveis a essas varia\u00e7\u00f5es clim\u00e1ticas\u201d, explica o gerente do IPCA, Andr\u00e9 Almeida. <\/p>\n\n\n\n<h2 class=\"wp-block-heading\">Passagens a\u00e9reas tamb\u00e9m subiram de pre\u00e7o <\/h2>\n\n\n\n<p>Outro grupo que se destacou pelo aumento de pre\u00e7os foi o de Transportes (+0,48% no m\u00eas). Em uma an\u00e1lise mais minuciosa, o<strong> pre\u00e7os das passagens \u00e1reas <\/strong>cresceu 8,87% e teve o maior impacto individual sobre o \u00edndice (0,08 p.p.). <\/p>\n\n\n\n<p>Por outro lado, os combust\u00edveis registraram queda de 0,50%, com redu\u00e7\u00e3o os pre\u00e7os do etanol (-1,24%), gasolina (-0,34%), g\u00e1s veicular (-0,21%) e o \u00f3leo diesel (-1,96%).<\/p>\n\n\n\t<p>\n\t\t<a href=\"https:\/\/lp.suno.com.br\/ebook-gratuito-investindo-no-exterior\/\" target=\"_blank\" data-element=\"shortcode-suno-banner\" title=\"Banner SUNO, clique e saiba mais\">\n\t\t\t<picture>\n\t\t\t\t<source media=\"(max-width: 500px)\" srcset=\"https:\/\/files.sunoresearch.com.br\/n\/uploads\/2023\/03\/400x300-Investindo-no-exterior.png\">\n\t\t\t\t<img class=\"newsContent__article__imgCapa newsContent__article__imgCapa--banner\"\n\t\t\t\t\tsrc=\"https:\/\/files.sunoresearch.com.br\/n\/uploads\/2023\/03\/1420x240-Investindo-no-exterior.png\"\n\t\t\t\t\tdata-promo-id=\"383161\"\t\t\t\t\t\t\t\t\t\twidth='1420' height='240'\t\t\t\t\talt=\"https:\/\/files.sunoresearch.com.br\/n\/uploads\/2023\/03\/1420x240-Investindo-no-exterior.png\"\n\t\t\t\t>\n\t\t\t<\/picture>\n\t\t<\/a>\n\t<\/p>\n\n\n\n\n\n<h2 class=\"wp-block-heading\">An\u00e1lises do IPCA de dezembro<\/h2>\n\n\n\n<p>A seguir, \u00e9 poss\u00edvel conferir algumas opini\u00f5es sobre o desempenho do<strong> IPCA de dezembro <\/strong>e dados finais da <strong>infla\u00e7\u00e3o em 2023<\/strong>:<\/p>\n\n\n\n<p>&#8220;O IPCA de dezembro (+0,56%) veio acima do esperado pelo mercado (+0,48%). A varia\u00e7\u00e3o anual ficou em +4,62%, contra consenso de +4,54%. Isso se d\u00e1 muito por conta da<strong> infla\u00e7\u00e3o de alimentos<\/strong>, que pressionou essa alta do \u00edndice. A alta dos alimentos, por sua vez, se deve ao <strong>problemas clim\u00e1ticos<\/strong> que os produtores vem enfrentando, o que impacta a produ\u00e7\u00e3o de alimentos e encarece os pre\u00e7os&#8221;, afirmou Andr\u00e9 Fernandes, head de <a class=\"suno-keyword\" data-force=\"no\" data-priority=\"2\" href=\"https:\/\/www.suno.com.br\/artigos\/renda-variavel-7-dicas\/\" target=\"_blank\" rel=\"noopener\">renda vari\u00e1vel<\/a> e s\u00f3cio da A7 Capital.<\/p>\n\n\n\n<blockquote class=\"wp-block-quote is-layout-flow wp-block-quote-is-layout-flow\">\n<p>&#8220;A infla\u00e7\u00e3o de alimentos no domic\u00edlio ficou em +1,34% ante +0,75% em novembro, uma alta bem significativa&#8221;, destacou Andr\u00e9 Fernandes, da A7 Capital.<\/p>\n<\/blockquote>\n\n\n\n<p>Segundo \u00c9tore Sanchez, economista-chefe da Ativa Investimentos, o <strong>IPCA-15<\/strong> j\u00e1 havia trazido alguns sinaliza\u00e7\u00f5es de alta que se repetiram no balan\u00e7o de hoje e j\u00e1 estavam incorporadas na perspectiva inflacion\u00e1ria. <\/p>\n\n\n\n<p>&#8220;No final das contas, a divulga\u00e7\u00e3o do<strong> \u00edndice de dezembro<\/strong> traz informa\u00e7\u00f5es qualitativamente e quantitativamente piores do que o precificado pelo mercado. Ainda se trata de algo preliminar para cravar que o processo desinflacion\u00e1rio come\u00e7a a apontar mudan\u00e7a de ritmo, mas \u00e9 ineg\u00e1vel que hoje tivemos um primeiro ponto nesse sentido,&#8221; afirmou o especialista. <\/p>\n\n\n\n<p>Leonardo Costa, economista da gestora ASA Investments, tamb\u00e9m ressalta que a alta das passagens a\u00e9reas tamb\u00e9m j\u00e1 era prevista no<strong> IPCA-15 de dezembro <\/strong>e que a surpresa com o resultado do \u00edndice se deve principalmente aos servi\u00e7os subjacentes, ressaltando a press\u00e3o nos <strong>pre\u00e7os de servi\u00e7os<\/strong> pessoais (aqui entra: cabeleireiro, manicure e outros servi\u00e7os).<\/p>\n\n\n\n<p>&#8220;O qualitativo do<strong> IPCA de dezembro <\/strong>veio pior que o IPCA-15 do mesmo m\u00eas, o que \u00e9 pouco usual, com destaque para press\u00e3o sobre o n\u00facleo de servi\u00e7os. A sazonalidade de come\u00e7o de ano \u00e9 pouco favor\u00e1vel e projetamos n\u00facleos mais elevados no 1T24 (m\u00e9dia mensal ao entre 0,35-0,40%)&#8221;, apontou o economista. <\/p>\n\n\n\n<p>A estrategista de infla\u00e7\u00e3o da Warren Investimentos, Andr\u00e9a Angelo, adianta que, para o IPCA de janeiro a proje\u00e7\u00e3o da casa est\u00e1 em 0,43% e fevereiro em 0,87%. &#8220;Para 2024, nossa proje\u00e7\u00e3o \u00e9 de 4,15%, levando em considera\u00e7\u00e3o o efeito do fen\u00f4meno clim\u00e1tico El Ni\u00f1o.&#8221;<\/p>\n\n\n\n\n\t<p>\n\t\t<a href=\"https:\/\/lp.suno.com.br\/planilha-da-vida-financeira\/\" target=\"_blank\" data-element=\"shortcode-suno-banner\" title=\"Banner SUNO, clique e saiba mais\">\n\t\t\t<picture>\n\t\t\t\t<source media=\"(max-width: 500px)\" srcset=\"https:\/\/files.sunoresearch.com.br\/n\/uploads\/2023\/04\/400x300-Planilha-vida-financeira-true.png\">\n\t\t\t\t<img class=\"newsContent__article__imgCapa newsContent__article__imgCapa--banner\"\n\t\t\t\t\tsrc=\"https:\/\/files.sunoresearch.com.br\/n\/uploads\/2023\/04\/1420x240-Planilha-vida-financeira-true.png\"\n\t\t\t\t\tdata-promo-id=\"383123\"\t\t\t\t\t\t\t\t\t\twidth='1420' height='240'\t\t\t\t\talt=\"https:\/\/files.sunoresearch.com.br\/n\/uploads\/2023\/04\/1420x240-Planilha-vida-financeira-true.png\"\n\t\t\t\t>\n\t\t\t<\/picture>\n\t\t<\/a>\n\t<\/p>\n\n\n","protected":false},"excerpt":{"rendered":"<p>Considerado o indicador da infla\u00e7\u00e3o oficial no Brasil, o \u00cdndice Nacional de Pre\u00e7os ao Consumidor Amplo (IPCA) registrou uma alta de 0,56% em dezembro. Os dados foram divulgados nesta quinta-feira (11) pelo Instituto Brasileiro de Geografia e Estat\u00edstica (IBGE). Foto: Freepik\/ RawPixel O IPCA de novembro havia atingido o patamar de 0,28%. Agora, a infla\u00e7\u00e3o [&hellip;]<\/p>\n","protected":false},"author":283,"featured_media":509318,"comment_status":"closed","ping_status":"closed","sticky":false,"template":"","format":"standard","meta":[],"categories":[62],"tags":[105816,850,966],"suno_strategy":[],"class_list":["post-509306","post","type-post","status-publish","format-standard","has-post-thumbnail","hentry","category-economia","tag-especialistas","tag-inflacao","tag-ipca"],"yoast_head":"<!-- This site is optimized with the Yoast SEO plugin v24.4 - https:\/\/yoast.com\/wordpress\/plugins\/seo\/ -->\n<title>IPCA sobe 0,56% em dezembro, com alimentos e bebidas mais caros<\/title>\n<meta name=\"description\" content=\"Segundo o IBGE, o IPCA de dezembro subiu impactado pela alta no pre\u00e7o de alimentos e bebidas. No ano de 2023, a infla\u00e7\u00e3o acumulou +4,62%.\" \/>\n<meta name=\"robots\" content=\"index, follow, max-snippet:-1, max-image-preview:large, max-video-preview:-1\" \/>\n<link rel=\"canonical\" href=\"https:\/\/www.suno.com.br\/noticias\/ipca-dezembro-inflacao-precos-alimentos-bebidas-cpf\/\" \/>\n<meta property=\"og:locale\" content=\"pt_BR\" \/>\n<meta property=\"og:type\" content=\"article\" \/>\n<meta property=\"og:title\" content=\"IPCA sobe 0,56% em dezembro, com alimentos e bebidas mais caros\" \/>\n<meta property=\"og:description\" content=\"Segundo o IBGE, o IPCA de dezembro subiu impactado pela alta no pre\u00e7o de alimentos e bebidas. No ano de 2023, a infla\u00e7\u00e3o acumulou +4,62%.\" \/>\n<meta property=\"og:url\" content=\"https:\/\/www.suno.com.br\/noticias\/ipca-dezembro-inflacao-precos-alimentos-bebidas-cpf\/\" \/>\n<meta property=\"og:site_name\" content=\"Suno Not\u00edcias\" \/>\n<meta property=\"article:publisher\" content=\"https:\/\/facebook.com\/sunoresearch\" \/>\n<meta property=\"og:image\" content=\"https:\/\/files.sunoresearch.com.br\/n\/uploads\/2024\/01\/inflacao-alimentos-comida-supermercado.jpg\" \/>\n\t<meta property=\"og:image:width\" content=\"1200\" \/>\n\t<meta property=\"og:image:height\" content=\"800\" \/>\n\t<meta property=\"og:image:type\" content=\"image\/jpeg\" \/>\n<meta name=\"author\" content=\"Camila Paim\" \/>\n<meta name=\"twitter:card\" content=\"summary_large_image\" \/>\n<meta name=\"twitter:creator\" content=\"@sunoresearch\" \/>\n<meta name=\"twitter:site\" content=\"@sunoresearch\" \/>\n<meta name=\"twitter:label1\" content=\"Escrito por\" \/>\n\t<meta name=\"twitter:data1\" content=\"Camila Paim\" \/>\n\t<meta name=\"twitter:label2\" content=\"Est. tempo de leitura\" \/>\n\t<meta name=\"twitter:data2\" content=\"5 minutos\" \/>\n<script type=\"application\/ld+json\" class=\"yoast-schema-graph\">{\"@context\":\"https:\/\/schema.org\",\"@graph\":[{\"@type\":\"NewsArticle\",\"@id\":\"https:\/\/www.suno.com.br\/noticias\/ipca-dezembro-inflacao-precos-alimentos-bebidas-cpf\/#article\",\"isPartOf\":{\"@id\":\"https:\/\/www.suno.com.br\/noticias\/ipca-dezembro-inflacao-precos-alimentos-bebidas-cpf\/\"},\"author\":{\"name\":\"Camila Paim\",\"@id\":\"https:\/\/www.suno.com.br\/noticias\/#\/schema\/person\/f341d3ae5d1cc685176c9a5327cdfdbb\"},\"headline\":\"IPCA sobe 0,56% em dezembro, com alimentos e bebidas mais caros; todos os grupos t\u00eam alta\",\"datePublished\":\"2024-01-11T12:42:21+00:00\",\"dateModified\":\"2024-01-11T13:52:36+00:00\",\"mainEntityOfPage\":{\"@id\":\"https:\/\/www.suno.com.br\/noticias\/ipca-dezembro-inflacao-precos-alimentos-bebidas-cpf\/\"},\"wordCount\":822,\"publisher\":{\"@id\":\"https:\/\/www.suno.com.br\/noticias\/#organization\"},\"image\":{\"@id\":\"https:\/\/www.suno.com.br\/noticias\/ipca-dezembro-inflacao-precos-alimentos-bebidas-cpf\/#primaryimage\"},\"thumbnailUrl\":\"https:\/\/files.sunoresearch.com.br\/n\/uploads\/2024\/01\/inflacao-alimentos-comida-supermercado.jpg\",\"keywords\":[\"Especialistas\",\"infla\u00e7\u00e3o\",\"IPCA\"],\"articleSection\":[\"Economia\"],\"inLanguage\":\"pt-BR\"},{\"@type\":\"WebPage\",\"@id\":\"https:\/\/www.suno.com.br\/noticias\/ipca-dezembro-inflacao-precos-alimentos-bebidas-cpf\/\",\"url\":\"https:\/\/www.suno.com.br\/noticias\/ipca-dezembro-inflacao-precos-alimentos-bebidas-cpf\/\",\"name\":\"IPCA sobe 0,56% em dezembro, com alimentos e bebidas mais caros\",\"isPartOf\":{\"@id\":\"https:\/\/www.suno.com.br\/noticias\/#website\"},\"primaryImageOfPage\":{\"@id\":\"https:\/\/www.suno.com.br\/noticias\/ipca-dezembro-inflacao-precos-alimentos-bebidas-cpf\/#primaryimage\"},\"image\":{\"@id\":\"https:\/\/www.suno.com.br\/noticias\/ipca-dezembro-inflacao-precos-alimentos-bebidas-cpf\/#primaryimage\"},\"thumbnailUrl\":\"https:\/\/files.sunoresearch.com.br\/n\/uploads\/2024\/01\/inflacao-alimentos-comida-supermercado.jpg\",\"datePublished\":\"2024-01-11T12:42:21+00:00\",\"dateModified\":\"2024-01-11T13:52:36+00:00\",\"description\":\"Segundo o IBGE, o IPCA de dezembro subiu impactado pela alta no pre\u00e7o de alimentos e bebidas. No ano de 2023, a infla\u00e7\u00e3o acumulou +4,62%.\",\"breadcrumb\":{\"@id\":\"https:\/\/www.suno.com.br\/noticias\/ipca-dezembro-inflacao-precos-alimentos-bebidas-cpf\/#breadcrumb\"},\"inLanguage\":\"pt-BR\",\"potentialAction\":[{\"@type\":\"ReadAction\",\"target\":[\"https:\/\/www.suno.com.br\/noticias\/ipca-dezembro-inflacao-precos-alimentos-bebidas-cpf\/\"]}]},{\"@type\":\"ImageObject\",\"inLanguage\":\"pt-BR\",\"@id\":\"https:\/\/www.suno.com.br\/noticias\/ipca-dezembro-inflacao-precos-alimentos-bebidas-cpf\/#primaryimage\",\"url\":\"https:\/\/files.sunoresearch.com.br\/n\/uploads\/2024\/01\/inflacao-alimentos-comida-supermercado.jpg\",\"contentUrl\":\"https:\/\/files.sunoresearch.com.br\/n\/uploads\/2024\/01\/inflacao-alimentos-comida-supermercado.jpg\",\"width\":1200,\"height\":800,\"caption\":\"Foto: Freepik\/ RawPixel\"},{\"@type\":\"BreadcrumbList\",\"@id\":\"https:\/\/www.suno.com.br\/noticias\/ipca-dezembro-inflacao-precos-alimentos-bebidas-cpf\/#breadcrumb\",\"itemListElement\":[{\"@type\":\"ListItem\",\"position\":1,\"name\":\"Not\u00edcias\",\"item\":\"https:\/\/www.suno.com.br\/noticias\/\"},{\"@type\":\"ListItem\",\"position\":2,\"name\":\"Economia\",\"item\":\"https:\/\/www.suno.com.br\/noticias\/economia\/\"},{\"@type\":\"ListItem\",\"position\":3,\"name\":\"IPCA sobe 0,56% em dezembro, com alimentos e bebidas mais caros; todos os grupos t\u00eam alta\"}]},{\"@type\":\"WebSite\",\"@id\":\"https:\/\/www.suno.com.br\/noticias\/#website\",\"url\":\"https:\/\/www.suno.com.br\/noticias\/\",\"name\":\"Suno Not\u00edcias\",\"description\":\"Seu portal de informa\u00e7\u00e3o sobre o mundo dos investimentos\",\"publisher\":{\"@id\":\"https:\/\/www.suno.com.br\/noticias\/#organization\"},\"potentialAction\":[{\"@type\":\"SearchAction\",\"target\":{\"@type\":\"EntryPoint\",\"urlTemplate\":\"https:\/\/www.suno.com.br\/noticias\/?s={search_term_string}\"},\"query-input\":{\"@type\":\"PropertyValueSpecification\",\"valueRequired\":true,\"valueName\":\"search_term_string\"}}],\"inLanguage\":\"pt-BR\"},{\"@type\":\"Organization\",\"@id\":\"https:\/\/www.suno.com.br\/noticias\/#organization\",\"name\":\"Suno Not\u00edcias\",\"url\":\"https:\/\/www.suno.com.br\/noticias\/\",\"logo\":{\"@type\":\"ImageObject\",\"inLanguage\":\"pt-BR\",\"@id\":\"https:\/\/www.suno.com.br\/noticias\/#\/schema\/logo\/image\/\",\"url\":\"https:\/\/files.sunoresearch.com.br\/n\/uploads\/2021\/09\/suno-logo.png\",\"contentUrl\":\"https:\/\/files.sunoresearch.com.br\/n\/uploads\/2021\/09\/suno-logo.png\",\"width\":180,\"height\":180,\"caption\":\"Suno Not\u00edcias\"},\"image\":{\"@id\":\"https:\/\/www.suno.com.br\/noticias\/#\/schema\/logo\/image\/\"},\"sameAs\":[\"https:\/\/facebook.com\/sunoresearch\",\"https:\/\/x.com\/sunoresearch\",\"https:\/\/www.instagram.com\/suno\",\"https:\/\/www.linkedin.com\/company\/suno-research\/\",\"https:\/\/www.youtube.com\/c\/sunoresearch\"]},{\"@type\":\"Person\",\"@id\":\"https:\/\/www.suno.com.br\/noticias\/#\/schema\/person\/f341d3ae5d1cc685176c9a5327cdfdbb\",\"name\":\"Camila Paim\",\"image\":{\"@type\":\"ImageObject\",\"inLanguage\":\"pt-BR\",\"@id\":\"https:\/\/www.suno.com.br\/noticias\/#\/schema\/person\/image\/\",\"url\":\"https:\/\/secure.gravatar.com\/avatar\/f33728e65febb1aa7ecf6792956f9b20?s=96&r=g\",\"contentUrl\":\"https:\/\/secure.gravatar.com\/avatar\/f33728e65febb1aa7ecf6792956f9b20?s=96&r=g\",\"caption\":\"Camila Paim\"},\"description\":\"Jornalista formada pela USP, tem experi\u00eancia em reda\u00e7\u00f5es, SEO, Branded Content e Webdesign. Com passagem pelo Jornal da USP, Empiricus e C6 Bank, hoje \u00e9 rep\u00f3rter no Suno Not\u00edcias cobrindo macroeconomia, finan\u00e7as pessoais e startups.\",\"url\":\"https:\/\/www.suno.com.br\/noticias\/author\/camila-figueiredosuno-com-br\/\"}]}<\/script>\n<!-- \/ Yoast SEO plugin. -->","yoast_head_json":{"title":"IPCA sobe 0,56% em dezembro, com alimentos e bebidas mais caros","description":"Segundo o IBGE, o IPCA de dezembro subiu impactado pela alta no pre\u00e7o de alimentos e bebidas. No ano de 2023, a infla\u00e7\u00e3o acumulou +4,62%.","robots":{"index":"index","follow":"follow","max-snippet":"max-snippet:-1","max-image-preview":"max-image-preview:large","max-video-preview":"max-video-preview:-1"},"canonical":"https:\/\/www.suno.com.br\/noticias\/ipca-dezembro-inflacao-precos-alimentos-bebidas-cpf\/","og_locale":"pt_BR","og_type":"article","og_title":"IPCA sobe 0,56% em dezembro, com alimentos e bebidas mais caros","og_description":"Segundo o IBGE, o IPCA de dezembro subiu impactado pela alta no pre\u00e7o de alimentos e bebidas. No ano de 2023, a infla\u00e7\u00e3o acumulou +4,62%.","og_url":"https:\/\/www.suno.com.br\/noticias\/ipca-dezembro-inflacao-precos-alimentos-bebidas-cpf\/","og_site_name":"Suno Not\u00edcias","article_publisher":"https:\/\/facebook.com\/sunoresearch","og_image":[{"width":1200,"height":800,"url":"https:\/\/files.sunoresearch.com.br\/n\/uploads\/2024\/01\/inflacao-alimentos-comida-supermercado.jpg","type":"image\/jpeg"}],"author":"Camila Paim","twitter_card":"summary_large_image","twitter_creator":"@sunoresearch","twitter_site":"@sunoresearch","twitter_misc":{"Escrito por":"Camila Paim","Est. tempo de leitura":"5 minutos"},"schema":{"@context":"https:\/\/schema.org","@graph":[{"@type":"NewsArticle","@id":"https:\/\/www.suno.com.br\/noticias\/ipca-dezembro-inflacao-precos-alimentos-bebidas-cpf\/#article","isPartOf":{"@id":"https:\/\/www.suno.com.br\/noticias\/ipca-dezembro-inflacao-precos-alimentos-bebidas-cpf\/"},"author":{"name":"Camila Paim","@id":"https:\/\/www.suno.com.br\/noticias\/#\/schema\/person\/f341d3ae5d1cc685176c9a5327cdfdbb"},"headline":"IPCA sobe 0,56% em dezembro, com alimentos e bebidas mais caros; todos os grupos t\u00eam alta","datePublished":"2024-01-11T12:42:21+00:00","dateModified":"2024-01-11T13:52:36+00:00","mainEntityOfPage":{"@id":"https:\/\/www.suno.com.br\/noticias\/ipca-dezembro-inflacao-precos-alimentos-bebidas-cpf\/"},"wordCount":822,"publisher":{"@id":"https:\/\/www.suno.com.br\/noticias\/#organization"},"image":{"@id":"https:\/\/www.suno.com.br\/noticias\/ipca-dezembro-inflacao-precos-alimentos-bebidas-cpf\/#primaryimage"},"thumbnailUrl":"https:\/\/files.sunoresearch.com.br\/n\/uploads\/2024\/01\/inflacao-alimentos-comida-supermercado.jpg","keywords":["Especialistas","infla\u00e7\u00e3o","IPCA"],"articleSection":["Economia"],"inLanguage":"pt-BR"},{"@type":"WebPage","@id":"https:\/\/www.suno.com.br\/noticias\/ipca-dezembro-inflacao-precos-alimentos-bebidas-cpf\/","url":"https:\/\/www.suno.com.br\/noticias\/ipca-dezembro-inflacao-precos-alimentos-bebidas-cpf\/","name":"IPCA sobe 0,56% em dezembro, com alimentos e bebidas mais caros","isPartOf":{"@id":"https:\/\/www.suno.com.br\/noticias\/#website"},"primaryImageOfPage":{"@id":"https:\/\/www.suno.com.br\/noticias\/ipca-dezembro-inflacao-precos-alimentos-bebidas-cpf\/#primaryimage"},"image":{"@id":"https:\/\/www.suno.com.br\/noticias\/ipca-dezembro-inflacao-precos-alimentos-bebidas-cpf\/#primaryimage"},"thumbnailUrl":"https:\/\/files.sunoresearch.com.br\/n\/uploads\/2024\/01\/inflacao-alimentos-comida-supermercado.jpg","datePublished":"2024-01-11T12:42:21+00:00","dateModified":"2024-01-11T13:52:36+00:00","description":"Segundo o IBGE, o IPCA de dezembro subiu impactado pela alta no pre\u00e7o de alimentos e bebidas. No ano de 2023, a infla\u00e7\u00e3o acumulou +4,62%.","breadcrumb":{"@id":"https:\/\/www.suno.com.br\/noticias\/ipca-dezembro-inflacao-precos-alimentos-bebidas-cpf\/#breadcrumb"},"inLanguage":"pt-BR","potentialAction":[{"@type":"ReadAction","target":["https:\/\/www.suno.com.br\/noticias\/ipca-dezembro-inflacao-precos-alimentos-bebidas-cpf\/"]}]},{"@type":"ImageObject","inLanguage":"pt-BR","@id":"https:\/\/www.suno.com.br\/noticias\/ipca-dezembro-inflacao-precos-alimentos-bebidas-cpf\/#primaryimage","url":"https:\/\/files.sunoresearch.com.br\/n\/uploads\/2024\/01\/inflacao-alimentos-comida-supermercado.jpg","contentUrl":"https:\/\/files.sunoresearch.com.br\/n\/uploads\/2024\/01\/inflacao-alimentos-comida-supermercado.jpg","width":1200,"height":800,"caption":"Foto: Freepik\/ RawPixel"},{"@type":"BreadcrumbList","@id":"https:\/\/www.suno.com.br\/noticias\/ipca-dezembro-inflacao-precos-alimentos-bebidas-cpf\/#breadcrumb","itemListElement":[{"@type":"ListItem","position":1,"name":"Not\u00edcias","item":"https:\/\/www.suno.com.br\/noticias\/"},{"@type":"ListItem","position":2,"name":"Economia","item":"https:\/\/www.suno.com.br\/noticias\/economia\/"},{"@type":"ListItem","position":3,"name":"IPCA sobe 0,56% em dezembro, com alimentos e bebidas mais caros; todos os grupos t\u00eam alta"}]},{"@type":"WebSite","@id":"https:\/\/www.suno.com.br\/noticias\/#website","url":"https:\/\/www.suno.com.br\/noticias\/","name":"Suno Not\u00edcias","description":"Seu portal de informa\u00e7\u00e3o sobre o mundo dos investimentos","publisher":{"@id":"https:\/\/www.suno.com.br\/noticias\/#organization"},"potentialAction":[{"@type":"SearchAction","target":{"@type":"EntryPoint","urlTemplate":"https:\/\/www.suno.com.br\/noticias\/?s={search_term_string}"},"query-input":{"@type":"PropertyValueSpecification","valueRequired":true,"valueName":"search_term_string"}}],"inLanguage":"pt-BR"},{"@type":"Organization","@id":"https:\/\/www.suno.com.br\/noticias\/#organization","name":"Suno Not\u00edcias","url":"https:\/\/www.suno.com.br\/noticias\/","logo":{"@type":"ImageObject","inLanguage":"pt-BR","@id":"https:\/\/www.suno.com.br\/noticias\/#\/schema\/logo\/image\/","url":"https:\/\/files.sunoresearch.com.br\/n\/uploads\/2021\/09\/suno-logo.png","contentUrl":"https:\/\/files.sunoresearch.com.br\/n\/uploads\/2021\/09\/suno-logo.png","width":180,"height":180,"caption":"Suno Not\u00edcias"},"image":{"@id":"https:\/\/www.suno.com.br\/noticias\/#\/schema\/logo\/image\/"},"sameAs":["https:\/\/facebook.com\/sunoresearch","https:\/\/x.com\/sunoresearch","https:\/\/www.instagram.com\/suno","https:\/\/www.linkedin.com\/company\/suno-research\/","https:\/\/www.youtube.com\/c\/sunoresearch"]},{"@type":"Person","@id":"https:\/\/www.suno.com.br\/noticias\/#\/schema\/person\/f341d3ae5d1cc685176c9a5327cdfdbb","name":"Camila Paim","image":{"@type":"ImageObject","inLanguage":"pt-BR","@id":"https:\/\/www.suno.com.br\/noticias\/#\/schema\/person\/image\/","url":"https:\/\/secure.gravatar.com\/avatar\/f33728e65febb1aa7ecf6792956f9b20?s=96&r=g","contentUrl":"https:\/\/secure.gravatar.com\/avatar\/f33728e65febb1aa7ecf6792956f9b20?s=96&r=g","caption":"Camila Paim"},"description":"Jornalista formada pela USP, tem experi\u00eancia em reda\u00e7\u00f5es, SEO, Branded Content e Webdesign. Com passagem pelo Jornal da USP, Empiricus e C6 Bank, hoje \u00e9 rep\u00f3rter no Suno Not\u00edcias cobrindo macroeconomia, finan\u00e7as pessoais e startups.","url":"https:\/\/www.suno.com.br\/noticias\/author\/camila-figueiredosuno-com-br\/"}]}},"default_loop_html":"<div class=\"cardsPage__listCard__boxs\"><div class=\"cardsPage__listCard__boxs__img\"><a href=\"https:\/\/www.suno.com.br\/noticias\/ipca-dezembro-inflacao-precos-alimentos-bebidas-cpf\/\"><img class=\"mask\" src=\"https:\/\/www.suno.com.br\/noticias\/wp-content\/themes\/suno\/resources\/images\/spotlight\/spotlight1img\/bg-mask.png\" alt=\"Image Mask\"\/><img src=\"https:\/\/files.sunoresearch.com.br\/n\/uploads\/2024\/01\/inflacao-alimentos-comida-supermercado-400x200.jpg\" alt=\"IPCA sobe 0,56% em dezembro, com alimentos e bebidas mais caros; todos os grupos t\u00eam alta\"\/><\/a><span class=\"spotlightCategory\"><a href=\"https:\/\/www.suno.com.br\/noticias\/economia\/\">Economia<\/a><\/span><\/div><div class=\"cardsPage__listCard__boxs__content\"><a href=\"https:\/\/www.suno.com.br\/noticias\/ipca-dezembro-inflacao-precos-alimentos-bebidas-cpf\/\"><h2 class=\"content__title\">IPCA sobe 0,56% em dezembro, com alimentos e bebidas mais caros; todos os grupos t\u00eam alta<\/h2><\/a><div class=\"newsContent__article__meta\"><div class=\"newsContent__article__meta__authorBox\"><a href=\"https:\/\/www.suno.com.br\/noticias\/author\/camila-figueiredosuno-com-br\/\" class=\"authorBox__avatar noMobi\"><img src=\"https:\/\/files.sunoresearch.com.br\/n\/uploads\/2024\/05\/camila-paim-square-150x150.jpg\" alt=\"Camila Paim\"><\/a><div class=\"authorBox__name\"><span>por\n\t\t\t<a href=\"https:\/\/www.suno.com.br\/noticias\/author\/camila-figueiredosuno-com-br\/\"><span itemprop=\"author\">Camila Paim<\/span><\/a><\/span><time datetime=\"2024-01-11T09:42:21-03:00\" itemprop=\"datePublished\">11\/01\/2024 09:42<\/time><\/div><\/div><\/div><\/div><\/div>","single_layout":"posts","amp_enabled":true,"_links":{"self":[{"href":"https:\/\/www.suno.com.br\/noticias\/wp-json\/wp\/v2\/posts\/509306"}],"collection":[{"href":"https:\/\/www.suno.com.br\/noticias\/wp-json\/wp\/v2\/posts"}],"about":[{"href":"https:\/\/www.suno.com.br\/noticias\/wp-json\/wp\/v2\/types\/post"}],"author":[{"embeddable":true,"href":"https:\/\/www.suno.com.br\/noticias\/wp-json\/wp\/v2\/users\/283"}],"replies":[{"embeddable":true,"href":"https:\/\/www.suno.com.br\/noticias\/wp-json\/wp\/v2\/comments?post=509306"}],"version-history":[{"count":2,"href":"https:\/\/www.suno.com.br\/noticias\/wp-json\/wp\/v2\/posts\/509306\/revisions"}],"predecessor-version":[{"id":509367,"href":"https:\/\/www.suno.com.br\/noticias\/wp-json\/wp\/v2\/posts\/509306\/revisions\/509367"}],"wp:featuredmedia":[{"embeddable":true,"href":"https:\/\/www.suno.com.br\/noticias\/wp-json\/wp\/v2\/media\/509318"}],"wp:attachment":[{"href":"https:\/\/www.suno.com.br\/noticias\/wp-json\/wp\/v2\/media?parent=509306"}],"wp:term":[{"taxonomy":"category","embeddable":true,"href":"https:\/\/www.suno.com.br\/noticias\/wp-json\/wp\/v2\/categories?post=509306"},{"taxonomy":"post_tag","embeddable":true,"href":"https:\/\/www.suno.com.br\/noticias\/wp-json\/wp\/v2\/tags?post=509306"},{"taxonomy":"suno_strategy","embeddable":true,"href":"https:\/\/www.suno.com.br\/noticias\/wp-json\/wp\/v2\/suno_strategy?post=509306"}],"curies":[{"name":"wp","href":"https:\/\/api.w.org\/{rel}","templated":true}]}}