{"id":509235,"date":"2024-01-11T08:42:10","date_gmt":"2024-01-11T11:42:10","guid":{"rendered":"https:\/\/www.suno.com.br\/noticias\/?p=509235"},"modified":"2024-01-11T08:42:14","modified_gmt":"2024-01-11T11:42:14","slug":"ricardo-lewandowski-ministro-justica-gpj","status":"publish","type":"post","link":"https:\/\/www.suno.com.br\/noticias\/ricardo-lewandowski-ministro-justica-gpj\/","title":{"rendered":"Ricardo Lewandowski aceita convite de Lula e ser\u00e1 o novo Ministro da Justi\u00e7a"},"content":{"rendered":"<p>O ex-presidente do Supremo Tribunal Federal (STF), <strong>Ricardo<\/strong> <strong>Lewandowski<\/strong>, aceitou o convite do presidente Lula e ser\u00e1 o novo ministro da Justi\u00e7a e Seguran\u00e7a P\u00fablica. Lewandowski substitui Fl\u00e1vio Dino, que assumir\u00e1 uma cadeira no STF no m\u00eas que vem.<\/p>\t<div class=\"wrapper-featured-image\">\n\t\t<figure class=\"spotlightImg\">\n\n\t\t\t<picture>\n\t\t\t\t<source media=\"(max-width: 768px)\" srcset=\"https:\/\/files.sunoresearch.com.br\/n\/uploads\/2022\/12\/stf-ricado-lewandowski-ministro-caso-bancos-foto-nelson-jr-sco-400x200.jpg\">\n\t\t\t\t<img loading=\"lazy\" decoding=\"async\" class=\"newsContent__article__imgCapa lazyloadDisabled \" src=\"https:\/\/files.sunoresearch.com.br\/n\/uploads\/2022\/12\/stf-ricado-lewandowski-ministro-caso-bancos-foto-nelson-jr-sco-800x450.jpg\" width=\"800\" height=\"450\" alt=\"Ricardo Lewandowski aceita convite de Lula e ser\u00e1 o novo Ministro da Justi\u00e7a\" fetchpriority=high \/>\n\t\t\t<\/picture>\n\n\t\t\t<figcaption class=\"wp-caption-text wp-caption-text--show\">Ministro Ricardo Lewandowski - Foto: Nelson Jr.\/SCO\/STF<\/figcaption>\n\t\t<\/figure>\n\t<\/div>\n\n\n\n\n\n\n\n\t<p>\n\t\t<a href=\"\" target=\"_blank\" data-element=\"shortcode-suno-banner\" title=\"Banner SUNO, clique e saiba mais\">\n\t\t\t<picture>\n\t\t\t\t<source media=\"(max-width: 500px)\" srcset=\"\">\n\t\t\t\t<img class=\"newsContent__article__imgCapa newsContent__article__imgCapa--banner\"\n\t\t\t\t\tsrc=\"\"\n\t\t\t\t\tdata-promo-id=\"240038\"\t\t\t\t\t\t\t\t\t\t\t\t\t\t\talt=\"\"\n\t\t\t\t>\n\t\t\t<\/picture>\n\t\t<\/a>\n\t<\/p>\n\n\n\n\n\n<p>A nomea\u00e7\u00e3o do novo ministro deve ser anunciada nesta quinta-feira (11). Lewandowski e <strong>Fl\u00e1vio Dino<\/strong>, atual titular da pasta, v\u00e3o se reunir com o <strong>presidente Lula<\/strong> \u00e0s 11h no Pal\u00e1cio do Planalto. Eles j\u00e1 havia se reunido na noite anterior para iniciar as discuss\u00f5es sobre os detalhes da sucess\u00e3o na pasta.<\/p>\n\n\n\n<p>Para assumir o cargo de ministro da Justi\u00e7a, Lewandowski precisar\u00e1 se desincompatibilizar de algumas fun\u00e7\u00f5es que ocupa atualmente, como integrante do conselho jur\u00eddico da Confedera\u00e7\u00e3o Nacional da Ind\u00fastria (CNI) e membro do Tribunal Permanente de Revis\u00e3o do Mercosul. <\/p>\n\n\n\n<p>O novo ministro precisar\u00e1, ainda, deixar de lado algumas causas nas quais passou a atuar como advogado. <\/p>\n\n\n\n<p>Ainda n\u00e3o h\u00e1 data definida para que o magistrado seja nomeado como titular do Minist\u00e9rio da Justi\u00e7a de forma efetiva, mas a expectativa \u00e9 a de que isso ocorra nas pr\u00f3ximas semanas, sobretudo para que haja uma transi\u00e7\u00e3o entre as equipes.<\/p>\n\n\n\t<p>\n\t\t<a href=\"https:\/\/lp.suno.com.br\/ebook-gratuito-investindo-no-exterior\/\" target=\"_blank\" data-element=\"shortcode-suno-banner\" title=\"Banner SUNO, clique e saiba mais\">\n\t\t\t<picture>\n\t\t\t\t<source media=\"(max-width: 500px)\" srcset=\"https:\/\/files.sunoresearch.com.br\/n\/uploads\/2023\/03\/400x300-Investindo-no-exterior.png\">\n\t\t\t\t<img class=\"newsContent__article__imgCapa newsContent__article__imgCapa--banner\"\n\t\t\t\t\tsrc=\"https:\/\/files.sunoresearch.com.br\/n\/uploads\/2023\/03\/1420x240-Investindo-no-exterior.png\"\n\t\t\t\t\tdata-promo-id=\"383161\"\t\t\t\t\t\t\t\t\t\twidth='1420' height='240'\t\t\t\t\talt=\"https:\/\/files.sunoresearch.com.br\/n\/uploads\/2023\/03\/1420x240-Investindo-no-exterior.png\"\n\t\t\t\t>\n\t\t\t<\/picture>\n\t\t<\/a>\n\t<\/p>\n\n\n\n\n\n<p>Em sua atua\u00e7\u00e3o como ministro da Corte, Lewandowski foi o respons\u00e1vel por um habeas corpus coletivo em favor de todas as mulheres presas gestantes, pu\u00e9rperas e m\u00e3es de crian\u00e7as at\u00e9 12 anos ou respons\u00e1veis pelos cuidados de pessoas com defici\u00eancia.<\/p>\n\n\n\n<p>Desde a indica\u00e7\u00e3o de Dino para a vaga de Rosa Weber no STF, feita por Lula no fim de novembro, Lewandowski se tornou favorito para ocupar o cargo de ministro da Justi\u00e7a. Na \u00faltima segunda-feira (8), ele se reuniu com o presidente Lula no Alvorada, onde recebeu o convite para integrar o governo.<\/p>\n\n\n\n<p>Atualmente com 75 anos, <strong>Ricardo Lewandowski <\/strong>ocupou o cargo de ministro do Supremo durante 17 anos (entre 2006 e 2023).<\/p>\n\n\n\t<p>\n\t\t<a href=\"https:\/\/lp.suno.com.br\/planilha-da-vida-financeira\/\" target=\"_blank\" data-element=\"shortcode-suno-banner\" title=\"Banner SUNO, clique e saiba mais\">\n\t\t\t<picture>\n\t\t\t\t<source media=\"(max-width: 500px)\" srcset=\"https:\/\/files.sunoresearch.com.br\/n\/uploads\/2023\/04\/400x300-Planilha-vida-financeira-true.png\">\n\t\t\t\t<img class=\"newsContent__article__imgCapa newsContent__article__imgCapa--banner\"\n\t\t\t\t\tsrc=\"https:\/\/files.sunoresearch.com.br\/n\/uploads\/2023\/04\/1420x240-Planilha-vida-financeira-true.png\"\n\t\t\t\t\tdata-promo-id=\"383123\"\t\t\t\t\t\t\t\t\t\twidth='1420' height='240'\t\t\t\t\talt=\"https:\/\/files.sunoresearch.com.br\/n\/uploads\/2023\/04\/1420x240-Planilha-vida-financeira-true.png\"\n\t\t\t\t>\n\t\t\t<\/picture>\n\t\t<\/a>\n\t<\/p>\n\n\n","protected":false},"excerpt":{"rendered":"<p>O ex-presidente do Supremo Tribunal Federal (STF), Ricardo Lewandowski, aceitou o convite do presidente Lula e ser\u00e1 o novo ministro da Justi\u00e7a e Seguran\u00e7a P\u00fablica. Lewandowski substitui Fl\u00e1vio Dino, que assumir\u00e1 uma cadeira no STF no m\u00eas que vem. Ministro Ricardo Lewandowski &#8211; Foto: Nelson Jr.\/SCO\/STF A nomea\u00e7\u00e3o do novo ministro deve ser anunciada nesta [&hellip;]<\/p>\n","protected":false},"author":313,"featured_media":332298,"comment_status":"closed","ping_status":"closed","sticky":false,"template":"","format":"standard","meta":[],"categories":[61],"tags":[26203],"suno_strategy":[],"class_list":["post-509235","post","type-post","status-publish","format-standard","has-post-thumbnail","hentry","category-politica","tag-ministerio-da-justica"],"yoast_head":"<!-- This site is optimized with the Yoast SEO plugin v24.4 - https:\/\/yoast.com\/wordpress\/plugins\/seo\/ -->\n<title>Ricardo Lewandowski ser\u00e1 anunciado como novo Ministro da Justi\u00e7a<\/title>\n<meta name=\"description\" content=\"O novo ministro da Justi\u00e7a, Ricardo Lewandowski, substituir\u00e1 Fl\u00e1vio Dino, que assumir\u00e1 uma cadeira no STF no m\u00eas que vem.\" \/>\n<meta name=\"robots\" content=\"index, follow, max-snippet:-1, max-image-preview:large, max-video-preview:-1\" \/>\n<link rel=\"canonical\" href=\"https:\/\/www.suno.com.br\/noticias\/ricardo-lewandowski-ministro-justica-gpj\/\" \/>\n<meta property=\"og:locale\" content=\"pt_BR\" \/>\n<meta property=\"og:type\" content=\"article\" \/>\n<meta property=\"og:title\" content=\"Ricardo Lewandowski ser\u00e1 anunciado como novo Ministro da Justi\u00e7a\" \/>\n<meta property=\"og:description\" content=\"O novo ministro da Justi\u00e7a, Ricardo Lewandowski, substituir\u00e1 Fl\u00e1vio Dino, que assumir\u00e1 uma cadeira no STF no m\u00eas que vem.\" \/>\n<meta property=\"og:url\" content=\"https:\/\/www.suno.com.br\/noticias\/ricardo-lewandowski-ministro-justica-gpj\/\" \/>\n<meta property=\"og:site_name\" content=\"Suno Not\u00edcias\" \/>\n<meta property=\"article:publisher\" content=\"https:\/\/facebook.com\/sunoresearch\" \/>\n<meta property=\"og:image\" content=\"https:\/\/files.sunoresearch.com.br\/n\/uploads\/2022\/12\/stf-ricado-lewandowski-ministro-caso-bancos-foto-nelson-jr-sco.jpg\" \/>\n\t<meta property=\"og:image:width\" content=\"1200\" \/>\n\t<meta property=\"og:image:height\" content=\"675\" \/>\n\t<meta property=\"og:image:type\" content=\"image\/jpeg\" \/>\n<meta name=\"author\" content=\"Giovanni Porf\u00edrio Jacomino\" \/>\n<meta name=\"twitter:card\" content=\"summary_large_image\" \/>\n<meta name=\"twitter:creator\" content=\"@sunoresearch\" \/>\n<meta name=\"twitter:site\" content=\"@sunoresearch\" \/>\n<meta name=\"twitter:label1\" content=\"Escrito por\" \/>\n\t<meta name=\"twitter:data1\" content=\"Giovanni Porf\u00edrio Jacomino\" \/>\n\t<meta name=\"twitter:label2\" content=\"Est. tempo de leitura\" \/>\n\t<meta name=\"twitter:data2\" content=\"2 minutos\" \/>\n<script type=\"application\/ld+json\" class=\"yoast-schema-graph\">{\"@context\":\"https:\/\/schema.org\",\"@graph\":[{\"@type\":\"NewsArticle\",\"@id\":\"https:\/\/www.suno.com.br\/noticias\/ricardo-lewandowski-ministro-justica-gpj\/#article\",\"isPartOf\":{\"@id\":\"https:\/\/www.suno.com.br\/noticias\/ricardo-lewandowski-ministro-justica-gpj\/\"},\"author\":{\"name\":\"Giovanni Porf\u00edrio Jacomino\",\"@id\":\"https:\/\/www.suno.com.br\/noticias\/#\/schema\/person\/d0f32748bbca4bee871fa191ee4e2d40\"},\"headline\":\"Ricardo Lewandowski aceita convite de Lula e ser\u00e1 o novo Ministro da Justi\u00e7a\",\"datePublished\":\"2024-01-11T11:42:10+00:00\",\"dateModified\":\"2024-01-11T11:42:14+00:00\",\"mainEntityOfPage\":{\"@id\":\"https:\/\/www.suno.com.br\/noticias\/ricardo-lewandowski-ministro-justica-gpj\/\"},\"wordCount\":345,\"publisher\":{\"@id\":\"https:\/\/www.suno.com.br\/noticias\/#organization\"},\"image\":{\"@id\":\"https:\/\/www.suno.com.br\/noticias\/ricardo-lewandowski-ministro-justica-gpj\/#primaryimage\"},\"thumbnailUrl\":\"https:\/\/files.sunoresearch.com.br\/n\/uploads\/2022\/12\/stf-ricado-lewandowski-ministro-caso-bancos-foto-nelson-jr-sco.jpg\",\"keywords\":[\"Minist\u00e9rio da Justi\u00e7a\"],\"articleSection\":[\"Pol\u00edtica\"],\"inLanguage\":\"pt-BR\"},{\"@type\":\"WebPage\",\"@id\":\"https:\/\/www.suno.com.br\/noticias\/ricardo-lewandowski-ministro-justica-gpj\/\",\"url\":\"https:\/\/www.suno.com.br\/noticias\/ricardo-lewandowski-ministro-justica-gpj\/\",\"name\":\"Ricardo Lewandowski ser\u00e1 anunciado como novo Ministro da Justi\u00e7a\",\"isPartOf\":{\"@id\":\"https:\/\/www.suno.com.br\/noticias\/#website\"},\"primaryImageOfPage\":{\"@id\":\"https:\/\/www.suno.com.br\/noticias\/ricardo-lewandowski-ministro-justica-gpj\/#primaryimage\"},\"image\":{\"@id\":\"https:\/\/www.suno.com.br\/noticias\/ricardo-lewandowski-ministro-justica-gpj\/#primaryimage\"},\"thumbnailUrl\":\"https:\/\/files.sunoresearch.com.br\/n\/uploads\/2022\/12\/stf-ricado-lewandowski-ministro-caso-bancos-foto-nelson-jr-sco.jpg\",\"datePublished\":\"2024-01-11T11:42:10+00:00\",\"dateModified\":\"2024-01-11T11:42:14+00:00\",\"description\":\"O novo ministro da Justi\u00e7a, Ricardo Lewandowski, substituir\u00e1 Fl\u00e1vio Dino, que assumir\u00e1 uma cadeira no STF no m\u00eas que vem.\",\"breadcrumb\":{\"@id\":\"https:\/\/www.suno.com.br\/noticias\/ricardo-lewandowski-ministro-justica-gpj\/#breadcrumb\"},\"inLanguage\":\"pt-BR\",\"potentialAction\":[{\"@type\":\"ReadAction\",\"target\":[\"https:\/\/www.suno.com.br\/noticias\/ricardo-lewandowski-ministro-justica-gpj\/\"]}]},{\"@type\":\"ImageObject\",\"inLanguage\":\"pt-BR\",\"@id\":\"https:\/\/www.suno.com.br\/noticias\/ricardo-lewandowski-ministro-justica-gpj\/#primaryimage\",\"url\":\"https:\/\/files.sunoresearch.com.br\/n\/uploads\/2022\/12\/stf-ricado-lewandowski-ministro-caso-bancos-foto-nelson-jr-sco.jpg\",\"contentUrl\":\"https:\/\/files.sunoresearch.com.br\/n\/uploads\/2022\/12\/stf-ricado-lewandowski-ministro-caso-bancos-foto-nelson-jr-sco.jpg\",\"width\":1200,\"height\":675,\"caption\":\"Ministro Ricardo Lewandowski - Foto: Nelson Jr.\/SCO\/STF\"},{\"@type\":\"BreadcrumbList\",\"@id\":\"https:\/\/www.suno.com.br\/noticias\/ricardo-lewandowski-ministro-justica-gpj\/#breadcrumb\",\"itemListElement\":[{\"@type\":\"ListItem\",\"position\":1,\"name\":\"Not\u00edcias\",\"item\":\"https:\/\/www.suno.com.br\/noticias\/\"},{\"@type\":\"ListItem\",\"position\":2,\"name\":\"Pol\u00edtica\",\"item\":\"https:\/\/www.suno.com.br\/noticias\/politica\/\"},{\"@type\":\"ListItem\",\"position\":3,\"name\":\"Ricardo Lewandowski aceita convite de Lula e ser\u00e1 o novo Ministro da Justi\u00e7a\"}]},{\"@type\":\"WebSite\",\"@id\":\"https:\/\/www.suno.com.br\/noticias\/#website\",\"url\":\"https:\/\/www.suno.com.br\/noticias\/\",\"name\":\"Suno Not\u00edcias\",\"description\":\"Seu portal de informa\u00e7\u00e3o sobre o mundo dos investimentos\",\"publisher\":{\"@id\":\"https:\/\/www.suno.com.br\/noticias\/#organization\"},\"potentialAction\":[{\"@type\":\"SearchAction\",\"target\":{\"@type\":\"EntryPoint\",\"urlTemplate\":\"https:\/\/www.suno.com.br\/noticias\/?s={search_term_string}\"},\"query-input\":{\"@type\":\"PropertyValueSpecification\",\"valueRequired\":true,\"valueName\":\"search_term_string\"}}],\"inLanguage\":\"pt-BR\"},{\"@type\":\"Organization\",\"@id\":\"https:\/\/www.suno.com.br\/noticias\/#organization\",\"name\":\"Suno Not\u00edcias\",\"url\":\"https:\/\/www.suno.com.br\/noticias\/\",\"logo\":{\"@type\":\"ImageObject\",\"inLanguage\":\"pt-BR\",\"@id\":\"https:\/\/www.suno.com.br\/noticias\/#\/schema\/logo\/image\/\",\"url\":\"https:\/\/files.sunoresearch.com.br\/n\/uploads\/2021\/09\/suno-logo.png\",\"contentUrl\":\"https:\/\/files.sunoresearch.com.br\/n\/uploads\/2021\/09\/suno-logo.png\",\"width\":180,\"height\":180,\"caption\":\"Suno Not\u00edcias\"},\"image\":{\"@id\":\"https:\/\/www.suno.com.br\/noticias\/#\/schema\/logo\/image\/\"},\"sameAs\":[\"https:\/\/facebook.com\/sunoresearch\",\"https:\/\/x.com\/sunoresearch\",\"https:\/\/www.instagram.com\/suno\",\"https:\/\/www.linkedin.com\/company\/suno-research\/\",\"https:\/\/www.youtube.com\/c\/sunoresearch\"]},{\"@type\":\"Person\",\"@id\":\"https:\/\/www.suno.com.br\/noticias\/#\/schema\/person\/d0f32748bbca4bee871fa191ee4e2d40\",\"name\":\"Giovanni Porf\u00edrio Jacomino\",\"image\":{\"@type\":\"ImageObject\",\"inLanguage\":\"pt-BR\",\"@id\":\"https:\/\/www.suno.com.br\/noticias\/#\/schema\/person\/image\/\",\"url\":\"https:\/\/secure.gravatar.com\/avatar\/efb32e19b730a121cb7a80f41ffec01a?s=96&r=g\",\"contentUrl\":\"https:\/\/secure.gravatar.com\/avatar\/efb32e19b730a121cb7a80f41ffec01a?s=96&r=g\",\"caption\":\"Giovanni Porf\u00edrio Jacomino\"},\"description\":\"Giovanni Porf\u00edrio Jacomino \u00e9 jornalista formado pela Universidade Estadual de Londrina (UEL) e p\u00f3s-graduado em Produ\u00e7\u00e3o e Pr\u00e1ticas Jornal\u00edsticas na Contemporaneidade na Faculdade C\u00e1sper L\u00edbero (FCL). Foi editor web no Startupi e no Finsiders, atuando ainda como editor no TC Mover, portal de not\u00edcias da TradersClub, fazendo a cobertura de assuntos relacionados ao mercado financeiro interno e externo. Atualmente, \u00e9 Rep\u00f3rter do Suno Not\u00edcias.\",\"url\":\"https:\/\/www.suno.com.br\/noticias\/author\/giovanni-porfiriosuno-com-br\/\"}]}<\/script>\n<!-- \/ Yoast SEO plugin. -->","yoast_head_json":{"title":"Ricardo Lewandowski ser\u00e1 anunciado como novo Ministro da Justi\u00e7a","description":"O novo ministro da Justi\u00e7a, Ricardo Lewandowski, substituir\u00e1 Fl\u00e1vio Dino, que assumir\u00e1 uma cadeira no STF no m\u00eas que vem.","robots":{"index":"index","follow":"follow","max-snippet":"max-snippet:-1","max-image-preview":"max-image-preview:large","max-video-preview":"max-video-preview:-1"},"canonical":"https:\/\/www.suno.com.br\/noticias\/ricardo-lewandowski-ministro-justica-gpj\/","og_locale":"pt_BR","og_type":"article","og_title":"Ricardo Lewandowski ser\u00e1 anunciado como novo Ministro da Justi\u00e7a","og_description":"O novo ministro da Justi\u00e7a, Ricardo Lewandowski, substituir\u00e1 Fl\u00e1vio Dino, que assumir\u00e1 uma cadeira no STF no m\u00eas que vem.","og_url":"https:\/\/www.suno.com.br\/noticias\/ricardo-lewandowski-ministro-justica-gpj\/","og_site_name":"Suno Not\u00edcias","article_publisher":"https:\/\/facebook.com\/sunoresearch","og_image":[{"width":1200,"height":675,"url":"https:\/\/files.sunoresearch.com.br\/n\/uploads\/2022\/12\/stf-ricado-lewandowski-ministro-caso-bancos-foto-nelson-jr-sco.jpg","type":"image\/jpeg"}],"author":"Giovanni Porf\u00edrio Jacomino","twitter_card":"summary_large_image","twitter_creator":"@sunoresearch","twitter_site":"@sunoresearch","twitter_misc":{"Escrito por":"Giovanni Porf\u00edrio Jacomino","Est. tempo de leitura":"2 minutos"},"schema":{"@context":"https:\/\/schema.org","@graph":[{"@type":"NewsArticle","@id":"https:\/\/www.suno.com.br\/noticias\/ricardo-lewandowski-ministro-justica-gpj\/#article","isPartOf":{"@id":"https:\/\/www.suno.com.br\/noticias\/ricardo-lewandowski-ministro-justica-gpj\/"},"author":{"name":"Giovanni Porf\u00edrio Jacomino","@id":"https:\/\/www.suno.com.br\/noticias\/#\/schema\/person\/d0f32748bbca4bee871fa191ee4e2d40"},"headline":"Ricardo Lewandowski aceita convite de Lula e ser\u00e1 o novo Ministro da Justi\u00e7a","datePublished":"2024-01-11T11:42:10+00:00","dateModified":"2024-01-11T11:42:14+00:00","mainEntityOfPage":{"@id":"https:\/\/www.suno.com.br\/noticias\/ricardo-lewandowski-ministro-justica-gpj\/"},"wordCount":345,"publisher":{"@id":"https:\/\/www.suno.com.br\/noticias\/#organization"},"image":{"@id":"https:\/\/www.suno.com.br\/noticias\/ricardo-lewandowski-ministro-justica-gpj\/#primaryimage"},"thumbnailUrl":"https:\/\/files.sunoresearch.com.br\/n\/uploads\/2022\/12\/stf-ricado-lewandowski-ministro-caso-bancos-foto-nelson-jr-sco.jpg","keywords":["Minist\u00e9rio da Justi\u00e7a"],"articleSection":["Pol\u00edtica"],"inLanguage":"pt-BR"},{"@type":"WebPage","@id":"https:\/\/www.suno.com.br\/noticias\/ricardo-lewandowski-ministro-justica-gpj\/","url":"https:\/\/www.suno.com.br\/noticias\/ricardo-lewandowski-ministro-justica-gpj\/","name":"Ricardo Lewandowski ser\u00e1 anunciado como novo Ministro da Justi\u00e7a","isPartOf":{"@id":"https:\/\/www.suno.com.br\/noticias\/#website"},"primaryImageOfPage":{"@id":"https:\/\/www.suno.com.br\/noticias\/ricardo-lewandowski-ministro-justica-gpj\/#primaryimage"},"image":{"@id":"https:\/\/www.suno.com.br\/noticias\/ricardo-lewandowski-ministro-justica-gpj\/#primaryimage"},"thumbnailUrl":"https:\/\/files.sunoresearch.com.br\/n\/uploads\/2022\/12\/stf-ricado-lewandowski-ministro-caso-bancos-foto-nelson-jr-sco.jpg","datePublished":"2024-01-11T11:42:10+00:00","dateModified":"2024-01-11T11:42:14+00:00","description":"O novo ministro da Justi\u00e7a, Ricardo Lewandowski, substituir\u00e1 Fl\u00e1vio Dino, que assumir\u00e1 uma cadeira no STF no m\u00eas que vem.","breadcrumb":{"@id":"https:\/\/www.suno.com.br\/noticias\/ricardo-lewandowski-ministro-justica-gpj\/#breadcrumb"},"inLanguage":"pt-BR","potentialAction":[{"@type":"ReadAction","target":["https:\/\/www.suno.com.br\/noticias\/ricardo-lewandowski-ministro-justica-gpj\/"]}]},{"@type":"ImageObject","inLanguage":"pt-BR","@id":"https:\/\/www.suno.com.br\/noticias\/ricardo-lewandowski-ministro-justica-gpj\/#primaryimage","url":"https:\/\/files.sunoresearch.com.br\/n\/uploads\/2022\/12\/stf-ricado-lewandowski-ministro-caso-bancos-foto-nelson-jr-sco.jpg","contentUrl":"https:\/\/files.sunoresearch.com.br\/n\/uploads\/2022\/12\/stf-ricado-lewandowski-ministro-caso-bancos-foto-nelson-jr-sco.jpg","width":1200,"height":675,"caption":"Ministro Ricardo Lewandowski - Foto: Nelson Jr.\/SCO\/STF"},{"@type":"BreadcrumbList","@id":"https:\/\/www.suno.com.br\/noticias\/ricardo-lewandowski-ministro-justica-gpj\/#breadcrumb","itemListElement":[{"@type":"ListItem","position":1,"name":"Not\u00edcias","item":"https:\/\/www.suno.com.br\/noticias\/"},{"@type":"ListItem","position":2,"name":"Pol\u00edtica","item":"https:\/\/www.suno.com.br\/noticias\/politica\/"},{"@type":"ListItem","position":3,"name":"Ricardo Lewandowski aceita convite de Lula e ser\u00e1 o novo Ministro da Justi\u00e7a"}]},{"@type":"WebSite","@id":"https:\/\/www.suno.com.br\/noticias\/#website","url":"https:\/\/www.suno.com.br\/noticias\/","name":"Suno Not\u00edcias","description":"Seu portal de informa\u00e7\u00e3o sobre o mundo dos investimentos","publisher":{"@id":"https:\/\/www.suno.com.br\/noticias\/#organization"},"potentialAction":[{"@type":"SearchAction","target":{"@type":"EntryPoint","urlTemplate":"https:\/\/www.suno.com.br\/noticias\/?s={search_term_string}"},"query-input":{"@type":"PropertyValueSpecification","valueRequired":true,"valueName":"search_term_string"}}],"inLanguage":"pt-BR"},{"@type":"Organization","@id":"https:\/\/www.suno.com.br\/noticias\/#organization","name":"Suno Not\u00edcias","url":"https:\/\/www.suno.com.br\/noticias\/","logo":{"@type":"ImageObject","inLanguage":"pt-BR","@id":"https:\/\/www.suno.com.br\/noticias\/#\/schema\/logo\/image\/","url":"https:\/\/files.sunoresearch.com.br\/n\/uploads\/2021\/09\/suno-logo.png","contentUrl":"https:\/\/files.sunoresearch.com.br\/n\/uploads\/2021\/09\/suno-logo.png","width":180,"height":180,"caption":"Suno Not\u00edcias"},"image":{"@id":"https:\/\/www.suno.com.br\/noticias\/#\/schema\/logo\/image\/"},"sameAs":["https:\/\/facebook.com\/sunoresearch","https:\/\/x.com\/sunoresearch","https:\/\/www.instagram.com\/suno","https:\/\/www.linkedin.com\/company\/suno-research\/","https:\/\/www.youtube.com\/c\/sunoresearch"]},{"@type":"Person","@id":"https:\/\/www.suno.com.br\/noticias\/#\/schema\/person\/d0f32748bbca4bee871fa191ee4e2d40","name":"Giovanni Porf\u00edrio Jacomino","image":{"@type":"ImageObject","inLanguage":"pt-BR","@id":"https:\/\/www.suno.com.br\/noticias\/#\/schema\/person\/image\/","url":"https:\/\/secure.gravatar.com\/avatar\/efb32e19b730a121cb7a80f41ffec01a?s=96&r=g","contentUrl":"https:\/\/secure.gravatar.com\/avatar\/efb32e19b730a121cb7a80f41ffec01a?s=96&r=g","caption":"Giovanni Porf\u00edrio Jacomino"},"description":"Giovanni Porf\u00edrio Jacomino \u00e9 jornalista formado pela Universidade Estadual de Londrina (UEL) e p\u00f3s-graduado em Produ\u00e7\u00e3o e Pr\u00e1ticas Jornal\u00edsticas na Contemporaneidade na Faculdade C\u00e1sper L\u00edbero (FCL). Foi editor web no Startupi e no Finsiders, atuando ainda como editor no TC Mover, portal de not\u00edcias da TradersClub, fazendo a cobertura de assuntos relacionados ao mercado financeiro interno e externo. Atualmente, \u00e9 Rep\u00f3rter do Suno Not\u00edcias.","url":"https:\/\/www.suno.com.br\/noticias\/author\/giovanni-porfiriosuno-com-br\/"}]}},"default_loop_html":"<div class=\"cardsPage__listCard__boxs\"><div class=\"cardsPage__listCard__boxs__img\"><a href=\"https:\/\/www.suno.com.br\/noticias\/ricardo-lewandowski-ministro-justica-gpj\/\"><img class=\"mask\" src=\"https:\/\/www.suno.com.br\/noticias\/wp-content\/themes\/suno\/resources\/images\/spotlight\/spotlight1img\/bg-mask.png\" alt=\"Image Mask\"\/><img src=\"https:\/\/files.sunoresearch.com.br\/n\/uploads\/2022\/12\/stf-ricado-lewandowski-ministro-caso-bancos-foto-nelson-jr-sco-400x200.jpg\" alt=\"Ricardo Lewandowski aceita convite de Lula e ser\u00e1 o novo Ministro da Justi\u00e7a\"\/><\/a><span class=\"spotlightCategory\"><a href=\"https:\/\/www.suno.com.br\/noticias\/politica\/\">Pol\u00edtica<\/a><\/span><\/div><div class=\"cardsPage__listCard__boxs__content\"><a href=\"https:\/\/www.suno.com.br\/noticias\/ricardo-lewandowski-ministro-justica-gpj\/\"><h2 class=\"content__title\">Ricardo Lewandowski aceita convite de Lula e ser\u00e1 o novo Ministro da Justi\u00e7a<\/h2><\/a><div class=\"newsContent__article__meta\"><div class=\"newsContent__article__meta__authorBox\"><a href=\"https:\/\/www.suno.com.br\/noticias\/author\/giovanni-porfiriosuno-com-br\/\" class=\"authorBox__avatar noMobi\"><img src=\"https:\/\/files.sunoresearch.com.br\/n\/uploads\/2024\/05\/DSCF4115-1-1-150x150.webp\" alt=\"Giovanni Porf\u00edrio Jacomino\"><\/a><div class=\"authorBox__name\"><span>por\n\t\t\t<a href=\"https:\/\/www.suno.com.br\/noticias\/author\/giovanni-porfiriosuno-com-br\/\"><span itemprop=\"author\">Giovanni Porf\u00edrio Jacomino<\/span><\/a><\/span><time datetime=\"2024-01-11T08:42:10-03:00\" itemprop=\"datePublished\">11\/01\/2024 08:42<\/time><\/div><\/div><\/div><\/div><\/div>","single_layout":"posts","amp_enabled":true,"_links":{"self":[{"href":"https:\/\/www.suno.com.br\/noticias\/wp-json\/wp\/v2\/posts\/509235"}],"collection":[{"href":"https:\/\/www.suno.com.br\/noticias\/wp-json\/wp\/v2\/posts"}],"about":[{"href":"https:\/\/www.suno.com.br\/noticias\/wp-json\/wp\/v2\/types\/post"}],"author":[{"embeddable":true,"href":"https:\/\/www.suno.com.br\/noticias\/wp-json\/wp\/v2\/users\/313"}],"replies":[{"embeddable":true,"href":"https:\/\/www.suno.com.br\/noticias\/wp-json\/wp\/v2\/comments?post=509235"}],"version-history":[{"count":2,"href":"https:\/\/www.suno.com.br\/noticias\/wp-json\/wp\/v2\/posts\/509235\/revisions"}],"predecessor-version":[{"id":509275,"href":"https:\/\/www.suno.com.br\/noticias\/wp-json\/wp\/v2\/posts\/509235\/revisions\/509275"}],"wp:featuredmedia":[{"embeddable":true,"href":"https:\/\/www.suno.com.br\/noticias\/wp-json\/wp\/v2\/media\/332298"}],"wp:attachment":[{"href":"https:\/\/www.suno.com.br\/noticias\/wp-json\/wp\/v2\/media?parent=509235"}],"wp:term":[{"taxonomy":"category","embeddable":true,"href":"https:\/\/www.suno.com.br\/noticias\/wp-json\/wp\/v2\/categories?post=509235"},{"taxonomy":"post_tag","embeddable":true,"href":"https:\/\/www.suno.com.br\/noticias\/wp-json\/wp\/v2\/tags?post=509235"},{"taxonomy":"suno_strategy","embeddable":true,"href":"https:\/\/www.suno.com.br\/noticias\/wp-json\/wp\/v2\/suno_strategy?post=509235"}],"curies":[{"name":"wp","href":"https:\/\/api.w.org\/{rel}","templated":true}]}}