{"id":508967,"date":"2024-01-10T16:44:10","date_gmt":"2024-01-10T19:44:10","guid":{"rendered":"https:\/\/www.suno.com.br\/noticias\/?p=508967"},"modified":"2024-01-10T16:44:16","modified_gmt":"2024-01-10T19:44:16","slug":"123milhas-peritos-justica-mg-gastos-milhoes-evm","status":"publish","type":"post","link":"https:\/\/www.suno.com.br\/noticias\/123milhas-peritos-justica-mg-gastos-milhoes-evm\/","title":{"rendered":"123Milhas: Peritos identificam gastos de R$ 13,6 milh\u00f5es com tributos, funcion\u00e1rios e tecnologia"},"content":{"rendered":"<p>Os peritos designados pela Justi\u00e7a de Minas para acompanhar o processo de <a class=\"suno-keyword\" data-force=\"no\" data-priority=\"2\" href=\"https:\/\/www.suno.com.br\/artigos\/recuperacao-judicial\/\" target=\"_blank\" rel=\"noopener\">recupera\u00e7\u00e3o judicial<\/a> da <strong><a href=\"https:\/\/www.suno.com.br\/noticias\/123milhas-ministerio-justica-processo-administrativo-mal\/\" target=\"_blank\" rel=\"noreferrer noopener\">123Milhas<\/a><\/strong> apresentaram na noite desta ter\u00e7a (9) um relat\u00f3rio que detalha os gastos das companhia em dezembro.<\/p><div class=\"videoFull \">\n\t\t\t<div class=\"videoWrapper yt-lazyload center\"\n\t\t\t\tdata-width=\"960\"\n\t\t\t\tdata-height=\"540\"\n\t\t\t\tdata-id=\"hYgcExHjVa0\"\n\t\t\t\tdata-alt=\"V\u00eddeo do YouTube - clique para reproduzir\"\n\t\t\t\tdata-logo=\"3\"\n\t\t\t\tdata-imagequality=\"maxres\">\n\t\t\t<\/div>\n\t\t<\/div><script type=\"application\/ld+json\">{\"@context\":\"https:\/\/schema.org\",\"@type\":\"VideoObject\",\"name\":\"\ud83d\udd34 VALE (VALE3) E BRADESCO (BBDC4) DERRUBAM IBOVESPA| Limites na Eletrobras? | Demiss\u00e3o na CVC\",\"description\":\"#mercadofinanceiro #a\u00e7\u00f5es #investimentos #bolsadevalores #ibovespa #dinheiro #finan\u00e7as #pol\u00edtica #d\u00f3lar #livedas19h #petr4 #petrobras #vale3 #vale #a\u00e7\u00f5es #economia #dividendos #bradesco #bbdc4 #eletrobras #elet3 #cvc #cvcb3 #demiss\u00f5es \ud83d\udd34 SUNO A\u00c7\u00d5ES COM 60% DE DESCONTO: https:\/\/suno.me\/3RTjqGN 00:00 In\u00edcio do v\u00eddeo 1:50 O que esperar da bolsa em 2024? 08:25 Fechamento de preg\u00e3o 14:20 BBDC4 cai com rebaixamento do GS\u2026\",\"duration\":\"PT34M7S\",\"embedUrl\":\"https:\/\/www.youtube.com\/embed\/hYgcExHjVa0\",\"regionsAllowed\":\"en-US\",\"interactionStatistic\":{\"@type\":\"InteractionCounter\",\"interactionType\":{\"@type\":\"WatchAction\"},\"userInteractionCount\":1431},\"thumbnailUrl\":\"https:\/\/i.ytimg.com\/vi\/hYgcExHjVa0\/default.jpg\",\"uploadDate\":\"2024-01-10T10:42:54Z\"}<\/script>\n\n\n\n\n\t<p>\n\t\t<a href=\"https:\/\/lp.suno.com.br\/planilha-da-vida-financeira\/\" target=\"_blank\" data-element=\"shortcode-suno-banner\" title=\"Banner SUNO, clique e saiba mais\">\n\t\t\t<picture>\n\t\t\t\t<source media=\"(max-width: 500px)\" srcset=\"https:\/\/files.sunoresearch.com.br\/n\/uploads\/2023\/04\/400x300-Planilha-vida-financeira-true.png\">\n\t\t\t\t<img class=\"newsContent__article__imgCapa newsContent__article__imgCapa--banner\"\n\t\t\t\t\tsrc=\"https:\/\/files.sunoresearch.com.br\/n\/uploads\/2023\/04\/1420x240-Planilha-vida-financeira-true.png\"\n\t\t\t\t\tdata-promo-id=\"106682\"\t\t\t\t\t\t\t\t\t\twidth='1420' height='240'\t\t\t\t\talt=\"https:\/\/files.sunoresearch.com.br\/n\/uploads\/2023\/04\/1420x240-Planilha-vida-financeira-true.png\"\n\t\t\t\t>\n\t\t\t<\/picture>\n\t\t<\/a>\n\t<\/p>\n\n\n\n\n\n\n\n<p>Conforme o documento da <strong>justi\u00e7a mineira<\/strong> acerca da 123Milhas, foram registrados R$ 7,4 milh\u00f5es em despesas. <\/p>\n\n\n\n<p>A maior parte do montante est\u00e1 relacionada ao <strong>pagamento de tributos e funcion\u00e1rios<\/strong>, al\u00e9m de gastos com servi\u00e7os de tecnologia.<\/p>\n\n\n\n<p>Trata-se do segundo relat\u00f3rio de despesas elaborado ap\u00f3s o Tribunal de Justi\u00e7a de <strong>Minas Gerais<\/strong> liberar R$ 23.516.504,81 para a 123Milhas. <\/p>\n\n\n\n<p>A decis\u00e3o atendeu a um pedido da <strong>ag\u00eancia de viagens<\/strong> e trata do desbloqueio de parte de valores relativos a C\u00e9dulas de Cr\u00e9dito Banc\u00e1rio no Banco do Brasil (depositados em conta vinculada \u00e0 recupera\u00e7\u00e3o judicial).<\/p>\n\n\n\n<p>Quando o montante foi desbloqueado, em 1\u00ba de novembro de 2023, o desembargador Alexandre Victor de Carvalho, relator do caso no <strong>Tribunal de Minas Gerais<\/strong>, determinou que a 123Milhas prestasse contas mensalmente aos peritos nomeados pela Justi\u00e7a &#8211; KPMG Corporate Finance Ltda. e Juliana Ferreira Morais.<\/p>\n\n\n\n\t<div data-element=\"shortcode-read-more\" class=\"readToo\">\n\t\t\t\t<span class=\"readToo__title\">Leia mais<\/span>\n\t\t\t\t<ul class=\"readToo__list\">\n\t\t\t<li><a href=\"https:\/\/www.suno.com.br\/noticias\/expectativas-ipca-inflacao-diretor-bc-evm\/\">Expectativas para IPCA nos pr\u00f3ximos tr\u00eas anos seguem estacionadas em 3,5%, diz diretor de pol\u00edtica econ\u00f4mica do BC<\/a><\/li><li><a href=\"https:\/\/www.suno.com.br\/noticias\/petrobras-petr3-petr4-btg-va\/\">PETR3 ou PETR4? BTG diz qual a\u00e7\u00e3o da Petrobras vale mais a pena investir e receber dividendos<\/a><\/li><li><a href=\"https:\/\/www.suno.com.br\/noticias\/vale-vale3-preferida-bba-alta-acoes-evm\/\">Desempenho ruim no in\u00edcio do ano? Vale (VALE3) \u00e9 a preferida do BBA, que projeta recupera\u00e7\u00e3o e mais de 20% de alta nas a\u00e7\u00f5es<\/a><\/li><li><a href=\"https:\/\/www.suno.com.br\/noticias\/cpi-acusa-socios-123milhas-dinheiro-empresa-contas-pessoais-va\/\">Relat\u00f3rio da CPI acusa s\u00f3cios da 123milhas de transferirem dinheiro da empresa para contas pessoais; empresa nega<\/a><\/li>\t\t<\/ul>\n\t<\/div>\n\n\n\n\n<h2 class=\"wp-block-heading\">Peritos analisaram gastos ap\u00f3s libera\u00e7\u00e3o de dinheiro da 123Milhas<\/h2>\n\n\n\n<p>Os <strong>peritos <\/strong>analisaram notas fiscais, boletos, relat\u00f3rios anal\u00edticos de folha de pagamento de colaboradores e comprovantes de pagamento entregues pela 132Milhas. <\/p>\n\n\n\n<p>O quadro t\u00e9cnico verificou que, entre os dias 30 de novembro e 31 de dezembro, o grupo gastou R$ 7,4 milh\u00f5es &#8211; cerca de 31,5% do valor liberado pela Justi\u00e7a mineira.<\/p>\n\n\n\t<p>\n\t\t<a href=\"https:\/\/lp.suno.com.br\/ebook-como-analisar-uma-acao\/\" target=\"_blank\" data-element=\"shortcode-suno-banner\" title=\"Banner SUNO, clique e saiba mais\">\n\t\t\t<picture>\n\t\t\t\t<source media=\"(max-width: 500px)\" srcset=\"https:\/\/files.sunoresearch.com.br\/n\/uploads\/2023\/03\/Ebook-Acoes-Mobile.jpg\">\n\t\t\t\t<img class=\"newsContent__article__imgCapa newsContent__article__imgCapa--banner\"\n\t\t\t\t\tsrc=\"https:\/\/files.sunoresearch.com.br\/n\/uploads\/2023\/03\/Ebook-Acoes-Desktop.jpg\"\n\t\t\t\t\tdata-promo-id=\"378302\"\t\t\t\t\t\t\t\t\t\twidth='1420' height='286'\t\t\t\t\talt=\"https:\/\/files.sunoresearch.com.br\/n\/uploads\/2023\/03\/Ebook-Acoes-Desktop.jpg\"\n\t\t\t\t>\n\t\t\t<\/picture>\n\t\t<\/a>\n\t<\/p>\n\n\n\n\n\n<p>Eles detalharam os gastos em planilhas e apontaram que a comprova\u00e7\u00e3o de algumas despesas estava pendente, uma vez que &#8216;h\u00e1 documentos que n\u00e3o foram apresentados&#8217;.<\/p>\n\n\n\n<p>Considerando o valor gasto em novembro pela ag\u00eancia de viagens, o relat\u00f3rio aponta que o grupo da 123Milhas j\u00e1 usou R$ 13,6 milh\u00f5es, o que representa 58,1% do total liberado. Resta um saldo de R$ 9,9 milh\u00f5es.<\/p>\n\n\n\n<p>A 123Milhas havia requerido o desbloqueio dos valores \u00e0 Justi\u00e7a mineira sob argumento de que precisava pagar credores n\u00e3o sujeitos e posteriores ao pedido de <a class=\"suno-keyword\" target=\"_blank\" data-force=\"no\" data-priority=\"2\" href=\"https:\/\/www.suno.com.br\/artigos\/recuperacao-judicial\/\" rel=\"noopener\">recupera\u00e7\u00e3o judicial<\/a> &#8211; por isso precisavam do acesso aos recursos.<\/p>\n\n\n\n<p>O grupo alegou que a n\u00e3o libera\u00e7\u00e3o do dinheiro poderia inviabilizar a recupera\u00e7\u00e3o judicial.<\/p>\n\n\n\n<p>A empresa se comprometeu a usar o montante &#8216;t\u00e3o somente&#8217; para o pagamento dos <a class=\"suno-keyword\" target=\"_blank\" data-force=\"no\" data-priority=\"1\" href=\"https:\/\/www.suno.com.br\/artigos\/custos-despesas\/\" rel=\"noopener\">custos e despesas<\/a> especificadas \u00e0 Justi\u00e7a, com a devida presta\u00e7\u00e3o de contas. A lista inclu\u00eda a &#8216;folha de pagamento, planos de sa\u00fade, FGTS, condom\u00ednios e tantas outras despesas not\u00f3rias do dia-a-dia&#8217;, segundo o desembargador Alexandre Victor de Carvalho.<\/p>\n\n\n\n<p>A avalia\u00e7\u00e3o do magistrado foi a de que obstar a libera\u00e7\u00e3o do dinheiro implicaria &#8216;em severo golpe no funcionamento da combalida empresa, podendo, inclusive, inviabilizar o pedido recuperacional&#8217;. Ele advertiu a <strong>123Milhas<\/strong> que o valor s\u00f3 poderia ser usado para o cumprimento das obriga\u00e7\u00f5es indicadas \u00e0 Justi\u00e7a, sob pena de responsabiliza\u00e7\u00e3o criminal e civil.<\/p>\n\n\n\n<p>Com Estad\u00e3o Conte\u00fado<\/p>\n\n\n\t<p>\n\t\t<a href=\"https:\/\/lp.suno.com.br\/planilha-da-vida-financeira\/\" target=\"_blank\" data-element=\"shortcode-suno-banner\" title=\"Banner SUNO, clique e saiba mais\">\n\t\t\t<picture>\n\t\t\t\t<source media=\"(max-width: 500px)\" srcset=\"https:\/\/files.sunoresearch.com.br\/n\/uploads\/2023\/04\/400x300-Planilha-vida-financeira-true.png\">\n\t\t\t\t<img class=\"newsContent__article__imgCapa newsContent__article__imgCapa--banner\"\n\t\t\t\t\tsrc=\"https:\/\/files.sunoresearch.com.br\/n\/uploads\/2023\/04\/1420x240-Planilha-vida-financeira-true.png\"\n\t\t\t\t\tdata-promo-id=\"383123\"\t\t\t\t\t\t\t\t\t\twidth='1420' height='240'\t\t\t\t\talt=\"https:\/\/files.sunoresearch.com.br\/n\/uploads\/2023\/04\/1420x240-Planilha-vida-financeira-true.png\"\n\t\t\t\t>\n\t\t\t<\/picture>\n\t\t<\/a>\n\t<\/p>\n\n\n","protected":false},"excerpt":{"rendered":"<p>Os peritos designados pela Justi\u00e7a de Minas para acompanhar o processo de recupera\u00e7\u00e3o judicial da 123Milhas apresentaram na noite desta ter\u00e7a (9) um relat\u00f3rio que detalha os gastos das companhia em dezembro. Conforme o documento da justi\u00e7a mineira acerca da 123Milhas, foram registrados R$ 7,4 milh\u00f5es em despesas. A maior parte do montante est\u00e1 relacionada [&hellip;]<\/p>\n","protected":false},"author":73,"featured_media":445547,"comment_status":"closed","ping_status":"closed","sticky":false,"template":"","format":"standard","meta":[],"categories":[64],"tags":[106444,921,1245],"suno_strategy":[],"class_list":["post-508967","post","type-post","status-publish","format-standard","has-post-thumbnail","hentry","category-negocios","tag-agencias","tag-minas-gerais","tag-setor-de-servicos"],"yoast_head":"<!-- This site is optimized with the Yoast SEO plugin v24.4 - https:\/\/yoast.com\/wordpress\/plugins\/seo\/ -->\n<title>123Milhas: Peritos identificam gastos de R$ 13,6 milh\u00f5es<\/title>\n<meta name=\"description\" content=\"Trata-se do segundo relat\u00f3rio de despesas elaborado ap\u00f3s o Tribunal de Justi\u00e7a de Minas liberar R$ 23.516.504,81 para a 123Milhas\" \/>\n<meta name=\"robots\" content=\"index, follow, max-snippet:-1, max-image-preview:large, max-video-preview:-1\" \/>\n<link rel=\"canonical\" href=\"https:\/\/www.suno.com.br\/noticias\/123milhas-peritos-justica-mg-gastos-milhoes-evm\/\" \/>\n<meta property=\"og:locale\" content=\"pt_BR\" \/>\n<meta property=\"og:type\" content=\"article\" \/>\n<meta property=\"og:title\" content=\"123Milhas: Peritos identificam gastos de R$ 13,6 milh\u00f5es\" \/>\n<meta property=\"og:description\" content=\"Trata-se do segundo relat\u00f3rio de despesas elaborado ap\u00f3s o Tribunal de Justi\u00e7a de Minas liberar R$ 23.516.504,81 para a 123Milhas\" \/>\n<meta property=\"og:url\" content=\"https:\/\/www.suno.com.br\/noticias\/123milhas-peritos-justica-mg-gastos-milhoes-evm\/\" \/>\n<meta property=\"og:site_name\" content=\"Suno Not\u00edcias\" \/>\n<meta property=\"article:publisher\" content=\"https:\/\/facebook.com\/sunoresearch\" \/>\n<meta property=\"og:image\" content=\"https:\/\/files.sunoresearch.com.br\/n\/uploads\/2023\/08\/123-milhas.jpg\" \/>\n\t<meta property=\"og:image:width\" content=\"1550\" \/>\n\t<meta property=\"og:image:height\" content=\"805\" \/>\n\t<meta property=\"og:image:type\" content=\"image\/jpeg\" \/>\n<meta name=\"author\" content=\"Eduardo Vargas\" \/>\n<meta name=\"twitter:card\" content=\"summary_large_image\" \/>\n<meta name=\"twitter:creator\" content=\"@sunoresearch\" \/>\n<meta name=\"twitter:site\" content=\"@sunoresearch\" \/>\n<meta name=\"twitter:label1\" content=\"Escrito por\" \/>\n\t<meta name=\"twitter:data1\" content=\"Eduardo Vargas\" \/>\n\t<meta name=\"twitter:label2\" content=\"Est. tempo de leitura\" \/>\n\t<meta name=\"twitter:data2\" content=\"3 minutos\" \/>\n<script type=\"application\/ld+json\" class=\"yoast-schema-graph\">{\"@context\":\"https:\/\/schema.org\",\"@graph\":[{\"@type\":\"NewsArticle\",\"@id\":\"https:\/\/www.suno.com.br\/noticias\/123milhas-peritos-justica-mg-gastos-milhoes-evm\/#article\",\"isPartOf\":{\"@id\":\"https:\/\/www.suno.com.br\/noticias\/123milhas-peritos-justica-mg-gastos-milhoes-evm\/\"},\"author\":{\"name\":\"Eduardo Vargas\",\"@id\":\"https:\/\/www.suno.com.br\/noticias\/#\/schema\/person\/7f4d362bf3518e76090143ae77bb49a5\"},\"headline\":\"123Milhas: Peritos identificam gastos de R$ 13,6 milh\u00f5es com tributos, funcion\u00e1rios e tecnologia\",\"datePublished\":\"2024-01-10T19:44:10+00:00\",\"dateModified\":\"2024-01-10T19:44:16+00:00\",\"mainEntityOfPage\":{\"@id\":\"https:\/\/www.suno.com.br\/noticias\/123milhas-peritos-justica-mg-gastos-milhoes-evm\/\"},\"wordCount\":510,\"publisher\":{\"@id\":\"https:\/\/www.suno.com.br\/noticias\/#organization\"},\"image\":{\"@id\":\"https:\/\/www.suno.com.br\/noticias\/123milhas-peritos-justica-mg-gastos-milhoes-evm\/#primaryimage\"},\"thumbnailUrl\":\"https:\/\/files.sunoresearch.com.br\/n\/uploads\/2023\/08\/123-milhas.jpg\",\"keywords\":[\"Ag\u00eancias\",\"Minas Gerais\",\"setor de servi\u00e7os\"],\"articleSection\":[\"Neg\u00f3cios\"],\"inLanguage\":\"pt-BR\"},{\"@type\":\"WebPage\",\"@id\":\"https:\/\/www.suno.com.br\/noticias\/123milhas-peritos-justica-mg-gastos-milhoes-evm\/\",\"url\":\"https:\/\/www.suno.com.br\/noticias\/123milhas-peritos-justica-mg-gastos-milhoes-evm\/\",\"name\":\"123Milhas: Peritos identificam gastos de R$ 13,6 milh\u00f5es\",\"isPartOf\":{\"@id\":\"https:\/\/www.suno.com.br\/noticias\/#website\"},\"primaryImageOfPage\":{\"@id\":\"https:\/\/www.suno.com.br\/noticias\/123milhas-peritos-justica-mg-gastos-milhoes-evm\/#primaryimage\"},\"image\":{\"@id\":\"https:\/\/www.suno.com.br\/noticias\/123milhas-peritos-justica-mg-gastos-milhoes-evm\/#primaryimage\"},\"thumbnailUrl\":\"https:\/\/files.sunoresearch.com.br\/n\/uploads\/2023\/08\/123-milhas.jpg\",\"datePublished\":\"2024-01-10T19:44:10+00:00\",\"dateModified\":\"2024-01-10T19:44:16+00:00\",\"description\":\"Trata-se do segundo relat\u00f3rio de despesas elaborado ap\u00f3s o Tribunal de Justi\u00e7a de Minas liberar R$ 23.516.504,81 para a 123Milhas\",\"breadcrumb\":{\"@id\":\"https:\/\/www.suno.com.br\/noticias\/123milhas-peritos-justica-mg-gastos-milhoes-evm\/#breadcrumb\"},\"inLanguage\":\"pt-BR\",\"potentialAction\":[{\"@type\":\"ReadAction\",\"target\":[\"https:\/\/www.suno.com.br\/noticias\/123milhas-peritos-justica-mg-gastos-milhoes-evm\/\"]}]},{\"@type\":\"ImageObject\",\"inLanguage\":\"pt-BR\",\"@id\":\"https:\/\/www.suno.com.br\/noticias\/123milhas-peritos-justica-mg-gastos-milhoes-evm\/#primaryimage\",\"url\":\"https:\/\/files.sunoresearch.com.br\/n\/uploads\/2023\/08\/123-milhas.jpg\",\"contentUrl\":\"https:\/\/files.sunoresearch.com.br\/n\/uploads\/2023\/08\/123-milhas.jpg\",\"width\":1550,\"height\":805,\"caption\":\"123milhas. Foto: Divulga\u00e7\u00e3o\"},{\"@type\":\"BreadcrumbList\",\"@id\":\"https:\/\/www.suno.com.br\/noticias\/123milhas-peritos-justica-mg-gastos-milhoes-evm\/#breadcrumb\",\"itemListElement\":[{\"@type\":\"ListItem\",\"position\":1,\"name\":\"Not\u00edcias\",\"item\":\"https:\/\/www.suno.com.br\/noticias\/\"},{\"@type\":\"ListItem\",\"position\":2,\"name\":\"Neg\u00f3cios\",\"item\":\"https:\/\/www.suno.com.br\/noticias\/negocios\/\"},{\"@type\":\"ListItem\",\"position\":3,\"name\":\"123Milhas: Peritos identificam gastos de R$ 13,6 milh\u00f5es com tributos, funcion\u00e1rios e tecnologia\"}]},{\"@type\":\"WebSite\",\"@id\":\"https:\/\/www.suno.com.br\/noticias\/#website\",\"url\":\"https:\/\/www.suno.com.br\/noticias\/\",\"name\":\"Suno Not\u00edcias\",\"description\":\"Seu portal de informa\u00e7\u00e3o sobre o mundo dos investimentos\",\"publisher\":{\"@id\":\"https:\/\/www.suno.com.br\/noticias\/#organization\"},\"potentialAction\":[{\"@type\":\"SearchAction\",\"target\":{\"@type\":\"EntryPoint\",\"urlTemplate\":\"https:\/\/www.suno.com.br\/noticias\/?s={search_term_string}\"},\"query-input\":{\"@type\":\"PropertyValueSpecification\",\"valueRequired\":true,\"valueName\":\"search_term_string\"}}],\"inLanguage\":\"pt-BR\"},{\"@type\":\"Organization\",\"@id\":\"https:\/\/www.suno.com.br\/noticias\/#organization\",\"name\":\"Suno Not\u00edcias\",\"url\":\"https:\/\/www.suno.com.br\/noticias\/\",\"logo\":{\"@type\":\"ImageObject\",\"inLanguage\":\"pt-BR\",\"@id\":\"https:\/\/www.suno.com.br\/noticias\/#\/schema\/logo\/image\/\",\"url\":\"https:\/\/files.sunoresearch.com.br\/n\/uploads\/2021\/09\/suno-logo.png\",\"contentUrl\":\"https:\/\/files.sunoresearch.com.br\/n\/uploads\/2021\/09\/suno-logo.png\",\"width\":180,\"height\":180,\"caption\":\"Suno Not\u00edcias\"},\"image\":{\"@id\":\"https:\/\/www.suno.com.br\/noticias\/#\/schema\/logo\/image\/\"},\"sameAs\":[\"https:\/\/facebook.com\/sunoresearch\",\"https:\/\/x.com\/sunoresearch\",\"https:\/\/www.instagram.com\/suno\",\"https:\/\/www.linkedin.com\/company\/suno-research\/\",\"https:\/\/www.youtube.com\/c\/sunoresearch\"]},{\"@type\":\"Person\",\"@id\":\"https:\/\/www.suno.com.br\/noticias\/#\/schema\/person\/7f4d362bf3518e76090143ae77bb49a5\",\"name\":\"Eduardo Vargas\",\"image\":{\"@type\":\"ImageObject\",\"inLanguage\":\"pt-BR\",\"@id\":\"https:\/\/www.suno.com.br\/noticias\/#\/schema\/person\/image\/\",\"url\":\"https:\/\/secure.gravatar.com\/avatar\/dac340933427a22924c9f99d1eb2e3f2?s=96&r=g\",\"contentUrl\":\"https:\/\/secure.gravatar.com\/avatar\/dac340933427a22924c9f99d1eb2e3f2?s=96&r=g\",\"caption\":\"Eduardo Vargas\"},\"description\":\"Jornalista formado pela UFSC, cobre macroeconomia, neg\u00f3cios e startups para o Suno Not\u00edcias, escrevendo principalmente not\u00edcias sobre o mercado financeiro e a bolsa de valores. No YouTube e no Instagram, \u00e9 respons\u00e1vel pela produ\u00e7\u00e3o de Reels e Shorts do Suno Not\u00edcias. Anteriormente, trabalhou cobrindo economia e cotidiano no ND+ e para o ND, maior jornal impresso de Santa Catarina. Cursou um semestre letivo de Estudos de M\u00eddia na Universidad de Buenos Aires.\",\"url\":\"https:\/\/www.suno.com.br\/noticias\/author\/eduardo-vargas\/\"}]}<\/script>\n<!-- \/ Yoast SEO plugin. -->","yoast_head_json":{"title":"123Milhas: Peritos identificam gastos de R$ 13,6 milh\u00f5es","description":"Trata-se do segundo relat\u00f3rio de despesas elaborado ap\u00f3s o Tribunal de Justi\u00e7a de Minas liberar R$ 23.516.504,81 para a 123Milhas","robots":{"index":"index","follow":"follow","max-snippet":"max-snippet:-1","max-image-preview":"max-image-preview:large","max-video-preview":"max-video-preview:-1"},"canonical":"https:\/\/www.suno.com.br\/noticias\/123milhas-peritos-justica-mg-gastos-milhoes-evm\/","og_locale":"pt_BR","og_type":"article","og_title":"123Milhas: Peritos identificam gastos de R$ 13,6 milh\u00f5es","og_description":"Trata-se do segundo relat\u00f3rio de despesas elaborado ap\u00f3s o Tribunal de Justi\u00e7a de Minas liberar R$ 23.516.504,81 para a 123Milhas","og_url":"https:\/\/www.suno.com.br\/noticias\/123milhas-peritos-justica-mg-gastos-milhoes-evm\/","og_site_name":"Suno Not\u00edcias","article_publisher":"https:\/\/facebook.com\/sunoresearch","og_image":[{"width":1550,"height":805,"url":"https:\/\/files.sunoresearch.com.br\/n\/uploads\/2023\/08\/123-milhas.jpg","type":"image\/jpeg"}],"author":"Eduardo Vargas","twitter_card":"summary_large_image","twitter_creator":"@sunoresearch","twitter_site":"@sunoresearch","twitter_misc":{"Escrito por":"Eduardo Vargas","Est. tempo de leitura":"3 minutos"},"schema":{"@context":"https:\/\/schema.org","@graph":[{"@type":"NewsArticle","@id":"https:\/\/www.suno.com.br\/noticias\/123milhas-peritos-justica-mg-gastos-milhoes-evm\/#article","isPartOf":{"@id":"https:\/\/www.suno.com.br\/noticias\/123milhas-peritos-justica-mg-gastos-milhoes-evm\/"},"author":{"name":"Eduardo Vargas","@id":"https:\/\/www.suno.com.br\/noticias\/#\/schema\/person\/7f4d362bf3518e76090143ae77bb49a5"},"headline":"123Milhas: Peritos identificam gastos de R$ 13,6 milh\u00f5es com tributos, funcion\u00e1rios e tecnologia","datePublished":"2024-01-10T19:44:10+00:00","dateModified":"2024-01-10T19:44:16+00:00","mainEntityOfPage":{"@id":"https:\/\/www.suno.com.br\/noticias\/123milhas-peritos-justica-mg-gastos-milhoes-evm\/"},"wordCount":510,"publisher":{"@id":"https:\/\/www.suno.com.br\/noticias\/#organization"},"image":{"@id":"https:\/\/www.suno.com.br\/noticias\/123milhas-peritos-justica-mg-gastos-milhoes-evm\/#primaryimage"},"thumbnailUrl":"https:\/\/files.sunoresearch.com.br\/n\/uploads\/2023\/08\/123-milhas.jpg","keywords":["Ag\u00eancias","Minas Gerais","setor de servi\u00e7os"],"articleSection":["Neg\u00f3cios"],"inLanguage":"pt-BR"},{"@type":"WebPage","@id":"https:\/\/www.suno.com.br\/noticias\/123milhas-peritos-justica-mg-gastos-milhoes-evm\/","url":"https:\/\/www.suno.com.br\/noticias\/123milhas-peritos-justica-mg-gastos-milhoes-evm\/","name":"123Milhas: Peritos identificam gastos de R$ 13,6 milh\u00f5es","isPartOf":{"@id":"https:\/\/www.suno.com.br\/noticias\/#website"},"primaryImageOfPage":{"@id":"https:\/\/www.suno.com.br\/noticias\/123milhas-peritos-justica-mg-gastos-milhoes-evm\/#primaryimage"},"image":{"@id":"https:\/\/www.suno.com.br\/noticias\/123milhas-peritos-justica-mg-gastos-milhoes-evm\/#primaryimage"},"thumbnailUrl":"https:\/\/files.sunoresearch.com.br\/n\/uploads\/2023\/08\/123-milhas.jpg","datePublished":"2024-01-10T19:44:10+00:00","dateModified":"2024-01-10T19:44:16+00:00","description":"Trata-se do segundo relat\u00f3rio de despesas elaborado ap\u00f3s o Tribunal de Justi\u00e7a de Minas liberar R$ 23.516.504,81 para a 123Milhas","breadcrumb":{"@id":"https:\/\/www.suno.com.br\/noticias\/123milhas-peritos-justica-mg-gastos-milhoes-evm\/#breadcrumb"},"inLanguage":"pt-BR","potentialAction":[{"@type":"ReadAction","target":["https:\/\/www.suno.com.br\/noticias\/123milhas-peritos-justica-mg-gastos-milhoes-evm\/"]}]},{"@type":"ImageObject","inLanguage":"pt-BR","@id":"https:\/\/www.suno.com.br\/noticias\/123milhas-peritos-justica-mg-gastos-milhoes-evm\/#primaryimage","url":"https:\/\/files.sunoresearch.com.br\/n\/uploads\/2023\/08\/123-milhas.jpg","contentUrl":"https:\/\/files.sunoresearch.com.br\/n\/uploads\/2023\/08\/123-milhas.jpg","width":1550,"height":805,"caption":"123milhas. Foto: Divulga\u00e7\u00e3o"},{"@type":"BreadcrumbList","@id":"https:\/\/www.suno.com.br\/noticias\/123milhas-peritos-justica-mg-gastos-milhoes-evm\/#breadcrumb","itemListElement":[{"@type":"ListItem","position":1,"name":"Not\u00edcias","item":"https:\/\/www.suno.com.br\/noticias\/"},{"@type":"ListItem","position":2,"name":"Neg\u00f3cios","item":"https:\/\/www.suno.com.br\/noticias\/negocios\/"},{"@type":"ListItem","position":3,"name":"123Milhas: Peritos identificam gastos de R$ 13,6 milh\u00f5es com tributos, funcion\u00e1rios e tecnologia"}]},{"@type":"WebSite","@id":"https:\/\/www.suno.com.br\/noticias\/#website","url":"https:\/\/www.suno.com.br\/noticias\/","name":"Suno Not\u00edcias","description":"Seu portal de informa\u00e7\u00e3o sobre o mundo dos investimentos","publisher":{"@id":"https:\/\/www.suno.com.br\/noticias\/#organization"},"potentialAction":[{"@type":"SearchAction","target":{"@type":"EntryPoint","urlTemplate":"https:\/\/www.suno.com.br\/noticias\/?s={search_term_string}"},"query-input":{"@type":"PropertyValueSpecification","valueRequired":true,"valueName":"search_term_string"}}],"inLanguage":"pt-BR"},{"@type":"Organization","@id":"https:\/\/www.suno.com.br\/noticias\/#organization","name":"Suno Not\u00edcias","url":"https:\/\/www.suno.com.br\/noticias\/","logo":{"@type":"ImageObject","inLanguage":"pt-BR","@id":"https:\/\/www.suno.com.br\/noticias\/#\/schema\/logo\/image\/","url":"https:\/\/files.sunoresearch.com.br\/n\/uploads\/2021\/09\/suno-logo.png","contentUrl":"https:\/\/files.sunoresearch.com.br\/n\/uploads\/2021\/09\/suno-logo.png","width":180,"height":180,"caption":"Suno Not\u00edcias"},"image":{"@id":"https:\/\/www.suno.com.br\/noticias\/#\/schema\/logo\/image\/"},"sameAs":["https:\/\/facebook.com\/sunoresearch","https:\/\/x.com\/sunoresearch","https:\/\/www.instagram.com\/suno","https:\/\/www.linkedin.com\/company\/suno-research\/","https:\/\/www.youtube.com\/c\/sunoresearch"]},{"@type":"Person","@id":"https:\/\/www.suno.com.br\/noticias\/#\/schema\/person\/7f4d362bf3518e76090143ae77bb49a5","name":"Eduardo Vargas","image":{"@type":"ImageObject","inLanguage":"pt-BR","@id":"https:\/\/www.suno.com.br\/noticias\/#\/schema\/person\/image\/","url":"https:\/\/secure.gravatar.com\/avatar\/dac340933427a22924c9f99d1eb2e3f2?s=96&r=g","contentUrl":"https:\/\/secure.gravatar.com\/avatar\/dac340933427a22924c9f99d1eb2e3f2?s=96&r=g","caption":"Eduardo Vargas"},"description":"Jornalista formado pela UFSC, cobre macroeconomia, neg\u00f3cios e startups para o Suno Not\u00edcias, escrevendo principalmente not\u00edcias sobre o mercado financeiro e a bolsa de valores. No YouTube e no Instagram, \u00e9 respons\u00e1vel pela produ\u00e7\u00e3o de Reels e Shorts do Suno Not\u00edcias. Anteriormente, trabalhou cobrindo economia e cotidiano no ND+ e para o ND, maior jornal impresso de Santa Catarina. Cursou um semestre letivo de Estudos de M\u00eddia na Universidad de Buenos Aires.","url":"https:\/\/www.suno.com.br\/noticias\/author\/eduardo-vargas\/"}]}},"default_loop_html":"<div class=\"cardsPage__listCard__boxs\"><div class=\"cardsPage__listCard__boxs__img\"><a href=\"https:\/\/www.suno.com.br\/noticias\/123milhas-peritos-justica-mg-gastos-milhoes-evm\/\"><img class=\"mask\" src=\"https:\/\/www.suno.com.br\/noticias\/wp-content\/themes\/suno\/resources\/images\/spotlight\/spotlight1img\/bg-mask.png\" alt=\"Image Mask\"\/><img src=\"https:\/\/files.sunoresearch.com.br\/n\/uploads\/2023\/08\/123-milhas-400x200.jpg\" alt=\"123Milhas: Peritos identificam gastos de R$ 13,6 milh\u00f5es com tributos, funcion\u00e1rios e tecnologia\"\/><\/a><span class=\"spotlightCategory\"><a href=\"https:\/\/www.suno.com.br\/noticias\/negocios\/\">Neg\u00f3cios<\/a><\/span><\/div><div class=\"cardsPage__listCard__boxs__content\"><a href=\"https:\/\/www.suno.com.br\/noticias\/123milhas-peritos-justica-mg-gastos-milhoes-evm\/\"><h2 class=\"content__title\">123Milhas: Peritos identificam gastos de R$ 13,6 milh\u00f5es com tributos, funcion\u00e1rios e tecnologia<\/h2><\/a><div class=\"newsContent__article__meta\"><div class=\"newsContent__article__meta__authorBox\"><a href=\"https:\/\/www.suno.com.br\/noticias\/author\/vini08correiagmail-com\/\" class=\"authorBox__avatar noMobi\"><img src=\"https:\/\/files.sunoresearch.com.br\/n\/uploads\/2026\/04\/WhatsApp-Image-2026-04-20-at-19.35.48-150x150.webp\" alt=\"Vin\u00edcius Alves\"><\/a><div class=\"authorBox__name\"><span>por\n\t\t\t<a href=\"https:\/\/www.suno.com.br\/noticias\/author\/vini08correiagmail-com\/\"><span itemprop=\"author\">Vin\u00edcius Alves<\/span><\/a><\/span><time datetime=\"2024-01-10T16:44:10-03:00\" itemprop=\"datePublished\">10\/01\/2024 16:44<\/time><\/div><\/div><\/div><\/div><\/div>","single_layout":"posts","amp_enabled":true,"_links":{"self":[{"href":"https:\/\/www.suno.com.br\/noticias\/wp-json\/wp\/v2\/posts\/508967"}],"collection":[{"href":"https:\/\/www.suno.com.br\/noticias\/wp-json\/wp\/v2\/posts"}],"about":[{"href":"https:\/\/www.suno.com.br\/noticias\/wp-json\/wp\/v2\/types\/post"}],"author":[{"embeddable":true,"href":"https:\/\/www.suno.com.br\/noticias\/wp-json\/wp\/v2\/users\/73"}],"replies":[{"embeddable":true,"href":"https:\/\/www.suno.com.br\/noticias\/wp-json\/wp\/v2\/comments?post=508967"}],"version-history":[{"count":3,"href":"https:\/\/www.suno.com.br\/noticias\/wp-json\/wp\/v2\/posts\/508967\/revisions"}],"predecessor-version":[{"id":508994,"href":"https:\/\/www.suno.com.br\/noticias\/wp-json\/wp\/v2\/posts\/508967\/revisions\/508994"}],"wp:featuredmedia":[{"embeddable":true,"href":"https:\/\/www.suno.com.br\/noticias\/wp-json\/wp\/v2\/media\/445547"}],"wp:attachment":[{"href":"https:\/\/www.suno.com.br\/noticias\/wp-json\/wp\/v2\/media?parent=508967"}],"wp:term":[{"taxonomy":"category","embeddable":true,"href":"https:\/\/www.suno.com.br\/noticias\/wp-json\/wp\/v2\/categories?post=508967"},{"taxonomy":"post_tag","embeddable":true,"href":"https:\/\/www.suno.com.br\/noticias\/wp-json\/wp\/v2\/tags?post=508967"},{"taxonomy":"suno_strategy","embeddable":true,"href":"https:\/\/www.suno.com.br\/noticias\/wp-json\/wp\/v2\/suno_strategy?post=508967"}],"curies":[{"name":"wp","href":"https:\/\/api.w.org\/{rel}","templated":true}]}}