{"id":50892,"date":"2020-01-24T19:03:01","date_gmt":"2020-01-24T21:03:01","guid":{"rendered":"https:\/\/www.suno.com.br\/noticias\/?p=50892"},"modified":"2020-01-24T19:03:01","modified_gmt":"2020-01-24T21:03:01","slug":"mercado-pago-credito-utilizado-fora-mercado-livre","status":"publish","type":"post","link":"https:\/\/www.suno.com.br\/noticias\/mercado-pago-credito-utilizado-fora-mercado-livre\/","title":{"rendered":"Mercado Pago lan\u00e7a cr\u00e9dito para ser utilizado fora do Mercado Livre"},"content":{"rendered":"<p>O <strong>Mercado Pago<\/strong>, plataforma de pagamentos do Mercado Livre, anunciou, nesta sexta-feira (24), o lan\u00e7amento de oferta de cr\u00e9dito para compras em outros estabelecimentos, fora do <a href=\"https:\/\/www.suno.com.br\/artigos\/marketplace\/\">marketplace<\/a>.<\/p>\t<div class=\"wrapper-featured-image\">\n\t\t<figure class=\"spotlightImg\">\n\n\t\t\t<picture>\n\t\t\t\t<source media=\"(max-width: 768px)\" srcset=\"https:\/\/files.sunoresearch.com.br\/n\/uploads\/2020\/01\/26643bd3-mercado-pago-400x200.webp\">\n\t\t\t\t<img loading=\"lazy\" decoding=\"async\" class=\"newsContent__article__imgCapa lazyloadDisabled newsContent__article__imgCapa--noCaption\" src=\"https:\/\/files.sunoresearch.com.br\/n\/uploads\/2020\/01\/26643bd3-mercado-pago-jpg.webp\" width=\"800\" height=\"450\" alt=\"Mercado Pago lan\u00e7a cr\u00e9dito para ser utilizado fora do Mercado Livre\" fetchpriority=high \/>\n\t\t\t<\/picture>\n\n\t\t\t<figcaption class=\"wp-caption-text wp-caption-text--hide\">Mercado Pago anuncia novas medidas de cr\u00e9dito em meio \u00e0 crise<\/figcaption>\n\t\t<\/figure>\n\t<\/div>\n\n\n\n<p>Atualmente, o Mercado Pago disponibiliza <strong>cr\u00e9dito<\/strong> pr\u00e9-aprovado exclusivamente aos clientes que parcelam as compras no <strong>Mercado Livre<\/strong>. No entanto, a medida possibilitar\u00e1 a utiliza\u00e7\u00e3o do cr\u00e9dito para compras em outras 200 mil lojas de e-commerce.<\/p>\n<p>De acordo com o presidente do aplicativo de pagamentos, Tulio Oliveira, a oferta ser\u00e1 semelhante a um &#8220;boleto parcelado no e-commerce&#8221;.<\/p>\n<p>\u201cO Mercado Pago saiu de ser uma empresa que processava pagamentos no Mercado Livre para ser uma empresa livre de pagamentos, que oferece outros servi\u00e7os como cr\u00e9dito\u201d, disse Oliveira.<\/p>\n<h2>Outras funcionalidades da carteira digital do Mercado Pago<\/h2>\n<p>A empresa anunciou ainda que disponibilizar\u00e1, no in\u00edcio de fevereiro, uma ferramenta voltada ao pagamento de <strong>impostos<\/strong> por meio de sua carteira digital. A lista de tributos ainda n\u00e3o foi divulgada, entretanto, a companhia j\u00e1 informou que incluir\u00e1 impostos estaduais, federais e municipais.<\/p>\n<p>Al\u00e9m disso, a empresa informou que os clientes que utilizam a plataforma poder\u00e3o fazer saques por meio de QR Code em caixas eletr\u00f4nicos a partir das pr\u00f3ximas semanas. Dessa forma, os usu\u00e1rios n\u00e3o precisar\u00e3o inserir o cart\u00e3o eletr\u00f4nico, visto que ser\u00e1 necess\u00e1rio somente utilizar o celular.<\/p>\n\t<p>\n\t\t<a href=\"https:\/\/lp.suno.com.br\/planilha-controle-gastos\/\" target=\"_blank\" data-element=\"shortcode-suno-banner\" title=\"Banner SUNO, clique e saiba mais\">\n\t\t\t<picture>\n\t\t\t\t<source media=\"(max-width: 500px)\" srcset=\"https:\/\/files.sunoresearch.com.br\/n\/uploads\/2023\/03\/400x300-Planilha-controle-de-gastos.png\">\n\t\t\t\t<img class=\"newsContent__article__imgCapa newsContent__article__imgCapa--banner\"\n\t\t\t\t\tsrc=\"https:\/\/files.sunoresearch.com.br\/n\/uploads\/2023\/03\/1420x240-Planilha-controle-de-gastos.png\"\n\t\t\t\t\tdata-promo-id=\"311945\"\t\t\t\t\t\t\t\t\t\twidth='1420' height='240'\t\t\t\t\talt=\"https:\/\/files.sunoresearch.com.br\/n\/uploads\/2023\/03\/1420x240-Planilha-controle-de-gastos.png\"\n\t\t\t\t>\n\t\t\t<\/picture>\n\t\t<\/a>\n\t<\/p>\n\n\n<p>Atualmente, a carteira digital do Mercado pago j\u00e1 permite que os usu\u00e1rios recarreguem bilhetes de \u00f4nibus e metr\u00f4, al\u00e9m de cr\u00e9ditos para celular. Ademais, \u00e9 poss\u00edvel realizar pagamentos via QR Code por meio da plataforma.<\/p>\n<h2>Mercado Livre recebe empr\u00e9stimo do Goldman Sachs<\/h2>\n<p><span style=\"font-size: 1.21429rem;\">A subsidi\u00e1ria do Mercado Livre, <strong>Mercado Cr\u00e9dito<\/strong>, recebeu, em dezembro do ano passado, um empr\u00e9stimo de US$ 125 milh\u00f5es do Goldman Sachs Group. Este \u00e9 o terceiro empr\u00e9stimo do banco a uma <a href=\"https:\/\/www.suno.com.br\/noticias\/entenda-fintech-tres-maiores-brasil\/\">fintech<\/a> da Am\u00e9rica Latina em 2019.<\/span><\/p>\n<p><a href=\"https:\/\/www.suno.com.br\/noticias\/mercado-livre-emprestimo-us-125-mi-goldman-sachs\/\">Saiba mais: Mercado Livre recebe empr\u00e9stimo de US$ 125 mi do Goldman Sachs<\/a><\/p>\n<p>A controlada do Mercado Livre ir\u00e1 utilizar o recurso para triplicar, no per\u00edodo de um ano, seu portf\u00f3lio de US$ 100 milh\u00f5es em capital de giro fornecido a pequenas e m\u00e9dias empresas no M\u00e9xico, de acordo com informa\u00e7\u00f5es de Martin de los Santos, vice-presidente do Mercado Livre.<\/p>\n<p>O Mercado Cr\u00e9dito deu in\u00edcio a suas opera\u00e7\u00f5es em 2016. A ideia inicial era fornecer cr\u00e9dito aos clientes da controladora e aos clientes que utilizam sua plataforma de pagamento online, o <strong>Mercado<\/strong> <strong>Pago<\/strong>.<\/p>\n\n","protected":false},"excerpt":{"rendered":"<p>O Mercado Pago, plataforma de pagamentos do Mercado Livre, anunciou, nesta sexta-feira (24), o lan\u00e7amento de oferta de cr\u00e9dito para compras em outros estabelecimentos, fora do marketplace. Mercado Pago anuncia novas medidas de cr\u00e9dito em meio \u00e0 crise Atualmente, o Mercado Pago disponibiliza cr\u00e9dito pr\u00e9-aprovado exclusivamente aos clientes que parcelam as compras no Mercado Livre. [&hellip;]<\/p>\n","protected":false},"author":18,"featured_media":50905,"comment_status":"closed","ping_status":"closed","sticky":false,"template":"","format":"standard","meta":[],"categories":[64],"tags":[943,1235,1873],"suno_strategy":[],"class_list":["post-50892","post","type-post","status-publish","format-standard","has-post-thumbnail","hentry","category-negocios","tag-credito","tag-mercado-livre-meli34","tag-mercado-pago"],"yoast_head":"<!-- This site is optimized with the Yoast SEO plugin v24.4 - https:\/\/yoast.com\/wordpress\/plugins\/seo\/ -->\n<title>Mercado Pago lan\u00e7a cr\u00e9dito para ser usado fora do Mercado Livre<\/title>\n<meta name=\"description\" content=\"O Mercado Pago anunciou o lan\u00e7amento de oferta de cr\u00e9dito para compras em outros estabelecimentos. Clique para saber mais.\" \/>\n<meta name=\"robots\" content=\"index, follow, max-snippet:-1, max-image-preview:large, max-video-preview:-1\" \/>\n<link rel=\"canonical\" href=\"https:\/\/www.suno.com.br\/noticias\/mercado-pago-credito-utilizado-fora-mercado-livre\/\" \/>\n<meta property=\"og:locale\" content=\"pt_BR\" \/>\n<meta property=\"og:type\" content=\"article\" \/>\n<meta property=\"og:title\" content=\"Mercado Pago lan\u00e7a cr\u00e9dito para ser usado fora do Mercado Livre\" \/>\n<meta property=\"og:description\" content=\"O Mercado Pago anunciou o lan\u00e7amento de oferta de cr\u00e9dito para compras em outros estabelecimentos. Clique para saber mais.\" \/>\n<meta property=\"og:url\" content=\"https:\/\/www.suno.com.br\/noticias\/mercado-pago-credito-utilizado-fora-mercado-livre\/\" \/>\n<meta property=\"og:site_name\" content=\"Suno Not\u00edcias\" \/>\n<meta property=\"article:publisher\" content=\"https:\/\/facebook.com\/sunoresearch\" \/>\n<meta property=\"og:image\" content=\"https:\/\/files.sunoresearch.com.br\/n\/uploads\/2020\/01\/26643bd3-mercado-pago.jpg\" \/>\n\t<meta property=\"og:image:width\" content=\"738\" \/>\n\t<meta property=\"og:image:height\" content=\"416\" \/>\n\t<meta property=\"og:image:type\" content=\"image\/jpeg\" \/>\n<meta name=\"author\" content=\"Giovanna Oliveira\" \/>\n<meta name=\"twitter:card\" content=\"summary_large_image\" \/>\n<meta name=\"twitter:creator\" content=\"@sunoresearch\" \/>\n<meta name=\"twitter:site\" content=\"@sunoresearch\" \/>\n<meta name=\"twitter:label1\" content=\"Escrito por\" \/>\n\t<meta name=\"twitter:data1\" content=\"Giovanna Oliveira\" \/>\n\t<meta name=\"twitter:label2\" content=\"Est. tempo de leitura\" \/>\n\t<meta name=\"twitter:data2\" content=\"2 minutos\" \/>\n<script type=\"application\/ld+json\" class=\"yoast-schema-graph\">{\"@context\":\"https:\/\/schema.org\",\"@graph\":[{\"@type\":\"NewsArticle\",\"@id\":\"https:\/\/www.suno.com.br\/noticias\/mercado-pago-credito-utilizado-fora-mercado-livre\/#article\",\"isPartOf\":{\"@id\":\"https:\/\/www.suno.com.br\/noticias\/mercado-pago-credito-utilizado-fora-mercado-livre\/\"},\"author\":{\"name\":\"Giovanna Oliveira\",\"@id\":\"https:\/\/www.suno.com.br\/noticias\/#\/schema\/person\/4e19e3d2575736e5283d58eb3199d120\"},\"headline\":\"Mercado Pago lan\u00e7a cr\u00e9dito para ser utilizado fora do Mercado Livre\",\"datePublished\":\"2020-01-24T21:03:01+00:00\",\"mainEntityOfPage\":{\"@id\":\"https:\/\/www.suno.com.br\/noticias\/mercado-pago-credito-utilizado-fora-mercado-livre\/\"},\"wordCount\":439,\"publisher\":{\"@id\":\"https:\/\/www.suno.com.br\/noticias\/#organization\"},\"image\":{\"@id\":\"https:\/\/www.suno.com.br\/noticias\/mercado-pago-credito-utilizado-fora-mercado-livre\/#primaryimage\"},\"thumbnailUrl\":\"https:\/\/files.sunoresearch.com.br\/n\/uploads\/2020\/01\/26643bd3-mercado-pago-jpg.webp\",\"keywords\":[\"cr\u00e9dito\",\"Mercado Livre (MELI34)\",\"Mercado Pago\"],\"articleSection\":[\"Neg\u00f3cios\"],\"inLanguage\":\"pt-BR\"},{\"@type\":\"WebPage\",\"@id\":\"https:\/\/www.suno.com.br\/noticias\/mercado-pago-credito-utilizado-fora-mercado-livre\/\",\"url\":\"https:\/\/www.suno.com.br\/noticias\/mercado-pago-credito-utilizado-fora-mercado-livre\/\",\"name\":\"Mercado Pago lan\u00e7a cr\u00e9dito para ser usado fora do Mercado Livre\",\"isPartOf\":{\"@id\":\"https:\/\/www.suno.com.br\/noticias\/#website\"},\"primaryImageOfPage\":{\"@id\":\"https:\/\/www.suno.com.br\/noticias\/mercado-pago-credito-utilizado-fora-mercado-livre\/#primaryimage\"},\"image\":{\"@id\":\"https:\/\/www.suno.com.br\/noticias\/mercado-pago-credito-utilizado-fora-mercado-livre\/#primaryimage\"},\"thumbnailUrl\":\"https:\/\/files.sunoresearch.com.br\/n\/uploads\/2020\/01\/26643bd3-mercado-pago-jpg.webp\",\"datePublished\":\"2020-01-24T21:03:01+00:00\",\"description\":\"O Mercado Pago anunciou o lan\u00e7amento de oferta de cr\u00e9dito para compras em outros estabelecimentos. Clique para saber mais.\",\"breadcrumb\":{\"@id\":\"https:\/\/www.suno.com.br\/noticias\/mercado-pago-credito-utilizado-fora-mercado-livre\/#breadcrumb\"},\"inLanguage\":\"pt-BR\",\"potentialAction\":[{\"@type\":\"ReadAction\",\"target\":[\"https:\/\/www.suno.com.br\/noticias\/mercado-pago-credito-utilizado-fora-mercado-livre\/\"]}]},{\"@type\":\"ImageObject\",\"inLanguage\":\"pt-BR\",\"@id\":\"https:\/\/www.suno.com.br\/noticias\/mercado-pago-credito-utilizado-fora-mercado-livre\/#primaryimage\",\"url\":\"https:\/\/files.sunoresearch.com.br\/n\/uploads\/2020\/01\/26643bd3-mercado-pago-jpg.webp\",\"contentUrl\":\"https:\/\/files.sunoresearch.com.br\/n\/uploads\/2020\/01\/26643bd3-mercado-pago-jpg.webp\",\"width\":738,\"height\":416,\"caption\":\"Mercado Pago anuncia novas medidas de cr\u00e9dito em meio \u00e0 crise\"},{\"@type\":\"BreadcrumbList\",\"@id\":\"https:\/\/www.suno.com.br\/noticias\/mercado-pago-credito-utilizado-fora-mercado-livre\/#breadcrumb\",\"itemListElement\":[{\"@type\":\"ListItem\",\"position\":1,\"name\":\"Not\u00edcias\",\"item\":\"https:\/\/www.suno.com.br\/noticias\/\"},{\"@type\":\"ListItem\",\"position\":2,\"name\":\"Neg\u00f3cios\",\"item\":\"https:\/\/www.suno.com.br\/noticias\/negocios\/\"},{\"@type\":\"ListItem\",\"position\":3,\"name\":\"Mercado Pago lan\u00e7a cr\u00e9dito para ser utilizado fora do Mercado Livre\"}]},{\"@type\":\"WebSite\",\"@id\":\"https:\/\/www.suno.com.br\/noticias\/#website\",\"url\":\"https:\/\/www.suno.com.br\/noticias\/\",\"name\":\"Suno Not\u00edcias\",\"description\":\"Seu portal de informa\u00e7\u00e3o sobre o mundo dos investimentos\",\"publisher\":{\"@id\":\"https:\/\/www.suno.com.br\/noticias\/#organization\"},\"potentialAction\":[{\"@type\":\"SearchAction\",\"target\":{\"@type\":\"EntryPoint\",\"urlTemplate\":\"https:\/\/www.suno.com.br\/noticias\/?s={search_term_string}\"},\"query-input\":{\"@type\":\"PropertyValueSpecification\",\"valueRequired\":true,\"valueName\":\"search_term_string\"}}],\"inLanguage\":\"pt-BR\"},{\"@type\":\"Organization\",\"@id\":\"https:\/\/www.suno.com.br\/noticias\/#organization\",\"name\":\"Suno Not\u00edcias\",\"url\":\"https:\/\/www.suno.com.br\/noticias\/\",\"logo\":{\"@type\":\"ImageObject\",\"inLanguage\":\"pt-BR\",\"@id\":\"https:\/\/www.suno.com.br\/noticias\/#\/schema\/logo\/image\/\",\"url\":\"https:\/\/files.sunoresearch.com.br\/n\/uploads\/2021\/09\/suno-logo.png\",\"contentUrl\":\"https:\/\/files.sunoresearch.com.br\/n\/uploads\/2021\/09\/suno-logo.png\",\"width\":180,\"height\":180,\"caption\":\"Suno Not\u00edcias\"},\"image\":{\"@id\":\"https:\/\/www.suno.com.br\/noticias\/#\/schema\/logo\/image\/\"},\"sameAs\":[\"https:\/\/facebook.com\/sunoresearch\",\"https:\/\/x.com\/sunoresearch\",\"https:\/\/www.instagram.com\/suno\",\"https:\/\/www.linkedin.com\/company\/suno-research\/\",\"https:\/\/www.youtube.com\/c\/sunoresearch\"]},{\"@type\":\"Person\",\"@id\":\"https:\/\/www.suno.com.br\/noticias\/#\/schema\/person\/4e19e3d2575736e5283d58eb3199d120\",\"name\":\"Giovanna Oliveira\",\"image\":{\"@type\":\"ImageObject\",\"inLanguage\":\"pt-BR\",\"@id\":\"https:\/\/www.suno.com.br\/noticias\/#\/schema\/person\/image\/\",\"url\":\"https:\/\/secure.gravatar.com\/avatar\/9a37b3ae208962ac568992d0ffdbc2eb?s=96&r=g\",\"contentUrl\":\"https:\/\/secure.gravatar.com\/avatar\/9a37b3ae208962ac568992d0ffdbc2eb?s=96&r=g\",\"caption\":\"Giovanna Oliveira\"},\"description\":\"Giovanna Oliveira escreve sobre economia e pol\u00edtica. Foi rep\u00f3rter do portal de jornalismo da ESPM-SP e produziu conte\u00fado para a Corinthians TV. \u00c9 estudante da ESPM.\",\"url\":\"https:\/\/www.suno.com.br\/noticias\/author\/giovanna\/\"}]}<\/script>\n<!-- \/ Yoast SEO plugin. -->","yoast_head_json":{"title":"Mercado Pago lan\u00e7a cr\u00e9dito para ser usado fora do Mercado Livre","description":"O Mercado Pago anunciou o lan\u00e7amento de oferta de cr\u00e9dito para compras em outros estabelecimentos. Clique para saber mais.","robots":{"index":"index","follow":"follow","max-snippet":"max-snippet:-1","max-image-preview":"max-image-preview:large","max-video-preview":"max-video-preview:-1"},"canonical":"https:\/\/www.suno.com.br\/noticias\/mercado-pago-credito-utilizado-fora-mercado-livre\/","og_locale":"pt_BR","og_type":"article","og_title":"Mercado Pago lan\u00e7a cr\u00e9dito para ser usado fora do Mercado Livre","og_description":"O Mercado Pago anunciou o lan\u00e7amento de oferta de cr\u00e9dito para compras em outros estabelecimentos. Clique para saber mais.","og_url":"https:\/\/www.suno.com.br\/noticias\/mercado-pago-credito-utilizado-fora-mercado-livre\/","og_site_name":"Suno Not\u00edcias","article_publisher":"https:\/\/facebook.com\/sunoresearch","og_image":[{"width":738,"height":416,"url":"https:\/\/files.sunoresearch.com.br\/n\/uploads\/2020\/01\/26643bd3-mercado-pago.jpg","type":"image\/jpeg"}],"author":"Giovanna Oliveira","twitter_card":"summary_large_image","twitter_creator":"@sunoresearch","twitter_site":"@sunoresearch","twitter_misc":{"Escrito por":"Giovanna Oliveira","Est. tempo de leitura":"2 minutos"},"schema":{"@context":"https:\/\/schema.org","@graph":[{"@type":"NewsArticle","@id":"https:\/\/www.suno.com.br\/noticias\/mercado-pago-credito-utilizado-fora-mercado-livre\/#article","isPartOf":{"@id":"https:\/\/www.suno.com.br\/noticias\/mercado-pago-credito-utilizado-fora-mercado-livre\/"},"author":{"name":"Giovanna Oliveira","@id":"https:\/\/www.suno.com.br\/noticias\/#\/schema\/person\/4e19e3d2575736e5283d58eb3199d120"},"headline":"Mercado Pago lan\u00e7a cr\u00e9dito para ser utilizado fora do Mercado Livre","datePublished":"2020-01-24T21:03:01+00:00","mainEntityOfPage":{"@id":"https:\/\/www.suno.com.br\/noticias\/mercado-pago-credito-utilizado-fora-mercado-livre\/"},"wordCount":439,"publisher":{"@id":"https:\/\/www.suno.com.br\/noticias\/#organization"},"image":{"@id":"https:\/\/www.suno.com.br\/noticias\/mercado-pago-credito-utilizado-fora-mercado-livre\/#primaryimage"},"thumbnailUrl":"https:\/\/files.sunoresearch.com.br\/n\/uploads\/2020\/01\/26643bd3-mercado-pago-jpg.webp","keywords":["cr\u00e9dito","Mercado Livre (MELI34)","Mercado Pago"],"articleSection":["Neg\u00f3cios"],"inLanguage":"pt-BR"},{"@type":"WebPage","@id":"https:\/\/www.suno.com.br\/noticias\/mercado-pago-credito-utilizado-fora-mercado-livre\/","url":"https:\/\/www.suno.com.br\/noticias\/mercado-pago-credito-utilizado-fora-mercado-livre\/","name":"Mercado Pago lan\u00e7a cr\u00e9dito para ser usado fora do Mercado Livre","isPartOf":{"@id":"https:\/\/www.suno.com.br\/noticias\/#website"},"primaryImageOfPage":{"@id":"https:\/\/www.suno.com.br\/noticias\/mercado-pago-credito-utilizado-fora-mercado-livre\/#primaryimage"},"image":{"@id":"https:\/\/www.suno.com.br\/noticias\/mercado-pago-credito-utilizado-fora-mercado-livre\/#primaryimage"},"thumbnailUrl":"https:\/\/files.sunoresearch.com.br\/n\/uploads\/2020\/01\/26643bd3-mercado-pago-jpg.webp","datePublished":"2020-01-24T21:03:01+00:00","description":"O Mercado Pago anunciou o lan\u00e7amento de oferta de cr\u00e9dito para compras em outros estabelecimentos. Clique para saber mais.","breadcrumb":{"@id":"https:\/\/www.suno.com.br\/noticias\/mercado-pago-credito-utilizado-fora-mercado-livre\/#breadcrumb"},"inLanguage":"pt-BR","potentialAction":[{"@type":"ReadAction","target":["https:\/\/www.suno.com.br\/noticias\/mercado-pago-credito-utilizado-fora-mercado-livre\/"]}]},{"@type":"ImageObject","inLanguage":"pt-BR","@id":"https:\/\/www.suno.com.br\/noticias\/mercado-pago-credito-utilizado-fora-mercado-livre\/#primaryimage","url":"https:\/\/files.sunoresearch.com.br\/n\/uploads\/2020\/01\/26643bd3-mercado-pago-jpg.webp","contentUrl":"https:\/\/files.sunoresearch.com.br\/n\/uploads\/2020\/01\/26643bd3-mercado-pago-jpg.webp","width":738,"height":416,"caption":"Mercado Pago anuncia novas medidas de cr\u00e9dito em meio \u00e0 crise"},{"@type":"BreadcrumbList","@id":"https:\/\/www.suno.com.br\/noticias\/mercado-pago-credito-utilizado-fora-mercado-livre\/#breadcrumb","itemListElement":[{"@type":"ListItem","position":1,"name":"Not\u00edcias","item":"https:\/\/www.suno.com.br\/noticias\/"},{"@type":"ListItem","position":2,"name":"Neg\u00f3cios","item":"https:\/\/www.suno.com.br\/noticias\/negocios\/"},{"@type":"ListItem","position":3,"name":"Mercado Pago lan\u00e7a cr\u00e9dito para ser utilizado fora do Mercado Livre"}]},{"@type":"WebSite","@id":"https:\/\/www.suno.com.br\/noticias\/#website","url":"https:\/\/www.suno.com.br\/noticias\/","name":"Suno Not\u00edcias","description":"Seu portal de informa\u00e7\u00e3o sobre o mundo dos investimentos","publisher":{"@id":"https:\/\/www.suno.com.br\/noticias\/#organization"},"potentialAction":[{"@type":"SearchAction","target":{"@type":"EntryPoint","urlTemplate":"https:\/\/www.suno.com.br\/noticias\/?s={search_term_string}"},"query-input":{"@type":"PropertyValueSpecification","valueRequired":true,"valueName":"search_term_string"}}],"inLanguage":"pt-BR"},{"@type":"Organization","@id":"https:\/\/www.suno.com.br\/noticias\/#organization","name":"Suno Not\u00edcias","url":"https:\/\/www.suno.com.br\/noticias\/","logo":{"@type":"ImageObject","inLanguage":"pt-BR","@id":"https:\/\/www.suno.com.br\/noticias\/#\/schema\/logo\/image\/","url":"https:\/\/files.sunoresearch.com.br\/n\/uploads\/2021\/09\/suno-logo.png","contentUrl":"https:\/\/files.sunoresearch.com.br\/n\/uploads\/2021\/09\/suno-logo.png","width":180,"height":180,"caption":"Suno Not\u00edcias"},"image":{"@id":"https:\/\/www.suno.com.br\/noticias\/#\/schema\/logo\/image\/"},"sameAs":["https:\/\/facebook.com\/sunoresearch","https:\/\/x.com\/sunoresearch","https:\/\/www.instagram.com\/suno","https:\/\/www.linkedin.com\/company\/suno-research\/","https:\/\/www.youtube.com\/c\/sunoresearch"]},{"@type":"Person","@id":"https:\/\/www.suno.com.br\/noticias\/#\/schema\/person\/4e19e3d2575736e5283d58eb3199d120","name":"Giovanna Oliveira","image":{"@type":"ImageObject","inLanguage":"pt-BR","@id":"https:\/\/www.suno.com.br\/noticias\/#\/schema\/person\/image\/","url":"https:\/\/secure.gravatar.com\/avatar\/9a37b3ae208962ac568992d0ffdbc2eb?s=96&r=g","contentUrl":"https:\/\/secure.gravatar.com\/avatar\/9a37b3ae208962ac568992d0ffdbc2eb?s=96&r=g","caption":"Giovanna Oliveira"},"description":"Giovanna Oliveira escreve sobre economia e pol\u00edtica. Foi rep\u00f3rter do portal de jornalismo da ESPM-SP e produziu conte\u00fado para a Corinthians TV. \u00c9 estudante da ESPM.","url":"https:\/\/www.suno.com.br\/noticias\/author\/giovanna\/"}]}},"default_loop_html":"<div class=\"cardsPage__listCard__boxs\"><div class=\"cardsPage__listCard__boxs__img\"><a href=\"https:\/\/www.suno.com.br\/noticias\/mercado-pago-credito-utilizado-fora-mercado-livre\/\"><img class=\"mask\" src=\"https:\/\/www.suno.com.br\/noticias\/wp-content\/themes\/suno\/resources\/images\/spotlight\/spotlight1img\/bg-mask.png\" alt=\"Image Mask\"\/><img src=\"https:\/\/files.sunoresearch.com.br\/n\/uploads\/2020\/01\/26643bd3-mercado-pago-400x200.webp\" alt=\"Mercado Pago lan\u00e7a cr\u00e9dito para ser utilizado fora do Mercado Livre\"\/><\/a><span class=\"spotlightCategory\"><a href=\"https:\/\/www.suno.com.br\/noticias\/negocios\/\">Neg\u00f3cios<\/a><\/span><\/div><div class=\"cardsPage__listCard__boxs__content\"><a href=\"https:\/\/www.suno.com.br\/noticias\/mercado-pago-credito-utilizado-fora-mercado-livre\/\"><h2 class=\"content__title\">Mercado Pago lan\u00e7a cr\u00e9dito para ser utilizado fora do Mercado Livre<\/h2><\/a><div class=\"newsContent__article__meta\"><div class=\"newsContent__article__meta__authorBox\"><a href=\"https:\/\/www.suno.com.br\/noticias\/author\/giovanna\/\" class=\"authorBox__avatar noMobi\"><img src=\"https:\/\/files.sunoresearch.com.br\/n\/uploads\/2019\/06\/952a89ca-screenshot_20190608-171507-150x150.webp\" alt=\"Giovanna Oliveira\"><\/a><div class=\"authorBox__name\"><span>por\n\t\t\t<a href=\"https:\/\/www.suno.com.br\/noticias\/author\/giovanna\/\"><span itemprop=\"author\">Giovanna Oliveira<\/span><\/a><\/span><time datetime=\"2020-01-24T19:03:01-03:00\" itemprop=\"datePublished\">24\/01\/2020 19:03<\/time><\/div><\/div><\/div><\/div><\/div>","single_layout":"posts","amp_enabled":true,"_links":{"self":[{"href":"https:\/\/www.suno.com.br\/noticias\/wp-json\/wp\/v2\/posts\/50892"}],"collection":[{"href":"https:\/\/www.suno.com.br\/noticias\/wp-json\/wp\/v2\/posts"}],"about":[{"href":"https:\/\/www.suno.com.br\/noticias\/wp-json\/wp\/v2\/types\/post"}],"author":[{"embeddable":true,"href":"https:\/\/www.suno.com.br\/noticias\/wp-json\/wp\/v2\/users\/18"}],"replies":[{"embeddable":true,"href":"https:\/\/www.suno.com.br\/noticias\/wp-json\/wp\/v2\/comments?post=50892"}],"version-history":[{"count":0,"href":"https:\/\/www.suno.com.br\/noticias\/wp-json\/wp\/v2\/posts\/50892\/revisions"}],"wp:featuredmedia":[{"embeddable":true,"href":"https:\/\/www.suno.com.br\/noticias\/wp-json\/wp\/v2\/media\/50905"}],"wp:attachment":[{"href":"https:\/\/www.suno.com.br\/noticias\/wp-json\/wp\/v2\/media?parent=50892"}],"wp:term":[{"taxonomy":"category","embeddable":true,"href":"https:\/\/www.suno.com.br\/noticias\/wp-json\/wp\/v2\/categories?post=50892"},{"taxonomy":"post_tag","embeddable":true,"href":"https:\/\/www.suno.com.br\/noticias\/wp-json\/wp\/v2\/tags?post=50892"},{"taxonomy":"suno_strategy","embeddable":true,"href":"https:\/\/www.suno.com.br\/noticias\/wp-json\/wp\/v2\/suno_strategy?post=50892"}],"curies":[{"name":"wp","href":"https:\/\/api.w.org\/{rel}","templated":true}]}}