{"id":508880,"date":"2024-01-10T14:33:10","date_gmt":"2024-01-10T17:33:10","guid":{"rendered":"https:\/\/www.suno.com.br\/noticias\/?p=508880"},"modified":"2024-01-10T14:41:04","modified_gmt":"2024-01-10T17:41:04","slug":"app-caixa-economia-federal-fora-do-ar-janeiro-cpf","status":"publish","type":"post","link":"https:\/\/www.suno.com.br\/noticias\/app-caixa-economia-federal-fora-do-ar-janeiro-cpf\/","title":{"rendered":"App da Caixa Econ\u00f4mica est\u00e1 fora do ar? Veja resposta do banco"},"content":{"rendered":"<p>Usu\u00e1rios relataram dificuldades ao tentar acessar o aplicativo e o site da <strong>Caixa Econ\u00f4mica Federal<\/strong> nesta quarta-feira (10) pela manh\u00e3. <\/p>\t<div class=\"wrapper-featured-image\">\n\t\t<figure class=\"spotlightImg\">\n\n\t\t\t<picture>\n\t\t\t\t<source media=\"(max-width: 768px)\" srcset=\"https:\/\/files.sunoresearch.com.br\/n\/uploads\/2022\/04\/app-caixa-tem-400x200.jpg\">\n\t\t\t\t<img loading=\"lazy\" decoding=\"async\" class=\"newsContent__article__imgCapa lazyloadDisabled \" src=\"https:\/\/files.sunoresearch.com.br\/n\/uploads\/2022\/04\/app-caixa-tem-800x450.jpg\" width=\"800\" height=\"450\" alt=\"App da Caixa Econ\u00f4mica est\u00e1 fora do ar? Veja resposta do banco\" fetchpriority=high \/>\n\t\t\t<\/picture>\n\n\t\t\t<figcaption class=\"wp-caption-text wp-caption-text--show\">Aplicativo Caixa Tem. Foto: Divulga\u00e7\u00e3o<\/figcaption>\n\t\t<\/figure>\n\t<\/div>\n\n\n\n\n\n\t<p>\n\t\t<a href=\"\" target=\"_blank\" data-element=\"shortcode-suno-banner\" title=\"Banner SUNO, clique e saiba mais\">\n\t\t\t<picture>\n\t\t\t\t<source media=\"(max-width: 500px)\" srcset=\"\">\n\t\t\t\t<img class=\"newsContent__article__imgCapa newsContent__article__imgCapa--banner\"\n\t\t\t\t\tsrc=\"\"\n\t\t\t\t\tdata-promo-id=\"240038\"\t\t\t\t\t\t\t\t\t\t\t\t\t\t\talt=\"\"\n\t\t\t\t>\n\t\t\t<\/picture>\n\t\t<\/a>\n\t<\/p>\n\n\n\n\n\n<p>De acordo com os relatos nas redes sociais, contistas tiveram problemas no login em contas banc\u00e1rias e na realiza\u00e7\u00e3o de transa\u00e7\u00f5es, tanto em dispositivos Android quanto em iPhones, com sistema iOS. <\/p>\n\n\n\n<p>A mensagem de &#8220;<strong>erro 0219<\/strong>&#8221; \u00e9 frequentemente exibida no aplicativo e <a href=\"https:\/\/www.caixa.gov.br\/Paginas\/home-caixa.aspx\" target=\"_blank\" rel=\"noreferrer noopener\">site <\/a>da <strong>Caixa<\/strong>, conforme apontado por muitos usu\u00e1rios.<\/p>\n\n\n\n<p>De acordo com o site de detec\u00e7\u00e3o de problemas online, Downdetector, os erros come\u00e7aram a ser registrados ainda de madrugada, mas o pico de reclama\u00e7\u00f5es ocorreu por volta das 11h, alcan\u00e7ando mais de 1.355 relatos \u00e0s 11h41.<\/p>\n\n\n\t<p>\n\t\t<a href=\"https:\/\/lp.suno.com.br\/ebook-gratuito-investindo-no-exterior\/\" target=\"_blank\" data-element=\"shortcode-suno-banner\" title=\"Banner SUNO, clique e saiba mais\">\n\t\t\t<picture>\n\t\t\t\t<source media=\"(max-width: 500px)\" srcset=\"https:\/\/files.sunoresearch.com.br\/n\/uploads\/2023\/03\/400x300-Investindo-no-exterior.png\">\n\t\t\t\t<img class=\"newsContent__article__imgCapa newsContent__article__imgCapa--banner\"\n\t\t\t\t\tsrc=\"https:\/\/files.sunoresearch.com.br\/n\/uploads\/2023\/03\/1420x240-Investindo-no-exterior.png\"\n\t\t\t\t\tdata-promo-id=\"383161\"\t\t\t\t\t\t\t\t\t\twidth='1420' height='240'\t\t\t\t\talt=\"https:\/\/files.sunoresearch.com.br\/n\/uploads\/2023\/03\/1420x240-Investindo-no-exterior.png\"\n\t\t\t\t>\n\t\t\t<\/picture>\n\t\t<\/a>\n\t<\/p>\n\n\n\n\n\n<p>Em resposta \u00e0s crescentes queixas, a <strong>Caixa Econ\u00f4mica Federal <\/strong>emitiu uma nota \u00e0s 14h, esclarecendo que &#8220;o APP Internet Banking do <a href=\"https:\/\/www.suno.com.br\/noticias\/banco-do-brasil-bbas3-caixa-devem-crescer-mais-que-rivais-em-2024\/\" target=\"_blank\" rel=\"noreferrer noopener\">banco <\/a>apresentou indisponibilidade no final da manh\u00e3 de hoje. No momento, o aplicativo funciona normalmente.&#8221;<\/p>\n\n\n\n<p>A ferramenta de monitoramento de pesquisas do Google, conhecida como Google Trends, indica um aumento repentino nas \u00faltimas horas para termos como &#8220;<strong>0219 Caixa<\/strong>&#8220;, &#8220;<strong>Caixa C\u00f3digo 0219<\/strong>&#8220;, <strong>&#8220;app Caixa fora do ar<\/strong>&#8220;, &#8220;<strong>aplicativo Caixa fora do ar<\/strong>&#8221; e &#8220;<strong>site da Caixa fora do ar<\/strong>&#8220;.<\/p>\n\n\n\n<p>Nas redes sociais, usu\u00e1rios insatisfeitos publicaram suas queixas, pedindo pelo retorno do sistema para a realiza\u00e7\u00e3o de transa\u00e7\u00f5es financeiras. Alguns observaram que a falha ocorre em um dia crucial, com muitos correntistas tentando acessar servi\u00e7os de pagamento, como \u00e9 poss\u00edvel observar a seguir:<\/p>\n\n\n\n<figure class=\"wp-block-embed is-type-rich is-provider-twitter wp-block-embed-twitter\"><div class=\"wp-block-embed__wrapper\">\n<blockquote class=\"twitter-tweet\" data-width=\"550\" data-dnt=\"true\"><p lang=\"pt\" dir=\"ltr\">Eu aqui precisando fazer um pagamento e o app da Caixa Econ\u00f4mica n\u00e3o abre de jeito nenhum. \ud83e\udd2c<\/p>&mdash; Ana Yup Domingues (@DominguesYup) <a href=\"https:\/\/twitter.com\/DominguesYup\/status\/1745096506359652500?ref_src=twsrc%5Etfw\">January 10, 2024<\/a><\/blockquote>\n<\/div><\/figure>\n\n\n\n<h2 class=\"wp-block-heading\">Queixas no Downdetector sobre a Caixa<\/h2>\n\n\n\n<p>Na plataforma que detecta problemas em plataformas online, o Downdetector, notifica\u00e7\u00f5es de problemas no sistema foram registradas com uma alta na frequ\u00eancia durante esta madrugada e pela manh\u00e3. <\/p>\n\n\n\n<p>A maioria (73%) das queixas feitas foram em rela\u00e7\u00e3o a problemas no login atrav\u00e9s do aplicativo m\u00f3vel. Al\u00e9m do app, o outro um quarto (26%) das reclama\u00e7\u00f5es se concentrou no acesso ao banco por meio do Internet Banking. <\/p>\n\n\n\n<p><em>Com informa\u00e7\u00f5es de Downdetector e Google Trends.<\/em><\/p>\n\n\n\n\n\t<p>\n\t\t<a href=\"https:\/\/lp.suno.com.br\/planilha-da-vida-financeira\/\" target=\"_blank\" data-element=\"shortcode-suno-banner\" title=\"Banner SUNO, clique e saiba mais\">\n\t\t\t<picture>\n\t\t\t\t<source media=\"(max-width: 500px)\" srcset=\"https:\/\/files.sunoresearch.com.br\/n\/uploads\/2023\/04\/400x300-Planilha-vida-financeira-true.png\">\n\t\t\t\t<img class=\"newsContent__article__imgCapa newsContent__article__imgCapa--banner\"\n\t\t\t\t\tsrc=\"https:\/\/files.sunoresearch.com.br\/n\/uploads\/2023\/04\/1420x240-Planilha-vida-financeira-true.png\"\n\t\t\t\t\tdata-promo-id=\"383123\"\t\t\t\t\t\t\t\t\t\twidth='1420' height='240'\t\t\t\t\talt=\"https:\/\/files.sunoresearch.com.br\/n\/uploads\/2023\/04\/1420x240-Planilha-vida-financeira-true.png\"\n\t\t\t\t>\n\t\t\t<\/picture>\n\t\t<\/a>\n\t<\/p>\n\n\n","protected":false},"excerpt":{"rendered":"<p>Usu\u00e1rios relataram dificuldades ao tentar acessar o aplicativo e o site da Caixa Econ\u00f4mica Federal nesta quarta-feira (10) pela manh\u00e3. Aplicativo Caixa Tem. Foto: Divulga\u00e7\u00e3o De acordo com os relatos nas redes sociais, contistas tiveram problemas no login em contas banc\u00e1rias e na realiza\u00e7\u00e3o de transa\u00e7\u00f5es, tanto em dispositivos Android quanto em iPhones, com sistema [&hellip;]<\/p>\n","protected":false},"author":283,"featured_media":251598,"comment_status":"closed","ping_status":"closed","sticky":false,"template":"","format":"standard","meta":[],"categories":[64],"tags":[1199],"suno_strategy":[],"class_list":["post-508880","post","type-post","status-publish","format-standard","has-post-thumbnail","hentry","category-negocios","tag-caixa-economica-federal-cef"],"yoast_head":"<!-- This site is optimized with the Yoast SEO plugin v24.4 - https:\/\/yoast.com\/wordpress\/plugins\/seo\/ -->\n<title>Caixa: Aplicativo est\u00e1 fora do ar? Veja resposta do banco<\/title>\n<meta name=\"description\" content=\"Nesta manh\u00e3, usu\u00e1rios do app e site da Caixa Econ\u00f4mica relataram problemas para acessar devido ao erro 0219 que deixou o sistema inst\u00e1vel.\" \/>\n<meta name=\"robots\" content=\"index, follow, max-snippet:-1, max-image-preview:large, max-video-preview:-1\" \/>\n<link rel=\"canonical\" href=\"https:\/\/www.suno.com.br\/noticias\/app-caixa-economia-federal-fora-do-ar-janeiro-cpf\/\" \/>\n<meta property=\"og:locale\" content=\"pt_BR\" \/>\n<meta property=\"og:type\" content=\"article\" \/>\n<meta property=\"og:title\" content=\"Caixa: Aplicativo est\u00e1 fora do ar? Veja resposta do banco\" \/>\n<meta property=\"og:description\" content=\"Nesta manh\u00e3, usu\u00e1rios do app e site da Caixa Econ\u00f4mica relataram problemas para acessar devido ao erro 0219 que deixou o sistema inst\u00e1vel.\" \/>\n<meta property=\"og:url\" content=\"https:\/\/www.suno.com.br\/noticias\/app-caixa-economia-federal-fora-do-ar-janeiro-cpf\/\" \/>\n<meta property=\"og:site_name\" content=\"Suno Not\u00edcias\" \/>\n<meta property=\"article:publisher\" content=\"https:\/\/facebook.com\/sunoresearch\" \/>\n<meta property=\"og:image\" content=\"https:\/\/files.sunoresearch.com.br\/n\/uploads\/2022\/04\/app-caixa-tem.jpg\" \/>\n\t<meta property=\"og:image:width\" content=\"2054\" \/>\n\t<meta property=\"og:image:height\" content=\"1510\" \/>\n\t<meta property=\"og:image:type\" content=\"image\/jpeg\" \/>\n<meta name=\"author\" content=\"Camila Paim\" \/>\n<meta name=\"twitter:card\" content=\"summary_large_image\" \/>\n<meta name=\"twitter:creator\" content=\"@sunoresearch\" \/>\n<meta name=\"twitter:site\" content=\"@sunoresearch\" \/>\n<meta name=\"twitter:label1\" content=\"Escrito por\" \/>\n\t<meta name=\"twitter:data1\" content=\"Camila Paim\" \/>\n\t<meta name=\"twitter:label2\" content=\"Est. tempo de leitura\" \/>\n\t<meta name=\"twitter:data2\" content=\"2 minutos\" \/>\n<script type=\"application\/ld+json\" class=\"yoast-schema-graph\">{\"@context\":\"https:\/\/schema.org\",\"@graph\":[{\"@type\":\"NewsArticle\",\"@id\":\"https:\/\/www.suno.com.br\/noticias\/app-caixa-economia-federal-fora-do-ar-janeiro-cpf\/#article\",\"isPartOf\":{\"@id\":\"https:\/\/www.suno.com.br\/noticias\/app-caixa-economia-federal-fora-do-ar-janeiro-cpf\/\"},\"author\":{\"name\":\"Camila Paim\",\"@id\":\"https:\/\/www.suno.com.br\/noticias\/#\/schema\/person\/f341d3ae5d1cc685176c9a5327cdfdbb\"},\"headline\":\"App da Caixa Econ\u00f4mica est\u00e1 fora do ar? Veja resposta do banco\",\"datePublished\":\"2024-01-10T17:33:10+00:00\",\"dateModified\":\"2024-01-10T17:41:04+00:00\",\"mainEntityOfPage\":{\"@id\":\"https:\/\/www.suno.com.br\/noticias\/app-caixa-economia-federal-fora-do-ar-janeiro-cpf\/\"},\"wordCount\":352,\"publisher\":{\"@id\":\"https:\/\/www.suno.com.br\/noticias\/#organization\"},\"image\":{\"@id\":\"https:\/\/www.suno.com.br\/noticias\/app-caixa-economia-federal-fora-do-ar-janeiro-cpf\/#primaryimage\"},\"thumbnailUrl\":\"https:\/\/files.sunoresearch.com.br\/n\/uploads\/2022\/04\/app-caixa-tem.jpg\",\"keywords\":[\"Caixa Econ\u00f4mica Federal (CEF)\"],\"articleSection\":[\"Neg\u00f3cios\"],\"inLanguage\":\"pt-BR\"},{\"@type\":\"WebPage\",\"@id\":\"https:\/\/www.suno.com.br\/noticias\/app-caixa-economia-federal-fora-do-ar-janeiro-cpf\/\",\"url\":\"https:\/\/www.suno.com.br\/noticias\/app-caixa-economia-federal-fora-do-ar-janeiro-cpf\/\",\"name\":\"Caixa: Aplicativo est\u00e1 fora do ar? Veja resposta do banco\",\"isPartOf\":{\"@id\":\"https:\/\/www.suno.com.br\/noticias\/#website\"},\"primaryImageOfPage\":{\"@id\":\"https:\/\/www.suno.com.br\/noticias\/app-caixa-economia-federal-fora-do-ar-janeiro-cpf\/#primaryimage\"},\"image\":{\"@id\":\"https:\/\/www.suno.com.br\/noticias\/app-caixa-economia-federal-fora-do-ar-janeiro-cpf\/#primaryimage\"},\"thumbnailUrl\":\"https:\/\/files.sunoresearch.com.br\/n\/uploads\/2022\/04\/app-caixa-tem.jpg\",\"datePublished\":\"2024-01-10T17:33:10+00:00\",\"dateModified\":\"2024-01-10T17:41:04+00:00\",\"description\":\"Nesta manh\u00e3, usu\u00e1rios do app e site da Caixa Econ\u00f4mica relataram problemas para acessar devido ao erro 0219 que deixou o sistema inst\u00e1vel.\",\"breadcrumb\":{\"@id\":\"https:\/\/www.suno.com.br\/noticias\/app-caixa-economia-federal-fora-do-ar-janeiro-cpf\/#breadcrumb\"},\"inLanguage\":\"pt-BR\",\"potentialAction\":[{\"@type\":\"ReadAction\",\"target\":[\"https:\/\/www.suno.com.br\/noticias\/app-caixa-economia-federal-fora-do-ar-janeiro-cpf\/\"]}]},{\"@type\":\"ImageObject\",\"inLanguage\":\"pt-BR\",\"@id\":\"https:\/\/www.suno.com.br\/noticias\/app-caixa-economia-federal-fora-do-ar-janeiro-cpf\/#primaryimage\",\"url\":\"https:\/\/files.sunoresearch.com.br\/n\/uploads\/2022\/04\/app-caixa-tem.jpg\",\"contentUrl\":\"https:\/\/files.sunoresearch.com.br\/n\/uploads\/2022\/04\/app-caixa-tem.jpg\",\"width\":2054,\"height\":1510,\"caption\":\"Aplicativo Caixa Tem. Foto: Divulga\u00e7\u00e3o\"},{\"@type\":\"BreadcrumbList\",\"@id\":\"https:\/\/www.suno.com.br\/noticias\/app-caixa-economia-federal-fora-do-ar-janeiro-cpf\/#breadcrumb\",\"itemListElement\":[{\"@type\":\"ListItem\",\"position\":1,\"name\":\"Not\u00edcias\",\"item\":\"https:\/\/www.suno.com.br\/noticias\/\"},{\"@type\":\"ListItem\",\"position\":2,\"name\":\"Neg\u00f3cios\",\"item\":\"https:\/\/www.suno.com.br\/noticias\/negocios\/\"},{\"@type\":\"ListItem\",\"position\":3,\"name\":\"App da Caixa Econ\u00f4mica est\u00e1 fora do ar? Veja resposta do banco\"}]},{\"@type\":\"WebSite\",\"@id\":\"https:\/\/www.suno.com.br\/noticias\/#website\",\"url\":\"https:\/\/www.suno.com.br\/noticias\/\",\"name\":\"Suno Not\u00edcias\",\"description\":\"Seu portal de informa\u00e7\u00e3o sobre o mundo dos investimentos\",\"publisher\":{\"@id\":\"https:\/\/www.suno.com.br\/noticias\/#organization\"},\"potentialAction\":[{\"@type\":\"SearchAction\",\"target\":{\"@type\":\"EntryPoint\",\"urlTemplate\":\"https:\/\/www.suno.com.br\/noticias\/?s={search_term_string}\"},\"query-input\":{\"@type\":\"PropertyValueSpecification\",\"valueRequired\":true,\"valueName\":\"search_term_string\"}}],\"inLanguage\":\"pt-BR\"},{\"@type\":\"Organization\",\"@id\":\"https:\/\/www.suno.com.br\/noticias\/#organization\",\"name\":\"Suno Not\u00edcias\",\"url\":\"https:\/\/www.suno.com.br\/noticias\/\",\"logo\":{\"@type\":\"ImageObject\",\"inLanguage\":\"pt-BR\",\"@id\":\"https:\/\/www.suno.com.br\/noticias\/#\/schema\/logo\/image\/\",\"url\":\"https:\/\/files.sunoresearch.com.br\/n\/uploads\/2021\/09\/suno-logo.png\",\"contentUrl\":\"https:\/\/files.sunoresearch.com.br\/n\/uploads\/2021\/09\/suno-logo.png\",\"width\":180,\"height\":180,\"caption\":\"Suno Not\u00edcias\"},\"image\":{\"@id\":\"https:\/\/www.suno.com.br\/noticias\/#\/schema\/logo\/image\/\"},\"sameAs\":[\"https:\/\/facebook.com\/sunoresearch\",\"https:\/\/x.com\/sunoresearch\",\"https:\/\/www.instagram.com\/suno\",\"https:\/\/www.linkedin.com\/company\/suno-research\/\",\"https:\/\/www.youtube.com\/c\/sunoresearch\"]},{\"@type\":\"Person\",\"@id\":\"https:\/\/www.suno.com.br\/noticias\/#\/schema\/person\/f341d3ae5d1cc685176c9a5327cdfdbb\",\"name\":\"Camila Paim\",\"image\":{\"@type\":\"ImageObject\",\"inLanguage\":\"pt-BR\",\"@id\":\"https:\/\/www.suno.com.br\/noticias\/#\/schema\/person\/image\/\",\"url\":\"https:\/\/secure.gravatar.com\/avatar\/f33728e65febb1aa7ecf6792956f9b20?s=96&r=g\",\"contentUrl\":\"https:\/\/secure.gravatar.com\/avatar\/f33728e65febb1aa7ecf6792956f9b20?s=96&r=g\",\"caption\":\"Camila Paim\"},\"description\":\"Jornalista formada pela USP, tem experi\u00eancia em reda\u00e7\u00f5es, SEO, Branded Content e Webdesign. Com passagem pelo Jornal da USP, Empiricus e C6 Bank, hoje \u00e9 rep\u00f3rter no Suno Not\u00edcias cobrindo macroeconomia, finan\u00e7as pessoais e startups.\",\"url\":\"https:\/\/www.suno.com.br\/noticias\/author\/camila-figueiredosuno-com-br\/\"}]}<\/script>\n<!-- \/ Yoast SEO plugin. -->","yoast_head_json":{"title":"Caixa: Aplicativo est\u00e1 fora do ar? Veja resposta do banco","description":"Nesta manh\u00e3, usu\u00e1rios do app e site da Caixa Econ\u00f4mica relataram problemas para acessar devido ao erro 0219 que deixou o sistema inst\u00e1vel.","robots":{"index":"index","follow":"follow","max-snippet":"max-snippet:-1","max-image-preview":"max-image-preview:large","max-video-preview":"max-video-preview:-1"},"canonical":"https:\/\/www.suno.com.br\/noticias\/app-caixa-economia-federal-fora-do-ar-janeiro-cpf\/","og_locale":"pt_BR","og_type":"article","og_title":"Caixa: Aplicativo est\u00e1 fora do ar? Veja resposta do banco","og_description":"Nesta manh\u00e3, usu\u00e1rios do app e site da Caixa Econ\u00f4mica relataram problemas para acessar devido ao erro 0219 que deixou o sistema inst\u00e1vel.","og_url":"https:\/\/www.suno.com.br\/noticias\/app-caixa-economia-federal-fora-do-ar-janeiro-cpf\/","og_site_name":"Suno Not\u00edcias","article_publisher":"https:\/\/facebook.com\/sunoresearch","og_image":[{"width":2054,"height":1510,"url":"https:\/\/files.sunoresearch.com.br\/n\/uploads\/2022\/04\/app-caixa-tem.jpg","type":"image\/jpeg"}],"author":"Camila Paim","twitter_card":"summary_large_image","twitter_creator":"@sunoresearch","twitter_site":"@sunoresearch","twitter_misc":{"Escrito por":"Camila Paim","Est. tempo de leitura":"2 minutos"},"schema":{"@context":"https:\/\/schema.org","@graph":[{"@type":"NewsArticle","@id":"https:\/\/www.suno.com.br\/noticias\/app-caixa-economia-federal-fora-do-ar-janeiro-cpf\/#article","isPartOf":{"@id":"https:\/\/www.suno.com.br\/noticias\/app-caixa-economia-federal-fora-do-ar-janeiro-cpf\/"},"author":{"name":"Camila Paim","@id":"https:\/\/www.suno.com.br\/noticias\/#\/schema\/person\/f341d3ae5d1cc685176c9a5327cdfdbb"},"headline":"App da Caixa Econ\u00f4mica est\u00e1 fora do ar? Veja resposta do banco","datePublished":"2024-01-10T17:33:10+00:00","dateModified":"2024-01-10T17:41:04+00:00","mainEntityOfPage":{"@id":"https:\/\/www.suno.com.br\/noticias\/app-caixa-economia-federal-fora-do-ar-janeiro-cpf\/"},"wordCount":352,"publisher":{"@id":"https:\/\/www.suno.com.br\/noticias\/#organization"},"image":{"@id":"https:\/\/www.suno.com.br\/noticias\/app-caixa-economia-federal-fora-do-ar-janeiro-cpf\/#primaryimage"},"thumbnailUrl":"https:\/\/files.sunoresearch.com.br\/n\/uploads\/2022\/04\/app-caixa-tem.jpg","keywords":["Caixa Econ\u00f4mica Federal (CEF)"],"articleSection":["Neg\u00f3cios"],"inLanguage":"pt-BR"},{"@type":"WebPage","@id":"https:\/\/www.suno.com.br\/noticias\/app-caixa-economia-federal-fora-do-ar-janeiro-cpf\/","url":"https:\/\/www.suno.com.br\/noticias\/app-caixa-economia-federal-fora-do-ar-janeiro-cpf\/","name":"Caixa: Aplicativo est\u00e1 fora do ar? Veja resposta do banco","isPartOf":{"@id":"https:\/\/www.suno.com.br\/noticias\/#website"},"primaryImageOfPage":{"@id":"https:\/\/www.suno.com.br\/noticias\/app-caixa-economia-federal-fora-do-ar-janeiro-cpf\/#primaryimage"},"image":{"@id":"https:\/\/www.suno.com.br\/noticias\/app-caixa-economia-federal-fora-do-ar-janeiro-cpf\/#primaryimage"},"thumbnailUrl":"https:\/\/files.sunoresearch.com.br\/n\/uploads\/2022\/04\/app-caixa-tem.jpg","datePublished":"2024-01-10T17:33:10+00:00","dateModified":"2024-01-10T17:41:04+00:00","description":"Nesta manh\u00e3, usu\u00e1rios do app e site da Caixa Econ\u00f4mica relataram problemas para acessar devido ao erro 0219 que deixou o sistema inst\u00e1vel.","breadcrumb":{"@id":"https:\/\/www.suno.com.br\/noticias\/app-caixa-economia-federal-fora-do-ar-janeiro-cpf\/#breadcrumb"},"inLanguage":"pt-BR","potentialAction":[{"@type":"ReadAction","target":["https:\/\/www.suno.com.br\/noticias\/app-caixa-economia-federal-fora-do-ar-janeiro-cpf\/"]}]},{"@type":"ImageObject","inLanguage":"pt-BR","@id":"https:\/\/www.suno.com.br\/noticias\/app-caixa-economia-federal-fora-do-ar-janeiro-cpf\/#primaryimage","url":"https:\/\/files.sunoresearch.com.br\/n\/uploads\/2022\/04\/app-caixa-tem.jpg","contentUrl":"https:\/\/files.sunoresearch.com.br\/n\/uploads\/2022\/04\/app-caixa-tem.jpg","width":2054,"height":1510,"caption":"Aplicativo Caixa Tem. Foto: Divulga\u00e7\u00e3o"},{"@type":"BreadcrumbList","@id":"https:\/\/www.suno.com.br\/noticias\/app-caixa-economia-federal-fora-do-ar-janeiro-cpf\/#breadcrumb","itemListElement":[{"@type":"ListItem","position":1,"name":"Not\u00edcias","item":"https:\/\/www.suno.com.br\/noticias\/"},{"@type":"ListItem","position":2,"name":"Neg\u00f3cios","item":"https:\/\/www.suno.com.br\/noticias\/negocios\/"},{"@type":"ListItem","position":3,"name":"App da Caixa Econ\u00f4mica est\u00e1 fora do ar? Veja resposta do banco"}]},{"@type":"WebSite","@id":"https:\/\/www.suno.com.br\/noticias\/#website","url":"https:\/\/www.suno.com.br\/noticias\/","name":"Suno Not\u00edcias","description":"Seu portal de informa\u00e7\u00e3o sobre o mundo dos investimentos","publisher":{"@id":"https:\/\/www.suno.com.br\/noticias\/#organization"},"potentialAction":[{"@type":"SearchAction","target":{"@type":"EntryPoint","urlTemplate":"https:\/\/www.suno.com.br\/noticias\/?s={search_term_string}"},"query-input":{"@type":"PropertyValueSpecification","valueRequired":true,"valueName":"search_term_string"}}],"inLanguage":"pt-BR"},{"@type":"Organization","@id":"https:\/\/www.suno.com.br\/noticias\/#organization","name":"Suno Not\u00edcias","url":"https:\/\/www.suno.com.br\/noticias\/","logo":{"@type":"ImageObject","inLanguage":"pt-BR","@id":"https:\/\/www.suno.com.br\/noticias\/#\/schema\/logo\/image\/","url":"https:\/\/files.sunoresearch.com.br\/n\/uploads\/2021\/09\/suno-logo.png","contentUrl":"https:\/\/files.sunoresearch.com.br\/n\/uploads\/2021\/09\/suno-logo.png","width":180,"height":180,"caption":"Suno Not\u00edcias"},"image":{"@id":"https:\/\/www.suno.com.br\/noticias\/#\/schema\/logo\/image\/"},"sameAs":["https:\/\/facebook.com\/sunoresearch","https:\/\/x.com\/sunoresearch","https:\/\/www.instagram.com\/suno","https:\/\/www.linkedin.com\/company\/suno-research\/","https:\/\/www.youtube.com\/c\/sunoresearch"]},{"@type":"Person","@id":"https:\/\/www.suno.com.br\/noticias\/#\/schema\/person\/f341d3ae5d1cc685176c9a5327cdfdbb","name":"Camila Paim","image":{"@type":"ImageObject","inLanguage":"pt-BR","@id":"https:\/\/www.suno.com.br\/noticias\/#\/schema\/person\/image\/","url":"https:\/\/secure.gravatar.com\/avatar\/f33728e65febb1aa7ecf6792956f9b20?s=96&r=g","contentUrl":"https:\/\/secure.gravatar.com\/avatar\/f33728e65febb1aa7ecf6792956f9b20?s=96&r=g","caption":"Camila Paim"},"description":"Jornalista formada pela USP, tem experi\u00eancia em reda\u00e7\u00f5es, SEO, Branded Content e Webdesign. Com passagem pelo Jornal da USP, Empiricus e C6 Bank, hoje \u00e9 rep\u00f3rter no Suno Not\u00edcias cobrindo macroeconomia, finan\u00e7as pessoais e startups.","url":"https:\/\/www.suno.com.br\/noticias\/author\/camila-figueiredosuno-com-br\/"}]}},"default_loop_html":"<div class=\"cardsPage__listCard__boxs\"><div class=\"cardsPage__listCard__boxs__img\"><a href=\"https:\/\/www.suno.com.br\/noticias\/app-caixa-economia-federal-fora-do-ar-janeiro-cpf\/\"><img class=\"mask\" src=\"https:\/\/www.suno.com.br\/noticias\/wp-content\/themes\/suno\/resources\/images\/spotlight\/spotlight1img\/bg-mask.png\" alt=\"Image Mask\"\/><img src=\"https:\/\/files.sunoresearch.com.br\/n\/uploads\/2022\/04\/app-caixa-tem-400x200.jpg\" alt=\"App da Caixa Econ\u00f4mica est\u00e1 fora do ar? Veja resposta do banco\"\/><\/a><span class=\"spotlightCategory\"><a href=\"https:\/\/www.suno.com.br\/noticias\/negocios\/\">Neg\u00f3cios<\/a><\/span><\/div><div class=\"cardsPage__listCard__boxs__content\"><a href=\"https:\/\/www.suno.com.br\/noticias\/app-caixa-economia-federal-fora-do-ar-janeiro-cpf\/\"><h2 class=\"content__title\">App da Caixa Econ\u00f4mica est\u00e1 fora do ar? Veja resposta do banco<\/h2><\/a><div class=\"newsContent__article__meta\"><div class=\"newsContent__article__meta__authorBox\"><a href=\"https:\/\/www.suno.com.br\/noticias\/author\/camila-figueiredosuno-com-br\/\" class=\"authorBox__avatar noMobi\"><img src=\"https:\/\/files.sunoresearch.com.br\/n\/uploads\/2024\/05\/camila-paim-square-150x150.jpg\" alt=\"Camila Paim\"><\/a><div class=\"authorBox__name\"><span>por\n\t\t\t<a href=\"https:\/\/www.suno.com.br\/noticias\/author\/camila-figueiredosuno-com-br\/\"><span itemprop=\"author\">Camila Paim<\/span><\/a><\/span><time datetime=\"2024-01-10T14:33:10-03:00\" itemprop=\"datePublished\">10\/01\/2024 14:33<\/time><\/div><\/div><\/div><\/div><\/div>","single_layout":"posts","amp_enabled":true,"_links":{"self":[{"href":"https:\/\/www.suno.com.br\/noticias\/wp-json\/wp\/v2\/posts\/508880"}],"collection":[{"href":"https:\/\/www.suno.com.br\/noticias\/wp-json\/wp\/v2\/posts"}],"about":[{"href":"https:\/\/www.suno.com.br\/noticias\/wp-json\/wp\/v2\/types\/post"}],"author":[{"embeddable":true,"href":"https:\/\/www.suno.com.br\/noticias\/wp-json\/wp\/v2\/users\/283"}],"replies":[{"embeddable":true,"href":"https:\/\/www.suno.com.br\/noticias\/wp-json\/wp\/v2\/comments?post=508880"}],"version-history":[{"count":3,"href":"https:\/\/www.suno.com.br\/noticias\/wp-json\/wp\/v2\/posts\/508880\/revisions"}],"predecessor-version":[{"id":508907,"href":"https:\/\/www.suno.com.br\/noticias\/wp-json\/wp\/v2\/posts\/508880\/revisions\/508907"}],"wp:featuredmedia":[{"embeddable":true,"href":"https:\/\/www.suno.com.br\/noticias\/wp-json\/wp\/v2\/media\/251598"}],"wp:attachment":[{"href":"https:\/\/www.suno.com.br\/noticias\/wp-json\/wp\/v2\/media?parent=508880"}],"wp:term":[{"taxonomy":"category","embeddable":true,"href":"https:\/\/www.suno.com.br\/noticias\/wp-json\/wp\/v2\/categories?post=508880"},{"taxonomy":"post_tag","embeddable":true,"href":"https:\/\/www.suno.com.br\/noticias\/wp-json\/wp\/v2\/tags?post=508880"},{"taxonomy":"suno_strategy","embeddable":true,"href":"https:\/\/www.suno.com.br\/noticias\/wp-json\/wp\/v2\/suno_strategy?post=508880"}],"curies":[{"name":"wp","href":"https:\/\/api.w.org\/{rel}","templated":true}]}}