{"id":508878,"date":"2024-01-10T16:09:22","date_gmt":"2024-01-10T19:09:22","guid":{"rendered":"https:\/\/www.suno.com.br\/noticias\/?p=508878"},"modified":"2024-01-10T16:09:29","modified_gmt":"2024-01-10T19:09:29","slug":"expectativas-ipca-inflacao-diretor-bc-evm","status":"publish","type":"post","link":"https:\/\/www.suno.com.br\/noticias\/expectativas-ipca-inflacao-diretor-bc-evm\/","title":{"rendered":"Expectativas para IPCA nos pr\u00f3ximos tr\u00eas anos seguem estacionadas em 3,5%, diz diretor de pol\u00edtica econ\u00f4mica do BC"},"content":{"rendered":"<p>O diretor de <a class=\"suno-keyword\" data-force=\"no\" data-priority=\"1\" href=\"https:\/\/www.suno.com.br\/artigos\/politica-economica\/\" target=\"_blank\" rel=\"noopener\">Pol\u00edtica Econ\u00f4mica<\/a> do Banco Central, Diogo Guillen, disse nesta quarta (10) que as expectativas para o <strong><a href=\"https:\/\/www.suno.com.br\/noticias\/ipca-previsao-mantida-08012024-gpj\/\" target=\"_blank\" rel=\"noreferrer noopener\">IPCA<\/a><\/strong> para os pr\u00f3ximos tr\u00eas anos seguem estacionadas na casa dos 3,5%.<\/p><div class=\"videoFull \">\n\t\t\t<div class=\"videoWrapper yt-lazyload center\"\n\t\t\t\tdata-width=\"960\"\n\t\t\t\tdata-height=\"540\"\n\t\t\t\tdata-id=\"hYgcExHjVa0\"\n\t\t\t\tdata-alt=\"V\u00eddeo do YouTube - clique para reproduzir\"\n\t\t\t\tdata-logo=\"3\"\n\t\t\t\tdata-imagequality=\"maxres\">\n\t\t\t<\/div>\n\t\t<\/div><script type=\"application\/ld+json\">{\"@context\":\"https:\/\/schema.org\",\"@type\":\"VideoObject\",\"name\":\"\ud83d\udd34 VALE (VALE3) E BRADESCO (BBDC4) DERRUBAM IBOVESPA| Limites na Eletrobras? | Demiss\u00e3o na CVC\",\"description\":\"#mercadofinanceiro #a\u00e7\u00f5es #investimentos #bolsadevalores #ibovespa #dinheiro #finan\u00e7as #pol\u00edtica #d\u00f3lar #livedas19h #petr4 #petrobras #vale3 #vale #a\u00e7\u00f5es #economia #dividendos #bradesco #bbdc4 #eletrobras #elet3 #cvc #cvcb3 #demiss\u00f5es \ud83d\udd34 SUNO A\u00c7\u00d5ES COM 60% DE DESCONTO: https:\/\/suno.me\/3RTjqGN 00:00 In\u00edcio do v\u00eddeo 1:50 O que esperar da bolsa em 2024? 08:25 Fechamento de preg\u00e3o 14:20 BBDC4 cai com rebaixamento do GS\u2026\",\"duration\":\"PT34M7S\",\"embedUrl\":\"https:\/\/www.youtube.com\/embed\/hYgcExHjVa0\",\"regionsAllowed\":\"en-US\",\"interactionStatistic\":{\"@type\":\"InteractionCounter\",\"interactionType\":{\"@type\":\"WatchAction\"},\"userInteractionCount\":1431},\"thumbnailUrl\":\"https:\/\/i.ytimg.com\/vi\/hYgcExHjVa0\/default.jpg\",\"uploadDate\":\"2024-01-10T10:42:54Z\"}<\/script>\n\n\n\n\n\t<p>\n\t\t<a href=\"\" target=\"_blank\" data-element=\"shortcode-suno-banner\" title=\"Banner SUNO, clique e saiba mais\">\n\t\t\t<picture>\n\t\t\t\t<source media=\"(max-width: 500px)\" srcset=\"\">\n\t\t\t\t<img class=\"newsContent__article__imgCapa newsContent__article__imgCapa--banner\"\n\t\t\t\t\tsrc=\"\"\n\t\t\t\t\tdata-promo-id=\"240038\"\t\t\t\t\t\t\t\t\t\t\t\t\t\t\talt=\"\"\n\t\t\t\t>\n\t\t\t<\/picture>\n\t\t<\/a>\n\t<\/p>\n\n\n\n\n\n\n\n<p>Conforme a declara\u00e7\u00e3o do <strong>diretor do BC<\/strong>, essa <strong>expectativa para o IPCA<\/strong> fica 0,5 ponto porcentual acima do centro da meta, de 3%. <\/p>\n\n\n\n<p>Esses dados sobre as estimativas dos agentes financeiros fazem parte do relat\u00f3rio de mercado Focus divulgado semanalmente pela autoridade monet\u00e1ria.<\/p>\n\n\n\n<p>Ainda sobre a infla\u00e7\u00e3o dom\u00e9stica, o diretor disse, em evento virtual promovido pelo JPMorgan, que a infla\u00e7\u00e3o dom\u00e9stica de servi\u00e7os caiu, mas em ritmo menor que bens industriais.<\/p>\n\n\n\n<p>O diretor afirmou tamb\u00e9m que o ambiente global continua vol\u00e1til, mas um pouco menos adverso do que no momento da reuni\u00e3o do <a class=\"suno-keyword\" target=\"_blank\" data-force=\"no\" data-priority=\"2\" href=\"https:\/\/www.suno.com.br\/artigos\/copom\/\" rel=\"noopener\">Comit\u00ea de Pol\u00edtica Monet\u00e1ria (Copom)<\/a> anterior.<\/p>\n\n\n\n<p>Ele citou, por exemplo, que os n\u00facleos de infla\u00e7\u00e3o t\u00eam ca\u00eddo em diferentes regi\u00f5es e que ser\u00e1 importante acompanhar de perto os pr\u00f3ximos \u00edndices. &#8220;Tem havido avan\u00e7o na desinfla\u00e7\u00e3o de n\u00facleos em v\u00e1rias regi\u00f5es&#8221;, disse.<\/p>\n\n\n\n<p>O diretor, o primeiro do BC a se pronunciar publicamente em 2024, pontuou que o ambiente global continua requerendo cautela por parte das economias emergentes, ainda que elas apresentem processo de desinfla\u00e7\u00e3o mais claro.<\/p>\n\n\n\n\t<div data-element=\"shortcode-read-more\" class=\"readToo\">\n\t\t\t\t<span class=\"readToo__title\">Leia mais<\/span>\n\t\t\t\t<ul class=\"readToo__list\">\n\t\t\t<li><a href=\"https:\/\/www.suno.com.br\/noticias\/petrobras-petr3-petr4-btg-va\/\">PETR3 ou PETR4? BTG diz qual a\u00e7\u00e3o da Petrobras vale mais a pena investir e receber dividendos<\/a><\/li><li><a href=\"https:\/\/www.suno.com.br\/noticias\/vale-vale3-preferida-bba-alta-acoes-evm\/\">Desempenho ruim no in\u00edcio do ano? Vale (VALE3) \u00e9 a preferida do BBA, que projeta recupera\u00e7\u00e3o e mais de 20% de alta nas a\u00e7\u00f5es<\/a><\/li><li><a href=\"https:\/\/www.suno.com.br\/noticias\/app-caixa-economia-federal-fora-do-ar-janeiro-cpf\/\">App da Caixa Econ\u00f4mica est\u00e1 fora do ar? Veja resposta do banco<\/a><\/li><li><a href=\"https:\/\/www.suno.com.br\/noticias\/ipca-previsao-mantida-08012024-gpj\/\">IPCA: previs\u00e3o para infla\u00e7\u00e3o \u00e9 mantida pela segunda semana seguida; veja proje\u00e7\u00f5es do Boletim Focus<\/a><\/li>\t\t<\/ul>\n\t<\/div>\n\n\n\n\n<p>De qualquer forma, Guillen comentou que os bancos centrais das principais economias t\u00eam ficado atentos e atuantes para trazer os pre\u00e7os para patamares mais baixos.<\/p>\n\n\n\n<p>O diretor disse que o Copom continua a acreditar que n\u00e3o h\u00e1 significativa press\u00e3o dos sal\u00e1rios, ainda que os dados apresentados sejam diferentes entre si. Enquanto o Caged revela certa manuten\u00e7\u00e3o da renda, a Pnad mostrou uma leve eleva\u00e7\u00e3o.<\/p>\n\n\n\n<p>De forma geral, o diretor disse que o <a class=\"suno-keyword\" data-force=\"no\" data-priority=\"2\" href=\"https:\/\/www.suno.com.br\/artigos\/mercado-de-trabalho\/\" target=\"_blank\" rel=\"noopener\">mercado de trabalho<\/a> no Brasil passa por alguma transforma\u00e7\u00e3o. Ainda n\u00e3o est\u00e1 claro, segundo ele, se isso \u00e9 fruto da aprova\u00e7\u00e3o da reforma trabalhista. &#8220;H\u00e1 dificuldades de dimensionar&#8221;, comentou.<\/p>\n\n\n\n<h2 class=\"wp-block-heading\">Impacto no cr\u00e9dito<\/h2>\n\n\n\n<p>Guillen tamb\u00e9m afirmou que os impactos da <a class=\"suno-keyword\" target=\"_blank\" data-force=\"no\" data-priority=\"1\" href=\"https:\/\/www.suno.com.br\/artigos\/politica-monetaria\/\" rel=\"noopener\">pol\u00edtica monet\u00e1ria<\/a> no cr\u00e9dito est\u00e3o em linha com as expectativas. Em dezembro, o Copom cortou a Selic pela quarta vez consecutiva em 0,50 pp, para 11,75% ao ano.<\/p>\n\n\n\t<p>\n\t\t<a href=\"https:\/\/lp.suno.com.br\/ebook-gratuito-investindo-no-exterior\/\" target=\"_blank\" data-element=\"shortcode-suno-banner\" title=\"Banner SUNO, clique e saiba mais\">\n\t\t\t<picture>\n\t\t\t\t<source media=\"(max-width: 500px)\" srcset=\"https:\/\/files.sunoresearch.com.br\/n\/uploads\/2023\/03\/400x300-Investindo-no-exterior.png\">\n\t\t\t\t<img class=\"newsContent__article__imgCapa newsContent__article__imgCapa--banner\"\n\t\t\t\t\tsrc=\"https:\/\/files.sunoresearch.com.br\/n\/uploads\/2023\/03\/1420x240-Investindo-no-exterior.png\"\n\t\t\t\t\tdata-promo-id=\"383161\"\t\t\t\t\t\t\t\t\t\twidth='1420' height='240'\t\t\t\t\talt=\"https:\/\/files.sunoresearch.com.br\/n\/uploads\/2023\/03\/1420x240-Investindo-no-exterior.png\"\n\t\t\t\t>\n\t\t\t<\/picture>\n\t\t<\/a>\n\t<\/p>\n\n\n\n\n\n<p>O colegiado manteve a sinaliza\u00e7\u00e3o de que o ritmo de corte de 0,50 ponto porcentual continua sendo o mais apropriado para as pr\u00f3ximas reuni\u00f5es, no plural.<\/p>\n\n\n\n<p>Na coletiva do \u00faltimo Relat\u00f3rio Trimestral de Infla\u00e7\u00e3o (RTI), o presidente do BC, Roberto Campos Neto, enfatizou que essa mensagem vale para dois encontros: de janeiro e mar\u00e7o de 2024.<\/p>\n\n\n\n<h2 class=\"wp-block-heading\">&#8216;IPCA tem meta, c\u00e2mbio n\u00e3o&#8217;<\/h2>\n\n\n\n<p>O diretor do BC disse ainda que, como a autoridade <strong>monet\u00e1ria <\/strong>n\u00e3o tem uma meta de c\u00e2mbio, n\u00e3o houve raz\u00f5es para interven\u00e7\u00f5es em 2023. <\/p>\n\n\n\n<p>Ele lembrou que o BC n\u00e3o fez nenhuma interven\u00e7\u00e3o no mercado cambial no ano passado e que isso ocorreu pela primeira vez desde 1999, quando o Pa\u00eds adotou o sistema de <a href=\"https:\/\/www.suno.com.br\/noticias\/dolar-queda-chega-treasuries-cambio-cpf\/\" target=\"_blank\" rel=\"noreferrer noopener\">c\u00e2mbio<\/a> flutuante dentro do trip\u00e9 econ\u00f4mico, que leva em conta tamb\u00e9m metas de infla\u00e7\u00e3o e a \u00e1rea fiscal.<\/p>\n\n\n\n<p>&#8220;Quando intervimos no mercado? Quando o mercado requer alguma interven\u00e7\u00e3o&#8221;, minimizou o diretor.<\/p>\n\n\n\n<p>Ele salientou que alguns pa\u00edses sofreram mais com o c\u00e2mbio no ano passado, mas que o comportamento no Brasil ocorreu dentro do desej\u00e1vel.<\/p>\n\n\n\n<p>Com Estad\u00e3o Conte\u00fado<\/p>\n\n\n\t<p>\n\t\t<a href=\"https:\/\/lp.suno.com.br\/planilha-da-vida-financeira\/\" target=\"_blank\" data-element=\"shortcode-suno-banner\" title=\"Banner SUNO, clique e saiba mais\">\n\t\t\t<picture>\n\t\t\t\t<source media=\"(max-width: 500px)\" srcset=\"https:\/\/files.sunoresearch.com.br\/n\/uploads\/2023\/04\/400x300-Planilha-vida-financeira-true.png\">\n\t\t\t\t<img class=\"newsContent__article__imgCapa newsContent__article__imgCapa--banner\"\n\t\t\t\t\tsrc=\"https:\/\/files.sunoresearch.com.br\/n\/uploads\/2023\/04\/1420x240-Planilha-vida-financeira-true.png\"\n\t\t\t\t\tdata-promo-id=\"383123\"\t\t\t\t\t\t\t\t\t\twidth='1420' height='240'\t\t\t\t\talt=\"https:\/\/files.sunoresearch.com.br\/n\/uploads\/2023\/04\/1420x240-Planilha-vida-financeira-true.png\"\n\t\t\t\t>\n\t\t\t<\/picture>\n\t\t<\/a>\n\t<\/p>\n\n\n","protected":false},"excerpt":{"rendered":"<p>O diretor de Pol\u00edtica Econ\u00f4mica do Banco Central, Diogo Guillen, disse nesta quarta (10) que as expectativas para o IPCA para os pr\u00f3ximos tr\u00eas anos seguem estacionadas na casa dos 3,5%. Conforme a declara\u00e7\u00e3o do diretor do BC, essa expectativa para o IPCA fica 0,5 ponto porcentual acima do centro da meta, de 3%. Esses [&hellip;]<\/p>\n","protected":false},"author":73,"featured_media":474692,"comment_status":"closed","ping_status":"closed","sticky":false,"template":"","format":"standard","meta":[],"categories":[62],"tags":[106444,1842,850,966],"suno_strategy":[],"class_list":["post-508878","post","type-post","status-publish","format-standard","has-post-thumbnail","hentry","category-economia","tag-agencias","tag-banco-central-bc","tag-inflacao","tag-ipca"],"yoast_head":"<!-- This site is optimized with the Yoast SEO plugin v24.4 - https:\/\/yoast.com\/wordpress\/plugins\/seo\/ -->\n<title>Expectativas para IPCA nos pr\u00f3ximos tr\u00eas anos seguem estacionadas em 3,5%, diz diretor do BC<\/title>\n<meta name=\"description\" content=\"Conforme a declara\u00e7\u00e3o do diretor do BC, essa expectativa para o IPCA fica 0,5 ponto porcentual acima do centro da meta, de 3%\" \/>\n<meta name=\"robots\" content=\"index, follow, max-snippet:-1, max-image-preview:large, max-video-preview:-1\" \/>\n<link rel=\"canonical\" href=\"https:\/\/www.suno.com.br\/noticias\/expectativas-ipca-inflacao-diretor-bc-evm\/\" \/>\n<meta property=\"og:locale\" content=\"pt_BR\" \/>\n<meta property=\"og:type\" content=\"article\" \/>\n<meta property=\"og:title\" content=\"Expectativas para IPCA nos pr\u00f3ximos tr\u00eas anos seguem estacionadas em 3,5%, diz diretor do BC\" \/>\n<meta property=\"og:description\" content=\"Conforme a declara\u00e7\u00e3o do diretor do BC, essa expectativa para o IPCA fica 0,5 ponto porcentual acima do centro da meta, de 3%\" \/>\n<meta property=\"og:url\" content=\"https:\/\/www.suno.com.br\/noticias\/expectativas-ipca-inflacao-diretor-bc-evm\/\" \/>\n<meta property=\"og:site_name\" content=\"Suno Not\u00edcias\" \/>\n<meta property=\"article:publisher\" content=\"https:\/\/facebook.com\/sunoresearch\" \/>\n<meta property=\"og:image\" content=\"https:\/\/files.sunoresearch.com.br\/n\/uploads\/2023\/10\/kelly-sikkema-3-Tc_5LROrM-unsplash-scaled.jpg\" \/>\n\t<meta property=\"og:image:width\" content=\"2560\" \/>\n\t<meta property=\"og:image:height\" content=\"1707\" \/>\n\t<meta property=\"og:image:type\" content=\"image\/jpeg\" \/>\n<meta name=\"author\" content=\"Eduardo Vargas\" \/>\n<meta name=\"twitter:card\" content=\"summary_large_image\" \/>\n<meta name=\"twitter:creator\" content=\"@sunoresearch\" \/>\n<meta name=\"twitter:site\" content=\"@sunoresearch\" \/>\n<meta name=\"twitter:label1\" content=\"Escrito por\" \/>\n\t<meta name=\"twitter:data1\" content=\"Eduardo Vargas\" \/>\n\t<meta name=\"twitter:label2\" content=\"Est. tempo de leitura\" \/>\n\t<meta name=\"twitter:data2\" content=\"3 minutos\" \/>\n<script type=\"application\/ld+json\" class=\"yoast-schema-graph\">{\"@context\":\"https:\/\/schema.org\",\"@graph\":[{\"@type\":\"NewsArticle\",\"@id\":\"https:\/\/www.suno.com.br\/noticias\/expectativas-ipca-inflacao-diretor-bc-evm\/#article\",\"isPartOf\":{\"@id\":\"https:\/\/www.suno.com.br\/noticias\/expectativas-ipca-inflacao-diretor-bc-evm\/\"},\"author\":{\"name\":\"Eduardo Vargas\",\"@id\":\"https:\/\/www.suno.com.br\/noticias\/#\/schema\/person\/7f4d362bf3518e76090143ae77bb49a5\"},\"headline\":\"Expectativas para IPCA nos pr\u00f3ximos tr\u00eas anos seguem estacionadas em 3,5%, diz diretor de pol\u00edtica econ\u00f4mica do BC\",\"datePublished\":\"2024-01-10T19:09:22+00:00\",\"dateModified\":\"2024-01-10T19:09:29+00:00\",\"mainEntityOfPage\":{\"@id\":\"https:\/\/www.suno.com.br\/noticias\/expectativas-ipca-inflacao-diretor-bc-evm\/\"},\"wordCount\":601,\"publisher\":{\"@id\":\"https:\/\/www.suno.com.br\/noticias\/#organization\"},\"image\":{\"@id\":\"https:\/\/www.suno.com.br\/noticias\/expectativas-ipca-inflacao-diretor-bc-evm\/#primaryimage\"},\"thumbnailUrl\":\"https:\/\/files.sunoresearch.com.br\/n\/uploads\/2023\/10\/kelly-sikkema-3-Tc_5LROrM-unsplash-scaled.jpg\",\"keywords\":[\"Ag\u00eancias\",\"Banco Central (BC)\",\"infla\u00e7\u00e3o\",\"IPCA\"],\"articleSection\":[\"Economia\"],\"inLanguage\":\"pt-BR\"},{\"@type\":\"WebPage\",\"@id\":\"https:\/\/www.suno.com.br\/noticias\/expectativas-ipca-inflacao-diretor-bc-evm\/\",\"url\":\"https:\/\/www.suno.com.br\/noticias\/expectativas-ipca-inflacao-diretor-bc-evm\/\",\"name\":\"Expectativas para IPCA nos pr\u00f3ximos tr\u00eas anos seguem estacionadas em 3,5%, diz diretor do BC\",\"isPartOf\":{\"@id\":\"https:\/\/www.suno.com.br\/noticias\/#website\"},\"primaryImageOfPage\":{\"@id\":\"https:\/\/www.suno.com.br\/noticias\/expectativas-ipca-inflacao-diretor-bc-evm\/#primaryimage\"},\"image\":{\"@id\":\"https:\/\/www.suno.com.br\/noticias\/expectativas-ipca-inflacao-diretor-bc-evm\/#primaryimage\"},\"thumbnailUrl\":\"https:\/\/files.sunoresearch.com.br\/n\/uploads\/2023\/10\/kelly-sikkema-3-Tc_5LROrM-unsplash-scaled.jpg\",\"datePublished\":\"2024-01-10T19:09:22+00:00\",\"dateModified\":\"2024-01-10T19:09:29+00:00\",\"description\":\"Conforme a declara\u00e7\u00e3o do diretor do BC, essa expectativa para o IPCA fica 0,5 ponto porcentual acima do centro da meta, de 3%\",\"breadcrumb\":{\"@id\":\"https:\/\/www.suno.com.br\/noticias\/expectativas-ipca-inflacao-diretor-bc-evm\/#breadcrumb\"},\"inLanguage\":\"pt-BR\",\"potentialAction\":[{\"@type\":\"ReadAction\",\"target\":[\"https:\/\/www.suno.com.br\/noticias\/expectativas-ipca-inflacao-diretor-bc-evm\/\"]}]},{\"@type\":\"ImageObject\",\"inLanguage\":\"pt-BR\",\"@id\":\"https:\/\/www.suno.com.br\/noticias\/expectativas-ipca-inflacao-diretor-bc-evm\/#primaryimage\",\"url\":\"https:\/\/files.sunoresearch.com.br\/n\/uploads\/2023\/10\/kelly-sikkema-3-Tc_5LROrM-unsplash-scaled.jpg\",\"contentUrl\":\"https:\/\/files.sunoresearch.com.br\/n\/uploads\/2023\/10\/kelly-sikkema-3-Tc_5LROrM-unsplash-scaled.jpg\",\"width\":2560,\"height\":1707,\"caption\":\"IPCA. Foto: Unsplash.\"},{\"@type\":\"BreadcrumbList\",\"@id\":\"https:\/\/www.suno.com.br\/noticias\/expectativas-ipca-inflacao-diretor-bc-evm\/#breadcrumb\",\"itemListElement\":[{\"@type\":\"ListItem\",\"position\":1,\"name\":\"Not\u00edcias\",\"item\":\"https:\/\/www.suno.com.br\/noticias\/\"},{\"@type\":\"ListItem\",\"position\":2,\"name\":\"Economia\",\"item\":\"https:\/\/www.suno.com.br\/noticias\/economia\/\"},{\"@type\":\"ListItem\",\"position\":3,\"name\":\"Expectativas para IPCA nos pr\u00f3ximos tr\u00eas anos seguem estacionadas em 3,5%, diz diretor de pol\u00edtica econ\u00f4mica do BC\"}]},{\"@type\":\"WebSite\",\"@id\":\"https:\/\/www.suno.com.br\/noticias\/#website\",\"url\":\"https:\/\/www.suno.com.br\/noticias\/\",\"name\":\"Suno Not\u00edcias\",\"description\":\"Seu portal de informa\u00e7\u00e3o sobre o mundo dos investimentos\",\"publisher\":{\"@id\":\"https:\/\/www.suno.com.br\/noticias\/#organization\"},\"potentialAction\":[{\"@type\":\"SearchAction\",\"target\":{\"@type\":\"EntryPoint\",\"urlTemplate\":\"https:\/\/www.suno.com.br\/noticias\/?s={search_term_string}\"},\"query-input\":{\"@type\":\"PropertyValueSpecification\",\"valueRequired\":true,\"valueName\":\"search_term_string\"}}],\"inLanguage\":\"pt-BR\"},{\"@type\":\"Organization\",\"@id\":\"https:\/\/www.suno.com.br\/noticias\/#organization\",\"name\":\"Suno Not\u00edcias\",\"url\":\"https:\/\/www.suno.com.br\/noticias\/\",\"logo\":{\"@type\":\"ImageObject\",\"inLanguage\":\"pt-BR\",\"@id\":\"https:\/\/www.suno.com.br\/noticias\/#\/schema\/logo\/image\/\",\"url\":\"https:\/\/files.sunoresearch.com.br\/n\/uploads\/2021\/09\/suno-logo.png\",\"contentUrl\":\"https:\/\/files.sunoresearch.com.br\/n\/uploads\/2021\/09\/suno-logo.png\",\"width\":180,\"height\":180,\"caption\":\"Suno Not\u00edcias\"},\"image\":{\"@id\":\"https:\/\/www.suno.com.br\/noticias\/#\/schema\/logo\/image\/\"},\"sameAs\":[\"https:\/\/facebook.com\/sunoresearch\",\"https:\/\/x.com\/sunoresearch\",\"https:\/\/www.instagram.com\/suno\",\"https:\/\/www.linkedin.com\/company\/suno-research\/\",\"https:\/\/www.youtube.com\/c\/sunoresearch\"]},{\"@type\":\"Person\",\"@id\":\"https:\/\/www.suno.com.br\/noticias\/#\/schema\/person\/7f4d362bf3518e76090143ae77bb49a5\",\"name\":\"Eduardo Vargas\",\"image\":{\"@type\":\"ImageObject\",\"inLanguage\":\"pt-BR\",\"@id\":\"https:\/\/www.suno.com.br\/noticias\/#\/schema\/person\/image\/\",\"url\":\"https:\/\/secure.gravatar.com\/avatar\/dac340933427a22924c9f99d1eb2e3f2?s=96&r=g\",\"contentUrl\":\"https:\/\/secure.gravatar.com\/avatar\/dac340933427a22924c9f99d1eb2e3f2?s=96&r=g\",\"caption\":\"Eduardo Vargas\"},\"description\":\"Jornalista formado pela UFSC, cobre macroeconomia, neg\u00f3cios e startups para o Suno Not\u00edcias, escrevendo principalmente not\u00edcias sobre o mercado financeiro e a bolsa de valores. No YouTube e no Instagram, \u00e9 respons\u00e1vel pela produ\u00e7\u00e3o de Reels e Shorts do Suno Not\u00edcias. Anteriormente, trabalhou cobrindo economia e cotidiano no ND+ e para o ND, maior jornal impresso de Santa Catarina. Cursou um semestre letivo de Estudos de M\u00eddia na Universidad de Buenos Aires.\",\"url\":\"https:\/\/www.suno.com.br\/noticias\/author\/eduardo-vargas\/\"}]}<\/script>\n<!-- \/ Yoast SEO plugin. -->","yoast_head_json":{"title":"Expectativas para IPCA nos pr\u00f3ximos tr\u00eas anos seguem estacionadas em 3,5%, diz diretor do BC","description":"Conforme a declara\u00e7\u00e3o do diretor do BC, essa expectativa para o IPCA fica 0,5 ponto porcentual acima do centro da meta, de 3%","robots":{"index":"index","follow":"follow","max-snippet":"max-snippet:-1","max-image-preview":"max-image-preview:large","max-video-preview":"max-video-preview:-1"},"canonical":"https:\/\/www.suno.com.br\/noticias\/expectativas-ipca-inflacao-diretor-bc-evm\/","og_locale":"pt_BR","og_type":"article","og_title":"Expectativas para IPCA nos pr\u00f3ximos tr\u00eas anos seguem estacionadas em 3,5%, diz diretor do BC","og_description":"Conforme a declara\u00e7\u00e3o do diretor do BC, essa expectativa para o IPCA fica 0,5 ponto porcentual acima do centro da meta, de 3%","og_url":"https:\/\/www.suno.com.br\/noticias\/expectativas-ipca-inflacao-diretor-bc-evm\/","og_site_name":"Suno Not\u00edcias","article_publisher":"https:\/\/facebook.com\/sunoresearch","og_image":[{"width":2560,"height":1707,"url":"https:\/\/files.sunoresearch.com.br\/n\/uploads\/2023\/10\/kelly-sikkema-3-Tc_5LROrM-unsplash-scaled.jpg","type":"image\/jpeg"}],"author":"Eduardo Vargas","twitter_card":"summary_large_image","twitter_creator":"@sunoresearch","twitter_site":"@sunoresearch","twitter_misc":{"Escrito por":"Eduardo Vargas","Est. tempo de leitura":"3 minutos"},"schema":{"@context":"https:\/\/schema.org","@graph":[{"@type":"NewsArticle","@id":"https:\/\/www.suno.com.br\/noticias\/expectativas-ipca-inflacao-diretor-bc-evm\/#article","isPartOf":{"@id":"https:\/\/www.suno.com.br\/noticias\/expectativas-ipca-inflacao-diretor-bc-evm\/"},"author":{"name":"Eduardo Vargas","@id":"https:\/\/www.suno.com.br\/noticias\/#\/schema\/person\/7f4d362bf3518e76090143ae77bb49a5"},"headline":"Expectativas para IPCA nos pr\u00f3ximos tr\u00eas anos seguem estacionadas em 3,5%, diz diretor de pol\u00edtica econ\u00f4mica do BC","datePublished":"2024-01-10T19:09:22+00:00","dateModified":"2024-01-10T19:09:29+00:00","mainEntityOfPage":{"@id":"https:\/\/www.suno.com.br\/noticias\/expectativas-ipca-inflacao-diretor-bc-evm\/"},"wordCount":601,"publisher":{"@id":"https:\/\/www.suno.com.br\/noticias\/#organization"},"image":{"@id":"https:\/\/www.suno.com.br\/noticias\/expectativas-ipca-inflacao-diretor-bc-evm\/#primaryimage"},"thumbnailUrl":"https:\/\/files.sunoresearch.com.br\/n\/uploads\/2023\/10\/kelly-sikkema-3-Tc_5LROrM-unsplash-scaled.jpg","keywords":["Ag\u00eancias","Banco Central (BC)","infla\u00e7\u00e3o","IPCA"],"articleSection":["Economia"],"inLanguage":"pt-BR"},{"@type":"WebPage","@id":"https:\/\/www.suno.com.br\/noticias\/expectativas-ipca-inflacao-diretor-bc-evm\/","url":"https:\/\/www.suno.com.br\/noticias\/expectativas-ipca-inflacao-diretor-bc-evm\/","name":"Expectativas para IPCA nos pr\u00f3ximos tr\u00eas anos seguem estacionadas em 3,5%, diz diretor do BC","isPartOf":{"@id":"https:\/\/www.suno.com.br\/noticias\/#website"},"primaryImageOfPage":{"@id":"https:\/\/www.suno.com.br\/noticias\/expectativas-ipca-inflacao-diretor-bc-evm\/#primaryimage"},"image":{"@id":"https:\/\/www.suno.com.br\/noticias\/expectativas-ipca-inflacao-diretor-bc-evm\/#primaryimage"},"thumbnailUrl":"https:\/\/files.sunoresearch.com.br\/n\/uploads\/2023\/10\/kelly-sikkema-3-Tc_5LROrM-unsplash-scaled.jpg","datePublished":"2024-01-10T19:09:22+00:00","dateModified":"2024-01-10T19:09:29+00:00","description":"Conforme a declara\u00e7\u00e3o do diretor do BC, essa expectativa para o IPCA fica 0,5 ponto porcentual acima do centro da meta, de 3%","breadcrumb":{"@id":"https:\/\/www.suno.com.br\/noticias\/expectativas-ipca-inflacao-diretor-bc-evm\/#breadcrumb"},"inLanguage":"pt-BR","potentialAction":[{"@type":"ReadAction","target":["https:\/\/www.suno.com.br\/noticias\/expectativas-ipca-inflacao-diretor-bc-evm\/"]}]},{"@type":"ImageObject","inLanguage":"pt-BR","@id":"https:\/\/www.suno.com.br\/noticias\/expectativas-ipca-inflacao-diretor-bc-evm\/#primaryimage","url":"https:\/\/files.sunoresearch.com.br\/n\/uploads\/2023\/10\/kelly-sikkema-3-Tc_5LROrM-unsplash-scaled.jpg","contentUrl":"https:\/\/files.sunoresearch.com.br\/n\/uploads\/2023\/10\/kelly-sikkema-3-Tc_5LROrM-unsplash-scaled.jpg","width":2560,"height":1707,"caption":"IPCA. Foto: Unsplash."},{"@type":"BreadcrumbList","@id":"https:\/\/www.suno.com.br\/noticias\/expectativas-ipca-inflacao-diretor-bc-evm\/#breadcrumb","itemListElement":[{"@type":"ListItem","position":1,"name":"Not\u00edcias","item":"https:\/\/www.suno.com.br\/noticias\/"},{"@type":"ListItem","position":2,"name":"Economia","item":"https:\/\/www.suno.com.br\/noticias\/economia\/"},{"@type":"ListItem","position":3,"name":"Expectativas para IPCA nos pr\u00f3ximos tr\u00eas anos seguem estacionadas em 3,5%, diz diretor de pol\u00edtica econ\u00f4mica do BC"}]},{"@type":"WebSite","@id":"https:\/\/www.suno.com.br\/noticias\/#website","url":"https:\/\/www.suno.com.br\/noticias\/","name":"Suno Not\u00edcias","description":"Seu portal de informa\u00e7\u00e3o sobre o mundo dos investimentos","publisher":{"@id":"https:\/\/www.suno.com.br\/noticias\/#organization"},"potentialAction":[{"@type":"SearchAction","target":{"@type":"EntryPoint","urlTemplate":"https:\/\/www.suno.com.br\/noticias\/?s={search_term_string}"},"query-input":{"@type":"PropertyValueSpecification","valueRequired":true,"valueName":"search_term_string"}}],"inLanguage":"pt-BR"},{"@type":"Organization","@id":"https:\/\/www.suno.com.br\/noticias\/#organization","name":"Suno Not\u00edcias","url":"https:\/\/www.suno.com.br\/noticias\/","logo":{"@type":"ImageObject","inLanguage":"pt-BR","@id":"https:\/\/www.suno.com.br\/noticias\/#\/schema\/logo\/image\/","url":"https:\/\/files.sunoresearch.com.br\/n\/uploads\/2021\/09\/suno-logo.png","contentUrl":"https:\/\/files.sunoresearch.com.br\/n\/uploads\/2021\/09\/suno-logo.png","width":180,"height":180,"caption":"Suno Not\u00edcias"},"image":{"@id":"https:\/\/www.suno.com.br\/noticias\/#\/schema\/logo\/image\/"},"sameAs":["https:\/\/facebook.com\/sunoresearch","https:\/\/x.com\/sunoresearch","https:\/\/www.instagram.com\/suno","https:\/\/www.linkedin.com\/company\/suno-research\/","https:\/\/www.youtube.com\/c\/sunoresearch"]},{"@type":"Person","@id":"https:\/\/www.suno.com.br\/noticias\/#\/schema\/person\/7f4d362bf3518e76090143ae77bb49a5","name":"Eduardo Vargas","image":{"@type":"ImageObject","inLanguage":"pt-BR","@id":"https:\/\/www.suno.com.br\/noticias\/#\/schema\/person\/image\/","url":"https:\/\/secure.gravatar.com\/avatar\/dac340933427a22924c9f99d1eb2e3f2?s=96&r=g","contentUrl":"https:\/\/secure.gravatar.com\/avatar\/dac340933427a22924c9f99d1eb2e3f2?s=96&r=g","caption":"Eduardo Vargas"},"description":"Jornalista formado pela UFSC, cobre macroeconomia, neg\u00f3cios e startups para o Suno Not\u00edcias, escrevendo principalmente not\u00edcias sobre o mercado financeiro e a bolsa de valores. No YouTube e no Instagram, \u00e9 respons\u00e1vel pela produ\u00e7\u00e3o de Reels e Shorts do Suno Not\u00edcias. Anteriormente, trabalhou cobrindo economia e cotidiano no ND+ e para o ND, maior jornal impresso de Santa Catarina. Cursou um semestre letivo de Estudos de M\u00eddia na Universidad de Buenos Aires.","url":"https:\/\/www.suno.com.br\/noticias\/author\/eduardo-vargas\/"}]}},"default_loop_html":"<div class=\"cardsPage__listCard__boxs\"><div class=\"cardsPage__listCard__boxs__img\"><a href=\"https:\/\/www.suno.com.br\/noticias\/expectativas-ipca-inflacao-diretor-bc-evm\/\"><img class=\"mask\" src=\"https:\/\/www.suno.com.br\/noticias\/wp-content\/themes\/suno\/resources\/images\/spotlight\/spotlight1img\/bg-mask.png\" alt=\"Image Mask\"\/><img src=\"https:\/\/files.sunoresearch.com.br\/n\/uploads\/2023\/10\/kelly-sikkema-3-Tc_5LROrM-unsplash-400x200.jpg\" alt=\"Expectativas para IPCA nos pr\u00f3ximos tr\u00eas anos seguem estacionadas em 3,5%, diz diretor de pol\u00edtica econ\u00f4mica do BC\"\/><\/a><span class=\"spotlightCategory\"><a href=\"https:\/\/www.suno.com.br\/noticias\/economia\/\">Economia<\/a><\/span><\/div><div class=\"cardsPage__listCard__boxs__content\"><a href=\"https:\/\/www.suno.com.br\/noticias\/expectativas-ipca-inflacao-diretor-bc-evm\/\"><h2 class=\"content__title\">Expectativas para IPCA nos pr\u00f3ximos tr\u00eas anos seguem estacionadas em 3,5%, diz diretor de pol\u00edtica econ\u00f4mica do BC<\/h2><\/a><div class=\"newsContent__article__meta\"><div class=\"newsContent__article__meta__authorBox\"><a href=\"https:\/\/www.suno.com.br\/noticias\/author\/giovanni-porfiriosuno-com-br\/\" class=\"authorBox__avatar noMobi\"><img src=\"https:\/\/files.sunoresearch.com.br\/n\/uploads\/2024\/05\/DSCF4115-1-1-150x150.webp\" alt=\"Giovanni Porf\u00edrio Jacomino\"><\/a><div class=\"authorBox__name\"><span>por\n\t\t\t<a href=\"https:\/\/www.suno.com.br\/noticias\/author\/giovanni-porfiriosuno-com-br\/\"><span itemprop=\"author\">Giovanni Porf\u00edrio Jacomino<\/span><\/a><\/span><time datetime=\"2024-01-10T16:09:22-03:00\" itemprop=\"datePublished\">10\/01\/2024 16:09<\/time><\/div><\/div><\/div><\/div><\/div>","single_layout":"posts","amp_enabled":true,"_links":{"self":[{"href":"https:\/\/www.suno.com.br\/noticias\/wp-json\/wp\/v2\/posts\/508878"}],"collection":[{"href":"https:\/\/www.suno.com.br\/noticias\/wp-json\/wp\/v2\/posts"}],"about":[{"href":"https:\/\/www.suno.com.br\/noticias\/wp-json\/wp\/v2\/types\/post"}],"author":[{"embeddable":true,"href":"https:\/\/www.suno.com.br\/noticias\/wp-json\/wp\/v2\/users\/73"}],"replies":[{"embeddable":true,"href":"https:\/\/www.suno.com.br\/noticias\/wp-json\/wp\/v2\/comments?post=508878"}],"version-history":[{"count":3,"href":"https:\/\/www.suno.com.br\/noticias\/wp-json\/wp\/v2\/posts\/508878\/revisions"}],"predecessor-version":[{"id":508972,"href":"https:\/\/www.suno.com.br\/noticias\/wp-json\/wp\/v2\/posts\/508878\/revisions\/508972"}],"wp:featuredmedia":[{"embeddable":true,"href":"https:\/\/www.suno.com.br\/noticias\/wp-json\/wp\/v2\/media\/474692"}],"wp:attachment":[{"href":"https:\/\/www.suno.com.br\/noticias\/wp-json\/wp\/v2\/media?parent=508878"}],"wp:term":[{"taxonomy":"category","embeddable":true,"href":"https:\/\/www.suno.com.br\/noticias\/wp-json\/wp\/v2\/categories?post=508878"},{"taxonomy":"post_tag","embeddable":true,"href":"https:\/\/www.suno.com.br\/noticias\/wp-json\/wp\/v2\/tags?post=508878"},{"taxonomy":"suno_strategy","embeddable":true,"href":"https:\/\/www.suno.com.br\/noticias\/wp-json\/wp\/v2\/suno_strategy?post=508878"}],"curies":[{"name":"wp","href":"https:\/\/api.w.org\/{rel}","templated":true}]}}