{"id":508875,"date":"2024-01-10T15:05:54","date_gmt":"2024-01-10T18:05:54","guid":{"rendered":"https:\/\/www.suno.com.br\/noticias\/?p=508875"},"modified":"2024-01-10T16:48:13","modified_gmt":"2024-01-10T19:48:13","slug":"vale-vale3-preferida-bba-alta-acoes-evm","status":"publish","type":"post","link":"https:\/\/www.suno.com.br\/noticias\/vale-vale3-preferida-bba-alta-acoes-evm\/","title":{"rendered":"Desempenho ruim no in\u00edcio do ano? Vale (VALE3) \u00e9 a preferida do BBA, que projeta recupera\u00e7\u00e3o e mais de 20% de alta nas a\u00e7\u00f5es"},"content":{"rendered":"<p>Analistas do Ita\u00fa BBA, em seu novo parecer sobre as a\u00e7\u00f5es da <a class=\"suno-keyword\" data-force=\"yes\" data-priority=\"2\" href=\"https:\/\/www.suno.com.br\/acoes\/VALE3\/\" target=\"_blank\" rel=\"noopener\"><strong>Vale<\/strong> (VALE3)<\/a>, reiteraram que enxergam a companhia como sua predileta dentre o segmento de siderurgia e minera\u00e7\u00e3o &#8211; apesar de a companhia apresentar desempenho negativo no Ibovespa em 2024, com queda de 7%.<\/p><div class=\"videoFull \">\n\t\t\t<div class=\"videoWrapper yt-lazyload center\"\n\t\t\t\tdata-width=\"960\"\n\t\t\t\tdata-height=\"540\"\n\t\t\t\tdata-id=\"hYgcExHjVa0\"\n\t\t\t\tdata-alt=\"V\u00eddeo do YouTube - clique para reproduzir\"\n\t\t\t\tdata-logo=\"3\"\n\t\t\t\tdata-imagequality=\"maxres\">\n\t\t\t<\/div>\n\t\t<\/div><script type=\"application\/ld+json\">{\"@context\":\"https:\/\/schema.org\",\"@type\":\"VideoObject\",\"name\":\"\ud83d\udd34 VALE (VALE3) E BRADESCO (BBDC4) DERRUBAM IBOVESPA| Limites na Eletrobras? | Demiss\u00e3o na CVC\",\"description\":\"#mercadofinanceiro #a\u00e7\u00f5es #investimentos #bolsadevalores #ibovespa #dinheiro #finan\u00e7as #pol\u00edtica #d\u00f3lar #livedas19h #petr4 #petrobras #vale3 #vale #a\u00e7\u00f5es #economia #dividendos #bradesco #bbdc4 #eletrobras #elet3 #cvc #cvcb3 #demiss\u00f5es \ud83d\udd34 SUNO A\u00c7\u00d5ES COM 60% DE DESCONTO: https:\/\/suno.me\/3RTjqGN 00:00 In\u00edcio do v\u00eddeo 1:50 O que esperar da bolsa em 2024? 08:25 Fechamento de preg\u00e3o 14:20 BBDC4 cai com rebaixamento do GS\u2026\",\"duration\":\"PT34M7S\",\"embedUrl\":\"https:\/\/www.youtube.com\/embed\/hYgcExHjVa0\",\"regionsAllowed\":\"en-US\",\"interactionStatistic\":{\"@type\":\"InteractionCounter\",\"interactionType\":{\"@type\":\"WatchAction\"},\"userInteractionCount\":1431},\"thumbnailUrl\":\"https:\/\/i.ytimg.com\/vi\/hYgcExHjVa0\/default.jpg\",\"uploadDate\":\"2024-01-10T10:42:54Z\"}<\/script>\n\n\n\n\n\t<p>\n\t\t<a href=\"\" target=\"_blank\" data-element=\"shortcode-suno-banner\" title=\"Banner SUNO, clique e saiba mais\">\n\t\t\t<picture>\n\t\t\t\t<source media=\"(max-width: 500px)\" srcset=\"\">\n\t\t\t\t<img class=\"newsContent__article__imgCapa newsContent__article__imgCapa--banner\"\n\t\t\t\t\tsrc=\"\"\n\t\t\t\t\tdata-promo-id=\"250706\"\t\t\t\t\t\t\t\t\t\t\t\t\t\t\talt=\"\"\n\t\t\t\t>\n\t\t\t<\/picture>\n\t\t<\/a>\n\t<\/p>\n\n\n\n\n\n\n\n<p>O relat\u00f3rio se deu ap\u00f3s uma revis\u00e3o de modelo do <strong>BBA<\/strong>. A casa manteve o pre\u00e7o-alvo das <strong>a\u00e7\u00f5es da Vale<\/strong> em R$ 88 &#8211; o que implicaria em uma alta de 22% nos pap\u00e9is <strong><a href=\"https:\/\/statusinvest.com.br\/acoes\/vale3\" target=\"_blank\" rel=\"noreferrer noopener\">VALE3<\/a><\/strong>, dada a cota\u00e7\u00e3o atual.<\/p>\n\n\n\n<p>Contudo, para as ADRs da companhia, o pre\u00e7o-alvo foi cortado de US$ 19 para US$ 18.<\/p>\n\n\n\n<p>&#8220;Atualizamos nosso modelo para incorporar o novo guidance da Vale para investimentos, volumes e custos e nossas mais recentes premissas macroecon\u00f4micas e de <a class=\"suno-keyword\" target=\"_blank\" data-force=\"no\" data-priority=\"1\" href=\"https:\/\/www.suno.com.br\/artigos\/custo-de-capital\/\" rel=\"noopener\">custo de capital<\/a>, al\u00e9m da curva de pre\u00e7os de min\u00e9rio de ferro&#8221;, justifica Daniel Sasson.<\/p>\n\n\n\n<p>Os especialistas destacam que o mercado de <strong>min\u00e9rio de ferro<\/strong> deve seguir relativamente apertado no <a class=\"suno-keyword\" target=\"_blank\" data-force=\"no\" data-priority=\"1\" href=\"https:\/\/www.suno.com.br\/artigos\/curto-prazo\/\" rel=\"noopener\">curto prazo<\/a>.<\/p>\n\n\n\t<p>\n\t\t<a href=\"https:\/\/lp.suno.com.br\/ebook-como-analisar-uma-acao\/\" target=\"_blank\" data-element=\"shortcode-suno-banner\" title=\"Banner SUNO, clique e saiba mais\">\n\t\t\t<picture>\n\t\t\t\t<source media=\"(max-width: 500px)\" srcset=\"https:\/\/files.sunoresearch.com.br\/n\/uploads\/2023\/03\/Ebook-Acoes-Mobile.jpg\">\n\t\t\t\t<img class=\"newsContent__article__imgCapa newsContent__article__imgCapa--banner\"\n\t\t\t\t\tsrc=\"https:\/\/files.sunoresearch.com.br\/n\/uploads\/2023\/03\/Ebook-Acoes-Desktop.jpg\"\n\t\t\t\t\tdata-promo-id=\"378302\"\t\t\t\t\t\t\t\t\t\twidth='1420' height='286'\t\t\t\t\talt=\"https:\/\/files.sunoresearch.com.br\/n\/uploads\/2023\/03\/Ebook-Acoes-Desktop.jpg\"\n\t\t\t\t>\n\t\t\t<\/picture>\n\t\t<\/a>\n\t<\/p>\n\n\n\n\n\n<p>&#8220;Os pre\u00e7os do min\u00e9rio de ferro t\u00eam oscilado em cerca de US$ 130 a 140 por tonelada nas \u00faltimas semanas, apoiado pelas expectativas de aumento no consumo de a\u00e7o e demanda na China ap\u00f3s o an\u00fancio de dois pacotes de est\u00edmulo no pa\u00eds&#8221;.<\/p>\n\n\n\n<p>O BBA ressalta que, juntos, os dois pacotes dever\u00e3o totalizar cerca de 2 trilh\u00f5es de yuans (ou cerca de US$ 280 bilh\u00f5es), o que poderia compensar uma recupera\u00e7\u00e3o lenta do mercado. <\/p>\n\n\n\n<p>&#8220;Em suma, prevemos uma din\u00e2mica de <a class=\"suno-keyword\" data-force=\"no\" data-priority=\"1\" href=\"https:\/\/www.suno.com.br\/artigos\/oferta-demanda\/\" target=\"_blank\" rel=\"noopener\">oferta e demanda<\/a> um tanto restrita para a ind\u00fastria de min\u00e9rio de ferro entrando em 2024, com produ\u00e7\u00e3o sazonalmente mais fraca no 1T24 e produ\u00e7\u00e3o de a\u00e7o ainda resiliente na China&#8221; conclui a casa.<\/p>\n\n\n\n<h2 class=\"wp-block-heading\">Desempenho das a\u00e7\u00f5es da Vale<\/h2>\n\n\n\n<p>Os pap\u00e9is da <strong>Vale<\/strong> tem apresentado um desempenho negativo nos primeiros preg\u00f5es do ano, acumulando uma queda de 7% em 2024. Em uma janela maior, de 12 meses, as a\u00e7\u00f5es da mineradora caem 22%.<\/p>\n\n\n\t<p>\n\t\t<a href=\"https:\/\/lp.suno.com.br\/plataforma-de-controle-de-investimentos\/\" target=\"_blank\" data-element=\"shortcode-suno-banner\" title=\"Banner SUNO, clique e saiba mais\">\n\t\t\t<picture>\n\t\t\t\t<source media=\"(max-width: 500px)\" srcset=\"https:\/\/files.sunoresearch.com.br\/n\/uploads\/2023\/03\/400x300-Controle-de-Investimentos.png\">\n\t\t\t\t<img class=\"newsContent__article__imgCapa newsContent__article__imgCapa--banner\"\n\t\t\t\t\tsrc=\"https:\/\/files.sunoresearch.com.br\/n\/uploads\/2023\/03\/1420x240-Controle-de-Investimentos.png\"\n\t\t\t\t\tdata-promo-id=\"383162\"\t\t\t\t\t\t\t\t\t\twidth='1420' height='240'\t\t\t\t\talt=\"https:\/\/files.sunoresearch.com.br\/n\/uploads\/2023\/03\/1420x240-Controle-de-Investimentos.png\"\n\t\t\t\t>\n\t\t\t<\/picture>\n\t\t<\/a>\n\t<\/p>\n\n\n","protected":false},"excerpt":{"rendered":"<p>Analistas do Ita\u00fa BBA, em seu novo parecer sobre as a\u00e7\u00f5es da Vale (VALE3), reiteraram que enxergam a companhia como sua predileta dentre o segmento de siderurgia e minera\u00e7\u00e3o &#8211; apesar de a companhia apresentar desempenho negativo no Ibovespa em 2024, com queda de 7%. O relat\u00f3rio se deu ap\u00f3s uma revis\u00e3o de modelo do [&hellip;]<\/p>\n","protected":false},"author":73,"featured_media":121098,"comment_status":"closed","ping_status":"closed","sticky":false,"template":"","format":"standard","meta":[],"categories":[64],"tags":[105816,1886,676],"suno_strategy":[],"class_list":["post-508875","post","type-post","status-publish","format-standard","has-post-thumbnail","hentry","category-negocios","tag-especialistas","tag-itau-bba","tag-vale-vale3"],"yoast_head":"<!-- This site is optimized with the Yoast SEO plugin v24.4 - https:\/\/yoast.com\/wordpress\/plugins\/seo\/ -->\n<title>Vale (VALE3) \u00e9 preferida do BBA, que projeta mais de 20% de alta<\/title>\n<meta name=\"description\" content=\"A casa manteve o pre\u00e7o-alvo das a\u00e7\u00f5es da Vale em R$ 88 - o que implicaria em uma alta de 22% nos pap\u00e9is VALE3, dada a cota\u00e7\u00e3o atual\" \/>\n<meta name=\"robots\" content=\"index, follow, max-snippet:-1, max-image-preview:large, max-video-preview:-1\" \/>\n<link rel=\"canonical\" href=\"https:\/\/www.suno.com.br\/noticias\/vale-vale3-preferida-bba-alta-acoes-evm\/\" \/>\n<meta property=\"og:locale\" content=\"pt_BR\" \/>\n<meta property=\"og:type\" content=\"article\" \/>\n<meta property=\"og:title\" content=\"Vale (VALE3) \u00e9 preferida do BBA, que projeta mais de 20% de alta\" \/>\n<meta property=\"og:description\" content=\"A casa manteve o pre\u00e7o-alvo das a\u00e7\u00f5es da Vale em R$ 88 - o que implicaria em uma alta de 22% nos pap\u00e9is VALE3, dada a cota\u00e7\u00e3o atual\" \/>\n<meta property=\"og:url\" content=\"https:\/\/www.suno.com.br\/noticias\/vale-vale3-preferida-bba-alta-acoes-evm\/\" \/>\n<meta property=\"og:site_name\" content=\"Suno Not\u00edcias\" \/>\n<meta property=\"article:publisher\" content=\"https:\/\/facebook.com\/sunoresearch\" \/>\n<meta property=\"og:image\" content=\"https:\/\/files.sunoresearch.com.br\/n\/uploads\/2021\/02\/7945dc6a-image_processing20200201-29235-jyogwq_easy-resize.com_.jpg\" \/>\n\t<meta property=\"og:image:width\" content=\"1280\" \/>\n\t<meta property=\"og:image:height\" content=\"822\" \/>\n\t<meta property=\"og:image:type\" content=\"image\/jpeg\" \/>\n<meta name=\"author\" content=\"Eduardo Vargas\" \/>\n<meta name=\"twitter:card\" content=\"summary_large_image\" \/>\n<meta name=\"twitter:creator\" content=\"@sunoresearch\" \/>\n<meta name=\"twitter:site\" content=\"@sunoresearch\" \/>\n<meta name=\"twitter:label1\" content=\"Escrito por\" \/>\n\t<meta name=\"twitter:data1\" content=\"Eduardo Vargas\" \/>\n\t<meta name=\"twitter:label2\" content=\"Est. tempo de leitura\" \/>\n\t<meta name=\"twitter:data2\" content=\"2 minutos\" \/>\n<script type=\"application\/ld+json\" class=\"yoast-schema-graph\">{\"@context\":\"https:\/\/schema.org\",\"@graph\":[{\"@type\":\"NewsArticle\",\"@id\":\"https:\/\/www.suno.com.br\/noticias\/vale-vale3-preferida-bba-alta-acoes-evm\/#article\",\"isPartOf\":{\"@id\":\"https:\/\/www.suno.com.br\/noticias\/vale-vale3-preferida-bba-alta-acoes-evm\/\"},\"author\":{\"name\":\"Eduardo Vargas\",\"@id\":\"https:\/\/www.suno.com.br\/noticias\/#\/schema\/person\/7f4d362bf3518e76090143ae77bb49a5\"},\"headline\":\"Desempenho ruim no in\u00edcio do ano? Vale (VALE3) \u00e9 a preferida do BBA, que projeta recupera\u00e7\u00e3o e mais de 20% de alta nas a\u00e7\u00f5es\",\"datePublished\":\"2024-01-10T18:05:54+00:00\",\"dateModified\":\"2024-01-10T19:48:13+00:00\",\"mainEntityOfPage\":{\"@id\":\"https:\/\/www.suno.com.br\/noticias\/vale-vale3-preferida-bba-alta-acoes-evm\/\"},\"wordCount\":364,\"publisher\":{\"@id\":\"https:\/\/www.suno.com.br\/noticias\/#organization\"},\"image\":{\"@id\":\"https:\/\/www.suno.com.br\/noticias\/vale-vale3-preferida-bba-alta-acoes-evm\/#primaryimage\"},\"thumbnailUrl\":\"https:\/\/files.sunoresearch.com.br\/n\/uploads\/2021\/02\/7945dc6a-image_processing20200201-29235-jyogwq_easy-resize.com_-jpg.webp\",\"keywords\":[\"Especialistas\",\"Ita\u00fa BBA\",\"Vale (VALE3)\"],\"articleSection\":[\"Neg\u00f3cios\"],\"inLanguage\":\"pt-BR\"},{\"@type\":\"WebPage\",\"@id\":\"https:\/\/www.suno.com.br\/noticias\/vale-vale3-preferida-bba-alta-acoes-evm\/\",\"url\":\"https:\/\/www.suno.com.br\/noticias\/vale-vale3-preferida-bba-alta-acoes-evm\/\",\"name\":\"Vale (VALE3) \u00e9 preferida do BBA, que projeta mais de 20% de alta\",\"isPartOf\":{\"@id\":\"https:\/\/www.suno.com.br\/noticias\/#website\"},\"primaryImageOfPage\":{\"@id\":\"https:\/\/www.suno.com.br\/noticias\/vale-vale3-preferida-bba-alta-acoes-evm\/#primaryimage\"},\"image\":{\"@id\":\"https:\/\/www.suno.com.br\/noticias\/vale-vale3-preferida-bba-alta-acoes-evm\/#primaryimage\"},\"thumbnailUrl\":\"https:\/\/files.sunoresearch.com.br\/n\/uploads\/2021\/02\/7945dc6a-image_processing20200201-29235-jyogwq_easy-resize.com_-jpg.webp\",\"datePublished\":\"2024-01-10T18:05:54+00:00\",\"dateModified\":\"2024-01-10T19:48:13+00:00\",\"description\":\"A casa manteve o pre\u00e7o-alvo das a\u00e7\u00f5es da Vale em R$ 88 - o que implicaria em uma alta de 22% nos pap\u00e9is VALE3, dada a cota\u00e7\u00e3o atual\",\"breadcrumb\":{\"@id\":\"https:\/\/www.suno.com.br\/noticias\/vale-vale3-preferida-bba-alta-acoes-evm\/#breadcrumb\"},\"inLanguage\":\"pt-BR\",\"potentialAction\":[{\"@type\":\"ReadAction\",\"target\":[\"https:\/\/www.suno.com.br\/noticias\/vale-vale3-preferida-bba-alta-acoes-evm\/\"]}]},{\"@type\":\"ImageObject\",\"inLanguage\":\"pt-BR\",\"@id\":\"https:\/\/www.suno.com.br\/noticias\/vale-vale3-preferida-bba-alta-acoes-evm\/#primaryimage\",\"url\":\"https:\/\/files.sunoresearch.com.br\/n\/uploads\/2021\/02\/7945dc6a-image_processing20200201-29235-jyogwq_easy-resize.com_-jpg.webp\",\"contentUrl\":\"https:\/\/files.sunoresearch.com.br\/n\/uploads\/2021\/02\/7945dc6a-image_processing20200201-29235-jyogwq_easy-resize.com_-jpg.webp\",\"width\":1280,\"height\":822,\"caption\":\"Vale (VALE3). Foto: Reprodu\u00e7\u00e3o\/Facebook\"},{\"@type\":\"BreadcrumbList\",\"@id\":\"https:\/\/www.suno.com.br\/noticias\/vale-vale3-preferida-bba-alta-acoes-evm\/#breadcrumb\",\"itemListElement\":[{\"@type\":\"ListItem\",\"position\":1,\"name\":\"Not\u00edcias\",\"item\":\"https:\/\/www.suno.com.br\/noticias\/\"},{\"@type\":\"ListItem\",\"position\":2,\"name\":\"Neg\u00f3cios\",\"item\":\"https:\/\/www.suno.com.br\/noticias\/negocios\/\"},{\"@type\":\"ListItem\",\"position\":3,\"name\":\"Desempenho ruim no in\u00edcio do ano? Vale (VALE3) \u00e9 a preferida do BBA, que projeta recupera\u00e7\u00e3o e mais de 20% de alta nas a\u00e7\u00f5es\"}]},{\"@type\":\"WebSite\",\"@id\":\"https:\/\/www.suno.com.br\/noticias\/#website\",\"url\":\"https:\/\/www.suno.com.br\/noticias\/\",\"name\":\"Suno Not\u00edcias\",\"description\":\"Seu portal de informa\u00e7\u00e3o sobre o mundo dos investimentos\",\"publisher\":{\"@id\":\"https:\/\/www.suno.com.br\/noticias\/#organization\"},\"potentialAction\":[{\"@type\":\"SearchAction\",\"target\":{\"@type\":\"EntryPoint\",\"urlTemplate\":\"https:\/\/www.suno.com.br\/noticias\/?s={search_term_string}\"},\"query-input\":{\"@type\":\"PropertyValueSpecification\",\"valueRequired\":true,\"valueName\":\"search_term_string\"}}],\"inLanguage\":\"pt-BR\"},{\"@type\":\"Organization\",\"@id\":\"https:\/\/www.suno.com.br\/noticias\/#organization\",\"name\":\"Suno Not\u00edcias\",\"url\":\"https:\/\/www.suno.com.br\/noticias\/\",\"logo\":{\"@type\":\"ImageObject\",\"inLanguage\":\"pt-BR\",\"@id\":\"https:\/\/www.suno.com.br\/noticias\/#\/schema\/logo\/image\/\",\"url\":\"https:\/\/files.sunoresearch.com.br\/n\/uploads\/2021\/09\/suno-logo.png\",\"contentUrl\":\"https:\/\/files.sunoresearch.com.br\/n\/uploads\/2021\/09\/suno-logo.png\",\"width\":180,\"height\":180,\"caption\":\"Suno Not\u00edcias\"},\"image\":{\"@id\":\"https:\/\/www.suno.com.br\/noticias\/#\/schema\/logo\/image\/\"},\"sameAs\":[\"https:\/\/facebook.com\/sunoresearch\",\"https:\/\/x.com\/sunoresearch\",\"https:\/\/www.instagram.com\/suno\",\"https:\/\/www.linkedin.com\/company\/suno-research\/\",\"https:\/\/www.youtube.com\/c\/sunoresearch\"]},{\"@type\":\"Person\",\"@id\":\"https:\/\/www.suno.com.br\/noticias\/#\/schema\/person\/7f4d362bf3518e76090143ae77bb49a5\",\"name\":\"Eduardo Vargas\",\"image\":{\"@type\":\"ImageObject\",\"inLanguage\":\"pt-BR\",\"@id\":\"https:\/\/www.suno.com.br\/noticias\/#\/schema\/person\/image\/\",\"url\":\"https:\/\/secure.gravatar.com\/avatar\/dac340933427a22924c9f99d1eb2e3f2?s=96&r=g\",\"contentUrl\":\"https:\/\/secure.gravatar.com\/avatar\/dac340933427a22924c9f99d1eb2e3f2?s=96&r=g\",\"caption\":\"Eduardo Vargas\"},\"description\":\"Jornalista formado pela UFSC, cobre macroeconomia, neg\u00f3cios e startups para o Suno Not\u00edcias, escrevendo principalmente not\u00edcias sobre o mercado financeiro e a bolsa de valores. No YouTube e no Instagram, \u00e9 respons\u00e1vel pela produ\u00e7\u00e3o de Reels e Shorts do Suno Not\u00edcias. Anteriormente, trabalhou cobrindo economia e cotidiano no ND+ e para o ND, maior jornal impresso de Santa Catarina. Cursou um semestre letivo de Estudos de M\u00eddia na Universidad de Buenos Aires.\",\"url\":\"https:\/\/www.suno.com.br\/noticias\/author\/eduardo-vargas\/\"}]}<\/script>\n<!-- \/ Yoast SEO plugin. -->","yoast_head_json":{"title":"Vale (VALE3) \u00e9 preferida do BBA, que projeta mais de 20% de alta","description":"A casa manteve o pre\u00e7o-alvo das a\u00e7\u00f5es da Vale em R$ 88 - o que implicaria em uma alta de 22% nos pap\u00e9is VALE3, dada a cota\u00e7\u00e3o atual","robots":{"index":"index","follow":"follow","max-snippet":"max-snippet:-1","max-image-preview":"max-image-preview:large","max-video-preview":"max-video-preview:-1"},"canonical":"https:\/\/www.suno.com.br\/noticias\/vale-vale3-preferida-bba-alta-acoes-evm\/","og_locale":"pt_BR","og_type":"article","og_title":"Vale (VALE3) \u00e9 preferida do BBA, que projeta mais de 20% de alta","og_description":"A casa manteve o pre\u00e7o-alvo das a\u00e7\u00f5es da Vale em R$ 88 - o que implicaria em uma alta de 22% nos pap\u00e9is VALE3, dada a cota\u00e7\u00e3o atual","og_url":"https:\/\/www.suno.com.br\/noticias\/vale-vale3-preferida-bba-alta-acoes-evm\/","og_site_name":"Suno Not\u00edcias","article_publisher":"https:\/\/facebook.com\/sunoresearch","og_image":[{"width":1280,"height":822,"url":"https:\/\/files.sunoresearch.com.br\/n\/uploads\/2021\/02\/7945dc6a-image_processing20200201-29235-jyogwq_easy-resize.com_.jpg","type":"image\/jpeg"}],"author":"Eduardo Vargas","twitter_card":"summary_large_image","twitter_creator":"@sunoresearch","twitter_site":"@sunoresearch","twitter_misc":{"Escrito por":"Eduardo Vargas","Est. tempo de leitura":"2 minutos"},"schema":{"@context":"https:\/\/schema.org","@graph":[{"@type":"NewsArticle","@id":"https:\/\/www.suno.com.br\/noticias\/vale-vale3-preferida-bba-alta-acoes-evm\/#article","isPartOf":{"@id":"https:\/\/www.suno.com.br\/noticias\/vale-vale3-preferida-bba-alta-acoes-evm\/"},"author":{"name":"Eduardo Vargas","@id":"https:\/\/www.suno.com.br\/noticias\/#\/schema\/person\/7f4d362bf3518e76090143ae77bb49a5"},"headline":"Desempenho ruim no in\u00edcio do ano? Vale (VALE3) \u00e9 a preferida do BBA, que projeta recupera\u00e7\u00e3o e mais de 20% de alta nas a\u00e7\u00f5es","datePublished":"2024-01-10T18:05:54+00:00","dateModified":"2024-01-10T19:48:13+00:00","mainEntityOfPage":{"@id":"https:\/\/www.suno.com.br\/noticias\/vale-vale3-preferida-bba-alta-acoes-evm\/"},"wordCount":364,"publisher":{"@id":"https:\/\/www.suno.com.br\/noticias\/#organization"},"image":{"@id":"https:\/\/www.suno.com.br\/noticias\/vale-vale3-preferida-bba-alta-acoes-evm\/#primaryimage"},"thumbnailUrl":"https:\/\/files.sunoresearch.com.br\/n\/uploads\/2021\/02\/7945dc6a-image_processing20200201-29235-jyogwq_easy-resize.com_-jpg.webp","keywords":["Especialistas","Ita\u00fa BBA","Vale (VALE3)"],"articleSection":["Neg\u00f3cios"],"inLanguage":"pt-BR"},{"@type":"WebPage","@id":"https:\/\/www.suno.com.br\/noticias\/vale-vale3-preferida-bba-alta-acoes-evm\/","url":"https:\/\/www.suno.com.br\/noticias\/vale-vale3-preferida-bba-alta-acoes-evm\/","name":"Vale (VALE3) \u00e9 preferida do BBA, que projeta mais de 20% de alta","isPartOf":{"@id":"https:\/\/www.suno.com.br\/noticias\/#website"},"primaryImageOfPage":{"@id":"https:\/\/www.suno.com.br\/noticias\/vale-vale3-preferida-bba-alta-acoes-evm\/#primaryimage"},"image":{"@id":"https:\/\/www.suno.com.br\/noticias\/vale-vale3-preferida-bba-alta-acoes-evm\/#primaryimage"},"thumbnailUrl":"https:\/\/files.sunoresearch.com.br\/n\/uploads\/2021\/02\/7945dc6a-image_processing20200201-29235-jyogwq_easy-resize.com_-jpg.webp","datePublished":"2024-01-10T18:05:54+00:00","dateModified":"2024-01-10T19:48:13+00:00","description":"A casa manteve o pre\u00e7o-alvo das a\u00e7\u00f5es da Vale em R$ 88 - o que implicaria em uma alta de 22% nos pap\u00e9is VALE3, dada a cota\u00e7\u00e3o atual","breadcrumb":{"@id":"https:\/\/www.suno.com.br\/noticias\/vale-vale3-preferida-bba-alta-acoes-evm\/#breadcrumb"},"inLanguage":"pt-BR","potentialAction":[{"@type":"ReadAction","target":["https:\/\/www.suno.com.br\/noticias\/vale-vale3-preferida-bba-alta-acoes-evm\/"]}]},{"@type":"ImageObject","inLanguage":"pt-BR","@id":"https:\/\/www.suno.com.br\/noticias\/vale-vale3-preferida-bba-alta-acoes-evm\/#primaryimage","url":"https:\/\/files.sunoresearch.com.br\/n\/uploads\/2021\/02\/7945dc6a-image_processing20200201-29235-jyogwq_easy-resize.com_-jpg.webp","contentUrl":"https:\/\/files.sunoresearch.com.br\/n\/uploads\/2021\/02\/7945dc6a-image_processing20200201-29235-jyogwq_easy-resize.com_-jpg.webp","width":1280,"height":822,"caption":"Vale (VALE3). Foto: Reprodu\u00e7\u00e3o\/Facebook"},{"@type":"BreadcrumbList","@id":"https:\/\/www.suno.com.br\/noticias\/vale-vale3-preferida-bba-alta-acoes-evm\/#breadcrumb","itemListElement":[{"@type":"ListItem","position":1,"name":"Not\u00edcias","item":"https:\/\/www.suno.com.br\/noticias\/"},{"@type":"ListItem","position":2,"name":"Neg\u00f3cios","item":"https:\/\/www.suno.com.br\/noticias\/negocios\/"},{"@type":"ListItem","position":3,"name":"Desempenho ruim no in\u00edcio do ano? Vale (VALE3) \u00e9 a preferida do BBA, que projeta recupera\u00e7\u00e3o e mais de 20% de alta nas a\u00e7\u00f5es"}]},{"@type":"WebSite","@id":"https:\/\/www.suno.com.br\/noticias\/#website","url":"https:\/\/www.suno.com.br\/noticias\/","name":"Suno Not\u00edcias","description":"Seu portal de informa\u00e7\u00e3o sobre o mundo dos investimentos","publisher":{"@id":"https:\/\/www.suno.com.br\/noticias\/#organization"},"potentialAction":[{"@type":"SearchAction","target":{"@type":"EntryPoint","urlTemplate":"https:\/\/www.suno.com.br\/noticias\/?s={search_term_string}"},"query-input":{"@type":"PropertyValueSpecification","valueRequired":true,"valueName":"search_term_string"}}],"inLanguage":"pt-BR"},{"@type":"Organization","@id":"https:\/\/www.suno.com.br\/noticias\/#organization","name":"Suno Not\u00edcias","url":"https:\/\/www.suno.com.br\/noticias\/","logo":{"@type":"ImageObject","inLanguage":"pt-BR","@id":"https:\/\/www.suno.com.br\/noticias\/#\/schema\/logo\/image\/","url":"https:\/\/files.sunoresearch.com.br\/n\/uploads\/2021\/09\/suno-logo.png","contentUrl":"https:\/\/files.sunoresearch.com.br\/n\/uploads\/2021\/09\/suno-logo.png","width":180,"height":180,"caption":"Suno Not\u00edcias"},"image":{"@id":"https:\/\/www.suno.com.br\/noticias\/#\/schema\/logo\/image\/"},"sameAs":["https:\/\/facebook.com\/sunoresearch","https:\/\/x.com\/sunoresearch","https:\/\/www.instagram.com\/suno","https:\/\/www.linkedin.com\/company\/suno-research\/","https:\/\/www.youtube.com\/c\/sunoresearch"]},{"@type":"Person","@id":"https:\/\/www.suno.com.br\/noticias\/#\/schema\/person\/7f4d362bf3518e76090143ae77bb49a5","name":"Eduardo Vargas","image":{"@type":"ImageObject","inLanguage":"pt-BR","@id":"https:\/\/www.suno.com.br\/noticias\/#\/schema\/person\/image\/","url":"https:\/\/secure.gravatar.com\/avatar\/dac340933427a22924c9f99d1eb2e3f2?s=96&r=g","contentUrl":"https:\/\/secure.gravatar.com\/avatar\/dac340933427a22924c9f99d1eb2e3f2?s=96&r=g","caption":"Eduardo Vargas"},"description":"Jornalista formado pela UFSC, cobre macroeconomia, neg\u00f3cios e startups para o Suno Not\u00edcias, escrevendo principalmente not\u00edcias sobre o mercado financeiro e a bolsa de valores. No YouTube e no Instagram, \u00e9 respons\u00e1vel pela produ\u00e7\u00e3o de Reels e Shorts do Suno Not\u00edcias. Anteriormente, trabalhou cobrindo economia e cotidiano no ND+ e para o ND, maior jornal impresso de Santa Catarina. Cursou um semestre letivo de Estudos de M\u00eddia na Universidad de Buenos Aires.","url":"https:\/\/www.suno.com.br\/noticias\/author\/eduardo-vargas\/"}]}},"default_loop_html":"<div class=\"cardsPage__listCard__boxs\"><div class=\"cardsPage__listCard__boxs__img\"><a href=\"https:\/\/www.suno.com.br\/noticias\/vale-vale3-preferida-bba-alta-acoes-evm\/\"><img class=\"mask\" src=\"https:\/\/www.suno.com.br\/noticias\/wp-content\/themes\/suno\/resources\/images\/spotlight\/spotlight1img\/bg-mask.png\" alt=\"Image Mask\"\/><img src=\"https:\/\/files.sunoresearch.com.br\/n\/uploads\/2021\/02\/7945dc6a-image_processing20200201-29235-jyogwq_easy-resize.com_-400x200.webp\" alt=\"Desempenho ruim no in\u00edcio do ano? Vale (VALE3) \u00e9 a preferida do BBA, que projeta recupera\u00e7\u00e3o e mais de 20% de alta nas a\u00e7\u00f5es\"\/><\/a><span class=\"spotlightCategory\"><a href=\"https:\/\/www.suno.com.br\/noticias\/negocios\/\">Neg\u00f3cios<\/a><\/span><\/div><div class=\"cardsPage__listCard__boxs__content\"><a href=\"https:\/\/www.suno.com.br\/noticias\/vale-vale3-preferida-bba-alta-acoes-evm\/\"><h2 class=\"content__title\">Desempenho ruim no in\u00edcio do ano? Vale (VALE3) \u00e9 a preferida do BBA, que projeta recupera\u00e7\u00e3o e mais de 20% de alta nas a\u00e7\u00f5es<\/h2><\/a><div class=\"newsContent__article__meta\"><div class=\"newsContent__article__meta__authorBox\"><a href=\"https:\/\/www.suno.com.br\/noticias\/author\/eduardo-vargas\/\" class=\"authorBox__avatar noMobi\"><img src=\"https:\/\/secure.gravatar.com\/avatar\/dac340933427a22924c9f99d1eb2e3f2?s=96&#038;r=g\" alt=\"Eduardo Vargas\"><\/a><div class=\"authorBox__name\"><span>por\n\t\t\t<a href=\"https:\/\/www.suno.com.br\/noticias\/author\/eduardo-vargas\/\"><span itemprop=\"author\">Eduardo Vargas<\/span><\/a><\/span><time datetime=\"2024-01-10T15:05:54-03:00\" itemprop=\"datePublished\">10\/01\/2024 15:05<\/time><\/div><\/div><\/div><\/div><\/div>","single_layout":"posts","amp_enabled":true,"_links":{"self":[{"href":"https:\/\/www.suno.com.br\/noticias\/wp-json\/wp\/v2\/posts\/508875"}],"collection":[{"href":"https:\/\/www.suno.com.br\/noticias\/wp-json\/wp\/v2\/posts"}],"about":[{"href":"https:\/\/www.suno.com.br\/noticias\/wp-json\/wp\/v2\/types\/post"}],"author":[{"embeddable":true,"href":"https:\/\/www.suno.com.br\/noticias\/wp-json\/wp\/v2\/users\/73"}],"replies":[{"embeddable":true,"href":"https:\/\/www.suno.com.br\/noticias\/wp-json\/wp\/v2\/comments?post=508875"}],"version-history":[{"count":2,"href":"https:\/\/www.suno.com.br\/noticias\/wp-json\/wp\/v2\/posts\/508875\/revisions"}],"predecessor-version":[{"id":509001,"href":"https:\/\/www.suno.com.br\/noticias\/wp-json\/wp\/v2\/posts\/508875\/revisions\/509001"}],"wp:featuredmedia":[{"embeddable":true,"href":"https:\/\/www.suno.com.br\/noticias\/wp-json\/wp\/v2\/media\/121098"}],"wp:attachment":[{"href":"https:\/\/www.suno.com.br\/noticias\/wp-json\/wp\/v2\/media?parent=508875"}],"wp:term":[{"taxonomy":"category","embeddable":true,"href":"https:\/\/www.suno.com.br\/noticias\/wp-json\/wp\/v2\/categories?post=508875"},{"taxonomy":"post_tag","embeddable":true,"href":"https:\/\/www.suno.com.br\/noticias\/wp-json\/wp\/v2\/tags?post=508875"},{"taxonomy":"suno_strategy","embeddable":true,"href":"https:\/\/www.suno.com.br\/noticias\/wp-json\/wp\/v2\/suno_strategy?post=508875"}],"curies":[{"name":"wp","href":"https:\/\/api.w.org\/{rel}","templated":true}]}}